{"id":44890,"date":"2023-09-05T09:24:46","date_gmt":"2023-09-05T12:24:46","guid":{"rendered":"https:\/\/jornalfatosenoticias.com.br\/?p=44890"},"modified":"2023-09-05T09:24:47","modified_gmt":"2023-09-05T12:24:47","slug":"taxacao-de-92-nas-compras-da-aliexpress-derruba-discurso-de-haddad-e-janja","status":"publish","type":"post","link":"https:\/\/jornalfatosenoticias.com.br\/index.php\/2023\/09\/05\/taxacao-de-92-nas-compras-da-aliexpress-derruba-discurso-de-haddad-e-janja\/","title":{"rendered":"Taxa\u00e7\u00e3o de 92% nas compras da AliExpress derruba discurso de Haddad e Janja"},"content":{"rendered":"\n<p><em><span class=\"has-inline-color has-black-color\">Anteriormente Haddad e Janja haviam recha\u00e7ado a possibilidade de haver aumento de impostos no com\u00e9rcio eletr\u00f4nico<\/span><\/em><\/p>\n\n\n\n<p><em><span class=\"has-inline-color has-black-color\">Por <strong><a href=\"https:\/\/www.gazetadopovo.com.br\/autor\/diogenes-freire-feitosa\/\">Di\u00f3genes Freire Feitosa<\/a><\/strong><\/span><\/em><\/p>\n\n\n\n<div class=\"wp-block-image\"><figure class=\"aligncenter size-large\"><img loading=\"lazy\" decoding=\"async\" width=\"300\" height=\"137\" src=\"https:\/\/jornalfatosenoticias.com.br\/wp-content\/uploads\/2023\/06\/LOGO_JULIANA-GRACA_PORTAL.jpg\" alt=\"\" class=\"wp-image-42597\"\/><\/figure><\/div>\n\n\n\n<p>Apesar das previs\u00f5es do ministro da Fazenda, Fernando Haddad, e de Janja, de que a taxa\u00e7\u00e3o de importados n\u00e3o seria repassada ao consumidor final, brasileiros que fizerem compras no AliExpress, um dos maiores sites de compras do mundo, passar\u00e3o a pagar 92% de impostos em compras acima de 50 d\u00f3lares. A medida passa a valer ap\u00f3s a ades\u00e3o do site asi\u00e1tico ao programa de taxa\u00e7\u00e3o do governo brasileiro chamado \u201cRemessa Conforme\u201d.<br>Um comunicado atribu\u00eddo \u00e0 equipe do AliExpress Brasil informa que a empresa obteve a certifica\u00e7\u00e3o do programa do governo e que, a partir de agora, os produtos ser\u00e3o taxados na fonte.<\/p>\n\n\n\n<div class=\"wp-block-image\"><figure class=\"aligncenter size-large is-resized\"><img loading=\"lazy\" decoding=\"async\" src=\"https:\/\/jornalfatosenoticias.com.br\/wp-content\/uploads\/2022\/02\/Precisao-Contabilidade-1024x724.jpg\" alt=\"\" class=\"wp-image-28088\" width=\"367\" height=\"259\"\/><\/figure><\/div>\n\n\n\n<blockquote class=\"wp-block-quote is-layout-flow wp-block-quote-is-layout-flow\"><p><span class=\"has-inline-color has-luminous-vivid-orange-color\">Para compras abaixo de 50 d\u00f3lares, o governo tamb\u00e9m estabeleceu que o imposto a ser pago ser\u00e1 de 17% (ICMS, Imposto sobre Circula\u00e7\u00e3o de Mercadorias e Servi\u00e7os). Para compras acima desse valor, o valor permanece 92% do total\u201d, diz um trecho do comunicado.<\/span><\/p><\/blockquote>\n\n\n\n<div class=\"wp-block-image\"><figure class=\"aligncenter size-large is-resized\"><img loading=\"lazy\" decoding=\"async\" src=\"https:\/\/jornalfatosenoticias.com.br\/wp-content\/uploads\/2023\/03\/logo-Panper_portal.jpg\" alt=\"\" class=\"wp-image-40208\" width=\"326\" height=\"226\" srcset=\"https:\/\/jornalfatosenoticias.com.br\/wp-content\/uploads\/2023\/03\/logo-Panper_portal.jpg 400w, https:\/\/jornalfatosenoticias.com.br\/wp-content\/uploads\/2023\/03\/logo-Panper_portal-300x208.jpg 300w\" sizes=\"auto, (max-width: 326px) 100vw, 326px\" \/><\/figure><\/div>\n\n\n\n<p>A <em>Gazeta do Povo<\/em> tentou, ao longo do dia, contato com a empresa asi\u00e1tica para confirmar a autenticidade do an\u00fancio. Apesar disso, na \u00faltima semana o <em>Valor Econ\u00f4mico<\/em> havia confirmado o pedido de entrada da Aliexpress Remessa Conforme, que define novas regras para envio de mercadorias ao Brasil pelas plataformas de com\u00e9rcio eletr\u00f4nico.<br>Ao <em>Valor Econ\u00f4mico,<\/em> o diretor de pol\u00edticas p\u00fablicas para Am\u00e9rica Latina do Alibaba Group, que controla o Aliexpress, questionou a pol\u00edtica de aumento de taxa\u00e7\u00e3o ao com\u00e9rcio eletr\u00f4nico promovida pelo governo Lula.<\/p>\n\n\n\n<div class=\"wp-block-image\"><figure class=\"aligncenter size-large\"><img loading=\"lazy\" decoding=\"async\" width=\"300\" height=\"250\" src=\"https:\/\/jornalfatosenoticias.com.br\/wp-content\/uploads\/2020\/02\/Banner-2.png\" alt=\"\" class=\"wp-image-43787\"\/><\/figure><\/div>\n\n\n\n<blockquote class=\"wp-block-quote is-layout-flow wp-block-quote-is-layout-flow\"><p><span class=\"has-inline-color has-luminous-vivid-orange-color\">Quando olhamos para o resto do mundo, a situa\u00e7\u00e3o torna-se ainda mais curiosa. Poucos pa\u00edses cobram 60% de imposto de importa\u00e7\u00e3o mais 17% de ICMS. S\u00f3 no Brasil esse valor chega a 92%, e n\u00e3o 77%, j\u00e1 que o imposto de importa\u00e7\u00e3o faz parte da base de c\u00e1lculo do ICMS\u201d, disse Felipe Daud.<\/span><\/p><\/blockquote>\n\n\n\n<div class=\"wp-block-image\"><figure class=\"aligncenter size-large is-resized\"><img loading=\"lazy\" decoding=\"async\" src=\"https:\/\/jornalfatosenoticias.com.br\/wp-content\/uploads\/2023\/08\/VSM-Group.jpeg\" alt=\"\" class=\"wp-image-44364\" width=\"307\" height=\"307\"\/><\/figure><\/div>\n\n\n\n<p>O total de 92% de impostos \u2014 que praticamente dobra o valor das mercadorias \u2014 tem a ver com a soma da taxa\u00e7\u00e3o federal mais a estadual. Vale destacar que uma incide sobre a outra. No caso da compra de um produto de 100 d\u00f3lares, por exemplo, o consumidor brasileiro pagar\u00e1 o imposto federal, equivalente a 60%, e em seguida o ICMS, que \u00e9 estadual, referente a 17%. Por\u00e9m a al\u00edquota estadual n\u00e3o incide sobre os 100 d\u00f3lares iniciais, mas sobre o valor j\u00e1 acrescido da taxa\u00e7\u00e3o federal. Como resultado, o valor total pago pelo produto passa a ser de quase 192 d\u00f3lares.<\/p>\n\n\n\n<div class=\"wp-block-image\"><figure class=\"aligncenter size-large is-resized\"><img loading=\"lazy\" decoding=\"async\" src=\"https:\/\/jornalfatosenoticias.com.br\/wp-content\/uploads\/2023\/09\/vetorvix1024_1.jpg\" alt=\"\" class=\"wp-image-44868\" width=\"475\" height=\"126\" srcset=\"https:\/\/jornalfatosenoticias.com.br\/wp-content\/uploads\/2023\/09\/vetorvix1024_1.jpg 1024w, https:\/\/jornalfatosenoticias.com.br\/wp-content\/uploads\/2023\/09\/vetorvix1024_1-300x80.jpg 300w, https:\/\/jornalfatosenoticias.com.br\/wp-content\/uploads\/2023\/09\/vetorvix1024_1-768x205.jpg 768w\" sizes=\"auto, (max-width: 475px) 100vw, 475px\" \/><\/figure><\/div>\n\n\n\n<p><strong><span class=\"has-inline-color has-vivid-red-color\">Medida vai na contram\u00e3o do que havia sido cogitado por Haddad<br><\/span><\/strong>Desde que anunciou a inten\u00e7\u00e3o de taxar as compras on-line, o governo petista tem sido alvo de diversas cr\u00edticas. Em abril, depois de desistir de acabar com a isen\u00e7\u00e3o de impostos sobre a importa\u00e7\u00e3o para encomendas de at\u00e9 50 d\u00f3lares, Haddad anunciou a \u201cdigital tax\u201d. Na pr\u00e1tica, a mesma medida de antes com um novo nome.<br>Mesmo ferindo a l\u00f3gica de mercado e sem explicar como faria para impedir que as empresas repassassem o aumento de impostos para os consumidores sem sofrerem preju\u00edzos, o ministro garantiu que a medida iria modernizar o setor.<\/p>\n\n\n\n<div class=\"wp-block-image\"><figure class=\"aligncenter size-large\"><img loading=\"lazy\" decoding=\"async\" width=\"300\" height=\"250\" src=\"https:\/\/jornalfatosenoticias.com.br\/wp-content\/uploads\/2022\/02\/FERRARI_MAQUINAS-E-FERRAMENTAS2.jpg\" alt=\"\" class=\"wp-image-27860\"\/><\/figure><\/div>\n\n\n\n<blockquote class=\"wp-block-quote is-layout-flow wp-block-quote-is-layout-flow\"><p><span class=\"has-inline-color has-luminous-vivid-orange-color\">Queremos seguir o exemplo dos pa\u00edses desenvolvidos, adotando o que eles chamam de digital tax. Quando o consumidor comprar on-line ele estar\u00e1 desonerado de qualquer recolhimento, que ter\u00e1 sido feito pela empresa, sem repassar o custo para o consumidor\u201d, <a href=\"https:\/\/www.instagram.com\/p\/CrQ-3qPgCnF\/\">garantiu o ministro \u00e0 \u00e9poca.<\/a><\/span><\/p><\/blockquote>\n\n\n\n<div class=\"wp-block-image\"><figure class=\"aligncenter size-large is-resized\"><img loading=\"lazy\" decoding=\"async\" src=\"https:\/\/jornalfatosenoticias.com.br\/wp-content\/uploads\/2023\/08\/LOGO-BLU-COMERCIAL-PRETO-1024x600.jpg\" alt=\"\" class=\"wp-image-44053\" width=\"365\" height=\"213\"\/><\/figure><\/div>\n\n\n\n<p>Janja, tamb\u00e9m gerou confus\u00e3o nas redes sociais ao defender a tese de Haddad e garantir que os impostos eram apenas para as empresas, n\u00e3o para os consumidores. O ru\u00eddo causado por Janja foi tanto que foi preciso criar uma for\u00e7a-tarefa dos minist\u00e9rios da Fazenda e da Comunica\u00e7\u00e3o para desfazer a enxurrada de rea\u00e7\u00f5es negativas nas redes sociais. Para desfazer a confus\u00e3o, o governo chegou a convocar<em> influencers<\/em> aliados para a dif\u00edcil tarefa de convencer o p\u00fablico que pagar mais impostos seria vantajoso, principalmente, para os mais pobres.<\/p>\n\n\n\n<div class=\"wp-block-image\"><figure class=\"aligncenter size-large is-resized\"><img loading=\"lazy\" decoding=\"async\" src=\"https:\/\/jornalfatosenoticias.com.br\/wp-content\/uploads\/2023\/08\/BKR-1024x1021.jpg\" alt=\"\" class=\"wp-image-44494\" width=\"306\" height=\"305\" srcset=\"https:\/\/jornalfatosenoticias.com.br\/wp-content\/uploads\/2023\/08\/BKR-1024x1021.jpg 1024w, https:\/\/jornalfatosenoticias.com.br\/wp-content\/uploads\/2023\/08\/BKR-300x300.jpg 300w, https:\/\/jornalfatosenoticias.com.br\/wp-content\/uploads\/2023\/08\/BKR-150x150.jpg 150w, https:\/\/jornalfatosenoticias.com.br\/wp-content\/uploads\/2023\/08\/BKR-768x766.jpg 768w, https:\/\/jornalfatosenoticias.com.br\/wp-content\/uploads\/2023\/08\/BKR.jpg 1080w\" sizes=\"auto, (max-width: 306px) 100vw, 306px\" \/><\/figure><\/div>\n\n\n\n<p><strong><em>Fonte: <a href=\"https:\/\/www.gazetadopovo.com.br\/economia\/com-entrada-em-programa-do-governo-compras-da-aliexpress-vao-pagar-imposto-de-92\/\">Gazeta do Povo<\/a><\/em><\/strong><\/p>\n","protected":false},"excerpt":{"rendered":"<p>Anteriormente Haddad e Janja haviam recha\u00e7ado a possibilidade de haver aumento de impostos no com\u00e9rcio eletr\u00f4nico Por Di\u00f3genes Freire Feitosa Apesar das previs\u00f5es do ministro da Fazenda, Fernando Haddad, e de Janja, de que a taxa\u00e7\u00e3o de importados n\u00e3o seria repassada ao consumidor final, brasileiros que fizerem compras no AliExpress, um dos maiores sites de [&hellip;]<\/p>\n","protected":false},"author":2,"featured_media":44891,"comment_status":"open","ping_status":"open","sticky":false,"template":"","format":"standard","meta":{"footnotes":""},"categories":[9],"tags":[21157,21156,18155,18851,16146,18431,21158],"class_list":["post-44890","post","type-post","status-publish","format-standard","has-post-thumbnail","hentry","category-economia","tag-desmascarar","tag-discurso-de-haddad-e-janja","tag-fernando-haddad","tag-fiasco-haddad","tag-mentiras","tag-taxacao","tag-taxacao-da-aliexpress"],"yoast_head":"<!-- This site is optimized with the Yoast SEO plugin v26.5 - https:\/\/yoast.com\/wordpress\/plugins\/seo\/ -->\n<title>Taxa\u00e7\u00e3o de 92% nas compras da AliExpress derruba discurso de Haddad e Janja - Jornal Fatos e Not\u00edcias<\/title>\n<meta name=\"robots\" content=\"index, follow, max-snippet:-1, max-image-preview:large, max-video-preview:-1\" \/>\n<link rel=\"canonical\" href=\"https:\/\/jornalfatosenoticias.com.br\/index.php\/2023\/09\/05\/taxacao-de-92-nas-compras-da-aliexpress-derruba-discurso-de-haddad-e-janja\/\" \/>\n<meta property=\"og:locale\" content=\"pt_BR\" \/>\n<meta property=\"og:type\" content=\"article\" \/>\n<meta property=\"og:title\" content=\"Taxa\u00e7\u00e3o de 92% nas compras da AliExpress derruba discurso de Haddad e Janja - Jornal Fatos e Not\u00edcias\" \/>\n<meta property=\"og:description\" content=\"Anteriormente Haddad e Janja haviam recha\u00e7ado a possibilidade de haver aumento de impostos no com\u00e9rcio eletr\u00f4nico Por Di\u00f3genes Freire Feitosa Apesar das previs\u00f5es do ministro da Fazenda, Fernando Haddad, e de Janja, de que a taxa\u00e7\u00e3o de importados n\u00e3o seria repassada ao consumidor final, brasileiros que fizerem compras no AliExpress, um dos maiores sites de [&hellip;]\" \/>\n<meta property=\"og:url\" content=\"https:\/\/jornalfatosenoticias.com.br\/index.php\/2023\/09\/05\/taxacao-de-92-nas-compras-da-aliexpress-derruba-discurso-de-haddad-e-janja\/\" \/>\n<meta property=\"og:site_name\" content=\"Jornal Fatos e Not\u00edcias\" \/>\n<meta property=\"article:published_time\" content=\"2023-09-05T12:24:46+00:00\" \/>\n<meta property=\"article:modified_time\" content=\"2023-09-05T12:24:47+00:00\" \/>\n<meta property=\"og:image\" content=\"https:\/\/jornalfatosenoticias.com.br\/wp-content\/uploads\/2023\/09\/POSTE-E-ESBANJA.jpg\" \/>\n\t<meta property=\"og:image:width\" content=\"612\" \/>\n\t<meta property=\"og:image:height\" content=\"408\" \/>\n\t<meta property=\"og:image:type\" content=\"image\/jpeg\" \/>\n<meta name=\"author\" content=\"Luzimara Fernandes\" \/>\n<meta name=\"twitter:card\" content=\"summary_large_image\" \/>\n<meta name=\"twitter:label1\" content=\"Escrito por\" \/>\n\t<meta name=\"twitter:data1\" content=\"Luzimara Fernandes\" \/>\n\t<meta name=\"twitter:label2\" content=\"Est. tempo de leitura\" \/>\n\t<meta name=\"twitter:data2\" content=\"3 minutos\" \/>\n<script type=\"application\/ld+json\" class=\"yoast-schema-graph\">{\"@context\":\"https:\/\/schema.org\",\"@graph\":[{\"@type\":\"Article\",\"@id\":\"https:\/\/jornalfatosenoticias.com.br\/index.php\/2023\/09\/05\/taxacao-de-92-nas-compras-da-aliexpress-derruba-discurso-de-haddad-e-janja\/#article\",\"isPartOf\":{\"@id\":\"https:\/\/jornalfatosenoticias.com.br\/index.php\/2023\/09\/05\/taxacao-de-92-nas-compras-da-aliexpress-derruba-discurso-de-haddad-e-janja\/\"},\"author\":{\"name\":\"Luzimara Fernandes\",\"@id\":\"https:\/\/jornalfatosenoticias.com.br\/#\/schema\/person\/d63837fa13ac8666eb9e74e0985d6f81\"},\"headline\":\"Taxa\u00e7\u00e3o de 92% nas compras da AliExpress derruba discurso de Haddad e Janja\",\"datePublished\":\"2023-09-05T12:24:46+00:00\",\"dateModified\":\"2023-09-05T12:24:47+00:00\",\"mainEntityOfPage\":{\"@id\":\"https:\/\/jornalfatosenoticias.com.br\/index.php\/2023\/09\/05\/taxacao-de-92-nas-compras-da-aliexpress-derruba-discurso-de-haddad-e-janja\/\"},\"wordCount\":705,\"commentCount\":0,\"publisher\":{\"@id\":\"https:\/\/jornalfatosenoticias.com.br\/#organization\"},\"image\":{\"@id\":\"https:\/\/jornalfatosenoticias.com.br\/index.php\/2023\/09\/05\/taxacao-de-92-nas-compras-da-aliexpress-derruba-discurso-de-haddad-e-janja\/#primaryimage\"},\"thumbnailUrl\":\"https:\/\/jornalfatosenoticias.com.br\/wp-content\/uploads\/2023\/09\/POSTE-E-ESBANJA.jpg\",\"keywords\":[\"desmascarar\",\"discurso de Haddad e Janja\",\"Fernando Haddad\",\"fiasco Haddad\",\"mentiras\",\"taxa\u00e7\u00e3o\",\"taxa\u00e7\u00e3o da AliExpress\"],\"articleSection\":[\"Economia\"],\"inLanguage\":\"pt-BR\",\"potentialAction\":[{\"@type\":\"CommentAction\",\"name\":\"Comment\",\"target\":[\"https:\/\/jornalfatosenoticias.com.br\/index.php\/2023\/09\/05\/taxacao-de-92-nas-compras-da-aliexpress-derruba-discurso-de-haddad-e-janja\/#respond\"]}]},{\"@type\":\"WebPage\",\"@id\":\"https:\/\/jornalfatosenoticias.com.br\/index.php\/2023\/09\/05\/taxacao-de-92-nas-compras-da-aliexpress-derruba-discurso-de-haddad-e-janja\/\",\"url\":\"https:\/\/jornalfatosenoticias.com.br\/index.php\/2023\/09\/05\/taxacao-de-92-nas-compras-da-aliexpress-derruba-discurso-de-haddad-e-janja\/\",\"name\":\"Taxa\u00e7\u00e3o de 92% nas compras da AliExpress derruba discurso de Haddad e Janja - Jornal Fatos e Not\u00edcias\",\"isPartOf\":{\"@id\":\"https:\/\/jornalfatosenoticias.com.br\/#website\"},\"primaryImageOfPage\":{\"@id\":\"https:\/\/jornalfatosenoticias.com.br\/index.php\/2023\/09\/05\/taxacao-de-92-nas-compras-da-aliexpress-derruba-discurso-de-haddad-e-janja\/#primaryimage\"},\"image\":{\"@id\":\"https:\/\/jornalfatosenoticias.com.br\/index.php\/2023\/09\/05\/taxacao-de-92-nas-compras-da-aliexpress-derruba-discurso-de-haddad-e-janja\/#primaryimage\"},\"thumbnailUrl\":\"https:\/\/jornalfatosenoticias.com.br\/wp-content\/uploads\/2023\/09\/POSTE-E-ESBANJA.jpg\",\"datePublished\":\"2023-09-05T12:24:46+00:00\",\"dateModified\":\"2023-09-05T12:24:47+00:00\",\"breadcrumb\":{\"@id\":\"https:\/\/jornalfatosenoticias.com.br\/index.php\/2023\/09\/05\/taxacao-de-92-nas-compras-da-aliexpress-derruba-discurso-de-haddad-e-janja\/#breadcrumb\"},\"inLanguage\":\"pt-BR\",\"potentialAction\":[{\"@type\":\"ReadAction\",\"target\":[\"https:\/\/jornalfatosenoticias.com.br\/index.php\/2023\/09\/05\/taxacao-de-92-nas-compras-da-aliexpress-derruba-discurso-de-haddad-e-janja\/\"]}]},{\"@type\":\"ImageObject\",\"inLanguage\":\"pt-BR\",\"@id\":\"https:\/\/jornalfatosenoticias.com.br\/index.php\/2023\/09\/05\/taxacao-de-92-nas-compras-da-aliexpress-derruba-discurso-de-haddad-e-janja\/#primaryimage\",\"url\":\"https:\/\/jornalfatosenoticias.com.br\/wp-content\/uploads\/2023\/09\/POSTE-E-ESBANJA.jpg\",\"contentUrl\":\"https:\/\/jornalfatosenoticias.com.br\/wp-content\/uploads\/2023\/09\/POSTE-E-ESBANJA.jpg\",\"width\":612,\"height\":408},{\"@type\":\"BreadcrumbList\",\"@id\":\"https:\/\/jornalfatosenoticias.com.br\/index.php\/2023\/09\/05\/taxacao-de-92-nas-compras-da-aliexpress-derruba-discurso-de-haddad-e-janja\/#breadcrumb\",\"itemListElement\":[{\"@type\":\"ListItem\",\"position\":1,\"name\":\"In\u00edcio\",\"item\":\"https:\/\/jornalfatosenoticias.com.br\/\"},{\"@type\":\"ListItem\",\"position\":2,\"name\":\"Taxa\u00e7\u00e3o de 92% nas compras da AliExpress derruba discurso de Haddad e Janja\"}]},{\"@type\":\"WebSite\",\"@id\":\"https:\/\/jornalfatosenoticias.com.br\/#website\",\"url\":\"https:\/\/jornalfatosenoticias.com.br\/\",\"name\":\"Jornal Fatos e Not\u00edcias\",\"description\":\"Not\u00edcias em geral\",\"publisher\":{\"@id\":\"https:\/\/jornalfatosenoticias.com.br\/#organization\"},\"potentialAction\":[{\"@type\":\"SearchAction\",\"target\":{\"@type\":\"EntryPoint\",\"urlTemplate\":\"https:\/\/jornalfatosenoticias.com.br\/?s={search_term_string}\"},\"query-input\":{\"@type\":\"PropertyValueSpecification\",\"valueRequired\":true,\"valueName\":\"search_term_string\"}}],\"inLanguage\":\"pt-BR\"},{\"@type\":\"Organization\",\"@id\":\"https:\/\/jornalfatosenoticias.com.br\/#organization\",\"name\":\"Jornal Fatos e Not\u00edcias\",\"url\":\"https:\/\/jornalfatosenoticias.com.br\/\",\"logo\":{\"@type\":\"ImageObject\",\"inLanguage\":\"pt-BR\",\"@id\":\"https:\/\/jornalfatosenoticias.com.br\/#\/schema\/logo\/image\/\",\"url\":\"https:\/\/jornalfatosenoticias.com.br\/wp-content\/uploads\/2020\/02\/logo120.png\",\"contentUrl\":\"https:\/\/jornalfatosenoticias.com.br\/wp-content\/uploads\/2020\/02\/logo120.png\",\"width\":1227,\"height\":120,\"caption\":\"Jornal Fatos e Not\u00edcias\"},\"image\":{\"@id\":\"https:\/\/jornalfatosenoticias.com.br\/#\/schema\/logo\/image\/\"}},{\"@type\":\"Person\",\"@id\":\"https:\/\/jornalfatosenoticias.com.br\/#\/schema\/person\/d63837fa13ac8666eb9e74e0985d6f81\",\"name\":\"Luzimara Fernandes\",\"image\":{\"@type\":\"ImageObject\",\"inLanguage\":\"pt-BR\",\"@id\":\"https:\/\/jornalfatosenoticias.com.br\/#\/schema\/person\/image\/\",\"url\":\"https:\/\/jornalfatosenoticias.com.br\/wp-content\/uploads\/2025\/05\/EU_portal.jpg\",\"contentUrl\":\"https:\/\/jornalfatosenoticias.com.br\/wp-content\/uploads\/2025\/05\/EU_portal.jpg\",\"caption\":\"Luzimara Fernandes\"},\"description\":\"Jornalista MTB 2358-ES\",\"sameAs\":[\"https:\/\/jornalfatosenoticias.com.br\"],\"url\":\"https:\/\/jornalfatosenoticias.com.br\/index.php\/author\/luzimara\/\"}]}<\/script>\n<!-- \/ Yoast SEO plugin. -->","yoast_head_json":{"title":"Taxa\u00e7\u00e3o de 92% nas compras da AliExpress derruba discurso de Haddad e Janja - Jornal Fatos e Not\u00edcias","robots":{"index":"index","follow":"follow","max-snippet":"max-snippet:-1","max-image-preview":"max-image-preview:large","max-video-preview":"max-video-preview:-1"},"canonical":"https:\/\/jornalfatosenoticias.com.br\/index.php\/2023\/09\/05\/taxacao-de-92-nas-compras-da-aliexpress-derruba-discurso-de-haddad-e-janja\/","og_locale":"pt_BR","og_type":"article","og_title":"Taxa\u00e7\u00e3o de 92% nas compras da AliExpress derruba discurso de Haddad e Janja - Jornal Fatos e Not\u00edcias","og_description":"Anteriormente Haddad e Janja haviam recha\u00e7ado a possibilidade de haver aumento de impostos no com\u00e9rcio eletr\u00f4nico Por Di\u00f3genes Freire Feitosa Apesar das previs\u00f5es do ministro da Fazenda, Fernando Haddad, e de Janja, de que a taxa\u00e7\u00e3o de importados n\u00e3o seria repassada ao consumidor final, brasileiros que fizerem compras no AliExpress, um dos maiores sites de [&hellip;]","og_url":"https:\/\/jornalfatosenoticias.com.br\/index.php\/2023\/09\/05\/taxacao-de-92-nas-compras-da-aliexpress-derruba-discurso-de-haddad-e-janja\/","og_site_name":"Jornal Fatos e Not\u00edcias","article_published_time":"2023-09-05T12:24:46+00:00","article_modified_time":"2023-09-05T12:24:47+00:00","og_image":[{"width":612,"height":408,"url":"https:\/\/jornalfatosenoticias.com.br\/wp-content\/uploads\/2023\/09\/POSTE-E-ESBANJA.jpg","type":"image\/jpeg"}],"author":"Luzimara Fernandes","twitter_card":"summary_large_image","twitter_misc":{"Escrito por":"Luzimara Fernandes","Est. tempo de leitura":"3 minutos"},"schema":{"@context":"https:\/\/schema.org","@graph":[{"@type":"Article","@id":"https:\/\/jornalfatosenoticias.com.br\/index.php\/2023\/09\/05\/taxacao-de-92-nas-compras-da-aliexpress-derruba-discurso-de-haddad-e-janja\/#article","isPartOf":{"@id":"https:\/\/jornalfatosenoticias.com.br\/index.php\/2023\/09\/05\/taxacao-de-92-nas-compras-da-aliexpress-derruba-discurso-de-haddad-e-janja\/"},"author":{"name":"Luzimara Fernandes","@id":"https:\/\/jornalfatosenoticias.com.br\/#\/schema\/person\/d63837fa13ac8666eb9e74e0985d6f81"},"headline":"Taxa\u00e7\u00e3o de 92% nas compras da AliExpress derruba discurso de Haddad e Janja","datePublished":"2023-09-05T12:24:46+00:00","dateModified":"2023-09-05T12:24:47+00:00","mainEntityOfPage":{"@id":"https:\/\/jornalfatosenoticias.com.br\/index.php\/2023\/09\/05\/taxacao-de-92-nas-compras-da-aliexpress-derruba-discurso-de-haddad-e-janja\/"},"wordCount":705,"commentCount":0,"publisher":{"@id":"https:\/\/jornalfatosenoticias.com.br\/#organization"},"image":{"@id":"https:\/\/jornalfatosenoticias.com.br\/index.php\/2023\/09\/05\/taxacao-de-92-nas-compras-da-aliexpress-derruba-discurso-de-haddad-e-janja\/#primaryimage"},"thumbnailUrl":"https:\/\/jornalfatosenoticias.com.br\/wp-content\/uploads\/2023\/09\/POSTE-E-ESBANJA.jpg","keywords":["desmascarar","discurso de Haddad e Janja","Fernando Haddad","fiasco Haddad","mentiras","taxa\u00e7\u00e3o","taxa\u00e7\u00e3o da AliExpress"],"articleSection":["Economia"],"inLanguage":"pt-BR","potentialAction":[{"@type":"CommentAction","name":"Comment","target":["https:\/\/jornalfatosenoticias.com.br\/index.php\/2023\/09\/05\/taxacao-de-92-nas-compras-da-aliexpress-derruba-discurso-de-haddad-e-janja\/#respond"]}]},{"@type":"WebPage","@id":"https:\/\/jornalfatosenoticias.com.br\/index.php\/2023\/09\/05\/taxacao-de-92-nas-compras-da-aliexpress-derruba-discurso-de-haddad-e-janja\/","url":"https:\/\/jornalfatosenoticias.com.br\/index.php\/2023\/09\/05\/taxacao-de-92-nas-compras-da-aliexpress-derruba-discurso-de-haddad-e-janja\/","name":"Taxa\u00e7\u00e3o de 92% nas compras da AliExpress derruba discurso de Haddad e Janja - Jornal Fatos e Not\u00edcias","isPartOf":{"@id":"https:\/\/jornalfatosenoticias.com.br\/#website"},"primaryImageOfPage":{"@id":"https:\/\/jornalfatosenoticias.com.br\/index.php\/2023\/09\/05\/taxacao-de-92-nas-compras-da-aliexpress-derruba-discurso-de-haddad-e-janja\/#primaryimage"},"image":{"@id":"https:\/\/jornalfatosenoticias.com.br\/index.php\/2023\/09\/05\/taxacao-de-92-nas-compras-da-aliexpress-derruba-discurso-de-haddad-e-janja\/#primaryimage"},"thumbnailUrl":"https:\/\/jornalfatosenoticias.com.br\/wp-content\/uploads\/2023\/09\/POSTE-E-ESBANJA.jpg","datePublished":"2023-09-05T12:24:46+00:00","dateModified":"2023-09-05T12:24:47+00:00","breadcrumb":{"@id":"https:\/\/jornalfatosenoticias.com.br\/index.php\/2023\/09\/05\/taxacao-de-92-nas-compras-da-aliexpress-derruba-discurso-de-haddad-e-janja\/#breadcrumb"},"inLanguage":"pt-BR","potentialAction":[{"@type":"ReadAction","target":["https:\/\/jornalfatosenoticias.com.br\/index.php\/2023\/09\/05\/taxacao-de-92-nas-compras-da-aliexpress-derruba-discurso-de-haddad-e-janja\/"]}]},{"@type":"ImageObject","inLanguage":"pt-BR","@id":"https:\/\/jornalfatosenoticias.com.br\/index.php\/2023\/09\/05\/taxacao-de-92-nas-compras-da-aliexpress-derruba-discurso-de-haddad-e-janja\/#primaryimage","url":"https:\/\/jornalfatosenoticias.com.br\/wp-content\/uploads\/2023\/09\/POSTE-E-ESBANJA.jpg","contentUrl":"https:\/\/jornalfatosenoticias.com.br\/wp-content\/uploads\/2023\/09\/POSTE-E-ESBANJA.jpg","width":612,"height":408},{"@type":"BreadcrumbList","@id":"https:\/\/jornalfatosenoticias.com.br\/index.php\/2023\/09\/05\/taxacao-de-92-nas-compras-da-aliexpress-derruba-discurso-de-haddad-e-janja\/#breadcrumb","itemListElement":[{"@type":"ListItem","position":1,"name":"In\u00edcio","item":"https:\/\/jornalfatosenoticias.com.br\/"},{"@type":"ListItem","position":2,"name":"Taxa\u00e7\u00e3o de 92% nas compras da AliExpress derruba discurso de Haddad e Janja"}]},{"@type":"WebSite","@id":"https:\/\/jornalfatosenoticias.com.br\/#website","url":"https:\/\/jornalfatosenoticias.com.br\/","name":"Jornal Fatos e Not\u00edcias","description":"Not\u00edcias em geral","publisher":{"@id":"https:\/\/jornalfatosenoticias.com.br\/#organization"},"potentialAction":[{"@type":"SearchAction","target":{"@type":"EntryPoint","urlTemplate":"https:\/\/jornalfatosenoticias.com.br\/?s={search_term_string}"},"query-input":{"@type":"PropertyValueSpecification","valueRequired":true,"valueName":"search_term_string"}}],"inLanguage":"pt-BR"},{"@type":"Organization","@id":"https:\/\/jornalfatosenoticias.com.br\/#organization","name":"Jornal Fatos e Not\u00edcias","url":"https:\/\/jornalfatosenoticias.com.br\/","logo":{"@type":"ImageObject","inLanguage":"pt-BR","@id":"https:\/\/jornalfatosenoticias.com.br\/#\/schema\/logo\/image\/","url":"https:\/\/jornalfatosenoticias.com.br\/wp-content\/uploads\/2020\/02\/logo120.png","contentUrl":"https:\/\/jornalfatosenoticias.com.br\/wp-content\/uploads\/2020\/02\/logo120.png","width":1227,"height":120,"caption":"Jornal Fatos e Not\u00edcias"},"image":{"@id":"https:\/\/jornalfatosenoticias.com.br\/#\/schema\/logo\/image\/"}},{"@type":"Person","@id":"https:\/\/jornalfatosenoticias.com.br\/#\/schema\/person\/d63837fa13ac8666eb9e74e0985d6f81","name":"Luzimara Fernandes","image":{"@type":"ImageObject","inLanguage":"pt-BR","@id":"https:\/\/jornalfatosenoticias.com.br\/#\/schema\/person\/image\/","url":"https:\/\/jornalfatosenoticias.com.br\/wp-content\/uploads\/2025\/05\/EU_portal.jpg","contentUrl":"https:\/\/jornalfatosenoticias.com.br\/wp-content\/uploads\/2025\/05\/EU_portal.jpg","caption":"Luzimara Fernandes"},"description":"Jornalista MTB 2358-ES","sameAs":["https:\/\/jornalfatosenoticias.com.br"],"url":"https:\/\/jornalfatosenoticias.com.br\/index.php\/author\/luzimara\/"}]}},"cc_featured_image_caption":{"caption_text":"(Foto: Reprodu\u00e7\u00e3o\/Twitter\/Janja)","source_text":"","source_url":""},"jetpack_featured_media_url":"https:\/\/jornalfatosenoticias.com.br\/wp-content\/uploads\/2023\/09\/POSTE-E-ESBANJA.jpg","_links":{"self":[{"href":"https:\/\/jornalfatosenoticias.com.br\/index.php\/wp-json\/wp\/v2\/posts\/44890","targetHints":{"allow":["GET"]}}],"collection":[{"href":"https:\/\/jornalfatosenoticias.com.br\/index.php\/wp-json\/wp\/v2\/posts"}],"about":[{"href":"https:\/\/jornalfatosenoticias.com.br\/index.php\/wp-json\/wp\/v2\/types\/post"}],"author":[{"embeddable":true,"href":"https:\/\/jornalfatosenoticias.com.br\/index.php\/wp-json\/wp\/v2\/users\/2"}],"replies":[{"embeddable":true,"href":"https:\/\/jornalfatosenoticias.com.br\/index.php\/wp-json\/wp\/v2\/comments?post=44890"}],"version-history":[{"count":0,"href":"https:\/\/jornalfatosenoticias.com.br\/index.php\/wp-json\/wp\/v2\/posts\/44890\/revisions"}],"wp:featuredmedia":[{"embeddable":true,"href":"https:\/\/jornalfatosenoticias.com.br\/index.php\/wp-json\/wp\/v2\/media\/44891"}],"wp:attachment":[{"href":"https:\/\/jornalfatosenoticias.com.br\/index.php\/wp-json\/wp\/v2\/media?parent=44890"}],"wp:term":[{"taxonomy":"category","embeddable":true,"href":"https:\/\/jornalfatosenoticias.com.br\/index.php\/wp-json\/wp\/v2\/categories?post=44890"},{"taxonomy":"post_tag","embeddable":true,"href":"https:\/\/jornalfatosenoticias.com.br\/index.php\/wp-json\/wp\/v2\/tags?post=44890"}],"curies":[{"name":"wp","href":"https:\/\/api.w.org\/{rel}","templated":true}]}}