{"id":44900,"date":"2023-09-05T10:06:38","date_gmt":"2023-09-05T13:06:38","guid":{"rendered":"https:\/\/jornalfatosenoticias.com.br\/?p=44900"},"modified":"2023-09-05T10:06:38","modified_gmt":"2023-09-05T13:06:38","slug":"pacheco-e-moraes-fazem-acordos-para-indicacoes-na-pgr-e-stj","status":"publish","type":"post","link":"https:\/\/jornalfatosenoticias.com.br\/index.php\/2023\/09\/05\/pacheco-e-moraes-fazem-acordos-para-indicacoes-na-pgr-e-stj\/","title":{"rendered":"Pacheco e Moraes fazem acordos para indica\u00e7\u00f5es na PGR e STJ"},"content":{"rendered":"\n<div class=\"wp-block-image\"><figure class=\"aligncenter size-large is-resized\"><img loading=\"lazy\" decoding=\"async\" src=\"https:\/\/jornalfatosenoticias.com.br\/wp-content\/uploads\/2023\/09\/vetorvix1024_1.jpg\" alt=\"\" class=\"wp-image-44868\" width=\"434\" height=\"115\" srcset=\"https:\/\/jornalfatosenoticias.com.br\/wp-content\/uploads\/2023\/09\/vetorvix1024_1.jpg 1024w, https:\/\/jornalfatosenoticias.com.br\/wp-content\/uploads\/2023\/09\/vetorvix1024_1-300x80.jpg 300w, https:\/\/jornalfatosenoticias.com.br\/wp-content\/uploads\/2023\/09\/vetorvix1024_1-768x205.jpg 768w\" sizes=\"auto, (max-width: 434px) 100vw, 434px\" \/><\/figure><\/div>\n\n\n\n<p>O endosso do todo poderoso ministro do Supremo \u00e0 indica\u00e7\u00e3o do magistrado mineiro faz parte de um c\u00e1lculo pol\u00edtico maior que inclui a sucess\u00e3o da Procuradoria-Geral da Rep\u00fablica (PGR), e que o fez buscar um acordo com o presidente do Senado, Rodrigo Pacheco (PSD-MG).<br>Por esse acordo, exposto a Luiz In\u00e1cio Lula da Silva na semana passada, Moraes passou a apoiar a escolha de Afr\u00e2nio, e em contrapartida Pacheco passou a refor\u00e7ar o lobby do ministro do STF pela indica\u00e7\u00e3o do vice-procurador-geral eleitoral, Paulo Gonet, para o comando da PGR.<br>A informa\u00e7\u00e3o foi confirmada \u00e0 equipe da coluna por dois integrantes do governo Lula ouvidos em car\u00e1ter reservado.<br>A disputa pelas vagas do STJ e a sucess\u00e3o de Augusto Aras na PGR foram alguns dos assuntos tratados em um jantar que ocorreu na \u00faltima ter\u00e7a-feira, no Pal\u00e1cio da Alvorada, entre Lula, Moraes, Pacheco e o ministro da Justi\u00e7a, Fl\u00e1vio Dino.<\/p>\n\n\n\n<div class=\"wp-block-image\"><figure class=\"aligncenter size-large\"><img decoding=\"async\" src=\"https:\/\/jornalfatosenoticias.com.br\/wp-content\/uploads\/2020\/02\/logo_esteio.jpg\" alt=\"\" class=\"wp-image-1214\"\/><\/figure><\/div>\n\n\n\n<p>Na pr\u00e1tica, Moraes e Pacheco passaram a unir for\u00e7as tanto na disputa pelo STJ quanto na corrida pela PGR. Nos dois casos, os nomes escolhidos por Lula ter\u00e3o de passar por sabatina na Comiss\u00e3o de Constitui\u00e7\u00e3o e Justi\u00e7a do Senado e ser aprovados por pelo menos 41 senadores.<\/p>\n\n\n\n<div class=\"wp-block-image\"><figure class=\"aligncenter size-large\"><img loading=\"lazy\" decoding=\"async\" width=\"300\" height=\"137\" src=\"https:\/\/jornalfatosenoticias.com.br\/wp-content\/uploads\/2023\/06\/LOGO_JULIANA-GRACA_PORTAL.jpg\" alt=\"\" class=\"wp-image-42597\"\/><\/figure><\/div>\n\n\n\n<p>Logo, o apoio do presidente do Senado n\u00e3o \u00e9 apenas importante, como desej\u00e1vel para garantir uma aprova\u00e7\u00e3o sem sobressaltos na Casa. Com as duas vagas em aberto no STJ, o fim do mandato de Aras no dia 26 de setembro na PGR e a aposentadoria da presidente do STF, ministra Rosa Weber, tamb\u00e9m no final do m\u00eas, Lula tentar\u00e1 contemplar diferentes grupos pol\u00edticos na defini\u00e7\u00e3o de todas essas vagas.<\/p>\n\n\n\n<div class=\"wp-block-image\"><figure class=\"aligncenter size-large\"><img loading=\"lazy\" decoding=\"async\" width=\"300\" height=\"250\" src=\"https:\/\/jornalfatosenoticias.com.br\/wp-content\/uploads\/2020\/02\/Banner-2.png\" alt=\"\" class=\"wp-image-43787\"\/><\/figure><\/div>\n\n\n\n<p>No m\u00eas passado, Alexandre de Moraes fracassou em sua tentativa de emplacar um aliado no STJ. Seu candidato, o desembargador paulista Airton Vieira, n\u00e3o conseguiu angariar votos suficientes dos ministros do STJ para figurar na lista qu\u00e1drupla enviada a Lula no final de agosto.<br>Vieira j\u00e1 atuou no gabinete de Moraes em casos estrat\u00e9gicos, como o inqu\u00e9rito das <em>fake news<\/em> e apura\u00e7\u00f5es que levaram \u00e0 pris\u00e3o do ex-ministro da Justi\u00e7a Anderson Torres e a investiga\u00e7\u00e3o contra empres\u00e1rios bolsonaristas acusados de defender um golpe.<\/p>\n\n\n\n<div class=\"wp-block-image\"><figure class=\"aligncenter size-large is-resized\"><img loading=\"lazy\" decoding=\"async\" src=\"https:\/\/jornalfatosenoticias.com.br\/wp-content\/uploads\/2022\/02\/Precisao-Contabilidade-1024x724.jpg\" alt=\"\" class=\"wp-image-28088\" width=\"337\" height=\"238\"\/><\/figure><\/div>\n\n\n\n<p>Pesou contra Vieira o fato de ter um advers\u00e1rio direto na disputa do mesmo Estado, o desembargador Carlos von Adamek \u2014 no duelo pela vaga de representante de S\u00e3o Paulo, venceu Adamek, apoiado pelo ministro Dias Toffoli e pelo grupo Prerrogativas, influente grupo de advogados pr\u00f3ximo do PT e de Lula.<br>Vieira tamb\u00e9m desagradou a ala \u201cindependente\u201d do STJ \u2014 mais avessa a conchavos nos bastidores e ao lobby de padrinhos pol\u00edticos \u2014 por suas posi\u00e7\u00f5es ultraconservadoras, ao defender a pena de morte e a redu\u00e7\u00e3o da maioridade penal de 18 para 16 anos, duas bandeiras caras ao PT.<\/p>\n\n\n\n<div class=\"wp-block-image\"><figure class=\"aligncenter size-large is-resized\"><img loading=\"lazy\" decoding=\"async\" src=\"https:\/\/jornalfatosenoticias.com.br\/wp-content\/uploads\/2020\/02\/casa-do-torresmo_portal.jpg\" alt=\"\" class=\"wp-image-34472\" width=\"284\" height=\"284\" srcset=\"https:\/\/jornalfatosenoticias.com.br\/wp-content\/uploads\/2020\/02\/casa-do-torresmo_portal.jpg 300w, https:\/\/jornalfatosenoticias.com.br\/wp-content\/uploads\/2020\/02\/casa-do-torresmo_portal-150x150.jpg 150w\" sizes=\"auto, (max-width: 284px) 100vw, 284px\" \/><\/figure><\/div>\n\n\n\n<p>Depois do refor\u00e7o de Pacheco e de Moraes, a leitura de integrantes do governo Lula ouvidos reservadamente pela equipe da coluna \u00e9 a de que o desembargador mineiro Afr\u00e2nio Vilela se tornou, hoje, o favorito para uma das duas vagas da lista qu\u00e1drupla do STJ.<br>Para a segunda vaga, os mais bem cotados s\u00e3o os desembargadores Carlos von Adamek, do Tribunal de Justi\u00e7a de S\u00e3o Paulo, e Teodoro Santos, do TJ cearense, apoiado pelo governador petista Camilo Santana. <\/p>\n\n\n\n<div class=\"wp-block-image\"><figure class=\"aligncenter size-large\"><img loading=\"lazy\" decoding=\"async\" width=\"300\" height=\"250\" src=\"https:\/\/jornalfatosenoticias.com.br\/wp-content\/uploads\/2022\/08\/arte-Casarao.jpg\" alt=\"\" class=\"wp-image-33178\"\/><\/figure><\/div>\n\n\n\n<p>No entanto, pesam contra Teodoro Santos algumas decis\u00f5es dos \u00faltimos anos em que ele contrariou o sindicato de trabalhadores de educa\u00e7\u00e3o e declarou a ilegalidade da greve de professores de Fortaleza e do munic\u00edpio de Barbalha.<br>\u00danico nordestino na disputa, o desembargador tem como padrinho no STJ o ministro conservador Raul Ara\u00fajo, que votou contra a condena\u00e7\u00e3o de Jair Bolsonaro por abuso de poder pol\u00edtico e uso indevido dos meios de comunica\u00e7\u00e3o no julgamento do TSE de junho. N\u00e3o \u00e9 exatamente o melhor cabo eleitoral para o desembargador nesta fase da disputa.<\/p>\n\n\n\n<div class=\"wp-block-image\"><figure class=\"aligncenter size-large\"><img decoding=\"async\" src=\"https:\/\/jornalfatosenoticias.com.br\/wp-content\/uploads\/2020\/02\/barao-das-carnes-300x164-1.jpg\" alt=\"\" class=\"wp-image-34339\"\/><\/figure><\/div>\n\n\n\n<p><strong><em>Fonte: <a href=\"https:\/\/terrabrasilnoticias.com\/2023\/09\/pacheco-e-moraes-fazem-acordos-para-indicacoes-na-pgr-e-stj\">Terra Brasil Not\u00edcias<\/a><\/em><\/strong><\/p>\n","protected":false},"excerpt":{"rendered":"<p>O endosso do todo poderoso ministro do Supremo \u00e0 indica\u00e7\u00e3o do magistrado mineiro faz parte de um c\u00e1lculo pol\u00edtico maior que inclui a sucess\u00e3o da Procuradoria-Geral da Rep\u00fablica (PGR), e que o fez buscar um acordo com o presidente do Senado, Rodrigo Pacheco (PSD-MG).Por esse acordo, exposto a Luiz In\u00e1cio Lula da Silva na semana [&hellip;]<\/p>\n","protected":false},"author":2,"featured_media":44901,"comment_status":"open","ping_status":"open","sticky":false,"template":"","format":"standard","meta":{"footnotes":""},"categories":[10],"tags":[20313,13889,7711,301,8580,14905],"class_list":["post-44900","post","type-post","status-publish","format-standard","has-post-thumbnail","hentry","category-politica","tag-acordos","tag-alexandre-de-moraes","tag-indicacoes","tag-pgr","tag-rodrigo-pacheco","tag-stj"],"yoast_head":"<!-- This site is optimized with the Yoast SEO plugin v26.5 - https:\/\/yoast.com\/wordpress\/plugins\/seo\/ -->\n<title>Pacheco e Moraes fazem acordos para indica\u00e7\u00f5es na PGR e STJ - Jornal Fatos e Not\u00edcias<\/title>\n<meta name=\"robots\" content=\"index, follow, max-snippet:-1, max-image-preview:large, max-video-preview:-1\" \/>\n<link rel=\"canonical\" href=\"https:\/\/jornalfatosenoticias.com.br\/index.php\/2023\/09\/05\/pacheco-e-moraes-fazem-acordos-para-indicacoes-na-pgr-e-stj\/\" \/>\n<meta property=\"og:locale\" content=\"pt_BR\" \/>\n<meta property=\"og:type\" content=\"article\" \/>\n<meta property=\"og:title\" content=\"Pacheco e Moraes fazem acordos para indica\u00e7\u00f5es na PGR e STJ - Jornal Fatos e Not\u00edcias\" \/>\n<meta property=\"og:description\" content=\"O endosso do todo poderoso ministro do Supremo \u00e0 indica\u00e7\u00e3o do magistrado mineiro faz parte de um c\u00e1lculo pol\u00edtico maior que inclui a sucess\u00e3o da Procuradoria-Geral da Rep\u00fablica (PGR), e que o fez buscar um acordo com o presidente do Senado, Rodrigo Pacheco (PSD-MG).Por esse acordo, exposto a Luiz In\u00e1cio Lula da Silva na semana [&hellip;]\" \/>\n<meta property=\"og:url\" content=\"https:\/\/jornalfatosenoticias.com.br\/index.php\/2023\/09\/05\/pacheco-e-moraes-fazem-acordos-para-indicacoes-na-pgr-e-stj\/\" \/>\n<meta property=\"og:site_name\" content=\"Jornal Fatos e Not\u00edcias\" \/>\n<meta property=\"article:published_time\" content=\"2023-09-05T13:06:38+00:00\" \/>\n<meta property=\"og:image\" content=\"https:\/\/jornalfatosenoticias.com.br\/wp-content\/uploads\/2023\/09\/CABECA-DE-OVO-E-LESADO.jpg\" \/>\n\t<meta property=\"og:image:width\" content=\"924\" \/>\n\t<meta property=\"og:image:height\" content=\"616\" \/>\n\t<meta property=\"og:image:type\" content=\"image\/jpeg\" \/>\n<meta name=\"author\" content=\"Luzimara Fernandes\" \/>\n<meta name=\"twitter:card\" content=\"summary_large_image\" \/>\n<meta name=\"twitter:label1\" content=\"Escrito por\" \/>\n\t<meta name=\"twitter:data1\" content=\"Luzimara Fernandes\" \/>\n\t<meta name=\"twitter:label2\" content=\"Est. tempo de leitura\" \/>\n\t<meta name=\"twitter:data2\" content=\"3 minutos\" \/>\n<script type=\"application\/ld+json\" class=\"yoast-schema-graph\">{\"@context\":\"https:\/\/schema.org\",\"@graph\":[{\"@type\":\"Article\",\"@id\":\"https:\/\/jornalfatosenoticias.com.br\/index.php\/2023\/09\/05\/pacheco-e-moraes-fazem-acordos-para-indicacoes-na-pgr-e-stj\/#article\",\"isPartOf\":{\"@id\":\"https:\/\/jornalfatosenoticias.com.br\/index.php\/2023\/09\/05\/pacheco-e-moraes-fazem-acordos-para-indicacoes-na-pgr-e-stj\/\"},\"author\":{\"name\":\"Luzimara Fernandes\",\"@id\":\"https:\/\/jornalfatosenoticias.com.br\/#\/schema\/person\/d63837fa13ac8666eb9e74e0985d6f81\"},\"headline\":\"Pacheco e Moraes fazem acordos para indica\u00e7\u00f5es na PGR e STJ\",\"datePublished\":\"2023-09-05T13:06:38+00:00\",\"mainEntityOfPage\":{\"@id\":\"https:\/\/jornalfatosenoticias.com.br\/index.php\/2023\/09\/05\/pacheco-e-moraes-fazem-acordos-para-indicacoes-na-pgr-e-stj\/\"},\"wordCount\":683,\"commentCount\":0,\"publisher\":{\"@id\":\"https:\/\/jornalfatosenoticias.com.br\/#organization\"},\"image\":{\"@id\":\"https:\/\/jornalfatosenoticias.com.br\/index.php\/2023\/09\/05\/pacheco-e-moraes-fazem-acordos-para-indicacoes-na-pgr-e-stj\/#primaryimage\"},\"thumbnailUrl\":\"https:\/\/jornalfatosenoticias.com.br\/wp-content\/uploads\/2023\/09\/CABECA-DE-OVO-E-LESADO.jpg\",\"keywords\":[\"acordos\",\"Alexandre de Moraes\",\"indica\u00e7\u00f5es\",\"PGR\",\"Rodrigo Pacheco\",\"STJ\"],\"articleSection\":[\"Pol\u00edtica\"],\"inLanguage\":\"pt-BR\",\"potentialAction\":[{\"@type\":\"CommentAction\",\"name\":\"Comment\",\"target\":[\"https:\/\/jornalfatosenoticias.com.br\/index.php\/2023\/09\/05\/pacheco-e-moraes-fazem-acordos-para-indicacoes-na-pgr-e-stj\/#respond\"]}]},{\"@type\":\"WebPage\",\"@id\":\"https:\/\/jornalfatosenoticias.com.br\/index.php\/2023\/09\/05\/pacheco-e-moraes-fazem-acordos-para-indicacoes-na-pgr-e-stj\/\",\"url\":\"https:\/\/jornalfatosenoticias.com.br\/index.php\/2023\/09\/05\/pacheco-e-moraes-fazem-acordos-para-indicacoes-na-pgr-e-stj\/\",\"name\":\"Pacheco e Moraes fazem acordos para indica\u00e7\u00f5es na PGR e STJ - Jornal Fatos e Not\u00edcias\",\"isPartOf\":{\"@id\":\"https:\/\/jornalfatosenoticias.com.br\/#website\"},\"primaryImageOfPage\":{\"@id\":\"https:\/\/jornalfatosenoticias.com.br\/index.php\/2023\/09\/05\/pacheco-e-moraes-fazem-acordos-para-indicacoes-na-pgr-e-stj\/#primaryimage\"},\"image\":{\"@id\":\"https:\/\/jornalfatosenoticias.com.br\/index.php\/2023\/09\/05\/pacheco-e-moraes-fazem-acordos-para-indicacoes-na-pgr-e-stj\/#primaryimage\"},\"thumbnailUrl\":\"https:\/\/jornalfatosenoticias.com.br\/wp-content\/uploads\/2023\/09\/CABECA-DE-OVO-E-LESADO.jpg\",\"datePublished\":\"2023-09-05T13:06:38+00:00\",\"breadcrumb\":{\"@id\":\"https:\/\/jornalfatosenoticias.com.br\/index.php\/2023\/09\/05\/pacheco-e-moraes-fazem-acordos-para-indicacoes-na-pgr-e-stj\/#breadcrumb\"},\"inLanguage\":\"pt-BR\",\"potentialAction\":[{\"@type\":\"ReadAction\",\"target\":[\"https:\/\/jornalfatosenoticias.com.br\/index.php\/2023\/09\/05\/pacheco-e-moraes-fazem-acordos-para-indicacoes-na-pgr-e-stj\/\"]}]},{\"@type\":\"ImageObject\",\"inLanguage\":\"pt-BR\",\"@id\":\"https:\/\/jornalfatosenoticias.com.br\/index.php\/2023\/09\/05\/pacheco-e-moraes-fazem-acordos-para-indicacoes-na-pgr-e-stj\/#primaryimage\",\"url\":\"https:\/\/jornalfatosenoticias.com.br\/wp-content\/uploads\/2023\/09\/CABECA-DE-OVO-E-LESADO.jpg\",\"contentUrl\":\"https:\/\/jornalfatosenoticias.com.br\/wp-content\/uploads\/2023\/09\/CABECA-DE-OVO-E-LESADO.jpg\",\"width\":924,\"height\":616},{\"@type\":\"BreadcrumbList\",\"@id\":\"https:\/\/jornalfatosenoticias.com.br\/index.php\/2023\/09\/05\/pacheco-e-moraes-fazem-acordos-para-indicacoes-na-pgr-e-stj\/#breadcrumb\",\"itemListElement\":[{\"@type\":\"ListItem\",\"position\":1,\"name\":\"In\u00edcio\",\"item\":\"https:\/\/jornalfatosenoticias.com.br\/\"},{\"@type\":\"ListItem\",\"position\":2,\"name\":\"Pacheco e Moraes fazem acordos para indica\u00e7\u00f5es na PGR e STJ\"}]},{\"@type\":\"WebSite\",\"@id\":\"https:\/\/jornalfatosenoticias.com.br\/#website\",\"url\":\"https:\/\/jornalfatosenoticias.com.br\/\",\"name\":\"Jornal Fatos e Not\u00edcias\",\"description\":\"Not\u00edcias em geral\",\"publisher\":{\"@id\":\"https:\/\/jornalfatosenoticias.com.br\/#organization\"},\"potentialAction\":[{\"@type\":\"SearchAction\",\"target\":{\"@type\":\"EntryPoint\",\"urlTemplate\":\"https:\/\/jornalfatosenoticias.com.br\/?s={search_term_string}\"},\"query-input\":{\"@type\":\"PropertyValueSpecification\",\"valueRequired\":true,\"valueName\":\"search_term_string\"}}],\"inLanguage\":\"pt-BR\"},{\"@type\":\"Organization\",\"@id\":\"https:\/\/jornalfatosenoticias.com.br\/#organization\",\"name\":\"Jornal Fatos e Not\u00edcias\",\"url\":\"https:\/\/jornalfatosenoticias.com.br\/\",\"logo\":{\"@type\":\"ImageObject\",\"inLanguage\":\"pt-BR\",\"@id\":\"https:\/\/jornalfatosenoticias.com.br\/#\/schema\/logo\/image\/\",\"url\":\"https:\/\/jornalfatosenoticias.com.br\/wp-content\/uploads\/2020\/02\/logo120.png\",\"contentUrl\":\"https:\/\/jornalfatosenoticias.com.br\/wp-content\/uploads\/2020\/02\/logo120.png\",\"width\":1227,\"height\":120,\"caption\":\"Jornal Fatos e Not\u00edcias\"},\"image\":{\"@id\":\"https:\/\/jornalfatosenoticias.com.br\/#\/schema\/logo\/image\/\"}},{\"@type\":\"Person\",\"@id\":\"https:\/\/jornalfatosenoticias.com.br\/#\/schema\/person\/d63837fa13ac8666eb9e74e0985d6f81\",\"name\":\"Luzimara Fernandes\",\"image\":{\"@type\":\"ImageObject\",\"inLanguage\":\"pt-BR\",\"@id\":\"https:\/\/jornalfatosenoticias.com.br\/#\/schema\/person\/image\/\",\"url\":\"https:\/\/jornalfatosenoticias.com.br\/wp-content\/uploads\/2025\/05\/EU_portal.jpg\",\"contentUrl\":\"https:\/\/jornalfatosenoticias.com.br\/wp-content\/uploads\/2025\/05\/EU_portal.jpg\",\"caption\":\"Luzimara Fernandes\"},\"description\":\"Jornalista MTB 2358-ES\",\"sameAs\":[\"https:\/\/jornalfatosenoticias.com.br\"],\"url\":\"https:\/\/jornalfatosenoticias.com.br\/index.php\/author\/luzimara\/\"}]}<\/script>\n<!-- \/ Yoast SEO plugin. -->","yoast_head_json":{"title":"Pacheco e Moraes fazem acordos para indica\u00e7\u00f5es na PGR e STJ - Jornal Fatos e Not\u00edcias","robots":{"index":"index","follow":"follow","max-snippet":"max-snippet:-1","max-image-preview":"max-image-preview:large","max-video-preview":"max-video-preview:-1"},"canonical":"https:\/\/jornalfatosenoticias.com.br\/index.php\/2023\/09\/05\/pacheco-e-moraes-fazem-acordos-para-indicacoes-na-pgr-e-stj\/","og_locale":"pt_BR","og_type":"article","og_title":"Pacheco e Moraes fazem acordos para indica\u00e7\u00f5es na PGR e STJ - Jornal Fatos e Not\u00edcias","og_description":"O endosso do todo poderoso ministro do Supremo \u00e0 indica\u00e7\u00e3o do magistrado mineiro faz parte de um c\u00e1lculo pol\u00edtico maior que inclui a sucess\u00e3o da Procuradoria-Geral da Rep\u00fablica (PGR), e que o fez buscar um acordo com o presidente do Senado, Rodrigo Pacheco (PSD-MG).Por esse acordo, exposto a Luiz In\u00e1cio Lula da Silva na semana [&hellip;]","og_url":"https:\/\/jornalfatosenoticias.com.br\/index.php\/2023\/09\/05\/pacheco-e-moraes-fazem-acordos-para-indicacoes-na-pgr-e-stj\/","og_site_name":"Jornal Fatos e Not\u00edcias","article_published_time":"2023-09-05T13:06:38+00:00","og_image":[{"width":924,"height":616,"url":"https:\/\/jornalfatosenoticias.com.br\/wp-content\/uploads\/2023\/09\/CABECA-DE-OVO-E-LESADO.jpg","type":"image\/jpeg"}],"author":"Luzimara Fernandes","twitter_card":"summary_large_image","twitter_misc":{"Escrito por":"Luzimara Fernandes","Est. tempo de leitura":"3 minutos"},"schema":{"@context":"https:\/\/schema.org","@graph":[{"@type":"Article","@id":"https:\/\/jornalfatosenoticias.com.br\/index.php\/2023\/09\/05\/pacheco-e-moraes-fazem-acordos-para-indicacoes-na-pgr-e-stj\/#article","isPartOf":{"@id":"https:\/\/jornalfatosenoticias.com.br\/index.php\/2023\/09\/05\/pacheco-e-moraes-fazem-acordos-para-indicacoes-na-pgr-e-stj\/"},"author":{"name":"Luzimara Fernandes","@id":"https:\/\/jornalfatosenoticias.com.br\/#\/schema\/person\/d63837fa13ac8666eb9e74e0985d6f81"},"headline":"Pacheco e Moraes fazem acordos para indica\u00e7\u00f5es na PGR e STJ","datePublished":"2023-09-05T13:06:38+00:00","mainEntityOfPage":{"@id":"https:\/\/jornalfatosenoticias.com.br\/index.php\/2023\/09\/05\/pacheco-e-moraes-fazem-acordos-para-indicacoes-na-pgr-e-stj\/"},"wordCount":683,"commentCount":0,"publisher":{"@id":"https:\/\/jornalfatosenoticias.com.br\/#organization"},"image":{"@id":"https:\/\/jornalfatosenoticias.com.br\/index.php\/2023\/09\/05\/pacheco-e-moraes-fazem-acordos-para-indicacoes-na-pgr-e-stj\/#primaryimage"},"thumbnailUrl":"https:\/\/jornalfatosenoticias.com.br\/wp-content\/uploads\/2023\/09\/CABECA-DE-OVO-E-LESADO.jpg","keywords":["acordos","Alexandre de Moraes","indica\u00e7\u00f5es","PGR","Rodrigo Pacheco","STJ"],"articleSection":["Pol\u00edtica"],"inLanguage":"pt-BR","potentialAction":[{"@type":"CommentAction","name":"Comment","target":["https:\/\/jornalfatosenoticias.com.br\/index.php\/2023\/09\/05\/pacheco-e-moraes-fazem-acordos-para-indicacoes-na-pgr-e-stj\/#respond"]}]},{"@type":"WebPage","@id":"https:\/\/jornalfatosenoticias.com.br\/index.php\/2023\/09\/05\/pacheco-e-moraes-fazem-acordos-para-indicacoes-na-pgr-e-stj\/","url":"https:\/\/jornalfatosenoticias.com.br\/index.php\/2023\/09\/05\/pacheco-e-moraes-fazem-acordos-para-indicacoes-na-pgr-e-stj\/","name":"Pacheco e Moraes fazem acordos para indica\u00e7\u00f5es na PGR e STJ - Jornal Fatos e Not\u00edcias","isPartOf":{"@id":"https:\/\/jornalfatosenoticias.com.br\/#website"},"primaryImageOfPage":{"@id":"https:\/\/jornalfatosenoticias.com.br\/index.php\/2023\/09\/05\/pacheco-e-moraes-fazem-acordos-para-indicacoes-na-pgr-e-stj\/#primaryimage"},"image":{"@id":"https:\/\/jornalfatosenoticias.com.br\/index.php\/2023\/09\/05\/pacheco-e-moraes-fazem-acordos-para-indicacoes-na-pgr-e-stj\/#primaryimage"},"thumbnailUrl":"https:\/\/jornalfatosenoticias.com.br\/wp-content\/uploads\/2023\/09\/CABECA-DE-OVO-E-LESADO.jpg","datePublished":"2023-09-05T13:06:38+00:00","breadcrumb":{"@id":"https:\/\/jornalfatosenoticias.com.br\/index.php\/2023\/09\/05\/pacheco-e-moraes-fazem-acordos-para-indicacoes-na-pgr-e-stj\/#breadcrumb"},"inLanguage":"pt-BR","potentialAction":[{"@type":"ReadAction","target":["https:\/\/jornalfatosenoticias.com.br\/index.php\/2023\/09\/05\/pacheco-e-moraes-fazem-acordos-para-indicacoes-na-pgr-e-stj\/"]}]},{"@type":"ImageObject","inLanguage":"pt-BR","@id":"https:\/\/jornalfatosenoticias.com.br\/index.php\/2023\/09\/05\/pacheco-e-moraes-fazem-acordos-para-indicacoes-na-pgr-e-stj\/#primaryimage","url":"https:\/\/jornalfatosenoticias.com.br\/wp-content\/uploads\/2023\/09\/CABECA-DE-OVO-E-LESADO.jpg","contentUrl":"https:\/\/jornalfatosenoticias.com.br\/wp-content\/uploads\/2023\/09\/CABECA-DE-OVO-E-LESADO.jpg","width":924,"height":616},{"@type":"BreadcrumbList","@id":"https:\/\/jornalfatosenoticias.com.br\/index.php\/2023\/09\/05\/pacheco-e-moraes-fazem-acordos-para-indicacoes-na-pgr-e-stj\/#breadcrumb","itemListElement":[{"@type":"ListItem","position":1,"name":"In\u00edcio","item":"https:\/\/jornalfatosenoticias.com.br\/"},{"@type":"ListItem","position":2,"name":"Pacheco e Moraes fazem acordos para indica\u00e7\u00f5es na PGR e STJ"}]},{"@type":"WebSite","@id":"https:\/\/jornalfatosenoticias.com.br\/#website","url":"https:\/\/jornalfatosenoticias.com.br\/","name":"Jornal Fatos e Not\u00edcias","description":"Not\u00edcias em geral","publisher":{"@id":"https:\/\/jornalfatosenoticias.com.br\/#organization"},"potentialAction":[{"@type":"SearchAction","target":{"@type":"EntryPoint","urlTemplate":"https:\/\/jornalfatosenoticias.com.br\/?s={search_term_string}"},"query-input":{"@type":"PropertyValueSpecification","valueRequired":true,"valueName":"search_term_string"}}],"inLanguage":"pt-BR"},{"@type":"Organization","@id":"https:\/\/jornalfatosenoticias.com.br\/#organization","name":"Jornal Fatos e Not\u00edcias","url":"https:\/\/jornalfatosenoticias.com.br\/","logo":{"@type":"ImageObject","inLanguage":"pt-BR","@id":"https:\/\/jornalfatosenoticias.com.br\/#\/schema\/logo\/image\/","url":"https:\/\/jornalfatosenoticias.com.br\/wp-content\/uploads\/2020\/02\/logo120.png","contentUrl":"https:\/\/jornalfatosenoticias.com.br\/wp-content\/uploads\/2020\/02\/logo120.png","width":1227,"height":120,"caption":"Jornal Fatos e Not\u00edcias"},"image":{"@id":"https:\/\/jornalfatosenoticias.com.br\/#\/schema\/logo\/image\/"}},{"@type":"Person","@id":"https:\/\/jornalfatosenoticias.com.br\/#\/schema\/person\/d63837fa13ac8666eb9e74e0985d6f81","name":"Luzimara Fernandes","image":{"@type":"ImageObject","inLanguage":"pt-BR","@id":"https:\/\/jornalfatosenoticias.com.br\/#\/schema\/person\/image\/","url":"https:\/\/jornalfatosenoticias.com.br\/wp-content\/uploads\/2025\/05\/EU_portal.jpg","contentUrl":"https:\/\/jornalfatosenoticias.com.br\/wp-content\/uploads\/2025\/05\/EU_portal.jpg","caption":"Luzimara Fernandes"},"description":"Jornalista MTB 2358-ES","sameAs":["https:\/\/jornalfatosenoticias.com.br"],"url":"https:\/\/jornalfatosenoticias.com.br\/index.php\/author\/luzimara\/"}]}},"cc_featured_image_caption":{"caption_text":"(Foto: Ant\u00f4nio Augusto\/Secom TSE) ","source_text":"","source_url":""},"jetpack_featured_media_url":"https:\/\/jornalfatosenoticias.com.br\/wp-content\/uploads\/2023\/09\/CABECA-DE-OVO-E-LESADO.jpg","_links":{"self":[{"href":"https:\/\/jornalfatosenoticias.com.br\/index.php\/wp-json\/wp\/v2\/posts\/44900","targetHints":{"allow":["GET"]}}],"collection":[{"href":"https:\/\/jornalfatosenoticias.com.br\/index.php\/wp-json\/wp\/v2\/posts"}],"about":[{"href":"https:\/\/jornalfatosenoticias.com.br\/index.php\/wp-json\/wp\/v2\/types\/post"}],"author":[{"embeddable":true,"href":"https:\/\/jornalfatosenoticias.com.br\/index.php\/wp-json\/wp\/v2\/users\/2"}],"replies":[{"embeddable":true,"href":"https:\/\/jornalfatosenoticias.com.br\/index.php\/wp-json\/wp\/v2\/comments?post=44900"}],"version-history":[{"count":0,"href":"https:\/\/jornalfatosenoticias.com.br\/index.php\/wp-json\/wp\/v2\/posts\/44900\/revisions"}],"wp:featuredmedia":[{"embeddable":true,"href":"https:\/\/jornalfatosenoticias.com.br\/index.php\/wp-json\/wp\/v2\/media\/44901"}],"wp:attachment":[{"href":"https:\/\/jornalfatosenoticias.com.br\/index.php\/wp-json\/wp\/v2\/media?parent=44900"}],"wp:term":[{"taxonomy":"category","embeddable":true,"href":"https:\/\/jornalfatosenoticias.com.br\/index.php\/wp-json\/wp\/v2\/categories?post=44900"},{"taxonomy":"post_tag","embeddable":true,"href":"https:\/\/jornalfatosenoticias.com.br\/index.php\/wp-json\/wp\/v2\/tags?post=44900"}],"curies":[{"name":"wp","href":"https:\/\/api.w.org\/{rel}","templated":true}]}}