{"id":44926,"date":"2023-09-06T12:35:47","date_gmt":"2023-09-06T15:35:47","guid":{"rendered":"https:\/\/jornalfatosenoticias.com.br\/?p=44926"},"modified":"2023-09-06T13:53:34","modified_gmt":"2023-09-06T16:53:34","slug":"a-semana-em-brasilia-e-no-es-teatro-das-tesouras-a-estrategia-de-aecio-neves-ganha-forca-no-cenario-politico","status":"publish","type":"post","link":"https:\/\/jornalfatosenoticias.com.br\/index.php\/2023\/09\/06\/a-semana-em-brasilia-e-no-es-teatro-das-tesouras-a-estrategia-de-aecio-neves-ganha-forca-no-cenario-politico\/","title":{"rendered":"A Semana em Bras\u00edlia e no ES \u2014 \u2018Teatro das tesouras\u2019: A estrat\u00e9gia de A\u00e9cio Neves ganha for\u00e7a no cen\u00e1rio pol\u00edtico"},"content":{"rendered":"\n<p><em><span class=\"has-inline-color has-black-color\">Por <strong><a href=\"https:\/\/www.conexaopolitica.com.br\/author\/raul\/\">Raul Holderf Nascimento<\/a><\/strong><\/span><\/em><\/p>\n\n\n\n<div class=\"wp-block-image\"><figure class=\"aligncenter size-large\"><img loading=\"lazy\" decoding=\"async\" width=\"1024\" height=\"100\" src=\"https:\/\/jornalfatosenoticias.com.br\/wp-content\/uploads\/2020\/02\/banner_ferramentas-1024x100.jpg\" alt=\"\" class=\"wp-image-1258\" srcset=\"https:\/\/jornalfatosenoticias.com.br\/wp-content\/uploads\/2020\/02\/banner_ferramentas-1024x100.jpg 1024w, https:\/\/jornalfatosenoticias.com.br\/wp-content\/uploads\/2020\/02\/banner_ferramentas-300x29.jpg 300w, https:\/\/jornalfatosenoticias.com.br\/wp-content\/uploads\/2020\/02\/banner_ferramentas-768x75.jpg 768w, https:\/\/jornalfatosenoticias.com.br\/wp-content\/uploads\/2020\/02\/banner_ferramentas.jpg 1227w\" sizes=\"auto, (max-width: 1024px) 100vw, 1024px\" \/><\/figure><\/div>\n\n\n\n<p>A\u00e9cio Neves, uma das figuras de maior prest\u00edgio no PSDB, tem planos de reviver o estratagema conhecido como \u2018teatro das tesouras\u2019 nas pr\u00f3ximas elei\u00e7\u00f5es. Esse termo descreve a situa\u00e7\u00e3o em que membros de um mesmo grupo pol\u00edtico se fragmentam em diferentes alas, aparentando representar diversos segmentos eleitorais, embora, na realidade, todos compartilhem os mesmos interesses, sem deixar isso claro para o eleitorado.<br>A longa rivalidade entre PT e PSDB se tornou um exemplo not\u00f3rio desse \u2018teatro das tesouras\u2019. Durante muitas d\u00e9cadas, esses dois partidos se apresentaram como advers\u00e1rios, com figuras proeminentes como Lula, FHC, Dilma e A\u00e9cio. No entanto, essa rivalidade superficial permitiu que ambos dominassem a polariza\u00e7\u00e3o em v\u00e1rias elei\u00e7\u00f5es, tanto em n\u00edvel nacional quanto municipal.<\/p>\n\n\n\n<div class=\"wp-block-image\"><figure class=\"aligncenter size-large is-resized\"><img loading=\"lazy\" decoding=\"async\" src=\"https:\/\/jornalfatosenoticias.com.br\/wp-content\/uploads\/2022\/10\/RC_800x750_page-0001.jpg\" alt=\"\" class=\"wp-image-35338\" width=\"295\" height=\"277\" srcset=\"https:\/\/jornalfatosenoticias.com.br\/wp-content\/uploads\/2022\/10\/RC_800x750_page-0001.jpg 400w, https:\/\/jornalfatosenoticias.com.br\/wp-content\/uploads\/2022\/10\/RC_800x750_page-0001-300x281.jpg 300w\" sizes=\"auto, (max-width: 295px) 100vw, 295px\" \/><\/figure><\/div>\n\n\n\n<p>Surpreendentemente, novos atores pol\u00edticos emergiram no cen\u00e1rio, desafiando essa controversa disputa entre PT e PSDB e se tornando novos concorrentes. Jair Bolsonaro, que teve afilia\u00e7\u00f5es recentes com o PSL e o PL, \u00e9 a figura principal que desestabilizou essa din\u00e2mica.<br>Com o surgimento do \u2018bolsonarismo raiz\u2019, PT e PSDB, que costumavam ser rivais de fachada, mas que compartilhavam objetivos semelhantes nos bastidores, optaram por temporariamente suspender o \u2018teatro das tesouras\u2019 e, em vez disso, uniram for\u00e7as na busca pela sobreviv\u00eancia no poder.<\/p>\n\n\n\n<div class=\"wp-block-image\"><figure class=\"aligncenter size-large is-resized\"><img loading=\"lazy\" decoding=\"async\" src=\"https:\/\/jornalfatosenoticias.com.br\/wp-content\/uploads\/2023\/03\/nova-logo-Marquetti.jpg\" alt=\"\" class=\"wp-image-40207\" width=\"346\" height=\"232\" srcset=\"https:\/\/jornalfatosenoticias.com.br\/wp-content\/uploads\/2023\/03\/nova-logo-Marquetti.jpg 643w, https:\/\/jornalfatosenoticias.com.br\/wp-content\/uploads\/2023\/03\/nova-logo-Marquetti-300x202.jpg 300w\" sizes=\"auto, (max-width: 346px) 100vw, 346px\" \/><\/figure><\/div>\n\n\n\n<p><strong><span class=\"has-inline-color has-vivid-red-color\">Teatro das tesouras 2.0<br><\/span><\/strong>Apesar dessa alian\u00e7a, direta ou indiretamente, o PSDB sofreu perdas significativas em todo o pa\u00eds, perdendo terreno em redutos antes s\u00f3lidos, como Minas Gerais, Rio de Janeiro e, especialmente, S\u00e3o Paulo. A guinada do PSDB para uma postura mais \u00e0 esquerda o deixou em uma posi\u00e7\u00e3o politicamente fr\u00e1gil e de menor relev\u00e2ncia.<br>Atualmente, sem uma lideran\u00e7a nacional capaz de liderar uma reviravolta estrat\u00e9gica, A\u00e9cio Neves est\u00e1 trabalhando nos bastidores para ressuscitar o que muitos veem como uma nova encena\u00e7\u00e3o do \u2018teatro das tesouras\u2019. <\/p>\n\n\n\n<div class=\"wp-block-image\"><figure class=\"aligncenter size-large is-resized\"><img loading=\"lazy\" decoding=\"async\" src=\"https:\/\/jornalfatosenoticias.com.br\/wp-content\/uploads\/2023\/08\/ITH.jpeg\" alt=\"\" class=\"wp-image-44638\" width=\"322\" height=\"262\" srcset=\"https:\/\/jornalfatosenoticias.com.br\/wp-content\/uploads\/2023\/08\/ITH.jpeg 800w, https:\/\/jornalfatosenoticias.com.br\/wp-content\/uploads\/2023\/08\/ITH-300x244.jpeg 300w, https:\/\/jornalfatosenoticias.com.br\/wp-content\/uploads\/2023\/08\/ITH-768x624.jpeg 768w\" sizes=\"auto, (max-width: 322px) 100vw, 322px\" \/><\/figure><\/div>\n\n\n\n<p>O capital pol\u00edtico de A\u00e9cio sofreu abalos depois das acusa\u00e7\u00f5es de propina em 2017. A absolvi\u00e7\u00e3o s\u00f3 veio em 2022. Agora, fundamentado nessa decis\u00e3o judicial, A\u00e9cio deseja direcionar o PSDB em uma dire\u00e7\u00e3o diferente, criando uma rivalidade com o campo pol\u00edtico oposto, que durante muito tempo se concentrou no lulopetismo.<\/p>\n\n\n\n<div class=\"wp-block-image\"><figure class=\"aligncenter size-large is-resized\"><img loading=\"lazy\" decoding=\"async\" src=\"https:\/\/jornalfatosenoticias.com.br\/wp-content\/uploads\/2023\/07\/lacremoda.jpg\" alt=\"\" class=\"wp-image-43706\" width=\"384\" height=\"215\" srcset=\"https:\/\/jornalfatosenoticias.com.br\/wp-content\/uploads\/2023\/07\/lacremoda.jpg 1024w, https:\/\/jornalfatosenoticias.com.br\/wp-content\/uploads\/2023\/07\/lacremoda-300x168.jpg 300w, https:\/\/jornalfatosenoticias.com.br\/wp-content\/uploads\/2023\/07\/lacremoda-768x431.jpg 768w\" sizes=\"auto, (max-width: 384px) 100vw, 384px\" \/><\/figure><\/div>\n\n\n\n<p>A\u00e9cio Neves est\u00e1 ciente de que a paisagem pol\u00edtica nacional mudou drasticamente, e ele est\u00e1 determinado a ressurgir como um advers\u00e1rio de Lula e estabelecer um bloco de oposi\u00e7\u00e3o ao governo federal. Quanto \u00e0 dura\u00e7\u00e3o dessa rivalidade aparente, ainda n\u00e3o est\u00e1 claro se ser\u00e1 de curto prazo ou se planejam mant\u00ea-la em futuras elei\u00e7\u00f5es. A derrota de Jo\u00e3o Doria nas \u00faltimas elei\u00e7\u00f5es \u00e9 o incentivo para que A\u00e9cio retorne ao cen\u00e1rio pol\u00edtico, promovendo a ideia de uma forte coaliz\u00e3o \u2018caf\u00e9 com leite\u2019, que traria S\u00e3o Paulo e Minas Gerais de volta ao centro do poder pol\u00edtico nacional. <strong>(Fonte: Conex\u00e3o Pol\u00edtica)<\/strong><\/p>\n\n\n\n<div class=\"wp-block-image\"><figure class=\"aligncenter size-large is-resized\"><img loading=\"lazy\" decoding=\"async\" src=\"https:\/\/jornalfatosenoticias.com.br\/wp-content\/uploads\/2023\/08\/Control-Systems.jpg\" alt=\"\" class=\"wp-image-44092\" width=\"321\" height=\"385\"\/><\/figure><\/div>\n\n\n\n<hr class=\"wp-block-separator\"\/>\n\n\n\n<p><strong><span class=\"has-inline-color has-black-color\">Por que o chavismo teme elei\u00e7\u00f5es limpas: pesquisa mostra larga vantagem de opositora sobre Maduro<\/span><\/strong><\/p>\n\n\n\n<div class=\"wp-block-image\"><figure class=\"aligncenter size-large\"><img loading=\"lazy\" decoding=\"async\" width=\"960\" height=\"540\" src=\"https:\/\/jornalfatosenoticias.com.br\/wp-content\/uploads\/2023\/09\/concorrente-de-Maduro.jpg\" alt=\"\" class=\"wp-image-44927\" srcset=\"https:\/\/jornalfatosenoticias.com.br\/wp-content\/uploads\/2023\/09\/concorrente-de-Maduro.jpg 960w, https:\/\/jornalfatosenoticias.com.br\/wp-content\/uploads\/2023\/09\/concorrente-de-Maduro-300x169.jpg 300w, https:\/\/jornalfatosenoticias.com.br\/wp-content\/uploads\/2023\/09\/concorrente-de-Maduro-768x432.jpg 768w\" sizes=\"auto, (max-width: 960px) 100vw, 960px\" \/><figcaption><em><span class=\"has-inline-color has-black-color\">(Foto: Reprodu\u00e7\u00e3o)<\/span><\/em><\/figcaption><\/figure><\/div>\n\n\n\n<p>Uma pesquisa mostrou que a ex-deputada Mar\u00eda Corina Machado \u00e9 a grande favorita para vencer n\u00e3o s\u00f3 as prim\u00e1rias da oposi\u00e7\u00e3o da Venezuela, que ser\u00e3o realizadas em 22 de outubro, como para derrotar o ditador Nicol\u00e1s Maduro na elei\u00e7\u00e3o presidencial de 2024.<\/p>\n\n\n\n<div class=\"wp-block-image\"><figure class=\"aligncenter size-large\"><img loading=\"lazy\" decoding=\"async\" width=\"300\" height=\"300\" src=\"https:\/\/jornalfatosenoticias.com.br\/wp-content\/uploads\/2020\/02\/casa-do-torresmo_portal.jpg\" alt=\"\" class=\"wp-image-34472\" srcset=\"https:\/\/jornalfatosenoticias.com.br\/wp-content\/uploads\/2020\/02\/casa-do-torresmo_portal.jpg 300w, https:\/\/jornalfatosenoticias.com.br\/wp-content\/uploads\/2020\/02\/casa-do-torresmo_portal-150x150.jpg 150w\" sizes=\"auto, (max-width: 300px) 100vw, 300px\" \/><\/figure><\/div>\n\n\n\n<p>Segundo um levantamento da consultoria ORC, Machado tem 68% das inten\u00e7\u00f5es de voto para as prim\u00e1rias da oposi\u00e7\u00e3o. O segundo colocado, Henrique Capriles, teria somente 7,3%. Numa simula\u00e7\u00e3o para um confronto com Maduro, a ex-deputada teria 47,2% dos votos, contra apenas 13,5% para o ditador venezuelano.<br>A pesquisa foi realizada de 28 de julho a 5 de agosto, com 1.111 venezuelanos entrevistados, e tem margem de confian\u00e7a de 95% e margem de erro de 2,5% para mais ou menos. <\/p>\n\n\n\n<div class=\"wp-block-image\"><figure class=\"aligncenter size-large is-resized\"><img loading=\"lazy\" decoding=\"async\" src=\"https:\/\/jornalfatosenoticias.com.br\/wp-content\/uploads\/2023\/08\/BKR-1024x1021.jpg\" alt=\"\" class=\"wp-image-44494\" width=\"330\" height=\"329\" srcset=\"https:\/\/jornalfatosenoticias.com.br\/wp-content\/uploads\/2023\/08\/BKR-1024x1021.jpg 1024w, https:\/\/jornalfatosenoticias.com.br\/wp-content\/uploads\/2023\/08\/BKR-300x300.jpg 300w, https:\/\/jornalfatosenoticias.com.br\/wp-content\/uploads\/2023\/08\/BKR-150x150.jpg 150w, https:\/\/jornalfatosenoticias.com.br\/wp-content\/uploads\/2023\/08\/BKR-768x766.jpg 768w, https:\/\/jornalfatosenoticias.com.br\/wp-content\/uploads\/2023\/08\/BKR.jpg 1080w\" sizes=\"auto, (max-width: 330px) 100vw, 330px\" \/><\/figure><\/div>\n\n\n\n<blockquote class=\"wp-block-quote is-layout-flow wp-block-quote-is-layout-flow\"><p><span class=\"has-inline-color has-luminous-vivid-orange-color\">Dados os n\u00fameros de Mar\u00eda Corina, penso que o partido no poder [PSUV] vai dizer, \u2018Olha, n\u00e3o posso permitir que haja prim\u00e1rias\u2019, dados os n\u00fameros que [ela] est\u00e1 apresentando. \u2018N\u00e3o posso permitir, n\u00e3o devo permitir que haja prim\u00e1rias porque isso me afastaria do centro de decis\u00e3o, porque o povo tamb\u00e9m aposta numa renova\u00e7\u00e3o da lideran\u00e7a\u2019\u201d, afirmou o diretor da ORC, Oswaldo Ram\u00edrez, em entrevista ao site argentino Infobae.<\/span><\/p><\/blockquote>\n\n\n\n<div class=\"wp-block-image\"><figure class=\"aligncenter size-large is-resized\"><img loading=\"lazy\" decoding=\"async\" src=\"https:\/\/jornalfatosenoticias.com.br\/wp-content\/uploads\/2023\/08\/LOGO-BLU-COMERCIAL-PRETO-1024x600.jpg\" alt=\"\" class=\"wp-image-44053\" width=\"333\" height=\"194\"\/><\/figure><\/div>\n\n\n\n<p>Ram\u00edrez faz refer\u00eancia aos m\u00e9todos da ditadura chavista para tentar sabotar as prim\u00e1rias da oposi\u00e7\u00e3o: al\u00e9m de inabilitar candidatos oposicionistas, como a pr\u00f3pria Machado, a ditadura venezuelana tem permitido, promovido e incentivado agress\u00f5es contra esses pol\u00edticos e fez uma manobra para que um novo Conselho Nacional Eleitoral (CNE) fosse designado.<br>O novo presidente do \u00f3rg\u00e3o, Elvis Amoroso, \u00e9 filiado ao partido de Maduro e foi o controlador-geral que inabilitou Machado e outros oposicionistas. <strong>(Fonte: Terra Brasil Not\u00edcias)<\/strong><\/p>\n\n\n\n<div class=\"wp-block-image\"><figure class=\"aligncenter size-large is-resized\"><img loading=\"lazy\" decoding=\"async\" src=\"https:\/\/jornalfatosenoticias.com.br\/wp-content\/uploads\/2023\/08\/Steel.jpeg\" alt=\"\" class=\"wp-image-44634\" width=\"338\" height=\"274\" srcset=\"https:\/\/jornalfatosenoticias.com.br\/wp-content\/uploads\/2023\/08\/Steel.jpeg 800w, https:\/\/jornalfatosenoticias.com.br\/wp-content\/uploads\/2023\/08\/Steel-300x244.jpeg 300w, https:\/\/jornalfatosenoticias.com.br\/wp-content\/uploads\/2023\/08\/Steel-768x624.jpeg 768w\" sizes=\"auto, (max-width: 338px) 100vw, 338px\" \/><\/figure><\/div>\n\n\n\n<hr class=\"wp-block-separator\"\/>\n\n\n\n<p><strong><span class=\"has-inline-color has-black-color\">Oito meses ap\u00f3s a posse, governo Lula j\u00e1 tem ministro na mira da PF por suspeita de corrup\u00e7\u00e3o<br><\/span><\/strong><em><span class=\"has-inline-color has-black-color\">Por <strong><a href=\"https:\/\/www.conexaopolitica.com.br\/author\/raul\/\">Raul Holderf Nascimento<\/a><\/strong><\/span><\/em><\/p>\n\n\n\n<div class=\"wp-block-image\"><figure class=\"aligncenter size-large\"><img loading=\"lazy\" decoding=\"async\" width=\"768\" height=\"512\" src=\"https:\/\/jornalfatosenoticias.com.br\/wp-content\/uploads\/2023\/09\/molusco-e-ministro.jpg\" alt=\"\" class=\"wp-image-44928\" srcset=\"https:\/\/jornalfatosenoticias.com.br\/wp-content\/uploads\/2023\/09\/molusco-e-ministro.jpg 768w, https:\/\/jornalfatosenoticias.com.br\/wp-content\/uploads\/2023\/09\/molusco-e-ministro-300x200.jpg 300w\" sizes=\"auto, (max-width: 768px) 100vw, 768px\" \/><figcaption><em><span class=\"has-inline-color has-black-color\">(Foto: Folhapress)<\/span><\/em><\/figcaption><\/figure><\/div>\n\n\n\n<p>Passados oito meses do terceiro mandato de Luiz In\u00e1cio Lula da Silva, a Pol\u00edcia Federal j\u00e1 tem sua mira voltada contra o alto escal\u00e3o da atual gest\u00e3o federal. N\u00e3o se trata de investiga\u00e7\u00f5es sobre supostos atos enquadrados como antidemocr\u00e1ticos, sobre eventuais<em> fake news<\/em> ou qualquer discurso apontado como odioso, mas de suspeitas de corrup\u00e7\u00e3o.<\/p>\n\n\n\n<div class=\"wp-block-image\"><figure class=\"aligncenter size-large\"><img loading=\"lazy\" decoding=\"async\" width=\"300\" height=\"250\" src=\"https:\/\/jornalfatosenoticias.com.br\/wp-content\/uploads\/2020\/02\/Banner-2.png\" alt=\"\" class=\"wp-image-43787\"\/><\/figure><\/div>\n\n\n\n<p>Assim como as quatro gest\u00f5es presidenciais petistas foram marcadas por esc\u00e2ndalos, com Lula e Dilma Rousseff \u00e0 frente do Planalto do Planalto, a atual gest\u00e3o j\u00e1 tem um nome em desdobramentos da PF. Trata-se de Juscelino Filho (Uni\u00e3o Brasil), ministro das Comunica\u00e7\u00f5es, investigado por suspeita de participar de um esquema de desvio de recursos federais por meio de emendas parlamentares.<\/p>\n\n\n\n<div class=\"wp-block-image\"><figure class=\"aligncenter size-large is-resized\"><img loading=\"lazy\" decoding=\"async\" src=\"https:\/\/jornalfatosenoticias.com.br\/wp-content\/uploads\/2020\/02\/logo-Rapuzel-1024x571.jpg\" alt=\"\" class=\"wp-image-42808\" width=\"357\" height=\"199\" srcset=\"https:\/\/jornalfatosenoticias.com.br\/wp-content\/uploads\/2020\/02\/logo-Rapuzel-1024x571.jpg 1024w, https:\/\/jornalfatosenoticias.com.br\/wp-content\/uploads\/2020\/02\/logo-Rapuzel-300x167.jpg 300w, https:\/\/jornalfatosenoticias.com.br\/wp-content\/uploads\/2020\/02\/logo-Rapuzel-768x428.jpg 768w, https:\/\/jornalfatosenoticias.com.br\/wp-content\/uploads\/2020\/02\/logo-Rapuzel-1536x856.jpg 1536w, https:\/\/jornalfatosenoticias.com.br\/wp-content\/uploads\/2020\/02\/logo-Rapuzel.jpg 1600w\" sizes=\"auto, (max-width: 357px) 100vw, 357px\" \/><\/figure><\/div>\n\n\n\n<p>H\u00e1 suspeitas de fraudes licitat\u00f3rias, desvio de recursos p\u00fablicos e lavagem de dinheiro de verbas federais encaminhadas \u00e0 Codevasf \u2014 Companhia de Desenvolvimento dos Vales do S\u00e3o Francisco e do Parna\u00edba.<br>A PF, segundo a Folha de S.Paulo, chegou a pedir para entrar no apartamento funcional do ministro e apreender equipamentos. Barroso, no entanto, negou.<br>No \u00e2mbito das investiga\u00e7\u00f5es, os agentes dizem ter rastreado o desvio de emendas parlamentares para a pavimenta\u00e7\u00e3o de asfalto em Vitorino Freire. <\/p>\n\n\n\n<div class=\"wp-block-image\"><figure class=\"aligncenter size-large is-resized\"><img loading=\"lazy\" decoding=\"async\" src=\"https:\/\/jornalfatosenoticias.com.br\/wp-content\/uploads\/2023\/03\/logo-Panper_portal.jpg\" alt=\"\" class=\"wp-image-40208\" width=\"314\" height=\"218\" srcset=\"https:\/\/jornalfatosenoticias.com.br\/wp-content\/uploads\/2023\/03\/logo-Panper_portal.jpg 400w, https:\/\/jornalfatosenoticias.com.br\/wp-content\/uploads\/2023\/03\/logo-Panper_portal-300x208.jpg 300w\" sizes=\"auto, (max-width: 314px) 100vw, 314px\" \/><\/figure><\/div>\n\n\n\n<p>A empresa respons\u00e1vel era a Construservice, contratada pela Codevasf quando Juscelino Filho era deputado federal. A PF afirma que, se confirmadas as suspeitas, os alvos poder\u00e3o responder por fraude em licita\u00e7\u00e3o, lavagem de capitais, organiza\u00e7\u00e3o criminosa, peculato, corrup\u00e7\u00e3o ativa e corrup\u00e7\u00e3o passiva.<br>Em nota, Juscelino negou estar envolvido em irregularidades e se disse aberto a esclarecimentos. Tamb\u00e9m em comunicado, a empreiteira investigada afirmou que vai colaborar com as autoridades. <strong>(Fonte: Conex\u00e3o Pol\u00edtica)<\/strong> <\/p>\n\n\n\n<div class=\"wp-block-image\"><figure class=\"aligncenter size-large\"><img loading=\"lazy\" decoding=\"async\" width=\"300\" height=\"250\" src=\"https:\/\/jornalfatosenoticias.com.br\/wp-content\/uploads\/2022\/08\/arte-Casarao.jpg\" alt=\"\" class=\"wp-image-33178\"\/><\/figure><\/div>\n\n\n\n<hr class=\"wp-block-separator\"\/>\n\n\n\n<p><strong><span class=\"has-inline-color has-black-color\">Norte-americanos est\u00e3o \u2018descobrindo a corrup\u00e7\u00e3o\u2019 de Biden, avalia colunista<\/span><\/strong><\/p>\n\n\n\n<div class=\"wp-block-image\"><figure class=\"aligncenter size-large\"><img loading=\"lazy\" decoding=\"async\" width=\"960\" height=\"540\" src=\"https:\/\/jornalfatosenoticias.com.br\/wp-content\/uploads\/2023\/09\/estados-unidos-joe-biden.jpg\" alt=\"\" class=\"wp-image-44929\" srcset=\"https:\/\/jornalfatosenoticias.com.br\/wp-content\/uploads\/2023\/09\/estados-unidos-joe-biden.jpg 960w, https:\/\/jornalfatosenoticias.com.br\/wp-content\/uploads\/2023\/09\/estados-unidos-joe-biden-300x169.jpg 300w, https:\/\/jornalfatosenoticias.com.br\/wp-content\/uploads\/2023\/09\/estados-unidos-joe-biden-768x432.jpg 768w\" sizes=\"auto, (max-width: 960px) 100vw, 960px\" \/><figcaption><em><span class=\"has-inline-color has-black-color\">(Foto: EFE\/EPA)<\/span><\/em><\/figcaption><\/figure><\/div>\n\n\n\n<p>Pesquisa recente revela que 52% de cidad\u00e3os norte-americanos j\u00e1 consideram Joe Biden um presidente corrupto. Colunista do jornal New York Post, Miranda Devine avalia que cerca de 13% dos eleitores democratas \u201cdescobriram a corrup\u00e7\u00e3o\u201d que ronda a gest\u00e3o do atual ocupante da Casa Branca.<\/p>\n\n\n\n<div class=\"wp-block-image\"><figure class=\"aligncenter size-large\"><img decoding=\"async\" src=\"https:\/\/jornalfatosenoticias.com.br\/wp-content\/uploads\/2020\/02\/barao-das-carnes-300x164-1.jpg\" alt=\"\" class=\"wp-image-34339\"\/><\/figure><\/div>\n\n\n\n<p>As investiga\u00e7\u00f5es sobre os acordos milion\u00e1rios de Hunter Biden, filho presidente dos Estados Unidos, em neg\u00f3cios \u201cnebulosos\u201d na China, na Ucr\u00e2nia, na R\u00fassia e na Rom\u00eania causaram forte impacto sobre a vis\u00e3o do pr\u00f3prio eleitorado democrata. O filho de Biden enfrenta outras investiga\u00e7\u00f5es que envolvem sonega\u00e7\u00e3o de impostos e porte ilegal de arma.<\/p>\n\n\n\n<div class=\"wp-block-image\"><figure class=\"aligncenter size-large\"><img decoding=\"async\" src=\"https:\/\/jornalfatosenoticias.com.br\/wp-content\/uploads\/2020\/02\/logo_esteio.jpg\" alt=\"\" class=\"wp-image-1214\"\/><\/figure><\/div>\n\n\n\n<p>Congressistas republicanos anunciaram que est\u00e3o investigando o acordo judicial de Hunter Biden com promotores da Justi\u00e7a norte-americana para se livrar das acusa\u00e7\u00f5es. Um delator n\u00e3o identificado revela, segundo documento que se tornou p\u00fablico recentemente, que Hunter teria usado a influ\u00eancia pol\u00edtica do pai para se proteger das investiga\u00e7\u00f5es. Um pesquisa recente revela que a desaprova\u00e7\u00e3o de Joe Biden aumentou. Em junho, o \u00edndice chegou a 55,5%. Os n\u00fameros partem do site YouGov.<\/p>\n\n\n\n<div class=\"wp-block-image\"><figure class=\"aligncenter size-large is-resized\"><img loading=\"lazy\" decoding=\"async\" src=\"https:\/\/jornalfatosenoticias.com.br\/wp-content\/uploads\/2022\/10\/Arte-jornal-Zucchi-600x600_Prancheta-1-1024x1024.jpg\" alt=\"\" class=\"wp-image-34782\" width=\"263\" height=\"263\" srcset=\"https:\/\/jornalfatosenoticias.com.br\/wp-content\/uploads\/2022\/10\/Arte-jornal-Zucchi-600x600_Prancheta-1-1024x1024.jpg 1024w, https:\/\/jornalfatosenoticias.com.br\/wp-content\/uploads\/2022\/10\/Arte-jornal-Zucchi-600x600_Prancheta-1-300x300.jpg 300w, https:\/\/jornalfatosenoticias.com.br\/wp-content\/uploads\/2022\/10\/Arte-jornal-Zucchi-600x600_Prancheta-1-150x150.jpg 150w, https:\/\/jornalfatosenoticias.com.br\/wp-content\/uploads\/2022\/10\/Arte-jornal-Zucchi-600x600_Prancheta-1-768x768.jpg 768w, https:\/\/jornalfatosenoticias.com.br\/wp-content\/uploads\/2022\/10\/Arte-jornal-Zucchi-600x600_Prancheta-1.jpg 1250w\" sizes=\"auto, (max-width: 263px) 100vw, 263px\" \/><\/figure><\/div>\n\n\n\n<p><strong><span class=\"has-inline-color has-vivid-red-color\">Impeachment de Biden est\u00e1 em andamento<br><\/span><\/strong>O presidente da C\u00e2mara dos Representantes dos Estados Unidos, Kevin McCarthy, afirmou, nesta semana, que tem o apoio de parlamentares do Partido Republicano para iniciar um inqu\u00e9rito de impeachment contra Biden.<br>O l\u00edder da C\u00e2mara tamb\u00e9m ressaltou a falta de colabora\u00e7\u00e3o da administra\u00e7\u00e3o Biden com pedidos relacionados \u00e0 investiga\u00e7\u00e3o contra Hunter. No entanto, a possibilidade ainda \u00e9 discutida entre os republicanos, j\u00e1 que a bancada de oposi\u00e7\u00e3o a Biden n\u00e3o tem os 218 votos necess\u00e1rios para abertura do processo. <strong>(Fonte: Foco no Fato)<\/strong><\/p>\n\n\n\n<div class=\"wp-block-image\"><figure class=\"aligncenter size-large is-resized\"><img loading=\"lazy\" decoding=\"async\" src=\"https:\/\/jornalfatosenoticias.com.br\/wp-content\/uploads\/2023\/09\/vetorvix1024_1.jpg\" alt=\"\" class=\"wp-image-44868\" width=\"475\" height=\"126\" srcset=\"https:\/\/jornalfatosenoticias.com.br\/wp-content\/uploads\/2023\/09\/vetorvix1024_1.jpg 1024w, https:\/\/jornalfatosenoticias.com.br\/wp-content\/uploads\/2023\/09\/vetorvix1024_1-300x80.jpg 300w, https:\/\/jornalfatosenoticias.com.br\/wp-content\/uploads\/2023\/09\/vetorvix1024_1-768x205.jpg 768w\" sizes=\"auto, (max-width: 475px) 100vw, 475px\" \/><\/figure><\/div>\n\n\n\n<p><br><\/p>\n","protected":false},"excerpt":{"rendered":"<p>Por Raul Holderf Nascimento A\u00e9cio Neves, uma das figuras de maior prest\u00edgio no PSDB, tem planos de reviver o estratagema conhecido como \u2018teatro das tesouras\u2019 nas pr\u00f3ximas elei\u00e7\u00f5es. Esse termo descreve a situa\u00e7\u00e3o em que membros de um mesmo grupo pol\u00edtico se fragmentam em diferentes alas, aparentando representar diversos segmentos eleitorais, embora, na realidade, todos [&hellip;]<\/p>\n","protected":false},"author":3,"featured_media":44930,"comment_status":"open","ping_status":"open","sticky":false,"template":"","format":"standard","meta":{"footnotes":""},"categories":[10],"tags":[21175,2129,1751,860,21176,2140,7703,17961,7580,10465,21177,21178,13186,15142],"class_list":["post-44926","post","type-post","status-publish","format-standard","has-post-thumbnail","hentry","category-politica","tag-aecio-neves","tag-corrupcao","tag-estados-unidos","tag-governo-federal","tag-hunter-biden","tag-impeachment","tag-joe-biden","tag-juscelino-filho","tag-lula","tag-ministro-das-comunicacoes","tag-norte-americanos","tag-psdb","tag-pt","tag-teatro-das-tesouras"],"yoast_head":"<!-- This site is optimized with the Yoast SEO plugin v26.5 - https:\/\/yoast.com\/wordpress\/plugins\/seo\/ -->\n<title>A Semana em Bras\u00edlia e no ES \u2014 \u2018Teatro das tesouras\u2019: A estrat\u00e9gia de A\u00e9cio Neves ganha for\u00e7a no cen\u00e1rio pol\u00edtico - Jornal Fatos e Not\u00edcias<\/title>\n<meta name=\"robots\" content=\"index, follow, max-snippet:-1, max-image-preview:large, max-video-preview:-1\" \/>\n<link rel=\"canonical\" href=\"https:\/\/jornalfatosenoticias.com.br\/index.php\/2023\/09\/06\/a-semana-em-brasilia-e-no-es-teatro-das-tesouras-a-estrategia-de-aecio-neves-ganha-forca-no-cenario-politico\/\" \/>\n<meta property=\"og:locale\" content=\"pt_BR\" \/>\n<meta property=\"og:type\" content=\"article\" \/>\n<meta property=\"og:title\" content=\"A Semana em Bras\u00edlia e no ES \u2014 \u2018Teatro das tesouras\u2019: A estrat\u00e9gia de A\u00e9cio Neves ganha for\u00e7a no cen\u00e1rio pol\u00edtico - Jornal Fatos e Not\u00edcias\" \/>\n<meta property=\"og:description\" content=\"Por Raul Holderf Nascimento A\u00e9cio Neves, uma das figuras de maior prest\u00edgio no PSDB, tem planos de reviver o estratagema conhecido como \u2018teatro das tesouras\u2019 nas pr\u00f3ximas elei\u00e7\u00f5es. Esse termo descreve a situa\u00e7\u00e3o em que membros de um mesmo grupo pol\u00edtico se fragmentam em diferentes alas, aparentando representar diversos segmentos eleitorais, embora, na realidade, todos [&hellip;]\" \/>\n<meta property=\"og:url\" content=\"https:\/\/jornalfatosenoticias.com.br\/index.php\/2023\/09\/06\/a-semana-em-brasilia-e-no-es-teatro-das-tesouras-a-estrategia-de-aecio-neves-ganha-forca-no-cenario-politico\/\" \/>\n<meta property=\"og:site_name\" content=\"Jornal Fatos e Not\u00edcias\" \/>\n<meta property=\"article:published_time\" content=\"2023-09-06T15:35:47+00:00\" \/>\n<meta property=\"article:modified_time\" content=\"2023-09-06T16:53:34+00:00\" \/>\n<meta property=\"og:image\" content=\"https:\/\/jornalfatosenoticias.com.br\/wp-content\/uploads\/2023\/09\/aecio.jpg\" \/>\n\t<meta property=\"og:image:width\" content=\"960\" \/>\n\t<meta property=\"og:image:height\" content=\"541\" \/>\n\t<meta property=\"og:image:type\" content=\"image\/jpeg\" \/>\n<meta name=\"author\" content=\"Haroldo Filho\" \/>\n<meta name=\"twitter:card\" content=\"summary_large_image\" \/>\n<meta name=\"twitter:label1\" content=\"Escrito por\" \/>\n\t<meta name=\"twitter:data1\" content=\"Haroldo Filho\" \/>\n\t<meta name=\"twitter:label2\" content=\"Est. tempo de leitura\" \/>\n\t<meta name=\"twitter:data2\" content=\"7 minutos\" \/>\n<script type=\"application\/ld+json\" class=\"yoast-schema-graph\">{\"@context\":\"https:\/\/schema.org\",\"@graph\":[{\"@type\":\"Article\",\"@id\":\"https:\/\/jornalfatosenoticias.com.br\/index.php\/2023\/09\/06\/a-semana-em-brasilia-e-no-es-teatro-das-tesouras-a-estrategia-de-aecio-neves-ganha-forca-no-cenario-politico\/#article\",\"isPartOf\":{\"@id\":\"https:\/\/jornalfatosenoticias.com.br\/index.php\/2023\/09\/06\/a-semana-em-brasilia-e-no-es-teatro-das-tesouras-a-estrategia-de-aecio-neves-ganha-forca-no-cenario-politico\/\"},\"author\":{\"name\":\"Haroldo Filho\",\"@id\":\"https:\/\/jornalfatosenoticias.com.br\/#\/schema\/person\/05c46cc25b42a5c27e004fb0fa6b4965\"},\"headline\":\"A Semana em Bras\u00edlia e no ES \u2014 \u2018Teatro das tesouras\u2019: A estrat\u00e9gia de A\u00e9cio Neves ganha for\u00e7a no cen\u00e1rio pol\u00edtico\",\"datePublished\":\"2023-09-06T15:35:47+00:00\",\"dateModified\":\"2023-09-06T16:53:34+00:00\",\"mainEntityOfPage\":{\"@id\":\"https:\/\/jornalfatosenoticias.com.br\/index.php\/2023\/09\/06\/a-semana-em-brasilia-e-no-es-teatro-das-tesouras-a-estrategia-de-aecio-neves-ganha-forca-no-cenario-politico\/\"},\"wordCount\":1439,\"commentCount\":0,\"publisher\":{\"@id\":\"https:\/\/jornalfatosenoticias.com.br\/#organization\"},\"image\":{\"@id\":\"https:\/\/jornalfatosenoticias.com.br\/index.php\/2023\/09\/06\/a-semana-em-brasilia-e-no-es-teatro-das-tesouras-a-estrategia-de-aecio-neves-ganha-forca-no-cenario-politico\/#primaryimage\"},\"thumbnailUrl\":\"https:\/\/jornalfatosenoticias.com.br\/wp-content\/uploads\/2023\/09\/aecio.jpg\",\"keywords\":[\"A\u00e9cio Neves\",\"corrup\u00e7\u00e3o\",\"Estados Unidos\",\"governo federal\",\"Hunter Biden\",\"impeachment\",\"Joe Biden\",\"Juscelino Filho\",\"Lula\",\"ministro das Comunica\u00e7\u00f5es\",\"norte-americanos\",\"PSDB\",\"PT\",\"Teatro das Tesouras\"],\"articleSection\":[\"Pol\u00edtica\"],\"inLanguage\":\"pt-BR\",\"potentialAction\":[{\"@type\":\"CommentAction\",\"name\":\"Comment\",\"target\":[\"https:\/\/jornalfatosenoticias.com.br\/index.php\/2023\/09\/06\/a-semana-em-brasilia-e-no-es-teatro-das-tesouras-a-estrategia-de-aecio-neves-ganha-forca-no-cenario-politico\/#respond\"]}]},{\"@type\":\"WebPage\",\"@id\":\"https:\/\/jornalfatosenoticias.com.br\/index.php\/2023\/09\/06\/a-semana-em-brasilia-e-no-es-teatro-das-tesouras-a-estrategia-de-aecio-neves-ganha-forca-no-cenario-politico\/\",\"url\":\"https:\/\/jornalfatosenoticias.com.br\/index.php\/2023\/09\/06\/a-semana-em-brasilia-e-no-es-teatro-das-tesouras-a-estrategia-de-aecio-neves-ganha-forca-no-cenario-politico\/\",\"name\":\"A Semana em Bras\u00edlia e no ES \u2014 \u2018Teatro das tesouras\u2019: A estrat\u00e9gia de A\u00e9cio Neves ganha for\u00e7a no cen\u00e1rio pol\u00edtico - Jornal Fatos e Not\u00edcias\",\"isPartOf\":{\"@id\":\"https:\/\/jornalfatosenoticias.com.br\/#website\"},\"primaryImageOfPage\":{\"@id\":\"https:\/\/jornalfatosenoticias.com.br\/index.php\/2023\/09\/06\/a-semana-em-brasilia-e-no-es-teatro-das-tesouras-a-estrategia-de-aecio-neves-ganha-forca-no-cenario-politico\/#primaryimage\"},\"image\":{\"@id\":\"https:\/\/jornalfatosenoticias.com.br\/index.php\/2023\/09\/06\/a-semana-em-brasilia-e-no-es-teatro-das-tesouras-a-estrategia-de-aecio-neves-ganha-forca-no-cenario-politico\/#primaryimage\"},\"thumbnailUrl\":\"https:\/\/jornalfatosenoticias.com.br\/wp-content\/uploads\/2023\/09\/aecio.jpg\",\"datePublished\":\"2023-09-06T15:35:47+00:00\",\"dateModified\":\"2023-09-06T16:53:34+00:00\",\"breadcrumb\":{\"@id\":\"https:\/\/jornalfatosenoticias.com.br\/index.php\/2023\/09\/06\/a-semana-em-brasilia-e-no-es-teatro-das-tesouras-a-estrategia-de-aecio-neves-ganha-forca-no-cenario-politico\/#breadcrumb\"},\"inLanguage\":\"pt-BR\",\"potentialAction\":[{\"@type\":\"ReadAction\",\"target\":[\"https:\/\/jornalfatosenoticias.com.br\/index.php\/2023\/09\/06\/a-semana-em-brasilia-e-no-es-teatro-das-tesouras-a-estrategia-de-aecio-neves-ganha-forca-no-cenario-politico\/\"]}]},{\"@type\":\"ImageObject\",\"inLanguage\":\"pt-BR\",\"@id\":\"https:\/\/jornalfatosenoticias.com.br\/index.php\/2023\/09\/06\/a-semana-em-brasilia-e-no-es-teatro-das-tesouras-a-estrategia-de-aecio-neves-ganha-forca-no-cenario-politico\/#primaryimage\",\"url\":\"https:\/\/jornalfatosenoticias.com.br\/wp-content\/uploads\/2023\/09\/aecio.jpg\",\"contentUrl\":\"https:\/\/jornalfatosenoticias.com.br\/wp-content\/uploads\/2023\/09\/aecio.jpg\",\"width\":960,\"height\":541},{\"@type\":\"BreadcrumbList\",\"@id\":\"https:\/\/jornalfatosenoticias.com.br\/index.php\/2023\/09\/06\/a-semana-em-brasilia-e-no-es-teatro-das-tesouras-a-estrategia-de-aecio-neves-ganha-forca-no-cenario-politico\/#breadcrumb\",\"itemListElement\":[{\"@type\":\"ListItem\",\"position\":1,\"name\":\"In\u00edcio\",\"item\":\"https:\/\/jornalfatosenoticias.com.br\/\"},{\"@type\":\"ListItem\",\"position\":2,\"name\":\"A Semana em Bras\u00edlia e no ES \u2014 \u2018Teatro das tesouras\u2019: A estrat\u00e9gia de A\u00e9cio Neves ganha for\u00e7a no cen\u00e1rio pol\u00edtico\"}]},{\"@type\":\"WebSite\",\"@id\":\"https:\/\/jornalfatosenoticias.com.br\/#website\",\"url\":\"https:\/\/jornalfatosenoticias.com.br\/\",\"name\":\"Jornal Fatos e Not\u00edcias\",\"description\":\"Not\u00edcias em geral\",\"publisher\":{\"@id\":\"https:\/\/jornalfatosenoticias.com.br\/#organization\"},\"potentialAction\":[{\"@type\":\"SearchAction\",\"target\":{\"@type\":\"EntryPoint\",\"urlTemplate\":\"https:\/\/jornalfatosenoticias.com.br\/?s={search_term_string}\"},\"query-input\":{\"@type\":\"PropertyValueSpecification\",\"valueRequired\":true,\"valueName\":\"search_term_string\"}}],\"inLanguage\":\"pt-BR\"},{\"@type\":\"Organization\",\"@id\":\"https:\/\/jornalfatosenoticias.com.br\/#organization\",\"name\":\"Jornal Fatos e Not\u00edcias\",\"url\":\"https:\/\/jornalfatosenoticias.com.br\/\",\"logo\":{\"@type\":\"ImageObject\",\"inLanguage\":\"pt-BR\",\"@id\":\"https:\/\/jornalfatosenoticias.com.br\/#\/schema\/logo\/image\/\",\"url\":\"https:\/\/jornalfatosenoticias.com.br\/wp-content\/uploads\/2020\/02\/logo120.png\",\"contentUrl\":\"https:\/\/jornalfatosenoticias.com.br\/wp-content\/uploads\/2020\/02\/logo120.png\",\"width\":1227,\"height\":120,\"caption\":\"Jornal Fatos e Not\u00edcias\"},\"image\":{\"@id\":\"https:\/\/jornalfatosenoticias.com.br\/#\/schema\/logo\/image\/\"}},{\"@type\":\"Person\",\"@id\":\"https:\/\/jornalfatosenoticias.com.br\/#\/schema\/person\/05c46cc25b42a5c27e004fb0fa6b4965\",\"name\":\"Haroldo Filho\",\"image\":{\"@type\":\"ImageObject\",\"inLanguage\":\"pt-BR\",\"@id\":\"https:\/\/jornalfatosenoticias.com.br\/#\/schema\/person\/image\/\",\"url\":\"https:\/\/jornalfatosenoticias.com.br\/wp-content\/uploads\/2025\/08\/WhatsApp-Image-2025-08-18-at-15.30.28-150x150.jpeg\",\"contentUrl\":\"https:\/\/jornalfatosenoticias.com.br\/wp-content\/uploads\/2025\/08\/WhatsApp-Image-2025-08-18-at-15.30.28-150x150.jpeg\",\"caption\":\"Haroldo Filho\"},\"description\":\"Jornalista \u2013 DRT: 0003818\/ES Coordenador-geral da ONG Educar para Crescer\",\"url\":\"https:\/\/jornalfatosenoticias.com.br\/index.php\/author\/haroldo\/\"}]}<\/script>\n<!-- \/ Yoast SEO plugin. -->","yoast_head_json":{"title":"A Semana em Bras\u00edlia e no ES \u2014 \u2018Teatro das tesouras\u2019: A estrat\u00e9gia de A\u00e9cio Neves ganha for\u00e7a no cen\u00e1rio pol\u00edtico - Jornal Fatos e Not\u00edcias","robots":{"index":"index","follow":"follow","max-snippet":"max-snippet:-1","max-image-preview":"max-image-preview:large","max-video-preview":"max-video-preview:-1"},"canonical":"https:\/\/jornalfatosenoticias.com.br\/index.php\/2023\/09\/06\/a-semana-em-brasilia-e-no-es-teatro-das-tesouras-a-estrategia-de-aecio-neves-ganha-forca-no-cenario-politico\/","og_locale":"pt_BR","og_type":"article","og_title":"A Semana em Bras\u00edlia e no ES \u2014 \u2018Teatro das tesouras\u2019: A estrat\u00e9gia de A\u00e9cio Neves ganha for\u00e7a no cen\u00e1rio pol\u00edtico - Jornal Fatos e Not\u00edcias","og_description":"Por Raul Holderf Nascimento A\u00e9cio Neves, uma das figuras de maior prest\u00edgio no PSDB, tem planos de reviver o estratagema conhecido como \u2018teatro das tesouras\u2019 nas pr\u00f3ximas elei\u00e7\u00f5es. Esse termo descreve a situa\u00e7\u00e3o em que membros de um mesmo grupo pol\u00edtico se fragmentam em diferentes alas, aparentando representar diversos segmentos eleitorais, embora, na realidade, todos [&hellip;]","og_url":"https:\/\/jornalfatosenoticias.com.br\/index.php\/2023\/09\/06\/a-semana-em-brasilia-e-no-es-teatro-das-tesouras-a-estrategia-de-aecio-neves-ganha-forca-no-cenario-politico\/","og_site_name":"Jornal Fatos e Not\u00edcias","article_published_time":"2023-09-06T15:35:47+00:00","article_modified_time":"2023-09-06T16:53:34+00:00","og_image":[{"width":960,"height":541,"url":"https:\/\/jornalfatosenoticias.com.br\/wp-content\/uploads\/2023\/09\/aecio.jpg","type":"image\/jpeg"}],"author":"Haroldo Filho","twitter_card":"summary_large_image","twitter_misc":{"Escrito por":"Haroldo Filho","Est. tempo de leitura":"7 minutos"},"schema":{"@context":"https:\/\/schema.org","@graph":[{"@type":"Article","@id":"https:\/\/jornalfatosenoticias.com.br\/index.php\/2023\/09\/06\/a-semana-em-brasilia-e-no-es-teatro-das-tesouras-a-estrategia-de-aecio-neves-ganha-forca-no-cenario-politico\/#article","isPartOf":{"@id":"https:\/\/jornalfatosenoticias.com.br\/index.php\/2023\/09\/06\/a-semana-em-brasilia-e-no-es-teatro-das-tesouras-a-estrategia-de-aecio-neves-ganha-forca-no-cenario-politico\/"},"author":{"name":"Haroldo Filho","@id":"https:\/\/jornalfatosenoticias.com.br\/#\/schema\/person\/05c46cc25b42a5c27e004fb0fa6b4965"},"headline":"A Semana em Bras\u00edlia e no ES \u2014 \u2018Teatro das tesouras\u2019: A estrat\u00e9gia de A\u00e9cio Neves ganha for\u00e7a no cen\u00e1rio pol\u00edtico","datePublished":"2023-09-06T15:35:47+00:00","dateModified":"2023-09-06T16:53:34+00:00","mainEntityOfPage":{"@id":"https:\/\/jornalfatosenoticias.com.br\/index.php\/2023\/09\/06\/a-semana-em-brasilia-e-no-es-teatro-das-tesouras-a-estrategia-de-aecio-neves-ganha-forca-no-cenario-politico\/"},"wordCount":1439,"commentCount":0,"publisher":{"@id":"https:\/\/jornalfatosenoticias.com.br\/#organization"},"image":{"@id":"https:\/\/jornalfatosenoticias.com.br\/index.php\/2023\/09\/06\/a-semana-em-brasilia-e-no-es-teatro-das-tesouras-a-estrategia-de-aecio-neves-ganha-forca-no-cenario-politico\/#primaryimage"},"thumbnailUrl":"https:\/\/jornalfatosenoticias.com.br\/wp-content\/uploads\/2023\/09\/aecio.jpg","keywords":["A\u00e9cio Neves","corrup\u00e7\u00e3o","Estados Unidos","governo federal","Hunter Biden","impeachment","Joe Biden","Juscelino Filho","Lula","ministro das Comunica\u00e7\u00f5es","norte-americanos","PSDB","PT","Teatro das Tesouras"],"articleSection":["Pol\u00edtica"],"inLanguage":"pt-BR","potentialAction":[{"@type":"CommentAction","name":"Comment","target":["https:\/\/jornalfatosenoticias.com.br\/index.php\/2023\/09\/06\/a-semana-em-brasilia-e-no-es-teatro-das-tesouras-a-estrategia-de-aecio-neves-ganha-forca-no-cenario-politico\/#respond"]}]},{"@type":"WebPage","@id":"https:\/\/jornalfatosenoticias.com.br\/index.php\/2023\/09\/06\/a-semana-em-brasilia-e-no-es-teatro-das-tesouras-a-estrategia-de-aecio-neves-ganha-forca-no-cenario-politico\/","url":"https:\/\/jornalfatosenoticias.com.br\/index.php\/2023\/09\/06\/a-semana-em-brasilia-e-no-es-teatro-das-tesouras-a-estrategia-de-aecio-neves-ganha-forca-no-cenario-politico\/","name":"A Semana em Bras\u00edlia e no ES \u2014 \u2018Teatro das tesouras\u2019: A estrat\u00e9gia de A\u00e9cio Neves ganha for\u00e7a no cen\u00e1rio pol\u00edtico - Jornal Fatos e Not\u00edcias","isPartOf":{"@id":"https:\/\/jornalfatosenoticias.com.br\/#website"},"primaryImageOfPage":{"@id":"https:\/\/jornalfatosenoticias.com.br\/index.php\/2023\/09\/06\/a-semana-em-brasilia-e-no-es-teatro-das-tesouras-a-estrategia-de-aecio-neves-ganha-forca-no-cenario-politico\/#primaryimage"},"image":{"@id":"https:\/\/jornalfatosenoticias.com.br\/index.php\/2023\/09\/06\/a-semana-em-brasilia-e-no-es-teatro-das-tesouras-a-estrategia-de-aecio-neves-ganha-forca-no-cenario-politico\/#primaryimage"},"thumbnailUrl":"https:\/\/jornalfatosenoticias.com.br\/wp-content\/uploads\/2023\/09\/aecio.jpg","datePublished":"2023-09-06T15:35:47+00:00","dateModified":"2023-09-06T16:53:34+00:00","breadcrumb":{"@id":"https:\/\/jornalfatosenoticias.com.br\/index.php\/2023\/09\/06\/a-semana-em-brasilia-e-no-es-teatro-das-tesouras-a-estrategia-de-aecio-neves-ganha-forca-no-cenario-politico\/#breadcrumb"},"inLanguage":"pt-BR","potentialAction":[{"@type":"ReadAction","target":["https:\/\/jornalfatosenoticias.com.br\/index.php\/2023\/09\/06\/a-semana-em-brasilia-e-no-es-teatro-das-tesouras-a-estrategia-de-aecio-neves-ganha-forca-no-cenario-politico\/"]}]},{"@type":"ImageObject","inLanguage":"pt-BR","@id":"https:\/\/jornalfatosenoticias.com.br\/index.php\/2023\/09\/06\/a-semana-em-brasilia-e-no-es-teatro-das-tesouras-a-estrategia-de-aecio-neves-ganha-forca-no-cenario-politico\/#primaryimage","url":"https:\/\/jornalfatosenoticias.com.br\/wp-content\/uploads\/2023\/09\/aecio.jpg","contentUrl":"https:\/\/jornalfatosenoticias.com.br\/wp-content\/uploads\/2023\/09\/aecio.jpg","width":960,"height":541},{"@type":"BreadcrumbList","@id":"https:\/\/jornalfatosenoticias.com.br\/index.php\/2023\/09\/06\/a-semana-em-brasilia-e-no-es-teatro-das-tesouras-a-estrategia-de-aecio-neves-ganha-forca-no-cenario-politico\/#breadcrumb","itemListElement":[{"@type":"ListItem","position":1,"name":"In\u00edcio","item":"https:\/\/jornalfatosenoticias.com.br\/"},{"@type":"ListItem","position":2,"name":"A Semana em Bras\u00edlia e no ES \u2014 \u2018Teatro das tesouras\u2019: A estrat\u00e9gia de A\u00e9cio Neves ganha for\u00e7a no cen\u00e1rio pol\u00edtico"}]},{"@type":"WebSite","@id":"https:\/\/jornalfatosenoticias.com.br\/#website","url":"https:\/\/jornalfatosenoticias.com.br\/","name":"Jornal Fatos e Not\u00edcias","description":"Not\u00edcias em geral","publisher":{"@id":"https:\/\/jornalfatosenoticias.com.br\/#organization"},"potentialAction":[{"@type":"SearchAction","target":{"@type":"EntryPoint","urlTemplate":"https:\/\/jornalfatosenoticias.com.br\/?s={search_term_string}"},"query-input":{"@type":"PropertyValueSpecification","valueRequired":true,"valueName":"search_term_string"}}],"inLanguage":"pt-BR"},{"@type":"Organization","@id":"https:\/\/jornalfatosenoticias.com.br\/#organization","name":"Jornal Fatos e Not\u00edcias","url":"https:\/\/jornalfatosenoticias.com.br\/","logo":{"@type":"ImageObject","inLanguage":"pt-BR","@id":"https:\/\/jornalfatosenoticias.com.br\/#\/schema\/logo\/image\/","url":"https:\/\/jornalfatosenoticias.com.br\/wp-content\/uploads\/2020\/02\/logo120.png","contentUrl":"https:\/\/jornalfatosenoticias.com.br\/wp-content\/uploads\/2020\/02\/logo120.png","width":1227,"height":120,"caption":"Jornal Fatos e Not\u00edcias"},"image":{"@id":"https:\/\/jornalfatosenoticias.com.br\/#\/schema\/logo\/image\/"}},{"@type":"Person","@id":"https:\/\/jornalfatosenoticias.com.br\/#\/schema\/person\/05c46cc25b42a5c27e004fb0fa6b4965","name":"Haroldo Filho","image":{"@type":"ImageObject","inLanguage":"pt-BR","@id":"https:\/\/jornalfatosenoticias.com.br\/#\/schema\/person\/image\/","url":"https:\/\/jornalfatosenoticias.com.br\/wp-content\/uploads\/2025\/08\/WhatsApp-Image-2025-08-18-at-15.30.28-150x150.jpeg","contentUrl":"https:\/\/jornalfatosenoticias.com.br\/wp-content\/uploads\/2025\/08\/WhatsApp-Image-2025-08-18-at-15.30.28-150x150.jpeg","caption":"Haroldo Filho"},"description":"Jornalista \u2013 DRT: 0003818\/ES Coordenador-geral da ONG Educar para Crescer","url":"https:\/\/jornalfatosenoticias.com.br\/index.php\/author\/haroldo\/"}]}},"cc_featured_image_caption":{"caption_text":"(Foto: Marcelo Camargo\/Ag\u00eancia Brasil)","source_text":"","source_url":""},"jetpack_featured_media_url":"https:\/\/jornalfatosenoticias.com.br\/wp-content\/uploads\/2023\/09\/aecio.jpg","_links":{"self":[{"href":"https:\/\/jornalfatosenoticias.com.br\/index.php\/wp-json\/wp\/v2\/posts\/44926","targetHints":{"allow":["GET"]}}],"collection":[{"href":"https:\/\/jornalfatosenoticias.com.br\/index.php\/wp-json\/wp\/v2\/posts"}],"about":[{"href":"https:\/\/jornalfatosenoticias.com.br\/index.php\/wp-json\/wp\/v2\/types\/post"}],"author":[{"embeddable":true,"href":"https:\/\/jornalfatosenoticias.com.br\/index.php\/wp-json\/wp\/v2\/users\/3"}],"replies":[{"embeddable":true,"href":"https:\/\/jornalfatosenoticias.com.br\/index.php\/wp-json\/wp\/v2\/comments?post=44926"}],"version-history":[{"count":0,"href":"https:\/\/jornalfatosenoticias.com.br\/index.php\/wp-json\/wp\/v2\/posts\/44926\/revisions"}],"wp:featuredmedia":[{"embeddable":true,"href":"https:\/\/jornalfatosenoticias.com.br\/index.php\/wp-json\/wp\/v2\/media\/44930"}],"wp:attachment":[{"href":"https:\/\/jornalfatosenoticias.com.br\/index.php\/wp-json\/wp\/v2\/media?parent=44926"}],"wp:term":[{"taxonomy":"category","embeddable":true,"href":"https:\/\/jornalfatosenoticias.com.br\/index.php\/wp-json\/wp\/v2\/categories?post=44926"},{"taxonomy":"post_tag","embeddable":true,"href":"https:\/\/jornalfatosenoticias.com.br\/index.php\/wp-json\/wp\/v2\/tags?post=44926"}],"curies":[{"name":"wp","href":"https:\/\/api.w.org\/{rel}","templated":true}]}}