{"id":44960,"date":"2023-09-08T10:18:15","date_gmt":"2023-09-08T13:18:15","guid":{"rendered":"https:\/\/jornalfatosenoticias.com.br\/?p=44960"},"modified":"2023-09-08T10:18:16","modified_gmt":"2023-09-08T13:18:16","slug":"como-funciona-o-sono-dos-adolescentes","status":"publish","type":"post","link":"https:\/\/jornalfatosenoticias.com.br\/index.php\/2023\/09\/08\/como-funciona-o-sono-dos-adolescentes\/","title":{"rendered":"Como funciona o sono dos adolescentes?"},"content":{"rendered":"\n<p><em><span class=\"has-inline-color has-black-color\">De acordo com especialistas, os jovens possuem um padr\u00e3o diferente das crian\u00e7as, pois a melatonina \u2014 horm\u00f4nio produzido durante o sono \u2014 passa a ter seu pico de excre\u00e7\u00e3o mais tarde, atrasando a sensa\u00e7\u00e3o de sono<\/span><\/em><\/p>\n\n\n\n<div class=\"wp-block-image\"><figure class=\"aligncenter size-large\"><img loading=\"lazy\" decoding=\"async\" width=\"729\" height=\"90\" src=\"https:\/\/jornalfatosenoticias.com.br\/wp-content\/uploads\/2020\/02\/Logo_Mizu.png\" alt=\"\" class=\"wp-image-1441\" srcset=\"https:\/\/jornalfatosenoticias.com.br\/wp-content\/uploads\/2020\/02\/Logo_Mizu.png 729w, https:\/\/jornalfatosenoticias.com.br\/wp-content\/uploads\/2020\/02\/Logo_Mizu-300x37.png 300w\" sizes=\"auto, (max-width: 729px) 100vw, 729px\" \/><\/figure><\/div>\n\n\n\n<p>O seu filho <a href=\"https:\/\/cangurunews.com.br\/como-a-psicologia-das-massas-explica-os-grupos-de-adolescentes-que-propagam-odio-na-internet\/\" target=\"_blank\" rel=\"noreferrer noopener\">adolescente<\/a>\u00a0costuma dormir muito tarde e acordar muito tarde tamb\u00e9m? Fique tranquilo, voc\u00ea n\u00e3o est\u00e1 sozinho! Essa \u00e9 uma queixa muito comum entre os pais \u2014 e saiba que existe uma explica\u00e7\u00e3o para isso. Sem d\u00favidas, a chegada da adolesc\u00eancia vem acompanhada de muitas <a href=\"https:\/\/cangurunews.com.br\/sindrome-da-adolescencia-normal-entenda-os-comportamentos-que-se-manifestam-nesse-periodo\/\" target=\"_blank\" rel=\"noreferrer noopener\">m<\/a><a href=\"https:\/\/cangurunews.com.br\/sindrome-da-adolescencia-normal-entenda-os-comportamentos-que-se-manifestam-nesse-periodo\/\">udan\u00e7as e transforma\u00e7\u00f5es<\/a>, inclusive no sono. Um estudo publicado no peri\u00f3dico m\u00e9dico JAMA descobriu que entre 14 e 33% dos adolescentes se queixam de problemas para dormir, enquanto 10 a 40% dos estudantes do ensino m\u00e9dio apresentam moderada ou transit\u00f3ria priva\u00e7\u00e3o ou insufici\u00eancia de sono.<br>Segundo Danielle H. Admoni, psiquiatra geral, da Inf\u00e2ncia e Adolesc\u00eancia, supervisora na resid\u00eancia da Universidade Federal de S\u00e3o Paulo (Unifesp\/EPM) e especialista pela Associa\u00e7\u00e3o Brasileira de Psiquiatria (ABP), os jovens s\u00e3o bastante vulner\u00e1veis a <a href=\"https:\/\/cangurunews.com.br\/disturbios-do-sono-criancas-pandemia\/\" target=\"_blank\" rel=\"noreferrer noopener\">dist\u00farbios do sono<\/a>, principalmente a\u00a0<a href=\"https:\/\/cangurunews.com.br\/insonia-infantil-quais-sao-as-causas-e-como-tratar\/\" target=\"_blank\" rel=\"noreferrer noopener\">ins\u00f4nia<\/a>. <\/p>\n\n\n\n<div class=\"wp-block-image\"><figure class=\"aligncenter size-large is-resized\"><img loading=\"lazy\" decoding=\"async\" src=\"https:\/\/jornalfatosenoticias.com.br\/wp-content\/uploads\/2022\/10\/Arte-jornal-Zucchi-600x600_Prancheta-1-1024x1024.jpg\" alt=\"\" class=\"wp-image-34782\" width=\"321\" height=\"321\" srcset=\"https:\/\/jornalfatosenoticias.com.br\/wp-content\/uploads\/2022\/10\/Arte-jornal-Zucchi-600x600_Prancheta-1-1024x1024.jpg 1024w, https:\/\/jornalfatosenoticias.com.br\/wp-content\/uploads\/2022\/10\/Arte-jornal-Zucchi-600x600_Prancheta-1-300x300.jpg 300w, https:\/\/jornalfatosenoticias.com.br\/wp-content\/uploads\/2022\/10\/Arte-jornal-Zucchi-600x600_Prancheta-1-150x150.jpg 150w, https:\/\/jornalfatosenoticias.com.br\/wp-content\/uploads\/2022\/10\/Arte-jornal-Zucchi-600x600_Prancheta-1-768x768.jpg 768w, https:\/\/jornalfatosenoticias.com.br\/wp-content\/uploads\/2022\/10\/Arte-jornal-Zucchi-600x600_Prancheta-1.jpg 1250w\" sizes=\"auto, (max-width: 321px) 100vw, 321px\" \/><\/figure><\/div>\n\n\n\n<blockquote class=\"wp-block-quote is-layout-flow wp-block-quote-is-layout-flow\"><p><span class=\"has-inline-color has-luminous-vivid-orange-color\">O adolescente \u00e9 um ser biologicamente \u2018programado\u2019 para dormir e acordar mais tarde, sendo que, na maior parte da manh\u00e3, seu c\u00e9rebro n\u00e3o est\u00e1 em estado de vig\u00edlia\u201d, afirma a especialista. <\/span><\/p><\/blockquote>\n\n\n\n<div class=\"wp-block-image\"><figure class=\"aligncenter size-large\"><img loading=\"lazy\" decoding=\"async\" width=\"300\" height=\"137\" src=\"https:\/\/jornalfatosenoticias.com.br\/wp-content\/uploads\/2023\/06\/LOGO_JULIANA-GRACA_PORTAL.jpg\" alt=\"\" class=\"wp-image-42597\"\/><\/figure><\/div>\n\n\n\n<p><strong><span class=\"has-inline-color has-vivid-purple-color\">Mas, afinal, como \u00e9 o sono dessa faixa et\u00e1ria?<br><\/span><\/strong>De acordo com a psic\u00f3loga Monica Machado, fundadora da <a href=\"https:\/\/amecclinica.com\/\" target=\"_blank\" rel=\"noreferrer noopener\">Cl\u00ednica Ame.C<\/a> e p\u00f3s-graduada em Psican\u00e1lise e Sa\u00fade Mental pelo Instituto de Ensino e Pesquisa do Hospital Albert Einstein, enquanto as crian\u00e7as s\u00e3o predominantemente matutinas, os adolescentes v\u00e3o se acostumando cada vez mais com a noite ao longo da <a href=\"https:\/\/cangurunews.com.br\/o-filme-red-crescer-e-uma-fera-e-os-desafios-da-puberdade\/\" target=\"_blank\" rel=\"noreferrer noopener\">puberdade<\/a>, atingindo o m\u00e1ximo da vespertinidade pr\u00f3ximo dos 20 anos de idade. \u201cGeralmente, acometem primeiro as meninas, podendo ser considerado um marcador do final da <a href=\"https:\/\/cangurunews.com.br\/estilo-parental-democratico\/\" target=\"_blank\" rel=\"noreferrer noopener\">adolesc\u00eancia<\/a>\u201d, diz.<\/p>\n\n\n\n<div class=\"wp-block-image\"><figure class=\"aligncenter size-large is-resized\"><img loading=\"lazy\" decoding=\"async\" src=\"https:\/\/jornalfatosenoticias.com.br\/wp-content\/uploads\/2023\/08\/ITH.jpeg\" alt=\"\" class=\"wp-image-44638\" width=\"327\" height=\"266\" srcset=\"https:\/\/jornalfatosenoticias.com.br\/wp-content\/uploads\/2023\/08\/ITH.jpeg 800w, https:\/\/jornalfatosenoticias.com.br\/wp-content\/uploads\/2023\/08\/ITH-300x244.jpeg 300w, https:\/\/jornalfatosenoticias.com.br\/wp-content\/uploads\/2023\/08\/ITH-768x624.jpeg 768w\" sizes=\"auto, (max-width: 327px) 100vw, 327px\" \/><\/figure><\/div>\n\n\n\n<p><strong><span class=\"has-inline-color has-vivid-purple-color\">Por que isso acontece?<br><\/span><\/strong>Primeiro, \u00e9 preciso lembrar que o nosso rel\u00f3gio biol\u00f3gico \u00e9 orientado pelo ciclo luz\/escuro, que \u00e9 a principal fonte de informa\u00e7\u00e3o do corpo sobre hor\u00e1rios, como explica Danielle Admoni. <\/p>\n\n\n\n<blockquote class=\"wp-block-quote is-layout-flow wp-block-quote-is-layout-flow\"><p><span class=\"has-inline-color has-luminous-vivid-orange-color\">A secre\u00e7\u00e3o do horm\u00f4nio <a href=\"https:\/\/cangurunews.com.br\/intoxicacao-de-criancas-por-melatonina-aumenta-530-na-ultima-decada\/\" target=\"_blank\" rel=\"noreferrer noopener\">melatonina<\/a> se inicia no escuro e \u00e9 inibida pela exposi\u00e7\u00e3o \u00e0 luz. A mesma passa pela retina para o n\u00facleo localizado no c\u00e9rebro, o supraquiasm\u00e1tico, que \u00e9 considerado o rel\u00f3gio central do nosso organismo. <strong>Nos adolescentes, a melatonina passa a ter seu pico de excre\u00e7\u00e3o mais tarde, atrasando a sensa\u00e7\u00e3o de sono\u201d,<\/strong> destaca a psiquiatra.<\/span><\/p><\/blockquote>\n\n\n\n<div class=\"wp-block-image\"><figure class=\"aligncenter size-large is-resized\"><img loading=\"lazy\" decoding=\"async\" src=\"https:\/\/jornalfatosenoticias.com.br\/wp-content\/uploads\/2023\/07\/lacremoda.jpg\" alt=\"\" class=\"wp-image-43706\" width=\"371\" height=\"207\" srcset=\"https:\/\/jornalfatosenoticias.com.br\/wp-content\/uploads\/2023\/07\/lacremoda.jpg 1024w, https:\/\/jornalfatosenoticias.com.br\/wp-content\/uploads\/2023\/07\/lacremoda-300x168.jpg 300w, https:\/\/jornalfatosenoticias.com.br\/wp-content\/uploads\/2023\/07\/lacremoda-768x431.jpg 768w\" sizes=\"auto, (max-width: 371px) 100vw, 371px\" \/><\/figure><\/div>\n\n\n\n<p>Ainda segundo a Admoni, o horm\u00f4nio cortisol, liberado pelas gl\u00e2ndulas suprarrenais, \u00e9 respons\u00e1vel por nos manter em alerta durante o dia. <strong>J\u00e1 para os adolescentes, essa secre\u00e7\u00e3o tamb\u00e9m \u00e9 tardia, levando ao despertar vagaroso e apresentando muito sono ao longo da manh\u00e3.<\/strong><\/p>\n\n\n\n<div class=\"wp-block-image\"><figure class=\"aligncenter size-large is-resized\"><img loading=\"lazy\" decoding=\"async\" src=\"https:\/\/jornalfatosenoticias.com.br\/wp-content\/uploads\/2023\/09\/vetorvix1024_1.jpg\" alt=\"\" class=\"wp-image-44868\" width=\"427\" height=\"113\" srcset=\"https:\/\/jornalfatosenoticias.com.br\/wp-content\/uploads\/2023\/09\/vetorvix1024_1.jpg 1024w, https:\/\/jornalfatosenoticias.com.br\/wp-content\/uploads\/2023\/09\/vetorvix1024_1-300x80.jpg 300w, https:\/\/jornalfatosenoticias.com.br\/wp-content\/uploads\/2023\/09\/vetorvix1024_1-768x205.jpg 768w\" sizes=\"auto, (max-width: 427px) 100vw, 427px\" \/><\/figure><\/div>\n\n\n\n<p><strong><span class=\"has-inline-color has-vivid-purple-color\">O sono afeta o desempenho escolar<br><\/span><\/strong>O indicado \u00e9 que os adolescentes durmam de oito a 10 horas por noite para terem uma vida saud\u00e1vel, de acordo com recomenda\u00e7\u00f5es da American Academy of Sleep Medicine, AASM, Academia Americana de Medicina do Sono. Caso eles n\u00e3o cumpram este padr\u00e3o de sono, podem ter consequ\u00eancias para o aprendizado e para a sa\u00fade geral. <\/p>\n\n\n\n<div class=\"wp-block-image\"><figure class=\"aligncenter size-large is-resized\"><img loading=\"lazy\" decoding=\"async\" src=\"https:\/\/jornalfatosenoticias.com.br\/wp-content\/uploads\/2023\/08\/VSM-Group.jpeg\" alt=\"\" class=\"wp-image-44364\" width=\"311\" height=\"311\"\/><\/figure><\/div>\n\n\n\n<blockquote class=\"wp-block-quote is-layout-flow wp-block-quote-is-layout-flow\"><p><span class=\"has-inline-color has-luminous-vivid-orange-color\">Eles podem apresentar dificuldades de aten\u00e7\u00e3o e de concentra\u00e7\u00e3o, baixo desempenho escolar, oscila\u00e7\u00f5es de humor, predisposi\u00e7\u00e3o a acidentes, atraso no desenvolvimento puberal, <a href=\"https:\/\/cangurunews.com.br\/hipertensao-criancas\/\" target=\"_blank\" rel=\"noreferrer noopener\">hipertens\u00e3o<\/a>,\u00a0<a href=\"https:\/\/cangurunews.com.br\/sono-de-bebe-obesidade-infancia\/\" target=\"_blank\" rel=\"noreferrer noopener\">obesidade<\/a>,\u00a0<a href=\"https:\/\/cangurunews.com.br\/caneta-de-insulina-criancas-e-adolescentes-com-diabetes\/\" target=\"_blank\" rel=\"noreferrer noopener\">diabetes<\/a>\u00a0e\u00a0<a href=\"https:\/\/cangurunews.com.br\/depressao-em-criancas-mudanca-de-comportamento-e-o-primeiro-sinal\/\" target=\"_blank\" rel=\"noreferrer noopener\">depress\u00e3o<\/a>, entre outras complica\u00e7\u00f5es\u201d, alerta a psic\u00f3loga Monica Machado.<\/span><\/p><\/blockquote>\n\n\n\n<div class=\"wp-block-image\"><figure class=\"aligncenter size-large is-resized\"><img loading=\"lazy\" decoding=\"async\" src=\"https:\/\/jornalfatosenoticias.com.br\/wp-content\/uploads\/2023\/08\/LOGO-BLU-COMERCIAL-PRETO-1024x600.jpg\" alt=\"\" class=\"wp-image-44053\" width=\"372\" height=\"217\"\/><\/figure><\/div>\n\n\n\n<p>Isso \u00e9 comprovado por um estudo realizado pela Escola de Medicina de Harvard (Harvard Medical School). Para a an\u00e1lise, estudantes do ensino m\u00e9dio foram divididos em dois grupos. Por sete dias, um grupo dormiu nove horas por noite, enquanto o outro grupo dormiu apenas cinco horas. Os que dormiram menos apresentaram mais altera\u00e7\u00f5es cognitivas e de humor ao longo da semana, quando comparados ao outro grupo. Al\u00e9m disso, foram necess\u00e1rias duas noites de \u201csono de recupera\u00e7\u00e3o\u201d para o organismo voltar ao normal.<\/p>\n\n\n\n<div class=\"wp-block-image\"><figure class=\"aligncenter size-large is-resized\"><img loading=\"lazy\" decoding=\"async\" src=\"https:\/\/jornalfatosenoticias.com.br\/wp-content\/uploads\/2020\/02\/logo-Rapuzel-1024x571.jpg\" alt=\"\" class=\"wp-image-42808\" width=\"373\" height=\"208\" srcset=\"https:\/\/jornalfatosenoticias.com.br\/wp-content\/uploads\/2020\/02\/logo-Rapuzel-1024x571.jpg 1024w, https:\/\/jornalfatosenoticias.com.br\/wp-content\/uploads\/2020\/02\/logo-Rapuzel-300x167.jpg 300w, https:\/\/jornalfatosenoticias.com.br\/wp-content\/uploads\/2020\/02\/logo-Rapuzel-768x428.jpg 768w, https:\/\/jornalfatosenoticias.com.br\/wp-content\/uploads\/2020\/02\/logo-Rapuzel-1536x856.jpg 1536w, https:\/\/jornalfatosenoticias.com.br\/wp-content\/uploads\/2020\/02\/logo-Rapuzel.jpg 1600w\" sizes=\"auto, (max-width: 373px) 100vw, 373px\" \/><\/figure><\/div>\n\n\n\n<p><strong><span class=\"has-inline-color has-vivid-purple-color\">O que os pais podem fazer?<br><\/span><\/strong>Infelizmente, h\u00e1 evid\u00eancias de que os adolescentes, na maioria das sociedades industrializadas, n\u00e3o atingem as horas di\u00e1rias de sono recomendadas durante o per\u00edodo escolar. Segundo estimativas consistentes, nos \u00faltimos 100 anos, o sono dos jovens encurtou em cerca de uma hora. <\/p>\n\n\n\n<div class=\"wp-block-image\"><figure class=\"aligncenter size-large is-resized\"><img loading=\"lazy\" decoding=\"async\" src=\"https:\/\/jornalfatosenoticias.com.br\/wp-content\/uploads\/2022\/10\/RC_800x750_page-0001.jpg\" alt=\"\" class=\"wp-image-35338\" width=\"301\" height=\"282\" srcset=\"https:\/\/jornalfatosenoticias.com.br\/wp-content\/uploads\/2022\/10\/RC_800x750_page-0001.jpg 400w, https:\/\/jornalfatosenoticias.com.br\/wp-content\/uploads\/2022\/10\/RC_800x750_page-0001-300x281.jpg 300w\" sizes=\"auto, (max-width: 301px) 100vw, 301px\" \/><\/figure><\/div>\n\n\n\n<blockquote class=\"wp-block-quote is-layout-flow wp-block-quote-is-layout-flow\"><p><span class=\"has-inline-color has-luminous-vivid-orange-color\">Junte a isso o \u00a0<a href=\"https:\/\/cangurunews.com.br\/uso-excessivo-de-telas-por-criancas-pode-causar-uma-epidemia-de-miopia-ate-2050\/\" target=\"_blank\" rel=\"noreferrer noopener\">excessivo uso de telas<\/a> e a intensa atividade social, que acabam contribuindo para a diminui\u00e7\u00e3o do tempo de sono. Al\u00e9m disso, a exposi\u00e7\u00e3o \u00e0 luz durante a noite favorece ainda mais a desregula\u00e7\u00e3o desse ciclo comportamental e biol\u00f3gico\u201d, analisa a psiquiatra.<\/span><\/p><\/blockquote>\n\n\n\n<div class=\"wp-block-image\"><figure class=\"aligncenter size-large is-resized\"><img loading=\"lazy\" decoding=\"async\" src=\"https:\/\/jornalfatosenoticias.com.br\/wp-content\/uploads\/2023\/03\/nova-logo-Marquetti.jpg\" alt=\"\" class=\"wp-image-40207\" width=\"332\" height=\"223\" srcset=\"https:\/\/jornalfatosenoticias.com.br\/wp-content\/uploads\/2023\/03\/nova-logo-Marquetti.jpg 643w, https:\/\/jornalfatosenoticias.com.br\/wp-content\/uploads\/2023\/03\/nova-logo-Marquetti-300x202.jpg 300w\" sizes=\"auto, (max-width: 332px) 100vw, 332px\" \/><\/figure><\/div>\n\n\n\n<p>Mas, ent\u00e3o, o que os pais podem fazer? Ainda que n\u00e3o seja saud\u00e1vel, a especialista defende a import\u00e2ncia de entender e respeitar que o organismo dos adolescentes atue de forma diferente. \u201cNesta fase, o ideal \u00e9 organizar as atividades e a vida do adolescente conforme seu ritmo. Cobrar, exigir e pressionar uma <a href=\"https:\/\/cangurunews.com.br\/readaptacao-rotina-escolar\/\" target=\"_blank\" rel=\"noreferrer noopener\">rotina<\/a> fora do seu padr\u00e3o biol\u00f3gico s\u00f3 ir\u00e1 gerar improdutividade e desgaste. Se for preciso, v\u00e1 incentivando a mudan\u00e7a de h\u00e1bitos aos poucos, at\u00e9 chegar no prazo de validade da adolesc\u00eancia\u201d, finaliza Danielle Admoni.<\/p>\n\n\n\n<div class=\"wp-block-image\"><figure class=\"aligncenter size-large is-resized\"><img loading=\"lazy\" decoding=\"async\" src=\"https:\/\/jornalfatosenoticias.com.br\/wp-content\/uploads\/2022\/02\/Precisao-Contabilidade-1024x724.jpg\" alt=\"\" class=\"wp-image-28088\" width=\"328\" height=\"232\"\/><\/figure><\/div>\n\n\n\n<p><strong><em>Fonte: <a href=\"https:\/\/cangurunews.com.br\/como-funciona-o-sono-dos-adolescentes\/\">Canguru News<\/a><\/em><\/strong><\/p>\n","protected":false},"excerpt":{"rendered":"<p>De acordo com especialistas, os jovens possuem um padr\u00e3o diferente das crian\u00e7as, pois a melatonina \u2014 horm\u00f4nio produzido durante o sono \u2014 passa a ter seu pico de excre\u00e7\u00e3o mais tarde, atrasando a sensa\u00e7\u00e3o de sono O seu filho adolescente\u00a0costuma dormir muito tarde e acordar muito tarde tamb\u00e9m? Fique tranquilo, voc\u00ea n\u00e3o est\u00e1 sozinho! Essa [&hellip;]<\/p>\n","protected":false},"author":2,"featured_media":44961,"comment_status":"open","ping_status":"open","sticky":false,"template":"","format":"standard","meta":{"footnotes":""},"categories":[2522],"tags":[263,2811,636,13516,1138,21191],"class_list":["post-44960","post","type-post","status-publish","format-standard","has-post-thumbnail","hentry","category-comportamento","tag-adolescencia","tag-adolescentes","tag-insonia","tag-melatonina","tag-sono","tag-sono-dos-adolescentes"],"yoast_head":"<!-- This site is optimized with the Yoast SEO plugin v26.5 - https:\/\/yoast.com\/wordpress\/plugins\/seo\/ -->\n<title>Como funciona o sono dos adolescentes? - Jornal Fatos e Not\u00edcias<\/title>\n<meta name=\"robots\" content=\"index, follow, max-snippet:-1, max-image-preview:large, max-video-preview:-1\" \/>\n<link rel=\"canonical\" href=\"https:\/\/jornalfatosenoticias.com.br\/index.php\/2023\/09\/08\/como-funciona-o-sono-dos-adolescentes\/\" \/>\n<meta property=\"og:locale\" content=\"pt_BR\" \/>\n<meta property=\"og:type\" content=\"article\" \/>\n<meta property=\"og:title\" content=\"Como funciona o sono dos adolescentes? - Jornal Fatos e Not\u00edcias\" \/>\n<meta property=\"og:description\" content=\"De acordo com especialistas, os jovens possuem um padr\u00e3o diferente das crian\u00e7as, pois a melatonina \u2014 horm\u00f4nio produzido durante o sono \u2014 passa a ter seu pico de excre\u00e7\u00e3o mais tarde, atrasando a sensa\u00e7\u00e3o de sono O seu filho adolescente\u00a0costuma dormir muito tarde e acordar muito tarde tamb\u00e9m? Fique tranquilo, voc\u00ea n\u00e3o est\u00e1 sozinho! Essa [&hellip;]\" \/>\n<meta property=\"og:url\" content=\"https:\/\/jornalfatosenoticias.com.br\/index.php\/2023\/09\/08\/como-funciona-o-sono-dos-adolescentes\/\" \/>\n<meta property=\"og:site_name\" content=\"Jornal Fatos e Not\u00edcias\" \/>\n<meta property=\"article:published_time\" content=\"2023-09-08T13:18:15+00:00\" \/>\n<meta property=\"article:modified_time\" content=\"2023-09-08T13:18:16+00:00\" \/>\n<meta property=\"og:image\" content=\"https:\/\/jornalfatosenoticias.com.br\/wp-content\/uploads\/2023\/09\/adolescente_sono.jpg\" \/>\n\t<meta property=\"og:image:width\" content=\"840\" \/>\n\t<meta property=\"og:image:height\" content=\"560\" \/>\n\t<meta property=\"og:image:type\" content=\"image\/jpeg\" \/>\n<meta name=\"author\" content=\"Luzimara Fernandes\" \/>\n<meta name=\"twitter:card\" content=\"summary_large_image\" \/>\n<meta name=\"twitter:label1\" content=\"Escrito por\" \/>\n\t<meta name=\"twitter:data1\" content=\"Luzimara Fernandes\" \/>\n\t<meta name=\"twitter:label2\" content=\"Est. tempo de leitura\" \/>\n\t<meta name=\"twitter:data2\" content=\"4 minutos\" \/>\n<script type=\"application\/ld+json\" class=\"yoast-schema-graph\">{\"@context\":\"https:\/\/schema.org\",\"@graph\":[{\"@type\":\"Article\",\"@id\":\"https:\/\/jornalfatosenoticias.com.br\/index.php\/2023\/09\/08\/como-funciona-o-sono-dos-adolescentes\/#article\",\"isPartOf\":{\"@id\":\"https:\/\/jornalfatosenoticias.com.br\/index.php\/2023\/09\/08\/como-funciona-o-sono-dos-adolescentes\/\"},\"author\":{\"name\":\"Luzimara Fernandes\",\"@id\":\"https:\/\/jornalfatosenoticias.com.br\/#\/schema\/person\/d63837fa13ac8666eb9e74e0985d6f81\"},\"headline\":\"Como funciona o sono dos adolescentes?\",\"datePublished\":\"2023-09-08T13:18:15+00:00\",\"dateModified\":\"2023-09-08T13:18:16+00:00\",\"mainEntityOfPage\":{\"@id\":\"https:\/\/jornalfatosenoticias.com.br\/index.php\/2023\/09\/08\/como-funciona-o-sono-dos-adolescentes\/\"},\"wordCount\":859,\"commentCount\":0,\"publisher\":{\"@id\":\"https:\/\/jornalfatosenoticias.com.br\/#organization\"},\"image\":{\"@id\":\"https:\/\/jornalfatosenoticias.com.br\/index.php\/2023\/09\/08\/como-funciona-o-sono-dos-adolescentes\/#primaryimage\"},\"thumbnailUrl\":\"https:\/\/jornalfatosenoticias.com.br\/wp-content\/uploads\/2023\/09\/adolescente_sono.jpg\",\"keywords\":[\"adolesc\u00eancia\",\"adolescentes\",\"ins\u00f4nia\",\"melatonina\",\"sono\",\"sono dos adolescentes\"],\"articleSection\":[\"Comportamento &amp; Equil\u00edbrio\"],\"inLanguage\":\"pt-BR\",\"potentialAction\":[{\"@type\":\"CommentAction\",\"name\":\"Comment\",\"target\":[\"https:\/\/jornalfatosenoticias.com.br\/index.php\/2023\/09\/08\/como-funciona-o-sono-dos-adolescentes\/#respond\"]}]},{\"@type\":\"WebPage\",\"@id\":\"https:\/\/jornalfatosenoticias.com.br\/index.php\/2023\/09\/08\/como-funciona-o-sono-dos-adolescentes\/\",\"url\":\"https:\/\/jornalfatosenoticias.com.br\/index.php\/2023\/09\/08\/como-funciona-o-sono-dos-adolescentes\/\",\"name\":\"Como funciona o sono dos adolescentes? - Jornal Fatos e Not\u00edcias\",\"isPartOf\":{\"@id\":\"https:\/\/jornalfatosenoticias.com.br\/#website\"},\"primaryImageOfPage\":{\"@id\":\"https:\/\/jornalfatosenoticias.com.br\/index.php\/2023\/09\/08\/como-funciona-o-sono-dos-adolescentes\/#primaryimage\"},\"image\":{\"@id\":\"https:\/\/jornalfatosenoticias.com.br\/index.php\/2023\/09\/08\/como-funciona-o-sono-dos-adolescentes\/#primaryimage\"},\"thumbnailUrl\":\"https:\/\/jornalfatosenoticias.com.br\/wp-content\/uploads\/2023\/09\/adolescente_sono.jpg\",\"datePublished\":\"2023-09-08T13:18:15+00:00\",\"dateModified\":\"2023-09-08T13:18:16+00:00\",\"breadcrumb\":{\"@id\":\"https:\/\/jornalfatosenoticias.com.br\/index.php\/2023\/09\/08\/como-funciona-o-sono-dos-adolescentes\/#breadcrumb\"},\"inLanguage\":\"pt-BR\",\"potentialAction\":[{\"@type\":\"ReadAction\",\"target\":[\"https:\/\/jornalfatosenoticias.com.br\/index.php\/2023\/09\/08\/como-funciona-o-sono-dos-adolescentes\/\"]}]},{\"@type\":\"ImageObject\",\"inLanguage\":\"pt-BR\",\"@id\":\"https:\/\/jornalfatosenoticias.com.br\/index.php\/2023\/09\/08\/como-funciona-o-sono-dos-adolescentes\/#primaryimage\",\"url\":\"https:\/\/jornalfatosenoticias.com.br\/wp-content\/uploads\/2023\/09\/adolescente_sono.jpg\",\"contentUrl\":\"https:\/\/jornalfatosenoticias.com.br\/wp-content\/uploads\/2023\/09\/adolescente_sono.jpg\",\"width\":840,\"height\":560},{\"@type\":\"BreadcrumbList\",\"@id\":\"https:\/\/jornalfatosenoticias.com.br\/index.php\/2023\/09\/08\/como-funciona-o-sono-dos-adolescentes\/#breadcrumb\",\"itemListElement\":[{\"@type\":\"ListItem\",\"position\":1,\"name\":\"In\u00edcio\",\"item\":\"https:\/\/jornalfatosenoticias.com.br\/\"},{\"@type\":\"ListItem\",\"position\":2,\"name\":\"Como funciona o sono dos adolescentes?\"}]},{\"@type\":\"WebSite\",\"@id\":\"https:\/\/jornalfatosenoticias.com.br\/#website\",\"url\":\"https:\/\/jornalfatosenoticias.com.br\/\",\"name\":\"Jornal Fatos e Not\u00edcias\",\"description\":\"Not\u00edcias em geral\",\"publisher\":{\"@id\":\"https:\/\/jornalfatosenoticias.com.br\/#organization\"},\"potentialAction\":[{\"@type\":\"SearchAction\",\"target\":{\"@type\":\"EntryPoint\",\"urlTemplate\":\"https:\/\/jornalfatosenoticias.com.br\/?s={search_term_string}\"},\"query-input\":{\"@type\":\"PropertyValueSpecification\",\"valueRequired\":true,\"valueName\":\"search_term_string\"}}],\"inLanguage\":\"pt-BR\"},{\"@type\":\"Organization\",\"@id\":\"https:\/\/jornalfatosenoticias.com.br\/#organization\",\"name\":\"Jornal Fatos e Not\u00edcias\",\"url\":\"https:\/\/jornalfatosenoticias.com.br\/\",\"logo\":{\"@type\":\"ImageObject\",\"inLanguage\":\"pt-BR\",\"@id\":\"https:\/\/jornalfatosenoticias.com.br\/#\/schema\/logo\/image\/\",\"url\":\"https:\/\/jornalfatosenoticias.com.br\/wp-content\/uploads\/2020\/02\/logo120.png\",\"contentUrl\":\"https:\/\/jornalfatosenoticias.com.br\/wp-content\/uploads\/2020\/02\/logo120.png\",\"width\":1227,\"height\":120,\"caption\":\"Jornal Fatos e Not\u00edcias\"},\"image\":{\"@id\":\"https:\/\/jornalfatosenoticias.com.br\/#\/schema\/logo\/image\/\"}},{\"@type\":\"Person\",\"@id\":\"https:\/\/jornalfatosenoticias.com.br\/#\/schema\/person\/d63837fa13ac8666eb9e74e0985d6f81\",\"name\":\"Luzimara Fernandes\",\"image\":{\"@type\":\"ImageObject\",\"inLanguage\":\"pt-BR\",\"@id\":\"https:\/\/jornalfatosenoticias.com.br\/#\/schema\/person\/image\/\",\"url\":\"https:\/\/jornalfatosenoticias.com.br\/wp-content\/uploads\/2025\/05\/EU_portal.jpg\",\"contentUrl\":\"https:\/\/jornalfatosenoticias.com.br\/wp-content\/uploads\/2025\/05\/EU_portal.jpg\",\"caption\":\"Luzimara Fernandes\"},\"description\":\"Jornalista MTB 2358-ES\",\"sameAs\":[\"https:\/\/jornalfatosenoticias.com.br\"],\"url\":\"https:\/\/jornalfatosenoticias.com.br\/index.php\/author\/luzimara\/\"}]}<\/script>\n<!-- \/ Yoast SEO plugin. -->","yoast_head_json":{"title":"Como funciona o sono dos adolescentes? - Jornal Fatos e Not\u00edcias","robots":{"index":"index","follow":"follow","max-snippet":"max-snippet:-1","max-image-preview":"max-image-preview:large","max-video-preview":"max-video-preview:-1"},"canonical":"https:\/\/jornalfatosenoticias.com.br\/index.php\/2023\/09\/08\/como-funciona-o-sono-dos-adolescentes\/","og_locale":"pt_BR","og_type":"article","og_title":"Como funciona o sono dos adolescentes? - Jornal Fatos e Not\u00edcias","og_description":"De acordo com especialistas, os jovens possuem um padr\u00e3o diferente das crian\u00e7as, pois a melatonina \u2014 horm\u00f4nio produzido durante o sono \u2014 passa a ter seu pico de excre\u00e7\u00e3o mais tarde, atrasando a sensa\u00e7\u00e3o de sono O seu filho adolescente\u00a0costuma dormir muito tarde e acordar muito tarde tamb\u00e9m? Fique tranquilo, voc\u00ea n\u00e3o est\u00e1 sozinho! Essa [&hellip;]","og_url":"https:\/\/jornalfatosenoticias.com.br\/index.php\/2023\/09\/08\/como-funciona-o-sono-dos-adolescentes\/","og_site_name":"Jornal Fatos e Not\u00edcias","article_published_time":"2023-09-08T13:18:15+00:00","article_modified_time":"2023-09-08T13:18:16+00:00","og_image":[{"width":840,"height":560,"url":"https:\/\/jornalfatosenoticias.com.br\/wp-content\/uploads\/2023\/09\/adolescente_sono.jpg","type":"image\/jpeg"}],"author":"Luzimara Fernandes","twitter_card":"summary_large_image","twitter_misc":{"Escrito por":"Luzimara Fernandes","Est. tempo de leitura":"4 minutos"},"schema":{"@context":"https:\/\/schema.org","@graph":[{"@type":"Article","@id":"https:\/\/jornalfatosenoticias.com.br\/index.php\/2023\/09\/08\/como-funciona-o-sono-dos-adolescentes\/#article","isPartOf":{"@id":"https:\/\/jornalfatosenoticias.com.br\/index.php\/2023\/09\/08\/como-funciona-o-sono-dos-adolescentes\/"},"author":{"name":"Luzimara Fernandes","@id":"https:\/\/jornalfatosenoticias.com.br\/#\/schema\/person\/d63837fa13ac8666eb9e74e0985d6f81"},"headline":"Como funciona o sono dos adolescentes?","datePublished":"2023-09-08T13:18:15+00:00","dateModified":"2023-09-08T13:18:16+00:00","mainEntityOfPage":{"@id":"https:\/\/jornalfatosenoticias.com.br\/index.php\/2023\/09\/08\/como-funciona-o-sono-dos-adolescentes\/"},"wordCount":859,"commentCount":0,"publisher":{"@id":"https:\/\/jornalfatosenoticias.com.br\/#organization"},"image":{"@id":"https:\/\/jornalfatosenoticias.com.br\/index.php\/2023\/09\/08\/como-funciona-o-sono-dos-adolescentes\/#primaryimage"},"thumbnailUrl":"https:\/\/jornalfatosenoticias.com.br\/wp-content\/uploads\/2023\/09\/adolescente_sono.jpg","keywords":["adolesc\u00eancia","adolescentes","ins\u00f4nia","melatonina","sono","sono dos adolescentes"],"articleSection":["Comportamento &amp; Equil\u00edbrio"],"inLanguage":"pt-BR","potentialAction":[{"@type":"CommentAction","name":"Comment","target":["https:\/\/jornalfatosenoticias.com.br\/index.php\/2023\/09\/08\/como-funciona-o-sono-dos-adolescentes\/#respond"]}]},{"@type":"WebPage","@id":"https:\/\/jornalfatosenoticias.com.br\/index.php\/2023\/09\/08\/como-funciona-o-sono-dos-adolescentes\/","url":"https:\/\/jornalfatosenoticias.com.br\/index.php\/2023\/09\/08\/como-funciona-o-sono-dos-adolescentes\/","name":"Como funciona o sono dos adolescentes? - Jornal Fatos e Not\u00edcias","isPartOf":{"@id":"https:\/\/jornalfatosenoticias.com.br\/#website"},"primaryImageOfPage":{"@id":"https:\/\/jornalfatosenoticias.com.br\/index.php\/2023\/09\/08\/como-funciona-o-sono-dos-adolescentes\/#primaryimage"},"image":{"@id":"https:\/\/jornalfatosenoticias.com.br\/index.php\/2023\/09\/08\/como-funciona-o-sono-dos-adolescentes\/#primaryimage"},"thumbnailUrl":"https:\/\/jornalfatosenoticias.com.br\/wp-content\/uploads\/2023\/09\/adolescente_sono.jpg","datePublished":"2023-09-08T13:18:15+00:00","dateModified":"2023-09-08T13:18:16+00:00","breadcrumb":{"@id":"https:\/\/jornalfatosenoticias.com.br\/index.php\/2023\/09\/08\/como-funciona-o-sono-dos-adolescentes\/#breadcrumb"},"inLanguage":"pt-BR","potentialAction":[{"@type":"ReadAction","target":["https:\/\/jornalfatosenoticias.com.br\/index.php\/2023\/09\/08\/como-funciona-o-sono-dos-adolescentes\/"]}]},{"@type":"ImageObject","inLanguage":"pt-BR","@id":"https:\/\/jornalfatosenoticias.com.br\/index.php\/2023\/09\/08\/como-funciona-o-sono-dos-adolescentes\/#primaryimage","url":"https:\/\/jornalfatosenoticias.com.br\/wp-content\/uploads\/2023\/09\/adolescente_sono.jpg","contentUrl":"https:\/\/jornalfatosenoticias.com.br\/wp-content\/uploads\/2023\/09\/adolescente_sono.jpg","width":840,"height":560},{"@type":"BreadcrumbList","@id":"https:\/\/jornalfatosenoticias.com.br\/index.php\/2023\/09\/08\/como-funciona-o-sono-dos-adolescentes\/#breadcrumb","itemListElement":[{"@type":"ListItem","position":1,"name":"In\u00edcio","item":"https:\/\/jornalfatosenoticias.com.br\/"},{"@type":"ListItem","position":2,"name":"Como funciona o sono dos adolescentes?"}]},{"@type":"WebSite","@id":"https:\/\/jornalfatosenoticias.com.br\/#website","url":"https:\/\/jornalfatosenoticias.com.br\/","name":"Jornal Fatos e Not\u00edcias","description":"Not\u00edcias em geral","publisher":{"@id":"https:\/\/jornalfatosenoticias.com.br\/#organization"},"potentialAction":[{"@type":"SearchAction","target":{"@type":"EntryPoint","urlTemplate":"https:\/\/jornalfatosenoticias.com.br\/?s={search_term_string}"},"query-input":{"@type":"PropertyValueSpecification","valueRequired":true,"valueName":"search_term_string"}}],"inLanguage":"pt-BR"},{"@type":"Organization","@id":"https:\/\/jornalfatosenoticias.com.br\/#organization","name":"Jornal Fatos e Not\u00edcias","url":"https:\/\/jornalfatosenoticias.com.br\/","logo":{"@type":"ImageObject","inLanguage":"pt-BR","@id":"https:\/\/jornalfatosenoticias.com.br\/#\/schema\/logo\/image\/","url":"https:\/\/jornalfatosenoticias.com.br\/wp-content\/uploads\/2020\/02\/logo120.png","contentUrl":"https:\/\/jornalfatosenoticias.com.br\/wp-content\/uploads\/2020\/02\/logo120.png","width":1227,"height":120,"caption":"Jornal Fatos e Not\u00edcias"},"image":{"@id":"https:\/\/jornalfatosenoticias.com.br\/#\/schema\/logo\/image\/"}},{"@type":"Person","@id":"https:\/\/jornalfatosenoticias.com.br\/#\/schema\/person\/d63837fa13ac8666eb9e74e0985d6f81","name":"Luzimara Fernandes","image":{"@type":"ImageObject","inLanguage":"pt-BR","@id":"https:\/\/jornalfatosenoticias.com.br\/#\/schema\/person\/image\/","url":"https:\/\/jornalfatosenoticias.com.br\/wp-content\/uploads\/2025\/05\/EU_portal.jpg","contentUrl":"https:\/\/jornalfatosenoticias.com.br\/wp-content\/uploads\/2025\/05\/EU_portal.jpg","caption":"Luzimara Fernandes"},"description":"Jornalista MTB 2358-ES","sameAs":["https:\/\/jornalfatosenoticias.com.br"],"url":"https:\/\/jornalfatosenoticias.com.br\/index.php\/author\/luzimara\/"}]}},"cc_featured_image_caption":{"caption_text":"(Foto: Freepik)","source_text":"","source_url":""},"jetpack_featured_media_url":"https:\/\/jornalfatosenoticias.com.br\/wp-content\/uploads\/2023\/09\/adolescente_sono.jpg","_links":{"self":[{"href":"https:\/\/jornalfatosenoticias.com.br\/index.php\/wp-json\/wp\/v2\/posts\/44960","targetHints":{"allow":["GET"]}}],"collection":[{"href":"https:\/\/jornalfatosenoticias.com.br\/index.php\/wp-json\/wp\/v2\/posts"}],"about":[{"href":"https:\/\/jornalfatosenoticias.com.br\/index.php\/wp-json\/wp\/v2\/types\/post"}],"author":[{"embeddable":true,"href":"https:\/\/jornalfatosenoticias.com.br\/index.php\/wp-json\/wp\/v2\/users\/2"}],"replies":[{"embeddable":true,"href":"https:\/\/jornalfatosenoticias.com.br\/index.php\/wp-json\/wp\/v2\/comments?post=44960"}],"version-history":[{"count":0,"href":"https:\/\/jornalfatosenoticias.com.br\/index.php\/wp-json\/wp\/v2\/posts\/44960\/revisions"}],"wp:featuredmedia":[{"embeddable":true,"href":"https:\/\/jornalfatosenoticias.com.br\/index.php\/wp-json\/wp\/v2\/media\/44961"}],"wp:attachment":[{"href":"https:\/\/jornalfatosenoticias.com.br\/index.php\/wp-json\/wp\/v2\/media?parent=44960"}],"wp:term":[{"taxonomy":"category","embeddable":true,"href":"https:\/\/jornalfatosenoticias.com.br\/index.php\/wp-json\/wp\/v2\/categories?post=44960"},{"taxonomy":"post_tag","embeddable":true,"href":"https:\/\/jornalfatosenoticias.com.br\/index.php\/wp-json\/wp\/v2\/tags?post=44960"}],"curies":[{"name":"wp","href":"https:\/\/api.w.org\/{rel}","templated":true}]}}