{"id":44975,"date":"2023-09-08T12:09:35","date_gmt":"2023-09-08T15:09:35","guid":{"rendered":"https:\/\/jornalfatosenoticias.com.br\/?p=44975"},"modified":"2023-09-08T12:09:36","modified_gmt":"2023-09-08T15:09:36","slug":"suprema-corte-do-mexico-descriminaliza-aborto-em-todo-o-pais","status":"publish","type":"post","link":"https:\/\/jornalfatosenoticias.com.br\/index.php\/2023\/09\/08\/suprema-corte-do-mexico-descriminaliza-aborto-em-todo-o-pais\/","title":{"rendered":"Suprema Corte do M\u00e9xico descriminaliza aborto em todo o pa\u00eds"},"content":{"rendered":"\n<p><em><span class=\"has-inline-color has-black-color\">Tribunal considerou inconstitucional trecho do C\u00f3digo Penal que pune interrup\u00e7\u00e3o da gravidez<\/span><\/em><\/p>\n\n\n\n<p><em><span class=\"has-inline-color has-black-color\">Por <strong><a href=\"https:\/\/www.conexaopolitica.com.br\/author\/marcos\/\">Marcos Rocha<\/a><\/strong><\/span><\/em><\/p>\n\n\n\n<div class=\"wp-block-image\"><figure class=\"aligncenter size-large\"><img decoding=\"async\" src=\"https:\/\/jornalfatosenoticias.com.br\/wp-content\/uploads\/2020\/02\/barao-das-carnes-300x164-1.jpg\" alt=\"\" class=\"wp-image-34339\"\/><\/figure><\/div>\n\n\n\n<p>Em uma decis\u00e3o que vai de encontro a manifesta\u00e7\u00f5es de grupos conservadores, a Suprema Corte do M\u00e9xico optou por legalizar o aborto em todo o pa\u00eds, conforme anunciado na quarta-feira (6).<br>A decis\u00e3o vem ap\u00f3s diversos estados mexicanos j\u00e1 terem revogado proibi\u00e7\u00f5es \u00e0 interrup\u00e7\u00e3o da gravidez. Segundo o jornal Reforma, o veredito do tribunal mais alto do pa\u00eds exige que o Congresso revogue as restri\u00e7\u00f5es presentes no C\u00f3digo Penal referentes ao aborto desde 1931.<\/p>\n\n\n\n<div class=\"wp-block-image\"><figure class=\"aligncenter size-large is-resized\"><img loading=\"lazy\" decoding=\"async\" src=\"https:\/\/jornalfatosenoticias.com.br\/wp-content\/uploads\/2023\/08\/Control-Systems.jpg\" alt=\"\" class=\"wp-image-44092\" width=\"306\" height=\"367\"\/><\/figure><\/div>\n\n\n\n<p>Dois anos atr\u00e1s, em setembro de 2021, outra decis\u00e3o da Suprema Corte abriu a possibilidade para que os estados legalizassem o procedimento, mas nem todos o fizeram. A Cidade do M\u00e9xico, a capital do pa\u00eds, foi a pioneira na descriminaliza\u00e7\u00e3o do aborto h\u00e1 15 anos.<br>Com essa nova decis\u00e3o do \u2018STF do M\u00e9xico\u2019, o pa\u00eds se junta a uma tend\u00eancia de descriminaliza\u00e7\u00e3o na Am\u00e9rica Latina, ao contr\u00e1rio da situa\u00e7\u00e3o presente nos <a href=\"https:\/\/www.conexaopolitica.com.br\/tag\/estados-unidos\/\">Estados Unidos<\/a>, onde os ju\u00edzes da Suprema Corte revogaram o \u201cdireito ao aborto\u201d em 2022.<\/p>\n\n\n\n<div class=\"wp-block-image\"><figure class=\"aligncenter size-large\"><img loading=\"lazy\" decoding=\"async\" width=\"562\" height=\"1000\" src=\"https:\/\/jornalfatosenoticias.com.br\/wp-content\/uploads\/2023\/09\/campeonato-de-frescobol.jpg\" alt=\"\" class=\"wp-image-44967\" srcset=\"https:\/\/jornalfatosenoticias.com.br\/wp-content\/uploads\/2023\/09\/campeonato-de-frescobol.jpg 562w, https:\/\/jornalfatosenoticias.com.br\/wp-content\/uploads\/2023\/09\/campeonato-de-frescobol-169x300.jpg 169w\" sizes=\"auto, (max-width: 562px) 100vw, 562px\" \/><\/figure><\/div>\n\n\n\n<p><strong><em>Fonte: <a href=\"https:\/\/www.conexaopolitica.com.br\/internacional\/suprema-corte-do-mexico-descriminaliza-aborto-em-todo-o-pais\/\">Conex\u00e3o Pol\u00edtica<\/a><\/em><\/strong><\/p>\n","protected":false},"excerpt":{"rendered":"<p>Tribunal considerou inconstitucional trecho do C\u00f3digo Penal que pune interrup\u00e7\u00e3o da gravidez Por Marcos Rocha Em uma decis\u00e3o que vai de encontro a manifesta\u00e7\u00f5es de grupos conservadores, a Suprema Corte do M\u00e9xico optou por legalizar o aborto em todo o pa\u00eds, conforme anunciado na quarta-feira (6).A decis\u00e3o vem ap\u00f3s diversos estados mexicanos j\u00e1 terem revogado [&hellip;]<\/p>\n","protected":false},"author":2,"featured_media":44976,"comment_status":"open","ping_status":"open","sticky":false,"template":"","format":"standard","meta":{"footnotes":""},"categories":[41],"tags":[2353,260,17895,156],"class_list":["post-44975","post","type-post","status-publish","format-standard","has-post-thumbnail","hentry","category-internacional","tag-aborto","tag-america-latina","tag-judiciario","tag-mexico"],"yoast_head":"<!-- This site is optimized with the Yoast SEO plugin v26.5 - https:\/\/yoast.com\/wordpress\/plugins\/seo\/ -->\n<title>Suprema Corte do M\u00e9xico descriminaliza aborto em todo o pa\u00eds - Jornal Fatos e Not\u00edcias<\/title>\n<meta name=\"robots\" content=\"index, follow, max-snippet:-1, max-image-preview:large, max-video-preview:-1\" \/>\n<link rel=\"canonical\" href=\"https:\/\/jornalfatosenoticias.com.br\/index.php\/2023\/09\/08\/suprema-corte-do-mexico-descriminaliza-aborto-em-todo-o-pais\/\" \/>\n<meta property=\"og:locale\" content=\"pt_BR\" \/>\n<meta property=\"og:type\" content=\"article\" \/>\n<meta property=\"og:title\" content=\"Suprema Corte do M\u00e9xico descriminaliza aborto em todo o pa\u00eds - Jornal Fatos e Not\u00edcias\" \/>\n<meta property=\"og:description\" content=\"Tribunal considerou inconstitucional trecho do C\u00f3digo Penal que pune interrup\u00e7\u00e3o da gravidez Por Marcos Rocha Em uma decis\u00e3o que vai de encontro a manifesta\u00e7\u00f5es de grupos conservadores, a Suprema Corte do M\u00e9xico optou por legalizar o aborto em todo o pa\u00eds, conforme anunciado na quarta-feira (6).A decis\u00e3o vem ap\u00f3s diversos estados mexicanos j\u00e1 terem revogado [&hellip;]\" \/>\n<meta property=\"og:url\" content=\"https:\/\/jornalfatosenoticias.com.br\/index.php\/2023\/09\/08\/suprema-corte-do-mexico-descriminaliza-aborto-em-todo-o-pais\/\" \/>\n<meta property=\"og:site_name\" content=\"Jornal Fatos e Not\u00edcias\" \/>\n<meta property=\"article:published_time\" content=\"2023-09-08T15:09:35+00:00\" \/>\n<meta property=\"article:modified_time\" content=\"2023-09-08T15:09:36+00:00\" \/>\n<meta property=\"og:image\" content=\"https:\/\/jornalfatosenoticias.com.br\/wp-content\/uploads\/2023\/09\/aborto_Mexico.jpg\" \/>\n\t<meta property=\"og:image:width\" content=\"906\" \/>\n\t<meta property=\"og:image:height\" content=\"509\" \/>\n\t<meta property=\"og:image:type\" content=\"image\/jpeg\" \/>\n<meta name=\"author\" content=\"Luzimara Fernandes\" \/>\n<meta name=\"twitter:card\" content=\"summary_large_image\" \/>\n<meta name=\"twitter:label1\" content=\"Escrito por\" \/>\n\t<meta name=\"twitter:data1\" content=\"Luzimara Fernandes\" \/>\n\t<meta name=\"twitter:label2\" content=\"Est. tempo de leitura\" \/>\n\t<meta name=\"twitter:data2\" content=\"1 minuto\" \/>\n<script type=\"application\/ld+json\" class=\"yoast-schema-graph\">{\"@context\":\"https:\/\/schema.org\",\"@graph\":[{\"@type\":\"Article\",\"@id\":\"https:\/\/jornalfatosenoticias.com.br\/index.php\/2023\/09\/08\/suprema-corte-do-mexico-descriminaliza-aborto-em-todo-o-pais\/#article\",\"isPartOf\":{\"@id\":\"https:\/\/jornalfatosenoticias.com.br\/index.php\/2023\/09\/08\/suprema-corte-do-mexico-descriminaliza-aborto-em-todo-o-pais\/\"},\"author\":{\"name\":\"Luzimara Fernandes\",\"@id\":\"https:\/\/jornalfatosenoticias.com.br\/#\/schema\/person\/d63837fa13ac8666eb9e74e0985d6f81\"},\"headline\":\"Suprema Corte do M\u00e9xico descriminaliza aborto em todo o pa\u00eds\",\"datePublished\":\"2023-09-08T15:09:35+00:00\",\"dateModified\":\"2023-09-08T15:09:36+00:00\",\"mainEntityOfPage\":{\"@id\":\"https:\/\/jornalfatosenoticias.com.br\/index.php\/2023\/09\/08\/suprema-corte-do-mexico-descriminaliza-aborto-em-todo-o-pais\/\"},\"wordCount\":213,\"commentCount\":0,\"publisher\":{\"@id\":\"https:\/\/jornalfatosenoticias.com.br\/#organization\"},\"image\":{\"@id\":\"https:\/\/jornalfatosenoticias.com.br\/index.php\/2023\/09\/08\/suprema-corte-do-mexico-descriminaliza-aborto-em-todo-o-pais\/#primaryimage\"},\"thumbnailUrl\":\"https:\/\/jornalfatosenoticias.com.br\/wp-content\/uploads\/2023\/09\/aborto_Mexico.jpg\",\"keywords\":[\"aborto\",\"Am\u00e9rica latina\",\"Judici\u00e1rio\",\"M\u00e9xico\"],\"articleSection\":[\"Internacional\"],\"inLanguage\":\"pt-BR\",\"potentialAction\":[{\"@type\":\"CommentAction\",\"name\":\"Comment\",\"target\":[\"https:\/\/jornalfatosenoticias.com.br\/index.php\/2023\/09\/08\/suprema-corte-do-mexico-descriminaliza-aborto-em-todo-o-pais\/#respond\"]}]},{\"@type\":\"WebPage\",\"@id\":\"https:\/\/jornalfatosenoticias.com.br\/index.php\/2023\/09\/08\/suprema-corte-do-mexico-descriminaliza-aborto-em-todo-o-pais\/\",\"url\":\"https:\/\/jornalfatosenoticias.com.br\/index.php\/2023\/09\/08\/suprema-corte-do-mexico-descriminaliza-aborto-em-todo-o-pais\/\",\"name\":\"Suprema Corte do M\u00e9xico descriminaliza aborto em todo o pa\u00eds - Jornal Fatos e Not\u00edcias\",\"isPartOf\":{\"@id\":\"https:\/\/jornalfatosenoticias.com.br\/#website\"},\"primaryImageOfPage\":{\"@id\":\"https:\/\/jornalfatosenoticias.com.br\/index.php\/2023\/09\/08\/suprema-corte-do-mexico-descriminaliza-aborto-em-todo-o-pais\/#primaryimage\"},\"image\":{\"@id\":\"https:\/\/jornalfatosenoticias.com.br\/index.php\/2023\/09\/08\/suprema-corte-do-mexico-descriminaliza-aborto-em-todo-o-pais\/#primaryimage\"},\"thumbnailUrl\":\"https:\/\/jornalfatosenoticias.com.br\/wp-content\/uploads\/2023\/09\/aborto_Mexico.jpg\",\"datePublished\":\"2023-09-08T15:09:35+00:00\",\"dateModified\":\"2023-09-08T15:09:36+00:00\",\"breadcrumb\":{\"@id\":\"https:\/\/jornalfatosenoticias.com.br\/index.php\/2023\/09\/08\/suprema-corte-do-mexico-descriminaliza-aborto-em-todo-o-pais\/#breadcrumb\"},\"inLanguage\":\"pt-BR\",\"potentialAction\":[{\"@type\":\"ReadAction\",\"target\":[\"https:\/\/jornalfatosenoticias.com.br\/index.php\/2023\/09\/08\/suprema-corte-do-mexico-descriminaliza-aborto-em-todo-o-pais\/\"]}]},{\"@type\":\"ImageObject\",\"inLanguage\":\"pt-BR\",\"@id\":\"https:\/\/jornalfatosenoticias.com.br\/index.php\/2023\/09\/08\/suprema-corte-do-mexico-descriminaliza-aborto-em-todo-o-pais\/#primaryimage\",\"url\":\"https:\/\/jornalfatosenoticias.com.br\/wp-content\/uploads\/2023\/09\/aborto_Mexico.jpg\",\"contentUrl\":\"https:\/\/jornalfatosenoticias.com.br\/wp-content\/uploads\/2023\/09\/aborto_Mexico.jpg\",\"width\":906,\"height\":509},{\"@type\":\"BreadcrumbList\",\"@id\":\"https:\/\/jornalfatosenoticias.com.br\/index.php\/2023\/09\/08\/suprema-corte-do-mexico-descriminaliza-aborto-em-todo-o-pais\/#breadcrumb\",\"itemListElement\":[{\"@type\":\"ListItem\",\"position\":1,\"name\":\"In\u00edcio\",\"item\":\"https:\/\/jornalfatosenoticias.com.br\/\"},{\"@type\":\"ListItem\",\"position\":2,\"name\":\"Suprema Corte do M\u00e9xico descriminaliza aborto em todo o pa\u00eds\"}]},{\"@type\":\"WebSite\",\"@id\":\"https:\/\/jornalfatosenoticias.com.br\/#website\",\"url\":\"https:\/\/jornalfatosenoticias.com.br\/\",\"name\":\"Jornal Fatos e Not\u00edcias\",\"description\":\"Not\u00edcias em geral\",\"publisher\":{\"@id\":\"https:\/\/jornalfatosenoticias.com.br\/#organization\"},\"potentialAction\":[{\"@type\":\"SearchAction\",\"target\":{\"@type\":\"EntryPoint\",\"urlTemplate\":\"https:\/\/jornalfatosenoticias.com.br\/?s={search_term_string}\"},\"query-input\":{\"@type\":\"PropertyValueSpecification\",\"valueRequired\":true,\"valueName\":\"search_term_string\"}}],\"inLanguage\":\"pt-BR\"},{\"@type\":\"Organization\",\"@id\":\"https:\/\/jornalfatosenoticias.com.br\/#organization\",\"name\":\"Jornal Fatos e Not\u00edcias\",\"url\":\"https:\/\/jornalfatosenoticias.com.br\/\",\"logo\":{\"@type\":\"ImageObject\",\"inLanguage\":\"pt-BR\",\"@id\":\"https:\/\/jornalfatosenoticias.com.br\/#\/schema\/logo\/image\/\",\"url\":\"https:\/\/jornalfatosenoticias.com.br\/wp-content\/uploads\/2020\/02\/logo120.png\",\"contentUrl\":\"https:\/\/jornalfatosenoticias.com.br\/wp-content\/uploads\/2020\/02\/logo120.png\",\"width\":1227,\"height\":120,\"caption\":\"Jornal Fatos e Not\u00edcias\"},\"image\":{\"@id\":\"https:\/\/jornalfatosenoticias.com.br\/#\/schema\/logo\/image\/\"}},{\"@type\":\"Person\",\"@id\":\"https:\/\/jornalfatosenoticias.com.br\/#\/schema\/person\/d63837fa13ac8666eb9e74e0985d6f81\",\"name\":\"Luzimara Fernandes\",\"image\":{\"@type\":\"ImageObject\",\"inLanguage\":\"pt-BR\",\"@id\":\"https:\/\/jornalfatosenoticias.com.br\/#\/schema\/person\/image\/\",\"url\":\"https:\/\/jornalfatosenoticias.com.br\/wp-content\/uploads\/2025\/05\/EU_portal.jpg\",\"contentUrl\":\"https:\/\/jornalfatosenoticias.com.br\/wp-content\/uploads\/2025\/05\/EU_portal.jpg\",\"caption\":\"Luzimara Fernandes\"},\"description\":\"Jornalista MTB 2358-ES\",\"sameAs\":[\"https:\/\/jornalfatosenoticias.com.br\"],\"url\":\"https:\/\/jornalfatosenoticias.com.br\/index.php\/author\/luzimara\/\"}]}<\/script>\n<!-- \/ Yoast SEO plugin. -->","yoast_head_json":{"title":"Suprema Corte do M\u00e9xico descriminaliza aborto em todo o pa\u00eds - Jornal Fatos e Not\u00edcias","robots":{"index":"index","follow":"follow","max-snippet":"max-snippet:-1","max-image-preview":"max-image-preview:large","max-video-preview":"max-video-preview:-1"},"canonical":"https:\/\/jornalfatosenoticias.com.br\/index.php\/2023\/09\/08\/suprema-corte-do-mexico-descriminaliza-aborto-em-todo-o-pais\/","og_locale":"pt_BR","og_type":"article","og_title":"Suprema Corte do M\u00e9xico descriminaliza aborto em todo o pa\u00eds - Jornal Fatos e Not\u00edcias","og_description":"Tribunal considerou inconstitucional trecho do C\u00f3digo Penal que pune interrup\u00e7\u00e3o da gravidez Por Marcos Rocha Em uma decis\u00e3o que vai de encontro a manifesta\u00e7\u00f5es de grupos conservadores, a Suprema Corte do M\u00e9xico optou por legalizar o aborto em todo o pa\u00eds, conforme anunciado na quarta-feira (6).A decis\u00e3o vem ap\u00f3s diversos estados mexicanos j\u00e1 terem revogado [&hellip;]","og_url":"https:\/\/jornalfatosenoticias.com.br\/index.php\/2023\/09\/08\/suprema-corte-do-mexico-descriminaliza-aborto-em-todo-o-pais\/","og_site_name":"Jornal Fatos e Not\u00edcias","article_published_time":"2023-09-08T15:09:35+00:00","article_modified_time":"2023-09-08T15:09:36+00:00","og_image":[{"width":906,"height":509,"url":"https:\/\/jornalfatosenoticias.com.br\/wp-content\/uploads\/2023\/09\/aborto_Mexico.jpg","type":"image\/jpeg"}],"author":"Luzimara Fernandes","twitter_card":"summary_large_image","twitter_misc":{"Escrito por":"Luzimara Fernandes","Est. tempo de leitura":"1 minuto"},"schema":{"@context":"https:\/\/schema.org","@graph":[{"@type":"Article","@id":"https:\/\/jornalfatosenoticias.com.br\/index.php\/2023\/09\/08\/suprema-corte-do-mexico-descriminaliza-aborto-em-todo-o-pais\/#article","isPartOf":{"@id":"https:\/\/jornalfatosenoticias.com.br\/index.php\/2023\/09\/08\/suprema-corte-do-mexico-descriminaliza-aborto-em-todo-o-pais\/"},"author":{"name":"Luzimara Fernandes","@id":"https:\/\/jornalfatosenoticias.com.br\/#\/schema\/person\/d63837fa13ac8666eb9e74e0985d6f81"},"headline":"Suprema Corte do M\u00e9xico descriminaliza aborto em todo o pa\u00eds","datePublished":"2023-09-08T15:09:35+00:00","dateModified":"2023-09-08T15:09:36+00:00","mainEntityOfPage":{"@id":"https:\/\/jornalfatosenoticias.com.br\/index.php\/2023\/09\/08\/suprema-corte-do-mexico-descriminaliza-aborto-em-todo-o-pais\/"},"wordCount":213,"commentCount":0,"publisher":{"@id":"https:\/\/jornalfatosenoticias.com.br\/#organization"},"image":{"@id":"https:\/\/jornalfatosenoticias.com.br\/index.php\/2023\/09\/08\/suprema-corte-do-mexico-descriminaliza-aborto-em-todo-o-pais\/#primaryimage"},"thumbnailUrl":"https:\/\/jornalfatosenoticias.com.br\/wp-content\/uploads\/2023\/09\/aborto_Mexico.jpg","keywords":["aborto","Am\u00e9rica latina","Judici\u00e1rio","M\u00e9xico"],"articleSection":["Internacional"],"inLanguage":"pt-BR","potentialAction":[{"@type":"CommentAction","name":"Comment","target":["https:\/\/jornalfatosenoticias.com.br\/index.php\/2023\/09\/08\/suprema-corte-do-mexico-descriminaliza-aborto-em-todo-o-pais\/#respond"]}]},{"@type":"WebPage","@id":"https:\/\/jornalfatosenoticias.com.br\/index.php\/2023\/09\/08\/suprema-corte-do-mexico-descriminaliza-aborto-em-todo-o-pais\/","url":"https:\/\/jornalfatosenoticias.com.br\/index.php\/2023\/09\/08\/suprema-corte-do-mexico-descriminaliza-aborto-em-todo-o-pais\/","name":"Suprema Corte do M\u00e9xico descriminaliza aborto em todo o pa\u00eds - Jornal Fatos e Not\u00edcias","isPartOf":{"@id":"https:\/\/jornalfatosenoticias.com.br\/#website"},"primaryImageOfPage":{"@id":"https:\/\/jornalfatosenoticias.com.br\/index.php\/2023\/09\/08\/suprema-corte-do-mexico-descriminaliza-aborto-em-todo-o-pais\/#primaryimage"},"image":{"@id":"https:\/\/jornalfatosenoticias.com.br\/index.php\/2023\/09\/08\/suprema-corte-do-mexico-descriminaliza-aborto-em-todo-o-pais\/#primaryimage"},"thumbnailUrl":"https:\/\/jornalfatosenoticias.com.br\/wp-content\/uploads\/2023\/09\/aborto_Mexico.jpg","datePublished":"2023-09-08T15:09:35+00:00","dateModified":"2023-09-08T15:09:36+00:00","breadcrumb":{"@id":"https:\/\/jornalfatosenoticias.com.br\/index.php\/2023\/09\/08\/suprema-corte-do-mexico-descriminaliza-aborto-em-todo-o-pais\/#breadcrumb"},"inLanguage":"pt-BR","potentialAction":[{"@type":"ReadAction","target":["https:\/\/jornalfatosenoticias.com.br\/index.php\/2023\/09\/08\/suprema-corte-do-mexico-descriminaliza-aborto-em-todo-o-pais\/"]}]},{"@type":"ImageObject","inLanguage":"pt-BR","@id":"https:\/\/jornalfatosenoticias.com.br\/index.php\/2023\/09\/08\/suprema-corte-do-mexico-descriminaliza-aborto-em-todo-o-pais\/#primaryimage","url":"https:\/\/jornalfatosenoticias.com.br\/wp-content\/uploads\/2023\/09\/aborto_Mexico.jpg","contentUrl":"https:\/\/jornalfatosenoticias.com.br\/wp-content\/uploads\/2023\/09\/aborto_Mexico.jpg","width":906,"height":509},{"@type":"BreadcrumbList","@id":"https:\/\/jornalfatosenoticias.com.br\/index.php\/2023\/09\/08\/suprema-corte-do-mexico-descriminaliza-aborto-em-todo-o-pais\/#breadcrumb","itemListElement":[{"@type":"ListItem","position":1,"name":"In\u00edcio","item":"https:\/\/jornalfatosenoticias.com.br\/"},{"@type":"ListItem","position":2,"name":"Suprema Corte do M\u00e9xico descriminaliza aborto em todo o pa\u00eds"}]},{"@type":"WebSite","@id":"https:\/\/jornalfatosenoticias.com.br\/#website","url":"https:\/\/jornalfatosenoticias.com.br\/","name":"Jornal Fatos e Not\u00edcias","description":"Not\u00edcias em geral","publisher":{"@id":"https:\/\/jornalfatosenoticias.com.br\/#organization"},"potentialAction":[{"@type":"SearchAction","target":{"@type":"EntryPoint","urlTemplate":"https:\/\/jornalfatosenoticias.com.br\/?s={search_term_string}"},"query-input":{"@type":"PropertyValueSpecification","valueRequired":true,"valueName":"search_term_string"}}],"inLanguage":"pt-BR"},{"@type":"Organization","@id":"https:\/\/jornalfatosenoticias.com.br\/#organization","name":"Jornal Fatos e Not\u00edcias","url":"https:\/\/jornalfatosenoticias.com.br\/","logo":{"@type":"ImageObject","inLanguage":"pt-BR","@id":"https:\/\/jornalfatosenoticias.com.br\/#\/schema\/logo\/image\/","url":"https:\/\/jornalfatosenoticias.com.br\/wp-content\/uploads\/2020\/02\/logo120.png","contentUrl":"https:\/\/jornalfatosenoticias.com.br\/wp-content\/uploads\/2020\/02\/logo120.png","width":1227,"height":120,"caption":"Jornal Fatos e Not\u00edcias"},"image":{"@id":"https:\/\/jornalfatosenoticias.com.br\/#\/schema\/logo\/image\/"}},{"@type":"Person","@id":"https:\/\/jornalfatosenoticias.com.br\/#\/schema\/person\/d63837fa13ac8666eb9e74e0985d6f81","name":"Luzimara Fernandes","image":{"@type":"ImageObject","inLanguage":"pt-BR","@id":"https:\/\/jornalfatosenoticias.com.br\/#\/schema\/person\/image\/","url":"https:\/\/jornalfatosenoticias.com.br\/wp-content\/uploads\/2025\/05\/EU_portal.jpg","contentUrl":"https:\/\/jornalfatosenoticias.com.br\/wp-content\/uploads\/2025\/05\/EU_portal.jpg","caption":"Luzimara Fernandes"},"description":"Jornalista MTB 2358-ES","sameAs":["https:\/\/jornalfatosenoticias.com.br"],"url":"https:\/\/jornalfatosenoticias.com.br\/index.php\/author\/luzimara\/"}]}},"cc_featured_image_caption":{"caption_text":"(Foto: Reprodu\u00e7\u00e3o Internet)","source_text":"","source_url":""},"jetpack_featured_media_url":"https:\/\/jornalfatosenoticias.com.br\/wp-content\/uploads\/2023\/09\/aborto_Mexico.jpg","_links":{"self":[{"href":"https:\/\/jornalfatosenoticias.com.br\/index.php\/wp-json\/wp\/v2\/posts\/44975","targetHints":{"allow":["GET"]}}],"collection":[{"href":"https:\/\/jornalfatosenoticias.com.br\/index.php\/wp-json\/wp\/v2\/posts"}],"about":[{"href":"https:\/\/jornalfatosenoticias.com.br\/index.php\/wp-json\/wp\/v2\/types\/post"}],"author":[{"embeddable":true,"href":"https:\/\/jornalfatosenoticias.com.br\/index.php\/wp-json\/wp\/v2\/users\/2"}],"replies":[{"embeddable":true,"href":"https:\/\/jornalfatosenoticias.com.br\/index.php\/wp-json\/wp\/v2\/comments?post=44975"}],"version-history":[{"count":0,"href":"https:\/\/jornalfatosenoticias.com.br\/index.php\/wp-json\/wp\/v2\/posts\/44975\/revisions"}],"wp:featuredmedia":[{"embeddable":true,"href":"https:\/\/jornalfatosenoticias.com.br\/index.php\/wp-json\/wp\/v2\/media\/44976"}],"wp:attachment":[{"href":"https:\/\/jornalfatosenoticias.com.br\/index.php\/wp-json\/wp\/v2\/media?parent=44975"}],"wp:term":[{"taxonomy":"category","embeddable":true,"href":"https:\/\/jornalfatosenoticias.com.br\/index.php\/wp-json\/wp\/v2\/categories?post=44975"},{"taxonomy":"post_tag","embeddable":true,"href":"https:\/\/jornalfatosenoticias.com.br\/index.php\/wp-json\/wp\/v2\/tags?post=44975"}],"curies":[{"name":"wp","href":"https:\/\/api.w.org\/{rel}","templated":true}]}}