{"id":44978,"date":"2023-09-08T12:28:22","date_gmt":"2023-09-08T15:28:22","guid":{"rendered":"https:\/\/jornalfatosenoticias.com.br\/?p=44978"},"modified":"2023-09-08T12:28:23","modified_gmt":"2023-09-08T15:28:23","slug":"decolando-para-a-india-vou-ter-muito-tempo-para-tuitar-diz-janja-em-meio-a-tragedia-no-rs","status":"publish","type":"post","link":"https:\/\/jornalfatosenoticias.com.br\/index.php\/2023\/09\/08\/decolando-para-a-india-vou-ter-muito-tempo-para-tuitar-diz-janja-em-meio-a-tragedia-no-rs\/","title":{"rendered":"\u201cDecolando para a \u00cdndia. Vou ter muito tempo para tuitar\u201d, diz Janja em meio \u00e0 trag\u00e9dia no RS"},"content":{"rendered":"\n<p><em><span class=\"has-inline-color has-black-color\">Publica\u00e7\u00e3o, que j\u00e1 foi vista mais de um milh\u00e3o de vezes, inclui risadas<\/span><\/em><\/p>\n\n\n\n<p><em><span class=\"has-inline-color has-black-color\">Por <strong><a href=\"https:\/\/www.conexaopolitica.com.br\/author\/raul\/\">Raul Holderf Nascimento<\/a><\/strong><\/span><\/em><\/p>\n\n\n\n<div class=\"wp-block-image\"><figure class=\"aligncenter size-large\"><img loading=\"lazy\" decoding=\"async\" width=\"729\" height=\"90\" src=\"https:\/\/jornalfatosenoticias.com.br\/wp-content\/uploads\/2020\/02\/Logo_Mizu.png\" alt=\"\" class=\"wp-image-1441\" srcset=\"https:\/\/jornalfatosenoticias.com.br\/wp-content\/uploads\/2020\/02\/Logo_Mizu.png 729w, https:\/\/jornalfatosenoticias.com.br\/wp-content\/uploads\/2020\/02\/Logo_Mizu-300x37.png 300w\" sizes=\"auto, (max-width: 729px) 100vw, 729px\" \/><\/figure><\/div>\n\n\n\n<p>Janja da Silva, recorreu ao X, a antiga plataforma do Twitter, para comentar que sua viagem ao exterior, ao lado de <a href=\"https:\/\/www.conexaopolitica.com.br\/tag\/lula\/\">Luiz In\u00e1cio Lula da Silva<\/a>\u00a0(<a href=\"https:\/\/www.conexaopolitica.com.br\/tag\/pt\/\">PT<\/a>), ser\u00e1 longa. Como noticiado pelo Conex\u00e3o Pol\u00edtica, Lula participar\u00e1 da 18\u00aa C\u00fapula de Chefes de Estado e de Governo do G20, que re\u00fane as 19 principais economias do mundo, al\u00e9m da Uni\u00e3o Europeia.<br>A publica\u00e7\u00e3o de Janja, que inclui risos, acontece em meio a uma grave cat\u00e1strofe causada pelas chuvas no Rio Grande do Sul, al\u00e9m da passagem de um ciclone extratropical, que j\u00e1 resultou na morte de 41 pessoas. At\u00e9 o momento, 79 munic\u00edpios foram afetados, deixando, de acordo com a Defesa Civil do estado, mais de 120 mil pessoas impactadas pelas fortes chuvas, cerca de oito mil pessoas desalojadas e tr\u00eas mil desabrigadas.<\/p>\n\n\n\n<div class=\"wp-block-image\"><figure class=\"aligncenter size-large\"><img loading=\"lazy\" decoding=\"async\" width=\"300\" height=\"250\" src=\"https:\/\/jornalfatosenoticias.com.br\/wp-content\/uploads\/2022\/08\/arte-Casarao.jpg\" alt=\"\" class=\"wp-image-33178\"\/><\/figure><\/div>\n\n\n\n<p>No entanto, parece que a gravidade da situa\u00e7\u00e3o n\u00e3o \u00e9 quest\u00e3o priorit\u00e1ria para a mulher de Lula. Em sua postagem na rede social de Elon Musk, ela escreveu: \u201cDecolando para a India (sic). 20hs (sic) de voo. Vou ter muito tempo para tuitar\u201d \u2014 disse, com acr\u00e9scimo de \u201crsrs\u201d, representando risadas.<br>Lula n\u00e3o fez nenhuma visita ao Rio Grande do Sul desde o in\u00edcio da tempestade que castiga a popula\u00e7\u00e3o ga\u00facha.<\/p>\n\n\n\n<p><strong><span class=\"has-inline-color has-vivid-red-color\">Rea\u00e7\u00f5es<\/span><\/strong><br>A aus\u00eancia de Lula no estado ga\u00facho tem motivado questionamentos nas redes sociais. \u201cLula erra demais ao n\u00e3o ir ao Rio Grande do Sul, diante da trag\u00e9dia que aconteceu\u201d, escreveu o internauta Luciano Carvalho, em sua conta na rede social X, antigo Twitter.<\/p>\n\n\n\n<div class=\"wp-block-image\"><figure class=\"aligncenter size-large\"><img decoding=\"async\" src=\"https:\/\/jornalfatosenoticias.com.br\/wp-content\/uploads\/2020\/02\/logo_esteio.jpg\" alt=\"\" class=\"wp-image-1214\"\/><\/figure><\/div>\n\n\n\n<p>\u201cLula deixou de visitar o Rio Grande do Sul, que vive uma trag\u00e9dia, pra ir ver o seu amigo Biden e defender a agenda ESG no G20. Vassalo anti-Brasil\u201d (sic), escreveu outro usu\u00e1rio da plataforma.<\/p>\n\n\n\n<p>\u201cLula n\u00e3o foi ao Rio Grande do Sul, que sofre com dezenas de mortes. Preferiu embarcar com Janja para a mais uma viagem ao exterior \u2014 um passeio internacional a cada 20 dias\u201d, lamentou o jornalista Silvio Navarro, tamb\u00e9m na rede social X.<\/p>\n\n\n\n<div class=\"wp-block-image\"><figure class=\"aligncenter size-large\"><img loading=\"lazy\" decoding=\"async\" width=\"562\" height=\"1000\" src=\"https:\/\/jornalfatosenoticias.com.br\/wp-content\/uploads\/2023\/09\/campeonato-de-frescobol.jpg\" alt=\"\" class=\"wp-image-44967\" srcset=\"https:\/\/jornalfatosenoticias.com.br\/wp-content\/uploads\/2023\/09\/campeonato-de-frescobol.jpg 562w, https:\/\/jornalfatosenoticias.com.br\/wp-content\/uploads\/2023\/09\/campeonato-de-frescobol-169x300.jpg 169w\" sizes=\"auto, (max-width: 562px) 100vw, 562px\" \/><\/figure><\/div>\n\n\n\n<p><strong><em>Fonte: <a href=\"https:\/\/www.conexaopolitica.com.br\/ultimas\/decolando-para-a-india-vou-ter-muito-tempo-para-tuitar-diz-janja-em-meio-a-tragedia-no-rs\/\">Conex\u00e3o Pol\u00edtica<\/a><\/em><\/strong><\/p>\n","protected":false},"excerpt":{"rendered":"<p>Publica\u00e7\u00e3o, que j\u00e1 foi vista mais de um milh\u00e3o de vezes, inclui risadas Por Raul Holderf Nascimento Janja da Silva, recorreu ao X, a antiga plataforma do Twitter, para comentar que sua viagem ao exterior, ao lado de Luiz In\u00e1cio Lula da Silva\u00a0(PT), ser\u00e1 longa. Como noticiado pelo Conex\u00e3o Pol\u00edtica, Lula participar\u00e1 da 18\u00aa C\u00fapula [&hellip;]<\/p>\n","protected":false},"author":2,"featured_media":44979,"comment_status":"open","ping_status":"open","sticky":false,"template":"","format":"standard","meta":{"footnotes":""},"categories":[5],"tags":[90,18997,7580,4684,3293],"class_list":["post-44978","post","type-post","status-publish","format-standard","has-post-thumbnail","hentry","category-geral","tag-india","tag-janja","tag-lula","tag-rio-grande-do-sul","tag-tragedia"],"yoast_head":"<!-- This site is optimized with the Yoast SEO plugin v26.5 - https:\/\/yoast.com\/wordpress\/plugins\/seo\/ -->\n<title>\u201cDecolando para a \u00cdndia. Vou ter muito tempo para tuitar\u201d, diz Janja em meio \u00e0 trag\u00e9dia no RS - Jornal Fatos e Not\u00edcias<\/title>\n<meta name=\"robots\" content=\"index, follow, max-snippet:-1, max-image-preview:large, max-video-preview:-1\" \/>\n<link rel=\"canonical\" href=\"https:\/\/jornalfatosenoticias.com.br\/index.php\/2023\/09\/08\/decolando-para-a-india-vou-ter-muito-tempo-para-tuitar-diz-janja-em-meio-a-tragedia-no-rs\/\" \/>\n<meta property=\"og:locale\" content=\"pt_BR\" \/>\n<meta property=\"og:type\" content=\"article\" \/>\n<meta property=\"og:title\" content=\"\u201cDecolando para a \u00cdndia. Vou ter muito tempo para tuitar\u201d, diz Janja em meio \u00e0 trag\u00e9dia no RS - Jornal Fatos e Not\u00edcias\" \/>\n<meta property=\"og:description\" content=\"Publica\u00e7\u00e3o, que j\u00e1 foi vista mais de um milh\u00e3o de vezes, inclui risadas Por Raul Holderf Nascimento Janja da Silva, recorreu ao X, a antiga plataforma do Twitter, para comentar que sua viagem ao exterior, ao lado de Luiz In\u00e1cio Lula da Silva\u00a0(PT), ser\u00e1 longa. Como noticiado pelo Conex\u00e3o Pol\u00edtica, Lula participar\u00e1 da 18\u00aa C\u00fapula [&hellip;]\" \/>\n<meta property=\"og:url\" content=\"https:\/\/jornalfatosenoticias.com.br\/index.php\/2023\/09\/08\/decolando-para-a-india-vou-ter-muito-tempo-para-tuitar-diz-janja-em-meio-a-tragedia-no-rs\/\" \/>\n<meta property=\"og:site_name\" content=\"Jornal Fatos e Not\u00edcias\" \/>\n<meta property=\"article:published_time\" content=\"2023-09-08T15:28:22+00:00\" \/>\n<meta property=\"article:modified_time\" content=\"2023-09-08T15:28:23+00:00\" \/>\n<meta property=\"og:image\" content=\"https:\/\/jornalfatosenoticias.com.br\/wp-content\/uploads\/2023\/09\/Tragedia-no-Rio-Grande-do-Sul-Lula-ignora-visita-ao-800x445-1.jpeg\" \/>\n\t<meta property=\"og:image:width\" content=\"800\" \/>\n\t<meta property=\"og:image:height\" content=\"445\" \/>\n\t<meta property=\"og:image:type\" content=\"image\/jpeg\" \/>\n<meta name=\"author\" content=\"Luzimara Fernandes\" \/>\n<meta name=\"twitter:card\" content=\"summary_large_image\" \/>\n<meta name=\"twitter:label1\" content=\"Escrito por\" \/>\n\t<meta name=\"twitter:data1\" content=\"Luzimara Fernandes\" \/>\n\t<meta name=\"twitter:label2\" content=\"Est. tempo de leitura\" \/>\n\t<meta name=\"twitter:data2\" content=\"2 minutos\" \/>\n<script type=\"application\/ld+json\" class=\"yoast-schema-graph\">{\"@context\":\"https:\/\/schema.org\",\"@graph\":[{\"@type\":\"Article\",\"@id\":\"https:\/\/jornalfatosenoticias.com.br\/index.php\/2023\/09\/08\/decolando-para-a-india-vou-ter-muito-tempo-para-tuitar-diz-janja-em-meio-a-tragedia-no-rs\/#article\",\"isPartOf\":{\"@id\":\"https:\/\/jornalfatosenoticias.com.br\/index.php\/2023\/09\/08\/decolando-para-a-india-vou-ter-muito-tempo-para-tuitar-diz-janja-em-meio-a-tragedia-no-rs\/\"},\"author\":{\"name\":\"Luzimara Fernandes\",\"@id\":\"https:\/\/jornalfatosenoticias.com.br\/#\/schema\/person\/d63837fa13ac8666eb9e74e0985d6f81\"},\"headline\":\"\u201cDecolando para a \u00cdndia. Vou ter muito tempo para tuitar\u201d, diz Janja em meio \u00e0 trag\u00e9dia no RS\",\"datePublished\":\"2023-09-08T15:28:22+00:00\",\"dateModified\":\"2023-09-08T15:28:23+00:00\",\"mainEntityOfPage\":{\"@id\":\"https:\/\/jornalfatosenoticias.com.br\/index.php\/2023\/09\/08\/decolando-para-a-india-vou-ter-muito-tempo-para-tuitar-diz-janja-em-meio-a-tragedia-no-rs\/\"},\"wordCount\":388,\"commentCount\":0,\"publisher\":{\"@id\":\"https:\/\/jornalfatosenoticias.com.br\/#organization\"},\"image\":{\"@id\":\"https:\/\/jornalfatosenoticias.com.br\/index.php\/2023\/09\/08\/decolando-para-a-india-vou-ter-muito-tempo-para-tuitar-diz-janja-em-meio-a-tragedia-no-rs\/#primaryimage\"},\"thumbnailUrl\":\"https:\/\/jornalfatosenoticias.com.br\/wp-content\/uploads\/2023\/09\/Tragedia-no-Rio-Grande-do-Sul-Lula-ignora-visita-ao-800x445-1.jpeg\",\"keywords\":[\"\u00edndia\",\"Janja\",\"Lula\",\"Rio Grande do Sul\",\"trag\u00e9dia\"],\"articleSection\":[\"Geral\"],\"inLanguage\":\"pt-BR\",\"potentialAction\":[{\"@type\":\"CommentAction\",\"name\":\"Comment\",\"target\":[\"https:\/\/jornalfatosenoticias.com.br\/index.php\/2023\/09\/08\/decolando-para-a-india-vou-ter-muito-tempo-para-tuitar-diz-janja-em-meio-a-tragedia-no-rs\/#respond\"]}]},{\"@type\":\"WebPage\",\"@id\":\"https:\/\/jornalfatosenoticias.com.br\/index.php\/2023\/09\/08\/decolando-para-a-india-vou-ter-muito-tempo-para-tuitar-diz-janja-em-meio-a-tragedia-no-rs\/\",\"url\":\"https:\/\/jornalfatosenoticias.com.br\/index.php\/2023\/09\/08\/decolando-para-a-india-vou-ter-muito-tempo-para-tuitar-diz-janja-em-meio-a-tragedia-no-rs\/\",\"name\":\"\u201cDecolando para a \u00cdndia. Vou ter muito tempo para tuitar\u201d, diz Janja em meio \u00e0 trag\u00e9dia no RS - Jornal Fatos e Not\u00edcias\",\"isPartOf\":{\"@id\":\"https:\/\/jornalfatosenoticias.com.br\/#website\"},\"primaryImageOfPage\":{\"@id\":\"https:\/\/jornalfatosenoticias.com.br\/index.php\/2023\/09\/08\/decolando-para-a-india-vou-ter-muito-tempo-para-tuitar-diz-janja-em-meio-a-tragedia-no-rs\/#primaryimage\"},\"image\":{\"@id\":\"https:\/\/jornalfatosenoticias.com.br\/index.php\/2023\/09\/08\/decolando-para-a-india-vou-ter-muito-tempo-para-tuitar-diz-janja-em-meio-a-tragedia-no-rs\/#primaryimage\"},\"thumbnailUrl\":\"https:\/\/jornalfatosenoticias.com.br\/wp-content\/uploads\/2023\/09\/Tragedia-no-Rio-Grande-do-Sul-Lula-ignora-visita-ao-800x445-1.jpeg\",\"datePublished\":\"2023-09-08T15:28:22+00:00\",\"dateModified\":\"2023-09-08T15:28:23+00:00\",\"breadcrumb\":{\"@id\":\"https:\/\/jornalfatosenoticias.com.br\/index.php\/2023\/09\/08\/decolando-para-a-india-vou-ter-muito-tempo-para-tuitar-diz-janja-em-meio-a-tragedia-no-rs\/#breadcrumb\"},\"inLanguage\":\"pt-BR\",\"potentialAction\":[{\"@type\":\"ReadAction\",\"target\":[\"https:\/\/jornalfatosenoticias.com.br\/index.php\/2023\/09\/08\/decolando-para-a-india-vou-ter-muito-tempo-para-tuitar-diz-janja-em-meio-a-tragedia-no-rs\/\"]}]},{\"@type\":\"ImageObject\",\"inLanguage\":\"pt-BR\",\"@id\":\"https:\/\/jornalfatosenoticias.com.br\/index.php\/2023\/09\/08\/decolando-para-a-india-vou-ter-muito-tempo-para-tuitar-diz-janja-em-meio-a-tragedia-no-rs\/#primaryimage\",\"url\":\"https:\/\/jornalfatosenoticias.com.br\/wp-content\/uploads\/2023\/09\/Tragedia-no-Rio-Grande-do-Sul-Lula-ignora-visita-ao-800x445-1.jpeg\",\"contentUrl\":\"https:\/\/jornalfatosenoticias.com.br\/wp-content\/uploads\/2023\/09\/Tragedia-no-Rio-Grande-do-Sul-Lula-ignora-visita-ao-800x445-1.jpeg\",\"width\":800,\"height\":445},{\"@type\":\"BreadcrumbList\",\"@id\":\"https:\/\/jornalfatosenoticias.com.br\/index.php\/2023\/09\/08\/decolando-para-a-india-vou-ter-muito-tempo-para-tuitar-diz-janja-em-meio-a-tragedia-no-rs\/#breadcrumb\",\"itemListElement\":[{\"@type\":\"ListItem\",\"position\":1,\"name\":\"In\u00edcio\",\"item\":\"https:\/\/jornalfatosenoticias.com.br\/\"},{\"@type\":\"ListItem\",\"position\":2,\"name\":\"\u201cDecolando para a \u00cdndia. Vou ter muito tempo para tuitar\u201d, diz Janja em meio \u00e0 trag\u00e9dia no RS\"}]},{\"@type\":\"WebSite\",\"@id\":\"https:\/\/jornalfatosenoticias.com.br\/#website\",\"url\":\"https:\/\/jornalfatosenoticias.com.br\/\",\"name\":\"Jornal Fatos e Not\u00edcias\",\"description\":\"Not\u00edcias em geral\",\"publisher\":{\"@id\":\"https:\/\/jornalfatosenoticias.com.br\/#organization\"},\"potentialAction\":[{\"@type\":\"SearchAction\",\"target\":{\"@type\":\"EntryPoint\",\"urlTemplate\":\"https:\/\/jornalfatosenoticias.com.br\/?s={search_term_string}\"},\"query-input\":{\"@type\":\"PropertyValueSpecification\",\"valueRequired\":true,\"valueName\":\"search_term_string\"}}],\"inLanguage\":\"pt-BR\"},{\"@type\":\"Organization\",\"@id\":\"https:\/\/jornalfatosenoticias.com.br\/#organization\",\"name\":\"Jornal Fatos e Not\u00edcias\",\"url\":\"https:\/\/jornalfatosenoticias.com.br\/\",\"logo\":{\"@type\":\"ImageObject\",\"inLanguage\":\"pt-BR\",\"@id\":\"https:\/\/jornalfatosenoticias.com.br\/#\/schema\/logo\/image\/\",\"url\":\"https:\/\/jornalfatosenoticias.com.br\/wp-content\/uploads\/2020\/02\/logo120.png\",\"contentUrl\":\"https:\/\/jornalfatosenoticias.com.br\/wp-content\/uploads\/2020\/02\/logo120.png\",\"width\":1227,\"height\":120,\"caption\":\"Jornal Fatos e Not\u00edcias\"},\"image\":{\"@id\":\"https:\/\/jornalfatosenoticias.com.br\/#\/schema\/logo\/image\/\"}},{\"@type\":\"Person\",\"@id\":\"https:\/\/jornalfatosenoticias.com.br\/#\/schema\/person\/d63837fa13ac8666eb9e74e0985d6f81\",\"name\":\"Luzimara Fernandes\",\"image\":{\"@type\":\"ImageObject\",\"inLanguage\":\"pt-BR\",\"@id\":\"https:\/\/jornalfatosenoticias.com.br\/#\/schema\/person\/image\/\",\"url\":\"https:\/\/jornalfatosenoticias.com.br\/wp-content\/uploads\/2025\/05\/EU_portal.jpg\",\"contentUrl\":\"https:\/\/jornalfatosenoticias.com.br\/wp-content\/uploads\/2025\/05\/EU_portal.jpg\",\"caption\":\"Luzimara Fernandes\"},\"description\":\"Jornalista MTB 2358-ES\",\"sameAs\":[\"https:\/\/jornalfatosenoticias.com.br\"],\"url\":\"https:\/\/jornalfatosenoticias.com.br\/index.php\/author\/luzimara\/\"}]}<\/script>\n<!-- \/ Yoast SEO plugin. -->","yoast_head_json":{"title":"\u201cDecolando para a \u00cdndia. Vou ter muito tempo para tuitar\u201d, diz Janja em meio \u00e0 trag\u00e9dia no RS - Jornal Fatos e Not\u00edcias","robots":{"index":"index","follow":"follow","max-snippet":"max-snippet:-1","max-image-preview":"max-image-preview:large","max-video-preview":"max-video-preview:-1"},"canonical":"https:\/\/jornalfatosenoticias.com.br\/index.php\/2023\/09\/08\/decolando-para-a-india-vou-ter-muito-tempo-para-tuitar-diz-janja-em-meio-a-tragedia-no-rs\/","og_locale":"pt_BR","og_type":"article","og_title":"\u201cDecolando para a \u00cdndia. Vou ter muito tempo para tuitar\u201d, diz Janja em meio \u00e0 trag\u00e9dia no RS - Jornal Fatos e Not\u00edcias","og_description":"Publica\u00e7\u00e3o, que j\u00e1 foi vista mais de um milh\u00e3o de vezes, inclui risadas Por Raul Holderf Nascimento Janja da Silva, recorreu ao X, a antiga plataforma do Twitter, para comentar que sua viagem ao exterior, ao lado de Luiz In\u00e1cio Lula da Silva\u00a0(PT), ser\u00e1 longa. Como noticiado pelo Conex\u00e3o Pol\u00edtica, Lula participar\u00e1 da 18\u00aa C\u00fapula [&hellip;]","og_url":"https:\/\/jornalfatosenoticias.com.br\/index.php\/2023\/09\/08\/decolando-para-a-india-vou-ter-muito-tempo-para-tuitar-diz-janja-em-meio-a-tragedia-no-rs\/","og_site_name":"Jornal Fatos e Not\u00edcias","article_published_time":"2023-09-08T15:28:22+00:00","article_modified_time":"2023-09-08T15:28:23+00:00","og_image":[{"width":800,"height":445,"url":"https:\/\/jornalfatosenoticias.com.br\/wp-content\/uploads\/2023\/09\/Tragedia-no-Rio-Grande-do-Sul-Lula-ignora-visita-ao-800x445-1.jpeg","type":"image\/jpeg"}],"author":"Luzimara Fernandes","twitter_card":"summary_large_image","twitter_misc":{"Escrito por":"Luzimara Fernandes","Est. tempo de leitura":"2 minutos"},"schema":{"@context":"https:\/\/schema.org","@graph":[{"@type":"Article","@id":"https:\/\/jornalfatosenoticias.com.br\/index.php\/2023\/09\/08\/decolando-para-a-india-vou-ter-muito-tempo-para-tuitar-diz-janja-em-meio-a-tragedia-no-rs\/#article","isPartOf":{"@id":"https:\/\/jornalfatosenoticias.com.br\/index.php\/2023\/09\/08\/decolando-para-a-india-vou-ter-muito-tempo-para-tuitar-diz-janja-em-meio-a-tragedia-no-rs\/"},"author":{"name":"Luzimara Fernandes","@id":"https:\/\/jornalfatosenoticias.com.br\/#\/schema\/person\/d63837fa13ac8666eb9e74e0985d6f81"},"headline":"\u201cDecolando para a \u00cdndia. Vou ter muito tempo para tuitar\u201d, diz Janja em meio \u00e0 trag\u00e9dia no RS","datePublished":"2023-09-08T15:28:22+00:00","dateModified":"2023-09-08T15:28:23+00:00","mainEntityOfPage":{"@id":"https:\/\/jornalfatosenoticias.com.br\/index.php\/2023\/09\/08\/decolando-para-a-india-vou-ter-muito-tempo-para-tuitar-diz-janja-em-meio-a-tragedia-no-rs\/"},"wordCount":388,"commentCount":0,"publisher":{"@id":"https:\/\/jornalfatosenoticias.com.br\/#organization"},"image":{"@id":"https:\/\/jornalfatosenoticias.com.br\/index.php\/2023\/09\/08\/decolando-para-a-india-vou-ter-muito-tempo-para-tuitar-diz-janja-em-meio-a-tragedia-no-rs\/#primaryimage"},"thumbnailUrl":"https:\/\/jornalfatosenoticias.com.br\/wp-content\/uploads\/2023\/09\/Tragedia-no-Rio-Grande-do-Sul-Lula-ignora-visita-ao-800x445-1.jpeg","keywords":["\u00edndia","Janja","Lula","Rio Grande do Sul","trag\u00e9dia"],"articleSection":["Geral"],"inLanguage":"pt-BR","potentialAction":[{"@type":"CommentAction","name":"Comment","target":["https:\/\/jornalfatosenoticias.com.br\/index.php\/2023\/09\/08\/decolando-para-a-india-vou-ter-muito-tempo-para-tuitar-diz-janja-em-meio-a-tragedia-no-rs\/#respond"]}]},{"@type":"WebPage","@id":"https:\/\/jornalfatosenoticias.com.br\/index.php\/2023\/09\/08\/decolando-para-a-india-vou-ter-muito-tempo-para-tuitar-diz-janja-em-meio-a-tragedia-no-rs\/","url":"https:\/\/jornalfatosenoticias.com.br\/index.php\/2023\/09\/08\/decolando-para-a-india-vou-ter-muito-tempo-para-tuitar-diz-janja-em-meio-a-tragedia-no-rs\/","name":"\u201cDecolando para a \u00cdndia. Vou ter muito tempo para tuitar\u201d, diz Janja em meio \u00e0 trag\u00e9dia no RS - Jornal Fatos e Not\u00edcias","isPartOf":{"@id":"https:\/\/jornalfatosenoticias.com.br\/#website"},"primaryImageOfPage":{"@id":"https:\/\/jornalfatosenoticias.com.br\/index.php\/2023\/09\/08\/decolando-para-a-india-vou-ter-muito-tempo-para-tuitar-diz-janja-em-meio-a-tragedia-no-rs\/#primaryimage"},"image":{"@id":"https:\/\/jornalfatosenoticias.com.br\/index.php\/2023\/09\/08\/decolando-para-a-india-vou-ter-muito-tempo-para-tuitar-diz-janja-em-meio-a-tragedia-no-rs\/#primaryimage"},"thumbnailUrl":"https:\/\/jornalfatosenoticias.com.br\/wp-content\/uploads\/2023\/09\/Tragedia-no-Rio-Grande-do-Sul-Lula-ignora-visita-ao-800x445-1.jpeg","datePublished":"2023-09-08T15:28:22+00:00","dateModified":"2023-09-08T15:28:23+00:00","breadcrumb":{"@id":"https:\/\/jornalfatosenoticias.com.br\/index.php\/2023\/09\/08\/decolando-para-a-india-vou-ter-muito-tempo-para-tuitar-diz-janja-em-meio-a-tragedia-no-rs\/#breadcrumb"},"inLanguage":"pt-BR","potentialAction":[{"@type":"ReadAction","target":["https:\/\/jornalfatosenoticias.com.br\/index.php\/2023\/09\/08\/decolando-para-a-india-vou-ter-muito-tempo-para-tuitar-diz-janja-em-meio-a-tragedia-no-rs\/"]}]},{"@type":"ImageObject","inLanguage":"pt-BR","@id":"https:\/\/jornalfatosenoticias.com.br\/index.php\/2023\/09\/08\/decolando-para-a-india-vou-ter-muito-tempo-para-tuitar-diz-janja-em-meio-a-tragedia-no-rs\/#primaryimage","url":"https:\/\/jornalfatosenoticias.com.br\/wp-content\/uploads\/2023\/09\/Tragedia-no-Rio-Grande-do-Sul-Lula-ignora-visita-ao-800x445-1.jpeg","contentUrl":"https:\/\/jornalfatosenoticias.com.br\/wp-content\/uploads\/2023\/09\/Tragedia-no-Rio-Grande-do-Sul-Lula-ignora-visita-ao-800x445-1.jpeg","width":800,"height":445},{"@type":"BreadcrumbList","@id":"https:\/\/jornalfatosenoticias.com.br\/index.php\/2023\/09\/08\/decolando-para-a-india-vou-ter-muito-tempo-para-tuitar-diz-janja-em-meio-a-tragedia-no-rs\/#breadcrumb","itemListElement":[{"@type":"ListItem","position":1,"name":"In\u00edcio","item":"https:\/\/jornalfatosenoticias.com.br\/"},{"@type":"ListItem","position":2,"name":"\u201cDecolando para a \u00cdndia. Vou ter muito tempo para tuitar\u201d, diz Janja em meio \u00e0 trag\u00e9dia no RS"}]},{"@type":"WebSite","@id":"https:\/\/jornalfatosenoticias.com.br\/#website","url":"https:\/\/jornalfatosenoticias.com.br\/","name":"Jornal Fatos e Not\u00edcias","description":"Not\u00edcias em geral","publisher":{"@id":"https:\/\/jornalfatosenoticias.com.br\/#organization"},"potentialAction":[{"@type":"SearchAction","target":{"@type":"EntryPoint","urlTemplate":"https:\/\/jornalfatosenoticias.com.br\/?s={search_term_string}"},"query-input":{"@type":"PropertyValueSpecification","valueRequired":true,"valueName":"search_term_string"}}],"inLanguage":"pt-BR"},{"@type":"Organization","@id":"https:\/\/jornalfatosenoticias.com.br\/#organization","name":"Jornal Fatos e Not\u00edcias","url":"https:\/\/jornalfatosenoticias.com.br\/","logo":{"@type":"ImageObject","inLanguage":"pt-BR","@id":"https:\/\/jornalfatosenoticias.com.br\/#\/schema\/logo\/image\/","url":"https:\/\/jornalfatosenoticias.com.br\/wp-content\/uploads\/2020\/02\/logo120.png","contentUrl":"https:\/\/jornalfatosenoticias.com.br\/wp-content\/uploads\/2020\/02\/logo120.png","width":1227,"height":120,"caption":"Jornal Fatos e Not\u00edcias"},"image":{"@id":"https:\/\/jornalfatosenoticias.com.br\/#\/schema\/logo\/image\/"}},{"@type":"Person","@id":"https:\/\/jornalfatosenoticias.com.br\/#\/schema\/person\/d63837fa13ac8666eb9e74e0985d6f81","name":"Luzimara Fernandes","image":{"@type":"ImageObject","inLanguage":"pt-BR","@id":"https:\/\/jornalfatosenoticias.com.br\/#\/schema\/person\/image\/","url":"https:\/\/jornalfatosenoticias.com.br\/wp-content\/uploads\/2025\/05\/EU_portal.jpg","contentUrl":"https:\/\/jornalfatosenoticias.com.br\/wp-content\/uploads\/2025\/05\/EU_portal.jpg","caption":"Luzimara Fernandes"},"description":"Jornalista MTB 2358-ES","sameAs":["https:\/\/jornalfatosenoticias.com.br"],"url":"https:\/\/jornalfatosenoticias.com.br\/index.php\/author\/luzimara\/"}]}},"cc_featured_image_caption":{"caption_text":"(Foto: Reprodu\u00e7\u00e3o Internet)","source_text":"","source_url":""},"jetpack_featured_media_url":"https:\/\/jornalfatosenoticias.com.br\/wp-content\/uploads\/2023\/09\/Tragedia-no-Rio-Grande-do-Sul-Lula-ignora-visita-ao-800x445-1.jpeg","_links":{"self":[{"href":"https:\/\/jornalfatosenoticias.com.br\/index.php\/wp-json\/wp\/v2\/posts\/44978","targetHints":{"allow":["GET"]}}],"collection":[{"href":"https:\/\/jornalfatosenoticias.com.br\/index.php\/wp-json\/wp\/v2\/posts"}],"about":[{"href":"https:\/\/jornalfatosenoticias.com.br\/index.php\/wp-json\/wp\/v2\/types\/post"}],"author":[{"embeddable":true,"href":"https:\/\/jornalfatosenoticias.com.br\/index.php\/wp-json\/wp\/v2\/users\/2"}],"replies":[{"embeddable":true,"href":"https:\/\/jornalfatosenoticias.com.br\/index.php\/wp-json\/wp\/v2\/comments?post=44978"}],"version-history":[{"count":0,"href":"https:\/\/jornalfatosenoticias.com.br\/index.php\/wp-json\/wp\/v2\/posts\/44978\/revisions"}],"wp:featuredmedia":[{"embeddable":true,"href":"https:\/\/jornalfatosenoticias.com.br\/index.php\/wp-json\/wp\/v2\/media\/44979"}],"wp:attachment":[{"href":"https:\/\/jornalfatosenoticias.com.br\/index.php\/wp-json\/wp\/v2\/media?parent=44978"}],"wp:term":[{"taxonomy":"category","embeddable":true,"href":"https:\/\/jornalfatosenoticias.com.br\/index.php\/wp-json\/wp\/v2\/categories?post=44978"},{"taxonomy":"post_tag","embeddable":true,"href":"https:\/\/jornalfatosenoticias.com.br\/index.php\/wp-json\/wp\/v2\/tags?post=44978"}],"curies":[{"name":"wp","href":"https:\/\/api.w.org\/{rel}","templated":true}]}}