{"id":44983,"date":"2023-09-08T13:06:16","date_gmt":"2023-09-08T16:06:16","guid":{"rendered":"https:\/\/jornalfatosenoticias.com.br\/?p=44983"},"modified":"2023-09-08T13:06:17","modified_gmt":"2023-09-08T16:06:17","slug":"o-verdadeiro-homem-aranha-conheca-o-lagarto-que-tem-as-mesmas-cores-do-personagem","status":"publish","type":"post","link":"https:\/\/jornalfatosenoticias.com.br\/index.php\/2023\/09\/08\/o-verdadeiro-homem-aranha-conheca-o-lagarto-que-tem-as-mesmas-cores-do-personagem\/","title":{"rendered":"O verdadeiro \u2018Homem-Aranha\u2019? Conhe\u00e7a o lagarto que tem as mesmas cores do personagem"},"content":{"rendered":"\n<p><em><span class=\"has-inline-color has-black-color\">Por <strong><a href=\"https:\/\/territoriosecreto.com.br\/author\/trajanoxavier\/\">Trajano Xavier<\/a><\/strong><\/span><\/em><\/p>\n\n\n\n<div class=\"wp-block-image\"><figure class=\"aligncenter size-large is-resized\"><img loading=\"lazy\" decoding=\"async\" src=\"https:\/\/jornalfatosenoticias.com.br\/wp-content\/uploads\/2023\/07\/lacremoda.jpg\" alt=\"\" class=\"wp-image-43706\" width=\"306\" height=\"171\" srcset=\"https:\/\/jornalfatosenoticias.com.br\/wp-content\/uploads\/2023\/07\/lacremoda.jpg 1024w, https:\/\/jornalfatosenoticias.com.br\/wp-content\/uploads\/2023\/07\/lacremoda-300x168.jpg 300w, https:\/\/jornalfatosenoticias.com.br\/wp-content\/uploads\/2023\/07\/lacremoda-768x431.jpg 768w\" sizes=\"auto, (max-width: 306px) 100vw, 306px\" \/><\/figure><\/div>\n\n\n\n<p><em>Agama mwanzae, <\/em>esse \u00e9 o nome cient\u00edfico de um lagarto de pequeno porte, original e exclusivo da \u00c1frica, que chama aten\u00e7\u00e3o pela apar\u00eancia semelhante a do personagem Homem-Aranha. As cores do r\u00e9ptil, que mede cerca de 30 cent\u00edmetros, parecem seguir o mesmo padr\u00e3o do figurino usado pelo super-her\u00f3i (azul e vermelho), assim como a textura da pele \u2014 que lembra os detalhes da roupa do protagonista. No entanto, a similaridade com o famoso Homem-Aranha \u00e9 exclusiva dos machos dessa esp\u00e9cie. \u201cAs f\u00eameas apresentam cores em tons de cinza (caracter\u00edstica chamada de dicromatismo sexual)\u201d, explica o herpet\u00f3logo Willianilson Pessoa.<br>Carn\u00edvora, a esp\u00e9cie costuma se alimentar de pequenos invertebrados, al\u00e9m de pequenos lagartos, sapos e cobras. <\/p>\n\n\n\n<div class=\"wp-block-image\"><figure class=\"aligncenter size-large\"><img loading=\"lazy\" decoding=\"async\" width=\"1024\" height=\"110\" src=\"https:\/\/jornalfatosenoticias.com.br\/wp-content\/uploads\/2022\/10\/Arte-jornal-Zucchi-1120x120_Prancheta-1-1024x110.jpg\" alt=\"\" class=\"wp-image-34772\" srcset=\"https:\/\/jornalfatosenoticias.com.br\/wp-content\/uploads\/2022\/10\/Arte-jornal-Zucchi-1120x120_Prancheta-1-1024x110.jpg 1024w, https:\/\/jornalfatosenoticias.com.br\/wp-content\/uploads\/2022\/10\/Arte-jornal-Zucchi-1120x120_Prancheta-1-300x32.jpg 300w, https:\/\/jornalfatosenoticias.com.br\/wp-content\/uploads\/2022\/10\/Arte-jornal-Zucchi-1120x120_Prancheta-1-768x82.jpg 768w, https:\/\/jornalfatosenoticias.com.br\/wp-content\/uploads\/2022\/10\/Arte-jornal-Zucchi-1120x120_Prancheta-1-1536x165.jpg 1536w, https:\/\/jornalfatosenoticias.com.br\/wp-content\/uploads\/2022\/10\/Arte-jornal-Zucchi-1120x120_Prancheta-1-2048x219.jpg 2048w\" sizes=\"auto, (max-width: 1024px) 100vw, 1024px\" \/><\/figure><\/div>\n\n\n\n<div class=\"wp-block-image\"><figure class=\"aligncenter size-large\"><img loading=\"lazy\" decoding=\"async\" width=\"940\" height=\"628\" src=\"https:\/\/jornalfatosenoticias.com.br\/wp-content\/uploads\/2023\/09\/lagarto_homem-aranha.jpg\" alt=\"\" class=\"wp-image-44985\" srcset=\"https:\/\/jornalfatosenoticias.com.br\/wp-content\/uploads\/2023\/09\/lagarto_homem-aranha.jpg 940w, https:\/\/jornalfatosenoticias.com.br\/wp-content\/uploads\/2023\/09\/lagarto_homem-aranha-300x200.jpg 300w, https:\/\/jornalfatosenoticias.com.br\/wp-content\/uploads\/2023\/09\/lagarto_homem-aranha-768x513.jpg 768w\" sizes=\"auto, (max-width: 940px) 100vw, 940px\" \/><figcaption><em><span class=\"has-inline-color has-black-color\">Carn\u00edvora, a esp\u00e9cie costuma se alimentar de pequenos invertebrados, al\u00e9m de pequenos lagartos, sapos e cobras (Foto: Reprodu\u00e7\u00e3o Internet)<\/span><\/em><\/figcaption><\/figure><\/div>\n\n\n\n<blockquote class=\"wp-block-quote is-layout-flow wp-block-quote-is-layout-flow\"><p><span class=\"has-inline-color has-luminous-vivid-orange-color\">S\u00e3o forrageadores ativos, ou seja, ficam procurando por alimento, ao inv\u00e9s de ficar parado esperando a presa chegar\u201d, diz. Com habilidade em escalar, esses lagartos conseguem subir troncos, muros, paredes e rochas. A esp\u00e9cie n\u00e3o possui nenhum tipo de veneno, no m\u00e1ximo pode morder ou arranhar. \u201cUm comportamento interessante dessas esp\u00e9cies \u00e9 o h\u00e1bito de ficar balan\u00e7ando a cabe\u00e7a, como se estivesse \u2018dizendo sim\u2019\u201d, detalha o especialista.<\/span><\/p><\/blockquote>\n\n\n\n<div class=\"wp-block-image\"><figure class=\"aligncenter size-large\"><img loading=\"lazy\" decoding=\"async\" width=\"300\" height=\"250\" src=\"https:\/\/jornalfatosenoticias.com.br\/wp-content\/uploads\/2022\/02\/FERRARI_MAQUINAS-E-FERRAMENTAS2.jpg\" alt=\"\" class=\"wp-image-27860\"\/><\/figure><\/div>\n\n\n\n<h2 class=\"wp-block-heading\"><strong><span class=\"has-inline-color has-vivid-green-cyan-color\">\u201cPrimo\u201d brasileiro<\/span><\/strong><\/h2>\n\n\n\n<div class=\"wp-block-image\"><figure class=\"aligncenter size-large\"><img loading=\"lazy\" decoding=\"async\" width=\"981\" height=\"601\" src=\"https:\/\/jornalfatosenoticias.com.br\/wp-content\/uploads\/2023\/09\/lagarto-primo-do-homem-aranha.jpg\" alt=\"\" class=\"wp-image-44984\" srcset=\"https:\/\/jornalfatosenoticias.com.br\/wp-content\/uploads\/2023\/09\/lagarto-primo-do-homem-aranha.jpg 981w, https:\/\/jornalfatosenoticias.com.br\/wp-content\/uploads\/2023\/09\/lagarto-primo-do-homem-aranha-300x184.jpg 300w, https:\/\/jornalfatosenoticias.com.br\/wp-content\/uploads\/2023\/09\/lagarto-primo-do-homem-aranha-768x471.jpg 768w\" sizes=\"auto, (max-width: 981px) 100vw, 981px\" \/><figcaption><em><span class=\"has-inline-color has-black-color\">A fam\u00edlia do lagarto africano \u00e9 considerada \u201cfam\u00edlia irm\u00e3\u201d da Tropiduridae, que possui diversas esp\u00e9cies no Brasil (Foto: Reprodu\u00e7\u00e3o Internet)<\/span><\/em><\/figcaption><\/figure><\/div>\n\n\n\n<p>A fam\u00edlia do lagarto africano \u00e9 considerada \u201cfam\u00edlia irm\u00e3\u201d da <em>Tropiduridae, <\/em>j\u00e1 que as esp\u00e9cies compartilham caracter\u00edsticas muito parecidas. O Brasil \u00e9 casa para v\u00e1rias representantes da Fam\u00edlia <em>Tropiduridae.<\/em> Na lista est\u00e3o, por exemplo, os calangos (<em>Tropidurus torquatus, Tropidurus oreadicus e Tropidurus itambere<\/em>); lagarto-de-parede (<em>Tropidurus semitaeniatus<\/em>) e calango-da-montanha (<em>Tropidurus montanus<\/em>).<\/p>\n\n\n\n<div class=\"wp-block-image\"><figure class=\"aligncenter size-large\"><img decoding=\"async\" src=\"https:\/\/jornalfatosenoticias.com.br\/wp-content\/uploads\/2020\/02\/logo_esteio.jpg\" alt=\"\" class=\"wp-image-1214\"\/><\/figure><\/div>\n\n\n\n<p>Apesar de tamb\u00e9m apresentarem diferen\u00e7a na colora\u00e7\u00e3o entre macho e f\u00eamea, as esp\u00e9cies brasileiras s\u00e3o bem mais discretas do que o \u201clagarto aranha\u201d. Outro \u201cprimo distante\u201d da esp\u00e9cie africana \u00e9 o Tropidurus jaguaribanus, lagarto descoberto no Sert\u00e3o do Cear\u00e1 em 2011 por pesquisadores do N\u00facleo Regional de Ofiologia da Universidade Federal do Cear\u00e1 (Nurof-UFC). Exclusiva do Brasil, a esp\u00e9cie ocorre Caatinga.<\/p>\n\n\n\n<div class=\"wp-block-image\"><figure class=\"aligncenter size-large\"><img loading=\"lazy\" decoding=\"async\" width=\"300\" height=\"250\" src=\"https:\/\/jornalfatosenoticias.com.br\/wp-content\/uploads\/2020\/02\/Banner-2.png\" alt=\"\" class=\"wp-image-43787\"\/><\/figure><\/div>\n\n\n\n<p>Embora a colora\u00e7\u00e3o do lagarto seja bem semelhante ao personagem, Stan Lee, autor da hist\u00f3ria, se inspirou numa situa\u00e7\u00e3o cotidiana. \u201cEle observou uma mosca e pensou que seria bacana um her\u00f3i que se movimentasse pelas paredes. Chegou a alguns nomes como Homem Voador, ou Homem Inseto, mas o que lhe pareceu mais interessante e amedrontador foi Homem-Aranha. J\u00e1 as cores v\u00eam simplesmente da bandeira dos Estados Unidos. O vermelho e o azul s\u00e3o usados em v\u00e1rios her\u00f3is justamente por isso\u201d, explica o jornalista e criador de conte\u00fado Jo\u00e3o Marcos Carneiro.<\/p>\n\n\n\n<div class=\"wp-block-image\"><figure class=\"aligncenter size-large\"><img loading=\"lazy\" decoding=\"async\" width=\"300\" height=\"250\" src=\"https:\/\/jornalfatosenoticias.com.br\/wp-content\/uploads\/2022\/08\/arte-Casarao.jpg\" alt=\"\" class=\"wp-image-33178\"\/><\/figure><\/div>\n\n\n\n<blockquote class=\"wp-block-quote is-layout-flow wp-block-quote-is-layout-flow\"><p><span class=\"has-inline-color has-luminous-vivid-orange-color\">Outra liga\u00e7\u00e3o entre o lagarto e o Homem-Aranha \u00e9 que existe um vil\u00e3o conhecido, justamente, como Lagarto: um cientista que quer usar o DNA dos lagartos para regenerar partes do corpo. No entanto, a experi\u00eancia falha e ele vira um lagarto gigante andando pela cidade\u201d, detalha Jo\u00e3o. \u201cPra quem \u00e9 f\u00e3, ver esse lagarto africano com as cores do Aranha \u00e9 como se o vil\u00e3o estivesse querendo se passar pelo personagem para enganar as pessoas\u201d, brinca.<\/span><\/p><\/blockquote>\n\n\n\n<div class=\"wp-block-image\"><figure class=\"aligncenter size-large\"><img loading=\"lazy\" decoding=\"async\" width=\"562\" height=\"1000\" src=\"https:\/\/jornalfatosenoticias.com.br\/wp-content\/uploads\/2023\/09\/campeonato-de-frescobol.jpg\" alt=\"\" class=\"wp-image-44967\" srcset=\"https:\/\/jornalfatosenoticias.com.br\/wp-content\/uploads\/2023\/09\/campeonato-de-frescobol.jpg 562w, https:\/\/jornalfatosenoticias.com.br\/wp-content\/uploads\/2023\/09\/campeonato-de-frescobol-169x300.jpg 169w\" sizes=\"auto, (max-width: 562px) 100vw, 562px\" \/><\/figure><\/div>\n\n\n\n<p><strong><em>Fonte: <a href=\"https:\/\/territoriosecreto.com.br\/o-verdadeiro-homem-aranha-conheca-o-lagarto-que-tem-as-mesmas-cores-do-personagem\/\">Territ\u00f3rio Secreto<\/a><\/em><\/strong><\/p>\n","protected":false},"excerpt":{"rendered":"<p>Por Trajano Xavier Agama mwanzae, esse \u00e9 o nome cient\u00edfico de um lagarto de pequeno porte, original e exclusivo da \u00c1frica, que chama aten\u00e7\u00e3o pela apar\u00eancia semelhante a do personagem Homem-Aranha. As cores do r\u00e9ptil, que mede cerca de 30 cent\u00edmetros, parecem seguir o mesmo padr\u00e3o do figurino usado pelo super-her\u00f3i (azul e vermelho), assim [&hellip;]<\/p>\n","protected":false},"author":2,"featured_media":44986,"comment_status":"open","ping_status":"open","sticky":false,"template":"","format":"standard","meta":{"footnotes":""},"categories":[8],"tags":[2195,10422,215],"class_list":["post-44983","post","type-post","status-publish","format-standard","has-post-thumbnail","hentry","category-meio-ambiente","tag-cores","tag-homem-aranha","tag-lagarto"],"yoast_head":"<!-- This site is optimized with the Yoast SEO plugin v26.5 - https:\/\/yoast.com\/wordpress\/plugins\/seo\/ -->\n<title>O verdadeiro \u2018Homem-Aranha\u2019? Conhe\u00e7a o lagarto que tem as mesmas cores do personagem - Jornal Fatos e Not\u00edcias<\/title>\n<meta name=\"robots\" content=\"index, follow, max-snippet:-1, max-image-preview:large, max-video-preview:-1\" \/>\n<link rel=\"canonical\" href=\"https:\/\/jornalfatosenoticias.com.br\/index.php\/2023\/09\/08\/o-verdadeiro-homem-aranha-conheca-o-lagarto-que-tem-as-mesmas-cores-do-personagem\/\" \/>\n<meta property=\"og:locale\" content=\"pt_BR\" \/>\n<meta property=\"og:type\" content=\"article\" \/>\n<meta property=\"og:title\" content=\"O verdadeiro \u2018Homem-Aranha\u2019? Conhe\u00e7a o lagarto que tem as mesmas cores do personagem - Jornal Fatos e Not\u00edcias\" \/>\n<meta property=\"og:description\" content=\"Por Trajano Xavier Agama mwanzae, esse \u00e9 o nome cient\u00edfico de um lagarto de pequeno porte, original e exclusivo da \u00c1frica, que chama aten\u00e7\u00e3o pela apar\u00eancia semelhante a do personagem Homem-Aranha. As cores do r\u00e9ptil, que mede cerca de 30 cent\u00edmetros, parecem seguir o mesmo padr\u00e3o do figurino usado pelo super-her\u00f3i (azul e vermelho), assim [&hellip;]\" \/>\n<meta property=\"og:url\" content=\"https:\/\/jornalfatosenoticias.com.br\/index.php\/2023\/09\/08\/o-verdadeiro-homem-aranha-conheca-o-lagarto-que-tem-as-mesmas-cores-do-personagem\/\" \/>\n<meta property=\"og:site_name\" content=\"Jornal Fatos e Not\u00edcias\" \/>\n<meta property=\"article:published_time\" content=\"2023-09-08T16:06:16+00:00\" \/>\n<meta property=\"article:modified_time\" content=\"2023-09-08T16:06:17+00:00\" \/>\n<meta property=\"og:image\" content=\"https:\/\/jornalfatosenoticias.com.br\/wp-content\/uploads\/2023\/09\/lagarto_homem-aranha2.jpg\" \/>\n\t<meta property=\"og:image:width\" content=\"968\" \/>\n\t<meta property=\"og:image:height\" content=\"538\" \/>\n\t<meta property=\"og:image:type\" content=\"image\/jpeg\" \/>\n<meta name=\"author\" content=\"Luzimara Fernandes\" \/>\n<meta name=\"twitter:card\" content=\"summary_large_image\" \/>\n<meta name=\"twitter:label1\" content=\"Escrito por\" \/>\n\t<meta name=\"twitter:data1\" content=\"Luzimara Fernandes\" \/>\n\t<meta name=\"twitter:label2\" content=\"Est. tempo de leitura\" \/>\n\t<meta name=\"twitter:data2\" content=\"3 minutos\" \/>\n<script type=\"application\/ld+json\" class=\"yoast-schema-graph\">{\"@context\":\"https:\/\/schema.org\",\"@graph\":[{\"@type\":\"Article\",\"@id\":\"https:\/\/jornalfatosenoticias.com.br\/index.php\/2023\/09\/08\/o-verdadeiro-homem-aranha-conheca-o-lagarto-que-tem-as-mesmas-cores-do-personagem\/#article\",\"isPartOf\":{\"@id\":\"https:\/\/jornalfatosenoticias.com.br\/index.php\/2023\/09\/08\/o-verdadeiro-homem-aranha-conheca-o-lagarto-que-tem-as-mesmas-cores-do-personagem\/\"},\"author\":{\"name\":\"Luzimara Fernandes\",\"@id\":\"https:\/\/jornalfatosenoticias.com.br\/#\/schema\/person\/d63837fa13ac8666eb9e74e0985d6f81\"},\"headline\":\"O verdadeiro \u2018Homem-Aranha\u2019? Conhe\u00e7a o lagarto que tem as mesmas cores do personagem\",\"datePublished\":\"2023-09-08T16:06:16+00:00\",\"dateModified\":\"2023-09-08T16:06:17+00:00\",\"mainEntityOfPage\":{\"@id\":\"https:\/\/jornalfatosenoticias.com.br\/index.php\/2023\/09\/08\/o-verdadeiro-homem-aranha-conheca-o-lagarto-que-tem-as-mesmas-cores-do-personagem\/\"},\"wordCount\":570,\"commentCount\":0,\"publisher\":{\"@id\":\"https:\/\/jornalfatosenoticias.com.br\/#organization\"},\"image\":{\"@id\":\"https:\/\/jornalfatosenoticias.com.br\/index.php\/2023\/09\/08\/o-verdadeiro-homem-aranha-conheca-o-lagarto-que-tem-as-mesmas-cores-do-personagem\/#primaryimage\"},\"thumbnailUrl\":\"https:\/\/jornalfatosenoticias.com.br\/wp-content\/uploads\/2023\/09\/lagarto_homem-aranha2.jpg\",\"keywords\":[\"cores\",\"Homem-Aranha\",\"lagarto\"],\"articleSection\":[\"Meio ambiente\"],\"inLanguage\":\"pt-BR\",\"potentialAction\":[{\"@type\":\"CommentAction\",\"name\":\"Comment\",\"target\":[\"https:\/\/jornalfatosenoticias.com.br\/index.php\/2023\/09\/08\/o-verdadeiro-homem-aranha-conheca-o-lagarto-que-tem-as-mesmas-cores-do-personagem\/#respond\"]}]},{\"@type\":\"WebPage\",\"@id\":\"https:\/\/jornalfatosenoticias.com.br\/index.php\/2023\/09\/08\/o-verdadeiro-homem-aranha-conheca-o-lagarto-que-tem-as-mesmas-cores-do-personagem\/\",\"url\":\"https:\/\/jornalfatosenoticias.com.br\/index.php\/2023\/09\/08\/o-verdadeiro-homem-aranha-conheca-o-lagarto-que-tem-as-mesmas-cores-do-personagem\/\",\"name\":\"O verdadeiro \u2018Homem-Aranha\u2019? Conhe\u00e7a o lagarto que tem as mesmas cores do personagem - Jornal Fatos e Not\u00edcias\",\"isPartOf\":{\"@id\":\"https:\/\/jornalfatosenoticias.com.br\/#website\"},\"primaryImageOfPage\":{\"@id\":\"https:\/\/jornalfatosenoticias.com.br\/index.php\/2023\/09\/08\/o-verdadeiro-homem-aranha-conheca-o-lagarto-que-tem-as-mesmas-cores-do-personagem\/#primaryimage\"},\"image\":{\"@id\":\"https:\/\/jornalfatosenoticias.com.br\/index.php\/2023\/09\/08\/o-verdadeiro-homem-aranha-conheca-o-lagarto-que-tem-as-mesmas-cores-do-personagem\/#primaryimage\"},\"thumbnailUrl\":\"https:\/\/jornalfatosenoticias.com.br\/wp-content\/uploads\/2023\/09\/lagarto_homem-aranha2.jpg\",\"datePublished\":\"2023-09-08T16:06:16+00:00\",\"dateModified\":\"2023-09-08T16:06:17+00:00\",\"breadcrumb\":{\"@id\":\"https:\/\/jornalfatosenoticias.com.br\/index.php\/2023\/09\/08\/o-verdadeiro-homem-aranha-conheca-o-lagarto-que-tem-as-mesmas-cores-do-personagem\/#breadcrumb\"},\"inLanguage\":\"pt-BR\",\"potentialAction\":[{\"@type\":\"ReadAction\",\"target\":[\"https:\/\/jornalfatosenoticias.com.br\/index.php\/2023\/09\/08\/o-verdadeiro-homem-aranha-conheca-o-lagarto-que-tem-as-mesmas-cores-do-personagem\/\"]}]},{\"@type\":\"ImageObject\",\"inLanguage\":\"pt-BR\",\"@id\":\"https:\/\/jornalfatosenoticias.com.br\/index.php\/2023\/09\/08\/o-verdadeiro-homem-aranha-conheca-o-lagarto-que-tem-as-mesmas-cores-do-personagem\/#primaryimage\",\"url\":\"https:\/\/jornalfatosenoticias.com.br\/wp-content\/uploads\/2023\/09\/lagarto_homem-aranha2.jpg\",\"contentUrl\":\"https:\/\/jornalfatosenoticias.com.br\/wp-content\/uploads\/2023\/09\/lagarto_homem-aranha2.jpg\",\"width\":968,\"height\":538},{\"@type\":\"BreadcrumbList\",\"@id\":\"https:\/\/jornalfatosenoticias.com.br\/index.php\/2023\/09\/08\/o-verdadeiro-homem-aranha-conheca-o-lagarto-que-tem-as-mesmas-cores-do-personagem\/#breadcrumb\",\"itemListElement\":[{\"@type\":\"ListItem\",\"position\":1,\"name\":\"In\u00edcio\",\"item\":\"https:\/\/jornalfatosenoticias.com.br\/\"},{\"@type\":\"ListItem\",\"position\":2,\"name\":\"O verdadeiro \u2018Homem-Aranha\u2019? Conhe\u00e7a o lagarto que tem as mesmas cores do personagem\"}]},{\"@type\":\"WebSite\",\"@id\":\"https:\/\/jornalfatosenoticias.com.br\/#website\",\"url\":\"https:\/\/jornalfatosenoticias.com.br\/\",\"name\":\"Jornal Fatos e Not\u00edcias\",\"description\":\"Not\u00edcias em geral\",\"publisher\":{\"@id\":\"https:\/\/jornalfatosenoticias.com.br\/#organization\"},\"potentialAction\":[{\"@type\":\"SearchAction\",\"target\":{\"@type\":\"EntryPoint\",\"urlTemplate\":\"https:\/\/jornalfatosenoticias.com.br\/?s={search_term_string}\"},\"query-input\":{\"@type\":\"PropertyValueSpecification\",\"valueRequired\":true,\"valueName\":\"search_term_string\"}}],\"inLanguage\":\"pt-BR\"},{\"@type\":\"Organization\",\"@id\":\"https:\/\/jornalfatosenoticias.com.br\/#organization\",\"name\":\"Jornal Fatos e Not\u00edcias\",\"url\":\"https:\/\/jornalfatosenoticias.com.br\/\",\"logo\":{\"@type\":\"ImageObject\",\"inLanguage\":\"pt-BR\",\"@id\":\"https:\/\/jornalfatosenoticias.com.br\/#\/schema\/logo\/image\/\",\"url\":\"https:\/\/jornalfatosenoticias.com.br\/wp-content\/uploads\/2020\/02\/logo120.png\",\"contentUrl\":\"https:\/\/jornalfatosenoticias.com.br\/wp-content\/uploads\/2020\/02\/logo120.png\",\"width\":1227,\"height\":120,\"caption\":\"Jornal Fatos e Not\u00edcias\"},\"image\":{\"@id\":\"https:\/\/jornalfatosenoticias.com.br\/#\/schema\/logo\/image\/\"}},{\"@type\":\"Person\",\"@id\":\"https:\/\/jornalfatosenoticias.com.br\/#\/schema\/person\/d63837fa13ac8666eb9e74e0985d6f81\",\"name\":\"Luzimara Fernandes\",\"image\":{\"@type\":\"ImageObject\",\"inLanguage\":\"pt-BR\",\"@id\":\"https:\/\/jornalfatosenoticias.com.br\/#\/schema\/person\/image\/\",\"url\":\"https:\/\/jornalfatosenoticias.com.br\/wp-content\/uploads\/2025\/05\/EU_portal.jpg\",\"contentUrl\":\"https:\/\/jornalfatosenoticias.com.br\/wp-content\/uploads\/2025\/05\/EU_portal.jpg\",\"caption\":\"Luzimara Fernandes\"},\"description\":\"Jornalista MTB 2358-ES\",\"sameAs\":[\"https:\/\/jornalfatosenoticias.com.br\"],\"url\":\"https:\/\/jornalfatosenoticias.com.br\/index.php\/author\/luzimara\/\"}]}<\/script>\n<!-- \/ Yoast SEO plugin. -->","yoast_head_json":{"title":"O verdadeiro \u2018Homem-Aranha\u2019? Conhe\u00e7a o lagarto que tem as mesmas cores do personagem - Jornal Fatos e Not\u00edcias","robots":{"index":"index","follow":"follow","max-snippet":"max-snippet:-1","max-image-preview":"max-image-preview:large","max-video-preview":"max-video-preview:-1"},"canonical":"https:\/\/jornalfatosenoticias.com.br\/index.php\/2023\/09\/08\/o-verdadeiro-homem-aranha-conheca-o-lagarto-que-tem-as-mesmas-cores-do-personagem\/","og_locale":"pt_BR","og_type":"article","og_title":"O verdadeiro \u2018Homem-Aranha\u2019? Conhe\u00e7a o lagarto que tem as mesmas cores do personagem - Jornal Fatos e Not\u00edcias","og_description":"Por Trajano Xavier Agama mwanzae, esse \u00e9 o nome cient\u00edfico de um lagarto de pequeno porte, original e exclusivo da \u00c1frica, que chama aten\u00e7\u00e3o pela apar\u00eancia semelhante a do personagem Homem-Aranha. As cores do r\u00e9ptil, que mede cerca de 30 cent\u00edmetros, parecem seguir o mesmo padr\u00e3o do figurino usado pelo super-her\u00f3i (azul e vermelho), assim [&hellip;]","og_url":"https:\/\/jornalfatosenoticias.com.br\/index.php\/2023\/09\/08\/o-verdadeiro-homem-aranha-conheca-o-lagarto-que-tem-as-mesmas-cores-do-personagem\/","og_site_name":"Jornal Fatos e Not\u00edcias","article_published_time":"2023-09-08T16:06:16+00:00","article_modified_time":"2023-09-08T16:06:17+00:00","og_image":[{"width":968,"height":538,"url":"https:\/\/jornalfatosenoticias.com.br\/wp-content\/uploads\/2023\/09\/lagarto_homem-aranha2.jpg","type":"image\/jpeg"}],"author":"Luzimara Fernandes","twitter_card":"summary_large_image","twitter_misc":{"Escrito por":"Luzimara Fernandes","Est. tempo de leitura":"3 minutos"},"schema":{"@context":"https:\/\/schema.org","@graph":[{"@type":"Article","@id":"https:\/\/jornalfatosenoticias.com.br\/index.php\/2023\/09\/08\/o-verdadeiro-homem-aranha-conheca-o-lagarto-que-tem-as-mesmas-cores-do-personagem\/#article","isPartOf":{"@id":"https:\/\/jornalfatosenoticias.com.br\/index.php\/2023\/09\/08\/o-verdadeiro-homem-aranha-conheca-o-lagarto-que-tem-as-mesmas-cores-do-personagem\/"},"author":{"name":"Luzimara Fernandes","@id":"https:\/\/jornalfatosenoticias.com.br\/#\/schema\/person\/d63837fa13ac8666eb9e74e0985d6f81"},"headline":"O verdadeiro \u2018Homem-Aranha\u2019? Conhe\u00e7a o lagarto que tem as mesmas cores do personagem","datePublished":"2023-09-08T16:06:16+00:00","dateModified":"2023-09-08T16:06:17+00:00","mainEntityOfPage":{"@id":"https:\/\/jornalfatosenoticias.com.br\/index.php\/2023\/09\/08\/o-verdadeiro-homem-aranha-conheca-o-lagarto-que-tem-as-mesmas-cores-do-personagem\/"},"wordCount":570,"commentCount":0,"publisher":{"@id":"https:\/\/jornalfatosenoticias.com.br\/#organization"},"image":{"@id":"https:\/\/jornalfatosenoticias.com.br\/index.php\/2023\/09\/08\/o-verdadeiro-homem-aranha-conheca-o-lagarto-que-tem-as-mesmas-cores-do-personagem\/#primaryimage"},"thumbnailUrl":"https:\/\/jornalfatosenoticias.com.br\/wp-content\/uploads\/2023\/09\/lagarto_homem-aranha2.jpg","keywords":["cores","Homem-Aranha","lagarto"],"articleSection":["Meio ambiente"],"inLanguage":"pt-BR","potentialAction":[{"@type":"CommentAction","name":"Comment","target":["https:\/\/jornalfatosenoticias.com.br\/index.php\/2023\/09\/08\/o-verdadeiro-homem-aranha-conheca-o-lagarto-que-tem-as-mesmas-cores-do-personagem\/#respond"]}]},{"@type":"WebPage","@id":"https:\/\/jornalfatosenoticias.com.br\/index.php\/2023\/09\/08\/o-verdadeiro-homem-aranha-conheca-o-lagarto-que-tem-as-mesmas-cores-do-personagem\/","url":"https:\/\/jornalfatosenoticias.com.br\/index.php\/2023\/09\/08\/o-verdadeiro-homem-aranha-conheca-o-lagarto-que-tem-as-mesmas-cores-do-personagem\/","name":"O verdadeiro \u2018Homem-Aranha\u2019? Conhe\u00e7a o lagarto que tem as mesmas cores do personagem - Jornal Fatos e Not\u00edcias","isPartOf":{"@id":"https:\/\/jornalfatosenoticias.com.br\/#website"},"primaryImageOfPage":{"@id":"https:\/\/jornalfatosenoticias.com.br\/index.php\/2023\/09\/08\/o-verdadeiro-homem-aranha-conheca-o-lagarto-que-tem-as-mesmas-cores-do-personagem\/#primaryimage"},"image":{"@id":"https:\/\/jornalfatosenoticias.com.br\/index.php\/2023\/09\/08\/o-verdadeiro-homem-aranha-conheca-o-lagarto-que-tem-as-mesmas-cores-do-personagem\/#primaryimage"},"thumbnailUrl":"https:\/\/jornalfatosenoticias.com.br\/wp-content\/uploads\/2023\/09\/lagarto_homem-aranha2.jpg","datePublished":"2023-09-08T16:06:16+00:00","dateModified":"2023-09-08T16:06:17+00:00","breadcrumb":{"@id":"https:\/\/jornalfatosenoticias.com.br\/index.php\/2023\/09\/08\/o-verdadeiro-homem-aranha-conheca-o-lagarto-que-tem-as-mesmas-cores-do-personagem\/#breadcrumb"},"inLanguage":"pt-BR","potentialAction":[{"@type":"ReadAction","target":["https:\/\/jornalfatosenoticias.com.br\/index.php\/2023\/09\/08\/o-verdadeiro-homem-aranha-conheca-o-lagarto-que-tem-as-mesmas-cores-do-personagem\/"]}]},{"@type":"ImageObject","inLanguage":"pt-BR","@id":"https:\/\/jornalfatosenoticias.com.br\/index.php\/2023\/09\/08\/o-verdadeiro-homem-aranha-conheca-o-lagarto-que-tem-as-mesmas-cores-do-personagem\/#primaryimage","url":"https:\/\/jornalfatosenoticias.com.br\/wp-content\/uploads\/2023\/09\/lagarto_homem-aranha2.jpg","contentUrl":"https:\/\/jornalfatosenoticias.com.br\/wp-content\/uploads\/2023\/09\/lagarto_homem-aranha2.jpg","width":968,"height":538},{"@type":"BreadcrumbList","@id":"https:\/\/jornalfatosenoticias.com.br\/index.php\/2023\/09\/08\/o-verdadeiro-homem-aranha-conheca-o-lagarto-que-tem-as-mesmas-cores-do-personagem\/#breadcrumb","itemListElement":[{"@type":"ListItem","position":1,"name":"In\u00edcio","item":"https:\/\/jornalfatosenoticias.com.br\/"},{"@type":"ListItem","position":2,"name":"O verdadeiro \u2018Homem-Aranha\u2019? Conhe\u00e7a o lagarto que tem as mesmas cores do personagem"}]},{"@type":"WebSite","@id":"https:\/\/jornalfatosenoticias.com.br\/#website","url":"https:\/\/jornalfatosenoticias.com.br\/","name":"Jornal Fatos e Not\u00edcias","description":"Not\u00edcias em geral","publisher":{"@id":"https:\/\/jornalfatosenoticias.com.br\/#organization"},"potentialAction":[{"@type":"SearchAction","target":{"@type":"EntryPoint","urlTemplate":"https:\/\/jornalfatosenoticias.com.br\/?s={search_term_string}"},"query-input":{"@type":"PropertyValueSpecification","valueRequired":true,"valueName":"search_term_string"}}],"inLanguage":"pt-BR"},{"@type":"Organization","@id":"https:\/\/jornalfatosenoticias.com.br\/#organization","name":"Jornal Fatos e Not\u00edcias","url":"https:\/\/jornalfatosenoticias.com.br\/","logo":{"@type":"ImageObject","inLanguage":"pt-BR","@id":"https:\/\/jornalfatosenoticias.com.br\/#\/schema\/logo\/image\/","url":"https:\/\/jornalfatosenoticias.com.br\/wp-content\/uploads\/2020\/02\/logo120.png","contentUrl":"https:\/\/jornalfatosenoticias.com.br\/wp-content\/uploads\/2020\/02\/logo120.png","width":1227,"height":120,"caption":"Jornal Fatos e Not\u00edcias"},"image":{"@id":"https:\/\/jornalfatosenoticias.com.br\/#\/schema\/logo\/image\/"}},{"@type":"Person","@id":"https:\/\/jornalfatosenoticias.com.br\/#\/schema\/person\/d63837fa13ac8666eb9e74e0985d6f81","name":"Luzimara Fernandes","image":{"@type":"ImageObject","inLanguage":"pt-BR","@id":"https:\/\/jornalfatosenoticias.com.br\/#\/schema\/person\/image\/","url":"https:\/\/jornalfatosenoticias.com.br\/wp-content\/uploads\/2025\/05\/EU_portal.jpg","contentUrl":"https:\/\/jornalfatosenoticias.com.br\/wp-content\/uploads\/2025\/05\/EU_portal.jpg","caption":"Luzimara Fernandes"},"description":"Jornalista MTB 2358-ES","sameAs":["https:\/\/jornalfatosenoticias.com.br"],"url":"https:\/\/jornalfatosenoticias.com.br\/index.php\/author\/luzimara\/"}]}},"cc_featured_image_caption":{"caption_text":"(Foto: Reprodu\u00e7\u00e3o Internet) ","source_text":"","source_url":""},"jetpack_featured_media_url":"https:\/\/jornalfatosenoticias.com.br\/wp-content\/uploads\/2023\/09\/lagarto_homem-aranha2.jpg","_links":{"self":[{"href":"https:\/\/jornalfatosenoticias.com.br\/index.php\/wp-json\/wp\/v2\/posts\/44983","targetHints":{"allow":["GET"]}}],"collection":[{"href":"https:\/\/jornalfatosenoticias.com.br\/index.php\/wp-json\/wp\/v2\/posts"}],"about":[{"href":"https:\/\/jornalfatosenoticias.com.br\/index.php\/wp-json\/wp\/v2\/types\/post"}],"author":[{"embeddable":true,"href":"https:\/\/jornalfatosenoticias.com.br\/index.php\/wp-json\/wp\/v2\/users\/2"}],"replies":[{"embeddable":true,"href":"https:\/\/jornalfatosenoticias.com.br\/index.php\/wp-json\/wp\/v2\/comments?post=44983"}],"version-history":[{"count":0,"href":"https:\/\/jornalfatosenoticias.com.br\/index.php\/wp-json\/wp\/v2\/posts\/44983\/revisions"}],"wp:featuredmedia":[{"embeddable":true,"href":"https:\/\/jornalfatosenoticias.com.br\/index.php\/wp-json\/wp\/v2\/media\/44986"}],"wp:attachment":[{"href":"https:\/\/jornalfatosenoticias.com.br\/index.php\/wp-json\/wp\/v2\/media?parent=44983"}],"wp:term":[{"taxonomy":"category","embeddable":true,"href":"https:\/\/jornalfatosenoticias.com.br\/index.php\/wp-json\/wp\/v2\/categories?post=44983"},{"taxonomy":"post_tag","embeddable":true,"href":"https:\/\/jornalfatosenoticias.com.br\/index.php\/wp-json\/wp\/v2\/tags?post=44983"}],"curies":[{"name":"wp","href":"https:\/\/api.w.org\/{rel}","templated":true}]}}