{"id":45028,"date":"2023-09-11T15:35:10","date_gmt":"2023-09-11T18:35:10","guid":{"rendered":"https:\/\/jornalfatosenoticias.com.br\/?p=45028"},"modified":"2023-09-11T15:35:11","modified_gmt":"2023-09-11T18:35:11","slug":"tribunal-de-haia-rebate-lula-e-diz-que-brasil-tem-obrigacao-de-cooperar-para-a-prisao-de-putin","status":"publish","type":"post","link":"https:\/\/jornalfatosenoticias.com.br\/index.php\/2023\/09\/11\/tribunal-de-haia-rebate-lula-e-diz-que-brasil-tem-obrigacao-de-cooperar-para-a-prisao-de-putin\/","title":{"rendered":"Tribunal de Haia rebate Lula e diz que Brasil tem obriga\u00e7\u00e3o de cooperar para a pris\u00e3o de Putin"},"content":{"rendered":"\n<p><em><span class=\"has-inline-color has-black-color\">Por <strong><a href=\"https:\/\/www.gazetadopovo.com.br\/autor\/diogenes-freire-feitosa\/\">Di\u00f3genes Freire Feitosa<\/a><\/strong><\/span><\/em><\/p>\n\n\n\n<div class=\"wp-block-image\"><figure class=\"aligncenter size-large\"><img loading=\"lazy\" decoding=\"async\" width=\"729\" height=\"90\" src=\"https:\/\/jornalfatosenoticias.com.br\/wp-content\/uploads\/2020\/02\/Logo_Mizu.png\" alt=\"\" class=\"wp-image-1441\" srcset=\"https:\/\/jornalfatosenoticias.com.br\/wp-content\/uploads\/2020\/02\/Logo_Mizu.png 729w, https:\/\/jornalfatosenoticias.com.br\/wp-content\/uploads\/2020\/02\/Logo_Mizu-300x37.png 300w\" sizes=\"auto, (max-width: 729px) 100vw, 729px\" \/><\/figure><\/div>\n\n\n\n<p>Ap\u00f3s Lula (PT) gerar pol\u00eamica ao afirmar que o ditador russo, Vladimir Putin, teria tr\u00e2nsito livre no Brasil apesar de ser alvo de um mandado de pris\u00e3o do Tribunal Penal Internacional (TPI) por crime de guerra na Ucr\u00e2nia, um porta-voz da Corte internacional disse que o Brasil tem a obriga\u00e7\u00e3o de cooperar com a pris\u00e3o de Putin, j\u00e1 que o pa\u00eds \u00e9 um dos signat\u00e1rios do Estatuto de Roma, que deu origem ao TPI, tamb\u00e9m conhecido como Tribunal de Haia.<br>Ouvido pelo jornal Metr\u00f3poles, o porta-voz do Tribunal, Fadi Elabdallah, disse que n\u00e3o comentaria declara\u00e7\u00f5es diretas de Lula, mas confirmou a obriga\u00e7\u00e3o do Brasil em cumprir as determina\u00e7\u00f5es da Corte internacional. No \u00faltimo s\u00e1bado (9), ao conceder entrevista a um canal indiano, Lula afirmou que Putin poderia vir \u201cfacilmente\u201d ao Brasil para a C\u00fapula do G20 no pr\u00f3ximo ano sem risco de pris\u00e3o.<\/p>\n\n\n\n<div class=\"wp-block-image\"><figure class=\"aligncenter size-large\"><img loading=\"lazy\" decoding=\"async\" width=\"300\" height=\"250\" src=\"https:\/\/jornalfatosenoticias.com.br\/wp-content\/uploads\/2022\/08\/arte-Casarao.jpg\" alt=\"\" class=\"wp-image-33178\"\/><\/figure><\/div>\n\n\n\n<blockquote class=\"wp-block-quote is-layout-flow wp-block-quote-is-layout-flow\"><p><span class=\"has-inline-color has-luminous-vivid-orange-color\">Se eu for presidente do Brasil, e se ele (Putin) vier para o Brasil, n\u00e3o tem como ele ser preso. Ningu\u00e9m vai desrespeitar o Brasil&#8221;, disse o petista na ocasi\u00e3o.<\/span><\/p><\/blockquote>\n\n\n\n<div class=\"wp-block-image\"><figure class=\"aligncenter size-large is-resized\"><img loading=\"lazy\" decoding=\"async\" src=\"https:\/\/jornalfatosenoticias.com.br\/wp-content\/uploads\/2020\/02\/logo-Rapuzel-1024x571.jpg\" alt=\"\" class=\"wp-image-42808\" width=\"354\" height=\"197\" srcset=\"https:\/\/jornalfatosenoticias.com.br\/wp-content\/uploads\/2020\/02\/logo-Rapuzel-1024x571.jpg 1024w, https:\/\/jornalfatosenoticias.com.br\/wp-content\/uploads\/2020\/02\/logo-Rapuzel-300x167.jpg 300w, https:\/\/jornalfatosenoticias.com.br\/wp-content\/uploads\/2020\/02\/logo-Rapuzel-768x428.jpg 768w, https:\/\/jornalfatosenoticias.com.br\/wp-content\/uploads\/2020\/02\/logo-Rapuzel-1536x856.jpg 1536w, https:\/\/jornalfatosenoticias.com.br\/wp-content\/uploads\/2020\/02\/logo-Rapuzel.jpg 1600w\" sizes=\"auto, (max-width: 354px) 100vw, 354px\" \/><\/figure><\/div>\n\n\n\n<p>Depois de desgastar a imagem do Brasil com a declara\u00e7\u00e3o, Lula voltou a gerar pol\u00eamica, nesta segunda-feira (11), ao dizer que ir\u00e1 estudar a possibilidade de o Brasil deixar o grupo de 123 pa\u00edses que s\u00e3o signat\u00e1rios do tratado penal internacional.<br>O petista ainda reconheceu que n\u00e3o cabe a ele ou ao Congresso a decis\u00e3o sobre uma eventual pris\u00e3o de Putin, mas questionou a composi\u00e7\u00e3o e a autoridade do Tribunal de Haia.<\/p>\n\n\n\n<div class=\"wp-block-image\"><figure class=\"aligncenter size-large\"><img loading=\"lazy\" decoding=\"async\" width=\"300\" height=\"250\" src=\"https:\/\/jornalfatosenoticias.com.br\/wp-content\/uploads\/2020\/02\/Banner-2.png\" alt=\"\" class=\"wp-image-43787\"\/><\/figure><\/div>\n\n\n\n<p>O Tribunal Penal Internacional foi criado em 1998 e passou a funcionar em julho de 2002 com base no Estatuto de Roma, que tratava sobre a cria\u00e7\u00e3o de um tribunal internacional permanente para atuar de maneira independente. Com sede em Haia, na Holanda, a Corte \u00e9 respons\u00e1vel por investigar e julgar pessoas acusadas dos crimes de genoc\u00eddio, crimes de guerra, crimes contra a humanidade e a agress\u00e3o contra outros pa\u00edses.<\/p>\n\n\n\n<div class=\"wp-block-image\"><figure class=\"aligncenter size-large\"><img decoding=\"async\" src=\"https:\/\/jornalfatosenoticias.com.br\/wp-content\/uploads\/2020\/02\/logo_esteio.jpg\" alt=\"\" class=\"wp-image-1214\"\/><\/figure><\/div>\n\n\n\n<p><strong><em>Fonte: <a href=\"https:\/\/www.gazetadopovo.com.br\/republica\/tribunal-de-haia-rebate-lula-e-diz-que-brasil-tem-obrigacao-de-cooperar-para-a-prisao-de-putin\/\">Gazeta do Povo<\/a><\/em><\/strong><\/p>\n","protected":false},"excerpt":{"rendered":"<p>Por Di\u00f3genes Freire Feitosa Ap\u00f3s Lula (PT) gerar pol\u00eamica ao afirmar que o ditador russo, Vladimir Putin, teria tr\u00e2nsito livre no Brasil apesar de ser alvo de um mandado de pris\u00e3o do Tribunal Penal Internacional (TPI) por crime de guerra na Ucr\u00e2nia, um porta-voz da Corte internacional disse que o Brasil tem a obriga\u00e7\u00e3o de [&hellip;]<\/p>\n","protected":false},"author":2,"featured_media":45029,"comment_status":"open","ping_status":"open","sticky":false,"template":"","format":"standard","meta":{"footnotes":""},"categories":[10],"tags":[18157,7580,21217,21216,19147],"class_list":["post-45028","post","type-post","status-publish","format-standard","has-post-thumbnail","hentry","category-politica","tag-desgoverno-lula","tag-lula","tag-prisao-de-putin","tag-tribunal-de-haia","tag-vergonha-internacional"],"yoast_head":"<!-- This site is optimized with the Yoast SEO plugin v26.5 - https:\/\/yoast.com\/wordpress\/plugins\/seo\/ -->\n<title>Tribunal de Haia rebate Lula e diz que Brasil tem obriga\u00e7\u00e3o de cooperar para a pris\u00e3o de Putin - Jornal Fatos e Not\u00edcias<\/title>\n<meta name=\"robots\" content=\"index, follow, max-snippet:-1, max-image-preview:large, max-video-preview:-1\" \/>\n<link rel=\"canonical\" href=\"https:\/\/jornalfatosenoticias.com.br\/index.php\/2023\/09\/11\/tribunal-de-haia-rebate-lula-e-diz-que-brasil-tem-obrigacao-de-cooperar-para-a-prisao-de-putin\/\" \/>\n<meta property=\"og:locale\" content=\"pt_BR\" \/>\n<meta property=\"og:type\" content=\"article\" \/>\n<meta property=\"og:title\" content=\"Tribunal de Haia rebate Lula e diz que Brasil tem obriga\u00e7\u00e3o de cooperar para a pris\u00e3o de Putin - Jornal Fatos e Not\u00edcias\" \/>\n<meta property=\"og:description\" content=\"Por Di\u00f3genes Freire Feitosa Ap\u00f3s Lula (PT) gerar pol\u00eamica ao afirmar que o ditador russo, Vladimir Putin, teria tr\u00e2nsito livre no Brasil apesar de ser alvo de um mandado de pris\u00e3o do Tribunal Penal Internacional (TPI) por crime de guerra na Ucr\u00e2nia, um porta-voz da Corte internacional disse que o Brasil tem a obriga\u00e7\u00e3o de [&hellip;]\" \/>\n<meta property=\"og:url\" content=\"https:\/\/jornalfatosenoticias.com.br\/index.php\/2023\/09\/11\/tribunal-de-haia-rebate-lula-e-diz-que-brasil-tem-obrigacao-de-cooperar-para-a-prisao-de-putin\/\" \/>\n<meta property=\"og:site_name\" content=\"Jornal Fatos e Not\u00edcias\" \/>\n<meta property=\"article:published_time\" content=\"2023-09-11T18:35:10+00:00\" \/>\n<meta property=\"article:modified_time\" content=\"2023-09-11T18:35:11+00:00\" \/>\n<meta property=\"og:image\" content=\"https:\/\/jornalfatosenoticias.com.br\/wp-content\/uploads\/2023\/09\/vergonha-internacional_molusco.jpg\" \/>\n\t<meta property=\"og:image:width\" content=\"960\" \/>\n\t<meta property=\"og:image:height\" content=\"540\" \/>\n\t<meta property=\"og:image:type\" content=\"image\/jpeg\" \/>\n<meta name=\"author\" content=\"Luzimara Fernandes\" \/>\n<meta name=\"twitter:card\" content=\"summary_large_image\" \/>\n<meta name=\"twitter:label1\" content=\"Escrito por\" \/>\n\t<meta name=\"twitter:data1\" content=\"Luzimara Fernandes\" \/>\n\t<meta name=\"twitter:label2\" content=\"Est. tempo de leitura\" \/>\n\t<meta name=\"twitter:data2\" content=\"2 minutos\" \/>\n<script type=\"application\/ld+json\" class=\"yoast-schema-graph\">{\"@context\":\"https:\/\/schema.org\",\"@graph\":[{\"@type\":\"Article\",\"@id\":\"https:\/\/jornalfatosenoticias.com.br\/index.php\/2023\/09\/11\/tribunal-de-haia-rebate-lula-e-diz-que-brasil-tem-obrigacao-de-cooperar-para-a-prisao-de-putin\/#article\",\"isPartOf\":{\"@id\":\"https:\/\/jornalfatosenoticias.com.br\/index.php\/2023\/09\/11\/tribunal-de-haia-rebate-lula-e-diz-que-brasil-tem-obrigacao-de-cooperar-para-a-prisao-de-putin\/\"},\"author\":{\"name\":\"Luzimara Fernandes\",\"@id\":\"https:\/\/jornalfatosenoticias.com.br\/#\/schema\/person\/d63837fa13ac8666eb9e74e0985d6f81\"},\"headline\":\"Tribunal de Haia rebate Lula e diz que Brasil tem obriga\u00e7\u00e3o de cooperar para a pris\u00e3o de Putin\",\"datePublished\":\"2023-09-11T18:35:10+00:00\",\"dateModified\":\"2023-09-11T18:35:11+00:00\",\"mainEntityOfPage\":{\"@id\":\"https:\/\/jornalfatosenoticias.com.br\/index.php\/2023\/09\/11\/tribunal-de-haia-rebate-lula-e-diz-que-brasil-tem-obrigacao-de-cooperar-para-a-prisao-de-putin\/\"},\"wordCount\":373,\"commentCount\":0,\"publisher\":{\"@id\":\"https:\/\/jornalfatosenoticias.com.br\/#organization\"},\"image\":{\"@id\":\"https:\/\/jornalfatosenoticias.com.br\/index.php\/2023\/09\/11\/tribunal-de-haia-rebate-lula-e-diz-que-brasil-tem-obrigacao-de-cooperar-para-a-prisao-de-putin\/#primaryimage\"},\"thumbnailUrl\":\"https:\/\/jornalfatosenoticias.com.br\/wp-content\/uploads\/2023\/09\/vergonha-internacional_molusco.jpg\",\"keywords\":[\"desgoverno Lula\",\"Lula\",\"pris\u00e3o de Putin\",\"Tribunal de Haia\",\"vergonha internacional\"],\"articleSection\":[\"Pol\u00edtica\"],\"inLanguage\":\"pt-BR\",\"potentialAction\":[{\"@type\":\"CommentAction\",\"name\":\"Comment\",\"target\":[\"https:\/\/jornalfatosenoticias.com.br\/index.php\/2023\/09\/11\/tribunal-de-haia-rebate-lula-e-diz-que-brasil-tem-obrigacao-de-cooperar-para-a-prisao-de-putin\/#respond\"]}]},{\"@type\":\"WebPage\",\"@id\":\"https:\/\/jornalfatosenoticias.com.br\/index.php\/2023\/09\/11\/tribunal-de-haia-rebate-lula-e-diz-que-brasil-tem-obrigacao-de-cooperar-para-a-prisao-de-putin\/\",\"url\":\"https:\/\/jornalfatosenoticias.com.br\/index.php\/2023\/09\/11\/tribunal-de-haia-rebate-lula-e-diz-que-brasil-tem-obrigacao-de-cooperar-para-a-prisao-de-putin\/\",\"name\":\"Tribunal de Haia rebate Lula e diz que Brasil tem obriga\u00e7\u00e3o de cooperar para a pris\u00e3o de Putin - Jornal Fatos e Not\u00edcias\",\"isPartOf\":{\"@id\":\"https:\/\/jornalfatosenoticias.com.br\/#website\"},\"primaryImageOfPage\":{\"@id\":\"https:\/\/jornalfatosenoticias.com.br\/index.php\/2023\/09\/11\/tribunal-de-haia-rebate-lula-e-diz-que-brasil-tem-obrigacao-de-cooperar-para-a-prisao-de-putin\/#primaryimage\"},\"image\":{\"@id\":\"https:\/\/jornalfatosenoticias.com.br\/index.php\/2023\/09\/11\/tribunal-de-haia-rebate-lula-e-diz-que-brasil-tem-obrigacao-de-cooperar-para-a-prisao-de-putin\/#primaryimage\"},\"thumbnailUrl\":\"https:\/\/jornalfatosenoticias.com.br\/wp-content\/uploads\/2023\/09\/vergonha-internacional_molusco.jpg\",\"datePublished\":\"2023-09-11T18:35:10+00:00\",\"dateModified\":\"2023-09-11T18:35:11+00:00\",\"breadcrumb\":{\"@id\":\"https:\/\/jornalfatosenoticias.com.br\/index.php\/2023\/09\/11\/tribunal-de-haia-rebate-lula-e-diz-que-brasil-tem-obrigacao-de-cooperar-para-a-prisao-de-putin\/#breadcrumb\"},\"inLanguage\":\"pt-BR\",\"potentialAction\":[{\"@type\":\"ReadAction\",\"target\":[\"https:\/\/jornalfatosenoticias.com.br\/index.php\/2023\/09\/11\/tribunal-de-haia-rebate-lula-e-diz-que-brasil-tem-obrigacao-de-cooperar-para-a-prisao-de-putin\/\"]}]},{\"@type\":\"ImageObject\",\"inLanguage\":\"pt-BR\",\"@id\":\"https:\/\/jornalfatosenoticias.com.br\/index.php\/2023\/09\/11\/tribunal-de-haia-rebate-lula-e-diz-que-brasil-tem-obrigacao-de-cooperar-para-a-prisao-de-putin\/#primaryimage\",\"url\":\"https:\/\/jornalfatosenoticias.com.br\/wp-content\/uploads\/2023\/09\/vergonha-internacional_molusco.jpg\",\"contentUrl\":\"https:\/\/jornalfatosenoticias.com.br\/wp-content\/uploads\/2023\/09\/vergonha-internacional_molusco.jpg\",\"width\":960,\"height\":540},{\"@type\":\"BreadcrumbList\",\"@id\":\"https:\/\/jornalfatosenoticias.com.br\/index.php\/2023\/09\/11\/tribunal-de-haia-rebate-lula-e-diz-que-brasil-tem-obrigacao-de-cooperar-para-a-prisao-de-putin\/#breadcrumb\",\"itemListElement\":[{\"@type\":\"ListItem\",\"position\":1,\"name\":\"In\u00edcio\",\"item\":\"https:\/\/jornalfatosenoticias.com.br\/\"},{\"@type\":\"ListItem\",\"position\":2,\"name\":\"Tribunal de Haia rebate Lula e diz que Brasil tem obriga\u00e7\u00e3o de cooperar para a pris\u00e3o de Putin\"}]},{\"@type\":\"WebSite\",\"@id\":\"https:\/\/jornalfatosenoticias.com.br\/#website\",\"url\":\"https:\/\/jornalfatosenoticias.com.br\/\",\"name\":\"Jornal Fatos e Not\u00edcias\",\"description\":\"Not\u00edcias em geral\",\"publisher\":{\"@id\":\"https:\/\/jornalfatosenoticias.com.br\/#organization\"},\"potentialAction\":[{\"@type\":\"SearchAction\",\"target\":{\"@type\":\"EntryPoint\",\"urlTemplate\":\"https:\/\/jornalfatosenoticias.com.br\/?s={search_term_string}\"},\"query-input\":{\"@type\":\"PropertyValueSpecification\",\"valueRequired\":true,\"valueName\":\"search_term_string\"}}],\"inLanguage\":\"pt-BR\"},{\"@type\":\"Organization\",\"@id\":\"https:\/\/jornalfatosenoticias.com.br\/#organization\",\"name\":\"Jornal Fatos e Not\u00edcias\",\"url\":\"https:\/\/jornalfatosenoticias.com.br\/\",\"logo\":{\"@type\":\"ImageObject\",\"inLanguage\":\"pt-BR\",\"@id\":\"https:\/\/jornalfatosenoticias.com.br\/#\/schema\/logo\/image\/\",\"url\":\"https:\/\/jornalfatosenoticias.com.br\/wp-content\/uploads\/2020\/02\/logo120.png\",\"contentUrl\":\"https:\/\/jornalfatosenoticias.com.br\/wp-content\/uploads\/2020\/02\/logo120.png\",\"width\":1227,\"height\":120,\"caption\":\"Jornal Fatos e Not\u00edcias\"},\"image\":{\"@id\":\"https:\/\/jornalfatosenoticias.com.br\/#\/schema\/logo\/image\/\"}},{\"@type\":\"Person\",\"@id\":\"https:\/\/jornalfatosenoticias.com.br\/#\/schema\/person\/d63837fa13ac8666eb9e74e0985d6f81\",\"name\":\"Luzimara Fernandes\",\"image\":{\"@type\":\"ImageObject\",\"inLanguage\":\"pt-BR\",\"@id\":\"https:\/\/jornalfatosenoticias.com.br\/#\/schema\/person\/image\/\",\"url\":\"https:\/\/jornalfatosenoticias.com.br\/wp-content\/uploads\/2025\/05\/EU_portal.jpg\",\"contentUrl\":\"https:\/\/jornalfatosenoticias.com.br\/wp-content\/uploads\/2025\/05\/EU_portal.jpg\",\"caption\":\"Luzimara Fernandes\"},\"description\":\"Jornalista MTB 2358-ES\",\"sameAs\":[\"https:\/\/jornalfatosenoticias.com.br\"],\"url\":\"https:\/\/jornalfatosenoticias.com.br\/index.php\/author\/luzimara\/\"}]}<\/script>\n<!-- \/ Yoast SEO plugin. -->","yoast_head_json":{"title":"Tribunal de Haia rebate Lula e diz que Brasil tem obriga\u00e7\u00e3o de cooperar para a pris\u00e3o de Putin - Jornal Fatos e Not\u00edcias","robots":{"index":"index","follow":"follow","max-snippet":"max-snippet:-1","max-image-preview":"max-image-preview:large","max-video-preview":"max-video-preview:-1"},"canonical":"https:\/\/jornalfatosenoticias.com.br\/index.php\/2023\/09\/11\/tribunal-de-haia-rebate-lula-e-diz-que-brasil-tem-obrigacao-de-cooperar-para-a-prisao-de-putin\/","og_locale":"pt_BR","og_type":"article","og_title":"Tribunal de Haia rebate Lula e diz que Brasil tem obriga\u00e7\u00e3o de cooperar para a pris\u00e3o de Putin - Jornal Fatos e Not\u00edcias","og_description":"Por Di\u00f3genes Freire Feitosa Ap\u00f3s Lula (PT) gerar pol\u00eamica ao afirmar que o ditador russo, Vladimir Putin, teria tr\u00e2nsito livre no Brasil apesar de ser alvo de um mandado de pris\u00e3o do Tribunal Penal Internacional (TPI) por crime de guerra na Ucr\u00e2nia, um porta-voz da Corte internacional disse que o Brasil tem a obriga\u00e7\u00e3o de [&hellip;]","og_url":"https:\/\/jornalfatosenoticias.com.br\/index.php\/2023\/09\/11\/tribunal-de-haia-rebate-lula-e-diz-que-brasil-tem-obrigacao-de-cooperar-para-a-prisao-de-putin\/","og_site_name":"Jornal Fatos e Not\u00edcias","article_published_time":"2023-09-11T18:35:10+00:00","article_modified_time":"2023-09-11T18:35:11+00:00","og_image":[{"width":960,"height":540,"url":"https:\/\/jornalfatosenoticias.com.br\/wp-content\/uploads\/2023\/09\/vergonha-internacional_molusco.jpg","type":"image\/jpeg"}],"author":"Luzimara Fernandes","twitter_card":"summary_large_image","twitter_misc":{"Escrito por":"Luzimara Fernandes","Est. tempo de leitura":"2 minutos"},"schema":{"@context":"https:\/\/schema.org","@graph":[{"@type":"Article","@id":"https:\/\/jornalfatosenoticias.com.br\/index.php\/2023\/09\/11\/tribunal-de-haia-rebate-lula-e-diz-que-brasil-tem-obrigacao-de-cooperar-para-a-prisao-de-putin\/#article","isPartOf":{"@id":"https:\/\/jornalfatosenoticias.com.br\/index.php\/2023\/09\/11\/tribunal-de-haia-rebate-lula-e-diz-que-brasil-tem-obrigacao-de-cooperar-para-a-prisao-de-putin\/"},"author":{"name":"Luzimara Fernandes","@id":"https:\/\/jornalfatosenoticias.com.br\/#\/schema\/person\/d63837fa13ac8666eb9e74e0985d6f81"},"headline":"Tribunal de Haia rebate Lula e diz que Brasil tem obriga\u00e7\u00e3o de cooperar para a pris\u00e3o de Putin","datePublished":"2023-09-11T18:35:10+00:00","dateModified":"2023-09-11T18:35:11+00:00","mainEntityOfPage":{"@id":"https:\/\/jornalfatosenoticias.com.br\/index.php\/2023\/09\/11\/tribunal-de-haia-rebate-lula-e-diz-que-brasil-tem-obrigacao-de-cooperar-para-a-prisao-de-putin\/"},"wordCount":373,"commentCount":0,"publisher":{"@id":"https:\/\/jornalfatosenoticias.com.br\/#organization"},"image":{"@id":"https:\/\/jornalfatosenoticias.com.br\/index.php\/2023\/09\/11\/tribunal-de-haia-rebate-lula-e-diz-que-brasil-tem-obrigacao-de-cooperar-para-a-prisao-de-putin\/#primaryimage"},"thumbnailUrl":"https:\/\/jornalfatosenoticias.com.br\/wp-content\/uploads\/2023\/09\/vergonha-internacional_molusco.jpg","keywords":["desgoverno Lula","Lula","pris\u00e3o de Putin","Tribunal de Haia","vergonha internacional"],"articleSection":["Pol\u00edtica"],"inLanguage":"pt-BR","potentialAction":[{"@type":"CommentAction","name":"Comment","target":["https:\/\/jornalfatosenoticias.com.br\/index.php\/2023\/09\/11\/tribunal-de-haia-rebate-lula-e-diz-que-brasil-tem-obrigacao-de-cooperar-para-a-prisao-de-putin\/#respond"]}]},{"@type":"WebPage","@id":"https:\/\/jornalfatosenoticias.com.br\/index.php\/2023\/09\/11\/tribunal-de-haia-rebate-lula-e-diz-que-brasil-tem-obrigacao-de-cooperar-para-a-prisao-de-putin\/","url":"https:\/\/jornalfatosenoticias.com.br\/index.php\/2023\/09\/11\/tribunal-de-haia-rebate-lula-e-diz-que-brasil-tem-obrigacao-de-cooperar-para-a-prisao-de-putin\/","name":"Tribunal de Haia rebate Lula e diz que Brasil tem obriga\u00e7\u00e3o de cooperar para a pris\u00e3o de Putin - Jornal Fatos e Not\u00edcias","isPartOf":{"@id":"https:\/\/jornalfatosenoticias.com.br\/#website"},"primaryImageOfPage":{"@id":"https:\/\/jornalfatosenoticias.com.br\/index.php\/2023\/09\/11\/tribunal-de-haia-rebate-lula-e-diz-que-brasil-tem-obrigacao-de-cooperar-para-a-prisao-de-putin\/#primaryimage"},"image":{"@id":"https:\/\/jornalfatosenoticias.com.br\/index.php\/2023\/09\/11\/tribunal-de-haia-rebate-lula-e-diz-que-brasil-tem-obrigacao-de-cooperar-para-a-prisao-de-putin\/#primaryimage"},"thumbnailUrl":"https:\/\/jornalfatosenoticias.com.br\/wp-content\/uploads\/2023\/09\/vergonha-internacional_molusco.jpg","datePublished":"2023-09-11T18:35:10+00:00","dateModified":"2023-09-11T18:35:11+00:00","breadcrumb":{"@id":"https:\/\/jornalfatosenoticias.com.br\/index.php\/2023\/09\/11\/tribunal-de-haia-rebate-lula-e-diz-que-brasil-tem-obrigacao-de-cooperar-para-a-prisao-de-putin\/#breadcrumb"},"inLanguage":"pt-BR","potentialAction":[{"@type":"ReadAction","target":["https:\/\/jornalfatosenoticias.com.br\/index.php\/2023\/09\/11\/tribunal-de-haia-rebate-lula-e-diz-que-brasil-tem-obrigacao-de-cooperar-para-a-prisao-de-putin\/"]}]},{"@type":"ImageObject","inLanguage":"pt-BR","@id":"https:\/\/jornalfatosenoticias.com.br\/index.php\/2023\/09\/11\/tribunal-de-haia-rebate-lula-e-diz-que-brasil-tem-obrigacao-de-cooperar-para-a-prisao-de-putin\/#primaryimage","url":"https:\/\/jornalfatosenoticias.com.br\/wp-content\/uploads\/2023\/09\/vergonha-internacional_molusco.jpg","contentUrl":"https:\/\/jornalfatosenoticias.com.br\/wp-content\/uploads\/2023\/09\/vergonha-internacional_molusco.jpg","width":960,"height":540},{"@type":"BreadcrumbList","@id":"https:\/\/jornalfatosenoticias.com.br\/index.php\/2023\/09\/11\/tribunal-de-haia-rebate-lula-e-diz-que-brasil-tem-obrigacao-de-cooperar-para-a-prisao-de-putin\/#breadcrumb","itemListElement":[{"@type":"ListItem","position":1,"name":"In\u00edcio","item":"https:\/\/jornalfatosenoticias.com.br\/"},{"@type":"ListItem","position":2,"name":"Tribunal de Haia rebate Lula e diz que Brasil tem obriga\u00e7\u00e3o de cooperar para a pris\u00e3o de Putin"}]},{"@type":"WebSite","@id":"https:\/\/jornalfatosenoticias.com.br\/#website","url":"https:\/\/jornalfatosenoticias.com.br\/","name":"Jornal Fatos e Not\u00edcias","description":"Not\u00edcias em geral","publisher":{"@id":"https:\/\/jornalfatosenoticias.com.br\/#organization"},"potentialAction":[{"@type":"SearchAction","target":{"@type":"EntryPoint","urlTemplate":"https:\/\/jornalfatosenoticias.com.br\/?s={search_term_string}"},"query-input":{"@type":"PropertyValueSpecification","valueRequired":true,"valueName":"search_term_string"}}],"inLanguage":"pt-BR"},{"@type":"Organization","@id":"https:\/\/jornalfatosenoticias.com.br\/#organization","name":"Jornal Fatos e Not\u00edcias","url":"https:\/\/jornalfatosenoticias.com.br\/","logo":{"@type":"ImageObject","inLanguage":"pt-BR","@id":"https:\/\/jornalfatosenoticias.com.br\/#\/schema\/logo\/image\/","url":"https:\/\/jornalfatosenoticias.com.br\/wp-content\/uploads\/2020\/02\/logo120.png","contentUrl":"https:\/\/jornalfatosenoticias.com.br\/wp-content\/uploads\/2020\/02\/logo120.png","width":1227,"height":120,"caption":"Jornal Fatos e Not\u00edcias"},"image":{"@id":"https:\/\/jornalfatosenoticias.com.br\/#\/schema\/logo\/image\/"}},{"@type":"Person","@id":"https:\/\/jornalfatosenoticias.com.br\/#\/schema\/person\/d63837fa13ac8666eb9e74e0985d6f81","name":"Luzimara Fernandes","image":{"@type":"ImageObject","inLanguage":"pt-BR","@id":"https:\/\/jornalfatosenoticias.com.br\/#\/schema\/person\/image\/","url":"https:\/\/jornalfatosenoticias.com.br\/wp-content\/uploads\/2025\/05\/EU_portal.jpg","contentUrl":"https:\/\/jornalfatosenoticias.com.br\/wp-content\/uploads\/2025\/05\/EU_portal.jpg","caption":"Luzimara Fernandes"},"description":"Jornalista MTB 2358-ES","sameAs":["https:\/\/jornalfatosenoticias.com.br"],"url":"https:\/\/jornalfatosenoticias.com.br\/index.php\/author\/luzimara\/"}]}},"cc_featured_image_caption":{"caption_text":"(Foto: Reprodu\u00e7\u00e3o\/Internet)","source_text":"","source_url":""},"jetpack_featured_media_url":"https:\/\/jornalfatosenoticias.com.br\/wp-content\/uploads\/2023\/09\/vergonha-internacional_molusco.jpg","_links":{"self":[{"href":"https:\/\/jornalfatosenoticias.com.br\/index.php\/wp-json\/wp\/v2\/posts\/45028","targetHints":{"allow":["GET"]}}],"collection":[{"href":"https:\/\/jornalfatosenoticias.com.br\/index.php\/wp-json\/wp\/v2\/posts"}],"about":[{"href":"https:\/\/jornalfatosenoticias.com.br\/index.php\/wp-json\/wp\/v2\/types\/post"}],"author":[{"embeddable":true,"href":"https:\/\/jornalfatosenoticias.com.br\/index.php\/wp-json\/wp\/v2\/users\/2"}],"replies":[{"embeddable":true,"href":"https:\/\/jornalfatosenoticias.com.br\/index.php\/wp-json\/wp\/v2\/comments?post=45028"}],"version-history":[{"count":0,"href":"https:\/\/jornalfatosenoticias.com.br\/index.php\/wp-json\/wp\/v2\/posts\/45028\/revisions"}],"wp:featuredmedia":[{"embeddable":true,"href":"https:\/\/jornalfatosenoticias.com.br\/index.php\/wp-json\/wp\/v2\/media\/45029"}],"wp:attachment":[{"href":"https:\/\/jornalfatosenoticias.com.br\/index.php\/wp-json\/wp\/v2\/media?parent=45028"}],"wp:term":[{"taxonomy":"category","embeddable":true,"href":"https:\/\/jornalfatosenoticias.com.br\/index.php\/wp-json\/wp\/v2\/categories?post=45028"},{"taxonomy":"post_tag","embeddable":true,"href":"https:\/\/jornalfatosenoticias.com.br\/index.php\/wp-json\/wp\/v2\/tags?post=45028"}],"curies":[{"name":"wp","href":"https:\/\/api.w.org\/{rel}","templated":true}]}}