{"id":45031,"date":"2023-09-11T15:47:42","date_gmt":"2023-09-11T18:47:42","guid":{"rendered":"https:\/\/jornalfatosenoticias.com.br\/?p=45031"},"modified":"2023-09-11T15:47:43","modified_gmt":"2023-09-11T18:47:43","slug":"economistas-produzem-documento-com-criticas-a-proposta-de-dolarizacao-de-milei","status":"publish","type":"post","link":"https:\/\/jornalfatosenoticias.com.br\/index.php\/2023\/09\/11\/economistas-produzem-documento-com-criticas-a-proposta-de-dolarizacao-de-milei\/","title":{"rendered":"Economistas produzem documento com cr\u00edticas \u00e0 proposta de dolariza\u00e7\u00e3o de Milei"},"content":{"rendered":"\n<p><em><span class=\"has-inline-color has-black-color\">Mais votado nas prim\u00e1rias argentinas, o candidato libert\u00e1rio Javier Milei tem como suas principais pautas de governo a dolariza\u00e7\u00e3o da Argentina e o fim do Banco Central<\/span><\/em><\/p>\n\n\n\n<p><em><span class=\"has-inline-color has-black-color\">Por <strong><a href=\"https:\/\/www.gazetadopovo.com.br\/autor\/isabella-de-paula\/\">Isabella de Paula<\/a><\/strong><\/span><\/em><\/p>\n\n\n\n<div class=\"wp-block-image\"><figure class=\"aligncenter size-large\"><img loading=\"lazy\" decoding=\"async\" width=\"300\" height=\"137\" src=\"https:\/\/jornalfatosenoticias.com.br\/wp-content\/uploads\/2023\/06\/LOGO_JULIANA-GRACA_PORTAL.jpg\" alt=\"\" class=\"wp-image-42597\"\/><\/figure><\/div>\n\n\n\n<p>Um grupo de aproximadamente 170 economistas argentinos produziu uma carta de cr\u00edtica \u00e0 proposta de <a href=\"https:\/\/www.gazetadopovo.com.br\/mundo\/como-seria-a-dolarizacao-da-argentina-proposta-por-javier-milei\/?ref=link-interno-materia\">dolariza\u00e7\u00e3o da Argentina,<\/a> defendida pelo candidato \u00e0 presid\u00eancia do pa\u00eds, Javier Milei, da coaliz\u00e3o de direita A Liberdade Avan\u00e7a. No documento, os participantes afirmam que a ideia \u00e9 uma &#8220;miragem&#8221; e a medida s\u00f3 traria mais desafios para o pa\u00eds, que j\u00e1 enfrenta uma grave crise econ\u00f4mica.<br>Um dos argumentos levantados pelos cr\u00edticos \u00e9 que a Argentina n\u00e3o possui uma quantidade necess\u00e1ria de d\u00f3lares para iniciar esse processo. Para isso, o governo aumentaria a d\u00edvida externa para a aquisi\u00e7\u00e3o da moeda americana e comprometeria o or\u00e7amento p\u00fablico.<br>Outra afirma\u00e7\u00e3o apresentada na carta \u00e9 que a &#8220;experi\u00eancia internacional n\u00e3o mostrou que a iniciativa \u00e9 uma boa solu\u00e7\u00e3o para se ter uma moeda est\u00e1vel&#8221;. Pelo contr\u00e1rio, a proposta seria um obst\u00e1culo para superar as necessidades imediatas de reconstru\u00e7\u00e3o econ\u00f4mica do pa\u00eds, afirmam os economistas.<\/p>\n\n\n\n<div class=\"wp-block-image\"><figure class=\"aligncenter size-large is-resized\"><img loading=\"lazy\" decoding=\"async\" src=\"https:\/\/jornalfatosenoticias.com.br\/wp-content\/uploads\/2022\/02\/Precisao-Contabilidade-1024x724.jpg\" alt=\"\" class=\"wp-image-28088\" width=\"338\" height=\"239\"\/><\/figure><\/div>\n\n\n\n<p><strong><span class=\"has-inline-color has-black-color\">Resposta de Milei<br><\/span><\/strong>O presidenci\u00e1vel respondeu \u00e0s cr\u00edticas recebidas na rede social X (antigo Twitter), onde afirmou que \u201c170 economistas fracassados, que foram derrotados tanto na sala de aula quanto na luta contra a infla\u00e7\u00e3o, n\u00e3o podem condenar uma solu\u00e7\u00e3o para a fraude monet\u00e1ria\u201d.<\/p>\n\n\n\n<div class=\"wp-block-image\"><figure class=\"aligncenter size-large\"><img loading=\"lazy\" decoding=\"async\" width=\"300\" height=\"300\" src=\"https:\/\/jornalfatosenoticias.com.br\/wp-content\/uploads\/2020\/02\/casa-do-torresmo_portal.jpg\" alt=\"\" class=\"wp-image-34472\" srcset=\"https:\/\/jornalfatosenoticias.com.br\/wp-content\/uploads\/2020\/02\/casa-do-torresmo_portal.jpg 300w, https:\/\/jornalfatosenoticias.com.br\/wp-content\/uploads\/2020\/02\/casa-do-torresmo_portal-150x150.jpg 150w\" sizes=\"auto, (max-width: 300px) 100vw, 300px\" \/><\/figure><\/div>\n\n\n\n<blockquote class=\"wp-block-quote is-layout-flow wp-block-quote-is-layout-flow\"><p><span class=\"has-inline-color has-luminous-vivid-orange-color\">Al\u00e9m disso, Milei disse que o posicionamento dos economistas sobre a competi\u00e7\u00e3o cambial \u00e9 uma &#8220;desonestidade intelectual&#8221;, sendo que &#8220;muitos deles vivem de rendimentos de funda\u00e7\u00f5es no exterior e t\u00eam economias em d\u00f3lar&#8221;, afirmou.<\/span><\/p><\/blockquote>\n\n\n\n<div class=\"wp-block-image\"><figure class=\"aligncenter size-large is-resized\"><img loading=\"lazy\" decoding=\"async\" src=\"https:\/\/jornalfatosenoticias.com.br\/wp-content\/uploads\/2023\/08\/Steel.jpeg\" alt=\"\" class=\"wp-image-44634\" width=\"313\" height=\"254\" srcset=\"https:\/\/jornalfatosenoticias.com.br\/wp-content\/uploads\/2023\/08\/Steel.jpeg 800w, https:\/\/jornalfatosenoticias.com.br\/wp-content\/uploads\/2023\/08\/Steel-300x244.jpeg 300w, https:\/\/jornalfatosenoticias.com.br\/wp-content\/uploads\/2023\/08\/Steel-768x624.jpeg 768w\" sizes=\"auto, (max-width: 313px) 100vw, 313px\" \/><\/figure><\/div>\n\n\n\n<p>O candidato liberal, primeiro colocado nas prim\u00e1rias argentinas de 13 agosto, superando a ex-ministra da Seguran\u00e7a Patricia Bullrich e o atual Ministro da Economia, Sergio Massa, se mant\u00e9m como <a href=\"https:\/\/www.gazetadopovo.com.br\/mundo\/milei-ganharia-tanto-de-bullrich-quanto-de-massa-no-segundo-turno-na-argentina-aponta-pesquisa\/?ref=busca?ref=link-interno-materia\">preferido para as elei\u00e7\u00f5es oficiais de 22 de outubro, de acordo com pesquisas de opini\u00e3o.<\/a><br>O jornal argentino <em>Clar\u00edn<\/em> fez uma proje\u00e7\u00e3o que mostra um <a href=\"https:\/\/www.gazetadopovo.com.br\/mundo\/novas-pesquisas-apontam-segundo-turno-entre-milei-e-massa-na-argentina\/?ref=link-interno-materia?ref=link-interno-materia\">segundo turno na Argentina,<\/a> disputado por Milei e o peronista Sergio Massa, da coaliz\u00e3o governista Uni\u00e3o pela P\u00e1tria.<\/p>\n\n\n\n<div class=\"wp-block-image\"><figure class=\"aligncenter size-large is-resized\"><img loading=\"lazy\" decoding=\"async\" src=\"https:\/\/jornalfatosenoticias.com.br\/wp-content\/uploads\/2023\/09\/vetorvix1024_1.jpg\" alt=\"\" class=\"wp-image-44868\" width=\"457\" height=\"121\" srcset=\"https:\/\/jornalfatosenoticias.com.br\/wp-content\/uploads\/2023\/09\/vetorvix1024_1.jpg 1024w, https:\/\/jornalfatosenoticias.com.br\/wp-content\/uploads\/2023\/09\/vetorvix1024_1-300x80.jpg 300w, https:\/\/jornalfatosenoticias.com.br\/wp-content\/uploads\/2023\/09\/vetorvix1024_1-768x205.jpg 768w\" sizes=\"auto, (max-width: 457px) 100vw, 457px\" \/><\/figure><\/div>\n\n\n\n<p><strong><em>Fonte: <a href=\"https:\/\/www.gazetadopovo.com.br\/mundo\/economistas-produzem-documento-com-criticas-a-proposta-de-dolarizacao-de-milei\/\">Gazeta do Povo<\/a><\/em><\/strong><\/p>\n","protected":false},"excerpt":{"rendered":"<p>Mais votado nas prim\u00e1rias argentinas, o candidato libert\u00e1rio Javier Milei tem como suas principais pautas de governo a dolariza\u00e7\u00e3o da Argentina e o fim do Banco Central Por Isabella de Paula Um grupo de aproximadamente 170 economistas argentinos produziu uma carta de cr\u00edtica \u00e0 proposta de dolariza\u00e7\u00e3o da Argentina, defendida pelo candidato \u00e0 presid\u00eancia do [&hellip;]<\/p>\n","protected":false},"author":2,"featured_media":45032,"comment_status":"open","ping_status":"open","sticky":false,"template":"","format":"standard","meta":{"footnotes":""},"categories":[41],"tags":[5387,21218,18701,18616],"class_list":["post-45031","post","type-post","status-publish","format-standard","has-post-thumbnail","hentry","category-internacional","tag-candidato","tag-dolarizacao-argentina","tag-economistas","tag-javier-milei"],"yoast_head":"<!-- This site is optimized with the Yoast SEO plugin v26.5 - https:\/\/yoast.com\/wordpress\/plugins\/seo\/ -->\n<title>Economistas produzem documento com cr\u00edticas \u00e0 proposta de dolariza\u00e7\u00e3o de Milei - Jornal Fatos e Not\u00edcias<\/title>\n<meta name=\"robots\" content=\"index, follow, max-snippet:-1, max-image-preview:large, max-video-preview:-1\" \/>\n<link rel=\"canonical\" href=\"https:\/\/jornalfatosenoticias.com.br\/index.php\/2023\/09\/11\/economistas-produzem-documento-com-criticas-a-proposta-de-dolarizacao-de-milei\/\" \/>\n<meta property=\"og:locale\" content=\"pt_BR\" \/>\n<meta property=\"og:type\" content=\"article\" \/>\n<meta property=\"og:title\" content=\"Economistas produzem documento com cr\u00edticas \u00e0 proposta de dolariza\u00e7\u00e3o de Milei - Jornal Fatos e Not\u00edcias\" \/>\n<meta property=\"og:description\" content=\"Mais votado nas prim\u00e1rias argentinas, o candidato libert\u00e1rio Javier Milei tem como suas principais pautas de governo a dolariza\u00e7\u00e3o da Argentina e o fim do Banco Central Por Isabella de Paula Um grupo de aproximadamente 170 economistas argentinos produziu uma carta de cr\u00edtica \u00e0 proposta de dolariza\u00e7\u00e3o da Argentina, defendida pelo candidato \u00e0 presid\u00eancia do [&hellip;]\" \/>\n<meta property=\"og:url\" content=\"https:\/\/jornalfatosenoticias.com.br\/index.php\/2023\/09\/11\/economistas-produzem-documento-com-criticas-a-proposta-de-dolarizacao-de-milei\/\" \/>\n<meta property=\"og:site_name\" content=\"Jornal Fatos e Not\u00edcias\" \/>\n<meta property=\"article:published_time\" content=\"2023-09-11T18:47:42+00:00\" \/>\n<meta property=\"article:modified_time\" content=\"2023-09-11T18:47:43+00:00\" \/>\n<meta property=\"og:image\" content=\"https:\/\/jornalfatosenoticias.com.br\/wp-content\/uploads\/2023\/09\/milei-1.jpg\" \/>\n\t<meta property=\"og:image:width\" content=\"960\" \/>\n\t<meta property=\"og:image:height\" content=\"540\" \/>\n\t<meta property=\"og:image:type\" content=\"image\/jpeg\" \/>\n<meta name=\"author\" content=\"Luzimara Fernandes\" \/>\n<meta name=\"twitter:card\" content=\"summary_large_image\" \/>\n<meta name=\"twitter:label1\" content=\"Escrito por\" \/>\n\t<meta name=\"twitter:data1\" content=\"Luzimara Fernandes\" \/>\n\t<meta name=\"twitter:label2\" content=\"Est. tempo de leitura\" \/>\n\t<meta name=\"twitter:data2\" content=\"2 minutos\" \/>\n<script type=\"application\/ld+json\" class=\"yoast-schema-graph\">{\"@context\":\"https:\/\/schema.org\",\"@graph\":[{\"@type\":\"Article\",\"@id\":\"https:\/\/jornalfatosenoticias.com.br\/index.php\/2023\/09\/11\/economistas-produzem-documento-com-criticas-a-proposta-de-dolarizacao-de-milei\/#article\",\"isPartOf\":{\"@id\":\"https:\/\/jornalfatosenoticias.com.br\/index.php\/2023\/09\/11\/economistas-produzem-documento-com-criticas-a-proposta-de-dolarizacao-de-milei\/\"},\"author\":{\"name\":\"Luzimara Fernandes\",\"@id\":\"https:\/\/jornalfatosenoticias.com.br\/#\/schema\/person\/d63837fa13ac8666eb9e74e0985d6f81\"},\"headline\":\"Economistas produzem documento com cr\u00edticas \u00e0 proposta de dolariza\u00e7\u00e3o de Milei\",\"datePublished\":\"2023-09-11T18:47:42+00:00\",\"dateModified\":\"2023-09-11T18:47:43+00:00\",\"mainEntityOfPage\":{\"@id\":\"https:\/\/jornalfatosenoticias.com.br\/index.php\/2023\/09\/11\/economistas-produzem-documento-com-criticas-a-proposta-de-dolarizacao-de-milei\/\"},\"wordCount\":383,\"commentCount\":0,\"publisher\":{\"@id\":\"https:\/\/jornalfatosenoticias.com.br\/#organization\"},\"image\":{\"@id\":\"https:\/\/jornalfatosenoticias.com.br\/index.php\/2023\/09\/11\/economistas-produzem-documento-com-criticas-a-proposta-de-dolarizacao-de-milei\/#primaryimage\"},\"thumbnailUrl\":\"https:\/\/jornalfatosenoticias.com.br\/wp-content\/uploads\/2023\/09\/milei-1.jpg\",\"keywords\":[\"candidato\",\"dolariza\u00e7\u00e3o Argentina\",\"economistas\",\"Javier Milei\"],\"articleSection\":[\"Internacional\"],\"inLanguage\":\"pt-BR\",\"potentialAction\":[{\"@type\":\"CommentAction\",\"name\":\"Comment\",\"target\":[\"https:\/\/jornalfatosenoticias.com.br\/index.php\/2023\/09\/11\/economistas-produzem-documento-com-criticas-a-proposta-de-dolarizacao-de-milei\/#respond\"]}]},{\"@type\":\"WebPage\",\"@id\":\"https:\/\/jornalfatosenoticias.com.br\/index.php\/2023\/09\/11\/economistas-produzem-documento-com-criticas-a-proposta-de-dolarizacao-de-milei\/\",\"url\":\"https:\/\/jornalfatosenoticias.com.br\/index.php\/2023\/09\/11\/economistas-produzem-documento-com-criticas-a-proposta-de-dolarizacao-de-milei\/\",\"name\":\"Economistas produzem documento com cr\u00edticas \u00e0 proposta de dolariza\u00e7\u00e3o de Milei - Jornal Fatos e Not\u00edcias\",\"isPartOf\":{\"@id\":\"https:\/\/jornalfatosenoticias.com.br\/#website\"},\"primaryImageOfPage\":{\"@id\":\"https:\/\/jornalfatosenoticias.com.br\/index.php\/2023\/09\/11\/economistas-produzem-documento-com-criticas-a-proposta-de-dolarizacao-de-milei\/#primaryimage\"},\"image\":{\"@id\":\"https:\/\/jornalfatosenoticias.com.br\/index.php\/2023\/09\/11\/economistas-produzem-documento-com-criticas-a-proposta-de-dolarizacao-de-milei\/#primaryimage\"},\"thumbnailUrl\":\"https:\/\/jornalfatosenoticias.com.br\/wp-content\/uploads\/2023\/09\/milei-1.jpg\",\"datePublished\":\"2023-09-11T18:47:42+00:00\",\"dateModified\":\"2023-09-11T18:47:43+00:00\",\"breadcrumb\":{\"@id\":\"https:\/\/jornalfatosenoticias.com.br\/index.php\/2023\/09\/11\/economistas-produzem-documento-com-criticas-a-proposta-de-dolarizacao-de-milei\/#breadcrumb\"},\"inLanguage\":\"pt-BR\",\"potentialAction\":[{\"@type\":\"ReadAction\",\"target\":[\"https:\/\/jornalfatosenoticias.com.br\/index.php\/2023\/09\/11\/economistas-produzem-documento-com-criticas-a-proposta-de-dolarizacao-de-milei\/\"]}]},{\"@type\":\"ImageObject\",\"inLanguage\":\"pt-BR\",\"@id\":\"https:\/\/jornalfatosenoticias.com.br\/index.php\/2023\/09\/11\/economistas-produzem-documento-com-criticas-a-proposta-de-dolarizacao-de-milei\/#primaryimage\",\"url\":\"https:\/\/jornalfatosenoticias.com.br\/wp-content\/uploads\/2023\/09\/milei-1.jpg\",\"contentUrl\":\"https:\/\/jornalfatosenoticias.com.br\/wp-content\/uploads\/2023\/09\/milei-1.jpg\",\"width\":960,\"height\":540},{\"@type\":\"BreadcrumbList\",\"@id\":\"https:\/\/jornalfatosenoticias.com.br\/index.php\/2023\/09\/11\/economistas-produzem-documento-com-criticas-a-proposta-de-dolarizacao-de-milei\/#breadcrumb\",\"itemListElement\":[{\"@type\":\"ListItem\",\"position\":1,\"name\":\"In\u00edcio\",\"item\":\"https:\/\/jornalfatosenoticias.com.br\/\"},{\"@type\":\"ListItem\",\"position\":2,\"name\":\"Economistas produzem documento com cr\u00edticas \u00e0 proposta de dolariza\u00e7\u00e3o de Milei\"}]},{\"@type\":\"WebSite\",\"@id\":\"https:\/\/jornalfatosenoticias.com.br\/#website\",\"url\":\"https:\/\/jornalfatosenoticias.com.br\/\",\"name\":\"Jornal Fatos e Not\u00edcias\",\"description\":\"Not\u00edcias em geral\",\"publisher\":{\"@id\":\"https:\/\/jornalfatosenoticias.com.br\/#organization\"},\"potentialAction\":[{\"@type\":\"SearchAction\",\"target\":{\"@type\":\"EntryPoint\",\"urlTemplate\":\"https:\/\/jornalfatosenoticias.com.br\/?s={search_term_string}\"},\"query-input\":{\"@type\":\"PropertyValueSpecification\",\"valueRequired\":true,\"valueName\":\"search_term_string\"}}],\"inLanguage\":\"pt-BR\"},{\"@type\":\"Organization\",\"@id\":\"https:\/\/jornalfatosenoticias.com.br\/#organization\",\"name\":\"Jornal Fatos e Not\u00edcias\",\"url\":\"https:\/\/jornalfatosenoticias.com.br\/\",\"logo\":{\"@type\":\"ImageObject\",\"inLanguage\":\"pt-BR\",\"@id\":\"https:\/\/jornalfatosenoticias.com.br\/#\/schema\/logo\/image\/\",\"url\":\"https:\/\/jornalfatosenoticias.com.br\/wp-content\/uploads\/2020\/02\/logo120.png\",\"contentUrl\":\"https:\/\/jornalfatosenoticias.com.br\/wp-content\/uploads\/2020\/02\/logo120.png\",\"width\":1227,\"height\":120,\"caption\":\"Jornal Fatos e Not\u00edcias\"},\"image\":{\"@id\":\"https:\/\/jornalfatosenoticias.com.br\/#\/schema\/logo\/image\/\"}},{\"@type\":\"Person\",\"@id\":\"https:\/\/jornalfatosenoticias.com.br\/#\/schema\/person\/d63837fa13ac8666eb9e74e0985d6f81\",\"name\":\"Luzimara Fernandes\",\"image\":{\"@type\":\"ImageObject\",\"inLanguage\":\"pt-BR\",\"@id\":\"https:\/\/jornalfatosenoticias.com.br\/#\/schema\/person\/image\/\",\"url\":\"https:\/\/jornalfatosenoticias.com.br\/wp-content\/uploads\/2025\/05\/EU_portal.jpg\",\"contentUrl\":\"https:\/\/jornalfatosenoticias.com.br\/wp-content\/uploads\/2025\/05\/EU_portal.jpg\",\"caption\":\"Luzimara Fernandes\"},\"description\":\"Jornalista MTB 2358-ES\",\"sameAs\":[\"https:\/\/jornalfatosenoticias.com.br\"],\"url\":\"https:\/\/jornalfatosenoticias.com.br\/index.php\/author\/luzimara\/\"}]}<\/script>\n<!-- \/ Yoast SEO plugin. -->","yoast_head_json":{"title":"Economistas produzem documento com cr\u00edticas \u00e0 proposta de dolariza\u00e7\u00e3o de Milei - Jornal Fatos e Not\u00edcias","robots":{"index":"index","follow":"follow","max-snippet":"max-snippet:-1","max-image-preview":"max-image-preview:large","max-video-preview":"max-video-preview:-1"},"canonical":"https:\/\/jornalfatosenoticias.com.br\/index.php\/2023\/09\/11\/economistas-produzem-documento-com-criticas-a-proposta-de-dolarizacao-de-milei\/","og_locale":"pt_BR","og_type":"article","og_title":"Economistas produzem documento com cr\u00edticas \u00e0 proposta de dolariza\u00e7\u00e3o de Milei - Jornal Fatos e Not\u00edcias","og_description":"Mais votado nas prim\u00e1rias argentinas, o candidato libert\u00e1rio Javier Milei tem como suas principais pautas de governo a dolariza\u00e7\u00e3o da Argentina e o fim do Banco Central Por Isabella de Paula Um grupo de aproximadamente 170 economistas argentinos produziu uma carta de cr\u00edtica \u00e0 proposta de dolariza\u00e7\u00e3o da Argentina, defendida pelo candidato \u00e0 presid\u00eancia do [&hellip;]","og_url":"https:\/\/jornalfatosenoticias.com.br\/index.php\/2023\/09\/11\/economistas-produzem-documento-com-criticas-a-proposta-de-dolarizacao-de-milei\/","og_site_name":"Jornal Fatos e Not\u00edcias","article_published_time":"2023-09-11T18:47:42+00:00","article_modified_time":"2023-09-11T18:47:43+00:00","og_image":[{"width":960,"height":540,"url":"https:\/\/jornalfatosenoticias.com.br\/wp-content\/uploads\/2023\/09\/milei-1.jpg","type":"image\/jpeg"}],"author":"Luzimara Fernandes","twitter_card":"summary_large_image","twitter_misc":{"Escrito por":"Luzimara Fernandes","Est. tempo de leitura":"2 minutos"},"schema":{"@context":"https:\/\/schema.org","@graph":[{"@type":"Article","@id":"https:\/\/jornalfatosenoticias.com.br\/index.php\/2023\/09\/11\/economistas-produzem-documento-com-criticas-a-proposta-de-dolarizacao-de-milei\/#article","isPartOf":{"@id":"https:\/\/jornalfatosenoticias.com.br\/index.php\/2023\/09\/11\/economistas-produzem-documento-com-criticas-a-proposta-de-dolarizacao-de-milei\/"},"author":{"name":"Luzimara Fernandes","@id":"https:\/\/jornalfatosenoticias.com.br\/#\/schema\/person\/d63837fa13ac8666eb9e74e0985d6f81"},"headline":"Economistas produzem documento com cr\u00edticas \u00e0 proposta de dolariza\u00e7\u00e3o de Milei","datePublished":"2023-09-11T18:47:42+00:00","dateModified":"2023-09-11T18:47:43+00:00","mainEntityOfPage":{"@id":"https:\/\/jornalfatosenoticias.com.br\/index.php\/2023\/09\/11\/economistas-produzem-documento-com-criticas-a-proposta-de-dolarizacao-de-milei\/"},"wordCount":383,"commentCount":0,"publisher":{"@id":"https:\/\/jornalfatosenoticias.com.br\/#organization"},"image":{"@id":"https:\/\/jornalfatosenoticias.com.br\/index.php\/2023\/09\/11\/economistas-produzem-documento-com-criticas-a-proposta-de-dolarizacao-de-milei\/#primaryimage"},"thumbnailUrl":"https:\/\/jornalfatosenoticias.com.br\/wp-content\/uploads\/2023\/09\/milei-1.jpg","keywords":["candidato","dolariza\u00e7\u00e3o Argentina","economistas","Javier Milei"],"articleSection":["Internacional"],"inLanguage":"pt-BR","potentialAction":[{"@type":"CommentAction","name":"Comment","target":["https:\/\/jornalfatosenoticias.com.br\/index.php\/2023\/09\/11\/economistas-produzem-documento-com-criticas-a-proposta-de-dolarizacao-de-milei\/#respond"]}]},{"@type":"WebPage","@id":"https:\/\/jornalfatosenoticias.com.br\/index.php\/2023\/09\/11\/economistas-produzem-documento-com-criticas-a-proposta-de-dolarizacao-de-milei\/","url":"https:\/\/jornalfatosenoticias.com.br\/index.php\/2023\/09\/11\/economistas-produzem-documento-com-criticas-a-proposta-de-dolarizacao-de-milei\/","name":"Economistas produzem documento com cr\u00edticas \u00e0 proposta de dolariza\u00e7\u00e3o de Milei - Jornal Fatos e Not\u00edcias","isPartOf":{"@id":"https:\/\/jornalfatosenoticias.com.br\/#website"},"primaryImageOfPage":{"@id":"https:\/\/jornalfatosenoticias.com.br\/index.php\/2023\/09\/11\/economistas-produzem-documento-com-criticas-a-proposta-de-dolarizacao-de-milei\/#primaryimage"},"image":{"@id":"https:\/\/jornalfatosenoticias.com.br\/index.php\/2023\/09\/11\/economistas-produzem-documento-com-criticas-a-proposta-de-dolarizacao-de-milei\/#primaryimage"},"thumbnailUrl":"https:\/\/jornalfatosenoticias.com.br\/wp-content\/uploads\/2023\/09\/milei-1.jpg","datePublished":"2023-09-11T18:47:42+00:00","dateModified":"2023-09-11T18:47:43+00:00","breadcrumb":{"@id":"https:\/\/jornalfatosenoticias.com.br\/index.php\/2023\/09\/11\/economistas-produzem-documento-com-criticas-a-proposta-de-dolarizacao-de-milei\/#breadcrumb"},"inLanguage":"pt-BR","potentialAction":[{"@type":"ReadAction","target":["https:\/\/jornalfatosenoticias.com.br\/index.php\/2023\/09\/11\/economistas-produzem-documento-com-criticas-a-proposta-de-dolarizacao-de-milei\/"]}]},{"@type":"ImageObject","inLanguage":"pt-BR","@id":"https:\/\/jornalfatosenoticias.com.br\/index.php\/2023\/09\/11\/economistas-produzem-documento-com-criticas-a-proposta-de-dolarizacao-de-milei\/#primaryimage","url":"https:\/\/jornalfatosenoticias.com.br\/wp-content\/uploads\/2023\/09\/milei-1.jpg","contentUrl":"https:\/\/jornalfatosenoticias.com.br\/wp-content\/uploads\/2023\/09\/milei-1.jpg","width":960,"height":540},{"@type":"BreadcrumbList","@id":"https:\/\/jornalfatosenoticias.com.br\/index.php\/2023\/09\/11\/economistas-produzem-documento-com-criticas-a-proposta-de-dolarizacao-de-milei\/#breadcrumb","itemListElement":[{"@type":"ListItem","position":1,"name":"In\u00edcio","item":"https:\/\/jornalfatosenoticias.com.br\/"},{"@type":"ListItem","position":2,"name":"Economistas produzem documento com cr\u00edticas \u00e0 proposta de dolariza\u00e7\u00e3o de Milei"}]},{"@type":"WebSite","@id":"https:\/\/jornalfatosenoticias.com.br\/#website","url":"https:\/\/jornalfatosenoticias.com.br\/","name":"Jornal Fatos e Not\u00edcias","description":"Not\u00edcias em geral","publisher":{"@id":"https:\/\/jornalfatosenoticias.com.br\/#organization"},"potentialAction":[{"@type":"SearchAction","target":{"@type":"EntryPoint","urlTemplate":"https:\/\/jornalfatosenoticias.com.br\/?s={search_term_string}"},"query-input":{"@type":"PropertyValueSpecification","valueRequired":true,"valueName":"search_term_string"}}],"inLanguage":"pt-BR"},{"@type":"Organization","@id":"https:\/\/jornalfatosenoticias.com.br\/#organization","name":"Jornal Fatos e Not\u00edcias","url":"https:\/\/jornalfatosenoticias.com.br\/","logo":{"@type":"ImageObject","inLanguage":"pt-BR","@id":"https:\/\/jornalfatosenoticias.com.br\/#\/schema\/logo\/image\/","url":"https:\/\/jornalfatosenoticias.com.br\/wp-content\/uploads\/2020\/02\/logo120.png","contentUrl":"https:\/\/jornalfatosenoticias.com.br\/wp-content\/uploads\/2020\/02\/logo120.png","width":1227,"height":120,"caption":"Jornal Fatos e Not\u00edcias"},"image":{"@id":"https:\/\/jornalfatosenoticias.com.br\/#\/schema\/logo\/image\/"}},{"@type":"Person","@id":"https:\/\/jornalfatosenoticias.com.br\/#\/schema\/person\/d63837fa13ac8666eb9e74e0985d6f81","name":"Luzimara Fernandes","image":{"@type":"ImageObject","inLanguage":"pt-BR","@id":"https:\/\/jornalfatosenoticias.com.br\/#\/schema\/person\/image\/","url":"https:\/\/jornalfatosenoticias.com.br\/wp-content\/uploads\/2025\/05\/EU_portal.jpg","contentUrl":"https:\/\/jornalfatosenoticias.com.br\/wp-content\/uploads\/2025\/05\/EU_portal.jpg","caption":"Luzimara Fernandes"},"description":"Jornalista MTB 2358-ES","sameAs":["https:\/\/jornalfatosenoticias.com.br"],"url":"https:\/\/jornalfatosenoticias.com.br\/index.php\/author\/luzimara\/"}]}},"cc_featured_image_caption":{"caption_text":"(Foto: Reprodu\u00e7\u00e3o\/Internet)","source_text":"","source_url":""},"jetpack_featured_media_url":"https:\/\/jornalfatosenoticias.com.br\/wp-content\/uploads\/2023\/09\/milei-1.jpg","_links":{"self":[{"href":"https:\/\/jornalfatosenoticias.com.br\/index.php\/wp-json\/wp\/v2\/posts\/45031","targetHints":{"allow":["GET"]}}],"collection":[{"href":"https:\/\/jornalfatosenoticias.com.br\/index.php\/wp-json\/wp\/v2\/posts"}],"about":[{"href":"https:\/\/jornalfatosenoticias.com.br\/index.php\/wp-json\/wp\/v2\/types\/post"}],"author":[{"embeddable":true,"href":"https:\/\/jornalfatosenoticias.com.br\/index.php\/wp-json\/wp\/v2\/users\/2"}],"replies":[{"embeddable":true,"href":"https:\/\/jornalfatosenoticias.com.br\/index.php\/wp-json\/wp\/v2\/comments?post=45031"}],"version-history":[{"count":0,"href":"https:\/\/jornalfatosenoticias.com.br\/index.php\/wp-json\/wp\/v2\/posts\/45031\/revisions"}],"wp:featuredmedia":[{"embeddable":true,"href":"https:\/\/jornalfatosenoticias.com.br\/index.php\/wp-json\/wp\/v2\/media\/45032"}],"wp:attachment":[{"href":"https:\/\/jornalfatosenoticias.com.br\/index.php\/wp-json\/wp\/v2\/media?parent=45031"}],"wp:term":[{"taxonomy":"category","embeddable":true,"href":"https:\/\/jornalfatosenoticias.com.br\/index.php\/wp-json\/wp\/v2\/categories?post=45031"},{"taxonomy":"post_tag","embeddable":true,"href":"https:\/\/jornalfatosenoticias.com.br\/index.php\/wp-json\/wp\/v2\/tags?post=45031"}],"curies":[{"name":"wp","href":"https:\/\/api.w.org\/{rel}","templated":true}]}}