{"id":45094,"date":"2023-09-13T09:27:17","date_gmt":"2023-09-13T12:27:17","guid":{"rendered":"https:\/\/jornalfatosenoticias.com.br\/?p=45094"},"modified":"2023-09-13T09:27:19","modified_gmt":"2023-09-13T12:27:19","slug":"evair-de-melo-assume-coordenadoria-nacional-do-agro-na-frente-parlamentar-de-combate-a-corrupcao","status":"publish","type":"post","link":"https:\/\/jornalfatosenoticias.com.br\/index.php\/2023\/09\/13\/evair-de-melo-assume-coordenadoria-nacional-do-agro-na-frente-parlamentar-de-combate-a-corrupcao\/","title":{"rendered":"Evair de Melo assume coordenadoria nacional do agro na frente parlamentar de combate \u00e0 corrup\u00e7\u00e3o"},"content":{"rendered":"\n<p><em><span class=\"has-inline-color has-black-color\">Deputados e Senadores de oposi\u00e7\u00e3o participaram ontem (12) do lan\u00e7amento da frente<\/span><\/em><\/p>\n\n\n\n<div class=\"wp-block-image\"><figure class=\"aligncenter size-large is-resized\"><img loading=\"lazy\" decoding=\"async\" src=\"https:\/\/jornalfatosenoticias.com.br\/wp-content\/uploads\/2023\/03\/nova-logo-Marquetti.jpg\" alt=\"\" class=\"wp-image-40207\" width=\"262\" height=\"176\" srcset=\"https:\/\/jornalfatosenoticias.com.br\/wp-content\/uploads\/2023\/03\/nova-logo-Marquetti.jpg 643w, https:\/\/jornalfatosenoticias.com.br\/wp-content\/uploads\/2023\/03\/nova-logo-Marquetti-300x202.jpg 300w\" sizes=\"auto, (max-width: 262px) 100vw, 262px\" \/><\/figure><\/div>\n\n\n\n<p>Nesta ter\u00e7a-feira (12), foi lan\u00e7ada na C\u00e2mara dos Deputados a Frente Parlamentar Mista de Combate \u00e0 Corrup\u00e7\u00e3o, que tem como objetivo propor melhorias na legisla\u00e7\u00e3o brasileira e cobrar mais legalidade, impessoalidade, moralidade, publicidade e efici\u00eancia das autoridades que lidam com a administra\u00e7\u00e3o p\u00fablica.<br>O vice-l\u00edder da oposi\u00e7\u00e3o, deputado federal Evair de Melo (Progressistas\/ES), muito ligado \u00e0s pautas de agricultura brasileira, foi designado para o cargo de Coordenador Nacional para assuntos ligados ao Agro. De acordo com ele, \u00e9 preciso combater a impunidade.<\/p>\n\n\n\n<div class=\"wp-block-image\"><figure class=\"aligncenter size-large is-resized\"><img loading=\"lazy\" decoding=\"async\" src=\"https:\/\/jornalfatosenoticias.com.br\/wp-content\/uploads\/2020\/02\/CONTROL-CS.jpg\" alt=\"\" class=\"wp-image-44991\" width=\"305\" height=\"365\" srcset=\"https:\/\/jornalfatosenoticias.com.br\/wp-content\/uploads\/2020\/02\/CONTROL-CS.jpg 834w, https:\/\/jornalfatosenoticias.com.br\/wp-content\/uploads\/2020\/02\/CONTROL-CS-250x300.jpg 250w, https:\/\/jornalfatosenoticias.com.br\/wp-content\/uploads\/2020\/02\/CONTROL-CS-768x921.jpg 768w\" sizes=\"auto, (max-width: 305px) 100vw, 305px\" \/><\/figure><\/div>\n\n\n\n<blockquote class=\"wp-block-quote is-layout-flow wp-block-quote-is-layout-flow\"><p><span class=\"has-inline-color has-luminous-vivid-orange-color\">O maior problema \u00e9 que as pessoas que s\u00e3o corruptas quase sempre conseguem escapar impunes. A impunidade, sem d\u00favidas, \u00e9 uma das causas mais diretas de crimes de corrup\u00e7\u00e3o. Vamos trabalhar em cima de atos ilegais contra o nosso agro, que prejudicam o trabalhador do campo e todo o setor de agricultura. Como defensor ferrenho do agro, irei exercer esse cargo com muita responsabilidade\u201d, afirmou Evair de Melo.<\/span><\/p><\/blockquote>\n\n\n\n<h2 class=\"wp-block-heading\"><span class=\"has-inline-color has-vivid-red-color\">UTILIDADE P\u00daBLICA<\/span><\/h2>\n\n\n\n<div class=\"wp-block-image\"><figure class=\"aligncenter size-large\"><img loading=\"lazy\" decoding=\"async\" width=\"641\" height=\"1000\" src=\"https:\/\/jornalfatosenoticias.com.br\/wp-content\/uploads\/2023\/09\/PESSOA-DESAPARECIDA.jpg\" alt=\"\" class=\"wp-image-45088\" srcset=\"https:\/\/jornalfatosenoticias.com.br\/wp-content\/uploads\/2023\/09\/PESSOA-DESAPARECIDA.jpg 641w, https:\/\/jornalfatosenoticias.com.br\/wp-content\/uploads\/2023\/09\/PESSOA-DESAPARECIDA-192x300.jpg 192w\" sizes=\"auto, (max-width: 641px) 100vw, 641px\" \/><\/figure><\/div>\n\n\n\n<p><strong><em>Fonte: <a href=\"https:\/\/evairdemelo.com.br\/noticias\/evair-de-melo-assume-como-coordenador-nacional-do-agro-na-frente-parlamentar-de-combate-a-corrupcao\">Site do deputado<\/a><\/em><\/strong><\/p>\n","protected":false},"excerpt":{"rendered":"<p>Deputados e Senadores de oposi\u00e7\u00e3o participaram ontem (12) do lan\u00e7amento da frente Nesta ter\u00e7a-feira (12), foi lan\u00e7ada na C\u00e2mara dos Deputados a Frente Parlamentar Mista de Combate \u00e0 Corrup\u00e7\u00e3o, que tem como objetivo propor melhorias na legisla\u00e7\u00e3o brasileira e cobrar mais legalidade, impessoalidade, moralidade, publicidade e efici\u00eancia das autoridades que lidam com a administra\u00e7\u00e3o p\u00fablica.O [&hellip;]<\/p>\n","protected":false},"author":2,"featured_media":45095,"comment_status":"open","ping_status":"open","sticky":false,"template":"","format":"standard","meta":{"footnotes":""},"categories":[10],"tags":[20900,13392,21245],"class_list":["post-45094","post","type-post","status-publish","format-standard","has-post-thumbnail","hentry","category-politica","tag-combate-a-corrupcao","tag-evair-de-melo","tag-frente-parlamentar-de-combate-a-corrupcao"],"yoast_head":"<!-- This site is optimized with the Yoast SEO plugin v26.5 - https:\/\/yoast.com\/wordpress\/plugins\/seo\/ -->\n<title>Evair de Melo assume coordenadoria nacional do agro na frente parlamentar de combate \u00e0 corrup\u00e7\u00e3o - Jornal Fatos e Not\u00edcias<\/title>\n<meta name=\"robots\" content=\"index, follow, max-snippet:-1, max-image-preview:large, max-video-preview:-1\" \/>\n<link rel=\"canonical\" href=\"https:\/\/jornalfatosenoticias.com.br\/index.php\/2023\/09\/13\/evair-de-melo-assume-coordenadoria-nacional-do-agro-na-frente-parlamentar-de-combate-a-corrupcao\/\" \/>\n<meta property=\"og:locale\" content=\"pt_BR\" \/>\n<meta property=\"og:type\" content=\"article\" \/>\n<meta property=\"og:title\" content=\"Evair de Melo assume coordenadoria nacional do agro na frente parlamentar de combate \u00e0 corrup\u00e7\u00e3o - Jornal Fatos e Not\u00edcias\" \/>\n<meta property=\"og:description\" content=\"Deputados e Senadores de oposi\u00e7\u00e3o participaram ontem (12) do lan\u00e7amento da frente Nesta ter\u00e7a-feira (12), foi lan\u00e7ada na C\u00e2mara dos Deputados a Frente Parlamentar Mista de Combate \u00e0 Corrup\u00e7\u00e3o, que tem como objetivo propor melhorias na legisla\u00e7\u00e3o brasileira e cobrar mais legalidade, impessoalidade, moralidade, publicidade e efici\u00eancia das autoridades que lidam com a administra\u00e7\u00e3o p\u00fablica.O [&hellip;]\" \/>\n<meta property=\"og:url\" content=\"https:\/\/jornalfatosenoticias.com.br\/index.php\/2023\/09\/13\/evair-de-melo-assume-coordenadoria-nacional-do-agro-na-frente-parlamentar-de-combate-a-corrupcao\/\" \/>\n<meta property=\"og:site_name\" content=\"Jornal Fatos e Not\u00edcias\" \/>\n<meta property=\"article:published_time\" content=\"2023-09-13T12:27:17+00:00\" \/>\n<meta property=\"article:modified_time\" content=\"2023-09-13T12:27:19+00:00\" \/>\n<meta property=\"og:image\" content=\"https:\/\/jornalfatosenoticias.com.br\/wp-content\/uploads\/2023\/09\/evair-de-melo.jpg\" \/>\n\t<meta property=\"og:image:width\" content=\"920\" \/>\n\t<meta property=\"og:image:height\" content=\"520\" \/>\n\t<meta property=\"og:image:type\" content=\"image\/jpeg\" \/>\n<meta name=\"author\" content=\"Luzimara Fernandes\" \/>\n<meta name=\"twitter:card\" content=\"summary_large_image\" \/>\n<meta name=\"twitter:label1\" content=\"Escrito por\" \/>\n\t<meta name=\"twitter:data1\" content=\"Luzimara Fernandes\" \/>\n\t<meta name=\"twitter:label2\" content=\"Est. tempo de leitura\" \/>\n\t<meta name=\"twitter:data2\" content=\"1 minuto\" \/>\n<script type=\"application\/ld+json\" class=\"yoast-schema-graph\">{\"@context\":\"https:\/\/schema.org\",\"@graph\":[{\"@type\":\"Article\",\"@id\":\"https:\/\/jornalfatosenoticias.com.br\/index.php\/2023\/09\/13\/evair-de-melo-assume-coordenadoria-nacional-do-agro-na-frente-parlamentar-de-combate-a-corrupcao\/#article\",\"isPartOf\":{\"@id\":\"https:\/\/jornalfatosenoticias.com.br\/index.php\/2023\/09\/13\/evair-de-melo-assume-coordenadoria-nacional-do-agro-na-frente-parlamentar-de-combate-a-corrupcao\/\"},\"author\":{\"name\":\"Luzimara Fernandes\",\"@id\":\"https:\/\/jornalfatosenoticias.com.br\/#\/schema\/person\/d63837fa13ac8666eb9e74e0985d6f81\"},\"headline\":\"Evair de Melo assume coordenadoria nacional do agro na frente parlamentar de combate \u00e0 corrup\u00e7\u00e3o\",\"datePublished\":\"2023-09-13T12:27:17+00:00\",\"dateModified\":\"2023-09-13T12:27:19+00:00\",\"mainEntityOfPage\":{\"@id\":\"https:\/\/jornalfatosenoticias.com.br\/index.php\/2023\/09\/13\/evair-de-melo-assume-coordenadoria-nacional-do-agro-na-frente-parlamentar-de-combate-a-corrupcao\/\"},\"wordCount\":194,\"commentCount\":0,\"publisher\":{\"@id\":\"https:\/\/jornalfatosenoticias.com.br\/#organization\"},\"image\":{\"@id\":\"https:\/\/jornalfatosenoticias.com.br\/index.php\/2023\/09\/13\/evair-de-melo-assume-coordenadoria-nacional-do-agro-na-frente-parlamentar-de-combate-a-corrupcao\/#primaryimage\"},\"thumbnailUrl\":\"https:\/\/jornalfatosenoticias.com.br\/wp-content\/uploads\/2023\/09\/evair-de-melo.jpg\",\"keywords\":[\"combate \u00e0 corrup\u00e7\u00e3o\",\"Evair de Melo\",\"frente parlamentar de combate \u00e0 corrup\u00e7\u00e3o\"],\"articleSection\":[\"Pol\u00edtica\"],\"inLanguage\":\"pt-BR\",\"potentialAction\":[{\"@type\":\"CommentAction\",\"name\":\"Comment\",\"target\":[\"https:\/\/jornalfatosenoticias.com.br\/index.php\/2023\/09\/13\/evair-de-melo-assume-coordenadoria-nacional-do-agro-na-frente-parlamentar-de-combate-a-corrupcao\/#respond\"]}]},{\"@type\":\"WebPage\",\"@id\":\"https:\/\/jornalfatosenoticias.com.br\/index.php\/2023\/09\/13\/evair-de-melo-assume-coordenadoria-nacional-do-agro-na-frente-parlamentar-de-combate-a-corrupcao\/\",\"url\":\"https:\/\/jornalfatosenoticias.com.br\/index.php\/2023\/09\/13\/evair-de-melo-assume-coordenadoria-nacional-do-agro-na-frente-parlamentar-de-combate-a-corrupcao\/\",\"name\":\"Evair de Melo assume coordenadoria nacional do agro na frente parlamentar de combate \u00e0 corrup\u00e7\u00e3o - Jornal Fatos e Not\u00edcias\",\"isPartOf\":{\"@id\":\"https:\/\/jornalfatosenoticias.com.br\/#website\"},\"primaryImageOfPage\":{\"@id\":\"https:\/\/jornalfatosenoticias.com.br\/index.php\/2023\/09\/13\/evair-de-melo-assume-coordenadoria-nacional-do-agro-na-frente-parlamentar-de-combate-a-corrupcao\/#primaryimage\"},\"image\":{\"@id\":\"https:\/\/jornalfatosenoticias.com.br\/index.php\/2023\/09\/13\/evair-de-melo-assume-coordenadoria-nacional-do-agro-na-frente-parlamentar-de-combate-a-corrupcao\/#primaryimage\"},\"thumbnailUrl\":\"https:\/\/jornalfatosenoticias.com.br\/wp-content\/uploads\/2023\/09\/evair-de-melo.jpg\",\"datePublished\":\"2023-09-13T12:27:17+00:00\",\"dateModified\":\"2023-09-13T12:27:19+00:00\",\"breadcrumb\":{\"@id\":\"https:\/\/jornalfatosenoticias.com.br\/index.php\/2023\/09\/13\/evair-de-melo-assume-coordenadoria-nacional-do-agro-na-frente-parlamentar-de-combate-a-corrupcao\/#breadcrumb\"},\"inLanguage\":\"pt-BR\",\"potentialAction\":[{\"@type\":\"ReadAction\",\"target\":[\"https:\/\/jornalfatosenoticias.com.br\/index.php\/2023\/09\/13\/evair-de-melo-assume-coordenadoria-nacional-do-agro-na-frente-parlamentar-de-combate-a-corrupcao\/\"]}]},{\"@type\":\"ImageObject\",\"inLanguage\":\"pt-BR\",\"@id\":\"https:\/\/jornalfatosenoticias.com.br\/index.php\/2023\/09\/13\/evair-de-melo-assume-coordenadoria-nacional-do-agro-na-frente-parlamentar-de-combate-a-corrupcao\/#primaryimage\",\"url\":\"https:\/\/jornalfatosenoticias.com.br\/wp-content\/uploads\/2023\/09\/evair-de-melo.jpg\",\"contentUrl\":\"https:\/\/jornalfatosenoticias.com.br\/wp-content\/uploads\/2023\/09\/evair-de-melo.jpg\",\"width\":920,\"height\":520},{\"@type\":\"BreadcrumbList\",\"@id\":\"https:\/\/jornalfatosenoticias.com.br\/index.php\/2023\/09\/13\/evair-de-melo-assume-coordenadoria-nacional-do-agro-na-frente-parlamentar-de-combate-a-corrupcao\/#breadcrumb\",\"itemListElement\":[{\"@type\":\"ListItem\",\"position\":1,\"name\":\"In\u00edcio\",\"item\":\"https:\/\/jornalfatosenoticias.com.br\/\"},{\"@type\":\"ListItem\",\"position\":2,\"name\":\"Evair de Melo assume coordenadoria nacional do agro na frente parlamentar de combate \u00e0 corrup\u00e7\u00e3o\"}]},{\"@type\":\"WebSite\",\"@id\":\"https:\/\/jornalfatosenoticias.com.br\/#website\",\"url\":\"https:\/\/jornalfatosenoticias.com.br\/\",\"name\":\"Jornal Fatos e Not\u00edcias\",\"description\":\"Not\u00edcias em geral\",\"publisher\":{\"@id\":\"https:\/\/jornalfatosenoticias.com.br\/#organization\"},\"potentialAction\":[{\"@type\":\"SearchAction\",\"target\":{\"@type\":\"EntryPoint\",\"urlTemplate\":\"https:\/\/jornalfatosenoticias.com.br\/?s={search_term_string}\"},\"query-input\":{\"@type\":\"PropertyValueSpecification\",\"valueRequired\":true,\"valueName\":\"search_term_string\"}}],\"inLanguage\":\"pt-BR\"},{\"@type\":\"Organization\",\"@id\":\"https:\/\/jornalfatosenoticias.com.br\/#organization\",\"name\":\"Jornal Fatos e Not\u00edcias\",\"url\":\"https:\/\/jornalfatosenoticias.com.br\/\",\"logo\":{\"@type\":\"ImageObject\",\"inLanguage\":\"pt-BR\",\"@id\":\"https:\/\/jornalfatosenoticias.com.br\/#\/schema\/logo\/image\/\",\"url\":\"https:\/\/jornalfatosenoticias.com.br\/wp-content\/uploads\/2020\/02\/logo120.png\",\"contentUrl\":\"https:\/\/jornalfatosenoticias.com.br\/wp-content\/uploads\/2020\/02\/logo120.png\",\"width\":1227,\"height\":120,\"caption\":\"Jornal Fatos e Not\u00edcias\"},\"image\":{\"@id\":\"https:\/\/jornalfatosenoticias.com.br\/#\/schema\/logo\/image\/\"}},{\"@type\":\"Person\",\"@id\":\"https:\/\/jornalfatosenoticias.com.br\/#\/schema\/person\/d63837fa13ac8666eb9e74e0985d6f81\",\"name\":\"Luzimara Fernandes\",\"image\":{\"@type\":\"ImageObject\",\"inLanguage\":\"pt-BR\",\"@id\":\"https:\/\/jornalfatosenoticias.com.br\/#\/schema\/person\/image\/\",\"url\":\"https:\/\/jornalfatosenoticias.com.br\/wp-content\/uploads\/2025\/05\/EU_portal.jpg\",\"contentUrl\":\"https:\/\/jornalfatosenoticias.com.br\/wp-content\/uploads\/2025\/05\/EU_portal.jpg\",\"caption\":\"Luzimara Fernandes\"},\"description\":\"Jornalista MTB 2358-ES\",\"sameAs\":[\"https:\/\/jornalfatosenoticias.com.br\"],\"url\":\"https:\/\/jornalfatosenoticias.com.br\/index.php\/author\/luzimara\/\"}]}<\/script>\n<!-- \/ Yoast SEO plugin. -->","yoast_head_json":{"title":"Evair de Melo assume coordenadoria nacional do agro na frente parlamentar de combate \u00e0 corrup\u00e7\u00e3o - Jornal Fatos e Not\u00edcias","robots":{"index":"index","follow":"follow","max-snippet":"max-snippet:-1","max-image-preview":"max-image-preview:large","max-video-preview":"max-video-preview:-1"},"canonical":"https:\/\/jornalfatosenoticias.com.br\/index.php\/2023\/09\/13\/evair-de-melo-assume-coordenadoria-nacional-do-agro-na-frente-parlamentar-de-combate-a-corrupcao\/","og_locale":"pt_BR","og_type":"article","og_title":"Evair de Melo assume coordenadoria nacional do agro na frente parlamentar de combate \u00e0 corrup\u00e7\u00e3o - Jornal Fatos e Not\u00edcias","og_description":"Deputados e Senadores de oposi\u00e7\u00e3o participaram ontem (12) do lan\u00e7amento da frente Nesta ter\u00e7a-feira (12), foi lan\u00e7ada na C\u00e2mara dos Deputados a Frente Parlamentar Mista de Combate \u00e0 Corrup\u00e7\u00e3o, que tem como objetivo propor melhorias na legisla\u00e7\u00e3o brasileira e cobrar mais legalidade, impessoalidade, moralidade, publicidade e efici\u00eancia das autoridades que lidam com a administra\u00e7\u00e3o p\u00fablica.O [&hellip;]","og_url":"https:\/\/jornalfatosenoticias.com.br\/index.php\/2023\/09\/13\/evair-de-melo-assume-coordenadoria-nacional-do-agro-na-frente-parlamentar-de-combate-a-corrupcao\/","og_site_name":"Jornal Fatos e Not\u00edcias","article_published_time":"2023-09-13T12:27:17+00:00","article_modified_time":"2023-09-13T12:27:19+00:00","og_image":[{"width":920,"height":520,"url":"https:\/\/jornalfatosenoticias.com.br\/wp-content\/uploads\/2023\/09\/evair-de-melo.jpg","type":"image\/jpeg"}],"author":"Luzimara Fernandes","twitter_card":"summary_large_image","twitter_misc":{"Escrito por":"Luzimara Fernandes","Est. tempo de leitura":"1 minuto"},"schema":{"@context":"https:\/\/schema.org","@graph":[{"@type":"Article","@id":"https:\/\/jornalfatosenoticias.com.br\/index.php\/2023\/09\/13\/evair-de-melo-assume-coordenadoria-nacional-do-agro-na-frente-parlamentar-de-combate-a-corrupcao\/#article","isPartOf":{"@id":"https:\/\/jornalfatosenoticias.com.br\/index.php\/2023\/09\/13\/evair-de-melo-assume-coordenadoria-nacional-do-agro-na-frente-parlamentar-de-combate-a-corrupcao\/"},"author":{"name":"Luzimara Fernandes","@id":"https:\/\/jornalfatosenoticias.com.br\/#\/schema\/person\/d63837fa13ac8666eb9e74e0985d6f81"},"headline":"Evair de Melo assume coordenadoria nacional do agro na frente parlamentar de combate \u00e0 corrup\u00e7\u00e3o","datePublished":"2023-09-13T12:27:17+00:00","dateModified":"2023-09-13T12:27:19+00:00","mainEntityOfPage":{"@id":"https:\/\/jornalfatosenoticias.com.br\/index.php\/2023\/09\/13\/evair-de-melo-assume-coordenadoria-nacional-do-agro-na-frente-parlamentar-de-combate-a-corrupcao\/"},"wordCount":194,"commentCount":0,"publisher":{"@id":"https:\/\/jornalfatosenoticias.com.br\/#organization"},"image":{"@id":"https:\/\/jornalfatosenoticias.com.br\/index.php\/2023\/09\/13\/evair-de-melo-assume-coordenadoria-nacional-do-agro-na-frente-parlamentar-de-combate-a-corrupcao\/#primaryimage"},"thumbnailUrl":"https:\/\/jornalfatosenoticias.com.br\/wp-content\/uploads\/2023\/09\/evair-de-melo.jpg","keywords":["combate \u00e0 corrup\u00e7\u00e3o","Evair de Melo","frente parlamentar de combate \u00e0 corrup\u00e7\u00e3o"],"articleSection":["Pol\u00edtica"],"inLanguage":"pt-BR","potentialAction":[{"@type":"CommentAction","name":"Comment","target":["https:\/\/jornalfatosenoticias.com.br\/index.php\/2023\/09\/13\/evair-de-melo-assume-coordenadoria-nacional-do-agro-na-frente-parlamentar-de-combate-a-corrupcao\/#respond"]}]},{"@type":"WebPage","@id":"https:\/\/jornalfatosenoticias.com.br\/index.php\/2023\/09\/13\/evair-de-melo-assume-coordenadoria-nacional-do-agro-na-frente-parlamentar-de-combate-a-corrupcao\/","url":"https:\/\/jornalfatosenoticias.com.br\/index.php\/2023\/09\/13\/evair-de-melo-assume-coordenadoria-nacional-do-agro-na-frente-parlamentar-de-combate-a-corrupcao\/","name":"Evair de Melo assume coordenadoria nacional do agro na frente parlamentar de combate \u00e0 corrup\u00e7\u00e3o - Jornal Fatos e Not\u00edcias","isPartOf":{"@id":"https:\/\/jornalfatosenoticias.com.br\/#website"},"primaryImageOfPage":{"@id":"https:\/\/jornalfatosenoticias.com.br\/index.php\/2023\/09\/13\/evair-de-melo-assume-coordenadoria-nacional-do-agro-na-frente-parlamentar-de-combate-a-corrupcao\/#primaryimage"},"image":{"@id":"https:\/\/jornalfatosenoticias.com.br\/index.php\/2023\/09\/13\/evair-de-melo-assume-coordenadoria-nacional-do-agro-na-frente-parlamentar-de-combate-a-corrupcao\/#primaryimage"},"thumbnailUrl":"https:\/\/jornalfatosenoticias.com.br\/wp-content\/uploads\/2023\/09\/evair-de-melo.jpg","datePublished":"2023-09-13T12:27:17+00:00","dateModified":"2023-09-13T12:27:19+00:00","breadcrumb":{"@id":"https:\/\/jornalfatosenoticias.com.br\/index.php\/2023\/09\/13\/evair-de-melo-assume-coordenadoria-nacional-do-agro-na-frente-parlamentar-de-combate-a-corrupcao\/#breadcrumb"},"inLanguage":"pt-BR","potentialAction":[{"@type":"ReadAction","target":["https:\/\/jornalfatosenoticias.com.br\/index.php\/2023\/09\/13\/evair-de-melo-assume-coordenadoria-nacional-do-agro-na-frente-parlamentar-de-combate-a-corrupcao\/"]}]},{"@type":"ImageObject","inLanguage":"pt-BR","@id":"https:\/\/jornalfatosenoticias.com.br\/index.php\/2023\/09\/13\/evair-de-melo-assume-coordenadoria-nacional-do-agro-na-frente-parlamentar-de-combate-a-corrupcao\/#primaryimage","url":"https:\/\/jornalfatosenoticias.com.br\/wp-content\/uploads\/2023\/09\/evair-de-melo.jpg","contentUrl":"https:\/\/jornalfatosenoticias.com.br\/wp-content\/uploads\/2023\/09\/evair-de-melo.jpg","width":920,"height":520},{"@type":"BreadcrumbList","@id":"https:\/\/jornalfatosenoticias.com.br\/index.php\/2023\/09\/13\/evair-de-melo-assume-coordenadoria-nacional-do-agro-na-frente-parlamentar-de-combate-a-corrupcao\/#breadcrumb","itemListElement":[{"@type":"ListItem","position":1,"name":"In\u00edcio","item":"https:\/\/jornalfatosenoticias.com.br\/"},{"@type":"ListItem","position":2,"name":"Evair de Melo assume coordenadoria nacional do agro na frente parlamentar de combate \u00e0 corrup\u00e7\u00e3o"}]},{"@type":"WebSite","@id":"https:\/\/jornalfatosenoticias.com.br\/#website","url":"https:\/\/jornalfatosenoticias.com.br\/","name":"Jornal Fatos e Not\u00edcias","description":"Not\u00edcias em geral","publisher":{"@id":"https:\/\/jornalfatosenoticias.com.br\/#organization"},"potentialAction":[{"@type":"SearchAction","target":{"@type":"EntryPoint","urlTemplate":"https:\/\/jornalfatosenoticias.com.br\/?s={search_term_string}"},"query-input":{"@type":"PropertyValueSpecification","valueRequired":true,"valueName":"search_term_string"}}],"inLanguage":"pt-BR"},{"@type":"Organization","@id":"https:\/\/jornalfatosenoticias.com.br\/#organization","name":"Jornal Fatos e Not\u00edcias","url":"https:\/\/jornalfatosenoticias.com.br\/","logo":{"@type":"ImageObject","inLanguage":"pt-BR","@id":"https:\/\/jornalfatosenoticias.com.br\/#\/schema\/logo\/image\/","url":"https:\/\/jornalfatosenoticias.com.br\/wp-content\/uploads\/2020\/02\/logo120.png","contentUrl":"https:\/\/jornalfatosenoticias.com.br\/wp-content\/uploads\/2020\/02\/logo120.png","width":1227,"height":120,"caption":"Jornal Fatos e Not\u00edcias"},"image":{"@id":"https:\/\/jornalfatosenoticias.com.br\/#\/schema\/logo\/image\/"}},{"@type":"Person","@id":"https:\/\/jornalfatosenoticias.com.br\/#\/schema\/person\/d63837fa13ac8666eb9e74e0985d6f81","name":"Luzimara Fernandes","image":{"@type":"ImageObject","inLanguage":"pt-BR","@id":"https:\/\/jornalfatosenoticias.com.br\/#\/schema\/person\/image\/","url":"https:\/\/jornalfatosenoticias.com.br\/wp-content\/uploads\/2025\/05\/EU_portal.jpg","contentUrl":"https:\/\/jornalfatosenoticias.com.br\/wp-content\/uploads\/2025\/05\/EU_portal.jpg","caption":"Luzimara Fernandes"},"description":"Jornalista MTB 2358-ES","sameAs":["https:\/\/jornalfatosenoticias.com.br"],"url":"https:\/\/jornalfatosenoticias.com.br\/index.php\/author\/luzimara\/"}]}},"cc_featured_image_caption":{"caption_text":"(Foto: Reprodu\u00e7\u00e3o\/Ascom) ","source_text":"","source_url":""},"jetpack_featured_media_url":"https:\/\/jornalfatosenoticias.com.br\/wp-content\/uploads\/2023\/09\/evair-de-melo.jpg","_links":{"self":[{"href":"https:\/\/jornalfatosenoticias.com.br\/index.php\/wp-json\/wp\/v2\/posts\/45094","targetHints":{"allow":["GET"]}}],"collection":[{"href":"https:\/\/jornalfatosenoticias.com.br\/index.php\/wp-json\/wp\/v2\/posts"}],"about":[{"href":"https:\/\/jornalfatosenoticias.com.br\/index.php\/wp-json\/wp\/v2\/types\/post"}],"author":[{"embeddable":true,"href":"https:\/\/jornalfatosenoticias.com.br\/index.php\/wp-json\/wp\/v2\/users\/2"}],"replies":[{"embeddable":true,"href":"https:\/\/jornalfatosenoticias.com.br\/index.php\/wp-json\/wp\/v2\/comments?post=45094"}],"version-history":[{"count":0,"href":"https:\/\/jornalfatosenoticias.com.br\/index.php\/wp-json\/wp\/v2\/posts\/45094\/revisions"}],"wp:featuredmedia":[{"embeddable":true,"href":"https:\/\/jornalfatosenoticias.com.br\/index.php\/wp-json\/wp\/v2\/media\/45095"}],"wp:attachment":[{"href":"https:\/\/jornalfatosenoticias.com.br\/index.php\/wp-json\/wp\/v2\/media?parent=45094"}],"wp:term":[{"taxonomy":"category","embeddable":true,"href":"https:\/\/jornalfatosenoticias.com.br\/index.php\/wp-json\/wp\/v2\/categories?post=45094"},{"taxonomy":"post_tag","embeddable":true,"href":"https:\/\/jornalfatosenoticias.com.br\/index.php\/wp-json\/wp\/v2\/tags?post=45094"}],"curies":[{"name":"wp","href":"https:\/\/api.w.org\/{rel}","templated":true}]}}