{"id":45097,"date":"2023-09-13T09:35:46","date_gmt":"2023-09-13T12:35:46","guid":{"rendered":"https:\/\/jornalfatosenoticias.com.br\/?p=45097"},"modified":"2023-09-13T09:35:47","modified_gmt":"2023-09-13T12:35:47","slug":"o-novo-refugio-da-onca-parda-especie-ameacada-de-extincao","status":"publish","type":"post","link":"https:\/\/jornalfatosenoticias.com.br\/index.php\/2023\/09\/13\/o-novo-refugio-da-onca-parda-especie-ameacada-de-extincao\/","title":{"rendered":"O novo ref\u00fagio da on\u00e7a-parda, esp\u00e9cie amea\u00e7ada de extin\u00e7\u00e3o"},"content":{"rendered":"\n<p><em><span class=\"has-inline-color has-black-color\">Tamb\u00e9m conhecido como su\u00e7uarana, o segundo maior felino do Brasil n\u00e3o era avistado na Ref\u00fagio de Vida Silvestre de Maric\u00e1 (Revis), na Regi\u00e3o Metropolitana do Rio de Janeiro, h\u00e1 mais de um s\u00e9culo<\/span><\/em><\/p>\n\n\n\n<p><em><span class=\"has-inline-color has-black-color\">Por <strong>Isabelle Resende<\/strong><\/span><\/em><\/p>\n\n\n\n<div class=\"wp-block-image\"><figure class=\"aligncenter size-large is-resized\"><img loading=\"lazy\" decoding=\"async\" src=\"https:\/\/jornalfatosenoticias.com.br\/wp-content\/uploads\/2023\/09\/vetorvix1024_1.jpg\" alt=\"\" class=\"wp-image-44868\" width=\"412\" height=\"109\" srcset=\"https:\/\/jornalfatosenoticias.com.br\/wp-content\/uploads\/2023\/09\/vetorvix1024_1.jpg 1024w, https:\/\/jornalfatosenoticias.com.br\/wp-content\/uploads\/2023\/09\/vetorvix1024_1-300x80.jpg 300w, https:\/\/jornalfatosenoticias.com.br\/wp-content\/uploads\/2023\/09\/vetorvix1024_1-768x205.jpg 768w\" sizes=\"auto, (max-width: 412px) 100vw, 412px\" \/><\/figure><\/div>\n\n\n\n<p>Um raro \u2014 e um pouco assustador, \u00e9 verdade \u2014 registro em \u00e1rea litor\u00e2nea. A apari\u00e7\u00e3o de uma on\u00e7a-parda, esp\u00e9cie amea\u00e7ada de extin\u00e7\u00e3o, no Ref\u00fagio de Vida Silvestre de Maric\u00e1 (Revis), na Regi\u00e3o Metropolitana do Rio de Janeiro, vem sendo comemorada por bi\u00f3logos e ambientalistas. H\u00e1 mais de um s\u00e9culo, o felino n\u00e3o era visto por ali.<br>A on\u00e7a foi flagrada por armadilhas fotogr\u00e1ficas instaladas dentro do programa Monitoramento da Fauna Silvestre de Maric\u00e1. Este ano, foram espalhadas pelo ref\u00fagio mais cinco c\u00e2meras doadas pelo projeto On\u00e7as Urbanas, uma coopera\u00e7\u00e3o t\u00e9cnica entre o Instituto de Biologia da Universidade Federal do Rio (UFRJ) e o BioParque do Rio. Coordenado pelo bi\u00f3logo e p\u00f3s-doutor em ci\u00eancias ambientais e florestais pela Universidade Federal Rural do Rio (UFRRJ), Izar Aximoff, o projeto tem o objetivo de monitorar a fauna e fazer um trabalho de educa\u00e7\u00e3o ambiental com a comunidade do entorno.<\/p>\n\n\n\n<div class=\"wp-block-image\"><figure class=\"aligncenter size-large\"><img loading=\"lazy\" decoding=\"async\" width=\"300\" height=\"250\" src=\"https:\/\/jornalfatosenoticias.com.br\/wp-content\/uploads\/2022\/08\/arte-Casarao.jpg\" alt=\"\" class=\"wp-image-33178\"\/><\/figure><\/div>\n\n\n\n<blockquote class=\"wp-block-quote is-layout-flow wp-block-quote-is-layout-flow\"><p><span class=\"has-inline-color has-luminous-vivid-orange-color\">\u00c9 gratificante poder trabalhar junto \u00e0 comunidade a import\u00e2ncia desse animal, topo de cadeia. Estamos muito felizes de, justamente no dia 30 de agosto, quando se comemora o Dia Internacional do Puma, ter feito o segundo registro desse felino aqui na nossa regi\u00e3o\u201d, disse o subsecret\u00e1rio de Cidade Sustent\u00e1vel de Maric\u00e1, Guilherme Di C\u00e9sar.<\/span><\/p><\/blockquote>\n\n\n\n<div class=\"wp-block-image\"><figure class=\"aligncenter size-large\"><img loading=\"lazy\" decoding=\"async\" width=\"300\" height=\"137\" src=\"https:\/\/jornalfatosenoticias.com.br\/wp-content\/uploads\/2023\/06\/LOGO_JULIANA-GRACA_PORTAL.jpg\" alt=\"\" class=\"wp-image-42597\"\/><\/figure><\/div>\n\n\n\n<p>As oito c\u00e2meras instaladas j\u00e1 capturaram imagens de mais de 170 esp\u00e9cies de animais, entre mam\u00edferos, aves e roedores. O ref\u00fagio tem nove mil hectares, extens\u00e3o que corresponde a 25% de Maric\u00e1. A \u00e1rea \u00e9 maior que a do munic\u00edpio de Arma\u00e7\u00e3o de B\u00fazios, e duas vezes a do Parque Nacional da Tijuca, no Rio.<br>Lan\u00e7ado em junho deste ano, o projeto On\u00e7as Urbanas foi motivado pelo aparecimento da on\u00e7a-parda (<em>Puma concolor<\/em>) ou su\u00e7uarana, no fim de 2021, na regi\u00e3o de Maric\u00e1. A esp\u00e9cie era considerada extinta na regi\u00e3o litor\u00e2nea. Segundo maior felino do Brasil, a su\u00e7uarana \u00e9 menor apenas que a on\u00e7a-pintada.<\/p>\n\n\n\n<div class=\"wp-block-image\"><figure class=\"aligncenter size-large\"><img decoding=\"async\" src=\"https:\/\/jornalfatosenoticias.com.br\/wp-content\/uploads\/2020\/02\/logo_esteio.jpg\" alt=\"\" class=\"wp-image-1214\"\/><\/figure><\/div>\n\n\n\n<blockquote class=\"wp-block-quote is-layout-flow wp-block-quote-is-layout-flow\"><p><span class=\"has-inline-color has-luminous-vivid-orange-color\">O projeto On\u00e7as Urbanas tem o objetivo de conscientizar a popula\u00e7\u00e3o de que \u00e9 poss\u00edvel animais e humanos viverem sem conflito nas grandes cidades. Vamos monitorar tamb\u00e9m o macaco bugio, que est\u00e1 amea\u00e7ado no Brasil. A popula\u00e7\u00e3o desse primata no Revis quase foi inteiramente dizimada pela febre amarela nos \u00faltimos anos\u201d, explica o bi\u00f3logo Izar Aximoff.<\/span><\/p><\/blockquote>\n\n\n\n<p><strong><span class=\"has-inline-color has-vivid-green-cyan-color\">C\u00e2meras em v\u00e1rios parques<br><\/span><\/strong>Al\u00e9m do Ref\u00fagio de Vida Silvestre de Maric\u00e1, c\u00e2meras tamb\u00e9m foram instaladas em \u00e1reas do Parque Estadual da Pedra Branca, no Rio, e do Parque Estadual da Serra da Tiririca, em Niter\u00f3i. Um mapeamento apontar\u00e1 as localidades onde as on\u00e7as se encontram no estado. Por meio do programa de monitoramento da fauna, a Secretaria de Cidade Sustent\u00e1vel levanta dados que s\u00e3o utilizados em pesquisas sobre as \u00e1reas naturais protegidas da cidade.<\/p>\n\n\n\n<div class=\"wp-block-image\"><figure class=\"aligncenter size-large\"><img decoding=\"async\" src=\"https:\/\/jornalfatosenoticias.com.br\/wp-content\/uploads\/2020\/02\/barao-das-carnes-300x164-1.jpg\" alt=\"\" class=\"wp-image-34339\"\/><\/figure><\/div>\n\n\n\n<p>At\u00e9 o momento, mais de mil imagens est\u00e3o sendo analisadas e ser\u00e3o dispostas no relat\u00f3rio de monitoramento, que j\u00e1 identificou a presen\u00e7a de, entre outros animais silvestres, quati, tamandu\u00e1, sagui, cachorro-do-mato, gamb\u00e1, pica-pau, jacu (ave), sabi\u00e1, morcego, lagarto, gato-maracaj\u00e1, esquilo, guaxinim e tatu.<br>A armadilha \u00e9 uma c\u00e2mera fotogr\u00e1fica que \u00e9 ativada por sensor de presen\u00e7a. O animal passa na frente da c\u00e2mera, que aciona a foto ou o v\u00eddeo. <\/p>\n\n\n\n<div class=\"wp-block-image\"><figure class=\"aligncenter size-large is-resized\"><img loading=\"lazy\" decoding=\"async\" src=\"https:\/\/jornalfatosenoticias.com.br\/wp-content\/uploads\/2022\/02\/Precisao-Contabilidade-1024x724.jpg\" alt=\"\" class=\"wp-image-28088\" width=\"331\" height=\"234\"\/><\/figure><\/div>\n\n\n\n<p>O intuito \u00e9 distribuir os equipamentos em pontos estrat\u00e9gicos do ref\u00fagio para captar, al\u00e9m das imagens de on\u00e7as-pardas, registros de animais que tamb\u00e9m aparecem com frequ\u00eancia na regi\u00e3o. Se necess\u00e1rio, os profissionais abrir\u00e3o novas trilhas para controle total da \u00e1rea.<\/p>\n\n\n\n<h2 class=\"wp-block-heading\"><span class=\"has-inline-color has-vivid-red-color\">UTILIDADE P\u00daBLICA<\/span><\/h2>\n\n\n\n<div class=\"wp-block-image\"><figure class=\"aligncenter size-large\"><img loading=\"lazy\" decoding=\"async\" width=\"641\" height=\"1000\" src=\"https:\/\/jornalfatosenoticias.com.br\/wp-content\/uploads\/2023\/09\/PESSOA-DESAPARECIDA.jpg\" alt=\"\" class=\"wp-image-45088\" srcset=\"https:\/\/jornalfatosenoticias.com.br\/wp-content\/uploads\/2023\/09\/PESSOA-DESAPARECIDA.jpg 641w, https:\/\/jornalfatosenoticias.com.br\/wp-content\/uploads\/2023\/09\/PESSOA-DESAPARECIDA-192x300.jpg 192w\" sizes=\"auto, (max-width: 641px) 100vw, 641px\" \/><\/figure><\/div>\n\n\n\n<p><strong><em>Fonte: <a href=\"https:\/\/umsoplaneta.globo.com\/biodiversidade\/noticia\/2023\/09\/09\/conheca-o-novo-refugio-da-onca-parda-especie-ameacada-de-extincao.ghtml\">Um S\u00f3 Planeta<\/a><\/em><\/strong><\/p>\n","protected":false},"excerpt":{"rendered":"<p>Tamb\u00e9m conhecido como su\u00e7uarana, o segundo maior felino do Brasil n\u00e3o era avistado na Ref\u00fagio de Vida Silvestre de Maric\u00e1 (Revis), na Regi\u00e3o Metropolitana do Rio de Janeiro, h\u00e1 mais de um s\u00e9culo Por Isabelle Resende Um raro \u2014 e um pouco assustador, \u00e9 verdade \u2014 registro em \u00e1rea litor\u00e2nea. A apari\u00e7\u00e3o de uma on\u00e7a-parda, [&hellip;]<\/p>\n","protected":false},"author":2,"featured_media":45098,"comment_status":"open","ping_status":"open","sticky":false,"template":"","format":"standard","meta":{"footnotes":""},"categories":[8],"tags":[7789,14272,6415,970,9973,14729,21246],"class_list":["post-45097","post","type-post","status-publish","format-standard","has-post-thumbnail","hentry","category-meio-ambiente","tag-cameras","tag-especie-ameacada-de-extincao","tag-onca-parda","tag-onca-pintada","tag-puma","tag-refugio-de-vida-silvestre","tag-sucuarana"],"yoast_head":"<!-- This site is optimized with the Yoast SEO plugin v26.5 - https:\/\/yoast.com\/wordpress\/plugins\/seo\/ -->\n<title>O novo ref\u00fagio da on\u00e7a-parda, esp\u00e9cie amea\u00e7ada de extin\u00e7\u00e3o - Jornal Fatos e Not\u00edcias<\/title>\n<meta name=\"robots\" content=\"index, follow, max-snippet:-1, max-image-preview:large, max-video-preview:-1\" \/>\n<link rel=\"canonical\" href=\"https:\/\/jornalfatosenoticias.com.br\/index.php\/2023\/09\/13\/o-novo-refugio-da-onca-parda-especie-ameacada-de-extincao\/\" \/>\n<meta property=\"og:locale\" content=\"pt_BR\" \/>\n<meta property=\"og:type\" content=\"article\" \/>\n<meta property=\"og:title\" content=\"O novo ref\u00fagio da on\u00e7a-parda, esp\u00e9cie amea\u00e7ada de extin\u00e7\u00e3o - Jornal Fatos e Not\u00edcias\" \/>\n<meta property=\"og:description\" content=\"Tamb\u00e9m conhecido como su\u00e7uarana, o segundo maior felino do Brasil n\u00e3o era avistado na Ref\u00fagio de Vida Silvestre de Maric\u00e1 (Revis), na Regi\u00e3o Metropolitana do Rio de Janeiro, h\u00e1 mais de um s\u00e9culo Por Isabelle Resende Um raro \u2014 e um pouco assustador, \u00e9 verdade \u2014 registro em \u00e1rea litor\u00e2nea. A apari\u00e7\u00e3o de uma on\u00e7a-parda, [&hellip;]\" \/>\n<meta property=\"og:url\" content=\"https:\/\/jornalfatosenoticias.com.br\/index.php\/2023\/09\/13\/o-novo-refugio-da-onca-parda-especie-ameacada-de-extincao\/\" \/>\n<meta property=\"og:site_name\" content=\"Jornal Fatos e Not\u00edcias\" \/>\n<meta property=\"article:published_time\" content=\"2023-09-13T12:35:46+00:00\" \/>\n<meta property=\"article:modified_time\" content=\"2023-09-13T12:35:47+00:00\" \/>\n<meta property=\"og:image\" content=\"https:\/\/jornalfatosenoticias.com.br\/wp-content\/uploads\/2023\/09\/onca-parda.jpg\" \/>\n\t<meta property=\"og:image:width\" content=\"924\" \/>\n\t<meta property=\"og:image:height\" content=\"425\" \/>\n\t<meta property=\"og:image:type\" content=\"image\/jpeg\" \/>\n<meta name=\"author\" content=\"Luzimara Fernandes\" \/>\n<meta name=\"twitter:card\" content=\"summary_large_image\" \/>\n<meta name=\"twitter:label1\" content=\"Escrito por\" \/>\n\t<meta name=\"twitter:data1\" content=\"Luzimara Fernandes\" \/>\n\t<meta name=\"twitter:label2\" content=\"Est. tempo de leitura\" \/>\n\t<meta name=\"twitter:data2\" content=\"3 minutos\" \/>\n<script type=\"application\/ld+json\" class=\"yoast-schema-graph\">{\"@context\":\"https:\/\/schema.org\",\"@graph\":[{\"@type\":\"Article\",\"@id\":\"https:\/\/jornalfatosenoticias.com.br\/index.php\/2023\/09\/13\/o-novo-refugio-da-onca-parda-especie-ameacada-de-extincao\/#article\",\"isPartOf\":{\"@id\":\"https:\/\/jornalfatosenoticias.com.br\/index.php\/2023\/09\/13\/o-novo-refugio-da-onca-parda-especie-ameacada-de-extincao\/\"},\"author\":{\"name\":\"Luzimara Fernandes\",\"@id\":\"https:\/\/jornalfatosenoticias.com.br\/#\/schema\/person\/d63837fa13ac8666eb9e74e0985d6f81\"},\"headline\":\"O novo ref\u00fagio da on\u00e7a-parda, esp\u00e9cie amea\u00e7ada de extin\u00e7\u00e3o\",\"datePublished\":\"2023-09-13T12:35:46+00:00\",\"dateModified\":\"2023-09-13T12:35:47+00:00\",\"mainEntityOfPage\":{\"@id\":\"https:\/\/jornalfatosenoticias.com.br\/index.php\/2023\/09\/13\/o-novo-refugio-da-onca-parda-especie-ameacada-de-extincao\/\"},\"wordCount\":673,\"commentCount\":0,\"publisher\":{\"@id\":\"https:\/\/jornalfatosenoticias.com.br\/#organization\"},\"image\":{\"@id\":\"https:\/\/jornalfatosenoticias.com.br\/index.php\/2023\/09\/13\/o-novo-refugio-da-onca-parda-especie-ameacada-de-extincao\/#primaryimage\"},\"thumbnailUrl\":\"https:\/\/jornalfatosenoticias.com.br\/wp-content\/uploads\/2023\/09\/onca-parda.jpg\",\"keywords\":[\"c\u00e2meras\",\"esp\u00e9cie amea\u00e7ada de extin\u00e7\u00e3o\",\"on\u00e7a-parda\",\"on\u00e7a-pintada\",\"puma\",\"Ref\u00fagio de Vida Silvestre\",\"su\u00e7uarana\"],\"articleSection\":[\"Meio ambiente\"],\"inLanguage\":\"pt-BR\",\"potentialAction\":[{\"@type\":\"CommentAction\",\"name\":\"Comment\",\"target\":[\"https:\/\/jornalfatosenoticias.com.br\/index.php\/2023\/09\/13\/o-novo-refugio-da-onca-parda-especie-ameacada-de-extincao\/#respond\"]}]},{\"@type\":\"WebPage\",\"@id\":\"https:\/\/jornalfatosenoticias.com.br\/index.php\/2023\/09\/13\/o-novo-refugio-da-onca-parda-especie-ameacada-de-extincao\/\",\"url\":\"https:\/\/jornalfatosenoticias.com.br\/index.php\/2023\/09\/13\/o-novo-refugio-da-onca-parda-especie-ameacada-de-extincao\/\",\"name\":\"O novo ref\u00fagio da on\u00e7a-parda, esp\u00e9cie amea\u00e7ada de extin\u00e7\u00e3o - Jornal Fatos e Not\u00edcias\",\"isPartOf\":{\"@id\":\"https:\/\/jornalfatosenoticias.com.br\/#website\"},\"primaryImageOfPage\":{\"@id\":\"https:\/\/jornalfatosenoticias.com.br\/index.php\/2023\/09\/13\/o-novo-refugio-da-onca-parda-especie-ameacada-de-extincao\/#primaryimage\"},\"image\":{\"@id\":\"https:\/\/jornalfatosenoticias.com.br\/index.php\/2023\/09\/13\/o-novo-refugio-da-onca-parda-especie-ameacada-de-extincao\/#primaryimage\"},\"thumbnailUrl\":\"https:\/\/jornalfatosenoticias.com.br\/wp-content\/uploads\/2023\/09\/onca-parda.jpg\",\"datePublished\":\"2023-09-13T12:35:46+00:00\",\"dateModified\":\"2023-09-13T12:35:47+00:00\",\"breadcrumb\":{\"@id\":\"https:\/\/jornalfatosenoticias.com.br\/index.php\/2023\/09\/13\/o-novo-refugio-da-onca-parda-especie-ameacada-de-extincao\/#breadcrumb\"},\"inLanguage\":\"pt-BR\",\"potentialAction\":[{\"@type\":\"ReadAction\",\"target\":[\"https:\/\/jornalfatosenoticias.com.br\/index.php\/2023\/09\/13\/o-novo-refugio-da-onca-parda-especie-ameacada-de-extincao\/\"]}]},{\"@type\":\"ImageObject\",\"inLanguage\":\"pt-BR\",\"@id\":\"https:\/\/jornalfatosenoticias.com.br\/index.php\/2023\/09\/13\/o-novo-refugio-da-onca-parda-especie-ameacada-de-extincao\/#primaryimage\",\"url\":\"https:\/\/jornalfatosenoticias.com.br\/wp-content\/uploads\/2023\/09\/onca-parda.jpg\",\"contentUrl\":\"https:\/\/jornalfatosenoticias.com.br\/wp-content\/uploads\/2023\/09\/onca-parda.jpg\",\"width\":924,\"height\":425},{\"@type\":\"BreadcrumbList\",\"@id\":\"https:\/\/jornalfatosenoticias.com.br\/index.php\/2023\/09\/13\/o-novo-refugio-da-onca-parda-especie-ameacada-de-extincao\/#breadcrumb\",\"itemListElement\":[{\"@type\":\"ListItem\",\"position\":1,\"name\":\"In\u00edcio\",\"item\":\"https:\/\/jornalfatosenoticias.com.br\/\"},{\"@type\":\"ListItem\",\"position\":2,\"name\":\"O novo ref\u00fagio da on\u00e7a-parda, esp\u00e9cie amea\u00e7ada de extin\u00e7\u00e3o\"}]},{\"@type\":\"WebSite\",\"@id\":\"https:\/\/jornalfatosenoticias.com.br\/#website\",\"url\":\"https:\/\/jornalfatosenoticias.com.br\/\",\"name\":\"Jornal Fatos e Not\u00edcias\",\"description\":\"Not\u00edcias em geral\",\"publisher\":{\"@id\":\"https:\/\/jornalfatosenoticias.com.br\/#organization\"},\"potentialAction\":[{\"@type\":\"SearchAction\",\"target\":{\"@type\":\"EntryPoint\",\"urlTemplate\":\"https:\/\/jornalfatosenoticias.com.br\/?s={search_term_string}\"},\"query-input\":{\"@type\":\"PropertyValueSpecification\",\"valueRequired\":true,\"valueName\":\"search_term_string\"}}],\"inLanguage\":\"pt-BR\"},{\"@type\":\"Organization\",\"@id\":\"https:\/\/jornalfatosenoticias.com.br\/#organization\",\"name\":\"Jornal Fatos e Not\u00edcias\",\"url\":\"https:\/\/jornalfatosenoticias.com.br\/\",\"logo\":{\"@type\":\"ImageObject\",\"inLanguage\":\"pt-BR\",\"@id\":\"https:\/\/jornalfatosenoticias.com.br\/#\/schema\/logo\/image\/\",\"url\":\"https:\/\/jornalfatosenoticias.com.br\/wp-content\/uploads\/2020\/02\/logo120.png\",\"contentUrl\":\"https:\/\/jornalfatosenoticias.com.br\/wp-content\/uploads\/2020\/02\/logo120.png\",\"width\":1227,\"height\":120,\"caption\":\"Jornal Fatos e Not\u00edcias\"},\"image\":{\"@id\":\"https:\/\/jornalfatosenoticias.com.br\/#\/schema\/logo\/image\/\"}},{\"@type\":\"Person\",\"@id\":\"https:\/\/jornalfatosenoticias.com.br\/#\/schema\/person\/d63837fa13ac8666eb9e74e0985d6f81\",\"name\":\"Luzimara Fernandes\",\"image\":{\"@type\":\"ImageObject\",\"inLanguage\":\"pt-BR\",\"@id\":\"https:\/\/jornalfatosenoticias.com.br\/#\/schema\/person\/image\/\",\"url\":\"https:\/\/jornalfatosenoticias.com.br\/wp-content\/uploads\/2025\/05\/EU_portal.jpg\",\"contentUrl\":\"https:\/\/jornalfatosenoticias.com.br\/wp-content\/uploads\/2025\/05\/EU_portal.jpg\",\"caption\":\"Luzimara Fernandes\"},\"description\":\"Jornalista MTB 2358-ES\",\"sameAs\":[\"https:\/\/jornalfatosenoticias.com.br\"],\"url\":\"https:\/\/jornalfatosenoticias.com.br\/index.php\/author\/luzimara\/\"}]}<\/script>\n<!-- \/ Yoast SEO plugin. -->","yoast_head_json":{"title":"O novo ref\u00fagio da on\u00e7a-parda, esp\u00e9cie amea\u00e7ada de extin\u00e7\u00e3o - Jornal Fatos e Not\u00edcias","robots":{"index":"index","follow":"follow","max-snippet":"max-snippet:-1","max-image-preview":"max-image-preview:large","max-video-preview":"max-video-preview:-1"},"canonical":"https:\/\/jornalfatosenoticias.com.br\/index.php\/2023\/09\/13\/o-novo-refugio-da-onca-parda-especie-ameacada-de-extincao\/","og_locale":"pt_BR","og_type":"article","og_title":"O novo ref\u00fagio da on\u00e7a-parda, esp\u00e9cie amea\u00e7ada de extin\u00e7\u00e3o - Jornal Fatos e Not\u00edcias","og_description":"Tamb\u00e9m conhecido como su\u00e7uarana, o segundo maior felino do Brasil n\u00e3o era avistado na Ref\u00fagio de Vida Silvestre de Maric\u00e1 (Revis), na Regi\u00e3o Metropolitana do Rio de Janeiro, h\u00e1 mais de um s\u00e9culo Por Isabelle Resende Um raro \u2014 e um pouco assustador, \u00e9 verdade \u2014 registro em \u00e1rea litor\u00e2nea. A apari\u00e7\u00e3o de uma on\u00e7a-parda, [&hellip;]","og_url":"https:\/\/jornalfatosenoticias.com.br\/index.php\/2023\/09\/13\/o-novo-refugio-da-onca-parda-especie-ameacada-de-extincao\/","og_site_name":"Jornal Fatos e Not\u00edcias","article_published_time":"2023-09-13T12:35:46+00:00","article_modified_time":"2023-09-13T12:35:47+00:00","og_image":[{"width":924,"height":425,"url":"https:\/\/jornalfatosenoticias.com.br\/wp-content\/uploads\/2023\/09\/onca-parda.jpg","type":"image\/jpeg"}],"author":"Luzimara Fernandes","twitter_card":"summary_large_image","twitter_misc":{"Escrito por":"Luzimara Fernandes","Est. tempo de leitura":"3 minutos"},"schema":{"@context":"https:\/\/schema.org","@graph":[{"@type":"Article","@id":"https:\/\/jornalfatosenoticias.com.br\/index.php\/2023\/09\/13\/o-novo-refugio-da-onca-parda-especie-ameacada-de-extincao\/#article","isPartOf":{"@id":"https:\/\/jornalfatosenoticias.com.br\/index.php\/2023\/09\/13\/o-novo-refugio-da-onca-parda-especie-ameacada-de-extincao\/"},"author":{"name":"Luzimara Fernandes","@id":"https:\/\/jornalfatosenoticias.com.br\/#\/schema\/person\/d63837fa13ac8666eb9e74e0985d6f81"},"headline":"O novo ref\u00fagio da on\u00e7a-parda, esp\u00e9cie amea\u00e7ada de extin\u00e7\u00e3o","datePublished":"2023-09-13T12:35:46+00:00","dateModified":"2023-09-13T12:35:47+00:00","mainEntityOfPage":{"@id":"https:\/\/jornalfatosenoticias.com.br\/index.php\/2023\/09\/13\/o-novo-refugio-da-onca-parda-especie-ameacada-de-extincao\/"},"wordCount":673,"commentCount":0,"publisher":{"@id":"https:\/\/jornalfatosenoticias.com.br\/#organization"},"image":{"@id":"https:\/\/jornalfatosenoticias.com.br\/index.php\/2023\/09\/13\/o-novo-refugio-da-onca-parda-especie-ameacada-de-extincao\/#primaryimage"},"thumbnailUrl":"https:\/\/jornalfatosenoticias.com.br\/wp-content\/uploads\/2023\/09\/onca-parda.jpg","keywords":["c\u00e2meras","esp\u00e9cie amea\u00e7ada de extin\u00e7\u00e3o","on\u00e7a-parda","on\u00e7a-pintada","puma","Ref\u00fagio de Vida Silvestre","su\u00e7uarana"],"articleSection":["Meio ambiente"],"inLanguage":"pt-BR","potentialAction":[{"@type":"CommentAction","name":"Comment","target":["https:\/\/jornalfatosenoticias.com.br\/index.php\/2023\/09\/13\/o-novo-refugio-da-onca-parda-especie-ameacada-de-extincao\/#respond"]}]},{"@type":"WebPage","@id":"https:\/\/jornalfatosenoticias.com.br\/index.php\/2023\/09\/13\/o-novo-refugio-da-onca-parda-especie-ameacada-de-extincao\/","url":"https:\/\/jornalfatosenoticias.com.br\/index.php\/2023\/09\/13\/o-novo-refugio-da-onca-parda-especie-ameacada-de-extincao\/","name":"O novo ref\u00fagio da on\u00e7a-parda, esp\u00e9cie amea\u00e7ada de extin\u00e7\u00e3o - Jornal Fatos e Not\u00edcias","isPartOf":{"@id":"https:\/\/jornalfatosenoticias.com.br\/#website"},"primaryImageOfPage":{"@id":"https:\/\/jornalfatosenoticias.com.br\/index.php\/2023\/09\/13\/o-novo-refugio-da-onca-parda-especie-ameacada-de-extincao\/#primaryimage"},"image":{"@id":"https:\/\/jornalfatosenoticias.com.br\/index.php\/2023\/09\/13\/o-novo-refugio-da-onca-parda-especie-ameacada-de-extincao\/#primaryimage"},"thumbnailUrl":"https:\/\/jornalfatosenoticias.com.br\/wp-content\/uploads\/2023\/09\/onca-parda.jpg","datePublished":"2023-09-13T12:35:46+00:00","dateModified":"2023-09-13T12:35:47+00:00","breadcrumb":{"@id":"https:\/\/jornalfatosenoticias.com.br\/index.php\/2023\/09\/13\/o-novo-refugio-da-onca-parda-especie-ameacada-de-extincao\/#breadcrumb"},"inLanguage":"pt-BR","potentialAction":[{"@type":"ReadAction","target":["https:\/\/jornalfatosenoticias.com.br\/index.php\/2023\/09\/13\/o-novo-refugio-da-onca-parda-especie-ameacada-de-extincao\/"]}]},{"@type":"ImageObject","inLanguage":"pt-BR","@id":"https:\/\/jornalfatosenoticias.com.br\/index.php\/2023\/09\/13\/o-novo-refugio-da-onca-parda-especie-ameacada-de-extincao\/#primaryimage","url":"https:\/\/jornalfatosenoticias.com.br\/wp-content\/uploads\/2023\/09\/onca-parda.jpg","contentUrl":"https:\/\/jornalfatosenoticias.com.br\/wp-content\/uploads\/2023\/09\/onca-parda.jpg","width":924,"height":425},{"@type":"BreadcrumbList","@id":"https:\/\/jornalfatosenoticias.com.br\/index.php\/2023\/09\/13\/o-novo-refugio-da-onca-parda-especie-ameacada-de-extincao\/#breadcrumb","itemListElement":[{"@type":"ListItem","position":1,"name":"In\u00edcio","item":"https:\/\/jornalfatosenoticias.com.br\/"},{"@type":"ListItem","position":2,"name":"O novo ref\u00fagio da on\u00e7a-parda, esp\u00e9cie amea\u00e7ada de extin\u00e7\u00e3o"}]},{"@type":"WebSite","@id":"https:\/\/jornalfatosenoticias.com.br\/#website","url":"https:\/\/jornalfatosenoticias.com.br\/","name":"Jornal Fatos e Not\u00edcias","description":"Not\u00edcias em geral","publisher":{"@id":"https:\/\/jornalfatosenoticias.com.br\/#organization"},"potentialAction":[{"@type":"SearchAction","target":{"@type":"EntryPoint","urlTemplate":"https:\/\/jornalfatosenoticias.com.br\/?s={search_term_string}"},"query-input":{"@type":"PropertyValueSpecification","valueRequired":true,"valueName":"search_term_string"}}],"inLanguage":"pt-BR"},{"@type":"Organization","@id":"https:\/\/jornalfatosenoticias.com.br\/#organization","name":"Jornal Fatos e Not\u00edcias","url":"https:\/\/jornalfatosenoticias.com.br\/","logo":{"@type":"ImageObject","inLanguage":"pt-BR","@id":"https:\/\/jornalfatosenoticias.com.br\/#\/schema\/logo\/image\/","url":"https:\/\/jornalfatosenoticias.com.br\/wp-content\/uploads\/2020\/02\/logo120.png","contentUrl":"https:\/\/jornalfatosenoticias.com.br\/wp-content\/uploads\/2020\/02\/logo120.png","width":1227,"height":120,"caption":"Jornal Fatos e Not\u00edcias"},"image":{"@id":"https:\/\/jornalfatosenoticias.com.br\/#\/schema\/logo\/image\/"}},{"@type":"Person","@id":"https:\/\/jornalfatosenoticias.com.br\/#\/schema\/person\/d63837fa13ac8666eb9e74e0985d6f81","name":"Luzimara Fernandes","image":{"@type":"ImageObject","inLanguage":"pt-BR","@id":"https:\/\/jornalfatosenoticias.com.br\/#\/schema\/person\/image\/","url":"https:\/\/jornalfatosenoticias.com.br\/wp-content\/uploads\/2025\/05\/EU_portal.jpg","contentUrl":"https:\/\/jornalfatosenoticias.com.br\/wp-content\/uploads\/2025\/05\/EU_portal.jpg","caption":"Luzimara Fernandes"},"description":"Jornalista MTB 2358-ES","sameAs":["https:\/\/jornalfatosenoticias.com.br"],"url":"https:\/\/jornalfatosenoticias.com.br\/index.php\/author\/luzimara\/"}]}},"cc_featured_image_caption":{"caption_text":"(Foto: Divulga\u00e7\u00e3o) ","source_text":"","source_url":""},"jetpack_featured_media_url":"https:\/\/jornalfatosenoticias.com.br\/wp-content\/uploads\/2023\/09\/onca-parda.jpg","_links":{"self":[{"href":"https:\/\/jornalfatosenoticias.com.br\/index.php\/wp-json\/wp\/v2\/posts\/45097","targetHints":{"allow":["GET"]}}],"collection":[{"href":"https:\/\/jornalfatosenoticias.com.br\/index.php\/wp-json\/wp\/v2\/posts"}],"about":[{"href":"https:\/\/jornalfatosenoticias.com.br\/index.php\/wp-json\/wp\/v2\/types\/post"}],"author":[{"embeddable":true,"href":"https:\/\/jornalfatosenoticias.com.br\/index.php\/wp-json\/wp\/v2\/users\/2"}],"replies":[{"embeddable":true,"href":"https:\/\/jornalfatosenoticias.com.br\/index.php\/wp-json\/wp\/v2\/comments?post=45097"}],"version-history":[{"count":0,"href":"https:\/\/jornalfatosenoticias.com.br\/index.php\/wp-json\/wp\/v2\/posts\/45097\/revisions"}],"wp:featuredmedia":[{"embeddable":true,"href":"https:\/\/jornalfatosenoticias.com.br\/index.php\/wp-json\/wp\/v2\/media\/45098"}],"wp:attachment":[{"href":"https:\/\/jornalfatosenoticias.com.br\/index.php\/wp-json\/wp\/v2\/media?parent=45097"}],"wp:term":[{"taxonomy":"category","embeddable":true,"href":"https:\/\/jornalfatosenoticias.com.br\/index.php\/wp-json\/wp\/v2\/categories?post=45097"},{"taxonomy":"post_tag","embeddable":true,"href":"https:\/\/jornalfatosenoticias.com.br\/index.php\/wp-json\/wp\/v2\/tags?post=45097"}],"curies":[{"name":"wp","href":"https:\/\/api.w.org\/{rel}","templated":true}]}}