{"id":4510,"date":"2020-05-15T14:19:25","date_gmt":"2020-05-15T17:19:25","guid":{"rendered":"https:\/\/jornalfatosenoticias.com.br\/?p=4510"},"modified":"2020-05-15T14:19:41","modified_gmt":"2020-05-15T17:19:41","slug":"astronomos-encontram-superterra-proxima-ao-centro-da-via-lactea","status":"publish","type":"post","link":"https:\/\/jornalfatosenoticias.com.br\/index.php\/2020\/05\/15\/astronomos-encontram-superterra-proxima-ao-centro-da-via-lactea\/","title":{"rendered":"Astr\u00f4nomos encontram SuperTerra pr\u00f3xima ao centro da Via L\u00e1ctea"},"content":{"rendered":"\n<h6 class=\"wp-block-heading\"><em>Planeta faz parte de um pequeno rol de astros cujo tamanho e a \u00f3rbita s\u00e3o compar\u00e1veis \u200b\u200baos da Terra<\/em><\/h6>\n\n\n\n<p>Astr\u00f4nomos da Universidade de Canterbury, na Nova Zel\u00e2ndia, descobriram uma SuperTerra pr\u00f3xima ao centro da Via L\u00e1ctea, segundo um estudo publicado na edi\u00e7\u00e3o de maio do The Astronomical Journal. O planeta faz parte de um pequeno rol de astros cujo tamanho e a \u00f3rbita s\u00e3o compar\u00e1veis \u200b\u200baos da Terra.<br>\u201cPara se ter uma ideia da raridade da detec\u00e7\u00e3o, o tempo necess\u00e1rio para observar, devido \u00e0 estrela hospedeira foi de, aproximadamente, cinco dias, enquanto o planeta foi detectado apenas durante uma pequena an\u00e1lise de cinco horas&#8221;, contou Antonio Herrera Martin, l\u00edder da pesquisa, em comunicado. &#8220;Depois de confirmar que [a descoberta] foi realmente resultado [da detec\u00e7\u00e3o] de outro &#8216;corpo&#8217; diferente da estrela, e n\u00e3o um erro instrumental, come\u00e7amos a obter as caracter\u00edsticas do sistema planeta-estrela&#8221;.<br>Usando o Sistema Solar como refer\u00eancia, os astr\u00f4nomos calcularam que a estrela hospedeira da SuperTerra tem cerca de 10% da massa do nosso Sol, enquanto o planeta tem uma massa entre a da Terra e a de Netuno e \u00f3rbita de 617 dias. J\u00e1 a dist\u00e2ncia entre o astro e sua estrela \u00e9 equivalente ao espa\u00e7o que existe entre o Sol e a \u00e1rea situada entre V\u00eanus e a Terra.<br>De acordo com Herrera Martin, o planeta foi descoberto usando uma t\u00e9cnica chamada microlente gravitacional, que \u00e9 extremamente espec\u00edfica \u2014 apenas uma em um milh\u00e3o de estrelas da nossa gal\u00e1xia pode ser detectada pelo m\u00e9todo. &#8220;A gravidade combinada do planeta e sua estrela hospedeira fez com que a luz de uma estrela de fundo mais distante fosse aumentada de maneira particular&#8221;, explicou o especialista.<\/p>\n\n\n\n<p><strong><em>Fonte: Revista Galileu<\/em><\/strong><\/p>\n","protected":false},"excerpt":{"rendered":"<p>Planeta faz parte de um pequeno rol de astros cujo tamanho e a \u00f3rbita s\u00e3o compar\u00e1veis \u200b\u200baos da Terra Astr\u00f4nomos da Universidade de Canterbury, na Nova Zel\u00e2ndia, descobriram uma SuperTerra pr\u00f3xima ao centro da Via L\u00e1ctea, segundo um estudo publicado na edi\u00e7\u00e3o de maio do The Astronomical Journal. O planeta faz parte de um pequeno [&hellip;]<\/p>\n","protected":false},"author":2,"featured_media":4511,"comment_status":"open","ping_status":"open","sticky":false,"template":"","format":"standard","meta":{"footnotes":""},"categories":[3],"tags":[468,2500,790,1135,2672,574,165,466,2671,94,2673,470],"class_list":["post-4510","post","type-post","status-publish","format-standard","has-post-thumbnail","hentry","category-tecnologia","tag-astros","tag-corpo-celeste","tag-estrelas","tag-galaxia","tag-netuno","tag-orbita","tag-planeta","tag-sol","tag-superterra","tag-terra","tag-venus","tag-via-lactea"],"yoast_head":"<!-- This site is optimized with the Yoast SEO plugin v26.5 - https:\/\/yoast.com\/wordpress\/plugins\/seo\/ -->\n<title>Astr\u00f4nomos encontram SuperTerra pr\u00f3xima ao centro da Via L\u00e1ctea - Jornal Fatos e Not\u00edcias<\/title>\n<meta name=\"robots\" content=\"index, follow, max-snippet:-1, max-image-preview:large, max-video-preview:-1\" \/>\n<link rel=\"canonical\" href=\"https:\/\/jornalfatosenoticias.com.br\/index.php\/2020\/05\/15\/astronomos-encontram-superterra-proxima-ao-centro-da-via-lactea\/\" \/>\n<meta property=\"og:locale\" content=\"pt_BR\" \/>\n<meta property=\"og:type\" content=\"article\" \/>\n<meta property=\"og:title\" content=\"Astr\u00f4nomos encontram SuperTerra pr\u00f3xima ao centro da Via L\u00e1ctea - Jornal Fatos e Not\u00edcias\" \/>\n<meta property=\"og:description\" content=\"Planeta faz parte de um pequeno rol de astros cujo tamanho e a \u00f3rbita s\u00e3o compar\u00e1veis \u200b\u200baos da Terra Astr\u00f4nomos da Universidade de Canterbury, na Nova Zel\u00e2ndia, descobriram uma SuperTerra pr\u00f3xima ao centro da Via L\u00e1ctea, segundo um estudo publicado na edi\u00e7\u00e3o de maio do The Astronomical Journal. O planeta faz parte de um pequeno [&hellip;]\" \/>\n<meta property=\"og:url\" content=\"https:\/\/jornalfatosenoticias.com.br\/index.php\/2020\/05\/15\/astronomos-encontram-superterra-proxima-ao-centro-da-via-lactea\/\" \/>\n<meta property=\"og:site_name\" content=\"Jornal Fatos e Not\u00edcias\" \/>\n<meta property=\"article:published_time\" content=\"2020-05-15T17:19:25+00:00\" \/>\n<meta property=\"article:modified_time\" content=\"2020-05-15T17:19:41+00:00\" \/>\n<meta property=\"og:image\" content=\"https:\/\/jornalfatosenoticias.com.br\/wp-content\/uploads\/2020\/05\/superterra.jpg\" \/>\n\t<meta property=\"og:image:width\" content=\"1000\" \/>\n\t<meta property=\"og:image:height\" content=\"562\" \/>\n\t<meta property=\"og:image:type\" content=\"image\/jpeg\" \/>\n<meta name=\"author\" content=\"Luzimara Fernandes\" \/>\n<meta name=\"twitter:card\" content=\"summary_large_image\" \/>\n<meta name=\"twitter:label1\" content=\"Escrito por\" \/>\n\t<meta name=\"twitter:data1\" content=\"Luzimara Fernandes\" \/>\n\t<meta name=\"twitter:label2\" content=\"Est. tempo de leitura\" \/>\n\t<meta name=\"twitter:data2\" content=\"2 minutos\" \/>\n<script type=\"application\/ld+json\" class=\"yoast-schema-graph\">{\"@context\":\"https:\/\/schema.org\",\"@graph\":[{\"@type\":\"Article\",\"@id\":\"https:\/\/jornalfatosenoticias.com.br\/index.php\/2020\/05\/15\/astronomos-encontram-superterra-proxima-ao-centro-da-via-lactea\/#article\",\"isPartOf\":{\"@id\":\"https:\/\/jornalfatosenoticias.com.br\/index.php\/2020\/05\/15\/astronomos-encontram-superterra-proxima-ao-centro-da-via-lactea\/\"},\"author\":{\"name\":\"Luzimara Fernandes\",\"@id\":\"https:\/\/jornalfatosenoticias.com.br\/#\/schema\/person\/d63837fa13ac8666eb9e74e0985d6f81\"},\"headline\":\"Astr\u00f4nomos encontram SuperTerra pr\u00f3xima ao centro da Via L\u00e1ctea\",\"datePublished\":\"2020-05-15T17:19:25+00:00\",\"dateModified\":\"2020-05-15T17:19:41+00:00\",\"mainEntityOfPage\":{\"@id\":\"https:\/\/jornalfatosenoticias.com.br\/index.php\/2020\/05\/15\/astronomos-encontram-superterra-proxima-ao-centro-da-via-lactea\/\"},\"wordCount\":313,\"commentCount\":0,\"publisher\":{\"@id\":\"https:\/\/jornalfatosenoticias.com.br\/#organization\"},\"image\":{\"@id\":\"https:\/\/jornalfatosenoticias.com.br\/index.php\/2020\/05\/15\/astronomos-encontram-superterra-proxima-ao-centro-da-via-lactea\/#primaryimage\"},\"thumbnailUrl\":\"https:\/\/jornalfatosenoticias.com.br\/wp-content\/uploads\/2020\/05\/superterra.jpg\",\"keywords\":[\"astros\",\"corpo celeste\",\"estrelas\",\"gal\u00e1xia\",\"Netuno\",\"\u00f3rbita\",\"planeta\",\"Sol\",\"SuperTerra\",\"Terra\",\"V\u00eanus\",\"Via L\u00e1ctea\"],\"articleSection\":[\"Tecnologia &amp; Inova\u00e7\u00e3o\"],\"inLanguage\":\"pt-BR\",\"potentialAction\":[{\"@type\":\"CommentAction\",\"name\":\"Comment\",\"target\":[\"https:\/\/jornalfatosenoticias.com.br\/index.php\/2020\/05\/15\/astronomos-encontram-superterra-proxima-ao-centro-da-via-lactea\/#respond\"]}]},{\"@type\":\"WebPage\",\"@id\":\"https:\/\/jornalfatosenoticias.com.br\/index.php\/2020\/05\/15\/astronomos-encontram-superterra-proxima-ao-centro-da-via-lactea\/\",\"url\":\"https:\/\/jornalfatosenoticias.com.br\/index.php\/2020\/05\/15\/astronomos-encontram-superterra-proxima-ao-centro-da-via-lactea\/\",\"name\":\"Astr\u00f4nomos encontram SuperTerra pr\u00f3xima ao centro da Via L\u00e1ctea - Jornal Fatos e Not\u00edcias\",\"isPartOf\":{\"@id\":\"https:\/\/jornalfatosenoticias.com.br\/#website\"},\"primaryImageOfPage\":{\"@id\":\"https:\/\/jornalfatosenoticias.com.br\/index.php\/2020\/05\/15\/astronomos-encontram-superterra-proxima-ao-centro-da-via-lactea\/#primaryimage\"},\"image\":{\"@id\":\"https:\/\/jornalfatosenoticias.com.br\/index.php\/2020\/05\/15\/astronomos-encontram-superterra-proxima-ao-centro-da-via-lactea\/#primaryimage\"},\"thumbnailUrl\":\"https:\/\/jornalfatosenoticias.com.br\/wp-content\/uploads\/2020\/05\/superterra.jpg\",\"datePublished\":\"2020-05-15T17:19:25+00:00\",\"dateModified\":\"2020-05-15T17:19:41+00:00\",\"breadcrumb\":{\"@id\":\"https:\/\/jornalfatosenoticias.com.br\/index.php\/2020\/05\/15\/astronomos-encontram-superterra-proxima-ao-centro-da-via-lactea\/#breadcrumb\"},\"inLanguage\":\"pt-BR\",\"potentialAction\":[{\"@type\":\"ReadAction\",\"target\":[\"https:\/\/jornalfatosenoticias.com.br\/index.php\/2020\/05\/15\/astronomos-encontram-superterra-proxima-ao-centro-da-via-lactea\/\"]}]},{\"@type\":\"ImageObject\",\"inLanguage\":\"pt-BR\",\"@id\":\"https:\/\/jornalfatosenoticias.com.br\/index.php\/2020\/05\/15\/astronomos-encontram-superterra-proxima-ao-centro-da-via-lactea\/#primaryimage\",\"url\":\"https:\/\/jornalfatosenoticias.com.br\/wp-content\/uploads\/2020\/05\/superterra.jpg\",\"contentUrl\":\"https:\/\/jornalfatosenoticias.com.br\/wp-content\/uploads\/2020\/05\/superterra.jpg\",\"width\":1000,\"height\":562},{\"@type\":\"BreadcrumbList\",\"@id\":\"https:\/\/jornalfatosenoticias.com.br\/index.php\/2020\/05\/15\/astronomos-encontram-superterra-proxima-ao-centro-da-via-lactea\/#breadcrumb\",\"itemListElement\":[{\"@type\":\"ListItem\",\"position\":1,\"name\":\"In\u00edcio\",\"item\":\"https:\/\/jornalfatosenoticias.com.br\/\"},{\"@type\":\"ListItem\",\"position\":2,\"name\":\"Astr\u00f4nomos encontram SuperTerra pr\u00f3xima ao centro da Via L\u00e1ctea\"}]},{\"@type\":\"WebSite\",\"@id\":\"https:\/\/jornalfatosenoticias.com.br\/#website\",\"url\":\"https:\/\/jornalfatosenoticias.com.br\/\",\"name\":\"Jornal Fatos e Not\u00edcias\",\"description\":\"Not\u00edcias em geral\",\"publisher\":{\"@id\":\"https:\/\/jornalfatosenoticias.com.br\/#organization\"},\"potentialAction\":[{\"@type\":\"SearchAction\",\"target\":{\"@type\":\"EntryPoint\",\"urlTemplate\":\"https:\/\/jornalfatosenoticias.com.br\/?s={search_term_string}\"},\"query-input\":{\"@type\":\"PropertyValueSpecification\",\"valueRequired\":true,\"valueName\":\"search_term_string\"}}],\"inLanguage\":\"pt-BR\"},{\"@type\":\"Organization\",\"@id\":\"https:\/\/jornalfatosenoticias.com.br\/#organization\",\"name\":\"Jornal Fatos e Not\u00edcias\",\"url\":\"https:\/\/jornalfatosenoticias.com.br\/\",\"logo\":{\"@type\":\"ImageObject\",\"inLanguage\":\"pt-BR\",\"@id\":\"https:\/\/jornalfatosenoticias.com.br\/#\/schema\/logo\/image\/\",\"url\":\"https:\/\/jornalfatosenoticias.com.br\/wp-content\/uploads\/2020\/02\/logo120.png\",\"contentUrl\":\"https:\/\/jornalfatosenoticias.com.br\/wp-content\/uploads\/2020\/02\/logo120.png\",\"width\":1227,\"height\":120,\"caption\":\"Jornal Fatos e Not\u00edcias\"},\"image\":{\"@id\":\"https:\/\/jornalfatosenoticias.com.br\/#\/schema\/logo\/image\/\"}},{\"@type\":\"Person\",\"@id\":\"https:\/\/jornalfatosenoticias.com.br\/#\/schema\/person\/d63837fa13ac8666eb9e74e0985d6f81\",\"name\":\"Luzimara Fernandes\",\"image\":{\"@type\":\"ImageObject\",\"inLanguage\":\"pt-BR\",\"@id\":\"https:\/\/jornalfatosenoticias.com.br\/#\/schema\/person\/image\/\",\"url\":\"https:\/\/jornalfatosenoticias.com.br\/wp-content\/uploads\/2025\/05\/EU_portal.jpg\",\"contentUrl\":\"https:\/\/jornalfatosenoticias.com.br\/wp-content\/uploads\/2025\/05\/EU_portal.jpg\",\"caption\":\"Luzimara Fernandes\"},\"description\":\"Jornalista MTB 2358-ES\",\"sameAs\":[\"https:\/\/jornalfatosenoticias.com.br\"],\"url\":\"https:\/\/jornalfatosenoticias.com.br\/index.php\/author\/luzimara\/\"}]}<\/script>\n<!-- \/ Yoast SEO plugin. -->","yoast_head_json":{"title":"Astr\u00f4nomos encontram SuperTerra pr\u00f3xima ao centro da Via L\u00e1ctea - Jornal Fatos e Not\u00edcias","robots":{"index":"index","follow":"follow","max-snippet":"max-snippet:-1","max-image-preview":"max-image-preview:large","max-video-preview":"max-video-preview:-1"},"canonical":"https:\/\/jornalfatosenoticias.com.br\/index.php\/2020\/05\/15\/astronomos-encontram-superterra-proxima-ao-centro-da-via-lactea\/","og_locale":"pt_BR","og_type":"article","og_title":"Astr\u00f4nomos encontram SuperTerra pr\u00f3xima ao centro da Via L\u00e1ctea - Jornal Fatos e Not\u00edcias","og_description":"Planeta faz parte de um pequeno rol de astros cujo tamanho e a \u00f3rbita s\u00e3o compar\u00e1veis \u200b\u200baos da Terra Astr\u00f4nomos da Universidade de Canterbury, na Nova Zel\u00e2ndia, descobriram uma SuperTerra pr\u00f3xima ao centro da Via L\u00e1ctea, segundo um estudo publicado na edi\u00e7\u00e3o de maio do The Astronomical Journal. O planeta faz parte de um pequeno [&hellip;]","og_url":"https:\/\/jornalfatosenoticias.com.br\/index.php\/2020\/05\/15\/astronomos-encontram-superterra-proxima-ao-centro-da-via-lactea\/","og_site_name":"Jornal Fatos e Not\u00edcias","article_published_time":"2020-05-15T17:19:25+00:00","article_modified_time":"2020-05-15T17:19:41+00:00","og_image":[{"width":1000,"height":562,"url":"https:\/\/jornalfatosenoticias.com.br\/wp-content\/uploads\/2020\/05\/superterra.jpg","type":"image\/jpeg"}],"author":"Luzimara Fernandes","twitter_card":"summary_large_image","twitter_misc":{"Escrito por":"Luzimara Fernandes","Est. tempo de leitura":"2 minutos"},"schema":{"@context":"https:\/\/schema.org","@graph":[{"@type":"Article","@id":"https:\/\/jornalfatosenoticias.com.br\/index.php\/2020\/05\/15\/astronomos-encontram-superterra-proxima-ao-centro-da-via-lactea\/#article","isPartOf":{"@id":"https:\/\/jornalfatosenoticias.com.br\/index.php\/2020\/05\/15\/astronomos-encontram-superterra-proxima-ao-centro-da-via-lactea\/"},"author":{"name":"Luzimara Fernandes","@id":"https:\/\/jornalfatosenoticias.com.br\/#\/schema\/person\/d63837fa13ac8666eb9e74e0985d6f81"},"headline":"Astr\u00f4nomos encontram SuperTerra pr\u00f3xima ao centro da Via L\u00e1ctea","datePublished":"2020-05-15T17:19:25+00:00","dateModified":"2020-05-15T17:19:41+00:00","mainEntityOfPage":{"@id":"https:\/\/jornalfatosenoticias.com.br\/index.php\/2020\/05\/15\/astronomos-encontram-superterra-proxima-ao-centro-da-via-lactea\/"},"wordCount":313,"commentCount":0,"publisher":{"@id":"https:\/\/jornalfatosenoticias.com.br\/#organization"},"image":{"@id":"https:\/\/jornalfatosenoticias.com.br\/index.php\/2020\/05\/15\/astronomos-encontram-superterra-proxima-ao-centro-da-via-lactea\/#primaryimage"},"thumbnailUrl":"https:\/\/jornalfatosenoticias.com.br\/wp-content\/uploads\/2020\/05\/superterra.jpg","keywords":["astros","corpo celeste","estrelas","gal\u00e1xia","Netuno","\u00f3rbita","planeta","Sol","SuperTerra","Terra","V\u00eanus","Via L\u00e1ctea"],"articleSection":["Tecnologia &amp; Inova\u00e7\u00e3o"],"inLanguage":"pt-BR","potentialAction":[{"@type":"CommentAction","name":"Comment","target":["https:\/\/jornalfatosenoticias.com.br\/index.php\/2020\/05\/15\/astronomos-encontram-superterra-proxima-ao-centro-da-via-lactea\/#respond"]}]},{"@type":"WebPage","@id":"https:\/\/jornalfatosenoticias.com.br\/index.php\/2020\/05\/15\/astronomos-encontram-superterra-proxima-ao-centro-da-via-lactea\/","url":"https:\/\/jornalfatosenoticias.com.br\/index.php\/2020\/05\/15\/astronomos-encontram-superterra-proxima-ao-centro-da-via-lactea\/","name":"Astr\u00f4nomos encontram SuperTerra pr\u00f3xima ao centro da Via L\u00e1ctea - Jornal Fatos e Not\u00edcias","isPartOf":{"@id":"https:\/\/jornalfatosenoticias.com.br\/#website"},"primaryImageOfPage":{"@id":"https:\/\/jornalfatosenoticias.com.br\/index.php\/2020\/05\/15\/astronomos-encontram-superterra-proxima-ao-centro-da-via-lactea\/#primaryimage"},"image":{"@id":"https:\/\/jornalfatosenoticias.com.br\/index.php\/2020\/05\/15\/astronomos-encontram-superterra-proxima-ao-centro-da-via-lactea\/#primaryimage"},"thumbnailUrl":"https:\/\/jornalfatosenoticias.com.br\/wp-content\/uploads\/2020\/05\/superterra.jpg","datePublished":"2020-05-15T17:19:25+00:00","dateModified":"2020-05-15T17:19:41+00:00","breadcrumb":{"@id":"https:\/\/jornalfatosenoticias.com.br\/index.php\/2020\/05\/15\/astronomos-encontram-superterra-proxima-ao-centro-da-via-lactea\/#breadcrumb"},"inLanguage":"pt-BR","potentialAction":[{"@type":"ReadAction","target":["https:\/\/jornalfatosenoticias.com.br\/index.php\/2020\/05\/15\/astronomos-encontram-superterra-proxima-ao-centro-da-via-lactea\/"]}]},{"@type":"ImageObject","inLanguage":"pt-BR","@id":"https:\/\/jornalfatosenoticias.com.br\/index.php\/2020\/05\/15\/astronomos-encontram-superterra-proxima-ao-centro-da-via-lactea\/#primaryimage","url":"https:\/\/jornalfatosenoticias.com.br\/wp-content\/uploads\/2020\/05\/superterra.jpg","contentUrl":"https:\/\/jornalfatosenoticias.com.br\/wp-content\/uploads\/2020\/05\/superterra.jpg","width":1000,"height":562},{"@type":"BreadcrumbList","@id":"https:\/\/jornalfatosenoticias.com.br\/index.php\/2020\/05\/15\/astronomos-encontram-superterra-proxima-ao-centro-da-via-lactea\/#breadcrumb","itemListElement":[{"@type":"ListItem","position":1,"name":"In\u00edcio","item":"https:\/\/jornalfatosenoticias.com.br\/"},{"@type":"ListItem","position":2,"name":"Astr\u00f4nomos encontram SuperTerra pr\u00f3xima ao centro da Via L\u00e1ctea"}]},{"@type":"WebSite","@id":"https:\/\/jornalfatosenoticias.com.br\/#website","url":"https:\/\/jornalfatosenoticias.com.br\/","name":"Jornal Fatos e Not\u00edcias","description":"Not\u00edcias em geral","publisher":{"@id":"https:\/\/jornalfatosenoticias.com.br\/#organization"},"potentialAction":[{"@type":"SearchAction","target":{"@type":"EntryPoint","urlTemplate":"https:\/\/jornalfatosenoticias.com.br\/?s={search_term_string}"},"query-input":{"@type":"PropertyValueSpecification","valueRequired":true,"valueName":"search_term_string"}}],"inLanguage":"pt-BR"},{"@type":"Organization","@id":"https:\/\/jornalfatosenoticias.com.br\/#organization","name":"Jornal Fatos e Not\u00edcias","url":"https:\/\/jornalfatosenoticias.com.br\/","logo":{"@type":"ImageObject","inLanguage":"pt-BR","@id":"https:\/\/jornalfatosenoticias.com.br\/#\/schema\/logo\/image\/","url":"https:\/\/jornalfatosenoticias.com.br\/wp-content\/uploads\/2020\/02\/logo120.png","contentUrl":"https:\/\/jornalfatosenoticias.com.br\/wp-content\/uploads\/2020\/02\/logo120.png","width":1227,"height":120,"caption":"Jornal Fatos e Not\u00edcias"},"image":{"@id":"https:\/\/jornalfatosenoticias.com.br\/#\/schema\/logo\/image\/"}},{"@type":"Person","@id":"https:\/\/jornalfatosenoticias.com.br\/#\/schema\/person\/d63837fa13ac8666eb9e74e0985d6f81","name":"Luzimara Fernandes","image":{"@type":"ImageObject","inLanguage":"pt-BR","@id":"https:\/\/jornalfatosenoticias.com.br\/#\/schema\/person\/image\/","url":"https:\/\/jornalfatosenoticias.com.br\/wp-content\/uploads\/2025\/05\/EU_portal.jpg","contentUrl":"https:\/\/jornalfatosenoticias.com.br\/wp-content\/uploads\/2025\/05\/EU_portal.jpg","caption":"Luzimara Fernandes"},"description":"Jornalista MTB 2358-ES","sameAs":["https:\/\/jornalfatosenoticias.com.br"],"url":"https:\/\/jornalfatosenoticias.com.br\/index.php\/author\/luzimara\/"}]}},"cc_featured_image_caption":{"caption_text":"SuperTerra (Foto: Cornell University)","source_text":"","source_url":""},"jetpack_featured_media_url":"https:\/\/jornalfatosenoticias.com.br\/wp-content\/uploads\/2020\/05\/superterra.jpg","_links":{"self":[{"href":"https:\/\/jornalfatosenoticias.com.br\/index.php\/wp-json\/wp\/v2\/posts\/4510","targetHints":{"allow":["GET"]}}],"collection":[{"href":"https:\/\/jornalfatosenoticias.com.br\/index.php\/wp-json\/wp\/v2\/posts"}],"about":[{"href":"https:\/\/jornalfatosenoticias.com.br\/index.php\/wp-json\/wp\/v2\/types\/post"}],"author":[{"embeddable":true,"href":"https:\/\/jornalfatosenoticias.com.br\/index.php\/wp-json\/wp\/v2\/users\/2"}],"replies":[{"embeddable":true,"href":"https:\/\/jornalfatosenoticias.com.br\/index.php\/wp-json\/wp\/v2\/comments?post=4510"}],"version-history":[{"count":0,"href":"https:\/\/jornalfatosenoticias.com.br\/index.php\/wp-json\/wp\/v2\/posts\/4510\/revisions"}],"wp:featuredmedia":[{"embeddable":true,"href":"https:\/\/jornalfatosenoticias.com.br\/index.php\/wp-json\/wp\/v2\/media\/4511"}],"wp:attachment":[{"href":"https:\/\/jornalfatosenoticias.com.br\/index.php\/wp-json\/wp\/v2\/media?parent=4510"}],"wp:term":[{"taxonomy":"category","embeddable":true,"href":"https:\/\/jornalfatosenoticias.com.br\/index.php\/wp-json\/wp\/v2\/categories?post=4510"},{"taxonomy":"post_tag","embeddable":true,"href":"https:\/\/jornalfatosenoticias.com.br\/index.php\/wp-json\/wp\/v2\/tags?post=4510"}],"curies":[{"name":"wp","href":"https:\/\/api.w.org\/{rel}","templated":true}]}}