{"id":45100,"date":"2023-09-13T09:44:12","date_gmt":"2023-09-13T12:44:12","guid":{"rendered":"https:\/\/jornalfatosenoticias.com.br\/?p=45100"},"modified":"2023-09-13T09:44:13","modified_gmt":"2023-09-13T12:44:13","slug":"osteoporose-na-infancia-sinais-de-alerta-e-tratamentos","status":"publish","type":"post","link":"https:\/\/jornalfatosenoticias.com.br\/index.php\/2023\/09\/13\/osteoporose-na-infancia-sinais-de-alerta-e-tratamentos\/","title":{"rendered":"Osteoporose na inf\u00e2ncia: sinais de alerta e tratamentos"},"content":{"rendered":"\n<div class=\"wp-block-image\"><figure class=\"aligncenter size-large\"><img loading=\"lazy\" decoding=\"async\" width=\"729\" height=\"90\" src=\"https:\/\/jornalfatosenoticias.com.br\/wp-content\/uploads\/2020\/02\/Logo_Mizu.png\" alt=\"\" class=\"wp-image-1441\" srcset=\"https:\/\/jornalfatosenoticias.com.br\/wp-content\/uploads\/2020\/02\/Logo_Mizu.png 729w, https:\/\/jornalfatosenoticias.com.br\/wp-content\/uploads\/2020\/02\/Logo_Mizu-300x37.png 300w\" sizes=\"auto, (max-width: 729px) 100vw, 729px\" \/><\/figure><\/div>\n\n\n\n<p>A osteoporose \u00e9 uma condi\u00e7\u00e3o m\u00e9dica caracterizada pela perda de massa \u00f3ssea e deteriora\u00e7\u00e3o da estrutura dos ossos, tornando-os fr\u00e1geis e propensos a fraturas. No entanto, a osteoporose \u00e9 mais comumente em adultos mais velhos, especialmente mulheres p\u00f3s-menopausa e idosos. Isso porque eles possuem diminui\u00e7\u00e3o da densidade \u00f3ssea relacionada ao envelhecimento. A osteoporose na inf\u00e2ncia \u00e9 uma condi\u00e7\u00e3o muito rara, e quando ocorre, geralmente \u00e9 devido a causas subjacentes espec\u00edficas. Entenda mais sobre a condi\u00e7\u00e3o.<br>De acordo com o Dr. Guido de Paula Colares Neto, endocrinologista, as causas da osteoporose na inf\u00e2ncia podem ser divididas em dois grupos: prim\u00e1rias e secund\u00e1rias. As causas prim\u00e1rias incluem a osteog\u00eanese imperfeita, uma doen\u00e7a gen\u00e9tica que resulta em fragilidade \u00f3ssea devido a muta\u00e7\u00f5es nos genes do col\u00e1geno tipo 1, que comp\u00f5em a matriz \u00f3ssea. Isso leva a uma estrutura \u00f3ssea semelhante a uma parede constru\u00edda sem cimento, tornando-a facilmente quebr\u00e1vel.<\/p>\n\n\n\n<div class=\"wp-block-image\"><figure class=\"aligncenter size-large is-resized\"><img loading=\"lazy\" decoding=\"async\" src=\"https:\/\/jornalfatosenoticias.com.br\/wp-content\/uploads\/2022\/10\/Arte-jornal-Zucchi-600x600_Prancheta-1-1024x1024.jpg\" alt=\"\" class=\"wp-image-34782\" width=\"289\" height=\"289\" srcset=\"https:\/\/jornalfatosenoticias.com.br\/wp-content\/uploads\/2022\/10\/Arte-jornal-Zucchi-600x600_Prancheta-1-1024x1024.jpg 1024w, https:\/\/jornalfatosenoticias.com.br\/wp-content\/uploads\/2022\/10\/Arte-jornal-Zucchi-600x600_Prancheta-1-300x300.jpg 300w, https:\/\/jornalfatosenoticias.com.br\/wp-content\/uploads\/2022\/10\/Arte-jornal-Zucchi-600x600_Prancheta-1-150x150.jpg 150w, https:\/\/jornalfatosenoticias.com.br\/wp-content\/uploads\/2022\/10\/Arte-jornal-Zucchi-600x600_Prancheta-1-768x768.jpg 768w, https:\/\/jornalfatosenoticias.com.br\/wp-content\/uploads\/2022\/10\/Arte-jornal-Zucchi-600x600_Prancheta-1.jpg 1250w\" sizes=\"auto, (max-width: 289px) 100vw, 289px\" \/><\/figure><\/div>\n\n\n\n<p>Outra causa prim\u00e1ria \u00e9 a osteoporose idiop\u00e1tica juvenil, que tamb\u00e9m est\u00e1 relacionada a fatores gen\u00e9ticos. Nesse caso, a crian\u00e7a tende a ter fraturas antes da puberdade, mas o quadro melhora quando a puberdade se inicia. No entanto, podem ocorrer deformidades decorrentes das fraturas anteriores, resultando em d\u00e9ficits motores.<\/p>\n\n\n\n<div class=\"wp-block-image\"><figure class=\"aligncenter size-large is-resized\"><img loading=\"lazy\" decoding=\"async\" src=\"https:\/\/jornalfatosenoticias.com.br\/wp-content\/uploads\/2023\/03\/nova-logo-Marquetti.jpg\" alt=\"\" class=\"wp-image-40207\" width=\"319\" height=\"214\" srcset=\"https:\/\/jornalfatosenoticias.com.br\/wp-content\/uploads\/2023\/03\/nova-logo-Marquetti.jpg 643w, https:\/\/jornalfatosenoticias.com.br\/wp-content\/uploads\/2023\/03\/nova-logo-Marquetti-300x202.jpg 300w\" sizes=\"auto, (max-width: 319px) 100vw, 319px\" \/><\/figure><\/div>\n\n\n\n<p>J\u00e1 as causas secund\u00e1rias est\u00e3o relacionadas principalmente ao uso de medicamentos, como glicocorticoides, em crian\u00e7as. O uso prolongado e em doses elevadas desses medicamentos pode levar a uma maior reabsor\u00e7\u00e3o \u00f3ssea e, consequentemente, aumentar o risco de osteoporose.<\/p>\n\n\n\n<div class=\"wp-block-image\"><figure class=\"aligncenter size-large is-resized\"><img loading=\"lazy\" decoding=\"async\" src=\"https:\/\/jornalfatosenoticias.com.br\/wp-content\/uploads\/2022\/02\/Precisao-Contabilidade-1024x724.jpg\" alt=\"\" class=\"wp-image-28088\" width=\"285\" height=\"202\"\/><\/figure><\/div>\n\n\n\n<p>O endocrinologista pedi\u00e1trico salienta que o diagn\u00f3stico da osteoporose infantil inicia-se a partir de fraturas, que s\u00e3o graves e desproporcionais ao mecanismo de trauma. Por exemplo, uma crian\u00e7a pode fraturar o f\u00eamur ao se virar para falar com os pais ou quebrar a t\u00edbia e a f\u00edbula ao cair da pr\u00f3pria altura. Fraturas vertebrais tamb\u00e9m s\u00e3o um sinal, geralmente acompanhadas de dor nas costas e limita\u00e7\u00e3o de atividades, resultando em d\u00e9ficits motores posteriores.<\/p>\n\n\n\n<div class=\"wp-block-image\"><figure class=\"aligncenter size-large\"><img loading=\"lazy\" decoding=\"async\" width=\"300\" height=\"250\" src=\"https:\/\/jornalfatosenoticias.com.br\/wp-content\/uploads\/2020\/02\/Banner-2.png\" alt=\"\" class=\"wp-image-43787\"\/><\/figure><\/div>\n\n\n\n<blockquote class=\"wp-block-quote is-layout-flow wp-block-quote-is-layout-flow\"><p><span class=\"has-inline-color has-luminous-vivid-orange-color\">O diagn\u00f3stico de osteoporose na inf\u00e2ncia ocorre quando h\u00e1 uma fratura vertebral, ou duas fraturas em ossos longos, como \u00famero, r\u00e1dio, f\u00eamur, t\u00edbia e f\u00edbula, antes dos 10 anos ou tr\u00eas fraturas em ossos longos antes dos 19 anos\u201d, menciona o especialista.<\/span><\/p><\/blockquote>\n\n\n\n<div class=\"wp-block-image\"><figure class=\"aligncenter size-large is-resized\"><img loading=\"lazy\" decoding=\"async\" src=\"https:\/\/jornalfatosenoticias.com.br\/wp-content\/uploads\/2023\/07\/lacremoda.jpg\" alt=\"\" class=\"wp-image-43706\" width=\"358\" height=\"200\" srcset=\"https:\/\/jornalfatosenoticias.com.br\/wp-content\/uploads\/2023\/07\/lacremoda.jpg 1024w, https:\/\/jornalfatosenoticias.com.br\/wp-content\/uploads\/2023\/07\/lacremoda-300x168.jpg 300w, https:\/\/jornalfatosenoticias.com.br\/wp-content\/uploads\/2023\/07\/lacremoda-768x431.jpg 768w\" sizes=\"auto, (max-width: 358px) 100vw, 358px\" \/><\/figure><\/div>\n\n\n\n<p>Al\u00e9m disso, existem fatores de risco que aumentam a probabilidade de osteoporose em crian\u00e7as. Isso inclui baixa ingest\u00e3o de c\u00e1lcio ou <a href=\"https:\/\/vitat.com.br\/vitamina-d\/\">vitamina D<\/a>, desnutri\u00e7\u00e3o, uso de anticonvulsivantes que afetam o metabolismo da vitamina D, uso de glicocorticoide que prejudica a absor\u00e7\u00e3o intestinal de c\u00e1lcio, presen\u00e7a de doen\u00e7as cr\u00f4nicas que afetam a absor\u00e7\u00e3o de c\u00e1lcio e f\u00f3sforo, e limita\u00e7\u00e3o de locomo\u00e7\u00e3o, como em casos de doen\u00e7as neurol\u00f3gicas que resultam em baixa atividade f\u00edsica.<\/p>\n\n\n\n<div class=\"wp-block-image\"><figure class=\"aligncenter size-large\"><img loading=\"lazy\" decoding=\"async\" width=\"300\" height=\"300\" src=\"https:\/\/jornalfatosenoticias.com.br\/wp-content\/uploads\/2020\/02\/casa-do-torresmo_portal.jpg\" alt=\"\" class=\"wp-image-34472\" srcset=\"https:\/\/jornalfatosenoticias.com.br\/wp-content\/uploads\/2020\/02\/casa-do-torresmo_portal.jpg 300w, https:\/\/jornalfatosenoticias.com.br\/wp-content\/uploads\/2020\/02\/casa-do-torresmo_portal-150x150.jpg 150w\" sizes=\"auto, (max-width: 300px) 100vw, 300px\" \/><\/figure><\/div>\n\n\n\n<p>Por fim, o tratamento da osteoporose na inf\u00e2ncia e adolesc\u00eancia envolve uma equipe multidisciplinar de especialistas, como endocrinologistas, reumatologistas, ortopedistas, nefrologistas, fisioterapeutas, nutricionistas, assistentes sociais e educadores f\u00edsicos.<\/p>\n\n\n\n<h2 class=\"wp-block-heading\"><span class=\"has-inline-color has-vivid-red-color\">UTILIDADE P\u00daBLICA<\/span><\/h2>\n\n\n\n<div class=\"wp-block-image\"><figure class=\"aligncenter size-large\"><img loading=\"lazy\" decoding=\"async\" width=\"641\" height=\"1000\" src=\"https:\/\/jornalfatosenoticias.com.br\/wp-content\/uploads\/2023\/09\/PESSOA-DESAPARECIDA.jpg\" alt=\"\" class=\"wp-image-45088\" srcset=\"https:\/\/jornalfatosenoticias.com.br\/wp-content\/uploads\/2023\/09\/PESSOA-DESAPARECIDA.jpg 641w, https:\/\/jornalfatosenoticias.com.br\/wp-content\/uploads\/2023\/09\/PESSOA-DESAPARECIDA-192x300.jpg 192w\" sizes=\"auto, (max-width: 641px) 100vw, 641px\" \/><\/figure><\/div>\n\n\n\n<p><strong><em>Fonte: <a href=\"https:\/\/vitat.com.br\/osteoporose-na-infancia\/\">Vitat<\/a><\/em><\/strong><\/p>\n","protected":false},"excerpt":{"rendered":"<p>A osteoporose \u00e9 uma condi\u00e7\u00e3o m\u00e9dica caracterizada pela perda de massa \u00f3ssea e deteriora\u00e7\u00e3o da estrutura dos ossos, tornando-os fr\u00e1geis e propensos a fraturas. No entanto, a osteoporose \u00e9 mais comumente em adultos mais velhos, especialmente mulheres p\u00f3s-menopausa e idosos. Isso porque eles possuem diminui\u00e7\u00e3o da densidade \u00f3ssea relacionada ao envelhecimento. A osteoporose na inf\u00e2ncia [&hellip;]<\/p>\n","protected":false},"author":2,"featured_media":45101,"comment_status":"open","ping_status":"open","sticky":false,"template":"","format":"standard","meta":{"footnotes":""},"categories":[11],"tags":[21249,2607,21250,3327,21247,21248,4200],"class_list":["post-45100","post","type-post","status-publish","format-standard","has-post-thumbnail","hentry","category-saude","tag-deterioracao-da-estrutura-dos-ossos","tag-infancia","tag-ossos-frageis","tag-osteoporose","tag-osteoporose-na-infancia","tag-perda-de-massa-ossea","tag-tratamentos"],"yoast_head":"<!-- This site is optimized with the Yoast SEO plugin v26.5 - https:\/\/yoast.com\/wordpress\/plugins\/seo\/ -->\n<title>Osteoporose na inf\u00e2ncia: sinais de alerta e tratamentos - Jornal Fatos e Not\u00edcias<\/title>\n<meta name=\"robots\" content=\"index, follow, max-snippet:-1, max-image-preview:large, max-video-preview:-1\" \/>\n<link rel=\"canonical\" href=\"https:\/\/jornalfatosenoticias.com.br\/index.php\/2023\/09\/13\/osteoporose-na-infancia-sinais-de-alerta-e-tratamentos\/\" \/>\n<meta property=\"og:locale\" content=\"pt_BR\" \/>\n<meta property=\"og:type\" content=\"article\" \/>\n<meta property=\"og:title\" content=\"Osteoporose na inf\u00e2ncia: sinais de alerta e tratamentos - Jornal Fatos e Not\u00edcias\" \/>\n<meta property=\"og:description\" content=\"A osteoporose \u00e9 uma condi\u00e7\u00e3o m\u00e9dica caracterizada pela perda de massa \u00f3ssea e deteriora\u00e7\u00e3o da estrutura dos ossos, tornando-os fr\u00e1geis e propensos a fraturas. No entanto, a osteoporose \u00e9 mais comumente em adultos mais velhos, especialmente mulheres p\u00f3s-menopausa e idosos. Isso porque eles possuem diminui\u00e7\u00e3o da densidade \u00f3ssea relacionada ao envelhecimento. A osteoporose na inf\u00e2ncia [&hellip;]\" \/>\n<meta property=\"og:url\" content=\"https:\/\/jornalfatosenoticias.com.br\/index.php\/2023\/09\/13\/osteoporose-na-infancia-sinais-de-alerta-e-tratamentos\/\" \/>\n<meta property=\"og:site_name\" content=\"Jornal Fatos e Not\u00edcias\" \/>\n<meta property=\"article:published_time\" content=\"2023-09-13T12:44:12+00:00\" \/>\n<meta property=\"article:modified_time\" content=\"2023-09-13T12:44:13+00:00\" \/>\n<meta property=\"og:image\" content=\"https:\/\/jornalfatosenoticias.com.br\/wp-content\/uploads\/2023\/09\/OSTEOPOROSE-INFANTIL.jpg\" \/>\n\t<meta property=\"og:image:width\" content=\"712\" \/>\n\t<meta property=\"og:image:height\" content=\"474\" \/>\n\t<meta property=\"og:image:type\" content=\"image\/jpeg\" \/>\n<meta name=\"author\" content=\"Luzimara Fernandes\" \/>\n<meta name=\"twitter:card\" content=\"summary_large_image\" \/>\n<meta name=\"twitter:label1\" content=\"Escrito por\" \/>\n\t<meta name=\"twitter:data1\" content=\"Luzimara Fernandes\" \/>\n\t<meta name=\"twitter:label2\" content=\"Est. tempo de leitura\" \/>\n\t<meta name=\"twitter:data2\" content=\"3 minutos\" \/>\n<script type=\"application\/ld+json\" class=\"yoast-schema-graph\">{\"@context\":\"https:\/\/schema.org\",\"@graph\":[{\"@type\":\"Article\",\"@id\":\"https:\/\/jornalfatosenoticias.com.br\/index.php\/2023\/09\/13\/osteoporose-na-infancia-sinais-de-alerta-e-tratamentos\/#article\",\"isPartOf\":{\"@id\":\"https:\/\/jornalfatosenoticias.com.br\/index.php\/2023\/09\/13\/osteoporose-na-infancia-sinais-de-alerta-e-tratamentos\/\"},\"author\":{\"name\":\"Luzimara Fernandes\",\"@id\":\"https:\/\/jornalfatosenoticias.com.br\/#\/schema\/person\/d63837fa13ac8666eb9e74e0985d6f81\"},\"headline\":\"Osteoporose na inf\u00e2ncia: sinais de alerta e tratamentos\",\"datePublished\":\"2023-09-13T12:44:12+00:00\",\"dateModified\":\"2023-09-13T12:44:13+00:00\",\"mainEntityOfPage\":{\"@id\":\"https:\/\/jornalfatosenoticias.com.br\/index.php\/2023\/09\/13\/osteoporose-na-infancia-sinais-de-alerta-e-tratamentos\/\"},\"wordCount\":525,\"commentCount\":0,\"publisher\":{\"@id\":\"https:\/\/jornalfatosenoticias.com.br\/#organization\"},\"image\":{\"@id\":\"https:\/\/jornalfatosenoticias.com.br\/index.php\/2023\/09\/13\/osteoporose-na-infancia-sinais-de-alerta-e-tratamentos\/#primaryimage\"},\"thumbnailUrl\":\"https:\/\/jornalfatosenoticias.com.br\/wp-content\/uploads\/2023\/09\/OSTEOPOROSE-INFANTIL.jpg\",\"keywords\":[\"deteriora\u00e7\u00e3o da estrutura dos ossos\",\"inf\u00e2ncia\",\"ossos fr\u00e1geis\",\"osteoporose\",\"osteoporose na inf\u00e2ncia\",\"perda de massa \u00f3ssea\",\"tratamentos\"],\"articleSection\":[\"Sa\u00fade\"],\"inLanguage\":\"pt-BR\",\"potentialAction\":[{\"@type\":\"CommentAction\",\"name\":\"Comment\",\"target\":[\"https:\/\/jornalfatosenoticias.com.br\/index.php\/2023\/09\/13\/osteoporose-na-infancia-sinais-de-alerta-e-tratamentos\/#respond\"]}]},{\"@type\":\"WebPage\",\"@id\":\"https:\/\/jornalfatosenoticias.com.br\/index.php\/2023\/09\/13\/osteoporose-na-infancia-sinais-de-alerta-e-tratamentos\/\",\"url\":\"https:\/\/jornalfatosenoticias.com.br\/index.php\/2023\/09\/13\/osteoporose-na-infancia-sinais-de-alerta-e-tratamentos\/\",\"name\":\"Osteoporose na inf\u00e2ncia: sinais de alerta e tratamentos - Jornal Fatos e Not\u00edcias\",\"isPartOf\":{\"@id\":\"https:\/\/jornalfatosenoticias.com.br\/#website\"},\"primaryImageOfPage\":{\"@id\":\"https:\/\/jornalfatosenoticias.com.br\/index.php\/2023\/09\/13\/osteoporose-na-infancia-sinais-de-alerta-e-tratamentos\/#primaryimage\"},\"image\":{\"@id\":\"https:\/\/jornalfatosenoticias.com.br\/index.php\/2023\/09\/13\/osteoporose-na-infancia-sinais-de-alerta-e-tratamentos\/#primaryimage\"},\"thumbnailUrl\":\"https:\/\/jornalfatosenoticias.com.br\/wp-content\/uploads\/2023\/09\/OSTEOPOROSE-INFANTIL.jpg\",\"datePublished\":\"2023-09-13T12:44:12+00:00\",\"dateModified\":\"2023-09-13T12:44:13+00:00\",\"breadcrumb\":{\"@id\":\"https:\/\/jornalfatosenoticias.com.br\/index.php\/2023\/09\/13\/osteoporose-na-infancia-sinais-de-alerta-e-tratamentos\/#breadcrumb\"},\"inLanguage\":\"pt-BR\",\"potentialAction\":[{\"@type\":\"ReadAction\",\"target\":[\"https:\/\/jornalfatosenoticias.com.br\/index.php\/2023\/09\/13\/osteoporose-na-infancia-sinais-de-alerta-e-tratamentos\/\"]}]},{\"@type\":\"ImageObject\",\"inLanguage\":\"pt-BR\",\"@id\":\"https:\/\/jornalfatosenoticias.com.br\/index.php\/2023\/09\/13\/osteoporose-na-infancia-sinais-de-alerta-e-tratamentos\/#primaryimage\",\"url\":\"https:\/\/jornalfatosenoticias.com.br\/wp-content\/uploads\/2023\/09\/OSTEOPOROSE-INFANTIL.jpg\",\"contentUrl\":\"https:\/\/jornalfatosenoticias.com.br\/wp-content\/uploads\/2023\/09\/OSTEOPOROSE-INFANTIL.jpg\",\"width\":712,\"height\":474,\"caption\":\"Kid Osteoporosis And Traumatology Pain Check. Child Orthopedist And Neurologist\"},{\"@type\":\"BreadcrumbList\",\"@id\":\"https:\/\/jornalfatosenoticias.com.br\/index.php\/2023\/09\/13\/osteoporose-na-infancia-sinais-de-alerta-e-tratamentos\/#breadcrumb\",\"itemListElement\":[{\"@type\":\"ListItem\",\"position\":1,\"name\":\"In\u00edcio\",\"item\":\"https:\/\/jornalfatosenoticias.com.br\/\"},{\"@type\":\"ListItem\",\"position\":2,\"name\":\"Osteoporose na inf\u00e2ncia: sinais de alerta e tratamentos\"}]},{\"@type\":\"WebSite\",\"@id\":\"https:\/\/jornalfatosenoticias.com.br\/#website\",\"url\":\"https:\/\/jornalfatosenoticias.com.br\/\",\"name\":\"Jornal Fatos e Not\u00edcias\",\"description\":\"Not\u00edcias em geral\",\"publisher\":{\"@id\":\"https:\/\/jornalfatosenoticias.com.br\/#organization\"},\"potentialAction\":[{\"@type\":\"SearchAction\",\"target\":{\"@type\":\"EntryPoint\",\"urlTemplate\":\"https:\/\/jornalfatosenoticias.com.br\/?s={search_term_string}\"},\"query-input\":{\"@type\":\"PropertyValueSpecification\",\"valueRequired\":true,\"valueName\":\"search_term_string\"}}],\"inLanguage\":\"pt-BR\"},{\"@type\":\"Organization\",\"@id\":\"https:\/\/jornalfatosenoticias.com.br\/#organization\",\"name\":\"Jornal Fatos e Not\u00edcias\",\"url\":\"https:\/\/jornalfatosenoticias.com.br\/\",\"logo\":{\"@type\":\"ImageObject\",\"inLanguage\":\"pt-BR\",\"@id\":\"https:\/\/jornalfatosenoticias.com.br\/#\/schema\/logo\/image\/\",\"url\":\"https:\/\/jornalfatosenoticias.com.br\/wp-content\/uploads\/2020\/02\/logo120.png\",\"contentUrl\":\"https:\/\/jornalfatosenoticias.com.br\/wp-content\/uploads\/2020\/02\/logo120.png\",\"width\":1227,\"height\":120,\"caption\":\"Jornal Fatos e Not\u00edcias\"},\"image\":{\"@id\":\"https:\/\/jornalfatosenoticias.com.br\/#\/schema\/logo\/image\/\"}},{\"@type\":\"Person\",\"@id\":\"https:\/\/jornalfatosenoticias.com.br\/#\/schema\/person\/d63837fa13ac8666eb9e74e0985d6f81\",\"name\":\"Luzimara Fernandes\",\"image\":{\"@type\":\"ImageObject\",\"inLanguage\":\"pt-BR\",\"@id\":\"https:\/\/jornalfatosenoticias.com.br\/#\/schema\/person\/image\/\",\"url\":\"https:\/\/jornalfatosenoticias.com.br\/wp-content\/uploads\/2025\/05\/EU_portal.jpg\",\"contentUrl\":\"https:\/\/jornalfatosenoticias.com.br\/wp-content\/uploads\/2025\/05\/EU_portal.jpg\",\"caption\":\"Luzimara Fernandes\"},\"description\":\"Jornalista MTB 2358-ES\",\"sameAs\":[\"https:\/\/jornalfatosenoticias.com.br\"],\"url\":\"https:\/\/jornalfatosenoticias.com.br\/index.php\/author\/luzimara\/\"}]}<\/script>\n<!-- \/ Yoast SEO plugin. -->","yoast_head_json":{"title":"Osteoporose na inf\u00e2ncia: sinais de alerta e tratamentos - Jornal Fatos e Not\u00edcias","robots":{"index":"index","follow":"follow","max-snippet":"max-snippet:-1","max-image-preview":"max-image-preview:large","max-video-preview":"max-video-preview:-1"},"canonical":"https:\/\/jornalfatosenoticias.com.br\/index.php\/2023\/09\/13\/osteoporose-na-infancia-sinais-de-alerta-e-tratamentos\/","og_locale":"pt_BR","og_type":"article","og_title":"Osteoporose na inf\u00e2ncia: sinais de alerta e tratamentos - Jornal Fatos e Not\u00edcias","og_description":"A osteoporose \u00e9 uma condi\u00e7\u00e3o m\u00e9dica caracterizada pela perda de massa \u00f3ssea e deteriora\u00e7\u00e3o da estrutura dos ossos, tornando-os fr\u00e1geis e propensos a fraturas. No entanto, a osteoporose \u00e9 mais comumente em adultos mais velhos, especialmente mulheres p\u00f3s-menopausa e idosos. Isso porque eles possuem diminui\u00e7\u00e3o da densidade \u00f3ssea relacionada ao envelhecimento. A osteoporose na inf\u00e2ncia [&hellip;]","og_url":"https:\/\/jornalfatosenoticias.com.br\/index.php\/2023\/09\/13\/osteoporose-na-infancia-sinais-de-alerta-e-tratamentos\/","og_site_name":"Jornal Fatos e Not\u00edcias","article_published_time":"2023-09-13T12:44:12+00:00","article_modified_time":"2023-09-13T12:44:13+00:00","og_image":[{"width":712,"height":474,"url":"https:\/\/jornalfatosenoticias.com.br\/wp-content\/uploads\/2023\/09\/OSTEOPOROSE-INFANTIL.jpg","type":"image\/jpeg"}],"author":"Luzimara Fernandes","twitter_card":"summary_large_image","twitter_misc":{"Escrito por":"Luzimara Fernandes","Est. tempo de leitura":"3 minutos"},"schema":{"@context":"https:\/\/schema.org","@graph":[{"@type":"Article","@id":"https:\/\/jornalfatosenoticias.com.br\/index.php\/2023\/09\/13\/osteoporose-na-infancia-sinais-de-alerta-e-tratamentos\/#article","isPartOf":{"@id":"https:\/\/jornalfatosenoticias.com.br\/index.php\/2023\/09\/13\/osteoporose-na-infancia-sinais-de-alerta-e-tratamentos\/"},"author":{"name":"Luzimara Fernandes","@id":"https:\/\/jornalfatosenoticias.com.br\/#\/schema\/person\/d63837fa13ac8666eb9e74e0985d6f81"},"headline":"Osteoporose na inf\u00e2ncia: sinais de alerta e tratamentos","datePublished":"2023-09-13T12:44:12+00:00","dateModified":"2023-09-13T12:44:13+00:00","mainEntityOfPage":{"@id":"https:\/\/jornalfatosenoticias.com.br\/index.php\/2023\/09\/13\/osteoporose-na-infancia-sinais-de-alerta-e-tratamentos\/"},"wordCount":525,"commentCount":0,"publisher":{"@id":"https:\/\/jornalfatosenoticias.com.br\/#organization"},"image":{"@id":"https:\/\/jornalfatosenoticias.com.br\/index.php\/2023\/09\/13\/osteoporose-na-infancia-sinais-de-alerta-e-tratamentos\/#primaryimage"},"thumbnailUrl":"https:\/\/jornalfatosenoticias.com.br\/wp-content\/uploads\/2023\/09\/OSTEOPOROSE-INFANTIL.jpg","keywords":["deteriora\u00e7\u00e3o da estrutura dos ossos","inf\u00e2ncia","ossos fr\u00e1geis","osteoporose","osteoporose na inf\u00e2ncia","perda de massa \u00f3ssea","tratamentos"],"articleSection":["Sa\u00fade"],"inLanguage":"pt-BR","potentialAction":[{"@type":"CommentAction","name":"Comment","target":["https:\/\/jornalfatosenoticias.com.br\/index.php\/2023\/09\/13\/osteoporose-na-infancia-sinais-de-alerta-e-tratamentos\/#respond"]}]},{"@type":"WebPage","@id":"https:\/\/jornalfatosenoticias.com.br\/index.php\/2023\/09\/13\/osteoporose-na-infancia-sinais-de-alerta-e-tratamentos\/","url":"https:\/\/jornalfatosenoticias.com.br\/index.php\/2023\/09\/13\/osteoporose-na-infancia-sinais-de-alerta-e-tratamentos\/","name":"Osteoporose na inf\u00e2ncia: sinais de alerta e tratamentos - Jornal Fatos e Not\u00edcias","isPartOf":{"@id":"https:\/\/jornalfatosenoticias.com.br\/#website"},"primaryImageOfPage":{"@id":"https:\/\/jornalfatosenoticias.com.br\/index.php\/2023\/09\/13\/osteoporose-na-infancia-sinais-de-alerta-e-tratamentos\/#primaryimage"},"image":{"@id":"https:\/\/jornalfatosenoticias.com.br\/index.php\/2023\/09\/13\/osteoporose-na-infancia-sinais-de-alerta-e-tratamentos\/#primaryimage"},"thumbnailUrl":"https:\/\/jornalfatosenoticias.com.br\/wp-content\/uploads\/2023\/09\/OSTEOPOROSE-INFANTIL.jpg","datePublished":"2023-09-13T12:44:12+00:00","dateModified":"2023-09-13T12:44:13+00:00","breadcrumb":{"@id":"https:\/\/jornalfatosenoticias.com.br\/index.php\/2023\/09\/13\/osteoporose-na-infancia-sinais-de-alerta-e-tratamentos\/#breadcrumb"},"inLanguage":"pt-BR","potentialAction":[{"@type":"ReadAction","target":["https:\/\/jornalfatosenoticias.com.br\/index.php\/2023\/09\/13\/osteoporose-na-infancia-sinais-de-alerta-e-tratamentos\/"]}]},{"@type":"ImageObject","inLanguage":"pt-BR","@id":"https:\/\/jornalfatosenoticias.com.br\/index.php\/2023\/09\/13\/osteoporose-na-infancia-sinais-de-alerta-e-tratamentos\/#primaryimage","url":"https:\/\/jornalfatosenoticias.com.br\/wp-content\/uploads\/2023\/09\/OSTEOPOROSE-INFANTIL.jpg","contentUrl":"https:\/\/jornalfatosenoticias.com.br\/wp-content\/uploads\/2023\/09\/OSTEOPOROSE-INFANTIL.jpg","width":712,"height":474,"caption":"Kid Osteoporosis And Traumatology Pain Check. Child Orthopedist And Neurologist"},{"@type":"BreadcrumbList","@id":"https:\/\/jornalfatosenoticias.com.br\/index.php\/2023\/09\/13\/osteoporose-na-infancia-sinais-de-alerta-e-tratamentos\/#breadcrumb","itemListElement":[{"@type":"ListItem","position":1,"name":"In\u00edcio","item":"https:\/\/jornalfatosenoticias.com.br\/"},{"@type":"ListItem","position":2,"name":"Osteoporose na inf\u00e2ncia: sinais de alerta e tratamentos"}]},{"@type":"WebSite","@id":"https:\/\/jornalfatosenoticias.com.br\/#website","url":"https:\/\/jornalfatosenoticias.com.br\/","name":"Jornal Fatos e Not\u00edcias","description":"Not\u00edcias em geral","publisher":{"@id":"https:\/\/jornalfatosenoticias.com.br\/#organization"},"potentialAction":[{"@type":"SearchAction","target":{"@type":"EntryPoint","urlTemplate":"https:\/\/jornalfatosenoticias.com.br\/?s={search_term_string}"},"query-input":{"@type":"PropertyValueSpecification","valueRequired":true,"valueName":"search_term_string"}}],"inLanguage":"pt-BR"},{"@type":"Organization","@id":"https:\/\/jornalfatosenoticias.com.br\/#organization","name":"Jornal Fatos e Not\u00edcias","url":"https:\/\/jornalfatosenoticias.com.br\/","logo":{"@type":"ImageObject","inLanguage":"pt-BR","@id":"https:\/\/jornalfatosenoticias.com.br\/#\/schema\/logo\/image\/","url":"https:\/\/jornalfatosenoticias.com.br\/wp-content\/uploads\/2020\/02\/logo120.png","contentUrl":"https:\/\/jornalfatosenoticias.com.br\/wp-content\/uploads\/2020\/02\/logo120.png","width":1227,"height":120,"caption":"Jornal Fatos e Not\u00edcias"},"image":{"@id":"https:\/\/jornalfatosenoticias.com.br\/#\/schema\/logo\/image\/"}},{"@type":"Person","@id":"https:\/\/jornalfatosenoticias.com.br\/#\/schema\/person\/d63837fa13ac8666eb9e74e0985d6f81","name":"Luzimara Fernandes","image":{"@type":"ImageObject","inLanguage":"pt-BR","@id":"https:\/\/jornalfatosenoticias.com.br\/#\/schema\/person\/image\/","url":"https:\/\/jornalfatosenoticias.com.br\/wp-content\/uploads\/2025\/05\/EU_portal.jpg","contentUrl":"https:\/\/jornalfatosenoticias.com.br\/wp-content\/uploads\/2025\/05\/EU_portal.jpg","caption":"Luzimara Fernandes"},"description":"Jornalista MTB 2358-ES","sameAs":["https:\/\/jornalfatosenoticias.com.br"],"url":"https:\/\/jornalfatosenoticias.com.br\/index.php\/author\/luzimara\/"}]}},"cc_featured_image_caption":{"caption_text":"(Foto: iStock) ","source_text":"","source_url":""},"jetpack_featured_media_url":"https:\/\/jornalfatosenoticias.com.br\/wp-content\/uploads\/2023\/09\/OSTEOPOROSE-INFANTIL.jpg","_links":{"self":[{"href":"https:\/\/jornalfatosenoticias.com.br\/index.php\/wp-json\/wp\/v2\/posts\/45100","targetHints":{"allow":["GET"]}}],"collection":[{"href":"https:\/\/jornalfatosenoticias.com.br\/index.php\/wp-json\/wp\/v2\/posts"}],"about":[{"href":"https:\/\/jornalfatosenoticias.com.br\/index.php\/wp-json\/wp\/v2\/types\/post"}],"author":[{"embeddable":true,"href":"https:\/\/jornalfatosenoticias.com.br\/index.php\/wp-json\/wp\/v2\/users\/2"}],"replies":[{"embeddable":true,"href":"https:\/\/jornalfatosenoticias.com.br\/index.php\/wp-json\/wp\/v2\/comments?post=45100"}],"version-history":[{"count":0,"href":"https:\/\/jornalfatosenoticias.com.br\/index.php\/wp-json\/wp\/v2\/posts\/45100\/revisions"}],"wp:featuredmedia":[{"embeddable":true,"href":"https:\/\/jornalfatosenoticias.com.br\/index.php\/wp-json\/wp\/v2\/media\/45101"}],"wp:attachment":[{"href":"https:\/\/jornalfatosenoticias.com.br\/index.php\/wp-json\/wp\/v2\/media?parent=45100"}],"wp:term":[{"taxonomy":"category","embeddable":true,"href":"https:\/\/jornalfatosenoticias.com.br\/index.php\/wp-json\/wp\/v2\/categories?post=45100"},{"taxonomy":"post_tag","embeddable":true,"href":"https:\/\/jornalfatosenoticias.com.br\/index.php\/wp-json\/wp\/v2\/tags?post=45100"}],"curies":[{"name":"wp","href":"https:\/\/api.w.org\/{rel}","templated":true}]}}