{"id":45110,"date":"2023-09-13T10:24:37","date_gmt":"2023-09-13T13:24:37","guid":{"rendered":"https:\/\/jornalfatosenoticias.com.br\/?p=45110"},"modified":"2023-09-13T10:24:37","modified_gmt":"2023-09-13T13:24:37","slug":"como-funcionava-o-departamento-de-propina-da-odebrecht","status":"publish","type":"post","link":"https:\/\/jornalfatosenoticias.com.br\/index.php\/2023\/09\/13\/como-funcionava-o-departamento-de-propina-da-odebrecht\/","title":{"rendered":"Como funcionava o departamento de propina da Odebrecht"},"content":{"rendered":"\n<p><em><span class=\"has-inline-color has-black-color\">Marcelo Odebrechet, ent\u00e3o presidente da empresa, em depoimento a deputados, em 2017<\/span><\/em><\/p>\n\n\n\n<p><em><span class=\"has-inline-color has-black-color\">Por <strong>Guilherme Voitch<\/strong><\/span><\/em><\/p>\n\n\n\n<div class=\"wp-block-image\"><figure class=\"aligncenter size-large\"><img loading=\"lazy\" decoding=\"async\" width=\"300\" height=\"137\" src=\"https:\/\/jornalfatosenoticias.com.br\/wp-content\/uploads\/2023\/06\/LOGO_JULIANA-GRACA_PORTAL.jpg\" alt=\"\" class=\"wp-image-42597\"\/><\/figure><\/div>\n\n\n\n<p>Parece que foi h\u00e1 s\u00e9culos, mas quando a Lava Jato vivia seu auge, entre 2016 e 2018, uma pergunta sempre aparecia nas discuss\u00f5es sobre o car\u00e1ter pol\u00edtico das investiga\u00e7\u00f5es. \u201cMas por acaso a corrup\u00e7\u00e3o surgiu agora? Antes n\u00e3o havia corrup\u00e7\u00e3o?\u201d. A resposta mais honesta parece ser aquela dada pelo pr\u00f3prio Em\u00edlio Odebrecht, o patrono da empresa, em sua dela\u00e7\u00e3o premiada firmada com o Minist\u00e9rio P\u00fablico Federal.<\/p>\n\n\n\n<blockquote class=\"wp-block-quote is-layout-flow wp-block-quote-is-layout-flow\"><p><span class=\"has-inline-color has-luminous-vivid-orange-color\">O que n\u00f3s temos no Brasil, n\u00e3o \u00e9 um neg\u00f3cio de cinco anos, dez anos atr\u00e1s. N\u00f3s estamos falando de 30 anos atr\u00e1s. Ent\u00e3o, tudo que est\u00e1 acontecendo era um neg\u00f3cio institucionalizado. Era uma coisa normal&#8221;.<\/span><\/p><\/blockquote>\n\n\n\n<p>A corrup\u00e7\u00e3o, portanto, como atesta o senso comum, n\u00e3o surgiu com a Odebrecht. No Pa\u00eds, o pagamento de propina a funcion\u00e1rios p\u00fablicos para a obten\u00e7\u00e3o de vantagens remete ao Brasil Col\u00f4nia e \u00e9 assunto para historiadores e soci\u00f3logos. Fato \u00e9 que nos anos recentes, em especial a partir do regime militar, as empreiteiras passaram a ser parceiras de primeira hora de boa parte da classe pol\u00edtica.<\/p>\n\n\n\n<div class=\"wp-block-image\"><figure class=\"aligncenter size-large is-resized\"><img loading=\"lazy\" decoding=\"async\" src=\"https:\/\/jornalfatosenoticias.com.br\/wp-content\/uploads\/2023\/08\/ITH.jpeg\" alt=\"\" class=\"wp-image-44638\" width=\"352\" height=\"286\" srcset=\"https:\/\/jornalfatosenoticias.com.br\/wp-content\/uploads\/2023\/08\/ITH.jpeg 800w, https:\/\/jornalfatosenoticias.com.br\/wp-content\/uploads\/2023\/08\/ITH-300x244.jpeg 300w, https:\/\/jornalfatosenoticias.com.br\/wp-content\/uploads\/2023\/08\/ITH-768x624.jpeg 768w\" sizes=\"auto, (max-width: 352px) 100vw, 352px\" \/><\/figure><\/div>\n\n\n\n<p>J\u00e1 em 1979, Norberto Odebretch, pai de Em\u00edlio, sentava-se numa cadeira do Senado para dar explica\u00e7\u00f5es a uma CPI que investigava irregularidades na constru\u00e7\u00e3o do complexo nuclear de Angra. Com a redemocratiza\u00e7\u00e3o, a rela\u00e7\u00e3o das empresas com o poder pol\u00edtico tornou-se simbi\u00f3tica. Elas passaram a ser as principais doadoras de campanhas eleitorais, por dentro e por fora, e dividiam em um pequeno clube as grandes obras p\u00fablicas do Pa\u00eds.<\/p>\n\n\n\n<div class=\"wp-block-image\"><figure class=\"aligncenter size-large\"><img decoding=\"async\" src=\"https:\/\/jornalfatosenoticias.com.br\/wp-content\/uploads\/2020\/02\/barao-das-carnes-300x164-1.jpg\" alt=\"\" class=\"wp-image-34339\"\/><\/figure><\/div>\n\n\n\n<p>A rela\u00e7\u00e3o prom\u00edscua acabava, de tempos em tempos, sendo colocada \u00e0 prova. Em 1993, houve o esc\u00e2ndalo do or\u00e7amento. J\u00e1 \u00e0 \u00e9poca ficava claro que o dinheiro das empreiteiras, al\u00e9m de financiar campanhas, servia para enriquecimento de deputados e senadores. Uma CPI chegou a ser instalada no Congresso para investigar 37 parlamentares. Seis acabaram cassados.<\/p>\n\n\n\n<div class=\"wp-block-image\"><figure class=\"aligncenter size-large\"><img loading=\"lazy\" decoding=\"async\" width=\"300\" height=\"250\" src=\"https:\/\/jornalfatosenoticias.com.br\/wp-content\/uploads\/2022\/02\/FERRARI_MAQUINAS-E-FERRAMENTAS2.jpg\" alt=\"\" class=\"wp-image-27860\"\/><\/figure><\/div>\n\n\n\n<p>Em 2009 as empreiteiras voltariam \u00e0 berlinda. A Pol\u00edcia Federal e o Minist\u00e9rio P\u00fablico deflagraram a Opera\u00e7\u00e3o Castelo de Areia, uma investiga\u00e7\u00e3o que apontava a rela\u00e7\u00e3o il\u00edcita de uma s\u00e9rie de pol\u00edticos com a empreiteira Camargo Correia. A opera\u00e7\u00e3o acabaria anulada por tr\u00eas votos a um pela Sexta Turma do Superior Tribunal de Justi\u00e7a (STJ), com o argumento de que a opera\u00e7\u00e3o teria se iniciado a partir de uma den\u00fancia an\u00f4nima.<\/p>\n\n\n\n<div class=\"wp-block-image\"><figure class=\"aligncenter size-large is-resized\"><img loading=\"lazy\" decoding=\"async\" src=\"https:\/\/jornalfatosenoticias.com.br\/wp-content\/uploads\/2023\/09\/vetorvix1024_1.jpg\" alt=\"\" class=\"wp-image-44868\" width=\"464\" height=\"123\" srcset=\"https:\/\/jornalfatosenoticias.com.br\/wp-content\/uploads\/2023\/09\/vetorvix1024_1.jpg 1024w, https:\/\/jornalfatosenoticias.com.br\/wp-content\/uploads\/2023\/09\/vetorvix1024_1-300x80.jpg 300w, https:\/\/jornalfatosenoticias.com.br\/wp-content\/uploads\/2023\/09\/vetorvix1024_1-768x205.jpg 768w\" sizes=\"auto, (max-width: 464px) 100vw, 464px\" \/><\/figure><\/div>\n\n\n\n<p><strong><span class=\"has-inline-color has-vivid-red-color\">Arte do m\u00e9todo<br><\/span><\/strong>Se n\u00e3o nasceu nos governos petistas e nem era uma exclusividade da Odebrecht, a corrup\u00e7\u00e3o praticada pela empreiteira nos governos Lula e Dilma Rousseff alcan\u00e7ou grau de refinamento in\u00e9dito, de acordo com a investiga\u00e7\u00e3o do Minist\u00e9rio P\u00fablico Federal. E o que tornou essa corrup\u00e7\u00e3o \u00fanica era o m\u00e9todo. No que era uma esp\u00e9cie de c\u00f3digo de conduta interno, a empresa tinha como regra principal a fideliza\u00e7\u00e3o do seu cliente.<\/p>\n\n\n\n<div class=\"wp-block-image\"><figure class=\"aligncenter size-large\"><img decoding=\"async\" src=\"https:\/\/jornalfatosenoticias.com.br\/wp-content\/uploads\/2020\/02\/logo_esteio.jpg\" alt=\"\" class=\"wp-image-1214\"\/><\/figure><\/div>\n\n\n\n<blockquote class=\"wp-block-quote is-layout-flow wp-block-quote-is-layout-flow\"><p><span class=\"has-inline-color has-luminous-vivid-orange-color\">Aquilo que o cliente quer e precisa, aquilo que esse cliente considera valioso, \u00e9 o decisivo\u201d. O cliente, no caso, n\u00e3o era esse ente distante e impessoal chamado contribuinte. Era, sim, o pr\u00f3prio pol\u00edtico em quest\u00e3o.<\/span><\/p><\/blockquote>\n\n\n\n<div class=\"wp-block-image\"><figure class=\"aligncenter size-large is-resized\"><img loading=\"lazy\" decoding=\"async\" src=\"https:\/\/jornalfatosenoticias.com.br\/wp-content\/uploads\/2023\/08\/Steel.jpeg\" alt=\"\" class=\"wp-image-44634\" width=\"377\" height=\"306\" srcset=\"https:\/\/jornalfatosenoticias.com.br\/wp-content\/uploads\/2023\/08\/Steel.jpeg 800w, https:\/\/jornalfatosenoticias.com.br\/wp-content\/uploads\/2023\/08\/Steel-300x244.jpeg 300w, https:\/\/jornalfatosenoticias.com.br\/wp-content\/uploads\/2023\/08\/Steel-768x624.jpeg 768w\" sizes=\"auto, (max-width: 377px) 100vw, 377px\" \/><\/figure><\/div>\n\n\n\n<p>A fideliza\u00e7\u00e3o odebrechtiana era um processo longo e complexo. A empresa monitorava pol\u00edticos promissores e se aproximava deles. Executivos e lobistas da empresa eram escolhidos para a tarefa de acordo com o perfil. No caso do Lula, como narra a jornalista Malu Gaspar em seu livro <a href=\"https:\/\/www.amazon.com.br\/organiza%C3%A7%C3%A3o-Odebrecht-esquema-corrup%C3%A7%C3%A3o-chocou-ebook\/dp\/B08LR1VRZR\"><strong>&#8216;A Organiza\u00e7\u00e3o&#8217;<\/strong><\/a> (Companhia das Letras, 2020), a tarefa coube ao pr\u00f3prio Em\u00edlio. Os dois se conheceram em 1985, por interm\u00e9dio do ex-governador de S\u00e3o Paulo M\u00e1rio Covas. \u00c0 \u00e9poca Lula era apenas um l\u00edder metal\u00fargico do ABC Paulista que havia despontado com a campanha pelas Diretas. Em\u00edlio precisava de ajuda para lidar com uma greve em uma das suas plantas e recebeu do tucano a dica para procurar o sindicalista.<\/p>\n\n\n\n<div class=\"wp-block-image\"><figure class=\"aligncenter size-large is-resized\"><img loading=\"lazy\" decoding=\"async\" src=\"https:\/\/jornalfatosenoticias.com.br\/wp-content\/uploads\/2022\/10\/RC_800x750_page-0001.jpg\" alt=\"\" class=\"wp-image-35338\" width=\"331\" height=\"310\" srcset=\"https:\/\/jornalfatosenoticias.com.br\/wp-content\/uploads\/2022\/10\/RC_800x750_page-0001.jpg 400w, https:\/\/jornalfatosenoticias.com.br\/wp-content\/uploads\/2022\/10\/RC_800x750_page-0001-300x281.jpg 300w\" sizes=\"auto, (max-width: 331px) 100vw, 331px\" \/><\/figure><\/div>\n\n\n\n<blockquote class=\"wp-block-quote is-layout-flow wp-block-quote-is-layout-flow\"><p><span class=\"has-inline-color has-luminous-vivid-orange-color\">Tanto Em\u00edlio como Lula gostavam de boa comida, de boa bebida e de boa conversa. Tiveram empatia imediata\u201d, descreve a jornalista. A rela\u00e7\u00e3o dos dois seria ampla e duradoura.<\/span><\/p><\/blockquote>\n\n\n\n<div class=\"wp-block-image\"><figure class=\"aligncenter size-large is-resized\"><img loading=\"lazy\" decoding=\"async\" src=\"https:\/\/jornalfatosenoticias.com.br\/wp-content\/uploads\/2020\/02\/logo-Rapuzel-1024x571.jpg\" alt=\"\" class=\"wp-image-42808\" width=\"390\" height=\"217\" srcset=\"https:\/\/jornalfatosenoticias.com.br\/wp-content\/uploads\/2020\/02\/logo-Rapuzel-1024x571.jpg 1024w, https:\/\/jornalfatosenoticias.com.br\/wp-content\/uploads\/2020\/02\/logo-Rapuzel-300x167.jpg 300w, https:\/\/jornalfatosenoticias.com.br\/wp-content\/uploads\/2020\/02\/logo-Rapuzel-768x428.jpg 768w, https:\/\/jornalfatosenoticias.com.br\/wp-content\/uploads\/2020\/02\/logo-Rapuzel-1536x856.jpg 1536w, https:\/\/jornalfatosenoticias.com.br\/wp-content\/uploads\/2020\/02\/logo-Rapuzel.jpg 1600w\" sizes=\"auto, (max-width: 390px) 100vw, 390px\" \/><\/figure><\/div>\n\n\n\n<p>A Odebrecht, por\u00e9m, nunca rifou ningu\u00e9m. Mesmo nos governos petistas, a empresa tamb\u00e9m financiava os rivais tucanos. O mesmo acontecia nos estados. Pol\u00edticos importantes e \u201cpromissores\u201d tinham seus desejos atendidos, independentemente de partido. O cliente tinha sempre raz\u00e3o, e o investimento dava retorno.<\/p>\n\n\n\n<div class=\"wp-block-image\"><figure class=\"aligncenter size-large\"><img loading=\"lazy\" decoding=\"async\" width=\"300\" height=\"300\" src=\"https:\/\/jornalfatosenoticias.com.br\/wp-content\/uploads\/2020\/02\/casa-do-torresmo_portal.jpg\" alt=\"\" class=\"wp-image-34472\" srcset=\"https:\/\/jornalfatosenoticias.com.br\/wp-content\/uploads\/2020\/02\/casa-do-torresmo_portal.jpg 300w, https:\/\/jornalfatosenoticias.com.br\/wp-content\/uploads\/2020\/02\/casa-do-torresmo_portal-150x150.jpg 150w\" sizes=\"auto, (max-width: 300px) 100vw, 300px\" \/><\/figure><\/div>\n\n\n\n<p>Turbinado pela bonan\u00e7a da economia, pelo PAC e pelos investimentos dos estados, o volume de neg\u00f3cios da empreiteira decolava. As velhas planilhas de excel utilizadas para a contabilidade dos pagamentos aos pol\u00edticos eram ao mesmo tempo disfuncionais e nada seguras. Era preciso uma moderniza\u00e7\u00e3o do sistema.<\/p>\n\n\n\n<div class=\"wp-block-image\"><figure class=\"aligncenter size-large is-resized\"><img loading=\"lazy\" decoding=\"async\" src=\"https:\/\/jornalfatosenoticias.com.br\/wp-content\/uploads\/2023\/07\/lacremoda.jpg\" alt=\"\" class=\"wp-image-43706\" width=\"368\" height=\"206\" srcset=\"https:\/\/jornalfatosenoticias.com.br\/wp-content\/uploads\/2023\/07\/lacremoda.jpg 1024w, https:\/\/jornalfatosenoticias.com.br\/wp-content\/uploads\/2023\/07\/lacremoda-300x168.jpg 300w, https:\/\/jornalfatosenoticias.com.br\/wp-content\/uploads\/2023\/07\/lacremoda-768x431.jpg 768w\" sizes=\"auto, (max-width: 368px) 100vw, 368px\" \/><\/figure><\/div>\n\n\n\n<p><strong><span class=\"has-inline-color has-vivid-red-color\">Linha de produ\u00e7\u00e3o da corrup\u00e7\u00e3o<br><\/span><\/strong>Ela veio com o pomposo nome de Departamento de Opera\u00e7\u00f5es Estruturadas. Com o Departamento, foi criado um sistema pr\u00f3prio de pagamentos, independente da rede principal da empreiteira. O sistema, batizado de My Web Day do B, dava acesso a n\u00famero limitado de funcion\u00e1rios, todos escolhidos a dedo por Marcelo Odebrecht, filho de Em\u00edlio e j\u00e1 nessa \u00e9poca homem forte da empresa. Na sequ\u00eancia, veio o Drousys, uma vers\u00e3o ainda mais moderna que permitia a troca de mensagens criptografadas entre os usu\u00e1rios, identificados por apelidos, por meio de chats e e-mails.<\/p>\n\n\n\n<div class=\"wp-block-image\"><figure class=\"aligncenter size-large\"><img loading=\"lazy\" decoding=\"async\" width=\"300\" height=\"250\" src=\"https:\/\/jornalfatosenoticias.com.br\/wp-content\/uploads\/2022\/08\/arte-Casarao.jpg\" alt=\"\" class=\"wp-image-33178\"\/><\/figure><\/div>\n\n\n\n<p>Com ele, a equipe do Departamento visualizava a \u201cconta\u201d de cada pol\u00edtico, identificado por um codinome, e o centro de custos dos pagamentos, isto \u00e9, a \u00e1rea de neg\u00f3cios da empreiteira respons\u00e1vel pela negocia\u00e7\u00e3o. O servidor que hospedava o sistema foi tirado do Brasil e levado primeiro para Angola e depois para a Su\u00ed\u00e7a.<\/p>\n\n\n\n<div class=\"wp-block-image\"><figure class=\"aligncenter size-large is-resized\"><img loading=\"lazy\" decoding=\"async\" src=\"https:\/\/jornalfatosenoticias.com.br\/wp-content\/uploads\/2023\/03\/nova-logo-Marquetti.jpg\" alt=\"\" class=\"wp-image-40207\" width=\"319\" height=\"215\" srcset=\"https:\/\/jornalfatosenoticias.com.br\/wp-content\/uploads\/2023\/03\/nova-logo-Marquetti.jpg 643w, https:\/\/jornalfatosenoticias.com.br\/wp-content\/uploads\/2023\/03\/nova-logo-Marquetti-300x202.jpg 300w\" sizes=\"auto, (max-width: 319px) 100vw, 319px\" \/><\/figure><\/div>\n\n\n\n<p>Os sustos tomados anteriormente, em experi\u00eancias como a CPI do Or\u00e7amento e a Opera\u00e7\u00e3o Castelo de Areia tamb\u00e9m aperfei\u00e7oaram o fluxo do dinheiro. Os pagamentos passavam por uma intricada rede de contas e <em>offshores<\/em> espalhadas por diferentes pa\u00edses. A linha de produ\u00e7\u00e3o da corrup\u00e7\u00e3o envolvia uma s\u00e9rie de processos, intermediadores e gestores.<\/p>\n\n\n\n<div class=\"wp-block-image\"><figure class=\"aligncenter size-large is-resized\"><img loading=\"lazy\" decoding=\"async\" src=\"https:\/\/jornalfatosenoticias.com.br\/wp-content\/uploads\/2020\/02\/CONTROL-CS.jpg\" alt=\"\" class=\"wp-image-44991\" width=\"314\" height=\"376\" srcset=\"https:\/\/jornalfatosenoticias.com.br\/wp-content\/uploads\/2020\/02\/CONTROL-CS.jpg 834w, https:\/\/jornalfatosenoticias.com.br\/wp-content\/uploads\/2020\/02\/CONTROL-CS-250x300.jpg 250w, https:\/\/jornalfatosenoticias.com.br\/wp-content\/uploads\/2020\/02\/CONTROL-CS-768x921.jpg 768w\" sizes=\"auto, (max-width: 314px) 100vw, 314px\" \/><\/figure><\/div>\n\n\n\n<p>A mudan\u00e7a iniciada em 2005 seria finalizada em 2010. Nesse meio tempo, a magnitude dos pagamentos continuaria a exigir solu\u00e7\u00f5es engenhosas da burocracia que tocava a m\u00e1quina de corrup\u00e7\u00e3o da Odebrecht. A empreitaria iria adquirir um banco em Ant\u00edgua, no Caribe, e se aliar uma cervejaria, em uma parceria que envolvia sonega\u00e7\u00e3o de impostos e lavagem de dinheiro.<\/p>\n\n\n\n<div class=\"wp-block-image\"><figure class=\"aligncenter size-large is-resized\"><img loading=\"lazy\" decoding=\"async\" src=\"https:\/\/jornalfatosenoticias.com.br\/wp-content\/uploads\/2023\/08\/LOGO-BLU-COMERCIAL-PRETO-1024x600.jpg\" alt=\"\" class=\"wp-image-44053\" width=\"356\" height=\"208\"\/><\/figure><\/div>\n\n\n\n<p>Em seu acordo de leni\u00eancia e nos acordos de colabora\u00e7\u00e3o premiada dos seus executivos, a empresa admitiu os crimes e inclusive forneceu acesso ao sistema de pagamento da propina. A negocia\u00e7\u00e3o dos acordos ocorreu em um hotel de luxo em Bras\u00edlia, com a maioria dos executivos soltos e auxiliados por uma tropa de choque que contava com alguns dos mais bem pagos criminalistas brasileiros.<\/p>\n\n\n\n<div class=\"wp-block-image\"><figure class=\"aligncenter size-large\"><img loading=\"lazy\" decoding=\"async\" width=\"300\" height=\"250\" src=\"https:\/\/jornalfatosenoticias.com.br\/wp-content\/uploads\/2020\/02\/Banner-2.png\" alt=\"\" class=\"wp-image-43787\"\/><\/figure><\/div>\n\n\n\n<p>Na \u00faltima semana, por\u00e9m, o <a href=\"https:\/\/www.gazetadopovo.com.br\/republica\/toffoli-anula-provas-acordo-odebrecht-diz-prisao-lula-erro-judiciario\/?ref=link-interno-materia?ref=link-interno-materia\">ministro Dias Toffoli anulou o acordo e considerou todas as provas obtidas com ela como imprest\u00e1veis.<\/a> O ministro recuperou uma tese surgida com a chamada Vaza Jato, de que os HDs da empreiteira teriam sido transportados em sacolas, \u201csem qualquer cuidado quanto \u00e0 sua adequada preserva\u00e7\u00e3o\u201d.\u00a0Afirmou ainda que os acordos de colabora\u00e7\u00e3o firmados com autoridades estrangeiras n\u00e3o teriam seguidos os tr\u00e2mites necess\u00e1rios. N\u00e3o h\u00e1 men\u00e7\u00e3o ao m\u00e9rito dos crimes admitidos pela empreiteira.<\/p>\n\n\n\n<h2 class=\"wp-block-heading\"><span class=\"has-inline-color has-vivid-red-color\">UTILIDADE P\u00daBLICA<\/span><\/h2>\n\n\n\n<div class=\"wp-block-image\"><figure class=\"aligncenter size-large\"><img loading=\"lazy\" decoding=\"async\" width=\"641\" height=\"1000\" src=\"https:\/\/jornalfatosenoticias.com.br\/wp-content\/uploads\/2023\/09\/PESSOA-DESAPARECIDA.jpg\" alt=\"\" class=\"wp-image-45088\" srcset=\"https:\/\/jornalfatosenoticias.com.br\/wp-content\/uploads\/2023\/09\/PESSOA-DESAPARECIDA.jpg 641w, https:\/\/jornalfatosenoticias.com.br\/wp-content\/uploads\/2023\/09\/PESSOA-DESAPARECIDA-192x300.jpg 192w\" sizes=\"auto, (max-width: 641px) 100vw, 641px\" \/><\/figure><\/div>\n\n\n\n<p><strong><em>Fonte: <a href=\"https:\/\/www.gazetadopovo.com.br\/ideias\/como-funcionava-o-departamento-de-propina-da-odebrecht\/\">Gazeta do Povo<\/a><\/em><\/strong><\/p>\n","protected":false},"excerpt":{"rendered":"<p>Marcelo Odebrechet, ent\u00e3o presidente da empresa, em depoimento a deputados, em 2017 Por Guilherme Voitch Parece que foi h\u00e1 s\u00e9culos, mas quando a Lava Jato vivia seu auge, entre 2016 e 2018, uma pergunta sempre aparecia nas discuss\u00f5es sobre o car\u00e1ter pol\u00edtico das investiga\u00e7\u00f5es. \u201cMas por acaso a corrup\u00e7\u00e3o surgiu agora? Antes n\u00e3o havia corrup\u00e7\u00e3o?\u201d. [&hellip;]<\/p>\n","protected":false},"author":2,"featured_media":45111,"comment_status":"open","ping_status":"open","sticky":false,"template":"","format":"standard","meta":{"footnotes":""},"categories":[10],"tags":[2129,10242,21258,21259,16744,21260],"class_list":["post-45110","post","type-post","status-publish","format-standard","has-post-thumbnail","hentry","category-politica","tag-corrupcao","tag-corrupcao-sistemica","tag-desvios-de-dinheiro-publico","tag-empreiteiras","tag-farra-com-o-dinheiro-publico","tag-metodo-da-corrupcao"],"yoast_head":"<!-- This site is optimized with the Yoast SEO plugin v26.5 - https:\/\/yoast.com\/wordpress\/plugins\/seo\/ -->\n<title>Como funcionava o departamento de propina da Odebrecht - Jornal Fatos e Not\u00edcias<\/title>\n<meta name=\"robots\" content=\"index, follow, max-snippet:-1, max-image-preview:large, max-video-preview:-1\" \/>\n<link rel=\"canonical\" href=\"https:\/\/jornalfatosenoticias.com.br\/index.php\/2023\/09\/13\/como-funcionava-o-departamento-de-propina-da-odebrecht\/\" \/>\n<meta property=\"og:locale\" content=\"pt_BR\" \/>\n<meta property=\"og:type\" content=\"article\" \/>\n<meta property=\"og:title\" content=\"Como funcionava o departamento de propina da Odebrecht - Jornal Fatos e Not\u00edcias\" \/>\n<meta property=\"og:description\" content=\"Marcelo Odebrechet, ent\u00e3o presidente da empresa, em depoimento a deputados, em 2017 Por Guilherme Voitch Parece que foi h\u00e1 s\u00e9culos, mas quando a Lava Jato vivia seu auge, entre 2016 e 2018, uma pergunta sempre aparecia nas discuss\u00f5es sobre o car\u00e1ter pol\u00edtico das investiga\u00e7\u00f5es. \u201cMas por acaso a corrup\u00e7\u00e3o surgiu agora? Antes n\u00e3o havia corrup\u00e7\u00e3o?\u201d. [&hellip;]\" \/>\n<meta property=\"og:url\" content=\"https:\/\/jornalfatosenoticias.com.br\/index.php\/2023\/09\/13\/como-funcionava-o-departamento-de-propina-da-odebrecht\/\" \/>\n<meta property=\"og:site_name\" content=\"Jornal Fatos e Not\u00edcias\" \/>\n<meta property=\"article:published_time\" content=\"2023-09-13T13:24:37+00:00\" \/>\n<meta property=\"og:image\" content=\"https:\/\/jornalfatosenoticias.com.br\/wp-content\/uploads\/2023\/09\/Marcelo-Odebrecht.jpg\" \/>\n\t<meta property=\"og:image:width\" content=\"960\" \/>\n\t<meta property=\"og:image:height\" content=\"540\" \/>\n\t<meta property=\"og:image:type\" content=\"image\/jpeg\" \/>\n<meta name=\"author\" content=\"Luzimara Fernandes\" \/>\n<meta name=\"twitter:card\" content=\"summary_large_image\" \/>\n<meta name=\"twitter:label1\" content=\"Escrito por\" \/>\n\t<meta name=\"twitter:data1\" content=\"Luzimara Fernandes\" \/>\n\t<meta name=\"twitter:label2\" content=\"Est. tempo de leitura\" \/>\n\t<meta name=\"twitter:data2\" content=\"6 minutos\" \/>\n<script type=\"application\/ld+json\" class=\"yoast-schema-graph\">{\"@context\":\"https:\/\/schema.org\",\"@graph\":[{\"@type\":\"Article\",\"@id\":\"https:\/\/jornalfatosenoticias.com.br\/index.php\/2023\/09\/13\/como-funcionava-o-departamento-de-propina-da-odebrecht\/#article\",\"isPartOf\":{\"@id\":\"https:\/\/jornalfatosenoticias.com.br\/index.php\/2023\/09\/13\/como-funcionava-o-departamento-de-propina-da-odebrecht\/\"},\"author\":{\"name\":\"Luzimara Fernandes\",\"@id\":\"https:\/\/jornalfatosenoticias.com.br\/#\/schema\/person\/d63837fa13ac8666eb9e74e0985d6f81\"},\"headline\":\"Como funcionava o departamento de propina da Odebrecht\",\"datePublished\":\"2023-09-13T13:24:37+00:00\",\"mainEntityOfPage\":{\"@id\":\"https:\/\/jornalfatosenoticias.com.br\/index.php\/2023\/09\/13\/como-funcionava-o-departamento-de-propina-da-odebrecht\/\"},\"wordCount\":1257,\"commentCount\":0,\"publisher\":{\"@id\":\"https:\/\/jornalfatosenoticias.com.br\/#organization\"},\"image\":{\"@id\":\"https:\/\/jornalfatosenoticias.com.br\/index.php\/2023\/09\/13\/como-funcionava-o-departamento-de-propina-da-odebrecht\/#primaryimage\"},\"thumbnailUrl\":\"https:\/\/jornalfatosenoticias.com.br\/wp-content\/uploads\/2023\/09\/Marcelo-Odebrecht.jpg\",\"keywords\":[\"corrup\u00e7\u00e3o\",\"corrup\u00e7\u00e3o sist\u00eamica\",\"desvios de dinheiro p\u00fablico\",\"empreiteiras\",\"farra com o dinheiro p\u00fablico\",\"m\u00e9todo da corrup\u00e7\u00e3o\"],\"articleSection\":[\"Pol\u00edtica\"],\"inLanguage\":\"pt-BR\",\"potentialAction\":[{\"@type\":\"CommentAction\",\"name\":\"Comment\",\"target\":[\"https:\/\/jornalfatosenoticias.com.br\/index.php\/2023\/09\/13\/como-funcionava-o-departamento-de-propina-da-odebrecht\/#respond\"]}]},{\"@type\":\"WebPage\",\"@id\":\"https:\/\/jornalfatosenoticias.com.br\/index.php\/2023\/09\/13\/como-funcionava-o-departamento-de-propina-da-odebrecht\/\",\"url\":\"https:\/\/jornalfatosenoticias.com.br\/index.php\/2023\/09\/13\/como-funcionava-o-departamento-de-propina-da-odebrecht\/\",\"name\":\"Como funcionava o departamento de propina da Odebrecht - Jornal Fatos e Not\u00edcias\",\"isPartOf\":{\"@id\":\"https:\/\/jornalfatosenoticias.com.br\/#website\"},\"primaryImageOfPage\":{\"@id\":\"https:\/\/jornalfatosenoticias.com.br\/index.php\/2023\/09\/13\/como-funcionava-o-departamento-de-propina-da-odebrecht\/#primaryimage\"},\"image\":{\"@id\":\"https:\/\/jornalfatosenoticias.com.br\/index.php\/2023\/09\/13\/como-funcionava-o-departamento-de-propina-da-odebrecht\/#primaryimage\"},\"thumbnailUrl\":\"https:\/\/jornalfatosenoticias.com.br\/wp-content\/uploads\/2023\/09\/Marcelo-Odebrecht.jpg\",\"datePublished\":\"2023-09-13T13:24:37+00:00\",\"breadcrumb\":{\"@id\":\"https:\/\/jornalfatosenoticias.com.br\/index.php\/2023\/09\/13\/como-funcionava-o-departamento-de-propina-da-odebrecht\/#breadcrumb\"},\"inLanguage\":\"pt-BR\",\"potentialAction\":[{\"@type\":\"ReadAction\",\"target\":[\"https:\/\/jornalfatosenoticias.com.br\/index.php\/2023\/09\/13\/como-funcionava-o-departamento-de-propina-da-odebrecht\/\"]}]},{\"@type\":\"ImageObject\",\"inLanguage\":\"pt-BR\",\"@id\":\"https:\/\/jornalfatosenoticias.com.br\/index.php\/2023\/09\/13\/como-funcionava-o-departamento-de-propina-da-odebrecht\/#primaryimage\",\"url\":\"https:\/\/jornalfatosenoticias.com.br\/wp-content\/uploads\/2023\/09\/Marcelo-Odebrecht.jpg\",\"contentUrl\":\"https:\/\/jornalfatosenoticias.com.br\/wp-content\/uploads\/2023\/09\/Marcelo-Odebrecht.jpg\",\"width\":960,\"height\":540},{\"@type\":\"BreadcrumbList\",\"@id\":\"https:\/\/jornalfatosenoticias.com.br\/index.php\/2023\/09\/13\/como-funcionava-o-departamento-de-propina-da-odebrecht\/#breadcrumb\",\"itemListElement\":[{\"@type\":\"ListItem\",\"position\":1,\"name\":\"In\u00edcio\",\"item\":\"https:\/\/jornalfatosenoticias.com.br\/\"},{\"@type\":\"ListItem\",\"position\":2,\"name\":\"Como funcionava o departamento de propina da Odebrecht\"}]},{\"@type\":\"WebSite\",\"@id\":\"https:\/\/jornalfatosenoticias.com.br\/#website\",\"url\":\"https:\/\/jornalfatosenoticias.com.br\/\",\"name\":\"Jornal Fatos e Not\u00edcias\",\"description\":\"Not\u00edcias em geral\",\"publisher\":{\"@id\":\"https:\/\/jornalfatosenoticias.com.br\/#organization\"},\"potentialAction\":[{\"@type\":\"SearchAction\",\"target\":{\"@type\":\"EntryPoint\",\"urlTemplate\":\"https:\/\/jornalfatosenoticias.com.br\/?s={search_term_string}\"},\"query-input\":{\"@type\":\"PropertyValueSpecification\",\"valueRequired\":true,\"valueName\":\"search_term_string\"}}],\"inLanguage\":\"pt-BR\"},{\"@type\":\"Organization\",\"@id\":\"https:\/\/jornalfatosenoticias.com.br\/#organization\",\"name\":\"Jornal Fatos e Not\u00edcias\",\"url\":\"https:\/\/jornalfatosenoticias.com.br\/\",\"logo\":{\"@type\":\"ImageObject\",\"inLanguage\":\"pt-BR\",\"@id\":\"https:\/\/jornalfatosenoticias.com.br\/#\/schema\/logo\/image\/\",\"url\":\"https:\/\/jornalfatosenoticias.com.br\/wp-content\/uploads\/2020\/02\/logo120.png\",\"contentUrl\":\"https:\/\/jornalfatosenoticias.com.br\/wp-content\/uploads\/2020\/02\/logo120.png\",\"width\":1227,\"height\":120,\"caption\":\"Jornal Fatos e Not\u00edcias\"},\"image\":{\"@id\":\"https:\/\/jornalfatosenoticias.com.br\/#\/schema\/logo\/image\/\"}},{\"@type\":\"Person\",\"@id\":\"https:\/\/jornalfatosenoticias.com.br\/#\/schema\/person\/d63837fa13ac8666eb9e74e0985d6f81\",\"name\":\"Luzimara Fernandes\",\"image\":{\"@type\":\"ImageObject\",\"inLanguage\":\"pt-BR\",\"@id\":\"https:\/\/jornalfatosenoticias.com.br\/#\/schema\/person\/image\/\",\"url\":\"https:\/\/jornalfatosenoticias.com.br\/wp-content\/uploads\/2025\/05\/EU_portal.jpg\",\"contentUrl\":\"https:\/\/jornalfatosenoticias.com.br\/wp-content\/uploads\/2025\/05\/EU_portal.jpg\",\"caption\":\"Luzimara Fernandes\"},\"description\":\"Jornalista MTB 2358-ES\",\"sameAs\":[\"https:\/\/jornalfatosenoticias.com.br\"],\"url\":\"https:\/\/jornalfatosenoticias.com.br\/index.php\/author\/luzimara\/\"}]}<\/script>\n<!-- \/ Yoast SEO plugin. -->","yoast_head_json":{"title":"Como funcionava o departamento de propina da Odebrecht - Jornal Fatos e Not\u00edcias","robots":{"index":"index","follow":"follow","max-snippet":"max-snippet:-1","max-image-preview":"max-image-preview:large","max-video-preview":"max-video-preview:-1"},"canonical":"https:\/\/jornalfatosenoticias.com.br\/index.php\/2023\/09\/13\/como-funcionava-o-departamento-de-propina-da-odebrecht\/","og_locale":"pt_BR","og_type":"article","og_title":"Como funcionava o departamento de propina da Odebrecht - Jornal Fatos e Not\u00edcias","og_description":"Marcelo Odebrechet, ent\u00e3o presidente da empresa, em depoimento a deputados, em 2017 Por Guilherme Voitch Parece que foi h\u00e1 s\u00e9culos, mas quando a Lava Jato vivia seu auge, entre 2016 e 2018, uma pergunta sempre aparecia nas discuss\u00f5es sobre o car\u00e1ter pol\u00edtico das investiga\u00e7\u00f5es. \u201cMas por acaso a corrup\u00e7\u00e3o surgiu agora? Antes n\u00e3o havia corrup\u00e7\u00e3o?\u201d. [&hellip;]","og_url":"https:\/\/jornalfatosenoticias.com.br\/index.php\/2023\/09\/13\/como-funcionava-o-departamento-de-propina-da-odebrecht\/","og_site_name":"Jornal Fatos e Not\u00edcias","article_published_time":"2023-09-13T13:24:37+00:00","og_image":[{"width":960,"height":540,"url":"https:\/\/jornalfatosenoticias.com.br\/wp-content\/uploads\/2023\/09\/Marcelo-Odebrecht.jpg","type":"image\/jpeg"}],"author":"Luzimara Fernandes","twitter_card":"summary_large_image","twitter_misc":{"Escrito por":"Luzimara Fernandes","Est. tempo de leitura":"6 minutos"},"schema":{"@context":"https:\/\/schema.org","@graph":[{"@type":"Article","@id":"https:\/\/jornalfatosenoticias.com.br\/index.php\/2023\/09\/13\/como-funcionava-o-departamento-de-propina-da-odebrecht\/#article","isPartOf":{"@id":"https:\/\/jornalfatosenoticias.com.br\/index.php\/2023\/09\/13\/como-funcionava-o-departamento-de-propina-da-odebrecht\/"},"author":{"name":"Luzimara Fernandes","@id":"https:\/\/jornalfatosenoticias.com.br\/#\/schema\/person\/d63837fa13ac8666eb9e74e0985d6f81"},"headline":"Como funcionava o departamento de propina da Odebrecht","datePublished":"2023-09-13T13:24:37+00:00","mainEntityOfPage":{"@id":"https:\/\/jornalfatosenoticias.com.br\/index.php\/2023\/09\/13\/como-funcionava-o-departamento-de-propina-da-odebrecht\/"},"wordCount":1257,"commentCount":0,"publisher":{"@id":"https:\/\/jornalfatosenoticias.com.br\/#organization"},"image":{"@id":"https:\/\/jornalfatosenoticias.com.br\/index.php\/2023\/09\/13\/como-funcionava-o-departamento-de-propina-da-odebrecht\/#primaryimage"},"thumbnailUrl":"https:\/\/jornalfatosenoticias.com.br\/wp-content\/uploads\/2023\/09\/Marcelo-Odebrecht.jpg","keywords":["corrup\u00e7\u00e3o","corrup\u00e7\u00e3o sist\u00eamica","desvios de dinheiro p\u00fablico","empreiteiras","farra com o dinheiro p\u00fablico","m\u00e9todo da corrup\u00e7\u00e3o"],"articleSection":["Pol\u00edtica"],"inLanguage":"pt-BR","potentialAction":[{"@type":"CommentAction","name":"Comment","target":["https:\/\/jornalfatosenoticias.com.br\/index.php\/2023\/09\/13\/como-funcionava-o-departamento-de-propina-da-odebrecht\/#respond"]}]},{"@type":"WebPage","@id":"https:\/\/jornalfatosenoticias.com.br\/index.php\/2023\/09\/13\/como-funcionava-o-departamento-de-propina-da-odebrecht\/","url":"https:\/\/jornalfatosenoticias.com.br\/index.php\/2023\/09\/13\/como-funcionava-o-departamento-de-propina-da-odebrecht\/","name":"Como funcionava o departamento de propina da Odebrecht - Jornal Fatos e Not\u00edcias","isPartOf":{"@id":"https:\/\/jornalfatosenoticias.com.br\/#website"},"primaryImageOfPage":{"@id":"https:\/\/jornalfatosenoticias.com.br\/index.php\/2023\/09\/13\/como-funcionava-o-departamento-de-propina-da-odebrecht\/#primaryimage"},"image":{"@id":"https:\/\/jornalfatosenoticias.com.br\/index.php\/2023\/09\/13\/como-funcionava-o-departamento-de-propina-da-odebrecht\/#primaryimage"},"thumbnailUrl":"https:\/\/jornalfatosenoticias.com.br\/wp-content\/uploads\/2023\/09\/Marcelo-Odebrecht.jpg","datePublished":"2023-09-13T13:24:37+00:00","breadcrumb":{"@id":"https:\/\/jornalfatosenoticias.com.br\/index.php\/2023\/09\/13\/como-funcionava-o-departamento-de-propina-da-odebrecht\/#breadcrumb"},"inLanguage":"pt-BR","potentialAction":[{"@type":"ReadAction","target":["https:\/\/jornalfatosenoticias.com.br\/index.php\/2023\/09\/13\/como-funcionava-o-departamento-de-propina-da-odebrecht\/"]}]},{"@type":"ImageObject","inLanguage":"pt-BR","@id":"https:\/\/jornalfatosenoticias.com.br\/index.php\/2023\/09\/13\/como-funcionava-o-departamento-de-propina-da-odebrecht\/#primaryimage","url":"https:\/\/jornalfatosenoticias.com.br\/wp-content\/uploads\/2023\/09\/Marcelo-Odebrecht.jpg","contentUrl":"https:\/\/jornalfatosenoticias.com.br\/wp-content\/uploads\/2023\/09\/Marcelo-Odebrecht.jpg","width":960,"height":540},{"@type":"BreadcrumbList","@id":"https:\/\/jornalfatosenoticias.com.br\/index.php\/2023\/09\/13\/como-funcionava-o-departamento-de-propina-da-odebrecht\/#breadcrumb","itemListElement":[{"@type":"ListItem","position":1,"name":"In\u00edcio","item":"https:\/\/jornalfatosenoticias.com.br\/"},{"@type":"ListItem","position":2,"name":"Como funcionava o departamento de propina da Odebrecht"}]},{"@type":"WebSite","@id":"https:\/\/jornalfatosenoticias.com.br\/#website","url":"https:\/\/jornalfatosenoticias.com.br\/","name":"Jornal Fatos e Not\u00edcias","description":"Not\u00edcias em geral","publisher":{"@id":"https:\/\/jornalfatosenoticias.com.br\/#organization"},"potentialAction":[{"@type":"SearchAction","target":{"@type":"EntryPoint","urlTemplate":"https:\/\/jornalfatosenoticias.com.br\/?s={search_term_string}"},"query-input":{"@type":"PropertyValueSpecification","valueRequired":true,"valueName":"search_term_string"}}],"inLanguage":"pt-BR"},{"@type":"Organization","@id":"https:\/\/jornalfatosenoticias.com.br\/#organization","name":"Jornal Fatos e Not\u00edcias","url":"https:\/\/jornalfatosenoticias.com.br\/","logo":{"@type":"ImageObject","inLanguage":"pt-BR","@id":"https:\/\/jornalfatosenoticias.com.br\/#\/schema\/logo\/image\/","url":"https:\/\/jornalfatosenoticias.com.br\/wp-content\/uploads\/2020\/02\/logo120.png","contentUrl":"https:\/\/jornalfatosenoticias.com.br\/wp-content\/uploads\/2020\/02\/logo120.png","width":1227,"height":120,"caption":"Jornal Fatos e Not\u00edcias"},"image":{"@id":"https:\/\/jornalfatosenoticias.com.br\/#\/schema\/logo\/image\/"}},{"@type":"Person","@id":"https:\/\/jornalfatosenoticias.com.br\/#\/schema\/person\/d63837fa13ac8666eb9e74e0985d6f81","name":"Luzimara Fernandes","image":{"@type":"ImageObject","inLanguage":"pt-BR","@id":"https:\/\/jornalfatosenoticias.com.br\/#\/schema\/person\/image\/","url":"https:\/\/jornalfatosenoticias.com.br\/wp-content\/uploads\/2025\/05\/EU_portal.jpg","contentUrl":"https:\/\/jornalfatosenoticias.com.br\/wp-content\/uploads\/2025\/05\/EU_portal.jpg","caption":"Luzimara Fernandes"},"description":"Jornalista MTB 2358-ES","sameAs":["https:\/\/jornalfatosenoticias.com.br"],"url":"https:\/\/jornalfatosenoticias.com.br\/index.php\/author\/luzimara\/"}]}},"cc_featured_image_caption":{"caption_text":"(Foto: Arquivo Gazeta do Povo)","source_text":"","source_url":""},"jetpack_featured_media_url":"https:\/\/jornalfatosenoticias.com.br\/wp-content\/uploads\/2023\/09\/Marcelo-Odebrecht.jpg","_links":{"self":[{"href":"https:\/\/jornalfatosenoticias.com.br\/index.php\/wp-json\/wp\/v2\/posts\/45110","targetHints":{"allow":["GET"]}}],"collection":[{"href":"https:\/\/jornalfatosenoticias.com.br\/index.php\/wp-json\/wp\/v2\/posts"}],"about":[{"href":"https:\/\/jornalfatosenoticias.com.br\/index.php\/wp-json\/wp\/v2\/types\/post"}],"author":[{"embeddable":true,"href":"https:\/\/jornalfatosenoticias.com.br\/index.php\/wp-json\/wp\/v2\/users\/2"}],"replies":[{"embeddable":true,"href":"https:\/\/jornalfatosenoticias.com.br\/index.php\/wp-json\/wp\/v2\/comments?post=45110"}],"version-history":[{"count":0,"href":"https:\/\/jornalfatosenoticias.com.br\/index.php\/wp-json\/wp\/v2\/posts\/45110\/revisions"}],"wp:featuredmedia":[{"embeddable":true,"href":"https:\/\/jornalfatosenoticias.com.br\/index.php\/wp-json\/wp\/v2\/media\/45111"}],"wp:attachment":[{"href":"https:\/\/jornalfatosenoticias.com.br\/index.php\/wp-json\/wp\/v2\/media?parent=45110"}],"wp:term":[{"taxonomy":"category","embeddable":true,"href":"https:\/\/jornalfatosenoticias.com.br\/index.php\/wp-json\/wp\/v2\/categories?post=45110"},{"taxonomy":"post_tag","embeddable":true,"href":"https:\/\/jornalfatosenoticias.com.br\/index.php\/wp-json\/wp\/v2\/tags?post=45110"}],"curies":[{"name":"wp","href":"https:\/\/api.w.org\/{rel}","templated":true}]}}