{"id":45113,"date":"2023-09-13T10:46:08","date_gmt":"2023-09-13T13:46:08","guid":{"rendered":"https:\/\/jornalfatosenoticias.com.br\/?p=45113"},"modified":"2023-09-13T10:46:09","modified_gmt":"2023-09-13T13:46:09","slug":"divida-de-us-13-bi-da-venezuela-nao-foi-paga-apos-oito-meses-de-lula-no-poder","status":"publish","type":"post","link":"https:\/\/jornalfatosenoticias.com.br\/index.php\/2023\/09\/13\/divida-de-us-13-bi-da-venezuela-nao-foi-paga-apos-oito-meses-de-lula-no-poder\/","title":{"rendered":"D\u00edvida de US$ 1,3 bi da Venezuela n\u00e3o foi paga ap\u00f3s oito meses de Lula no poder"},"content":{"rendered":"\n<p><em><span class=\"has-inline-color has-black-color\">Por <strong><a href=\"https:\/\/www.gazetadopovo.com.br\/autor\/carinne-souza\/\">Carinne Souza<\/a><\/strong><\/span><\/em><\/p>\n\n\n\n<div class=\"wp-block-image\"><figure class=\"aligncenter size-large\"><img loading=\"lazy\" decoding=\"async\" width=\"729\" height=\"90\" src=\"https:\/\/jornalfatosenoticias.com.br\/wp-content\/uploads\/2020\/02\/Logo_Mizu.png\" alt=\"\" class=\"wp-image-1441\" srcset=\"https:\/\/jornalfatosenoticias.com.br\/wp-content\/uploads\/2020\/02\/Logo_Mizu.png 729w, https:\/\/jornalfatosenoticias.com.br\/wp-content\/uploads\/2020\/02\/Logo_Mizu-300x37.png 300w\" sizes=\"auto, (max-width: 729px) 100vw, 729px\" \/><\/figure><\/div>\n\n\n\n<p>A Venezuela, pa\u00eds do ditador <a href=\"https:\/\/www.gazetadopovo.com.br\/republica\/a-ficha-de-crimes-de-maduro-que-lula-chama-de-narrativa\/?ref=link-interno-materia\">Nicol\u00e1s Maduro,<\/a> tem uma d\u00edvida atualizada de aproximadamente US$ 1,3 bilh\u00e3o com o Brasil e ainda n\u00e3o fez nenhuma sinaliza\u00e7\u00e3o de que ir\u00e1 fazer o pagamento aos cofres brasileiros nestes oito meses desde que <a href=\"https:\/\/www.gazetadopovo.com.br\/tudo-sobre\/lula\/?ref=link-interno-materia\">Luiz In\u00e1cio Lula da Silva<\/a> (PT) assumiu o terceiro mandato. O montante se mant\u00e9m e cada vez soma mais juros. De acordo com o Minist\u00e9rio da Fazenda brasileiro, do total da d\u00edvida, at\u00e9 o m\u00eas de julho, US$ 200 milh\u00f5es s\u00e3o de juros morat\u00f3rios.<br>Em algumas declara\u00e7\u00f5es, Lula chegou a dizer que a d\u00edvida n\u00e3o foi paga por Maduro porque o ex-presidente Jair Bolsonaro (PL) cortou as rela\u00e7\u00f5es bilaterais entre os dois pa\u00edses.<\/p>\n\n\n\n<div class=\"wp-block-image\"><figure class=\"aligncenter size-large is-resized\"><img loading=\"lazy\" decoding=\"async\" src=\"https:\/\/jornalfatosenoticias.com.br\/wp-content\/uploads\/2022\/02\/Precisao-Contabilidade-1024x724.jpg\" alt=\"\" class=\"wp-image-28088\" width=\"340\" height=\"240\"\/><\/figure><\/div>\n\n\n\n<blockquote class=\"wp-block-quote is-layout-flow wp-block-quote-is-layout-flow\"><p><span class=\"has-inline-color has-luminous-vivid-orange-color\">Vamos ser francos. Os pa\u00edses que n\u00e3o pagaram, seja Cuba ou Venezuela, \u00e9 porque o [ex-]presidente [Bolsonaro] resolveu cortar rela\u00e7\u00e3o internacional com esses pa\u00edses e para n\u00e3o cobrar e poder ficar nos acusando, deixou de cobrar e tenho certeza que no nosso governo esses pa\u00edses v\u00e3o pagar, porque s\u00e3o todos amigos do Brasil e, certamente, pagar\u00e3o a d\u00edvida que t\u00eam com o BNDES\u201d, disse o petista em fevereiro.<\/span><\/p><\/blockquote>\n\n\n\n<div class=\"wp-block-image\"><figure class=\"aligncenter size-large is-resized\"><img loading=\"lazy\" decoding=\"async\" src=\"https:\/\/jornalfatosenoticias.com.br\/wp-content\/uploads\/2020\/02\/logo-Rapuzel-1024x571.jpg\" alt=\"\" class=\"wp-image-42808\" width=\"370\" height=\"206\" srcset=\"https:\/\/jornalfatosenoticias.com.br\/wp-content\/uploads\/2020\/02\/logo-Rapuzel-1024x571.jpg 1024w, https:\/\/jornalfatosenoticias.com.br\/wp-content\/uploads\/2020\/02\/logo-Rapuzel-300x167.jpg 300w, https:\/\/jornalfatosenoticias.com.br\/wp-content\/uploads\/2020\/02\/logo-Rapuzel-768x428.jpg 768w, https:\/\/jornalfatosenoticias.com.br\/wp-content\/uploads\/2020\/02\/logo-Rapuzel-1536x856.jpg 1536w, https:\/\/jornalfatosenoticias.com.br\/wp-content\/uploads\/2020\/02\/logo-Rapuzel.jpg 1600w\" sizes=\"auto, (max-width: 370px) 100vw, 370px\" \/><\/figure><\/div>\n\n\n\n<p>H\u00e1 cerca de tr\u00eas meses, o <a href=\"https:\/\/www.gazetadopovo.com.br\/republica\/lula-recebe-ditador-da-venezuela-e-presidentes-sul-americanos-em-serie-de-reunioes-no-brasil\/?ref=link-interno-materia\">mandat\u00e1rio brasileiro recebeu o ditador venezuelano em Bras\u00edlia<\/a> \u2014 a primeira visita de Maduro ao Brasil depois de oito anos. Na ocasi\u00e3o, Lula afirmou que retomaria as reuni\u00f5es para negociar o montante devido pela Venezuela. As negocia\u00e7\u00f5es, por\u00e9m, nunca chegaram a um acordo.<br>Durante a visita de Maduro ao Brasil, o autocrata venezuelano foi recebido com honrarias de chefe de Estado por Lula. <\/p>\n\n\n\n<div class=\"wp-block-image\"><figure class=\"aligncenter size-large\"><img loading=\"lazy\" decoding=\"async\" width=\"300\" height=\"250\" src=\"https:\/\/jornalfatosenoticias.com.br\/wp-content\/uploads\/2022\/02\/FERRARI_MAQUINAS-E-FERRAMENTAS2.jpg\" alt=\"\" class=\"wp-image-27860\"\/><\/figure><\/div>\n\n\n\n<p>O encontro tamb\u00e9m rendeu uma extensa declara\u00e7\u00e3o com o intuito de restabelecer os di\u00e1logos entre os dois pa\u00edses. Em tese, o Brasil tem cumprido sua parte do acordo em restabelecer a rela\u00e7\u00e3o bilateral com o pa\u00eds vizinho. A Venezuela, por outro lado, tem adiado reuni\u00f5es para discutir a negocia\u00e7\u00e3o da d\u00edvida. As tratativas t\u00eam sido conduzidas pelo Minist\u00e9rio da Fazenda.<br>Em maio, uma equipe da Ag\u00eancia Brasileira de Coopera\u00e7\u00e3o (ABC) foi enviada ao pa\u00eds para &#8220;identificar, de comum acordo, novos poss\u00edveis temas para o programa de coopera\u00e7\u00e3o bilateral [entre os dois pa\u00edses] no per\u00edodo 2023-2025&#8221;.<\/p>\n\n\n\n<div class=\"wp-block-image\"><figure class=\"aligncenter size-large is-resized\"><img loading=\"lazy\" decoding=\"async\" src=\"https:\/\/jornalfatosenoticias.com.br\/wp-content\/uploads\/2023\/08\/ITH.jpeg\" alt=\"\" class=\"wp-image-44638\" width=\"335\" height=\"272\" srcset=\"https:\/\/jornalfatosenoticias.com.br\/wp-content\/uploads\/2023\/08\/ITH.jpeg 800w, https:\/\/jornalfatosenoticias.com.br\/wp-content\/uploads\/2023\/08\/ITH-300x244.jpeg 300w, https:\/\/jornalfatosenoticias.com.br\/wp-content\/uploads\/2023\/08\/ITH-768x624.jpeg 768w\" sizes=\"auto, (max-width: 335px) 100vw, 335px\" \/><\/figure><\/div>\n\n\n\n<p>Conforme apurou a <strong>Gazeta do Povo <\/strong>com membros do Pal\u00e1cio do Itamaraty, <a href=\"https:\/\/www.gazetadopovo.com.br\/republica\/governo-lula-envia-equipe-a-venezuela\/?ref=link-interno-materia\">equipes da ABC promovem &#8220;coopera\u00e7\u00e3o t\u00e9cnica&#8221; no pa\u00eds<\/a>. Trabalhos desse tipo acontecem com todos os pa\u00edses da Am\u00e9rica do Sul e envolvem &#8220;desde ajudar a estabelecer uma f\u00e1brica de rem\u00e9dios na \u00c1frica at\u00e9 ensinar a plantar algod\u00e3o em algum pa\u00eds que n\u00e3o tinha isso&#8221;.<\/p>\n\n\n\n<div class=\"wp-block-image\"><figure class=\"aligncenter size-large\"><img decoding=\"async\" src=\"https:\/\/jornalfatosenoticias.com.br\/wp-content\/uploads\/2020\/02\/logo_esteio.jpg\" alt=\"\" class=\"wp-image-1214\"\/><\/figure><\/div>\n\n\n\n<blockquote class=\"wp-block-quote is-layout-flow wp-block-quote-is-layout-flow\"><p><span class=\"has-inline-color has-luminous-vivid-orange-color\">Com esses pa\u00edses vizinhos do Brasil, tem muito projeto de coopera\u00e7\u00e3o, \u00e9 natural. Temos mais capacidade t\u00e9cnica em muitas \u00e1reas, por sermos um pa\u00eds maior, com mais institucionalidade&#8221;, informou um interlocutor do governo. &#8220;A gente n\u00e3o faz como os pa\u00edses desenvolvidos, EUA, Jap\u00e3o, os europeus, que v\u00e3o l\u00e1 e d\u00e3o dinheiro para o outro pa\u00eds. O que a gente faz \u00e9 mandar, por exemplo, um grupo de t\u00e9cnicos da Embrapa para ensinar alguma coisa para a agricultura do outro pa\u00eds&#8221;, exemplifica.<\/span><\/p><\/blockquote>\n\n\n\n<div class=\"wp-block-image\"><figure class=\"aligncenter size-large is-resized\"><img loading=\"lazy\" decoding=\"async\" src=\"https:\/\/jornalfatosenoticias.com.br\/wp-content\/uploads\/2023\/08\/BKR-1024x1021.jpg\" alt=\"\" class=\"wp-image-44494\" width=\"274\" height=\"273\" srcset=\"https:\/\/jornalfatosenoticias.com.br\/wp-content\/uploads\/2023\/08\/BKR-1024x1021.jpg 1024w, https:\/\/jornalfatosenoticias.com.br\/wp-content\/uploads\/2023\/08\/BKR-300x300.jpg 300w, https:\/\/jornalfatosenoticias.com.br\/wp-content\/uploads\/2023\/08\/BKR-150x150.jpg 150w, https:\/\/jornalfatosenoticias.com.br\/wp-content\/uploads\/2023\/08\/BKR-768x766.jpg 768w, https:\/\/jornalfatosenoticias.com.br\/wp-content\/uploads\/2023\/08\/BKR.jpg 1080w\" sizes=\"auto, (max-width: 274px) 100vw, 274px\" \/><\/figure><\/div>\n\n\n\n<p>Procurado, o Minist\u00e9rio das Rela\u00e7\u00f5es Exteriores n\u00e3o respondeu ao questionamento da reportagem sobre o que tem sido feito especificamente na Venezuela. O espa\u00e7o segue aberto para manifesta\u00e7\u00e3o.<\/p>\n\n\n\n<p><span class=\"has-inline-color has-vivid-red-color\"><strong>Venezuela tem se esquivado das negocia\u00e7\u00f5es<br><\/strong><\/span>Durante a passagem por Bras\u00edlia, Maduro afirmou que seu pa\u00eds &#8220;estabeleceria uma comiss\u00e3o para apurar o tamanho da d\u00edvida&#8221; com o Brasil. A partir disso, ainda ficou estabelecido que os minist\u00e9rios da Fazenda de ambos os pa\u00edses iniciariam as negocia\u00e7\u00f5es para quitar o valor devido e criar uma &#8220;reprograma\u00e7\u00e3o\u00a0dos pagamentos&#8221;.<\/p>\n\n\n\n<div class=\"wp-block-image\"><figure class=\"aligncenter size-large is-resized\"><img loading=\"lazy\" decoding=\"async\" src=\"https:\/\/jornalfatosenoticias.com.br\/wp-content\/uploads\/2023\/08\/Steel.jpeg\" alt=\"\" class=\"wp-image-44634\" width=\"316\" height=\"257\" srcset=\"https:\/\/jornalfatosenoticias.com.br\/wp-content\/uploads\/2023\/08\/Steel.jpeg 800w, https:\/\/jornalfatosenoticias.com.br\/wp-content\/uploads\/2023\/08\/Steel-300x244.jpeg 300w, https:\/\/jornalfatosenoticias.com.br\/wp-content\/uploads\/2023\/08\/Steel-768x624.jpeg 768w\" sizes=\"auto, (max-width: 316px) 100vw, 316px\" \/><\/figure><\/div>\n\n\n\n<p>Mas o governo brasileiro n\u00e3o tem obtido informa\u00e7\u00f5es positivas por parte do pa\u00eds vizinho. De acordo com o Minist\u00e9rio da Fazenda, uma reuni\u00e3o estava prevista para este m\u00eas, mas a Venezuela pediu para adiar o encontro.<br>Segundo informou a pasta, uma mesa t\u00e9cnica foi instalada em julho, dois meses ap\u00f3s a visita de Maduro ao Brasil. Na ocasi\u00e3o, os dois pa\u00edses chegaram ao consenso da d\u00edvida. <\/p>\n\n\n\n<div class=\"wp-block-image\"><figure class=\"aligncenter size-large is-resized\"><img loading=\"lazy\" decoding=\"async\" src=\"https:\/\/jornalfatosenoticias.com.br\/wp-content\/uploads\/2023\/08\/VSM-Group.jpeg\" alt=\"\" class=\"wp-image-44364\" width=\"304\" height=\"304\"\/><\/figure><\/div>\n\n\n\n<p>O governo brasileiro informou que as negocia\u00e7\u00f5es t\u00eam sido tratadas com o ministro Jos\u00e9 Felix Rivas Alvarado, atual ministro de Ind\u00fastrias e Produ\u00e7\u00e3o Nacional da Venezuela.<br>\u00c0 Gazeta do Povo, a pasta ainda informou que j\u00e1 ocorreram dois encontros virtuais para tratar do montante em d\u00edvida. A Fazenda tamb\u00e9m revelou que &#8220;n\u00e3o houve qualquer pedido ou proposta por parte da Venezuela sobre forma ou prazo de pagamento at\u00e9 o momento&#8221;.<\/p>\n\n\n\n<div class=\"wp-block-image\"><figure class=\"aligncenter size-large is-resized\"><img loading=\"lazy\" decoding=\"async\" src=\"https:\/\/jornalfatosenoticias.com.br\/wp-content\/uploads\/2022\/10\/RC_800x750_page-0001.jpg\" alt=\"\" class=\"wp-image-35338\" width=\"296\" height=\"277\" srcset=\"https:\/\/jornalfatosenoticias.com.br\/wp-content\/uploads\/2022\/10\/RC_800x750_page-0001.jpg 400w, https:\/\/jornalfatosenoticias.com.br\/wp-content\/uploads\/2022\/10\/RC_800x750_page-0001-300x281.jpg 300w\" sizes=\"auto, (max-width: 296px) 100vw, 296px\" \/><\/figure><\/div>\n\n\n\n<p><strong><span class=\"has-inline-color has-vivid-red-color\">A d\u00edvida<br><\/span><\/strong>Durante os dois primeiros mandatos de Lula e nos governos de Dilma Rousseff (PT), o chavismo recorreu ao Brasil para financiar algumas obras de infraestrutura em solo venezuelano, como a linha 5 do metr\u00f4 de Caracas e a Usina Sider\u00fargica Nacional. Foram cerca de US$ 1,27 bilh\u00e3o em empr\u00e9stimos feitos pelo Banco Nacional de Desenvolvimento (BNDES).<\/p>\n\n\n\n<div class=\"wp-block-image\"><figure class=\"aligncenter size-large\"><img decoding=\"async\" src=\"https:\/\/jornalfatosenoticias.com.br\/wp-content\/uploads\/2020\/02\/barao-das-carnes-300x164-1.jpg\" alt=\"\" class=\"wp-image-34339\"\/><\/figure><\/div>\n\n\n\n<p>De acordo com o Minist\u00e9rio da Fazenda, a <a href=\"https:\/\/www.gazetadopovo.com.br\/republica\/divida-da-venezuela-com-o-brasil-cresce-e-chega-a-us-12-bilhao-em-atraso\/?ref=link-interno-materia\">d\u00edvida atual do pa\u00eds com o Brasil originou-se de cinco opera\u00e7\u00f5es<\/a>: a linha 5 do metr\u00f4 de Caracas; linha 2 do metr\u00f4 de Los Teques; estaleiro Astialba; Sider\u00fargica Nacional; e venda de aeronaves.<br>Essas obras foram realizadas por empresas brasileiras e o dinheiro foi emprestado por meio delas. O pa\u00eds que contrata a constru\u00e7\u00e3o, no entanto, \u00e9 respons\u00e1vel por devolver o valor emprestado. Em caso de inadimpl\u00eancia, como ocorreu com a Venezuela, o BNDES aciona o Fundo de Garantia \u00e0 Exporta\u00e7\u00e3o (FGE) para receber o valor devido pelo pa\u00eds estrangeiro. A Uni\u00e3o assume a d\u00edvida e o Brasil \u00e9 quem deve passar a cobrar o pa\u00eds devedor.<\/p>\n\n\n\n<div class=\"wp-block-image\"><figure class=\"aligncenter size-large is-resized\"><img loading=\"lazy\" decoding=\"async\" src=\"https:\/\/jornalfatosenoticias.com.br\/wp-content\/uploads\/2022\/10\/Arte-jornal-Zucchi-600x600_Prancheta-1-1024x1024.jpg\" alt=\"\" class=\"wp-image-34782\" width=\"331\" height=\"331\" srcset=\"https:\/\/jornalfatosenoticias.com.br\/wp-content\/uploads\/2022\/10\/Arte-jornal-Zucchi-600x600_Prancheta-1-1024x1024.jpg 1024w, https:\/\/jornalfatosenoticias.com.br\/wp-content\/uploads\/2022\/10\/Arte-jornal-Zucchi-600x600_Prancheta-1-300x300.jpg 300w, https:\/\/jornalfatosenoticias.com.br\/wp-content\/uploads\/2022\/10\/Arte-jornal-Zucchi-600x600_Prancheta-1-150x150.jpg 150w, https:\/\/jornalfatosenoticias.com.br\/wp-content\/uploads\/2022\/10\/Arte-jornal-Zucchi-600x600_Prancheta-1-768x768.jpg 768w, https:\/\/jornalfatosenoticias.com.br\/wp-content\/uploads\/2022\/10\/Arte-jornal-Zucchi-600x600_Prancheta-1.jpg 1250w\" sizes=\"auto, (max-width: 331px) 100vw, 331px\" \/><\/figure><\/div>\n\n\n\n<blockquote class=\"wp-block-quote is-layout-flow wp-block-quote-is-layout-flow\"><p><span class=\"has-inline-color has-luminous-vivid-orange-color\">Em nota, a Fazenda informou que o valor da d\u00edvida, at\u00e9 o m\u00eas de julho, era de US$ 1,3 bilh\u00e3o \u2014 desse montante, US$ 200 milh\u00f5es s\u00e3o de juros morat\u00f3rios. &#8220;Al\u00e9m disso, h\u00e1 uma d\u00edvida vincenda (at\u00e9 final de 2024) de US$ 90 milh\u00f5es&#8221;, completou a pasta. Do total, US$ 1,15 bilh\u00e3o \u00e9 o valor j\u00e1 indenizado pelo Fundo de Garantia \u00e0 Exporta\u00e7\u00e3o. Ou seja, dinheiro que pode ser considerado \u201cpreju\u00edzo\u201d aos cofres p\u00fablicos, j\u00e1 que o fundo \u00e9 mantido com recursos da Uni\u00e3o.<\/span><\/p><\/blockquote>\n\n\n\n<div class=\"wp-block-image\"><figure class=\"aligncenter size-large\"><img loading=\"lazy\" decoding=\"async\" width=\"300\" height=\"137\" src=\"https:\/\/jornalfatosenoticias.com.br\/wp-content\/uploads\/2023\/06\/LOGO_JULIANA-GRACA_PORTAL.jpg\" alt=\"\" class=\"wp-image-42597\"\/><\/figure><\/div>\n\n\n\n<p>Al\u00e9m das opera\u00e7\u00f5es feitas pelo BNDES, houve ainda exporta\u00e7\u00e3o de bens por meio do Conv\u00eanio de Pagamento e Cr\u00e9ditos Rec\u00edprocos da Associa\u00e7\u00e3o Latino-Americana de Integra\u00e7\u00e3o (Aladi): uma para a exporta\u00e7\u00e3o de aeronaves (valor do cr\u00e9dito coberto: US$ 386,3 milh\u00f5es, em 2012); e tr\u00eas para a exporta\u00e7\u00e3o de alimentos congelados (carne bovina, frango, pernil su\u00edno) e l\u00e1cteos (leite em p\u00f3 e margarina). O valor de cr\u00e9dito coberto pelo FGE nessas tr\u00eas opera\u00e7\u00f5es, feitas em 2015 e 2016, \u00e9 de US$ 525 milh\u00f5es.<br>A exporta\u00e7\u00e3o das aeronaves foi feita pela Embraer para a Conviasa, companhia a\u00e9rea estatal venezuelana. J\u00e1 as exporta\u00e7\u00f5es de carne e l\u00e1cteos foram feitas pela empresa aliment\u00edcia <strong><span class=\"has-inline-color has-vivid-red-color\">JBS <\/span><\/strong>\u00e0 Corporaci\u00f3n Venezolana de Comercio Exterior (Corpovex).<\/p>\n\n\n\n<h2 class=\"wp-block-heading\"><span class=\"has-inline-color has-vivid-red-color\">UTILIDADE P\u00daBLICA<\/span><\/h2>\n\n\n\n<div class=\"wp-block-image\"><figure class=\"aligncenter size-large\"><img loading=\"lazy\" decoding=\"async\" width=\"641\" height=\"1000\" src=\"https:\/\/jornalfatosenoticias.com.br\/wp-content\/uploads\/2023\/09\/PESSOA-DESAPARECIDA.jpg\" alt=\"\" class=\"wp-image-45088\" srcset=\"https:\/\/jornalfatosenoticias.com.br\/wp-content\/uploads\/2023\/09\/PESSOA-DESAPARECIDA.jpg 641w, https:\/\/jornalfatosenoticias.com.br\/wp-content\/uploads\/2023\/09\/PESSOA-DESAPARECIDA-192x300.jpg 192w\" sizes=\"auto, (max-width: 641px) 100vw, 641px\" \/><\/figure><\/div>\n\n\n\n<p><strong><em>Fonte: <a href=\"https:\/\/www.gazetadopovo.com.br\/republica\/divida-da-venezuela-com-o-brasil-ainda-nao-foi-paga-apos-8-meses-do-governo-lula\/\">Gazeta do Povo<\/a><\/em><\/strong><\/p>\n","protected":false},"excerpt":{"rendered":"<p>Por Carinne Souza A Venezuela, pa\u00eds do ditador Nicol\u00e1s Maduro, tem uma d\u00edvida atualizada de aproximadamente US$ 1,3 bilh\u00e3o com o Brasil e ainda n\u00e3o fez nenhuma sinaliza\u00e7\u00e3o de que ir\u00e1 fazer o pagamento aos cofres brasileiros nestes oito meses desde que Luiz In\u00e1cio Lula da Silva (PT) assumiu o terceiro mandato. O montante se [&hellip;]<\/p>\n","protected":false},"author":2,"featured_media":45114,"comment_status":"open","ping_status":"open","sticky":false,"template":"","format":"standard","meta":{"footnotes":""},"categories":[9],"tags":[300,597,15003,18157,11880,7580,19097,21261,8605],"class_list":["post-45113","post","type-post","status-publish","format-standard","has-post-thumbnail","hentry","category-economia","tag-bndes","tag-brasil","tag-calote","tag-desgoverno-lula","tag-divida","tag-lula","tag-nicolas-maduro","tag-prejuizo-aos-cofres-publicos","tag-venezuela"],"yoast_head":"<!-- This site is optimized with the Yoast SEO plugin v26.5 - https:\/\/yoast.com\/wordpress\/plugins\/seo\/ -->\n<title>D\u00edvida de US$ 1,3 bi da Venezuela n\u00e3o foi paga ap\u00f3s oito meses de Lula no poder - Jornal Fatos e Not\u00edcias<\/title>\n<meta name=\"robots\" content=\"index, follow, max-snippet:-1, max-image-preview:large, max-video-preview:-1\" \/>\n<link rel=\"canonical\" href=\"https:\/\/jornalfatosenoticias.com.br\/index.php\/2023\/09\/13\/divida-de-us-13-bi-da-venezuela-nao-foi-paga-apos-oito-meses-de-lula-no-poder\/\" \/>\n<meta property=\"og:locale\" content=\"pt_BR\" \/>\n<meta property=\"og:type\" content=\"article\" \/>\n<meta property=\"og:title\" content=\"D\u00edvida de US$ 1,3 bi da Venezuela n\u00e3o foi paga ap\u00f3s oito meses de Lula no poder - Jornal Fatos e Not\u00edcias\" \/>\n<meta property=\"og:description\" content=\"Por Carinne Souza A Venezuela, pa\u00eds do ditador Nicol\u00e1s Maduro, tem uma d\u00edvida atualizada de aproximadamente US$ 1,3 bilh\u00e3o com o Brasil e ainda n\u00e3o fez nenhuma sinaliza\u00e7\u00e3o de que ir\u00e1 fazer o pagamento aos cofres brasileiros nestes oito meses desde que Luiz In\u00e1cio Lula da Silva (PT) assumiu o terceiro mandato. O montante se [&hellip;]\" \/>\n<meta property=\"og:url\" content=\"https:\/\/jornalfatosenoticias.com.br\/index.php\/2023\/09\/13\/divida-de-us-13-bi-da-venezuela-nao-foi-paga-apos-oito-meses-de-lula-no-poder\/\" \/>\n<meta property=\"og:site_name\" content=\"Jornal Fatos e Not\u00edcias\" \/>\n<meta property=\"article:published_time\" content=\"2023-09-13T13:46:08+00:00\" \/>\n<meta property=\"article:modified_time\" content=\"2023-09-13T13:46:09+00:00\" \/>\n<meta property=\"og:image\" content=\"https:\/\/jornalfatosenoticias.com.br\/wp-content\/uploads\/2023\/09\/lula-maduro-calote-brasil.jpg\" \/>\n\t<meta property=\"og:image:width\" content=\"960\" \/>\n\t<meta property=\"og:image:height\" content=\"540\" \/>\n\t<meta property=\"og:image:type\" content=\"image\/jpeg\" \/>\n<meta name=\"author\" content=\"Luzimara Fernandes\" \/>\n<meta name=\"twitter:card\" content=\"summary_large_image\" \/>\n<meta name=\"twitter:label1\" content=\"Escrito por\" \/>\n\t<meta name=\"twitter:data1\" content=\"Luzimara Fernandes\" \/>\n\t<meta name=\"twitter:label2\" content=\"Est. tempo de leitura\" \/>\n\t<meta name=\"twitter:data2\" content=\"6 minutos\" \/>\n<script type=\"application\/ld+json\" class=\"yoast-schema-graph\">{\"@context\":\"https:\/\/schema.org\",\"@graph\":[{\"@type\":\"Article\",\"@id\":\"https:\/\/jornalfatosenoticias.com.br\/index.php\/2023\/09\/13\/divida-de-us-13-bi-da-venezuela-nao-foi-paga-apos-oito-meses-de-lula-no-poder\/#article\",\"isPartOf\":{\"@id\":\"https:\/\/jornalfatosenoticias.com.br\/index.php\/2023\/09\/13\/divida-de-us-13-bi-da-venezuela-nao-foi-paga-apos-oito-meses-de-lula-no-poder\/\"},\"author\":{\"name\":\"Luzimara Fernandes\",\"@id\":\"https:\/\/jornalfatosenoticias.com.br\/#\/schema\/person\/d63837fa13ac8666eb9e74e0985d6f81\"},\"headline\":\"D\u00edvida de US$ 1,3 bi da Venezuela n\u00e3o foi paga ap\u00f3s oito meses de Lula no poder\",\"datePublished\":\"2023-09-13T13:46:08+00:00\",\"dateModified\":\"2023-09-13T13:46:09+00:00\",\"mainEntityOfPage\":{\"@id\":\"https:\/\/jornalfatosenoticias.com.br\/index.php\/2023\/09\/13\/divida-de-us-13-bi-da-venezuela-nao-foi-paga-apos-oito-meses-de-lula-no-poder\/\"},\"wordCount\":1241,\"commentCount\":0,\"publisher\":{\"@id\":\"https:\/\/jornalfatosenoticias.com.br\/#organization\"},\"image\":{\"@id\":\"https:\/\/jornalfatosenoticias.com.br\/index.php\/2023\/09\/13\/divida-de-us-13-bi-da-venezuela-nao-foi-paga-apos-oito-meses-de-lula-no-poder\/#primaryimage\"},\"thumbnailUrl\":\"https:\/\/jornalfatosenoticias.com.br\/wp-content\/uploads\/2023\/09\/lula-maduro-calote-brasil.jpg\",\"keywords\":[\"BNDES\",\"Brasil\",\"calote\",\"desgoverno Lula\",\"d\u00edvida\",\"Lula\",\"Nicol\u00e1s Maduro\",\"preju\u00edzo aos cofres p\u00fablicos\",\"Venezuela\"],\"articleSection\":[\"Economia\"],\"inLanguage\":\"pt-BR\",\"potentialAction\":[{\"@type\":\"CommentAction\",\"name\":\"Comment\",\"target\":[\"https:\/\/jornalfatosenoticias.com.br\/index.php\/2023\/09\/13\/divida-de-us-13-bi-da-venezuela-nao-foi-paga-apos-oito-meses-de-lula-no-poder\/#respond\"]}]},{\"@type\":\"WebPage\",\"@id\":\"https:\/\/jornalfatosenoticias.com.br\/index.php\/2023\/09\/13\/divida-de-us-13-bi-da-venezuela-nao-foi-paga-apos-oito-meses-de-lula-no-poder\/\",\"url\":\"https:\/\/jornalfatosenoticias.com.br\/index.php\/2023\/09\/13\/divida-de-us-13-bi-da-venezuela-nao-foi-paga-apos-oito-meses-de-lula-no-poder\/\",\"name\":\"D\u00edvida de US$ 1,3 bi da Venezuela n\u00e3o foi paga ap\u00f3s oito meses de Lula no poder - Jornal Fatos e Not\u00edcias\",\"isPartOf\":{\"@id\":\"https:\/\/jornalfatosenoticias.com.br\/#website\"},\"primaryImageOfPage\":{\"@id\":\"https:\/\/jornalfatosenoticias.com.br\/index.php\/2023\/09\/13\/divida-de-us-13-bi-da-venezuela-nao-foi-paga-apos-oito-meses-de-lula-no-poder\/#primaryimage\"},\"image\":{\"@id\":\"https:\/\/jornalfatosenoticias.com.br\/index.php\/2023\/09\/13\/divida-de-us-13-bi-da-venezuela-nao-foi-paga-apos-oito-meses-de-lula-no-poder\/#primaryimage\"},\"thumbnailUrl\":\"https:\/\/jornalfatosenoticias.com.br\/wp-content\/uploads\/2023\/09\/lula-maduro-calote-brasil.jpg\",\"datePublished\":\"2023-09-13T13:46:08+00:00\",\"dateModified\":\"2023-09-13T13:46:09+00:00\",\"breadcrumb\":{\"@id\":\"https:\/\/jornalfatosenoticias.com.br\/index.php\/2023\/09\/13\/divida-de-us-13-bi-da-venezuela-nao-foi-paga-apos-oito-meses-de-lula-no-poder\/#breadcrumb\"},\"inLanguage\":\"pt-BR\",\"potentialAction\":[{\"@type\":\"ReadAction\",\"target\":[\"https:\/\/jornalfatosenoticias.com.br\/index.php\/2023\/09\/13\/divida-de-us-13-bi-da-venezuela-nao-foi-paga-apos-oito-meses-de-lula-no-poder\/\"]}]},{\"@type\":\"ImageObject\",\"inLanguage\":\"pt-BR\",\"@id\":\"https:\/\/jornalfatosenoticias.com.br\/index.php\/2023\/09\/13\/divida-de-us-13-bi-da-venezuela-nao-foi-paga-apos-oito-meses-de-lula-no-poder\/#primaryimage\",\"url\":\"https:\/\/jornalfatosenoticias.com.br\/wp-content\/uploads\/2023\/09\/lula-maduro-calote-brasil.jpg\",\"contentUrl\":\"https:\/\/jornalfatosenoticias.com.br\/wp-content\/uploads\/2023\/09\/lula-maduro-calote-brasil.jpg\",\"width\":960,\"height\":540},{\"@type\":\"BreadcrumbList\",\"@id\":\"https:\/\/jornalfatosenoticias.com.br\/index.php\/2023\/09\/13\/divida-de-us-13-bi-da-venezuela-nao-foi-paga-apos-oito-meses-de-lula-no-poder\/#breadcrumb\",\"itemListElement\":[{\"@type\":\"ListItem\",\"position\":1,\"name\":\"In\u00edcio\",\"item\":\"https:\/\/jornalfatosenoticias.com.br\/\"},{\"@type\":\"ListItem\",\"position\":2,\"name\":\"D\u00edvida de US$ 1,3 bi da Venezuela n\u00e3o foi paga ap\u00f3s oito meses de Lula no poder\"}]},{\"@type\":\"WebSite\",\"@id\":\"https:\/\/jornalfatosenoticias.com.br\/#website\",\"url\":\"https:\/\/jornalfatosenoticias.com.br\/\",\"name\":\"Jornal Fatos e Not\u00edcias\",\"description\":\"Not\u00edcias em geral\",\"publisher\":{\"@id\":\"https:\/\/jornalfatosenoticias.com.br\/#organization\"},\"potentialAction\":[{\"@type\":\"SearchAction\",\"target\":{\"@type\":\"EntryPoint\",\"urlTemplate\":\"https:\/\/jornalfatosenoticias.com.br\/?s={search_term_string}\"},\"query-input\":{\"@type\":\"PropertyValueSpecification\",\"valueRequired\":true,\"valueName\":\"search_term_string\"}}],\"inLanguage\":\"pt-BR\"},{\"@type\":\"Organization\",\"@id\":\"https:\/\/jornalfatosenoticias.com.br\/#organization\",\"name\":\"Jornal Fatos e Not\u00edcias\",\"url\":\"https:\/\/jornalfatosenoticias.com.br\/\",\"logo\":{\"@type\":\"ImageObject\",\"inLanguage\":\"pt-BR\",\"@id\":\"https:\/\/jornalfatosenoticias.com.br\/#\/schema\/logo\/image\/\",\"url\":\"https:\/\/jornalfatosenoticias.com.br\/wp-content\/uploads\/2020\/02\/logo120.png\",\"contentUrl\":\"https:\/\/jornalfatosenoticias.com.br\/wp-content\/uploads\/2020\/02\/logo120.png\",\"width\":1227,\"height\":120,\"caption\":\"Jornal Fatos e Not\u00edcias\"},\"image\":{\"@id\":\"https:\/\/jornalfatosenoticias.com.br\/#\/schema\/logo\/image\/\"}},{\"@type\":\"Person\",\"@id\":\"https:\/\/jornalfatosenoticias.com.br\/#\/schema\/person\/d63837fa13ac8666eb9e74e0985d6f81\",\"name\":\"Luzimara Fernandes\",\"image\":{\"@type\":\"ImageObject\",\"inLanguage\":\"pt-BR\",\"@id\":\"https:\/\/jornalfatosenoticias.com.br\/#\/schema\/person\/image\/\",\"url\":\"https:\/\/jornalfatosenoticias.com.br\/wp-content\/uploads\/2025\/05\/EU_portal.jpg\",\"contentUrl\":\"https:\/\/jornalfatosenoticias.com.br\/wp-content\/uploads\/2025\/05\/EU_portal.jpg\",\"caption\":\"Luzimara Fernandes\"},\"description\":\"Jornalista MTB 2358-ES\",\"sameAs\":[\"https:\/\/jornalfatosenoticias.com.br\"],\"url\":\"https:\/\/jornalfatosenoticias.com.br\/index.php\/author\/luzimara\/\"}]}<\/script>\n<!-- \/ Yoast SEO plugin. -->","yoast_head_json":{"title":"D\u00edvida de US$ 1,3 bi da Venezuela n\u00e3o foi paga ap\u00f3s oito meses de Lula no poder - Jornal Fatos e Not\u00edcias","robots":{"index":"index","follow":"follow","max-snippet":"max-snippet:-1","max-image-preview":"max-image-preview:large","max-video-preview":"max-video-preview:-1"},"canonical":"https:\/\/jornalfatosenoticias.com.br\/index.php\/2023\/09\/13\/divida-de-us-13-bi-da-venezuela-nao-foi-paga-apos-oito-meses-de-lula-no-poder\/","og_locale":"pt_BR","og_type":"article","og_title":"D\u00edvida de US$ 1,3 bi da Venezuela n\u00e3o foi paga ap\u00f3s oito meses de Lula no poder - Jornal Fatos e Not\u00edcias","og_description":"Por Carinne Souza A Venezuela, pa\u00eds do ditador Nicol\u00e1s Maduro, tem uma d\u00edvida atualizada de aproximadamente US$ 1,3 bilh\u00e3o com o Brasil e ainda n\u00e3o fez nenhuma sinaliza\u00e7\u00e3o de que ir\u00e1 fazer o pagamento aos cofres brasileiros nestes oito meses desde que Luiz In\u00e1cio Lula da Silva (PT) assumiu o terceiro mandato. O montante se [&hellip;]","og_url":"https:\/\/jornalfatosenoticias.com.br\/index.php\/2023\/09\/13\/divida-de-us-13-bi-da-venezuela-nao-foi-paga-apos-oito-meses-de-lula-no-poder\/","og_site_name":"Jornal Fatos e Not\u00edcias","article_published_time":"2023-09-13T13:46:08+00:00","article_modified_time":"2023-09-13T13:46:09+00:00","og_image":[{"width":960,"height":540,"url":"https:\/\/jornalfatosenoticias.com.br\/wp-content\/uploads\/2023\/09\/lula-maduro-calote-brasil.jpg","type":"image\/jpeg"}],"author":"Luzimara Fernandes","twitter_card":"summary_large_image","twitter_misc":{"Escrito por":"Luzimara Fernandes","Est. tempo de leitura":"6 minutos"},"schema":{"@context":"https:\/\/schema.org","@graph":[{"@type":"Article","@id":"https:\/\/jornalfatosenoticias.com.br\/index.php\/2023\/09\/13\/divida-de-us-13-bi-da-venezuela-nao-foi-paga-apos-oito-meses-de-lula-no-poder\/#article","isPartOf":{"@id":"https:\/\/jornalfatosenoticias.com.br\/index.php\/2023\/09\/13\/divida-de-us-13-bi-da-venezuela-nao-foi-paga-apos-oito-meses-de-lula-no-poder\/"},"author":{"name":"Luzimara Fernandes","@id":"https:\/\/jornalfatosenoticias.com.br\/#\/schema\/person\/d63837fa13ac8666eb9e74e0985d6f81"},"headline":"D\u00edvida de US$ 1,3 bi da Venezuela n\u00e3o foi paga ap\u00f3s oito meses de Lula no poder","datePublished":"2023-09-13T13:46:08+00:00","dateModified":"2023-09-13T13:46:09+00:00","mainEntityOfPage":{"@id":"https:\/\/jornalfatosenoticias.com.br\/index.php\/2023\/09\/13\/divida-de-us-13-bi-da-venezuela-nao-foi-paga-apos-oito-meses-de-lula-no-poder\/"},"wordCount":1241,"commentCount":0,"publisher":{"@id":"https:\/\/jornalfatosenoticias.com.br\/#organization"},"image":{"@id":"https:\/\/jornalfatosenoticias.com.br\/index.php\/2023\/09\/13\/divida-de-us-13-bi-da-venezuela-nao-foi-paga-apos-oito-meses-de-lula-no-poder\/#primaryimage"},"thumbnailUrl":"https:\/\/jornalfatosenoticias.com.br\/wp-content\/uploads\/2023\/09\/lula-maduro-calote-brasil.jpg","keywords":["BNDES","Brasil","calote","desgoverno Lula","d\u00edvida","Lula","Nicol\u00e1s Maduro","preju\u00edzo aos cofres p\u00fablicos","Venezuela"],"articleSection":["Economia"],"inLanguage":"pt-BR","potentialAction":[{"@type":"CommentAction","name":"Comment","target":["https:\/\/jornalfatosenoticias.com.br\/index.php\/2023\/09\/13\/divida-de-us-13-bi-da-venezuela-nao-foi-paga-apos-oito-meses-de-lula-no-poder\/#respond"]}]},{"@type":"WebPage","@id":"https:\/\/jornalfatosenoticias.com.br\/index.php\/2023\/09\/13\/divida-de-us-13-bi-da-venezuela-nao-foi-paga-apos-oito-meses-de-lula-no-poder\/","url":"https:\/\/jornalfatosenoticias.com.br\/index.php\/2023\/09\/13\/divida-de-us-13-bi-da-venezuela-nao-foi-paga-apos-oito-meses-de-lula-no-poder\/","name":"D\u00edvida de US$ 1,3 bi da Venezuela n\u00e3o foi paga ap\u00f3s oito meses de Lula no poder - Jornal Fatos e Not\u00edcias","isPartOf":{"@id":"https:\/\/jornalfatosenoticias.com.br\/#website"},"primaryImageOfPage":{"@id":"https:\/\/jornalfatosenoticias.com.br\/index.php\/2023\/09\/13\/divida-de-us-13-bi-da-venezuela-nao-foi-paga-apos-oito-meses-de-lula-no-poder\/#primaryimage"},"image":{"@id":"https:\/\/jornalfatosenoticias.com.br\/index.php\/2023\/09\/13\/divida-de-us-13-bi-da-venezuela-nao-foi-paga-apos-oito-meses-de-lula-no-poder\/#primaryimage"},"thumbnailUrl":"https:\/\/jornalfatosenoticias.com.br\/wp-content\/uploads\/2023\/09\/lula-maduro-calote-brasil.jpg","datePublished":"2023-09-13T13:46:08+00:00","dateModified":"2023-09-13T13:46:09+00:00","breadcrumb":{"@id":"https:\/\/jornalfatosenoticias.com.br\/index.php\/2023\/09\/13\/divida-de-us-13-bi-da-venezuela-nao-foi-paga-apos-oito-meses-de-lula-no-poder\/#breadcrumb"},"inLanguage":"pt-BR","potentialAction":[{"@type":"ReadAction","target":["https:\/\/jornalfatosenoticias.com.br\/index.php\/2023\/09\/13\/divida-de-us-13-bi-da-venezuela-nao-foi-paga-apos-oito-meses-de-lula-no-poder\/"]}]},{"@type":"ImageObject","inLanguage":"pt-BR","@id":"https:\/\/jornalfatosenoticias.com.br\/index.php\/2023\/09\/13\/divida-de-us-13-bi-da-venezuela-nao-foi-paga-apos-oito-meses-de-lula-no-poder\/#primaryimage","url":"https:\/\/jornalfatosenoticias.com.br\/wp-content\/uploads\/2023\/09\/lula-maduro-calote-brasil.jpg","contentUrl":"https:\/\/jornalfatosenoticias.com.br\/wp-content\/uploads\/2023\/09\/lula-maduro-calote-brasil.jpg","width":960,"height":540},{"@type":"BreadcrumbList","@id":"https:\/\/jornalfatosenoticias.com.br\/index.php\/2023\/09\/13\/divida-de-us-13-bi-da-venezuela-nao-foi-paga-apos-oito-meses-de-lula-no-poder\/#breadcrumb","itemListElement":[{"@type":"ListItem","position":1,"name":"In\u00edcio","item":"https:\/\/jornalfatosenoticias.com.br\/"},{"@type":"ListItem","position":2,"name":"D\u00edvida de US$ 1,3 bi da Venezuela n\u00e3o foi paga ap\u00f3s oito meses de Lula no poder"}]},{"@type":"WebSite","@id":"https:\/\/jornalfatosenoticias.com.br\/#website","url":"https:\/\/jornalfatosenoticias.com.br\/","name":"Jornal Fatos e Not\u00edcias","description":"Not\u00edcias em geral","publisher":{"@id":"https:\/\/jornalfatosenoticias.com.br\/#organization"},"potentialAction":[{"@type":"SearchAction","target":{"@type":"EntryPoint","urlTemplate":"https:\/\/jornalfatosenoticias.com.br\/?s={search_term_string}"},"query-input":{"@type":"PropertyValueSpecification","valueRequired":true,"valueName":"search_term_string"}}],"inLanguage":"pt-BR"},{"@type":"Organization","@id":"https:\/\/jornalfatosenoticias.com.br\/#organization","name":"Jornal Fatos e Not\u00edcias","url":"https:\/\/jornalfatosenoticias.com.br\/","logo":{"@type":"ImageObject","inLanguage":"pt-BR","@id":"https:\/\/jornalfatosenoticias.com.br\/#\/schema\/logo\/image\/","url":"https:\/\/jornalfatosenoticias.com.br\/wp-content\/uploads\/2020\/02\/logo120.png","contentUrl":"https:\/\/jornalfatosenoticias.com.br\/wp-content\/uploads\/2020\/02\/logo120.png","width":1227,"height":120,"caption":"Jornal Fatos e Not\u00edcias"},"image":{"@id":"https:\/\/jornalfatosenoticias.com.br\/#\/schema\/logo\/image\/"}},{"@type":"Person","@id":"https:\/\/jornalfatosenoticias.com.br\/#\/schema\/person\/d63837fa13ac8666eb9e74e0985d6f81","name":"Luzimara Fernandes","image":{"@type":"ImageObject","inLanguage":"pt-BR","@id":"https:\/\/jornalfatosenoticias.com.br\/#\/schema\/person\/image\/","url":"https:\/\/jornalfatosenoticias.com.br\/wp-content\/uploads\/2025\/05\/EU_portal.jpg","contentUrl":"https:\/\/jornalfatosenoticias.com.br\/wp-content\/uploads\/2025\/05\/EU_portal.jpg","caption":"Luzimara Fernandes"},"description":"Jornalista MTB 2358-ES","sameAs":["https:\/\/jornalfatosenoticias.com.br"],"url":"https:\/\/jornalfatosenoticias.com.br\/index.php\/author\/luzimara\/"}]}},"cc_featured_image_caption":{"caption_text":"(Foto: Reprodu\u00e7\u00e3o)","source_text":"","source_url":""},"jetpack_featured_media_url":"https:\/\/jornalfatosenoticias.com.br\/wp-content\/uploads\/2023\/09\/lula-maduro-calote-brasil.jpg","_links":{"self":[{"href":"https:\/\/jornalfatosenoticias.com.br\/index.php\/wp-json\/wp\/v2\/posts\/45113","targetHints":{"allow":["GET"]}}],"collection":[{"href":"https:\/\/jornalfatosenoticias.com.br\/index.php\/wp-json\/wp\/v2\/posts"}],"about":[{"href":"https:\/\/jornalfatosenoticias.com.br\/index.php\/wp-json\/wp\/v2\/types\/post"}],"author":[{"embeddable":true,"href":"https:\/\/jornalfatosenoticias.com.br\/index.php\/wp-json\/wp\/v2\/users\/2"}],"replies":[{"embeddable":true,"href":"https:\/\/jornalfatosenoticias.com.br\/index.php\/wp-json\/wp\/v2\/comments?post=45113"}],"version-history":[{"count":0,"href":"https:\/\/jornalfatosenoticias.com.br\/index.php\/wp-json\/wp\/v2\/posts\/45113\/revisions"}],"wp:featuredmedia":[{"embeddable":true,"href":"https:\/\/jornalfatosenoticias.com.br\/index.php\/wp-json\/wp\/v2\/media\/45114"}],"wp:attachment":[{"href":"https:\/\/jornalfatosenoticias.com.br\/index.php\/wp-json\/wp\/v2\/media?parent=45113"}],"wp:term":[{"taxonomy":"category","embeddable":true,"href":"https:\/\/jornalfatosenoticias.com.br\/index.php\/wp-json\/wp\/v2\/categories?post=45113"},{"taxonomy":"post_tag","embeddable":true,"href":"https:\/\/jornalfatosenoticias.com.br\/index.php\/wp-json\/wp\/v2\/tags?post=45113"}],"curies":[{"name":"wp","href":"https:\/\/api.w.org\/{rel}","templated":true}]}}