{"id":45123,"date":"2023-09-14T13:24:30","date_gmt":"2023-09-14T16:24:30","guid":{"rendered":"https:\/\/jornalfatosenoticias.com.br\/?p=45123"},"modified":"2023-09-14T13:24:31","modified_gmt":"2023-09-14T16:24:31","slug":"nosso-tributo-a-jose-gregori-e-todos-os-genuinos-defensores-de-direitos-humanos-de-criancas-parte-ii","status":"publish","type":"post","link":"https:\/\/jornalfatosenoticias.com.br\/index.php\/2023\/09\/14\/nosso-tributo-a-jose-gregori-e-todos-os-genuinos-defensores-de-direitos-humanos-de-criancas-parte-ii\/","title":{"rendered":"Nosso Tributo a Jos\u00e9 Gregori, e todos os genu\u00ednos defensores de Direitos Humanos de Crian\u00e7as \u2014 Parte II"},"content":{"rendered":"\n<p><span class=\"has-inline-color has-black-color\"><em>Jos\u00e9 Gregori foi um homem que, genuinamente, semeou verdadeiras Pol\u00edticas P\u00fablicas de Direitos Humanos, com responsabilidade, efetividade e consequ\u00eancia<\/em><\/span><\/p>\n\n\n\n<div class=\"wp-block-image\"><figure class=\"aligncenter size-large\"><img loading=\"lazy\" decoding=\"async\" width=\"300\" height=\"137\" src=\"https:\/\/jornalfatosenoticias.com.br\/wp-content\/uploads\/2023\/06\/LOGO_JULIANA-GRACA_PORTAL.jpg\" alt=\"\" class=\"wp-image-42597\"\/><\/figure><\/div>\n\n\n\n<p>Como bem qualificou Olga C\u00e2mara, Jos\u00e9 Gregori foi o Pai dos Direitos Humanos no Brasil. Ele vislumbrou um horizonte humanit\u00e1rio a que todos tinham Direito. Trabalhou muito. Incessantemente. Ser\u00e1 que honramos a heran\u00e7a que nos deixou?<br>H\u00e1 50 anos trabalho nessa \u00e1rea da Prote\u00e7\u00e3o da Crian\u00e7a e do Adolescente. Diria que n\u00e3o. Cada mil\u00edmetro de avan\u00e7o \u00e9 respondido com mais uma legaliza\u00e7\u00e3o de uma viol\u00eancia, geralmente, camuflada de \u201cprotetora\u201d que usa os mesmos termos para confundir os incautos. S\u00e3o \u201cleis\u201d que surgem em velocidade m\u00e1xima, manipulando uma ret\u00f3rica de pseudoci\u00eancia com tamanha habilidade que fica dif\u00edcil distinguir o joio do trigo, ou, no popular, alhos de bugalhos. A confus\u00e3o de l\u00ednguas, conceito te\u00f3rico e brilhante de Ferenczi, ilustra bem esse prop\u00f3sito: dizer coisas em contram\u00e3o expl\u00edcita. Afirma\u00e7\u00f5es sem nenhuma sustenta\u00e7\u00e3o cient\u00edfica, s\u00e3o faladas sem nenhum pudor. A lei de aliena\u00e7\u00e3o parental, com seus adere\u00e7os, as falsas mem\u00f3rias em Crian\u00e7as e a seita da constela\u00e7\u00e3o familiar, entre outras, explicitam, com clareza, essa estrat\u00e9gia belicosa contra mulheres e Crian\u00e7as.<\/p>\n\n\n\n<div class=\"wp-block-image\"><figure class=\"aligncenter size-large\"><img loading=\"lazy\" decoding=\"async\" width=\"300\" height=\"250\" src=\"https:\/\/jornalfatosenoticias.com.br\/wp-content\/uploads\/2020\/02\/Banner-2.png\" alt=\"\" class=\"wp-image-43787\"\/><\/figure><\/div>\n\n\n\n<p>Jos\u00e9 Gregori foi um homem que, genuinamente, semeou verdadeiras Pol\u00edticas P\u00fablicas de Direitos Humanos, com responsabilidade, efetividade e consequ\u00eancia. Quando pensou e montou a Rede de Enfrentamento \u00e0 Viol\u00eancia Sexual contra Crian\u00e7as e Adolescentes, que deveria ser formada pelas organiza\u00e7\u00f5es sociais e institui\u00e7\u00f5es de defesa dos Direitos da Crian\u00e7a e do Adolescente, visou \u00e0 descentraliza\u00e7\u00e3o e \u00e0 intersetorialidade atrav\u00e9s da composi\u00e7\u00e3o entre Centros de Defesa, como Unidades de Refer\u00eancia em cada Unidade da Federa\u00e7\u00e3o, Conselhos Tutelares, Conselhos de direitos da Crian\u00e7a e do Adolescente, Membros do Poder Judici\u00e1rio e da Varas da Inf\u00e2ncia e da Juventude, do Minist\u00e9rio P\u00fablico e da Defensoria P\u00fablica, organismos federais, Pol\u00edcia Federal, estaduais, Pol\u00edcia Civil, e, inclusive, internacionais, como a INTERPOL, de Seguran\u00e7a P\u00fablica. Essa Rede existiu. Com agilidade era poss\u00edvel para n\u00f3s da ABRAPIA, acessar qualquer desses \u00f3rg\u00e3os para o encaminhamento de uma den\u00fancia de abuso em qualquer canto de nosso Pa\u00eds.<\/p>\n\n\n\n<div class=\"wp-block-image\"><figure class=\"aligncenter size-large\"><img loading=\"lazy\" decoding=\"async\" width=\"818\" height=\"459\" src=\"https:\/\/jornalfatosenoticias.com.br\/wp-content\/uploads\/2023\/09\/leis-de-protecao-a-crianca-e-ao-adolescente_istock.jpg\" alt=\"\" class=\"wp-image-45124\" srcset=\"https:\/\/jornalfatosenoticias.com.br\/wp-content\/uploads\/2023\/09\/leis-de-protecao-a-crianca-e-ao-adolescente_istock.jpg 818w, https:\/\/jornalfatosenoticias.com.br\/wp-content\/uploads\/2023\/09\/leis-de-protecao-a-crianca-e-ao-adolescente_istock-300x168.jpg 300w, https:\/\/jornalfatosenoticias.com.br\/wp-content\/uploads\/2023\/09\/leis-de-protecao-a-crianca-e-ao-adolescente_istock-768x431.jpg 768w\" sizes=\"auto, (max-width: 818px) 100vw, 818px\" \/><figcaption><em><span class=\"has-inline-color has-black-color\">Leis falaciosas de prote\u00e7\u00e3o exp\u00f5em crian\u00e7as e adolescentes \u00e0 viol\u00eancias (Foto: iStock)<\/span><\/em><\/figcaption><\/figure><\/div>\n\n\n\n<p>Para completar, fundamental, o Banco de Dados. Era poss\u00edvel visualizar incid\u00eancias, e cruzar dados, levantando hip\u00f3teses. Um Banco de Dados. Em 2003 foi inaugurado o disque 100 pelo governo federal que entendia ser esta uma fun\u00e7\u00e3o do Estado. Com 16 itens de den\u00fancia, que iam de doen\u00e7as raras a trabalho escravo, de crian\u00e7a e adolescente a preconceitos, o disque 100 trouxe uma abrang\u00eancia muito maior que o 0800 99 0500 operado pela ABRAPIA que focalizava, t\u00e3o somente, a Prote\u00e7\u00e3o da Crian\u00e7a e do Adolescente. O Servi\u00e7o foi amadurecendo e se consolidou.<\/p>\n\n\n\n<div class=\"wp-block-image\"><figure class=\"aligncenter size-large is-resized\"><img loading=\"lazy\" decoding=\"async\" src=\"https:\/\/jornalfatosenoticias.com.br\/wp-content\/uploads\/2023\/08\/VSM-Group.jpeg\" alt=\"\" class=\"wp-image-44364\" width=\"276\" height=\"276\"\/><\/figure><\/div>\n\n\n\n<p>Mas a judicializa\u00e7\u00e3o embebida na doutrina de Gardner, a aliena\u00e7\u00e3o parental, baniu o abuso sexual incestuoso. Hoje, esse comportamento aberrante, n\u00e3o existe mais para os operadores de justi\u00e7a. Toda den\u00fancia de abuso sexual intrafamiliar do pai \u00e9 travestida de aliena\u00e7\u00e3o parental da m\u00e3e, sempre classificada como louca, interesseira e inconformada por \u201cter perdido\u201d o marido. O curioso \u00e9 que essa \u00e9 a motiva\u00e7\u00e3o j\u00e1 consolidada pela investiga\u00e7\u00e3o policial sobre os Feminic\u00eddios: o marido, namorado ou ex matou porque n\u00e3o se conformou com o t\u00e9rmino do relacionamento.<\/p>\n\n\n\n<div class=\"wp-block-image\"><figure class=\"aligncenter size-large\"><img loading=\"lazy\" decoding=\"async\" width=\"812\" height=\"406\" src=\"https:\/\/jornalfatosenoticias.com.br\/wp-content\/uploads\/2023\/09\/protecao-a-crianca-e-ao-adolescente_istock.jpg\" alt=\"\" class=\"wp-image-45125\" srcset=\"https:\/\/jornalfatosenoticias.com.br\/wp-content\/uploads\/2023\/09\/protecao-a-crianca-e-ao-adolescente_istock.jpg 812w, https:\/\/jornalfatosenoticias.com.br\/wp-content\/uploads\/2023\/09\/protecao-a-crianca-e-ao-adolescente_istock-300x150.jpg 300w, https:\/\/jornalfatosenoticias.com.br\/wp-content\/uploads\/2023\/09\/protecao-a-crianca-e-ao-adolescente_istock-768x384.jpg 768w\" sizes=\"auto, (max-width: 812px) 100vw, 812px\" \/><figcaption><em><span class=\"has-inline-color has-black-color\">N\u00e3o existe mais abuso sexual no Brasil, apesar do Pa\u00eds ser conhecido como o para\u00edso dos ped\u00f3filos (Foto: iStock)<\/span><\/em><\/figcaption><\/figure><\/div>\n\n\n\n<p>Assim, n\u00e3o existe mais abuso sexual no Brasil, apesar do Pa\u00eds ser conhecido como o para\u00edso dos ped\u00f3filos. Os Feminic\u00eddios que s\u00f3 aumentam, como encaixam nessa \u201chistorinha\u201d? E a m\u00e1gica de sumir com a den\u00fancia sexual da Crian\u00e7a, semelhante a fazer sumir uma pombinha branca?<\/p>\n\n\n\n<div class=\"wp-block-image\"><figure class=\"aligncenter size-large is-resized\"><img loading=\"lazy\" decoding=\"async\" src=\"https:\/\/jornalfatosenoticias.com.br\/wp-content\/uploads\/2023\/07\/lacremoda.jpg\" alt=\"\" class=\"wp-image-43706\" width=\"350\" height=\"196\" srcset=\"https:\/\/jornalfatosenoticias.com.br\/wp-content\/uploads\/2023\/07\/lacremoda.jpg 1024w, https:\/\/jornalfatosenoticias.com.br\/wp-content\/uploads\/2023\/07\/lacremoda-300x168.jpg 300w, https:\/\/jornalfatosenoticias.com.br\/wp-content\/uploads\/2023\/07\/lacremoda-768x431.jpg 768w\" sizes=\"auto, (max-width: 350px) 100vw, 350px\" \/><\/figure><\/div>\n\n\n\n<p>A Rede de Enfrentamento \u00e0 Viol\u00eancia Sexual contra a Crian\u00e7a e o Adolescente n\u00e3o sobreviveu. S\u00f3 restou a mem\u00f3ria daquela articula\u00e7\u00e3o que tantas vezes experimentei quando buscava na Rede o socorro a uma Crian\u00e7a que estava sendo explorada, (toda Crian\u00e7a abusada dentro da fam\u00edlia, est\u00e1 sendo explorada), por um adulto em qualquer lugar no nosso territ\u00f3rio, tendo a certeza de que o encaminhamento tinha come\u00e7ado ali, e podia ser acompanhado, assim como esse registro no Banco de Dados serviria para a implanta\u00e7\u00e3o de melhores Pol\u00edticas P\u00fablicas, mais eficientes.<\/p>\n\n\n\n<div class=\"wp-block-image\"><figure class=\"aligncenter size-large is-resized\"><img loading=\"lazy\" decoding=\"async\" src=\"https:\/\/jornalfatosenoticias.com.br\/wp-content\/uploads\/2022\/10\/Arte-jornal-Zucchi-600x600_Prancheta-1-1024x1024.jpg\" alt=\"\" class=\"wp-image-34782\" width=\"277\" height=\"277\" srcset=\"https:\/\/jornalfatosenoticias.com.br\/wp-content\/uploads\/2022\/10\/Arte-jornal-Zucchi-600x600_Prancheta-1-1024x1024.jpg 1024w, https:\/\/jornalfatosenoticias.com.br\/wp-content\/uploads\/2022\/10\/Arte-jornal-Zucchi-600x600_Prancheta-1-300x300.jpg 300w, https:\/\/jornalfatosenoticias.com.br\/wp-content\/uploads\/2022\/10\/Arte-jornal-Zucchi-600x600_Prancheta-1-150x150.jpg 150w, https:\/\/jornalfatosenoticias.com.br\/wp-content\/uploads\/2022\/10\/Arte-jornal-Zucchi-600x600_Prancheta-1-768x768.jpg 768w, https:\/\/jornalfatosenoticias.com.br\/wp-content\/uploads\/2022\/10\/Arte-jornal-Zucchi-600x600_Prancheta-1.jpg 1250w\" sizes=\"auto, (max-width: 277px) 100vw, 277px\" \/><\/figure><\/div>\n\n\n\n<p>Lament\u00e1vel o sumi\u00e7o do Banco de Dados. Hoje temos a figura jur\u00eddica do \u201csegredo de justi\u00e7a\u201d fazendo sumir os registros que s\u00e3o atendidas pelo disque100. Temos n\u00fameros de outros organismos, de ONGs, mas ningu\u00e9m sabe para onde v\u00e3o as den\u00fancias recebidas. Parece, parece, que s\u00e3o segredadas.<br>O Jos\u00e9 Gregori pensava coletivo, trabalhava por Pol\u00edticas P\u00fablicas respons\u00e1veis e comprometidas com a Prote\u00e7\u00e3o Integral dos pequenos vulner\u00e1veis. A honestidade \u00e9 cada vez mais rara. A honestidade intelectual se degradou entre profissionais que deveriam cumprir suas fun\u00e7\u00f5es p\u00fablicas, e ao inv\u00e9s disso, abra\u00e7am pseudoci\u00eancias, recheadas de pensamento m\u00e1gico, misturadas a erros te\u00f3ricos sobre o desenvolvimento infantil.<\/p>\n\n\n\n<div class=\"wp-block-image\"><figure class=\"aligncenter size-large is-resized\"><img loading=\"lazy\" decoding=\"async\" src=\"https:\/\/jornalfatosenoticias.com.br\/wp-content\/uploads\/2020\/02\/logo-Rapuzel-1024x571.jpg\" alt=\"\" class=\"wp-image-42808\" width=\"370\" height=\"206\" srcset=\"https:\/\/jornalfatosenoticias.com.br\/wp-content\/uploads\/2020\/02\/logo-Rapuzel-1024x571.jpg 1024w, https:\/\/jornalfatosenoticias.com.br\/wp-content\/uploads\/2020\/02\/logo-Rapuzel-300x167.jpg 300w, https:\/\/jornalfatosenoticias.com.br\/wp-content\/uploads\/2020\/02\/logo-Rapuzel-768x428.jpg 768w, https:\/\/jornalfatosenoticias.com.br\/wp-content\/uploads\/2020\/02\/logo-Rapuzel-1536x856.jpg 1536w, https:\/\/jornalfatosenoticias.com.br\/wp-content\/uploads\/2020\/02\/logo-Rapuzel.jpg 1600w\" sizes=\"auto, (max-width: 370px) 100vw, 370px\" \/><\/figure><\/div>\n\n\n\n<p>Obrigada Jos\u00e9 Gregori pela generosidade incans\u00e1vel nessa luta pelos Direitos Humanos, que at\u00e9 hoje amarga um estere\u00f3tipo de prote\u00e7\u00e3o a bandido. Faz-se necess\u00e1rio ler mais para saber, verdadeiramente, estudar, para n\u00e3o ser cooptado pela superficialidade manipulada.<\/p>\n","protected":false},"excerpt":{"rendered":"<p>Jos\u00e9 Gregori foi um homem que, genuinamente, semeou verdadeiras Pol\u00edticas P\u00fablicas de Direitos Humanos, com responsabilidade, efetividade e consequ\u00eancia Como bem qualificou Olga C\u00e2mara, Jos\u00e9 Gregori foi o Pai dos Direitos Humanos no Brasil. Ele vislumbrou um horizonte humanit\u00e1rio a que todos tinham Direito. Trabalhou muito. Incessantemente. Ser\u00e1 que honramos a heran\u00e7a que nos deixou?H\u00e1 [&hellip;]<\/p>\n","protected":false},"author":8,"featured_media":45126,"comment_status":"open","ping_status":"open","sticky":false,"template":"","format":"standard","meta":{"footnotes":""},"categories":[2522],"tags":[4400,3141,21164,3238,21262],"class_list":["post-45123","post","type-post","status-publish","format-standard","has-post-thumbnail","hentry","category-comportamento","tag-abuso-sexual-infantil","tag-direitos-humanos","tag-jose-gregori","tag-leis","tag-protecao-a-crianca-e-ao-adolescente"],"yoast_head":"<!-- This site is optimized with the Yoast SEO plugin v26.5 - https:\/\/yoast.com\/wordpress\/plugins\/seo\/ -->\n<title>Nosso Tributo a Jos\u00e9 Gregori, e todos os genu\u00ednos defensores de Direitos Humanos de Crian\u00e7as \u2014 Parte II - Jornal Fatos e Not\u00edcias<\/title>\n<meta name=\"robots\" content=\"index, follow, max-snippet:-1, max-image-preview:large, max-video-preview:-1\" \/>\n<link rel=\"canonical\" href=\"https:\/\/jornalfatosenoticias.com.br\/index.php\/2023\/09\/14\/nosso-tributo-a-jose-gregori-e-todos-os-genuinos-defensores-de-direitos-humanos-de-criancas-parte-ii\/\" \/>\n<meta property=\"og:locale\" content=\"pt_BR\" \/>\n<meta property=\"og:type\" content=\"article\" \/>\n<meta property=\"og:title\" content=\"Nosso Tributo a Jos\u00e9 Gregori, e todos os genu\u00ednos defensores de Direitos Humanos de Crian\u00e7as \u2014 Parte II - Jornal Fatos e Not\u00edcias\" \/>\n<meta property=\"og:description\" content=\"Jos\u00e9 Gregori foi um homem que, genuinamente, semeou verdadeiras Pol\u00edticas P\u00fablicas de Direitos Humanos, com responsabilidade, efetividade e consequ\u00eancia Como bem qualificou Olga C\u00e2mara, Jos\u00e9 Gregori foi o Pai dos Direitos Humanos no Brasil. Ele vislumbrou um horizonte humanit\u00e1rio a que todos tinham Direito. Trabalhou muito. Incessantemente. Ser\u00e1 que honramos a heran\u00e7a que nos deixou?H\u00e1 [&hellip;]\" \/>\n<meta property=\"og:url\" content=\"https:\/\/jornalfatosenoticias.com.br\/index.php\/2023\/09\/14\/nosso-tributo-a-jose-gregori-e-todos-os-genuinos-defensores-de-direitos-humanos-de-criancas-parte-ii\/\" \/>\n<meta property=\"og:site_name\" content=\"Jornal Fatos e Not\u00edcias\" \/>\n<meta property=\"article:published_time\" content=\"2023-09-14T16:24:30+00:00\" \/>\n<meta property=\"article:modified_time\" content=\"2023-09-14T16:24:31+00:00\" \/>\n<meta property=\"og:image\" content=\"https:\/\/jornalfatosenoticias.com.br\/wp-content\/uploads\/2023\/09\/garotinha_istock.jpg\" \/>\n\t<meta property=\"og:image:width\" content=\"812\" \/>\n\t<meta property=\"og:image:height\" content=\"456\" \/>\n\t<meta property=\"og:image:type\" content=\"image\/jpeg\" \/>\n<meta name=\"author\" content=\"Ana Maria Iencarelli\" \/>\n<meta name=\"twitter:card\" content=\"summary_large_image\" \/>\n<meta name=\"twitter:label1\" content=\"Escrito por\" \/>\n\t<meta name=\"twitter:data1\" content=\"Ana Maria Iencarelli\" \/>\n\t<meta name=\"twitter:label2\" content=\"Est. tempo de leitura\" \/>\n\t<meta name=\"twitter:data2\" content=\"5 minutos\" \/>\n<script type=\"application\/ld+json\" class=\"yoast-schema-graph\">{\"@context\":\"https:\/\/schema.org\",\"@graph\":[{\"@type\":\"Article\",\"@id\":\"https:\/\/jornalfatosenoticias.com.br\/index.php\/2023\/09\/14\/nosso-tributo-a-jose-gregori-e-todos-os-genuinos-defensores-de-direitos-humanos-de-criancas-parte-ii\/#article\",\"isPartOf\":{\"@id\":\"https:\/\/jornalfatosenoticias.com.br\/index.php\/2023\/09\/14\/nosso-tributo-a-jose-gregori-e-todos-os-genuinos-defensores-de-direitos-humanos-de-criancas-parte-ii\/\"},\"author\":{\"name\":\"Ana Maria Iencarelli\",\"@id\":\"https:\/\/jornalfatosenoticias.com.br\/#\/schema\/person\/c33fcf5fb02d729d3fec92c6737a22d1\"},\"headline\":\"Nosso Tributo a Jos\u00e9 Gregori, e todos os genu\u00ednos defensores de Direitos Humanos de Crian\u00e7as \u2014 Parte II\",\"datePublished\":\"2023-09-14T16:24:30+00:00\",\"dateModified\":\"2023-09-14T16:24:31+00:00\",\"mainEntityOfPage\":{\"@id\":\"https:\/\/jornalfatosenoticias.com.br\/index.php\/2023\/09\/14\/nosso-tributo-a-jose-gregori-e-todos-os-genuinos-defensores-de-direitos-humanos-de-criancas-parte-ii\/\"},\"wordCount\":958,\"commentCount\":0,\"publisher\":{\"@id\":\"https:\/\/jornalfatosenoticias.com.br\/#organization\"},\"image\":{\"@id\":\"https:\/\/jornalfatosenoticias.com.br\/index.php\/2023\/09\/14\/nosso-tributo-a-jose-gregori-e-todos-os-genuinos-defensores-de-direitos-humanos-de-criancas-parte-ii\/#primaryimage\"},\"thumbnailUrl\":\"https:\/\/jornalfatosenoticias.com.br\/wp-content\/uploads\/2023\/09\/garotinha_istock.jpg\",\"keywords\":[\"abuso sexual infantil\",\"direitos humanos\",\"Jos\u00e9 Gregori\",\"leis\",\"prote\u00e7\u00e3o \u00e0 crian\u00e7a e ao adolescente\"],\"articleSection\":[\"Comportamento &amp; Equil\u00edbrio\"],\"inLanguage\":\"pt-BR\",\"potentialAction\":[{\"@type\":\"CommentAction\",\"name\":\"Comment\",\"target\":[\"https:\/\/jornalfatosenoticias.com.br\/index.php\/2023\/09\/14\/nosso-tributo-a-jose-gregori-e-todos-os-genuinos-defensores-de-direitos-humanos-de-criancas-parte-ii\/#respond\"]}]},{\"@type\":\"WebPage\",\"@id\":\"https:\/\/jornalfatosenoticias.com.br\/index.php\/2023\/09\/14\/nosso-tributo-a-jose-gregori-e-todos-os-genuinos-defensores-de-direitos-humanos-de-criancas-parte-ii\/\",\"url\":\"https:\/\/jornalfatosenoticias.com.br\/index.php\/2023\/09\/14\/nosso-tributo-a-jose-gregori-e-todos-os-genuinos-defensores-de-direitos-humanos-de-criancas-parte-ii\/\",\"name\":\"Nosso Tributo a Jos\u00e9 Gregori, e todos os genu\u00ednos defensores de Direitos Humanos de Crian\u00e7as \u2014 Parte II - Jornal Fatos e Not\u00edcias\",\"isPartOf\":{\"@id\":\"https:\/\/jornalfatosenoticias.com.br\/#website\"},\"primaryImageOfPage\":{\"@id\":\"https:\/\/jornalfatosenoticias.com.br\/index.php\/2023\/09\/14\/nosso-tributo-a-jose-gregori-e-todos-os-genuinos-defensores-de-direitos-humanos-de-criancas-parte-ii\/#primaryimage\"},\"image\":{\"@id\":\"https:\/\/jornalfatosenoticias.com.br\/index.php\/2023\/09\/14\/nosso-tributo-a-jose-gregori-e-todos-os-genuinos-defensores-de-direitos-humanos-de-criancas-parte-ii\/#primaryimage\"},\"thumbnailUrl\":\"https:\/\/jornalfatosenoticias.com.br\/wp-content\/uploads\/2023\/09\/garotinha_istock.jpg\",\"datePublished\":\"2023-09-14T16:24:30+00:00\",\"dateModified\":\"2023-09-14T16:24:31+00:00\",\"breadcrumb\":{\"@id\":\"https:\/\/jornalfatosenoticias.com.br\/index.php\/2023\/09\/14\/nosso-tributo-a-jose-gregori-e-todos-os-genuinos-defensores-de-direitos-humanos-de-criancas-parte-ii\/#breadcrumb\"},\"inLanguage\":\"pt-BR\",\"potentialAction\":[{\"@type\":\"ReadAction\",\"target\":[\"https:\/\/jornalfatosenoticias.com.br\/index.php\/2023\/09\/14\/nosso-tributo-a-jose-gregori-e-todos-os-genuinos-defensores-de-direitos-humanos-de-criancas-parte-ii\/\"]}]},{\"@type\":\"ImageObject\",\"inLanguage\":\"pt-BR\",\"@id\":\"https:\/\/jornalfatosenoticias.com.br\/index.php\/2023\/09\/14\/nosso-tributo-a-jose-gregori-e-todos-os-genuinos-defensores-de-direitos-humanos-de-criancas-parte-ii\/#primaryimage\",\"url\":\"https:\/\/jornalfatosenoticias.com.br\/wp-content\/uploads\/2023\/09\/garotinha_istock.jpg\",\"contentUrl\":\"https:\/\/jornalfatosenoticias.com.br\/wp-content\/uploads\/2023\/09\/garotinha_istock.jpg\",\"width\":812,\"height\":456,\"caption\":\"Little female child silhouette opening door into darkness, horror scene, mystic\"},{\"@type\":\"BreadcrumbList\",\"@id\":\"https:\/\/jornalfatosenoticias.com.br\/index.php\/2023\/09\/14\/nosso-tributo-a-jose-gregori-e-todos-os-genuinos-defensores-de-direitos-humanos-de-criancas-parte-ii\/#breadcrumb\",\"itemListElement\":[{\"@type\":\"ListItem\",\"position\":1,\"name\":\"In\u00edcio\",\"item\":\"https:\/\/jornalfatosenoticias.com.br\/\"},{\"@type\":\"ListItem\",\"position\":2,\"name\":\"Nosso Tributo a Jos\u00e9 Gregori, e todos os genu\u00ednos defensores de Direitos Humanos de Crian\u00e7as \u2014 Parte II\"}]},{\"@type\":\"WebSite\",\"@id\":\"https:\/\/jornalfatosenoticias.com.br\/#website\",\"url\":\"https:\/\/jornalfatosenoticias.com.br\/\",\"name\":\"Jornal Fatos e Not\u00edcias\",\"description\":\"Not\u00edcias em geral\",\"publisher\":{\"@id\":\"https:\/\/jornalfatosenoticias.com.br\/#organization\"},\"potentialAction\":[{\"@type\":\"SearchAction\",\"target\":{\"@type\":\"EntryPoint\",\"urlTemplate\":\"https:\/\/jornalfatosenoticias.com.br\/?s={search_term_string}\"},\"query-input\":{\"@type\":\"PropertyValueSpecification\",\"valueRequired\":true,\"valueName\":\"search_term_string\"}}],\"inLanguage\":\"pt-BR\"},{\"@type\":\"Organization\",\"@id\":\"https:\/\/jornalfatosenoticias.com.br\/#organization\",\"name\":\"Jornal Fatos e Not\u00edcias\",\"url\":\"https:\/\/jornalfatosenoticias.com.br\/\",\"logo\":{\"@type\":\"ImageObject\",\"inLanguage\":\"pt-BR\",\"@id\":\"https:\/\/jornalfatosenoticias.com.br\/#\/schema\/logo\/image\/\",\"url\":\"https:\/\/jornalfatosenoticias.com.br\/wp-content\/uploads\/2020\/02\/logo120.png\",\"contentUrl\":\"https:\/\/jornalfatosenoticias.com.br\/wp-content\/uploads\/2020\/02\/logo120.png\",\"width\":1227,\"height\":120,\"caption\":\"Jornal Fatos e Not\u00edcias\"},\"image\":{\"@id\":\"https:\/\/jornalfatosenoticias.com.br\/#\/schema\/logo\/image\/\"}},{\"@type\":\"Person\",\"@id\":\"https:\/\/jornalfatosenoticias.com.br\/#\/schema\/person\/c33fcf5fb02d729d3fec92c6737a22d1\",\"name\":\"Ana Maria Iencarelli\",\"image\":{\"@type\":\"ImageObject\",\"inLanguage\":\"pt-BR\",\"@id\":\"https:\/\/jornalfatosenoticias.com.br\/#\/schema\/person\/image\/\",\"url\":\"https:\/\/jornalfatosenoticias.com.br\/wp-content\/uploads\/2020\/02\/Ana-Maria-Iencarelli-1-150x150.jpg\",\"contentUrl\":\"https:\/\/jornalfatosenoticias.com.br\/wp-content\/uploads\/2020\/02\/Ana-Maria-Iencarelli-1-150x150.jpg\",\"caption\":\"Ana Maria Iencarelli\"},\"description\":\"Psicanalista Cl\u00ednica, especializada no atendimento a Crian\u00e7as e Adolescentes. Presidente da ONG Vozes de Anjos.\",\"url\":\"https:\/\/jornalfatosenoticias.com.br\/index.php\/author\/anamaria\/\"}]}<\/script>\n<!-- \/ Yoast SEO plugin. -->","yoast_head_json":{"title":"Nosso Tributo a Jos\u00e9 Gregori, e todos os genu\u00ednos defensores de Direitos Humanos de Crian\u00e7as \u2014 Parte II - Jornal Fatos e Not\u00edcias","robots":{"index":"index","follow":"follow","max-snippet":"max-snippet:-1","max-image-preview":"max-image-preview:large","max-video-preview":"max-video-preview:-1"},"canonical":"https:\/\/jornalfatosenoticias.com.br\/index.php\/2023\/09\/14\/nosso-tributo-a-jose-gregori-e-todos-os-genuinos-defensores-de-direitos-humanos-de-criancas-parte-ii\/","og_locale":"pt_BR","og_type":"article","og_title":"Nosso Tributo a Jos\u00e9 Gregori, e todos os genu\u00ednos defensores de Direitos Humanos de Crian\u00e7as \u2014 Parte II - Jornal Fatos e Not\u00edcias","og_description":"Jos\u00e9 Gregori foi um homem que, genuinamente, semeou verdadeiras Pol\u00edticas P\u00fablicas de Direitos Humanos, com responsabilidade, efetividade e consequ\u00eancia Como bem qualificou Olga C\u00e2mara, Jos\u00e9 Gregori foi o Pai dos Direitos Humanos no Brasil. Ele vislumbrou um horizonte humanit\u00e1rio a que todos tinham Direito. Trabalhou muito. Incessantemente. Ser\u00e1 que honramos a heran\u00e7a que nos deixou?H\u00e1 [&hellip;]","og_url":"https:\/\/jornalfatosenoticias.com.br\/index.php\/2023\/09\/14\/nosso-tributo-a-jose-gregori-e-todos-os-genuinos-defensores-de-direitos-humanos-de-criancas-parte-ii\/","og_site_name":"Jornal Fatos e Not\u00edcias","article_published_time":"2023-09-14T16:24:30+00:00","article_modified_time":"2023-09-14T16:24:31+00:00","og_image":[{"width":812,"height":456,"url":"https:\/\/jornalfatosenoticias.com.br\/wp-content\/uploads\/2023\/09\/garotinha_istock.jpg","type":"image\/jpeg"}],"author":"Ana Maria Iencarelli","twitter_card":"summary_large_image","twitter_misc":{"Escrito por":"Ana Maria Iencarelli","Est. tempo de leitura":"5 minutos"},"schema":{"@context":"https:\/\/schema.org","@graph":[{"@type":"Article","@id":"https:\/\/jornalfatosenoticias.com.br\/index.php\/2023\/09\/14\/nosso-tributo-a-jose-gregori-e-todos-os-genuinos-defensores-de-direitos-humanos-de-criancas-parte-ii\/#article","isPartOf":{"@id":"https:\/\/jornalfatosenoticias.com.br\/index.php\/2023\/09\/14\/nosso-tributo-a-jose-gregori-e-todos-os-genuinos-defensores-de-direitos-humanos-de-criancas-parte-ii\/"},"author":{"name":"Ana Maria Iencarelli","@id":"https:\/\/jornalfatosenoticias.com.br\/#\/schema\/person\/c33fcf5fb02d729d3fec92c6737a22d1"},"headline":"Nosso Tributo a Jos\u00e9 Gregori, e todos os genu\u00ednos defensores de Direitos Humanos de Crian\u00e7as \u2014 Parte II","datePublished":"2023-09-14T16:24:30+00:00","dateModified":"2023-09-14T16:24:31+00:00","mainEntityOfPage":{"@id":"https:\/\/jornalfatosenoticias.com.br\/index.php\/2023\/09\/14\/nosso-tributo-a-jose-gregori-e-todos-os-genuinos-defensores-de-direitos-humanos-de-criancas-parte-ii\/"},"wordCount":958,"commentCount":0,"publisher":{"@id":"https:\/\/jornalfatosenoticias.com.br\/#organization"},"image":{"@id":"https:\/\/jornalfatosenoticias.com.br\/index.php\/2023\/09\/14\/nosso-tributo-a-jose-gregori-e-todos-os-genuinos-defensores-de-direitos-humanos-de-criancas-parte-ii\/#primaryimage"},"thumbnailUrl":"https:\/\/jornalfatosenoticias.com.br\/wp-content\/uploads\/2023\/09\/garotinha_istock.jpg","keywords":["abuso sexual infantil","direitos humanos","Jos\u00e9 Gregori","leis","prote\u00e7\u00e3o \u00e0 crian\u00e7a e ao adolescente"],"articleSection":["Comportamento &amp; Equil\u00edbrio"],"inLanguage":"pt-BR","potentialAction":[{"@type":"CommentAction","name":"Comment","target":["https:\/\/jornalfatosenoticias.com.br\/index.php\/2023\/09\/14\/nosso-tributo-a-jose-gregori-e-todos-os-genuinos-defensores-de-direitos-humanos-de-criancas-parte-ii\/#respond"]}]},{"@type":"WebPage","@id":"https:\/\/jornalfatosenoticias.com.br\/index.php\/2023\/09\/14\/nosso-tributo-a-jose-gregori-e-todos-os-genuinos-defensores-de-direitos-humanos-de-criancas-parte-ii\/","url":"https:\/\/jornalfatosenoticias.com.br\/index.php\/2023\/09\/14\/nosso-tributo-a-jose-gregori-e-todos-os-genuinos-defensores-de-direitos-humanos-de-criancas-parte-ii\/","name":"Nosso Tributo a Jos\u00e9 Gregori, e todos os genu\u00ednos defensores de Direitos Humanos de Crian\u00e7as \u2014 Parte II - Jornal Fatos e Not\u00edcias","isPartOf":{"@id":"https:\/\/jornalfatosenoticias.com.br\/#website"},"primaryImageOfPage":{"@id":"https:\/\/jornalfatosenoticias.com.br\/index.php\/2023\/09\/14\/nosso-tributo-a-jose-gregori-e-todos-os-genuinos-defensores-de-direitos-humanos-de-criancas-parte-ii\/#primaryimage"},"image":{"@id":"https:\/\/jornalfatosenoticias.com.br\/index.php\/2023\/09\/14\/nosso-tributo-a-jose-gregori-e-todos-os-genuinos-defensores-de-direitos-humanos-de-criancas-parte-ii\/#primaryimage"},"thumbnailUrl":"https:\/\/jornalfatosenoticias.com.br\/wp-content\/uploads\/2023\/09\/garotinha_istock.jpg","datePublished":"2023-09-14T16:24:30+00:00","dateModified":"2023-09-14T16:24:31+00:00","breadcrumb":{"@id":"https:\/\/jornalfatosenoticias.com.br\/index.php\/2023\/09\/14\/nosso-tributo-a-jose-gregori-e-todos-os-genuinos-defensores-de-direitos-humanos-de-criancas-parte-ii\/#breadcrumb"},"inLanguage":"pt-BR","potentialAction":[{"@type":"ReadAction","target":["https:\/\/jornalfatosenoticias.com.br\/index.php\/2023\/09\/14\/nosso-tributo-a-jose-gregori-e-todos-os-genuinos-defensores-de-direitos-humanos-de-criancas-parte-ii\/"]}]},{"@type":"ImageObject","inLanguage":"pt-BR","@id":"https:\/\/jornalfatosenoticias.com.br\/index.php\/2023\/09\/14\/nosso-tributo-a-jose-gregori-e-todos-os-genuinos-defensores-de-direitos-humanos-de-criancas-parte-ii\/#primaryimage","url":"https:\/\/jornalfatosenoticias.com.br\/wp-content\/uploads\/2023\/09\/garotinha_istock.jpg","contentUrl":"https:\/\/jornalfatosenoticias.com.br\/wp-content\/uploads\/2023\/09\/garotinha_istock.jpg","width":812,"height":456,"caption":"Little female child silhouette opening door into darkness, horror scene, mystic"},{"@type":"BreadcrumbList","@id":"https:\/\/jornalfatosenoticias.com.br\/index.php\/2023\/09\/14\/nosso-tributo-a-jose-gregori-e-todos-os-genuinos-defensores-de-direitos-humanos-de-criancas-parte-ii\/#breadcrumb","itemListElement":[{"@type":"ListItem","position":1,"name":"In\u00edcio","item":"https:\/\/jornalfatosenoticias.com.br\/"},{"@type":"ListItem","position":2,"name":"Nosso Tributo a Jos\u00e9 Gregori, e todos os genu\u00ednos defensores de Direitos Humanos de Crian\u00e7as \u2014 Parte II"}]},{"@type":"WebSite","@id":"https:\/\/jornalfatosenoticias.com.br\/#website","url":"https:\/\/jornalfatosenoticias.com.br\/","name":"Jornal Fatos e Not\u00edcias","description":"Not\u00edcias em geral","publisher":{"@id":"https:\/\/jornalfatosenoticias.com.br\/#organization"},"potentialAction":[{"@type":"SearchAction","target":{"@type":"EntryPoint","urlTemplate":"https:\/\/jornalfatosenoticias.com.br\/?s={search_term_string}"},"query-input":{"@type":"PropertyValueSpecification","valueRequired":true,"valueName":"search_term_string"}}],"inLanguage":"pt-BR"},{"@type":"Organization","@id":"https:\/\/jornalfatosenoticias.com.br\/#organization","name":"Jornal Fatos e Not\u00edcias","url":"https:\/\/jornalfatosenoticias.com.br\/","logo":{"@type":"ImageObject","inLanguage":"pt-BR","@id":"https:\/\/jornalfatosenoticias.com.br\/#\/schema\/logo\/image\/","url":"https:\/\/jornalfatosenoticias.com.br\/wp-content\/uploads\/2020\/02\/logo120.png","contentUrl":"https:\/\/jornalfatosenoticias.com.br\/wp-content\/uploads\/2020\/02\/logo120.png","width":1227,"height":120,"caption":"Jornal Fatos e Not\u00edcias"},"image":{"@id":"https:\/\/jornalfatosenoticias.com.br\/#\/schema\/logo\/image\/"}},{"@type":"Person","@id":"https:\/\/jornalfatosenoticias.com.br\/#\/schema\/person\/c33fcf5fb02d729d3fec92c6737a22d1","name":"Ana Maria Iencarelli","image":{"@type":"ImageObject","inLanguage":"pt-BR","@id":"https:\/\/jornalfatosenoticias.com.br\/#\/schema\/person\/image\/","url":"https:\/\/jornalfatosenoticias.com.br\/wp-content\/uploads\/2020\/02\/Ana-Maria-Iencarelli-1-150x150.jpg","contentUrl":"https:\/\/jornalfatosenoticias.com.br\/wp-content\/uploads\/2020\/02\/Ana-Maria-Iencarelli-1-150x150.jpg","caption":"Ana Maria Iencarelli"},"description":"Psicanalista Cl\u00ednica, especializada no atendimento a Crian\u00e7as e Adolescentes. Presidente da ONG Vozes de Anjos.","url":"https:\/\/jornalfatosenoticias.com.br\/index.php\/author\/anamaria\/"}]}},"cc_featured_image_caption":{"caption_text":"(Foto: iStock) ","source_text":"","source_url":""},"jetpack_featured_media_url":"https:\/\/jornalfatosenoticias.com.br\/wp-content\/uploads\/2023\/09\/garotinha_istock.jpg","_links":{"self":[{"href":"https:\/\/jornalfatosenoticias.com.br\/index.php\/wp-json\/wp\/v2\/posts\/45123","targetHints":{"allow":["GET"]}}],"collection":[{"href":"https:\/\/jornalfatosenoticias.com.br\/index.php\/wp-json\/wp\/v2\/posts"}],"about":[{"href":"https:\/\/jornalfatosenoticias.com.br\/index.php\/wp-json\/wp\/v2\/types\/post"}],"author":[{"embeddable":true,"href":"https:\/\/jornalfatosenoticias.com.br\/index.php\/wp-json\/wp\/v2\/users\/8"}],"replies":[{"embeddable":true,"href":"https:\/\/jornalfatosenoticias.com.br\/index.php\/wp-json\/wp\/v2\/comments?post=45123"}],"version-history":[{"count":0,"href":"https:\/\/jornalfatosenoticias.com.br\/index.php\/wp-json\/wp\/v2\/posts\/45123\/revisions"}],"wp:featuredmedia":[{"embeddable":true,"href":"https:\/\/jornalfatosenoticias.com.br\/index.php\/wp-json\/wp\/v2\/media\/45126"}],"wp:attachment":[{"href":"https:\/\/jornalfatosenoticias.com.br\/index.php\/wp-json\/wp\/v2\/media?parent=45123"}],"wp:term":[{"taxonomy":"category","embeddable":true,"href":"https:\/\/jornalfatosenoticias.com.br\/index.php\/wp-json\/wp\/v2\/categories?post=45123"},{"taxonomy":"post_tag","embeddable":true,"href":"https:\/\/jornalfatosenoticias.com.br\/index.php\/wp-json\/wp\/v2\/tags?post=45123"}],"curies":[{"name":"wp","href":"https:\/\/api.w.org\/{rel}","templated":true}]}}