{"id":45151,"date":"2023-09-14T14:48:47","date_gmt":"2023-09-14T17:48:47","guid":{"rendered":"https:\/\/jornalfatosenoticias.com.br\/?p=45151"},"modified":"2023-09-14T14:48:48","modified_gmt":"2023-09-14T17:48:48","slug":"a-semana-em-brasilia-e-no-es-dino-diz-que-brasil-pode-rever-adesao-ao-tribunal-penal-internacional","status":"publish","type":"post","link":"https:\/\/jornalfatosenoticias.com.br\/index.php\/2023\/09\/14\/a-semana-em-brasilia-e-no-es-dino-diz-que-brasil-pode-rever-adesao-ao-tribunal-penal-internacional\/","title":{"rendered":"A Semana em Bras\u00edlia e no ES \u2014 Dino diz que Brasil pode rever ades\u00e3o ao Tribunal Penal Internacional"},"content":{"rendered":"\n<div class=\"wp-block-image\"><figure class=\"aligncenter size-large\"><img loading=\"lazy\" decoding=\"async\" width=\"729\" height=\"90\" src=\"https:\/\/jornalfatosenoticias.com.br\/wp-content\/uploads\/2020\/02\/Logo_Mizu.png\" alt=\"\" class=\"wp-image-1441\" srcset=\"https:\/\/jornalfatosenoticias.com.br\/wp-content\/uploads\/2020\/02\/Logo_Mizu.png 729w, https:\/\/jornalfatosenoticias.com.br\/wp-content\/uploads\/2020\/02\/Logo_Mizu-300x37.png 300w\" sizes=\"auto, (max-width: 729px) 100vw, 729px\" \/><\/figure><\/div>\n\n\n\n<p>O ministro da Justi\u00e7a e Seguran\u00e7a P\u00fablica, Fl\u00e1vio Dino, disse na manh\u00e3 de quarta-feira (13) que o Brasil pode rever a ades\u00e3o ao Tribunal Penal Internacional(TPI). A justificativa do ministro \u00e9 que outras na\u00e7\u00f5es grandes n\u00e3o aderiram e, por isso, \u201cem algum momento\u201d, a diplomacia brasileira pode rever sua ades\u00e3o \u00e0 Corte, tamb\u00e9m conhecida como \u201cTribunal de Haia\u201d. \u201cO Tribunal Penal Internacional foi incorporado ao direito brasileiro, contudo muitos pa\u00edses do mundo, inclusive os mais poderosos do planeta, n\u00e3o o fizeram. O que o Lula alertou corretamente \u00e9 que h\u00e1 um desbalanceamento em que alguns pa\u00edses aderiram \u00e0 jurisdi\u00e7\u00e3o do Tribunal Penal Internacional e outros n\u00e3o, como EUA, China e outros pa\u00edses importantes do mundo. Isso significa que em algum momento a diplomacia brasileira pode rever essa ades\u00e3o a esse acordo, uma vez que n\u00e3o houve igualdade entre as na\u00e7\u00f5es na aplica\u00e7\u00e3o deste instrumento. Foi um alerta que Lula fez e \u00e9 claro que a diplomacia brasileira vai saber avaliar isso em outro momento\u201d, disse Dino.<\/p>\n\n\n\n<div class=\"wp-block-image\"><figure class=\"aligncenter size-large\"><img loading=\"lazy\" decoding=\"async\" width=\"300\" height=\"250\" src=\"https:\/\/jornalfatosenoticias.com.br\/wp-content\/uploads\/2020\/02\/Banner-2.png\" alt=\"\" class=\"wp-image-43787\"\/><\/figure><\/div>\n\n\n\n<p>Durante participa\u00e7\u00e3o na C\u00fapula do G20, Luiz In\u00e1cio Lula da Silva (PT) disse a um canal indiano que o presidente da R\u00fassia, Vladimir Putin, n\u00e3o seria preso caso viesse ao Brasil. O TPI condenou o chefe de Estado russo por crimes de guerra, portanto, todos os pa\u00edses signat\u00e1rios da Corte no chamado Estatuto de Roma devem prend\u00ea-lo caso ele esteja em seus territ\u00f3rios. Dino ainda afirmou que a decis\u00e3o sobre aderir ao tribunal \u00e9 pol\u00edtica, sob o mesmo argumento de que alguns pa\u00edses aderiram ao acordo e outros n\u00e3o. Por fim, ele ainda pontuou que a situa\u00e7\u00e3o que vem sendo tratada de forma hipot\u00e9tica, a vinda de Putin ao Brasil, n\u00e3o deve ocorrer. <\/p>\n\n\n\n<div class=\"wp-block-image\"><figure class=\"aligncenter size-large is-resized\"><img loading=\"lazy\" decoding=\"async\" src=\"https:\/\/jornalfatosenoticias.com.br\/wp-content\/uploads\/2023\/03\/nova-logo-Marquetti.jpg\" alt=\"\" class=\"wp-image-40207\" width=\"343\" height=\"230\" srcset=\"https:\/\/jornalfatosenoticias.com.br\/wp-content\/uploads\/2023\/03\/nova-logo-Marquetti.jpg 643w, https:\/\/jornalfatosenoticias.com.br\/wp-content\/uploads\/2023\/03\/nova-logo-Marquetti-300x202.jpg 300w\" sizes=\"auto, (max-width: 343px) 100vw, 343px\" \/><\/figure><\/div>\n\n\n\n<p>\u201c\u00c9 uma decis\u00e3o na verdade de natureza pol\u00edtica e seria preciso que essa situa\u00e7\u00e3o se configurasse para que houvesse uma an\u00e1lise sobre o cumprimento ou n\u00e3o desse tratado internacional \u00e0 vista dessa circunst\u00e2ncia concreta em que grandes pa\u00edses do planeta n\u00e3o aderiram \u00e0 jurisdi\u00e7\u00e3o do TPI, o que pode indicar que a revis\u00e3o do estatuto de Roma seja uma medida adequada, mas seria preciso haver a situa\u00e7\u00e3o concreta que n\u00e3o h\u00e1 e acho que dificilmente haver\u00e1\u201d, concluiu. <strong>(Fonte: Terra Brasil Not\u00edcias)<\/strong><\/p>\n\n\n\n<div class=\"wp-block-image\"><figure class=\"aligncenter size-large is-resized\"><img loading=\"lazy\" decoding=\"async\" src=\"https:\/\/jornalfatosenoticias.com.br\/wp-content\/uploads\/2023\/08\/ITH.jpeg\" alt=\"\" class=\"wp-image-44638\" width=\"313\" height=\"254\" srcset=\"https:\/\/jornalfatosenoticias.com.br\/wp-content\/uploads\/2023\/08\/ITH.jpeg 800w, https:\/\/jornalfatosenoticias.com.br\/wp-content\/uploads\/2023\/08\/ITH-300x244.jpeg 300w, https:\/\/jornalfatosenoticias.com.br\/wp-content\/uploads\/2023\/08\/ITH-768x624.jpeg 768w\" sizes=\"auto, (max-width: 313px) 100vw, 313px\" \/><\/figure><\/div>\n\n\n\n<hr class=\"wp-block-separator\"\/>\n\n\n\n<p><span class=\"has-inline-color has-black-color\"><strong>Brasileiros que se declaram de direita s\u00e3o o dobro dos que dizem ser de esquerda, aponta pesquisa<br><\/strong><em>Por <a href=\"https:\/\/www.conexaopolitica.com.br\/author\/raul\/\">Raul Holderf Nascimento<\/a><\/em><\/span><\/p>\n\n\n\n<div class=\"wp-block-image\"><figure class=\"aligncenter size-large\"><img loading=\"lazy\" decoding=\"async\" width=\"1000\" height=\"562\" src=\"https:\/\/jornalfatosenoticias.com.br\/wp-content\/uploads\/2023\/09\/BRASIL-E-DIREITA.jpg\" alt=\"\" class=\"wp-image-45152\" srcset=\"https:\/\/jornalfatosenoticias.com.br\/wp-content\/uploads\/2023\/09\/BRASIL-E-DIREITA.jpg 1000w, https:\/\/jornalfatosenoticias.com.br\/wp-content\/uploads\/2023\/09\/BRASIL-E-DIREITA-300x169.jpg 300w, https:\/\/jornalfatosenoticias.com.br\/wp-content\/uploads\/2023\/09\/BRASIL-E-DIREITA-768x432.jpg 768w\" sizes=\"auto, (max-width: 1000px) 100vw, 1000px\" \/><figcaption><em><span class=\"has-inline-color has-black-color\">(Foto: Reprodu\u00e7\u00e3o\/Brasil Paralelo)<\/span><\/em><\/figcaption><\/figure><\/div>\n\n\n\n<p>O levantamento <strong><em><span class=\"has-inline-color has-black-color\">\u201cA Cara da Democracia\u201d,<\/span><\/em><\/strong> conduzido pelo Instituto da Democracia em agosto, aponta que 22% dos brasileiros se consideram alinhados \u00e0 direita do espectro pol\u00edtico, enquanto apenas 11% se identificam com a esquerda.<br>Em 2019, no primeiro ano do mandato de <a href=\"https:\/\/www.conexaopolitica.com.br\/tag\/jair-bolsonaro\/\">Jair Bolsonaro<\/a>\u00a0(<a href=\"https:\/\/www.conexaopolitica.com.br\/tag\/pl\/\">PL<\/a>), cerca de 11% dos entrevistados se consideravam de direita. O n\u00famero daqueles que manifestavam alinhamento \u00e0 esquerda era de 6%. Al\u00e9m disso, a sondagem mostra que 79% dos entrevistados s\u00e3o contra a legaliza\u00e7\u00e3o do aborto e 70% s\u00e3o contr\u00e1rios \u00e0 descriminaliza\u00e7\u00e3o das drogas. O estudo envolveu 2,5 mil eleitores, todos entrevistados presencialmente em 167 cidades de todo o Brasil, durante os dias 22 a 29 de agosto. A margem de erro da pesquisa \u00e9 de 2 pontos percentuais para mais ou para menos, com um \u00edndice de confian\u00e7a de 95%. <strong>(Fonte: Conex\u00e3o Pol\u00edtica)<\/strong><\/p>\n\n\n\n<div class=\"wp-block-image\"><figure class=\"aligncenter size-large is-resized\"><img loading=\"lazy\" decoding=\"async\" src=\"https:\/\/jornalfatosenoticias.com.br\/wp-content\/uploads\/2023\/07\/lacremoda.jpg\" alt=\"\" class=\"wp-image-43706\" width=\"359\" height=\"201\" srcset=\"https:\/\/jornalfatosenoticias.com.br\/wp-content\/uploads\/2023\/07\/lacremoda.jpg 1024w, https:\/\/jornalfatosenoticias.com.br\/wp-content\/uploads\/2023\/07\/lacremoda-300x168.jpg 300w, https:\/\/jornalfatosenoticias.com.br\/wp-content\/uploads\/2023\/07\/lacremoda-768x431.jpg 768w\" sizes=\"auto, (max-width: 359px) 100vw, 359px\" \/><\/figure><\/div>\n\n\n\n<hr class=\"wp-block-separator\"\/>\n\n\n\n<p><strong><span class=\"has-inline-color has-black-color\">Presidente da C\u00e2mara dos EUA pede abertura de impeachment de Joe Biden<br><\/span><\/strong><em><span class=\"has-inline-color has-black-color\">Por <a href=\"https:\/\/www.conexaopolitica.com.br\/author\/raul\/\">Raul Holderf Nascimento<\/a><\/span><\/em><\/p>\n\n\n\n<div class=\"wp-block-image\"><figure class=\"aligncenter size-large\"><img loading=\"lazy\" decoding=\"async\" width=\"900\" height=\"506\" src=\"https:\/\/jornalfatosenoticias.com.br\/wp-content\/uploads\/2023\/09\/Impeachment-Joe-Biden.jpg\" alt=\"\" class=\"wp-image-45153\" srcset=\"https:\/\/jornalfatosenoticias.com.br\/wp-content\/uploads\/2023\/09\/Impeachment-Joe-Biden.jpg 900w, https:\/\/jornalfatosenoticias.com.br\/wp-content\/uploads\/2023\/09\/Impeachment-Joe-Biden-300x169.jpg 300w, https:\/\/jornalfatosenoticias.com.br\/wp-content\/uploads\/2023\/09\/Impeachment-Joe-Biden-768x432.jpg 768w\" sizes=\"auto, (max-width: 900px) 100vw, 900px\" \/><figcaption><em><span class=\"has-inline-color has-black-color\">(Foto: Reuters)<\/span><\/em><\/figcaption><\/figure><\/div>\n\n\n\n<p>O presidente da C\u00e2mara dos Representantes dos Estados Unidos, Kevin McCarthy, informou, nesta ter\u00e7a-feira (12), que determinou que os Comit\u00eas da Casa abram um inqu\u00e9rito formal de impeachment do presidente norte-americano, Joe Biden.<br>A partir da medida, os poderes de investiga\u00e7\u00e3o dos deputados ser\u00e3o ampliados. Os parlamentares apuram as den\u00fancias de que o democrata teria se beneficiado em neg\u00f3cios conduzidos pelo filho dele, Hunter Biden, enquanto era vice-presidente.<\/p>\n\n\n\n<div class=\"wp-block-image\"><figure class=\"aligncenter size-large is-resized\"><img loading=\"lazy\" decoding=\"async\" src=\"https:\/\/jornalfatosenoticias.com.br\/wp-content\/uploads\/2023\/03\/logo-Panper_portal.jpg\" alt=\"\" class=\"wp-image-40208\" width=\"316\" height=\"219\" srcset=\"https:\/\/jornalfatosenoticias.com.br\/wp-content\/uploads\/2023\/03\/logo-Panper_portal.jpg 400w, https:\/\/jornalfatosenoticias.com.br\/wp-content\/uploads\/2023\/03\/logo-Panper_portal-300x208.jpg 300w\" sizes=\"auto, (max-width: 316px) 100vw, 316px\" \/><\/figure><\/div>\n\n\n\n<p>&#8220;Nos \u00faltimos meses, republicanos descobriram s\u00e9rias e cr\u00edveis alega\u00e7\u00f5es sobre a conduta do presidente Biden. Juntas, essas alega\u00e7\u00f5es pintam uma imagem de cultura de corrup\u00e7\u00e3o&#8221;, afirmou McCarthy, em coletiva de imprensa.<br>Com a pauta do impeachment, McCarthy atua para evitar uma paralisa\u00e7\u00e3o do governo democrata, uma vez que, se n\u00e3o aprovar a legisla\u00e7\u00e3o do or\u00e7amento a tempo, a gest\u00e3o federal pode ser for\u00e7ada a travar uma s\u00e9rie opera\u00e7\u00f5es.<strong> (Fonte: Conex\u00e3o Pol\u00edtica)<\/strong><\/p>\n\n\n\n<div class=\"wp-block-image\"><figure class=\"aligncenter size-large is-resized\"><img loading=\"lazy\" decoding=\"async\" src=\"https:\/\/jornalfatosenoticias.com.br\/wp-content\/uploads\/2020\/02\/logo-Rapuzel-1024x571.jpg\" alt=\"\" class=\"wp-image-42808\" width=\"365\" height=\"203\" srcset=\"https:\/\/jornalfatosenoticias.com.br\/wp-content\/uploads\/2020\/02\/logo-Rapuzel-1024x571.jpg 1024w, https:\/\/jornalfatosenoticias.com.br\/wp-content\/uploads\/2020\/02\/logo-Rapuzel-300x167.jpg 300w, https:\/\/jornalfatosenoticias.com.br\/wp-content\/uploads\/2020\/02\/logo-Rapuzel-768x428.jpg 768w, https:\/\/jornalfatosenoticias.com.br\/wp-content\/uploads\/2020\/02\/logo-Rapuzel-1536x856.jpg 1536w, https:\/\/jornalfatosenoticias.com.br\/wp-content\/uploads\/2020\/02\/logo-Rapuzel.jpg 1600w\" sizes=\"auto, (max-width: 365px) 100vw, 365px\" \/><\/figure><\/div>\n\n\n\n<hr class=\"wp-block-separator\"\/>\n\n\n\n<p><strong><span class=\"has-inline-color has-black-color\">Ranking aponta Fabiano Contarato como senador com pior avalia\u00e7\u00e3o no Esp\u00edrito Santo<\/span><\/strong><\/p>\n\n\n\n<div class=\"wp-block-image\"><figure class=\"aligncenter size-large\"><img loading=\"lazy\" decoding=\"async\" width=\"750\" height=\"500\" src=\"https:\/\/jornalfatosenoticias.com.br\/wp-content\/uploads\/2023\/09\/filiacao-contarato-divulgacao-3.jpg\" alt=\"\" class=\"wp-image-45154\" srcset=\"https:\/\/jornalfatosenoticias.com.br\/wp-content\/uploads\/2023\/09\/filiacao-contarato-divulgacao-3.jpg 750w, https:\/\/jornalfatosenoticias.com.br\/wp-content\/uploads\/2023\/09\/filiacao-contarato-divulgacao-3-300x200.jpg 300w\" sizes=\"auto, (max-width: 750px) 100vw, 750px\" \/><figcaption><em><span class=\"has-inline-color has-black-color\">(Foto: Divulga\u00e7\u00e3o)<\/span><\/em><\/figcaption><\/figure><\/div>\n\n\n\n<p>O Ranking dos Pol\u00edticos, uma iniciativa da sociedade civil, lan\u00e7ou sua lupa sobre os representantes capixabas no Congresso Nacional, com o objetivo de avaliar e classificar o desempenho de senadores e deputados federais. O crit\u00e9rio central para a atribui\u00e7\u00e3o de notas \u00e9 o compromisso com a redu\u00e7\u00e3o de privil\u00e9gios, o combate ao desperd\u00edcio e o enfrentamento da corrup\u00e7\u00e3o no poder p\u00fablico. As informa\u00e7\u00f5es utilizadas para a an\u00e1lise s\u00e3o provenientes de fontes oficiais, como os sites da C\u00e2mara, do Senado e dos Tribunais de Justi\u00e7a.<\/p>\n\n\n\n<div class=\"wp-block-image\"><figure class=\"aligncenter size-large\"><img loading=\"lazy\" decoding=\"async\" width=\"300\" height=\"300\" src=\"https:\/\/jornalfatosenoticias.com.br\/wp-content\/uploads\/2020\/02\/casa-do-torresmo_portal.jpg\" alt=\"\" class=\"wp-image-34472\" srcset=\"https:\/\/jornalfatosenoticias.com.br\/wp-content\/uploads\/2020\/02\/casa-do-torresmo_portal.jpg 300w, https:\/\/jornalfatosenoticias.com.br\/wp-content\/uploads\/2020\/02\/casa-do-torresmo_portal-150x150.jpg 150w\" sizes=\"auto, (max-width: 300px) 100vw, 300px\" \/><\/figure><\/div>\n\n\n\n<p>Nessa revis\u00e3o recente, o site escrutinou a performance dos parlamentares do Esp\u00edrito Santo, revelando uma panor\u00e2mica interessante. Na parte inferior da lista, encontram-se os parlamentares do PT e do PSB, com destaque negativo para os senadores Fabiano Contarato (PT), que acumulou 4,44 pontos em uma escala total de 10, e o deputado Helder Salom\u00e3o (PT), obtendo a marca mais baixa entre todos os congressistas capixabas, com apenas 3,17 pontos. Tamb\u00e9m figuram na zona de baixa avalia\u00e7\u00e3o os deputados federais Paulo Foletto (PSB), com 3,77, e Jack Rocha (PT), que alcan\u00e7ou 3,62 pontos.<\/p>\n\n\n\n<div class=\"wp-block-image\"><figure class=\"aligncenter size-large is-resized\"><img loading=\"lazy\" decoding=\"async\" src=\"https:\/\/jornalfatosenoticias.com.br\/wp-content\/uploads\/2023\/08\/Steel.jpeg\" alt=\"\" class=\"wp-image-44634\" width=\"331\" height=\"269\" srcset=\"https:\/\/jornalfatosenoticias.com.br\/wp-content\/uploads\/2023\/08\/Steel.jpeg 800w, https:\/\/jornalfatosenoticias.com.br\/wp-content\/uploads\/2023\/08\/Steel-300x244.jpeg 300w, https:\/\/jornalfatosenoticias.com.br\/wp-content\/uploads\/2023\/08\/Steel-768x624.jpeg 768w\" sizes=\"auto, (max-width: 331px) 100vw, 331px\" \/><\/figure><\/div>\n\n\n\n<p>Por outro lado, pol\u00edticos que demonstraram boa produ\u00e7\u00e3o tamb\u00e9m ganharam destaque. O deputado Evair de Melo (PP) liderou o ranking capixaba com s\u00f3lidos 8,24 pontos, seguido de perto pelos senadores Marcos do Val (Podemos), com 8,35, e Magno Malta (PL), que atingiu 8,32 pontos. Outros pol\u00edticos com avalia\u00e7\u00f5es positivas incluem: Gilvan da Federal (PL), com 7,09, Messias Donato (Republicanos), com 6,70, Josias da Vit\u00f3ria (PP), que somou 6,49, Gilson Daniel (Podemos), com 5,60, Amaro Neto (Republicanos), com 5,51, e, na t\u00e1bua da beirada da tabela, Victor Linhalis (Podemos), com 5,01 pontos.<\/p>\n\n\n\n<div class=\"wp-block-image\"><figure class=\"aligncenter size-large is-resized\"><img loading=\"lazy\" decoding=\"async\" src=\"https:\/\/jornalfatosenoticias.com.br\/wp-content\/uploads\/2022\/10\/RC_800x750_page-0001.jpg\" alt=\"\" class=\"wp-image-35338\" width=\"299\" height=\"280\" srcset=\"https:\/\/jornalfatosenoticias.com.br\/wp-content\/uploads\/2022\/10\/RC_800x750_page-0001.jpg 400w, https:\/\/jornalfatosenoticias.com.br\/wp-content\/uploads\/2022\/10\/RC_800x750_page-0001-300x281.jpg 300w\" sizes=\"auto, (max-width: 299px) 100vw, 299px\" \/><\/figure><\/div>\n\n\n\n<p>Para calcular a pontua\u00e7\u00e3o final, o Ranking dos Pol\u00edticos utiliza pesos espec\u00edficos. As vota\u00e7\u00f5es t\u00eam um peso triplo (3x), enquanto os gastos (presen\u00e7as e economia de verbas) t\u00eam um peso duplo (2\u00f7). Processos judiciais (Ficha Limpa) impactam negativamente na nota final. Outros fatores tamb\u00e9m podem somar ou subtrair pontos. A f\u00f3rmula utilizada para calcular a nota final \u00e9 [(V x 3)+(G\/3)]\/4 + P + OT, onde V representa as vota\u00e7\u00f5es, G representa os gastos, P \u00e9 relacionado aos processos judiciais e OT abrange outros fatores. No geral, o Esp\u00edrito Santo conta com 13 parlamentares em Bras\u00edlia \u2014 tr\u00eas senadores e dez deputados.<\/p>\n\n\n\n<div class=\"wp-block-image\"><figure class=\"aligncenter size-large\"><img loading=\"lazy\" decoding=\"async\" width=\"300\" height=\"250\" src=\"https:\/\/jornalfatosenoticias.com.br\/wp-content\/uploads\/2022\/08\/arte-Casarao.jpg\" alt=\"\" class=\"wp-image-33178\"\/><\/figure><\/div>\n\n\n\n<hr class=\"wp-block-separator\"\/>\n\n\n\n<p><strong><span class=\"has-inline-color has-black-color\">Sob governo Lula, 7 de setembro esvaziado em Bras\u00edlia custou mais de R$ 3 milh\u00f5es<br><\/span><\/strong><em><span class=\"has-inline-color has-black-color\">Por <a href=\"https:\/\/www.conexaopolitica.com.br\/author\/raul\/\">Raul Holderf Nascimento<\/a><\/span><\/em><\/p>\n\n\n\n<div class=\"wp-block-image\"><figure class=\"aligncenter size-large\"><img loading=\"lazy\" decoding=\"async\" width=\"1024\" height=\"576\" src=\"https:\/\/jornalfatosenoticias.com.br\/wp-content\/uploads\/2023\/09\/7-de-setembro-esvaziado-em-Brasilia-1024x576.png\" alt=\"\" class=\"wp-image-45155\" srcset=\"https:\/\/jornalfatosenoticias.com.br\/wp-content\/uploads\/2023\/09\/7-de-setembro-esvaziado-em-Brasilia-1024x576.png 1024w, https:\/\/jornalfatosenoticias.com.br\/wp-content\/uploads\/2023\/09\/7-de-setembro-esvaziado-em-Brasilia-300x169.png 300w, https:\/\/jornalfatosenoticias.com.br\/wp-content\/uploads\/2023\/09\/7-de-setembro-esvaziado-em-Brasilia-768x432.png 768w, https:\/\/jornalfatosenoticias.com.br\/wp-content\/uploads\/2023\/09\/7-de-setembro-esvaziado-em-Brasilia-1536x864.png 1536w, https:\/\/jornalfatosenoticias.com.br\/wp-content\/uploads\/2023\/09\/7-de-setembro-esvaziado-em-Brasilia-2048x1152.png 2048w\" sizes=\"auto, (max-width: 1024px) 100vw, 1024px\" \/><figcaption><em><span class=\"has-inline-color has-black-color\">(Foto: Reprodu\u00e7\u00e3o)<\/span><\/em><\/figcaption><\/figure><\/div>\n\n\n\n<p>O governo de Luiz In\u00e1cio Lula da Silva (PT) desembolsou cerca de R$ 3 milh\u00f5es na contrata\u00e7\u00e3o da empresa que realizou a montagem e organiza\u00e7\u00e3o do desfile do 7 de Setembro. O montante \u00e9 mais que o dobro do gasto por Jair Bolsonaro (PL) em seu primeiro ano de mandato.<br>A empresa vencedora da licita\u00e7\u00e3o, inclusive, \u00e9 a mesma que realizou o primeiro desfile c\u00edvico-militar de Bolsonaro, em 2019. Ainda assim, os gastos foram maiores, resultando em R$ 1,8 milh\u00e3o a mais do que quatro anos atr\u00e1s.<\/p>\n\n\n\n<div class=\"wp-block-image\"><figure class=\"aligncenter size-large is-resized\"><img loading=\"lazy\" decoding=\"async\" src=\"https:\/\/jornalfatosenoticias.com.br\/wp-content\/uploads\/2023\/08\/BKR-1024x1021.jpg\" alt=\"\" class=\"wp-image-44494\" width=\"296\" height=\"295\" srcset=\"https:\/\/jornalfatosenoticias.com.br\/wp-content\/uploads\/2023\/08\/BKR-1024x1021.jpg 1024w, https:\/\/jornalfatosenoticias.com.br\/wp-content\/uploads\/2023\/08\/BKR-300x300.jpg 300w, https:\/\/jornalfatosenoticias.com.br\/wp-content\/uploads\/2023\/08\/BKR-150x150.jpg 150w, https:\/\/jornalfatosenoticias.com.br\/wp-content\/uploads\/2023\/08\/BKR-768x766.jpg 768w, https:\/\/jornalfatosenoticias.com.br\/wp-content\/uploads\/2023\/08\/BKR.jpg 1080w\" sizes=\"auto, (max-width: 296px) 100vw, 296px\" \/><\/figure><\/div>\n\n\n\n<p>Neste ano, a empresa M.M Faleiros Montagens e Eventos receber\u00e1 R$3,1 milh\u00f5es pela organiza\u00e7\u00e3o do tradicional evento de feriado de 7 de Setembro. Em 2019, a licitante venceu o preg\u00e3o organizado pelo governo Bolsonaro por R$ 971.500 mil, que, corrigidos pelo \u00edndice IPCA, equivalem a R$1,2 milh\u00e3o atualmente.<br>Sob Lula, o desfile c\u00edvico do Dia da Independ\u00eancia foi marcado por esvaziamento de p\u00fablico. Essa diminui\u00e7\u00e3o na presen\u00e7a contrasta com anos anteriores, incluindo o per\u00edodo da gest\u00e3o Bolsonaro, quando as cerim\u00f4nias atra\u00edram multid\u00f5es \u00e0 Esplanada dos Minist\u00e9rios. <strong>(Fonte: Conex\u00e3o Pol\u00edtica)<\/strong><\/p>\n\n\n\n<div class=\"wp-block-image\"><figure class=\"aligncenter size-large is-resized\"><img loading=\"lazy\" decoding=\"async\" src=\"https:\/\/jornalfatosenoticias.com.br\/wp-content\/uploads\/2023\/08\/LOGO-BLU-COMERCIAL-PRETO-1024x600.jpg\" alt=\"\" class=\"wp-image-44053\" width=\"311\" height=\"181\"\/><\/figure><\/div>\n\n\n\n<hr class=\"wp-block-separator\"\/>\n\n\n\n<p><span class=\"has-inline-color has-black-color\"><strong>Ap\u00f3s pol\u00eamicas protagonizadas por Lula, Dilma se re\u00fane com ditador e emite afirma\u00e7\u00f5es sobre o Brics<br><\/strong><em>Por Marcos Rocha<\/em><\/span><\/p>\n\n\n\n<div class=\"wp-block-image\"><figure class=\"aligncenter size-large\"><img loading=\"lazy\" decoding=\"async\" width=\"876\" height=\"484\" src=\"https:\/\/jornalfatosenoticias.com.br\/wp-content\/uploads\/2023\/09\/fruta-podre-e-dilmanta.jpg\" alt=\"\" class=\"wp-image-45156\" srcset=\"https:\/\/jornalfatosenoticias.com.br\/wp-content\/uploads\/2023\/09\/fruta-podre-e-dilmanta.jpg 876w, https:\/\/jornalfatosenoticias.com.br\/wp-content\/uploads\/2023\/09\/fruta-podre-e-dilmanta-300x166.jpg 300w, https:\/\/jornalfatosenoticias.com.br\/wp-content\/uploads\/2023\/09\/fruta-podre-e-dilmanta-768x424.jpg 768w\" sizes=\"auto, (max-width: 876px) 100vw, 876px\" \/><figcaption><em><span class=\"has-inline-color has-black-color\">(Foto: Reprodu\u00e7\u00e3o\/Twitter)<\/span><\/em><\/figcaption><\/figure><\/div>\n\n\n\n<p>O interesse internacional pelo Brics est\u00e1 em constante crescimento, e agora o presidente da Venezuela, Nicol\u00e1s Maduro, voltou a expressar seu desejo de fazer parte do grupo, que atualmente \u00e9 composto por Brasil, R\u00fassia, \u00cdndia, China e \u00c1frica do Sul.<br>No domingo (10), Maduro compartilhou nas redes sociais fotos de seu encontro com a ex-presidente do Brasil e presidente do Banco do Brics, Dilma Rousseff. Na legenda, ele afirmou que a Venezuela far\u00e1 parte do bloco \u201cmais cedo ou mais tarde\u201d.<\/p>\n\n\n\n<div class=\"wp-block-image\"><figure class=\"aligncenter size-large\"><img loading=\"lazy\" decoding=\"async\" width=\"300\" height=\"250\" src=\"https:\/\/jornalfatosenoticias.com.br\/wp-content\/uploads\/2022\/02\/FERRARI_MAQUINAS-E-FERRAMENTAS2.jpg\" alt=\"\" class=\"wp-image-27860\"\/><\/figure><\/div>\n\n\n\n<p>Em agosto, Maduro havia dito que a Venezuela havia oficialmente solicitado a ades\u00e3o ao Brics. Entretanto, na \u00faltima reuni\u00e3o do grupo realizada no final de agosto, outros pa\u00edses, como Ar\u00e1bia Saudita, Argentina, Egito, Emirados \u00c1rabes, Eti\u00f3pia e Ir\u00e3, foram admitidos, enquanto a Venezuela n\u00e3o foi inclu\u00edda.<br>Maduro tamb\u00e9m destacou em sua publica\u00e7\u00e3o com Dilma que considera a ex-presidente brasileira como uma \u201caliada\u201d e expressou sua \u201cgrande admira\u00e7\u00e3o\u201d pelo processo geopol\u00edtico que levou o Brics a ganhar relev\u00e2ncia internacional. <strong>(Fonte: Conex\u00e3o Pol\u00edtica)<\/strong><\/p>\n\n\n\n<div class=\"wp-block-image\"><figure class=\"aligncenter size-large is-resized\"><img loading=\"lazy\" decoding=\"async\" src=\"https:\/\/jornalfatosenoticias.com.br\/wp-content\/uploads\/2023\/08\/VSM-Group.jpeg\" alt=\"\" class=\"wp-image-44364\" width=\"295\" height=\"295\"\/><\/figure><\/div>\n\n\n\n<hr class=\"wp-block-separator\"\/>\n\n\n\n<p><strong><span class=\"has-inline-color has-black-color\">Governo Lula deu cargo a filho de G. Dias um m\u00eas ap\u00f3s o 8 de Janeiro<\/span><\/strong><\/p>\n\n\n\n<div class=\"wp-block-image\"><figure class=\"aligncenter size-large\"><img loading=\"lazy\" decoding=\"async\" width=\"800\" height=\"537\" src=\"https:\/\/jornalfatosenoticias.com.br\/wp-content\/uploads\/2023\/09\/MOLUSCO-E-G.-DIAS.jpg\" alt=\"\" class=\"wp-image-45157\" srcset=\"https:\/\/jornalfatosenoticias.com.br\/wp-content\/uploads\/2023\/09\/MOLUSCO-E-G.-DIAS.jpg 800w, https:\/\/jornalfatosenoticias.com.br\/wp-content\/uploads\/2023\/09\/MOLUSCO-E-G.-DIAS-300x201.jpg 300w, https:\/\/jornalfatosenoticias.com.br\/wp-content\/uploads\/2023\/09\/MOLUSCO-E-G.-DIAS-768x516.jpg 768w\" sizes=\"auto, (max-width: 800px) 100vw, 800px\" \/><figcaption><em><span class=\"has-inline-color has-black-color\">(Foto: Ricardo Stuckert)<\/span><\/em><\/figcaption><\/figure><\/div>\n\n\n\n<p>Filho do general Gon\u00e7alves Dias (G. Dias), investigado por omiss\u00e3o no 8 de Janeiro, Gabriel Lopes Gon\u00e7alves Dias, de 38 anos, foi nomeado para cargo comissionado no governo Lula um m\u00eas ap\u00f3s as depreda\u00e7\u00f5es. A nomea\u00e7\u00e3o para cargo de chefia no Minist\u00e9rio dos Portos e Aeroportos foi assinada em 8 de fevereiro pelo ministro M\u00e1rcio Fran\u00e7a.<\/p>\n\n\n\n<div class=\"wp-block-image\"><figure class=\"aligncenter size-large\"><img loading=\"lazy\" decoding=\"async\" width=\"300\" height=\"137\" src=\"https:\/\/jornalfatosenoticias.com.br\/wp-content\/uploads\/2023\/06\/LOGO_JULIANA-GRACA_PORTAL.jpg\" alt=\"\" class=\"wp-image-42597\"\/><\/figure><\/div>\n\n\n\n<p>Como servidor do governo Lula, Gon\u00e7alves Dias, o filho, tem recebido remunera\u00e7\u00e3o mensal de R$ 11,3 mil, acrescida de uma verba indenizat\u00f3ria de R$ 658. Atualmente, ele comanda a Assessoria de Assuntos Parlamentares e Federativos do minist\u00e9rio.<\/p>\n\n\n\n<div class=\"wp-block-image\"><figure class=\"aligncenter size-large is-resized\"><img loading=\"lazy\" decoding=\"async\" src=\"https:\/\/jornalfatosenoticias.com.br\/wp-content\/uploads\/2022\/02\/Precisao-Contabilidade-1024x724.jpg\" alt=\"\" class=\"wp-image-28088\" width=\"341\" height=\"241\"\/><\/figure><\/div>\n\n\n\n<p>Na \u00e9poca da nomea\u00e7\u00e3o, Gon\u00e7alves Dias, o pai, ainda comandava o Gabinete de Seguran\u00e7a Institucional da Presid\u00eancia da Rep\u00fablica. E j\u00e1 era acusado pela oposi\u00e7\u00e3o de ter permitido a entrada de invasores no Pal\u00e1cio do Planalto. Lula decidiu exoner\u00e1-lo em abril, ap\u00f3s a divulga\u00e7\u00e3o de imagens do circuito interno de seguran\u00e7a. Como mostrou a coluna, os pr\u00f3prios chefes da Ag\u00eancia Brasileira de Intelig\u00eancia (Abin) desconfiaram da equipe de G. Dias, dada a facilidade com que v\u00e2ndalos entraram no Planalto.<\/p>\n\n\n\n<div class=\"wp-block-image\"><figure class=\"aligncenter size-large is-resized\"><img loading=\"lazy\" decoding=\"async\" src=\"https:\/\/jornalfatosenoticias.com.br\/wp-content\/uploads\/2020\/02\/CONTROL-CS.jpg\" alt=\"\" class=\"wp-image-44991\" width=\"317\" height=\"380\" srcset=\"https:\/\/jornalfatosenoticias.com.br\/wp-content\/uploads\/2020\/02\/CONTROL-CS.jpg 834w, https:\/\/jornalfatosenoticias.com.br\/wp-content\/uploads\/2020\/02\/CONTROL-CS-250x300.jpg 250w, https:\/\/jornalfatosenoticias.com.br\/wp-content\/uploads\/2020\/02\/CONTROL-CS-768x921.jpg 768w\" sizes=\"auto, (max-width: 317px) 100vw, 317px\" \/><\/figure><\/div>\n\n\n\n<p><strong><span class=\"has-inline-color has-black-color\">Advogado petista<br><\/span><\/strong>Em di\u00e1logos no celular de G. Dias, Gabriel aparece como articulador para tentar melhorar a situa\u00e7\u00e3o do ex-GSI na CPMI do 8 de Janeiro. Em uma das mensagens, G. Dias afirma que seu filho aproveitaria uma visita do presidente da comiss\u00e3o, deputado Arthur Maia, ao Minist\u00e9rio dos Portos e Aeroportos, para tentar abord\u00e1-lo.<\/p>\n\n\n\n<div class=\"wp-block-image\"><figure class=\"aligncenter size-large\"><img decoding=\"async\" src=\"https:\/\/jornalfatosenoticias.com.br\/wp-content\/uploads\/2020\/02\/barao-das-carnes-300x164-1.jpg\" alt=\"\" class=\"wp-image-34339\"\/><\/figure><\/div>\n\n\n\n<p>A revela\u00e7\u00e3o foi feita por G. Dias ao advogado Jo\u00e3o Paulo Cunha, ex-deputado filiado ao PT e condenado no \u00e2mbito do Mensal\u00e3o. O petista \u00e9 um dos encarregados da defesa do ex-GSI de Lula. Antes de ocupar o cargo no governo, Gabriel Dias havia atuado no gabinete do ex-deputado federal Danilo Cabral e como assessor t\u00e9cnico na presid\u00eancia da C\u00e2mara dos Deputados. <strong>(Fonte: Terra Brasil Not\u00edcias)<\/strong><\/p>\n\n\n\n<div class=\"wp-block-image\"><figure class=\"aligncenter size-large is-resized\"><img loading=\"lazy\" decoding=\"async\" src=\"https:\/\/jornalfatosenoticias.com.br\/wp-content\/uploads\/2022\/10\/Arte-jornal-Zucchi-600x600_Prancheta-1-1024x1024.jpg\" alt=\"\" class=\"wp-image-34782\" width=\"267\" height=\"267\" srcset=\"https:\/\/jornalfatosenoticias.com.br\/wp-content\/uploads\/2022\/10\/Arte-jornal-Zucchi-600x600_Prancheta-1-1024x1024.jpg 1024w, https:\/\/jornalfatosenoticias.com.br\/wp-content\/uploads\/2022\/10\/Arte-jornal-Zucchi-600x600_Prancheta-1-300x300.jpg 300w, https:\/\/jornalfatosenoticias.com.br\/wp-content\/uploads\/2022\/10\/Arte-jornal-Zucchi-600x600_Prancheta-1-150x150.jpg 150w, https:\/\/jornalfatosenoticias.com.br\/wp-content\/uploads\/2022\/10\/Arte-jornal-Zucchi-600x600_Prancheta-1-768x768.jpg 768w, https:\/\/jornalfatosenoticias.com.br\/wp-content\/uploads\/2022\/10\/Arte-jornal-Zucchi-600x600_Prancheta-1.jpg 1250w\" sizes=\"auto, (max-width: 267px) 100vw, 267px\" \/><\/figure><\/div>\n\n\n\n<hr class=\"wp-block-separator\"\/>\n\n\n\n<p><span class=\"has-inline-color has-black-color\"><strong>Kim Jong-Un diz que est\u00e1 junto com Putin \u201cna luta contra o imperialismo\u201d<br><\/strong><\/span><em><span class=\"has-inline-color has-black-color\">Por Isabella de Paula<\/span><br><\/em><\/p>\n\n\n\n<div class=\"wp-block-image\"><figure class=\"aligncenter size-large\"><img loading=\"lazy\" decoding=\"async\" width=\"960\" height=\"540\" src=\"https:\/\/jornalfatosenoticias.com.br\/wp-content\/uploads\/2023\/09\/Kim-Jong-Un-e-Putin.jpg\" alt=\"\" class=\"wp-image-45158\" srcset=\"https:\/\/jornalfatosenoticias.com.br\/wp-content\/uploads\/2023\/09\/Kim-Jong-Un-e-Putin.jpg 960w, https:\/\/jornalfatosenoticias.com.br\/wp-content\/uploads\/2023\/09\/Kim-Jong-Un-e-Putin-300x169.jpg 300w, https:\/\/jornalfatosenoticias.com.br\/wp-content\/uploads\/2023\/09\/Kim-Jong-Un-e-Putin-768x432.jpg 768w\" sizes=\"auto, (max-width: 960px) 100vw, 960px\" \/><figcaption><em><span class=\"has-inline-color has-black-color\">(Foto: Reprodu\u00e7\u00e3o)<\/span><\/em><\/figcaption><\/figure><\/div>\n\n\n\n<p>O ditador da Coreia do Norte, Kim Jong-Un, chegou \u00e0 R\u00fassia nesta semana e teve o seu primeiro encontro com o chefe do Kremlin, Vladimir Putin, nesta quarta-feira (13), no Centro Espacial russo de Vostochny. Durante a reuni\u00e3o, que teve dura\u00e7\u00e3o de aproximadamente uma hora e meia, o l\u00edder norte-coreano reafirmou seu apoio a Moscou na &#8220;luta sagrada para proteger sua soberania e seguran\u00e7a&#8221; no conflito contra a Ucr\u00e2nia. Al\u00e9m disso, Kim disse que os pa\u00edses s\u00e3o parceiros no &#8220;combate ao imperialismo&#8221;, garantindo que Pyongyang apoia \u201ctodas as decis\u00f5es\u201d de Putin.<\/p>\n\n\n\n<div class=\"wp-block-image\"><figure class=\"aligncenter size-large\"><img decoding=\"async\" src=\"https:\/\/jornalfatosenoticias.com.br\/wp-content\/uploads\/2020\/02\/logo_esteio.jpg\" alt=\"\" class=\"wp-image-1214\"\/><\/figure><\/div>\n\n\n\n<p>Segundo a ag\u00eancia Interfax, ap\u00f3s o encontro presencial, os l\u00edderes participar\u00e3o de um almo\u00e7o oferecido pelo l\u00edder russo em homenagem ao seu convidado. Kim viajou para a R\u00fassia com uma delega\u00e7\u00e3o que inclui os ministros da Defesa e das Rela\u00e7\u00f5es Exteriores, al\u00e9m de altos funcion\u00e1rios militares, incluindo o diretor do Departamento Industrial de Muni\u00e7\u00f5es e tamb\u00e9m o secret\u00e1rio de Ci\u00eancia e Educa\u00e7\u00e3o do Comit\u00ea Central do Partido dos Trabalhadores, que est\u00e1 ligado ao programa espacial norte-coreano.<br>Do lado russo, participaram na reuni\u00e3o os Ministros dos Neg\u00f3cios Estrangeiros e da Defesa, respectivamente Sergei Lavrov e Sergei Shoigu. O \u00faltimo encontro entre os l\u00edderes ocorreu em 2019, na R\u00fassia.<\/p>\n\n\n\n<div class=\"wp-block-image\"><figure class=\"aligncenter size-large is-resized\"><img loading=\"lazy\" decoding=\"async\" src=\"https:\/\/jornalfatosenoticias.com.br\/wp-content\/uploads\/2023\/09\/vetorvix1024_1.jpg\" alt=\"\" class=\"wp-image-44868\" width=\"471\" height=\"125\" srcset=\"https:\/\/jornalfatosenoticias.com.br\/wp-content\/uploads\/2023\/09\/vetorvix1024_1.jpg 1024w, https:\/\/jornalfatosenoticias.com.br\/wp-content\/uploads\/2023\/09\/vetorvix1024_1-300x80.jpg 300w, https:\/\/jornalfatosenoticias.com.br\/wp-content\/uploads\/2023\/09\/vetorvix1024_1-768x205.jpg 768w\" sizes=\"auto, (max-width: 471px) 100vw, 471px\" \/><\/figure><\/div>\n\n\n\n<p>Pouco antes da reuni\u00e3o, Putin explicou \u00e0 imprensa que escolheu o cosm\u00f3dromo de Vostochny para a reuni\u00e3o porque o l\u00edder norte-coreano \u201ctem um grande interesse em foguetes\u201d. A agenda da reuni\u00e3o incluiu rela\u00e7\u00f5es e coopera\u00e7\u00e3o bilaterais, la\u00e7os comerciais e econ\u00f4micos, bem como interc\u00e2mbios culturais, assuntos internacionais e regionais, entre outros temas descritos como \u201csens\u00edveis\u201d pelo Kremlin. <strong>(Fonte: Gazeta do Povo)<\/strong><\/p>\n\n\n\n<hr class=\"wp-block-separator\"\/>\n","protected":false},"excerpt":{"rendered":"<p>O ministro da Justi\u00e7a e Seguran\u00e7a P\u00fablica, Fl\u00e1vio Dino, disse na manh\u00e3 de quarta-feira (13) que o Brasil pode rever a ades\u00e3o ao Tribunal Penal Internacional(TPI). A justificativa do ministro \u00e9 que outras na\u00e7\u00f5es grandes n\u00e3o aderiram e, por isso, \u201cem algum momento\u201d, a diplomacia brasileira pode rever sua ades\u00e3o \u00e0 Corte, tamb\u00e9m conhecida como [&hellip;]<\/p>\n","protected":false},"author":3,"featured_media":45160,"comment_status":"open","ping_status":"open","sticky":false,"template":"","format":"standard","meta":{"footnotes":""},"categories":[10],"tags":[21278,4721,1865,13312,14144,7580,20223,8605],"class_list":["post-45151","post","type-post","status-publish","format-standard","has-post-thumbnail","hentry","category-politica","tag-3-milhoes","tag-7-de-setembro","tag-brasilia","tag-brics","tag-dilma","tag-lula","tag-maduro","tag-venezuela"],"yoast_head":"<!-- This site is optimized with the Yoast SEO plugin v26.5 - https:\/\/yoast.com\/wordpress\/plugins\/seo\/ -->\n<title>A Semana em Bras\u00edlia e no ES \u2014 Dino diz que Brasil pode rever ades\u00e3o ao Tribunal Penal Internacional - Jornal Fatos e Not\u00edcias<\/title>\n<meta name=\"robots\" content=\"index, follow, max-snippet:-1, max-image-preview:large, max-video-preview:-1\" \/>\n<link rel=\"canonical\" href=\"https:\/\/jornalfatosenoticias.com.br\/index.php\/2023\/09\/14\/a-semana-em-brasilia-e-no-es-dino-diz-que-brasil-pode-rever-adesao-ao-tribunal-penal-internacional\/\" \/>\n<meta property=\"og:locale\" content=\"pt_BR\" \/>\n<meta property=\"og:type\" content=\"article\" \/>\n<meta property=\"og:title\" content=\"A Semana em Bras\u00edlia e no ES \u2014 Dino diz que Brasil pode rever ades\u00e3o ao Tribunal Penal Internacional - Jornal Fatos e Not\u00edcias\" \/>\n<meta property=\"og:description\" content=\"O ministro da Justi\u00e7a e Seguran\u00e7a P\u00fablica, Fl\u00e1vio Dino, disse na manh\u00e3 de quarta-feira (13) que o Brasil pode rever a ades\u00e3o ao Tribunal Penal Internacional(TPI). A justificativa do ministro \u00e9 que outras na\u00e7\u00f5es grandes n\u00e3o aderiram e, por isso, \u201cem algum momento\u201d, a diplomacia brasileira pode rever sua ades\u00e3o \u00e0 Corte, tamb\u00e9m conhecida como [&hellip;]\" \/>\n<meta property=\"og:url\" content=\"https:\/\/jornalfatosenoticias.com.br\/index.php\/2023\/09\/14\/a-semana-em-brasilia-e-no-es-dino-diz-que-brasil-pode-rever-adesao-ao-tribunal-penal-internacional\/\" \/>\n<meta property=\"og:site_name\" content=\"Jornal Fatos e Not\u00edcias\" \/>\n<meta property=\"article:published_time\" content=\"2023-09-14T17:48:47+00:00\" \/>\n<meta property=\"article:modified_time\" content=\"2023-09-14T17:48:48+00:00\" \/>\n<meta property=\"og:image\" content=\"https:\/\/jornalfatosenoticias.com.br\/wp-content\/uploads\/2023\/09\/SAURO-E-MOLUSCO.jpg\" \/>\n\t<meta property=\"og:image:width\" content=\"677\" \/>\n\t<meta property=\"og:image:height\" content=\"450\" \/>\n\t<meta property=\"og:image:type\" content=\"image\/jpeg\" \/>\n<meta name=\"author\" content=\"Haroldo Filho\" \/>\n<meta name=\"twitter:card\" content=\"summary_large_image\" \/>\n<meta name=\"twitter:label1\" content=\"Escrito por\" \/>\n\t<meta name=\"twitter:data1\" content=\"Haroldo Filho\" \/>\n\t<meta name=\"twitter:label2\" content=\"Est. tempo de leitura\" \/>\n\t<meta name=\"twitter:data2\" content=\"11 minutos\" \/>\n<script type=\"application\/ld+json\" class=\"yoast-schema-graph\">{\"@context\":\"https:\/\/schema.org\",\"@graph\":[{\"@type\":\"Article\",\"@id\":\"https:\/\/jornalfatosenoticias.com.br\/index.php\/2023\/09\/14\/a-semana-em-brasilia-e-no-es-dino-diz-que-brasil-pode-rever-adesao-ao-tribunal-penal-internacional\/#article\",\"isPartOf\":{\"@id\":\"https:\/\/jornalfatosenoticias.com.br\/index.php\/2023\/09\/14\/a-semana-em-brasilia-e-no-es-dino-diz-que-brasil-pode-rever-adesao-ao-tribunal-penal-internacional\/\"},\"author\":{\"name\":\"Haroldo Filho\",\"@id\":\"https:\/\/jornalfatosenoticias.com.br\/#\/schema\/person\/05c46cc25b42a5c27e004fb0fa6b4965\"},\"headline\":\"A Semana em Bras\u00edlia e no ES \u2014 Dino diz que Brasil pode rever ades\u00e3o ao Tribunal Penal Internacional\",\"datePublished\":\"2023-09-14T17:48:47+00:00\",\"dateModified\":\"2023-09-14T17:48:48+00:00\",\"mainEntityOfPage\":{\"@id\":\"https:\/\/jornalfatosenoticias.com.br\/index.php\/2023\/09\/14\/a-semana-em-brasilia-e-no-es-dino-diz-que-brasil-pode-rever-adesao-ao-tribunal-penal-internacional\/\"},\"wordCount\":2243,\"commentCount\":0,\"publisher\":{\"@id\":\"https:\/\/jornalfatosenoticias.com.br\/#organization\"},\"image\":{\"@id\":\"https:\/\/jornalfatosenoticias.com.br\/index.php\/2023\/09\/14\/a-semana-em-brasilia-e-no-es-dino-diz-que-brasil-pode-rever-adesao-ao-tribunal-penal-internacional\/#primaryimage\"},\"thumbnailUrl\":\"https:\/\/jornalfatosenoticias.com.br\/wp-content\/uploads\/2023\/09\/SAURO-E-MOLUSCO.jpg\",\"keywords\":[\"3 milh\u00f5es\",\"7 de Setembro\",\"Bras\u00edlia\",\"Brics\",\"Dilma\",\"Lula\",\"Maduro\",\"Venezuela\"],\"articleSection\":[\"Pol\u00edtica\"],\"inLanguage\":\"pt-BR\",\"potentialAction\":[{\"@type\":\"CommentAction\",\"name\":\"Comment\",\"target\":[\"https:\/\/jornalfatosenoticias.com.br\/index.php\/2023\/09\/14\/a-semana-em-brasilia-e-no-es-dino-diz-que-brasil-pode-rever-adesao-ao-tribunal-penal-internacional\/#respond\"]}]},{\"@type\":\"WebPage\",\"@id\":\"https:\/\/jornalfatosenoticias.com.br\/index.php\/2023\/09\/14\/a-semana-em-brasilia-e-no-es-dino-diz-que-brasil-pode-rever-adesao-ao-tribunal-penal-internacional\/\",\"url\":\"https:\/\/jornalfatosenoticias.com.br\/index.php\/2023\/09\/14\/a-semana-em-brasilia-e-no-es-dino-diz-que-brasil-pode-rever-adesao-ao-tribunal-penal-internacional\/\",\"name\":\"A Semana em Bras\u00edlia e no ES \u2014 Dino diz que Brasil pode rever ades\u00e3o ao Tribunal Penal Internacional - Jornal Fatos e Not\u00edcias\",\"isPartOf\":{\"@id\":\"https:\/\/jornalfatosenoticias.com.br\/#website\"},\"primaryImageOfPage\":{\"@id\":\"https:\/\/jornalfatosenoticias.com.br\/index.php\/2023\/09\/14\/a-semana-em-brasilia-e-no-es-dino-diz-que-brasil-pode-rever-adesao-ao-tribunal-penal-internacional\/#primaryimage\"},\"image\":{\"@id\":\"https:\/\/jornalfatosenoticias.com.br\/index.php\/2023\/09\/14\/a-semana-em-brasilia-e-no-es-dino-diz-que-brasil-pode-rever-adesao-ao-tribunal-penal-internacional\/#primaryimage\"},\"thumbnailUrl\":\"https:\/\/jornalfatosenoticias.com.br\/wp-content\/uploads\/2023\/09\/SAURO-E-MOLUSCO.jpg\",\"datePublished\":\"2023-09-14T17:48:47+00:00\",\"dateModified\":\"2023-09-14T17:48:48+00:00\",\"breadcrumb\":{\"@id\":\"https:\/\/jornalfatosenoticias.com.br\/index.php\/2023\/09\/14\/a-semana-em-brasilia-e-no-es-dino-diz-que-brasil-pode-rever-adesao-ao-tribunal-penal-internacional\/#breadcrumb\"},\"inLanguage\":\"pt-BR\",\"potentialAction\":[{\"@type\":\"ReadAction\",\"target\":[\"https:\/\/jornalfatosenoticias.com.br\/index.php\/2023\/09\/14\/a-semana-em-brasilia-e-no-es-dino-diz-que-brasil-pode-rever-adesao-ao-tribunal-penal-internacional\/\"]}]},{\"@type\":\"ImageObject\",\"inLanguage\":\"pt-BR\",\"@id\":\"https:\/\/jornalfatosenoticias.com.br\/index.php\/2023\/09\/14\/a-semana-em-brasilia-e-no-es-dino-diz-que-brasil-pode-rever-adesao-ao-tribunal-penal-internacional\/#primaryimage\",\"url\":\"https:\/\/jornalfatosenoticias.com.br\/wp-content\/uploads\/2023\/09\/SAURO-E-MOLUSCO.jpg\",\"contentUrl\":\"https:\/\/jornalfatosenoticias.com.br\/wp-content\/uploads\/2023\/09\/SAURO-E-MOLUSCO.jpg\",\"width\":677,\"height\":450},{\"@type\":\"BreadcrumbList\",\"@id\":\"https:\/\/jornalfatosenoticias.com.br\/index.php\/2023\/09\/14\/a-semana-em-brasilia-e-no-es-dino-diz-que-brasil-pode-rever-adesao-ao-tribunal-penal-internacional\/#breadcrumb\",\"itemListElement\":[{\"@type\":\"ListItem\",\"position\":1,\"name\":\"In\u00edcio\",\"item\":\"https:\/\/jornalfatosenoticias.com.br\/\"},{\"@type\":\"ListItem\",\"position\":2,\"name\":\"A Semana em Bras\u00edlia e no ES \u2014 Dino diz que Brasil pode rever ades\u00e3o ao Tribunal Penal Internacional\"}]},{\"@type\":\"WebSite\",\"@id\":\"https:\/\/jornalfatosenoticias.com.br\/#website\",\"url\":\"https:\/\/jornalfatosenoticias.com.br\/\",\"name\":\"Jornal Fatos e Not\u00edcias\",\"description\":\"Not\u00edcias em geral\",\"publisher\":{\"@id\":\"https:\/\/jornalfatosenoticias.com.br\/#organization\"},\"potentialAction\":[{\"@type\":\"SearchAction\",\"target\":{\"@type\":\"EntryPoint\",\"urlTemplate\":\"https:\/\/jornalfatosenoticias.com.br\/?s={search_term_string}\"},\"query-input\":{\"@type\":\"PropertyValueSpecification\",\"valueRequired\":true,\"valueName\":\"search_term_string\"}}],\"inLanguage\":\"pt-BR\"},{\"@type\":\"Organization\",\"@id\":\"https:\/\/jornalfatosenoticias.com.br\/#organization\",\"name\":\"Jornal Fatos e Not\u00edcias\",\"url\":\"https:\/\/jornalfatosenoticias.com.br\/\",\"logo\":{\"@type\":\"ImageObject\",\"inLanguage\":\"pt-BR\",\"@id\":\"https:\/\/jornalfatosenoticias.com.br\/#\/schema\/logo\/image\/\",\"url\":\"https:\/\/jornalfatosenoticias.com.br\/wp-content\/uploads\/2020\/02\/logo120.png\",\"contentUrl\":\"https:\/\/jornalfatosenoticias.com.br\/wp-content\/uploads\/2020\/02\/logo120.png\",\"width\":1227,\"height\":120,\"caption\":\"Jornal Fatos e Not\u00edcias\"},\"image\":{\"@id\":\"https:\/\/jornalfatosenoticias.com.br\/#\/schema\/logo\/image\/\"}},{\"@type\":\"Person\",\"@id\":\"https:\/\/jornalfatosenoticias.com.br\/#\/schema\/person\/05c46cc25b42a5c27e004fb0fa6b4965\",\"name\":\"Haroldo Filho\",\"image\":{\"@type\":\"ImageObject\",\"inLanguage\":\"pt-BR\",\"@id\":\"https:\/\/jornalfatosenoticias.com.br\/#\/schema\/person\/image\/\",\"url\":\"https:\/\/jornalfatosenoticias.com.br\/wp-content\/uploads\/2025\/08\/WhatsApp-Image-2025-08-18-at-15.30.28-150x150.jpeg\",\"contentUrl\":\"https:\/\/jornalfatosenoticias.com.br\/wp-content\/uploads\/2025\/08\/WhatsApp-Image-2025-08-18-at-15.30.28-150x150.jpeg\",\"caption\":\"Haroldo Filho\"},\"description\":\"Jornalista \u2013 DRT: 0003818\/ES Coordenador-geral da ONG Educar para Crescer\",\"url\":\"https:\/\/jornalfatosenoticias.com.br\/index.php\/author\/haroldo\/\"}]}<\/script>\n<!-- \/ Yoast SEO plugin. -->","yoast_head_json":{"title":"A Semana em Bras\u00edlia e no ES \u2014 Dino diz que Brasil pode rever ades\u00e3o ao Tribunal Penal Internacional - Jornal Fatos e Not\u00edcias","robots":{"index":"index","follow":"follow","max-snippet":"max-snippet:-1","max-image-preview":"max-image-preview:large","max-video-preview":"max-video-preview:-1"},"canonical":"https:\/\/jornalfatosenoticias.com.br\/index.php\/2023\/09\/14\/a-semana-em-brasilia-e-no-es-dino-diz-que-brasil-pode-rever-adesao-ao-tribunal-penal-internacional\/","og_locale":"pt_BR","og_type":"article","og_title":"A Semana em Bras\u00edlia e no ES \u2014 Dino diz que Brasil pode rever ades\u00e3o ao Tribunal Penal Internacional - Jornal Fatos e Not\u00edcias","og_description":"O ministro da Justi\u00e7a e Seguran\u00e7a P\u00fablica, Fl\u00e1vio Dino, disse na manh\u00e3 de quarta-feira (13) que o Brasil pode rever a ades\u00e3o ao Tribunal Penal Internacional(TPI). A justificativa do ministro \u00e9 que outras na\u00e7\u00f5es grandes n\u00e3o aderiram e, por isso, \u201cem algum momento\u201d, a diplomacia brasileira pode rever sua ades\u00e3o \u00e0 Corte, tamb\u00e9m conhecida como [&hellip;]","og_url":"https:\/\/jornalfatosenoticias.com.br\/index.php\/2023\/09\/14\/a-semana-em-brasilia-e-no-es-dino-diz-que-brasil-pode-rever-adesao-ao-tribunal-penal-internacional\/","og_site_name":"Jornal Fatos e Not\u00edcias","article_published_time":"2023-09-14T17:48:47+00:00","article_modified_time":"2023-09-14T17:48:48+00:00","og_image":[{"width":677,"height":450,"url":"https:\/\/jornalfatosenoticias.com.br\/wp-content\/uploads\/2023\/09\/SAURO-E-MOLUSCO.jpg","type":"image\/jpeg"}],"author":"Haroldo Filho","twitter_card":"summary_large_image","twitter_misc":{"Escrito por":"Haroldo Filho","Est. tempo de leitura":"11 minutos"},"schema":{"@context":"https:\/\/schema.org","@graph":[{"@type":"Article","@id":"https:\/\/jornalfatosenoticias.com.br\/index.php\/2023\/09\/14\/a-semana-em-brasilia-e-no-es-dino-diz-que-brasil-pode-rever-adesao-ao-tribunal-penal-internacional\/#article","isPartOf":{"@id":"https:\/\/jornalfatosenoticias.com.br\/index.php\/2023\/09\/14\/a-semana-em-brasilia-e-no-es-dino-diz-que-brasil-pode-rever-adesao-ao-tribunal-penal-internacional\/"},"author":{"name":"Haroldo Filho","@id":"https:\/\/jornalfatosenoticias.com.br\/#\/schema\/person\/05c46cc25b42a5c27e004fb0fa6b4965"},"headline":"A Semana em Bras\u00edlia e no ES \u2014 Dino diz que Brasil pode rever ades\u00e3o ao Tribunal Penal Internacional","datePublished":"2023-09-14T17:48:47+00:00","dateModified":"2023-09-14T17:48:48+00:00","mainEntityOfPage":{"@id":"https:\/\/jornalfatosenoticias.com.br\/index.php\/2023\/09\/14\/a-semana-em-brasilia-e-no-es-dino-diz-que-brasil-pode-rever-adesao-ao-tribunal-penal-internacional\/"},"wordCount":2243,"commentCount":0,"publisher":{"@id":"https:\/\/jornalfatosenoticias.com.br\/#organization"},"image":{"@id":"https:\/\/jornalfatosenoticias.com.br\/index.php\/2023\/09\/14\/a-semana-em-brasilia-e-no-es-dino-diz-que-brasil-pode-rever-adesao-ao-tribunal-penal-internacional\/#primaryimage"},"thumbnailUrl":"https:\/\/jornalfatosenoticias.com.br\/wp-content\/uploads\/2023\/09\/SAURO-E-MOLUSCO.jpg","keywords":["3 milh\u00f5es","7 de Setembro","Bras\u00edlia","Brics","Dilma","Lula","Maduro","Venezuela"],"articleSection":["Pol\u00edtica"],"inLanguage":"pt-BR","potentialAction":[{"@type":"CommentAction","name":"Comment","target":["https:\/\/jornalfatosenoticias.com.br\/index.php\/2023\/09\/14\/a-semana-em-brasilia-e-no-es-dino-diz-que-brasil-pode-rever-adesao-ao-tribunal-penal-internacional\/#respond"]}]},{"@type":"WebPage","@id":"https:\/\/jornalfatosenoticias.com.br\/index.php\/2023\/09\/14\/a-semana-em-brasilia-e-no-es-dino-diz-que-brasil-pode-rever-adesao-ao-tribunal-penal-internacional\/","url":"https:\/\/jornalfatosenoticias.com.br\/index.php\/2023\/09\/14\/a-semana-em-brasilia-e-no-es-dino-diz-que-brasil-pode-rever-adesao-ao-tribunal-penal-internacional\/","name":"A Semana em Bras\u00edlia e no ES \u2014 Dino diz que Brasil pode rever ades\u00e3o ao Tribunal Penal Internacional - Jornal Fatos e Not\u00edcias","isPartOf":{"@id":"https:\/\/jornalfatosenoticias.com.br\/#website"},"primaryImageOfPage":{"@id":"https:\/\/jornalfatosenoticias.com.br\/index.php\/2023\/09\/14\/a-semana-em-brasilia-e-no-es-dino-diz-que-brasil-pode-rever-adesao-ao-tribunal-penal-internacional\/#primaryimage"},"image":{"@id":"https:\/\/jornalfatosenoticias.com.br\/index.php\/2023\/09\/14\/a-semana-em-brasilia-e-no-es-dino-diz-que-brasil-pode-rever-adesao-ao-tribunal-penal-internacional\/#primaryimage"},"thumbnailUrl":"https:\/\/jornalfatosenoticias.com.br\/wp-content\/uploads\/2023\/09\/SAURO-E-MOLUSCO.jpg","datePublished":"2023-09-14T17:48:47+00:00","dateModified":"2023-09-14T17:48:48+00:00","breadcrumb":{"@id":"https:\/\/jornalfatosenoticias.com.br\/index.php\/2023\/09\/14\/a-semana-em-brasilia-e-no-es-dino-diz-que-brasil-pode-rever-adesao-ao-tribunal-penal-internacional\/#breadcrumb"},"inLanguage":"pt-BR","potentialAction":[{"@type":"ReadAction","target":["https:\/\/jornalfatosenoticias.com.br\/index.php\/2023\/09\/14\/a-semana-em-brasilia-e-no-es-dino-diz-que-brasil-pode-rever-adesao-ao-tribunal-penal-internacional\/"]}]},{"@type":"ImageObject","inLanguage":"pt-BR","@id":"https:\/\/jornalfatosenoticias.com.br\/index.php\/2023\/09\/14\/a-semana-em-brasilia-e-no-es-dino-diz-que-brasil-pode-rever-adesao-ao-tribunal-penal-internacional\/#primaryimage","url":"https:\/\/jornalfatosenoticias.com.br\/wp-content\/uploads\/2023\/09\/SAURO-E-MOLUSCO.jpg","contentUrl":"https:\/\/jornalfatosenoticias.com.br\/wp-content\/uploads\/2023\/09\/SAURO-E-MOLUSCO.jpg","width":677,"height":450},{"@type":"BreadcrumbList","@id":"https:\/\/jornalfatosenoticias.com.br\/index.php\/2023\/09\/14\/a-semana-em-brasilia-e-no-es-dino-diz-que-brasil-pode-rever-adesao-ao-tribunal-penal-internacional\/#breadcrumb","itemListElement":[{"@type":"ListItem","position":1,"name":"In\u00edcio","item":"https:\/\/jornalfatosenoticias.com.br\/"},{"@type":"ListItem","position":2,"name":"A Semana em Bras\u00edlia e no ES \u2014 Dino diz que Brasil pode rever ades\u00e3o ao Tribunal Penal Internacional"}]},{"@type":"WebSite","@id":"https:\/\/jornalfatosenoticias.com.br\/#website","url":"https:\/\/jornalfatosenoticias.com.br\/","name":"Jornal Fatos e Not\u00edcias","description":"Not\u00edcias em geral","publisher":{"@id":"https:\/\/jornalfatosenoticias.com.br\/#organization"},"potentialAction":[{"@type":"SearchAction","target":{"@type":"EntryPoint","urlTemplate":"https:\/\/jornalfatosenoticias.com.br\/?s={search_term_string}"},"query-input":{"@type":"PropertyValueSpecification","valueRequired":true,"valueName":"search_term_string"}}],"inLanguage":"pt-BR"},{"@type":"Organization","@id":"https:\/\/jornalfatosenoticias.com.br\/#organization","name":"Jornal Fatos e Not\u00edcias","url":"https:\/\/jornalfatosenoticias.com.br\/","logo":{"@type":"ImageObject","inLanguage":"pt-BR","@id":"https:\/\/jornalfatosenoticias.com.br\/#\/schema\/logo\/image\/","url":"https:\/\/jornalfatosenoticias.com.br\/wp-content\/uploads\/2020\/02\/logo120.png","contentUrl":"https:\/\/jornalfatosenoticias.com.br\/wp-content\/uploads\/2020\/02\/logo120.png","width":1227,"height":120,"caption":"Jornal Fatos e Not\u00edcias"},"image":{"@id":"https:\/\/jornalfatosenoticias.com.br\/#\/schema\/logo\/image\/"}},{"@type":"Person","@id":"https:\/\/jornalfatosenoticias.com.br\/#\/schema\/person\/05c46cc25b42a5c27e004fb0fa6b4965","name":"Haroldo Filho","image":{"@type":"ImageObject","inLanguage":"pt-BR","@id":"https:\/\/jornalfatosenoticias.com.br\/#\/schema\/person\/image\/","url":"https:\/\/jornalfatosenoticias.com.br\/wp-content\/uploads\/2025\/08\/WhatsApp-Image-2025-08-18-at-15.30.28-150x150.jpeg","contentUrl":"https:\/\/jornalfatosenoticias.com.br\/wp-content\/uploads\/2025\/08\/WhatsApp-Image-2025-08-18-at-15.30.28-150x150.jpeg","caption":"Haroldo Filho"},"description":"Jornalista \u2013 DRT: 0003818\/ES Coordenador-geral da ONG Educar para Crescer","url":"https:\/\/jornalfatosenoticias.com.br\/index.php\/author\/haroldo\/"}]}},"cc_featured_image_caption":{"caption_text":"(Foto: Fotoarena\/Estad\u00e3o Conte\u00fado) ","source_text":"","source_url":""},"jetpack_featured_media_url":"https:\/\/jornalfatosenoticias.com.br\/wp-content\/uploads\/2023\/09\/SAURO-E-MOLUSCO.jpg","_links":{"self":[{"href":"https:\/\/jornalfatosenoticias.com.br\/index.php\/wp-json\/wp\/v2\/posts\/45151","targetHints":{"allow":["GET"]}}],"collection":[{"href":"https:\/\/jornalfatosenoticias.com.br\/index.php\/wp-json\/wp\/v2\/posts"}],"about":[{"href":"https:\/\/jornalfatosenoticias.com.br\/index.php\/wp-json\/wp\/v2\/types\/post"}],"author":[{"embeddable":true,"href":"https:\/\/jornalfatosenoticias.com.br\/index.php\/wp-json\/wp\/v2\/users\/3"}],"replies":[{"embeddable":true,"href":"https:\/\/jornalfatosenoticias.com.br\/index.php\/wp-json\/wp\/v2\/comments?post=45151"}],"version-history":[{"count":0,"href":"https:\/\/jornalfatosenoticias.com.br\/index.php\/wp-json\/wp\/v2\/posts\/45151\/revisions"}],"wp:featuredmedia":[{"embeddable":true,"href":"https:\/\/jornalfatosenoticias.com.br\/index.php\/wp-json\/wp\/v2\/media\/45160"}],"wp:attachment":[{"href":"https:\/\/jornalfatosenoticias.com.br\/index.php\/wp-json\/wp\/v2\/media?parent=45151"}],"wp:term":[{"taxonomy":"category","embeddable":true,"href":"https:\/\/jornalfatosenoticias.com.br\/index.php\/wp-json\/wp\/v2\/categories?post=45151"},{"taxonomy":"post_tag","embeddable":true,"href":"https:\/\/jornalfatosenoticias.com.br\/index.php\/wp-json\/wp\/v2\/tags?post=45151"}],"curies":[{"name":"wp","href":"https:\/\/api.w.org\/{rel}","templated":true}]}}