{"id":45189,"date":"2023-09-15T11:35:10","date_gmt":"2023-09-15T14:35:10","guid":{"rendered":"https:\/\/jornalfatosenoticias.com.br\/?p=45189"},"modified":"2023-09-15T11:35:14","modified_gmt":"2023-09-15T14:35:14","slug":"intervencionismo-movimento-de-direita-ou-movimento-criminoso-golpista","status":"publish","type":"post","link":"https:\/\/jornalfatosenoticias.com.br\/index.php\/2023\/09\/15\/intervencionismo-movimento-de-direita-ou-movimento-criminoso-golpista\/","title":{"rendered":"Intervencionismo: movimento de direita ou movimento criminoso golpista?"},"content":{"rendered":"\n<p><img loading=\"lazy\" decoding=\"async\" width=\"100\" height=\"106\" class=\"wp-image-45190\" style=\"width: 100px;\" src=\"https:\/\/jornalfatosenoticias.com.br\/wp-content\/uploads\/2023\/09\/Leonardo_Campos2-removebg-preview.png\" alt=\"\"><span class=\"has-inline-color has-black-color\"><em>Por <strong>Carlos Leonardo Campos<\/strong><\/em><\/span><\/p>\n\n\n\n<div class=\"wp-block-image\"><figure class=\"aligncenter size-large\"><img loading=\"lazy\" decoding=\"async\" width=\"1024\" height=\"111\" src=\"https:\/\/jornalfatosenoticias.com.br\/wp-content\/uploads\/2020\/02\/WhatsApp-Image-2022-09-23-at-12.09.18-1024x111.jpeg\" alt=\"\" class=\"wp-image-34527\" srcset=\"https:\/\/jornalfatosenoticias.com.br\/wp-content\/uploads\/2020\/02\/WhatsApp-Image-2022-09-23-at-12.09.18-1024x111.jpeg 1024w, https:\/\/jornalfatosenoticias.com.br\/wp-content\/uploads\/2020\/02\/WhatsApp-Image-2022-09-23-at-12.09.18-300x32.jpeg 300w, https:\/\/jornalfatosenoticias.com.br\/wp-content\/uploads\/2020\/02\/WhatsApp-Image-2022-09-23-at-12.09.18-768x83.jpeg 768w, https:\/\/jornalfatosenoticias.com.br\/wp-content\/uploads\/2020\/02\/WhatsApp-Image-2022-09-23-at-12.09.18.jpeg 1121w\" sizes=\"auto, (max-width: 1024px) 100vw, 1024px\" \/><\/figure><\/div>\n\n\n\n<p>O clamor popular por uma interven\u00e7\u00e3o militar suscita quest\u00f5es complexas e controversas. Durante esse movimento, as For\u00e7as Armadas demonstraram simpatia? O alto comando adotou medidas para validar o artigo 142 da Constitui\u00e7\u00e3o? Houve algum pedido formal de socorro por parte de alguma das institui\u00e7\u00f5es, alegando que o STF desrespeitava a harmonia dos poderes, embora essa quest\u00e3o seja evidente?<br>\u00c9 crucial compreender que esse movimento surgiu em paralelo ao processo de impeachment. Originado em setores alinhados ao per\u00edodo militar, muitos deles associados ao Clube Militar, essas discuss\u00f5es foram distorcidas, simplificando vis\u00f5es complexas do passado militar.<\/p>\n\n\n\n<div class=\"wp-block-image\"><figure class=\"aligncenter size-large\"><img loading=\"lazy\" decoding=\"async\" width=\"300\" height=\"250\" src=\"https:\/\/jornalfatosenoticias.com.br\/wp-content\/uploads\/2020\/02\/Banner-2.png\" alt=\"\" class=\"wp-image-43787\"\/><\/figure><\/div>\n\n\n\n<p>Uma pergunta que se destaca \u00e9: Como classificar algu\u00e9m como traidor quando n\u00e3o h\u00e1 evid\u00eancias claras de apoio \u00e0 interven\u00e7\u00e3o militar, sem um pedido formal das autoridades para intervir devido a uma desordem nos poderes? Existem falhas e incoer\u00eancias nesse movimento que exigem reflex\u00e3o aprofundada.<br>\u00c9 fundamental destacar que o impeachment ocorreu sem a necessidade de interven\u00e7\u00e3o militar, com base nas a\u00e7\u00f5es da Opera\u00e7\u00e3o Lava Jato, que exp\u00f4s evid\u00eancias de corrup\u00e7\u00e3o no governo do PT. A verdade por tr\u00e1s desse movimento intervencionista \u00e9 clara: algumas pessoas, influenciadas por uma vis\u00e3o romantizada do passado, idealizam o ex\u00e9rcito como um salvador perfeito, o que equivale a sugerir um ato criminoso contra o Estado.<\/p>\n\n\n\n<div class=\"wp-block-image\"><figure class=\"aligncenter size-large is-resized\"><img loading=\"lazy\" decoding=\"async\" src=\"https:\/\/jornalfatosenoticias.com.br\/wp-content\/uploads\/2023\/07\/lacremoda.jpg\" alt=\"\" class=\"wp-image-43706\" width=\"340\" height=\"190\" srcset=\"https:\/\/jornalfatosenoticias.com.br\/wp-content\/uploads\/2023\/07\/lacremoda.jpg 1024w, https:\/\/jornalfatosenoticias.com.br\/wp-content\/uploads\/2023\/07\/lacremoda-300x168.jpg 300w, https:\/\/jornalfatosenoticias.com.br\/wp-content\/uploads\/2023\/07\/lacremoda-768x431.jpg 768w\" sizes=\"auto, (max-width: 340px) 100vw, 340px\" \/><\/figure><\/div>\n\n\n\n<p>Lamentavelmente, segundo narrativa da direita, a esquerda brasileira percebeu a oportunidade de se infiltrar nesse movimento, levando aos eventos de 08\/01\/23, quando manifestantes ocuparam os tr\u00eas poderes.<br>Um erro significativo da direita foi n\u00e3o perceber que esse movimento estava infiltrado por aqueles que defendiam a\u00e7\u00f5es contra o Estado, algo totalmente discordante da ideologia de direita. Portanto, \u00e9 imperativo reconhecer essas falhas e corrigi-las, pois a persist\u00eancia desse discurso pode legitimar futuras a\u00e7\u00f5es judiciais e do Minist\u00e9rio P\u00fablico contra os movimentos pol\u00edticos.<\/p>\n\n\n\n<div class=\"wp-block-image\"><figure class=\"aligncenter size-large is-resized\"><img loading=\"lazy\" decoding=\"async\" src=\"https:\/\/jornalfatosenoticias.com.br\/wp-content\/uploads\/2020\/02\/casa-do-torresmo_portal.jpg\" alt=\"\" class=\"wp-image-34472\" width=\"290\" height=\"290\" srcset=\"https:\/\/jornalfatosenoticias.com.br\/wp-content\/uploads\/2020\/02\/casa-do-torresmo_portal.jpg 300w, https:\/\/jornalfatosenoticias.com.br\/wp-content\/uploads\/2020\/02\/casa-do-torresmo_portal-150x150.jpg 150w\" sizes=\"auto, (max-width: 290px) 100vw, 290px\" \/><\/figure><\/div>\n\n\n\n<p><strong><em><span class=\"has-inline-color has-black-color\">Carlos Leonardo Campos<br><\/span><\/em><\/strong><em><span class=\"has-inline-color has-black-color\">Atualmente ocupa a fun\u00e7\u00e3o de Coordenador Especial das Comiss\u00f5es Permanentes na Assembleia Legislativa do Estado do Esp\u00edrito Santo.<br>\u00c9 Professor de Hist\u00f3ria, formado na Ufes, foi ex-presidente da Adires, Associa\u00e7\u00e3o dos diretores das escolas estaduais no estado do ES<br>Coordenou o movimento de impeachment da Dilma<\/span><\/em><\/p>\n","protected":false},"excerpt":{"rendered":"<p>Por Carlos Leonardo Campos O clamor popular por uma interven\u00e7\u00e3o militar suscita quest\u00f5es complexas e controversas. Durante esse movimento, as For\u00e7as Armadas demonstraram simpatia? O alto comando adotou medidas para validar o artigo 142 da Constitui\u00e7\u00e3o? Houve algum pedido formal de socorro por parte de alguma das institui\u00e7\u00f5es, alegando que o STF desrespeitava a harmonia [&hellip;]<\/p>\n","protected":false},"author":2,"featured_media":45191,"comment_status":"open","ping_status":"open","sticky":false,"template":"","format":"standard","meta":{"footnotes":""},"categories":[10],"tags":[18682,6343,8726,5678,21297,21296,294],"class_list":["post-45189","post","type-post","status-publish","format-standard","has-post-thumbnail","hentry","category-politica","tag-atos-de-8-de-janeiro","tag-condenacao","tag-exercito-brasileiro","tag-forcas-armadas","tag-intervencionismo","tag-reus","tag-stf"],"yoast_head":"<!-- This site is optimized with the Yoast SEO plugin v26.5 - https:\/\/yoast.com\/wordpress\/plugins\/seo\/ -->\n<title>Intervencionismo: movimento de direita ou movimento criminoso golpista? - Jornal Fatos e Not\u00edcias<\/title>\n<meta name=\"robots\" content=\"index, follow, max-snippet:-1, max-image-preview:large, max-video-preview:-1\" \/>\n<link rel=\"canonical\" href=\"https:\/\/jornalfatosenoticias.com.br\/index.php\/2023\/09\/15\/intervencionismo-movimento-de-direita-ou-movimento-criminoso-golpista\/\" \/>\n<meta property=\"og:locale\" content=\"pt_BR\" \/>\n<meta property=\"og:type\" content=\"article\" \/>\n<meta property=\"og:title\" content=\"Intervencionismo: movimento de direita ou movimento criminoso golpista? - Jornal Fatos e Not\u00edcias\" \/>\n<meta property=\"og:description\" content=\"Por Carlos Leonardo Campos O clamor popular por uma interven\u00e7\u00e3o militar suscita quest\u00f5es complexas e controversas. Durante esse movimento, as For\u00e7as Armadas demonstraram simpatia? O alto comando adotou medidas para validar o artigo 142 da Constitui\u00e7\u00e3o? Houve algum pedido formal de socorro por parte de alguma das institui\u00e7\u00f5es, alegando que o STF desrespeitava a harmonia [&hellip;]\" \/>\n<meta property=\"og:url\" content=\"https:\/\/jornalfatosenoticias.com.br\/index.php\/2023\/09\/15\/intervencionismo-movimento-de-direita-ou-movimento-criminoso-golpista\/\" \/>\n<meta property=\"og:site_name\" content=\"Jornal Fatos e Not\u00edcias\" \/>\n<meta property=\"article:published_time\" content=\"2023-09-15T14:35:10+00:00\" \/>\n<meta property=\"article:modified_time\" content=\"2023-09-15T14:35:14+00:00\" \/>\n<meta property=\"og:image\" content=\"https:\/\/jornalfatosenoticias.com.br\/wp-content\/uploads\/2023\/09\/8-de-janeiro.jpeg\" \/>\n\t<meta property=\"og:image:width\" content=\"800\" \/>\n\t<meta property=\"og:image:height\" content=\"600\" \/>\n\t<meta property=\"og:image:type\" content=\"image\/jpeg\" \/>\n<meta name=\"author\" content=\"Luzimara Fernandes\" \/>\n<meta name=\"twitter:card\" content=\"summary_large_image\" \/>\n<meta name=\"twitter:label1\" content=\"Escrito por\" \/>\n\t<meta name=\"twitter:data1\" content=\"Luzimara Fernandes\" \/>\n\t<meta name=\"twitter:label2\" content=\"Est. tempo de leitura\" \/>\n\t<meta name=\"twitter:data2\" content=\"2 minutos\" \/>\n<script type=\"application\/ld+json\" class=\"yoast-schema-graph\">{\"@context\":\"https:\/\/schema.org\",\"@graph\":[{\"@type\":\"Article\",\"@id\":\"https:\/\/jornalfatosenoticias.com.br\/index.php\/2023\/09\/15\/intervencionismo-movimento-de-direita-ou-movimento-criminoso-golpista\/#article\",\"isPartOf\":{\"@id\":\"https:\/\/jornalfatosenoticias.com.br\/index.php\/2023\/09\/15\/intervencionismo-movimento-de-direita-ou-movimento-criminoso-golpista\/\"},\"author\":{\"name\":\"Luzimara Fernandes\",\"@id\":\"https:\/\/jornalfatosenoticias.com.br\/#\/schema\/person\/d63837fa13ac8666eb9e74e0985d6f81\"},\"headline\":\"Intervencionismo: movimento de direita ou movimento criminoso golpista?\",\"datePublished\":\"2023-09-15T14:35:10+00:00\",\"dateModified\":\"2023-09-15T14:35:14+00:00\",\"mainEntityOfPage\":{\"@id\":\"https:\/\/jornalfatosenoticias.com.br\/index.php\/2023\/09\/15\/intervencionismo-movimento-de-direita-ou-movimento-criminoso-golpista\/\"},\"wordCount\":374,\"commentCount\":0,\"publisher\":{\"@id\":\"https:\/\/jornalfatosenoticias.com.br\/#organization\"},\"image\":{\"@id\":\"https:\/\/jornalfatosenoticias.com.br\/index.php\/2023\/09\/15\/intervencionismo-movimento-de-direita-ou-movimento-criminoso-golpista\/#primaryimage\"},\"thumbnailUrl\":\"https:\/\/jornalfatosenoticias.com.br\/wp-content\/uploads\/2023\/09\/8-de-janeiro.jpeg\",\"keywords\":[\"atos de 8 de janeiro\",\"condena\u00e7\u00e3o\",\"Ex\u00e9rcito Brasileiro\",\"For\u00e7as Armadas\",\"intervencionismo\",\"r\u00e9us\",\"STF\"],\"articleSection\":[\"Pol\u00edtica\"],\"inLanguage\":\"pt-BR\",\"potentialAction\":[{\"@type\":\"CommentAction\",\"name\":\"Comment\",\"target\":[\"https:\/\/jornalfatosenoticias.com.br\/index.php\/2023\/09\/15\/intervencionismo-movimento-de-direita-ou-movimento-criminoso-golpista\/#respond\"]}]},{\"@type\":\"WebPage\",\"@id\":\"https:\/\/jornalfatosenoticias.com.br\/index.php\/2023\/09\/15\/intervencionismo-movimento-de-direita-ou-movimento-criminoso-golpista\/\",\"url\":\"https:\/\/jornalfatosenoticias.com.br\/index.php\/2023\/09\/15\/intervencionismo-movimento-de-direita-ou-movimento-criminoso-golpista\/\",\"name\":\"Intervencionismo: movimento de direita ou movimento criminoso golpista? - Jornal Fatos e Not\u00edcias\",\"isPartOf\":{\"@id\":\"https:\/\/jornalfatosenoticias.com.br\/#website\"},\"primaryImageOfPage\":{\"@id\":\"https:\/\/jornalfatosenoticias.com.br\/index.php\/2023\/09\/15\/intervencionismo-movimento-de-direita-ou-movimento-criminoso-golpista\/#primaryimage\"},\"image\":{\"@id\":\"https:\/\/jornalfatosenoticias.com.br\/index.php\/2023\/09\/15\/intervencionismo-movimento-de-direita-ou-movimento-criminoso-golpista\/#primaryimage\"},\"thumbnailUrl\":\"https:\/\/jornalfatosenoticias.com.br\/wp-content\/uploads\/2023\/09\/8-de-janeiro.jpeg\",\"datePublished\":\"2023-09-15T14:35:10+00:00\",\"dateModified\":\"2023-09-15T14:35:14+00:00\",\"breadcrumb\":{\"@id\":\"https:\/\/jornalfatosenoticias.com.br\/index.php\/2023\/09\/15\/intervencionismo-movimento-de-direita-ou-movimento-criminoso-golpista\/#breadcrumb\"},\"inLanguage\":\"pt-BR\",\"potentialAction\":[{\"@type\":\"ReadAction\",\"target\":[\"https:\/\/jornalfatosenoticias.com.br\/index.php\/2023\/09\/15\/intervencionismo-movimento-de-direita-ou-movimento-criminoso-golpista\/\"]}]},{\"@type\":\"ImageObject\",\"inLanguage\":\"pt-BR\",\"@id\":\"https:\/\/jornalfatosenoticias.com.br\/index.php\/2023\/09\/15\/intervencionismo-movimento-de-direita-ou-movimento-criminoso-golpista\/#primaryimage\",\"url\":\"https:\/\/jornalfatosenoticias.com.br\/wp-content\/uploads\/2023\/09\/8-de-janeiro.jpeg\",\"contentUrl\":\"https:\/\/jornalfatosenoticias.com.br\/wp-content\/uploads\/2023\/09\/8-de-janeiro.jpeg\",\"width\":800,\"height\":600,\"caption\":\"Manifestantes invadem Congresso, STF e Pal\u00e1cio do Planalto.\"},{\"@type\":\"BreadcrumbList\",\"@id\":\"https:\/\/jornalfatosenoticias.com.br\/index.php\/2023\/09\/15\/intervencionismo-movimento-de-direita-ou-movimento-criminoso-golpista\/#breadcrumb\",\"itemListElement\":[{\"@type\":\"ListItem\",\"position\":1,\"name\":\"In\u00edcio\",\"item\":\"https:\/\/jornalfatosenoticias.com.br\/\"},{\"@type\":\"ListItem\",\"position\":2,\"name\":\"Intervencionismo: movimento de direita ou movimento criminoso golpista?\"}]},{\"@type\":\"WebSite\",\"@id\":\"https:\/\/jornalfatosenoticias.com.br\/#website\",\"url\":\"https:\/\/jornalfatosenoticias.com.br\/\",\"name\":\"Jornal Fatos e Not\u00edcias\",\"description\":\"Not\u00edcias em geral\",\"publisher\":{\"@id\":\"https:\/\/jornalfatosenoticias.com.br\/#organization\"},\"potentialAction\":[{\"@type\":\"SearchAction\",\"target\":{\"@type\":\"EntryPoint\",\"urlTemplate\":\"https:\/\/jornalfatosenoticias.com.br\/?s={search_term_string}\"},\"query-input\":{\"@type\":\"PropertyValueSpecification\",\"valueRequired\":true,\"valueName\":\"search_term_string\"}}],\"inLanguage\":\"pt-BR\"},{\"@type\":\"Organization\",\"@id\":\"https:\/\/jornalfatosenoticias.com.br\/#organization\",\"name\":\"Jornal Fatos e Not\u00edcias\",\"url\":\"https:\/\/jornalfatosenoticias.com.br\/\",\"logo\":{\"@type\":\"ImageObject\",\"inLanguage\":\"pt-BR\",\"@id\":\"https:\/\/jornalfatosenoticias.com.br\/#\/schema\/logo\/image\/\",\"url\":\"https:\/\/jornalfatosenoticias.com.br\/wp-content\/uploads\/2020\/02\/logo120.png\",\"contentUrl\":\"https:\/\/jornalfatosenoticias.com.br\/wp-content\/uploads\/2020\/02\/logo120.png\",\"width\":1227,\"height\":120,\"caption\":\"Jornal Fatos e Not\u00edcias\"},\"image\":{\"@id\":\"https:\/\/jornalfatosenoticias.com.br\/#\/schema\/logo\/image\/\"}},{\"@type\":\"Person\",\"@id\":\"https:\/\/jornalfatosenoticias.com.br\/#\/schema\/person\/d63837fa13ac8666eb9e74e0985d6f81\",\"name\":\"Luzimara Fernandes\",\"image\":{\"@type\":\"ImageObject\",\"inLanguage\":\"pt-BR\",\"@id\":\"https:\/\/jornalfatosenoticias.com.br\/#\/schema\/person\/image\/\",\"url\":\"https:\/\/jornalfatosenoticias.com.br\/wp-content\/uploads\/2025\/05\/EU_portal.jpg\",\"contentUrl\":\"https:\/\/jornalfatosenoticias.com.br\/wp-content\/uploads\/2025\/05\/EU_portal.jpg\",\"caption\":\"Luzimara Fernandes\"},\"description\":\"Jornalista MTB 2358-ES\",\"sameAs\":[\"https:\/\/jornalfatosenoticias.com.br\"],\"url\":\"https:\/\/jornalfatosenoticias.com.br\/index.php\/author\/luzimara\/\"}]}<\/script>\n<!-- \/ Yoast SEO plugin. -->","yoast_head_json":{"title":"Intervencionismo: movimento de direita ou movimento criminoso golpista? - Jornal Fatos e Not\u00edcias","robots":{"index":"index","follow":"follow","max-snippet":"max-snippet:-1","max-image-preview":"max-image-preview:large","max-video-preview":"max-video-preview:-1"},"canonical":"https:\/\/jornalfatosenoticias.com.br\/index.php\/2023\/09\/15\/intervencionismo-movimento-de-direita-ou-movimento-criminoso-golpista\/","og_locale":"pt_BR","og_type":"article","og_title":"Intervencionismo: movimento de direita ou movimento criminoso golpista? - Jornal Fatos e Not\u00edcias","og_description":"Por Carlos Leonardo Campos O clamor popular por uma interven\u00e7\u00e3o militar suscita quest\u00f5es complexas e controversas. Durante esse movimento, as For\u00e7as Armadas demonstraram simpatia? O alto comando adotou medidas para validar o artigo 142 da Constitui\u00e7\u00e3o? Houve algum pedido formal de socorro por parte de alguma das institui\u00e7\u00f5es, alegando que o STF desrespeitava a harmonia [&hellip;]","og_url":"https:\/\/jornalfatosenoticias.com.br\/index.php\/2023\/09\/15\/intervencionismo-movimento-de-direita-ou-movimento-criminoso-golpista\/","og_site_name":"Jornal Fatos e Not\u00edcias","article_published_time":"2023-09-15T14:35:10+00:00","article_modified_time":"2023-09-15T14:35:14+00:00","og_image":[{"width":800,"height":600,"url":"https:\/\/jornalfatosenoticias.com.br\/wp-content\/uploads\/2023\/09\/8-de-janeiro.jpeg","type":"image\/jpeg"}],"author":"Luzimara Fernandes","twitter_card":"summary_large_image","twitter_misc":{"Escrito por":"Luzimara Fernandes","Est. tempo de leitura":"2 minutos"},"schema":{"@context":"https:\/\/schema.org","@graph":[{"@type":"Article","@id":"https:\/\/jornalfatosenoticias.com.br\/index.php\/2023\/09\/15\/intervencionismo-movimento-de-direita-ou-movimento-criminoso-golpista\/#article","isPartOf":{"@id":"https:\/\/jornalfatosenoticias.com.br\/index.php\/2023\/09\/15\/intervencionismo-movimento-de-direita-ou-movimento-criminoso-golpista\/"},"author":{"name":"Luzimara Fernandes","@id":"https:\/\/jornalfatosenoticias.com.br\/#\/schema\/person\/d63837fa13ac8666eb9e74e0985d6f81"},"headline":"Intervencionismo: movimento de direita ou movimento criminoso golpista?","datePublished":"2023-09-15T14:35:10+00:00","dateModified":"2023-09-15T14:35:14+00:00","mainEntityOfPage":{"@id":"https:\/\/jornalfatosenoticias.com.br\/index.php\/2023\/09\/15\/intervencionismo-movimento-de-direita-ou-movimento-criminoso-golpista\/"},"wordCount":374,"commentCount":0,"publisher":{"@id":"https:\/\/jornalfatosenoticias.com.br\/#organization"},"image":{"@id":"https:\/\/jornalfatosenoticias.com.br\/index.php\/2023\/09\/15\/intervencionismo-movimento-de-direita-ou-movimento-criminoso-golpista\/#primaryimage"},"thumbnailUrl":"https:\/\/jornalfatosenoticias.com.br\/wp-content\/uploads\/2023\/09\/8-de-janeiro.jpeg","keywords":["atos de 8 de janeiro","condena\u00e7\u00e3o","Ex\u00e9rcito Brasileiro","For\u00e7as Armadas","intervencionismo","r\u00e9us","STF"],"articleSection":["Pol\u00edtica"],"inLanguage":"pt-BR","potentialAction":[{"@type":"CommentAction","name":"Comment","target":["https:\/\/jornalfatosenoticias.com.br\/index.php\/2023\/09\/15\/intervencionismo-movimento-de-direita-ou-movimento-criminoso-golpista\/#respond"]}]},{"@type":"WebPage","@id":"https:\/\/jornalfatosenoticias.com.br\/index.php\/2023\/09\/15\/intervencionismo-movimento-de-direita-ou-movimento-criminoso-golpista\/","url":"https:\/\/jornalfatosenoticias.com.br\/index.php\/2023\/09\/15\/intervencionismo-movimento-de-direita-ou-movimento-criminoso-golpista\/","name":"Intervencionismo: movimento de direita ou movimento criminoso golpista? - Jornal Fatos e Not\u00edcias","isPartOf":{"@id":"https:\/\/jornalfatosenoticias.com.br\/#website"},"primaryImageOfPage":{"@id":"https:\/\/jornalfatosenoticias.com.br\/index.php\/2023\/09\/15\/intervencionismo-movimento-de-direita-ou-movimento-criminoso-golpista\/#primaryimage"},"image":{"@id":"https:\/\/jornalfatosenoticias.com.br\/index.php\/2023\/09\/15\/intervencionismo-movimento-de-direita-ou-movimento-criminoso-golpista\/#primaryimage"},"thumbnailUrl":"https:\/\/jornalfatosenoticias.com.br\/wp-content\/uploads\/2023\/09\/8-de-janeiro.jpeg","datePublished":"2023-09-15T14:35:10+00:00","dateModified":"2023-09-15T14:35:14+00:00","breadcrumb":{"@id":"https:\/\/jornalfatosenoticias.com.br\/index.php\/2023\/09\/15\/intervencionismo-movimento-de-direita-ou-movimento-criminoso-golpista\/#breadcrumb"},"inLanguage":"pt-BR","potentialAction":[{"@type":"ReadAction","target":["https:\/\/jornalfatosenoticias.com.br\/index.php\/2023\/09\/15\/intervencionismo-movimento-de-direita-ou-movimento-criminoso-golpista\/"]}]},{"@type":"ImageObject","inLanguage":"pt-BR","@id":"https:\/\/jornalfatosenoticias.com.br\/index.php\/2023\/09\/15\/intervencionismo-movimento-de-direita-ou-movimento-criminoso-golpista\/#primaryimage","url":"https:\/\/jornalfatosenoticias.com.br\/wp-content\/uploads\/2023\/09\/8-de-janeiro.jpeg","contentUrl":"https:\/\/jornalfatosenoticias.com.br\/wp-content\/uploads\/2023\/09\/8-de-janeiro.jpeg","width":800,"height":600,"caption":"Manifestantes invadem Congresso, STF e Pal\u00e1cio do Planalto."},{"@type":"BreadcrumbList","@id":"https:\/\/jornalfatosenoticias.com.br\/index.php\/2023\/09\/15\/intervencionismo-movimento-de-direita-ou-movimento-criminoso-golpista\/#breadcrumb","itemListElement":[{"@type":"ListItem","position":1,"name":"In\u00edcio","item":"https:\/\/jornalfatosenoticias.com.br\/"},{"@type":"ListItem","position":2,"name":"Intervencionismo: movimento de direita ou movimento criminoso golpista?"}]},{"@type":"WebSite","@id":"https:\/\/jornalfatosenoticias.com.br\/#website","url":"https:\/\/jornalfatosenoticias.com.br\/","name":"Jornal Fatos e Not\u00edcias","description":"Not\u00edcias em geral","publisher":{"@id":"https:\/\/jornalfatosenoticias.com.br\/#organization"},"potentialAction":[{"@type":"SearchAction","target":{"@type":"EntryPoint","urlTemplate":"https:\/\/jornalfatosenoticias.com.br\/?s={search_term_string}"},"query-input":{"@type":"PropertyValueSpecification","valueRequired":true,"valueName":"search_term_string"}}],"inLanguage":"pt-BR"},{"@type":"Organization","@id":"https:\/\/jornalfatosenoticias.com.br\/#organization","name":"Jornal Fatos e Not\u00edcias","url":"https:\/\/jornalfatosenoticias.com.br\/","logo":{"@type":"ImageObject","inLanguage":"pt-BR","@id":"https:\/\/jornalfatosenoticias.com.br\/#\/schema\/logo\/image\/","url":"https:\/\/jornalfatosenoticias.com.br\/wp-content\/uploads\/2020\/02\/logo120.png","contentUrl":"https:\/\/jornalfatosenoticias.com.br\/wp-content\/uploads\/2020\/02\/logo120.png","width":1227,"height":120,"caption":"Jornal Fatos e Not\u00edcias"},"image":{"@id":"https:\/\/jornalfatosenoticias.com.br\/#\/schema\/logo\/image\/"}},{"@type":"Person","@id":"https:\/\/jornalfatosenoticias.com.br\/#\/schema\/person\/d63837fa13ac8666eb9e74e0985d6f81","name":"Luzimara Fernandes","image":{"@type":"ImageObject","inLanguage":"pt-BR","@id":"https:\/\/jornalfatosenoticias.com.br\/#\/schema\/person\/image\/","url":"https:\/\/jornalfatosenoticias.com.br\/wp-content\/uploads\/2025\/05\/EU_portal.jpg","contentUrl":"https:\/\/jornalfatosenoticias.com.br\/wp-content\/uploads\/2025\/05\/EU_portal.jpg","caption":"Luzimara Fernandes"},"description":"Jornalista MTB 2358-ES","sameAs":["https:\/\/jornalfatosenoticias.com.br"],"url":"https:\/\/jornalfatosenoticias.com.br\/index.php\/author\/luzimara\/"}]}},"cc_featured_image_caption":{"caption_text":"(Foto: Marcelo Camargo\/Ag\u00eancia Brasil)","source_text":"","source_url":""},"jetpack_featured_media_url":"https:\/\/jornalfatosenoticias.com.br\/wp-content\/uploads\/2023\/09\/8-de-janeiro.jpeg","_links":{"self":[{"href":"https:\/\/jornalfatosenoticias.com.br\/index.php\/wp-json\/wp\/v2\/posts\/45189","targetHints":{"allow":["GET"]}}],"collection":[{"href":"https:\/\/jornalfatosenoticias.com.br\/index.php\/wp-json\/wp\/v2\/posts"}],"about":[{"href":"https:\/\/jornalfatosenoticias.com.br\/index.php\/wp-json\/wp\/v2\/types\/post"}],"author":[{"embeddable":true,"href":"https:\/\/jornalfatosenoticias.com.br\/index.php\/wp-json\/wp\/v2\/users\/2"}],"replies":[{"embeddable":true,"href":"https:\/\/jornalfatosenoticias.com.br\/index.php\/wp-json\/wp\/v2\/comments?post=45189"}],"version-history":[{"count":0,"href":"https:\/\/jornalfatosenoticias.com.br\/index.php\/wp-json\/wp\/v2\/posts\/45189\/revisions"}],"wp:featuredmedia":[{"embeddable":true,"href":"https:\/\/jornalfatosenoticias.com.br\/index.php\/wp-json\/wp\/v2\/media\/45191"}],"wp:attachment":[{"href":"https:\/\/jornalfatosenoticias.com.br\/index.php\/wp-json\/wp\/v2\/media?parent=45189"}],"wp:term":[{"taxonomy":"category","embeddable":true,"href":"https:\/\/jornalfatosenoticias.com.br\/index.php\/wp-json\/wp\/v2\/categories?post=45189"},{"taxonomy":"post_tag","embeddable":true,"href":"https:\/\/jornalfatosenoticias.com.br\/index.php\/wp-json\/wp\/v2\/tags?post=45189"}],"curies":[{"name":"wp","href":"https:\/\/api.w.org\/{rel}","templated":true}]}}