{"id":45206,"date":"2023-09-15T13:11:13","date_gmt":"2023-09-15T16:11:13","guid":{"rendered":"https:\/\/jornalfatosenoticias.com.br\/?p=45206"},"modified":"2023-09-15T13:11:15","modified_gmt":"2023-09-15T16:11:15","slug":"lula-participara-de-cupula-do-g77china-que-reune-ditaduras-e-autocracias","status":"publish","type":"post","link":"https:\/\/jornalfatosenoticias.com.br\/index.php\/2023\/09\/15\/lula-participara-de-cupula-do-g77china-que-reune-ditaduras-e-autocracias\/","title":{"rendered":"Lula participar\u00e1 de c\u00fapula do G77+China, que re\u00fane ditaduras e autocracias"},"content":{"rendered":"\n<div class=\"wp-block-image\"><figure class=\"aligncenter size-large is-resized\"><img loading=\"lazy\" decoding=\"async\" src=\"https:\/\/jornalfatosenoticias.com.br\/wp-content\/uploads\/2023\/09\/vetorvix1024_1.jpg\" alt=\"\" class=\"wp-image-44868\" width=\"419\" height=\"111\" srcset=\"https:\/\/jornalfatosenoticias.com.br\/wp-content\/uploads\/2023\/09\/vetorvix1024_1.jpg 1024w, https:\/\/jornalfatosenoticias.com.br\/wp-content\/uploads\/2023\/09\/vetorvix1024_1-300x80.jpg 300w, https:\/\/jornalfatosenoticias.com.br\/wp-content\/uploads\/2023\/09\/vetorvix1024_1-768x205.jpg 768w\" sizes=\"auto, (max-width: 419px) 100vw, 419px\" \/><\/figure><\/div>\n\n\n\n<p>O ditador cubano Miguel D\u00edaz-Canel ser\u00e1 o anfitri\u00e3o da c\u00fapula do G77+China, que ser\u00e1 realizada em Havana, Cuba, nos dias 16 e 17 de setembro. O evento reunir\u00e1 l\u00edderes e representantes de 134 pa\u00edses, incluindo ditaduras e regimes autorit\u00e1rios como Venezuela, Nicar\u00e1gua, China, Ir\u00e3 e Coreia do Norte.<br>A c\u00fapula tamb\u00e9m contar\u00e1 com a presen\u00e7a de Luiz In\u00e1cio Lula da Silva (PT), que embarca nesta sexta-feira (15) em viagem para a capital cubana. Lula ser\u00e1 o primeiro a discursar na c\u00fapula, que tem como tema <em><span class=\"has-inline-color has-black-color\">\u201cOs desafios atuais para o desenvolvimento: o papel da ci\u00eancia, da tecnologia e da inova\u00e7\u00e3o\u201d.<\/span><\/em><br>D\u00edaz-Canel afirmou que o evento ser\u00e1 uma oportunidade para \u201cfortalecer a unidade\u201d e \u201cdecidir sobre a\u00e7\u00f5es coletivas\u201d para enfrentar os desafios do desenvolvimento. No entanto, a c\u00fapula est\u00e1 sendo criticada por dar legitimidade a regimes que violam os direitos humanos. O diplomata venezuelano Diego Arria disse que a escolha de Cuba para sediar o evento \u00e9 \u201cum sinal do que o G77 significa para o mundo\u201d.<\/p>\n\n\n\n<div class=\"wp-block-image\"><figure class=\"aligncenter size-large is-resized\"><img loading=\"lazy\" decoding=\"async\" src=\"https:\/\/jornalfatosenoticias.com.br\/wp-content\/uploads\/2023\/08\/BKR-1024x1021.jpg\" alt=\"\" class=\"wp-image-44494\" width=\"322\" height=\"321\" srcset=\"https:\/\/jornalfatosenoticias.com.br\/wp-content\/uploads\/2023\/08\/BKR-1024x1021.jpg 1024w, https:\/\/jornalfatosenoticias.com.br\/wp-content\/uploads\/2023\/08\/BKR-300x300.jpg 300w, https:\/\/jornalfatosenoticias.com.br\/wp-content\/uploads\/2023\/08\/BKR-150x150.jpg 150w, https:\/\/jornalfatosenoticias.com.br\/wp-content\/uploads\/2023\/08\/BKR-768x766.jpg 768w, https:\/\/jornalfatosenoticias.com.br\/wp-content\/uploads\/2023\/08\/BKR.jpg 1080w\" sizes=\"auto, (max-width: 322px) 100vw, 322px\" \/><\/figure><\/div>\n\n\n\n<blockquote class=\"wp-block-quote is-layout-flow wp-block-quote-is-layout-flow\"><p><span class=\"has-inline-color has-luminous-vivid-orange-color\">Quando uma das tiranias mais antigas do mundo preside um grupo que invoca a solidariedade internacional, \u00e9 um absurdo\u201d, disse Arria.<\/span><\/p><\/blockquote>\n\n\n\n<div class=\"wp-block-image\"><figure class=\"aligncenter size-large is-resized\"><img loading=\"lazy\" decoding=\"async\" src=\"https:\/\/jornalfatosenoticias.com.br\/wp-content\/uploads\/2023\/08\/Steel.jpeg\" alt=\"\" class=\"wp-image-44634\" width=\"329\" height=\"267\" srcset=\"https:\/\/jornalfatosenoticias.com.br\/wp-content\/uploads\/2023\/08\/Steel.jpeg 800w, https:\/\/jornalfatosenoticias.com.br\/wp-content\/uploads\/2023\/08\/Steel-300x244.jpeg 300w, https:\/\/jornalfatosenoticias.com.br\/wp-content\/uploads\/2023\/08\/Steel-768x624.jpeg 768w\" sizes=\"auto, (max-width: 329px) 100vw, 329px\" \/><\/figure><\/div>\n\n\n\n<p>A ONG Defensores dos Prisioneiros denunciou que existem atualmente mais de 1.000 presos pol\u00edticos em Cuba. A organiza\u00e7\u00e3o afirma que todos eles s\u00e3o torturados. O G77+China \u00e9 a maior organiza\u00e7\u00e3o intergovernamental de pa\u00edses em desenvolvimento da Organiza\u00e7\u00e3o das Na\u00e7\u00f5es Unidas (ONU). O grupo foi criado em 1964 para promover os interesses econ\u00f4micos coletivos dos pa\u00edses em desenvolvimento.<br>A presid\u00eancia do G77+China \u00e9 rotativa e dura um ano. Esta \u00e9 a primeira vez que Cuba ocupa essa posi\u00e7\u00e3o.<\/p>\n\n\n\n<div class=\"wp-block-image\"><figure class=\"aligncenter size-large is-resized\"><img loading=\"lazy\" decoding=\"async\" src=\"https:\/\/jornalfatosenoticias.com.br\/wp-content\/uploads\/2022\/10\/Arte-jornal-Zucchi-600x600_Prancheta-1-1024x1024.jpg\" alt=\"\" class=\"wp-image-34782\" width=\"292\" height=\"292\" srcset=\"https:\/\/jornalfatosenoticias.com.br\/wp-content\/uploads\/2022\/10\/Arte-jornal-Zucchi-600x600_Prancheta-1-1024x1024.jpg 1024w, https:\/\/jornalfatosenoticias.com.br\/wp-content\/uploads\/2022\/10\/Arte-jornal-Zucchi-600x600_Prancheta-1-300x300.jpg 300w, https:\/\/jornalfatosenoticias.com.br\/wp-content\/uploads\/2022\/10\/Arte-jornal-Zucchi-600x600_Prancheta-1-150x150.jpg 150w, https:\/\/jornalfatosenoticias.com.br\/wp-content\/uploads\/2022\/10\/Arte-jornal-Zucchi-600x600_Prancheta-1-768x768.jpg 768w, https:\/\/jornalfatosenoticias.com.br\/wp-content\/uploads\/2022\/10\/Arte-jornal-Zucchi-600x600_Prancheta-1.jpg 1250w\" sizes=\"auto, (max-width: 292px) 100vw, 292px\" \/><\/figure><\/div>\n\n\n\n<p><strong><em>Fonte: <a href=\"https:\/\/terrabrasilnoticias.com\/2023\/09\/lula-participara-de-cupula-do-g77china-que-reune-ditaduras-e-autocracias\">Terra Brasil Not\u00edcias<\/a><\/em><\/strong><\/p>\n","protected":false},"excerpt":{"rendered":"<p>O ditador cubano Miguel D\u00edaz-Canel ser\u00e1 o anfitri\u00e3o da c\u00fapula do G77+China, que ser\u00e1 realizada em Havana, Cuba, nos dias 16 e 17 de setembro. O evento reunir\u00e1 l\u00edderes e representantes de 134 pa\u00edses, incluindo ditaduras e regimes autorit\u00e1rios como Venezuela, Nicar\u00e1gua, China, Ir\u00e3 e Coreia do Norte.A c\u00fapula tamb\u00e9m contar\u00e1 com a presen\u00e7a de [&hellip;]<\/p>\n","protected":false},"author":2,"featured_media":45207,"comment_status":"open","ping_status":"open","sticky":false,"template":"","format":"standard","meta":{"footnotes":""},"categories":[10],"tags":[21305,17875,21303,21304,7580],"class_list":["post-45206","post","type-post","status-publish","format-standard","has-post-thumbnail","hentry","category-politica","tag-autocracias","tag-ditaduras","tag-g77","tag-g77china","tag-lula"],"yoast_head":"<!-- This site is optimized with the Yoast SEO plugin v26.5 - https:\/\/yoast.com\/wordpress\/plugins\/seo\/ -->\n<title>Lula participar\u00e1 de c\u00fapula do G77+China, que re\u00fane ditaduras e autocracias - Jornal Fatos e Not\u00edcias<\/title>\n<meta name=\"robots\" content=\"index, follow, max-snippet:-1, max-image-preview:large, max-video-preview:-1\" \/>\n<link rel=\"canonical\" href=\"https:\/\/jornalfatosenoticias.com.br\/index.php\/2023\/09\/15\/lula-participara-de-cupula-do-g77china-que-reune-ditaduras-e-autocracias\/\" \/>\n<meta property=\"og:locale\" content=\"pt_BR\" \/>\n<meta property=\"og:type\" content=\"article\" \/>\n<meta property=\"og:title\" content=\"Lula participar\u00e1 de c\u00fapula do G77+China, que re\u00fane ditaduras e autocracias - Jornal Fatos e Not\u00edcias\" \/>\n<meta property=\"og:description\" content=\"O ditador cubano Miguel D\u00edaz-Canel ser\u00e1 o anfitri\u00e3o da c\u00fapula do G77+China, que ser\u00e1 realizada em Havana, Cuba, nos dias 16 e 17 de setembro. O evento reunir\u00e1 l\u00edderes e representantes de 134 pa\u00edses, incluindo ditaduras e regimes autorit\u00e1rios como Venezuela, Nicar\u00e1gua, China, Ir\u00e3 e Coreia do Norte.A c\u00fapula tamb\u00e9m contar\u00e1 com a presen\u00e7a de [&hellip;]\" \/>\n<meta property=\"og:url\" content=\"https:\/\/jornalfatosenoticias.com.br\/index.php\/2023\/09\/15\/lula-participara-de-cupula-do-g77china-que-reune-ditaduras-e-autocracias\/\" \/>\n<meta property=\"og:site_name\" content=\"Jornal Fatos e Not\u00edcias\" \/>\n<meta property=\"article:published_time\" content=\"2023-09-15T16:11:13+00:00\" \/>\n<meta property=\"article:modified_time\" content=\"2023-09-15T16:11:15+00:00\" \/>\n<meta property=\"og:image\" content=\"https:\/\/jornalfatosenoticias.com.br\/wp-content\/uploads\/2023\/09\/ditadores.jpg\" \/>\n\t<meta property=\"og:image:width\" content=\"950\" \/>\n\t<meta property=\"og:image:height\" content=\"475\" \/>\n\t<meta property=\"og:image:type\" content=\"image\/jpeg\" \/>\n<meta name=\"author\" content=\"Luzimara Fernandes\" \/>\n<meta name=\"twitter:card\" content=\"summary_large_image\" \/>\n<meta name=\"twitter:label1\" content=\"Escrito por\" \/>\n\t<meta name=\"twitter:data1\" content=\"Luzimara Fernandes\" \/>\n\t<meta name=\"twitter:label2\" content=\"Est. tempo de leitura\" \/>\n\t<meta name=\"twitter:data2\" content=\"1 minuto\" \/>\n<script type=\"application\/ld+json\" class=\"yoast-schema-graph\">{\"@context\":\"https:\/\/schema.org\",\"@graph\":[{\"@type\":\"Article\",\"@id\":\"https:\/\/jornalfatosenoticias.com.br\/index.php\/2023\/09\/15\/lula-participara-de-cupula-do-g77china-que-reune-ditaduras-e-autocracias\/#article\",\"isPartOf\":{\"@id\":\"https:\/\/jornalfatosenoticias.com.br\/index.php\/2023\/09\/15\/lula-participara-de-cupula-do-g77china-que-reune-ditaduras-e-autocracias\/\"},\"author\":{\"name\":\"Luzimara Fernandes\",\"@id\":\"https:\/\/jornalfatosenoticias.com.br\/#\/schema\/person\/d63837fa13ac8666eb9e74e0985d6f81\"},\"headline\":\"Lula participar\u00e1 de c\u00fapula do G77+China, que re\u00fane ditaduras e autocracias\",\"datePublished\":\"2023-09-15T16:11:13+00:00\",\"dateModified\":\"2023-09-15T16:11:15+00:00\",\"mainEntityOfPage\":{\"@id\":\"https:\/\/jornalfatosenoticias.com.br\/index.php\/2023\/09\/15\/lula-participara-de-cupula-do-g77china-que-reune-ditaduras-e-autocracias\/\"},\"wordCount\":303,\"commentCount\":0,\"publisher\":{\"@id\":\"https:\/\/jornalfatosenoticias.com.br\/#organization\"},\"image\":{\"@id\":\"https:\/\/jornalfatosenoticias.com.br\/index.php\/2023\/09\/15\/lula-participara-de-cupula-do-g77china-que-reune-ditaduras-e-autocracias\/#primaryimage\"},\"thumbnailUrl\":\"https:\/\/jornalfatosenoticias.com.br\/wp-content\/uploads\/2023\/09\/ditadores.jpg\",\"keywords\":[\"autocracias\",\"ditaduras\",\"G77\",\"G77+China\",\"Lula\"],\"articleSection\":[\"Pol\u00edtica\"],\"inLanguage\":\"pt-BR\",\"potentialAction\":[{\"@type\":\"CommentAction\",\"name\":\"Comment\",\"target\":[\"https:\/\/jornalfatosenoticias.com.br\/index.php\/2023\/09\/15\/lula-participara-de-cupula-do-g77china-que-reune-ditaduras-e-autocracias\/#respond\"]}]},{\"@type\":\"WebPage\",\"@id\":\"https:\/\/jornalfatosenoticias.com.br\/index.php\/2023\/09\/15\/lula-participara-de-cupula-do-g77china-que-reune-ditaduras-e-autocracias\/\",\"url\":\"https:\/\/jornalfatosenoticias.com.br\/index.php\/2023\/09\/15\/lula-participara-de-cupula-do-g77china-que-reune-ditaduras-e-autocracias\/\",\"name\":\"Lula participar\u00e1 de c\u00fapula do G77+China, que re\u00fane ditaduras e autocracias - Jornal Fatos e Not\u00edcias\",\"isPartOf\":{\"@id\":\"https:\/\/jornalfatosenoticias.com.br\/#website\"},\"primaryImageOfPage\":{\"@id\":\"https:\/\/jornalfatosenoticias.com.br\/index.php\/2023\/09\/15\/lula-participara-de-cupula-do-g77china-que-reune-ditaduras-e-autocracias\/#primaryimage\"},\"image\":{\"@id\":\"https:\/\/jornalfatosenoticias.com.br\/index.php\/2023\/09\/15\/lula-participara-de-cupula-do-g77china-que-reune-ditaduras-e-autocracias\/#primaryimage\"},\"thumbnailUrl\":\"https:\/\/jornalfatosenoticias.com.br\/wp-content\/uploads\/2023\/09\/ditadores.jpg\",\"datePublished\":\"2023-09-15T16:11:13+00:00\",\"dateModified\":\"2023-09-15T16:11:15+00:00\",\"breadcrumb\":{\"@id\":\"https:\/\/jornalfatosenoticias.com.br\/index.php\/2023\/09\/15\/lula-participara-de-cupula-do-g77china-que-reune-ditaduras-e-autocracias\/#breadcrumb\"},\"inLanguage\":\"pt-BR\",\"potentialAction\":[{\"@type\":\"ReadAction\",\"target\":[\"https:\/\/jornalfatosenoticias.com.br\/index.php\/2023\/09\/15\/lula-participara-de-cupula-do-g77china-que-reune-ditaduras-e-autocracias\/\"]}]},{\"@type\":\"ImageObject\",\"inLanguage\":\"pt-BR\",\"@id\":\"https:\/\/jornalfatosenoticias.com.br\/index.php\/2023\/09\/15\/lula-participara-de-cupula-do-g77china-que-reune-ditaduras-e-autocracias\/#primaryimage\",\"url\":\"https:\/\/jornalfatosenoticias.com.br\/wp-content\/uploads\/2023\/09\/ditadores.jpg\",\"contentUrl\":\"https:\/\/jornalfatosenoticias.com.br\/wp-content\/uploads\/2023\/09\/ditadores.jpg\",\"width\":950,\"height\":475},{\"@type\":\"BreadcrumbList\",\"@id\":\"https:\/\/jornalfatosenoticias.com.br\/index.php\/2023\/09\/15\/lula-participara-de-cupula-do-g77china-que-reune-ditaduras-e-autocracias\/#breadcrumb\",\"itemListElement\":[{\"@type\":\"ListItem\",\"position\":1,\"name\":\"In\u00edcio\",\"item\":\"https:\/\/jornalfatosenoticias.com.br\/\"},{\"@type\":\"ListItem\",\"position\":2,\"name\":\"Lula participar\u00e1 de c\u00fapula do G77+China, que re\u00fane ditaduras e autocracias\"}]},{\"@type\":\"WebSite\",\"@id\":\"https:\/\/jornalfatosenoticias.com.br\/#website\",\"url\":\"https:\/\/jornalfatosenoticias.com.br\/\",\"name\":\"Jornal Fatos e Not\u00edcias\",\"description\":\"Not\u00edcias em geral\",\"publisher\":{\"@id\":\"https:\/\/jornalfatosenoticias.com.br\/#organization\"},\"potentialAction\":[{\"@type\":\"SearchAction\",\"target\":{\"@type\":\"EntryPoint\",\"urlTemplate\":\"https:\/\/jornalfatosenoticias.com.br\/?s={search_term_string}\"},\"query-input\":{\"@type\":\"PropertyValueSpecification\",\"valueRequired\":true,\"valueName\":\"search_term_string\"}}],\"inLanguage\":\"pt-BR\"},{\"@type\":\"Organization\",\"@id\":\"https:\/\/jornalfatosenoticias.com.br\/#organization\",\"name\":\"Jornal Fatos e Not\u00edcias\",\"url\":\"https:\/\/jornalfatosenoticias.com.br\/\",\"logo\":{\"@type\":\"ImageObject\",\"inLanguage\":\"pt-BR\",\"@id\":\"https:\/\/jornalfatosenoticias.com.br\/#\/schema\/logo\/image\/\",\"url\":\"https:\/\/jornalfatosenoticias.com.br\/wp-content\/uploads\/2020\/02\/logo120.png\",\"contentUrl\":\"https:\/\/jornalfatosenoticias.com.br\/wp-content\/uploads\/2020\/02\/logo120.png\",\"width\":1227,\"height\":120,\"caption\":\"Jornal Fatos e Not\u00edcias\"},\"image\":{\"@id\":\"https:\/\/jornalfatosenoticias.com.br\/#\/schema\/logo\/image\/\"}},{\"@type\":\"Person\",\"@id\":\"https:\/\/jornalfatosenoticias.com.br\/#\/schema\/person\/d63837fa13ac8666eb9e74e0985d6f81\",\"name\":\"Luzimara Fernandes\",\"image\":{\"@type\":\"ImageObject\",\"inLanguage\":\"pt-BR\",\"@id\":\"https:\/\/jornalfatosenoticias.com.br\/#\/schema\/person\/image\/\",\"url\":\"https:\/\/jornalfatosenoticias.com.br\/wp-content\/uploads\/2025\/05\/EU_portal.jpg\",\"contentUrl\":\"https:\/\/jornalfatosenoticias.com.br\/wp-content\/uploads\/2025\/05\/EU_portal.jpg\",\"caption\":\"Luzimara Fernandes\"},\"description\":\"Jornalista MTB 2358-ES\",\"sameAs\":[\"https:\/\/jornalfatosenoticias.com.br\"],\"url\":\"https:\/\/jornalfatosenoticias.com.br\/index.php\/author\/luzimara\/\"}]}<\/script>\n<!-- \/ Yoast SEO plugin. -->","yoast_head_json":{"title":"Lula participar\u00e1 de c\u00fapula do G77+China, que re\u00fane ditaduras e autocracias - Jornal Fatos e Not\u00edcias","robots":{"index":"index","follow":"follow","max-snippet":"max-snippet:-1","max-image-preview":"max-image-preview:large","max-video-preview":"max-video-preview:-1"},"canonical":"https:\/\/jornalfatosenoticias.com.br\/index.php\/2023\/09\/15\/lula-participara-de-cupula-do-g77china-que-reune-ditaduras-e-autocracias\/","og_locale":"pt_BR","og_type":"article","og_title":"Lula participar\u00e1 de c\u00fapula do G77+China, que re\u00fane ditaduras e autocracias - Jornal Fatos e Not\u00edcias","og_description":"O ditador cubano Miguel D\u00edaz-Canel ser\u00e1 o anfitri\u00e3o da c\u00fapula do G77+China, que ser\u00e1 realizada em Havana, Cuba, nos dias 16 e 17 de setembro. O evento reunir\u00e1 l\u00edderes e representantes de 134 pa\u00edses, incluindo ditaduras e regimes autorit\u00e1rios como Venezuela, Nicar\u00e1gua, China, Ir\u00e3 e Coreia do Norte.A c\u00fapula tamb\u00e9m contar\u00e1 com a presen\u00e7a de [&hellip;]","og_url":"https:\/\/jornalfatosenoticias.com.br\/index.php\/2023\/09\/15\/lula-participara-de-cupula-do-g77china-que-reune-ditaduras-e-autocracias\/","og_site_name":"Jornal Fatos e Not\u00edcias","article_published_time":"2023-09-15T16:11:13+00:00","article_modified_time":"2023-09-15T16:11:15+00:00","og_image":[{"width":950,"height":475,"url":"https:\/\/jornalfatosenoticias.com.br\/wp-content\/uploads\/2023\/09\/ditadores.jpg","type":"image\/jpeg"}],"author":"Luzimara Fernandes","twitter_card":"summary_large_image","twitter_misc":{"Escrito por":"Luzimara Fernandes","Est. tempo de leitura":"1 minuto"},"schema":{"@context":"https:\/\/schema.org","@graph":[{"@type":"Article","@id":"https:\/\/jornalfatosenoticias.com.br\/index.php\/2023\/09\/15\/lula-participara-de-cupula-do-g77china-que-reune-ditaduras-e-autocracias\/#article","isPartOf":{"@id":"https:\/\/jornalfatosenoticias.com.br\/index.php\/2023\/09\/15\/lula-participara-de-cupula-do-g77china-que-reune-ditaduras-e-autocracias\/"},"author":{"name":"Luzimara Fernandes","@id":"https:\/\/jornalfatosenoticias.com.br\/#\/schema\/person\/d63837fa13ac8666eb9e74e0985d6f81"},"headline":"Lula participar\u00e1 de c\u00fapula do G77+China, que re\u00fane ditaduras e autocracias","datePublished":"2023-09-15T16:11:13+00:00","dateModified":"2023-09-15T16:11:15+00:00","mainEntityOfPage":{"@id":"https:\/\/jornalfatosenoticias.com.br\/index.php\/2023\/09\/15\/lula-participara-de-cupula-do-g77china-que-reune-ditaduras-e-autocracias\/"},"wordCount":303,"commentCount":0,"publisher":{"@id":"https:\/\/jornalfatosenoticias.com.br\/#organization"},"image":{"@id":"https:\/\/jornalfatosenoticias.com.br\/index.php\/2023\/09\/15\/lula-participara-de-cupula-do-g77china-que-reune-ditaduras-e-autocracias\/#primaryimage"},"thumbnailUrl":"https:\/\/jornalfatosenoticias.com.br\/wp-content\/uploads\/2023\/09\/ditadores.jpg","keywords":["autocracias","ditaduras","G77","G77+China","Lula"],"articleSection":["Pol\u00edtica"],"inLanguage":"pt-BR","potentialAction":[{"@type":"CommentAction","name":"Comment","target":["https:\/\/jornalfatosenoticias.com.br\/index.php\/2023\/09\/15\/lula-participara-de-cupula-do-g77china-que-reune-ditaduras-e-autocracias\/#respond"]}]},{"@type":"WebPage","@id":"https:\/\/jornalfatosenoticias.com.br\/index.php\/2023\/09\/15\/lula-participara-de-cupula-do-g77china-que-reune-ditaduras-e-autocracias\/","url":"https:\/\/jornalfatosenoticias.com.br\/index.php\/2023\/09\/15\/lula-participara-de-cupula-do-g77china-que-reune-ditaduras-e-autocracias\/","name":"Lula participar\u00e1 de c\u00fapula do G77+China, que re\u00fane ditaduras e autocracias - Jornal Fatos e Not\u00edcias","isPartOf":{"@id":"https:\/\/jornalfatosenoticias.com.br\/#website"},"primaryImageOfPage":{"@id":"https:\/\/jornalfatosenoticias.com.br\/index.php\/2023\/09\/15\/lula-participara-de-cupula-do-g77china-que-reune-ditaduras-e-autocracias\/#primaryimage"},"image":{"@id":"https:\/\/jornalfatosenoticias.com.br\/index.php\/2023\/09\/15\/lula-participara-de-cupula-do-g77china-que-reune-ditaduras-e-autocracias\/#primaryimage"},"thumbnailUrl":"https:\/\/jornalfatosenoticias.com.br\/wp-content\/uploads\/2023\/09\/ditadores.jpg","datePublished":"2023-09-15T16:11:13+00:00","dateModified":"2023-09-15T16:11:15+00:00","breadcrumb":{"@id":"https:\/\/jornalfatosenoticias.com.br\/index.php\/2023\/09\/15\/lula-participara-de-cupula-do-g77china-que-reune-ditaduras-e-autocracias\/#breadcrumb"},"inLanguage":"pt-BR","potentialAction":[{"@type":"ReadAction","target":["https:\/\/jornalfatosenoticias.com.br\/index.php\/2023\/09\/15\/lula-participara-de-cupula-do-g77china-que-reune-ditaduras-e-autocracias\/"]}]},{"@type":"ImageObject","inLanguage":"pt-BR","@id":"https:\/\/jornalfatosenoticias.com.br\/index.php\/2023\/09\/15\/lula-participara-de-cupula-do-g77china-que-reune-ditaduras-e-autocracias\/#primaryimage","url":"https:\/\/jornalfatosenoticias.com.br\/wp-content\/uploads\/2023\/09\/ditadores.jpg","contentUrl":"https:\/\/jornalfatosenoticias.com.br\/wp-content\/uploads\/2023\/09\/ditadores.jpg","width":950,"height":475},{"@type":"BreadcrumbList","@id":"https:\/\/jornalfatosenoticias.com.br\/index.php\/2023\/09\/15\/lula-participara-de-cupula-do-g77china-que-reune-ditaduras-e-autocracias\/#breadcrumb","itemListElement":[{"@type":"ListItem","position":1,"name":"In\u00edcio","item":"https:\/\/jornalfatosenoticias.com.br\/"},{"@type":"ListItem","position":2,"name":"Lula participar\u00e1 de c\u00fapula do G77+China, que re\u00fane ditaduras e autocracias"}]},{"@type":"WebSite","@id":"https:\/\/jornalfatosenoticias.com.br\/#website","url":"https:\/\/jornalfatosenoticias.com.br\/","name":"Jornal Fatos e Not\u00edcias","description":"Not\u00edcias em geral","publisher":{"@id":"https:\/\/jornalfatosenoticias.com.br\/#organization"},"potentialAction":[{"@type":"SearchAction","target":{"@type":"EntryPoint","urlTemplate":"https:\/\/jornalfatosenoticias.com.br\/?s={search_term_string}"},"query-input":{"@type":"PropertyValueSpecification","valueRequired":true,"valueName":"search_term_string"}}],"inLanguage":"pt-BR"},{"@type":"Organization","@id":"https:\/\/jornalfatosenoticias.com.br\/#organization","name":"Jornal Fatos e Not\u00edcias","url":"https:\/\/jornalfatosenoticias.com.br\/","logo":{"@type":"ImageObject","inLanguage":"pt-BR","@id":"https:\/\/jornalfatosenoticias.com.br\/#\/schema\/logo\/image\/","url":"https:\/\/jornalfatosenoticias.com.br\/wp-content\/uploads\/2020\/02\/logo120.png","contentUrl":"https:\/\/jornalfatosenoticias.com.br\/wp-content\/uploads\/2020\/02\/logo120.png","width":1227,"height":120,"caption":"Jornal Fatos e Not\u00edcias"},"image":{"@id":"https:\/\/jornalfatosenoticias.com.br\/#\/schema\/logo\/image\/"}},{"@type":"Person","@id":"https:\/\/jornalfatosenoticias.com.br\/#\/schema\/person\/d63837fa13ac8666eb9e74e0985d6f81","name":"Luzimara Fernandes","image":{"@type":"ImageObject","inLanguage":"pt-BR","@id":"https:\/\/jornalfatosenoticias.com.br\/#\/schema\/person\/image\/","url":"https:\/\/jornalfatosenoticias.com.br\/wp-content\/uploads\/2025\/05\/EU_portal.jpg","contentUrl":"https:\/\/jornalfatosenoticias.com.br\/wp-content\/uploads\/2025\/05\/EU_portal.jpg","caption":"Luzimara Fernandes"},"description":"Jornalista MTB 2358-ES","sameAs":["https:\/\/jornalfatosenoticias.com.br"],"url":"https:\/\/jornalfatosenoticias.com.br\/index.php\/author\/luzimara\/"}]}},"cc_featured_image_caption":{"caption_text":"(Foto: Montagem Gazeta Brasil) ","source_text":"","source_url":""},"jetpack_featured_media_url":"https:\/\/jornalfatosenoticias.com.br\/wp-content\/uploads\/2023\/09\/ditadores.jpg","_links":{"self":[{"href":"https:\/\/jornalfatosenoticias.com.br\/index.php\/wp-json\/wp\/v2\/posts\/45206","targetHints":{"allow":["GET"]}}],"collection":[{"href":"https:\/\/jornalfatosenoticias.com.br\/index.php\/wp-json\/wp\/v2\/posts"}],"about":[{"href":"https:\/\/jornalfatosenoticias.com.br\/index.php\/wp-json\/wp\/v2\/types\/post"}],"author":[{"embeddable":true,"href":"https:\/\/jornalfatosenoticias.com.br\/index.php\/wp-json\/wp\/v2\/users\/2"}],"replies":[{"embeddable":true,"href":"https:\/\/jornalfatosenoticias.com.br\/index.php\/wp-json\/wp\/v2\/comments?post=45206"}],"version-history":[{"count":0,"href":"https:\/\/jornalfatosenoticias.com.br\/index.php\/wp-json\/wp\/v2\/posts\/45206\/revisions"}],"wp:featuredmedia":[{"embeddable":true,"href":"https:\/\/jornalfatosenoticias.com.br\/index.php\/wp-json\/wp\/v2\/media\/45207"}],"wp:attachment":[{"href":"https:\/\/jornalfatosenoticias.com.br\/index.php\/wp-json\/wp\/v2\/media?parent=45206"}],"wp:term":[{"taxonomy":"category","embeddable":true,"href":"https:\/\/jornalfatosenoticias.com.br\/index.php\/wp-json\/wp\/v2\/categories?post=45206"},{"taxonomy":"post_tag","embeddable":true,"href":"https:\/\/jornalfatosenoticias.com.br\/index.php\/wp-json\/wp\/v2\/tags?post=45206"}],"curies":[{"name":"wp","href":"https:\/\/api.w.org\/{rel}","templated":true}]}}