{"id":45210,"date":"2023-09-18T13:06:09","date_gmt":"2023-09-18T16:06:09","guid":{"rendered":"https:\/\/jornalfatosenoticias.com.br\/?p=45210"},"modified":"2023-09-18T13:06:13","modified_gmt":"2023-09-18T16:06:13","slug":"hormonios-maternos-afetam-areas-cerebrais-que-controlam-fome-e-saciedade-no-feto","status":"publish","type":"post","link":"https:\/\/jornalfatosenoticias.com.br\/index.php\/2023\/09\/18\/hormonios-maternos-afetam-areas-cerebrais-que-controlam-fome-e-saciedade-no-feto\/","title":{"rendered":"Horm\u00f4nios maternos afetam \u00e1reas cerebrais que controlam fome e saciedade no feto"},"content":{"rendered":"\n<p><em><span class=\"has-inline-color has-black-color\">Por <strong>Let\u00edcia Na\u00edsa\/<a href=\"https:\/\/gizmodo.uol.com.br\/author\/revista-pesquisa-fapesp\/\">Revista Pesquisa Fapesp<\/a><\/strong><\/span><\/em><\/p>\n\n\n\n<div class=\"wp-block-image\"><figure class=\"aligncenter size-large is-resized\"><img loading=\"lazy\" decoding=\"async\" src=\"https:\/\/jornalfatosenoticias.com.br\/wp-content\/uploads\/2020\/02\/logo-Rapuzel-1024x571.jpg\" alt=\"\" class=\"wp-image-42808\" width=\"345\" height=\"192\" srcset=\"https:\/\/jornalfatosenoticias.com.br\/wp-content\/uploads\/2020\/02\/logo-Rapuzel-1024x571.jpg 1024w, https:\/\/jornalfatosenoticias.com.br\/wp-content\/uploads\/2020\/02\/logo-Rapuzel-300x167.jpg 300w, https:\/\/jornalfatosenoticias.com.br\/wp-content\/uploads\/2020\/02\/logo-Rapuzel-768x428.jpg 768w, https:\/\/jornalfatosenoticias.com.br\/wp-content\/uploads\/2020\/02\/logo-Rapuzel-1536x856.jpg 1536w, https:\/\/jornalfatosenoticias.com.br\/wp-content\/uploads\/2020\/02\/logo-Rapuzel.jpg 1600w\" sizes=\"auto, (max-width: 345px) 100vw, 345px\" \/><\/figure><\/div>\n\n\n\n<p>O laborat\u00f3rio do fisiologista Jos\u00e9 Donato Junior, do Instituto de Ci\u00eancias Biom\u00e9dicas da Universidade de S\u00e3o Paulo (ICB-USP), abriga um \u201chotel de ratinhos\u201d com uma impressionante diversidade de animais. Ao todo, ele e sua equipe acompanham de perto 1.200 roedores de mais de 40 linhagens e medem os h\u00e1bitos e as rotinas de cada um deles. Entre todos os grupos, um chama a aten\u00e7\u00e3o: o dos camundongos gordos. N\u00e3o \u00e9 por acaso nem por conta de dietas especiais que esses animais ficam com o triplo do peso de um camundongo normal. Os roedores obesos t\u00eam uma altera\u00e7\u00e3o gen\u00e9tica que os impede de produzir um horm\u00f4nio que sinaliza para o c\u00e9rebro a hora de parar de comer. Sem esse horm\u00f4nio que induz \u00e0 saciedade, eles ingerem mais alimento do que deveriam e engordam. O efeito produzido por essa muta\u00e7\u00e3o simula um fen\u00f4meno que come\u00e7ou a ser mais bem compreendido nos \u00faltimos anos e pode explicar, ao menos em parte, por que alguns grupos de roedores \u2014 e talvez de seres humanos \u2014 t\u00eam uma propens\u00e3o maior a desenvolver obesidade e diabetes: a programa\u00e7\u00e3o metab\u00f3lica.<br>O conceito indica que o ambiente ao qual os filhotes s\u00e3o expostos durante a gesta\u00e7\u00e3o e pouco ap\u00f3s o nascimento influencia o desenvolvimento de certas \u00e1reas cerebrais, como as respons\u00e1veis pelo controle da fome e da saciedade, e favorecem o surgimento de doen\u00e7as depois de adultos. Em um artigo de revis\u00e3o publicado em abril na revista <a href=\"https:\/\/www.nature.com\/articles\/s41574-023-00828-1\" target=\"_blank\" rel=\"noreferrer noopener\"><em>Nature Reviews Endocrinology<\/em><\/a>, Donato analisou 161 trabalhos sobre o assunto e consolidou as evid\u00eancias de como esse fen\u00f4meno est\u00e1 relacionado ao desenvolvimento de obesidade e diabetes.<\/p>\n\n\n\n<div class=\"wp-block-image\"><figure class=\"aligncenter size-large\"><img loading=\"lazy\" decoding=\"async\" width=\"300\" height=\"300\" src=\"https:\/\/jornalfatosenoticias.com.br\/wp-content\/uploads\/2020\/02\/casa-do-torresmo_portal.jpg\" alt=\"\" class=\"wp-image-34472\" srcset=\"https:\/\/jornalfatosenoticias.com.br\/wp-content\/uploads\/2020\/02\/casa-do-torresmo_portal.jpg 300w, https:\/\/jornalfatosenoticias.com.br\/wp-content\/uploads\/2020\/02\/casa-do-torresmo_portal-150x150.jpg 150w\" sizes=\"auto, (max-width: 300px) 100vw, 300px\" \/><\/figure><\/div>\n\n\n\n<blockquote class=\"wp-block-quote is-layout-flow wp-block-quote-is-layout-flow\"><p><span class=\"has-inline-color has-luminous-vivid-orange-color\">A busca pelo entendimento desse conceito \u00e9 importante porque as doen\u00e7as cardiovasculares, que t\u00eam obesidade e diabetes como fatores de risco, s\u00e3o as principais causas de morte no mundo\u201d, afirma o fisiologista.<\/span><\/p><\/blockquote>\n\n\n\n<div class=\"wp-block-image\"><figure class=\"aligncenter size-large\"><img decoding=\"async\" src=\"https:\/\/jornalfatosenoticias.com.br\/wp-content\/uploads\/2020\/02\/barao-das-carnes-300x164-1.jpg\" alt=\"\" class=\"wp-image-34339\"\/><\/figure><\/div>\n\n\n\n<p>Esses estudos, que incluem dados de experimentos com roedores e observa\u00e7\u00f5es em seres humanos, indicam que, ao menos no caso do diabetes e da obesidade, a programa\u00e7\u00e3o metab\u00f3lica se d\u00e1 por meio da libera\u00e7\u00e3o pelo organismo materno de um grupo de compostos qu\u00edmicos chamados adipocinas. Produzidas pelas c\u00e9lulas do tecido adiposo, as adipocinas funcionam como horm\u00f4nios. Por meio do sangue, elas chegam ao c\u00e9rebro do feto em gesta\u00e7\u00e3o e influenciam a forma\u00e7\u00e3o das \u00e1reas ligadas \u00e0 regula\u00e7\u00e3o da fome, da saciedade e do gasto energ\u00e9tico. Ap\u00f3s o nascimento, continuam a modular a matura\u00e7\u00e3o dessas \u00e1reas cerebrais e de outros tecidos do corpo ao serem transferidas para os filhos via leite materno ou produzidas pelas pr\u00f3prios rec\u00e9m-nascidos.<\/p>\n\n\n\n<div class=\"wp-block-image\"><figure class=\"aligncenter size-large\"><img loading=\"lazy\" decoding=\"async\" width=\"300\" height=\"250\" src=\"https:\/\/jornalfatosenoticias.com.br\/wp-content\/uploads\/2022\/08\/arte-Casarao.jpg\" alt=\"\" class=\"wp-image-33178\"\/><\/figure><\/div>\n\n\n\n<p>Nas duas situa\u00e7\u00f5es, elas podem atuar tanto no n\u00edvel celular quanto no molecular. No primeiro, as adipocinas modificam as conex\u00f5es entre as c\u00e9lulas, alterando a estrutura dos circuitos cerebrais. No segundo, por mecanismos epigen\u00e9ticos, ativam ou desligam genes importantes para o funcionamento dessas c\u00e9lulas. \u201cDoen\u00e7as metab\u00f3licas tamb\u00e9m podem ser causadas por marcas epigen\u00e9ticas, que se formam ao longo da vida e s\u00e3o passadas de gera\u00e7\u00e3o para gera\u00e7\u00e3o\u201d, comenta a bi\u00f3loga Patr\u00edcia Boer, pesquisadora da Universidade Estadual de Campinas (Unicamp) e presidente da DOHaD Brasil (Origens Desenvolvimentistas da Sa\u00fade e da Doen\u00e7a).<\/p>\n\n\n\n<div class=\"wp-block-image\"><figure class=\"aligncenter size-large\"><img decoding=\"async\" src=\"https:\/\/jornalfatosenoticias.com.br\/wp-content\/uploads\/2020\/02\/logo_esteio.jpg\" alt=\"\" class=\"wp-image-1214\"\/><\/figure><\/div>\n\n\n\n<p>Das quase 10 adipocinas j\u00e1 identificadas, duas \u2014 a leptina e a adiponectina \u2014 sabidamente desempenham um papel essencial na programa\u00e7\u00e3o metab\u00f3lica que pode ocasionar obesidade e diabetes. Identificada em 1994, a leptina \u00e9 um dos horm\u00f4nios que regulam a fome e a saciedade nos seres humanos a partir da inf\u00e2ncia. Ela sinaliza para o c\u00e9rebro quando o corpo j\u00e1 ingeriu alimentos o suficiente e est\u00e1 pronto para gastar a energia que acumulou. Curiosamente, pessoas obesas produzem n\u00edveis mais altos de leptina. Isso acontece porque o c\u00e9rebro perde a sensibilidade \u00e0 a\u00e7\u00e3o desse horm\u00f4nio \u2014 \u00e9 a chamada resist\u00eancia \u00e0 leptina. Como consequ\u00eancia, o obeso come mais do que deveria e gasta menos a energia armazenada, criando um estoque que se transforma em gordura. \u00c9 algo bastante similar ao que acontece com a insulina em casos de diabetes tipo 2.<\/p>\n\n\n\n<div class=\"wp-block-image\"><figure class=\"aligncenter size-large is-resized\"><img loading=\"lazy\" decoding=\"async\" src=\"https:\/\/jornalfatosenoticias.com.br\/wp-content\/uploads\/2022\/10\/Arte-jornal-Zucchi-600x600_Prancheta-1-1024x1024.jpg\" alt=\"\" class=\"wp-image-34782\" width=\"311\" height=\"311\" srcset=\"https:\/\/jornalfatosenoticias.com.br\/wp-content\/uploads\/2022\/10\/Arte-jornal-Zucchi-600x600_Prancheta-1-1024x1024.jpg 1024w, https:\/\/jornalfatosenoticias.com.br\/wp-content\/uploads\/2022\/10\/Arte-jornal-Zucchi-600x600_Prancheta-1-300x300.jpg 300w, https:\/\/jornalfatosenoticias.com.br\/wp-content\/uploads\/2022\/10\/Arte-jornal-Zucchi-600x600_Prancheta-1-150x150.jpg 150w, https:\/\/jornalfatosenoticias.com.br\/wp-content\/uploads\/2022\/10\/Arte-jornal-Zucchi-600x600_Prancheta-1-768x768.jpg 768w, https:\/\/jornalfatosenoticias.com.br\/wp-content\/uploads\/2022\/10\/Arte-jornal-Zucchi-600x600_Prancheta-1.jpg 1250w\" sizes=\"auto, (max-width: 311px) 100vw, 311px\" \/><\/figure><\/div>\n\n\n\n<p>Durante o desenvolvimento do feto, no entanto, esse horm\u00f4nio age de duas formas. Quando a gestante \u00e9 obesa, seu organismo produz muita leptina, que chega em n\u00edveis elevados ao feto. Expostas a muita leptina, as regi\u00f5es cerebrais que deveriam perceber a presen\u00e7a desse horm\u00f4nio se constituem de maneira insens\u00edvel a ele. Em princ\u00edpio, esse organismo estaria programado para ter resist\u00eancia \u00e0 leptina e, consequentemente, estocar mais energia na forma de gordura e potencialmente desenvolver doen\u00e7as metab\u00f3licas, como obesidade e diabetes. J\u00e1 os filhos de m\u00e3es com peso inferior ao ideal s\u00e3o menos expostos \u00e0 leptina na gesta\u00e7\u00e3o e seu c\u00e9rebro n\u00e3o aprende a identificar a a\u00e7\u00e3o do horm\u00f4nio. \u00c9 como se esse horm\u00f4nio n\u00e3o existisse para eles, assim como acontece com o camundongo obeso do laborat\u00f3rio de Donato. Tanto os filhos de m\u00e3es obesas quanto os filhos de m\u00e3es mais magras do que o ideal t\u00eam a mesma propens\u00e3o a se tornarem obesos e a ter diabetes ao longo da vida.<\/p>\n\n\n\n<div class=\"wp-block-image\"><figure class=\"aligncenter size-large is-resized\"><img loading=\"lazy\" decoding=\"async\" src=\"https:\/\/jornalfatosenoticias.com.br\/wp-content\/uploads\/2023\/07\/lacremoda.jpg\" alt=\"\" class=\"wp-image-43706\" width=\"361\" height=\"202\" srcset=\"https:\/\/jornalfatosenoticias.com.br\/wp-content\/uploads\/2023\/07\/lacremoda.jpg 1024w, https:\/\/jornalfatosenoticias.com.br\/wp-content\/uploads\/2023\/07\/lacremoda-300x168.jpg 300w, https:\/\/jornalfatosenoticias.com.br\/wp-content\/uploads\/2023\/07\/lacremoda-768x431.jpg 768w\" sizes=\"auto, (max-width: 361px) 100vw, 361px\" \/><\/figure><\/div>\n\n\n\n<p>O que acontece com os roedores filhos de m\u00e3es muito magras traz \u00e0 mem\u00f3ria da bioqu\u00edmica Cristiane Matt\u00e9, da Universidade Federal do Rio Grande do Sul (UFRGS), um estudo de acompanhamento populacional de descendentes de gestantes holandesas que sofreram com a fome durante a invas\u00e3o nazista em 1944. O grupo coordenado pela epidemiologista Tessa Roseboom, da Universidade de Amsterd\u00e3, observou que a restri\u00e7\u00e3o alimentar das m\u00e3es afetou de forma permanente a estrutura de \u00f3rg\u00e3os dos filhos, que, depois de adultos, desenvolveram problemas renais, respirat\u00f3rios, de sa\u00fade mental e metab\u00f3licos, especialmente obesidade. Esse efeito passou de gera\u00e7\u00e3o para gera\u00e7\u00e3o, impactando a sa\u00fade p\u00fablica do pa\u00eds por d\u00e9cadas, como relataram os pesquisadores em um artigo publicado em 2021 na revista <a href=\"https:\/\/bmjopen.bmj.com\/content\/11\/3\/e042078\" target=\"_blank\" rel=\"noreferrer noopener\"><em>BMJ Open<\/em><\/a>.<\/p>\n\n\n\n<div class=\"wp-block-image\"><figure class=\"aligncenter size-large\"><img loading=\"lazy\" decoding=\"async\" width=\"1000\" height=\"535\" src=\"https:\/\/jornalfatosenoticias.com.br\/wp-content\/uploads\/2023\/09\/fome-fetos-fapesp-2.png\" alt=\"\" class=\"wp-image-45211\" srcset=\"https:\/\/jornalfatosenoticias.com.br\/wp-content\/uploads\/2023\/09\/fome-fetos-fapesp-2.png 1000w, https:\/\/jornalfatosenoticias.com.br\/wp-content\/uploads\/2023\/09\/fome-fetos-fapesp-2-300x161.png 300w, https:\/\/jornalfatosenoticias.com.br\/wp-content\/uploads\/2023\/09\/fome-fetos-fapesp-2-768x411.png 768w\" sizes=\"auto, (max-width: 1000px) 100vw, 1000px\" \/><figcaption><em><span class=\"has-inline-color has-black-color\">(Imagem: Revista Pesquisa Fapesp)<\/span><\/em><\/figcaption><\/figure><\/div>\n\n\n\n<blockquote class=\"wp-block-quote is-layout-flow wp-block-quote-is-layout-flow\"><p><span class=\"has-inline-color has-luminous-vivid-orange-color\">M\u00e3es que tiveram aporte nutricional extremamente restrito no terceiro trimestre da gesta\u00e7\u00e3o geraram crian\u00e7as com um fen\u00f3tipo econ\u00f4mico\u201d, explica Matt\u00e9, que \u00e9 pesquisadora do Centro de Estudos em Programa\u00e7\u00e3o Metab\u00f3lica da UFRGS e membro da Associa\u00e7\u00e3o DOHaD Brasil. \u201cQuando essas crian\u00e7as nasceram, j\u00e1 tinha passado a guerra, mas o metabolismo delas estava programado para um ambiente de escassez e para aproveitar ao m\u00e1ximo os carboidratos, lip\u00eddios e prote\u00ednas a que tinham acesso\u201d.<\/span><\/p><\/blockquote>\n\n\n\n<div class=\"wp-block-image\"><figure class=\"aligncenter size-large is-resized\"><img loading=\"lazy\" decoding=\"async\" src=\"https:\/\/jornalfatosenoticias.com.br\/wp-content\/uploads\/2020\/02\/CONTROL-CS.jpg\" alt=\"\" class=\"wp-image-44991\" width=\"323\" height=\"387\" srcset=\"https:\/\/jornalfatosenoticias.com.br\/wp-content\/uploads\/2020\/02\/CONTROL-CS.jpg 834w, https:\/\/jornalfatosenoticias.com.br\/wp-content\/uploads\/2020\/02\/CONTROL-CS-250x300.jpg 250w, https:\/\/jornalfatosenoticias.com.br\/wp-content\/uploads\/2020\/02\/CONTROL-CS-768x921.jpg 768w\" sizes=\"auto, (max-width: 323px) 100vw, 323px\" \/><\/figure><\/div>\n\n\n\n<p>O conceito de fen\u00f3tipo econ\u00f4mico foi criado pelo epidemiologista ingl\u00eas David Barker (1938-2013) depois de observar que crian\u00e7as que nasciam com peso abaixo do desej\u00e1vel morriam mais tarde de doen\u00e7as cardiovasculares causadas por outras doen\u00e7as metab\u00f3licas. Posteriormente, estudos com roedores mostraram que a exposi\u00e7\u00e3o a baixos n\u00edveis de leptina na gesta\u00e7\u00e3o ou logo ap\u00f3s o nascimento, uma situa\u00e7\u00e3o an\u00e1loga \u00e0 vivida por filhos de m\u00e3es que passaram por priva\u00e7\u00e3o alimentar severa, gera mudan\u00e7as que favorecem o surgimento do diabetes e da obesidade na idade adulta.<\/p>\n\n\n\n<div class=\"wp-block-image\"><figure class=\"aligncenter size-large is-resized\"><img loading=\"lazy\" decoding=\"async\" src=\"https:\/\/jornalfatosenoticias.com.br\/wp-content\/uploads\/2023\/03\/nova-logo-Marquetti.jpg\" alt=\"\" class=\"wp-image-40207\" width=\"335\" height=\"225\" srcset=\"https:\/\/jornalfatosenoticias.com.br\/wp-content\/uploads\/2023\/03\/nova-logo-Marquetti.jpg 643w, https:\/\/jornalfatosenoticias.com.br\/wp-content\/uploads\/2023\/03\/nova-logo-Marquetti-300x202.jpg 300w\" sizes=\"auto, (max-width: 335px) 100vw, 335px\" \/><\/figure><\/div>\n\n\n\n<p>O outro horm\u00f4nio destacado por Donato no artigo da <em>Nature Reviews Epidemiology<\/em> \u00e9 a adiponectina, que programa o metabolismo do feto de um jeito diferente. Em vez de influenciar o desenvolvimento do c\u00e9rebro, como a leptina, a adiponectina atua no acesso aos nutrientes e impacta o tamanho do beb\u00ea ao nascer. Ela aumenta a sensibilidade das c\u00e9lulas do f\u00edgado e dos m\u00fasculos ao horm\u00f4nio insulina, respons\u00e1vel pela utiliza\u00e7\u00e3o da glicose como fonte de energia.<br>Gr\u00e1vidas com diabetes geralmente t\u00eam baixos n\u00edveis de adiponectina no sangue e, consequentemente, altas concentra\u00e7\u00f5es de glicose. Com mais nutrientes dispon\u00edveis, seus beb\u00eas nascem maiores que o esperado para a idade gestacional. <\/p>\n\n\n\n<div class=\"wp-block-image\"><figure class=\"aligncenter size-large is-resized\"><img loading=\"lazy\" decoding=\"async\" src=\"https:\/\/jornalfatosenoticias.com.br\/wp-content\/uploads\/2022\/10\/RC_800x750_page-0001.jpg\" alt=\"\" class=\"wp-image-35338\" width=\"300\" height=\"281\" srcset=\"https:\/\/jornalfatosenoticias.com.br\/wp-content\/uploads\/2022\/10\/RC_800x750_page-0001.jpg 400w, https:\/\/jornalfatosenoticias.com.br\/wp-content\/uploads\/2022\/10\/RC_800x750_page-0001-300x281.jpg 300w\" sizes=\"auto, (max-width: 300px) 100vw, 300px\" \/><\/figure><\/div>\n\n\n\n<p>O oposto ocorre com as gestantes que passam fome. A taxa de adiponectina no sangue \u00e9 elevada e a de glicose \u00e9 baixa. Com menos acesso a esse nutriente, o feto se desenvolve menos e o beb\u00ea nasce com peso inferior ao considerado saud\u00e1vel. Em ambas as situa\u00e7\u00f5es, no entanto, o desfecho \u00e9 semelhante: h\u00e1 um aumento importante no risco de desenvolver obesidade, diabetes e doen\u00e7as cardiovasculares na idade adulta. Barker foi o primeiro a fazer essa associa\u00e7\u00e3o \u2014 \u00e9 a chamada hip\u00f3tese de Barker \u2014 entre o tamanho ao nascer e o risco de desenvolver essas enfermidades.<\/p>\n\n\n\n<div class=\"wp-block-image\"><figure class=\"aligncenter size-large\"><img loading=\"lazy\" decoding=\"async\" width=\"300\" height=\"250\" src=\"https:\/\/jornalfatosenoticias.com.br\/wp-content\/uploads\/2020\/02\/Banner-2.png\" alt=\"\" class=\"wp-image-43787\"\/><\/figure><\/div>\n\n\n\n<blockquote class=\"wp-block-quote is-layout-flow wp-block-quote-is-layout-flow\"><p><span class=\"has-inline-color has-luminous-vivid-orange-color\">As altera\u00e7\u00f5es de crescimento fetal s\u00e3o importantes para aumentar ou diminuir o risco de doen\u00e7as posteriormente\u201d, afirma Donato. Dados sobre tamanho ao nascer s\u00e3o de f\u00e1cil acesso em v\u00e1rios pa\u00edses, o que permitiu mais pesquisas sobre essa rela\u00e7\u00e3o.<\/span><\/p><\/blockquote>\n\n\n\n<div class=\"wp-block-image\"><figure class=\"aligncenter size-large is-resized\"><img loading=\"lazy\" decoding=\"async\" src=\"https:\/\/jornalfatosenoticias.com.br\/wp-content\/uploads\/2023\/08\/LOGO-BLU-COMERCIAL-PRETO-1024x600.jpg\" alt=\"\" class=\"wp-image-44053\" width=\"368\" height=\"215\"\/><\/figure><\/div>\n\n\n\n<p>Os experimentos feitos com roedores em laborat\u00f3rio, como o de Donato, ajudam a conhecer o que acontece no c\u00e9rebro humano. \u201cSabemos que toda a fisiologia da leptina \u00e9 id\u00eantica em pessoas e em animais\u201d, conta o pesquisador. Uma vantagem dos estudos com roedores \u00e9 que a gesta\u00e7\u00e3o de uma f\u00eamea dura apenas 21 dias, o que permite observar em poucos dias ou semanas o que pode levar anos para acontecer em seres humanos.<br>Esse conhecimento pode ser \u00fatil para informar as pessoas de que doen\u00e7as metab\u00f3licas durante a gesta\u00e7\u00e3o podem ser t\u00e3o prejudiciais ao feto quanto beber ou fumar.<\/p>\n\n\n\n<div class=\"wp-block-image\"><figure class=\"aligncenter size-large is-resized\"><img loading=\"lazy\" decoding=\"async\" src=\"https:\/\/jornalfatosenoticias.com.br\/wp-content\/uploads\/2022\/02\/Precisao-Contabilidade-1024x724.jpg\" alt=\"\" class=\"wp-image-28088\" width=\"315\" height=\"222\"\/><\/figure><\/div>\n\n\n\n<blockquote class=\"wp-block-quote is-layout-flow wp-block-quote-is-layout-flow\"><p><span class=\"has-inline-color has-luminous-vivid-orange-color\">N\u00e3o \u00e9 t\u00e3o \u00f3bvio para a popula\u00e7\u00e3o e saber disso permite aos pais planejarem perder peso e controlar o diabetes antes de terem um filho\u201d, completa Donato. \u201c\u00c9 muito importante ter um rigor maior no acompanhamento do peso e da nutri\u00e7\u00e3o durante o pr\u00e9-natal\u201d.<\/span><\/p><\/blockquote>\n\n\n\n<div class=\"wp-block-image\"><figure class=\"aligncenter size-large is-resized\"><img loading=\"lazy\" decoding=\"async\" src=\"https:\/\/jornalfatosenoticias.com.br\/wp-content\/uploads\/2023\/09\/vetorvix1024_1.jpg\" alt=\"\" class=\"wp-image-44868\" width=\"453\" height=\"120\" srcset=\"https:\/\/jornalfatosenoticias.com.br\/wp-content\/uploads\/2023\/09\/vetorvix1024_1.jpg 1024w, https:\/\/jornalfatosenoticias.com.br\/wp-content\/uploads\/2023\/09\/vetorvix1024_1-300x80.jpg 300w, https:\/\/jornalfatosenoticias.com.br\/wp-content\/uploads\/2023\/09\/vetorvix1024_1-768x205.jpg 768w\" sizes=\"auto, (max-width: 453px) 100vw, 453px\" \/><\/figure><\/div>\n\n\n\n<p>No longo prazo, a expectativa \u00e9 que os estudos possam inspirar novas terapias para prevenir que beb\u00eas se tornem adultos com doen\u00e7as metab\u00f3licas. Embora possa explicar parte dos casos de obesidade e diabetes na vida adulta, a programa\u00e7\u00e3o metab\u00f3lica n\u00e3o deve ser vista como uma senten\u00e7a definitiva sobre a sa\u00fade futura. Essas doen\u00e7as s\u00e3o multifatoriais. Podem ser causadas por influ\u00eancias externas, mas tamb\u00e9m por heran\u00e7a gen\u00e9tica ou epigen\u00e9tica. \u201cSe as causas fossem exclusivamente gen\u00e9ticas, apenas 5% da popula\u00e7\u00e3o deveria ser obesa, por exemplo, mas temos muito mais que isso\u201d, observa o endocrinologista L\u00edcio Velloso, professor de medicina na Unicamp. Acesso a alimenta\u00e7\u00e3o de qualidade tamb\u00e9m influencia o surgimento de doen\u00e7as metab\u00f3licas e deve ser incentivado por pol\u00edticas p\u00fablicas e por profissionais da sa\u00fade, defendem os pesquisadores, especialmente para gestantes.<\/p>\n\n\n\n<div class=\"wp-block-image\"><figure class=\"aligncenter size-large is-resized\"><img loading=\"lazy\" decoding=\"async\" src=\"https:\/\/jornalfatosenoticias.com.br\/wp-content\/uploads\/2023\/08\/BKR-1024x1021.jpg\" alt=\"\" class=\"wp-image-44494\" width=\"291\" height=\"290\" srcset=\"https:\/\/jornalfatosenoticias.com.br\/wp-content\/uploads\/2023\/08\/BKR-1024x1021.jpg 1024w, https:\/\/jornalfatosenoticias.com.br\/wp-content\/uploads\/2023\/08\/BKR-300x300.jpg 300w, https:\/\/jornalfatosenoticias.com.br\/wp-content\/uploads\/2023\/08\/BKR-150x150.jpg 150w, https:\/\/jornalfatosenoticias.com.br\/wp-content\/uploads\/2023\/08\/BKR-768x766.jpg 768w, https:\/\/jornalfatosenoticias.com.br\/wp-content\/uploads\/2023\/08\/BKR.jpg 1080w\" sizes=\"auto, (max-width: 291px) 100vw, 291px\" \/><\/figure><\/div>\n\n\n\n<p>Nem sempre, no entanto, a programa\u00e7\u00e3o metab\u00f3lica tem consequ\u00eancias negativas. <\/p>\n\n\n\n<blockquote class=\"wp-block-quote is-layout-flow wp-block-quote-is-layout-flow\"><p><span class=\"has-inline-color has-luminous-vivid-orange-color\">Em estudos com roedores, as f\u00eameas que realizaram exerc\u00edcios com frequ\u00eancia na gravidez tiveram filhotes que praticavam mais atividade f\u00edsica tamb\u00e9m\u201d, conta Matt\u00e9, da UFRGS. \u201cOu seja, exercitar-se pode deixar uma marca para a vida toda. Nesses casos, seria de uma \u2018programa\u00e7\u00e3o metab\u00f3lica do bem\u2019\u201d.<\/span><\/p><\/blockquote>\n\n\n\n<p>Em humanos, os pesquisadores estimam que a programa\u00e7\u00e3o metab\u00f3lica pode acontecer at\u00e9 pelo menos o segundo ano de vida.<\/p>\n\n\n\n<div class=\"wp-block-image\"><figure class=\"aligncenter size-large is-resized\"><img loading=\"lazy\" decoding=\"async\" src=\"https:\/\/jornalfatosenoticias.com.br\/wp-content\/uploads\/2023\/08\/VSM-Group.jpeg\" alt=\"\" class=\"wp-image-44364\" width=\"306\" height=\"306\"\/><\/figure><\/div>\n\n\n\n<blockquote class=\"wp-block-quote is-layout-flow wp-block-quote-is-layout-flow\"><p><span class=\"has-inline-color has-luminous-vivid-orange-color\">Os primeiros mil dias de desenvolvimento, que se iniciam na concep\u00e7\u00e3o e v\u00e3o at\u00e9 cerca de dois anos vida, s\u00e3o efetivamente o per\u00edodo de maior plasticidade e adapta\u00e7\u00e3o metab\u00f3lica dos \u00f3rg\u00e3os a influ\u00eancias do ambiente externo\u201d, explica a pesquisadora. \u201cTudo o que acontece nesse per\u00edodo impacta na sa\u00fade do indiv\u00edduo ao longo de toda a sua vida\u201d, conclui Matt\u00e9.<\/span><\/p><\/blockquote>\n\n\n\n<div class=\"wp-block-image\"><figure class=\"aligncenter size-large is-resized\"><img loading=\"lazy\" decoding=\"async\" src=\"https:\/\/jornalfatosenoticias.com.br\/wp-content\/uploads\/2023\/03\/logo-Panper_portal.jpg\" alt=\"\" class=\"wp-image-40208\" width=\"318\" height=\"220\" srcset=\"https:\/\/jornalfatosenoticias.com.br\/wp-content\/uploads\/2023\/03\/logo-Panper_portal.jpg 400w, https:\/\/jornalfatosenoticias.com.br\/wp-content\/uploads\/2023\/03\/logo-Panper_portal-300x208.jpg 300w\" sizes=\"auto, (max-width: 318px) 100vw, 318px\" \/><\/figure><\/div>\n\n\n\n<p><strong><em>Fonte: <a href=\"https:\/\/gizmodo.uol.com.br\/hormonios-maternos-afetam-areas-cerebrais-que-controlam-fome-e-saciedade-no-feto\/\">GizModo<\/a><\/em><\/strong><\/p>\n","protected":false},"excerpt":{"rendered":"<p>Por Let\u00edcia Na\u00edsa\/Revista Pesquisa Fapesp O laborat\u00f3rio do fisiologista Jos\u00e9 Donato Junior, do Instituto de Ci\u00eancias Biom\u00e9dicas da Universidade de S\u00e3o Paulo (ICB-USP), abriga um \u201chotel de ratinhos\u201d com uma impressionante diversidade de animais. Ao todo, ele e sua equipe acompanham de perto 1.200 roedores de mais de 40 linhagens e medem os h\u00e1bitos e [&hellip;]<\/p>\n","protected":false},"author":2,"featured_media":45212,"comment_status":"open","ping_status":"open","sticky":false,"template":"","format":"standard","meta":{"footnotes":""},"categories":[2,11],"tags":[16024,58,21193,1203,2148,634],"class_list":["post-45210","post","type-post","status-publish","format-standard","has-post-thumbnail","hentry","category-ciencia","category-saude","tag-bioquimica","tag-diabetes","tag-fisiologia","tag-fome","tag-medicina","tag-obesidade"],"yoast_head":"<!-- This site is optimized with the Yoast SEO plugin v26.5 - https:\/\/yoast.com\/wordpress\/plugins\/seo\/ -->\n<title>Horm\u00f4nios maternos afetam \u00e1reas cerebrais que controlam fome e saciedade no feto - Jornal Fatos e Not\u00edcias<\/title>\n<meta name=\"robots\" content=\"index, follow, max-snippet:-1, max-image-preview:large, max-video-preview:-1\" \/>\n<link rel=\"canonical\" href=\"https:\/\/jornalfatosenoticias.com.br\/index.php\/2023\/09\/18\/hormonios-maternos-afetam-areas-cerebrais-que-controlam-fome-e-saciedade-no-feto\/\" \/>\n<meta property=\"og:locale\" content=\"pt_BR\" \/>\n<meta property=\"og:type\" content=\"article\" \/>\n<meta property=\"og:title\" content=\"Horm\u00f4nios maternos afetam \u00e1reas cerebrais que controlam fome e saciedade no feto - Jornal Fatos e Not\u00edcias\" \/>\n<meta property=\"og:description\" content=\"Por Let\u00edcia Na\u00edsa\/Revista Pesquisa Fapesp O laborat\u00f3rio do fisiologista Jos\u00e9 Donato Junior, do Instituto de Ci\u00eancias Biom\u00e9dicas da Universidade de S\u00e3o Paulo (ICB-USP), abriga um \u201chotel de ratinhos\u201d com uma impressionante diversidade de animais. Ao todo, ele e sua equipe acompanham de perto 1.200 roedores de mais de 40 linhagens e medem os h\u00e1bitos e [&hellip;]\" \/>\n<meta property=\"og:url\" content=\"https:\/\/jornalfatosenoticias.com.br\/index.php\/2023\/09\/18\/hormonios-maternos-afetam-areas-cerebrais-que-controlam-fome-e-saciedade-no-feto\/\" \/>\n<meta property=\"og:site_name\" content=\"Jornal Fatos e Not\u00edcias\" \/>\n<meta property=\"article:published_time\" content=\"2023-09-18T16:06:09+00:00\" \/>\n<meta property=\"article:modified_time\" content=\"2023-09-18T16:06:13+00:00\" \/>\n<meta property=\"og:image\" content=\"https:\/\/jornalfatosenoticias.com.br\/wp-content\/uploads\/2023\/09\/fome-fetos-fapesp-1.jpg\" \/>\n\t<meta property=\"og:image:width\" content=\"812\" \/>\n\t<meta property=\"og:image:height\" content=\"541\" \/>\n\t<meta property=\"og:image:type\" content=\"image\/jpeg\" \/>\n<meta name=\"author\" content=\"Luzimara Fernandes\" \/>\n<meta name=\"twitter:card\" content=\"summary_large_image\" \/>\n<meta name=\"twitter:label1\" content=\"Escrito por\" \/>\n\t<meta name=\"twitter:data1\" content=\"Luzimara Fernandes\" \/>\n\t<meta name=\"twitter:label2\" content=\"Est. tempo de leitura\" \/>\n\t<meta name=\"twitter:data2\" content=\"10 minutos\" \/>\n<script type=\"application\/ld+json\" class=\"yoast-schema-graph\">{\"@context\":\"https:\/\/schema.org\",\"@graph\":[{\"@type\":\"Article\",\"@id\":\"https:\/\/jornalfatosenoticias.com.br\/index.php\/2023\/09\/18\/hormonios-maternos-afetam-areas-cerebrais-que-controlam-fome-e-saciedade-no-feto\/#article\",\"isPartOf\":{\"@id\":\"https:\/\/jornalfatosenoticias.com.br\/index.php\/2023\/09\/18\/hormonios-maternos-afetam-areas-cerebrais-que-controlam-fome-e-saciedade-no-feto\/\"},\"author\":{\"name\":\"Luzimara Fernandes\",\"@id\":\"https:\/\/jornalfatosenoticias.com.br\/#\/schema\/person\/d63837fa13ac8666eb9e74e0985d6f81\"},\"headline\":\"Horm\u00f4nios maternos afetam \u00e1reas cerebrais que controlam fome e saciedade no feto\",\"datePublished\":\"2023-09-18T16:06:09+00:00\",\"dateModified\":\"2023-09-18T16:06:13+00:00\",\"mainEntityOfPage\":{\"@id\":\"https:\/\/jornalfatosenoticias.com.br\/index.php\/2023\/09\/18\/hormonios-maternos-afetam-areas-cerebrais-que-controlam-fome-e-saciedade-no-feto\/\"},\"wordCount\":1946,\"commentCount\":0,\"publisher\":{\"@id\":\"https:\/\/jornalfatosenoticias.com.br\/#organization\"},\"image\":{\"@id\":\"https:\/\/jornalfatosenoticias.com.br\/index.php\/2023\/09\/18\/hormonios-maternos-afetam-areas-cerebrais-que-controlam-fome-e-saciedade-no-feto\/#primaryimage\"},\"thumbnailUrl\":\"https:\/\/jornalfatosenoticias.com.br\/wp-content\/uploads\/2023\/09\/fome-fetos-fapesp-1.jpg\",\"keywords\":[\"bioqu\u00edmica\",\"diabetes\",\"fisiologia\",\"fome\",\"medicina\",\"obesidade\"],\"articleSection\":[\"Ci\u00eancia\",\"Sa\u00fade\"],\"inLanguage\":\"pt-BR\",\"potentialAction\":[{\"@type\":\"CommentAction\",\"name\":\"Comment\",\"target\":[\"https:\/\/jornalfatosenoticias.com.br\/index.php\/2023\/09\/18\/hormonios-maternos-afetam-areas-cerebrais-que-controlam-fome-e-saciedade-no-feto\/#respond\"]}]},{\"@type\":\"WebPage\",\"@id\":\"https:\/\/jornalfatosenoticias.com.br\/index.php\/2023\/09\/18\/hormonios-maternos-afetam-areas-cerebrais-que-controlam-fome-e-saciedade-no-feto\/\",\"url\":\"https:\/\/jornalfatosenoticias.com.br\/index.php\/2023\/09\/18\/hormonios-maternos-afetam-areas-cerebrais-que-controlam-fome-e-saciedade-no-feto\/\",\"name\":\"Horm\u00f4nios maternos afetam \u00e1reas cerebrais que controlam fome e saciedade no feto - Jornal Fatos e Not\u00edcias\",\"isPartOf\":{\"@id\":\"https:\/\/jornalfatosenoticias.com.br\/#website\"},\"primaryImageOfPage\":{\"@id\":\"https:\/\/jornalfatosenoticias.com.br\/index.php\/2023\/09\/18\/hormonios-maternos-afetam-areas-cerebrais-que-controlam-fome-e-saciedade-no-feto\/#primaryimage\"},\"image\":{\"@id\":\"https:\/\/jornalfatosenoticias.com.br\/index.php\/2023\/09\/18\/hormonios-maternos-afetam-areas-cerebrais-que-controlam-fome-e-saciedade-no-feto\/#primaryimage\"},\"thumbnailUrl\":\"https:\/\/jornalfatosenoticias.com.br\/wp-content\/uploads\/2023\/09\/fome-fetos-fapesp-1.jpg\",\"datePublished\":\"2023-09-18T16:06:09+00:00\",\"dateModified\":\"2023-09-18T16:06:13+00:00\",\"breadcrumb\":{\"@id\":\"https:\/\/jornalfatosenoticias.com.br\/index.php\/2023\/09\/18\/hormonios-maternos-afetam-areas-cerebrais-que-controlam-fome-e-saciedade-no-feto\/#breadcrumb\"},\"inLanguage\":\"pt-BR\",\"potentialAction\":[{\"@type\":\"ReadAction\",\"target\":[\"https:\/\/jornalfatosenoticias.com.br\/index.php\/2023\/09\/18\/hormonios-maternos-afetam-areas-cerebrais-que-controlam-fome-e-saciedade-no-feto\/\"]}]},{\"@type\":\"ImageObject\",\"inLanguage\":\"pt-BR\",\"@id\":\"https:\/\/jornalfatosenoticias.com.br\/index.php\/2023\/09\/18\/hormonios-maternos-afetam-areas-cerebrais-que-controlam-fome-e-saciedade-no-feto\/#primaryimage\",\"url\":\"https:\/\/jornalfatosenoticias.com.br\/wp-content\/uploads\/2023\/09\/fome-fetos-fapesp-1.jpg\",\"contentUrl\":\"https:\/\/jornalfatosenoticias.com.br\/wp-content\/uploads\/2023\/09\/fome-fetos-fapesp-1.jpg\",\"width\":812,\"height\":541,\"caption\":\"The head of a gray Dumbo rat on a white background, she sits in a clay plate and looks out, putting her front paws on the edge.\"},{\"@type\":\"BreadcrumbList\",\"@id\":\"https:\/\/jornalfatosenoticias.com.br\/index.php\/2023\/09\/18\/hormonios-maternos-afetam-areas-cerebrais-que-controlam-fome-e-saciedade-no-feto\/#breadcrumb\",\"itemListElement\":[{\"@type\":\"ListItem\",\"position\":1,\"name\":\"In\u00edcio\",\"item\":\"https:\/\/jornalfatosenoticias.com.br\/\"},{\"@type\":\"ListItem\",\"position\":2,\"name\":\"Horm\u00f4nios maternos afetam \u00e1reas cerebrais que controlam fome e saciedade no feto\"}]},{\"@type\":\"WebSite\",\"@id\":\"https:\/\/jornalfatosenoticias.com.br\/#website\",\"url\":\"https:\/\/jornalfatosenoticias.com.br\/\",\"name\":\"Jornal Fatos e Not\u00edcias\",\"description\":\"Not\u00edcias em geral\",\"publisher\":{\"@id\":\"https:\/\/jornalfatosenoticias.com.br\/#organization\"},\"potentialAction\":[{\"@type\":\"SearchAction\",\"target\":{\"@type\":\"EntryPoint\",\"urlTemplate\":\"https:\/\/jornalfatosenoticias.com.br\/?s={search_term_string}\"},\"query-input\":{\"@type\":\"PropertyValueSpecification\",\"valueRequired\":true,\"valueName\":\"search_term_string\"}}],\"inLanguage\":\"pt-BR\"},{\"@type\":\"Organization\",\"@id\":\"https:\/\/jornalfatosenoticias.com.br\/#organization\",\"name\":\"Jornal Fatos e Not\u00edcias\",\"url\":\"https:\/\/jornalfatosenoticias.com.br\/\",\"logo\":{\"@type\":\"ImageObject\",\"inLanguage\":\"pt-BR\",\"@id\":\"https:\/\/jornalfatosenoticias.com.br\/#\/schema\/logo\/image\/\",\"url\":\"https:\/\/jornalfatosenoticias.com.br\/wp-content\/uploads\/2020\/02\/logo120.png\",\"contentUrl\":\"https:\/\/jornalfatosenoticias.com.br\/wp-content\/uploads\/2020\/02\/logo120.png\",\"width\":1227,\"height\":120,\"caption\":\"Jornal Fatos e Not\u00edcias\"},\"image\":{\"@id\":\"https:\/\/jornalfatosenoticias.com.br\/#\/schema\/logo\/image\/\"}},{\"@type\":\"Person\",\"@id\":\"https:\/\/jornalfatosenoticias.com.br\/#\/schema\/person\/d63837fa13ac8666eb9e74e0985d6f81\",\"name\":\"Luzimara Fernandes\",\"image\":{\"@type\":\"ImageObject\",\"inLanguage\":\"pt-BR\",\"@id\":\"https:\/\/jornalfatosenoticias.com.br\/#\/schema\/person\/image\/\",\"url\":\"https:\/\/jornalfatosenoticias.com.br\/wp-content\/uploads\/2025\/05\/EU_portal.jpg\",\"contentUrl\":\"https:\/\/jornalfatosenoticias.com.br\/wp-content\/uploads\/2025\/05\/EU_portal.jpg\",\"caption\":\"Luzimara Fernandes\"},\"description\":\"Jornalista MTB 2358-ES\",\"sameAs\":[\"https:\/\/jornalfatosenoticias.com.br\"],\"url\":\"https:\/\/jornalfatosenoticias.com.br\/index.php\/author\/luzimara\/\"}]}<\/script>\n<!-- \/ Yoast SEO plugin. -->","yoast_head_json":{"title":"Horm\u00f4nios maternos afetam \u00e1reas cerebrais que controlam fome e saciedade no feto - Jornal Fatos e Not\u00edcias","robots":{"index":"index","follow":"follow","max-snippet":"max-snippet:-1","max-image-preview":"max-image-preview:large","max-video-preview":"max-video-preview:-1"},"canonical":"https:\/\/jornalfatosenoticias.com.br\/index.php\/2023\/09\/18\/hormonios-maternos-afetam-areas-cerebrais-que-controlam-fome-e-saciedade-no-feto\/","og_locale":"pt_BR","og_type":"article","og_title":"Horm\u00f4nios maternos afetam \u00e1reas cerebrais que controlam fome e saciedade no feto - Jornal Fatos e Not\u00edcias","og_description":"Por Let\u00edcia Na\u00edsa\/Revista Pesquisa Fapesp O laborat\u00f3rio do fisiologista Jos\u00e9 Donato Junior, do Instituto de Ci\u00eancias Biom\u00e9dicas da Universidade de S\u00e3o Paulo (ICB-USP), abriga um \u201chotel de ratinhos\u201d com uma impressionante diversidade de animais. Ao todo, ele e sua equipe acompanham de perto 1.200 roedores de mais de 40 linhagens e medem os h\u00e1bitos e [&hellip;]","og_url":"https:\/\/jornalfatosenoticias.com.br\/index.php\/2023\/09\/18\/hormonios-maternos-afetam-areas-cerebrais-que-controlam-fome-e-saciedade-no-feto\/","og_site_name":"Jornal Fatos e Not\u00edcias","article_published_time":"2023-09-18T16:06:09+00:00","article_modified_time":"2023-09-18T16:06:13+00:00","og_image":[{"width":812,"height":541,"url":"https:\/\/jornalfatosenoticias.com.br\/wp-content\/uploads\/2023\/09\/fome-fetos-fapesp-1.jpg","type":"image\/jpeg"}],"author":"Luzimara Fernandes","twitter_card":"summary_large_image","twitter_misc":{"Escrito por":"Luzimara Fernandes","Est. tempo de leitura":"10 minutos"},"schema":{"@context":"https:\/\/schema.org","@graph":[{"@type":"Article","@id":"https:\/\/jornalfatosenoticias.com.br\/index.php\/2023\/09\/18\/hormonios-maternos-afetam-areas-cerebrais-que-controlam-fome-e-saciedade-no-feto\/#article","isPartOf":{"@id":"https:\/\/jornalfatosenoticias.com.br\/index.php\/2023\/09\/18\/hormonios-maternos-afetam-areas-cerebrais-que-controlam-fome-e-saciedade-no-feto\/"},"author":{"name":"Luzimara Fernandes","@id":"https:\/\/jornalfatosenoticias.com.br\/#\/schema\/person\/d63837fa13ac8666eb9e74e0985d6f81"},"headline":"Horm\u00f4nios maternos afetam \u00e1reas cerebrais que controlam fome e saciedade no feto","datePublished":"2023-09-18T16:06:09+00:00","dateModified":"2023-09-18T16:06:13+00:00","mainEntityOfPage":{"@id":"https:\/\/jornalfatosenoticias.com.br\/index.php\/2023\/09\/18\/hormonios-maternos-afetam-areas-cerebrais-que-controlam-fome-e-saciedade-no-feto\/"},"wordCount":1946,"commentCount":0,"publisher":{"@id":"https:\/\/jornalfatosenoticias.com.br\/#organization"},"image":{"@id":"https:\/\/jornalfatosenoticias.com.br\/index.php\/2023\/09\/18\/hormonios-maternos-afetam-areas-cerebrais-que-controlam-fome-e-saciedade-no-feto\/#primaryimage"},"thumbnailUrl":"https:\/\/jornalfatosenoticias.com.br\/wp-content\/uploads\/2023\/09\/fome-fetos-fapesp-1.jpg","keywords":["bioqu\u00edmica","diabetes","fisiologia","fome","medicina","obesidade"],"articleSection":["Ci\u00eancia","Sa\u00fade"],"inLanguage":"pt-BR","potentialAction":[{"@type":"CommentAction","name":"Comment","target":["https:\/\/jornalfatosenoticias.com.br\/index.php\/2023\/09\/18\/hormonios-maternos-afetam-areas-cerebrais-que-controlam-fome-e-saciedade-no-feto\/#respond"]}]},{"@type":"WebPage","@id":"https:\/\/jornalfatosenoticias.com.br\/index.php\/2023\/09\/18\/hormonios-maternos-afetam-areas-cerebrais-que-controlam-fome-e-saciedade-no-feto\/","url":"https:\/\/jornalfatosenoticias.com.br\/index.php\/2023\/09\/18\/hormonios-maternos-afetam-areas-cerebrais-que-controlam-fome-e-saciedade-no-feto\/","name":"Horm\u00f4nios maternos afetam \u00e1reas cerebrais que controlam fome e saciedade no feto - Jornal Fatos e Not\u00edcias","isPartOf":{"@id":"https:\/\/jornalfatosenoticias.com.br\/#website"},"primaryImageOfPage":{"@id":"https:\/\/jornalfatosenoticias.com.br\/index.php\/2023\/09\/18\/hormonios-maternos-afetam-areas-cerebrais-que-controlam-fome-e-saciedade-no-feto\/#primaryimage"},"image":{"@id":"https:\/\/jornalfatosenoticias.com.br\/index.php\/2023\/09\/18\/hormonios-maternos-afetam-areas-cerebrais-que-controlam-fome-e-saciedade-no-feto\/#primaryimage"},"thumbnailUrl":"https:\/\/jornalfatosenoticias.com.br\/wp-content\/uploads\/2023\/09\/fome-fetos-fapesp-1.jpg","datePublished":"2023-09-18T16:06:09+00:00","dateModified":"2023-09-18T16:06:13+00:00","breadcrumb":{"@id":"https:\/\/jornalfatosenoticias.com.br\/index.php\/2023\/09\/18\/hormonios-maternos-afetam-areas-cerebrais-que-controlam-fome-e-saciedade-no-feto\/#breadcrumb"},"inLanguage":"pt-BR","potentialAction":[{"@type":"ReadAction","target":["https:\/\/jornalfatosenoticias.com.br\/index.php\/2023\/09\/18\/hormonios-maternos-afetam-areas-cerebrais-que-controlam-fome-e-saciedade-no-feto\/"]}]},{"@type":"ImageObject","inLanguage":"pt-BR","@id":"https:\/\/jornalfatosenoticias.com.br\/index.php\/2023\/09\/18\/hormonios-maternos-afetam-areas-cerebrais-que-controlam-fome-e-saciedade-no-feto\/#primaryimage","url":"https:\/\/jornalfatosenoticias.com.br\/wp-content\/uploads\/2023\/09\/fome-fetos-fapesp-1.jpg","contentUrl":"https:\/\/jornalfatosenoticias.com.br\/wp-content\/uploads\/2023\/09\/fome-fetos-fapesp-1.jpg","width":812,"height":541,"caption":"The head of a gray Dumbo rat on a white background, she sits in a clay plate and looks out, putting her front paws on the edge."},{"@type":"BreadcrumbList","@id":"https:\/\/jornalfatosenoticias.com.br\/index.php\/2023\/09\/18\/hormonios-maternos-afetam-areas-cerebrais-que-controlam-fome-e-saciedade-no-feto\/#breadcrumb","itemListElement":[{"@type":"ListItem","position":1,"name":"In\u00edcio","item":"https:\/\/jornalfatosenoticias.com.br\/"},{"@type":"ListItem","position":2,"name":"Horm\u00f4nios maternos afetam \u00e1reas cerebrais que controlam fome e saciedade no feto"}]},{"@type":"WebSite","@id":"https:\/\/jornalfatosenoticias.com.br\/#website","url":"https:\/\/jornalfatosenoticias.com.br\/","name":"Jornal Fatos e Not\u00edcias","description":"Not\u00edcias em geral","publisher":{"@id":"https:\/\/jornalfatosenoticias.com.br\/#organization"},"potentialAction":[{"@type":"SearchAction","target":{"@type":"EntryPoint","urlTemplate":"https:\/\/jornalfatosenoticias.com.br\/?s={search_term_string}"},"query-input":{"@type":"PropertyValueSpecification","valueRequired":true,"valueName":"search_term_string"}}],"inLanguage":"pt-BR"},{"@type":"Organization","@id":"https:\/\/jornalfatosenoticias.com.br\/#organization","name":"Jornal Fatos e Not\u00edcias","url":"https:\/\/jornalfatosenoticias.com.br\/","logo":{"@type":"ImageObject","inLanguage":"pt-BR","@id":"https:\/\/jornalfatosenoticias.com.br\/#\/schema\/logo\/image\/","url":"https:\/\/jornalfatosenoticias.com.br\/wp-content\/uploads\/2020\/02\/logo120.png","contentUrl":"https:\/\/jornalfatosenoticias.com.br\/wp-content\/uploads\/2020\/02\/logo120.png","width":1227,"height":120,"caption":"Jornal Fatos e Not\u00edcias"},"image":{"@id":"https:\/\/jornalfatosenoticias.com.br\/#\/schema\/logo\/image\/"}},{"@type":"Person","@id":"https:\/\/jornalfatosenoticias.com.br\/#\/schema\/person\/d63837fa13ac8666eb9e74e0985d6f81","name":"Luzimara Fernandes","image":{"@type":"ImageObject","inLanguage":"pt-BR","@id":"https:\/\/jornalfatosenoticias.com.br\/#\/schema\/person\/image\/","url":"https:\/\/jornalfatosenoticias.com.br\/wp-content\/uploads\/2025\/05\/EU_portal.jpg","contentUrl":"https:\/\/jornalfatosenoticias.com.br\/wp-content\/uploads\/2025\/05\/EU_portal.jpg","caption":"Luzimara Fernandes"},"description":"Jornalista MTB 2358-ES","sameAs":["https:\/\/jornalfatosenoticias.com.br"],"url":"https:\/\/jornalfatosenoticias.com.br\/index.php\/author\/luzimara\/"}]}},"cc_featured_image_caption":{"caption_text":"(Foto: iStock)","source_text":"","source_url":""},"jetpack_featured_media_url":"https:\/\/jornalfatosenoticias.com.br\/wp-content\/uploads\/2023\/09\/fome-fetos-fapesp-1.jpg","_links":{"self":[{"href":"https:\/\/jornalfatosenoticias.com.br\/index.php\/wp-json\/wp\/v2\/posts\/45210","targetHints":{"allow":["GET"]}}],"collection":[{"href":"https:\/\/jornalfatosenoticias.com.br\/index.php\/wp-json\/wp\/v2\/posts"}],"about":[{"href":"https:\/\/jornalfatosenoticias.com.br\/index.php\/wp-json\/wp\/v2\/types\/post"}],"author":[{"embeddable":true,"href":"https:\/\/jornalfatosenoticias.com.br\/index.php\/wp-json\/wp\/v2\/users\/2"}],"replies":[{"embeddable":true,"href":"https:\/\/jornalfatosenoticias.com.br\/index.php\/wp-json\/wp\/v2\/comments?post=45210"}],"version-history":[{"count":0,"href":"https:\/\/jornalfatosenoticias.com.br\/index.php\/wp-json\/wp\/v2\/posts\/45210\/revisions"}],"wp:featuredmedia":[{"embeddable":true,"href":"https:\/\/jornalfatosenoticias.com.br\/index.php\/wp-json\/wp\/v2\/media\/45212"}],"wp:attachment":[{"href":"https:\/\/jornalfatosenoticias.com.br\/index.php\/wp-json\/wp\/v2\/media?parent=45210"}],"wp:term":[{"taxonomy":"category","embeddable":true,"href":"https:\/\/jornalfatosenoticias.com.br\/index.php\/wp-json\/wp\/v2\/categories?post=45210"},{"taxonomy":"post_tag","embeddable":true,"href":"https:\/\/jornalfatosenoticias.com.br\/index.php\/wp-json\/wp\/v2\/tags?post=45210"}],"curies":[{"name":"wp","href":"https:\/\/api.w.org\/{rel}","templated":true}]}}