{"id":45231,"date":"2023-09-18T14:43:11","date_gmt":"2023-09-18T17:43:11","guid":{"rendered":"https:\/\/jornalfatosenoticias.com.br\/?p=45231"},"modified":"2023-09-18T14:43:12","modified_gmt":"2023-09-18T17:43:12","slug":"pele-de-tilapia-e-opcao-para-tratar-lesoes-de-cornea-em-caes","status":"publish","type":"post","link":"https:\/\/jornalfatosenoticias.com.br\/index.php\/2023\/09\/18\/pele-de-tilapia-e-opcao-para-tratar-lesoes-de-cornea-em-caes\/","title":{"rendered":"Pele de til\u00e1pia \u00e9 op\u00e7\u00e3o para tratar les\u00f5es de c\u00f3rnea em c\u00e3es"},"content":{"rendered":"\n<p><em><span class=\"has-inline-color has-black-color\">Por <strong>Yuri Vasconcelos\/<a href=\"https:\/\/gizmodo.uol.com.br\/author\/revista-pesquisa-fapesp\/\">Revista Pesquisa Fapesp<\/a><\/strong><\/span><\/em><\/p>\n\n\n\n<div class=\"wp-block-image\"><figure class=\"aligncenter size-large\"><img loading=\"lazy\" decoding=\"async\" width=\"1024\" height=\"110\" src=\"https:\/\/jornalfatosenoticias.com.br\/wp-content\/uploads\/2022\/10\/Arte-jornal-Zucchi-1120x120_Prancheta-1-1024x110.jpg\" alt=\"\" class=\"wp-image-34772\" srcset=\"https:\/\/jornalfatosenoticias.com.br\/wp-content\/uploads\/2022\/10\/Arte-jornal-Zucchi-1120x120_Prancheta-1-1024x110.jpg 1024w, https:\/\/jornalfatosenoticias.com.br\/wp-content\/uploads\/2022\/10\/Arte-jornal-Zucchi-1120x120_Prancheta-1-300x32.jpg 300w, https:\/\/jornalfatosenoticias.com.br\/wp-content\/uploads\/2022\/10\/Arte-jornal-Zucchi-1120x120_Prancheta-1-768x82.jpg 768w, https:\/\/jornalfatosenoticias.com.br\/wp-content\/uploads\/2022\/10\/Arte-jornal-Zucchi-1120x120_Prancheta-1-1536x165.jpg 1536w, https:\/\/jornalfatosenoticias.com.br\/wp-content\/uploads\/2022\/10\/Arte-jornal-Zucchi-1120x120_Prancheta-1-2048x219.jpg 2048w\" sizes=\"auto, (max-width: 1024px) 100vw, 1024px\" \/><\/figure><\/div>\n\n\n\n<p>Uma nova t\u00e9cnica cir\u00fargica que utiliza um biotecido originado da pele de til\u00e1pia-do-nilo (<em>Oreochromis nicoticus<\/em>) tem ajudado a reestabelecer a vis\u00e3o de c\u00e3es portadores de \u00falceras ou les\u00f5es graves de c\u00f3rnea, inclusive perfura\u00e7\u00f5es. A novidade \u00e9 uma membrana rica em col\u00e1geno, subst\u00e2ncia eficiente em processos de repara\u00e7\u00e3o celular, feita a partir da pele do peixe, esp\u00e9cie de \u00e1gua doce comum no Brasil. Desenvolvida por pesquisadores do N\u00facleo de Produ\u00e7\u00e3o e Desenvolvimento de Medicamentos da Faculdade de Medicina da Universidade Federal do Cear\u00e1 (NPDM-UFC), o enxerto \u00e9 usado como curativo no p\u00f3s-cir\u00fargico, induzindo a regenera\u00e7\u00e3o \u2014 ou reepiteliza\u00e7\u00e3o \u2014 da c\u00f3rnea e acelerando a cicatriza\u00e7\u00e3o.<\/p>\n\n\n\n<blockquote class=\"wp-block-quote is-layout-flow wp-block-quote-is-layout-flow\"><p><span class=\"has-inline-color has-luminous-vivid-orange-color\">Nos \u00faltimos quatro anos, j\u00e1 recuperamos a sa\u00fade ocular de mais de 400 c\u00e3es com o uso dessa nova t\u00e9cnica cir\u00fargica\u201d, afirma a veterin\u00e1ria Mirza Melo, que lidera o estudo. \u201cA membrana, tecnicamente uma matriz d\u00e9rmica acelular, funciona como um arcabou\u00e7o [scaffold], protegendo a c\u00f3rnea e estimulando a produ\u00e7\u00e3o celular nas \u00e1reas afetadas. Ela vai liberando col\u00e1geno e depois \u00e9 absorvida pelo organismo\u201d.<\/span><\/p><\/blockquote>\n\n\n\n<div class=\"wp-block-image\"><figure class=\"aligncenter size-large\"><img decoding=\"async\" src=\"https:\/\/jornalfatosenoticias.com.br\/wp-content\/uploads\/2020\/02\/barao-das-carnes-300x164-1.jpg\" alt=\"\" class=\"wp-image-34339\"\/><\/figure><\/div>\n\n\n\n<p>Segundo Melo, c\u00e3es braquic\u00e9falos, como buldogues, pugs, lhasas e shih-tzus, que t\u00eam o focinho curto e os olhos maiores e mais expostos, s\u00e3o os mais propensos a sofrer les\u00f5es de c\u00f3rnea. Para a produ\u00e7\u00e3o do biotecido, explica a pesquisadora, a pele do peixe passa por um longo processo em laborat\u00f3rio para remo\u00e7\u00e3o das escamas e de todas as c\u00e9lulas, de forma que reste apenas o col\u00e1geno.<\/p>\n\n\n\n<div class=\"wp-block-image\"><figure class=\"aligncenter size-large is-resized\"><img loading=\"lazy\" decoding=\"async\" src=\"https:\/\/jornalfatosenoticias.com.br\/wp-content\/uploads\/2023\/08\/VSM-Group.jpeg\" alt=\"\" class=\"wp-image-44364\" width=\"311\" height=\"311\"\/><\/figure><\/div>\n\n\n\n<blockquote class=\"wp-block-quote is-layout-flow wp-block-quote-is-layout-flow\"><p><span class=\"has-inline-color has-luminous-vivid-orange-color\">J\u00e1 h\u00e1 no mercado membranas biol\u00f3gicas feitas de material bovino ou su\u00edno, mas s\u00e3o importadas. A vantagem da nossa \u00e9 que deriva de um refugo da ind\u00fastria pesqueira e de um peixe largamente cultivado na regi\u00e3o, o que permitir\u00e1 fabricar membranas de baixo custo\u201d.<\/span><\/p><\/blockquote>\n\n\n\n<div class=\"wp-block-image\"><figure class=\"aligncenter size-large\"><img loading=\"lazy\" decoding=\"async\" width=\"300\" height=\"250\" src=\"https:\/\/jornalfatosenoticias.com.br\/wp-content\/uploads\/2022\/08\/arte-Casarao.jpg\" alt=\"\" class=\"wp-image-33178\"\/><\/figure><\/div>\n\n\n\n<p>O emprego da matriz d\u00e9rmica da pele de til\u00e1pia em cirurgias oftalmol\u00f3gicas foi tema do mestrado de Melo no Programa de P\u00f3s-gradua\u00e7\u00e3o em Medicina Translacional, realizado sob orienta\u00e7\u00e3o do m\u00e9dico Manoel Odorico de Moraes Filho, coordenador do NPDM. No estudo com 60 c\u00e3es com les\u00f5es de c\u00f3rnea, ela comparou o uso da matriz, de uma membrana comercial derivada da mucosa do intestino de su\u00ednos e de um enxerto conjuntival do pr\u00f3prio indiv\u00edduo. \u201cNossa matriz d\u00e9rmica mostrou-se superior, proporcionando menor tempo de cicatriza\u00e7\u00e3o e alta do animal\u201d, diz Melo. As etapas experimentais da pesquisa foram realizadas no Centro de Olhos Veterin\u00e1rio, cl\u00ednica particular de atendimento oftalmol\u00f3gico coordenada pela pesquisadora.<\/p>\n\n\n\n<div class=\"wp-block-image\"><figure class=\"aligncenter size-large\"><img decoding=\"async\" src=\"https:\/\/jornalfatosenoticias.com.br\/wp-content\/uploads\/2020\/02\/logo_esteio.jpg\" alt=\"\" class=\"wp-image-1214\"\/><\/figure><\/div>\n\n\n\n<h2 class=\"wp-block-heading\"><strong><span class=\"has-inline-color has-black-color\">Relato do primeiro caso<\/span><\/strong><\/h2>\n\n\n\n<div class=\"wp-block-image\"><figure class=\"aligncenter size-large\"><img loading=\"lazy\" decoding=\"async\" width=\"1000\" height=\"562\" src=\"https:\/\/jornalfatosenoticias.com.br\/wp-content\/uploads\/2023\/09\/pele-de-tilapia-caes-fapesp-2.jpg\" alt=\"\" class=\"wp-image-45232\" srcset=\"https:\/\/jornalfatosenoticias.com.br\/wp-content\/uploads\/2023\/09\/pele-de-tilapia-caes-fapesp-2.jpg 1000w, https:\/\/jornalfatosenoticias.com.br\/wp-content\/uploads\/2023\/09\/pele-de-tilapia-caes-fapesp-2-300x169.jpg 300w, https:\/\/jornalfatosenoticias.com.br\/wp-content\/uploads\/2023\/09\/pele-de-tilapia-caes-fapesp-2-768x432.jpg 768w\" sizes=\"auto, (max-width: 1000px) 100vw, 1000px\" \/><figcaption><em><span class=\"has-inline-color has-black-color\">C\u00e3es braquic\u00e9falos, como buldogues, pugs e lhasas, tamb\u00e9m sofrem com frequ\u00eancia de problemas oculares (Fotomongem: Pexels)<\/span><\/em><\/figcaption><\/figure><\/div>\n\n\n\n<p>A descri\u00e7\u00e3o do primeiro animal operado com a nova t\u00e9cnica, uma cadela da ra\u00e7a shih-tzu com uma perfura\u00e7\u00e3o no olho, foi publicada na revista cient\u00edfica <em>Brazilian Journal of Animal and Environmental Research, <\/em>em 2022<em>.<\/em> \u201cO relato sugere que a cicatriza\u00e7\u00e3o promovida pelo enxerto da matriz de pele de til\u00e1pia em c\u00f3rneas de c\u00e3es mostrou-se vantajosa, obtendo maior transpar\u00eancia, aus\u00eancia de melanose [mancha], baixa vasculariza\u00e7\u00e3o e boa lubrifica\u00e7\u00e3o\u201d, anotaram os autores do artigo. O resultado desse primeiro caso foi apresentado no Congresso Brasileiro de Oftalmologia Veterin\u00e1ria no final de 2021 e recebeu o pr\u00eamio de melhor trabalho do evento.<\/p>\n\n\n\n<div class=\"wp-block-image\"><figure class=\"aligncenter size-large\"><img loading=\"lazy\" decoding=\"async\" width=\"300\" height=\"300\" src=\"https:\/\/jornalfatosenoticias.com.br\/wp-content\/uploads\/2020\/02\/casa-do-torresmo_portal.jpg\" alt=\"\" class=\"wp-image-34472\" srcset=\"https:\/\/jornalfatosenoticias.com.br\/wp-content\/uploads\/2020\/02\/casa-do-torresmo_portal.jpg 300w, https:\/\/jornalfatosenoticias.com.br\/wp-content\/uploads\/2020\/02\/casa-do-torresmo_portal-150x150.jpg 150w\" sizes=\"auto, (max-width: 300px) 100vw, 300px\" \/><\/figure><\/div>\n\n\n\n<p>A investiga\u00e7\u00e3o de Melo, que \u00e9 professora da Universidade Estadual do Cear\u00e1 (Uece) e est\u00e1 cursando doutorado na UFC, insere-se em um estudo mais amplo com foco no uso medicinal da pele de til\u00e1pia. Iniciada em 2014 no Cear\u00e1, essa pesquisa \u00e9 liderada pelo cirurgi\u00e3o pl\u00e1stico Edmar Maciel, do NPDM-UFC e do Instituto de Apoio ao Queimado (IAQ), de Fortaleza. A pele do peixe liofilizada, ou seja, desidratada, esterilizada, irradiada com raios gama e embalada a v\u00e1cuo, j\u00e1 se mostrou eficaz como curativo biol\u00f3gico no tratamento de queimados, na reconstru\u00e7\u00e3o do canal vaginal de pacientes submetidas \u00e0 cirurgia de redesigna\u00e7\u00e3o sexual e na repara\u00e7\u00e3o de dedos de crian\u00e7as portadoras de uma condi\u00e7\u00e3o rara, a s\u00edndrome de Apert, que causa m\u00e1 forma\u00e7\u00e3o das m\u00e3os.<\/p>\n\n\n\n<div class=\"wp-block-image\"><figure class=\"aligncenter size-large is-resized\"><img loading=\"lazy\" decoding=\"async\" src=\"https:\/\/jornalfatosenoticias.com.br\/wp-content\/uploads\/2022\/02\/Precisao-Contabilidade-1024x724.jpg\" alt=\"\" class=\"wp-image-28088\" width=\"333\" height=\"235\"\/><\/figure><\/div>\n\n\n\n<blockquote class=\"wp-block-quote is-layout-flow wp-block-quote-is-layout-flow\"><p><span class=\"has-inline-color has-luminous-vivid-orange-color\">Come\u00e7amos a desenvolver a matriz d\u00e9rmica acelular da pele de til\u00e1pia em 2018. Desde ent\u00e3o, uma s\u00e9rie de ensaios laboratoriais foram realizados para sua caracteriza\u00e7\u00e3o e produ\u00e7\u00e3o\u201d, explica Maciel. Ele informa que o uso do biotecido vem sendo pesquisado em mais de uma dezena de especialidades m\u00e9dicas, entre elas urologia, cardiologia, cirurgia geral e neurologia. \u201cAl\u00e9m da pesquisa de Melo na oftalmologia veterin\u00e1ria, uma das investiga\u00e7\u00f5es mais avan\u00e7adas do grupo \u00e9 em cirurgias de cr\u00e2nio\u201d.<\/span><\/p><\/blockquote>\n\n\n\n<div class=\"wp-block-image\"><figure class=\"aligncenter size-large is-resized\"><img loading=\"lazy\" decoding=\"async\" src=\"https:\/\/jornalfatosenoticias.com.br\/wp-content\/uploads\/2023\/07\/lacremoda.jpg\" alt=\"\" class=\"wp-image-43706\" width=\"356\" height=\"199\" srcset=\"https:\/\/jornalfatosenoticias.com.br\/wp-content\/uploads\/2023\/07\/lacremoda.jpg 1024w, https:\/\/jornalfatosenoticias.com.br\/wp-content\/uploads\/2023\/07\/lacremoda-300x168.jpg 300w, https:\/\/jornalfatosenoticias.com.br\/wp-content\/uploads\/2023\/07\/lacremoda-768x431.jpg 768w\" sizes=\"auto, (max-width: 356px) 100vw, 356px\" \/><\/figure><\/div>\n\n\n\n<p>As an\u00e1lises qu\u00edmicas, biol\u00f3gicas e morfol\u00f3gicas da matriz d\u00e9rmica foram coordenadas pelo bioqu\u00edmico Carlos Roberto Koscky Paier, professor de farmacologia da UFC, e pelo bi\u00f3logo Felipe Augusto Rocha Rodrigues, do Instituto Federal de Educa\u00e7\u00e3o, Ci\u00eancia e Tecnologia do Cear\u00e1 (IFCE). Os dois s\u00e3o os respons\u00e1veis pela \u00e1rea de pesquisa de novos produtos da pele de til\u00e1pia.<\/p>\n\n\n\n<div class=\"wp-block-image\"><figure class=\"aligncenter size-large is-resized\"><img loading=\"lazy\" decoding=\"async\" src=\"https:\/\/jornalfatosenoticias.com.br\/wp-content\/uploads\/2022\/10\/RC_800x750_page-0001.jpg\" alt=\"\" class=\"wp-image-35338\" width=\"288\" height=\"270\" srcset=\"https:\/\/jornalfatosenoticias.com.br\/wp-content\/uploads\/2022\/10\/RC_800x750_page-0001.jpg 400w, https:\/\/jornalfatosenoticias.com.br\/wp-content\/uploads\/2022\/10\/RC_800x750_page-0001-300x281.jpg 300w\" sizes=\"auto, (max-width: 288px) 100vw, 288px\" \/><\/figure><\/div>\n\n\n\n<blockquote class=\"wp-block-quote is-layout-flow wp-block-quote-is-layout-flow\"><p><span class=\"has-inline-color has-luminous-vivid-orange-color\">O desenvolvimento da matriz d\u00e9rmica foi semelhante ao do curativo biol\u00f3gico feito com a pele liofilizada. Tivemos que padronizar um m\u00e9todo qu\u00edmico, bioqu\u00edmico e enzim\u00e1tico para retirar o conte\u00fado celular do tecido da pele causando o m\u00ednimo de dano \u00e0 matriz extracelular, rica em col\u00e1geno\u201d, explica Paier. \u201cPara isso, testamos v\u00e1rios m\u00e9todos de descelulariza\u00e7\u00e3o com diferentes solu\u00e7\u00f5es, basicamente detergentes biocompat\u00edveis\u201d.<\/span><\/p><\/blockquote>\n\n\n\n<div class=\"wp-block-image\"><figure class=\"aligncenter size-large is-resized\"><img loading=\"lazy\" decoding=\"async\" src=\"https:\/\/jornalfatosenoticias.com.br\/wp-content\/uploads\/2023\/08\/LOGO-BLU-COMERCIAL-PRETO-1024x600.jpg\" alt=\"\" class=\"wp-image-44053\" width=\"329\" height=\"192\"\/><\/figure><\/div>\n\n\n\n<p>O passo seguinte foi a realiza\u00e7\u00e3o de an\u00e1lises histol\u00f3gicas da membrana, empregando t\u00e9cnicas de microscopia \u00f3ptica, para verificar sua morfologia. Com apoio da microscopia de fluoresc\u00eancia, conseguiram estimar o n\u00famero de c\u00e9lulas retiradas. \u201cTamb\u00e9m extra\u00edmos o DNA da pele in natura e da matriz acelular, depois do processo de remo\u00e7\u00e3o de c\u00e9lulas, para quantificar o DNA remanescente. Houve uma redu\u00e7\u00e3o de mais de 90%, o que foi considerado satisfat\u00f3rio\u201d.<\/p>\n\n\n\n<div class=\"wp-block-image\"><figure class=\"aligncenter size-large is-resized\"><img loading=\"lazy\" decoding=\"async\" src=\"https:\/\/jornalfatosenoticias.com.br\/wp-content\/uploads\/2023\/08\/Steel.jpeg\" alt=\"\" class=\"wp-image-44634\" width=\"329\" height=\"267\" srcset=\"https:\/\/jornalfatosenoticias.com.br\/wp-content\/uploads\/2023\/08\/Steel.jpeg 800w, https:\/\/jornalfatosenoticias.com.br\/wp-content\/uploads\/2023\/08\/Steel-300x244.jpeg 300w, https:\/\/jornalfatosenoticias.com.br\/wp-content\/uploads\/2023\/08\/Steel-768x624.jpeg 768w\" sizes=\"auto, (max-width: 329px) 100vw, 329px\" \/><\/figure><\/div>\n\n\n\n<p>A equipe fez testes tensiom\u00e9tricos comparando a resist\u00eancia da matriz d\u00e9rmica e a pele do peixe. Esses ensaios mostraram uma pequena redu\u00e7\u00e3o na resist\u00eancia \u00e0 tra\u00e7\u00e3o da membrana de col\u00e1geno, mas nada que comprometesse seu uso como matriz proteica biocompat\u00edvel. Tamb\u00e9m foram feitos estudos de citotoxicidade. Como o material prov\u00e9m de um animal de vida livre, exposto \u00e0 contamina\u00e7\u00e3o por diversos microrganismos, ele passa, ainda antes da descelulariza\u00e7\u00e3o, por um processo de descontamina\u00e7\u00e3o qu\u00edmica que pode deixar res\u00edduos t\u00f3xicos nas prote\u00ednas da matriz extracelular.<\/p>\n\n\n\n<div class=\"wp-block-image\"><figure class=\"aligncenter size-large is-resized\"><img loading=\"lazy\" decoding=\"async\" src=\"https:\/\/jornalfatosenoticias.com.br\/wp-content\/uploads\/2023\/08\/BKR-1024x1021.jpg\" alt=\"\" class=\"wp-image-44494\" width=\"286\" height=\"285\" srcset=\"https:\/\/jornalfatosenoticias.com.br\/wp-content\/uploads\/2023\/08\/BKR-1024x1021.jpg 1024w, https:\/\/jornalfatosenoticias.com.br\/wp-content\/uploads\/2023\/08\/BKR-300x300.jpg 300w, https:\/\/jornalfatosenoticias.com.br\/wp-content\/uploads\/2023\/08\/BKR-150x150.jpg 150w, https:\/\/jornalfatosenoticias.com.br\/wp-content\/uploads\/2023\/08\/BKR-768x766.jpg 768w, https:\/\/jornalfatosenoticias.com.br\/wp-content\/uploads\/2023\/08\/BKR.jpg 1080w\" sizes=\"auto, (max-width: 286px) 100vw, 286px\" \/><\/figure><\/div>\n\n\n\n<blockquote class=\"wp-block-quote is-layout-flow wp-block-quote-is-layout-flow\"><p><span class=\"has-inline-color has-luminous-vivid-orange-color\">Tivemos que desenvolver um processo de desintoxica\u00e7\u00e3o a n\u00edvel histol\u00f3gico. Ensaios de citotoxicidade por contato indireto com o biomaterial comprovaram que foi efetivo\u201d, conta o bioqu\u00edmico da UFC, que fez doutorado com foco na an\u00e1lise de um grupo de prote\u00ednas card\u00edacas, no Centro Nacional de Pesquisa em Energia e Materiais (CNPEM), em Campinas, com apoio da Fapesp.<\/span><\/p><\/blockquote>\n\n\n\n<div class=\"wp-block-image\"><figure class=\"aligncenter size-large is-resized\"><img loading=\"lazy\" decoding=\"async\" src=\"https:\/\/jornalfatosenoticias.com.br\/wp-content\/uploads\/2023\/03\/nova-logo-Marquetti.jpg\" alt=\"\" class=\"wp-image-40207\" width=\"335\" height=\"225\" srcset=\"https:\/\/jornalfatosenoticias.com.br\/wp-content\/uploads\/2023\/03\/nova-logo-Marquetti.jpg 643w, https:\/\/jornalfatosenoticias.com.br\/wp-content\/uploads\/2023\/03\/nova-logo-Marquetti-300x202.jpg 300w\" sizes=\"auto, (max-width: 335px) 100vw, 335px\" \/><\/figure><\/div>\n\n\n\n<p>Os bons resultados obtidos at\u00e9 ent\u00e3o com o uso do biocurativo em c\u00e3es levaram os pesquisadores cearenses a aprimorar a matriz visando sua aplica\u00e7\u00e3o em humanos. \u201cEm 2021, fomos convidados pelos organizadores do Congresso Cearense de Oftalmologia e apresentamos nossa membrana\u201d, diz Melo. A expectativa dos pesquisadores \u00e9 de iniciar em breve estudos com a matriz em volunt\u00e1rios.<\/p>\n\n\n\n<div class=\"wp-block-image\"><figure class=\"aligncenter size-large is-resized\"><img loading=\"lazy\" decoding=\"async\" src=\"https:\/\/jornalfatosenoticias.com.br\/wp-content\/uploads\/2023\/03\/logo-Panper_portal.jpg\" alt=\"\" class=\"wp-image-40208\" width=\"322\" height=\"223\" srcset=\"https:\/\/jornalfatosenoticias.com.br\/wp-content\/uploads\/2023\/03\/logo-Panper_portal.jpg 400w, https:\/\/jornalfatosenoticias.com.br\/wp-content\/uploads\/2023\/03\/logo-Panper_portal-300x208.jpg 300w\" sizes=\"auto, (max-width: 322px) 100vw, 322px\" \/><\/figure><\/div>\n\n\n\n<p>Para o m\u00e9dico veterin\u00e1rio Fl\u00e1vio Vieira Meirelles, da Faculdade de Zootecnia e Engenharia de Alimentos da Universidade de S\u00e3o Paulo (FZEA-USP), que n\u00e3o participou da pesquisa da UFC, o uso de uma matriz d\u00e9rmica acelular rica em prote\u00ednas de col\u00e1geno \u00e9 uma estrat\u00e9gia interessante em tratamentos veterin\u00e1rios por favorecer a migra\u00e7\u00e3o de c\u00e9lulas em \u00e1reas lesionadas.<\/p>\n\n\n\n<div class=\"wp-block-image\"><figure class=\"aligncenter size-large\"><img loading=\"lazy\" decoding=\"async\" width=\"300\" height=\"250\" src=\"https:\/\/jornalfatosenoticias.com.br\/wp-content\/uploads\/2022\/02\/FERRARI_MAQUINAS-E-FERRAMENTAS2.jpg\" alt=\"\" class=\"wp-image-27860\"\/><\/figure><\/div>\n\n\n\n<blockquote class=\"wp-block-quote is-layout-flow wp-block-quote-is-layout-flow\"><p><span class=\"has-inline-color has-luminous-vivid-orange-color\">O emprego da membrana extra\u00edda da pele de til\u00e1pia mant\u00e9m o ambiente protegido, mais umidificado, estimulando a regenera\u00e7\u00e3o. O resultado \u00e9 que o tecido tratado, como a c\u00f3rnea de animais, come\u00e7a a se remodelar\u201d, diz Meirelles. \u201cA investiga\u00e7\u00e3o envolvendo a pele de til\u00e1pia \u00e9 importante, mas h\u00e1 outros grupos de pesquisa no estado de S\u00e3o Paulo e no pa\u00eds que trabalham com diferentes tecidos descelularizados, como membranas amni\u00f3ticas, derivadas da placenta, em tratamentos veterin\u00e1rios. H\u00e1 tamb\u00e9m o uso de membranas de origem animal em v\u00e1lvulas card\u00edacas, j\u00e1 bastante consolidado e com aplica\u00e7\u00e3o em seres humanos\u201d.<\/span><\/p><\/blockquote>\n\n\n\n<div class=\"wp-block-image\"><figure class=\"aligncenter size-large is-resized\"><img loading=\"lazy\" decoding=\"async\" src=\"https:\/\/jornalfatosenoticias.com.br\/wp-content\/uploads\/2023\/08\/ITH.jpeg\" alt=\"\" class=\"wp-image-44638\" width=\"334\" height=\"271\" srcset=\"https:\/\/jornalfatosenoticias.com.br\/wp-content\/uploads\/2023\/08\/ITH.jpeg 800w, https:\/\/jornalfatosenoticias.com.br\/wp-content\/uploads\/2023\/08\/ITH-300x244.jpeg 300w, https:\/\/jornalfatosenoticias.com.br\/wp-content\/uploads\/2023\/08\/ITH-768x624.jpeg 768w\" sizes=\"auto, (max-width: 334px) 100vw, 334px\" \/><\/figure><\/div>\n\n\n\n<p><strong><span class=\"has-inline-color has-black-color\">Em cirurgias no cr\u00e2nio<br><\/span><\/strong>Outra vertente da pesquisa com a matriz d\u00e9rmica acelular da pele de til\u00e1pia \u00e9 sua utiliza\u00e7\u00e3o em cirurgias cranianas, decorrentes de acidentes ou doen\u00e7as, na recomposi\u00e7\u00e3o da membrana de dura-m\u00e1ter, a mais externa das tr\u00eas meninges que revestem o c\u00e9rebro, e o sistema nervoso central. Esse estudo \u00e9 conduzido pelo grupo do neurocirurgi\u00e3o Rodrigo Becco, doutorando em medicina translacional pela UFC.<\/p>\n\n\n\n<blockquote class=\"wp-block-quote is-layout-flow wp-block-quote-is-layout-flow\"><p><span class=\"has-inline-color has-luminous-vivid-orange-color\">Sintetizamos as membranas e depois dos testes <em>in vitro<\/em> selecionamos algumas para os ensaios com animais\u201d, informa Becco. <\/span><\/p><\/blockquote>\n\n\n\n<div class=\"wp-block-image\"><figure class=\"aligncenter size-large is-resized\"><img loading=\"lazy\" decoding=\"async\" src=\"https:\/\/jornalfatosenoticias.com.br\/wp-content\/uploads\/2020\/02\/CONTROL-CS.jpg\" alt=\"\" class=\"wp-image-44991\" width=\"316\" height=\"379\" srcset=\"https:\/\/jornalfatosenoticias.com.br\/wp-content\/uploads\/2020\/02\/CONTROL-CS.jpg 834w, https:\/\/jornalfatosenoticias.com.br\/wp-content\/uploads\/2020\/02\/CONTROL-CS-250x300.jpg 250w, https:\/\/jornalfatosenoticias.com.br\/wp-content\/uploads\/2020\/02\/CONTROL-CS-768x921.jpg 768w\" sizes=\"auto, (max-width: 316px) 100vw, 316px\" \/><\/figure><\/div>\n\n\n\n<p>Nos testes que conduziu com ratos, o pesquisador operou 36 animais, divididos em tr\u00eas grupos. No primeiro, ele usou uma membrana de refer\u00eancia, considerada padr\u00e3o ouro, j\u00e1 comercializada no Brasil e no mundo e aprovada pela Ag\u00eancia Nacional de Vigil\u00e2ncia Sanit\u00e1ria (Anvisa), pela Food and Drug Administration (FDA), a ag\u00eancia que regula medicamentos e alimentos nos Estados Unidos, e pela Uni\u00e3o Europeia. <\/p>\n\n\n\n<div class=\"wp-block-image\"><figure class=\"aligncenter size-large is-resized\"><img loading=\"lazy\" decoding=\"async\" src=\"https:\/\/jornalfatosenoticias.com.br\/wp-content\/uploads\/2020\/02\/logo-Rapuzel-1024x571.jpg\" alt=\"\" class=\"wp-image-42808\" width=\"335\" height=\"187\" srcset=\"https:\/\/jornalfatosenoticias.com.br\/wp-content\/uploads\/2020\/02\/logo-Rapuzel-1024x571.jpg 1024w, https:\/\/jornalfatosenoticias.com.br\/wp-content\/uploads\/2020\/02\/logo-Rapuzel-300x167.jpg 300w, https:\/\/jornalfatosenoticias.com.br\/wp-content\/uploads\/2020\/02\/logo-Rapuzel-768x428.jpg 768w, https:\/\/jornalfatosenoticias.com.br\/wp-content\/uploads\/2020\/02\/logo-Rapuzel-1536x856.jpg 1536w, https:\/\/jornalfatosenoticias.com.br\/wp-content\/uploads\/2020\/02\/logo-Rapuzel.jpg 1600w\" sizes=\"auto, (max-width: 335px) 100vw, 335px\" \/><\/figure><\/div>\n\n\n\n<p>No segundo, foi usada a matriz rica em col\u00e1geno da pele de til\u00e1pia, e no terceiro grupo os animais passaram apenas por uma craniectomia, que \u00e9 a remo\u00e7\u00e3o de uma parte do osso da calota craniana, sem que fosse colocada uma membrana no local. De acordo com o pesquisador, a matriz d\u00e9rmica da pele de til\u00e1pia tem caracter\u00edsticas muito parecidas com a dura-m\u00e1ter em termos de espessura e flexibilidade.<\/p>\n\n\n\n<div class=\"wp-block-image\"><figure class=\"aligncenter size-large is-resized\"><img loading=\"lazy\" decoding=\"async\" src=\"https:\/\/jornalfatosenoticias.com.br\/wp-content\/uploads\/2023\/08\/VSM-Group.jpeg\" alt=\"\" class=\"wp-image-44364\" width=\"279\" height=\"279\"\/><\/figure><\/div>\n\n\n\n<blockquote class=\"wp-block-quote is-layout-flow wp-block-quote-is-layout-flow\"><p><span class=\"has-inline-color has-luminous-vivid-orange-color\">O que os primeiros resultados mostraram \u00e9 que ela n\u00e3o provoca um processo inflamat\u00f3rio. \u00c9 bastante male\u00e1vel e funciona como uma barreira mec\u00e2nica muito eficiente, at\u00e9 mais que a membrana de refer\u00eancia\u201d, relata Becco. \u201cNosso pr\u00f3ximo passo \u00e9 obter autoriza\u00e7\u00e3o do Comit\u00ea de \u00c9tica da faculdade para fazermos ensaios em humanos e verificar se os bons resultados observados em animais se repetem\u201d, finaliza.<\/span><\/p><\/blockquote>\n\n\n\n<div class=\"wp-block-image\"><figure class=\"aligncenter size-large is-resized\"><img loading=\"lazy\" decoding=\"async\" src=\"https:\/\/jornalfatosenoticias.com.br\/wp-content\/uploads\/2023\/09\/vetorvix1024_1.jpg\" alt=\"\" class=\"wp-image-44868\" width=\"408\" height=\"108\" srcset=\"https:\/\/jornalfatosenoticias.com.br\/wp-content\/uploads\/2023\/09\/vetorvix1024_1.jpg 1024w, https:\/\/jornalfatosenoticias.com.br\/wp-content\/uploads\/2023\/09\/vetorvix1024_1-300x80.jpg 300w, https:\/\/jornalfatosenoticias.com.br\/wp-content\/uploads\/2023\/09\/vetorvix1024_1-768x205.jpg 768w\" sizes=\"auto, (max-width: 408px) 100vw, 408px\" \/><\/figure><\/div>\n\n\n\n<p><strong><em>Fonte: <a href=\"https:\/\/gizmodo.uol.com.br\/pele-de-tilapia-e-opcao-para-tratar-lesoes-de-cornea-em-caes\/\">GizModo<\/a><\/em><\/strong><\/p>\n","protected":false},"excerpt":{"rendered":"<p>Por Yuri Vasconcelos\/Revista Pesquisa Fapesp Uma nova t\u00e9cnica cir\u00fargica que utiliza um biotecido originado da pele de til\u00e1pia-do-nilo (Oreochromis nicoticus) tem ajudado a reestabelecer a vis\u00e3o de c\u00e3es portadores de \u00falceras ou les\u00f5es graves de c\u00f3rnea, inclusive perfura\u00e7\u00f5es. A novidade \u00e9 uma membrana rica em col\u00e1geno, subst\u00e2ncia eficiente em processos de repara\u00e7\u00e3o celular, feita a [&hellip;]<\/p>\n","protected":false},"author":2,"featured_media":45233,"comment_status":"open","ping_status":"open","sticky":false,"template":"","format":"standard","meta":{"footnotes":""},"categories":[9710],"tags":[21310,21311,2364,911,4157,17854],"class_list":["post-45231","post","type-post","status-publish","format-standard","has-post-thumbnail","hentry","category-pets","tag-biocurativo","tag-biotecidos","tag-biotecnologia","tag-inovacao","tag-pets","tag-veterinaria"],"yoast_head":"<!-- This site is optimized with the Yoast SEO plugin v26.5 - https:\/\/yoast.com\/wordpress\/plugins\/seo\/ -->\n<title>Pele de til\u00e1pia \u00e9 op\u00e7\u00e3o para tratar les\u00f5es de c\u00f3rnea em c\u00e3es - Jornal Fatos e Not\u00edcias<\/title>\n<meta name=\"robots\" content=\"index, follow, max-snippet:-1, max-image-preview:large, max-video-preview:-1\" \/>\n<link rel=\"canonical\" href=\"https:\/\/jornalfatosenoticias.com.br\/index.php\/2023\/09\/18\/pele-de-tilapia-e-opcao-para-tratar-lesoes-de-cornea-em-caes\/\" \/>\n<meta property=\"og:locale\" content=\"pt_BR\" \/>\n<meta property=\"og:type\" content=\"article\" \/>\n<meta property=\"og:title\" content=\"Pele de til\u00e1pia \u00e9 op\u00e7\u00e3o para tratar les\u00f5es de c\u00f3rnea em c\u00e3es - Jornal Fatos e Not\u00edcias\" \/>\n<meta property=\"og:description\" content=\"Por Yuri Vasconcelos\/Revista Pesquisa Fapesp Uma nova t\u00e9cnica cir\u00fargica que utiliza um biotecido originado da pele de til\u00e1pia-do-nilo (Oreochromis nicoticus) tem ajudado a reestabelecer a vis\u00e3o de c\u00e3es portadores de \u00falceras ou les\u00f5es graves de c\u00f3rnea, inclusive perfura\u00e7\u00f5es. A novidade \u00e9 uma membrana rica em col\u00e1geno, subst\u00e2ncia eficiente em processos de repara\u00e7\u00e3o celular, feita a [&hellip;]\" \/>\n<meta property=\"og:url\" content=\"https:\/\/jornalfatosenoticias.com.br\/index.php\/2023\/09\/18\/pele-de-tilapia-e-opcao-para-tratar-lesoes-de-cornea-em-caes\/\" \/>\n<meta property=\"og:site_name\" content=\"Jornal Fatos e Not\u00edcias\" \/>\n<meta property=\"article:published_time\" content=\"2023-09-18T17:43:11+00:00\" \/>\n<meta property=\"article:modified_time\" content=\"2023-09-18T17:43:12+00:00\" \/>\n<meta property=\"og:image\" content=\"https:\/\/jornalfatosenoticias.com.br\/wp-content\/uploads\/2023\/09\/pele-de-tilapia-cornea-em-caes.jpg\" \/>\n\t<meta property=\"og:image:width\" content=\"1000\" \/>\n\t<meta property=\"og:image:height\" content=\"525\" \/>\n\t<meta property=\"og:image:type\" content=\"image\/jpeg\" \/>\n<meta name=\"author\" content=\"Luzimara Fernandes\" \/>\n<meta name=\"twitter:card\" content=\"summary_large_image\" \/>\n<meta name=\"twitter:label1\" content=\"Escrito por\" \/>\n\t<meta name=\"twitter:data1\" content=\"Luzimara Fernandes\" \/>\n\t<meta name=\"twitter:label2\" content=\"Est. tempo de leitura\" \/>\n\t<meta name=\"twitter:data2\" content=\"9 minutos\" \/>\n<script type=\"application\/ld+json\" class=\"yoast-schema-graph\">{\"@context\":\"https:\/\/schema.org\",\"@graph\":[{\"@type\":\"Article\",\"@id\":\"https:\/\/jornalfatosenoticias.com.br\/index.php\/2023\/09\/18\/pele-de-tilapia-e-opcao-para-tratar-lesoes-de-cornea-em-caes\/#article\",\"isPartOf\":{\"@id\":\"https:\/\/jornalfatosenoticias.com.br\/index.php\/2023\/09\/18\/pele-de-tilapia-e-opcao-para-tratar-lesoes-de-cornea-em-caes\/\"},\"author\":{\"name\":\"Luzimara Fernandes\",\"@id\":\"https:\/\/jornalfatosenoticias.com.br\/#\/schema\/person\/d63837fa13ac8666eb9e74e0985d6f81\"},\"headline\":\"Pele de til\u00e1pia \u00e9 op\u00e7\u00e3o para tratar les\u00f5es de c\u00f3rnea em c\u00e3es\",\"datePublished\":\"2023-09-18T17:43:11+00:00\",\"dateModified\":\"2023-09-18T17:43:12+00:00\",\"mainEntityOfPage\":{\"@id\":\"https:\/\/jornalfatosenoticias.com.br\/index.php\/2023\/09\/18\/pele-de-tilapia-e-opcao-para-tratar-lesoes-de-cornea-em-caes\/\"},\"wordCount\":1742,\"commentCount\":0,\"publisher\":{\"@id\":\"https:\/\/jornalfatosenoticias.com.br\/#organization\"},\"image\":{\"@id\":\"https:\/\/jornalfatosenoticias.com.br\/index.php\/2023\/09\/18\/pele-de-tilapia-e-opcao-para-tratar-lesoes-de-cornea-em-caes\/#primaryimage\"},\"thumbnailUrl\":\"https:\/\/jornalfatosenoticias.com.br\/wp-content\/uploads\/2023\/09\/pele-de-tilapia-cornea-em-caes.jpg\",\"keywords\":[\"biocurativo\",\"biotecidos\",\"biotecnologia\",\"inova\u00e7\u00e3o\",\"pets\",\"veterin\u00e1ria\"],\"articleSection\":[\"Pets\"],\"inLanguage\":\"pt-BR\",\"potentialAction\":[{\"@type\":\"CommentAction\",\"name\":\"Comment\",\"target\":[\"https:\/\/jornalfatosenoticias.com.br\/index.php\/2023\/09\/18\/pele-de-tilapia-e-opcao-para-tratar-lesoes-de-cornea-em-caes\/#respond\"]}]},{\"@type\":\"WebPage\",\"@id\":\"https:\/\/jornalfatosenoticias.com.br\/index.php\/2023\/09\/18\/pele-de-tilapia-e-opcao-para-tratar-lesoes-de-cornea-em-caes\/\",\"url\":\"https:\/\/jornalfatosenoticias.com.br\/index.php\/2023\/09\/18\/pele-de-tilapia-e-opcao-para-tratar-lesoes-de-cornea-em-caes\/\",\"name\":\"Pele de til\u00e1pia \u00e9 op\u00e7\u00e3o para tratar les\u00f5es de c\u00f3rnea em c\u00e3es - Jornal Fatos e Not\u00edcias\",\"isPartOf\":{\"@id\":\"https:\/\/jornalfatosenoticias.com.br\/#website\"},\"primaryImageOfPage\":{\"@id\":\"https:\/\/jornalfatosenoticias.com.br\/index.php\/2023\/09\/18\/pele-de-tilapia-e-opcao-para-tratar-lesoes-de-cornea-em-caes\/#primaryimage\"},\"image\":{\"@id\":\"https:\/\/jornalfatosenoticias.com.br\/index.php\/2023\/09\/18\/pele-de-tilapia-e-opcao-para-tratar-lesoes-de-cornea-em-caes\/#primaryimage\"},\"thumbnailUrl\":\"https:\/\/jornalfatosenoticias.com.br\/wp-content\/uploads\/2023\/09\/pele-de-tilapia-cornea-em-caes.jpg\",\"datePublished\":\"2023-09-18T17:43:11+00:00\",\"dateModified\":\"2023-09-18T17:43:12+00:00\",\"breadcrumb\":{\"@id\":\"https:\/\/jornalfatosenoticias.com.br\/index.php\/2023\/09\/18\/pele-de-tilapia-e-opcao-para-tratar-lesoes-de-cornea-em-caes\/#breadcrumb\"},\"inLanguage\":\"pt-BR\",\"potentialAction\":[{\"@type\":\"ReadAction\",\"target\":[\"https:\/\/jornalfatosenoticias.com.br\/index.php\/2023\/09\/18\/pele-de-tilapia-e-opcao-para-tratar-lesoes-de-cornea-em-caes\/\"]}]},{\"@type\":\"ImageObject\",\"inLanguage\":\"pt-BR\",\"@id\":\"https:\/\/jornalfatosenoticias.com.br\/index.php\/2023\/09\/18\/pele-de-tilapia-e-opcao-para-tratar-lesoes-de-cornea-em-caes\/#primaryimage\",\"url\":\"https:\/\/jornalfatosenoticias.com.br\/wp-content\/uploads\/2023\/09\/pele-de-tilapia-cornea-em-caes.jpg\",\"contentUrl\":\"https:\/\/jornalfatosenoticias.com.br\/wp-content\/uploads\/2023\/09\/pele-de-tilapia-cornea-em-caes.jpg\",\"width\":1000,\"height\":525},{\"@type\":\"BreadcrumbList\",\"@id\":\"https:\/\/jornalfatosenoticias.com.br\/index.php\/2023\/09\/18\/pele-de-tilapia-e-opcao-para-tratar-lesoes-de-cornea-em-caes\/#breadcrumb\",\"itemListElement\":[{\"@type\":\"ListItem\",\"position\":1,\"name\":\"In\u00edcio\",\"item\":\"https:\/\/jornalfatosenoticias.com.br\/\"},{\"@type\":\"ListItem\",\"position\":2,\"name\":\"Pele de til\u00e1pia \u00e9 op\u00e7\u00e3o para tratar les\u00f5es de c\u00f3rnea em c\u00e3es\"}]},{\"@type\":\"WebSite\",\"@id\":\"https:\/\/jornalfatosenoticias.com.br\/#website\",\"url\":\"https:\/\/jornalfatosenoticias.com.br\/\",\"name\":\"Jornal Fatos e Not\u00edcias\",\"description\":\"Not\u00edcias em geral\",\"publisher\":{\"@id\":\"https:\/\/jornalfatosenoticias.com.br\/#organization\"},\"potentialAction\":[{\"@type\":\"SearchAction\",\"target\":{\"@type\":\"EntryPoint\",\"urlTemplate\":\"https:\/\/jornalfatosenoticias.com.br\/?s={search_term_string}\"},\"query-input\":{\"@type\":\"PropertyValueSpecification\",\"valueRequired\":true,\"valueName\":\"search_term_string\"}}],\"inLanguage\":\"pt-BR\"},{\"@type\":\"Organization\",\"@id\":\"https:\/\/jornalfatosenoticias.com.br\/#organization\",\"name\":\"Jornal Fatos e Not\u00edcias\",\"url\":\"https:\/\/jornalfatosenoticias.com.br\/\",\"logo\":{\"@type\":\"ImageObject\",\"inLanguage\":\"pt-BR\",\"@id\":\"https:\/\/jornalfatosenoticias.com.br\/#\/schema\/logo\/image\/\",\"url\":\"https:\/\/jornalfatosenoticias.com.br\/wp-content\/uploads\/2020\/02\/logo120.png\",\"contentUrl\":\"https:\/\/jornalfatosenoticias.com.br\/wp-content\/uploads\/2020\/02\/logo120.png\",\"width\":1227,\"height\":120,\"caption\":\"Jornal Fatos e Not\u00edcias\"},\"image\":{\"@id\":\"https:\/\/jornalfatosenoticias.com.br\/#\/schema\/logo\/image\/\"}},{\"@type\":\"Person\",\"@id\":\"https:\/\/jornalfatosenoticias.com.br\/#\/schema\/person\/d63837fa13ac8666eb9e74e0985d6f81\",\"name\":\"Luzimara Fernandes\",\"image\":{\"@type\":\"ImageObject\",\"inLanguage\":\"pt-BR\",\"@id\":\"https:\/\/jornalfatosenoticias.com.br\/#\/schema\/person\/image\/\",\"url\":\"https:\/\/jornalfatosenoticias.com.br\/wp-content\/uploads\/2025\/05\/EU_portal.jpg\",\"contentUrl\":\"https:\/\/jornalfatosenoticias.com.br\/wp-content\/uploads\/2025\/05\/EU_portal.jpg\",\"caption\":\"Luzimara Fernandes\"},\"description\":\"Jornalista MTB 2358-ES\",\"sameAs\":[\"https:\/\/jornalfatosenoticias.com.br\"],\"url\":\"https:\/\/jornalfatosenoticias.com.br\/index.php\/author\/luzimara\/\"}]}<\/script>\n<!-- \/ Yoast SEO plugin. -->","yoast_head_json":{"title":"Pele de til\u00e1pia \u00e9 op\u00e7\u00e3o para tratar les\u00f5es de c\u00f3rnea em c\u00e3es - Jornal Fatos e Not\u00edcias","robots":{"index":"index","follow":"follow","max-snippet":"max-snippet:-1","max-image-preview":"max-image-preview:large","max-video-preview":"max-video-preview:-1"},"canonical":"https:\/\/jornalfatosenoticias.com.br\/index.php\/2023\/09\/18\/pele-de-tilapia-e-opcao-para-tratar-lesoes-de-cornea-em-caes\/","og_locale":"pt_BR","og_type":"article","og_title":"Pele de til\u00e1pia \u00e9 op\u00e7\u00e3o para tratar les\u00f5es de c\u00f3rnea em c\u00e3es - Jornal Fatos e Not\u00edcias","og_description":"Por Yuri Vasconcelos\/Revista Pesquisa Fapesp Uma nova t\u00e9cnica cir\u00fargica que utiliza um biotecido originado da pele de til\u00e1pia-do-nilo (Oreochromis nicoticus) tem ajudado a reestabelecer a vis\u00e3o de c\u00e3es portadores de \u00falceras ou les\u00f5es graves de c\u00f3rnea, inclusive perfura\u00e7\u00f5es. A novidade \u00e9 uma membrana rica em col\u00e1geno, subst\u00e2ncia eficiente em processos de repara\u00e7\u00e3o celular, feita a [&hellip;]","og_url":"https:\/\/jornalfatosenoticias.com.br\/index.php\/2023\/09\/18\/pele-de-tilapia-e-opcao-para-tratar-lesoes-de-cornea-em-caes\/","og_site_name":"Jornal Fatos e Not\u00edcias","article_published_time":"2023-09-18T17:43:11+00:00","article_modified_time":"2023-09-18T17:43:12+00:00","og_image":[{"width":1000,"height":525,"url":"https:\/\/jornalfatosenoticias.com.br\/wp-content\/uploads\/2023\/09\/pele-de-tilapia-cornea-em-caes.jpg","type":"image\/jpeg"}],"author":"Luzimara Fernandes","twitter_card":"summary_large_image","twitter_misc":{"Escrito por":"Luzimara Fernandes","Est. tempo de leitura":"9 minutos"},"schema":{"@context":"https:\/\/schema.org","@graph":[{"@type":"Article","@id":"https:\/\/jornalfatosenoticias.com.br\/index.php\/2023\/09\/18\/pele-de-tilapia-e-opcao-para-tratar-lesoes-de-cornea-em-caes\/#article","isPartOf":{"@id":"https:\/\/jornalfatosenoticias.com.br\/index.php\/2023\/09\/18\/pele-de-tilapia-e-opcao-para-tratar-lesoes-de-cornea-em-caes\/"},"author":{"name":"Luzimara Fernandes","@id":"https:\/\/jornalfatosenoticias.com.br\/#\/schema\/person\/d63837fa13ac8666eb9e74e0985d6f81"},"headline":"Pele de til\u00e1pia \u00e9 op\u00e7\u00e3o para tratar les\u00f5es de c\u00f3rnea em c\u00e3es","datePublished":"2023-09-18T17:43:11+00:00","dateModified":"2023-09-18T17:43:12+00:00","mainEntityOfPage":{"@id":"https:\/\/jornalfatosenoticias.com.br\/index.php\/2023\/09\/18\/pele-de-tilapia-e-opcao-para-tratar-lesoes-de-cornea-em-caes\/"},"wordCount":1742,"commentCount":0,"publisher":{"@id":"https:\/\/jornalfatosenoticias.com.br\/#organization"},"image":{"@id":"https:\/\/jornalfatosenoticias.com.br\/index.php\/2023\/09\/18\/pele-de-tilapia-e-opcao-para-tratar-lesoes-de-cornea-em-caes\/#primaryimage"},"thumbnailUrl":"https:\/\/jornalfatosenoticias.com.br\/wp-content\/uploads\/2023\/09\/pele-de-tilapia-cornea-em-caes.jpg","keywords":["biocurativo","biotecidos","biotecnologia","inova\u00e7\u00e3o","pets","veterin\u00e1ria"],"articleSection":["Pets"],"inLanguage":"pt-BR","potentialAction":[{"@type":"CommentAction","name":"Comment","target":["https:\/\/jornalfatosenoticias.com.br\/index.php\/2023\/09\/18\/pele-de-tilapia-e-opcao-para-tratar-lesoes-de-cornea-em-caes\/#respond"]}]},{"@type":"WebPage","@id":"https:\/\/jornalfatosenoticias.com.br\/index.php\/2023\/09\/18\/pele-de-tilapia-e-opcao-para-tratar-lesoes-de-cornea-em-caes\/","url":"https:\/\/jornalfatosenoticias.com.br\/index.php\/2023\/09\/18\/pele-de-tilapia-e-opcao-para-tratar-lesoes-de-cornea-em-caes\/","name":"Pele de til\u00e1pia \u00e9 op\u00e7\u00e3o para tratar les\u00f5es de c\u00f3rnea em c\u00e3es - Jornal Fatos e Not\u00edcias","isPartOf":{"@id":"https:\/\/jornalfatosenoticias.com.br\/#website"},"primaryImageOfPage":{"@id":"https:\/\/jornalfatosenoticias.com.br\/index.php\/2023\/09\/18\/pele-de-tilapia-e-opcao-para-tratar-lesoes-de-cornea-em-caes\/#primaryimage"},"image":{"@id":"https:\/\/jornalfatosenoticias.com.br\/index.php\/2023\/09\/18\/pele-de-tilapia-e-opcao-para-tratar-lesoes-de-cornea-em-caes\/#primaryimage"},"thumbnailUrl":"https:\/\/jornalfatosenoticias.com.br\/wp-content\/uploads\/2023\/09\/pele-de-tilapia-cornea-em-caes.jpg","datePublished":"2023-09-18T17:43:11+00:00","dateModified":"2023-09-18T17:43:12+00:00","breadcrumb":{"@id":"https:\/\/jornalfatosenoticias.com.br\/index.php\/2023\/09\/18\/pele-de-tilapia-e-opcao-para-tratar-lesoes-de-cornea-em-caes\/#breadcrumb"},"inLanguage":"pt-BR","potentialAction":[{"@type":"ReadAction","target":["https:\/\/jornalfatosenoticias.com.br\/index.php\/2023\/09\/18\/pele-de-tilapia-e-opcao-para-tratar-lesoes-de-cornea-em-caes\/"]}]},{"@type":"ImageObject","inLanguage":"pt-BR","@id":"https:\/\/jornalfatosenoticias.com.br\/index.php\/2023\/09\/18\/pele-de-tilapia-e-opcao-para-tratar-lesoes-de-cornea-em-caes\/#primaryimage","url":"https:\/\/jornalfatosenoticias.com.br\/wp-content\/uploads\/2023\/09\/pele-de-tilapia-cornea-em-caes.jpg","contentUrl":"https:\/\/jornalfatosenoticias.com.br\/wp-content\/uploads\/2023\/09\/pele-de-tilapia-cornea-em-caes.jpg","width":1000,"height":525},{"@type":"BreadcrumbList","@id":"https:\/\/jornalfatosenoticias.com.br\/index.php\/2023\/09\/18\/pele-de-tilapia-e-opcao-para-tratar-lesoes-de-cornea-em-caes\/#breadcrumb","itemListElement":[{"@type":"ListItem","position":1,"name":"In\u00edcio","item":"https:\/\/jornalfatosenoticias.com.br\/"},{"@type":"ListItem","position":2,"name":"Pele de til\u00e1pia \u00e9 op\u00e7\u00e3o para tratar les\u00f5es de c\u00f3rnea em c\u00e3es"}]},{"@type":"WebSite","@id":"https:\/\/jornalfatosenoticias.com.br\/#website","url":"https:\/\/jornalfatosenoticias.com.br\/","name":"Jornal Fatos e Not\u00edcias","description":"Not\u00edcias em geral","publisher":{"@id":"https:\/\/jornalfatosenoticias.com.br\/#organization"},"potentialAction":[{"@type":"SearchAction","target":{"@type":"EntryPoint","urlTemplate":"https:\/\/jornalfatosenoticias.com.br\/?s={search_term_string}"},"query-input":{"@type":"PropertyValueSpecification","valueRequired":true,"valueName":"search_term_string"}}],"inLanguage":"pt-BR"},{"@type":"Organization","@id":"https:\/\/jornalfatosenoticias.com.br\/#organization","name":"Jornal Fatos e Not\u00edcias","url":"https:\/\/jornalfatosenoticias.com.br\/","logo":{"@type":"ImageObject","inLanguage":"pt-BR","@id":"https:\/\/jornalfatosenoticias.com.br\/#\/schema\/logo\/image\/","url":"https:\/\/jornalfatosenoticias.com.br\/wp-content\/uploads\/2020\/02\/logo120.png","contentUrl":"https:\/\/jornalfatosenoticias.com.br\/wp-content\/uploads\/2020\/02\/logo120.png","width":1227,"height":120,"caption":"Jornal Fatos e Not\u00edcias"},"image":{"@id":"https:\/\/jornalfatosenoticias.com.br\/#\/schema\/logo\/image\/"}},{"@type":"Person","@id":"https:\/\/jornalfatosenoticias.com.br\/#\/schema\/person\/d63837fa13ac8666eb9e74e0985d6f81","name":"Luzimara Fernandes","image":{"@type":"ImageObject","inLanguage":"pt-BR","@id":"https:\/\/jornalfatosenoticias.com.br\/#\/schema\/person\/image\/","url":"https:\/\/jornalfatosenoticias.com.br\/wp-content\/uploads\/2025\/05\/EU_portal.jpg","contentUrl":"https:\/\/jornalfatosenoticias.com.br\/wp-content\/uploads\/2025\/05\/EU_portal.jpg","caption":"Luzimara Fernandes"},"description":"Jornalista MTB 2358-ES","sameAs":["https:\/\/jornalfatosenoticias.com.br"],"url":"https:\/\/jornalfatosenoticias.com.br\/index.php\/author\/luzimara\/"}]}},"cc_featured_image_caption":{"caption_text":"(Foto: Pexels)","source_text":"","source_url":""},"jetpack_featured_media_url":"https:\/\/jornalfatosenoticias.com.br\/wp-content\/uploads\/2023\/09\/pele-de-tilapia-cornea-em-caes.jpg","_links":{"self":[{"href":"https:\/\/jornalfatosenoticias.com.br\/index.php\/wp-json\/wp\/v2\/posts\/45231","targetHints":{"allow":["GET"]}}],"collection":[{"href":"https:\/\/jornalfatosenoticias.com.br\/index.php\/wp-json\/wp\/v2\/posts"}],"about":[{"href":"https:\/\/jornalfatosenoticias.com.br\/index.php\/wp-json\/wp\/v2\/types\/post"}],"author":[{"embeddable":true,"href":"https:\/\/jornalfatosenoticias.com.br\/index.php\/wp-json\/wp\/v2\/users\/2"}],"replies":[{"embeddable":true,"href":"https:\/\/jornalfatosenoticias.com.br\/index.php\/wp-json\/wp\/v2\/comments?post=45231"}],"version-history":[{"count":0,"href":"https:\/\/jornalfatosenoticias.com.br\/index.php\/wp-json\/wp\/v2\/posts\/45231\/revisions"}],"wp:featuredmedia":[{"embeddable":true,"href":"https:\/\/jornalfatosenoticias.com.br\/index.php\/wp-json\/wp\/v2\/media\/45233"}],"wp:attachment":[{"href":"https:\/\/jornalfatosenoticias.com.br\/index.php\/wp-json\/wp\/v2\/media?parent=45231"}],"wp:term":[{"taxonomy":"category","embeddable":true,"href":"https:\/\/jornalfatosenoticias.com.br\/index.php\/wp-json\/wp\/v2\/categories?post=45231"},{"taxonomy":"post_tag","embeddable":true,"href":"https:\/\/jornalfatosenoticias.com.br\/index.php\/wp-json\/wp\/v2\/tags?post=45231"}],"curies":[{"name":"wp","href":"https:\/\/api.w.org\/{rel}","templated":true}]}}