{"id":45245,"date":"2023-09-18T17:47:00","date_gmt":"2023-09-18T20:47:00","guid":{"rendered":"https:\/\/jornalfatosenoticias.com.br\/?p=45245"},"modified":"2023-09-18T17:47:02","modified_gmt":"2023-09-18T20:47:02","slug":"lula-ja-gastou-quase-r-8-mi-no-cartao-corporativo","status":"publish","type":"post","link":"https:\/\/jornalfatosenoticias.com.br\/index.php\/2023\/09\/18\/lula-ja-gastou-quase-r-8-mi-no-cartao-corporativo\/","title":{"rendered":"Lula j\u00e1 gastou quase R$ 8 mi no cart\u00e3o corporativo"},"content":{"rendered":"\n<p><em><span class=\"has-inline-color has-black-color\">Gastos de Lula s\u00e3o mais dos que os de Bolsonaro, Temer e Dilma<\/span><\/em><\/p>\n\n\n\n<p><em><span class=\"has-inline-color has-black-color\">Por <strong><a href=\"https:\/\/www.gazetadopovo.com.br\/autor\/diogenes-freire-feitosa\/\">Di\u00f3genes Freire Feitosa<\/a><\/strong><\/span><\/em><\/p>\n\n\n\n<div class=\"wp-block-image\"><figure class=\"aligncenter size-large\"><img loading=\"lazy\" decoding=\"async\" width=\"729\" height=\"90\" src=\"https:\/\/jornalfatosenoticias.com.br\/wp-content\/uploads\/2020\/02\/Logo_Mizu.png\" alt=\"\" class=\"wp-image-1441\" srcset=\"https:\/\/jornalfatosenoticias.com.br\/wp-content\/uploads\/2020\/02\/Logo_Mizu.png 729w, https:\/\/jornalfatosenoticias.com.br\/wp-content\/uploads\/2020\/02\/Logo_Mizu-300x37.png 300w\" sizes=\"auto, (max-width: 729px) 100vw, 729px\" \/><\/figure><\/div>\n\n\n\n<p>At\u00e9 o m\u00eas de julho, Lula (PT) gastou quase R$ 8 milh\u00f5es no cart\u00e3o corporativo. O valor \u00e9 um recorde para o per\u00edodo se comparado aos governos anteriores dos ex-presidentes Jair Bolsonaro (PL), Michel Temer (MDB) e Dilma Rousseff (PT). O levantamento \u00e9 da Folha de S\u00e3o Paulo junto ao Portal da Transpar\u00eancia mantido pela Controladoria-Geral da Uni\u00e3o (CGU).<br>Segundo os dados das faturas do Cart\u00e3o de Pagamento do Governo Federal (CPGF) ou Cart\u00e3o Corporativo, como \u00e9 mais conhecido, Lula tem gastado cerca de R$ 1,1 milh\u00e3o em m\u00e9dia por m\u00eas desde que assumiu o seu terceiro mandato presidencial. Os n\u00fameros s\u00e3o corrigidos pela infla\u00e7\u00e3o.<\/p>\n\n\n\n<div class=\"wp-block-image\"><figure class=\"aligncenter size-large\"><img loading=\"lazy\" decoding=\"async\" width=\"300\" height=\"250\" src=\"https:\/\/jornalfatosenoticias.com.br\/wp-content\/uploads\/2022\/02\/FERRARI_MAQUINAS-E-FERRAMENTAS2.jpg\" alt=\"\" class=\"wp-image-27860\"\/><\/figure><\/div>\n\n\n\n<p>Entre outras despesas, o CPGF costuma ser usado para compra de materiais, presta\u00e7\u00e3o de servi\u00e7os e abastecimento de ve\u00edculos oficiais, custeamento da seguran\u00e7a do presidente em viagens e de eventos no Pal\u00e1cio da Alvorada. Nos sete primeiros meses do governo Bolsonaro, os gastos com o mesmo cart\u00e3o ficaram na casa dos R$ 5,3 milh\u00f5es. J\u00e1 Temer e Dilma gastaram, respectivamente, R$ 3,8 milh\u00f5es e R$ 4,9 milh\u00f5es nos sete primeiros meses de mandato.<\/p>\n\n\n\n<div class=\"wp-block-image\"><figure class=\"aligncenter size-large is-resized\"><img loading=\"lazy\" decoding=\"async\" src=\"https:\/\/jornalfatosenoticias.com.br\/wp-content\/uploads\/2023\/08\/LOGO-BLU-COMERCIAL-PRETO-1024x600.jpg\" alt=\"\" class=\"wp-image-44053\" width=\"375\" height=\"219\"\/><\/figure><\/div>\n\n\n\n<p>Procurado pela reportagem da Folha para comentar o gasto recorde, o Pal\u00e1cio do Planalto informou que a maior parte da despesa est\u00e1 relacionada com as viagens de Lula ao exterior. O <strong>petista j\u00e1 fez 19 viagens internacionais<\/strong> nos oito primeiros meses de governo. Apesar dos valores alt\u00edssimos, n\u00e3o \u00e9 poss\u00edvel conferir o detalhamento dos gastos, pois essas informa\u00e7\u00f5es foram classificadas como \u201csigilosas\u201d pela CGU.<\/p>\n\n\n\n<div class=\"wp-block-image\"><figure class=\"aligncenter size-large is-resized\"><img loading=\"lazy\" decoding=\"async\" src=\"https:\/\/jornalfatosenoticias.com.br\/wp-content\/uploads\/2023\/08\/Steel.jpeg\" alt=\"\" class=\"wp-image-44634\" width=\"304\" height=\"247\" srcset=\"https:\/\/jornalfatosenoticias.com.br\/wp-content\/uploads\/2023\/08\/Steel.jpeg 800w, https:\/\/jornalfatosenoticias.com.br\/wp-content\/uploads\/2023\/08\/Steel-300x244.jpeg 300w, https:\/\/jornalfatosenoticias.com.br\/wp-content\/uploads\/2023\/08\/Steel-768x624.jpeg 768w\" sizes=\"auto, (max-width: 304px) 100vw, 304px\" \/><\/figure><\/div>\n\n\n\n<p><strong><span class=\"has-inline-color has-black-color\">Lula quer destinar quase R$ 647 mi para propaganda oficial em 2024<br><\/span><\/strong>O presidente Lula (PT) quer destinar quase R$ 647 milh\u00f5es para propaganda oficial do governo em 2024, ano em que ser\u00e3o realizadas elei\u00e7\u00f5es municipais. O valor foi inserido no projeto de Or\u00e7amento do pr\u00f3ximo ano e, se aprovado, representar\u00e1 um recorde de gasto para o setor.<\/p>\n\n\n\n<div class=\"wp-block-image\"><figure class=\"aligncenter size-large is-resized\"><img loading=\"lazy\" decoding=\"async\" src=\"https:\/\/jornalfatosenoticias.com.br\/wp-content\/uploads\/2023\/07\/lacremoda.jpg\" alt=\"\" class=\"wp-image-43706\" width=\"388\" height=\"217\" srcset=\"https:\/\/jornalfatosenoticias.com.br\/wp-content\/uploads\/2023\/07\/lacremoda.jpg 1024w, https:\/\/jornalfatosenoticias.com.br\/wp-content\/uploads\/2023\/07\/lacremoda-300x168.jpg 300w, https:\/\/jornalfatosenoticias.com.br\/wp-content\/uploads\/2023\/07\/lacremoda-768x431.jpg 768w\" sizes=\"auto, (max-width: 388px) 100vw, 388px\" \/><\/figure><\/div>\n\n\n\n<p>De acordo com levantamento da Folha de S\u00e3o Paulo, se aprovado, o valor ser\u00e1 quase o dobro do gasto com propaganda oficial em 2023 (R$ 359 milh\u00f5es) e ir\u00e1 superar os gastos anuais desde 2004.<br>Na compara\u00e7\u00e3o, a Folha usou valores corrigidos pela infla\u00e7\u00e3o atrav\u00e9s do IPCA. O mesmo \u00edndice \u00e9 usado, inclusive, para reajuste do teto de gastos p\u00fablicos, vigente nos \u00faltimos anos.<\/p>\n\n\n\n<div class=\"wp-block-image\"><figure class=\"aligncenter size-large is-resized\"><img loading=\"lazy\" decoding=\"async\" src=\"https:\/\/jornalfatosenoticias.com.br\/wp-content\/uploads\/2022\/10\/RC_800x750_page-0001.jpg\" alt=\"\" class=\"wp-image-35338\" width=\"269\" height=\"252\" srcset=\"https:\/\/jornalfatosenoticias.com.br\/wp-content\/uploads\/2022\/10\/RC_800x750_page-0001.jpg 400w, https:\/\/jornalfatosenoticias.com.br\/wp-content\/uploads\/2022\/10\/RC_800x750_page-0001-300x281.jpg 300w\" sizes=\"auto, (max-width: 269px) 100vw, 269px\" \/><\/figure><\/div>\n\n\n\n<p>Procurada pela Folha, a Secretaria de Comunica\u00e7\u00e3o Social da Presid\u00eancia (Secom) evitou relacionar o aumento recorde do gasto com as elei\u00e7\u00f5es municipais e questionou a corre\u00e7\u00e3o dos valores dos anos anteriores pelo IPCA.<br>De acordo com a Secom, se os valores forem corrigidos pelo IGP-M, o maior gasto com publicidade oficial teria se dado durante a gest\u00e3o de Michel Temer, em 2017. <\/p>\n\n\n\n<div class=\"wp-block-image\"><figure class=\"aligncenter size-large is-resized\"><img loading=\"lazy\" decoding=\"async\" src=\"https:\/\/jornalfatosenoticias.com.br\/wp-content\/uploads\/2020\/02\/logo-Rapuzel-1024x571.jpg\" alt=\"\" class=\"wp-image-42808\" width=\"364\" height=\"203\" srcset=\"https:\/\/jornalfatosenoticias.com.br\/wp-content\/uploads\/2020\/02\/logo-Rapuzel-1024x571.jpg 1024w, https:\/\/jornalfatosenoticias.com.br\/wp-content\/uploads\/2020\/02\/logo-Rapuzel-300x167.jpg 300w, https:\/\/jornalfatosenoticias.com.br\/wp-content\/uploads\/2020\/02\/logo-Rapuzel-768x428.jpg 768w, https:\/\/jornalfatosenoticias.com.br\/wp-content\/uploads\/2020\/02\/logo-Rapuzel-1536x856.jpg 1536w, https:\/\/jornalfatosenoticias.com.br\/wp-content\/uploads\/2020\/02\/logo-Rapuzel.jpg 1600w\" sizes=\"auto, (max-width: 364px) 100vw, 364px\" \/><\/figure><\/div>\n\n\n\n<p>Acontece que o IGP-M \u00e9 usado para reajustes de alugu\u00e9is e n\u00e3o de gastos p\u00fablicos. O Planalto diz que o \u00edndice \u00e9 mais amplo e seria o mais adequado para corrigir os valores com gastos publicit\u00e1rios do governo em anos anteriores.<\/p>\n\n\n\n<div class=\"wp-block-image\"><figure class=\"aligncenter size-large is-resized\"><img loading=\"lazy\" decoding=\"async\" src=\"https:\/\/jornalfatosenoticias.com.br\/wp-content\/uploads\/2023\/08\/BKR-1024x1021.jpg\" alt=\"\" class=\"wp-image-44494\" width=\"302\" height=\"301\" srcset=\"https:\/\/jornalfatosenoticias.com.br\/wp-content\/uploads\/2023\/08\/BKR-1024x1021.jpg 1024w, https:\/\/jornalfatosenoticias.com.br\/wp-content\/uploads\/2023\/08\/BKR-300x300.jpg 300w, https:\/\/jornalfatosenoticias.com.br\/wp-content\/uploads\/2023\/08\/BKR-150x150.jpg 150w, https:\/\/jornalfatosenoticias.com.br\/wp-content\/uploads\/2023\/08\/BKR-768x766.jpg 768w, https:\/\/jornalfatosenoticias.com.br\/wp-content\/uploads\/2023\/08\/BKR.jpg 1080w\" sizes=\"auto, (max-width: 302px) 100vw, 302px\" \/><\/figure><\/div>\n\n\n\n<blockquote class=\"wp-block-quote is-layout-flow wp-block-quote-is-layout-flow\"><p><span class=\"has-inline-color has-luminous-vivid-orange-color\">O or\u00e7amento de 2024 da Secom n\u00e3o contempla apenas a publicidade governamental, utilizada para comunicar programas do governo que beneficiar\u00e3o \u00e0 popula\u00e7\u00e3o (sic), como o Novo PAC, o Desenrola e a campanha de combate a fake news. O referido or\u00e7amento inclui, por exemplo, comunica\u00e7\u00e3o corporativa, pesquisas, nova licita\u00e7\u00e3o espec\u00edfica para (a \u00e1rea) digital, para live marketing e eventos&#8221;, disse a Secom \u00e0 Folha.<\/span><\/p><\/blockquote>\n\n\n\n<div class=\"wp-block-image\"><figure class=\"aligncenter size-large is-resized\"><img loading=\"lazy\" decoding=\"async\" src=\"https:\/\/jornalfatosenoticias.com.br\/wp-content\/uploads\/2023\/08\/ITH.jpeg\" alt=\"\" class=\"wp-image-44638\" width=\"328\" height=\"266\" srcset=\"https:\/\/jornalfatosenoticias.com.br\/wp-content\/uploads\/2023\/08\/ITH.jpeg 800w, https:\/\/jornalfatosenoticias.com.br\/wp-content\/uploads\/2023\/08\/ITH-300x244.jpeg 300w, https:\/\/jornalfatosenoticias.com.br\/wp-content\/uploads\/2023\/08\/ITH-768x624.jpeg 768w\" sizes=\"auto, (max-width: 328px) 100vw, 328px\" \/><\/figure><\/div>\n\n\n\n<p><strong><a href=\"https:\/\/www.gazetadopovo.com.br\/republica\/lula-ja-gastou-quase-r-8-mi-no-cartao-corporativo-mais-que-bolsonaro-temer-e-dilma\/\"><em>Fonte: Gazeta do Povo<br><\/em><\/a><\/strong><a href=\"https:\/\/www.gazetadopovo.com.br\/republica\/lula-quer-destinar-quase-r-647-mi-para-propaganda-oficial-em-2024\/\">https:\/\/www.gazetadopovo.com.br\/republica\/lula-quer-destinar-quase-r-647-mi-para-propaganda-oficial-em-2024\/<\/a><\/p>\n","protected":false},"excerpt":{"rendered":"<p>Gastos de Lula s\u00e3o mais dos que os de Bolsonaro, Temer e Dilma Por Di\u00f3genes Freire Feitosa At\u00e9 o m\u00eas de julho, Lula (PT) gastou quase R$ 8 milh\u00f5es no cart\u00e3o corporativo. O valor \u00e9 um recorde para o per\u00edodo se comparado aos governos anteriores dos ex-presidentes Jair Bolsonaro (PL), Michel Temer (MDB) e Dilma [&hellip;]<\/p>\n","protected":false},"author":2,"featured_media":45246,"comment_status":"open","ping_status":"open","sticky":false,"template":"","format":"standard","meta":{"footnotes":""},"categories":[10],"tags":[21315,16744,21160],"class_list":["post-45245","post","type-post","status-publish","format-standard","has-post-thumbnail","hentry","category-politica","tag-cartao-corporativo","tag-farra-com-o-dinheiro-publico","tag-gastos-exorbitantes-do-desgoverno-lula"],"yoast_head":"<!-- This site is optimized with the Yoast SEO plugin v26.5 - https:\/\/yoast.com\/wordpress\/plugins\/seo\/ -->\n<title>Lula j\u00e1 gastou quase R$ 8 mi no cart\u00e3o corporativo - Jornal Fatos e Not\u00edcias<\/title>\n<meta name=\"robots\" content=\"index, follow, max-snippet:-1, max-image-preview:large, max-video-preview:-1\" \/>\n<link rel=\"canonical\" href=\"https:\/\/jornalfatosenoticias.com.br\/index.php\/2023\/09\/18\/lula-ja-gastou-quase-r-8-mi-no-cartao-corporativo\/\" \/>\n<meta property=\"og:locale\" content=\"pt_BR\" \/>\n<meta property=\"og:type\" content=\"article\" \/>\n<meta property=\"og:title\" content=\"Lula j\u00e1 gastou quase R$ 8 mi no cart\u00e3o corporativo - Jornal Fatos e Not\u00edcias\" \/>\n<meta property=\"og:description\" content=\"Gastos de Lula s\u00e3o mais dos que os de Bolsonaro, Temer e Dilma Por Di\u00f3genes Freire Feitosa At\u00e9 o m\u00eas de julho, Lula (PT) gastou quase R$ 8 milh\u00f5es no cart\u00e3o corporativo. O valor \u00e9 um recorde para o per\u00edodo se comparado aos governos anteriores dos ex-presidentes Jair Bolsonaro (PL), Michel Temer (MDB) e Dilma [&hellip;]\" \/>\n<meta property=\"og:url\" content=\"https:\/\/jornalfatosenoticias.com.br\/index.php\/2023\/09\/18\/lula-ja-gastou-quase-r-8-mi-no-cartao-corporativo\/\" \/>\n<meta property=\"og:site_name\" content=\"Jornal Fatos e Not\u00edcias\" \/>\n<meta property=\"article:published_time\" content=\"2023-09-18T20:47:00+00:00\" \/>\n<meta property=\"article:modified_time\" content=\"2023-09-18T20:47:02+00:00\" \/>\n<meta property=\"og:image\" content=\"https:\/\/jornalfatosenoticias.com.br\/wp-content\/uploads\/2023\/09\/lula-e-esbanja-e-os-gastos-no-cartao-corporativo.jpg\" \/>\n\t<meta property=\"og:image:width\" content=\"923\" \/>\n\t<meta property=\"og:image:height\" content=\"692\" \/>\n\t<meta property=\"og:image:type\" content=\"image\/jpeg\" \/>\n<meta name=\"author\" content=\"Luzimara Fernandes\" \/>\n<meta name=\"twitter:card\" content=\"summary_large_image\" \/>\n<meta name=\"twitter:label1\" content=\"Escrito por\" \/>\n\t<meta name=\"twitter:data1\" content=\"Luzimara Fernandes\" \/>\n\t<meta name=\"twitter:label2\" content=\"Est. tempo de leitura\" \/>\n\t<meta name=\"twitter:data2\" content=\"3 minutos\" \/>\n<script type=\"application\/ld+json\" class=\"yoast-schema-graph\">{\"@context\":\"https:\/\/schema.org\",\"@graph\":[{\"@type\":\"Article\",\"@id\":\"https:\/\/jornalfatosenoticias.com.br\/index.php\/2023\/09\/18\/lula-ja-gastou-quase-r-8-mi-no-cartao-corporativo\/#article\",\"isPartOf\":{\"@id\":\"https:\/\/jornalfatosenoticias.com.br\/index.php\/2023\/09\/18\/lula-ja-gastou-quase-r-8-mi-no-cartao-corporativo\/\"},\"author\":{\"name\":\"Luzimara Fernandes\",\"@id\":\"https:\/\/jornalfatosenoticias.com.br\/#\/schema\/person\/d63837fa13ac8666eb9e74e0985d6f81\"},\"headline\":\"Lula j\u00e1 gastou quase R$ 8 mi no cart\u00e3o corporativo\",\"datePublished\":\"2023-09-18T20:47:00+00:00\",\"dateModified\":\"2023-09-18T20:47:02+00:00\",\"mainEntityOfPage\":{\"@id\":\"https:\/\/jornalfatosenoticias.com.br\/index.php\/2023\/09\/18\/lula-ja-gastou-quase-r-8-mi-no-cartao-corporativo\/\"},\"wordCount\":604,\"commentCount\":0,\"publisher\":{\"@id\":\"https:\/\/jornalfatosenoticias.com.br\/#organization\"},\"image\":{\"@id\":\"https:\/\/jornalfatosenoticias.com.br\/index.php\/2023\/09\/18\/lula-ja-gastou-quase-r-8-mi-no-cartao-corporativo\/#primaryimage\"},\"thumbnailUrl\":\"https:\/\/jornalfatosenoticias.com.br\/wp-content\/uploads\/2023\/09\/lula-e-esbanja-e-os-gastos-no-cartao-corporativo.jpg\",\"keywords\":[\"cart\u00e3o corporativo\",\"farra com o dinheiro p\u00fablico\",\"gastos exorbitantes do desgoverno Lula\"],\"articleSection\":[\"Pol\u00edtica\"],\"inLanguage\":\"pt-BR\",\"potentialAction\":[{\"@type\":\"CommentAction\",\"name\":\"Comment\",\"target\":[\"https:\/\/jornalfatosenoticias.com.br\/index.php\/2023\/09\/18\/lula-ja-gastou-quase-r-8-mi-no-cartao-corporativo\/#respond\"]}]},{\"@type\":\"WebPage\",\"@id\":\"https:\/\/jornalfatosenoticias.com.br\/index.php\/2023\/09\/18\/lula-ja-gastou-quase-r-8-mi-no-cartao-corporativo\/\",\"url\":\"https:\/\/jornalfatosenoticias.com.br\/index.php\/2023\/09\/18\/lula-ja-gastou-quase-r-8-mi-no-cartao-corporativo\/\",\"name\":\"Lula j\u00e1 gastou quase R$ 8 mi no cart\u00e3o corporativo - Jornal Fatos e Not\u00edcias\",\"isPartOf\":{\"@id\":\"https:\/\/jornalfatosenoticias.com.br\/#website\"},\"primaryImageOfPage\":{\"@id\":\"https:\/\/jornalfatosenoticias.com.br\/index.php\/2023\/09\/18\/lula-ja-gastou-quase-r-8-mi-no-cartao-corporativo\/#primaryimage\"},\"image\":{\"@id\":\"https:\/\/jornalfatosenoticias.com.br\/index.php\/2023\/09\/18\/lula-ja-gastou-quase-r-8-mi-no-cartao-corporativo\/#primaryimage\"},\"thumbnailUrl\":\"https:\/\/jornalfatosenoticias.com.br\/wp-content\/uploads\/2023\/09\/lula-e-esbanja-e-os-gastos-no-cartao-corporativo.jpg\",\"datePublished\":\"2023-09-18T20:47:00+00:00\",\"dateModified\":\"2023-09-18T20:47:02+00:00\",\"breadcrumb\":{\"@id\":\"https:\/\/jornalfatosenoticias.com.br\/index.php\/2023\/09\/18\/lula-ja-gastou-quase-r-8-mi-no-cartao-corporativo\/#breadcrumb\"},\"inLanguage\":\"pt-BR\",\"potentialAction\":[{\"@type\":\"ReadAction\",\"target\":[\"https:\/\/jornalfatosenoticias.com.br\/index.php\/2023\/09\/18\/lula-ja-gastou-quase-r-8-mi-no-cartao-corporativo\/\"]}]},{\"@type\":\"ImageObject\",\"inLanguage\":\"pt-BR\",\"@id\":\"https:\/\/jornalfatosenoticias.com.br\/index.php\/2023\/09\/18\/lula-ja-gastou-quase-r-8-mi-no-cartao-corporativo\/#primaryimage\",\"url\":\"https:\/\/jornalfatosenoticias.com.br\/wp-content\/uploads\/2023\/09\/lula-e-esbanja-e-os-gastos-no-cartao-corporativo.jpg\",\"contentUrl\":\"https:\/\/jornalfatosenoticias.com.br\/wp-content\/uploads\/2023\/09\/lula-e-esbanja-e-os-gastos-no-cartao-corporativo.jpg\",\"width\":923,\"height\":692},{\"@type\":\"BreadcrumbList\",\"@id\":\"https:\/\/jornalfatosenoticias.com.br\/index.php\/2023\/09\/18\/lula-ja-gastou-quase-r-8-mi-no-cartao-corporativo\/#breadcrumb\",\"itemListElement\":[{\"@type\":\"ListItem\",\"position\":1,\"name\":\"In\u00edcio\",\"item\":\"https:\/\/jornalfatosenoticias.com.br\/\"},{\"@type\":\"ListItem\",\"position\":2,\"name\":\"Lula j\u00e1 gastou quase R$ 8 mi no cart\u00e3o corporativo\"}]},{\"@type\":\"WebSite\",\"@id\":\"https:\/\/jornalfatosenoticias.com.br\/#website\",\"url\":\"https:\/\/jornalfatosenoticias.com.br\/\",\"name\":\"Jornal Fatos e Not\u00edcias\",\"description\":\"Not\u00edcias em geral\",\"publisher\":{\"@id\":\"https:\/\/jornalfatosenoticias.com.br\/#organization\"},\"potentialAction\":[{\"@type\":\"SearchAction\",\"target\":{\"@type\":\"EntryPoint\",\"urlTemplate\":\"https:\/\/jornalfatosenoticias.com.br\/?s={search_term_string}\"},\"query-input\":{\"@type\":\"PropertyValueSpecification\",\"valueRequired\":true,\"valueName\":\"search_term_string\"}}],\"inLanguage\":\"pt-BR\"},{\"@type\":\"Organization\",\"@id\":\"https:\/\/jornalfatosenoticias.com.br\/#organization\",\"name\":\"Jornal Fatos e Not\u00edcias\",\"url\":\"https:\/\/jornalfatosenoticias.com.br\/\",\"logo\":{\"@type\":\"ImageObject\",\"inLanguage\":\"pt-BR\",\"@id\":\"https:\/\/jornalfatosenoticias.com.br\/#\/schema\/logo\/image\/\",\"url\":\"https:\/\/jornalfatosenoticias.com.br\/wp-content\/uploads\/2020\/02\/logo120.png\",\"contentUrl\":\"https:\/\/jornalfatosenoticias.com.br\/wp-content\/uploads\/2020\/02\/logo120.png\",\"width\":1227,\"height\":120,\"caption\":\"Jornal Fatos e Not\u00edcias\"},\"image\":{\"@id\":\"https:\/\/jornalfatosenoticias.com.br\/#\/schema\/logo\/image\/\"}},{\"@type\":\"Person\",\"@id\":\"https:\/\/jornalfatosenoticias.com.br\/#\/schema\/person\/d63837fa13ac8666eb9e74e0985d6f81\",\"name\":\"Luzimara Fernandes\",\"image\":{\"@type\":\"ImageObject\",\"inLanguage\":\"pt-BR\",\"@id\":\"https:\/\/jornalfatosenoticias.com.br\/#\/schema\/person\/image\/\",\"url\":\"https:\/\/jornalfatosenoticias.com.br\/wp-content\/uploads\/2025\/05\/EU_portal.jpg\",\"contentUrl\":\"https:\/\/jornalfatosenoticias.com.br\/wp-content\/uploads\/2025\/05\/EU_portal.jpg\",\"caption\":\"Luzimara Fernandes\"},\"description\":\"Jornalista MTB 2358-ES\",\"sameAs\":[\"https:\/\/jornalfatosenoticias.com.br\"],\"url\":\"https:\/\/jornalfatosenoticias.com.br\/index.php\/author\/luzimara\/\"}]}<\/script>\n<!-- \/ Yoast SEO plugin. -->","yoast_head_json":{"title":"Lula j\u00e1 gastou quase R$ 8 mi no cart\u00e3o corporativo - Jornal Fatos e Not\u00edcias","robots":{"index":"index","follow":"follow","max-snippet":"max-snippet:-1","max-image-preview":"max-image-preview:large","max-video-preview":"max-video-preview:-1"},"canonical":"https:\/\/jornalfatosenoticias.com.br\/index.php\/2023\/09\/18\/lula-ja-gastou-quase-r-8-mi-no-cartao-corporativo\/","og_locale":"pt_BR","og_type":"article","og_title":"Lula j\u00e1 gastou quase R$ 8 mi no cart\u00e3o corporativo - Jornal Fatos e Not\u00edcias","og_description":"Gastos de Lula s\u00e3o mais dos que os de Bolsonaro, Temer e Dilma Por Di\u00f3genes Freire Feitosa At\u00e9 o m\u00eas de julho, Lula (PT) gastou quase R$ 8 milh\u00f5es no cart\u00e3o corporativo. O valor \u00e9 um recorde para o per\u00edodo se comparado aos governos anteriores dos ex-presidentes Jair Bolsonaro (PL), Michel Temer (MDB) e Dilma [&hellip;]","og_url":"https:\/\/jornalfatosenoticias.com.br\/index.php\/2023\/09\/18\/lula-ja-gastou-quase-r-8-mi-no-cartao-corporativo\/","og_site_name":"Jornal Fatos e Not\u00edcias","article_published_time":"2023-09-18T20:47:00+00:00","article_modified_time":"2023-09-18T20:47:02+00:00","og_image":[{"width":923,"height":692,"url":"https:\/\/jornalfatosenoticias.com.br\/wp-content\/uploads\/2023\/09\/lula-e-esbanja-e-os-gastos-no-cartao-corporativo.jpg","type":"image\/jpeg"}],"author":"Luzimara Fernandes","twitter_card":"summary_large_image","twitter_misc":{"Escrito por":"Luzimara Fernandes","Est. tempo de leitura":"3 minutos"},"schema":{"@context":"https:\/\/schema.org","@graph":[{"@type":"Article","@id":"https:\/\/jornalfatosenoticias.com.br\/index.php\/2023\/09\/18\/lula-ja-gastou-quase-r-8-mi-no-cartao-corporativo\/#article","isPartOf":{"@id":"https:\/\/jornalfatosenoticias.com.br\/index.php\/2023\/09\/18\/lula-ja-gastou-quase-r-8-mi-no-cartao-corporativo\/"},"author":{"name":"Luzimara Fernandes","@id":"https:\/\/jornalfatosenoticias.com.br\/#\/schema\/person\/d63837fa13ac8666eb9e74e0985d6f81"},"headline":"Lula j\u00e1 gastou quase R$ 8 mi no cart\u00e3o corporativo","datePublished":"2023-09-18T20:47:00+00:00","dateModified":"2023-09-18T20:47:02+00:00","mainEntityOfPage":{"@id":"https:\/\/jornalfatosenoticias.com.br\/index.php\/2023\/09\/18\/lula-ja-gastou-quase-r-8-mi-no-cartao-corporativo\/"},"wordCount":604,"commentCount":0,"publisher":{"@id":"https:\/\/jornalfatosenoticias.com.br\/#organization"},"image":{"@id":"https:\/\/jornalfatosenoticias.com.br\/index.php\/2023\/09\/18\/lula-ja-gastou-quase-r-8-mi-no-cartao-corporativo\/#primaryimage"},"thumbnailUrl":"https:\/\/jornalfatosenoticias.com.br\/wp-content\/uploads\/2023\/09\/lula-e-esbanja-e-os-gastos-no-cartao-corporativo.jpg","keywords":["cart\u00e3o corporativo","farra com o dinheiro p\u00fablico","gastos exorbitantes do desgoverno Lula"],"articleSection":["Pol\u00edtica"],"inLanguage":"pt-BR","potentialAction":[{"@type":"CommentAction","name":"Comment","target":["https:\/\/jornalfatosenoticias.com.br\/index.php\/2023\/09\/18\/lula-ja-gastou-quase-r-8-mi-no-cartao-corporativo\/#respond"]}]},{"@type":"WebPage","@id":"https:\/\/jornalfatosenoticias.com.br\/index.php\/2023\/09\/18\/lula-ja-gastou-quase-r-8-mi-no-cartao-corporativo\/","url":"https:\/\/jornalfatosenoticias.com.br\/index.php\/2023\/09\/18\/lula-ja-gastou-quase-r-8-mi-no-cartao-corporativo\/","name":"Lula j\u00e1 gastou quase R$ 8 mi no cart\u00e3o corporativo - Jornal Fatos e Not\u00edcias","isPartOf":{"@id":"https:\/\/jornalfatosenoticias.com.br\/#website"},"primaryImageOfPage":{"@id":"https:\/\/jornalfatosenoticias.com.br\/index.php\/2023\/09\/18\/lula-ja-gastou-quase-r-8-mi-no-cartao-corporativo\/#primaryimage"},"image":{"@id":"https:\/\/jornalfatosenoticias.com.br\/index.php\/2023\/09\/18\/lula-ja-gastou-quase-r-8-mi-no-cartao-corporativo\/#primaryimage"},"thumbnailUrl":"https:\/\/jornalfatosenoticias.com.br\/wp-content\/uploads\/2023\/09\/lula-e-esbanja-e-os-gastos-no-cartao-corporativo.jpg","datePublished":"2023-09-18T20:47:00+00:00","dateModified":"2023-09-18T20:47:02+00:00","breadcrumb":{"@id":"https:\/\/jornalfatosenoticias.com.br\/index.php\/2023\/09\/18\/lula-ja-gastou-quase-r-8-mi-no-cartao-corporativo\/#breadcrumb"},"inLanguage":"pt-BR","potentialAction":[{"@type":"ReadAction","target":["https:\/\/jornalfatosenoticias.com.br\/index.php\/2023\/09\/18\/lula-ja-gastou-quase-r-8-mi-no-cartao-corporativo\/"]}]},{"@type":"ImageObject","inLanguage":"pt-BR","@id":"https:\/\/jornalfatosenoticias.com.br\/index.php\/2023\/09\/18\/lula-ja-gastou-quase-r-8-mi-no-cartao-corporativo\/#primaryimage","url":"https:\/\/jornalfatosenoticias.com.br\/wp-content\/uploads\/2023\/09\/lula-e-esbanja-e-os-gastos-no-cartao-corporativo.jpg","contentUrl":"https:\/\/jornalfatosenoticias.com.br\/wp-content\/uploads\/2023\/09\/lula-e-esbanja-e-os-gastos-no-cartao-corporativo.jpg","width":923,"height":692},{"@type":"BreadcrumbList","@id":"https:\/\/jornalfatosenoticias.com.br\/index.php\/2023\/09\/18\/lula-ja-gastou-quase-r-8-mi-no-cartao-corporativo\/#breadcrumb","itemListElement":[{"@type":"ListItem","position":1,"name":"In\u00edcio","item":"https:\/\/jornalfatosenoticias.com.br\/"},{"@type":"ListItem","position":2,"name":"Lula j\u00e1 gastou quase R$ 8 mi no cart\u00e3o corporativo"}]},{"@type":"WebSite","@id":"https:\/\/jornalfatosenoticias.com.br\/#website","url":"https:\/\/jornalfatosenoticias.com.br\/","name":"Jornal Fatos e Not\u00edcias","description":"Not\u00edcias em geral","publisher":{"@id":"https:\/\/jornalfatosenoticias.com.br\/#organization"},"potentialAction":[{"@type":"SearchAction","target":{"@type":"EntryPoint","urlTemplate":"https:\/\/jornalfatosenoticias.com.br\/?s={search_term_string}"},"query-input":{"@type":"PropertyValueSpecification","valueRequired":true,"valueName":"search_term_string"}}],"inLanguage":"pt-BR"},{"@type":"Organization","@id":"https:\/\/jornalfatosenoticias.com.br\/#organization","name":"Jornal Fatos e Not\u00edcias","url":"https:\/\/jornalfatosenoticias.com.br\/","logo":{"@type":"ImageObject","inLanguage":"pt-BR","@id":"https:\/\/jornalfatosenoticias.com.br\/#\/schema\/logo\/image\/","url":"https:\/\/jornalfatosenoticias.com.br\/wp-content\/uploads\/2020\/02\/logo120.png","contentUrl":"https:\/\/jornalfatosenoticias.com.br\/wp-content\/uploads\/2020\/02\/logo120.png","width":1227,"height":120,"caption":"Jornal Fatos e Not\u00edcias"},"image":{"@id":"https:\/\/jornalfatosenoticias.com.br\/#\/schema\/logo\/image\/"}},{"@type":"Person","@id":"https:\/\/jornalfatosenoticias.com.br\/#\/schema\/person\/d63837fa13ac8666eb9e74e0985d6f81","name":"Luzimara Fernandes","image":{"@type":"ImageObject","inLanguage":"pt-BR","@id":"https:\/\/jornalfatosenoticias.com.br\/#\/schema\/person\/image\/","url":"https:\/\/jornalfatosenoticias.com.br\/wp-content\/uploads\/2025\/05\/EU_portal.jpg","contentUrl":"https:\/\/jornalfatosenoticias.com.br\/wp-content\/uploads\/2025\/05\/EU_portal.jpg","caption":"Luzimara Fernandes"},"description":"Jornalista MTB 2358-ES","sameAs":["https:\/\/jornalfatosenoticias.com.br"],"url":"https:\/\/jornalfatosenoticias.com.br\/index.php\/author\/luzimara\/"}]}},"cc_featured_image_caption":{"caption_text":"(Foto: Ricardo Stuckert)\r\n","source_text":"","source_url":""},"jetpack_featured_media_url":"https:\/\/jornalfatosenoticias.com.br\/wp-content\/uploads\/2023\/09\/lula-e-esbanja-e-os-gastos-no-cartao-corporativo.jpg","_links":{"self":[{"href":"https:\/\/jornalfatosenoticias.com.br\/index.php\/wp-json\/wp\/v2\/posts\/45245","targetHints":{"allow":["GET"]}}],"collection":[{"href":"https:\/\/jornalfatosenoticias.com.br\/index.php\/wp-json\/wp\/v2\/posts"}],"about":[{"href":"https:\/\/jornalfatosenoticias.com.br\/index.php\/wp-json\/wp\/v2\/types\/post"}],"author":[{"embeddable":true,"href":"https:\/\/jornalfatosenoticias.com.br\/index.php\/wp-json\/wp\/v2\/users\/2"}],"replies":[{"embeddable":true,"href":"https:\/\/jornalfatosenoticias.com.br\/index.php\/wp-json\/wp\/v2\/comments?post=45245"}],"version-history":[{"count":0,"href":"https:\/\/jornalfatosenoticias.com.br\/index.php\/wp-json\/wp\/v2\/posts\/45245\/revisions"}],"wp:featuredmedia":[{"embeddable":true,"href":"https:\/\/jornalfatosenoticias.com.br\/index.php\/wp-json\/wp\/v2\/media\/45246"}],"wp:attachment":[{"href":"https:\/\/jornalfatosenoticias.com.br\/index.php\/wp-json\/wp\/v2\/media?parent=45245"}],"wp:term":[{"taxonomy":"category","embeddable":true,"href":"https:\/\/jornalfatosenoticias.com.br\/index.php\/wp-json\/wp\/v2\/categories?post=45245"},{"taxonomy":"post_tag","embeddable":true,"href":"https:\/\/jornalfatosenoticias.com.br\/index.php\/wp-json\/wp\/v2\/tags?post=45245"}],"curies":[{"name":"wp","href":"https:\/\/api.w.org\/{rel}","templated":true}]}}