{"id":45251,"date":"2023-09-18T18:11:18","date_gmt":"2023-09-18T21:11:18","guid":{"rendered":"https:\/\/jornalfatosenoticias.com.br\/?p=45251"},"modified":"2023-09-18T18:11:21","modified_gmt":"2023-09-18T21:11:21","slug":"stf-corta-asas-da-oposicao-e-torna-inocuo-congresso-mais-direitista-da-historia","status":"publish","type":"post","link":"https:\/\/jornalfatosenoticias.com.br\/index.php\/2023\/09\/18\/stf-corta-asas-da-oposicao-e-torna-inocuo-congresso-mais-direitista-da-historia\/","title":{"rendered":"STF corta asas da oposi\u00e7\u00e3o e torna in\u00f3cuo Congresso \u201cmais direitista da hist\u00f3ria\u201d"},"content":{"rendered":"\n<p><em><span class=\"has-inline-color has-black-color\">Senado tem ficado de m\u00e3os atadas em pautas importantes que s\u00e3o dominadas pelo STF<\/span><\/em><\/p>\n\n\n\n<p><em><span class=\"has-inline-color has-black-color\">Por <strong><a href=\"https:\/\/www.gazetadopovo.com.br\/autor\/leonardo-desideri\/\">Leonardo Desideri<\/a><\/strong><\/span><\/em><\/p>\n\n\n\n<div class=\"wp-block-image\"><figure class=\"aligncenter size-large\"><img decoding=\"async\" src=\"https:\/\/jornalfatosenoticias.com.br\/wp-content\/uploads\/2020\/02\/barao-das-carnes-300x164-1.jpg\" alt=\"\" class=\"wp-image-34339\"\/><\/figure><\/div>\n\n\n\n<p>A intromiss\u00e3o do Supremo Tribunal Federal (STF) em pautas que deveriam caber ao Poder Legislativo est\u00e1 tornando in\u00f3cuo aquele que foi considerado, no final de 2022, o Congresso mais direitista j\u00e1 eleito na hist\u00f3ria do Brasil. A tend\u00eancia ao ativismo judicial do Supremo tem relativizado a import\u00e2ncia do posicionamento dos parlamentares de direita em temas como aborto, drogas, marco temporal e a obrigatoriedade do imposto sindical. As vis\u00f5es de representantes eleitos pelo povo t\u00eam sucumbido, em pautas importantes, ao que pensam os ministros do STF.<br>A decis\u00e3o de ter\u00e7a-feira (12) da ministra Rosa Weber, presidente do Supremo, de liberar a ADPF 442 para julgamento \u00e9 mais uma demonstra\u00e7\u00e3o de que o Judici\u00e1rio n\u00e3o teme confrontar o Congresso em assuntos controversos. A a\u00e7\u00e3o trata da descriminaliza\u00e7\u00e3o do aborto, uma das pautas mais abordadas em campanha por deputados e senadores eleitos com o voto da direita.<\/p>\n\n\n\n<div class=\"wp-block-image\"><figure class=\"aligncenter size-large is-resized\"><img loading=\"lazy\" decoding=\"async\" src=\"https:\/\/jornalfatosenoticias.com.br\/wp-content\/uploads\/2022\/10\/Arte-jornal-Zucchi-600x600_Prancheta-1-1024x1024.jpg\" alt=\"\" class=\"wp-image-34782\" width=\"303\" height=\"303\" srcset=\"https:\/\/jornalfatosenoticias.com.br\/wp-content\/uploads\/2022\/10\/Arte-jornal-Zucchi-600x600_Prancheta-1-1024x1024.jpg 1024w, https:\/\/jornalfatosenoticias.com.br\/wp-content\/uploads\/2022\/10\/Arte-jornal-Zucchi-600x600_Prancheta-1-300x300.jpg 300w, https:\/\/jornalfatosenoticias.com.br\/wp-content\/uploads\/2022\/10\/Arte-jornal-Zucchi-600x600_Prancheta-1-150x150.jpg 150w, https:\/\/jornalfatosenoticias.com.br\/wp-content\/uploads\/2022\/10\/Arte-jornal-Zucchi-600x600_Prancheta-1-768x768.jpg 768w, https:\/\/jornalfatosenoticias.com.br\/wp-content\/uploads\/2022\/10\/Arte-jornal-Zucchi-600x600_Prancheta-1.jpg 1250w\" sizes=\"auto, (max-width: 303px) 100vw, 303px\" \/><\/figure><\/div>\n\n\n\n<p>A atua\u00e7\u00e3o da Corte est\u00e1 causando irrita\u00e7\u00e3o em parlamentares de oposi\u00e7\u00e3o, que apontam com frequ\u00eancia a invas\u00e3o de compet\u00eancia do Judici\u00e1rio no Legislativo. &#8220;Quem vai parar a sanha ideol\u00f3gica do Supremo?&#8221;, questionou recentemente o senador Eduardo Gir\u00e3o (Novo-CE), um dos cr\u00edticos mais veementes da atua\u00e7\u00e3o do STF quando os magistrados retomaram o julgamento sobre a descriminaliza\u00e7\u00e3o das drogas. O parlamentar recordou que o Congresso j\u00e1 deliberou sobre o assunto em ocasi\u00f5es recentes.<\/p>\n\n\n\n<div class=\"wp-block-image\"><figure class=\"aligncenter size-large\"><img loading=\"lazy\" decoding=\"async\" width=\"300\" height=\"250\" src=\"https:\/\/jornalfatosenoticias.com.br\/wp-content\/uploads\/2020\/02\/Banner-2.png\" alt=\"\" class=\"wp-image-43787\"\/><\/figure><\/div>\n\n\n\n<blockquote class=\"wp-block-quote is-layout-flow wp-block-quote-is-layout-flow\"><p><span class=\"has-inline-color has-luminous-vivid-orange-color\">Essa mat\u00e9ria precisa sair da pauta, j\u00e1 que ela \u00e9 compet\u00eancia do Congresso Nacional, que j\u00e1 votou duas vezes a mat\u00e9ria em menos de 13 anos! Que o bom senso prevale\u00e7a em nossa na\u00e7\u00e3o!&#8221;, afirmou pelas redes sociais. Para ele, &#8220;as arbitrariedades do STF&#8221; podem levar o Brasil a &#8220;uma trag\u00e9dia social sem precedentes&#8221;.<\/span><\/p><\/blockquote>\n\n\n\n<div class=\"wp-block-image\"><figure class=\"aligncenter size-large\"><img loading=\"lazy\" decoding=\"async\" width=\"300\" height=\"300\" src=\"https:\/\/jornalfatosenoticias.com.br\/wp-content\/uploads\/2020\/02\/casa-do-torresmo_portal.jpg\" alt=\"\" class=\"wp-image-34472\" srcset=\"https:\/\/jornalfatosenoticias.com.br\/wp-content\/uploads\/2020\/02\/casa-do-torresmo_portal.jpg 300w, https:\/\/jornalfatosenoticias.com.br\/wp-content\/uploads\/2020\/02\/casa-do-torresmo_portal-150x150.jpg 150w\" sizes=\"auto, (max-width: 300px) 100vw, 300px\" \/><\/figure><\/div>\n\n\n\n<p>Senadores da oposi\u00e7\u00e3o t\u00eam elogiado o presidente do Senado, Rodrigo Pacheco (PSD-MG), pela sua postura firme contra a investida do STF na pauta da maconha. No fim de agosto, ap\u00f3s Pacheco publicar um texto no jornal <em>Folha de S.Paulo<\/em> defendendo as prerrogativas do Congresso sobre o assunto, parlamentares como Magno Malta (PL-ES) e Damares Alves (Republicanos-DF) manifestaram publicamente o apre\u00e7o pelo posicionamento.<\/p>\n\n\n\n<div class=\"wp-block-image\"><figure class=\"aligncenter size-large is-resized\"><img loading=\"lazy\" decoding=\"async\" src=\"https:\/\/jornalfatosenoticias.com.br\/wp-content\/uploads\/2023\/08\/VSM-Group.jpeg\" alt=\"\" class=\"wp-image-44364\" width=\"300\" height=\"300\"\/><\/figure><\/div>\n\n\n\n<p>Com o julgamento da descriminaliza\u00e7\u00e3o da droga interrompido por at\u00e9 90 dias ap\u00f3s o pedido de vistas do ministro Andr\u00e9 Mendon\u00e7a, a oposi\u00e7\u00e3o corre para aprovar uma Proposta de Emenda Constitucional (PEC) com a finalidade de retomar a prerrogativa do Congresso sobre o assunto. O documento est\u00e1 sendo elaborado pelo senador Marcos Rog\u00e9rio (PL-RO).<\/p>\n\n\n\n<div class=\"wp-block-image\"><figure class=\"aligncenter size-large is-resized\"><img loading=\"lazy\" decoding=\"async\" src=\"https:\/\/jornalfatosenoticias.com.br\/wp-content\/uploads\/2023\/07\/lacremoda.jpg\" alt=\"\" class=\"wp-image-43706\" width=\"373\" height=\"209\" srcset=\"https:\/\/jornalfatosenoticias.com.br\/wp-content\/uploads\/2023\/07\/lacremoda.jpg 1024w, https:\/\/jornalfatosenoticias.com.br\/wp-content\/uploads\/2023\/07\/lacremoda-300x168.jpg 300w, https:\/\/jornalfatosenoticias.com.br\/wp-content\/uploads\/2023\/07\/lacremoda-768x431.jpg 768w\" sizes=\"auto, (max-width: 373px) 100vw, 373px\" \/><\/figure><\/div>\n\n\n\n<p><span class=\"has-inline-color has-black-color\"><strong>STF tenta puxar para si responsabilidade sobre marco temporal, que \u00e9 tema no Congresso<br><\/strong><\/span>O STF tamb\u00e9m est\u00e1 trazendo para si o tema do marco temporal para a demarca\u00e7\u00e3o de terras ind\u00edgenas, justamente num momento em que ele tramita no Congresso. A vit\u00f3ria do posicionamento contra o marco \u00e9 quase certa, ap\u00f3s quatro ministros terem votado a favor. Dos cinco votos restantes, basta que dois sigam o mesmo entendimento, e \u00e9 prov\u00e1vel que n\u00e3o haja mais diverg\u00eancias al\u00e9m das duas j\u00e1 manifestadas pelos ministros Nunes Marques e Andr\u00e9 Mendon\u00e7a.<\/p>\n\n\n\n<div class=\"wp-block-image\"><figure class=\"aligncenter size-large\"><img loading=\"lazy\" decoding=\"async\" width=\"300\" height=\"250\" src=\"https:\/\/jornalfatosenoticias.com.br\/wp-content\/uploads\/2022\/08\/arte-Casarao.jpg\" alt=\"\" class=\"wp-image-33178\"\/><\/figure><\/div>\n\n\n\n<p>Se o STF decidir antes que o marco temporal \u00e9 inconstitucional e o Senado definir uma lei estabelecendo o marco, o impasse entre os dois seria solucionado pelo pr\u00f3prio Supremo, que precisaria decidir se a lei criada no Congresso se superp\u00f5e \u00e0 decis\u00e3o anterior da Corte ou se ela deve ser invalidada. Como mostrou reportagem da Gazeta do Povo, o governo tenta atrasar a tramita\u00e7\u00e3o do PL no Senado justamente para que a decis\u00e3o do Supremo saia antes e complique o cen\u00e1rio para a aprova\u00e7\u00e3o de uma lei.<\/p>\n\n\n\n<div class=\"wp-block-image\"><figure class=\"aligncenter size-large is-resized\"><img loading=\"lazy\" decoding=\"async\" src=\"https:\/\/jornalfatosenoticias.com.br\/wp-content\/uploads\/2022\/02\/Precisao-Contabilidade-1024x724.jpg\" alt=\"\" class=\"wp-image-28088\" width=\"355\" height=\"251\"\/><\/figure><\/div>\n\n\n\n<p>No fim de agosto, o texto do projeto foi aprovado pela Comiss\u00e3o de Agricultura e Reforma Agr\u00e1ria (CRA) e seguiu para a Comiss\u00e3o de Constitui\u00e7\u00e3o e Justi\u00e7a (CCJ) do Senado; ao mesmo tempo, a presidente do STF, Rosa Weber, marcou a retomada do julgamento sobre o tema no tribunal.<br>Na semana passada, o senador Magno Malta (PL-ES) fez um pronunciamento criticando o ativismo judicial relacionado ao marco temporal.<\/p>\n\n\n\n<div class=\"wp-block-image\"><figure class=\"aligncenter size-large\"><img decoding=\"async\" src=\"https:\/\/jornalfatosenoticias.com.br\/wp-content\/uploads\/2020\/02\/logo_esteio.jpg\" alt=\"\" class=\"wp-image-1214\"\/><\/figure><\/div>\n\n\n\n<blockquote class=\"wp-block-quote is-layout-flow wp-block-quote-is-layout-flow\"><p><span class=\"has-inline-color has-luminous-vivid-orange-color\">O agro \u00e9 um animal que carrega o Brasil nas costas. Vinte e cinco por cento da balan\u00e7a comercial deste pa\u00eds \u00e9 do agroneg\u00f3cio, mas o agro \u00e9 fascista\u2026 Um pa\u00eds ideol\u00f3gico, um cerco que est\u00e3o fazendo conosco, e \u00e9 preciso que n\u00f3s senadores percebamos isso, porque n\u00f3s somos a Casa para dar um freio em tudo isso&#8221;, afirmou, em refer\u00eancia ao ativismo.<\/span><\/p><\/blockquote>\n\n\n\n<div class=\"wp-block-image\"><figure class=\"aligncenter size-large is-resized\"><img loading=\"lazy\" decoding=\"async\" src=\"https:\/\/jornalfatosenoticias.com.br\/wp-content\/uploads\/2023\/08\/LOGO-BLU-COMERCIAL-PRETO-1024x600.jpg\" alt=\"\" class=\"wp-image-44053\" width=\"366\" height=\"214\"\/><\/figure><\/div>\n\n\n\n<p><strong><span class=\"has-inline-color has-vivid-red-color\">STF ajuda governo a desviar da oposi\u00e7\u00e3o em caso do imposto sindical<br><\/span><\/strong>No fim de agosto, a oposi\u00e7\u00e3o no Congresso anunciava o prop\u00f3sito de impedir os planos do governo Lula de retomar o imposto sindical. O STF solucionou o que poderia ser uma pedra no sapato do governo ao formar maioria para validar o retorno do imposto.<\/p>\n\n\n\n<div class=\"wp-block-image\"><figure class=\"aligncenter size-large is-resized\"><img loading=\"lazy\" decoding=\"async\" src=\"https:\/\/jornalfatosenoticias.com.br\/wp-content\/uploads\/2023\/08\/BKR-1024x1021.jpg\" alt=\"\" class=\"wp-image-44494\" width=\"323\" height=\"322\" srcset=\"https:\/\/jornalfatosenoticias.com.br\/wp-content\/uploads\/2023\/08\/BKR-1024x1021.jpg 1024w, https:\/\/jornalfatosenoticias.com.br\/wp-content\/uploads\/2023\/08\/BKR-300x300.jpg 300w, https:\/\/jornalfatosenoticias.com.br\/wp-content\/uploads\/2023\/08\/BKR-150x150.jpg 150w, https:\/\/jornalfatosenoticias.com.br\/wp-content\/uploads\/2023\/08\/BKR-768x766.jpg 768w, https:\/\/jornalfatosenoticias.com.br\/wp-content\/uploads\/2023\/08\/BKR.jpg 1080w\" sizes=\"auto, (max-width: 323px) 100vw, 323px\" \/><\/figure><\/div>\n\n\n\n<blockquote class=\"wp-block-quote is-layout-flow wp-block-quote-is-layout-flow\"><p><span class=\"has-inline-color has-luminous-vivid-orange-color\">Fomos novamente, de certa forma, agredidos, vilipendiados em nossas prerrogativas, em nossas compet\u00eancias constitucionais no Congresso Nacional&#8221;, criticou Gir\u00e3o. &#8220;A Corte Suprema forma maioria no julgamento da contribui\u00e7\u00e3o de 1% do sal\u00e1rio de todos os trabalhadores, no caso da contribui\u00e7\u00e3o sindical. Essa decis\u00e3o, que est\u00e1 em sintonia com a vontade do governo federal, que prop\u00f5e a cobran\u00e7a da contribui\u00e7\u00e3o sindical, est\u00e1 muito distante da vontade dos trabalhadores brasileiros e da popula\u00e7\u00e3o&#8221;, acrescentou.<\/span><\/p><\/blockquote>\n\n\n\n<div class=\"wp-block-image\"><figure class=\"aligncenter size-large is-resized\"><img loading=\"lazy\" decoding=\"async\" src=\"https:\/\/jornalfatosenoticias.com.br\/wp-content\/uploads\/2023\/08\/ITH.jpeg\" alt=\"\" class=\"wp-image-44638\" width=\"329\" height=\"267\" srcset=\"https:\/\/jornalfatosenoticias.com.br\/wp-content\/uploads\/2023\/08\/ITH.jpeg 800w, https:\/\/jornalfatosenoticias.com.br\/wp-content\/uploads\/2023\/08\/ITH-300x244.jpeg 300w, https:\/\/jornalfatosenoticias.com.br\/wp-content\/uploads\/2023\/08\/ITH-768x624.jpeg 768w\" sizes=\"auto, (max-width: 329px) 100vw, 329px\" \/><\/figure><\/div>\n\n\n\n<p>Gir\u00e3o recordou que, em 2017, nas vota\u00e7\u00f5es sobre a reforma trabalhista, o Congresso havia sepultado o imposto sindical. Para ele, a prov\u00e1vel decis\u00e3o do STF no sentido de retomar esse imposto &#8220;\u00e9 mais uma usurpa\u00e7\u00e3o&#8221; das prerrogativas dos parlamentares.<\/p>\n\n\n\n<div class=\"wp-block-image\"><figure class=\"aligncenter size-large is-resized\"><img loading=\"lazy\" decoding=\"async\" src=\"https:\/\/jornalfatosenoticias.com.br\/wp-content\/uploads\/2020\/02\/CONTROL-CS.jpg\" alt=\"\" class=\"wp-image-44991\" width=\"331\" height=\"396\" srcset=\"https:\/\/jornalfatosenoticias.com.br\/wp-content\/uploads\/2020\/02\/CONTROL-CS.jpg 834w, https:\/\/jornalfatosenoticias.com.br\/wp-content\/uploads\/2020\/02\/CONTROL-CS-250x300.jpg 250w, https:\/\/jornalfatosenoticias.com.br\/wp-content\/uploads\/2020\/02\/CONTROL-CS-768x921.jpg 768w\" sizes=\"auto, (max-width: 331px) 100vw, 331px\" \/><\/figure><\/div>\n\n\n\n<blockquote class=\"wp-block-quote is-layout-flow wp-block-quote-is-layout-flow\"><p><span class=\"has-inline-color has-luminous-vivid-orange-color\">Eu espero que o Senado, assim como se prop\u00f4s a fazer na quest\u00e3o da descriminaliza\u00e7\u00e3o do porte de drogas \u2014 porque o interesse dessa turma, na verdade, \u00e9 a maconha; sempre foi \u2014 tamb\u00e9m possa reagir contra esse imposto enfiado goela abaixo dos trabalhadores&#8221;, disse.<\/span><\/p><\/blockquote>\n\n\n\n<div class=\"wp-block-image\"><figure class=\"aligncenter size-large is-resized\"><img loading=\"lazy\" decoding=\"async\" src=\"https:\/\/jornalfatosenoticias.com.br\/wp-content\/uploads\/2023\/08\/Steel.jpeg\" alt=\"\" class=\"wp-image-44634\" width=\"329\" height=\"267\" srcset=\"https:\/\/jornalfatosenoticias.com.br\/wp-content\/uploads\/2023\/08\/Steel.jpeg 800w, https:\/\/jornalfatosenoticias.com.br\/wp-content\/uploads\/2023\/08\/Steel-300x244.jpeg 300w, https:\/\/jornalfatosenoticias.com.br\/wp-content\/uploads\/2023\/08\/Steel-768x624.jpeg 768w\" sizes=\"auto, (max-width: 329px) 100vw, 329px\" \/><\/figure><\/div>\n\n\n\n<p><strong><em>Fonte: <a href=\"https:\/\/www.gazetadopovo.com.br\/vida-e-cidadania\/stf-corta-asas-da-oposicao-e-torna-inocuo-congresso-mais-direitista-da-historia\/\">Gazeta do Povo<\/a><\/em><\/strong><\/p>\n","protected":false},"excerpt":{"rendered":"<p>Senado tem ficado de m\u00e3os atadas em pautas importantes que s\u00e3o dominadas pelo STF Por Leonardo Desideri A intromiss\u00e3o do Supremo Tribunal Federal (STF) em pautas que deveriam caber ao Poder Legislativo est\u00e1 tornando in\u00f3cuo aquele que foi considerado, no final de 2022, o Congresso mais direitista j\u00e1 eleito na hist\u00f3ria do Brasil. A tend\u00eancia [&hellip;]<\/p>\n","protected":false},"author":2,"featured_media":45252,"comment_status":"open","ping_status":"open","sticky":false,"template":"","format":"standard","meta":{"footnotes":""},"categories":[10],"tags":[21316,487,486,294],"class_list":["post-45251","post","type-post","status-publish","format-standard","has-post-thumbnail","hentry","category-politica","tag-ativismo-judicial","tag-congresso","tag-senado","tag-stf"],"yoast_head":"<!-- This site is optimized with the Yoast SEO plugin v26.5 - https:\/\/yoast.com\/wordpress\/plugins\/seo\/ -->\n<title>STF corta asas da oposi\u00e7\u00e3o e torna in\u00f3cuo Congresso \u201cmais direitista da hist\u00f3ria\u201d - Jornal Fatos e Not\u00edcias<\/title>\n<meta name=\"robots\" content=\"index, follow, max-snippet:-1, max-image-preview:large, max-video-preview:-1\" \/>\n<link rel=\"canonical\" href=\"https:\/\/jornalfatosenoticias.com.br\/index.php\/2023\/09\/18\/stf-corta-asas-da-oposicao-e-torna-inocuo-congresso-mais-direitista-da-historia\/\" \/>\n<meta property=\"og:locale\" content=\"pt_BR\" \/>\n<meta property=\"og:type\" content=\"article\" \/>\n<meta property=\"og:title\" content=\"STF corta asas da oposi\u00e7\u00e3o e torna in\u00f3cuo Congresso \u201cmais direitista da hist\u00f3ria\u201d - Jornal Fatos e Not\u00edcias\" \/>\n<meta property=\"og:description\" content=\"Senado tem ficado de m\u00e3os atadas em pautas importantes que s\u00e3o dominadas pelo STF Por Leonardo Desideri A intromiss\u00e3o do Supremo Tribunal Federal (STF) em pautas que deveriam caber ao Poder Legislativo est\u00e1 tornando in\u00f3cuo aquele que foi considerado, no final de 2022, o Congresso mais direitista j\u00e1 eleito na hist\u00f3ria do Brasil. A tend\u00eancia [&hellip;]\" \/>\n<meta property=\"og:url\" content=\"https:\/\/jornalfatosenoticias.com.br\/index.php\/2023\/09\/18\/stf-corta-asas-da-oposicao-e-torna-inocuo-congresso-mais-direitista-da-historia\/\" \/>\n<meta property=\"og:site_name\" content=\"Jornal Fatos e Not\u00edcias\" \/>\n<meta property=\"article:published_time\" content=\"2023-09-18T21:11:18+00:00\" \/>\n<meta property=\"article:modified_time\" content=\"2023-09-18T21:11:21+00:00\" \/>\n<meta property=\"og:image\" content=\"https:\/\/jornalfatosenoticias.com.br\/wp-content\/uploads\/2023\/09\/plenario-senado-ativismo-judicial.jpg\" \/>\n\t<meta property=\"og:image:width\" content=\"960\" \/>\n\t<meta property=\"og:image:height\" content=\"540\" \/>\n\t<meta property=\"og:image:type\" content=\"image\/jpeg\" \/>\n<meta name=\"author\" content=\"Luzimara Fernandes\" \/>\n<meta name=\"twitter:card\" content=\"summary_large_image\" \/>\n<meta name=\"twitter:label1\" content=\"Escrito por\" \/>\n\t<meta name=\"twitter:data1\" content=\"Luzimara Fernandes\" \/>\n\t<meta name=\"twitter:label2\" content=\"Est. tempo de leitura\" \/>\n\t<meta name=\"twitter:data2\" content=\"5 minutos\" \/>\n<script type=\"application\/ld+json\" class=\"yoast-schema-graph\">{\"@context\":\"https:\/\/schema.org\",\"@graph\":[{\"@type\":\"Article\",\"@id\":\"https:\/\/jornalfatosenoticias.com.br\/index.php\/2023\/09\/18\/stf-corta-asas-da-oposicao-e-torna-inocuo-congresso-mais-direitista-da-historia\/#article\",\"isPartOf\":{\"@id\":\"https:\/\/jornalfatosenoticias.com.br\/index.php\/2023\/09\/18\/stf-corta-asas-da-oposicao-e-torna-inocuo-congresso-mais-direitista-da-historia\/\"},\"author\":{\"name\":\"Luzimara Fernandes\",\"@id\":\"https:\/\/jornalfatosenoticias.com.br\/#\/schema\/person\/d63837fa13ac8666eb9e74e0985d6f81\"},\"headline\":\"STF corta asas da oposi\u00e7\u00e3o e torna in\u00f3cuo Congresso \u201cmais direitista da hist\u00f3ria\u201d\",\"datePublished\":\"2023-09-18T21:11:18+00:00\",\"dateModified\":\"2023-09-18T21:11:21+00:00\",\"mainEntityOfPage\":{\"@id\":\"https:\/\/jornalfatosenoticias.com.br\/index.php\/2023\/09\/18\/stf-corta-asas-da-oposicao-e-torna-inocuo-congresso-mais-direitista-da-historia\/\"},\"wordCount\":1020,\"commentCount\":0,\"publisher\":{\"@id\":\"https:\/\/jornalfatosenoticias.com.br\/#organization\"},\"image\":{\"@id\":\"https:\/\/jornalfatosenoticias.com.br\/index.php\/2023\/09\/18\/stf-corta-asas-da-oposicao-e-torna-inocuo-congresso-mais-direitista-da-historia\/#primaryimage\"},\"thumbnailUrl\":\"https:\/\/jornalfatosenoticias.com.br\/wp-content\/uploads\/2023\/09\/plenario-senado-ativismo-judicial.jpg\",\"keywords\":[\"ativismo judicial\",\"Congresso\",\"Senado\",\"STF\"],\"articleSection\":[\"Pol\u00edtica\"],\"inLanguage\":\"pt-BR\",\"potentialAction\":[{\"@type\":\"CommentAction\",\"name\":\"Comment\",\"target\":[\"https:\/\/jornalfatosenoticias.com.br\/index.php\/2023\/09\/18\/stf-corta-asas-da-oposicao-e-torna-inocuo-congresso-mais-direitista-da-historia\/#respond\"]}]},{\"@type\":\"WebPage\",\"@id\":\"https:\/\/jornalfatosenoticias.com.br\/index.php\/2023\/09\/18\/stf-corta-asas-da-oposicao-e-torna-inocuo-congresso-mais-direitista-da-historia\/\",\"url\":\"https:\/\/jornalfatosenoticias.com.br\/index.php\/2023\/09\/18\/stf-corta-asas-da-oposicao-e-torna-inocuo-congresso-mais-direitista-da-historia\/\",\"name\":\"STF corta asas da oposi\u00e7\u00e3o e torna in\u00f3cuo Congresso \u201cmais direitista da hist\u00f3ria\u201d - Jornal Fatos e Not\u00edcias\",\"isPartOf\":{\"@id\":\"https:\/\/jornalfatosenoticias.com.br\/#website\"},\"primaryImageOfPage\":{\"@id\":\"https:\/\/jornalfatosenoticias.com.br\/index.php\/2023\/09\/18\/stf-corta-asas-da-oposicao-e-torna-inocuo-congresso-mais-direitista-da-historia\/#primaryimage\"},\"image\":{\"@id\":\"https:\/\/jornalfatosenoticias.com.br\/index.php\/2023\/09\/18\/stf-corta-asas-da-oposicao-e-torna-inocuo-congresso-mais-direitista-da-historia\/#primaryimage\"},\"thumbnailUrl\":\"https:\/\/jornalfatosenoticias.com.br\/wp-content\/uploads\/2023\/09\/plenario-senado-ativismo-judicial.jpg\",\"datePublished\":\"2023-09-18T21:11:18+00:00\",\"dateModified\":\"2023-09-18T21:11:21+00:00\",\"breadcrumb\":{\"@id\":\"https:\/\/jornalfatosenoticias.com.br\/index.php\/2023\/09\/18\/stf-corta-asas-da-oposicao-e-torna-inocuo-congresso-mais-direitista-da-historia\/#breadcrumb\"},\"inLanguage\":\"pt-BR\",\"potentialAction\":[{\"@type\":\"ReadAction\",\"target\":[\"https:\/\/jornalfatosenoticias.com.br\/index.php\/2023\/09\/18\/stf-corta-asas-da-oposicao-e-torna-inocuo-congresso-mais-direitista-da-historia\/\"]}]},{\"@type\":\"ImageObject\",\"inLanguage\":\"pt-BR\",\"@id\":\"https:\/\/jornalfatosenoticias.com.br\/index.php\/2023\/09\/18\/stf-corta-asas-da-oposicao-e-torna-inocuo-congresso-mais-direitista-da-historia\/#primaryimage\",\"url\":\"https:\/\/jornalfatosenoticias.com.br\/wp-content\/uploads\/2023\/09\/plenario-senado-ativismo-judicial.jpg\",\"contentUrl\":\"https:\/\/jornalfatosenoticias.com.br\/wp-content\/uploads\/2023\/09\/plenario-senado-ativismo-judicial.jpg\",\"width\":960,\"height\":540},{\"@type\":\"BreadcrumbList\",\"@id\":\"https:\/\/jornalfatosenoticias.com.br\/index.php\/2023\/09\/18\/stf-corta-asas-da-oposicao-e-torna-inocuo-congresso-mais-direitista-da-historia\/#breadcrumb\",\"itemListElement\":[{\"@type\":\"ListItem\",\"position\":1,\"name\":\"In\u00edcio\",\"item\":\"https:\/\/jornalfatosenoticias.com.br\/\"},{\"@type\":\"ListItem\",\"position\":2,\"name\":\"STF corta asas da oposi\u00e7\u00e3o e torna in\u00f3cuo Congresso \u201cmais direitista da hist\u00f3ria\u201d\"}]},{\"@type\":\"WebSite\",\"@id\":\"https:\/\/jornalfatosenoticias.com.br\/#website\",\"url\":\"https:\/\/jornalfatosenoticias.com.br\/\",\"name\":\"Jornal Fatos e Not\u00edcias\",\"description\":\"Not\u00edcias em geral\",\"publisher\":{\"@id\":\"https:\/\/jornalfatosenoticias.com.br\/#organization\"},\"potentialAction\":[{\"@type\":\"SearchAction\",\"target\":{\"@type\":\"EntryPoint\",\"urlTemplate\":\"https:\/\/jornalfatosenoticias.com.br\/?s={search_term_string}\"},\"query-input\":{\"@type\":\"PropertyValueSpecification\",\"valueRequired\":true,\"valueName\":\"search_term_string\"}}],\"inLanguage\":\"pt-BR\"},{\"@type\":\"Organization\",\"@id\":\"https:\/\/jornalfatosenoticias.com.br\/#organization\",\"name\":\"Jornal Fatos e Not\u00edcias\",\"url\":\"https:\/\/jornalfatosenoticias.com.br\/\",\"logo\":{\"@type\":\"ImageObject\",\"inLanguage\":\"pt-BR\",\"@id\":\"https:\/\/jornalfatosenoticias.com.br\/#\/schema\/logo\/image\/\",\"url\":\"https:\/\/jornalfatosenoticias.com.br\/wp-content\/uploads\/2020\/02\/logo120.png\",\"contentUrl\":\"https:\/\/jornalfatosenoticias.com.br\/wp-content\/uploads\/2020\/02\/logo120.png\",\"width\":1227,\"height\":120,\"caption\":\"Jornal Fatos e Not\u00edcias\"},\"image\":{\"@id\":\"https:\/\/jornalfatosenoticias.com.br\/#\/schema\/logo\/image\/\"}},{\"@type\":\"Person\",\"@id\":\"https:\/\/jornalfatosenoticias.com.br\/#\/schema\/person\/d63837fa13ac8666eb9e74e0985d6f81\",\"name\":\"Luzimara Fernandes\",\"image\":{\"@type\":\"ImageObject\",\"inLanguage\":\"pt-BR\",\"@id\":\"https:\/\/jornalfatosenoticias.com.br\/#\/schema\/person\/image\/\",\"url\":\"https:\/\/jornalfatosenoticias.com.br\/wp-content\/uploads\/2025\/05\/EU_portal.jpg\",\"contentUrl\":\"https:\/\/jornalfatosenoticias.com.br\/wp-content\/uploads\/2025\/05\/EU_portal.jpg\",\"caption\":\"Luzimara Fernandes\"},\"description\":\"Jornalista MTB 2358-ES\",\"sameAs\":[\"https:\/\/jornalfatosenoticias.com.br\"],\"url\":\"https:\/\/jornalfatosenoticias.com.br\/index.php\/author\/luzimara\/\"}]}<\/script>\n<!-- \/ Yoast SEO plugin. -->","yoast_head_json":{"title":"STF corta asas da oposi\u00e7\u00e3o e torna in\u00f3cuo Congresso \u201cmais direitista da hist\u00f3ria\u201d - Jornal Fatos e Not\u00edcias","robots":{"index":"index","follow":"follow","max-snippet":"max-snippet:-1","max-image-preview":"max-image-preview:large","max-video-preview":"max-video-preview:-1"},"canonical":"https:\/\/jornalfatosenoticias.com.br\/index.php\/2023\/09\/18\/stf-corta-asas-da-oposicao-e-torna-inocuo-congresso-mais-direitista-da-historia\/","og_locale":"pt_BR","og_type":"article","og_title":"STF corta asas da oposi\u00e7\u00e3o e torna in\u00f3cuo Congresso \u201cmais direitista da hist\u00f3ria\u201d - Jornal Fatos e Not\u00edcias","og_description":"Senado tem ficado de m\u00e3os atadas em pautas importantes que s\u00e3o dominadas pelo STF Por Leonardo Desideri A intromiss\u00e3o do Supremo Tribunal Federal (STF) em pautas que deveriam caber ao Poder Legislativo est\u00e1 tornando in\u00f3cuo aquele que foi considerado, no final de 2022, o Congresso mais direitista j\u00e1 eleito na hist\u00f3ria do Brasil. A tend\u00eancia [&hellip;]","og_url":"https:\/\/jornalfatosenoticias.com.br\/index.php\/2023\/09\/18\/stf-corta-asas-da-oposicao-e-torna-inocuo-congresso-mais-direitista-da-historia\/","og_site_name":"Jornal Fatos e Not\u00edcias","article_published_time":"2023-09-18T21:11:18+00:00","article_modified_time":"2023-09-18T21:11:21+00:00","og_image":[{"width":960,"height":540,"url":"https:\/\/jornalfatosenoticias.com.br\/wp-content\/uploads\/2023\/09\/plenario-senado-ativismo-judicial.jpg","type":"image\/jpeg"}],"author":"Luzimara Fernandes","twitter_card":"summary_large_image","twitter_misc":{"Escrito por":"Luzimara Fernandes","Est. tempo de leitura":"5 minutos"},"schema":{"@context":"https:\/\/schema.org","@graph":[{"@type":"Article","@id":"https:\/\/jornalfatosenoticias.com.br\/index.php\/2023\/09\/18\/stf-corta-asas-da-oposicao-e-torna-inocuo-congresso-mais-direitista-da-historia\/#article","isPartOf":{"@id":"https:\/\/jornalfatosenoticias.com.br\/index.php\/2023\/09\/18\/stf-corta-asas-da-oposicao-e-torna-inocuo-congresso-mais-direitista-da-historia\/"},"author":{"name":"Luzimara Fernandes","@id":"https:\/\/jornalfatosenoticias.com.br\/#\/schema\/person\/d63837fa13ac8666eb9e74e0985d6f81"},"headline":"STF corta asas da oposi\u00e7\u00e3o e torna in\u00f3cuo Congresso \u201cmais direitista da hist\u00f3ria\u201d","datePublished":"2023-09-18T21:11:18+00:00","dateModified":"2023-09-18T21:11:21+00:00","mainEntityOfPage":{"@id":"https:\/\/jornalfatosenoticias.com.br\/index.php\/2023\/09\/18\/stf-corta-asas-da-oposicao-e-torna-inocuo-congresso-mais-direitista-da-historia\/"},"wordCount":1020,"commentCount":0,"publisher":{"@id":"https:\/\/jornalfatosenoticias.com.br\/#organization"},"image":{"@id":"https:\/\/jornalfatosenoticias.com.br\/index.php\/2023\/09\/18\/stf-corta-asas-da-oposicao-e-torna-inocuo-congresso-mais-direitista-da-historia\/#primaryimage"},"thumbnailUrl":"https:\/\/jornalfatosenoticias.com.br\/wp-content\/uploads\/2023\/09\/plenario-senado-ativismo-judicial.jpg","keywords":["ativismo judicial","Congresso","Senado","STF"],"articleSection":["Pol\u00edtica"],"inLanguage":"pt-BR","potentialAction":[{"@type":"CommentAction","name":"Comment","target":["https:\/\/jornalfatosenoticias.com.br\/index.php\/2023\/09\/18\/stf-corta-asas-da-oposicao-e-torna-inocuo-congresso-mais-direitista-da-historia\/#respond"]}]},{"@type":"WebPage","@id":"https:\/\/jornalfatosenoticias.com.br\/index.php\/2023\/09\/18\/stf-corta-asas-da-oposicao-e-torna-inocuo-congresso-mais-direitista-da-historia\/","url":"https:\/\/jornalfatosenoticias.com.br\/index.php\/2023\/09\/18\/stf-corta-asas-da-oposicao-e-torna-inocuo-congresso-mais-direitista-da-historia\/","name":"STF corta asas da oposi\u00e7\u00e3o e torna in\u00f3cuo Congresso \u201cmais direitista da hist\u00f3ria\u201d - Jornal Fatos e Not\u00edcias","isPartOf":{"@id":"https:\/\/jornalfatosenoticias.com.br\/#website"},"primaryImageOfPage":{"@id":"https:\/\/jornalfatosenoticias.com.br\/index.php\/2023\/09\/18\/stf-corta-asas-da-oposicao-e-torna-inocuo-congresso-mais-direitista-da-historia\/#primaryimage"},"image":{"@id":"https:\/\/jornalfatosenoticias.com.br\/index.php\/2023\/09\/18\/stf-corta-asas-da-oposicao-e-torna-inocuo-congresso-mais-direitista-da-historia\/#primaryimage"},"thumbnailUrl":"https:\/\/jornalfatosenoticias.com.br\/wp-content\/uploads\/2023\/09\/plenario-senado-ativismo-judicial.jpg","datePublished":"2023-09-18T21:11:18+00:00","dateModified":"2023-09-18T21:11:21+00:00","breadcrumb":{"@id":"https:\/\/jornalfatosenoticias.com.br\/index.php\/2023\/09\/18\/stf-corta-asas-da-oposicao-e-torna-inocuo-congresso-mais-direitista-da-historia\/#breadcrumb"},"inLanguage":"pt-BR","potentialAction":[{"@type":"ReadAction","target":["https:\/\/jornalfatosenoticias.com.br\/index.php\/2023\/09\/18\/stf-corta-asas-da-oposicao-e-torna-inocuo-congresso-mais-direitista-da-historia\/"]}]},{"@type":"ImageObject","inLanguage":"pt-BR","@id":"https:\/\/jornalfatosenoticias.com.br\/index.php\/2023\/09\/18\/stf-corta-asas-da-oposicao-e-torna-inocuo-congresso-mais-direitista-da-historia\/#primaryimage","url":"https:\/\/jornalfatosenoticias.com.br\/wp-content\/uploads\/2023\/09\/plenario-senado-ativismo-judicial.jpg","contentUrl":"https:\/\/jornalfatosenoticias.com.br\/wp-content\/uploads\/2023\/09\/plenario-senado-ativismo-judicial.jpg","width":960,"height":540},{"@type":"BreadcrumbList","@id":"https:\/\/jornalfatosenoticias.com.br\/index.php\/2023\/09\/18\/stf-corta-asas-da-oposicao-e-torna-inocuo-congresso-mais-direitista-da-historia\/#breadcrumb","itemListElement":[{"@type":"ListItem","position":1,"name":"In\u00edcio","item":"https:\/\/jornalfatosenoticias.com.br\/"},{"@type":"ListItem","position":2,"name":"STF corta asas da oposi\u00e7\u00e3o e torna in\u00f3cuo Congresso \u201cmais direitista da hist\u00f3ria\u201d"}]},{"@type":"WebSite","@id":"https:\/\/jornalfatosenoticias.com.br\/#website","url":"https:\/\/jornalfatosenoticias.com.br\/","name":"Jornal Fatos e Not\u00edcias","description":"Not\u00edcias em geral","publisher":{"@id":"https:\/\/jornalfatosenoticias.com.br\/#organization"},"potentialAction":[{"@type":"SearchAction","target":{"@type":"EntryPoint","urlTemplate":"https:\/\/jornalfatosenoticias.com.br\/?s={search_term_string}"},"query-input":{"@type":"PropertyValueSpecification","valueRequired":true,"valueName":"search_term_string"}}],"inLanguage":"pt-BR"},{"@type":"Organization","@id":"https:\/\/jornalfatosenoticias.com.br\/#organization","name":"Jornal Fatos e Not\u00edcias","url":"https:\/\/jornalfatosenoticias.com.br\/","logo":{"@type":"ImageObject","inLanguage":"pt-BR","@id":"https:\/\/jornalfatosenoticias.com.br\/#\/schema\/logo\/image\/","url":"https:\/\/jornalfatosenoticias.com.br\/wp-content\/uploads\/2020\/02\/logo120.png","contentUrl":"https:\/\/jornalfatosenoticias.com.br\/wp-content\/uploads\/2020\/02\/logo120.png","width":1227,"height":120,"caption":"Jornal Fatos e Not\u00edcias"},"image":{"@id":"https:\/\/jornalfatosenoticias.com.br\/#\/schema\/logo\/image\/"}},{"@type":"Person","@id":"https:\/\/jornalfatosenoticias.com.br\/#\/schema\/person\/d63837fa13ac8666eb9e74e0985d6f81","name":"Luzimara Fernandes","image":{"@type":"ImageObject","inLanguage":"pt-BR","@id":"https:\/\/jornalfatosenoticias.com.br\/#\/schema\/person\/image\/","url":"https:\/\/jornalfatosenoticias.com.br\/wp-content\/uploads\/2025\/05\/EU_portal.jpg","contentUrl":"https:\/\/jornalfatosenoticias.com.br\/wp-content\/uploads\/2025\/05\/EU_portal.jpg","caption":"Luzimara Fernandes"},"description":"Jornalista MTB 2358-ES","sameAs":["https:\/\/jornalfatosenoticias.com.br"],"url":"https:\/\/jornalfatosenoticias.com.br\/index.php\/author\/luzimara\/"}]}},"cc_featured_image_caption":{"caption_text":"(Foto: Jonas Pereira\/Ag\u00eancia Senado)","source_text":"","source_url":""},"jetpack_featured_media_url":"https:\/\/jornalfatosenoticias.com.br\/wp-content\/uploads\/2023\/09\/plenario-senado-ativismo-judicial.jpg","_links":{"self":[{"href":"https:\/\/jornalfatosenoticias.com.br\/index.php\/wp-json\/wp\/v2\/posts\/45251","targetHints":{"allow":["GET"]}}],"collection":[{"href":"https:\/\/jornalfatosenoticias.com.br\/index.php\/wp-json\/wp\/v2\/posts"}],"about":[{"href":"https:\/\/jornalfatosenoticias.com.br\/index.php\/wp-json\/wp\/v2\/types\/post"}],"author":[{"embeddable":true,"href":"https:\/\/jornalfatosenoticias.com.br\/index.php\/wp-json\/wp\/v2\/users\/2"}],"replies":[{"embeddable":true,"href":"https:\/\/jornalfatosenoticias.com.br\/index.php\/wp-json\/wp\/v2\/comments?post=45251"}],"version-history":[{"count":0,"href":"https:\/\/jornalfatosenoticias.com.br\/index.php\/wp-json\/wp\/v2\/posts\/45251\/revisions"}],"wp:featuredmedia":[{"embeddable":true,"href":"https:\/\/jornalfatosenoticias.com.br\/index.php\/wp-json\/wp\/v2\/media\/45252"}],"wp:attachment":[{"href":"https:\/\/jornalfatosenoticias.com.br\/index.php\/wp-json\/wp\/v2\/media?parent=45251"}],"wp:term":[{"taxonomy":"category","embeddable":true,"href":"https:\/\/jornalfatosenoticias.com.br\/index.php\/wp-json\/wp\/v2\/categories?post=45251"},{"taxonomy":"post_tag","embeddable":true,"href":"https:\/\/jornalfatosenoticias.com.br\/index.php\/wp-json\/wp\/v2\/tags?post=45251"}],"curies":[{"name":"wp","href":"https:\/\/api.w.org\/{rel}","templated":true}]}}