{"id":45264,"date":"2023-09-19T09:40:11","date_gmt":"2023-09-19T12:40:11","guid":{"rendered":"https:\/\/jornalfatosenoticias.com.br\/?p=45264"},"modified":"2023-09-19T09:40:11","modified_gmt":"2023-09-19T12:40:11","slug":"sagui-caveirinha-nasce-em-nucleo-de-conservacao-de-sp","status":"publish","type":"post","link":"https:\/\/jornalfatosenoticias.com.br\/index.php\/2023\/09\/19\/sagui-caveirinha-nasce-em-nucleo-de-conservacao-de-sp\/","title":{"rendered":"Sagui-caveirinha nasce em n\u00facleo de conserva\u00e7\u00e3o de SP"},"content":{"rendered":"\n<p><span class=\"has-inline-color has-black-color\"><em>Al\u00e9m de rara, a esp\u00e9cie exclusiva da Mata Atl\u00e2ntica est\u00e1 entre os primatas amea\u00e7ado de extin\u00e7\u00e3o<\/em><\/span><\/p>\n\n\n\n<div class=\"wp-block-image\"><figure class=\"aligncenter size-large\"><img loading=\"lazy\" decoding=\"async\" width=\"1024\" height=\"110\" src=\"https:\/\/jornalfatosenoticias.com.br\/wp-content\/uploads\/2022\/10\/Arte-jornal-Zucchi-1120x120_Prancheta-1-1024x110.jpg\" alt=\"\" class=\"wp-image-34772\" srcset=\"https:\/\/jornalfatosenoticias.com.br\/wp-content\/uploads\/2022\/10\/Arte-jornal-Zucchi-1120x120_Prancheta-1-1024x110.jpg 1024w, https:\/\/jornalfatosenoticias.com.br\/wp-content\/uploads\/2022\/10\/Arte-jornal-Zucchi-1120x120_Prancheta-1-300x32.jpg 300w, https:\/\/jornalfatosenoticias.com.br\/wp-content\/uploads\/2022\/10\/Arte-jornal-Zucchi-1120x120_Prancheta-1-768x82.jpg 768w, https:\/\/jornalfatosenoticias.com.br\/wp-content\/uploads\/2022\/10\/Arte-jornal-Zucchi-1120x120_Prancheta-1-1536x165.jpg 1536w, https:\/\/jornalfatosenoticias.com.br\/wp-content\/uploads\/2022\/10\/Arte-jornal-Zucchi-1120x120_Prancheta-1-2048x219.jpg 2048w\" sizes=\"auto, (max-width: 1024px) 100vw, 1024px\" \/><\/figure><\/div>\n\n\n\n<p>Raros filhotes de sagui-da-serra-escuro, conhecido popularmente como sagui-caveirinha, esp\u00e9cie de primata da fam\u00edlia <em>Callitrichida<\/em> amea\u00e7ada de extin\u00e7\u00e3o, nasceram no N\u00facleo de Conserva\u00e7\u00e3o da Fauna Silvestre (CECFAU), de Ara\u00e7oiaba da Serra, em S\u00e3o Paulo. Os mais novos integrantes da unidade nasceram no final de mar\u00e7o e s\u00e3o facilmente identificados por apresentar a face branca, que lembra um pequeno cr\u00e2nio, em contraste com o pelo e o corpo todo preto.<br>O nascimento foi especial e diferente dos anteriores, j\u00e1 que a <a href=\"https:\/\/ciclovivo.com.br\/planeta\/meio-ambiente\/primatas-nao-transmitem-a-variola-dos-macacos\/\" target=\"_blank\" rel=\"noreferrer noopener\">primata<\/a> gestante precisou ser submetida a uma ces\u00e1rea, al\u00e9m de ser a primeira vez que os filhotes do casal de saguis que vivem no n\u00facleo nasceram vivos. Nas tentativas anteriores, a f\u00eamea teve dificuldade e os beb\u00eas n\u00e3o sobreviveram.<\/p>\n\n\n\n<div class=\"wp-block-image\"><figure class=\"aligncenter size-large is-resized\"><img loading=\"lazy\" decoding=\"async\" src=\"https:\/\/jornalfatosenoticias.com.br\/wp-content\/uploads\/2023\/08\/BKR-1024x1021.jpg\" alt=\"\" class=\"wp-image-44494\" width=\"294\" height=\"293\" srcset=\"https:\/\/jornalfatosenoticias.com.br\/wp-content\/uploads\/2023\/08\/BKR-1024x1021.jpg 1024w, https:\/\/jornalfatosenoticias.com.br\/wp-content\/uploads\/2023\/08\/BKR-300x300.jpg 300w, https:\/\/jornalfatosenoticias.com.br\/wp-content\/uploads\/2023\/08\/BKR-150x150.jpg 150w, https:\/\/jornalfatosenoticias.com.br\/wp-content\/uploads\/2023\/08\/BKR-768x766.jpg 768w, https:\/\/jornalfatosenoticias.com.br\/wp-content\/uploads\/2023\/08\/BKR.jpg 1080w\" sizes=\"auto, (max-width: 294px) 100vw, 294px\" \/><\/figure><\/div>\n\n\n\n<p>Com um habitat restrito a <a href=\"https:\/\/ciclovivo.com.br\/planeta\/meio-ambiente\/duas-novas-arvores-frutiferas-sao-descobertas-na-mata-atlantica\/\" target=\"_blank\" rel=\"noreferrer noopener\">Mata Atl\u00e2ntica<\/a> da regi\u00e3o Sudeste, principalmente em \u00e1reas florestadas nos estados de S\u00e3o Paulo, Minas Gerais e Rio de Janeiro, os saguis vivem em grupos, em m\u00e9dia, de dois a 11 indiv\u00edduos. Por seu alto consumo de frutos, a esp\u00e9cie tem um papel fundamental na dispers\u00e3o de sementes nas \u00e1reas onde vivem.<\/p>\n\n\n\n<div class=\"wp-block-image\"><figure class=\"aligncenter size-large\"><img loading=\"lazy\" decoding=\"async\" width=\"750\" height=\"1000\" src=\"https:\/\/jornalfatosenoticias.com.br\/wp-content\/uploads\/2023\/09\/Sagui-caveirinha2.jpg\" alt=\"\" class=\"wp-image-45265\" srcset=\"https:\/\/jornalfatosenoticias.com.br\/wp-content\/uploads\/2023\/09\/Sagui-caveirinha2.jpg 750w, https:\/\/jornalfatosenoticias.com.br\/wp-content\/uploads\/2023\/09\/Sagui-caveirinha2-225x300.jpg 225w\" sizes=\"auto, (max-width: 750px) 100vw, 750px\" \/><figcaption><em><span class=\"has-inline-color has-black-color\">A esp\u00e9cie tem um papel fundamental na dispers\u00e3o de sementes nas \u00e1reas onde vivem (Foto: Divulga\u00e7\u00e3o)<\/span><\/em><\/figcaption><\/figure><\/div>\n\n\n\n<div class=\"wp-block-image\"><figure class=\"aligncenter size-large is-resized\"><img loading=\"lazy\" decoding=\"async\" src=\"https:\/\/jornalfatosenoticias.com.br\/wp-content\/uploads\/2023\/07\/lacremoda.jpg\" alt=\"\" class=\"wp-image-43706\" width=\"331\" height=\"185\" srcset=\"https:\/\/jornalfatosenoticias.com.br\/wp-content\/uploads\/2023\/07\/lacremoda.jpg 1024w, https:\/\/jornalfatosenoticias.com.br\/wp-content\/uploads\/2023\/07\/lacremoda-300x168.jpg 300w, https:\/\/jornalfatosenoticias.com.br\/wp-content\/uploads\/2023\/07\/lacremoda-768x431.jpg 768w\" sizes=\"auto, (max-width: 331px) 100vw, 331px\" \/><\/figure><\/div>\n\n\n\n<p>Esp\u00e9cie end\u00eamica da Mata Atl\u00e2ntica, a <a href=\"https:\/\/ciclovivo.com.br\/planeta\/meio-ambiente\/desmatamento-na-mata-atlantica-cresceu-66-em-um-ano\/\" target=\"_blank\" rel=\"noreferrer noopener\">perda da cobertura<\/a> original e a fragmenta\u00e7\u00e3o do habitat natural est\u00e3o entre as principais amea\u00e7as aos sagui-da-serra-escuro. Outra amea\u00e7a relevante \u00e9 a competi\u00e7\u00e3o por recursos e o risco de hibridiza\u00e7\u00e3o (mistura entre as diferentes esp\u00e9cies), podendo resultar no apagamento gen\u00e9tico. O cen\u00e1rio atual colocou o sagui-da-serra-escuro como \u201cem perigo de extin\u00e7\u00e3o\u201d (EN) na \u00faltima atualiza\u00e7\u00e3o da Lista Oficial das Esp\u00e9cies Amea\u00e7adas de Extin\u00e7\u00e3o do Minist\u00e9rio do Meio Ambiente (2022).<\/p>\n\n\n\n<div class=\"wp-block-image\"><figure class=\"aligncenter size-large is-resized\"><img loading=\"lazy\" decoding=\"async\" src=\"https:\/\/jornalfatosenoticias.com.br\/wp-content\/uploads\/2023\/08\/Steel.jpeg\" alt=\"\" class=\"wp-image-44634\" width=\"351\" height=\"285\" srcset=\"https:\/\/jornalfatosenoticias.com.br\/wp-content\/uploads\/2023\/08\/Steel.jpeg 800w, https:\/\/jornalfatosenoticias.com.br\/wp-content\/uploads\/2023\/08\/Steel-300x244.jpeg 300w, https:\/\/jornalfatosenoticias.com.br\/wp-content\/uploads\/2023\/08\/Steel-768x624.jpeg 768w\" sizes=\"auto, (max-width: 351px) 100vw, 351px\" \/><\/figure><\/div>\n\n\n\n<blockquote class=\"wp-block-quote is-layout-flow wp-block-quote-is-layout-flow\"><p><span class=\"has-inline-color has-luminous-vivid-orange-color\">O nascimento desses \u00faltimos filhotes \u00e9 muito importante para a manuten\u00e7\u00e3o da esp\u00e9cie sob cuidados humanos, pois eles ir\u00e3o contribuir com a diversidade gen\u00e9tica da esp\u00e9cie e com uma popula\u00e7\u00e3o \u2018reserva\u2019, cujo n\u00famero de indiv\u00edduos ainda precisa aumentar\u201d, afirma Giannina Piatto Clerici, assessora t\u00e9cnica do CECFAU. \u201cEstes filhotes s\u00e3o o resultado dos esfor\u00e7os do N\u00facleo de Conserva\u00e7\u00e3o de Fauna Silvestre do estado de S\u00e3o Paulo, que tem como objetivo reproduzir esp\u00e9cies nativas amea\u00e7adas de extin\u00e7\u00e3o para contribuir com a\u00e7\u00f5es de conserva\u00e7\u00e3o\u201d, completa.<\/span><\/p><\/blockquote>\n\n\n\n<div class=\"wp-block-image\"><figure class=\"aligncenter size-large is-resized\"><img loading=\"lazy\" decoding=\"async\" src=\"https:\/\/jornalfatosenoticias.com.br\/wp-content\/uploads\/2023\/08\/LOGO-BLU-COMERCIAL-PRETO-1024x600.jpg\" alt=\"\" class=\"wp-image-44053\" width=\"317\" height=\"185\"\/><\/figure><\/div>\n\n\n\n<p>Inaugurado em 2015, o N\u00facleo de Conserva\u00e7\u00e3o da Fauna Silvestre (CECFAU), localizado em Ara\u00e7oiaba da Serra\/SP, conta com uma \u00e1rea de 80 mil m\u00b2, onde desenvolve pesquisas e realiza o manejo de fauna silvestre amea\u00e7ada de extin\u00e7\u00e3o. Atualmente, o CECFAU direciona suas atividades para as seguintes esp\u00e9cies: sagui-da-serra-escuro, mico-le\u00e3o-preto (<em>Leontopithecus chrysopygus<\/em>), mico-le\u00e3o-de-cara-dourada (<em>Leontopithecus chrysomelas<\/em>), arara-azul-de-lear (<em>Anodorhynchus leari<\/em>), tamandu\u00e1-bandeira (<em>Myrmecophaga tridactyla<\/em>) e a perereca-pintada-do-rio-pomba (<em>Nyctimantis pomba<\/em>).<\/p>\n\n\n\n<div class=\"wp-block-image\"><figure class=\"aligncenter size-large is-resized\"><img loading=\"lazy\" decoding=\"async\" src=\"https:\/\/jornalfatosenoticias.com.br\/wp-content\/uploads\/2023\/08\/ITH.jpeg\" alt=\"\" class=\"wp-image-44638\" width=\"320\" height=\"260\" srcset=\"https:\/\/jornalfatosenoticias.com.br\/wp-content\/uploads\/2023\/08\/ITH.jpeg 800w, https:\/\/jornalfatosenoticias.com.br\/wp-content\/uploads\/2023\/08\/ITH-300x244.jpeg 300w, https:\/\/jornalfatosenoticias.com.br\/wp-content\/uploads\/2023\/08\/ITH-768x624.jpeg 768w\" sizes=\"auto, (max-width: 320px) 100vw, 320px\" \/><\/figure><\/div>\n\n\n\n<p><strong><em>Fonte: <a href=\"https:\/\/ciclovivo.com.br\/planeta\/meio-ambiente\/sagui-caveirinha-nasce-em-nucleo-de-conservacao-de-sp\/\">CicloVivo<\/a><\/em><\/strong><\/p>\n","protected":false},"excerpt":{"rendered":"<p>Al\u00e9m de rara, a esp\u00e9cie exclusiva da Mata Atl\u00e2ntica est\u00e1 entre os primatas amea\u00e7ado de extin\u00e7\u00e3o Raros filhotes de sagui-da-serra-escuro, conhecido popularmente como sagui-caveirinha, esp\u00e9cie de primata da fam\u00edlia Callitrichida amea\u00e7ada de extin\u00e7\u00e3o, nasceram no N\u00facleo de Conserva\u00e7\u00e3o da Fauna Silvestre (CECFAU), de Ara\u00e7oiaba da Serra, em S\u00e3o Paulo. Os mais novos integrantes da unidade [&hellip;]<\/p>\n","protected":false},"author":2,"featured_media":45267,"comment_status":"open","ping_status":"open","sticky":false,"template":"","format":"standard","meta":{"footnotes":""},"categories":[8],"tags":[5252,11555,258,13331,13841,304],"class_list":["post-45264","post","type-post","status-publish","format-standard","has-post-thumbnail","hentry","category-meio-ambiente","tag-animais-em-extincao","tag-especie-ameacada","tag-mata-atlantica","tag-sagui","tag-sagui-caveirinha","tag-sp"],"yoast_head":"<!-- This site is optimized with the Yoast SEO plugin v26.5 - https:\/\/yoast.com\/wordpress\/plugins\/seo\/ -->\n<title>Sagui-caveirinha nasce em n\u00facleo de conserva\u00e7\u00e3o de SP - Jornal Fatos e Not\u00edcias<\/title>\n<meta name=\"robots\" content=\"index, follow, max-snippet:-1, max-image-preview:large, max-video-preview:-1\" \/>\n<link rel=\"canonical\" href=\"https:\/\/jornalfatosenoticias.com.br\/index.php\/2023\/09\/19\/sagui-caveirinha-nasce-em-nucleo-de-conservacao-de-sp\/\" \/>\n<meta property=\"og:locale\" content=\"pt_BR\" \/>\n<meta property=\"og:type\" content=\"article\" \/>\n<meta property=\"og:title\" content=\"Sagui-caveirinha nasce em n\u00facleo de conserva\u00e7\u00e3o de SP - Jornal Fatos e Not\u00edcias\" \/>\n<meta property=\"og:description\" content=\"Al\u00e9m de rara, a esp\u00e9cie exclusiva da Mata Atl\u00e2ntica est\u00e1 entre os primatas amea\u00e7ado de extin\u00e7\u00e3o Raros filhotes de sagui-da-serra-escuro, conhecido popularmente como sagui-caveirinha, esp\u00e9cie de primata da fam\u00edlia Callitrichida amea\u00e7ada de extin\u00e7\u00e3o, nasceram no N\u00facleo de Conserva\u00e7\u00e3o da Fauna Silvestre (CECFAU), de Ara\u00e7oiaba da Serra, em S\u00e3o Paulo. Os mais novos integrantes da unidade [&hellip;]\" \/>\n<meta property=\"og:url\" content=\"https:\/\/jornalfatosenoticias.com.br\/index.php\/2023\/09\/19\/sagui-caveirinha-nasce-em-nucleo-de-conservacao-de-sp\/\" \/>\n<meta property=\"og:site_name\" content=\"Jornal Fatos e Not\u00edcias\" \/>\n<meta property=\"article:published_time\" content=\"2023-09-19T12:40:11+00:00\" \/>\n<meta property=\"og:image\" content=\"https:\/\/jornalfatosenoticias.com.br\/wp-content\/uploads\/2023\/09\/Sagui-caveirinha.jpg\" \/>\n\t<meta property=\"og:image:width\" content=\"1000\" \/>\n\t<meta property=\"og:image:height\" content=\"665\" \/>\n\t<meta property=\"og:image:type\" content=\"image\/jpeg\" \/>\n<meta name=\"author\" content=\"Luzimara Fernandes\" \/>\n<meta name=\"twitter:card\" content=\"summary_large_image\" \/>\n<meta name=\"twitter:label1\" content=\"Escrito por\" \/>\n\t<meta name=\"twitter:data1\" content=\"Luzimara Fernandes\" \/>\n\t<meta name=\"twitter:label2\" content=\"Est. tempo de leitura\" \/>\n\t<meta name=\"twitter:data2\" content=\"3 minutos\" \/>\n<script type=\"application\/ld+json\" class=\"yoast-schema-graph\">{\"@context\":\"https:\/\/schema.org\",\"@graph\":[{\"@type\":\"Article\",\"@id\":\"https:\/\/jornalfatosenoticias.com.br\/index.php\/2023\/09\/19\/sagui-caveirinha-nasce-em-nucleo-de-conservacao-de-sp\/#article\",\"isPartOf\":{\"@id\":\"https:\/\/jornalfatosenoticias.com.br\/index.php\/2023\/09\/19\/sagui-caveirinha-nasce-em-nucleo-de-conservacao-de-sp\/\"},\"author\":{\"name\":\"Luzimara Fernandes\",\"@id\":\"https:\/\/jornalfatosenoticias.com.br\/#\/schema\/person\/d63837fa13ac8666eb9e74e0985d6f81\"},\"headline\":\"Sagui-caveirinha nasce em n\u00facleo de conserva\u00e7\u00e3o de SP\",\"datePublished\":\"2023-09-19T12:40:11+00:00\",\"mainEntityOfPage\":{\"@id\":\"https:\/\/jornalfatosenoticias.com.br\/index.php\/2023\/09\/19\/sagui-caveirinha-nasce-em-nucleo-de-conservacao-de-sp\/\"},\"wordCount\":514,\"commentCount\":0,\"publisher\":{\"@id\":\"https:\/\/jornalfatosenoticias.com.br\/#organization\"},\"image\":{\"@id\":\"https:\/\/jornalfatosenoticias.com.br\/index.php\/2023\/09\/19\/sagui-caveirinha-nasce-em-nucleo-de-conservacao-de-sp\/#primaryimage\"},\"thumbnailUrl\":\"https:\/\/jornalfatosenoticias.com.br\/wp-content\/uploads\/2023\/09\/Sagui-caveirinha.jpg\",\"keywords\":[\"animais em extin\u00e7\u00e3o\",\"esp\u00e9cie amea\u00e7ada\",\"mata atl\u00e2ntica\",\"sagui\",\"sagui-caveirinha\",\"Sp\"],\"articleSection\":[\"Meio ambiente\"],\"inLanguage\":\"pt-BR\",\"potentialAction\":[{\"@type\":\"CommentAction\",\"name\":\"Comment\",\"target\":[\"https:\/\/jornalfatosenoticias.com.br\/index.php\/2023\/09\/19\/sagui-caveirinha-nasce-em-nucleo-de-conservacao-de-sp\/#respond\"]}]},{\"@type\":\"WebPage\",\"@id\":\"https:\/\/jornalfatosenoticias.com.br\/index.php\/2023\/09\/19\/sagui-caveirinha-nasce-em-nucleo-de-conservacao-de-sp\/\",\"url\":\"https:\/\/jornalfatosenoticias.com.br\/index.php\/2023\/09\/19\/sagui-caveirinha-nasce-em-nucleo-de-conservacao-de-sp\/\",\"name\":\"Sagui-caveirinha nasce em n\u00facleo de conserva\u00e7\u00e3o de SP - Jornal Fatos e Not\u00edcias\",\"isPartOf\":{\"@id\":\"https:\/\/jornalfatosenoticias.com.br\/#website\"},\"primaryImageOfPage\":{\"@id\":\"https:\/\/jornalfatosenoticias.com.br\/index.php\/2023\/09\/19\/sagui-caveirinha-nasce-em-nucleo-de-conservacao-de-sp\/#primaryimage\"},\"image\":{\"@id\":\"https:\/\/jornalfatosenoticias.com.br\/index.php\/2023\/09\/19\/sagui-caveirinha-nasce-em-nucleo-de-conservacao-de-sp\/#primaryimage\"},\"thumbnailUrl\":\"https:\/\/jornalfatosenoticias.com.br\/wp-content\/uploads\/2023\/09\/Sagui-caveirinha.jpg\",\"datePublished\":\"2023-09-19T12:40:11+00:00\",\"breadcrumb\":{\"@id\":\"https:\/\/jornalfatosenoticias.com.br\/index.php\/2023\/09\/19\/sagui-caveirinha-nasce-em-nucleo-de-conservacao-de-sp\/#breadcrumb\"},\"inLanguage\":\"pt-BR\",\"potentialAction\":[{\"@type\":\"ReadAction\",\"target\":[\"https:\/\/jornalfatosenoticias.com.br\/index.php\/2023\/09\/19\/sagui-caveirinha-nasce-em-nucleo-de-conservacao-de-sp\/\"]}]},{\"@type\":\"ImageObject\",\"inLanguage\":\"pt-BR\",\"@id\":\"https:\/\/jornalfatosenoticias.com.br\/index.php\/2023\/09\/19\/sagui-caveirinha-nasce-em-nucleo-de-conservacao-de-sp\/#primaryimage\",\"url\":\"https:\/\/jornalfatosenoticias.com.br\/wp-content\/uploads\/2023\/09\/Sagui-caveirinha.jpg\",\"contentUrl\":\"https:\/\/jornalfatosenoticias.com.br\/wp-content\/uploads\/2023\/09\/Sagui-caveirinha.jpg\",\"width\":1000,\"height\":665},{\"@type\":\"BreadcrumbList\",\"@id\":\"https:\/\/jornalfatosenoticias.com.br\/index.php\/2023\/09\/19\/sagui-caveirinha-nasce-em-nucleo-de-conservacao-de-sp\/#breadcrumb\",\"itemListElement\":[{\"@type\":\"ListItem\",\"position\":1,\"name\":\"In\u00edcio\",\"item\":\"https:\/\/jornalfatosenoticias.com.br\/\"},{\"@type\":\"ListItem\",\"position\":2,\"name\":\"Sagui-caveirinha nasce em n\u00facleo de conserva\u00e7\u00e3o de SP\"}]},{\"@type\":\"WebSite\",\"@id\":\"https:\/\/jornalfatosenoticias.com.br\/#website\",\"url\":\"https:\/\/jornalfatosenoticias.com.br\/\",\"name\":\"Jornal Fatos e Not\u00edcias\",\"description\":\"Not\u00edcias em geral\",\"publisher\":{\"@id\":\"https:\/\/jornalfatosenoticias.com.br\/#organization\"},\"potentialAction\":[{\"@type\":\"SearchAction\",\"target\":{\"@type\":\"EntryPoint\",\"urlTemplate\":\"https:\/\/jornalfatosenoticias.com.br\/?s={search_term_string}\"},\"query-input\":{\"@type\":\"PropertyValueSpecification\",\"valueRequired\":true,\"valueName\":\"search_term_string\"}}],\"inLanguage\":\"pt-BR\"},{\"@type\":\"Organization\",\"@id\":\"https:\/\/jornalfatosenoticias.com.br\/#organization\",\"name\":\"Jornal Fatos e Not\u00edcias\",\"url\":\"https:\/\/jornalfatosenoticias.com.br\/\",\"logo\":{\"@type\":\"ImageObject\",\"inLanguage\":\"pt-BR\",\"@id\":\"https:\/\/jornalfatosenoticias.com.br\/#\/schema\/logo\/image\/\",\"url\":\"https:\/\/jornalfatosenoticias.com.br\/wp-content\/uploads\/2020\/02\/logo120.png\",\"contentUrl\":\"https:\/\/jornalfatosenoticias.com.br\/wp-content\/uploads\/2020\/02\/logo120.png\",\"width\":1227,\"height\":120,\"caption\":\"Jornal Fatos e Not\u00edcias\"},\"image\":{\"@id\":\"https:\/\/jornalfatosenoticias.com.br\/#\/schema\/logo\/image\/\"}},{\"@type\":\"Person\",\"@id\":\"https:\/\/jornalfatosenoticias.com.br\/#\/schema\/person\/d63837fa13ac8666eb9e74e0985d6f81\",\"name\":\"Luzimara Fernandes\",\"image\":{\"@type\":\"ImageObject\",\"inLanguage\":\"pt-BR\",\"@id\":\"https:\/\/jornalfatosenoticias.com.br\/#\/schema\/person\/image\/\",\"url\":\"https:\/\/jornalfatosenoticias.com.br\/wp-content\/uploads\/2025\/05\/EU_portal.jpg\",\"contentUrl\":\"https:\/\/jornalfatosenoticias.com.br\/wp-content\/uploads\/2025\/05\/EU_portal.jpg\",\"caption\":\"Luzimara Fernandes\"},\"description\":\"Jornalista MTB 2358-ES\",\"sameAs\":[\"https:\/\/jornalfatosenoticias.com.br\"],\"url\":\"https:\/\/jornalfatosenoticias.com.br\/index.php\/author\/luzimara\/\"}]}<\/script>\n<!-- \/ Yoast SEO plugin. -->","yoast_head_json":{"title":"Sagui-caveirinha nasce em n\u00facleo de conserva\u00e7\u00e3o de SP - Jornal Fatos e Not\u00edcias","robots":{"index":"index","follow":"follow","max-snippet":"max-snippet:-1","max-image-preview":"max-image-preview:large","max-video-preview":"max-video-preview:-1"},"canonical":"https:\/\/jornalfatosenoticias.com.br\/index.php\/2023\/09\/19\/sagui-caveirinha-nasce-em-nucleo-de-conservacao-de-sp\/","og_locale":"pt_BR","og_type":"article","og_title":"Sagui-caveirinha nasce em n\u00facleo de conserva\u00e7\u00e3o de SP - Jornal Fatos e Not\u00edcias","og_description":"Al\u00e9m de rara, a esp\u00e9cie exclusiva da Mata Atl\u00e2ntica est\u00e1 entre os primatas amea\u00e7ado de extin\u00e7\u00e3o Raros filhotes de sagui-da-serra-escuro, conhecido popularmente como sagui-caveirinha, esp\u00e9cie de primata da fam\u00edlia Callitrichida amea\u00e7ada de extin\u00e7\u00e3o, nasceram no N\u00facleo de Conserva\u00e7\u00e3o da Fauna Silvestre (CECFAU), de Ara\u00e7oiaba da Serra, em S\u00e3o Paulo. Os mais novos integrantes da unidade [&hellip;]","og_url":"https:\/\/jornalfatosenoticias.com.br\/index.php\/2023\/09\/19\/sagui-caveirinha-nasce-em-nucleo-de-conservacao-de-sp\/","og_site_name":"Jornal Fatos e Not\u00edcias","article_published_time":"2023-09-19T12:40:11+00:00","og_image":[{"width":1000,"height":665,"url":"https:\/\/jornalfatosenoticias.com.br\/wp-content\/uploads\/2023\/09\/Sagui-caveirinha.jpg","type":"image\/jpeg"}],"author":"Luzimara Fernandes","twitter_card":"summary_large_image","twitter_misc":{"Escrito por":"Luzimara Fernandes","Est. tempo de leitura":"3 minutos"},"schema":{"@context":"https:\/\/schema.org","@graph":[{"@type":"Article","@id":"https:\/\/jornalfatosenoticias.com.br\/index.php\/2023\/09\/19\/sagui-caveirinha-nasce-em-nucleo-de-conservacao-de-sp\/#article","isPartOf":{"@id":"https:\/\/jornalfatosenoticias.com.br\/index.php\/2023\/09\/19\/sagui-caveirinha-nasce-em-nucleo-de-conservacao-de-sp\/"},"author":{"name":"Luzimara Fernandes","@id":"https:\/\/jornalfatosenoticias.com.br\/#\/schema\/person\/d63837fa13ac8666eb9e74e0985d6f81"},"headline":"Sagui-caveirinha nasce em n\u00facleo de conserva\u00e7\u00e3o de SP","datePublished":"2023-09-19T12:40:11+00:00","mainEntityOfPage":{"@id":"https:\/\/jornalfatosenoticias.com.br\/index.php\/2023\/09\/19\/sagui-caveirinha-nasce-em-nucleo-de-conservacao-de-sp\/"},"wordCount":514,"commentCount":0,"publisher":{"@id":"https:\/\/jornalfatosenoticias.com.br\/#organization"},"image":{"@id":"https:\/\/jornalfatosenoticias.com.br\/index.php\/2023\/09\/19\/sagui-caveirinha-nasce-em-nucleo-de-conservacao-de-sp\/#primaryimage"},"thumbnailUrl":"https:\/\/jornalfatosenoticias.com.br\/wp-content\/uploads\/2023\/09\/Sagui-caveirinha.jpg","keywords":["animais em extin\u00e7\u00e3o","esp\u00e9cie amea\u00e7ada","mata atl\u00e2ntica","sagui","sagui-caveirinha","Sp"],"articleSection":["Meio ambiente"],"inLanguage":"pt-BR","potentialAction":[{"@type":"CommentAction","name":"Comment","target":["https:\/\/jornalfatosenoticias.com.br\/index.php\/2023\/09\/19\/sagui-caveirinha-nasce-em-nucleo-de-conservacao-de-sp\/#respond"]}]},{"@type":"WebPage","@id":"https:\/\/jornalfatosenoticias.com.br\/index.php\/2023\/09\/19\/sagui-caveirinha-nasce-em-nucleo-de-conservacao-de-sp\/","url":"https:\/\/jornalfatosenoticias.com.br\/index.php\/2023\/09\/19\/sagui-caveirinha-nasce-em-nucleo-de-conservacao-de-sp\/","name":"Sagui-caveirinha nasce em n\u00facleo de conserva\u00e7\u00e3o de SP - Jornal Fatos e Not\u00edcias","isPartOf":{"@id":"https:\/\/jornalfatosenoticias.com.br\/#website"},"primaryImageOfPage":{"@id":"https:\/\/jornalfatosenoticias.com.br\/index.php\/2023\/09\/19\/sagui-caveirinha-nasce-em-nucleo-de-conservacao-de-sp\/#primaryimage"},"image":{"@id":"https:\/\/jornalfatosenoticias.com.br\/index.php\/2023\/09\/19\/sagui-caveirinha-nasce-em-nucleo-de-conservacao-de-sp\/#primaryimage"},"thumbnailUrl":"https:\/\/jornalfatosenoticias.com.br\/wp-content\/uploads\/2023\/09\/Sagui-caveirinha.jpg","datePublished":"2023-09-19T12:40:11+00:00","breadcrumb":{"@id":"https:\/\/jornalfatosenoticias.com.br\/index.php\/2023\/09\/19\/sagui-caveirinha-nasce-em-nucleo-de-conservacao-de-sp\/#breadcrumb"},"inLanguage":"pt-BR","potentialAction":[{"@type":"ReadAction","target":["https:\/\/jornalfatosenoticias.com.br\/index.php\/2023\/09\/19\/sagui-caveirinha-nasce-em-nucleo-de-conservacao-de-sp\/"]}]},{"@type":"ImageObject","inLanguage":"pt-BR","@id":"https:\/\/jornalfatosenoticias.com.br\/index.php\/2023\/09\/19\/sagui-caveirinha-nasce-em-nucleo-de-conservacao-de-sp\/#primaryimage","url":"https:\/\/jornalfatosenoticias.com.br\/wp-content\/uploads\/2023\/09\/Sagui-caveirinha.jpg","contentUrl":"https:\/\/jornalfatosenoticias.com.br\/wp-content\/uploads\/2023\/09\/Sagui-caveirinha.jpg","width":1000,"height":665},{"@type":"BreadcrumbList","@id":"https:\/\/jornalfatosenoticias.com.br\/index.php\/2023\/09\/19\/sagui-caveirinha-nasce-em-nucleo-de-conservacao-de-sp\/#breadcrumb","itemListElement":[{"@type":"ListItem","position":1,"name":"In\u00edcio","item":"https:\/\/jornalfatosenoticias.com.br\/"},{"@type":"ListItem","position":2,"name":"Sagui-caveirinha nasce em n\u00facleo de conserva\u00e7\u00e3o de SP"}]},{"@type":"WebSite","@id":"https:\/\/jornalfatosenoticias.com.br\/#website","url":"https:\/\/jornalfatosenoticias.com.br\/","name":"Jornal Fatos e Not\u00edcias","description":"Not\u00edcias em geral","publisher":{"@id":"https:\/\/jornalfatosenoticias.com.br\/#organization"},"potentialAction":[{"@type":"SearchAction","target":{"@type":"EntryPoint","urlTemplate":"https:\/\/jornalfatosenoticias.com.br\/?s={search_term_string}"},"query-input":{"@type":"PropertyValueSpecification","valueRequired":true,"valueName":"search_term_string"}}],"inLanguage":"pt-BR"},{"@type":"Organization","@id":"https:\/\/jornalfatosenoticias.com.br\/#organization","name":"Jornal Fatos e Not\u00edcias","url":"https:\/\/jornalfatosenoticias.com.br\/","logo":{"@type":"ImageObject","inLanguage":"pt-BR","@id":"https:\/\/jornalfatosenoticias.com.br\/#\/schema\/logo\/image\/","url":"https:\/\/jornalfatosenoticias.com.br\/wp-content\/uploads\/2020\/02\/logo120.png","contentUrl":"https:\/\/jornalfatosenoticias.com.br\/wp-content\/uploads\/2020\/02\/logo120.png","width":1227,"height":120,"caption":"Jornal Fatos e Not\u00edcias"},"image":{"@id":"https:\/\/jornalfatosenoticias.com.br\/#\/schema\/logo\/image\/"}},{"@type":"Person","@id":"https:\/\/jornalfatosenoticias.com.br\/#\/schema\/person\/d63837fa13ac8666eb9e74e0985d6f81","name":"Luzimara Fernandes","image":{"@type":"ImageObject","inLanguage":"pt-BR","@id":"https:\/\/jornalfatosenoticias.com.br\/#\/schema\/person\/image\/","url":"https:\/\/jornalfatosenoticias.com.br\/wp-content\/uploads\/2025\/05\/EU_portal.jpg","contentUrl":"https:\/\/jornalfatosenoticias.com.br\/wp-content\/uploads\/2025\/05\/EU_portal.jpg","caption":"Luzimara Fernandes"},"description":"Jornalista MTB 2358-ES","sameAs":["https:\/\/jornalfatosenoticias.com.br"],"url":"https:\/\/jornalfatosenoticias.com.br\/index.php\/author\/luzimara\/"}]}},"cc_featured_image_caption":{"caption_text":"(Foto: Divulga\u00e7\u00e3o)","source_text":"","source_url":""},"jetpack_featured_media_url":"https:\/\/jornalfatosenoticias.com.br\/wp-content\/uploads\/2023\/09\/Sagui-caveirinha.jpg","_links":{"self":[{"href":"https:\/\/jornalfatosenoticias.com.br\/index.php\/wp-json\/wp\/v2\/posts\/45264","targetHints":{"allow":["GET"]}}],"collection":[{"href":"https:\/\/jornalfatosenoticias.com.br\/index.php\/wp-json\/wp\/v2\/posts"}],"about":[{"href":"https:\/\/jornalfatosenoticias.com.br\/index.php\/wp-json\/wp\/v2\/types\/post"}],"author":[{"embeddable":true,"href":"https:\/\/jornalfatosenoticias.com.br\/index.php\/wp-json\/wp\/v2\/users\/2"}],"replies":[{"embeddable":true,"href":"https:\/\/jornalfatosenoticias.com.br\/index.php\/wp-json\/wp\/v2\/comments?post=45264"}],"version-history":[{"count":0,"href":"https:\/\/jornalfatosenoticias.com.br\/index.php\/wp-json\/wp\/v2\/posts\/45264\/revisions"}],"wp:featuredmedia":[{"embeddable":true,"href":"https:\/\/jornalfatosenoticias.com.br\/index.php\/wp-json\/wp\/v2\/media\/45267"}],"wp:attachment":[{"href":"https:\/\/jornalfatosenoticias.com.br\/index.php\/wp-json\/wp\/v2\/media?parent=45264"}],"wp:term":[{"taxonomy":"category","embeddable":true,"href":"https:\/\/jornalfatosenoticias.com.br\/index.php\/wp-json\/wp\/v2\/categories?post=45264"},{"taxonomy":"post_tag","embeddable":true,"href":"https:\/\/jornalfatosenoticias.com.br\/index.php\/wp-json\/wp\/v2\/tags?post=45264"}],"curies":[{"name":"wp","href":"https:\/\/api.w.org\/{rel}","templated":true}]}}