{"id":45281,"date":"2023-09-19T10:55:16","date_gmt":"2023-09-19T13:55:16","guid":{"rendered":"https:\/\/jornalfatosenoticias.com.br\/?p=45281"},"modified":"2023-09-19T10:55:17","modified_gmt":"2023-09-19T13:55:17","slug":"lapso-de-memoria-o-que-e-causas-e-quando-procurar-ajuda","status":"publish","type":"post","link":"https:\/\/jornalfatosenoticias.com.br\/index.php\/2023\/09\/19\/lapso-de-memoria-o-que-e-causas-e-quando-procurar-ajuda\/","title":{"rendered":"Lapso de mem\u00f3ria: o que \u00e9, causas e quando procurar ajuda"},"content":{"rendered":"\n<div class=\"wp-block-image\"><figure class=\"aligncenter size-large\"><img loading=\"lazy\" decoding=\"async\" width=\"729\" height=\"90\" src=\"https:\/\/jornalfatosenoticias.com.br\/wp-content\/uploads\/2020\/02\/Logo_Mizu.png\" alt=\"\" class=\"wp-image-1441\" srcset=\"https:\/\/jornalfatosenoticias.com.br\/wp-content\/uploads\/2020\/02\/Logo_Mizu.png 729w, https:\/\/jornalfatosenoticias.com.br\/wp-content\/uploads\/2020\/02\/Logo_Mizu-300x37.png 300w\" sizes=\"auto, (max-width: 729px) 100vw, 729px\" \/><\/figure><\/div>\n\n\n\n<p>O lapso de mem\u00f3ria \u00e9 uma situa\u00e7\u00e3o muito comum no dia a dia. No entanto, o inc\u00f4modo come\u00e7a a aparecer quando nos esquecemos de informa\u00e7\u00f5es valiosas, como nome de pessoas ou at\u00e9 compromissos importantes. Mas afinal, quando \u00e9 necess\u00e1rio buscar ajuda m\u00e9dica?<br>Sabe quando voc\u00ea est\u00e1 com a palavra na ponta da l\u00edngua mas n\u00e3o consegue se lembrar? Isso \u00e9 um lapso de mem\u00f3ria, situa\u00e7\u00e3o em que uma informa\u00e7\u00e3o \u00e9 esquecida temporariamente. Na maioria das vezes, o esquecimento \u00e9 causado pela falta de aten\u00e7\u00e3o, algo muito comum em pessoas multitarefas, como explica a psiquiatra Danielle H. Admoni, em uma entrevista \u00e0 <a href=\"https:\/\/agenciabrasil.ebc.com.br\/saude\/noticia\/2022-06\/lapsos-de-memoria-podem-nao-significar-doenca-mental-diz-psiquiatra\" target=\"_blank\" rel=\"noreferrer noopener\">Ag\u00eancia Brasil<\/a>. <\/p>\n\n\n\n<div class=\"wp-block-image\"><figure class=\"aligncenter size-large is-resized\"><img loading=\"lazy\" decoding=\"async\" src=\"https:\/\/jornalfatosenoticias.com.br\/wp-content\/uploads\/2022\/02\/Precisao-Contabilidade-1024x724.jpg\" alt=\"\" class=\"wp-image-28088\" width=\"341\" height=\"241\"\/><\/figure><\/div>\n\n\n\n<blockquote class=\"wp-block-quote is-layout-flow wp-block-quote-is-layout-flow\"><p><span class=\"has-inline-color has-luminous-vivid-orange-color\">Se a gente est\u00e1 focado em muitas coisas, a nossa aten\u00e7\u00e3o diminui e, consequentemente, a nossa mem\u00f3ria recente tamb\u00e9m\u201d, explica a preceptora na resid\u00eancia da Escola Paulista de Medicina da Universidade Federal de S\u00e3o Paulo (EPM\/Unifesp).<\/span><\/p><\/blockquote>\n\n\n\n<div class=\"wp-block-image\"><figure class=\"aligncenter size-large is-resized\"><img loading=\"lazy\" decoding=\"async\" src=\"https:\/\/jornalfatosenoticias.com.br\/wp-content\/uploads\/2022\/10\/Arte-jornal-Zucchi-600x600_Prancheta-1-1024x1024.jpg\" alt=\"\" class=\"wp-image-34782\" width=\"283\" height=\"283\" srcset=\"https:\/\/jornalfatosenoticias.com.br\/wp-content\/uploads\/2022\/10\/Arte-jornal-Zucchi-600x600_Prancheta-1-1024x1024.jpg 1024w, https:\/\/jornalfatosenoticias.com.br\/wp-content\/uploads\/2022\/10\/Arte-jornal-Zucchi-600x600_Prancheta-1-300x300.jpg 300w, https:\/\/jornalfatosenoticias.com.br\/wp-content\/uploads\/2022\/10\/Arte-jornal-Zucchi-600x600_Prancheta-1-150x150.jpg 150w, https:\/\/jornalfatosenoticias.com.br\/wp-content\/uploads\/2022\/10\/Arte-jornal-Zucchi-600x600_Prancheta-1-768x768.jpg 768w, https:\/\/jornalfatosenoticias.com.br\/wp-content\/uploads\/2022\/10\/Arte-jornal-Zucchi-600x600_Prancheta-1.jpg 1250w\" sizes=\"auto, (max-width: 283px) 100vw, 283px\" \/><\/figure><\/div>\n\n\n\n<p>No entanto, \u00e9 importante esclarecer que esquecer uma informa\u00e7\u00e3o importante nem sempre \u00e9 um indicativo de problemas de sa\u00fade. O que determina a gravidade do problema \u00e9 a recorr\u00eancia com que isso acontece. Portanto, esquecer informa\u00e7\u00f5es de vez em quando \u00e9 algo normal e inerente a qualquer pessoa. <\/p>\n\n\n\n<div class=\"wp-block-image\"><figure class=\"aligncenter size-large is-resized\"><img loading=\"lazy\" decoding=\"async\" src=\"https:\/\/jornalfatosenoticias.com.br\/wp-content\/uploads\/2023\/08\/VSM-Group.jpeg\" alt=\"\" class=\"wp-image-44364\" width=\"291\" height=\"291\"\/><\/figure><\/div>\n\n\n\n<p>Esse esquecimento pode ser causado por <a href=\"https:\/\/vitat.com.br\/estresse\/\">estresse<\/a>,\u00a0<a href=\"https:\/\/vitat.com.br\/ansiedade\/\">ansiedade<\/a> ou at\u00e9 falta de aten\u00e7\u00e3o no momento inicial do recebimento da informa\u00e7\u00e3o.<br>Contudo, se o problema vira recorrente, \u00e9 o momento de buscar ajuda m\u00e9dica para entender poss\u00edveis quadros que t\u00eam o esquecimento como sintoma.<\/p>\n\n\n\n<div class=\"wp-block-image\"><figure class=\"aligncenter size-large is-resized\"><img loading=\"lazy\" decoding=\"async\" src=\"https:\/\/jornalfatosenoticias.com.br\/wp-content\/uploads\/2023\/07\/lacremoda.jpg\" alt=\"\" class=\"wp-image-43706\" width=\"367\" height=\"205\" srcset=\"https:\/\/jornalfatosenoticias.com.br\/wp-content\/uploads\/2023\/07\/lacremoda.jpg 1024w, https:\/\/jornalfatosenoticias.com.br\/wp-content\/uploads\/2023\/07\/lacremoda-300x168.jpg 300w, https:\/\/jornalfatosenoticias.com.br\/wp-content\/uploads\/2023\/07\/lacremoda-768x431.jpg 768w\" sizes=\"auto, (max-width: 367px) 100vw, 367px\" \/><\/figure><\/div>\n\n\n\n<p><strong><span class=\"has-inline-color has-vivid-purple-color\">Sintomas<\/span><\/strong><br><em><span class=\"has-inline-color has-black-color\">Confira alguns sintomas do lapso de mem\u00f3ria:<br><\/span><\/em>\u2022 N\u00e3o se lembrar do nome das pessoas;<br>\u2022 Esquecer objetos pessoais valiosos, como chaves, carteira ou celular;<br>\u2022 Esquecer compromissos;<br>\u2022 N\u00e3o se lembrar de informa\u00e7\u00f5es recentes;<\/p>\n\n\n\n<div class=\"wp-block-image\"><figure class=\"aligncenter size-large\"><img decoding=\"async\" src=\"https:\/\/jornalfatosenoticias.com.br\/wp-content\/uploads\/2020\/02\/logo_esteio.jpg\" alt=\"\" class=\"wp-image-1214\"\/><\/figure><\/div>\n\n\n\n<p><strong><span class=\"has-inline-color has-vivid-purple-color\">O que causa lapso de mem\u00f3ria<br><\/span><\/strong><em><span class=\"has-inline-color has-black-color\">O esquecimento \u00e9 um sintoma em comum a diversas situa\u00e7\u00f5es e quadros de sa\u00fade. Veja os principais a seguir:<br><\/span><\/em>\u2022 Estresse<br>\u2022 Ansiedade e depress\u00e3o<br>\u2022 Priva\u00e7\u00e3o de sono<br>\u2022 Hipotireoidismo<br>\u2022 Uso de medicamentos<br>\u2022 Defici\u00eancia de vitaminas (especialmente <a href=\"https:\/\/vitat.com.br\/vitamina-b12\/\">B12<\/a>)<br>\u2022 Colesterol elevado<\/p>\n\n\n\n<div class=\"wp-block-image\"><figure class=\"aligncenter size-large is-resized\"><img loading=\"lazy\" decoding=\"async\" src=\"https:\/\/jornalfatosenoticias.com.br\/wp-content\/uploads\/2020\/02\/casa-do-torresmo_portal.jpg\" alt=\"\" class=\"wp-image-34472\" width=\"262\" height=\"262\" srcset=\"https:\/\/jornalfatosenoticias.com.br\/wp-content\/uploads\/2020\/02\/casa-do-torresmo_portal.jpg 300w, https:\/\/jornalfatosenoticias.com.br\/wp-content\/uploads\/2020\/02\/casa-do-torresmo_portal-150x150.jpg 150w\" sizes=\"auto, (max-width: 262px) 100vw, 262px\" \/><\/figure><\/div>\n\n\n\n<p><strong><span class=\"has-inline-color has-vivid-purple-color\">Como amenizar os lapsos de mem\u00f3ria?<br><\/span><\/strong>Embora comuns, os lapsos de mem\u00f3ria podem ser frustrantes e preocupantes quando ocorrem com frequ\u00eancia. Por\u00e9m, existem algumas estrat\u00e9gias e h\u00e1bitos saud\u00e1veis que voc\u00ea pode adotar para ajudar a tratar e prevenir esses epis\u00f3dios.<br>O primeiro e mais importante deles \u00e9 adotar uma alimenta\u00e7\u00e3o balanceada. Isso porque o que comemos influencia no modo que mantemos a sa\u00fade do nosso c\u00e9rebro, o que impacta nas fun\u00e7\u00f5es cognitivas. Ent\u00e3o, priorize alimentos ricos em antioxidantes, como frutas, peixes e vegetais.<\/p>\n\n\n\n<div class=\"wp-block-image\"><figure class=\"aligncenter size-large is-resized\"><img loading=\"lazy\" decoding=\"async\" src=\"https:\/\/jornalfatosenoticias.com.br\/wp-content\/uploads\/2023\/03\/nova-logo-Marquetti.jpg\" alt=\"\" class=\"wp-image-40207\" width=\"307\" height=\"206\" srcset=\"https:\/\/jornalfatosenoticias.com.br\/wp-content\/uploads\/2023\/03\/nova-logo-Marquetti.jpg 643w, https:\/\/jornalfatosenoticias.com.br\/wp-content\/uploads\/2023\/03\/nova-logo-Marquetti-300x202.jpg 300w\" sizes=\"auto, (max-width: 307px) 100vw, 307px\" \/><\/figure><\/div>\n\n\n\n<p>Al\u00e9m disso, voc\u00ea tamb\u00e9m pode adotar sistemas que proporcionem uma mem\u00f3ria a longo prazo, como investir em ferramentas de organiza\u00e7\u00e3o (agendas e aplicativos) para te ajudar a lembrar de compromissos importantes. Nesse sentido, vale exercitar o c\u00e9rebro com medidas simples e din\u00e2micas, como jogos de mem\u00f3ria, xadrez ou at\u00e9 palavras cruzadas. Atividades cotidianas t\u00eam grande valor na manuten\u00e7\u00e3o da mem\u00f3ria, ent\u00e3o adote o h\u00e1bito da leitura. Por fim, manter o sono em dia e se exercitar s\u00e3o h\u00e1bitos que tamb\u00e9m contribuem com a mem\u00f3ria e com a manuten\u00e7\u00e3o da sa\u00fade em geral.<\/p>\n\n\n\n<div class=\"wp-block-image\"><figure class=\"aligncenter size-large\"><img loading=\"lazy\" decoding=\"async\" width=\"300\" height=\"250\" src=\"https:\/\/jornalfatosenoticias.com.br\/wp-content\/uploads\/2022\/08\/arte-Casarao.jpg\" alt=\"\" class=\"wp-image-33178\"\/><\/figure><\/div>\n\n\n\n<p><strong><span class=\"has-inline-color has-vivid-purple-color\">Quando procurar ajuda m\u00e9dica?<br><\/span><\/strong>Se os lapsos de mem\u00f3ria se tornarem frequentes ou inc\u00f4modos, atrapalhando a qualidade de vida, a pessoa deve procurar ajuda m\u00e9dica com um neurologista. Vale ressaltar que o lapso de mem\u00f3ria pode estar relacionado a dist\u00farbios da tireoide, defici\u00eancias nutricionais, doen\u00e7as autoimunes e at\u00e9 mesmo Alzheimer (no est\u00e1gio inicial).<\/p>\n\n\n\n<div class=\"wp-block-image\"><figure class=\"aligncenter size-large is-resized\"><img loading=\"lazy\" decoding=\"async\" src=\"https:\/\/jornalfatosenoticias.com.br\/wp-content\/uploads\/2023\/08\/LOGO-BLU-COMERCIAL-PRETO-1024x600.jpg\" alt=\"\" class=\"wp-image-44053\" width=\"331\" height=\"193\"\/><\/figure><\/div>\n\n\n\n<p><strong><em>Fonte: <a href=\"https:\/\/vitat.com.br\/lapso-de-memoria\/\">Vitat<\/a><\/em><\/strong><\/p>\n","protected":false},"excerpt":{"rendered":"<p>O lapso de mem\u00f3ria \u00e9 uma situa\u00e7\u00e3o muito comum no dia a dia. No entanto, o inc\u00f4modo come\u00e7a a aparecer quando nos esquecemos de informa\u00e7\u00f5es valiosas, como nome de pessoas ou at\u00e9 compromissos importantes. Mas afinal, quando \u00e9 necess\u00e1rio buscar ajuda m\u00e9dica?Sabe quando voc\u00ea est\u00e1 com a palavra na ponta da l\u00edngua mas n\u00e3o consegue [&hellip;]<\/p>\n","protected":false},"author":2,"featured_media":45282,"comment_status":"open","ping_status":"open","sticky":false,"template":"","format":"standard","meta":{"footnotes":""},"categories":[42,2522],"tags":[385,386,6807,21324,21325,74],"class_list":["post-45281","post","type-post","status-publish","format-standard","has-post-thumbnail","hentry","category-bem-estar","category-comportamento","tag-bem-estar","tag-equilibrio","tag-esquecimento","tag-falta-de-memoria","tag-lapsos-de-memoria","tag-saude"],"yoast_head":"<!-- This site is optimized with the Yoast SEO plugin v26.5 - https:\/\/yoast.com\/wordpress\/plugins\/seo\/ -->\n<title>Lapso de mem\u00f3ria: o que \u00e9, causas e quando procurar ajuda - Jornal Fatos e Not\u00edcias<\/title>\n<meta name=\"robots\" content=\"index, follow, max-snippet:-1, max-image-preview:large, max-video-preview:-1\" \/>\n<link rel=\"canonical\" href=\"https:\/\/jornalfatosenoticias.com.br\/index.php\/2023\/09\/19\/lapso-de-memoria-o-que-e-causas-e-quando-procurar-ajuda\/\" \/>\n<meta property=\"og:locale\" content=\"pt_BR\" \/>\n<meta property=\"og:type\" content=\"article\" \/>\n<meta property=\"og:title\" content=\"Lapso de mem\u00f3ria: o que \u00e9, causas e quando procurar ajuda - Jornal Fatos e Not\u00edcias\" \/>\n<meta property=\"og:description\" content=\"O lapso de mem\u00f3ria \u00e9 uma situa\u00e7\u00e3o muito comum no dia a dia. No entanto, o inc\u00f4modo come\u00e7a a aparecer quando nos esquecemos de informa\u00e7\u00f5es valiosas, como nome de pessoas ou at\u00e9 compromissos importantes. Mas afinal, quando \u00e9 necess\u00e1rio buscar ajuda m\u00e9dica?Sabe quando voc\u00ea est\u00e1 com a palavra na ponta da l\u00edngua mas n\u00e3o consegue [&hellip;]\" \/>\n<meta property=\"og:url\" content=\"https:\/\/jornalfatosenoticias.com.br\/index.php\/2023\/09\/19\/lapso-de-memoria-o-que-e-causas-e-quando-procurar-ajuda\/\" \/>\n<meta property=\"og:site_name\" content=\"Jornal Fatos e Not\u00edcias\" \/>\n<meta property=\"article:published_time\" content=\"2023-09-19T13:55:16+00:00\" \/>\n<meta property=\"article:modified_time\" content=\"2023-09-19T13:55:17+00:00\" \/>\n<meta property=\"og:image\" content=\"https:\/\/jornalfatosenoticias.com.br\/wp-content\/uploads\/2023\/09\/lapso-de-memoria_istockphoto.jpg\" \/>\n\t<meta property=\"og:image:width\" content=\"812\" \/>\n\t<meta property=\"og:image:height\" content=\"367\" \/>\n\t<meta property=\"og:image:type\" content=\"image\/jpeg\" \/>\n<meta name=\"author\" content=\"Luzimara Fernandes\" \/>\n<meta name=\"twitter:card\" content=\"summary_large_image\" \/>\n<meta name=\"twitter:label1\" content=\"Escrito por\" \/>\n\t<meta name=\"twitter:data1\" content=\"Luzimara Fernandes\" \/>\n\t<meta name=\"twitter:label2\" content=\"Est. tempo de leitura\" \/>\n\t<meta name=\"twitter:data2\" content=\"3 minutos\" \/>\n<script type=\"application\/ld+json\" class=\"yoast-schema-graph\">{\"@context\":\"https:\/\/schema.org\",\"@graph\":[{\"@type\":\"Article\",\"@id\":\"https:\/\/jornalfatosenoticias.com.br\/index.php\/2023\/09\/19\/lapso-de-memoria-o-que-e-causas-e-quando-procurar-ajuda\/#article\",\"isPartOf\":{\"@id\":\"https:\/\/jornalfatosenoticias.com.br\/index.php\/2023\/09\/19\/lapso-de-memoria-o-que-e-causas-e-quando-procurar-ajuda\/\"},\"author\":{\"name\":\"Luzimara Fernandes\",\"@id\":\"https:\/\/jornalfatosenoticias.com.br\/#\/schema\/person\/d63837fa13ac8666eb9e74e0985d6f81\"},\"headline\":\"Lapso de mem\u00f3ria: o que \u00e9, causas e quando procurar ajuda\",\"datePublished\":\"2023-09-19T13:55:16+00:00\",\"dateModified\":\"2023-09-19T13:55:17+00:00\",\"mainEntityOfPage\":{\"@id\":\"https:\/\/jornalfatosenoticias.com.br\/index.php\/2023\/09\/19\/lapso-de-memoria-o-que-e-causas-e-quando-procurar-ajuda\/\"},\"wordCount\":612,\"commentCount\":0,\"publisher\":{\"@id\":\"https:\/\/jornalfatosenoticias.com.br\/#organization\"},\"image\":{\"@id\":\"https:\/\/jornalfatosenoticias.com.br\/index.php\/2023\/09\/19\/lapso-de-memoria-o-que-e-causas-e-quando-procurar-ajuda\/#primaryimage\"},\"thumbnailUrl\":\"https:\/\/jornalfatosenoticias.com.br\/wp-content\/uploads\/2023\/09\/lapso-de-memoria_istockphoto.jpg\",\"keywords\":[\"bem-estar\",\"equil\u00edbrio\",\"esquecimento\",\"falta de mem\u00f3ria\",\"lapsos de mem\u00f3ria\",\"sa\u00fade\"],\"articleSection\":[\"Bem-estar\",\"Comportamento &amp; Equil\u00edbrio\"],\"inLanguage\":\"pt-BR\",\"potentialAction\":[{\"@type\":\"CommentAction\",\"name\":\"Comment\",\"target\":[\"https:\/\/jornalfatosenoticias.com.br\/index.php\/2023\/09\/19\/lapso-de-memoria-o-que-e-causas-e-quando-procurar-ajuda\/#respond\"]}]},{\"@type\":\"WebPage\",\"@id\":\"https:\/\/jornalfatosenoticias.com.br\/index.php\/2023\/09\/19\/lapso-de-memoria-o-que-e-causas-e-quando-procurar-ajuda\/\",\"url\":\"https:\/\/jornalfatosenoticias.com.br\/index.php\/2023\/09\/19\/lapso-de-memoria-o-que-e-causas-e-quando-procurar-ajuda\/\",\"name\":\"Lapso de mem\u00f3ria: o que \u00e9, causas e quando procurar ajuda - Jornal Fatos e Not\u00edcias\",\"isPartOf\":{\"@id\":\"https:\/\/jornalfatosenoticias.com.br\/#website\"},\"primaryImageOfPage\":{\"@id\":\"https:\/\/jornalfatosenoticias.com.br\/index.php\/2023\/09\/19\/lapso-de-memoria-o-que-e-causas-e-quando-procurar-ajuda\/#primaryimage\"},\"image\":{\"@id\":\"https:\/\/jornalfatosenoticias.com.br\/index.php\/2023\/09\/19\/lapso-de-memoria-o-que-e-causas-e-quando-procurar-ajuda\/#primaryimage\"},\"thumbnailUrl\":\"https:\/\/jornalfatosenoticias.com.br\/wp-content\/uploads\/2023\/09\/lapso-de-memoria_istockphoto.jpg\",\"datePublished\":\"2023-09-19T13:55:16+00:00\",\"dateModified\":\"2023-09-19T13:55:17+00:00\",\"breadcrumb\":{\"@id\":\"https:\/\/jornalfatosenoticias.com.br\/index.php\/2023\/09\/19\/lapso-de-memoria-o-que-e-causas-e-quando-procurar-ajuda\/#breadcrumb\"},\"inLanguage\":\"pt-BR\",\"potentialAction\":[{\"@type\":\"ReadAction\",\"target\":[\"https:\/\/jornalfatosenoticias.com.br\/index.php\/2023\/09\/19\/lapso-de-memoria-o-que-e-causas-e-quando-procurar-ajuda\/\"]}]},{\"@type\":\"ImageObject\",\"inLanguage\":\"pt-BR\",\"@id\":\"https:\/\/jornalfatosenoticias.com.br\/index.php\/2023\/09\/19\/lapso-de-memoria-o-que-e-causas-e-quando-procurar-ajuda\/#primaryimage\",\"url\":\"https:\/\/jornalfatosenoticias.com.br\/wp-content\/uploads\/2023\/09\/lapso-de-memoria_istockphoto.jpg\",\"contentUrl\":\"https:\/\/jornalfatosenoticias.com.br\/wp-content\/uploads\/2023\/09\/lapso-de-memoria_istockphoto.jpg\",\"width\":812,\"height\":367,\"caption\":\"Human brain and question mark concept with copy space on chalkboard, mental health and problems with memory, think outside the box concept\"},{\"@type\":\"BreadcrumbList\",\"@id\":\"https:\/\/jornalfatosenoticias.com.br\/index.php\/2023\/09\/19\/lapso-de-memoria-o-que-e-causas-e-quando-procurar-ajuda\/#breadcrumb\",\"itemListElement\":[{\"@type\":\"ListItem\",\"position\":1,\"name\":\"In\u00edcio\",\"item\":\"https:\/\/jornalfatosenoticias.com.br\/\"},{\"@type\":\"ListItem\",\"position\":2,\"name\":\"Lapso de mem\u00f3ria: o que \u00e9, causas e quando procurar ajuda\"}]},{\"@type\":\"WebSite\",\"@id\":\"https:\/\/jornalfatosenoticias.com.br\/#website\",\"url\":\"https:\/\/jornalfatosenoticias.com.br\/\",\"name\":\"Jornal Fatos e Not\u00edcias\",\"description\":\"Not\u00edcias em geral\",\"publisher\":{\"@id\":\"https:\/\/jornalfatosenoticias.com.br\/#organization\"},\"potentialAction\":[{\"@type\":\"SearchAction\",\"target\":{\"@type\":\"EntryPoint\",\"urlTemplate\":\"https:\/\/jornalfatosenoticias.com.br\/?s={search_term_string}\"},\"query-input\":{\"@type\":\"PropertyValueSpecification\",\"valueRequired\":true,\"valueName\":\"search_term_string\"}}],\"inLanguage\":\"pt-BR\"},{\"@type\":\"Organization\",\"@id\":\"https:\/\/jornalfatosenoticias.com.br\/#organization\",\"name\":\"Jornal Fatos e Not\u00edcias\",\"url\":\"https:\/\/jornalfatosenoticias.com.br\/\",\"logo\":{\"@type\":\"ImageObject\",\"inLanguage\":\"pt-BR\",\"@id\":\"https:\/\/jornalfatosenoticias.com.br\/#\/schema\/logo\/image\/\",\"url\":\"https:\/\/jornalfatosenoticias.com.br\/wp-content\/uploads\/2020\/02\/logo120.png\",\"contentUrl\":\"https:\/\/jornalfatosenoticias.com.br\/wp-content\/uploads\/2020\/02\/logo120.png\",\"width\":1227,\"height\":120,\"caption\":\"Jornal Fatos e Not\u00edcias\"},\"image\":{\"@id\":\"https:\/\/jornalfatosenoticias.com.br\/#\/schema\/logo\/image\/\"}},{\"@type\":\"Person\",\"@id\":\"https:\/\/jornalfatosenoticias.com.br\/#\/schema\/person\/d63837fa13ac8666eb9e74e0985d6f81\",\"name\":\"Luzimara Fernandes\",\"image\":{\"@type\":\"ImageObject\",\"inLanguage\":\"pt-BR\",\"@id\":\"https:\/\/jornalfatosenoticias.com.br\/#\/schema\/person\/image\/\",\"url\":\"https:\/\/jornalfatosenoticias.com.br\/wp-content\/uploads\/2025\/05\/EU_portal.jpg\",\"contentUrl\":\"https:\/\/jornalfatosenoticias.com.br\/wp-content\/uploads\/2025\/05\/EU_portal.jpg\",\"caption\":\"Luzimara Fernandes\"},\"description\":\"Jornalista MTB 2358-ES\",\"sameAs\":[\"https:\/\/jornalfatosenoticias.com.br\"],\"url\":\"https:\/\/jornalfatosenoticias.com.br\/index.php\/author\/luzimara\/\"}]}<\/script>\n<!-- \/ Yoast SEO plugin. -->","yoast_head_json":{"title":"Lapso de mem\u00f3ria: o que \u00e9, causas e quando procurar ajuda - Jornal Fatos e Not\u00edcias","robots":{"index":"index","follow":"follow","max-snippet":"max-snippet:-1","max-image-preview":"max-image-preview:large","max-video-preview":"max-video-preview:-1"},"canonical":"https:\/\/jornalfatosenoticias.com.br\/index.php\/2023\/09\/19\/lapso-de-memoria-o-que-e-causas-e-quando-procurar-ajuda\/","og_locale":"pt_BR","og_type":"article","og_title":"Lapso de mem\u00f3ria: o que \u00e9, causas e quando procurar ajuda - Jornal Fatos e Not\u00edcias","og_description":"O lapso de mem\u00f3ria \u00e9 uma situa\u00e7\u00e3o muito comum no dia a dia. No entanto, o inc\u00f4modo come\u00e7a a aparecer quando nos esquecemos de informa\u00e7\u00f5es valiosas, como nome de pessoas ou at\u00e9 compromissos importantes. Mas afinal, quando \u00e9 necess\u00e1rio buscar ajuda m\u00e9dica?Sabe quando voc\u00ea est\u00e1 com a palavra na ponta da l\u00edngua mas n\u00e3o consegue [&hellip;]","og_url":"https:\/\/jornalfatosenoticias.com.br\/index.php\/2023\/09\/19\/lapso-de-memoria-o-que-e-causas-e-quando-procurar-ajuda\/","og_site_name":"Jornal Fatos e Not\u00edcias","article_published_time":"2023-09-19T13:55:16+00:00","article_modified_time":"2023-09-19T13:55:17+00:00","og_image":[{"width":812,"height":367,"url":"https:\/\/jornalfatosenoticias.com.br\/wp-content\/uploads\/2023\/09\/lapso-de-memoria_istockphoto.jpg","type":"image\/jpeg"}],"author":"Luzimara Fernandes","twitter_card":"summary_large_image","twitter_misc":{"Escrito por":"Luzimara Fernandes","Est. tempo de leitura":"3 minutos"},"schema":{"@context":"https:\/\/schema.org","@graph":[{"@type":"Article","@id":"https:\/\/jornalfatosenoticias.com.br\/index.php\/2023\/09\/19\/lapso-de-memoria-o-que-e-causas-e-quando-procurar-ajuda\/#article","isPartOf":{"@id":"https:\/\/jornalfatosenoticias.com.br\/index.php\/2023\/09\/19\/lapso-de-memoria-o-que-e-causas-e-quando-procurar-ajuda\/"},"author":{"name":"Luzimara Fernandes","@id":"https:\/\/jornalfatosenoticias.com.br\/#\/schema\/person\/d63837fa13ac8666eb9e74e0985d6f81"},"headline":"Lapso de mem\u00f3ria: o que \u00e9, causas e quando procurar ajuda","datePublished":"2023-09-19T13:55:16+00:00","dateModified":"2023-09-19T13:55:17+00:00","mainEntityOfPage":{"@id":"https:\/\/jornalfatosenoticias.com.br\/index.php\/2023\/09\/19\/lapso-de-memoria-o-que-e-causas-e-quando-procurar-ajuda\/"},"wordCount":612,"commentCount":0,"publisher":{"@id":"https:\/\/jornalfatosenoticias.com.br\/#organization"},"image":{"@id":"https:\/\/jornalfatosenoticias.com.br\/index.php\/2023\/09\/19\/lapso-de-memoria-o-que-e-causas-e-quando-procurar-ajuda\/#primaryimage"},"thumbnailUrl":"https:\/\/jornalfatosenoticias.com.br\/wp-content\/uploads\/2023\/09\/lapso-de-memoria_istockphoto.jpg","keywords":["bem-estar","equil\u00edbrio","esquecimento","falta de mem\u00f3ria","lapsos de mem\u00f3ria","sa\u00fade"],"articleSection":["Bem-estar","Comportamento &amp; Equil\u00edbrio"],"inLanguage":"pt-BR","potentialAction":[{"@type":"CommentAction","name":"Comment","target":["https:\/\/jornalfatosenoticias.com.br\/index.php\/2023\/09\/19\/lapso-de-memoria-o-que-e-causas-e-quando-procurar-ajuda\/#respond"]}]},{"@type":"WebPage","@id":"https:\/\/jornalfatosenoticias.com.br\/index.php\/2023\/09\/19\/lapso-de-memoria-o-que-e-causas-e-quando-procurar-ajuda\/","url":"https:\/\/jornalfatosenoticias.com.br\/index.php\/2023\/09\/19\/lapso-de-memoria-o-que-e-causas-e-quando-procurar-ajuda\/","name":"Lapso de mem\u00f3ria: o que \u00e9, causas e quando procurar ajuda - Jornal Fatos e Not\u00edcias","isPartOf":{"@id":"https:\/\/jornalfatosenoticias.com.br\/#website"},"primaryImageOfPage":{"@id":"https:\/\/jornalfatosenoticias.com.br\/index.php\/2023\/09\/19\/lapso-de-memoria-o-que-e-causas-e-quando-procurar-ajuda\/#primaryimage"},"image":{"@id":"https:\/\/jornalfatosenoticias.com.br\/index.php\/2023\/09\/19\/lapso-de-memoria-o-que-e-causas-e-quando-procurar-ajuda\/#primaryimage"},"thumbnailUrl":"https:\/\/jornalfatosenoticias.com.br\/wp-content\/uploads\/2023\/09\/lapso-de-memoria_istockphoto.jpg","datePublished":"2023-09-19T13:55:16+00:00","dateModified":"2023-09-19T13:55:17+00:00","breadcrumb":{"@id":"https:\/\/jornalfatosenoticias.com.br\/index.php\/2023\/09\/19\/lapso-de-memoria-o-que-e-causas-e-quando-procurar-ajuda\/#breadcrumb"},"inLanguage":"pt-BR","potentialAction":[{"@type":"ReadAction","target":["https:\/\/jornalfatosenoticias.com.br\/index.php\/2023\/09\/19\/lapso-de-memoria-o-que-e-causas-e-quando-procurar-ajuda\/"]}]},{"@type":"ImageObject","inLanguage":"pt-BR","@id":"https:\/\/jornalfatosenoticias.com.br\/index.php\/2023\/09\/19\/lapso-de-memoria-o-que-e-causas-e-quando-procurar-ajuda\/#primaryimage","url":"https:\/\/jornalfatosenoticias.com.br\/wp-content\/uploads\/2023\/09\/lapso-de-memoria_istockphoto.jpg","contentUrl":"https:\/\/jornalfatosenoticias.com.br\/wp-content\/uploads\/2023\/09\/lapso-de-memoria_istockphoto.jpg","width":812,"height":367,"caption":"Human brain and question mark concept with copy space on chalkboard, mental health and problems with memory, think outside the box concept"},{"@type":"BreadcrumbList","@id":"https:\/\/jornalfatosenoticias.com.br\/index.php\/2023\/09\/19\/lapso-de-memoria-o-que-e-causas-e-quando-procurar-ajuda\/#breadcrumb","itemListElement":[{"@type":"ListItem","position":1,"name":"In\u00edcio","item":"https:\/\/jornalfatosenoticias.com.br\/"},{"@type":"ListItem","position":2,"name":"Lapso de mem\u00f3ria: o que \u00e9, causas e quando procurar ajuda"}]},{"@type":"WebSite","@id":"https:\/\/jornalfatosenoticias.com.br\/#website","url":"https:\/\/jornalfatosenoticias.com.br\/","name":"Jornal Fatos e Not\u00edcias","description":"Not\u00edcias em geral","publisher":{"@id":"https:\/\/jornalfatosenoticias.com.br\/#organization"},"potentialAction":[{"@type":"SearchAction","target":{"@type":"EntryPoint","urlTemplate":"https:\/\/jornalfatosenoticias.com.br\/?s={search_term_string}"},"query-input":{"@type":"PropertyValueSpecification","valueRequired":true,"valueName":"search_term_string"}}],"inLanguage":"pt-BR"},{"@type":"Organization","@id":"https:\/\/jornalfatosenoticias.com.br\/#organization","name":"Jornal Fatos e Not\u00edcias","url":"https:\/\/jornalfatosenoticias.com.br\/","logo":{"@type":"ImageObject","inLanguage":"pt-BR","@id":"https:\/\/jornalfatosenoticias.com.br\/#\/schema\/logo\/image\/","url":"https:\/\/jornalfatosenoticias.com.br\/wp-content\/uploads\/2020\/02\/logo120.png","contentUrl":"https:\/\/jornalfatosenoticias.com.br\/wp-content\/uploads\/2020\/02\/logo120.png","width":1227,"height":120,"caption":"Jornal Fatos e Not\u00edcias"},"image":{"@id":"https:\/\/jornalfatosenoticias.com.br\/#\/schema\/logo\/image\/"}},{"@type":"Person","@id":"https:\/\/jornalfatosenoticias.com.br\/#\/schema\/person\/d63837fa13ac8666eb9e74e0985d6f81","name":"Luzimara Fernandes","image":{"@type":"ImageObject","inLanguage":"pt-BR","@id":"https:\/\/jornalfatosenoticias.com.br\/#\/schema\/person\/image\/","url":"https:\/\/jornalfatosenoticias.com.br\/wp-content\/uploads\/2025\/05\/EU_portal.jpg","contentUrl":"https:\/\/jornalfatosenoticias.com.br\/wp-content\/uploads\/2025\/05\/EU_portal.jpg","caption":"Luzimara Fernandes"},"description":"Jornalista MTB 2358-ES","sameAs":["https:\/\/jornalfatosenoticias.com.br"],"url":"https:\/\/jornalfatosenoticias.com.br\/index.php\/author\/luzimara\/"}]}},"cc_featured_image_caption":{"caption_text":"(Foto: iStock)","source_text":"","source_url":""},"jetpack_featured_media_url":"https:\/\/jornalfatosenoticias.com.br\/wp-content\/uploads\/2023\/09\/lapso-de-memoria_istockphoto.jpg","_links":{"self":[{"href":"https:\/\/jornalfatosenoticias.com.br\/index.php\/wp-json\/wp\/v2\/posts\/45281","targetHints":{"allow":["GET"]}}],"collection":[{"href":"https:\/\/jornalfatosenoticias.com.br\/index.php\/wp-json\/wp\/v2\/posts"}],"about":[{"href":"https:\/\/jornalfatosenoticias.com.br\/index.php\/wp-json\/wp\/v2\/types\/post"}],"author":[{"embeddable":true,"href":"https:\/\/jornalfatosenoticias.com.br\/index.php\/wp-json\/wp\/v2\/users\/2"}],"replies":[{"embeddable":true,"href":"https:\/\/jornalfatosenoticias.com.br\/index.php\/wp-json\/wp\/v2\/comments?post=45281"}],"version-history":[{"count":0,"href":"https:\/\/jornalfatosenoticias.com.br\/index.php\/wp-json\/wp\/v2\/posts\/45281\/revisions"}],"wp:featuredmedia":[{"embeddable":true,"href":"https:\/\/jornalfatosenoticias.com.br\/index.php\/wp-json\/wp\/v2\/media\/45282"}],"wp:attachment":[{"href":"https:\/\/jornalfatosenoticias.com.br\/index.php\/wp-json\/wp\/v2\/media?parent=45281"}],"wp:term":[{"taxonomy":"category","embeddable":true,"href":"https:\/\/jornalfatosenoticias.com.br\/index.php\/wp-json\/wp\/v2\/categories?post=45281"},{"taxonomy":"post_tag","embeddable":true,"href":"https:\/\/jornalfatosenoticias.com.br\/index.php\/wp-json\/wp\/v2\/tags?post=45281"}],"curies":[{"name":"wp","href":"https:\/\/api.w.org\/{rel}","templated":true}]}}