{"id":45284,"date":"2023-09-19T11:09:23","date_gmt":"2023-09-19T14:09:23","guid":{"rendered":"https:\/\/jornalfatosenoticias.com.br\/?p=45284"},"modified":"2023-09-19T11:09:24","modified_gmt":"2023-09-19T14:09:24","slug":"plastico-ameaca-vida-de-peixes-bois-marinhos-no-brasil","status":"publish","type":"post","link":"https:\/\/jornalfatosenoticias.com.br\/index.php\/2023\/09\/19\/plastico-ameaca-vida-de-peixes-bois-marinhos-no-brasil\/","title":{"rendered":"Pl\u00e1stico amea\u00e7a vida de peixes-bois-marinhos no Brasil"},"content":{"rendered":"\n<p><em><span class=\"has-inline-color has-black-color\">Por <strong><a href=\"https:\/\/gizmodo.uol.com.br\/author\/agencia-bori\/\">Ag\u00eancia Bori<\/a><\/strong><\/span><\/em><\/p>\n\n\n\n<div class=\"wp-block-image\"><figure class=\"aligncenter size-large is-resized\"><img loading=\"lazy\" decoding=\"async\" src=\"https:\/\/jornalfatosenoticias.com.br\/wp-content\/uploads\/2023\/09\/vetorvix1024_1.jpg\" alt=\"\" class=\"wp-image-44868\" width=\"423\" height=\"112\" srcset=\"https:\/\/jornalfatosenoticias.com.br\/wp-content\/uploads\/2023\/09\/vetorvix1024_1.jpg 1024w, https:\/\/jornalfatosenoticias.com.br\/wp-content\/uploads\/2023\/09\/vetorvix1024_1-300x80.jpg 300w, https:\/\/jornalfatosenoticias.com.br\/wp-content\/uploads\/2023\/09\/vetorvix1024_1-768x205.jpg 768w\" sizes=\"auto, (max-width: 423px) 100vw, 423px\" \/><\/figure><\/div>\n\n\n\n<p>Res\u00edduos s\u00f3lidos, especialmente pl\u00e1sticos, est\u00e3o presentes em \u00e1reas habitadas pelo peixe-boi-marinho, mam\u00edfero aqu\u00e1tico amea\u00e7ado de extin\u00e7\u00e3o no Brasil. O pl\u00e1stico \u00e9 perigoso para os animais, com registros de \u00f3bitos por ingest\u00e3o acidental. As conclus\u00f5es s\u00e3o de uma pesquisa da Universidade Federal da Para\u00edba (UFPB), da Funda\u00e7\u00e3o Mam\u00edferos Aqu\u00e1ticos (FMA) e do Instituto de Desenvolvimento Sustent\u00e1vel Mamirau\u00e1, publicada na sexta (15) na revista <a href=\"https:\/\/doi.org\/10.1590\/0001-3765202320220574\" target=\"_blank\" rel=\"noreferrer noopener\">\u201cAnais da Academia Brasileira de Ci\u00eancias\u201d<\/a>.<br>Entre 2017 e 2019, os pesquisadores avaliaram, em uma \u00e1rea total de 82 mil metros quadrados, caracter\u00edsticas de \u00e1reas habitadas por seis peixes-bois-marinhos nos estados da Para\u00edba, Sergipe e na Bahia. Os animais foram soltos nos estados da Para\u00edba e Alagoas, com esp\u00e9cimes se deslocando e utilizando os estados de Sergipe e Bahia. <\/p>\n\n\n\n<div class=\"wp-block-image\"><figure class=\"aligncenter size-large is-resized\"><img loading=\"lazy\" decoding=\"async\" src=\"https:\/\/jornalfatosenoticias.com.br\/wp-content\/uploads\/2022\/10\/RC_800x750_page-0001.jpg\" alt=\"\" class=\"wp-image-35338\" width=\"287\" height=\"270\" srcset=\"https:\/\/jornalfatosenoticias.com.br\/wp-content\/uploads\/2022\/10\/RC_800x750_page-0001.jpg 400w, https:\/\/jornalfatosenoticias.com.br\/wp-content\/uploads\/2022\/10\/RC_800x750_page-0001-300x281.jpg 300w\" sizes=\"auto, (max-width: 287px) 100vw, 287px\" \/><\/figure><\/div>\n\n\n\n<p>A iniciativa faz parte da estrat\u00e9gia de conserva\u00e7\u00e3o do animal, na tentativa de restabelecer a esp\u00e9cie em parte de sua distribui\u00e7\u00e3o geogr\u00e1fica original, da qual foi extirpada, bem como aumentar o tamanho das popula\u00e7\u00f5es remanescentes. O estudo possibilita definir \u00e1reas priorit\u00e1rias para a esp\u00e9cie, incluindo as preferidas para soltura de animais reabilitados ap\u00f3s encalhe.<\/p>\n\n\n\n<div class=\"wp-block-image\"><figure class=\"aligncenter size-large is-resized\"><img loading=\"lazy\" decoding=\"async\" src=\"https:\/\/jornalfatosenoticias.com.br\/wp-content\/uploads\/2023\/08\/Steel.jpeg\" alt=\"\" class=\"wp-image-44634\" width=\"344\" height=\"280\" srcset=\"https:\/\/jornalfatosenoticias.com.br\/wp-content\/uploads\/2023\/08\/Steel.jpeg 800w, https:\/\/jornalfatosenoticias.com.br\/wp-content\/uploads\/2023\/08\/Steel-300x244.jpeg 300w, https:\/\/jornalfatosenoticias.com.br\/wp-content\/uploads\/2023\/08\/Steel-768x624.jpeg 768w\" sizes=\"auto, (max-width: 344px) 100vw, 344px\" \/><\/figure><\/div>\n\n\n\n<p>\u00c1reas abrigadas, rasas e calmas foram as preferidas pelos animais, sendo locais com maior disponibilidade de alimentos e prote\u00e7\u00e3o, valiosa no cuidado das f\u00eameas com seus filhotes. A presen\u00e7a de res\u00edduos s\u00f3lidos foi observada em 44% das \u00e1reas utilizadas pelos mam\u00edferos, preocupando os pesquisadores. <\/p>\n\n\n\n<div class=\"wp-block-image\"><figure class=\"aligncenter size-large is-resized\"><img loading=\"lazy\" decoding=\"async\" src=\"https:\/\/jornalfatosenoticias.com.br\/wp-content\/uploads\/2023\/08\/BKR-1024x1021.jpg\" alt=\"\" class=\"wp-image-44494\" width=\"312\" height=\"311\" srcset=\"https:\/\/jornalfatosenoticias.com.br\/wp-content\/uploads\/2023\/08\/BKR-1024x1021.jpg 1024w, https:\/\/jornalfatosenoticias.com.br\/wp-content\/uploads\/2023\/08\/BKR-300x300.jpg 300w, https:\/\/jornalfatosenoticias.com.br\/wp-content\/uploads\/2023\/08\/BKR-150x150.jpg 150w, https:\/\/jornalfatosenoticias.com.br\/wp-content\/uploads\/2023\/08\/BKR-768x766.jpg 768w, https:\/\/jornalfatosenoticias.com.br\/wp-content\/uploads\/2023\/08\/BKR.jpg 1080w\" sizes=\"auto, (max-width: 312px) 100vw, 312px\" \/><\/figure><\/div>\n\n\n\n<blockquote class=\"wp-block-quote is-layout-flow wp-block-quote-is-layout-flow\"><p><span class=\"has-inline-color has-luminous-vivid-orange-color\">A presen\u00e7a de res\u00edduos em \u00e1reas usadas pelos animais \u00e9 sempre muito preocupante porque, dependendo do tipo de res\u00edduo, tamanho e textura, os animais podem ingerir estes materiais, principalmente os pl\u00e1sticos\u201d, aponta o coautor do estudo, Jo\u00e3o Carlos Gomes Borges.<\/span><\/p><\/blockquote>\n\n\n\n<div class=\"wp-block-image\"><figure class=\"aligncenter size-large is-resized\"><img loading=\"lazy\" decoding=\"async\" src=\"https:\/\/jornalfatosenoticias.com.br\/wp-content\/uploads\/2023\/08\/ITH.jpeg\" alt=\"\" class=\"wp-image-44638\" width=\"323\" height=\"262\" srcset=\"https:\/\/jornalfatosenoticias.com.br\/wp-content\/uploads\/2023\/08\/ITH.jpeg 800w, https:\/\/jornalfatosenoticias.com.br\/wp-content\/uploads\/2023\/08\/ITH-300x244.jpeg 300w, https:\/\/jornalfatosenoticias.com.br\/wp-content\/uploads\/2023\/08\/ITH-768x624.jpeg 768w\" sizes=\"auto, (max-width: 323px) 100vw, 323px\" \/><\/figure><\/div>\n\n\n\n<p>O pl\u00e1stico foi o predominante entre os res\u00edduos encontrados no estudo e representa risco \u00e0 vida dos animais, pois ao aderir \u00e0s algas marinhas, pode ser acidentalmente ingerido e levar a \u00f3bito \u2014 o que j\u00e1 foi observado em estudos anteriores. <\/p>\n\n\n\n<div class=\"wp-block-image\"><figure class=\"aligncenter size-large\"><img loading=\"lazy\" decoding=\"async\" width=\"300\" height=\"250\" src=\"https:\/\/jornalfatosenoticias.com.br\/wp-content\/uploads\/2022\/02\/FERRARI_MAQUINAS-E-FERRAMENTAS2.jpg\" alt=\"\" class=\"wp-image-27860\"\/><\/figure><\/div>\n\n\n\n<p>O uso de praias em munic\u00edpios em que n\u00e3o h\u00e1 tratamento dos esgotos impacta a quantidade de res\u00edduos, contaminando estu\u00e1rios e \u00e1reas costeiras. O problema tamb\u00e9m afeta outros animais aqu\u00e1ticos, como tartarugas e aves marinhas. Entre as medidas para impedir contamina\u00e7\u00f5es, Borges ressalta a import\u00e2ncia de resguardar a manuten\u00e7\u00e3o das matas ciliares e manguezais. <\/p>\n\n\n\n<div class=\"wp-block-image\"><figure class=\"aligncenter size-large is-resized\"><img loading=\"lazy\" decoding=\"async\" src=\"https:\/\/jornalfatosenoticias.com.br\/wp-content\/uploads\/2020\/02\/CONTROL-CS.jpg\" alt=\"\" class=\"wp-image-44991\" width=\"311\" height=\"373\" srcset=\"https:\/\/jornalfatosenoticias.com.br\/wp-content\/uploads\/2020\/02\/CONTROL-CS.jpg 834w, https:\/\/jornalfatosenoticias.com.br\/wp-content\/uploads\/2020\/02\/CONTROL-CS-250x300.jpg 250w, https:\/\/jornalfatosenoticias.com.br\/wp-content\/uploads\/2020\/02\/CONTROL-CS-768x921.jpg 768w\" sizes=\"auto, (max-width: 311px) 100vw, 311px\" \/><\/figure><\/div>\n\n\n\n<blockquote class=\"wp-block-quote is-layout-flow wp-block-quote-is-layout-flow\"><p><span class=\"has-inline-color has-luminous-vivid-orange-color\">N\u00f3s observamos que, em alguns casos, a perda de habitats tem ocasionado \u00e1reas de assoreamento e facilitado o despejo de res\u00edduos das atividades agropecu\u00e1rias diretamente nos mananciais, chegando nas \u00e1reas utilizadas pelos peixes-bois\u201d, diz o pesquisador.<\/span><\/p><\/blockquote>\n\n\n\n<div class=\"wp-block-image\"><figure class=\"aligncenter size-large is-resized\"><img loading=\"lazy\" decoding=\"async\" src=\"https:\/\/jornalfatosenoticias.com.br\/wp-content\/uploads\/2020\/02\/logo-Rapuzel-1024x571.jpg\" alt=\"\" class=\"wp-image-42808\" width=\"374\" height=\"208\" srcset=\"https:\/\/jornalfatosenoticias.com.br\/wp-content\/uploads\/2020\/02\/logo-Rapuzel-1024x571.jpg 1024w, https:\/\/jornalfatosenoticias.com.br\/wp-content\/uploads\/2020\/02\/logo-Rapuzel-300x167.jpg 300w, https:\/\/jornalfatosenoticias.com.br\/wp-content\/uploads\/2020\/02\/logo-Rapuzel-768x428.jpg 768w, https:\/\/jornalfatosenoticias.com.br\/wp-content\/uploads\/2020\/02\/logo-Rapuzel-1536x856.jpg 1536w, https:\/\/jornalfatosenoticias.com.br\/wp-content\/uploads\/2020\/02\/logo-Rapuzel.jpg 1600w\" sizes=\"auto, (max-width: 374px) 100vw, 374px\" \/><\/figure><\/div>\n\n\n\n<p>Uma alternativa para equacionar o problema \u00e9 vincular os dados ao zoneamento de tais \u00e1reas, com a proposi\u00e7\u00e3o de unidades de conserva\u00e7\u00e3o com maior restri\u00e7\u00e3o de uso para atividades humanas. A medida poderia impedir o n\u00famero crescente de embarca\u00e7\u00f5es motorizadas nestas \u00e1reas, decorrentes das atividades de pesca ou de recrea\u00e7\u00e3o n\u00e1utica, que traz riscos bastante cr\u00edticos aos peixes-bois, a exemplo do atropelamento por lanchas ou jet-skis.<\/p>\n\n\n\n<div class=\"wp-block-image\"><figure class=\"aligncenter size-large is-resized\"><img loading=\"lazy\" decoding=\"async\" src=\"https:\/\/jornalfatosenoticias.com.br\/wp-content\/uploads\/2023\/03\/logo-Panper_portal.jpg\" alt=\"\" class=\"wp-image-40208\" width=\"300\" height=\"208\" srcset=\"https:\/\/jornalfatosenoticias.com.br\/wp-content\/uploads\/2023\/03\/logo-Panper_portal.jpg 400w, https:\/\/jornalfatosenoticias.com.br\/wp-content\/uploads\/2023\/03\/logo-Panper_portal-300x208.jpg 300w\" sizes=\"auto, (max-width: 300px) 100vw, 300px\" \/><\/figure><\/div>\n\n\n\n<p>Para Borges, \u00e9 fundamental que todos possam se conectar com a natureza de maneira segura. \u00c9 preciso respeitar o h\u00e1bitat das esp\u00e9cies, refor\u00e7ando que as regras s\u00e3o fundamentais para que as esp\u00e9cies estejam conservadas. <\/p>\n\n\n\n<div class=\"wp-block-image\"><figure class=\"aligncenter size-large\"><img loading=\"lazy\" decoding=\"async\" width=\"300\" height=\"250\" src=\"https:\/\/jornalfatosenoticias.com.br\/wp-content\/uploads\/2020\/02\/Banner-2.png\" alt=\"\" class=\"wp-image-43787\"\/><\/figure><\/div>\n\n\n\n<blockquote class=\"wp-block-quote is-layout-flow wp-block-quote-is-layout-flow\"><p><span class=\"has-inline-color has-luminous-vivid-orange-color\">Recomendamos o estabelecimento de crit\u00e9rios e regramentos para a navega\u00e7\u00e3o n\u00e1utica, principalmente nessas \u00e1reas utilizadas por peixes-bois, para minimizar os riscos de colis\u00e3o envolvendo essas embarca\u00e7\u00f5es\u201d, conclui o pesquisador.<\/span><\/p><\/blockquote>\n\n\n\n<div class=\"wp-block-image\"><figure class=\"aligncenter size-large is-resized\"><img loading=\"lazy\" decoding=\"async\" src=\"https:\/\/jornalfatosenoticias.com.br\/wp-content\/uploads\/2023\/08\/VSM-Group.jpeg\" alt=\"\" class=\"wp-image-44364\" width=\"279\" height=\"279\"\/><\/figure><\/div>\n\n\n\n<p><strong><em>Fonte: <a href=\"https:\/\/gizmodo.uol.com.br\/plastico-ameaca-vida-de-peixes-bois-marinhos-no-brasil\/\">GizModo<\/a><\/em><\/strong><\/p>\n","protected":false},"excerpt":{"rendered":"<p>Por Ag\u00eancia Bori Res\u00edduos s\u00f3lidos, especialmente pl\u00e1sticos, est\u00e3o presentes em \u00e1reas habitadas pelo peixe-boi-marinho, mam\u00edfero aqu\u00e1tico amea\u00e7ado de extin\u00e7\u00e3o no Brasil. O pl\u00e1stico \u00e9 perigoso para os animais, com registros de \u00f3bitos por ingest\u00e3o acidental. As conclus\u00f5es s\u00e3o de uma pesquisa da Universidade Federal da Para\u00edba (UFPB), da Funda\u00e7\u00e3o Mam\u00edferos Aqu\u00e1ticos (FMA) e do Instituto [&hellip;]<\/p>\n","protected":false},"author":2,"featured_media":45285,"comment_status":"open","ping_status":"open","sticky":false,"template":"","format":"standard","meta":{"footnotes":""},"categories":[8],"tags":[20529,334,597,945,9720,577],"class_list":["post-45284","post","type-post","status-publish","format-standard","has-post-thumbnail","hentry","category-meio-ambiente","tag-agencia-bori","tag-biodiversidade","tag-brasil","tag-meio-ambiente","tag-peixe-boi-marinho","tag-plastico"],"yoast_head":"<!-- This site is optimized with the Yoast SEO plugin v26.5 - https:\/\/yoast.com\/wordpress\/plugins\/seo\/ -->\n<title>Pl\u00e1stico amea\u00e7a vida de peixes-bois-marinhos no Brasil - Jornal Fatos e Not\u00edcias<\/title>\n<meta name=\"robots\" content=\"index, follow, max-snippet:-1, max-image-preview:large, max-video-preview:-1\" \/>\n<link rel=\"canonical\" href=\"https:\/\/jornalfatosenoticias.com.br\/index.php\/2023\/09\/19\/plastico-ameaca-vida-de-peixes-bois-marinhos-no-brasil\/\" \/>\n<meta property=\"og:locale\" content=\"pt_BR\" \/>\n<meta property=\"og:type\" content=\"article\" \/>\n<meta property=\"og:title\" content=\"Pl\u00e1stico amea\u00e7a vida de peixes-bois-marinhos no Brasil - Jornal Fatos e Not\u00edcias\" \/>\n<meta property=\"og:description\" content=\"Por Ag\u00eancia Bori Res\u00edduos s\u00f3lidos, especialmente pl\u00e1sticos, est\u00e3o presentes em \u00e1reas habitadas pelo peixe-boi-marinho, mam\u00edfero aqu\u00e1tico amea\u00e7ado de extin\u00e7\u00e3o no Brasil. O pl\u00e1stico \u00e9 perigoso para os animais, com registros de \u00f3bitos por ingest\u00e3o acidental. As conclus\u00f5es s\u00e3o de uma pesquisa da Universidade Federal da Para\u00edba (UFPB), da Funda\u00e7\u00e3o Mam\u00edferos Aqu\u00e1ticos (FMA) e do Instituto [&hellip;]\" \/>\n<meta property=\"og:url\" content=\"https:\/\/jornalfatosenoticias.com.br\/index.php\/2023\/09\/19\/plastico-ameaca-vida-de-peixes-bois-marinhos-no-brasil\/\" \/>\n<meta property=\"og:site_name\" content=\"Jornal Fatos e Not\u00edcias\" \/>\n<meta property=\"article:published_time\" content=\"2023-09-19T14:09:23+00:00\" \/>\n<meta property=\"article:modified_time\" content=\"2023-09-19T14:09:24+00:00\" \/>\n<meta property=\"og:image\" content=\"https:\/\/jornalfatosenoticias.com.br\/wp-content\/uploads\/2023\/09\/peixe-boi-marinho_istockphoto.jpg\" \/>\n\t<meta property=\"og:image:width\" content=\"812\" \/>\n\t<meta property=\"og:image:height\" content=\"541\" \/>\n\t<meta property=\"og:image:type\" content=\"image\/jpeg\" \/>\n<meta name=\"author\" content=\"Luzimara Fernandes\" \/>\n<meta name=\"twitter:card\" content=\"summary_large_image\" \/>\n<meta name=\"twitter:label1\" content=\"Escrito por\" \/>\n\t<meta name=\"twitter:data1\" content=\"Luzimara Fernandes\" \/>\n\t<meta name=\"twitter:label2\" content=\"Est. tempo de leitura\" \/>\n\t<meta name=\"twitter:data2\" content=\"3 minutos\" \/>\n<script type=\"application\/ld+json\" class=\"yoast-schema-graph\">{\"@context\":\"https:\/\/schema.org\",\"@graph\":[{\"@type\":\"Article\",\"@id\":\"https:\/\/jornalfatosenoticias.com.br\/index.php\/2023\/09\/19\/plastico-ameaca-vida-de-peixes-bois-marinhos-no-brasil\/#article\",\"isPartOf\":{\"@id\":\"https:\/\/jornalfatosenoticias.com.br\/index.php\/2023\/09\/19\/plastico-ameaca-vida-de-peixes-bois-marinhos-no-brasil\/\"},\"author\":{\"name\":\"Luzimara Fernandes\",\"@id\":\"https:\/\/jornalfatosenoticias.com.br\/#\/schema\/person\/d63837fa13ac8666eb9e74e0985d6f81\"},\"headline\":\"Pl\u00e1stico amea\u00e7a vida de peixes-bois-marinhos no Brasil\",\"datePublished\":\"2023-09-19T14:09:23+00:00\",\"dateModified\":\"2023-09-19T14:09:24+00:00\",\"mainEntityOfPage\":{\"@id\":\"https:\/\/jornalfatosenoticias.com.br\/index.php\/2023\/09\/19\/plastico-ameaca-vida-de-peixes-bois-marinhos-no-brasil\/\"},\"wordCount\":596,\"commentCount\":0,\"publisher\":{\"@id\":\"https:\/\/jornalfatosenoticias.com.br\/#organization\"},\"image\":{\"@id\":\"https:\/\/jornalfatosenoticias.com.br\/index.php\/2023\/09\/19\/plastico-ameaca-vida-de-peixes-bois-marinhos-no-brasil\/#primaryimage\"},\"thumbnailUrl\":\"https:\/\/jornalfatosenoticias.com.br\/wp-content\/uploads\/2023\/09\/peixe-boi-marinho_istockphoto.jpg\",\"keywords\":[\"Ag\u00eancia Bori\",\"biodiversidade\",\"Brasil\",\"meio ambiente\",\"peixe-boi-marinho\",\"pl\u00e1stico\"],\"articleSection\":[\"Meio ambiente\"],\"inLanguage\":\"pt-BR\",\"potentialAction\":[{\"@type\":\"CommentAction\",\"name\":\"Comment\",\"target\":[\"https:\/\/jornalfatosenoticias.com.br\/index.php\/2023\/09\/19\/plastico-ameaca-vida-de-peixes-bois-marinhos-no-brasil\/#respond\"]}]},{\"@type\":\"WebPage\",\"@id\":\"https:\/\/jornalfatosenoticias.com.br\/index.php\/2023\/09\/19\/plastico-ameaca-vida-de-peixes-bois-marinhos-no-brasil\/\",\"url\":\"https:\/\/jornalfatosenoticias.com.br\/index.php\/2023\/09\/19\/plastico-ameaca-vida-de-peixes-bois-marinhos-no-brasil\/\",\"name\":\"Pl\u00e1stico amea\u00e7a vida de peixes-bois-marinhos no Brasil - Jornal Fatos e Not\u00edcias\",\"isPartOf\":{\"@id\":\"https:\/\/jornalfatosenoticias.com.br\/#website\"},\"primaryImageOfPage\":{\"@id\":\"https:\/\/jornalfatosenoticias.com.br\/index.php\/2023\/09\/19\/plastico-ameaca-vida-de-peixes-bois-marinhos-no-brasil\/#primaryimage\"},\"image\":{\"@id\":\"https:\/\/jornalfatosenoticias.com.br\/index.php\/2023\/09\/19\/plastico-ameaca-vida-de-peixes-bois-marinhos-no-brasil\/#primaryimage\"},\"thumbnailUrl\":\"https:\/\/jornalfatosenoticias.com.br\/wp-content\/uploads\/2023\/09\/peixe-boi-marinho_istockphoto.jpg\",\"datePublished\":\"2023-09-19T14:09:23+00:00\",\"dateModified\":\"2023-09-19T14:09:24+00:00\",\"breadcrumb\":{\"@id\":\"https:\/\/jornalfatosenoticias.com.br\/index.php\/2023\/09\/19\/plastico-ameaca-vida-de-peixes-bois-marinhos-no-brasil\/#breadcrumb\"},\"inLanguage\":\"pt-BR\",\"potentialAction\":[{\"@type\":\"ReadAction\",\"target\":[\"https:\/\/jornalfatosenoticias.com.br\/index.php\/2023\/09\/19\/plastico-ameaca-vida-de-peixes-bois-marinhos-no-brasil\/\"]}]},{\"@type\":\"ImageObject\",\"inLanguage\":\"pt-BR\",\"@id\":\"https:\/\/jornalfatosenoticias.com.br\/index.php\/2023\/09\/19\/plastico-ameaca-vida-de-peixes-bois-marinhos-no-brasil\/#primaryimage\",\"url\":\"https:\/\/jornalfatosenoticias.com.br\/wp-content\/uploads\/2023\/09\/peixe-boi-marinho_istockphoto.jpg\",\"contentUrl\":\"https:\/\/jornalfatosenoticias.com.br\/wp-content\/uploads\/2023\/09\/peixe-boi-marinho_istockphoto.jpg\",\"width\":812,\"height\":541,\"caption\":\"Antillean manatee (Trichechus manatus manatus). Wildlife animal.\"},{\"@type\":\"BreadcrumbList\",\"@id\":\"https:\/\/jornalfatosenoticias.com.br\/index.php\/2023\/09\/19\/plastico-ameaca-vida-de-peixes-bois-marinhos-no-brasil\/#breadcrumb\",\"itemListElement\":[{\"@type\":\"ListItem\",\"position\":1,\"name\":\"In\u00edcio\",\"item\":\"https:\/\/jornalfatosenoticias.com.br\/\"},{\"@type\":\"ListItem\",\"position\":2,\"name\":\"Pl\u00e1stico amea\u00e7a vida de peixes-bois-marinhos no Brasil\"}]},{\"@type\":\"WebSite\",\"@id\":\"https:\/\/jornalfatosenoticias.com.br\/#website\",\"url\":\"https:\/\/jornalfatosenoticias.com.br\/\",\"name\":\"Jornal Fatos e Not\u00edcias\",\"description\":\"Not\u00edcias em geral\",\"publisher\":{\"@id\":\"https:\/\/jornalfatosenoticias.com.br\/#organization\"},\"potentialAction\":[{\"@type\":\"SearchAction\",\"target\":{\"@type\":\"EntryPoint\",\"urlTemplate\":\"https:\/\/jornalfatosenoticias.com.br\/?s={search_term_string}\"},\"query-input\":{\"@type\":\"PropertyValueSpecification\",\"valueRequired\":true,\"valueName\":\"search_term_string\"}}],\"inLanguage\":\"pt-BR\"},{\"@type\":\"Organization\",\"@id\":\"https:\/\/jornalfatosenoticias.com.br\/#organization\",\"name\":\"Jornal Fatos e Not\u00edcias\",\"url\":\"https:\/\/jornalfatosenoticias.com.br\/\",\"logo\":{\"@type\":\"ImageObject\",\"inLanguage\":\"pt-BR\",\"@id\":\"https:\/\/jornalfatosenoticias.com.br\/#\/schema\/logo\/image\/\",\"url\":\"https:\/\/jornalfatosenoticias.com.br\/wp-content\/uploads\/2020\/02\/logo120.png\",\"contentUrl\":\"https:\/\/jornalfatosenoticias.com.br\/wp-content\/uploads\/2020\/02\/logo120.png\",\"width\":1227,\"height\":120,\"caption\":\"Jornal Fatos e Not\u00edcias\"},\"image\":{\"@id\":\"https:\/\/jornalfatosenoticias.com.br\/#\/schema\/logo\/image\/\"}},{\"@type\":\"Person\",\"@id\":\"https:\/\/jornalfatosenoticias.com.br\/#\/schema\/person\/d63837fa13ac8666eb9e74e0985d6f81\",\"name\":\"Luzimara Fernandes\",\"image\":{\"@type\":\"ImageObject\",\"inLanguage\":\"pt-BR\",\"@id\":\"https:\/\/jornalfatosenoticias.com.br\/#\/schema\/person\/image\/\",\"url\":\"https:\/\/jornalfatosenoticias.com.br\/wp-content\/uploads\/2025\/05\/EU_portal.jpg\",\"contentUrl\":\"https:\/\/jornalfatosenoticias.com.br\/wp-content\/uploads\/2025\/05\/EU_portal.jpg\",\"caption\":\"Luzimara Fernandes\"},\"description\":\"Jornalista MTB 2358-ES\",\"sameAs\":[\"https:\/\/jornalfatosenoticias.com.br\"],\"url\":\"https:\/\/jornalfatosenoticias.com.br\/index.php\/author\/luzimara\/\"}]}<\/script>\n<!-- \/ Yoast SEO plugin. -->","yoast_head_json":{"title":"Pl\u00e1stico amea\u00e7a vida de peixes-bois-marinhos no Brasil - Jornal Fatos e Not\u00edcias","robots":{"index":"index","follow":"follow","max-snippet":"max-snippet:-1","max-image-preview":"max-image-preview:large","max-video-preview":"max-video-preview:-1"},"canonical":"https:\/\/jornalfatosenoticias.com.br\/index.php\/2023\/09\/19\/plastico-ameaca-vida-de-peixes-bois-marinhos-no-brasil\/","og_locale":"pt_BR","og_type":"article","og_title":"Pl\u00e1stico amea\u00e7a vida de peixes-bois-marinhos no Brasil - Jornal Fatos e Not\u00edcias","og_description":"Por Ag\u00eancia Bori Res\u00edduos s\u00f3lidos, especialmente pl\u00e1sticos, est\u00e3o presentes em \u00e1reas habitadas pelo peixe-boi-marinho, mam\u00edfero aqu\u00e1tico amea\u00e7ado de extin\u00e7\u00e3o no Brasil. O pl\u00e1stico \u00e9 perigoso para os animais, com registros de \u00f3bitos por ingest\u00e3o acidental. As conclus\u00f5es s\u00e3o de uma pesquisa da Universidade Federal da Para\u00edba (UFPB), da Funda\u00e7\u00e3o Mam\u00edferos Aqu\u00e1ticos (FMA) e do Instituto [&hellip;]","og_url":"https:\/\/jornalfatosenoticias.com.br\/index.php\/2023\/09\/19\/plastico-ameaca-vida-de-peixes-bois-marinhos-no-brasil\/","og_site_name":"Jornal Fatos e Not\u00edcias","article_published_time":"2023-09-19T14:09:23+00:00","article_modified_time":"2023-09-19T14:09:24+00:00","og_image":[{"width":812,"height":541,"url":"https:\/\/jornalfatosenoticias.com.br\/wp-content\/uploads\/2023\/09\/peixe-boi-marinho_istockphoto.jpg","type":"image\/jpeg"}],"author":"Luzimara Fernandes","twitter_card":"summary_large_image","twitter_misc":{"Escrito por":"Luzimara Fernandes","Est. tempo de leitura":"3 minutos"},"schema":{"@context":"https:\/\/schema.org","@graph":[{"@type":"Article","@id":"https:\/\/jornalfatosenoticias.com.br\/index.php\/2023\/09\/19\/plastico-ameaca-vida-de-peixes-bois-marinhos-no-brasil\/#article","isPartOf":{"@id":"https:\/\/jornalfatosenoticias.com.br\/index.php\/2023\/09\/19\/plastico-ameaca-vida-de-peixes-bois-marinhos-no-brasil\/"},"author":{"name":"Luzimara Fernandes","@id":"https:\/\/jornalfatosenoticias.com.br\/#\/schema\/person\/d63837fa13ac8666eb9e74e0985d6f81"},"headline":"Pl\u00e1stico amea\u00e7a vida de peixes-bois-marinhos no Brasil","datePublished":"2023-09-19T14:09:23+00:00","dateModified":"2023-09-19T14:09:24+00:00","mainEntityOfPage":{"@id":"https:\/\/jornalfatosenoticias.com.br\/index.php\/2023\/09\/19\/plastico-ameaca-vida-de-peixes-bois-marinhos-no-brasil\/"},"wordCount":596,"commentCount":0,"publisher":{"@id":"https:\/\/jornalfatosenoticias.com.br\/#organization"},"image":{"@id":"https:\/\/jornalfatosenoticias.com.br\/index.php\/2023\/09\/19\/plastico-ameaca-vida-de-peixes-bois-marinhos-no-brasil\/#primaryimage"},"thumbnailUrl":"https:\/\/jornalfatosenoticias.com.br\/wp-content\/uploads\/2023\/09\/peixe-boi-marinho_istockphoto.jpg","keywords":["Ag\u00eancia Bori","biodiversidade","Brasil","meio ambiente","peixe-boi-marinho","pl\u00e1stico"],"articleSection":["Meio ambiente"],"inLanguage":"pt-BR","potentialAction":[{"@type":"CommentAction","name":"Comment","target":["https:\/\/jornalfatosenoticias.com.br\/index.php\/2023\/09\/19\/plastico-ameaca-vida-de-peixes-bois-marinhos-no-brasil\/#respond"]}]},{"@type":"WebPage","@id":"https:\/\/jornalfatosenoticias.com.br\/index.php\/2023\/09\/19\/plastico-ameaca-vida-de-peixes-bois-marinhos-no-brasil\/","url":"https:\/\/jornalfatosenoticias.com.br\/index.php\/2023\/09\/19\/plastico-ameaca-vida-de-peixes-bois-marinhos-no-brasil\/","name":"Pl\u00e1stico amea\u00e7a vida de peixes-bois-marinhos no Brasil - Jornal Fatos e Not\u00edcias","isPartOf":{"@id":"https:\/\/jornalfatosenoticias.com.br\/#website"},"primaryImageOfPage":{"@id":"https:\/\/jornalfatosenoticias.com.br\/index.php\/2023\/09\/19\/plastico-ameaca-vida-de-peixes-bois-marinhos-no-brasil\/#primaryimage"},"image":{"@id":"https:\/\/jornalfatosenoticias.com.br\/index.php\/2023\/09\/19\/plastico-ameaca-vida-de-peixes-bois-marinhos-no-brasil\/#primaryimage"},"thumbnailUrl":"https:\/\/jornalfatosenoticias.com.br\/wp-content\/uploads\/2023\/09\/peixe-boi-marinho_istockphoto.jpg","datePublished":"2023-09-19T14:09:23+00:00","dateModified":"2023-09-19T14:09:24+00:00","breadcrumb":{"@id":"https:\/\/jornalfatosenoticias.com.br\/index.php\/2023\/09\/19\/plastico-ameaca-vida-de-peixes-bois-marinhos-no-brasil\/#breadcrumb"},"inLanguage":"pt-BR","potentialAction":[{"@type":"ReadAction","target":["https:\/\/jornalfatosenoticias.com.br\/index.php\/2023\/09\/19\/plastico-ameaca-vida-de-peixes-bois-marinhos-no-brasil\/"]}]},{"@type":"ImageObject","inLanguage":"pt-BR","@id":"https:\/\/jornalfatosenoticias.com.br\/index.php\/2023\/09\/19\/plastico-ameaca-vida-de-peixes-bois-marinhos-no-brasil\/#primaryimage","url":"https:\/\/jornalfatosenoticias.com.br\/wp-content\/uploads\/2023\/09\/peixe-boi-marinho_istockphoto.jpg","contentUrl":"https:\/\/jornalfatosenoticias.com.br\/wp-content\/uploads\/2023\/09\/peixe-boi-marinho_istockphoto.jpg","width":812,"height":541,"caption":"Antillean manatee (Trichechus manatus manatus). Wildlife animal."},{"@type":"BreadcrumbList","@id":"https:\/\/jornalfatosenoticias.com.br\/index.php\/2023\/09\/19\/plastico-ameaca-vida-de-peixes-bois-marinhos-no-brasil\/#breadcrumb","itemListElement":[{"@type":"ListItem","position":1,"name":"In\u00edcio","item":"https:\/\/jornalfatosenoticias.com.br\/"},{"@type":"ListItem","position":2,"name":"Pl\u00e1stico amea\u00e7a vida de peixes-bois-marinhos no Brasil"}]},{"@type":"WebSite","@id":"https:\/\/jornalfatosenoticias.com.br\/#website","url":"https:\/\/jornalfatosenoticias.com.br\/","name":"Jornal Fatos e Not\u00edcias","description":"Not\u00edcias em geral","publisher":{"@id":"https:\/\/jornalfatosenoticias.com.br\/#organization"},"potentialAction":[{"@type":"SearchAction","target":{"@type":"EntryPoint","urlTemplate":"https:\/\/jornalfatosenoticias.com.br\/?s={search_term_string}"},"query-input":{"@type":"PropertyValueSpecification","valueRequired":true,"valueName":"search_term_string"}}],"inLanguage":"pt-BR"},{"@type":"Organization","@id":"https:\/\/jornalfatosenoticias.com.br\/#organization","name":"Jornal Fatos e Not\u00edcias","url":"https:\/\/jornalfatosenoticias.com.br\/","logo":{"@type":"ImageObject","inLanguage":"pt-BR","@id":"https:\/\/jornalfatosenoticias.com.br\/#\/schema\/logo\/image\/","url":"https:\/\/jornalfatosenoticias.com.br\/wp-content\/uploads\/2020\/02\/logo120.png","contentUrl":"https:\/\/jornalfatosenoticias.com.br\/wp-content\/uploads\/2020\/02\/logo120.png","width":1227,"height":120,"caption":"Jornal Fatos e Not\u00edcias"},"image":{"@id":"https:\/\/jornalfatosenoticias.com.br\/#\/schema\/logo\/image\/"}},{"@type":"Person","@id":"https:\/\/jornalfatosenoticias.com.br\/#\/schema\/person\/d63837fa13ac8666eb9e74e0985d6f81","name":"Luzimara Fernandes","image":{"@type":"ImageObject","inLanguage":"pt-BR","@id":"https:\/\/jornalfatosenoticias.com.br\/#\/schema\/person\/image\/","url":"https:\/\/jornalfatosenoticias.com.br\/wp-content\/uploads\/2025\/05\/EU_portal.jpg","contentUrl":"https:\/\/jornalfatosenoticias.com.br\/wp-content\/uploads\/2025\/05\/EU_portal.jpg","caption":"Luzimara Fernandes"},"description":"Jornalista MTB 2358-ES","sameAs":["https:\/\/jornalfatosenoticias.com.br"],"url":"https:\/\/jornalfatosenoticias.com.br\/index.php\/author\/luzimara\/"}]}},"cc_featured_image_caption":{"caption_text":"(Foto: iStock)","source_text":"","source_url":""},"jetpack_featured_media_url":"https:\/\/jornalfatosenoticias.com.br\/wp-content\/uploads\/2023\/09\/peixe-boi-marinho_istockphoto.jpg","_links":{"self":[{"href":"https:\/\/jornalfatosenoticias.com.br\/index.php\/wp-json\/wp\/v2\/posts\/45284","targetHints":{"allow":["GET"]}}],"collection":[{"href":"https:\/\/jornalfatosenoticias.com.br\/index.php\/wp-json\/wp\/v2\/posts"}],"about":[{"href":"https:\/\/jornalfatosenoticias.com.br\/index.php\/wp-json\/wp\/v2\/types\/post"}],"author":[{"embeddable":true,"href":"https:\/\/jornalfatosenoticias.com.br\/index.php\/wp-json\/wp\/v2\/users\/2"}],"replies":[{"embeddable":true,"href":"https:\/\/jornalfatosenoticias.com.br\/index.php\/wp-json\/wp\/v2\/comments?post=45284"}],"version-history":[{"count":0,"href":"https:\/\/jornalfatosenoticias.com.br\/index.php\/wp-json\/wp\/v2\/posts\/45284\/revisions"}],"wp:featuredmedia":[{"embeddable":true,"href":"https:\/\/jornalfatosenoticias.com.br\/index.php\/wp-json\/wp\/v2\/media\/45285"}],"wp:attachment":[{"href":"https:\/\/jornalfatosenoticias.com.br\/index.php\/wp-json\/wp\/v2\/media?parent=45284"}],"wp:term":[{"taxonomy":"category","embeddable":true,"href":"https:\/\/jornalfatosenoticias.com.br\/index.php\/wp-json\/wp\/v2\/categories?post=45284"},{"taxonomy":"post_tag","embeddable":true,"href":"https:\/\/jornalfatosenoticias.com.br\/index.php\/wp-json\/wp\/v2\/tags?post=45284"}],"curies":[{"name":"wp","href":"https:\/\/api.w.org\/{rel}","templated":true}]}}