{"id":45287,"date":"2023-09-19T11:19:47","date_gmt":"2023-09-19T14:19:47","guid":{"rendered":"https:\/\/jornalfatosenoticias.com.br\/?p=45287"},"modified":"2023-09-19T11:19:48","modified_gmt":"2023-09-19T14:19:48","slug":"otimismo-exagerado-diz-economista-sobre-nova-projecao-da-fazenda-para-o-pib","status":"publish","type":"post","link":"https:\/\/jornalfatosenoticias.com.br\/index.php\/2023\/09\/19\/otimismo-exagerado-diz-economista-sobre-nova-projecao-da-fazenda-para-o-pib\/","title":{"rendered":"\u201cOtimismo exagerado\u201d, diz economista sobre nova proje\u00e7\u00e3o da Fazenda para o PIB"},"content":{"rendered":"\n<p><em><span class=\"has-inline-color has-black-color\">Por <strong><a href=\"https:\/\/www.gazetadopovo.com.br\/autor\/diogenes-freire-feitosa\/\">Di\u00f3genes Freire Feitosa<\/a><\/strong><\/span><\/em><\/p>\n\n\n\n<div class=\"wp-block-image\"><figure class=\"aligncenter size-large\"><img decoding=\"async\" src=\"https:\/\/jornalfatosenoticias.com.br\/wp-content\/uploads\/2020\/02\/barao-das-carnes-300x164-1.jpg\" alt=\"\" class=\"wp-image-34339\"\/><\/figure><\/div>\n\n\n\n<p>O economista Jason Vieira classificou como \u201cotimismo exagerado\u201d a eleva\u00e7\u00e3o na proje\u00e7\u00e3o do Produto Interno Bruto (PIB) pelo Minist\u00e9rio da Fazenda. <a href=\"https:\/\/www.gazetadopovo.com.br\/economia\/crescimento-pib-2023-previsao-governo-32\/?ref=link-interno-materia\">A pasta comandada por Fernando Haddad aumentou a previs\u00e3o de crescimento do PIB de 2,5% para 3,2%.<\/a> A previs\u00e3o supera, por exemplo, a proje\u00e7\u00e3o feita pelo Fundo Monet\u00e1rio Internacional (FMI), que \u00e9 de 3%.<\/p>\n\n\n\n<blockquote class=\"wp-block-quote is-layout-flow wp-block-quote-is-layout-flow\"><p><span class=\"has-inline-color has-luminous-vivid-orange-color\">Conta-se com o Agro e obviamente o Agro \u00e9 um dos drivers do crescimento brasileiro [\u2026] \u00c9 o setor que melhor entrega neste momento, mas n\u00f3s temos, por exemplo, uma proje\u00e7\u00e3o de crescimento da Ind\u00fastria que n\u00e3o coaduna com os \u00faltimos indicadores que estamos observando, al\u00e9m de indicadores de Servi\u00e7os, que na verdade \u00e9 o maior peso no PIB. O crescimento deve ser mais robusto (este ano), h\u00e1 v\u00e1rios motivos para isso, mas n\u00f3s ainda dependemos da quest\u00e3o chinesa, que ainda est\u00e1 indefinida no curto prazo\u201d, disse o economista durante entrevista no Jornal da Manh\u00e3, da Jovem Pan, nesta ter\u00e7a-feira (19).<\/span><\/p><\/blockquote>\n\n\n\n<div class=\"wp-block-image\"><figure class=\"aligncenter size-large is-resized\"><img loading=\"lazy\" decoding=\"async\" src=\"https:\/\/jornalfatosenoticias.com.br\/wp-content\/uploads\/2022\/02\/Precisao-Contabilidade-1024x724.jpg\" alt=\"\" class=\"wp-image-28088\" width=\"341\" height=\"241\"\/><\/figure><\/div>\n\n\n\n<p>O boletim MacroFiscal divulgado na \u00faltima segunda-feira (18) pela Secretaria de Pol\u00edtica Econ\u00f4mica (SPE) repercute, principalmente, o resultado do PIB no segundo trimestre do ano, que cresceu 0,9% na margem e 3,4% na compara\u00e7\u00e3o com os 12 meses anteriores.<\/p>\n\n\n\n<div class=\"wp-block-image\"><figure class=\"aligncenter size-large is-resized\"><img loading=\"lazy\" decoding=\"async\" src=\"https:\/\/jornalfatosenoticias.com.br\/wp-content\/uploads\/2023\/03\/nova-logo-Marquetti.jpg\" alt=\"\" class=\"wp-image-40207\" width=\"356\" height=\"239\" srcset=\"https:\/\/jornalfatosenoticias.com.br\/wp-content\/uploads\/2023\/03\/nova-logo-Marquetti.jpg 643w, https:\/\/jornalfatosenoticias.com.br\/wp-content\/uploads\/2023\/03\/nova-logo-Marquetti-300x202.jpg 300w\" sizes=\"auto, (max-width: 356px) 100vw, 356px\" \/><\/figure><\/div>\n\n\n\n<p>Os n\u00fameros positivos do Agro s\u00e3o empurrados pela safra recorde deste ano. Para se ter uma ideia, s\u00f3 a safra de milho colhida no Mato Grosso deve ser maior do que toda a produ\u00e7\u00e3o do gr\u00e3o na Ucr\u00e2nia. Por outro lado, de acordo com a Confedera\u00e7\u00e3o Nacional da Ind\u00fastria (CNI), o \u00cdndice de Confian\u00e7a do Empres\u00e1rio na Ind\u00fastria (ICEI) recuou 1,3% entre agosto e setembro deste ano.<\/p>\n\n\n\n<div class=\"wp-block-image\"><figure class=\"aligncenter size-large is-resized\"><img loading=\"lazy\" decoding=\"async\" src=\"https:\/\/jornalfatosenoticias.com.br\/wp-content\/uploads\/2023\/08\/BKR-1024x1021.jpg\" alt=\"\" class=\"wp-image-44494\" width=\"317\" height=\"316\" srcset=\"https:\/\/jornalfatosenoticias.com.br\/wp-content\/uploads\/2023\/08\/BKR-1024x1021.jpg 1024w, https:\/\/jornalfatosenoticias.com.br\/wp-content\/uploads\/2023\/08\/BKR-300x300.jpg 300w, https:\/\/jornalfatosenoticias.com.br\/wp-content\/uploads\/2023\/08\/BKR-150x150.jpg 150w, https:\/\/jornalfatosenoticias.com.br\/wp-content\/uploads\/2023\/08\/BKR-768x766.jpg 768w, https:\/\/jornalfatosenoticias.com.br\/wp-content\/uploads\/2023\/08\/BKR.jpg 1080w\" sizes=\"auto, (max-width: 317px) 100vw, 317px\" \/><\/figure><\/div>\n\n\n\n<p><strong><em>Fonte: <a href=\"https:\/\/www.gazetadopovo.com.br\/economia\/otimismo-exagerado-diz-economista-sobre-nova-projecao-da-fazenda-para-o-pib\/\">Gazeta do Povo<\/a><\/em><\/strong><\/p>\n","protected":false},"excerpt":{"rendered":"<p>Por Di\u00f3genes Freire Feitosa O economista Jason Vieira classificou como \u201cotimismo exagerado\u201d a eleva\u00e7\u00e3o na proje\u00e7\u00e3o do Produto Interno Bruto (PIB) pelo Minist\u00e9rio da Fazenda. A pasta comandada por Fernando Haddad aumentou a previs\u00e3o de crescimento do PIB de 2,5% para 3,2%. A previs\u00e3o supera, por exemplo, a proje\u00e7\u00e3o feita pelo Fundo Monet\u00e1rio Internacional (FMI), [&hellip;]<\/p>\n","protected":false},"author":2,"featured_media":45288,"comment_status":"open","ping_status":"open","sticky":false,"template":"","format":"standard","meta":{"footnotes":""},"categories":[9],"tags":[240,18156,18851,18916,21326],"class_list":["post-45287","post","type-post","status-publish","format-standard","has-post-thumbnail","hentry","category-economia","tag-economia","tag-fiasco-economico","tag-fiasco-haddad","tag-ministerio-da-fazenda","tag-otimismo-exagerado"],"yoast_head":"<!-- This site is optimized with the Yoast SEO plugin v26.5 - https:\/\/yoast.com\/wordpress\/plugins\/seo\/ -->\n<title>\u201cOtimismo exagerado\u201d, diz economista sobre nova proje\u00e7\u00e3o da Fazenda para o PIB - Jornal Fatos e Not\u00edcias<\/title>\n<meta name=\"robots\" content=\"index, follow, max-snippet:-1, max-image-preview:large, max-video-preview:-1\" \/>\n<link rel=\"canonical\" href=\"https:\/\/jornalfatosenoticias.com.br\/index.php\/2023\/09\/19\/otimismo-exagerado-diz-economista-sobre-nova-projecao-da-fazenda-para-o-pib\/\" \/>\n<meta property=\"og:locale\" content=\"pt_BR\" \/>\n<meta property=\"og:type\" content=\"article\" \/>\n<meta property=\"og:title\" content=\"\u201cOtimismo exagerado\u201d, diz economista sobre nova proje\u00e7\u00e3o da Fazenda para o PIB - Jornal Fatos e Not\u00edcias\" \/>\n<meta property=\"og:description\" content=\"Por Di\u00f3genes Freire Feitosa O economista Jason Vieira classificou como \u201cotimismo exagerado\u201d a eleva\u00e7\u00e3o na proje\u00e7\u00e3o do Produto Interno Bruto (PIB) pelo Minist\u00e9rio da Fazenda. A pasta comandada por Fernando Haddad aumentou a previs\u00e3o de crescimento do PIB de 2,5% para 3,2%. A previs\u00e3o supera, por exemplo, a proje\u00e7\u00e3o feita pelo Fundo Monet\u00e1rio Internacional (FMI), [&hellip;]\" \/>\n<meta property=\"og:url\" content=\"https:\/\/jornalfatosenoticias.com.br\/index.php\/2023\/09\/19\/otimismo-exagerado-diz-economista-sobre-nova-projecao-da-fazenda-para-o-pib\/\" \/>\n<meta property=\"og:site_name\" content=\"Jornal Fatos e Not\u00edcias\" \/>\n<meta property=\"article:published_time\" content=\"2023-09-19T14:19:47+00:00\" \/>\n<meta property=\"article:modified_time\" content=\"2023-09-19T14:19:48+00:00\" \/>\n<meta property=\"og:image\" content=\"https:\/\/jornalfatosenoticias.com.br\/wp-content\/uploads\/2023\/09\/jason-economista.jpg\" \/>\n\t<meta property=\"og:image:width\" content=\"600\" \/>\n\t<meta property=\"og:image:height\" content=\"450\" \/>\n\t<meta property=\"og:image:type\" content=\"image\/jpeg\" \/>\n<meta name=\"author\" content=\"Luzimara Fernandes\" \/>\n<meta name=\"twitter:card\" content=\"summary_large_image\" \/>\n<meta name=\"twitter:label1\" content=\"Escrito por\" \/>\n\t<meta name=\"twitter:data1\" content=\"Luzimara Fernandes\" \/>\n\t<meta name=\"twitter:label2\" content=\"Est. tempo de leitura\" \/>\n\t<meta name=\"twitter:data2\" content=\"1 minuto\" \/>\n<script type=\"application\/ld+json\" class=\"yoast-schema-graph\">{\"@context\":\"https:\/\/schema.org\",\"@graph\":[{\"@type\":\"Article\",\"@id\":\"https:\/\/jornalfatosenoticias.com.br\/index.php\/2023\/09\/19\/otimismo-exagerado-diz-economista-sobre-nova-projecao-da-fazenda-para-o-pib\/#article\",\"isPartOf\":{\"@id\":\"https:\/\/jornalfatosenoticias.com.br\/index.php\/2023\/09\/19\/otimismo-exagerado-diz-economista-sobre-nova-projecao-da-fazenda-para-o-pib\/\"},\"author\":{\"name\":\"Luzimara Fernandes\",\"@id\":\"https:\/\/jornalfatosenoticias.com.br\/#\/schema\/person\/d63837fa13ac8666eb9e74e0985d6f81\"},\"headline\":\"\u201cOtimismo exagerado\u201d, diz economista sobre nova proje\u00e7\u00e3o da Fazenda para o PIB\",\"datePublished\":\"2023-09-19T14:19:47+00:00\",\"dateModified\":\"2023-09-19T14:19:48+00:00\",\"mainEntityOfPage\":{\"@id\":\"https:\/\/jornalfatosenoticias.com.br\/index.php\/2023\/09\/19\/otimismo-exagerado-diz-economista-sobre-nova-projecao-da-fazenda-para-o-pib\/\"},\"wordCount\":300,\"commentCount\":0,\"publisher\":{\"@id\":\"https:\/\/jornalfatosenoticias.com.br\/#organization\"},\"image\":{\"@id\":\"https:\/\/jornalfatosenoticias.com.br\/index.php\/2023\/09\/19\/otimismo-exagerado-diz-economista-sobre-nova-projecao-da-fazenda-para-o-pib\/#primaryimage\"},\"thumbnailUrl\":\"https:\/\/jornalfatosenoticias.com.br\/wp-content\/uploads\/2023\/09\/jason-economista.jpg\",\"keywords\":[\"economia\",\"fiasco econ\u00f4mico\",\"fiasco Haddad\",\"Minist\u00e9rio da Fazenda\",\"otimismo exagerado\"],\"articleSection\":[\"Economia\"],\"inLanguage\":\"pt-BR\",\"potentialAction\":[{\"@type\":\"CommentAction\",\"name\":\"Comment\",\"target\":[\"https:\/\/jornalfatosenoticias.com.br\/index.php\/2023\/09\/19\/otimismo-exagerado-diz-economista-sobre-nova-projecao-da-fazenda-para-o-pib\/#respond\"]}]},{\"@type\":\"WebPage\",\"@id\":\"https:\/\/jornalfatosenoticias.com.br\/index.php\/2023\/09\/19\/otimismo-exagerado-diz-economista-sobre-nova-projecao-da-fazenda-para-o-pib\/\",\"url\":\"https:\/\/jornalfatosenoticias.com.br\/index.php\/2023\/09\/19\/otimismo-exagerado-diz-economista-sobre-nova-projecao-da-fazenda-para-o-pib\/\",\"name\":\"\u201cOtimismo exagerado\u201d, diz economista sobre nova proje\u00e7\u00e3o da Fazenda para o PIB - Jornal Fatos e Not\u00edcias\",\"isPartOf\":{\"@id\":\"https:\/\/jornalfatosenoticias.com.br\/#website\"},\"primaryImageOfPage\":{\"@id\":\"https:\/\/jornalfatosenoticias.com.br\/index.php\/2023\/09\/19\/otimismo-exagerado-diz-economista-sobre-nova-projecao-da-fazenda-para-o-pib\/#primaryimage\"},\"image\":{\"@id\":\"https:\/\/jornalfatosenoticias.com.br\/index.php\/2023\/09\/19\/otimismo-exagerado-diz-economista-sobre-nova-projecao-da-fazenda-para-o-pib\/#primaryimage\"},\"thumbnailUrl\":\"https:\/\/jornalfatosenoticias.com.br\/wp-content\/uploads\/2023\/09\/jason-economista.jpg\",\"datePublished\":\"2023-09-19T14:19:47+00:00\",\"dateModified\":\"2023-09-19T14:19:48+00:00\",\"breadcrumb\":{\"@id\":\"https:\/\/jornalfatosenoticias.com.br\/index.php\/2023\/09\/19\/otimismo-exagerado-diz-economista-sobre-nova-projecao-da-fazenda-para-o-pib\/#breadcrumb\"},\"inLanguage\":\"pt-BR\",\"potentialAction\":[{\"@type\":\"ReadAction\",\"target\":[\"https:\/\/jornalfatosenoticias.com.br\/index.php\/2023\/09\/19\/otimismo-exagerado-diz-economista-sobre-nova-projecao-da-fazenda-para-o-pib\/\"]}]},{\"@type\":\"ImageObject\",\"inLanguage\":\"pt-BR\",\"@id\":\"https:\/\/jornalfatosenoticias.com.br\/index.php\/2023\/09\/19\/otimismo-exagerado-diz-economista-sobre-nova-projecao-da-fazenda-para-o-pib\/#primaryimage\",\"url\":\"https:\/\/jornalfatosenoticias.com.br\/wp-content\/uploads\/2023\/09\/jason-economista.jpg\",\"contentUrl\":\"https:\/\/jornalfatosenoticias.com.br\/wp-content\/uploads\/2023\/09\/jason-economista.jpg\",\"width\":600,\"height\":450},{\"@type\":\"BreadcrumbList\",\"@id\":\"https:\/\/jornalfatosenoticias.com.br\/index.php\/2023\/09\/19\/otimismo-exagerado-diz-economista-sobre-nova-projecao-da-fazenda-para-o-pib\/#breadcrumb\",\"itemListElement\":[{\"@type\":\"ListItem\",\"position\":1,\"name\":\"In\u00edcio\",\"item\":\"https:\/\/jornalfatosenoticias.com.br\/\"},{\"@type\":\"ListItem\",\"position\":2,\"name\":\"\u201cOtimismo exagerado\u201d, diz economista sobre nova proje\u00e7\u00e3o da Fazenda para o PIB\"}]},{\"@type\":\"WebSite\",\"@id\":\"https:\/\/jornalfatosenoticias.com.br\/#website\",\"url\":\"https:\/\/jornalfatosenoticias.com.br\/\",\"name\":\"Jornal Fatos e Not\u00edcias\",\"description\":\"Not\u00edcias em geral\",\"publisher\":{\"@id\":\"https:\/\/jornalfatosenoticias.com.br\/#organization\"},\"potentialAction\":[{\"@type\":\"SearchAction\",\"target\":{\"@type\":\"EntryPoint\",\"urlTemplate\":\"https:\/\/jornalfatosenoticias.com.br\/?s={search_term_string}\"},\"query-input\":{\"@type\":\"PropertyValueSpecification\",\"valueRequired\":true,\"valueName\":\"search_term_string\"}}],\"inLanguage\":\"pt-BR\"},{\"@type\":\"Organization\",\"@id\":\"https:\/\/jornalfatosenoticias.com.br\/#organization\",\"name\":\"Jornal Fatos e Not\u00edcias\",\"url\":\"https:\/\/jornalfatosenoticias.com.br\/\",\"logo\":{\"@type\":\"ImageObject\",\"inLanguage\":\"pt-BR\",\"@id\":\"https:\/\/jornalfatosenoticias.com.br\/#\/schema\/logo\/image\/\",\"url\":\"https:\/\/jornalfatosenoticias.com.br\/wp-content\/uploads\/2020\/02\/logo120.png\",\"contentUrl\":\"https:\/\/jornalfatosenoticias.com.br\/wp-content\/uploads\/2020\/02\/logo120.png\",\"width\":1227,\"height\":120,\"caption\":\"Jornal Fatos e Not\u00edcias\"},\"image\":{\"@id\":\"https:\/\/jornalfatosenoticias.com.br\/#\/schema\/logo\/image\/\"}},{\"@type\":\"Person\",\"@id\":\"https:\/\/jornalfatosenoticias.com.br\/#\/schema\/person\/d63837fa13ac8666eb9e74e0985d6f81\",\"name\":\"Luzimara Fernandes\",\"image\":{\"@type\":\"ImageObject\",\"inLanguage\":\"pt-BR\",\"@id\":\"https:\/\/jornalfatosenoticias.com.br\/#\/schema\/person\/image\/\",\"url\":\"https:\/\/jornalfatosenoticias.com.br\/wp-content\/uploads\/2025\/05\/EU_portal.jpg\",\"contentUrl\":\"https:\/\/jornalfatosenoticias.com.br\/wp-content\/uploads\/2025\/05\/EU_portal.jpg\",\"caption\":\"Luzimara Fernandes\"},\"description\":\"Jornalista MTB 2358-ES\",\"sameAs\":[\"https:\/\/jornalfatosenoticias.com.br\"],\"url\":\"https:\/\/jornalfatosenoticias.com.br\/index.php\/author\/luzimara\/\"}]}<\/script>\n<!-- \/ Yoast SEO plugin. -->","yoast_head_json":{"title":"\u201cOtimismo exagerado\u201d, diz economista sobre nova proje\u00e7\u00e3o da Fazenda para o PIB - Jornal Fatos e Not\u00edcias","robots":{"index":"index","follow":"follow","max-snippet":"max-snippet:-1","max-image-preview":"max-image-preview:large","max-video-preview":"max-video-preview:-1"},"canonical":"https:\/\/jornalfatosenoticias.com.br\/index.php\/2023\/09\/19\/otimismo-exagerado-diz-economista-sobre-nova-projecao-da-fazenda-para-o-pib\/","og_locale":"pt_BR","og_type":"article","og_title":"\u201cOtimismo exagerado\u201d, diz economista sobre nova proje\u00e7\u00e3o da Fazenda para o PIB - Jornal Fatos e Not\u00edcias","og_description":"Por Di\u00f3genes Freire Feitosa O economista Jason Vieira classificou como \u201cotimismo exagerado\u201d a eleva\u00e7\u00e3o na proje\u00e7\u00e3o do Produto Interno Bruto (PIB) pelo Minist\u00e9rio da Fazenda. A pasta comandada por Fernando Haddad aumentou a previs\u00e3o de crescimento do PIB de 2,5% para 3,2%. A previs\u00e3o supera, por exemplo, a proje\u00e7\u00e3o feita pelo Fundo Monet\u00e1rio Internacional (FMI), [&hellip;]","og_url":"https:\/\/jornalfatosenoticias.com.br\/index.php\/2023\/09\/19\/otimismo-exagerado-diz-economista-sobre-nova-projecao-da-fazenda-para-o-pib\/","og_site_name":"Jornal Fatos e Not\u00edcias","article_published_time":"2023-09-19T14:19:47+00:00","article_modified_time":"2023-09-19T14:19:48+00:00","og_image":[{"width":600,"height":450,"url":"https:\/\/jornalfatosenoticias.com.br\/wp-content\/uploads\/2023\/09\/jason-economista.jpg","type":"image\/jpeg"}],"author":"Luzimara Fernandes","twitter_card":"summary_large_image","twitter_misc":{"Escrito por":"Luzimara Fernandes","Est. tempo de leitura":"1 minuto"},"schema":{"@context":"https:\/\/schema.org","@graph":[{"@type":"Article","@id":"https:\/\/jornalfatosenoticias.com.br\/index.php\/2023\/09\/19\/otimismo-exagerado-diz-economista-sobre-nova-projecao-da-fazenda-para-o-pib\/#article","isPartOf":{"@id":"https:\/\/jornalfatosenoticias.com.br\/index.php\/2023\/09\/19\/otimismo-exagerado-diz-economista-sobre-nova-projecao-da-fazenda-para-o-pib\/"},"author":{"name":"Luzimara Fernandes","@id":"https:\/\/jornalfatosenoticias.com.br\/#\/schema\/person\/d63837fa13ac8666eb9e74e0985d6f81"},"headline":"\u201cOtimismo exagerado\u201d, diz economista sobre nova proje\u00e7\u00e3o da Fazenda para o PIB","datePublished":"2023-09-19T14:19:47+00:00","dateModified":"2023-09-19T14:19:48+00:00","mainEntityOfPage":{"@id":"https:\/\/jornalfatosenoticias.com.br\/index.php\/2023\/09\/19\/otimismo-exagerado-diz-economista-sobre-nova-projecao-da-fazenda-para-o-pib\/"},"wordCount":300,"commentCount":0,"publisher":{"@id":"https:\/\/jornalfatosenoticias.com.br\/#organization"},"image":{"@id":"https:\/\/jornalfatosenoticias.com.br\/index.php\/2023\/09\/19\/otimismo-exagerado-diz-economista-sobre-nova-projecao-da-fazenda-para-o-pib\/#primaryimage"},"thumbnailUrl":"https:\/\/jornalfatosenoticias.com.br\/wp-content\/uploads\/2023\/09\/jason-economista.jpg","keywords":["economia","fiasco econ\u00f4mico","fiasco Haddad","Minist\u00e9rio da Fazenda","otimismo exagerado"],"articleSection":["Economia"],"inLanguage":"pt-BR","potentialAction":[{"@type":"CommentAction","name":"Comment","target":["https:\/\/jornalfatosenoticias.com.br\/index.php\/2023\/09\/19\/otimismo-exagerado-diz-economista-sobre-nova-projecao-da-fazenda-para-o-pib\/#respond"]}]},{"@type":"WebPage","@id":"https:\/\/jornalfatosenoticias.com.br\/index.php\/2023\/09\/19\/otimismo-exagerado-diz-economista-sobre-nova-projecao-da-fazenda-para-o-pib\/","url":"https:\/\/jornalfatosenoticias.com.br\/index.php\/2023\/09\/19\/otimismo-exagerado-diz-economista-sobre-nova-projecao-da-fazenda-para-o-pib\/","name":"\u201cOtimismo exagerado\u201d, diz economista sobre nova proje\u00e7\u00e3o da Fazenda para o PIB - Jornal Fatos e Not\u00edcias","isPartOf":{"@id":"https:\/\/jornalfatosenoticias.com.br\/#website"},"primaryImageOfPage":{"@id":"https:\/\/jornalfatosenoticias.com.br\/index.php\/2023\/09\/19\/otimismo-exagerado-diz-economista-sobre-nova-projecao-da-fazenda-para-o-pib\/#primaryimage"},"image":{"@id":"https:\/\/jornalfatosenoticias.com.br\/index.php\/2023\/09\/19\/otimismo-exagerado-diz-economista-sobre-nova-projecao-da-fazenda-para-o-pib\/#primaryimage"},"thumbnailUrl":"https:\/\/jornalfatosenoticias.com.br\/wp-content\/uploads\/2023\/09\/jason-economista.jpg","datePublished":"2023-09-19T14:19:47+00:00","dateModified":"2023-09-19T14:19:48+00:00","breadcrumb":{"@id":"https:\/\/jornalfatosenoticias.com.br\/index.php\/2023\/09\/19\/otimismo-exagerado-diz-economista-sobre-nova-projecao-da-fazenda-para-o-pib\/#breadcrumb"},"inLanguage":"pt-BR","potentialAction":[{"@type":"ReadAction","target":["https:\/\/jornalfatosenoticias.com.br\/index.php\/2023\/09\/19\/otimismo-exagerado-diz-economista-sobre-nova-projecao-da-fazenda-para-o-pib\/"]}]},{"@type":"ImageObject","inLanguage":"pt-BR","@id":"https:\/\/jornalfatosenoticias.com.br\/index.php\/2023\/09\/19\/otimismo-exagerado-diz-economista-sobre-nova-projecao-da-fazenda-para-o-pib\/#primaryimage","url":"https:\/\/jornalfatosenoticias.com.br\/wp-content\/uploads\/2023\/09\/jason-economista.jpg","contentUrl":"https:\/\/jornalfatosenoticias.com.br\/wp-content\/uploads\/2023\/09\/jason-economista.jpg","width":600,"height":450},{"@type":"BreadcrumbList","@id":"https:\/\/jornalfatosenoticias.com.br\/index.php\/2023\/09\/19\/otimismo-exagerado-diz-economista-sobre-nova-projecao-da-fazenda-para-o-pib\/#breadcrumb","itemListElement":[{"@type":"ListItem","position":1,"name":"In\u00edcio","item":"https:\/\/jornalfatosenoticias.com.br\/"},{"@type":"ListItem","position":2,"name":"\u201cOtimismo exagerado\u201d, diz economista sobre nova proje\u00e7\u00e3o da Fazenda para o PIB"}]},{"@type":"WebSite","@id":"https:\/\/jornalfatosenoticias.com.br\/#website","url":"https:\/\/jornalfatosenoticias.com.br\/","name":"Jornal Fatos e Not\u00edcias","description":"Not\u00edcias em geral","publisher":{"@id":"https:\/\/jornalfatosenoticias.com.br\/#organization"},"potentialAction":[{"@type":"SearchAction","target":{"@type":"EntryPoint","urlTemplate":"https:\/\/jornalfatosenoticias.com.br\/?s={search_term_string}"},"query-input":{"@type":"PropertyValueSpecification","valueRequired":true,"valueName":"search_term_string"}}],"inLanguage":"pt-BR"},{"@type":"Organization","@id":"https:\/\/jornalfatosenoticias.com.br\/#organization","name":"Jornal Fatos e Not\u00edcias","url":"https:\/\/jornalfatosenoticias.com.br\/","logo":{"@type":"ImageObject","inLanguage":"pt-BR","@id":"https:\/\/jornalfatosenoticias.com.br\/#\/schema\/logo\/image\/","url":"https:\/\/jornalfatosenoticias.com.br\/wp-content\/uploads\/2020\/02\/logo120.png","contentUrl":"https:\/\/jornalfatosenoticias.com.br\/wp-content\/uploads\/2020\/02\/logo120.png","width":1227,"height":120,"caption":"Jornal Fatos e Not\u00edcias"},"image":{"@id":"https:\/\/jornalfatosenoticias.com.br\/#\/schema\/logo\/image\/"}},{"@type":"Person","@id":"https:\/\/jornalfatosenoticias.com.br\/#\/schema\/person\/d63837fa13ac8666eb9e74e0985d6f81","name":"Luzimara Fernandes","image":{"@type":"ImageObject","inLanguage":"pt-BR","@id":"https:\/\/jornalfatosenoticias.com.br\/#\/schema\/person\/image\/","url":"https:\/\/jornalfatosenoticias.com.br\/wp-content\/uploads\/2025\/05\/EU_portal.jpg","contentUrl":"https:\/\/jornalfatosenoticias.com.br\/wp-content\/uploads\/2025\/05\/EU_portal.jpg","caption":"Luzimara Fernandes"},"description":"Jornalista MTB 2358-ES","sameAs":["https:\/\/jornalfatosenoticias.com.br"],"url":"https:\/\/jornalfatosenoticias.com.br\/index.php\/author\/luzimara\/"}]}},"cc_featured_image_caption":{"caption_text":"(Foto: Reprodu\u00e7\u00e3o\/Gazeta do Povo)","source_text":"","source_url":""},"jetpack_featured_media_url":"https:\/\/jornalfatosenoticias.com.br\/wp-content\/uploads\/2023\/09\/jason-economista.jpg","_links":{"self":[{"href":"https:\/\/jornalfatosenoticias.com.br\/index.php\/wp-json\/wp\/v2\/posts\/45287","targetHints":{"allow":["GET"]}}],"collection":[{"href":"https:\/\/jornalfatosenoticias.com.br\/index.php\/wp-json\/wp\/v2\/posts"}],"about":[{"href":"https:\/\/jornalfatosenoticias.com.br\/index.php\/wp-json\/wp\/v2\/types\/post"}],"author":[{"embeddable":true,"href":"https:\/\/jornalfatosenoticias.com.br\/index.php\/wp-json\/wp\/v2\/users\/2"}],"replies":[{"embeddable":true,"href":"https:\/\/jornalfatosenoticias.com.br\/index.php\/wp-json\/wp\/v2\/comments?post=45287"}],"version-history":[{"count":0,"href":"https:\/\/jornalfatosenoticias.com.br\/index.php\/wp-json\/wp\/v2\/posts\/45287\/revisions"}],"wp:featuredmedia":[{"embeddable":true,"href":"https:\/\/jornalfatosenoticias.com.br\/index.php\/wp-json\/wp\/v2\/media\/45288"}],"wp:attachment":[{"href":"https:\/\/jornalfatosenoticias.com.br\/index.php\/wp-json\/wp\/v2\/media?parent=45287"}],"wp:term":[{"taxonomy":"category","embeddable":true,"href":"https:\/\/jornalfatosenoticias.com.br\/index.php\/wp-json\/wp\/v2\/categories?post=45287"},{"taxonomy":"post_tag","embeddable":true,"href":"https:\/\/jornalfatosenoticias.com.br\/index.php\/wp-json\/wp\/v2\/tags?post=45287"}],"curies":[{"name":"wp","href":"https:\/\/api.w.org\/{rel}","templated":true}]}}