{"id":45290,"date":"2023-09-19T11:29:50","date_gmt":"2023-09-19T14:29:50","guid":{"rendered":"https:\/\/jornalfatosenoticias.com.br\/?p=45290"},"modified":"2023-09-19T11:29:52","modified_gmt":"2023-09-19T14:29:52","slug":"presidente-eleito-na-guatemala-aciona-justica-para-destituir-procuradora-geral","status":"publish","type":"post","link":"https:\/\/jornalfatosenoticias.com.br\/index.php\/2023\/09\/19\/presidente-eleito-na-guatemala-aciona-justica-para-destituir-procuradora-geral\/","title":{"rendered":"Presidente eleito na Guatemala aciona justi\u00e7a para destituir procuradora-geral"},"content":{"rendered":"\n<p><em><span class=\"has-inline-color has-black-color\">O novo presidente eleito \u00e9 filho do ex-presidente Juan Jos\u00e9 Ar\u00e9valo Bermejo, que governou o pa\u00eds entre 1945-1951<\/span><\/em><\/p>\n\n\n\n<p><em><span class=\"has-inline-color has-black-color\">Por<strong> <a href=\"https:\/\/www.gazetadopovo.com.br\/autor\/isabella-de-paula\/\">Isabella de Paula<\/a><\/strong><\/span><\/em><\/p>\n\n\n\n<div class=\"wp-block-image\"><figure class=\"aligncenter size-large\"><img loading=\"lazy\" decoding=\"async\" width=\"729\" height=\"90\" src=\"https:\/\/jornalfatosenoticias.com.br\/wp-content\/uploads\/2020\/02\/Logo_Mizu.png\" alt=\"\" class=\"wp-image-1441\" srcset=\"https:\/\/jornalfatosenoticias.com.br\/wp-content\/uploads\/2020\/02\/Logo_Mizu.png 729w, https:\/\/jornalfatosenoticias.com.br\/wp-content\/uploads\/2020\/02\/Logo_Mizu-300x37.png 300w\" sizes=\"auto, (max-width: 729px) 100vw, 729px\" \/><\/figure><\/div>\n\n\n\n<p>O presidente eleito na Guatemala, Bernardo Ar\u00e9valo de Le\u00f3n, entrou com um recurso na justi\u00e7a nesta segunda-feira (18), solicitando a demiss\u00e3o da procuradora-geral do pa\u00eds, Consuelo Porras, do promotor Rafael Curruchiche, e a remo\u00e7\u00e3o do juiz Orellana, envolvidos nas investiga\u00e7\u00f5es contra seu partido, o Movimento Semilla.<br>Ar\u00e9valo j\u00e1 havia apelado na semana passada <a href=\"https:\/\/www.gazetadopovo.com.br\/mundo\/presidente-eleito-da-guatemala-exige-que-procuradora-geral-deixe-o-cargo\/?ref=busca?ref=link-interno-materia\">para que a chefe da Procuradoria deixasse o cargo,<\/a> sob a acusa\u00e7\u00e3o de que ela e outros integrantes do governo estariam orquestrando um golpe de Estado contra sua futura gest\u00e3o, que enfrenta uma s\u00e9rie de investiga\u00e7\u00f5es do Minist\u00e9rio P\u00fablico antes da data de posse, em 14 de janeiro do pr\u00f3ximo ano.<\/p>\n\n\n\n<div class=\"wp-block-image\"><figure class=\"aligncenter size-large is-resized\"><img loading=\"lazy\" decoding=\"async\" src=\"https:\/\/jornalfatosenoticias.com.br\/wp-content\/uploads\/2020\/02\/CONTROL-CS.jpg\" alt=\"\" class=\"wp-image-44991\" width=\"360\" height=\"431\" srcset=\"https:\/\/jornalfatosenoticias.com.br\/wp-content\/uploads\/2020\/02\/CONTROL-CS.jpg 834w, https:\/\/jornalfatosenoticias.com.br\/wp-content\/uploads\/2020\/02\/CONTROL-CS-250x300.jpg 250w, https:\/\/jornalfatosenoticias.com.br\/wp-content\/uploads\/2020\/02\/CONTROL-CS-768x921.jpg 768w\" sizes=\"auto, (max-width: 360px) 100vw, 360px\" \/><\/figure><\/div>\n\n\n\n<blockquote class=\"wp-block-quote is-layout-flow wp-block-quote-is-layout-flow\"><p><span class=\"has-inline-color has-luminous-vivid-orange-color\">Recorremos \u00e0 lei para defender os direitos que nos assistem&#8221;, afirmou o eleito, acompanhado por centenas de seguidores com bandeiras da Guatemala em frente \u00e0 sede da Suprema Corte, onde apresentou o recurso.<\/span><\/p><\/blockquote>\n\n\n\n<div class=\"wp-block-image\"><figure class=\"aligncenter size-large is-resized\"><img loading=\"lazy\" decoding=\"async\" src=\"https:\/\/jornalfatosenoticias.com.br\/wp-content\/uploads\/2023\/07\/lacremoda.jpg\" alt=\"\" class=\"wp-image-43706\" width=\"374\" height=\"209\" srcset=\"https:\/\/jornalfatosenoticias.com.br\/wp-content\/uploads\/2023\/07\/lacremoda.jpg 1024w, https:\/\/jornalfatosenoticias.com.br\/wp-content\/uploads\/2023\/07\/lacremoda-300x168.jpg 300w, https:\/\/jornalfatosenoticias.com.br\/wp-content\/uploads\/2023\/07\/lacremoda-768x431.jpg 768w\" sizes=\"auto, (max-width: 374px) 100vw, 374px\" \/><\/figure><\/div>\n\n\n\n<p>Ar\u00e9valo tamb\u00e9m disse que solicitou \u00e0 justi\u00e7a &#8220;que torne sem efeito a a\u00e7\u00e3o de investiga\u00e7\u00e3o do S\u00e9timo Tribunal&#8221; contra seu partido, o Semilla, que, segundo ele, \u00e9 &#8220;um processo feito em conluio com os promotores&#8221;. <a href=\"https:\/\/www.gazetadopovo.com.br\/mundo\/tse-da-guatemala-suspende-partido-de-presidente-eleito-eua-criticam-decisao\/?ref=link-interno-materia?ref=link-interno-materia\">No final de agosto, o Tribunal Supremo Eleitoral da Guatemala suspendeu o partido Semilla,<\/a> do presidente eleito Bernardo Ar\u00e9valo, ap\u00f3s um pedido da Promotoria-Geral do pa\u00eds, que encontrou irregularidades na forma\u00e7\u00e3o do grupo partid\u00e1rio.<\/p>\n\n\n\n<div class=\"wp-block-image\"><figure class=\"aligncenter size-large is-resized\"><img loading=\"lazy\" decoding=\"async\" src=\"https:\/\/jornalfatosenoticias.com.br\/wp-content\/uploads\/2023\/08\/ITH.jpeg\" alt=\"\" class=\"wp-image-44638\" width=\"367\" height=\"298\" srcset=\"https:\/\/jornalfatosenoticias.com.br\/wp-content\/uploads\/2023\/08\/ITH.jpeg 800w, https:\/\/jornalfatosenoticias.com.br\/wp-content\/uploads\/2023\/08\/ITH-300x244.jpeg 300w, https:\/\/jornalfatosenoticias.com.br\/wp-content\/uploads\/2023\/08\/ITH-768x624.jpeg 768w\" sizes=\"auto, (max-width: 367px) 100vw, 367px\" \/><\/figure><\/div>\n\n\n\n<p>Segundo as autoridades do Minist\u00e9rio P\u00fablico, uma das pessoas arroladas no documento para a abertura do partido disse que teve sua assinatura falsificada. Al\u00e9m disso, a den\u00fancia diz que o nome de outras 12 pessoas falecidas tamb\u00e9m constava no papel.<\/p>\n\n\n\n<div class=\"wp-block-image\"><figure class=\"aligncenter size-large is-resized\"><img loading=\"lazy\" decoding=\"async\" src=\"https:\/\/jornalfatosenoticias.com.br\/wp-content\/uploads\/2023\/08\/LOGO-BLU-COMERCIAL-PRETO-1024x600.jpg\" alt=\"\" class=\"wp-image-44053\" width=\"377\" height=\"220\"\/><\/figure><\/div>\n\n\n\n<p>Com isso, uma opera\u00e7\u00e3o de busca e apreens\u00e3o foi realizada no dia 12 de setembro pelo Centro de Opera\u00e7\u00f5es do Processo Eleitoral (Cope) e no Tribunal Supremo Eleitoral da Guatemala (TSE), onde est\u00e3o as c\u00e9dulas de vota\u00e7\u00e3o das elei\u00e7\u00f5es gerais do primeiro turno, realizadas em 25 de junho.<\/p>\n\n\n\n<div class=\"wp-block-image\"><figure class=\"aligncenter size-large is-resized\"><img loading=\"lazy\" decoding=\"async\" src=\"https:\/\/jornalfatosenoticias.com.br\/wp-content\/uploads\/2023\/08\/Steel.jpeg\" alt=\"\" class=\"wp-image-44634\" width=\"403\" height=\"327\" srcset=\"https:\/\/jornalfatosenoticias.com.br\/wp-content\/uploads\/2023\/08\/Steel.jpeg 800w, https:\/\/jornalfatosenoticias.com.br\/wp-content\/uploads\/2023\/08\/Steel-300x244.jpeg 300w, https:\/\/jornalfatosenoticias.com.br\/wp-content\/uploads\/2023\/08\/Steel-768x624.jpeg 768w\" sizes=\"auto, (max-width: 403px) 100vw, 403px\" \/><\/figure><\/div>\n\n\n\n<p>A opera\u00e7\u00e3o, solicitada por Porras e autorizada pelo juiz Fredy Orellana, teve como objetivo principal a revis\u00e3o e abertura de 160 urnas eleitorais contendo os votos dos cidad\u00e3os. Durante a a\u00e7\u00e3o, os procuradores removeram as c\u00e9dulas e, seguindo a orienta\u00e7\u00e3o de um diretor eleitoral do TSE, conduziram uma nova contagem de votos espec\u00edficos.<\/p>\n\n\n\n<div class=\"wp-block-image\"><figure class=\"aligncenter size-large is-resized\"><img loading=\"lazy\" decoding=\"async\" src=\"https:\/\/jornalfatosenoticias.com.br\/wp-content\/uploads\/2022\/10\/RC_800x750_page-0001.jpg\" alt=\"\" class=\"wp-image-35338\" width=\"305\" height=\"286\" srcset=\"https:\/\/jornalfatosenoticias.com.br\/wp-content\/uploads\/2022\/10\/RC_800x750_page-0001.jpg 400w, https:\/\/jornalfatosenoticias.com.br\/wp-content\/uploads\/2022\/10\/RC_800x750_page-0001-300x281.jpg 300w\" sizes=\"auto, (max-width: 305px) 100vw, 305px\" \/><\/figure><\/div>\n\n\n\n<p>A busca e apreens\u00e3o realizada pelo Minist\u00e9rio P\u00fablico contra o Cope gerou uma onda de cr\u00edticas da comunidade internacional, incluindo dos Estados Unidos, da Uni\u00e3o Europeia e da Organiza\u00e7\u00e3o dos Estados Americanos (OEA).<\/p>\n\n\n\n<p><strong><em>Fonte: <a href=\"https:\/\/www.gazetadopovo.com.br\/mundo\/presidente-eleito-na-guatemala-aciona-justica-para-destituir-procuradora-geral\/\">Gazeta do Povo<\/a><\/em><\/strong><\/p>\n","protected":false},"excerpt":{"rendered":"<p>O novo presidente eleito \u00e9 filho do ex-presidente Juan Jos\u00e9 Ar\u00e9valo Bermejo, que governou o pa\u00eds entre 1945-1951 Por Isabella de Paula O presidente eleito na Guatemala, Bernardo Ar\u00e9valo de Le\u00f3n, entrou com um recurso na justi\u00e7a nesta segunda-feira (18), solicitando a demiss\u00e3o da procuradora-geral do pa\u00eds, Consuelo Porras, do promotor Rafael Curruchiche, e a [&hellip;]<\/p>\n","protected":false},"author":2,"featured_media":45291,"comment_status":"open","ping_status":"open","sticky":false,"template":"","format":"standard","meta":{"footnotes":""},"categories":[41],"tags":[21330,21328,1238,3066,21327,21329],"class_list":["post-45290","post","type-post","status-publish","format-standard","has-post-thumbnail","hentry","category-internacional","tag-bernardo-arevalo-de-leon","tag-destituir-procuradora-geral","tag-golpe-de-estado","tag-guatemala","tag-novo-presidente-eleito","tag-suprema-corte"],"yoast_head":"<!-- This site is optimized with the Yoast SEO plugin v26.5 - https:\/\/yoast.com\/wordpress\/plugins\/seo\/ -->\n<title>Presidente eleito na Guatemala aciona justi\u00e7a para destituir procuradora-geral - Jornal Fatos e Not\u00edcias<\/title>\n<meta name=\"robots\" content=\"index, follow, max-snippet:-1, max-image-preview:large, max-video-preview:-1\" \/>\n<link rel=\"canonical\" href=\"https:\/\/jornalfatosenoticias.com.br\/index.php\/2023\/09\/19\/presidente-eleito-na-guatemala-aciona-justica-para-destituir-procuradora-geral\/\" \/>\n<meta property=\"og:locale\" content=\"pt_BR\" \/>\n<meta property=\"og:type\" content=\"article\" \/>\n<meta property=\"og:title\" content=\"Presidente eleito na Guatemala aciona justi\u00e7a para destituir procuradora-geral - Jornal Fatos e Not\u00edcias\" \/>\n<meta property=\"og:description\" content=\"O novo presidente eleito \u00e9 filho do ex-presidente Juan Jos\u00e9 Ar\u00e9valo Bermejo, que governou o pa\u00eds entre 1945-1951 Por Isabella de Paula O presidente eleito na Guatemala, Bernardo Ar\u00e9valo de Le\u00f3n, entrou com um recurso na justi\u00e7a nesta segunda-feira (18), solicitando a demiss\u00e3o da procuradora-geral do pa\u00eds, Consuelo Porras, do promotor Rafael Curruchiche, e a [&hellip;]\" \/>\n<meta property=\"og:url\" content=\"https:\/\/jornalfatosenoticias.com.br\/index.php\/2023\/09\/19\/presidente-eleito-na-guatemala-aciona-justica-para-destituir-procuradora-geral\/\" \/>\n<meta property=\"og:site_name\" content=\"Jornal Fatos e Not\u00edcias\" \/>\n<meta property=\"article:published_time\" content=\"2023-09-19T14:29:50+00:00\" \/>\n<meta property=\"article:modified_time\" content=\"2023-09-19T14:29:52+00:00\" \/>\n<meta property=\"og:image\" content=\"https:\/\/jornalfatosenoticias.com.br\/wp-content\/uploads\/2023\/09\/guatemala.jpg\" \/>\n\t<meta property=\"og:image:width\" content=\"960\" \/>\n\t<meta property=\"og:image:height\" content=\"540\" \/>\n\t<meta property=\"og:image:type\" content=\"image\/jpeg\" \/>\n<meta name=\"author\" content=\"Luzimara Fernandes\" \/>\n<meta name=\"twitter:card\" content=\"summary_large_image\" \/>\n<meta name=\"twitter:label1\" content=\"Escrito por\" \/>\n\t<meta name=\"twitter:data1\" content=\"Luzimara Fernandes\" \/>\n\t<meta name=\"twitter:label2\" content=\"Est. tempo de leitura\" \/>\n\t<meta name=\"twitter:data2\" content=\"2 minutos\" \/>\n<script type=\"application\/ld+json\" class=\"yoast-schema-graph\">{\"@context\":\"https:\/\/schema.org\",\"@graph\":[{\"@type\":\"Article\",\"@id\":\"https:\/\/jornalfatosenoticias.com.br\/index.php\/2023\/09\/19\/presidente-eleito-na-guatemala-aciona-justica-para-destituir-procuradora-geral\/#article\",\"isPartOf\":{\"@id\":\"https:\/\/jornalfatosenoticias.com.br\/index.php\/2023\/09\/19\/presidente-eleito-na-guatemala-aciona-justica-para-destituir-procuradora-geral\/\"},\"author\":{\"name\":\"Luzimara Fernandes\",\"@id\":\"https:\/\/jornalfatosenoticias.com.br\/#\/schema\/person\/d63837fa13ac8666eb9e74e0985d6f81\"},\"headline\":\"Presidente eleito na Guatemala aciona justi\u00e7a para destituir procuradora-geral\",\"datePublished\":\"2023-09-19T14:29:50+00:00\",\"dateModified\":\"2023-09-19T14:29:52+00:00\",\"mainEntityOfPage\":{\"@id\":\"https:\/\/jornalfatosenoticias.com.br\/index.php\/2023\/09\/19\/presidente-eleito-na-guatemala-aciona-justica-para-destituir-procuradora-geral\/\"},\"wordCount\":458,\"commentCount\":0,\"publisher\":{\"@id\":\"https:\/\/jornalfatosenoticias.com.br\/#organization\"},\"image\":{\"@id\":\"https:\/\/jornalfatosenoticias.com.br\/index.php\/2023\/09\/19\/presidente-eleito-na-guatemala-aciona-justica-para-destituir-procuradora-geral\/#primaryimage\"},\"thumbnailUrl\":\"https:\/\/jornalfatosenoticias.com.br\/wp-content\/uploads\/2023\/09\/guatemala.jpg\",\"keywords\":[\"Bernardo Ar\u00e9valo de Le\u00f3n\",\"destituir procuradora-geral\",\"golpe de Estado\",\"Guatemala\",\"novo presidente eleito\",\"Suprema Corte\"],\"articleSection\":[\"Internacional\"],\"inLanguage\":\"pt-BR\",\"potentialAction\":[{\"@type\":\"CommentAction\",\"name\":\"Comment\",\"target\":[\"https:\/\/jornalfatosenoticias.com.br\/index.php\/2023\/09\/19\/presidente-eleito-na-guatemala-aciona-justica-para-destituir-procuradora-geral\/#respond\"]}]},{\"@type\":\"WebPage\",\"@id\":\"https:\/\/jornalfatosenoticias.com.br\/index.php\/2023\/09\/19\/presidente-eleito-na-guatemala-aciona-justica-para-destituir-procuradora-geral\/\",\"url\":\"https:\/\/jornalfatosenoticias.com.br\/index.php\/2023\/09\/19\/presidente-eleito-na-guatemala-aciona-justica-para-destituir-procuradora-geral\/\",\"name\":\"Presidente eleito na Guatemala aciona justi\u00e7a para destituir procuradora-geral - Jornal Fatos e Not\u00edcias\",\"isPartOf\":{\"@id\":\"https:\/\/jornalfatosenoticias.com.br\/#website\"},\"primaryImageOfPage\":{\"@id\":\"https:\/\/jornalfatosenoticias.com.br\/index.php\/2023\/09\/19\/presidente-eleito-na-guatemala-aciona-justica-para-destituir-procuradora-geral\/#primaryimage\"},\"image\":{\"@id\":\"https:\/\/jornalfatosenoticias.com.br\/index.php\/2023\/09\/19\/presidente-eleito-na-guatemala-aciona-justica-para-destituir-procuradora-geral\/#primaryimage\"},\"thumbnailUrl\":\"https:\/\/jornalfatosenoticias.com.br\/wp-content\/uploads\/2023\/09\/guatemala.jpg\",\"datePublished\":\"2023-09-19T14:29:50+00:00\",\"dateModified\":\"2023-09-19T14:29:52+00:00\",\"breadcrumb\":{\"@id\":\"https:\/\/jornalfatosenoticias.com.br\/index.php\/2023\/09\/19\/presidente-eleito-na-guatemala-aciona-justica-para-destituir-procuradora-geral\/#breadcrumb\"},\"inLanguage\":\"pt-BR\",\"potentialAction\":[{\"@type\":\"ReadAction\",\"target\":[\"https:\/\/jornalfatosenoticias.com.br\/index.php\/2023\/09\/19\/presidente-eleito-na-guatemala-aciona-justica-para-destituir-procuradora-geral\/\"]}]},{\"@type\":\"ImageObject\",\"inLanguage\":\"pt-BR\",\"@id\":\"https:\/\/jornalfatosenoticias.com.br\/index.php\/2023\/09\/19\/presidente-eleito-na-guatemala-aciona-justica-para-destituir-procuradora-geral\/#primaryimage\",\"url\":\"https:\/\/jornalfatosenoticias.com.br\/wp-content\/uploads\/2023\/09\/guatemala.jpg\",\"contentUrl\":\"https:\/\/jornalfatosenoticias.com.br\/wp-content\/uploads\/2023\/09\/guatemala.jpg\",\"width\":960,\"height\":540},{\"@type\":\"BreadcrumbList\",\"@id\":\"https:\/\/jornalfatosenoticias.com.br\/index.php\/2023\/09\/19\/presidente-eleito-na-guatemala-aciona-justica-para-destituir-procuradora-geral\/#breadcrumb\",\"itemListElement\":[{\"@type\":\"ListItem\",\"position\":1,\"name\":\"In\u00edcio\",\"item\":\"https:\/\/jornalfatosenoticias.com.br\/\"},{\"@type\":\"ListItem\",\"position\":2,\"name\":\"Presidente eleito na Guatemala aciona justi\u00e7a para destituir procuradora-geral\"}]},{\"@type\":\"WebSite\",\"@id\":\"https:\/\/jornalfatosenoticias.com.br\/#website\",\"url\":\"https:\/\/jornalfatosenoticias.com.br\/\",\"name\":\"Jornal Fatos e Not\u00edcias\",\"description\":\"Not\u00edcias em geral\",\"publisher\":{\"@id\":\"https:\/\/jornalfatosenoticias.com.br\/#organization\"},\"potentialAction\":[{\"@type\":\"SearchAction\",\"target\":{\"@type\":\"EntryPoint\",\"urlTemplate\":\"https:\/\/jornalfatosenoticias.com.br\/?s={search_term_string}\"},\"query-input\":{\"@type\":\"PropertyValueSpecification\",\"valueRequired\":true,\"valueName\":\"search_term_string\"}}],\"inLanguage\":\"pt-BR\"},{\"@type\":\"Organization\",\"@id\":\"https:\/\/jornalfatosenoticias.com.br\/#organization\",\"name\":\"Jornal Fatos e Not\u00edcias\",\"url\":\"https:\/\/jornalfatosenoticias.com.br\/\",\"logo\":{\"@type\":\"ImageObject\",\"inLanguage\":\"pt-BR\",\"@id\":\"https:\/\/jornalfatosenoticias.com.br\/#\/schema\/logo\/image\/\",\"url\":\"https:\/\/jornalfatosenoticias.com.br\/wp-content\/uploads\/2020\/02\/logo120.png\",\"contentUrl\":\"https:\/\/jornalfatosenoticias.com.br\/wp-content\/uploads\/2020\/02\/logo120.png\",\"width\":1227,\"height\":120,\"caption\":\"Jornal Fatos e Not\u00edcias\"},\"image\":{\"@id\":\"https:\/\/jornalfatosenoticias.com.br\/#\/schema\/logo\/image\/\"}},{\"@type\":\"Person\",\"@id\":\"https:\/\/jornalfatosenoticias.com.br\/#\/schema\/person\/d63837fa13ac8666eb9e74e0985d6f81\",\"name\":\"Luzimara Fernandes\",\"image\":{\"@type\":\"ImageObject\",\"inLanguage\":\"pt-BR\",\"@id\":\"https:\/\/jornalfatosenoticias.com.br\/#\/schema\/person\/image\/\",\"url\":\"https:\/\/jornalfatosenoticias.com.br\/wp-content\/uploads\/2025\/05\/EU_portal.jpg\",\"contentUrl\":\"https:\/\/jornalfatosenoticias.com.br\/wp-content\/uploads\/2025\/05\/EU_portal.jpg\",\"caption\":\"Luzimara Fernandes\"},\"description\":\"Jornalista MTB 2358-ES\",\"sameAs\":[\"https:\/\/jornalfatosenoticias.com.br\"],\"url\":\"https:\/\/jornalfatosenoticias.com.br\/index.php\/author\/luzimara\/\"}]}<\/script>\n<!-- \/ Yoast SEO plugin. -->","yoast_head_json":{"title":"Presidente eleito na Guatemala aciona justi\u00e7a para destituir procuradora-geral - Jornal Fatos e Not\u00edcias","robots":{"index":"index","follow":"follow","max-snippet":"max-snippet:-1","max-image-preview":"max-image-preview:large","max-video-preview":"max-video-preview:-1"},"canonical":"https:\/\/jornalfatosenoticias.com.br\/index.php\/2023\/09\/19\/presidente-eleito-na-guatemala-aciona-justica-para-destituir-procuradora-geral\/","og_locale":"pt_BR","og_type":"article","og_title":"Presidente eleito na Guatemala aciona justi\u00e7a para destituir procuradora-geral - Jornal Fatos e Not\u00edcias","og_description":"O novo presidente eleito \u00e9 filho do ex-presidente Juan Jos\u00e9 Ar\u00e9valo Bermejo, que governou o pa\u00eds entre 1945-1951 Por Isabella de Paula O presidente eleito na Guatemala, Bernardo Ar\u00e9valo de Le\u00f3n, entrou com um recurso na justi\u00e7a nesta segunda-feira (18), solicitando a demiss\u00e3o da procuradora-geral do pa\u00eds, Consuelo Porras, do promotor Rafael Curruchiche, e a [&hellip;]","og_url":"https:\/\/jornalfatosenoticias.com.br\/index.php\/2023\/09\/19\/presidente-eleito-na-guatemala-aciona-justica-para-destituir-procuradora-geral\/","og_site_name":"Jornal Fatos e Not\u00edcias","article_published_time":"2023-09-19T14:29:50+00:00","article_modified_time":"2023-09-19T14:29:52+00:00","og_image":[{"width":960,"height":540,"url":"https:\/\/jornalfatosenoticias.com.br\/wp-content\/uploads\/2023\/09\/guatemala.jpg","type":"image\/jpeg"}],"author":"Luzimara Fernandes","twitter_card":"summary_large_image","twitter_misc":{"Escrito por":"Luzimara Fernandes","Est. tempo de leitura":"2 minutos"},"schema":{"@context":"https:\/\/schema.org","@graph":[{"@type":"Article","@id":"https:\/\/jornalfatosenoticias.com.br\/index.php\/2023\/09\/19\/presidente-eleito-na-guatemala-aciona-justica-para-destituir-procuradora-geral\/#article","isPartOf":{"@id":"https:\/\/jornalfatosenoticias.com.br\/index.php\/2023\/09\/19\/presidente-eleito-na-guatemala-aciona-justica-para-destituir-procuradora-geral\/"},"author":{"name":"Luzimara Fernandes","@id":"https:\/\/jornalfatosenoticias.com.br\/#\/schema\/person\/d63837fa13ac8666eb9e74e0985d6f81"},"headline":"Presidente eleito na Guatemala aciona justi\u00e7a para destituir procuradora-geral","datePublished":"2023-09-19T14:29:50+00:00","dateModified":"2023-09-19T14:29:52+00:00","mainEntityOfPage":{"@id":"https:\/\/jornalfatosenoticias.com.br\/index.php\/2023\/09\/19\/presidente-eleito-na-guatemala-aciona-justica-para-destituir-procuradora-geral\/"},"wordCount":458,"commentCount":0,"publisher":{"@id":"https:\/\/jornalfatosenoticias.com.br\/#organization"},"image":{"@id":"https:\/\/jornalfatosenoticias.com.br\/index.php\/2023\/09\/19\/presidente-eleito-na-guatemala-aciona-justica-para-destituir-procuradora-geral\/#primaryimage"},"thumbnailUrl":"https:\/\/jornalfatosenoticias.com.br\/wp-content\/uploads\/2023\/09\/guatemala.jpg","keywords":["Bernardo Ar\u00e9valo de Le\u00f3n","destituir procuradora-geral","golpe de Estado","Guatemala","novo presidente eleito","Suprema Corte"],"articleSection":["Internacional"],"inLanguage":"pt-BR","potentialAction":[{"@type":"CommentAction","name":"Comment","target":["https:\/\/jornalfatosenoticias.com.br\/index.php\/2023\/09\/19\/presidente-eleito-na-guatemala-aciona-justica-para-destituir-procuradora-geral\/#respond"]}]},{"@type":"WebPage","@id":"https:\/\/jornalfatosenoticias.com.br\/index.php\/2023\/09\/19\/presidente-eleito-na-guatemala-aciona-justica-para-destituir-procuradora-geral\/","url":"https:\/\/jornalfatosenoticias.com.br\/index.php\/2023\/09\/19\/presidente-eleito-na-guatemala-aciona-justica-para-destituir-procuradora-geral\/","name":"Presidente eleito na Guatemala aciona justi\u00e7a para destituir procuradora-geral - Jornal Fatos e Not\u00edcias","isPartOf":{"@id":"https:\/\/jornalfatosenoticias.com.br\/#website"},"primaryImageOfPage":{"@id":"https:\/\/jornalfatosenoticias.com.br\/index.php\/2023\/09\/19\/presidente-eleito-na-guatemala-aciona-justica-para-destituir-procuradora-geral\/#primaryimage"},"image":{"@id":"https:\/\/jornalfatosenoticias.com.br\/index.php\/2023\/09\/19\/presidente-eleito-na-guatemala-aciona-justica-para-destituir-procuradora-geral\/#primaryimage"},"thumbnailUrl":"https:\/\/jornalfatosenoticias.com.br\/wp-content\/uploads\/2023\/09\/guatemala.jpg","datePublished":"2023-09-19T14:29:50+00:00","dateModified":"2023-09-19T14:29:52+00:00","breadcrumb":{"@id":"https:\/\/jornalfatosenoticias.com.br\/index.php\/2023\/09\/19\/presidente-eleito-na-guatemala-aciona-justica-para-destituir-procuradora-geral\/#breadcrumb"},"inLanguage":"pt-BR","potentialAction":[{"@type":"ReadAction","target":["https:\/\/jornalfatosenoticias.com.br\/index.php\/2023\/09\/19\/presidente-eleito-na-guatemala-aciona-justica-para-destituir-procuradora-geral\/"]}]},{"@type":"ImageObject","inLanguage":"pt-BR","@id":"https:\/\/jornalfatosenoticias.com.br\/index.php\/2023\/09\/19\/presidente-eleito-na-guatemala-aciona-justica-para-destituir-procuradora-geral\/#primaryimage","url":"https:\/\/jornalfatosenoticias.com.br\/wp-content\/uploads\/2023\/09\/guatemala.jpg","contentUrl":"https:\/\/jornalfatosenoticias.com.br\/wp-content\/uploads\/2023\/09\/guatemala.jpg","width":960,"height":540},{"@type":"BreadcrumbList","@id":"https:\/\/jornalfatosenoticias.com.br\/index.php\/2023\/09\/19\/presidente-eleito-na-guatemala-aciona-justica-para-destituir-procuradora-geral\/#breadcrumb","itemListElement":[{"@type":"ListItem","position":1,"name":"In\u00edcio","item":"https:\/\/jornalfatosenoticias.com.br\/"},{"@type":"ListItem","position":2,"name":"Presidente eleito na Guatemala aciona justi\u00e7a para destituir procuradora-geral"}]},{"@type":"WebSite","@id":"https:\/\/jornalfatosenoticias.com.br\/#website","url":"https:\/\/jornalfatosenoticias.com.br\/","name":"Jornal Fatos e Not\u00edcias","description":"Not\u00edcias em geral","publisher":{"@id":"https:\/\/jornalfatosenoticias.com.br\/#organization"},"potentialAction":[{"@type":"SearchAction","target":{"@type":"EntryPoint","urlTemplate":"https:\/\/jornalfatosenoticias.com.br\/?s={search_term_string}"},"query-input":{"@type":"PropertyValueSpecification","valueRequired":true,"valueName":"search_term_string"}}],"inLanguage":"pt-BR"},{"@type":"Organization","@id":"https:\/\/jornalfatosenoticias.com.br\/#organization","name":"Jornal Fatos e Not\u00edcias","url":"https:\/\/jornalfatosenoticias.com.br\/","logo":{"@type":"ImageObject","inLanguage":"pt-BR","@id":"https:\/\/jornalfatosenoticias.com.br\/#\/schema\/logo\/image\/","url":"https:\/\/jornalfatosenoticias.com.br\/wp-content\/uploads\/2020\/02\/logo120.png","contentUrl":"https:\/\/jornalfatosenoticias.com.br\/wp-content\/uploads\/2020\/02\/logo120.png","width":1227,"height":120,"caption":"Jornal Fatos e Not\u00edcias"},"image":{"@id":"https:\/\/jornalfatosenoticias.com.br\/#\/schema\/logo\/image\/"}},{"@type":"Person","@id":"https:\/\/jornalfatosenoticias.com.br\/#\/schema\/person\/d63837fa13ac8666eb9e74e0985d6f81","name":"Luzimara Fernandes","image":{"@type":"ImageObject","inLanguage":"pt-BR","@id":"https:\/\/jornalfatosenoticias.com.br\/#\/schema\/person\/image\/","url":"https:\/\/jornalfatosenoticias.com.br\/wp-content\/uploads\/2025\/05\/EU_portal.jpg","contentUrl":"https:\/\/jornalfatosenoticias.com.br\/wp-content\/uploads\/2025\/05\/EU_portal.jpg","caption":"Luzimara Fernandes"},"description":"Jornalista MTB 2358-ES","sameAs":["https:\/\/jornalfatosenoticias.com.br"],"url":"https:\/\/jornalfatosenoticias.com.br\/index.php\/author\/luzimara\/"}]}},"cc_featured_image_caption":{"caption_text":"(Foto: Reprodu\u00e7\u00e3o\/Gazeta do Povo)","source_text":"","source_url":""},"jetpack_featured_media_url":"https:\/\/jornalfatosenoticias.com.br\/wp-content\/uploads\/2023\/09\/guatemala.jpg","_links":{"self":[{"href":"https:\/\/jornalfatosenoticias.com.br\/index.php\/wp-json\/wp\/v2\/posts\/45290","targetHints":{"allow":["GET"]}}],"collection":[{"href":"https:\/\/jornalfatosenoticias.com.br\/index.php\/wp-json\/wp\/v2\/posts"}],"about":[{"href":"https:\/\/jornalfatosenoticias.com.br\/index.php\/wp-json\/wp\/v2\/types\/post"}],"author":[{"embeddable":true,"href":"https:\/\/jornalfatosenoticias.com.br\/index.php\/wp-json\/wp\/v2\/users\/2"}],"replies":[{"embeddable":true,"href":"https:\/\/jornalfatosenoticias.com.br\/index.php\/wp-json\/wp\/v2\/comments?post=45290"}],"version-history":[{"count":0,"href":"https:\/\/jornalfatosenoticias.com.br\/index.php\/wp-json\/wp\/v2\/posts\/45290\/revisions"}],"wp:featuredmedia":[{"embeddable":true,"href":"https:\/\/jornalfatosenoticias.com.br\/index.php\/wp-json\/wp\/v2\/media\/45291"}],"wp:attachment":[{"href":"https:\/\/jornalfatosenoticias.com.br\/index.php\/wp-json\/wp\/v2\/media?parent=45290"}],"wp:term":[{"taxonomy":"category","embeddable":true,"href":"https:\/\/jornalfatosenoticias.com.br\/index.php\/wp-json\/wp\/v2\/categories?post=45290"},{"taxonomy":"post_tag","embeddable":true,"href":"https:\/\/jornalfatosenoticias.com.br\/index.php\/wp-json\/wp\/v2\/tags?post=45290"}],"curies":[{"name":"wp","href":"https:\/\/api.w.org\/{rel}","templated":true}]}}