{"id":45293,"date":"2023-09-19T13:44:15","date_gmt":"2023-09-19T16:44:15","guid":{"rendered":"https:\/\/jornalfatosenoticias.com.br\/?p=45293"},"modified":"2023-09-19T13:44:16","modified_gmt":"2023-09-19T16:44:16","slug":"senado-mostra-sinais-de-reacao-coordenada-ao-ativismo-do-stf","status":"publish","type":"post","link":"https:\/\/jornalfatosenoticias.com.br\/index.php\/2023\/09\/19\/senado-mostra-sinais-de-reacao-coordenada-ao-ativismo-do-stf\/","title":{"rendered":"Senado mostra sinais de rea\u00e7\u00e3o coordenada ao ativismo do STF"},"content":{"rendered":"\n<p><em><span class=\"has-inline-color has-black-color\">Por <strong><a href=\"https:\/\/www.gazetadopovo.com.br\/autor\/silvio-ribas\/\">S\u00edlvio Ribas<\/a><\/strong><\/span><\/em><\/p>\n\n\n\n<div class=\"wp-block-image\"><figure class=\"aligncenter size-large\"><img loading=\"lazy\" decoding=\"async\" width=\"1024\" height=\"111\" src=\"https:\/\/jornalfatosenoticias.com.br\/wp-content\/uploads\/2020\/02\/WhatsApp-Image-2022-09-23-at-12.09.18-1024x111.jpeg\" alt=\"\" class=\"wp-image-34527\" srcset=\"https:\/\/jornalfatosenoticias.com.br\/wp-content\/uploads\/2020\/02\/WhatsApp-Image-2022-09-23-at-12.09.18-1024x111.jpeg 1024w, https:\/\/jornalfatosenoticias.com.br\/wp-content\/uploads\/2020\/02\/WhatsApp-Image-2022-09-23-at-12.09.18-300x32.jpeg 300w, https:\/\/jornalfatosenoticias.com.br\/wp-content\/uploads\/2020\/02\/WhatsApp-Image-2022-09-23-at-12.09.18-768x83.jpeg 768w, https:\/\/jornalfatosenoticias.com.br\/wp-content\/uploads\/2020\/02\/WhatsApp-Image-2022-09-23-at-12.09.18.jpeg 1121w\" sizes=\"auto, (max-width: 1024px) 100vw, 1024px\" \/><\/figure><\/div>\n\n\n\n<p>O Supremo Tribunal Federal (STF) tem sido criticado por ultrapassar os limites de sua compet\u00eancia constitucional, invadindo a esfera de outros Poderes, como a Presid\u00eancia da Rep\u00fablica e o Congresso. O Senado Federal, respons\u00e1vel por fiscalizar e punir excessos dos membros da Corte, tem historicamente abdicado desse papel, mas agora mostra sinais de uma rea\u00e7\u00e3o coordenada para conter o STF, que envolve at\u00e9 o seu presidente, Rodrigo Pacheco (PSD-MG), reconhecido aliado dos ministros e do governo.<br>A aud\u00e1cia do STF despertou preocupa\u00e7\u00e3o em diversos setores da sociedade, pois o tribunal vem reinterpretando quest\u00f5es sens\u00edveis, como aborto, porte e consumo de drogas, direito de propriedade rural, demarca\u00e7\u00e3o de terras ind\u00edgenas e at\u00e9 financiamento de sindicatos.<\/p>\n\n\n\n<div class=\"wp-block-image\"><figure class=\"aligncenter size-large\"><img loading=\"lazy\" decoding=\"async\" width=\"300\" height=\"250\" src=\"https:\/\/jornalfatosenoticias.com.br\/wp-content\/uploads\/2022\/02\/FERRARI_MAQUINAS-E-FERRAMENTAS2.jpg\" alt=\"\" class=\"wp-image-27860\"\/><\/figure><\/div>\n\n\n\n<p>Isso levou a um inesperado acordo entre a oposi\u00e7\u00e3o e a maioria governista para tramitar projetos que visam limitar o poder do Supremo, incluindo a fixa\u00e7\u00e3o de mandatos para os ju\u00edzes, a restri\u00e7\u00e3o das suas decis\u00f5es monocr\u00e1ticas e a flexibiliza\u00e7\u00e3o dos processos de impeachment, al\u00e9m de impedir a anula\u00e7\u00e3o de leis aprovadas h\u00e1 anos pelas duas Casas do Parlamento.<\/p>\n\n\n\n<div class=\"wp-block-image\"><figure class=\"aligncenter size-large is-resized\"><img loading=\"lazy\" decoding=\"async\" src=\"https:\/\/jornalfatosenoticias.com.br\/wp-content\/uploads\/2020\/02\/logo-Rapuzel-1024x571.jpg\" alt=\"\" class=\"wp-image-42808\" width=\"379\" height=\"211\" srcset=\"https:\/\/jornalfatosenoticias.com.br\/wp-content\/uploads\/2020\/02\/logo-Rapuzel-1024x571.jpg 1024w, https:\/\/jornalfatosenoticias.com.br\/wp-content\/uploads\/2020\/02\/logo-Rapuzel-300x167.jpg 300w, https:\/\/jornalfatosenoticias.com.br\/wp-content\/uploads\/2020\/02\/logo-Rapuzel-768x428.jpg 768w, https:\/\/jornalfatosenoticias.com.br\/wp-content\/uploads\/2020\/02\/logo-Rapuzel-1536x856.jpg 1536w, https:\/\/jornalfatosenoticias.com.br\/wp-content\/uploads\/2020\/02\/logo-Rapuzel.jpg 1600w\" sizes=\"auto, (max-width: 379px) 100vw, 379px\" \/><\/figure><\/div>\n\n\n\n<p>Entre os senadores que fazem parte da base governista, muitos aprovam e se beneficiam de iniciativas do Judici\u00e1rio, como o desmantelamento da Opera\u00e7\u00e3o Lava Jato. No entanto, quest\u00f5es relacionadas a costumes ou que afetam os princ\u00edpios da livre iniciativa suscitam rejei\u00e7\u00e3o entre os filiados a partidos como o PSD, que \u00e9 a maior legenda no Senado. Partidos como Republicanos e Podemos, por sua vez, adotam uma postura mais oposicionista na Casa.<\/p>\n\n\n\n<div class=\"wp-block-image\"><figure class=\"aligncenter size-large\"><img loading=\"lazy\" decoding=\"async\" width=\"300\" height=\"250\" src=\"https:\/\/jornalfatosenoticias.com.br\/wp-content\/uploads\/2020\/02\/Banner-2.png\" alt=\"\" class=\"wp-image-43787\"\/><\/figure><\/div>\n\n\n\n<p>O apoio \u00e0s a\u00e7\u00f5es STF em quest\u00f5es como aborto e drogas encontra apoio apenas em uma minoria de parlamentares de esquerda, principalmente dentro da bancada do PT. Portanto, embora exista alinhamento entre o governo e o Supremo no Senado, ele n\u00e3o \u00e9 absoluto, especialmente quando essas quest\u00f5es se esbarram com o conceito fundamental de independ\u00eancia legislativa.<\/p>\n\n\n\n<h2 class=\"wp-block-heading\"><span class=\"has-inline-color has-black-color\">Senadores enfrentam STF sobre descriminaliza\u00e7\u00e3o das drogas<\/span><\/h2>\n\n\n\n<p>Esse di\u00e1logo de bastidores est\u00e1 mostrando os primeiros resultados na forma de esfor\u00e7o concentrado na produ\u00e7\u00e3o legislativa e at\u00e9 na reordena\u00e7\u00e3o das for\u00e7as pol\u00edticas do Senado. Conforme prometido, Pacheco iniciou na quinta-feira (14) a coleta de assinaturas para endossar a sua Proposta de Emenda \u00e0 Constitui\u00e7\u00e3o (PEC) que criminaliza a posse e o porte de drogas no Brasil, em qualquer quantidade. Em diferentes oportunidades, ele expressou sua oposi\u00e7\u00e3o ao avan\u00e7o da tese de descriminaliza\u00e7\u00e3o no STF e alertou sobre a prerrogativa dos legisladores, bem como os riscos da libera\u00e7\u00e3o.<\/p>\n\n\n\n<div class=\"wp-block-image\"><figure class=\"aligncenter size-large\"><img decoding=\"async\" src=\"https:\/\/jornalfatosenoticias.com.br\/wp-content\/uploads\/2020\/02\/barao-das-carnes-300x164-1.jpg\" alt=\"\" class=\"wp-image-34339\"\/><\/figure><\/div>\n\n\n\n<p>At\u00e9 o momento, quatro votos favor\u00e1veis de ministros do Supremo foram dados \u00e0 declara\u00e7\u00e3o de inconstitucionalidade da posse e do porte de drogas, faltando s\u00f3 dois votos para a aprova\u00e7\u00e3o. A PEC de Pacheco \u00e9 defendida pela oposi\u00e7\u00e3o e por senadores da base do governo, interessados em proteger o teor do artigo da Lei 11.343\/2006, que trata do assunto, e, ainda, \u201cpreservar o equil\u00edbrio entre os Poderes da Rep\u00fablica\u201d, explica o presidente do Senado. Ele conta com a maioria dos senadores para aprovar com rapidez a iniciativa.<\/p>\n\n\n\n<div class=\"wp-block-image\"><figure class=\"aligncenter size-large is-resized\"><img loading=\"lazy\" decoding=\"async\" src=\"https:\/\/jornalfatosenoticias.com.br\/wp-content\/uploads\/2022\/10\/Arte-jornal-Zucchi-600x600_Prancheta-1-1024x1024.jpg\" alt=\"\" class=\"wp-image-34782\" width=\"307\" height=\"307\" srcset=\"https:\/\/jornalfatosenoticias.com.br\/wp-content\/uploads\/2022\/10\/Arte-jornal-Zucchi-600x600_Prancheta-1-1024x1024.jpg 1024w, https:\/\/jornalfatosenoticias.com.br\/wp-content\/uploads\/2022\/10\/Arte-jornal-Zucchi-600x600_Prancheta-1-300x300.jpg 300w, https:\/\/jornalfatosenoticias.com.br\/wp-content\/uploads\/2022\/10\/Arte-jornal-Zucchi-600x600_Prancheta-1-150x150.jpg 150w, https:\/\/jornalfatosenoticias.com.br\/wp-content\/uploads\/2022\/10\/Arte-jornal-Zucchi-600x600_Prancheta-1-768x768.jpg 768w, https:\/\/jornalfatosenoticias.com.br\/wp-content\/uploads\/2022\/10\/Arte-jornal-Zucchi-600x600_Prancheta-1.jpg 1250w\" sizes=\"auto, (max-width: 307px) 100vw, 307px\" \/><\/figure><\/div>\n\n\n\n<h2 class=\"wp-block-heading\"><span class=\"has-inline-color has-black-color\">Avan\u00e7a proposta para fixar um mandato para ministros do STF<\/span><\/h2>\n\n\n\n<p>Outra iniciativa que est\u00e1 avan\u00e7ando gra\u00e7as ao empenho coletivo para fazer frente ao ativismo judicial \u00e9 a que trata do fim da vitaliciedade dos ministros do STF. A PEC 16\/2019, encabe\u00e7ada pelo senador Pl\u00ednio Val\u00e9rio (PSDB-AM), prop\u00f5e um mandato de oito anos para eles. Ele argumenta que a popula\u00e7\u00e3o precisa ter a percep\u00e7\u00e3o de que os ju\u00edzes \u201cn\u00e3o s\u00e3o intoc\u00e1veis\u201d e que o Congresso est\u00e1 agindo para garantir que os membros da Suprema Corte do Pa\u00eds \u201cassumam cargos com a consci\u00eancia de que t\u00eam prazo para cumprir suas responsabilidades\u201d.<\/p>\n\n\n\n<div class=\"wp-block-image\"><figure class=\"aligncenter size-large is-resized\"><img loading=\"lazy\" decoding=\"async\" src=\"https:\/\/jornalfatosenoticias.com.br\/wp-content\/uploads\/2023\/09\/vetorvix1024_1.jpg\" alt=\"\" class=\"wp-image-44868\" width=\"457\" height=\"121\" srcset=\"https:\/\/jornalfatosenoticias.com.br\/wp-content\/uploads\/2023\/09\/vetorvix1024_1.jpg 1024w, https:\/\/jornalfatosenoticias.com.br\/wp-content\/uploads\/2023\/09\/vetorvix1024_1-300x80.jpg 300w, https:\/\/jornalfatosenoticias.com.br\/wp-content\/uploads\/2023\/09\/vetorvix1024_1-768x205.jpg 768w\" sizes=\"auto, (max-width: 457px) 100vw, 457px\" \/><\/figure><\/div>\n\n\n\n<p>Na quarta-feira (13), o presidente da Comiss\u00e3o de Constitui\u00e7\u00e3o e Justi\u00e7a (CCJ) do Senado, Davi Alcolumbre (Uni\u00e3o Brasil-AP), se comprometeu a colocar a proposta em tramita\u00e7\u00e3o, parada no colegiado desde fevereiro. Dentro do novo contexto, tamb\u00e9m est\u00e1 sendo resgatado projeto de autoria do ex-senador Lasier Martins (Podemos-RS) que busca quebrar o monop\u00f3lio da decis\u00e3o sobre processos de impeachment de ministros do STF por crimes de responsabilidade, hoje restrita ao presidente do Senado. O PRS 11\/2019 prop\u00f5e que, ap\u00f3s a apresenta\u00e7\u00e3o da den\u00fancia, o presidente da Casa teria 15 dias \u00fateis para verificar os requisitos formais e se pronunciar. <\/p>\n\n\n\n<div class=\"wp-block-image\"><figure class=\"aligncenter size-large\"><img loading=\"lazy\" decoding=\"async\" width=\"300\" height=\"250\" src=\"https:\/\/jornalfatosenoticias.com.br\/wp-content\/uploads\/2022\/08\/arte-Casarao.jpg\" alt=\"\" class=\"wp-image-33178\"\/><\/figure><\/div>\n\n\n\n<p>Se n\u00e3o o fizer, a Mesa Diretora poder\u00e1 faz\u00ea-lo. Al\u00e9m disso, pode haver recurso assinado por ao menos um ter\u00e7o dos senadores para recorrer ao plen\u00e1rio e prosseguir ao que prev\u00ea a Lei do Impeachment e o regimento interno da Casa.<br>O l\u00edder da oposi\u00e7\u00e3o, senador Rog\u00e9rio Marinho (PL-RN) obteve 25 assinaturas em apoio ao requerimento para que a proposta seja pautada em regime de urg\u00eancia \u2014 quatro a mais do que o m\u00ednimo.<\/p>\n\n\n\n<div class=\"wp-block-image\"><figure class=\"aligncenter size-large\"><img decoding=\"async\" src=\"https:\/\/jornalfatosenoticias.com.br\/wp-content\/uploads\/2020\/02\/logo_esteio.jpg\" alt=\"\" class=\"wp-image-1214\"\/><\/figure><\/div>\n\n\n\n<blockquote class=\"wp-block-quote is-layout-flow wp-block-quote-is-layout-flow\"><p><span class=\"has-inline-color has-luminous-vivid-orange-color\">O objetivo desse projeto \u00e9 aumentar a transpar\u00eancia e a representatividade nas decis\u00f5es do Senado, fortalecendo o colegiado e a democracia no plen\u00e1rio da Casa\u201d, explicou ele.<\/span><\/p><\/blockquote>\n\n\n\n<h2 class=\"wp-block-heading\"><span class=\"has-inline-color has-black-color\">Freio a decis\u00f5es monocr\u00e1ticas volta \u00e0 pauta do Senado<\/span><\/h2>\n\n\n\n<div class=\"wp-block-image\"><figure class=\"aligncenter size-large is-resized\"><img loading=\"lazy\" decoding=\"async\" src=\"https:\/\/jornalfatosenoticias.com.br\/wp-content\/uploads\/2022\/02\/Precisao-Contabilidade-1024x724.jpg\" alt=\"\" class=\"wp-image-28088\" width=\"393\" height=\"278\"\/><\/figure><\/div>\n\n\n\n<p>Para completar esse conjunto de medidas do Senado voltadas para tentar recolocar a atua\u00e7\u00e3o da Suprema Corte dentro dos seus limites constitucionais, tamb\u00e9m voltou a ser debatido o projeto do senador Oriovisto Guimar\u00e3es (Podemos-RS), dedicado a impor limites \u00e0 atua\u00e7\u00e3o individual dos ministros do STF.<\/p>\n\n\n\n<div class=\"wp-block-image\"><figure class=\"aligncenter size-large\"><img loading=\"lazy\" decoding=\"async\" width=\"300\" height=\"300\" src=\"https:\/\/jornalfatosenoticias.com.br\/wp-content\/uploads\/2020\/02\/casa-do-torresmo_portal.jpg\" alt=\"\" class=\"wp-image-34472\" srcset=\"https:\/\/jornalfatosenoticias.com.br\/wp-content\/uploads\/2020\/02\/casa-do-torresmo_portal.jpg 300w, https:\/\/jornalfatosenoticias.com.br\/wp-content\/uploads\/2020\/02\/casa-do-torresmo_portal-150x150.jpg 150w\" sizes=\"auto, (max-width: 300px) 100vw, 300px\" \/><\/figure><\/div>\n\n\n\n<p>A PEC 8\/2021 foi colocada para an\u00e1lise na CCJ tendo agora o senador Esperidi\u00e3o Amin (PP-SC) designado como relator. O texto estabelece prazos para pedidos de vista em processos judiciais, exige maioria absoluta para suspender leis e atos normativos e estipula at\u00e9 quatro meses para que o m\u00e9rito seja julgado ap\u00f3s aprova\u00e7\u00e3o de pedidos cautelares.<br>Segundo Guimar\u00e3es, o objetivo \u00e9 acabar com a atual rotina de decis\u00f5es unilaterais e fortalecer o car\u00e1ter coletivo do Supremo. A proposta ressuscita a PEC 82\/2019, tamb\u00e9m de Guimar\u00e3es, que foi rejeitada em 2020 pelo plen\u00e1rio mesmo ap\u00f3s ter sofrido mudan\u00e7as na CCJ para poss\u00edvel aprova\u00e7\u00e3o.<\/p>\n\n\n\n<div class=\"wp-block-image\"><figure class=\"aligncenter size-large is-resized\"><img loading=\"lazy\" decoding=\"async\" src=\"https:\/\/jornalfatosenoticias.com.br\/wp-content\/uploads\/2023\/08\/VSM-Group.jpeg\" alt=\"\" class=\"wp-image-44364\" width=\"312\" height=\"312\"\/><\/figure><\/div>\n\n\n\n<blockquote class=\"wp-block-quote is-layout-flow wp-block-quote-is-layout-flow\"><p><span class=\"has-inline-color has-luminous-vivid-orange-color\">Essa medida \u00e9 essencial para equilibrar o poder dos ministros em rela\u00e7\u00e3o \u00e0 representa\u00e7\u00e3o democr\u00e1tica dos legisladores do Congresso\u201d, sublinha.<\/span><\/p><\/blockquote>\n\n\n\n<div class=\"wp-block-image\"><figure class=\"aligncenter size-large is-resized\"><img loading=\"lazy\" decoding=\"async\" src=\"https:\/\/jornalfatosenoticias.com.br\/wp-content\/uploads\/2023\/07\/lacremoda.jpg\" alt=\"\" class=\"wp-image-43706\" width=\"418\" height=\"234\" srcset=\"https:\/\/jornalfatosenoticias.com.br\/wp-content\/uploads\/2023\/07\/lacremoda.jpg 1024w, https:\/\/jornalfatosenoticias.com.br\/wp-content\/uploads\/2023\/07\/lacremoda-300x168.jpg 300w, https:\/\/jornalfatosenoticias.com.br\/wp-content\/uploads\/2023\/07\/lacremoda-768x431.jpg 768w\" sizes=\"auto, (max-width: 418px) 100vw, 418px\" \/><\/figure><\/div>\n\n\n\n<h2 class=\"wp-block-heading\"><span class=\"has-inline-color has-black-color\">Oposicionista Marcos Rog\u00e9rio assume vice-presid\u00eancia da CCJ<\/span><\/h2>\n\n\n\n<p>Ainda no campo das concerta\u00e7\u00f5es entre oposi\u00e7\u00e3o e governistas para forjar maiorias em projetos que sinalizem conten\u00e7\u00e3o do ativismo judicial, chamou a aten\u00e7\u00e3o a elei\u00e7\u00e3o, na \u00faltima quarta-feira (13), do oposicionista Marcos Rog\u00e9rio (PL-RO) para ser o vice-presidente da poderosa CCJ, principal filtro para andamento de projetos no Senado. O senador \u00e9 um dos mais ferrenhos cr\u00edticos das extrapola\u00e7\u00f5es de ministros do STF.<\/p>\n\n\n\n<div class=\"wp-block-image\"><figure class=\"aligncenter size-large is-resized\"><img loading=\"lazy\" decoding=\"async\" src=\"https:\/\/jornalfatosenoticias.com.br\/wp-content\/uploads\/2022\/10\/RC_800x750_page-0001.jpg\" alt=\"\" class=\"wp-image-35338\" width=\"294\" height=\"276\" srcset=\"https:\/\/jornalfatosenoticias.com.br\/wp-content\/uploads\/2022\/10\/RC_800x750_page-0001.jpg 400w, https:\/\/jornalfatosenoticias.com.br\/wp-content\/uploads\/2022\/10\/RC_800x750_page-0001-300x281.jpg 300w\" sizes=\"auto, (max-width: 294px) 100vw, 294px\" \/><\/figure><\/div>\n\n\n\n<blockquote class=\"wp-block-quote is-layout-flow wp-block-quote-is-layout-flow\"><p><span class=\"has-inline-color has-luminous-vivid-orange-color\">N\u00e3o vale mais o que o Parlamento aprova e o que o Executivo sanciona. Vale \u00e9 o que os ju\u00edzes dizem que vale. Mas, num ambiente como esse, de questionamento de tudo sem fundamento e sem limita\u00e7\u00e3o do texto constitucional, a inseguran\u00e7a jur\u00eddica alcan\u00e7a at\u00e9 quem est\u00e1 a decidir. Se o Supremo desafia a Constitui\u00e7\u00e3o, \u00e9 a Constitui\u00e7\u00e3o que assegura o pleno funcionamento do Supremo. Ningu\u00e9m est\u00e1 acima dela\u201d, discursou Marcos Rog\u00e9rio ao criticar decis\u00e3o do STF de tornar constitucional a desapropria\u00e7\u00e3o de terras produtivas que n\u00e3o cumpram\u00a0a fun\u00e7\u00e3o social para fins de reforma agr\u00e1ria.<\/span><\/p><\/blockquote>\n\n\n\n<div class=\"wp-block-image\"><figure class=\"aligncenter size-large is-resized\"><img loading=\"lazy\" decoding=\"async\" src=\"https:\/\/jornalfatosenoticias.com.br\/wp-content\/uploads\/2023\/08\/ITH.jpeg\" alt=\"\" class=\"wp-image-44638\" width=\"347\" height=\"282\" srcset=\"https:\/\/jornalfatosenoticias.com.br\/wp-content\/uploads\/2023\/08\/ITH.jpeg 800w, https:\/\/jornalfatosenoticias.com.br\/wp-content\/uploads\/2023\/08\/ITH-300x244.jpeg 300w, https:\/\/jornalfatosenoticias.com.br\/wp-content\/uploads\/2023\/08\/ITH-768x624.jpeg 768w\" sizes=\"auto, (max-width: 347px) 100vw, 347px\" \/><\/figure><\/div>\n\n\n\n<p>A A\u00e7\u00e3o Direta de Inconstitucionalidade (ADI)\u00a03865, proposta pela Confedera\u00e7\u00e3o da Agricultura (CNA), foi negada pela Corte no in\u00edcio do m\u00eas. O senador \u00e9 relator do projeto de lei do marco temporal das terras ind\u00edgenas e apresentou o seu parecer na \u00faltima ter\u00e7a-feira (12), mantendo o texto aprovado pela C\u00e2mara no fim de maio. O projeto est\u00e1 em tramita\u00e7\u00e3o na CCJ e j\u00e1 foi aprovado pela Comiss\u00e3o de Agricultura. A inten\u00e7\u00e3o dele \u00e9 aprovar a proposta na CCJ na pr\u00f3xima quarta-feira (20), justamente quando est\u00e1 agendada a retomada do julgamento da mesma quest\u00e3o no plen\u00e1rio do STF.<\/p>\n\n\n\n<div class=\"wp-block-image\"><figure class=\"aligncenter size-large is-resized\"><img loading=\"lazy\" decoding=\"async\" src=\"https:\/\/jornalfatosenoticias.com.br\/wp-content\/uploads\/2023\/03\/nova-logo-Marquetti.jpg\" alt=\"\" class=\"wp-image-40207\" width=\"383\" height=\"257\" srcset=\"https:\/\/jornalfatosenoticias.com.br\/wp-content\/uploads\/2023\/03\/nova-logo-Marquetti.jpg 643w, https:\/\/jornalfatosenoticias.com.br\/wp-content\/uploads\/2023\/03\/nova-logo-Marquetti-300x202.jpg 300w\" sizes=\"auto, (max-width: 383px) 100vw, 383px\" \/><\/figure><\/div>\n\n\n\n<p>Para analistas ouvidos pela <strong>Gazeta do Povo,<\/strong> Pacheco cedeu diante de apelos reiterados da oposi\u00e7\u00e3o diante da cole\u00e7\u00e3o de avan\u00e7os do Supremo e, ainda, em raz\u00e3o de descontentamento por ter sido preterido da lista de nomes candidatos a uma vaga no mesmo tribunal.<br>Suas articula\u00e7\u00f5es nesse sentido, combinadas com o presidente da CCJ, Davi Alcolumbre (Uni\u00e3o Brasil-AP), seu principal aliado e prov\u00e1vel sucessor na Casa, foram frustradas. Agora est\u00e1 se formando uma nova frente para for\u00e7ar o governo a atender demandas de senadores, mediante a concess\u00e3o de eventuais vit\u00f3rias para a oposi\u00e7\u00e3o.<\/p>\n\n\n\n<div class=\"wp-block-image\"><figure class=\"aligncenter size-large is-resized\"><img loading=\"lazy\" decoding=\"async\" src=\"https:\/\/jornalfatosenoticias.com.br\/wp-content\/uploads\/2023\/08\/LOGO-BLU-COMERCIAL-PRETO-1024x600.jpg\" alt=\"\" class=\"wp-image-44053\" width=\"420\" height=\"245\"\/><\/figure><\/div>\n\n\n\n<p><strong><em>Fonte: <a href=\"https:\/\/www.gazetadopovo.com.br\/republica\/senado-mostra-sinais-de-reacao-coordenada-ao-ativismo-do-stf\/\">Gazeta do Povo<\/a><\/em><\/strong><\/p>\n","protected":false},"excerpt":{"rendered":"<p>Por S\u00edlvio Ribas O Supremo Tribunal Federal (STF) tem sido criticado por ultrapassar os limites de sua compet\u00eancia constitucional, invadindo a esfera de outros Poderes, como a Presid\u00eancia da Rep\u00fablica e o Congresso. O Senado Federal, respons\u00e1vel por fiscalizar e punir excessos dos membros da Corte, tem historicamente abdicado desse papel, mas agora mostra sinais [&hellip;]<\/p>\n","protected":false},"author":2,"featured_media":45294,"comment_status":"open","ping_status":"open","sticky":false,"template":"","format":"standard","meta":{"footnotes":""},"categories":[10],"tags":[21332,21331,10715,12806,486,294],"class_list":["post-45293","post","type-post","status-publish","format-standard","has-post-thumbnail","hentry","category-politica","tag-ativismo-do-stf","tag-embate-entre-poderes-da-republica","tag-marcos-rogerio","tag-oposicao","tag-senado","tag-stf"],"yoast_head":"<!-- This site is optimized with the Yoast SEO plugin v26.5 - https:\/\/yoast.com\/wordpress\/plugins\/seo\/ -->\n<title>Senado mostra sinais de rea\u00e7\u00e3o coordenada ao ativismo do STF - Jornal Fatos e Not\u00edcias<\/title>\n<meta name=\"robots\" content=\"index, follow, max-snippet:-1, max-image-preview:large, max-video-preview:-1\" \/>\n<link rel=\"canonical\" href=\"https:\/\/jornalfatosenoticias.com.br\/index.php\/2023\/09\/19\/senado-mostra-sinais-de-reacao-coordenada-ao-ativismo-do-stf\/\" \/>\n<meta property=\"og:locale\" content=\"pt_BR\" \/>\n<meta property=\"og:type\" content=\"article\" \/>\n<meta property=\"og:title\" content=\"Senado mostra sinais de rea\u00e7\u00e3o coordenada ao ativismo do STF - Jornal Fatos e Not\u00edcias\" \/>\n<meta property=\"og:description\" content=\"Por S\u00edlvio Ribas O Supremo Tribunal Federal (STF) tem sido criticado por ultrapassar os limites de sua compet\u00eancia constitucional, invadindo a esfera de outros Poderes, como a Presid\u00eancia da Rep\u00fablica e o Congresso. O Senado Federal, respons\u00e1vel por fiscalizar e punir excessos dos membros da Corte, tem historicamente abdicado desse papel, mas agora mostra sinais [&hellip;]\" \/>\n<meta property=\"og:url\" content=\"https:\/\/jornalfatosenoticias.com.br\/index.php\/2023\/09\/19\/senado-mostra-sinais-de-reacao-coordenada-ao-ativismo-do-stf\/\" \/>\n<meta property=\"og:site_name\" content=\"Jornal Fatos e Not\u00edcias\" \/>\n<meta property=\"article:published_time\" content=\"2023-09-19T16:44:15+00:00\" \/>\n<meta property=\"article:modified_time\" content=\"2023-09-19T16:44:16+00:00\" \/>\n<meta property=\"og:image\" content=\"https:\/\/jornalfatosenoticias.com.br\/wp-content\/uploads\/2023\/09\/pacheco-marcos-rogerio.jpg\" \/>\n\t<meta property=\"og:image:width\" content=\"960\" \/>\n\t<meta property=\"og:image:height\" content=\"540\" \/>\n\t<meta property=\"og:image:type\" content=\"image\/jpeg\" \/>\n<meta name=\"author\" content=\"Luzimara Fernandes\" \/>\n<meta name=\"twitter:card\" content=\"summary_large_image\" \/>\n<meta name=\"twitter:label1\" content=\"Escrito por\" \/>\n\t<meta name=\"twitter:data1\" content=\"Luzimara Fernandes\" \/>\n\t<meta name=\"twitter:label2\" content=\"Est. tempo de leitura\" \/>\n\t<meta name=\"twitter:data2\" content=\"7 minutos\" \/>\n<script type=\"application\/ld+json\" class=\"yoast-schema-graph\">{\"@context\":\"https:\/\/schema.org\",\"@graph\":[{\"@type\":\"Article\",\"@id\":\"https:\/\/jornalfatosenoticias.com.br\/index.php\/2023\/09\/19\/senado-mostra-sinais-de-reacao-coordenada-ao-ativismo-do-stf\/#article\",\"isPartOf\":{\"@id\":\"https:\/\/jornalfatosenoticias.com.br\/index.php\/2023\/09\/19\/senado-mostra-sinais-de-reacao-coordenada-ao-ativismo-do-stf\/\"},\"author\":{\"name\":\"Luzimara Fernandes\",\"@id\":\"https:\/\/jornalfatosenoticias.com.br\/#\/schema\/person\/d63837fa13ac8666eb9e74e0985d6f81\"},\"headline\":\"Senado mostra sinais de rea\u00e7\u00e3o coordenada ao ativismo do STF\",\"datePublished\":\"2023-09-19T16:44:15+00:00\",\"dateModified\":\"2023-09-19T16:44:16+00:00\",\"mainEntityOfPage\":{\"@id\":\"https:\/\/jornalfatosenoticias.com.br\/index.php\/2023\/09\/19\/senado-mostra-sinais-de-reacao-coordenada-ao-ativismo-do-stf\/\"},\"wordCount\":1460,\"commentCount\":0,\"publisher\":{\"@id\":\"https:\/\/jornalfatosenoticias.com.br\/#organization\"},\"image\":{\"@id\":\"https:\/\/jornalfatosenoticias.com.br\/index.php\/2023\/09\/19\/senado-mostra-sinais-de-reacao-coordenada-ao-ativismo-do-stf\/#primaryimage\"},\"thumbnailUrl\":\"https:\/\/jornalfatosenoticias.com.br\/wp-content\/uploads\/2023\/09\/pacheco-marcos-rogerio.jpg\",\"keywords\":[\"ativismo do STF\",\"embate entre Poderes da Rep\u00fablica\",\"Marcos Rog\u00e9rio\",\"oposi\u00e7\u00e3o\",\"Senado\",\"STF\"],\"articleSection\":[\"Pol\u00edtica\"],\"inLanguage\":\"pt-BR\",\"potentialAction\":[{\"@type\":\"CommentAction\",\"name\":\"Comment\",\"target\":[\"https:\/\/jornalfatosenoticias.com.br\/index.php\/2023\/09\/19\/senado-mostra-sinais-de-reacao-coordenada-ao-ativismo-do-stf\/#respond\"]}]},{\"@type\":\"WebPage\",\"@id\":\"https:\/\/jornalfatosenoticias.com.br\/index.php\/2023\/09\/19\/senado-mostra-sinais-de-reacao-coordenada-ao-ativismo-do-stf\/\",\"url\":\"https:\/\/jornalfatosenoticias.com.br\/index.php\/2023\/09\/19\/senado-mostra-sinais-de-reacao-coordenada-ao-ativismo-do-stf\/\",\"name\":\"Senado mostra sinais de rea\u00e7\u00e3o coordenada ao ativismo do STF - Jornal Fatos e Not\u00edcias\",\"isPartOf\":{\"@id\":\"https:\/\/jornalfatosenoticias.com.br\/#website\"},\"primaryImageOfPage\":{\"@id\":\"https:\/\/jornalfatosenoticias.com.br\/index.php\/2023\/09\/19\/senado-mostra-sinais-de-reacao-coordenada-ao-ativismo-do-stf\/#primaryimage\"},\"image\":{\"@id\":\"https:\/\/jornalfatosenoticias.com.br\/index.php\/2023\/09\/19\/senado-mostra-sinais-de-reacao-coordenada-ao-ativismo-do-stf\/#primaryimage\"},\"thumbnailUrl\":\"https:\/\/jornalfatosenoticias.com.br\/wp-content\/uploads\/2023\/09\/pacheco-marcos-rogerio.jpg\",\"datePublished\":\"2023-09-19T16:44:15+00:00\",\"dateModified\":\"2023-09-19T16:44:16+00:00\",\"breadcrumb\":{\"@id\":\"https:\/\/jornalfatosenoticias.com.br\/index.php\/2023\/09\/19\/senado-mostra-sinais-de-reacao-coordenada-ao-ativismo-do-stf\/#breadcrumb\"},\"inLanguage\":\"pt-BR\",\"potentialAction\":[{\"@type\":\"ReadAction\",\"target\":[\"https:\/\/jornalfatosenoticias.com.br\/index.php\/2023\/09\/19\/senado-mostra-sinais-de-reacao-coordenada-ao-ativismo-do-stf\/\"]}]},{\"@type\":\"ImageObject\",\"inLanguage\":\"pt-BR\",\"@id\":\"https:\/\/jornalfatosenoticias.com.br\/index.php\/2023\/09\/19\/senado-mostra-sinais-de-reacao-coordenada-ao-ativismo-do-stf\/#primaryimage\",\"url\":\"https:\/\/jornalfatosenoticias.com.br\/wp-content\/uploads\/2023\/09\/pacheco-marcos-rogerio.jpg\",\"contentUrl\":\"https:\/\/jornalfatosenoticias.com.br\/wp-content\/uploads\/2023\/09\/pacheco-marcos-rogerio.jpg\",\"width\":960,\"height\":540},{\"@type\":\"BreadcrumbList\",\"@id\":\"https:\/\/jornalfatosenoticias.com.br\/index.php\/2023\/09\/19\/senado-mostra-sinais-de-reacao-coordenada-ao-ativismo-do-stf\/#breadcrumb\",\"itemListElement\":[{\"@type\":\"ListItem\",\"position\":1,\"name\":\"In\u00edcio\",\"item\":\"https:\/\/jornalfatosenoticias.com.br\/\"},{\"@type\":\"ListItem\",\"position\":2,\"name\":\"Senado mostra sinais de rea\u00e7\u00e3o coordenada ao ativismo do STF\"}]},{\"@type\":\"WebSite\",\"@id\":\"https:\/\/jornalfatosenoticias.com.br\/#website\",\"url\":\"https:\/\/jornalfatosenoticias.com.br\/\",\"name\":\"Jornal Fatos e Not\u00edcias\",\"description\":\"Not\u00edcias em geral\",\"publisher\":{\"@id\":\"https:\/\/jornalfatosenoticias.com.br\/#organization\"},\"potentialAction\":[{\"@type\":\"SearchAction\",\"target\":{\"@type\":\"EntryPoint\",\"urlTemplate\":\"https:\/\/jornalfatosenoticias.com.br\/?s={search_term_string}\"},\"query-input\":{\"@type\":\"PropertyValueSpecification\",\"valueRequired\":true,\"valueName\":\"search_term_string\"}}],\"inLanguage\":\"pt-BR\"},{\"@type\":\"Organization\",\"@id\":\"https:\/\/jornalfatosenoticias.com.br\/#organization\",\"name\":\"Jornal Fatos e Not\u00edcias\",\"url\":\"https:\/\/jornalfatosenoticias.com.br\/\",\"logo\":{\"@type\":\"ImageObject\",\"inLanguage\":\"pt-BR\",\"@id\":\"https:\/\/jornalfatosenoticias.com.br\/#\/schema\/logo\/image\/\",\"url\":\"https:\/\/jornalfatosenoticias.com.br\/wp-content\/uploads\/2020\/02\/logo120.png\",\"contentUrl\":\"https:\/\/jornalfatosenoticias.com.br\/wp-content\/uploads\/2020\/02\/logo120.png\",\"width\":1227,\"height\":120,\"caption\":\"Jornal Fatos e Not\u00edcias\"},\"image\":{\"@id\":\"https:\/\/jornalfatosenoticias.com.br\/#\/schema\/logo\/image\/\"}},{\"@type\":\"Person\",\"@id\":\"https:\/\/jornalfatosenoticias.com.br\/#\/schema\/person\/d63837fa13ac8666eb9e74e0985d6f81\",\"name\":\"Luzimara Fernandes\",\"image\":{\"@type\":\"ImageObject\",\"inLanguage\":\"pt-BR\",\"@id\":\"https:\/\/jornalfatosenoticias.com.br\/#\/schema\/person\/image\/\",\"url\":\"https:\/\/jornalfatosenoticias.com.br\/wp-content\/uploads\/2025\/05\/EU_portal.jpg\",\"contentUrl\":\"https:\/\/jornalfatosenoticias.com.br\/wp-content\/uploads\/2025\/05\/EU_portal.jpg\",\"caption\":\"Luzimara Fernandes\"},\"description\":\"Jornalista MTB 2358-ES\",\"sameAs\":[\"https:\/\/jornalfatosenoticias.com.br\"],\"url\":\"https:\/\/jornalfatosenoticias.com.br\/index.php\/author\/luzimara\/\"}]}<\/script>\n<!-- \/ Yoast SEO plugin. -->","yoast_head_json":{"title":"Senado mostra sinais de rea\u00e7\u00e3o coordenada ao ativismo do STF - Jornal Fatos e Not\u00edcias","robots":{"index":"index","follow":"follow","max-snippet":"max-snippet:-1","max-image-preview":"max-image-preview:large","max-video-preview":"max-video-preview:-1"},"canonical":"https:\/\/jornalfatosenoticias.com.br\/index.php\/2023\/09\/19\/senado-mostra-sinais-de-reacao-coordenada-ao-ativismo-do-stf\/","og_locale":"pt_BR","og_type":"article","og_title":"Senado mostra sinais de rea\u00e7\u00e3o coordenada ao ativismo do STF - Jornal Fatos e Not\u00edcias","og_description":"Por S\u00edlvio Ribas O Supremo Tribunal Federal (STF) tem sido criticado por ultrapassar os limites de sua compet\u00eancia constitucional, invadindo a esfera de outros Poderes, como a Presid\u00eancia da Rep\u00fablica e o Congresso. O Senado Federal, respons\u00e1vel por fiscalizar e punir excessos dos membros da Corte, tem historicamente abdicado desse papel, mas agora mostra sinais [&hellip;]","og_url":"https:\/\/jornalfatosenoticias.com.br\/index.php\/2023\/09\/19\/senado-mostra-sinais-de-reacao-coordenada-ao-ativismo-do-stf\/","og_site_name":"Jornal Fatos e Not\u00edcias","article_published_time":"2023-09-19T16:44:15+00:00","article_modified_time":"2023-09-19T16:44:16+00:00","og_image":[{"width":960,"height":540,"url":"https:\/\/jornalfatosenoticias.com.br\/wp-content\/uploads\/2023\/09\/pacheco-marcos-rogerio.jpg","type":"image\/jpeg"}],"author":"Luzimara Fernandes","twitter_card":"summary_large_image","twitter_misc":{"Escrito por":"Luzimara Fernandes","Est. tempo de leitura":"7 minutos"},"schema":{"@context":"https:\/\/schema.org","@graph":[{"@type":"Article","@id":"https:\/\/jornalfatosenoticias.com.br\/index.php\/2023\/09\/19\/senado-mostra-sinais-de-reacao-coordenada-ao-ativismo-do-stf\/#article","isPartOf":{"@id":"https:\/\/jornalfatosenoticias.com.br\/index.php\/2023\/09\/19\/senado-mostra-sinais-de-reacao-coordenada-ao-ativismo-do-stf\/"},"author":{"name":"Luzimara Fernandes","@id":"https:\/\/jornalfatosenoticias.com.br\/#\/schema\/person\/d63837fa13ac8666eb9e74e0985d6f81"},"headline":"Senado mostra sinais de rea\u00e7\u00e3o coordenada ao ativismo do STF","datePublished":"2023-09-19T16:44:15+00:00","dateModified":"2023-09-19T16:44:16+00:00","mainEntityOfPage":{"@id":"https:\/\/jornalfatosenoticias.com.br\/index.php\/2023\/09\/19\/senado-mostra-sinais-de-reacao-coordenada-ao-ativismo-do-stf\/"},"wordCount":1460,"commentCount":0,"publisher":{"@id":"https:\/\/jornalfatosenoticias.com.br\/#organization"},"image":{"@id":"https:\/\/jornalfatosenoticias.com.br\/index.php\/2023\/09\/19\/senado-mostra-sinais-de-reacao-coordenada-ao-ativismo-do-stf\/#primaryimage"},"thumbnailUrl":"https:\/\/jornalfatosenoticias.com.br\/wp-content\/uploads\/2023\/09\/pacheco-marcos-rogerio.jpg","keywords":["ativismo do STF","embate entre Poderes da Rep\u00fablica","Marcos Rog\u00e9rio","oposi\u00e7\u00e3o","Senado","STF"],"articleSection":["Pol\u00edtica"],"inLanguage":"pt-BR","potentialAction":[{"@type":"CommentAction","name":"Comment","target":["https:\/\/jornalfatosenoticias.com.br\/index.php\/2023\/09\/19\/senado-mostra-sinais-de-reacao-coordenada-ao-ativismo-do-stf\/#respond"]}]},{"@type":"WebPage","@id":"https:\/\/jornalfatosenoticias.com.br\/index.php\/2023\/09\/19\/senado-mostra-sinais-de-reacao-coordenada-ao-ativismo-do-stf\/","url":"https:\/\/jornalfatosenoticias.com.br\/index.php\/2023\/09\/19\/senado-mostra-sinais-de-reacao-coordenada-ao-ativismo-do-stf\/","name":"Senado mostra sinais de rea\u00e7\u00e3o coordenada ao ativismo do STF - Jornal Fatos e Not\u00edcias","isPartOf":{"@id":"https:\/\/jornalfatosenoticias.com.br\/#website"},"primaryImageOfPage":{"@id":"https:\/\/jornalfatosenoticias.com.br\/index.php\/2023\/09\/19\/senado-mostra-sinais-de-reacao-coordenada-ao-ativismo-do-stf\/#primaryimage"},"image":{"@id":"https:\/\/jornalfatosenoticias.com.br\/index.php\/2023\/09\/19\/senado-mostra-sinais-de-reacao-coordenada-ao-ativismo-do-stf\/#primaryimage"},"thumbnailUrl":"https:\/\/jornalfatosenoticias.com.br\/wp-content\/uploads\/2023\/09\/pacheco-marcos-rogerio.jpg","datePublished":"2023-09-19T16:44:15+00:00","dateModified":"2023-09-19T16:44:16+00:00","breadcrumb":{"@id":"https:\/\/jornalfatosenoticias.com.br\/index.php\/2023\/09\/19\/senado-mostra-sinais-de-reacao-coordenada-ao-ativismo-do-stf\/#breadcrumb"},"inLanguage":"pt-BR","potentialAction":[{"@type":"ReadAction","target":["https:\/\/jornalfatosenoticias.com.br\/index.php\/2023\/09\/19\/senado-mostra-sinais-de-reacao-coordenada-ao-ativismo-do-stf\/"]}]},{"@type":"ImageObject","inLanguage":"pt-BR","@id":"https:\/\/jornalfatosenoticias.com.br\/index.php\/2023\/09\/19\/senado-mostra-sinais-de-reacao-coordenada-ao-ativismo-do-stf\/#primaryimage","url":"https:\/\/jornalfatosenoticias.com.br\/wp-content\/uploads\/2023\/09\/pacheco-marcos-rogerio.jpg","contentUrl":"https:\/\/jornalfatosenoticias.com.br\/wp-content\/uploads\/2023\/09\/pacheco-marcos-rogerio.jpg","width":960,"height":540},{"@type":"BreadcrumbList","@id":"https:\/\/jornalfatosenoticias.com.br\/index.php\/2023\/09\/19\/senado-mostra-sinais-de-reacao-coordenada-ao-ativismo-do-stf\/#breadcrumb","itemListElement":[{"@type":"ListItem","position":1,"name":"In\u00edcio","item":"https:\/\/jornalfatosenoticias.com.br\/"},{"@type":"ListItem","position":2,"name":"Senado mostra sinais de rea\u00e7\u00e3o coordenada ao ativismo do STF"}]},{"@type":"WebSite","@id":"https:\/\/jornalfatosenoticias.com.br\/#website","url":"https:\/\/jornalfatosenoticias.com.br\/","name":"Jornal Fatos e Not\u00edcias","description":"Not\u00edcias em geral","publisher":{"@id":"https:\/\/jornalfatosenoticias.com.br\/#organization"},"potentialAction":[{"@type":"SearchAction","target":{"@type":"EntryPoint","urlTemplate":"https:\/\/jornalfatosenoticias.com.br\/?s={search_term_string}"},"query-input":{"@type":"PropertyValueSpecification","valueRequired":true,"valueName":"search_term_string"}}],"inLanguage":"pt-BR"},{"@type":"Organization","@id":"https:\/\/jornalfatosenoticias.com.br\/#organization","name":"Jornal Fatos e Not\u00edcias","url":"https:\/\/jornalfatosenoticias.com.br\/","logo":{"@type":"ImageObject","inLanguage":"pt-BR","@id":"https:\/\/jornalfatosenoticias.com.br\/#\/schema\/logo\/image\/","url":"https:\/\/jornalfatosenoticias.com.br\/wp-content\/uploads\/2020\/02\/logo120.png","contentUrl":"https:\/\/jornalfatosenoticias.com.br\/wp-content\/uploads\/2020\/02\/logo120.png","width":1227,"height":120,"caption":"Jornal Fatos e Not\u00edcias"},"image":{"@id":"https:\/\/jornalfatosenoticias.com.br\/#\/schema\/logo\/image\/"}},{"@type":"Person","@id":"https:\/\/jornalfatosenoticias.com.br\/#\/schema\/person\/d63837fa13ac8666eb9e74e0985d6f81","name":"Luzimara Fernandes","image":{"@type":"ImageObject","inLanguage":"pt-BR","@id":"https:\/\/jornalfatosenoticias.com.br\/#\/schema\/person\/image\/","url":"https:\/\/jornalfatosenoticias.com.br\/wp-content\/uploads\/2025\/05\/EU_portal.jpg","contentUrl":"https:\/\/jornalfatosenoticias.com.br\/wp-content\/uploads\/2025\/05\/EU_portal.jpg","caption":"Luzimara Fernandes"},"description":"Jornalista MTB 2358-ES","sameAs":["https:\/\/jornalfatosenoticias.com.br"],"url":"https:\/\/jornalfatosenoticias.com.br\/index.php\/author\/luzimara\/"}]}},"cc_featured_image_caption":{"caption_text":"(Foto: Jonas Pereira\/Ag\u00eancia Senado)","source_text":"","source_url":""},"jetpack_featured_media_url":"https:\/\/jornalfatosenoticias.com.br\/wp-content\/uploads\/2023\/09\/pacheco-marcos-rogerio.jpg","_links":{"self":[{"href":"https:\/\/jornalfatosenoticias.com.br\/index.php\/wp-json\/wp\/v2\/posts\/45293","targetHints":{"allow":["GET"]}}],"collection":[{"href":"https:\/\/jornalfatosenoticias.com.br\/index.php\/wp-json\/wp\/v2\/posts"}],"about":[{"href":"https:\/\/jornalfatosenoticias.com.br\/index.php\/wp-json\/wp\/v2\/types\/post"}],"author":[{"embeddable":true,"href":"https:\/\/jornalfatosenoticias.com.br\/index.php\/wp-json\/wp\/v2\/users\/2"}],"replies":[{"embeddable":true,"href":"https:\/\/jornalfatosenoticias.com.br\/index.php\/wp-json\/wp\/v2\/comments?post=45293"}],"version-history":[{"count":0,"href":"https:\/\/jornalfatosenoticias.com.br\/index.php\/wp-json\/wp\/v2\/posts\/45293\/revisions"}],"wp:featuredmedia":[{"embeddable":true,"href":"https:\/\/jornalfatosenoticias.com.br\/index.php\/wp-json\/wp\/v2\/media\/45294"}],"wp:attachment":[{"href":"https:\/\/jornalfatosenoticias.com.br\/index.php\/wp-json\/wp\/v2\/media?parent=45293"}],"wp:term":[{"taxonomy":"category","embeddable":true,"href":"https:\/\/jornalfatosenoticias.com.br\/index.php\/wp-json\/wp\/v2\/categories?post=45293"},{"taxonomy":"post_tag","embeddable":true,"href":"https:\/\/jornalfatosenoticias.com.br\/index.php\/wp-json\/wp\/v2\/tags?post=45293"}],"curies":[{"name":"wp","href":"https:\/\/api.w.org\/{rel}","templated":true}]}}