{"id":45324,"date":"2023-09-20T11:12:51","date_gmt":"2023-09-20T14:12:51","guid":{"rendered":"https:\/\/jornalfatosenoticias.com.br\/?p=45324"},"modified":"2023-09-20T11:12:53","modified_gmt":"2023-09-20T14:12:53","slug":"livro-mostra-como-o-nazismo-funcionou-como-uma-revolucao-cultural-que-permitiu-horror-na-alemanha","status":"publish","type":"post","link":"https:\/\/jornalfatosenoticias.com.br\/index.php\/2023\/09\/20\/livro-mostra-como-o-nazismo-funcionou-como-uma-revolucao-cultural-que-permitiu-horror-na-alemanha\/","title":{"rendered":"Livro mostra como o nazismo funcionou como uma &#8216;revolu\u00e7\u00e3o cultural&#8217; que permitiu horror na Alemanha"},"content":{"rendered":"\n<p><em><span class=\"has-inline-color has-black-color\">Escrito pelo professor da Sorbonne Johann Chapoutot, obra conta a vers\u00e3o nazista para as transforma\u00e7\u00f5es da Alemanha durante a domina\u00e7\u00e3o do partido<\/span><\/em><\/p>\n\n\n\n<p><em><span class=\"has-inline-color has-black-color\">Por <strong>Jo\u00e3o Marcos Coelho<\/strong><\/span><\/em><\/p>\n\n\n\n<div class=\"wp-block-image\"><figure class=\"aligncenter size-large is-resized\"><img loading=\"lazy\" decoding=\"async\" src=\"https:\/\/jornalfatosenoticias.com.br\/wp-content\/uploads\/2023\/09\/vetorvix1024_1.jpg\" alt=\"\" class=\"wp-image-44868\" width=\"412\" height=\"109\" srcset=\"https:\/\/jornalfatosenoticias.com.br\/wp-content\/uploads\/2023\/09\/vetorvix1024_1.jpg 1024w, https:\/\/jornalfatosenoticias.com.br\/wp-content\/uploads\/2023\/09\/vetorvix1024_1-300x80.jpg 300w, https:\/\/jornalfatosenoticias.com.br\/wp-content\/uploads\/2023\/09\/vetorvix1024_1-768x205.jpg 768w\" sizes=\"auto, (max-width: 412px) 100vw, 412px\" \/><\/figure><\/div>\n\n\n\n<p>\u00c9 preciso coragem para dedicar um livro ao nazismo e ainda intitul\u00e1-lo <em>A Revolu\u00e7\u00e3o Cultural Nazista.<\/em> <strong><span class=\"has-inline-color has-black-color\">Johann Chapoutot,<\/span><\/strong> 44 anos, historiador e professor na Sorbonne Nouvelle, em Paris, \u00e9 o autor da proeza, em seu precioso livro de 2017, lan\u00e7ado no Brasil pela Livraria Editora Da Vinci no final do ano passado.<br>Ele parte, oito d\u00e9cadas depois, das palavras usadas por Primo Levi para descrever o Dr. Panwitz, em plena Segunda Guerra Mundial, no campo de exterm\u00ednio que virou sin\u00f4nimo do horror nazista, Auschwitz. Qu\u00edmico, o prisioneiro havia sido destacado para assisti-lo num projeto de fabrica\u00e7\u00e3o de combust\u00edvel sint\u00e9tico: &#8220;Seu olhar n\u00e3o era o olhar de um homem para outro homem; e se eu fosse capaz de explicar verdadeiramente a natureza desse olhar que parecia trocado por tr\u00e1s do vidro de um aqu\u00e1rio, entre dois seres pertencendo a dois mundos diferentes, estaria explicando a pr\u00f3pria ess\u00eancia da loucura do III Reich&#8221;.<\/p>\n\n\n\n<div class=\"wp-block-image\"><figure class=\"aligncenter size-large is-resized\"><img loading=\"lazy\" decoding=\"async\" src=\"https:\/\/jornalfatosenoticias.com.br\/wp-content\/uploads\/2022\/02\/Precisao-Contabilidade-1024x724.jpg\" alt=\"\" class=\"wp-image-28088\" width=\"331\" height=\"234\"\/><\/figure><\/div>\n\n\n\n<blockquote class=\"wp-block-quote is-layout-flow wp-block-quote-is-layout-flow\"><p><span class=\"has-inline-color has-luminous-vivid-orange-color\">As reflex\u00f5es sobre a organiza\u00e7\u00e3o do trabalho, otimiza\u00e7\u00e3o dos fatores de produ\u00e7\u00e3o, por uma sociedade produtiva mais eficiente foram numerosas e intensas durante o III Reich&#8221;, escreve. Mestres e estudantes fizeram do Servi\u00e7o de Ensino da SS seu ninho &#8220;think tank&#8221;.<\/span><\/p><\/blockquote>\n\n\n\n<div class=\"wp-block-image\"><figure class=\"aligncenter size-large is-resized\"><img loading=\"lazy\" decoding=\"async\" src=\"https:\/\/jornalfatosenoticias.com.br\/wp-content\/uploads\/2020\/02\/CONTROL-CS.jpg\" alt=\"\" class=\"wp-image-44991\" width=\"336\" height=\"403\" srcset=\"https:\/\/jornalfatosenoticias.com.br\/wp-content\/uploads\/2020\/02\/CONTROL-CS.jpg 834w, https:\/\/jornalfatosenoticias.com.br\/wp-content\/uploads\/2020\/02\/CONTROL-CS-250x300.jpg 250w, https:\/\/jornalfatosenoticias.com.br\/wp-content\/uploads\/2020\/02\/CONTROL-CS-768x921.jpg 768w\" sizes=\"auto, (max-width: 336px) 100vw, 336px\" \/><\/figure><\/div>\n\n\n\n<p>Reinhard H\u00f6hn[1904-2000], diz Chapoutot, &#8220;\u00e9 o arqu\u00e9tipo deste intelectual tecnocrata&#8221;. Ele \u00e9 um dos cerca de 6500 membros da SS que fortaleceram uma &#8220;rede poderosa&#8221; de apoio m\u00fatuo espalhada no &#8216;management&#8217;, na universidade, no mundo jur\u00eddico e na economia mundo afora.<br>Em 1953, H\u00f6hn era diretor da Sociedade Alem\u00e3 de Economia Pol\u00edtica que pesquisava os m\u00e9todos de administra\u00e7\u00e3o mais eficazes. A tal Sociedade acabou criando uma escola de com\u00e9rcio para formar &#8220;os novos quadros econ\u00f4micos&#8221;. <\/p>\n\n\n\n<div class=\"wp-block-image\"><figure class=\"aligncenter size-large\"><img decoding=\"async\" src=\"https:\/\/jornalfatosenoticias.com.br\/wp-content\/uploads\/2020\/02\/logo_esteio.jpg\" alt=\"\" class=\"wp-image-1214\"\/><\/figure><\/div>\n\n\n\n<blockquote class=\"wp-block-quote is-layout-flow wp-block-quote-is-layout-flow\"><p><span class=\"has-inline-color has-luminous-vivid-orange-color\">Meta declarada: &#8220;Desenvolver e ensinar as formas de gest\u00e3o de recursos humanos mais adaptadas ao nosso tempo&#8221;. Meta real: formar &#8220;managers&#8221; \u00e0 americana, &#8220;l\u00edderes polivalentes&#8221;. Ou seja, &#8220;diferentes dos especialistas doutores nisso ou engenheiros daquilo que pululam na Alemanha desde o reinado de Guilherme II. O modelo \u00e9 a Harvard Business School&#8221;. Assim nasceu a escola em Bad Harzburg, com um corpo docente basicamente formado por ex-nazistas da SS. O lema: &#8220;Liberdade para obedecer, obriga\u00e7\u00e3o de ser bem-sucedido&#8221;. Indisfar\u00e7avelmente nazistoide. Chapoutot vai na mosca ao afirmar que &#8220;ele mostrou-se perverso, t\u00e3o perverso quanto um (antigo) nazi celebrando a liberdade&#8221;.<\/span><\/p><\/blockquote>\n\n\n\n<div class=\"wp-block-image\"><figure class=\"aligncenter size-large is-resized\"><img loading=\"lazy\" decoding=\"async\" src=\"https:\/\/jornalfatosenoticias.com.br\/wp-content\/uploads\/2020\/02\/logo-Rapuzel-1024x571.jpg\" alt=\"\" class=\"wp-image-42808\" width=\"393\" height=\"219\" srcset=\"https:\/\/jornalfatosenoticias.com.br\/wp-content\/uploads\/2020\/02\/logo-Rapuzel-1024x571.jpg 1024w, https:\/\/jornalfatosenoticias.com.br\/wp-content\/uploads\/2020\/02\/logo-Rapuzel-300x167.jpg 300w, https:\/\/jornalfatosenoticias.com.br\/wp-content\/uploads\/2020\/02\/logo-Rapuzel-768x428.jpg 768w, https:\/\/jornalfatosenoticias.com.br\/wp-content\/uploads\/2020\/02\/logo-Rapuzel-1536x856.jpg 1536w, https:\/\/jornalfatosenoticias.com.br\/wp-content\/uploads\/2020\/02\/logo-Rapuzel.jpg 1600w\" sizes=\"auto, (max-width: 393px) 100vw, 393px\" \/><\/figure><\/div>\n\n\n\n<p>Ex-alunos da Escola de Forma\u00e7\u00e3o de Profissionais de Administra\u00e7\u00e3o na Alemanha em Bad Harzburg ocuparam \u2014 depois de desnazificados pelo Tribunal dos Aliados no imediato p\u00f3s-guerra em 1945\/47 \u2014 cargos de dire\u00e7\u00e3o em grandes grupos empresariais que voc\u00ea conhece: Hoechst, BMW, Bayer, Telefunken, Krupp, Opel, e tamb\u00e9m nas norte-americanas Ford, Hewlett-Packard e Colgate. Todas estas e outras empresas &#8220;enviam regularmente seus executivos para aprender as boas li\u00e7\u00f5es dos antigos SS&#8221;, escreve Chapoutot.<\/p>\n\n\n\n<div class=\"wp-block-image\"><figure class=\"aligncenter size-large\"><img loading=\"lazy\" decoding=\"async\" width=\"300\" height=\"250\" src=\"https:\/\/jornalfatosenoticias.com.br\/wp-content\/uploads\/2020\/02\/Banner-2.png\" alt=\"\" class=\"wp-image-43787\"\/><\/figure><\/div>\n\n\n\n<p>A conclus\u00e3o do livro de apenas 176 p\u00e1ginas \u00e9 aterradoramente atual: &#8220;Disciplinar mulheres e homens considerando-os como simples fatores de produ\u00e7\u00e3o e devastar a Terra, concebida como um simples objeto andam de m\u00e3os dadas. Levando a destrui\u00e7\u00e3o da natureza e a explora\u00e7\u00e3o da &#8220;for\u00e7a vital&#8221; a n\u00edveis sem precedentes, os nazistas aparecem como a imagem distorcida e reveladora de uma modernidade enlouquecida \u2014 servida por ilus\u00f5es (a &#8216;vit\u00f3ria final&#8217; ou a &#8216;recupera\u00e7\u00e3o do crescimento&#8217;) e por mentiras (&#8216;liberdade&#8217;, &#8216;autonomia&#8217;) das quais pensadores de gest\u00e3o como Reinhard H\u00f6hn foram os h\u00e1beis art\u00edfices&#8221;.<\/p>\n\n\n\n<div class=\"wp-block-image\"><figure class=\"aligncenter size-large is-resized\"><img loading=\"lazy\" decoding=\"async\" src=\"https:\/\/jornalfatosenoticias.com.br\/wp-content\/uploads\/2023\/07\/lacremoda.jpg\" alt=\"\" class=\"wp-image-43706\" width=\"356\" height=\"199\" srcset=\"https:\/\/jornalfatosenoticias.com.br\/wp-content\/uploads\/2023\/07\/lacremoda.jpg 1024w, https:\/\/jornalfatosenoticias.com.br\/wp-content\/uploads\/2023\/07\/lacremoda-300x168.jpg 300w, https:\/\/jornalfatosenoticias.com.br\/wp-content\/uploads\/2023\/07\/lacremoda-768x431.jpg 768w\" sizes=\"auto, (max-width: 356px) 100vw, 356px\" \/><\/figure><\/div>\n\n\n\n<p><strong><em>Fonte: <a href=\"https:\/\/www.terra.com.br\/diversao\/arte-e-cultura\/livro-mostra-como-o-nazismo-funcionou-como-uma-revolucao-cultural-que-permitiu-horror-na-alemanha,7a7b2d72d4b941f879029100d8260dd1g6bzr16g.html\">Terra<\/a><\/em><\/strong><\/p>\n","protected":false},"excerpt":{"rendered":"<p>Escrito pelo professor da Sorbonne Johann Chapoutot, obra conta a vers\u00e3o nazista para as transforma\u00e7\u00f5es da Alemanha durante a domina\u00e7\u00e3o do partido Por Jo\u00e3o Marcos Coelho \u00c9 preciso coragem para dedicar um livro ao nazismo e ainda intitul\u00e1-lo A Revolu\u00e7\u00e3o Cultural Nazista. Johann Chapoutot, 44 anos, historiador e professor na Sorbonne Nouvelle, em Paris, \u00e9 [&hellip;]<\/p>\n","protected":false},"author":2,"featured_media":45325,"comment_status":"open","ping_status":"open","sticky":false,"template":"","format":"standard","meta":{"footnotes":""},"categories":[4],"tags":[417,414,2301,21353,1217,512,21352],"class_list":["post-45324","post","type-post","status-publish","format-standard","has-post-thumbnail","hentry","category-cultura","tag-alemanha","tag-auschwitz","tag-holocausto","tag-johann-chapoutot","tag-livro","tag-nazismo","tag-revolucao-cultural"],"yoast_head":"<!-- This site is optimized with the Yoast SEO plugin v26.5 - https:\/\/yoast.com\/wordpress\/plugins\/seo\/ -->\n<title>Livro mostra como o nazismo funcionou como uma &#039;revolu\u00e7\u00e3o cultural&#039; que permitiu horror na Alemanha - Jornal Fatos e Not\u00edcias<\/title>\n<meta name=\"robots\" content=\"index, follow, max-snippet:-1, max-image-preview:large, max-video-preview:-1\" \/>\n<link rel=\"canonical\" href=\"https:\/\/jornalfatosenoticias.com.br\/index.php\/2023\/09\/20\/livro-mostra-como-o-nazismo-funcionou-como-uma-revolucao-cultural-que-permitiu-horror-na-alemanha\/\" \/>\n<meta property=\"og:locale\" content=\"pt_BR\" \/>\n<meta property=\"og:type\" content=\"article\" \/>\n<meta property=\"og:title\" content=\"Livro mostra como o nazismo funcionou como uma &#039;revolu\u00e7\u00e3o cultural&#039; que permitiu horror na Alemanha - Jornal Fatos e Not\u00edcias\" \/>\n<meta property=\"og:description\" content=\"Escrito pelo professor da Sorbonne Johann Chapoutot, obra conta a vers\u00e3o nazista para as transforma\u00e7\u00f5es da Alemanha durante a domina\u00e7\u00e3o do partido Por Jo\u00e3o Marcos Coelho \u00c9 preciso coragem para dedicar um livro ao nazismo e ainda intitul\u00e1-lo A Revolu\u00e7\u00e3o Cultural Nazista. Johann Chapoutot, 44 anos, historiador e professor na Sorbonne Nouvelle, em Paris, \u00e9 [&hellip;]\" \/>\n<meta property=\"og:url\" content=\"https:\/\/jornalfatosenoticias.com.br\/index.php\/2023\/09\/20\/livro-mostra-como-o-nazismo-funcionou-como-uma-revolucao-cultural-que-permitiu-horror-na-alemanha\/\" \/>\n<meta property=\"og:site_name\" content=\"Jornal Fatos e Not\u00edcias\" \/>\n<meta property=\"article:published_time\" content=\"2023-09-20T14:12:51+00:00\" \/>\n<meta property=\"article:modified_time\" content=\"2023-09-20T14:12:53+00:00\" \/>\n<meta property=\"og:image\" content=\"https:\/\/jornalfatosenoticias.com.br\/wp-content\/uploads\/2023\/09\/livro_a_revolucao_nazista.jpg\" \/>\n\t<meta property=\"og:image:width\" content=\"974\" \/>\n\t<meta property=\"og:image:height\" content=\"596\" \/>\n\t<meta property=\"og:image:type\" content=\"image\/jpeg\" \/>\n<meta name=\"author\" content=\"Luzimara Fernandes\" \/>\n<meta name=\"twitter:card\" content=\"summary_large_image\" \/>\n<meta name=\"twitter:label1\" content=\"Escrito por\" \/>\n\t<meta name=\"twitter:data1\" content=\"Luzimara Fernandes\" \/>\n\t<meta name=\"twitter:label2\" content=\"Est. tempo de leitura\" \/>\n\t<meta name=\"twitter:data2\" content=\"3 minutos\" \/>\n<script type=\"application\/ld+json\" class=\"yoast-schema-graph\">{\"@context\":\"https:\/\/schema.org\",\"@graph\":[{\"@type\":\"Article\",\"@id\":\"https:\/\/jornalfatosenoticias.com.br\/index.php\/2023\/09\/20\/livro-mostra-como-o-nazismo-funcionou-como-uma-revolucao-cultural-que-permitiu-horror-na-alemanha\/#article\",\"isPartOf\":{\"@id\":\"https:\/\/jornalfatosenoticias.com.br\/index.php\/2023\/09\/20\/livro-mostra-como-o-nazismo-funcionou-como-uma-revolucao-cultural-que-permitiu-horror-na-alemanha\/\"},\"author\":{\"name\":\"Luzimara Fernandes\",\"@id\":\"https:\/\/jornalfatosenoticias.com.br\/#\/schema\/person\/d63837fa13ac8666eb9e74e0985d6f81\"},\"headline\":\"Livro mostra como o nazismo funcionou como uma &#8216;revolu\u00e7\u00e3o cultural&#8217; que permitiu horror na Alemanha\",\"datePublished\":\"2023-09-20T14:12:51+00:00\",\"dateModified\":\"2023-09-20T14:12:53+00:00\",\"mainEntityOfPage\":{\"@id\":\"https:\/\/jornalfatosenoticias.com.br\/index.php\/2023\/09\/20\/livro-mostra-como-o-nazismo-funcionou-como-uma-revolucao-cultural-que-permitiu-horror-na-alemanha\/\"},\"wordCount\":618,\"commentCount\":0,\"publisher\":{\"@id\":\"https:\/\/jornalfatosenoticias.com.br\/#organization\"},\"image\":{\"@id\":\"https:\/\/jornalfatosenoticias.com.br\/index.php\/2023\/09\/20\/livro-mostra-como-o-nazismo-funcionou-como-uma-revolucao-cultural-que-permitiu-horror-na-alemanha\/#primaryimage\"},\"thumbnailUrl\":\"https:\/\/jornalfatosenoticias.com.br\/wp-content\/uploads\/2023\/09\/livro_a_revolucao_nazista.jpg\",\"keywords\":[\"Alemanha\",\"Auschwitz\",\"Holocausto\",\"Johann Chapoutot\",\"livro\",\"nazismo\",\"revolu\u00e7\u00e3o cultural\"],\"articleSection\":[\"Cultura\"],\"inLanguage\":\"pt-BR\",\"potentialAction\":[{\"@type\":\"CommentAction\",\"name\":\"Comment\",\"target\":[\"https:\/\/jornalfatosenoticias.com.br\/index.php\/2023\/09\/20\/livro-mostra-como-o-nazismo-funcionou-como-uma-revolucao-cultural-que-permitiu-horror-na-alemanha\/#respond\"]}]},{\"@type\":\"WebPage\",\"@id\":\"https:\/\/jornalfatosenoticias.com.br\/index.php\/2023\/09\/20\/livro-mostra-como-o-nazismo-funcionou-como-uma-revolucao-cultural-que-permitiu-horror-na-alemanha\/\",\"url\":\"https:\/\/jornalfatosenoticias.com.br\/index.php\/2023\/09\/20\/livro-mostra-como-o-nazismo-funcionou-como-uma-revolucao-cultural-que-permitiu-horror-na-alemanha\/\",\"name\":\"Livro mostra como o nazismo funcionou como uma 'revolu\u00e7\u00e3o cultural' que permitiu horror na Alemanha - Jornal Fatos e Not\u00edcias\",\"isPartOf\":{\"@id\":\"https:\/\/jornalfatosenoticias.com.br\/#website\"},\"primaryImageOfPage\":{\"@id\":\"https:\/\/jornalfatosenoticias.com.br\/index.php\/2023\/09\/20\/livro-mostra-como-o-nazismo-funcionou-como-uma-revolucao-cultural-que-permitiu-horror-na-alemanha\/#primaryimage\"},\"image\":{\"@id\":\"https:\/\/jornalfatosenoticias.com.br\/index.php\/2023\/09\/20\/livro-mostra-como-o-nazismo-funcionou-como-uma-revolucao-cultural-que-permitiu-horror-na-alemanha\/#primaryimage\"},\"thumbnailUrl\":\"https:\/\/jornalfatosenoticias.com.br\/wp-content\/uploads\/2023\/09\/livro_a_revolucao_nazista.jpg\",\"datePublished\":\"2023-09-20T14:12:51+00:00\",\"dateModified\":\"2023-09-20T14:12:53+00:00\",\"breadcrumb\":{\"@id\":\"https:\/\/jornalfatosenoticias.com.br\/index.php\/2023\/09\/20\/livro-mostra-como-o-nazismo-funcionou-como-uma-revolucao-cultural-que-permitiu-horror-na-alemanha\/#breadcrumb\"},\"inLanguage\":\"pt-BR\",\"potentialAction\":[{\"@type\":\"ReadAction\",\"target\":[\"https:\/\/jornalfatosenoticias.com.br\/index.php\/2023\/09\/20\/livro-mostra-como-o-nazismo-funcionou-como-uma-revolucao-cultural-que-permitiu-horror-na-alemanha\/\"]}]},{\"@type\":\"ImageObject\",\"inLanguage\":\"pt-BR\",\"@id\":\"https:\/\/jornalfatosenoticias.com.br\/index.php\/2023\/09\/20\/livro-mostra-como-o-nazismo-funcionou-como-uma-revolucao-cultural-que-permitiu-horror-na-alemanha\/#primaryimage\",\"url\":\"https:\/\/jornalfatosenoticias.com.br\/wp-content\/uploads\/2023\/09\/livro_a_revolucao_nazista.jpg\",\"contentUrl\":\"https:\/\/jornalfatosenoticias.com.br\/wp-content\/uploads\/2023\/09\/livro_a_revolucao_nazista.jpg\",\"width\":974,\"height\":596},{\"@type\":\"BreadcrumbList\",\"@id\":\"https:\/\/jornalfatosenoticias.com.br\/index.php\/2023\/09\/20\/livro-mostra-como-o-nazismo-funcionou-como-uma-revolucao-cultural-que-permitiu-horror-na-alemanha\/#breadcrumb\",\"itemListElement\":[{\"@type\":\"ListItem\",\"position\":1,\"name\":\"In\u00edcio\",\"item\":\"https:\/\/jornalfatosenoticias.com.br\/\"},{\"@type\":\"ListItem\",\"position\":2,\"name\":\"Livro mostra como o nazismo funcionou como uma &#8216;revolu\u00e7\u00e3o cultural&#8217; que permitiu horror na Alemanha\"}]},{\"@type\":\"WebSite\",\"@id\":\"https:\/\/jornalfatosenoticias.com.br\/#website\",\"url\":\"https:\/\/jornalfatosenoticias.com.br\/\",\"name\":\"Jornal Fatos e Not\u00edcias\",\"description\":\"Not\u00edcias em geral\",\"publisher\":{\"@id\":\"https:\/\/jornalfatosenoticias.com.br\/#organization\"},\"potentialAction\":[{\"@type\":\"SearchAction\",\"target\":{\"@type\":\"EntryPoint\",\"urlTemplate\":\"https:\/\/jornalfatosenoticias.com.br\/?s={search_term_string}\"},\"query-input\":{\"@type\":\"PropertyValueSpecification\",\"valueRequired\":true,\"valueName\":\"search_term_string\"}}],\"inLanguage\":\"pt-BR\"},{\"@type\":\"Organization\",\"@id\":\"https:\/\/jornalfatosenoticias.com.br\/#organization\",\"name\":\"Jornal Fatos e Not\u00edcias\",\"url\":\"https:\/\/jornalfatosenoticias.com.br\/\",\"logo\":{\"@type\":\"ImageObject\",\"inLanguage\":\"pt-BR\",\"@id\":\"https:\/\/jornalfatosenoticias.com.br\/#\/schema\/logo\/image\/\",\"url\":\"https:\/\/jornalfatosenoticias.com.br\/wp-content\/uploads\/2020\/02\/logo120.png\",\"contentUrl\":\"https:\/\/jornalfatosenoticias.com.br\/wp-content\/uploads\/2020\/02\/logo120.png\",\"width\":1227,\"height\":120,\"caption\":\"Jornal Fatos e Not\u00edcias\"},\"image\":{\"@id\":\"https:\/\/jornalfatosenoticias.com.br\/#\/schema\/logo\/image\/\"}},{\"@type\":\"Person\",\"@id\":\"https:\/\/jornalfatosenoticias.com.br\/#\/schema\/person\/d63837fa13ac8666eb9e74e0985d6f81\",\"name\":\"Luzimara Fernandes\",\"image\":{\"@type\":\"ImageObject\",\"inLanguage\":\"pt-BR\",\"@id\":\"https:\/\/jornalfatosenoticias.com.br\/#\/schema\/person\/image\/\",\"url\":\"https:\/\/jornalfatosenoticias.com.br\/wp-content\/uploads\/2025\/05\/EU_portal.jpg\",\"contentUrl\":\"https:\/\/jornalfatosenoticias.com.br\/wp-content\/uploads\/2025\/05\/EU_portal.jpg\",\"caption\":\"Luzimara Fernandes\"},\"description\":\"Jornalista MTB 2358-ES\",\"sameAs\":[\"https:\/\/jornalfatosenoticias.com.br\"],\"url\":\"https:\/\/jornalfatosenoticias.com.br\/index.php\/author\/luzimara\/\"}]}<\/script>\n<!-- \/ Yoast SEO plugin. -->","yoast_head_json":{"title":"Livro mostra como o nazismo funcionou como uma 'revolu\u00e7\u00e3o cultural' que permitiu horror na Alemanha - Jornal Fatos e Not\u00edcias","robots":{"index":"index","follow":"follow","max-snippet":"max-snippet:-1","max-image-preview":"max-image-preview:large","max-video-preview":"max-video-preview:-1"},"canonical":"https:\/\/jornalfatosenoticias.com.br\/index.php\/2023\/09\/20\/livro-mostra-como-o-nazismo-funcionou-como-uma-revolucao-cultural-que-permitiu-horror-na-alemanha\/","og_locale":"pt_BR","og_type":"article","og_title":"Livro mostra como o nazismo funcionou como uma 'revolu\u00e7\u00e3o cultural' que permitiu horror na Alemanha - Jornal Fatos e Not\u00edcias","og_description":"Escrito pelo professor da Sorbonne Johann Chapoutot, obra conta a vers\u00e3o nazista para as transforma\u00e7\u00f5es da Alemanha durante a domina\u00e7\u00e3o do partido Por Jo\u00e3o Marcos Coelho \u00c9 preciso coragem para dedicar um livro ao nazismo e ainda intitul\u00e1-lo A Revolu\u00e7\u00e3o Cultural Nazista. Johann Chapoutot, 44 anos, historiador e professor na Sorbonne Nouvelle, em Paris, \u00e9 [&hellip;]","og_url":"https:\/\/jornalfatosenoticias.com.br\/index.php\/2023\/09\/20\/livro-mostra-como-o-nazismo-funcionou-como-uma-revolucao-cultural-que-permitiu-horror-na-alemanha\/","og_site_name":"Jornal Fatos e Not\u00edcias","article_published_time":"2023-09-20T14:12:51+00:00","article_modified_time":"2023-09-20T14:12:53+00:00","og_image":[{"width":974,"height":596,"url":"https:\/\/jornalfatosenoticias.com.br\/wp-content\/uploads\/2023\/09\/livro_a_revolucao_nazista.jpg","type":"image\/jpeg"}],"author":"Luzimara Fernandes","twitter_card":"summary_large_image","twitter_misc":{"Escrito por":"Luzimara Fernandes","Est. tempo de leitura":"3 minutos"},"schema":{"@context":"https:\/\/schema.org","@graph":[{"@type":"Article","@id":"https:\/\/jornalfatosenoticias.com.br\/index.php\/2023\/09\/20\/livro-mostra-como-o-nazismo-funcionou-como-uma-revolucao-cultural-que-permitiu-horror-na-alemanha\/#article","isPartOf":{"@id":"https:\/\/jornalfatosenoticias.com.br\/index.php\/2023\/09\/20\/livro-mostra-como-o-nazismo-funcionou-como-uma-revolucao-cultural-que-permitiu-horror-na-alemanha\/"},"author":{"name":"Luzimara Fernandes","@id":"https:\/\/jornalfatosenoticias.com.br\/#\/schema\/person\/d63837fa13ac8666eb9e74e0985d6f81"},"headline":"Livro mostra como o nazismo funcionou como uma &#8216;revolu\u00e7\u00e3o cultural&#8217; que permitiu horror na Alemanha","datePublished":"2023-09-20T14:12:51+00:00","dateModified":"2023-09-20T14:12:53+00:00","mainEntityOfPage":{"@id":"https:\/\/jornalfatosenoticias.com.br\/index.php\/2023\/09\/20\/livro-mostra-como-o-nazismo-funcionou-como-uma-revolucao-cultural-que-permitiu-horror-na-alemanha\/"},"wordCount":618,"commentCount":0,"publisher":{"@id":"https:\/\/jornalfatosenoticias.com.br\/#organization"},"image":{"@id":"https:\/\/jornalfatosenoticias.com.br\/index.php\/2023\/09\/20\/livro-mostra-como-o-nazismo-funcionou-como-uma-revolucao-cultural-que-permitiu-horror-na-alemanha\/#primaryimage"},"thumbnailUrl":"https:\/\/jornalfatosenoticias.com.br\/wp-content\/uploads\/2023\/09\/livro_a_revolucao_nazista.jpg","keywords":["Alemanha","Auschwitz","Holocausto","Johann Chapoutot","livro","nazismo","revolu\u00e7\u00e3o cultural"],"articleSection":["Cultura"],"inLanguage":"pt-BR","potentialAction":[{"@type":"CommentAction","name":"Comment","target":["https:\/\/jornalfatosenoticias.com.br\/index.php\/2023\/09\/20\/livro-mostra-como-o-nazismo-funcionou-como-uma-revolucao-cultural-que-permitiu-horror-na-alemanha\/#respond"]}]},{"@type":"WebPage","@id":"https:\/\/jornalfatosenoticias.com.br\/index.php\/2023\/09\/20\/livro-mostra-como-o-nazismo-funcionou-como-uma-revolucao-cultural-que-permitiu-horror-na-alemanha\/","url":"https:\/\/jornalfatosenoticias.com.br\/index.php\/2023\/09\/20\/livro-mostra-como-o-nazismo-funcionou-como-uma-revolucao-cultural-que-permitiu-horror-na-alemanha\/","name":"Livro mostra como o nazismo funcionou como uma 'revolu\u00e7\u00e3o cultural' que permitiu horror na Alemanha - Jornal Fatos e Not\u00edcias","isPartOf":{"@id":"https:\/\/jornalfatosenoticias.com.br\/#website"},"primaryImageOfPage":{"@id":"https:\/\/jornalfatosenoticias.com.br\/index.php\/2023\/09\/20\/livro-mostra-como-o-nazismo-funcionou-como-uma-revolucao-cultural-que-permitiu-horror-na-alemanha\/#primaryimage"},"image":{"@id":"https:\/\/jornalfatosenoticias.com.br\/index.php\/2023\/09\/20\/livro-mostra-como-o-nazismo-funcionou-como-uma-revolucao-cultural-que-permitiu-horror-na-alemanha\/#primaryimage"},"thumbnailUrl":"https:\/\/jornalfatosenoticias.com.br\/wp-content\/uploads\/2023\/09\/livro_a_revolucao_nazista.jpg","datePublished":"2023-09-20T14:12:51+00:00","dateModified":"2023-09-20T14:12:53+00:00","breadcrumb":{"@id":"https:\/\/jornalfatosenoticias.com.br\/index.php\/2023\/09\/20\/livro-mostra-como-o-nazismo-funcionou-como-uma-revolucao-cultural-que-permitiu-horror-na-alemanha\/#breadcrumb"},"inLanguage":"pt-BR","potentialAction":[{"@type":"ReadAction","target":["https:\/\/jornalfatosenoticias.com.br\/index.php\/2023\/09\/20\/livro-mostra-como-o-nazismo-funcionou-como-uma-revolucao-cultural-que-permitiu-horror-na-alemanha\/"]}]},{"@type":"ImageObject","inLanguage":"pt-BR","@id":"https:\/\/jornalfatosenoticias.com.br\/index.php\/2023\/09\/20\/livro-mostra-como-o-nazismo-funcionou-como-uma-revolucao-cultural-que-permitiu-horror-na-alemanha\/#primaryimage","url":"https:\/\/jornalfatosenoticias.com.br\/wp-content\/uploads\/2023\/09\/livro_a_revolucao_nazista.jpg","contentUrl":"https:\/\/jornalfatosenoticias.com.br\/wp-content\/uploads\/2023\/09\/livro_a_revolucao_nazista.jpg","width":974,"height":596},{"@type":"BreadcrumbList","@id":"https:\/\/jornalfatosenoticias.com.br\/index.php\/2023\/09\/20\/livro-mostra-como-o-nazismo-funcionou-como-uma-revolucao-cultural-que-permitiu-horror-na-alemanha\/#breadcrumb","itemListElement":[{"@type":"ListItem","position":1,"name":"In\u00edcio","item":"https:\/\/jornalfatosenoticias.com.br\/"},{"@type":"ListItem","position":2,"name":"Livro mostra como o nazismo funcionou como uma &#8216;revolu\u00e7\u00e3o cultural&#8217; que permitiu horror na Alemanha"}]},{"@type":"WebSite","@id":"https:\/\/jornalfatosenoticias.com.br\/#website","url":"https:\/\/jornalfatosenoticias.com.br\/","name":"Jornal Fatos e Not\u00edcias","description":"Not\u00edcias em geral","publisher":{"@id":"https:\/\/jornalfatosenoticias.com.br\/#organization"},"potentialAction":[{"@type":"SearchAction","target":{"@type":"EntryPoint","urlTemplate":"https:\/\/jornalfatosenoticias.com.br\/?s={search_term_string}"},"query-input":{"@type":"PropertyValueSpecification","valueRequired":true,"valueName":"search_term_string"}}],"inLanguage":"pt-BR"},{"@type":"Organization","@id":"https:\/\/jornalfatosenoticias.com.br\/#organization","name":"Jornal Fatos e Not\u00edcias","url":"https:\/\/jornalfatosenoticias.com.br\/","logo":{"@type":"ImageObject","inLanguage":"pt-BR","@id":"https:\/\/jornalfatosenoticias.com.br\/#\/schema\/logo\/image\/","url":"https:\/\/jornalfatosenoticias.com.br\/wp-content\/uploads\/2020\/02\/logo120.png","contentUrl":"https:\/\/jornalfatosenoticias.com.br\/wp-content\/uploads\/2020\/02\/logo120.png","width":1227,"height":120,"caption":"Jornal Fatos e Not\u00edcias"},"image":{"@id":"https:\/\/jornalfatosenoticias.com.br\/#\/schema\/logo\/image\/"}},{"@type":"Person","@id":"https:\/\/jornalfatosenoticias.com.br\/#\/schema\/person\/d63837fa13ac8666eb9e74e0985d6f81","name":"Luzimara Fernandes","image":{"@type":"ImageObject","inLanguage":"pt-BR","@id":"https:\/\/jornalfatosenoticias.com.br\/#\/schema\/person\/image\/","url":"https:\/\/jornalfatosenoticias.com.br\/wp-content\/uploads\/2025\/05\/EU_portal.jpg","contentUrl":"https:\/\/jornalfatosenoticias.com.br\/wp-content\/uploads\/2025\/05\/EU_portal.jpg","caption":"Luzimara Fernandes"},"description":"Jornalista MTB 2358-ES","sameAs":["https:\/\/jornalfatosenoticias.com.br"],"url":"https:\/\/jornalfatosenoticias.com.br\/index.php\/author\/luzimara\/"}]}},"cc_featured_image_caption":{"caption_text":"(Foto: Divulga\u00e7\u00e3o) ","source_text":"","source_url":""},"jetpack_featured_media_url":"https:\/\/jornalfatosenoticias.com.br\/wp-content\/uploads\/2023\/09\/livro_a_revolucao_nazista.jpg","_links":{"self":[{"href":"https:\/\/jornalfatosenoticias.com.br\/index.php\/wp-json\/wp\/v2\/posts\/45324","targetHints":{"allow":["GET"]}}],"collection":[{"href":"https:\/\/jornalfatosenoticias.com.br\/index.php\/wp-json\/wp\/v2\/posts"}],"about":[{"href":"https:\/\/jornalfatosenoticias.com.br\/index.php\/wp-json\/wp\/v2\/types\/post"}],"author":[{"embeddable":true,"href":"https:\/\/jornalfatosenoticias.com.br\/index.php\/wp-json\/wp\/v2\/users\/2"}],"replies":[{"embeddable":true,"href":"https:\/\/jornalfatosenoticias.com.br\/index.php\/wp-json\/wp\/v2\/comments?post=45324"}],"version-history":[{"count":0,"href":"https:\/\/jornalfatosenoticias.com.br\/index.php\/wp-json\/wp\/v2\/posts\/45324\/revisions"}],"wp:featuredmedia":[{"embeddable":true,"href":"https:\/\/jornalfatosenoticias.com.br\/index.php\/wp-json\/wp\/v2\/media\/45325"}],"wp:attachment":[{"href":"https:\/\/jornalfatosenoticias.com.br\/index.php\/wp-json\/wp\/v2\/media?parent=45324"}],"wp:term":[{"taxonomy":"category","embeddable":true,"href":"https:\/\/jornalfatosenoticias.com.br\/index.php\/wp-json\/wp\/v2\/categories?post=45324"},{"taxonomy":"post_tag","embeddable":true,"href":"https:\/\/jornalfatosenoticias.com.br\/index.php\/wp-json\/wp\/v2\/tags?post=45324"}],"curies":[{"name":"wp","href":"https:\/\/api.w.org\/{rel}","templated":true}]}}