{"id":45327,"date":"2023-09-20T11:33:41","date_gmt":"2023-09-20T14:33:41","guid":{"rendered":"https:\/\/jornalfatosenoticias.com.br\/?p=45327"},"modified":"2023-09-20T11:33:45","modified_gmt":"2023-09-20T14:33:45","slug":"eua-recebem-1a-aeronave-de-guerra-eletronica-de-ultima-geracao","status":"publish","type":"post","link":"https:\/\/jornalfatosenoticias.com.br\/index.php\/2023\/09\/20\/eua-recebem-1a-aeronave-de-guerra-eletronica-de-ultima-geracao\/","title":{"rendered":"EUA recebem 1\u00aa aeronave de guerra eletr\u00f4nica de \u00faltima gera\u00e7\u00e3o"},"content":{"rendered":"\n<p><em><span class=\"has-inline-color has-black-color\">Aeronaves podem interromper as comunica\u00e7\u00f5es e outros sistemas eletr\u00f4nicos vitais dos inimigos e devem entrar em opera\u00e7\u00e3o em 2024<\/span><\/em><\/p>\n\n\n\n<p><em><span class=\"has-inline-color has-black-color\">Por <strong><a href=\"https:\/\/olhardigital.com.br\/author\/alessandro-lorenzo\/\">Alessandro Di Lorenzo<\/a><\/strong><\/span><\/em><\/p>\n\n\n\n<div class=\"wp-block-image\"><figure class=\"aligncenter size-large is-resized\"><img loading=\"lazy\" decoding=\"async\" src=\"https:\/\/jornalfatosenoticias.com.br\/wp-content\/uploads\/2023\/09\/vetorvix1024_1.jpg\" alt=\"\" class=\"wp-image-44868\" width=\"430\" height=\"114\" srcset=\"https:\/\/jornalfatosenoticias.com.br\/wp-content\/uploads\/2023\/09\/vetorvix1024_1.jpg 1024w, https:\/\/jornalfatosenoticias.com.br\/wp-content\/uploads\/2023\/09\/vetorvix1024_1-300x80.jpg 300w, https:\/\/jornalfatosenoticias.com.br\/wp-content\/uploads\/2023\/09\/vetorvix1024_1-768x205.jpg 768w\" sizes=\"auto, (max-width: 430px) 100vw, 430px\" \/><\/figure><\/div>\n\n\n\n<p>Equipamentos militares nem sempre precisam ser fortemente armados. E em alguns casos, n\u00e3o precisam transportar nenhuma arma. \u00c9 exatamente o que acontece com as <a href=\"https:\/\/olhardigital.com.br\/tag\/aeronaves\/\" target=\"_blank\" rel=\"noreferrer noopener\">aeronaves<\/a>\u00a0EC-37B Compass Call da BAE Systems e da L3Harris Technologies. O ex\u00e9rcito dos\u00a0<a href=\"https:\/\/olhardigital.com.br\/tag\/estados-unidos\/\" target=\"_blank\" rel=\"noreferrer noopener\">Estados Unidos<\/a> recebeu a primeira das 10 unidades adquiridas e que ir\u00e3o substituir o antigo EC-130H Compass Call, que est\u00e1 em servi\u00e7o desde 1982.<\/p>\n\n\n\n<h3 class=\"wp-block-heading\"><span class=\"has-inline-color has-black-color\"><strong>Aeronaves contam com sistema que interrompe comunica\u00e7\u00f5es do inimigo<\/strong><\/span><\/h3>\n\n\n\n<div class=\"wp-block-image\"><figure class=\"aligncenter size-large\"><img loading=\"lazy\" decoding=\"async\" width=\"1000\" height=\"682\" src=\"https:\/\/jornalfatosenoticias.com.br\/wp-content\/uploads\/2023\/09\/Aviao-de-guerra_EUA2.png\" alt=\"\" class=\"wp-image-45328\" srcset=\"https:\/\/jornalfatosenoticias.com.br\/wp-content\/uploads\/2023\/09\/Aviao-de-guerra_EUA2.png 1000w, https:\/\/jornalfatosenoticias.com.br\/wp-content\/uploads\/2023\/09\/Aviao-de-guerra_EUA2-300x205.png 300w, https:\/\/jornalfatosenoticias.com.br\/wp-content\/uploads\/2023\/09\/Aviao-de-guerra_EUA2-768x524.png 768w\" sizes=\"auto, (max-width: 1000px) 100vw, 1000px\" \/><figcaption><em><span class=\"has-inline-color has-black-color\">Aeronave pode interromper as comunica\u00e7\u00f5es do inimigo (Foto: Divulga\u00e7\u00e3o\/L3Harris Technologies)<\/span><\/em><\/figcaption><\/figure><\/div>\n\n\n\n<ul class=\"wp-block-list\"><li>Essas aeronaves aparentemente indefesas est\u00e3o armadas at\u00e9 os dentes com <a href=\"https:\/\/olhardigital.com.br\/tag\/antenas\/\" target=\"_blank\" rel=\"noreferrer noopener\">antenas<\/a>, eletr\u00f4nicos e algoritmos inteligentes.<\/li><li>Desde a d\u00e9cada de 1980, a For\u00e7a A\u00e9rea dos EUA opera uma frota de 14 avi\u00f5es H\u00e9rcules EC-130H Compass Call.<\/li><li>A principal fun\u00e7\u00e3o delas n\u00e3o \u00e9 o controle de tr\u00e1fego a\u00e9reo, reconhecimento, comunica\u00e7\u00f5es ou alerta precoce, mas engajar ativamente o inimigo bloqueando, falsificando ou interrompendo as comunica\u00e7\u00f5es de comando e outros sistemas eletr\u00f4nicos vitais para desativar as defesas a\u00e9reas e os sistemas de comando e controle.<\/li><li>A frota agora ser\u00e1 substitu\u00edda pelo EC-37B, segundo informa\u00e7\u00f5es da <a href=\"https:\/\/newatlas.com\/military\/us-air-force-gets-new-aggressive-electronic-warfare-aircraft\/\" target=\"_blank\" rel=\"noreferrer noopener\">New Atlas<\/a>.<\/li><\/ul>\n\n\n\n<div class=\"wp-block-image\"><figure class=\"aligncenter size-large is-resized\"><img loading=\"lazy\" decoding=\"async\" src=\"https:\/\/jornalfatosenoticias.com.br\/wp-content\/uploads\/2023\/08\/BKR-1024x1021.jpg\" alt=\"\" class=\"wp-image-44494\" width=\"309\" height=\"308\" srcset=\"https:\/\/jornalfatosenoticias.com.br\/wp-content\/uploads\/2023\/08\/BKR-1024x1021.jpg 1024w, https:\/\/jornalfatosenoticias.com.br\/wp-content\/uploads\/2023\/08\/BKR-300x300.jpg 300w, https:\/\/jornalfatosenoticias.com.br\/wp-content\/uploads\/2023\/08\/BKR-150x150.jpg 150w, https:\/\/jornalfatosenoticias.com.br\/wp-content\/uploads\/2023\/08\/BKR-768x766.jpg 768w, https:\/\/jornalfatosenoticias.com.br\/wp-content\/uploads\/2023\/08\/BKR.jpg 1080w\" sizes=\"auto, (max-width: 309px) 100vw, 309px\" \/><\/figure><\/div>\n\n\n\n<p><strong><span class=\"has-inline-color has-black-color\">Mais leves, velozes e com maior alcance<br><\/span><\/strong>Os novos avi\u00f5es t\u00eam um comprimento de 29 metros e envergadura de 28 metros. Eles s\u00e3o menores e mais leves que seu antecessor, mas t\u00eam custos operacionais 50% maiores. Al\u00e9m disso, s\u00e3o mais velozes, t\u00eam maior alcance e um teto operacional mais alto gra\u00e7as aos seus dois motores Rolls-Royce BR710 C4-11.<\/p>\n\n\n\n<div class=\"wp-block-image\"><figure class=\"aligncenter size-large\"><img loading=\"lazy\" decoding=\"async\" width=\"300\" height=\"250\" src=\"https:\/\/jornalfatosenoticias.com.br\/wp-content\/uploads\/2022\/02\/FERRARI_MAQUINAS-E-FERRAMENTAS2.jpg\" alt=\"\" class=\"wp-image-27860\"\/><\/figure><\/div>\n\n\n\n<p>A nova frota deve entrar em servi\u00e7o em meados de 2024 com o 55\u00ba Grupo de Combate Eletr\u00f4nico (ECG) localizado na Base da For\u00e7a A\u00e9rea Davis-Monthan em Tucson, Arizona. Os cinco primeiros avi\u00f5es ser\u00e3o equipados com a configura\u00e7\u00e3o Compass Call Baseline 3 e os outro cinco ter\u00e3o a configura\u00e7\u00e3o Compass Call Baseline 4.<\/p>\n\n\n\n<div class=\"wp-block-image\"><figure class=\"aligncenter size-large is-resized\"><img loading=\"lazy\" decoding=\"async\" src=\"https:\/\/jornalfatosenoticias.com.br\/wp-content\/uploads\/2022\/10\/RC_800x750_page-0001.jpg\" alt=\"\" class=\"wp-image-35338\" width=\"334\" height=\"313\" srcset=\"https:\/\/jornalfatosenoticias.com.br\/wp-content\/uploads\/2022\/10\/RC_800x750_page-0001.jpg 400w, https:\/\/jornalfatosenoticias.com.br\/wp-content\/uploads\/2022\/10\/RC_800x750_page-0001-300x281.jpg 300w\" sizes=\"auto, (max-width: 334px) 100vw, 334px\" \/><\/figure><\/div>\n\n\n\n<blockquote class=\"wp-block-quote is-layout-flow wp-block-quote-is-layout-flow\"><p><span class=\"has-inline-color has-luminous-vivid-orange-color\">Nossa equipe cumpriu o incr\u00edvel desafio de migrar o equipamento de miss\u00e3o Compass Call do EC-130H muito maior e integr\u00e1-lo totalmente \u00e0 plataforma Gulfstream G550. \u00c0 medida que a For\u00e7a A\u00e9rea encerra sua frota EC-40H de 130 anos, o EC-37B de ponta capacitar\u00e1 o cliente a continuar servindo sua miss\u00e3o vital de guerra eletromagn\u00e9tica para as gera\u00e7\u00f5es futuras&#8221;, explica Jason Lambert, presidente de Intelig\u00eancia, Vigil\u00e2ncia e Reconhecimento da L3Harris.<\/span><\/p><\/blockquote>\n\n\n\n<div class=\"wp-block-image\"><figure class=\"aligncenter size-large is-resized\"><img loading=\"lazy\" decoding=\"async\" src=\"https:\/\/jornalfatosenoticias.com.br\/wp-content\/uploads\/2023\/08\/Steel.jpeg\" alt=\"\" class=\"wp-image-44634\" width=\"414\" height=\"336\" srcset=\"https:\/\/jornalfatosenoticias.com.br\/wp-content\/uploads\/2023\/08\/Steel.jpeg 800w, https:\/\/jornalfatosenoticias.com.br\/wp-content\/uploads\/2023\/08\/Steel-300x244.jpeg 300w, https:\/\/jornalfatosenoticias.com.br\/wp-content\/uploads\/2023\/08\/Steel-768x624.jpeg 768w\" sizes=\"auto, (max-width: 414px) 100vw, 414px\" \/><\/figure><\/div>\n\n\n\n<p><strong><em>Fonte: <a href=\"https:\/\/olhardigital.com.br\/2023\/09\/20\/carros-e-tecnologia\/eua-recebem-1a-aeronave-de-guerra-eletronica-de-ultima-geracao\/\">Olhar Digital<\/a><\/em><\/strong><\/p>\n","protected":false},"excerpt":{"rendered":"<p>Aeronaves podem interromper as comunica\u00e7\u00f5es e outros sistemas eletr\u00f4nicos vitais dos inimigos e devem entrar em opera\u00e7\u00e3o em 2024 Por Alessandro Di Lorenzo Equipamentos militares nem sempre precisam ser fortemente armados. E em alguns casos, n\u00e3o precisam transportar nenhuma arma. \u00c9 exatamente o que acontece com as aeronaves\u00a0EC-37B Compass Call da BAE Systems e da [&hellip;]<\/p>\n","protected":false},"author":2,"featured_media":45329,"comment_status":"open","ping_status":"open","sticky":false,"template":"","format":"standard","meta":{"footnotes":""},"categories":[3],"tags":[21356,8151,21354,1751,4491,21355],"class_list":["post-45327","post","type-post","status-publish","format-standard","has-post-thumbnail","hentry","category-tecnologia","tag-a-aeronave-de-guerra-eletronica-de-ultima-geracao","tag-aeronaves","tag-aviao-de-guerra","tag-estados-unidos","tag-guerra","tag-sistemas-eletronicos"],"yoast_head":"<!-- This site is optimized with the Yoast SEO plugin v26.5 - https:\/\/yoast.com\/wordpress\/plugins\/seo\/ -->\n<title>EUA recebem 1\u00aa aeronave de guerra eletr\u00f4nica de \u00faltima gera\u00e7\u00e3o - Jornal Fatos e Not\u00edcias<\/title>\n<meta name=\"robots\" content=\"index, follow, max-snippet:-1, max-image-preview:large, max-video-preview:-1\" \/>\n<link rel=\"canonical\" href=\"https:\/\/jornalfatosenoticias.com.br\/index.php\/2023\/09\/20\/eua-recebem-1a-aeronave-de-guerra-eletronica-de-ultima-geracao\/\" \/>\n<meta property=\"og:locale\" content=\"pt_BR\" \/>\n<meta property=\"og:type\" content=\"article\" \/>\n<meta property=\"og:title\" content=\"EUA recebem 1\u00aa aeronave de guerra eletr\u00f4nica de \u00faltima gera\u00e7\u00e3o - Jornal Fatos e Not\u00edcias\" \/>\n<meta property=\"og:description\" content=\"Aeronaves podem interromper as comunica\u00e7\u00f5es e outros sistemas eletr\u00f4nicos vitais dos inimigos e devem entrar em opera\u00e7\u00e3o em 2024 Por Alessandro Di Lorenzo Equipamentos militares nem sempre precisam ser fortemente armados. E em alguns casos, n\u00e3o precisam transportar nenhuma arma. \u00c9 exatamente o que acontece com as aeronaves\u00a0EC-37B Compass Call da BAE Systems e da [&hellip;]\" \/>\n<meta property=\"og:url\" content=\"https:\/\/jornalfatosenoticias.com.br\/index.php\/2023\/09\/20\/eua-recebem-1a-aeronave-de-guerra-eletronica-de-ultima-geracao\/\" \/>\n<meta property=\"og:site_name\" content=\"Jornal Fatos e Not\u00edcias\" \/>\n<meta property=\"article:published_time\" content=\"2023-09-20T14:33:41+00:00\" \/>\n<meta property=\"article:modified_time\" content=\"2023-09-20T14:33:45+00:00\" \/>\n<meta property=\"og:image\" content=\"https:\/\/jornalfatosenoticias.com.br\/wp-content\/uploads\/2023\/09\/Aviao-de-guerra_EUA.png\" \/>\n\t<meta property=\"og:image:width\" content=\"1000\" \/>\n\t<meta property=\"og:image:height\" content=\"543\" \/>\n\t<meta property=\"og:image:type\" content=\"image\/png\" \/>\n<meta name=\"author\" content=\"Luzimara Fernandes\" \/>\n<meta name=\"twitter:card\" content=\"summary_large_image\" \/>\n<meta name=\"twitter:label1\" content=\"Escrito por\" \/>\n\t<meta name=\"twitter:data1\" content=\"Luzimara Fernandes\" \/>\n\t<meta name=\"twitter:label2\" content=\"Est. tempo de leitura\" \/>\n\t<meta name=\"twitter:data2\" content=\"2 minutos\" \/>\n<script type=\"application\/ld+json\" class=\"yoast-schema-graph\">{\"@context\":\"https:\/\/schema.org\",\"@graph\":[{\"@type\":\"Article\",\"@id\":\"https:\/\/jornalfatosenoticias.com.br\/index.php\/2023\/09\/20\/eua-recebem-1a-aeronave-de-guerra-eletronica-de-ultima-geracao\/#article\",\"isPartOf\":{\"@id\":\"https:\/\/jornalfatosenoticias.com.br\/index.php\/2023\/09\/20\/eua-recebem-1a-aeronave-de-guerra-eletronica-de-ultima-geracao\/\"},\"author\":{\"name\":\"Luzimara Fernandes\",\"@id\":\"https:\/\/jornalfatosenoticias.com.br\/#\/schema\/person\/d63837fa13ac8666eb9e74e0985d6f81\"},\"headline\":\"EUA recebem 1\u00aa aeronave de guerra eletr\u00f4nica de \u00faltima gera\u00e7\u00e3o\",\"datePublished\":\"2023-09-20T14:33:41+00:00\",\"dateModified\":\"2023-09-20T14:33:45+00:00\",\"mainEntityOfPage\":{\"@id\":\"https:\/\/jornalfatosenoticias.com.br\/index.php\/2023\/09\/20\/eua-recebem-1a-aeronave-de-guerra-eletronica-de-ultima-geracao\/\"},\"wordCount\":440,\"commentCount\":0,\"publisher\":{\"@id\":\"https:\/\/jornalfatosenoticias.com.br\/#organization\"},\"image\":{\"@id\":\"https:\/\/jornalfatosenoticias.com.br\/index.php\/2023\/09\/20\/eua-recebem-1a-aeronave-de-guerra-eletronica-de-ultima-geracao\/#primaryimage\"},\"thumbnailUrl\":\"https:\/\/jornalfatosenoticias.com.br\/wp-content\/uploads\/2023\/09\/Aviao-de-guerra_EUA.png\",\"keywords\":[\"\u00aa aeronave de guerra eletr\u00f4nica de \u00faltima gera\u00e7\u00e3o\",\"aeronaves\",\"avi\u00e3o de guerra\",\"Estados Unidos\",\"guerra\",\"sistemas eletr\u00f4nicos\"],\"articleSection\":[\"Tecnologia &amp; Inova\u00e7\u00e3o\"],\"inLanguage\":\"pt-BR\",\"potentialAction\":[{\"@type\":\"CommentAction\",\"name\":\"Comment\",\"target\":[\"https:\/\/jornalfatosenoticias.com.br\/index.php\/2023\/09\/20\/eua-recebem-1a-aeronave-de-guerra-eletronica-de-ultima-geracao\/#respond\"]}]},{\"@type\":\"WebPage\",\"@id\":\"https:\/\/jornalfatosenoticias.com.br\/index.php\/2023\/09\/20\/eua-recebem-1a-aeronave-de-guerra-eletronica-de-ultima-geracao\/\",\"url\":\"https:\/\/jornalfatosenoticias.com.br\/index.php\/2023\/09\/20\/eua-recebem-1a-aeronave-de-guerra-eletronica-de-ultima-geracao\/\",\"name\":\"EUA recebem 1\u00aa aeronave de guerra eletr\u00f4nica de \u00faltima gera\u00e7\u00e3o - Jornal Fatos e Not\u00edcias\",\"isPartOf\":{\"@id\":\"https:\/\/jornalfatosenoticias.com.br\/#website\"},\"primaryImageOfPage\":{\"@id\":\"https:\/\/jornalfatosenoticias.com.br\/index.php\/2023\/09\/20\/eua-recebem-1a-aeronave-de-guerra-eletronica-de-ultima-geracao\/#primaryimage\"},\"image\":{\"@id\":\"https:\/\/jornalfatosenoticias.com.br\/index.php\/2023\/09\/20\/eua-recebem-1a-aeronave-de-guerra-eletronica-de-ultima-geracao\/#primaryimage\"},\"thumbnailUrl\":\"https:\/\/jornalfatosenoticias.com.br\/wp-content\/uploads\/2023\/09\/Aviao-de-guerra_EUA.png\",\"datePublished\":\"2023-09-20T14:33:41+00:00\",\"dateModified\":\"2023-09-20T14:33:45+00:00\",\"breadcrumb\":{\"@id\":\"https:\/\/jornalfatosenoticias.com.br\/index.php\/2023\/09\/20\/eua-recebem-1a-aeronave-de-guerra-eletronica-de-ultima-geracao\/#breadcrumb\"},\"inLanguage\":\"pt-BR\",\"potentialAction\":[{\"@type\":\"ReadAction\",\"target\":[\"https:\/\/jornalfatosenoticias.com.br\/index.php\/2023\/09\/20\/eua-recebem-1a-aeronave-de-guerra-eletronica-de-ultima-geracao\/\"]}]},{\"@type\":\"ImageObject\",\"inLanguage\":\"pt-BR\",\"@id\":\"https:\/\/jornalfatosenoticias.com.br\/index.php\/2023\/09\/20\/eua-recebem-1a-aeronave-de-guerra-eletronica-de-ultima-geracao\/#primaryimage\",\"url\":\"https:\/\/jornalfatosenoticias.com.br\/wp-content\/uploads\/2023\/09\/Aviao-de-guerra_EUA.png\",\"contentUrl\":\"https:\/\/jornalfatosenoticias.com.br\/wp-content\/uploads\/2023\/09\/Aviao-de-guerra_EUA.png\",\"width\":1000,\"height\":543},{\"@type\":\"BreadcrumbList\",\"@id\":\"https:\/\/jornalfatosenoticias.com.br\/index.php\/2023\/09\/20\/eua-recebem-1a-aeronave-de-guerra-eletronica-de-ultima-geracao\/#breadcrumb\",\"itemListElement\":[{\"@type\":\"ListItem\",\"position\":1,\"name\":\"In\u00edcio\",\"item\":\"https:\/\/jornalfatosenoticias.com.br\/\"},{\"@type\":\"ListItem\",\"position\":2,\"name\":\"EUA recebem 1\u00aa aeronave de guerra eletr\u00f4nica de \u00faltima gera\u00e7\u00e3o\"}]},{\"@type\":\"WebSite\",\"@id\":\"https:\/\/jornalfatosenoticias.com.br\/#website\",\"url\":\"https:\/\/jornalfatosenoticias.com.br\/\",\"name\":\"Jornal Fatos e Not\u00edcias\",\"description\":\"Not\u00edcias em geral\",\"publisher\":{\"@id\":\"https:\/\/jornalfatosenoticias.com.br\/#organization\"},\"potentialAction\":[{\"@type\":\"SearchAction\",\"target\":{\"@type\":\"EntryPoint\",\"urlTemplate\":\"https:\/\/jornalfatosenoticias.com.br\/?s={search_term_string}\"},\"query-input\":{\"@type\":\"PropertyValueSpecification\",\"valueRequired\":true,\"valueName\":\"search_term_string\"}}],\"inLanguage\":\"pt-BR\"},{\"@type\":\"Organization\",\"@id\":\"https:\/\/jornalfatosenoticias.com.br\/#organization\",\"name\":\"Jornal Fatos e Not\u00edcias\",\"url\":\"https:\/\/jornalfatosenoticias.com.br\/\",\"logo\":{\"@type\":\"ImageObject\",\"inLanguage\":\"pt-BR\",\"@id\":\"https:\/\/jornalfatosenoticias.com.br\/#\/schema\/logo\/image\/\",\"url\":\"https:\/\/jornalfatosenoticias.com.br\/wp-content\/uploads\/2020\/02\/logo120.png\",\"contentUrl\":\"https:\/\/jornalfatosenoticias.com.br\/wp-content\/uploads\/2020\/02\/logo120.png\",\"width\":1227,\"height\":120,\"caption\":\"Jornal Fatos e Not\u00edcias\"},\"image\":{\"@id\":\"https:\/\/jornalfatosenoticias.com.br\/#\/schema\/logo\/image\/\"}},{\"@type\":\"Person\",\"@id\":\"https:\/\/jornalfatosenoticias.com.br\/#\/schema\/person\/d63837fa13ac8666eb9e74e0985d6f81\",\"name\":\"Luzimara Fernandes\",\"image\":{\"@type\":\"ImageObject\",\"inLanguage\":\"pt-BR\",\"@id\":\"https:\/\/jornalfatosenoticias.com.br\/#\/schema\/person\/image\/\",\"url\":\"https:\/\/jornalfatosenoticias.com.br\/wp-content\/uploads\/2025\/05\/EU_portal.jpg\",\"contentUrl\":\"https:\/\/jornalfatosenoticias.com.br\/wp-content\/uploads\/2025\/05\/EU_portal.jpg\",\"caption\":\"Luzimara Fernandes\"},\"description\":\"Jornalista MTB 2358-ES\",\"sameAs\":[\"https:\/\/jornalfatosenoticias.com.br\"],\"url\":\"https:\/\/jornalfatosenoticias.com.br\/index.php\/author\/luzimara\/\"}]}<\/script>\n<!-- \/ Yoast SEO plugin. -->","yoast_head_json":{"title":"EUA recebem 1\u00aa aeronave de guerra eletr\u00f4nica de \u00faltima gera\u00e7\u00e3o - Jornal Fatos e Not\u00edcias","robots":{"index":"index","follow":"follow","max-snippet":"max-snippet:-1","max-image-preview":"max-image-preview:large","max-video-preview":"max-video-preview:-1"},"canonical":"https:\/\/jornalfatosenoticias.com.br\/index.php\/2023\/09\/20\/eua-recebem-1a-aeronave-de-guerra-eletronica-de-ultima-geracao\/","og_locale":"pt_BR","og_type":"article","og_title":"EUA recebem 1\u00aa aeronave de guerra eletr\u00f4nica de \u00faltima gera\u00e7\u00e3o - Jornal Fatos e Not\u00edcias","og_description":"Aeronaves podem interromper as comunica\u00e7\u00f5es e outros sistemas eletr\u00f4nicos vitais dos inimigos e devem entrar em opera\u00e7\u00e3o em 2024 Por Alessandro Di Lorenzo Equipamentos militares nem sempre precisam ser fortemente armados. E em alguns casos, n\u00e3o precisam transportar nenhuma arma. \u00c9 exatamente o que acontece com as aeronaves\u00a0EC-37B Compass Call da BAE Systems e da [&hellip;]","og_url":"https:\/\/jornalfatosenoticias.com.br\/index.php\/2023\/09\/20\/eua-recebem-1a-aeronave-de-guerra-eletronica-de-ultima-geracao\/","og_site_name":"Jornal Fatos e Not\u00edcias","article_published_time":"2023-09-20T14:33:41+00:00","article_modified_time":"2023-09-20T14:33:45+00:00","og_image":[{"width":1000,"height":543,"url":"https:\/\/jornalfatosenoticias.com.br\/wp-content\/uploads\/2023\/09\/Aviao-de-guerra_EUA.png","type":"image\/png"}],"author":"Luzimara Fernandes","twitter_card":"summary_large_image","twitter_misc":{"Escrito por":"Luzimara Fernandes","Est. tempo de leitura":"2 minutos"},"schema":{"@context":"https:\/\/schema.org","@graph":[{"@type":"Article","@id":"https:\/\/jornalfatosenoticias.com.br\/index.php\/2023\/09\/20\/eua-recebem-1a-aeronave-de-guerra-eletronica-de-ultima-geracao\/#article","isPartOf":{"@id":"https:\/\/jornalfatosenoticias.com.br\/index.php\/2023\/09\/20\/eua-recebem-1a-aeronave-de-guerra-eletronica-de-ultima-geracao\/"},"author":{"name":"Luzimara Fernandes","@id":"https:\/\/jornalfatosenoticias.com.br\/#\/schema\/person\/d63837fa13ac8666eb9e74e0985d6f81"},"headline":"EUA recebem 1\u00aa aeronave de guerra eletr\u00f4nica de \u00faltima gera\u00e7\u00e3o","datePublished":"2023-09-20T14:33:41+00:00","dateModified":"2023-09-20T14:33:45+00:00","mainEntityOfPage":{"@id":"https:\/\/jornalfatosenoticias.com.br\/index.php\/2023\/09\/20\/eua-recebem-1a-aeronave-de-guerra-eletronica-de-ultima-geracao\/"},"wordCount":440,"commentCount":0,"publisher":{"@id":"https:\/\/jornalfatosenoticias.com.br\/#organization"},"image":{"@id":"https:\/\/jornalfatosenoticias.com.br\/index.php\/2023\/09\/20\/eua-recebem-1a-aeronave-de-guerra-eletronica-de-ultima-geracao\/#primaryimage"},"thumbnailUrl":"https:\/\/jornalfatosenoticias.com.br\/wp-content\/uploads\/2023\/09\/Aviao-de-guerra_EUA.png","keywords":["\u00aa aeronave de guerra eletr\u00f4nica de \u00faltima gera\u00e7\u00e3o","aeronaves","avi\u00e3o de guerra","Estados Unidos","guerra","sistemas eletr\u00f4nicos"],"articleSection":["Tecnologia &amp; Inova\u00e7\u00e3o"],"inLanguage":"pt-BR","potentialAction":[{"@type":"CommentAction","name":"Comment","target":["https:\/\/jornalfatosenoticias.com.br\/index.php\/2023\/09\/20\/eua-recebem-1a-aeronave-de-guerra-eletronica-de-ultima-geracao\/#respond"]}]},{"@type":"WebPage","@id":"https:\/\/jornalfatosenoticias.com.br\/index.php\/2023\/09\/20\/eua-recebem-1a-aeronave-de-guerra-eletronica-de-ultima-geracao\/","url":"https:\/\/jornalfatosenoticias.com.br\/index.php\/2023\/09\/20\/eua-recebem-1a-aeronave-de-guerra-eletronica-de-ultima-geracao\/","name":"EUA recebem 1\u00aa aeronave de guerra eletr\u00f4nica de \u00faltima gera\u00e7\u00e3o - Jornal Fatos e Not\u00edcias","isPartOf":{"@id":"https:\/\/jornalfatosenoticias.com.br\/#website"},"primaryImageOfPage":{"@id":"https:\/\/jornalfatosenoticias.com.br\/index.php\/2023\/09\/20\/eua-recebem-1a-aeronave-de-guerra-eletronica-de-ultima-geracao\/#primaryimage"},"image":{"@id":"https:\/\/jornalfatosenoticias.com.br\/index.php\/2023\/09\/20\/eua-recebem-1a-aeronave-de-guerra-eletronica-de-ultima-geracao\/#primaryimage"},"thumbnailUrl":"https:\/\/jornalfatosenoticias.com.br\/wp-content\/uploads\/2023\/09\/Aviao-de-guerra_EUA.png","datePublished":"2023-09-20T14:33:41+00:00","dateModified":"2023-09-20T14:33:45+00:00","breadcrumb":{"@id":"https:\/\/jornalfatosenoticias.com.br\/index.php\/2023\/09\/20\/eua-recebem-1a-aeronave-de-guerra-eletronica-de-ultima-geracao\/#breadcrumb"},"inLanguage":"pt-BR","potentialAction":[{"@type":"ReadAction","target":["https:\/\/jornalfatosenoticias.com.br\/index.php\/2023\/09\/20\/eua-recebem-1a-aeronave-de-guerra-eletronica-de-ultima-geracao\/"]}]},{"@type":"ImageObject","inLanguage":"pt-BR","@id":"https:\/\/jornalfatosenoticias.com.br\/index.php\/2023\/09\/20\/eua-recebem-1a-aeronave-de-guerra-eletronica-de-ultima-geracao\/#primaryimage","url":"https:\/\/jornalfatosenoticias.com.br\/wp-content\/uploads\/2023\/09\/Aviao-de-guerra_EUA.png","contentUrl":"https:\/\/jornalfatosenoticias.com.br\/wp-content\/uploads\/2023\/09\/Aviao-de-guerra_EUA.png","width":1000,"height":543},{"@type":"BreadcrumbList","@id":"https:\/\/jornalfatosenoticias.com.br\/index.php\/2023\/09\/20\/eua-recebem-1a-aeronave-de-guerra-eletronica-de-ultima-geracao\/#breadcrumb","itemListElement":[{"@type":"ListItem","position":1,"name":"In\u00edcio","item":"https:\/\/jornalfatosenoticias.com.br\/"},{"@type":"ListItem","position":2,"name":"EUA recebem 1\u00aa aeronave de guerra eletr\u00f4nica de \u00faltima gera\u00e7\u00e3o"}]},{"@type":"WebSite","@id":"https:\/\/jornalfatosenoticias.com.br\/#website","url":"https:\/\/jornalfatosenoticias.com.br\/","name":"Jornal Fatos e Not\u00edcias","description":"Not\u00edcias em geral","publisher":{"@id":"https:\/\/jornalfatosenoticias.com.br\/#organization"},"potentialAction":[{"@type":"SearchAction","target":{"@type":"EntryPoint","urlTemplate":"https:\/\/jornalfatosenoticias.com.br\/?s={search_term_string}"},"query-input":{"@type":"PropertyValueSpecification","valueRequired":true,"valueName":"search_term_string"}}],"inLanguage":"pt-BR"},{"@type":"Organization","@id":"https:\/\/jornalfatosenoticias.com.br\/#organization","name":"Jornal Fatos e Not\u00edcias","url":"https:\/\/jornalfatosenoticias.com.br\/","logo":{"@type":"ImageObject","inLanguage":"pt-BR","@id":"https:\/\/jornalfatosenoticias.com.br\/#\/schema\/logo\/image\/","url":"https:\/\/jornalfatosenoticias.com.br\/wp-content\/uploads\/2020\/02\/logo120.png","contentUrl":"https:\/\/jornalfatosenoticias.com.br\/wp-content\/uploads\/2020\/02\/logo120.png","width":1227,"height":120,"caption":"Jornal Fatos e Not\u00edcias"},"image":{"@id":"https:\/\/jornalfatosenoticias.com.br\/#\/schema\/logo\/image\/"}},{"@type":"Person","@id":"https:\/\/jornalfatosenoticias.com.br\/#\/schema\/person\/d63837fa13ac8666eb9e74e0985d6f81","name":"Luzimara Fernandes","image":{"@type":"ImageObject","inLanguage":"pt-BR","@id":"https:\/\/jornalfatosenoticias.com.br\/#\/schema\/person\/image\/","url":"https:\/\/jornalfatosenoticias.com.br\/wp-content\/uploads\/2025\/05\/EU_portal.jpg","contentUrl":"https:\/\/jornalfatosenoticias.com.br\/wp-content\/uploads\/2025\/05\/EU_portal.jpg","caption":"Luzimara Fernandes"},"description":"Jornalista MTB 2358-ES","sameAs":["https:\/\/jornalfatosenoticias.com.br"],"url":"https:\/\/jornalfatosenoticias.com.br\/index.php\/author\/luzimara\/"}]}},"cc_featured_image_caption":{"caption_text":"(Foto: Divulga\u00e7\u00e3o\/L3Harris Technologies)","source_text":"","source_url":""},"jetpack_featured_media_url":"https:\/\/jornalfatosenoticias.com.br\/wp-content\/uploads\/2023\/09\/Aviao-de-guerra_EUA.png","_links":{"self":[{"href":"https:\/\/jornalfatosenoticias.com.br\/index.php\/wp-json\/wp\/v2\/posts\/45327","targetHints":{"allow":["GET"]}}],"collection":[{"href":"https:\/\/jornalfatosenoticias.com.br\/index.php\/wp-json\/wp\/v2\/posts"}],"about":[{"href":"https:\/\/jornalfatosenoticias.com.br\/index.php\/wp-json\/wp\/v2\/types\/post"}],"author":[{"embeddable":true,"href":"https:\/\/jornalfatosenoticias.com.br\/index.php\/wp-json\/wp\/v2\/users\/2"}],"replies":[{"embeddable":true,"href":"https:\/\/jornalfatosenoticias.com.br\/index.php\/wp-json\/wp\/v2\/comments?post=45327"}],"version-history":[{"count":0,"href":"https:\/\/jornalfatosenoticias.com.br\/index.php\/wp-json\/wp\/v2\/posts\/45327\/revisions"}],"wp:featuredmedia":[{"embeddable":true,"href":"https:\/\/jornalfatosenoticias.com.br\/index.php\/wp-json\/wp\/v2\/media\/45329"}],"wp:attachment":[{"href":"https:\/\/jornalfatosenoticias.com.br\/index.php\/wp-json\/wp\/v2\/media?parent=45327"}],"wp:term":[{"taxonomy":"category","embeddable":true,"href":"https:\/\/jornalfatosenoticias.com.br\/index.php\/wp-json\/wp\/v2\/categories?post=45327"},{"taxonomy":"post_tag","embeddable":true,"href":"https:\/\/jornalfatosenoticias.com.br\/index.php\/wp-json\/wp\/v2\/tags?post=45327"}],"curies":[{"name":"wp","href":"https:\/\/api.w.org\/{rel}","templated":true}]}}