{"id":45334,"date":"2023-09-20T12:03:10","date_gmt":"2023-09-20T15:03:10","guid":{"rendered":"https:\/\/jornalfatosenoticias.com.br\/?p=45334"},"modified":"2023-09-20T12:03:13","modified_gmt":"2023-09-20T15:03:13","slug":"tratolira-a-mania-do-presidente-da-camara-de-atropelar-o-regimento","status":"publish","type":"post","link":"https:\/\/jornalfatosenoticias.com.br\/index.php\/2023\/09\/20\/tratolira-a-mania-do-presidente-da-camara-de-atropelar-o-regimento\/","title":{"rendered":"\u201cTratoLira\u201d: a mania do presidente da C\u00e2mara de atropelar o regimento"},"content":{"rendered":"\n<p><em><span class=\"has-inline-color has-black-color\">Em grupos de assessores no WhatsApp, fazem sucesso as figurinhas de Lira relacionadas \u00e0 postura do presidente. Entre as piadas, os assessores respons\u00e1veis pelo plen\u00e1rio usam siglas como \u201cRIL\u201d, que significa \u201cRegimento Interno do Lira\u201d e \u201cSLS\u201d para \u201cs\u00f3 Lira sabe\u201d<\/span><\/em><\/p>\n\n\n\n<p><em><span class=\"has-inline-color has-black-color\">Por <strong><a href=\"https:\/\/www.gazetadopovo.com.br\/autor\/marlice-pinto-vilela\/\">Marlice Pinto Vilela<\/a><\/strong><\/span><\/em><\/p>\n\n\n\n<div class=\"wp-block-image\"><figure class=\"aligncenter size-large\"><img loading=\"lazy\" decoding=\"async\" width=\"1024\" height=\"110\" src=\"https:\/\/jornalfatosenoticias.com.br\/wp-content\/uploads\/2022\/10\/Arte-jornal-Zucchi-1120x120_Prancheta-1-1024x110.jpg\" alt=\"\" class=\"wp-image-34772\" srcset=\"https:\/\/jornalfatosenoticias.com.br\/wp-content\/uploads\/2022\/10\/Arte-jornal-Zucchi-1120x120_Prancheta-1-1024x110.jpg 1024w, https:\/\/jornalfatosenoticias.com.br\/wp-content\/uploads\/2022\/10\/Arte-jornal-Zucchi-1120x120_Prancheta-1-300x32.jpg 300w, https:\/\/jornalfatosenoticias.com.br\/wp-content\/uploads\/2022\/10\/Arte-jornal-Zucchi-1120x120_Prancheta-1-768x82.jpg 768w, https:\/\/jornalfatosenoticias.com.br\/wp-content\/uploads\/2022\/10\/Arte-jornal-Zucchi-1120x120_Prancheta-1-1536x165.jpg 1536w, https:\/\/jornalfatosenoticias.com.br\/wp-content\/uploads\/2022\/10\/Arte-jornal-Zucchi-1120x120_Prancheta-1-2048x219.jpg 2048w\" sizes=\"auto, (max-width: 1024px) 100vw, 1024px\" \/><\/figure><\/div>\n\n\n\n<p>\u201cTratoLira\u201d \u00e9 um apelido que est\u00e1 na boca de assessores da C\u00e2mara dos Deputados e n\u00e3o \u00e9 usado para se referir ao jeitinho c\u00e9lere do presidente da Casa em comandar as sess\u00f5es deliberativas. Arthur Lira (PP-AL) \u00e9 visto internamente como um \u201ctrator\u201d pelo seu autoritarismo \u00e0 frente do plen\u00e1rio. Lira impressiona o parlamento com estrat\u00e9gias para acelerar a aprova\u00e7\u00e3o de pautas de seu interesse, ainda que precise fazer interpreta\u00e7\u00f5es question\u00e1veis do regimento ou at\u00e9 ignorar dispositivos do documento.<br>A C\u00e2mara dos Deputados, que \u00e9 palco de decis\u00f5es importantes para o Pa\u00eds, tem aprovado projetos relevantes a toque de caixa durante a gest\u00e3o de \u201cTratoLira\u201d. Al\u00e9m da ligeireza ao liberar pautas em cima da hora, dificultando a an\u00e1lise das proposi\u00e7\u00f5es por parte dos parlamentares, propostas tramitam sem passar pelo processo legislativo previsto.<\/p>\n\n\n\n<div class=\"wp-block-image\"><figure class=\"aligncenter size-large is-resized\"><img loading=\"lazy\" decoding=\"async\" src=\"https:\/\/jornalfatosenoticias.com.br\/wp-content\/uploads\/2023\/03\/logo-Panper_portal.jpg\" alt=\"\" class=\"wp-image-40208\" width=\"332\" height=\"230\" srcset=\"https:\/\/jornalfatosenoticias.com.br\/wp-content\/uploads\/2023\/03\/logo-Panper_portal.jpg 400w, https:\/\/jornalfatosenoticias.com.br\/wp-content\/uploads\/2023\/03\/logo-Panper_portal-300x208.jpg 300w\" sizes=\"auto, (max-width: 332px) 100vw, 332px\" \/><\/figure><\/div>\n\n\n\n<p>Ultimamente, Propostas de Emendas \u00e0 Constitui\u00e7\u00e3o (PECs) t\u00eam sido aprovadas sem sequer passarem pela an\u00e1lise da Comiss\u00e3o de Constitui\u00e7\u00e3o e Justi\u00e7a (CCJ), que tem a fun\u00e7\u00e3o de avaliar a constitucionalidade de uma proposta antes de encaminh\u00e1-la para a tramita\u00e7\u00e3o na Casa. Depois de admitidas, as PECs devem seguir para uma comiss\u00e3o especial, antes de vota\u00e7\u00e3o em plen\u00e1rio, na qual os parlamentares podem apresentar emendas ao texto-base.<\/p>\n\n\n\n<div class=\"wp-block-image\"><figure class=\"aligncenter size-large is-resized\"><img loading=\"lazy\" decoding=\"async\" src=\"https:\/\/jornalfatosenoticias.com.br\/wp-content\/uploads\/2020\/02\/logo-Rapuzel-1024x571.jpg\" alt=\"\" class=\"wp-image-42808\" width=\"406\" height=\"226\" srcset=\"https:\/\/jornalfatosenoticias.com.br\/wp-content\/uploads\/2020\/02\/logo-Rapuzel-1024x571.jpg 1024w, https:\/\/jornalfatosenoticias.com.br\/wp-content\/uploads\/2020\/02\/logo-Rapuzel-300x167.jpg 300w, https:\/\/jornalfatosenoticias.com.br\/wp-content\/uploads\/2020\/02\/logo-Rapuzel-768x428.jpg 768w, https:\/\/jornalfatosenoticias.com.br\/wp-content\/uploads\/2020\/02\/logo-Rapuzel-1536x856.jpg 1536w, https:\/\/jornalfatosenoticias.com.br\/wp-content\/uploads\/2020\/02\/logo-Rapuzel.jpg 1600w\" sizes=\"auto, (max-width: 406px) 100vw, 406px\" \/><\/figure><\/div>\n\n\n\n<p>Entre as manobras regimentais de Lira, o presidente est\u00e1 acostumado a apensar PECs que acabaram de ser apresentadas em outras que est\u00e3o avan\u00e7adas na tramita\u00e7\u00e3o, a fim de ganhar tempo. Foi o que aconteceu com a PEC do Furo do Teto (PEC 32\/2022) que, ao chegar na Casa, j\u00e1 foi apensada \u00e0 PEC 24\/2019 e passou direto ao plen\u00e1rio, sem passar pela CCJ ou comiss\u00e3o especial. Uma proposi\u00e7\u00e3o de mat\u00e9ria relevante, com grande impacto or\u00e7ament\u00e1rio.<\/p>\n\n\n\n<div class=\"wp-block-image\"><figure class=\"aligncenter size-large\"><img loading=\"lazy\" decoding=\"async\" width=\"300\" height=\"250\" src=\"https:\/\/jornalfatosenoticias.com.br\/wp-content\/uploads\/2022\/08\/arte-Casarao.jpg\" alt=\"\" class=\"wp-image-33178\"\/><\/figure><\/div>\n\n\n\n<p>Outro problema \u00e9 a convoca\u00e7\u00e3o de sess\u00f5es deliberativas sem informar a pauta que ser\u00e1 discutida. Est\u00e1 cada vez mais comum que as pautas sejam divulgadas durante a sess\u00e3o que j\u00e1 come\u00e7ou, apenas uma ou duas horas antes de iniciar a vota\u00e7\u00e3o. O Regimento prev\u00ea uma pauta mensal, justamente para dar previsibilidade sobre o que ser\u00e1 votado, o que n\u00e3o acontece h\u00e1 anos. Por\u00e9m, o parlamento estava acostumado a ter a pauta definida na segunda-feira que antecede a sess\u00e3o deliberativa, o que tamb\u00e9m n\u00e3o tem mais sido visto.<\/p>\n\n\n\n<div class=\"wp-block-image\"><figure class=\"aligncenter size-large\"><img decoding=\"async\" src=\"https:\/\/jornalfatosenoticias.com.br\/wp-content\/uploads\/2020\/02\/barao-das-carnes-300x164-1.jpg\" alt=\"\" class=\"wp-image-34339\"\/><\/figure><\/div>\n\n\n\n<p>Dessa forma, parlamentares e assessores n\u00e3o sabem o que ser\u00e1 votado naquele dia. Se n\u00e3o conseguem saber o que ser\u00e1 votado, n\u00e3o poder\u00e3o analisar com calma os pareceres de cada proposta, cen\u00e1rio que dificulta a apresenta\u00e7\u00e3o de emendas ou destaques para a melhoria do texto ou at\u00e9 mesmo para que os deputados possam se organizar para obstruir alguma mat\u00e9ria. Essa tem sido uma reclama\u00e7\u00e3o recorrente. Como aconteceu com o projeto de lei que regulamenta as apostas esportivas: o parecer, de 32 p\u00e1ginas, foi aprovado cerca de 24 horas depois de apresentado.<\/p>\n\n\n\n<div class=\"wp-block-image\"><figure class=\"aligncenter size-large is-resized\"><img loading=\"lazy\" decoding=\"async\" src=\"https:\/\/jornalfatosenoticias.com.br\/wp-content\/uploads\/2020\/02\/CONTROL-CS.jpg\" alt=\"\" class=\"wp-image-44991\" width=\"335\" height=\"402\" srcset=\"https:\/\/jornalfatosenoticias.com.br\/wp-content\/uploads\/2020\/02\/CONTROL-CS.jpg 834w, https:\/\/jornalfatosenoticias.com.br\/wp-content\/uploads\/2020\/02\/CONTROL-CS-250x300.jpg 250w, https:\/\/jornalfatosenoticias.com.br\/wp-content\/uploads\/2020\/02\/CONTROL-CS-768x921.jpg 768w\" sizes=\"auto, (max-width: 335px) 100vw, 335px\" \/><\/figure><\/div>\n\n\n\n<p>Em grupos de assessores no WhatsApp, fazem sucesso as figurinhas de Lira relacionadas \u00e0 postura do presidente. Entre as piadas, os assessores respons\u00e1veis pelo plen\u00e1rio usam siglas como \u201cRIL\u201d, que significa \u201cRegimento Interno do Lira\u201d e \u201cSLS\u201d para \u201cs\u00f3 Lira sabe\u201d.<\/p>\n\n\n\n<div class=\"wp-block-image\"><figure class=\"aligncenter size-large is-resized\"><img loading=\"lazy\" decoding=\"async\" src=\"https:\/\/jornalfatosenoticias.com.br\/wp-content\/uploads\/2023\/09\/vetorvix1024_1.jpg\" alt=\"\" class=\"wp-image-44868\" width=\"423\" height=\"112\" srcset=\"https:\/\/jornalfatosenoticias.com.br\/wp-content\/uploads\/2023\/09\/vetorvix1024_1.jpg 1024w, https:\/\/jornalfatosenoticias.com.br\/wp-content\/uploads\/2023\/09\/vetorvix1024_1-300x80.jpg 300w, https:\/\/jornalfatosenoticias.com.br\/wp-content\/uploads\/2023\/09\/vetorvix1024_1-768x205.jpg 768w\" sizes=\"auto, (max-width: 423px) 100vw, 423px\" \/><\/figure><\/div>\n\n\n\n<p><strong><span class=\"has-inline-color has-vivid-red-color\">Em campanha para a presid\u00eancia, Lira prometeu prezar pelo regimento<br><\/span><\/strong>Quem v\u00ea a atua\u00e7\u00e3o atual do presidente Arthur Lira n\u00e3o vai acreditar que seja o mesmo deputado autor de um discurso caloroso na posse de seu primeiro mandato, em 2021. Lira usou a express\u00e3o \u201ca C\u00e2mara do Eu\u201d como uma alegoria para descrever o excesso de concentra\u00e7\u00e3o de poder nas m\u00e3os do presidente da Casa. <\/p>\n\n\n\n<div class=\"wp-block-image\"><figure class=\"aligncenter size-large is-resized\"><img loading=\"lazy\" decoding=\"async\" src=\"https:\/\/jornalfatosenoticias.com.br\/wp-content\/uploads\/2023\/08\/Steel.jpeg\" alt=\"\" class=\"wp-image-44634\" width=\"349\" height=\"283\" srcset=\"https:\/\/jornalfatosenoticias.com.br\/wp-content\/uploads\/2023\/08\/Steel.jpeg 800w, https:\/\/jornalfatosenoticias.com.br\/wp-content\/uploads\/2023\/08\/Steel-300x244.jpeg 300w, https:\/\/jornalfatosenoticias.com.br\/wp-content\/uploads\/2023\/08\/Steel-768x624.jpeg 768w\" sizes=\"auto, (max-width: 349px) 100vw, 349px\" \/><\/figure><\/div>\n\n\n\n<blockquote class=\"wp-block-quote is-layout-flow wp-block-quote-is-layout-flow\"><p><span class=\"has-inline-color has-luminous-vivid-orange-color\">Isso n\u00e3o \u00e9 ruim apenas porque distorce o princ\u00edpio de coletividade e colegialidade de uma Casa legislativa. \u00c9 ruim, sobretudo em momentos de crise, porque emite um sinal de falta de previsibilidade para o pa\u00eds, para os mercados, para a sociedade e para o mundo\u201d, completou. <\/span><\/p><\/blockquote>\n\n\n\n<div class=\"wp-block-image\"><figure class=\"aligncenter size-large is-resized\"><img loading=\"lazy\" decoding=\"async\" src=\"https:\/\/jornalfatosenoticias.com.br\/wp-content\/uploads\/2023\/08\/LOGO-BLU-COMERCIAL-PRETO-1024x600.jpg\" alt=\"\" class=\"wp-image-44053\" width=\"377\" height=\"220\"\/><\/figure><\/div>\n\n\n\n<p>O presidente tamb\u00e9m falou sobre a \u201cneutralidade do regimento\u201d e \u201cprezarmos os ritos\u201d, tema usado durante toda a campanha pela presid\u00eancia. A incoer\u00eancia n\u00e3o passa despercebida por deputados como Marcel Van Hattem (Novo-RS), um dos nomes que mais tem combatido a ligeireza de \u201cTratoLira\u201d.<\/p>\n\n\n\n<div class=\"wp-block-image\"><figure class=\"aligncenter size-large\"><img decoding=\"async\" src=\"https:\/\/jornalfatosenoticias.com.br\/wp-content\/uploads\/2020\/02\/logo_esteio.jpg\" alt=\"\" class=\"wp-image-1214\"\/><\/figure><\/div>\n\n\n\n<blockquote class=\"wp-block-quote is-layout-flow wp-block-quote-is-layout-flow\"><p><span class=\"has-inline-color has-luminous-vivid-orange-color\">N\u00f3s estamos, presidente, em uma sess\u00e3o extraordin\u00e1ria que teve in\u00edcio \u00e0s 13 horas e 56 minutos, com pauta divulgada somente \u00e0s 18 horas e 20 minutos. E at\u00e9 onde \u00e9 do meu conhecimento, at\u00e9 o presente momento, n\u00e3o temos ainda relat\u00f3rio publicado da mat\u00e9ria que deve ser apreciada na noite de hoje\u201d, falou em plen\u00e1rio, no \u00faltimo dia 23 de maio. Van Hattem se referia ao parecer do projeto do arcabou\u00e7o fiscal que seria votado naquele dia.<\/span><\/p><\/blockquote>\n\n\n\n<div class=\"wp-block-image\"><figure class=\"aligncenter size-large is-resized\"><img loading=\"lazy\" decoding=\"async\" src=\"https:\/\/jornalfatosenoticias.com.br\/wp-content\/uploads\/2023\/08\/ITH.jpeg\" alt=\"\" class=\"wp-image-44638\" width=\"332\" height=\"270\" srcset=\"https:\/\/jornalfatosenoticias.com.br\/wp-content\/uploads\/2023\/08\/ITH.jpeg 800w, https:\/\/jornalfatosenoticias.com.br\/wp-content\/uploads\/2023\/08\/ITH-300x244.jpeg 300w, https:\/\/jornalfatosenoticias.com.br\/wp-content\/uploads\/2023\/08\/ITH-768x624.jpeg 768w\" sizes=\"auto, (max-width: 332px) 100vw, 332px\" \/><\/figure><\/div>\n\n\n\n<p>O parlamentar completou dizendo que essa forma de trabalho dificulta que os deputados se dediquem ao entendimento das mat\u00e9rias. \u201c\u00c9 imposs\u00edvel assim os parlamentares estudarem a mat\u00e9ria, de forma a construir as melhores solu\u00e7\u00f5es para o pa\u00eds, sem saber quando haver\u00e1 sess\u00e3o, qual a previs\u00e3o de pauta, quais urg\u00eancias estar\u00e3o sobre a mesa\u201d, disse Van Hattem. O presidente respondeu dizendo que a pauta \u00e9 definida junto aos l\u00edderes da Casa e os responsabilizou em rela\u00e7\u00e3o aos problemas.<\/p>\n\n\n\n<div class=\"wp-block-image\"><figure class=\"aligncenter size-large is-resized\"><img loading=\"lazy\" decoding=\"async\" src=\"https:\/\/jornalfatosenoticias.com.br\/wp-content\/uploads\/2022\/02\/Precisao-Contabilidade-1024x724.jpg\" alt=\"\" class=\"wp-image-28088\" width=\"362\" height=\"256\"\/><\/figure><\/div>\n\n\n\n<p>Os deputados tamb\u00e9m reclamam de altera\u00e7\u00f5es repentinas das sess\u00f5es que, algumas vezes, estavam previstas para serem realizadas remotamente e, repentinamente, tornam-se presenciais. Dessa forma, o parlamentar precisa cancelar agendas no estado e comprar passagens de supet\u00e3o, onerando ainda mais os cofres p\u00fablicos.<\/p>\n\n\n\n<div class=\"wp-block-image\"><figure class=\"aligncenter size-large is-resized\"><img loading=\"lazy\" decoding=\"async\" src=\"https:\/\/jornalfatosenoticias.com.br\/wp-content\/uploads\/2023\/08\/BKR-1024x1021.jpg\" alt=\"\" class=\"wp-image-44494\" width=\"328\" height=\"327\" srcset=\"https:\/\/jornalfatosenoticias.com.br\/wp-content\/uploads\/2023\/08\/BKR-1024x1021.jpg 1024w, https:\/\/jornalfatosenoticias.com.br\/wp-content\/uploads\/2023\/08\/BKR-300x300.jpg 300w, https:\/\/jornalfatosenoticias.com.br\/wp-content\/uploads\/2023\/08\/BKR-150x150.jpg 150w, https:\/\/jornalfatosenoticias.com.br\/wp-content\/uploads\/2023\/08\/BKR-768x766.jpg 768w, https:\/\/jornalfatosenoticias.com.br\/wp-content\/uploads\/2023\/08\/BKR.jpg 1080w\" sizes=\"auto, (max-width: 328px) 100vw, 328px\" \/><\/figure><\/div>\n\n\n\n<p><span class=\"has-inline-color has-vivid-red-color\"><strong>O movimento de atropelo n\u00e3o \u00e9 de agora, mas vem ganhando for\u00e7a<br><\/strong><\/span>J\u00e1 \u00e9 claro que o presidente da C\u00e2mara tem muito poder nas m\u00e3os. Basta lembrar de Eduardo Cunha que, quando estava no cargo, deu abertura ao processo (e fez quest\u00e3o de lev\u00e1-lo at\u00e9 o final) de impeachment da ex-presidente Dilma Rousseff (PT). O regimento previu v\u00e1rios instrumentos que ajudam o presidente da Casa a conseguir a aten\u00e7\u00e3o dos deputados para propostas de seu interesse, com efeitos inclusive na remunera\u00e7\u00e3o dos parlamentares. Em vota\u00e7\u00f5es nominais, quem n\u00e3o votar nas mat\u00e9rias definidas pelo presidente ter\u00e1 descontos em suas folhas de pagamento \u2014 que chegam a cinco mil reais \u2014\u00a0se n\u00e3o apresentar uma justificativa \u00e0 Mesa Diretora.<\/p>\n\n\n\n<div class=\"wp-block-image\"><figure class=\"aligncenter size-large is-resized\"><img loading=\"lazy\" decoding=\"async\" src=\"https:\/\/jornalfatosenoticias.com.br\/wp-content\/uploads\/2023\/07\/lacremoda.jpg\" alt=\"\" class=\"wp-image-43706\" width=\"372\" height=\"208\" srcset=\"https:\/\/jornalfatosenoticias.com.br\/wp-content\/uploads\/2023\/07\/lacremoda.jpg 1024w, https:\/\/jornalfatosenoticias.com.br\/wp-content\/uploads\/2023\/07\/lacremoda-300x168.jpg 300w, https:\/\/jornalfatosenoticias.com.br\/wp-content\/uploads\/2023\/07\/lacremoda-768x431.jpg 768w\" sizes=\"auto, (max-width: 372px) 100vw, 372px\" \/><\/figure><\/div>\n\n\n\n<p>H\u00e1 anos, o regimento tem sido atropelado \u2014 e cada vez mais atropelado. Por ser uma Casa grande com 513 parlamentares, diferente do Senado Federal que conta com apenas 81, as regras precisam ser claras para evitar confus\u00f5es. Desde Eduardo Cunha, as interpreta\u00e7\u00f5es question\u00e1veis foram ganhando espa\u00e7o, ficando ainda mais fortes na gest\u00e3o de Rodrigo Maia \u2014 a mais longa da hist\u00f3ria, com quatro anos e meio, por conseguir que desconsiderassem o seu mandato tamp\u00e3o. <\/p>\n\n\n\n<div class=\"wp-block-image\"><figure class=\"aligncenter size-large\"><img loading=\"lazy\" decoding=\"async\" width=\"300\" height=\"300\" src=\"https:\/\/jornalfatosenoticias.com.br\/wp-content\/uploads\/2020\/02\/casa-do-torresmo_portal.jpg\" alt=\"\" class=\"wp-image-34472\" srcset=\"https:\/\/jornalfatosenoticias.com.br\/wp-content\/uploads\/2020\/02\/casa-do-torresmo_portal.jpg 300w, https:\/\/jornalfatosenoticias.com.br\/wp-content\/uploads\/2020\/02\/casa-do-torresmo_portal-150x150.jpg 150w\" sizes=\"auto, (max-width: 300px) 100vw, 300px\" \/><\/figure><\/div>\n\n\n\n<p>Apesar das promessas de campanha, Lira abriu ainda mais as margens de decis\u00f5es com justificativas regimentais duvidosas. Nesse sentindo, n\u00e3o \u00e9 poss\u00edvel saber para onde isso levar\u00e1 o Poder Legislativo.<br>A Gazeta do Povo entrou em contato com a assessoria da presid\u00eancia da C\u00e2mara dos Deputados, para ouvir os argumentos de Lira sobre as queixas dos assessores, mas at\u00e9 a publica\u00e7\u00e3o desta mat\u00e9ria n\u00e3o obteve respostas.<\/p>\n\n\n\n<div class=\"wp-block-image\"><figure class=\"aligncenter size-large is-resized\"><img loading=\"lazy\" decoding=\"async\" src=\"https:\/\/jornalfatosenoticias.com.br\/wp-content\/uploads\/2022\/10\/RC_800x750_page-0001.jpg\" alt=\"\" class=\"wp-image-35338\" width=\"299\" height=\"280\" srcset=\"https:\/\/jornalfatosenoticias.com.br\/wp-content\/uploads\/2022\/10\/RC_800x750_page-0001.jpg 400w, https:\/\/jornalfatosenoticias.com.br\/wp-content\/uploads\/2022\/10\/RC_800x750_page-0001-300x281.jpg 300w\" sizes=\"auto, (max-width: 299px) 100vw, 299px\" \/><\/figure><\/div>\n\n\n\n<p><strong><em>Fonte: <a href=\"https:\/\/www.gazetadopovo.com.br\/vida-e-cidadania\/tratolira-a-mania-do-presidente-da-camara-de-atropelar-o-regimento\/\">Gazeta do Povo<\/a><\/em><\/strong><\/p>\n","protected":false},"excerpt":{"rendered":"<p>Em grupos de assessores no WhatsApp, fazem sucesso as figurinhas de Lira relacionadas \u00e0 postura do presidente. Entre as piadas, os assessores respons\u00e1veis pelo plen\u00e1rio usam siglas como \u201cRIL\u201d, que significa \u201cRegimento Interno do Lira\u201d e \u201cSLS\u201d para \u201cs\u00f3 Lira sabe\u201d Por Marlice Pinto Vilela \u201cTratoLira\u201d \u00e9 um apelido que est\u00e1 na boca de assessores [&hellip;]<\/p>\n","protected":false},"author":2,"featured_media":45335,"comment_status":"open","ping_status":"open","sticky":false,"template":"","format":"standard","meta":{"footnotes":""},"categories":[10],"tags":[10543,13351,982,21361,21360],"class_list":["post-45334","post","type-post","status-publish","format-standard","has-post-thumbnail","hentry","category-politica","tag-arthur-lira","tag-autoritarismo","tag-camara-dos-deputados","tag-regimento-interno-da-camara","tag-tratolira"],"yoast_head":"<!-- This site is optimized with the Yoast SEO plugin v26.5 - https:\/\/yoast.com\/wordpress\/plugins\/seo\/ -->\n<title>\u201cTratoLira\u201d: a mania do presidente da C\u00e2mara de atropelar o regimento - Jornal Fatos e Not\u00edcias<\/title>\n<meta name=\"robots\" content=\"index, follow, max-snippet:-1, max-image-preview:large, max-video-preview:-1\" \/>\n<link rel=\"canonical\" href=\"https:\/\/jornalfatosenoticias.com.br\/index.php\/2023\/09\/20\/tratolira-a-mania-do-presidente-da-camara-de-atropelar-o-regimento\/\" \/>\n<meta property=\"og:locale\" content=\"pt_BR\" \/>\n<meta property=\"og:type\" content=\"article\" \/>\n<meta property=\"og:title\" content=\"\u201cTratoLira\u201d: a mania do presidente da C\u00e2mara de atropelar o regimento - Jornal Fatos e Not\u00edcias\" \/>\n<meta property=\"og:description\" content=\"Em grupos de assessores no WhatsApp, fazem sucesso as figurinhas de Lira relacionadas \u00e0 postura do presidente. Entre as piadas, os assessores respons\u00e1veis pelo plen\u00e1rio usam siglas como \u201cRIL\u201d, que significa \u201cRegimento Interno do Lira\u201d e \u201cSLS\u201d para \u201cs\u00f3 Lira sabe\u201d Por Marlice Pinto Vilela \u201cTratoLira\u201d \u00e9 um apelido que est\u00e1 na boca de assessores [&hellip;]\" \/>\n<meta property=\"og:url\" content=\"https:\/\/jornalfatosenoticias.com.br\/index.php\/2023\/09\/20\/tratolira-a-mania-do-presidente-da-camara-de-atropelar-o-regimento\/\" \/>\n<meta property=\"og:site_name\" content=\"Jornal Fatos e Not\u00edcias\" \/>\n<meta property=\"article:published_time\" content=\"2023-09-20T15:03:10+00:00\" \/>\n<meta property=\"article:modified_time\" content=\"2023-09-20T15:03:13+00:00\" \/>\n<meta property=\"og:image\" content=\"https:\/\/jornalfatosenoticias.com.br\/wp-content\/uploads\/2023\/09\/figurinhas-lira.jpg\" \/>\n\t<meta property=\"og:image:width\" content=\"960\" \/>\n\t<meta property=\"og:image:height\" content=\"540\" \/>\n\t<meta property=\"og:image:type\" content=\"image\/jpeg\" \/>\n<meta name=\"author\" content=\"Luzimara Fernandes\" \/>\n<meta name=\"twitter:card\" content=\"summary_large_image\" \/>\n<meta name=\"twitter:label1\" content=\"Escrito por\" \/>\n\t<meta name=\"twitter:data1\" content=\"Luzimara Fernandes\" \/>\n\t<meta name=\"twitter:label2\" content=\"Est. tempo de leitura\" \/>\n\t<meta name=\"twitter:data2\" content=\"6 minutos\" \/>\n<script type=\"application\/ld+json\" class=\"yoast-schema-graph\">{\"@context\":\"https:\/\/schema.org\",\"@graph\":[{\"@type\":\"Article\",\"@id\":\"https:\/\/jornalfatosenoticias.com.br\/index.php\/2023\/09\/20\/tratolira-a-mania-do-presidente-da-camara-de-atropelar-o-regimento\/#article\",\"isPartOf\":{\"@id\":\"https:\/\/jornalfatosenoticias.com.br\/index.php\/2023\/09\/20\/tratolira-a-mania-do-presidente-da-camara-de-atropelar-o-regimento\/\"},\"author\":{\"name\":\"Luzimara Fernandes\",\"@id\":\"https:\/\/jornalfatosenoticias.com.br\/#\/schema\/person\/d63837fa13ac8666eb9e74e0985d6f81\"},\"headline\":\"\u201cTratoLira\u201d: a mania do presidente da C\u00e2mara de atropelar o regimento\",\"datePublished\":\"2023-09-20T15:03:10+00:00\",\"dateModified\":\"2023-09-20T15:03:13+00:00\",\"mainEntityOfPage\":{\"@id\":\"https:\/\/jornalfatosenoticias.com.br\/index.php\/2023\/09\/20\/tratolira-a-mania-do-presidente-da-camara-de-atropelar-o-regimento\/\"},\"wordCount\":1253,\"commentCount\":0,\"publisher\":{\"@id\":\"https:\/\/jornalfatosenoticias.com.br\/#organization\"},\"image\":{\"@id\":\"https:\/\/jornalfatosenoticias.com.br\/index.php\/2023\/09\/20\/tratolira-a-mania-do-presidente-da-camara-de-atropelar-o-regimento\/#primaryimage\"},\"thumbnailUrl\":\"https:\/\/jornalfatosenoticias.com.br\/wp-content\/uploads\/2023\/09\/figurinhas-lira.jpg\",\"keywords\":[\"Arthur Lira\",\"autoritarismo\",\"C\u00e2mara dos Deputados\",\"regimento interno da C\u00e2mara\",\"TratoLira\"],\"articleSection\":[\"Pol\u00edtica\"],\"inLanguage\":\"pt-BR\",\"potentialAction\":[{\"@type\":\"CommentAction\",\"name\":\"Comment\",\"target\":[\"https:\/\/jornalfatosenoticias.com.br\/index.php\/2023\/09\/20\/tratolira-a-mania-do-presidente-da-camara-de-atropelar-o-regimento\/#respond\"]}]},{\"@type\":\"WebPage\",\"@id\":\"https:\/\/jornalfatosenoticias.com.br\/index.php\/2023\/09\/20\/tratolira-a-mania-do-presidente-da-camara-de-atropelar-o-regimento\/\",\"url\":\"https:\/\/jornalfatosenoticias.com.br\/index.php\/2023\/09\/20\/tratolira-a-mania-do-presidente-da-camara-de-atropelar-o-regimento\/\",\"name\":\"\u201cTratoLira\u201d: a mania do presidente da C\u00e2mara de atropelar o regimento - Jornal Fatos e Not\u00edcias\",\"isPartOf\":{\"@id\":\"https:\/\/jornalfatosenoticias.com.br\/#website\"},\"primaryImageOfPage\":{\"@id\":\"https:\/\/jornalfatosenoticias.com.br\/index.php\/2023\/09\/20\/tratolira-a-mania-do-presidente-da-camara-de-atropelar-o-regimento\/#primaryimage\"},\"image\":{\"@id\":\"https:\/\/jornalfatosenoticias.com.br\/index.php\/2023\/09\/20\/tratolira-a-mania-do-presidente-da-camara-de-atropelar-o-regimento\/#primaryimage\"},\"thumbnailUrl\":\"https:\/\/jornalfatosenoticias.com.br\/wp-content\/uploads\/2023\/09\/figurinhas-lira.jpg\",\"datePublished\":\"2023-09-20T15:03:10+00:00\",\"dateModified\":\"2023-09-20T15:03:13+00:00\",\"breadcrumb\":{\"@id\":\"https:\/\/jornalfatosenoticias.com.br\/index.php\/2023\/09\/20\/tratolira-a-mania-do-presidente-da-camara-de-atropelar-o-regimento\/#breadcrumb\"},\"inLanguage\":\"pt-BR\",\"potentialAction\":[{\"@type\":\"ReadAction\",\"target\":[\"https:\/\/jornalfatosenoticias.com.br\/index.php\/2023\/09\/20\/tratolira-a-mania-do-presidente-da-camara-de-atropelar-o-regimento\/\"]}]},{\"@type\":\"ImageObject\",\"inLanguage\":\"pt-BR\",\"@id\":\"https:\/\/jornalfatosenoticias.com.br\/index.php\/2023\/09\/20\/tratolira-a-mania-do-presidente-da-camara-de-atropelar-o-regimento\/#primaryimage\",\"url\":\"https:\/\/jornalfatosenoticias.com.br\/wp-content\/uploads\/2023\/09\/figurinhas-lira.jpg\",\"contentUrl\":\"https:\/\/jornalfatosenoticias.com.br\/wp-content\/uploads\/2023\/09\/figurinhas-lira.jpg\",\"width\":960,\"height\":540},{\"@type\":\"BreadcrumbList\",\"@id\":\"https:\/\/jornalfatosenoticias.com.br\/index.php\/2023\/09\/20\/tratolira-a-mania-do-presidente-da-camara-de-atropelar-o-regimento\/#breadcrumb\",\"itemListElement\":[{\"@type\":\"ListItem\",\"position\":1,\"name\":\"In\u00edcio\",\"item\":\"https:\/\/jornalfatosenoticias.com.br\/\"},{\"@type\":\"ListItem\",\"position\":2,\"name\":\"\u201cTratoLira\u201d: a mania do presidente da C\u00e2mara de atropelar o regimento\"}]},{\"@type\":\"WebSite\",\"@id\":\"https:\/\/jornalfatosenoticias.com.br\/#website\",\"url\":\"https:\/\/jornalfatosenoticias.com.br\/\",\"name\":\"Jornal Fatos e Not\u00edcias\",\"description\":\"Not\u00edcias em geral\",\"publisher\":{\"@id\":\"https:\/\/jornalfatosenoticias.com.br\/#organization\"},\"potentialAction\":[{\"@type\":\"SearchAction\",\"target\":{\"@type\":\"EntryPoint\",\"urlTemplate\":\"https:\/\/jornalfatosenoticias.com.br\/?s={search_term_string}\"},\"query-input\":{\"@type\":\"PropertyValueSpecification\",\"valueRequired\":true,\"valueName\":\"search_term_string\"}}],\"inLanguage\":\"pt-BR\"},{\"@type\":\"Organization\",\"@id\":\"https:\/\/jornalfatosenoticias.com.br\/#organization\",\"name\":\"Jornal Fatos e Not\u00edcias\",\"url\":\"https:\/\/jornalfatosenoticias.com.br\/\",\"logo\":{\"@type\":\"ImageObject\",\"inLanguage\":\"pt-BR\",\"@id\":\"https:\/\/jornalfatosenoticias.com.br\/#\/schema\/logo\/image\/\",\"url\":\"https:\/\/jornalfatosenoticias.com.br\/wp-content\/uploads\/2020\/02\/logo120.png\",\"contentUrl\":\"https:\/\/jornalfatosenoticias.com.br\/wp-content\/uploads\/2020\/02\/logo120.png\",\"width\":1227,\"height\":120,\"caption\":\"Jornal Fatos e Not\u00edcias\"},\"image\":{\"@id\":\"https:\/\/jornalfatosenoticias.com.br\/#\/schema\/logo\/image\/\"}},{\"@type\":\"Person\",\"@id\":\"https:\/\/jornalfatosenoticias.com.br\/#\/schema\/person\/d63837fa13ac8666eb9e74e0985d6f81\",\"name\":\"Luzimara Fernandes\",\"image\":{\"@type\":\"ImageObject\",\"inLanguage\":\"pt-BR\",\"@id\":\"https:\/\/jornalfatosenoticias.com.br\/#\/schema\/person\/image\/\",\"url\":\"https:\/\/jornalfatosenoticias.com.br\/wp-content\/uploads\/2025\/05\/EU_portal.jpg\",\"contentUrl\":\"https:\/\/jornalfatosenoticias.com.br\/wp-content\/uploads\/2025\/05\/EU_portal.jpg\",\"caption\":\"Luzimara Fernandes\"},\"description\":\"Jornalista MTB 2358-ES\",\"sameAs\":[\"https:\/\/jornalfatosenoticias.com.br\"],\"url\":\"https:\/\/jornalfatosenoticias.com.br\/index.php\/author\/luzimara\/\"}]}<\/script>\n<!-- \/ Yoast SEO plugin. -->","yoast_head_json":{"title":"\u201cTratoLira\u201d: a mania do presidente da C\u00e2mara de atropelar o regimento - Jornal Fatos e Not\u00edcias","robots":{"index":"index","follow":"follow","max-snippet":"max-snippet:-1","max-image-preview":"max-image-preview:large","max-video-preview":"max-video-preview:-1"},"canonical":"https:\/\/jornalfatosenoticias.com.br\/index.php\/2023\/09\/20\/tratolira-a-mania-do-presidente-da-camara-de-atropelar-o-regimento\/","og_locale":"pt_BR","og_type":"article","og_title":"\u201cTratoLira\u201d: a mania do presidente da C\u00e2mara de atropelar o regimento - Jornal Fatos e Not\u00edcias","og_description":"Em grupos de assessores no WhatsApp, fazem sucesso as figurinhas de Lira relacionadas \u00e0 postura do presidente. Entre as piadas, os assessores respons\u00e1veis pelo plen\u00e1rio usam siglas como \u201cRIL\u201d, que significa \u201cRegimento Interno do Lira\u201d e \u201cSLS\u201d para \u201cs\u00f3 Lira sabe\u201d Por Marlice Pinto Vilela \u201cTratoLira\u201d \u00e9 um apelido que est\u00e1 na boca de assessores [&hellip;]","og_url":"https:\/\/jornalfatosenoticias.com.br\/index.php\/2023\/09\/20\/tratolira-a-mania-do-presidente-da-camara-de-atropelar-o-regimento\/","og_site_name":"Jornal Fatos e Not\u00edcias","article_published_time":"2023-09-20T15:03:10+00:00","article_modified_time":"2023-09-20T15:03:13+00:00","og_image":[{"width":960,"height":540,"url":"https:\/\/jornalfatosenoticias.com.br\/wp-content\/uploads\/2023\/09\/figurinhas-lira.jpg","type":"image\/jpeg"}],"author":"Luzimara Fernandes","twitter_card":"summary_large_image","twitter_misc":{"Escrito por":"Luzimara Fernandes","Est. tempo de leitura":"6 minutos"},"schema":{"@context":"https:\/\/schema.org","@graph":[{"@type":"Article","@id":"https:\/\/jornalfatosenoticias.com.br\/index.php\/2023\/09\/20\/tratolira-a-mania-do-presidente-da-camara-de-atropelar-o-regimento\/#article","isPartOf":{"@id":"https:\/\/jornalfatosenoticias.com.br\/index.php\/2023\/09\/20\/tratolira-a-mania-do-presidente-da-camara-de-atropelar-o-regimento\/"},"author":{"name":"Luzimara Fernandes","@id":"https:\/\/jornalfatosenoticias.com.br\/#\/schema\/person\/d63837fa13ac8666eb9e74e0985d6f81"},"headline":"\u201cTratoLira\u201d: a mania do presidente da C\u00e2mara de atropelar o regimento","datePublished":"2023-09-20T15:03:10+00:00","dateModified":"2023-09-20T15:03:13+00:00","mainEntityOfPage":{"@id":"https:\/\/jornalfatosenoticias.com.br\/index.php\/2023\/09\/20\/tratolira-a-mania-do-presidente-da-camara-de-atropelar-o-regimento\/"},"wordCount":1253,"commentCount":0,"publisher":{"@id":"https:\/\/jornalfatosenoticias.com.br\/#organization"},"image":{"@id":"https:\/\/jornalfatosenoticias.com.br\/index.php\/2023\/09\/20\/tratolira-a-mania-do-presidente-da-camara-de-atropelar-o-regimento\/#primaryimage"},"thumbnailUrl":"https:\/\/jornalfatosenoticias.com.br\/wp-content\/uploads\/2023\/09\/figurinhas-lira.jpg","keywords":["Arthur Lira","autoritarismo","C\u00e2mara dos Deputados","regimento interno da C\u00e2mara","TratoLira"],"articleSection":["Pol\u00edtica"],"inLanguage":"pt-BR","potentialAction":[{"@type":"CommentAction","name":"Comment","target":["https:\/\/jornalfatosenoticias.com.br\/index.php\/2023\/09\/20\/tratolira-a-mania-do-presidente-da-camara-de-atropelar-o-regimento\/#respond"]}]},{"@type":"WebPage","@id":"https:\/\/jornalfatosenoticias.com.br\/index.php\/2023\/09\/20\/tratolira-a-mania-do-presidente-da-camara-de-atropelar-o-regimento\/","url":"https:\/\/jornalfatosenoticias.com.br\/index.php\/2023\/09\/20\/tratolira-a-mania-do-presidente-da-camara-de-atropelar-o-regimento\/","name":"\u201cTratoLira\u201d: a mania do presidente da C\u00e2mara de atropelar o regimento - Jornal Fatos e Not\u00edcias","isPartOf":{"@id":"https:\/\/jornalfatosenoticias.com.br\/#website"},"primaryImageOfPage":{"@id":"https:\/\/jornalfatosenoticias.com.br\/index.php\/2023\/09\/20\/tratolira-a-mania-do-presidente-da-camara-de-atropelar-o-regimento\/#primaryimage"},"image":{"@id":"https:\/\/jornalfatosenoticias.com.br\/index.php\/2023\/09\/20\/tratolira-a-mania-do-presidente-da-camara-de-atropelar-o-regimento\/#primaryimage"},"thumbnailUrl":"https:\/\/jornalfatosenoticias.com.br\/wp-content\/uploads\/2023\/09\/figurinhas-lira.jpg","datePublished":"2023-09-20T15:03:10+00:00","dateModified":"2023-09-20T15:03:13+00:00","breadcrumb":{"@id":"https:\/\/jornalfatosenoticias.com.br\/index.php\/2023\/09\/20\/tratolira-a-mania-do-presidente-da-camara-de-atropelar-o-regimento\/#breadcrumb"},"inLanguage":"pt-BR","potentialAction":[{"@type":"ReadAction","target":["https:\/\/jornalfatosenoticias.com.br\/index.php\/2023\/09\/20\/tratolira-a-mania-do-presidente-da-camara-de-atropelar-o-regimento\/"]}]},{"@type":"ImageObject","inLanguage":"pt-BR","@id":"https:\/\/jornalfatosenoticias.com.br\/index.php\/2023\/09\/20\/tratolira-a-mania-do-presidente-da-camara-de-atropelar-o-regimento\/#primaryimage","url":"https:\/\/jornalfatosenoticias.com.br\/wp-content\/uploads\/2023\/09\/figurinhas-lira.jpg","contentUrl":"https:\/\/jornalfatosenoticias.com.br\/wp-content\/uploads\/2023\/09\/figurinhas-lira.jpg","width":960,"height":540},{"@type":"BreadcrumbList","@id":"https:\/\/jornalfatosenoticias.com.br\/index.php\/2023\/09\/20\/tratolira-a-mania-do-presidente-da-camara-de-atropelar-o-regimento\/#breadcrumb","itemListElement":[{"@type":"ListItem","position":1,"name":"In\u00edcio","item":"https:\/\/jornalfatosenoticias.com.br\/"},{"@type":"ListItem","position":2,"name":"\u201cTratoLira\u201d: a mania do presidente da C\u00e2mara de atropelar o regimento"}]},{"@type":"WebSite","@id":"https:\/\/jornalfatosenoticias.com.br\/#website","url":"https:\/\/jornalfatosenoticias.com.br\/","name":"Jornal Fatos e Not\u00edcias","description":"Not\u00edcias em geral","publisher":{"@id":"https:\/\/jornalfatosenoticias.com.br\/#organization"},"potentialAction":[{"@type":"SearchAction","target":{"@type":"EntryPoint","urlTemplate":"https:\/\/jornalfatosenoticias.com.br\/?s={search_term_string}"},"query-input":{"@type":"PropertyValueSpecification","valueRequired":true,"valueName":"search_term_string"}}],"inLanguage":"pt-BR"},{"@type":"Organization","@id":"https:\/\/jornalfatosenoticias.com.br\/#organization","name":"Jornal Fatos e Not\u00edcias","url":"https:\/\/jornalfatosenoticias.com.br\/","logo":{"@type":"ImageObject","inLanguage":"pt-BR","@id":"https:\/\/jornalfatosenoticias.com.br\/#\/schema\/logo\/image\/","url":"https:\/\/jornalfatosenoticias.com.br\/wp-content\/uploads\/2020\/02\/logo120.png","contentUrl":"https:\/\/jornalfatosenoticias.com.br\/wp-content\/uploads\/2020\/02\/logo120.png","width":1227,"height":120,"caption":"Jornal Fatos e Not\u00edcias"},"image":{"@id":"https:\/\/jornalfatosenoticias.com.br\/#\/schema\/logo\/image\/"}},{"@type":"Person","@id":"https:\/\/jornalfatosenoticias.com.br\/#\/schema\/person\/d63837fa13ac8666eb9e74e0985d6f81","name":"Luzimara Fernandes","image":{"@type":"ImageObject","inLanguage":"pt-BR","@id":"https:\/\/jornalfatosenoticias.com.br\/#\/schema\/person\/image\/","url":"https:\/\/jornalfatosenoticias.com.br\/wp-content\/uploads\/2025\/05\/EU_portal.jpg","contentUrl":"https:\/\/jornalfatosenoticias.com.br\/wp-content\/uploads\/2025\/05\/EU_portal.jpg","caption":"Luzimara Fernandes"},"description":"Jornalista MTB 2358-ES","sameAs":["https:\/\/jornalfatosenoticias.com.br"],"url":"https:\/\/jornalfatosenoticias.com.br\/index.php\/author\/luzimara\/"}]}},"cc_featured_image_caption":{"caption_text":"(Foto: Reprodu\u00e7\u00e3o)","source_text":"","source_url":""},"jetpack_featured_media_url":"https:\/\/jornalfatosenoticias.com.br\/wp-content\/uploads\/2023\/09\/figurinhas-lira.jpg","_links":{"self":[{"href":"https:\/\/jornalfatosenoticias.com.br\/index.php\/wp-json\/wp\/v2\/posts\/45334","targetHints":{"allow":["GET"]}}],"collection":[{"href":"https:\/\/jornalfatosenoticias.com.br\/index.php\/wp-json\/wp\/v2\/posts"}],"about":[{"href":"https:\/\/jornalfatosenoticias.com.br\/index.php\/wp-json\/wp\/v2\/types\/post"}],"author":[{"embeddable":true,"href":"https:\/\/jornalfatosenoticias.com.br\/index.php\/wp-json\/wp\/v2\/users\/2"}],"replies":[{"embeddable":true,"href":"https:\/\/jornalfatosenoticias.com.br\/index.php\/wp-json\/wp\/v2\/comments?post=45334"}],"version-history":[{"count":0,"href":"https:\/\/jornalfatosenoticias.com.br\/index.php\/wp-json\/wp\/v2\/posts\/45334\/revisions"}],"wp:featuredmedia":[{"embeddable":true,"href":"https:\/\/jornalfatosenoticias.com.br\/index.php\/wp-json\/wp\/v2\/media\/45335"}],"wp:attachment":[{"href":"https:\/\/jornalfatosenoticias.com.br\/index.php\/wp-json\/wp\/v2\/media?parent=45334"}],"wp:term":[{"taxonomy":"category","embeddable":true,"href":"https:\/\/jornalfatosenoticias.com.br\/index.php\/wp-json\/wp\/v2\/categories?post=45334"},{"taxonomy":"post_tag","embeddable":true,"href":"https:\/\/jornalfatosenoticias.com.br\/index.php\/wp-json\/wp\/v2\/tags?post=45334"}],"curies":[{"name":"wp","href":"https:\/\/api.w.org\/{rel}","templated":true}]}}