{"id":45373,"date":"2023-09-21T11:30:48","date_gmt":"2023-09-21T14:30:48","guid":{"rendered":"https:\/\/jornalfatosenoticias.com.br\/?p=45373"},"modified":"2023-09-21T11:30:52","modified_gmt":"2023-09-21T14:30:52","slug":"a-semana-em-brasilia-e-no-es-rosa-weber-pauta-no-plenario-virtual-do-stf-acao-que-pode-legalizar-aborto-ate-tres-meses-de-gestacao","status":"publish","type":"post","link":"https:\/\/jornalfatosenoticias.com.br\/index.php\/2023\/09\/21\/a-semana-em-brasilia-e-no-es-rosa-weber-pauta-no-plenario-virtual-do-stf-acao-que-pode-legalizar-aborto-ate-tres-meses-de-gestacao\/","title":{"rendered":"A Semana em Bras\u00edlia e no ES \u2014 Rosa Weber pauta no plen\u00e1rio virtual do STF a\u00e7\u00e3o que pode legalizar aborto at\u00e9 tr\u00eas meses de gesta\u00e7\u00e3o"},"content":{"rendered":"\n<p><em><span class=\"has-inline-color has-black-color\">Por Gianlucca Gattai<br><\/span><\/em>A presidente do Supremo Tribunal Federal (STF), Rosa Weber, pautou para julgamento no plen\u00e1rio virtual da Corte a a\u00e7\u00e3o que discute a possibilidade de aborto legal at\u00e9 12 semanas (tr\u00eas meses) de gesta\u00e7\u00e3o. O julgamento no STF ir\u00e1 acontecer a partir do pr\u00f3ximo dia 22, em sess\u00e3o marcada para acabar dia 29.<br>Rosa Weber \u00e9 relatora do processo que tramita desde 2017 no STF e foi proposto pelo PSOL. Na a\u00e7\u00e3o, a PSOL pede para que a STF exclua do \u00e2mbito de incid\u00eancia de dois artigos do C\u00f3digo Penal os abortos que forem praticados nas primeiras 12 semanas de gesta\u00e7\u00e3o.<\/p>\n\n\n\n<div class=\"wp-block-image\"><figure class=\"aligncenter size-large is-resized\"><img loading=\"lazy\" decoding=\"async\" src=\"https:\/\/jornalfatosenoticias.com.br\/wp-content\/uploads\/2023\/08\/ITH.jpeg\" alt=\"\" class=\"wp-image-44638\" width=\"372\" height=\"302\" srcset=\"https:\/\/jornalfatosenoticias.com.br\/wp-content\/uploads\/2023\/08\/ITH.jpeg 800w, https:\/\/jornalfatosenoticias.com.br\/wp-content\/uploads\/2023\/08\/ITH-300x244.jpeg 300w, https:\/\/jornalfatosenoticias.com.br\/wp-content\/uploads\/2023\/08\/ITH-768x624.jpeg 768w\" sizes=\"auto, (max-width: 372px) 100vw, 372px\" \/><\/figure><\/div>\n\n\n\n<p>Em 2016, durante a an\u00e1lise de um caso espec\u00edfico que foi julgado pela Primeira Turma do STF, a ministra votou a favor da tese de que aborto at\u00e9 o 3\u00ba m\u00eas de gravidez n\u00e3o \u00e9 crime. A a\u00e7\u00e3o foi uma das poucas mantidas sob a relatoria da ministra quando assumiu a presid\u00eancia da Corte em setembro de 2022. O PSOL pede na a\u00e7\u00e3o que se exclua do \u00e2mbito de incid\u00eancia dos dois artigos a interrup\u00e7\u00e3o volunt\u00e1ria da gravidez nas 12 semanas de gesta\u00e7\u00e3o, alegando a viola\u00e7\u00e3o de diversos \u201cprinc\u00edpios fundamentais\u201d.<\/p>\n\n\n\n<div class=\"wp-block-image\"><figure class=\"aligncenter size-large is-resized\"><img loading=\"lazy\" decoding=\"async\" src=\"https:\/\/jornalfatosenoticias.com.br\/wp-content\/uploads\/2023\/09\/vetorvix1024_1.jpg\" alt=\"\" class=\"wp-image-44868\" width=\"404\" height=\"107\" srcset=\"https:\/\/jornalfatosenoticias.com.br\/wp-content\/uploads\/2023\/09\/vetorvix1024_1.jpg 1024w, https:\/\/jornalfatosenoticias.com.br\/wp-content\/uploads\/2023\/09\/vetorvix1024_1-300x80.jpg 300w, https:\/\/jornalfatosenoticias.com.br\/wp-content\/uploads\/2023\/09\/vetorvix1024_1-768x205.jpg 768w\" sizes=\"auto, (max-width: 404px) 100vw, 404px\" \/><\/figure><\/div>\n\n\n\n<p>De acordo com o partido de esquerda, \u201cos dispositivos questionados ferem princ\u00edpios constitucionais como a dignidade da pessoa humana, a cidadania, a n\u00e3o discrimina\u00e7\u00e3o, a inviolabilidade da vida, a liberdade, a igualdade, a proibi\u00e7\u00e3o de tortura ou o tratamento desumano e degradante, a sa\u00fade e o planejamento familiar das mulheres e os direitos sexuais e reprodutivos\u201d. <strong>(Fonte: Gazeta Brasil)<\/strong><\/p>\n\n\n\n<div class=\"wp-block-image\"><figure class=\"aligncenter size-large is-resized\"><img loading=\"lazy\" decoding=\"async\" src=\"https:\/\/jornalfatosenoticias.com.br\/wp-content\/uploads\/2022\/10\/RC_800x750_page-0001.jpg\" alt=\"\" class=\"wp-image-35338\" width=\"329\" height=\"308\" srcset=\"https:\/\/jornalfatosenoticias.com.br\/wp-content\/uploads\/2022\/10\/RC_800x750_page-0001.jpg 400w, https:\/\/jornalfatosenoticias.com.br\/wp-content\/uploads\/2022\/10\/RC_800x750_page-0001-300x281.jpg 300w\" sizes=\"auto, (max-width: 329px) 100vw, 329px\" \/><\/figure><\/div>\n\n\n\n<hr class=\"wp-block-separator\"\/>\n\n\n\n<h3 class=\"wp-block-heading\"><span class=\"has-inline-color has-black-color\">Moraes ignora pedido da OAB e decide manter julgamento do 8\/1 longe dos holofotes<\/span><\/h3>\n\n\n\n<div class=\"wp-block-image\"><figure class=\"aligncenter size-large\"><img loading=\"lazy\" decoding=\"async\" width=\"960\" height=\"540\" src=\"https:\/\/jornalfatosenoticias.com.br\/wp-content\/uploads\/2023\/09\/Alexandre-de-Moraes-cabeca-de-ovo.jpg\" alt=\"\" class=\"wp-image-45374\" srcset=\"https:\/\/jornalfatosenoticias.com.br\/wp-content\/uploads\/2023\/09\/Alexandre-de-Moraes-cabeca-de-ovo.jpg 960w, https:\/\/jornalfatosenoticias.com.br\/wp-content\/uploads\/2023\/09\/Alexandre-de-Moraes-cabeca-de-ovo-300x169.jpg 300w, https:\/\/jornalfatosenoticias.com.br\/wp-content\/uploads\/2023\/09\/Alexandre-de-Moraes-cabeca-de-ovo-768x432.jpg 768w\" sizes=\"auto, (max-width: 960px) 100vw, 960px\" \/><figcaption><em><span class=\"has-inline-color has-black-color\">(Foto: Carlos Moura\/SCO\/STF)<\/span><\/em><\/figcaption><\/figure><\/div>\n\n\n\n<p><em><span class=\"has-inline-color has-black-color\">Por Camila Abr\u00e3o<\/span><br><\/em>O ministro do Supremo Tribunal Federal (STF) Alexandre Moraes decidiu nesta quarta-feira (20) manter o julgamento dos pr\u00f3ximos r\u00e9us acusados pelos atos de 8 de janeiro no plen\u00e1rio virtual. Moraes ignorou o apelo do Conselho Federal da Ordem dos Advogados do Brasil (OAB) que argumentou que os julgamentos no plen\u00e1rio virtual s\u00f3 devem acontecer \u201cse houver a anu\u00eancia dos advogados e advogadas do processo, sob pena de viola\u00e7\u00e3o do direito de defesa\u201d.<\/p>\n\n\n\n<div class=\"wp-block-image\"><figure class=\"aligncenter size-large is-resized\"><img loading=\"lazy\" decoding=\"async\" src=\"https:\/\/jornalfatosenoticias.com.br\/wp-content\/uploads\/2023\/08\/LOGO-BLU-COMERCIAL-PRETO-1024x600.jpg\" alt=\"\" class=\"wp-image-44053\" width=\"368\" height=\"215\"\/><\/figure><\/div>\n\n\n\n<p>No modelo virtual, os ministros apenas depositam seus votos no sistema e os advogados podem enviar v\u00eddeos com argumenta\u00e7\u00f5es. Por\u00e9m, n\u00e3o h\u00e1 debate sobre os casos \u2014 nem os ministros fazem sustenta\u00e7\u00e3o oral defendendo seus votos, nem os advogados t\u00eam a possibilidade de fazer a sustenta\u00e7\u00e3o com os argumentos da defesa. Na ter\u00e7a (19), a OAB pediu \u00e0 presidente da Corte, ministra Rosa Weber, que reconsiderasse a decis\u00e3o de realizar no plen\u00e1rio virtual os julgamentos dos r\u00e9us acusados pelos atos de 8 de janeiro.<\/p>\n\n\n\n<div class=\"wp-block-image\"><figure class=\"aligncenter size-large is-resized\"><img loading=\"lazy\" decoding=\"async\" src=\"https:\/\/jornalfatosenoticias.com.br\/wp-content\/uploads\/2023\/08\/VSM-Group.jpeg\" alt=\"\" class=\"wp-image-44364\" width=\"304\" height=\"304\"\/><\/figure><\/div>\n\n\n\n<blockquote class=\"wp-block-quote is-layout-flow wp-block-quote-is-layout-flow\"><p><span class=\"has-inline-color has-luminous-vivid-orange-color\">Diante da relev\u00e2ncia e excepcionalidade das a\u00e7\u00f5es penais ora em an\u00e1lise por essa Corte, o julgamento presencial reveste-se de um valor inestim\u00e1vel em prest\u00edgio \u00e0 garantia da ampla defesa, assegurando aos advogados a oportunidade de realizar sustenta\u00e7\u00e3o oral em tempo real e, igualmente importante, possibilitando o esclarecimento de quest\u00f5es de fato oportunas e relevantes, bem como o uso da palavra\u201d, defendeu a entidade.<\/span><\/p><\/blockquote>\n\n\n\n<div class=\"wp-block-image\"><figure class=\"aligncenter size-large is-resized\"><img loading=\"lazy\" decoding=\"async\" src=\"https:\/\/jornalfatosenoticias.com.br\/wp-content\/uploads\/2020\/02\/logo-Rapuzel-1024x571.jpg\" alt=\"\" class=\"wp-image-42808\" width=\"393\" height=\"219\" srcset=\"https:\/\/jornalfatosenoticias.com.br\/wp-content\/uploads\/2020\/02\/logo-Rapuzel-1024x571.jpg 1024w, https:\/\/jornalfatosenoticias.com.br\/wp-content\/uploads\/2020\/02\/logo-Rapuzel-300x167.jpg 300w, https:\/\/jornalfatosenoticias.com.br\/wp-content\/uploads\/2020\/02\/logo-Rapuzel-768x428.jpg 768w, https:\/\/jornalfatosenoticias.com.br\/wp-content\/uploads\/2020\/02\/logo-Rapuzel-1536x856.jpg 1536w, https:\/\/jornalfatosenoticias.com.br\/wp-content\/uploads\/2020\/02\/logo-Rapuzel.jpg 1600w\" sizes=\"auto, (max-width: 393px) 100vw, 393px\" \/><\/figure><\/div>\n\n\n\n<p>No entanto, Moraes considerou na decis\u00e3o que &#8220;o julgamento em ambiente virtual garante integralmente a ampla defesa e o contradit\u00f3rio, em absoluto respeito ao devido processo legal, n\u00e3o havendo, portanto, raz\u00e3o para qualquer reconsidera\u00e7\u00e3o&#8221;. <strong>(Fonte: Gazeta do Povo)<\/strong><\/p>\n\n\n\n<hr class=\"wp-block-separator\"\/>\n\n\n\n<h3 class=\"wp-block-heading\"><span class=\"has-inline-color has-black-color\">\u201cDireita precisa de espa\u00e7o para falar sem sofrer censura e persegui\u00e7\u00e3o\u201d, diz Guedes<\/span><\/h3>\n\n\n\n<div class=\"wp-block-image\"><figure class=\"aligncenter size-large\"><img loading=\"lazy\" decoding=\"async\" width=\"960\" height=\"540\" src=\"https:\/\/jornalfatosenoticias.com.br\/wp-content\/uploads\/2023\/09\/paulo-guedes.jpg\" alt=\"\" class=\"wp-image-45375\" srcset=\"https:\/\/jornalfatosenoticias.com.br\/wp-content\/uploads\/2023\/09\/paulo-guedes.jpg 960w, https:\/\/jornalfatosenoticias.com.br\/wp-content\/uploads\/2023\/09\/paulo-guedes-300x169.jpg 300w, https:\/\/jornalfatosenoticias.com.br\/wp-content\/uploads\/2023\/09\/paulo-guedes-768x432.jpg 768w\" sizes=\"auto, (max-width: 960px) 100vw, 960px\" \/><figcaption><em><span class=\"has-inline-color has-black-color\">(Foto: Edu Andrade\/Ascom\/ME)<\/span><\/em><\/figcaption><\/figure><\/div>\n\n\n\n<p><em><span class=\"has-inline-color has-black-color\">Por Rose Amant\u00e9a<\/span><br><\/em>Mudando o foco de economia para pol\u00edtica, o ex-ministro da Fazenda Paulo Guedes discorreu a atual polariza\u00e7\u00e3o brasileira em nova transmiss\u00e3o na internet do MBA Macroeconomia &amp; Portfolio Management, lan\u00e7ado em parceria com o Grupo Primo, do influenciador financeiro Thiago Nigro.<br>Para al\u00e9m da divis\u00e3o entre esquerda e direita, Guedes defendeu para sua plateia virtual de alunos a necessidade de sair da &#8220;barb\u00e1rie&#8221; para alcan\u00e7ar o que ele chama de &#8220;sociedade aberta do futuro&#8221;. A polariza\u00e7\u00e3o, para ele, n\u00e3o \u00e9 o melhor caminho para a prosperidade.<\/p>\n\n\n\n<div class=\"wp-block-image\"><figure class=\"aligncenter size-large\"><img loading=\"lazy\" decoding=\"async\" width=\"300\" height=\"250\" src=\"https:\/\/jornalfatosenoticias.com.br\/wp-content\/uploads\/2022\/02\/FERRARI_MAQUINAS-E-FERRAMENTAS2.jpg\" alt=\"\" class=\"wp-image-27860\"\/><\/figure><\/div>\n\n\n\n<p>O titular da Economia no governo de Jair Bolsonaro defendeu respeito \u00e0 democracia e o direito \u00e0 cr\u00edtica, observando que a direita precisa ter espa\u00e7o para falar sem sofrer censura e persegui\u00e7\u00e3o. Baseando seu racioc\u00ednio no fil\u00f3sofo Karl Popper, autor do livro A Sociedade aberta e seus inimigos, Guedes explicou a longa hist\u00f3ria de coopera\u00e7\u00e3o das sociedades em busca da evolu\u00e7\u00e3o, demonstrando que os pilares da prosperidade s\u00e3o a democracia e economia de mercado.<\/p>\n\n\n\n<div class=\"wp-block-image\"><figure class=\"aligncenter size-large is-resized\"><img loading=\"lazy\" decoding=\"async\" src=\"https:\/\/jornalfatosenoticias.com.br\/wp-content\/uploads\/2023\/03\/nova-logo-Marquetti.jpg\" alt=\"\" class=\"wp-image-40207\" width=\"360\" height=\"242\" srcset=\"https:\/\/jornalfatosenoticias.com.br\/wp-content\/uploads\/2023\/03\/nova-logo-Marquetti.jpg 643w, https:\/\/jornalfatosenoticias.com.br\/wp-content\/uploads\/2023\/03\/nova-logo-Marquetti-300x202.jpg 300w\" sizes=\"auto, (max-width: 360px) 100vw, 360px\" \/><\/figure><\/div>\n\n\n\n<p>&#8220;Adam Smith [pai do liberalismo moderno] n\u00e3o inventou a economia de mercado, apenas observou o que j\u00e1 existia. N\u00e3o inventou o capitalismo para explorar os trabalhadores e todo o bl\u00e1bl\u00e1bl\u00e1 da &#8216;sociologia da mis\u00e9ria&#8217; criada por [Karl] Marx. A trajet\u00f3ria de nossa evolu\u00e7\u00e3o mostra que, quanto mais capital e tecnologia, aliada a democracia, mais riqueza e prosperidade&#8221;, disse Guedes. <strong>(Fonte: Gazeta do Povo)<\/strong><\/p>\n\n\n\n<hr class=\"wp-block-separator\"\/>\n\n\n\n<h3 class=\"wp-block-heading\"><span class=\"has-inline-color has-black-color\">Muita gente pega carona no jatinho da FAB, e \u00e9 voc\u00ea quem paga por isso<\/span><\/h3>\n\n\n\n<div class=\"wp-block-image\"><figure class=\"aligncenter size-large is-resized\"><img loading=\"lazy\" decoding=\"async\" src=\"https:\/\/jornalfatosenoticias.com.br\/wp-content\/uploads\/2023\/09\/FAB.jpg\" alt=\"\" class=\"wp-image-45376\" width=\"580\" height=\"326\" srcset=\"https:\/\/jornalfatosenoticias.com.br\/wp-content\/uploads\/2023\/09\/FAB.jpg 738w, https:\/\/jornalfatosenoticias.com.br\/wp-content\/uploads\/2023\/09\/FAB-300x169.jpg 300w\" sizes=\"auto, (max-width: 580px) 100vw, 580px\" \/><figcaption><em><span class=\"has-inline-color has-black-color\">(Foto: FAB)<\/span><\/em><\/figcaption><\/figure><\/div>\n\n\n\n<p>O brasileiro j\u00e1 est\u00e1 acostumado a ver pol\u00edticos vivendo do luxo, enquanto o restante da popula\u00e7\u00e3o enfrenta desafios econ\u00f4micos constantes. Ministros usam do privil\u00e9gio de jatinhos da For\u00e7a A\u00e9rea Brasileira (FAB) para dar carona para amigos, enquanto figuras internacionais embarcam em voos comerciais. E, o dinheiro para essas aventuras s\u00e3o bancadas pelos cidad\u00e3os, na forma de impostos. O povo paga e tudo bem. <strong>(Fonte: Terra Brasil Not\u00edcias)<\/strong><\/p>\n\n\n\n<div class=\"wp-block-image\"><figure class=\"aligncenter size-large\"><img loading=\"lazy\" decoding=\"async\" width=\"300\" height=\"250\" src=\"https:\/\/jornalfatosenoticias.com.br\/wp-content\/uploads\/2020\/02\/Banner-2.png\" alt=\"\" class=\"wp-image-43787\"\/><\/figure><\/div>\n\n\n\n<hr class=\"wp-block-separator\"\/>\n\n\n\n<h3 class=\"wp-block-heading\"><span class=\"has-inline-color has-black-color\">Militares do Ex\u00e9rcito Brasileiro s\u00e3o proibidos de entrar no quartel com as pr\u00f3prias armas: ainda que por curto espa\u00e7o de tempo<\/span><\/h3>\n\n\n\n<div class=\"wp-block-image\"><figure class=\"aligncenter size-large\"><img loading=\"lazy\" decoding=\"async\" width=\"682\" height=\"450\" src=\"https:\/\/jornalfatosenoticias.com.br\/wp-content\/uploads\/2023\/09\/EXERCITO-BRASILEIRO.jpg\" alt=\"\" class=\"wp-image-45377\" srcset=\"https:\/\/jornalfatosenoticias.com.br\/wp-content\/uploads\/2023\/09\/EXERCITO-BRASILEIRO.jpg 682w, https:\/\/jornalfatosenoticias.com.br\/wp-content\/uploads\/2023\/09\/EXERCITO-BRASILEIRO-300x198.jpg 300w\" sizes=\"auto, (max-width: 682px) 100vw, 682px\" \/><figcaption><em><span class=\"has-inline-color has-black-color\">(Foto: Reprodu\u00e7\u00e3o)<\/span><\/em><\/figcaption><\/figure><\/div>\n\n\n\n<p>Militares do Ex\u00e9rcito Brasileiro s\u00e3o proibidos de ingressar no quartel com o seu armamento particular, mesmo que tenham o porte. A determina\u00e7\u00e3o, na regi\u00e3o de Cascavel (PR), chegou nessa segunda-feira por meio de uma DIEX que diz que os militares est\u00e3o proibidos de manter o armamento dentro dos quart\u00e9is, \u201cainda que por curto espa\u00e7o de tempo\u201d.<\/p>\n\n\n\n<div class=\"wp-block-image\"><figure class=\"aligncenter size-large is-resized\"><img loading=\"lazy\" decoding=\"async\" src=\"https:\/\/jornalfatosenoticias.com.br\/wp-content\/uploads\/2023\/03\/logo-Panper_portal.jpg\" alt=\"\" class=\"wp-image-40208\" width=\"321\" height=\"222\" srcset=\"https:\/\/jornalfatosenoticias.com.br\/wp-content\/uploads\/2023\/03\/logo-Panper_portal.jpg 400w, https:\/\/jornalfatosenoticias.com.br\/wp-content\/uploads\/2023\/03\/logo-Panper_portal-300x208.jpg 300w\" sizes=\"auto, (max-width: 321px) 100vw, 321px\" \/><\/figure><\/div>\n\n\n\n<p>\u201c\u2026 est\u00e1 proibido o porte, a guarda e a manuten\u00e7\u00e3o de armamento particular nas depend\u00eancias das OM desta brigada, sobretudo em se\u00e7\u00f5es, reservas de armamento e alojamentos, ainda que, por curto espa\u00e7o de tempo (por exemplo: durante o expediente\u2026)\u201d.<br>A norma reitera o que prescreve o regulamento disciplinar do Ex\u00e9rcito Brasileiro, que diz que \u00e9 contraven\u00e7\u00e3o manter em \u00e1rea militar em seu poder armas sem autoriza\u00e7\u00e3o.<\/p>\n\n\n\n<div class=\"wp-block-image\"><figure class=\"aligncenter size-large\"><img loading=\"lazy\" decoding=\"async\" width=\"300\" height=\"300\" src=\"https:\/\/jornalfatosenoticias.com.br\/wp-content\/uploads\/2020\/02\/casa-do-torresmo_portal.jpg\" alt=\"\" class=\"wp-image-34472\" srcset=\"https:\/\/jornalfatosenoticias.com.br\/wp-content\/uploads\/2020\/02\/casa-do-torresmo_portal.jpg 300w, https:\/\/jornalfatosenoticias.com.br\/wp-content\/uploads\/2020\/02\/casa-do-torresmo_portal-150x150.jpg 150w\" sizes=\"auto, (max-width: 300px) 100vw, 300px\" \/><\/figure><\/div>\n\n\n\n<p>\u201c108. Ter em seu poder ou introduzir, em \u00e1rea militar ou sob a jurisdi\u00e7\u00e3o militar, armas, explosivos, material inflam\u00e1vel, subst\u00e2ncias ou instrumentos proibidos, sem conhecimento ou permiss\u00e3o da autoridade competente; [\u2026]\u201d. <strong>(Fonte: Terra Brasil Not\u00edcias)<\/strong><\/p>\n\n\n\n<hr class=\"wp-block-separator\"\/>\n\n\n\n<h3 class=\"wp-block-heading\"><span class=\"has-inline-color has-black-color\">Nova pesquisa presidencial aponta vantagem de Trump sobre Biden nos EUA; veja os n\u00fameros<\/span><\/h3>\n\n\n\n<div class=\"wp-block-image\"><figure class=\"aligncenter size-large\"><img loading=\"lazy\" decoding=\"async\" width=\"1000\" height=\"600\" src=\"https:\/\/jornalfatosenoticias.com.br\/wp-content\/uploads\/2023\/09\/eleicoes-eua.jpg\" alt=\"\" class=\"wp-image-45378\" srcset=\"https:\/\/jornalfatosenoticias.com.br\/wp-content\/uploads\/2023\/09\/eleicoes-eua.jpg 1000w, https:\/\/jornalfatosenoticias.com.br\/wp-content\/uploads\/2023\/09\/eleicoes-eua-300x180.jpg 300w, https:\/\/jornalfatosenoticias.com.br\/wp-content\/uploads\/2023\/09\/eleicoes-eua-768x461.jpg 768w\" sizes=\"auto, (max-width: 1000px) 100vw, 1000px\" \/><figcaption><em><span class=\"has-inline-color has-black-color\">(Foto: Arte O Globo)<\/span><\/em><\/figcaption><\/figure><\/div>\n\n\n\n<p><em><span class=\"has-inline-color has-black-color\">Por Raul Holderf Nascimento<\/span><br><\/em>Divulgada neste domingo (17), a pouco um ano das elei\u00e7\u00f5es americanas, um novo levantamento da CBS\/YouGov mostra que Donald Trump tem uma leve vantagem sobre Joe Biden, atual presidente, na corrida pela Casa Branca. De acordo com o levantamento, realizado entre 12 e 15 de setembro, o direitista aparece com 50% das inten\u00e7\u00f5es de voto, contra 49% do esquerdista.<br>A sondagem aponta tamb\u00e9m que apenas 34% acreditam que o atual presidente terminar\u00e1 o mandato. Biden, ainda conforme a pesquisa, perdeu 7% dos eleitores que o apoiaram em 2020, enquanto Trump perdeu 3%. <strong>(Fonte: Conex\u00e3o Pol\u00edtica)<\/strong><\/p>\n\n\n\n<div class=\"wp-block-image\"><figure class=\"aligncenter size-large\"><img decoding=\"async\" src=\"https:\/\/jornalfatosenoticias.com.br\/wp-content\/uploads\/2020\/02\/barao-das-carnes-300x164-1.jpg\" alt=\"\" class=\"wp-image-34339\"\/><\/figure><\/div>\n\n\n\n<hr class=\"wp-block-separator\"\/>\n\n\n\n<h3 class=\"wp-block-heading\"><strong><span class=\"has-inline-color has-black-color\">Javier Milei chama Lula de \u2018socialista com voca\u00e7\u00e3o totalit\u00e1ria\u2019<\/span><\/strong><\/h3>\n\n\n\n<div class=\"wp-block-image\"><figure class=\"aligncenter size-large\"><img loading=\"lazy\" decoding=\"async\" width=\"960\" height=\"540\" src=\"https:\/\/jornalfatosenoticias.com.br\/wp-content\/uploads\/2023\/09\/javier-milei.jpg\" alt=\"\" class=\"wp-image-45379\" srcset=\"https:\/\/jornalfatosenoticias.com.br\/wp-content\/uploads\/2023\/09\/javier-milei.jpg 960w, https:\/\/jornalfatosenoticias.com.br\/wp-content\/uploads\/2023\/09\/javier-milei-300x169.jpg 300w, https:\/\/jornalfatosenoticias.com.br\/wp-content\/uploads\/2023\/09\/javier-milei-768x432.jpg 768w\" sizes=\"auto, (max-width: 960px) 100vw, 960px\" \/><figcaption><em><span class=\"has-inline-color has-black-color\">(Foto: Reprodu\u00e7\u00e3o)<\/span><\/em><\/figcaption><\/figure><\/div>\n\n\n\n<p><em><span class=\"has-inline-color has-black-color\">Por Marcos Rocha<br><\/span><\/em>Javier Milei, candidato \u00e0 Presid\u00eancia da Argentina, fez duras cr\u00edticas ao presidente brasileiro Luiz In\u00e1cio Lula da Silva (PT) em uma entrevista \u00e0 revista The Economist. L\u00edder das pesquisas, o direitista tamb\u00e9m manifestou simpatia pelo ex-mandat\u00e1rio Jair Bolsonaro (PL).<br>Questionado sobre como seria a rela\u00e7\u00e3o do governo argentino com a China, respondeu que n\u00e3o gosta de \u201clidar com comunistas\u201d, j\u00e1 que, na vis\u00e3o dele, esse tipo de ideologia n\u00e3o defende \u201cum sistema que conduz \u00e0 melhoria dos bens\u201d. <\/p>\n\n\n\n<div class=\"wp-block-image\"><figure class=\"aligncenter size-large\"><img loading=\"lazy\" decoding=\"async\" width=\"300\" height=\"250\" src=\"https:\/\/jornalfatosenoticias.com.br\/wp-content\/uploads\/2022\/08\/arte-Casarao.jpg\" alt=\"\" class=\"wp-image-33178\"\/><\/figure><\/div>\n\n\n\n<blockquote class=\"wp-block-quote is-layout-flow wp-block-quote-is-layout-flow\"><p><span class=\"has-inline-color has-luminous-vivid-orange-color\">Nenhum sistema comunista conduz \u00e0 liberdade. Na verdade, destr\u00f3i-a, por isso, n\u00e3o posso ter rela\u00e7\u00f5es com comunistas\u201d, completou Milei, que tamb\u00e9m foi perguntado sobre como seria a diplomacia com o Brasil. \u201cOlhe as aberra\u00e7\u00f5es que ele [Lula] est\u00e1 cometendo em seu governo. N\u00e3o posso apoiar tais assuntos\u201d, afirmou. O candidato disse que o petista est\u00e1 \u201cusurpando a liberdade de imprensa\u201d e \u201cperseguindo a oposi\u00e7\u00e3o\u201d.<\/span><\/p><\/blockquote>\n\n\n\n<div class=\"wp-block-image\"><figure class=\"aligncenter size-large is-resized\"><img loading=\"lazy\" decoding=\"async\" src=\"https:\/\/jornalfatosenoticias.com.br\/wp-content\/uploads\/2023\/08\/BKR-1024x1021.jpg\" alt=\"\" class=\"wp-image-44494\" width=\"324\" height=\"323\" srcset=\"https:\/\/jornalfatosenoticias.com.br\/wp-content\/uploads\/2023\/08\/BKR-1024x1021.jpg 1024w, https:\/\/jornalfatosenoticias.com.br\/wp-content\/uploads\/2023\/08\/BKR-300x300.jpg 300w, https:\/\/jornalfatosenoticias.com.br\/wp-content\/uploads\/2023\/08\/BKR-150x150.jpg 150w, https:\/\/jornalfatosenoticias.com.br\/wp-content\/uploads\/2023\/08\/BKR-768x766.jpg 768w, https:\/\/jornalfatosenoticias.com.br\/wp-content\/uploads\/2023\/08\/BKR.jpg 1080w\" sizes=\"auto, (max-width: 324px) 100vw, 324px\" \/><\/figure><\/div>\n\n\n\n<p>\u201cNo caso do Lula \u00e9 mais complicado\u2026 porque ele tem uma voca\u00e7\u00e3o totalit\u00e1ria muito mais marcada. Em outras palavras, ele n\u00e3o \u00e9 apenas um socialista. Ele \u00e9 algu\u00e9m que tem voca\u00e7\u00e3o totalit\u00e1ria\u201d, acrescentou.<br>Perguntado sobre Bolsonaro, a opini\u00e3o foi diametralmente oposta. \u201cBolsonaro travou uma luta digna contra o socialismo. Depois, a urna n\u00e3o foi com ele, mas \u00e9 uma pessoa que travou uma luta digna de reconhecimento\u201d, declarou. <strong>(Fonte: Conex\u00e3o Pol\u00edtica)<\/strong><\/p>\n\n\n\n<div class=\"wp-block-image\"><figure class=\"aligncenter size-large\"><img loading=\"lazy\" decoding=\"async\" width=\"729\" height=\"90\" src=\"https:\/\/jornalfatosenoticias.com.br\/wp-content\/uploads\/2020\/02\/Logo_Mizu.png\" alt=\"\" class=\"wp-image-1441\" srcset=\"https:\/\/jornalfatosenoticias.com.br\/wp-content\/uploads\/2020\/02\/Logo_Mizu.png 729w, https:\/\/jornalfatosenoticias.com.br\/wp-content\/uploads\/2020\/02\/Logo_Mizu-300x37.png 300w\" sizes=\"auto, (max-width: 729px) 100vw, 729px\" \/><\/figure><\/div>\n\n\n\n<hr class=\"wp-block-separator\"\/>\n\n\n\n<h3 class=\"wp-block-heading\"><strong><span class=\"has-inline-color has-black-color\">&#8220;A ilus\u00e3o sindical de Lula e Biden&#8221;<\/span><\/strong><\/h3>\n\n\n\n<div class=\"wp-block-image\"><figure class=\"aligncenter size-large\"><img loading=\"lazy\" decoding=\"async\" width=\"960\" height=\"470\" src=\"https:\/\/jornalfatosenoticias.com.br\/wp-content\/uploads\/2023\/09\/molusco-e-bide.jpg\" alt=\"\" class=\"wp-image-45380\" srcset=\"https:\/\/jornalfatosenoticias.com.br\/wp-content\/uploads\/2023\/09\/molusco-e-bide.jpg 960w, https:\/\/jornalfatosenoticias.com.br\/wp-content\/uploads\/2023\/09\/molusco-e-bide-300x147.jpg 300w, https:\/\/jornalfatosenoticias.com.br\/wp-content\/uploads\/2023\/09\/molusco-e-bide-768x376.jpg 768w\" sizes=\"auto, (max-width: 960px) 100vw, 960px\" \/><figcaption><em><span class=\"has-inline-color has-black-color\">(Foto: Reprodu\u00e7\u00e3o)<\/span><\/em><\/figcaption><\/figure><\/div>\n\n\n\n<p>Lula e o presidente dos EUA, Joe Biden, defenderam cegamente a figura dos sindicatos em coletiva de imprensa nesta quarta-feira (20) sobre direitos trabalhistas. \u201cTodas as pessoas que acreditam que sindicato fraco vai fazer com que o empres\u00e1rio ganhe mais e o pa\u00eds fique melhor est\u00e1 enganado\u201d, disse Lula.<br>\u201cN\u00e3o h\u00e1 democracia sem sindicato forte, porque o sindicato \u00e9 efetivamente quem fala pelo trabalhador para tentar defender os seus direitos\u201d, acrescentou. Antes do petista falar, Biden tamb\u00e9m defendeu uma \u201cfor\u00e7a trabalhista forte\u201d.<\/p>\n\n\n\n<div class=\"wp-block-image\"><figure class=\"aligncenter size-large is-resized\"><img loading=\"lazy\" decoding=\"async\" src=\"https:\/\/jornalfatosenoticias.com.br\/wp-content\/uploads\/2023\/08\/Steel.jpeg\" alt=\"\" class=\"wp-image-44634\" width=\"373\" height=\"303\" srcset=\"https:\/\/jornalfatosenoticias.com.br\/wp-content\/uploads\/2023\/08\/Steel.jpeg 800w, https:\/\/jornalfatosenoticias.com.br\/wp-content\/uploads\/2023\/08\/Steel-300x244.jpeg 300w, https:\/\/jornalfatosenoticias.com.br\/wp-content\/uploads\/2023\/08\/Steel-768x624.jpeg 768w\" sizes=\"auto, (max-width: 373px) 100vw, 373px\" \/><\/figure><\/div>\n\n\n\n<p>\u201cMeu governo tem sido caracterizado como o governo mais pr\u00f3-sindicato da hist\u00f3ria dos EUA\u201d, disse o democrata. Lula e Biden ignoram o atual cen\u00e1rio da economia mundial, marcado pela terceiriza\u00e7\u00e3o do emprego e pela flexibilidade do mercado e, logo, das condi\u00e7\u00f5es de trabalho.<br>Al\u00e9m disso, ambos omitem problemas antigos\u2026 <strong>(Fonte: O Antagonista)<\/strong><\/p>\n\n\n\n<div class=\"wp-block-image\"><figure class=\"aligncenter size-large is-resized\"><img loading=\"lazy\" decoding=\"async\" src=\"https:\/\/jornalfatosenoticias.com.br\/wp-content\/uploads\/2022\/02\/Precisao-Contabilidade-1024x724.jpg\" alt=\"\" class=\"wp-image-28088\" width=\"335\" height=\"237\"\/><\/figure><\/div>\n\n\n\n<hr class=\"wp-block-separator\"\/>\n\n\n\n<h3 class=\"wp-block-heading\"><strong><span class=\"has-inline-color has-black-color\">&#8220;N\u00f3s n\u00e3o temos dinheiro&#8221;, diz Gleisi Hoffmann ao defender PEC da Anistia<\/span><\/strong><\/h3>\n\n\n\n<div class=\"wp-block-image\"><figure class=\"aligncenter size-large\"><img loading=\"lazy\" decoding=\"async\" width=\"960\" height=\"640\" src=\"https:\/\/jornalfatosenoticias.com.br\/wp-content\/uploads\/2023\/09\/narigueta.jpg\" alt=\"\" class=\"wp-image-45381\" srcset=\"https:\/\/jornalfatosenoticias.com.br\/wp-content\/uploads\/2023\/09\/narigueta.jpg 960w, https:\/\/jornalfatosenoticias.com.br\/wp-content\/uploads\/2023\/09\/narigueta-300x200.jpg 300w, https:\/\/jornalfatosenoticias.com.br\/wp-content\/uploads\/2023\/09\/narigueta-768x512.jpg 768w\" sizes=\"auto, (max-width: 960px) 100vw, 960px\" \/><figcaption><em><span class=\"has-inline-color has-black-color\">(Foto: Vin\u00edcius Loures\/C\u00e2mara dos Deputados)<\/span><\/em><\/figcaption><\/figure><\/div>\n\n\n\n<p>A presidente nacional do PT, deputada Gleisi Hoffmann (PR), defendeu na tarde desta quarta-feira (20) a aprova\u00e7\u00e3o a Proposta de Emenda \u00e0 Constitui\u00e7\u00e3o (PEC) que prev\u00ea a anistia bilion\u00e1ria das d\u00edvidas dos partidos pol\u00edticos com a Justi\u00e7a Eleitoral. De acordo com a petista, as san\u00e7\u00f5es aplicadas pelo Tribunal Superior Eleitoral (TSE) n\u00e3o s\u00e3o exequ\u00edveis.<\/p>\n\n\n\n<div class=\"wp-block-image\"><figure class=\"aligncenter size-large is-resized\"><img loading=\"lazy\" decoding=\"async\" src=\"https:\/\/jornalfatosenoticias.com.br\/wp-content\/uploads\/2020\/02\/CONTROL-CS.jpg\" alt=\"\" class=\"wp-image-44991\" width=\"338\" height=\"405\" srcset=\"https:\/\/jornalfatosenoticias.com.br\/wp-content\/uploads\/2020\/02\/CONTROL-CS.jpg 834w, https:\/\/jornalfatosenoticias.com.br\/wp-content\/uploads\/2020\/02\/CONTROL-CS-250x300.jpg 250w, https:\/\/jornalfatosenoticias.com.br\/wp-content\/uploads\/2020\/02\/CONTROL-CS-768x921.jpg 768w\" sizes=\"auto, (max-width: 338px) 100vw, 338px\" \/><\/figure><\/div>\n\n\n\n<blockquote class=\"wp-block-quote is-layout-flow wp-block-quote-is-layout-flow\"><p><span class=\"has-inline-color has-luminous-vivid-orange-color\">N\u00f3s n\u00e3o temos dinheiro. [As multas] n\u00e3o se referem apenas a aplica\u00e7\u00e3o dos recursos para cota, elas trazem taxas de juros e fazem corre\u00e7\u00e3o. E mais, elas trazem a vis\u00e3o subjetiva da equipe t\u00e9cnica do tribunal, que sistematicamente entra na vida dos partidos pol\u00edticos querendo dar orienta\u00e7\u00e3o, interpretando a vontade de dirigentes, a vontade de candidatos. Ou seja, s\u00e3o multas que viabilizam os partidos\u201d, disse Gleisi.<\/span><\/p><\/blockquote>\n\n\n\n<div class=\"wp-block-image\"><figure class=\"aligncenter size-large is-resized\"><img loading=\"lazy\" decoding=\"async\" src=\"https:\/\/jornalfatosenoticias.com.br\/wp-content\/uploads\/2022\/10\/Arte-jornal-Zucchi-600x600_Prancheta-1-1024x1024.jpg\" alt=\"\" class=\"wp-image-34782\" width=\"371\" height=\"371\" srcset=\"https:\/\/jornalfatosenoticias.com.br\/wp-content\/uploads\/2022\/10\/Arte-jornal-Zucchi-600x600_Prancheta-1-1024x1024.jpg 1024w, https:\/\/jornalfatosenoticias.com.br\/wp-content\/uploads\/2022\/10\/Arte-jornal-Zucchi-600x600_Prancheta-1-300x300.jpg 300w, https:\/\/jornalfatosenoticias.com.br\/wp-content\/uploads\/2022\/10\/Arte-jornal-Zucchi-600x600_Prancheta-1-150x150.jpg 150w, https:\/\/jornalfatosenoticias.com.br\/wp-content\/uploads\/2022\/10\/Arte-jornal-Zucchi-600x600_Prancheta-1-768x768.jpg 768w, https:\/\/jornalfatosenoticias.com.br\/wp-content\/uploads\/2022\/10\/Arte-jornal-Zucchi-600x600_Prancheta-1.jpg 1250w\" sizes=\"auto, (max-width: 371px) 100vw, 371px\" \/><\/figure><\/div>\n\n\n\n<p>O PT ser\u00e1 respons\u00e1vel por receber a segunda maior fatia do volume de recursos do fundo partid\u00e1rio neste ano, R$ 152,9 milh\u00f5es. A sigla fica atr\u00e1s apenas do PL, do ex-presidente Jair Bolsonaro, que vai ter direito a R$ 205,8 milh\u00f5es para custear despesas. Mais cedo, a deputada Bia Kicis (PL-DF) tamb\u00e9m defendeu a aprova\u00e7\u00e3o da PEC da Anistia pela Comiss\u00e3o Especial.<\/p>\n\n\n\n<div class=\"wp-block-image\"><figure class=\"aligncenter size-large is-resized\"><img loading=\"lazy\" decoding=\"async\" src=\"https:\/\/jornalfatosenoticias.com.br\/wp-content\/uploads\/2023\/07\/lacremoda.jpg\" alt=\"\" class=\"wp-image-43706\" width=\"350\" height=\"196\" srcset=\"https:\/\/jornalfatosenoticias.com.br\/wp-content\/uploads\/2023\/07\/lacremoda.jpg 1024w, https:\/\/jornalfatosenoticias.com.br\/wp-content\/uploads\/2023\/07\/lacremoda-300x168.jpg 300w, https:\/\/jornalfatosenoticias.com.br\/wp-content\/uploads\/2023\/07\/lacremoda-768x431.jpg 768w\" sizes=\"auto, (max-width: 350px) 100vw, 350px\" \/><\/figure><\/div>\n\n\n\n<p>O relat\u00f3rio da PEC da Anistia prev\u00ea o perd\u00e3o de mais de R$ 23 bilh\u00f5es de d\u00edvidas das siglas \u00e0 Justi\u00e7a Eleitoral. O texto tamb\u00e9m livra os partidos de qualquer puni\u00e7\u00e3o \u2014 como multa, devolu\u00e7\u00e3o ou suspens\u00e3o dos recursos \u2014 por irregularidades nas presta\u00e7\u00f5es de contas antes da data da promulga\u00e7\u00e3o da PEC.<\/p>\n\n\n\n<div class=\"wp-block-image\"><figure class=\"aligncenter size-large\"><img decoding=\"async\" src=\"https:\/\/jornalfatosenoticias.com.br\/wp-content\/uploads\/2020\/02\/logo_esteio.jpg\" alt=\"\" class=\"wp-image-1214\"\/><\/figure><\/div>\n\n\n\n<p>Se aprovado pela comiss\u00e3o especial, PEC seguir\u00e1 para o plen\u00e1rio da Casa e a expectativa \u00e9 de que a vota\u00e7\u00e3o ocorra j\u00e1 na semana que vem. A articula\u00e7\u00e3o para aprova\u00e7\u00e3o da mat\u00e9ria conta com apoio de partidos como o PT e o PL. Por se tratar de uma PEC, a mat\u00e9ria precisa de pelo menos 308 votos de deputados em duas vota\u00e7\u00f5es. Na sequ\u00eancia, se aprovado, o texto segue para o Senado, onde tamb\u00e9m precisa passar por duas vota\u00e7\u00f5es e receber 49 votos favor\u00e1veis. <strong>(Fonte: O Antagonista)<\/strong><\/p>\n","protected":false},"excerpt":{"rendered":"<p>Por Gianlucca GattaiA presidente do Supremo Tribunal Federal (STF), Rosa Weber, pautou para julgamento no plen\u00e1rio virtual da Corte a a\u00e7\u00e3o que discute a possibilidade de aborto legal at\u00e9 12 semanas (tr\u00eas meses) de gesta\u00e7\u00e3o. O julgamento no STF ir\u00e1 acontecer a partir do pr\u00f3ximo dia 22, em sess\u00e3o marcada para acabar dia 29.Rosa Weber [&hellip;]<\/p>\n","protected":false},"author":3,"featured_media":45382,"comment_status":"open","ping_status":"open","sticky":false,"template":"","format":"standard","meta":{"footnotes":""},"categories":[10],"tags":[2353,208,5995,21383,13869,18616,21384,11627,294,21385,1182],"class_list":["post-45373","post","type-post","status-publish","format-standard","has-post-thumbnail","hentry","category-politica","tag-aborto","tag-america-do-sul","tag-argentina","tag-eleicoes-eua-2024","tag-gleisi-hoffmann","tag-javier-milei","tag-legalizar-aborto","tag-rosa-weber","tag-stf","tag-supremo","tag-vida"],"yoast_head":"<!-- This site is optimized with the Yoast SEO plugin v26.5 - https:\/\/yoast.com\/wordpress\/plugins\/seo\/ -->\n<title>A Semana em Bras\u00edlia e no ES \u2014 Rosa Weber pauta no plen\u00e1rio virtual do STF a\u00e7\u00e3o que pode legalizar aborto at\u00e9 tr\u00eas meses de gesta\u00e7\u00e3o - Jornal Fatos e Not\u00edcias<\/title>\n<meta name=\"robots\" content=\"index, follow, max-snippet:-1, max-image-preview:large, max-video-preview:-1\" \/>\n<link rel=\"canonical\" href=\"https:\/\/jornalfatosenoticias.com.br\/index.php\/2023\/09\/21\/a-semana-em-brasilia-e-no-es-rosa-weber-pauta-no-plenario-virtual-do-stf-acao-que-pode-legalizar-aborto-ate-tres-meses-de-gestacao\/\" \/>\n<meta property=\"og:locale\" content=\"pt_BR\" \/>\n<meta property=\"og:type\" content=\"article\" \/>\n<meta property=\"og:title\" content=\"A Semana em Bras\u00edlia e no ES \u2014 Rosa Weber pauta no plen\u00e1rio virtual do STF a\u00e7\u00e3o que pode legalizar aborto at\u00e9 tr\u00eas meses de gesta\u00e7\u00e3o - Jornal Fatos e Not\u00edcias\" \/>\n<meta property=\"og:description\" content=\"Por Gianlucca GattaiA presidente do Supremo Tribunal Federal (STF), Rosa Weber, pautou para julgamento no plen\u00e1rio virtual da Corte a a\u00e7\u00e3o que discute a possibilidade de aborto legal at\u00e9 12 semanas (tr\u00eas meses) de gesta\u00e7\u00e3o. O julgamento no STF ir\u00e1 acontecer a partir do pr\u00f3ximo dia 22, em sess\u00e3o marcada para acabar dia 29.Rosa Weber [&hellip;]\" \/>\n<meta property=\"og:url\" content=\"https:\/\/jornalfatosenoticias.com.br\/index.php\/2023\/09\/21\/a-semana-em-brasilia-e-no-es-rosa-weber-pauta-no-plenario-virtual-do-stf-acao-que-pode-legalizar-aborto-ate-tres-meses-de-gestacao\/\" \/>\n<meta property=\"og:site_name\" content=\"Jornal Fatos e Not\u00edcias\" \/>\n<meta property=\"article:published_time\" content=\"2023-09-21T14:30:48+00:00\" \/>\n<meta property=\"article:modified_time\" content=\"2023-09-21T14:30:52+00:00\" \/>\n<meta property=\"og:image\" content=\"https:\/\/jornalfatosenoticias.com.br\/wp-content\/uploads\/2023\/09\/rosa-weber.jpg\" \/>\n\t<meta property=\"og:image:width\" content=\"750\" \/>\n\t<meta property=\"og:image:height\" content=\"375\" \/>\n\t<meta property=\"og:image:type\" content=\"image\/jpeg\" \/>\n<meta name=\"author\" content=\"Haroldo Filho\" \/>\n<meta name=\"twitter:card\" content=\"summary_large_image\" \/>\n<meta name=\"twitter:label1\" content=\"Escrito por\" \/>\n\t<meta name=\"twitter:data1\" content=\"Haroldo Filho\" \/>\n\t<meta name=\"twitter:label2\" content=\"Est. tempo de leitura\" \/>\n\t<meta name=\"twitter:data2\" content=\"10 minutos\" \/>\n<script type=\"application\/ld+json\" class=\"yoast-schema-graph\">{\"@context\":\"https:\/\/schema.org\",\"@graph\":[{\"@type\":\"Article\",\"@id\":\"https:\/\/jornalfatosenoticias.com.br\/index.php\/2023\/09\/21\/a-semana-em-brasilia-e-no-es-rosa-weber-pauta-no-plenario-virtual-do-stf-acao-que-pode-legalizar-aborto-ate-tres-meses-de-gestacao\/#article\",\"isPartOf\":{\"@id\":\"https:\/\/jornalfatosenoticias.com.br\/index.php\/2023\/09\/21\/a-semana-em-brasilia-e-no-es-rosa-weber-pauta-no-plenario-virtual-do-stf-acao-que-pode-legalizar-aborto-ate-tres-meses-de-gestacao\/\"},\"author\":{\"name\":\"Haroldo Filho\",\"@id\":\"https:\/\/jornalfatosenoticias.com.br\/#\/schema\/person\/05c46cc25b42a5c27e004fb0fa6b4965\"},\"headline\":\"A Semana em Bras\u00edlia e no ES \u2014 Rosa Weber pauta no plen\u00e1rio virtual do STF a\u00e7\u00e3o que pode legalizar aborto at\u00e9 tr\u00eas meses de gesta\u00e7\u00e3o\",\"datePublished\":\"2023-09-21T14:30:48+00:00\",\"dateModified\":\"2023-09-21T14:30:52+00:00\",\"mainEntityOfPage\":{\"@id\":\"https:\/\/jornalfatosenoticias.com.br\/index.php\/2023\/09\/21\/a-semana-em-brasilia-e-no-es-rosa-weber-pauta-no-plenario-virtual-do-stf-acao-que-pode-legalizar-aborto-ate-tres-meses-de-gestacao\/\"},\"wordCount\":2064,\"commentCount\":0,\"publisher\":{\"@id\":\"https:\/\/jornalfatosenoticias.com.br\/#organization\"},\"image\":{\"@id\":\"https:\/\/jornalfatosenoticias.com.br\/index.php\/2023\/09\/21\/a-semana-em-brasilia-e-no-es-rosa-weber-pauta-no-plenario-virtual-do-stf-acao-que-pode-legalizar-aborto-ate-tres-meses-de-gestacao\/#primaryimage\"},\"thumbnailUrl\":\"https:\/\/jornalfatosenoticias.com.br\/wp-content\/uploads\/2023\/09\/rosa-weber.jpg\",\"keywords\":[\"aborto\",\"Am\u00e9rica do Sul\",\"Argentina\",\"Elei\u00e7\u00f5es EUA 2024\",\"Gleisi Hoffmann\",\"Javier Milei\",\"legalizar aborto\",\"Rosa Weber\",\"STF\",\"Supremo\",\"vida\"],\"articleSection\":[\"Pol\u00edtica\"],\"inLanguage\":\"pt-BR\",\"potentialAction\":[{\"@type\":\"CommentAction\",\"name\":\"Comment\",\"target\":[\"https:\/\/jornalfatosenoticias.com.br\/index.php\/2023\/09\/21\/a-semana-em-brasilia-e-no-es-rosa-weber-pauta-no-plenario-virtual-do-stf-acao-que-pode-legalizar-aborto-ate-tres-meses-de-gestacao\/#respond\"]}]},{\"@type\":\"WebPage\",\"@id\":\"https:\/\/jornalfatosenoticias.com.br\/index.php\/2023\/09\/21\/a-semana-em-brasilia-e-no-es-rosa-weber-pauta-no-plenario-virtual-do-stf-acao-que-pode-legalizar-aborto-ate-tres-meses-de-gestacao\/\",\"url\":\"https:\/\/jornalfatosenoticias.com.br\/index.php\/2023\/09\/21\/a-semana-em-brasilia-e-no-es-rosa-weber-pauta-no-plenario-virtual-do-stf-acao-que-pode-legalizar-aborto-ate-tres-meses-de-gestacao\/\",\"name\":\"A Semana em Bras\u00edlia e no ES \u2014 Rosa Weber pauta no plen\u00e1rio virtual do STF a\u00e7\u00e3o que pode legalizar aborto at\u00e9 tr\u00eas meses de gesta\u00e7\u00e3o - Jornal Fatos e Not\u00edcias\",\"isPartOf\":{\"@id\":\"https:\/\/jornalfatosenoticias.com.br\/#website\"},\"primaryImageOfPage\":{\"@id\":\"https:\/\/jornalfatosenoticias.com.br\/index.php\/2023\/09\/21\/a-semana-em-brasilia-e-no-es-rosa-weber-pauta-no-plenario-virtual-do-stf-acao-que-pode-legalizar-aborto-ate-tres-meses-de-gestacao\/#primaryimage\"},\"image\":{\"@id\":\"https:\/\/jornalfatosenoticias.com.br\/index.php\/2023\/09\/21\/a-semana-em-brasilia-e-no-es-rosa-weber-pauta-no-plenario-virtual-do-stf-acao-que-pode-legalizar-aborto-ate-tres-meses-de-gestacao\/#primaryimage\"},\"thumbnailUrl\":\"https:\/\/jornalfatosenoticias.com.br\/wp-content\/uploads\/2023\/09\/rosa-weber.jpg\",\"datePublished\":\"2023-09-21T14:30:48+00:00\",\"dateModified\":\"2023-09-21T14:30:52+00:00\",\"breadcrumb\":{\"@id\":\"https:\/\/jornalfatosenoticias.com.br\/index.php\/2023\/09\/21\/a-semana-em-brasilia-e-no-es-rosa-weber-pauta-no-plenario-virtual-do-stf-acao-que-pode-legalizar-aborto-ate-tres-meses-de-gestacao\/#breadcrumb\"},\"inLanguage\":\"pt-BR\",\"potentialAction\":[{\"@type\":\"ReadAction\",\"target\":[\"https:\/\/jornalfatosenoticias.com.br\/index.php\/2023\/09\/21\/a-semana-em-brasilia-e-no-es-rosa-weber-pauta-no-plenario-virtual-do-stf-acao-que-pode-legalizar-aborto-ate-tres-meses-de-gestacao\/\"]}]},{\"@type\":\"ImageObject\",\"inLanguage\":\"pt-BR\",\"@id\":\"https:\/\/jornalfatosenoticias.com.br\/index.php\/2023\/09\/21\/a-semana-em-brasilia-e-no-es-rosa-weber-pauta-no-plenario-virtual-do-stf-acao-que-pode-legalizar-aborto-ate-tres-meses-de-gestacao\/#primaryimage\",\"url\":\"https:\/\/jornalfatosenoticias.com.br\/wp-content\/uploads\/2023\/09\/rosa-weber.jpg\",\"contentUrl\":\"https:\/\/jornalfatosenoticias.com.br\/wp-content\/uploads\/2023\/09\/rosa-weber.jpg\",\"width\":750,\"height\":375},{\"@type\":\"BreadcrumbList\",\"@id\":\"https:\/\/jornalfatosenoticias.com.br\/index.php\/2023\/09\/21\/a-semana-em-brasilia-e-no-es-rosa-weber-pauta-no-plenario-virtual-do-stf-acao-que-pode-legalizar-aborto-ate-tres-meses-de-gestacao\/#breadcrumb\",\"itemListElement\":[{\"@type\":\"ListItem\",\"position\":1,\"name\":\"In\u00edcio\",\"item\":\"https:\/\/jornalfatosenoticias.com.br\/\"},{\"@type\":\"ListItem\",\"position\":2,\"name\":\"A Semana em Bras\u00edlia e no ES \u2014 Rosa Weber pauta no plen\u00e1rio virtual do STF a\u00e7\u00e3o que pode legalizar aborto at\u00e9 tr\u00eas meses de gesta\u00e7\u00e3o\"}]},{\"@type\":\"WebSite\",\"@id\":\"https:\/\/jornalfatosenoticias.com.br\/#website\",\"url\":\"https:\/\/jornalfatosenoticias.com.br\/\",\"name\":\"Jornal Fatos e Not\u00edcias\",\"description\":\"Not\u00edcias em geral\",\"publisher\":{\"@id\":\"https:\/\/jornalfatosenoticias.com.br\/#organization\"},\"potentialAction\":[{\"@type\":\"SearchAction\",\"target\":{\"@type\":\"EntryPoint\",\"urlTemplate\":\"https:\/\/jornalfatosenoticias.com.br\/?s={search_term_string}\"},\"query-input\":{\"@type\":\"PropertyValueSpecification\",\"valueRequired\":true,\"valueName\":\"search_term_string\"}}],\"inLanguage\":\"pt-BR\"},{\"@type\":\"Organization\",\"@id\":\"https:\/\/jornalfatosenoticias.com.br\/#organization\",\"name\":\"Jornal Fatos e Not\u00edcias\",\"url\":\"https:\/\/jornalfatosenoticias.com.br\/\",\"logo\":{\"@type\":\"ImageObject\",\"inLanguage\":\"pt-BR\",\"@id\":\"https:\/\/jornalfatosenoticias.com.br\/#\/schema\/logo\/image\/\",\"url\":\"https:\/\/jornalfatosenoticias.com.br\/wp-content\/uploads\/2020\/02\/logo120.png\",\"contentUrl\":\"https:\/\/jornalfatosenoticias.com.br\/wp-content\/uploads\/2020\/02\/logo120.png\",\"width\":1227,\"height\":120,\"caption\":\"Jornal Fatos e Not\u00edcias\"},\"image\":{\"@id\":\"https:\/\/jornalfatosenoticias.com.br\/#\/schema\/logo\/image\/\"}},{\"@type\":\"Person\",\"@id\":\"https:\/\/jornalfatosenoticias.com.br\/#\/schema\/person\/05c46cc25b42a5c27e004fb0fa6b4965\",\"name\":\"Haroldo Filho\",\"image\":{\"@type\":\"ImageObject\",\"inLanguage\":\"pt-BR\",\"@id\":\"https:\/\/jornalfatosenoticias.com.br\/#\/schema\/person\/image\/\",\"url\":\"https:\/\/jornalfatosenoticias.com.br\/wp-content\/uploads\/2025\/08\/WhatsApp-Image-2025-08-18-at-15.30.28-150x150.jpeg\",\"contentUrl\":\"https:\/\/jornalfatosenoticias.com.br\/wp-content\/uploads\/2025\/08\/WhatsApp-Image-2025-08-18-at-15.30.28-150x150.jpeg\",\"caption\":\"Haroldo Filho\"},\"description\":\"Jornalista \u2013 DRT: 0003818\/ES Coordenador-geral da ONG Educar para Crescer\",\"url\":\"https:\/\/jornalfatosenoticias.com.br\/index.php\/author\/haroldo\/\"}]}<\/script>\n<!-- \/ Yoast SEO plugin. -->","yoast_head_json":{"title":"A Semana em Bras\u00edlia e no ES \u2014 Rosa Weber pauta no plen\u00e1rio virtual do STF a\u00e7\u00e3o que pode legalizar aborto at\u00e9 tr\u00eas meses de gesta\u00e7\u00e3o - Jornal Fatos e Not\u00edcias","robots":{"index":"index","follow":"follow","max-snippet":"max-snippet:-1","max-image-preview":"max-image-preview:large","max-video-preview":"max-video-preview:-1"},"canonical":"https:\/\/jornalfatosenoticias.com.br\/index.php\/2023\/09\/21\/a-semana-em-brasilia-e-no-es-rosa-weber-pauta-no-plenario-virtual-do-stf-acao-que-pode-legalizar-aborto-ate-tres-meses-de-gestacao\/","og_locale":"pt_BR","og_type":"article","og_title":"A Semana em Bras\u00edlia e no ES \u2014 Rosa Weber pauta no plen\u00e1rio virtual do STF a\u00e7\u00e3o que pode legalizar aborto at\u00e9 tr\u00eas meses de gesta\u00e7\u00e3o - Jornal Fatos e Not\u00edcias","og_description":"Por Gianlucca GattaiA presidente do Supremo Tribunal Federal (STF), Rosa Weber, pautou para julgamento no plen\u00e1rio virtual da Corte a a\u00e7\u00e3o que discute a possibilidade de aborto legal at\u00e9 12 semanas (tr\u00eas meses) de gesta\u00e7\u00e3o. O julgamento no STF ir\u00e1 acontecer a partir do pr\u00f3ximo dia 22, em sess\u00e3o marcada para acabar dia 29.Rosa Weber [&hellip;]","og_url":"https:\/\/jornalfatosenoticias.com.br\/index.php\/2023\/09\/21\/a-semana-em-brasilia-e-no-es-rosa-weber-pauta-no-plenario-virtual-do-stf-acao-que-pode-legalizar-aborto-ate-tres-meses-de-gestacao\/","og_site_name":"Jornal Fatos e Not\u00edcias","article_published_time":"2023-09-21T14:30:48+00:00","article_modified_time":"2023-09-21T14:30:52+00:00","og_image":[{"width":750,"height":375,"url":"https:\/\/jornalfatosenoticias.com.br\/wp-content\/uploads\/2023\/09\/rosa-weber.jpg","type":"image\/jpeg"}],"author":"Haroldo Filho","twitter_card":"summary_large_image","twitter_misc":{"Escrito por":"Haroldo Filho","Est. tempo de leitura":"10 minutos"},"schema":{"@context":"https:\/\/schema.org","@graph":[{"@type":"Article","@id":"https:\/\/jornalfatosenoticias.com.br\/index.php\/2023\/09\/21\/a-semana-em-brasilia-e-no-es-rosa-weber-pauta-no-plenario-virtual-do-stf-acao-que-pode-legalizar-aborto-ate-tres-meses-de-gestacao\/#article","isPartOf":{"@id":"https:\/\/jornalfatosenoticias.com.br\/index.php\/2023\/09\/21\/a-semana-em-brasilia-e-no-es-rosa-weber-pauta-no-plenario-virtual-do-stf-acao-que-pode-legalizar-aborto-ate-tres-meses-de-gestacao\/"},"author":{"name":"Haroldo Filho","@id":"https:\/\/jornalfatosenoticias.com.br\/#\/schema\/person\/05c46cc25b42a5c27e004fb0fa6b4965"},"headline":"A Semana em Bras\u00edlia e no ES \u2014 Rosa Weber pauta no plen\u00e1rio virtual do STF a\u00e7\u00e3o que pode legalizar aborto at\u00e9 tr\u00eas meses de gesta\u00e7\u00e3o","datePublished":"2023-09-21T14:30:48+00:00","dateModified":"2023-09-21T14:30:52+00:00","mainEntityOfPage":{"@id":"https:\/\/jornalfatosenoticias.com.br\/index.php\/2023\/09\/21\/a-semana-em-brasilia-e-no-es-rosa-weber-pauta-no-plenario-virtual-do-stf-acao-que-pode-legalizar-aborto-ate-tres-meses-de-gestacao\/"},"wordCount":2064,"commentCount":0,"publisher":{"@id":"https:\/\/jornalfatosenoticias.com.br\/#organization"},"image":{"@id":"https:\/\/jornalfatosenoticias.com.br\/index.php\/2023\/09\/21\/a-semana-em-brasilia-e-no-es-rosa-weber-pauta-no-plenario-virtual-do-stf-acao-que-pode-legalizar-aborto-ate-tres-meses-de-gestacao\/#primaryimage"},"thumbnailUrl":"https:\/\/jornalfatosenoticias.com.br\/wp-content\/uploads\/2023\/09\/rosa-weber.jpg","keywords":["aborto","Am\u00e9rica do Sul","Argentina","Elei\u00e7\u00f5es EUA 2024","Gleisi Hoffmann","Javier Milei","legalizar aborto","Rosa Weber","STF","Supremo","vida"],"articleSection":["Pol\u00edtica"],"inLanguage":"pt-BR","potentialAction":[{"@type":"CommentAction","name":"Comment","target":["https:\/\/jornalfatosenoticias.com.br\/index.php\/2023\/09\/21\/a-semana-em-brasilia-e-no-es-rosa-weber-pauta-no-plenario-virtual-do-stf-acao-que-pode-legalizar-aborto-ate-tres-meses-de-gestacao\/#respond"]}]},{"@type":"WebPage","@id":"https:\/\/jornalfatosenoticias.com.br\/index.php\/2023\/09\/21\/a-semana-em-brasilia-e-no-es-rosa-weber-pauta-no-plenario-virtual-do-stf-acao-que-pode-legalizar-aborto-ate-tres-meses-de-gestacao\/","url":"https:\/\/jornalfatosenoticias.com.br\/index.php\/2023\/09\/21\/a-semana-em-brasilia-e-no-es-rosa-weber-pauta-no-plenario-virtual-do-stf-acao-que-pode-legalizar-aborto-ate-tres-meses-de-gestacao\/","name":"A Semana em Bras\u00edlia e no ES \u2014 Rosa Weber pauta no plen\u00e1rio virtual do STF a\u00e7\u00e3o que pode legalizar aborto at\u00e9 tr\u00eas meses de gesta\u00e7\u00e3o - Jornal Fatos e Not\u00edcias","isPartOf":{"@id":"https:\/\/jornalfatosenoticias.com.br\/#website"},"primaryImageOfPage":{"@id":"https:\/\/jornalfatosenoticias.com.br\/index.php\/2023\/09\/21\/a-semana-em-brasilia-e-no-es-rosa-weber-pauta-no-plenario-virtual-do-stf-acao-que-pode-legalizar-aborto-ate-tres-meses-de-gestacao\/#primaryimage"},"image":{"@id":"https:\/\/jornalfatosenoticias.com.br\/index.php\/2023\/09\/21\/a-semana-em-brasilia-e-no-es-rosa-weber-pauta-no-plenario-virtual-do-stf-acao-que-pode-legalizar-aborto-ate-tres-meses-de-gestacao\/#primaryimage"},"thumbnailUrl":"https:\/\/jornalfatosenoticias.com.br\/wp-content\/uploads\/2023\/09\/rosa-weber.jpg","datePublished":"2023-09-21T14:30:48+00:00","dateModified":"2023-09-21T14:30:52+00:00","breadcrumb":{"@id":"https:\/\/jornalfatosenoticias.com.br\/index.php\/2023\/09\/21\/a-semana-em-brasilia-e-no-es-rosa-weber-pauta-no-plenario-virtual-do-stf-acao-que-pode-legalizar-aborto-ate-tres-meses-de-gestacao\/#breadcrumb"},"inLanguage":"pt-BR","potentialAction":[{"@type":"ReadAction","target":["https:\/\/jornalfatosenoticias.com.br\/index.php\/2023\/09\/21\/a-semana-em-brasilia-e-no-es-rosa-weber-pauta-no-plenario-virtual-do-stf-acao-que-pode-legalizar-aborto-ate-tres-meses-de-gestacao\/"]}]},{"@type":"ImageObject","inLanguage":"pt-BR","@id":"https:\/\/jornalfatosenoticias.com.br\/index.php\/2023\/09\/21\/a-semana-em-brasilia-e-no-es-rosa-weber-pauta-no-plenario-virtual-do-stf-acao-que-pode-legalizar-aborto-ate-tres-meses-de-gestacao\/#primaryimage","url":"https:\/\/jornalfatosenoticias.com.br\/wp-content\/uploads\/2023\/09\/rosa-weber.jpg","contentUrl":"https:\/\/jornalfatosenoticias.com.br\/wp-content\/uploads\/2023\/09\/rosa-weber.jpg","width":750,"height":375},{"@type":"BreadcrumbList","@id":"https:\/\/jornalfatosenoticias.com.br\/index.php\/2023\/09\/21\/a-semana-em-brasilia-e-no-es-rosa-weber-pauta-no-plenario-virtual-do-stf-acao-que-pode-legalizar-aborto-ate-tres-meses-de-gestacao\/#breadcrumb","itemListElement":[{"@type":"ListItem","position":1,"name":"In\u00edcio","item":"https:\/\/jornalfatosenoticias.com.br\/"},{"@type":"ListItem","position":2,"name":"A Semana em Bras\u00edlia e no ES \u2014 Rosa Weber pauta no plen\u00e1rio virtual do STF a\u00e7\u00e3o que pode legalizar aborto at\u00e9 tr\u00eas meses de gesta\u00e7\u00e3o"}]},{"@type":"WebSite","@id":"https:\/\/jornalfatosenoticias.com.br\/#website","url":"https:\/\/jornalfatosenoticias.com.br\/","name":"Jornal Fatos e Not\u00edcias","description":"Not\u00edcias em geral","publisher":{"@id":"https:\/\/jornalfatosenoticias.com.br\/#organization"},"potentialAction":[{"@type":"SearchAction","target":{"@type":"EntryPoint","urlTemplate":"https:\/\/jornalfatosenoticias.com.br\/?s={search_term_string}"},"query-input":{"@type":"PropertyValueSpecification","valueRequired":true,"valueName":"search_term_string"}}],"inLanguage":"pt-BR"},{"@type":"Organization","@id":"https:\/\/jornalfatosenoticias.com.br\/#organization","name":"Jornal Fatos e Not\u00edcias","url":"https:\/\/jornalfatosenoticias.com.br\/","logo":{"@type":"ImageObject","inLanguage":"pt-BR","@id":"https:\/\/jornalfatosenoticias.com.br\/#\/schema\/logo\/image\/","url":"https:\/\/jornalfatosenoticias.com.br\/wp-content\/uploads\/2020\/02\/logo120.png","contentUrl":"https:\/\/jornalfatosenoticias.com.br\/wp-content\/uploads\/2020\/02\/logo120.png","width":1227,"height":120,"caption":"Jornal Fatos e Not\u00edcias"},"image":{"@id":"https:\/\/jornalfatosenoticias.com.br\/#\/schema\/logo\/image\/"}},{"@type":"Person","@id":"https:\/\/jornalfatosenoticias.com.br\/#\/schema\/person\/05c46cc25b42a5c27e004fb0fa6b4965","name":"Haroldo Filho","image":{"@type":"ImageObject","inLanguage":"pt-BR","@id":"https:\/\/jornalfatosenoticias.com.br\/#\/schema\/person\/image\/","url":"https:\/\/jornalfatosenoticias.com.br\/wp-content\/uploads\/2025\/08\/WhatsApp-Image-2025-08-18-at-15.30.28-150x150.jpeg","contentUrl":"https:\/\/jornalfatosenoticias.com.br\/wp-content\/uploads\/2025\/08\/WhatsApp-Image-2025-08-18-at-15.30.28-150x150.jpeg","caption":"Haroldo Filho"},"description":"Jornalista \u2013 DRT: 0003818\/ES Coordenador-geral da ONG Educar para Crescer","url":"https:\/\/jornalfatosenoticias.com.br\/index.php\/author\/haroldo\/"}]}},"cc_featured_image_caption":{"caption_text":"(Foto: Fellipe Sampaio\/SCO\/STF) ","source_text":"","source_url":""},"jetpack_featured_media_url":"https:\/\/jornalfatosenoticias.com.br\/wp-content\/uploads\/2023\/09\/rosa-weber.jpg","_links":{"self":[{"href":"https:\/\/jornalfatosenoticias.com.br\/index.php\/wp-json\/wp\/v2\/posts\/45373","targetHints":{"allow":["GET"]}}],"collection":[{"href":"https:\/\/jornalfatosenoticias.com.br\/index.php\/wp-json\/wp\/v2\/posts"}],"about":[{"href":"https:\/\/jornalfatosenoticias.com.br\/index.php\/wp-json\/wp\/v2\/types\/post"}],"author":[{"embeddable":true,"href":"https:\/\/jornalfatosenoticias.com.br\/index.php\/wp-json\/wp\/v2\/users\/3"}],"replies":[{"embeddable":true,"href":"https:\/\/jornalfatosenoticias.com.br\/index.php\/wp-json\/wp\/v2\/comments?post=45373"}],"version-history":[{"count":0,"href":"https:\/\/jornalfatosenoticias.com.br\/index.php\/wp-json\/wp\/v2\/posts\/45373\/revisions"}],"wp:featuredmedia":[{"embeddable":true,"href":"https:\/\/jornalfatosenoticias.com.br\/index.php\/wp-json\/wp\/v2\/media\/45382"}],"wp:attachment":[{"href":"https:\/\/jornalfatosenoticias.com.br\/index.php\/wp-json\/wp\/v2\/media?parent=45373"}],"wp:term":[{"taxonomy":"category","embeddable":true,"href":"https:\/\/jornalfatosenoticias.com.br\/index.php\/wp-json\/wp\/v2\/categories?post=45373"},{"taxonomy":"post_tag","embeddable":true,"href":"https:\/\/jornalfatosenoticias.com.br\/index.php\/wp-json\/wp\/v2\/tags?post=45373"}],"curies":[{"name":"wp","href":"https:\/\/api.w.org\/{rel}","templated":true}]}}