{"id":45385,"date":"2023-09-21T14:56:16","date_gmt":"2023-09-21T17:56:16","guid":{"rendered":"https:\/\/jornalfatosenoticias.com.br\/?p=45385"},"modified":"2023-09-22T10:56:00","modified_gmt":"2023-09-22T13:56:00","slug":"gestao-tecnica-na-saude-de-fundao","status":"publish","type":"post","link":"https:\/\/jornalfatosenoticias.com.br\/index.php\/2023\/09\/21\/gestao-tecnica-na-saude-de-fundao\/","title":{"rendered":"Gest\u00e3o t\u00e9cnica na sa\u00fade de Fund\u00e3o"},"content":{"rendered":"\n<p><em><span class=\"has-inline-color has-black-color\">Fund\u00e3o se encontra num processo de evolu\u00e7\u00e3o e se fortalecendo diariamente para que todos os mun\u00edcipes tenham acesso \u00e0s a\u00e7\u00f5es e servi\u00e7os de sa\u00fade<\/span><\/em><\/p>\n\n\n\n<div class=\"wp-block-image\"><figure class=\"aligncenter size-large\"><img loading=\"lazy\" decoding=\"async\" width=\"729\" height=\"90\" src=\"https:\/\/jornalfatosenoticias.com.br\/wp-content\/uploads\/2020\/02\/Logo_Mizu.png\" alt=\"\" class=\"wp-image-1441\" srcset=\"https:\/\/jornalfatosenoticias.com.br\/wp-content\/uploads\/2020\/02\/Logo_Mizu.png 729w, https:\/\/jornalfatosenoticias.com.br\/wp-content\/uploads\/2020\/02\/Logo_Mizu-300x37.png 300w\" sizes=\"auto, (max-width: 729px) 100vw, 729px\" \/><\/figure><\/div>\n\n\n\n<p>A sa\u00fade p\u00fablica no Brasil sempre foi um desafio e como a preven\u00e7\u00e3o nunca foi muito o foco dos representantes p\u00fablicos, o saneamento ainda n\u00e3o \u00e9 uma realidade para milh\u00f5es de brasileiros. Com cerca de 33 milh\u00f5es de habitantes sem acesso \u00e0 \u00e1gua tratada e quase cem milh\u00f5es sem atendimento de coleta de esgoto. Todos os dias quase seis mil piscinas ol\u00edmpicas de esgoto sem tratamento s\u00e3o lan\u00e7adas na natureza e nos corpos h\u00eddricos do Pa\u00eds diariamente, resultando numa sobrecarga no sistema p\u00fablico de sa\u00fade.<br>Outro ponto, \u00e9 a insufici\u00eancia dos recursos oriundos da esfera federal (Uni\u00e3o) que, na sua maioria, al\u00e9m de med\u00edocres, sofrem, a todo instante, interfer\u00eancias pol\u00edticas, dificultando, assim, a ponta, que s\u00e3o os munic\u00edpios. Basta lembrar o bloqueio or\u00e7ament\u00e1rio de R$ 1,5 bilh\u00e3o feito pelo governo federal no primeiro semestre deste ano, onde o contingenciamento discricion\u00e1rio foi de R$ 452 milh\u00f5es somente na Sa\u00fade.<\/p>\n\n\n\n<div class=\"wp-block-image\"><figure class=\"aligncenter size-large\"><img loading=\"lazy\" decoding=\"async\" width=\"300\" height=\"250\" src=\"https:\/\/jornalfatosenoticias.com.br\/wp-content\/uploads\/2022\/08\/arte-Casarao.jpg\" alt=\"\" class=\"wp-image-33178\"\/><\/figure><\/div>\n\n\n\n<p>Rememorando a express\u00e3o \u201cse a vida te der um lim\u00e3o fa\u00e7a uma limonada\u201d, o Fatos &amp; Not\u00edcias foi at\u00e9 \u00e0 competente secret\u00e1ria de Sa\u00fade do munic\u00edpio de Fund\u00e3o, Eva do Carmo Bernab\u00e9 da Silva, para ver se a express\u00e3o de supera\u00e7\u00e3o pode ser colocada ou n\u00e3o em pr\u00e1tica na administra\u00e7\u00e3o p\u00fablica.<\/p>\n\n\n\n<div class=\"wp-block-image\"><figure class=\"aligncenter size-large is-resized\"><img loading=\"lazy\" decoding=\"async\" src=\"https:\/\/jornalfatosenoticias.com.br\/wp-content\/uploads\/2020\/02\/logo-Rapuzel-1024x571.jpg\" alt=\"\" class=\"wp-image-42808\" width=\"357\" height=\"199\" srcset=\"https:\/\/jornalfatosenoticias.com.br\/wp-content\/uploads\/2020\/02\/logo-Rapuzel-1024x571.jpg 1024w, https:\/\/jornalfatosenoticias.com.br\/wp-content\/uploads\/2020\/02\/logo-Rapuzel-300x167.jpg 300w, https:\/\/jornalfatosenoticias.com.br\/wp-content\/uploads\/2020\/02\/logo-Rapuzel-768x428.jpg 768w, https:\/\/jornalfatosenoticias.com.br\/wp-content\/uploads\/2020\/02\/logo-Rapuzel-1536x856.jpg 1536w, https:\/\/jornalfatosenoticias.com.br\/wp-content\/uploads\/2020\/02\/logo-Rapuzel.jpg 1600w\" sizes=\"auto, (max-width: 357px) 100vw, 357px\" \/><\/figure><\/div>\n\n\n\n<p>Perguntada sobre como anda a Sa\u00fade do munic\u00edpio e se \u00e9 poss\u00edvel trabalhar com os recursos dispon\u00edveis, a secret\u00e1ria respondeu que, dentro das possiblidades atuais, sim, e que, de acordo com o IBGE-2020, o munic\u00edpio de Fund\u00e3o possui 21.509 habitantes e 80% desse contingente utilizam com maior frequ\u00eancia o Sistema \u00danico de Sa\u00fade (SUS).<\/p>\n\n\n\n<div class=\"wp-block-image\"><figure class=\"aligncenter size-large\"><img loading=\"lazy\" decoding=\"async\" width=\"300\" height=\"250\" src=\"https:\/\/jornalfatosenoticias.com.br\/wp-content\/uploads\/2020\/02\/Banner-2.png\" alt=\"\" class=\"wp-image-43787\"\/><\/figure><\/div>\n\n\n\n<p>Eva explica que o cen\u00e1rio atual da rede municipal de sa\u00fade encontra-se num processo de evolu\u00e7\u00e3o e se fortalecendo diariamente para que todos os mun\u00edcipes tenham acesso, com a devida qualidade, \u00e0s a\u00e7\u00f5es e servi\u00e7os de sa\u00fade. &#8220;Estamos nos organizando nos \u00e2mbitos da Aten\u00e7\u00e3o Prim\u00e1ria, Aten\u00e7\u00e3o Especializada, Assist\u00eancia Farmac\u00eautica e Vigil\u00e2ncia em Sa\u00fade, com as seguintes estruturas dos servi\u00e7os&#8221;:<\/p>\n\n\n\n<div class=\"wp-block-image\"><figure class=\"aligncenter size-large\"><img loading=\"lazy\" decoding=\"async\" width=\"1000\" height=\"750\" src=\"https:\/\/jornalfatosenoticias.com.br\/wp-content\/uploads\/2023\/09\/IMG-20230921-WA0160.jpg\" alt=\"\" class=\"wp-image-45386\" srcset=\"https:\/\/jornalfatosenoticias.com.br\/wp-content\/uploads\/2023\/09\/IMG-20230921-WA0160.jpg 1000w, https:\/\/jornalfatosenoticias.com.br\/wp-content\/uploads\/2023\/09\/IMG-20230921-WA0160-300x225.jpg 300w, https:\/\/jornalfatosenoticias.com.br\/wp-content\/uploads\/2023\/09\/IMG-20230921-WA0160-768x576.jpg 768w\" sizes=\"auto, (max-width: 1000px) 100vw, 1000px\" \/><figcaption><em><span class=\"has-inline-color has-black-color\">UBS Praia Grande (Foto: Ascom\/Sa\u00fade)<\/span><\/em><\/figcaption><\/figure><\/div>\n\n\n\n<p><strong><span class=\"has-inline-color has-black-color\">\u2022 Aten\u00e7\u00e3o Prim\u00e1ria: <\/span><\/strong>tr\u00eas Unidades B\u00e1sicas de Sa\u00fade \u2014 seis Equipes de Estrat\u00e9gia de Sa\u00fade da Fam\u00edlia, estruturadas nos Distritos da Sede, Timbu\u00ed e Praia Grande;<br><strong><span class=\"has-inline-color has-black-color\">\u2022 Aten\u00e7\u00e3o Especializada:<\/span><\/strong> uma Unidade de Especialidades; um Pronto Atendimento 24 horas; 01 (um) Centro de Aten\u00e7\u00e3o Psicossocial (CAPS); um Setor do Transporte Sanit\u00e1rio e Administrativo e a Regula\u00e7\u00e3o Ambulatorial para Consultas e Exames Especializados;<br><strong><span class=\"has-inline-color has-black-color\">\u2022 Assist\u00eancia Farmac\u00eautica:<\/span><\/strong> uma Farm\u00e1cia B\u00e1sica em cada unidade de Fund\u00e3o, Timbu\u00ed e Praia Grande e Almoxarifado Central;<br><strong><span class=\"has-inline-color has-black-color\">\u2022 Vigil\u00e2ncia em Sa\u00fade: <\/span><\/strong>Vigil\u00e2ncia Ambiental; Vigil\u00e2ncia Epidemiol\u00f3gica; Vigil\u00e2ncia Sanit\u00e1ria; Vigil\u00e2ncia em Sa\u00fade do Trabalhador e Rede de Frios \u2014 Imuniza\u00e7\u00e3o.<\/p>\n\n\n\n<div class=\"wp-block-image\"><figure class=\"aligncenter size-large\"><img loading=\"lazy\" decoding=\"async\" width=\"300\" height=\"250\" src=\"https:\/\/jornalfatosenoticias.com.br\/wp-content\/uploads\/2022\/02\/FERRARI_MAQUINAS-E-FERRAMENTAS2.jpg\" alt=\"\" class=\"wp-image-27860\"\/><\/figure><\/div>\n\n\n\n<blockquote class=\"wp-block-quote is-layout-flow wp-block-quote-is-layout-flow\"><p><span class=\"has-inline-color has-luminous-vivid-orange-color\">No ano de 2021, foi dada a largada na reorganiza\u00e7\u00e3o da sa\u00fade municipal, no intuito de ampliar a oferta dos servi\u00e7os de acordo com as necessidades do territ\u00f3rio\u201d, afirma Eva. <\/span><\/p><\/blockquote>\n\n\n\n<div class=\"wp-block-image\"><figure class=\"aligncenter size-large is-resized\"><img loading=\"lazy\" decoding=\"async\" src=\"https:\/\/jornalfatosenoticias.com.br\/wp-content\/uploads\/2023\/03\/logo-Panper_portal.jpg\" alt=\"\" class=\"wp-image-40208\" width=\"323\" height=\"224\" srcset=\"https:\/\/jornalfatosenoticias.com.br\/wp-content\/uploads\/2023\/03\/logo-Panper_portal.jpg 400w, https:\/\/jornalfatosenoticias.com.br\/wp-content\/uploads\/2023\/03\/logo-Panper_portal-300x208.jpg 300w\" sizes=\"auto, (max-width: 323px) 100vw, 323px\" \/><\/figure><\/div>\n\n\n\n<p>Dentro dessa reorganiza\u00e7\u00e3o, est\u00e3o sendo utilizadas a\u00e7\u00f5es estrat\u00e9gicas visando a melhoria da qualidade da assist\u00eancia com contrata\u00e7\u00e3o de profissionais de sa\u00fade (enfermeiros, t\u00e9cnicos de enfermagem, psic\u00f3logos, assistentes sociais, fisioterapeutas, fonoaudi\u00f3logos, m\u00e9dicos, cirurgi\u00f5es dentistas, entre outros); composi\u00e7\u00e3o das equipes psicossociais nas 03 unidades de sa\u00fade (psic\u00f3logos, assistentes sociais e m\u00e9dico especialista em sa\u00fade mental); ponto de testagem r\u00e1pida para covid-19 (realiza\u00e7\u00e3o de aproximadamente 9668 testes r\u00e1pidos desde 2021); divulga\u00e7\u00e3o da Rela\u00e7\u00e3o Municipal de Medicamentos (Remume) no site oficial da Prefeitura Municipal, onde a farm\u00e1cia disp\u00f5e de uma cobertura de 94% dos medicamentos que comp\u00f5em a Remume; dentre outras a\u00e7\u00f5es.<\/p>\n\n\n\n<div class=\"wp-block-image\"><figure class=\"aligncenter size-large\"><img loading=\"lazy\" decoding=\"async\" width=\"1000\" height=\"750\" src=\"https:\/\/jornalfatosenoticias.com.br\/wp-content\/uploads\/2023\/09\/IMG-20230921-WA0162.jpg\" alt=\"\" class=\"wp-image-45387\" srcset=\"https:\/\/jornalfatosenoticias.com.br\/wp-content\/uploads\/2023\/09\/IMG-20230921-WA0162.jpg 1000w, https:\/\/jornalfatosenoticias.com.br\/wp-content\/uploads\/2023\/09\/IMG-20230921-WA0162-300x225.jpg 300w, https:\/\/jornalfatosenoticias.com.br\/wp-content\/uploads\/2023\/09\/IMG-20230921-WA0162-768x576.jpg 768w\" sizes=\"auto, (max-width: 1000px) 100vw, 1000px\" \/><figcaption><em><span class=\"has-inline-color has-black-color\">Transporte Sanit\u00e1rio e Centro de Especialidades (Foto: Ascom\/Sa\u00fade)<\/span><\/em><\/figcaption><\/figure><\/div>\n\n\n\n<div class=\"wp-block-image\"><figure class=\"aligncenter size-large is-resized\"><img loading=\"lazy\" decoding=\"async\" src=\"https:\/\/jornalfatosenoticias.com.br\/wp-content\/uploads\/2023\/09\/vetorvix1024_1.jpg\" alt=\"\" class=\"wp-image-44868\" width=\"415\" height=\"110\" srcset=\"https:\/\/jornalfatosenoticias.com.br\/wp-content\/uploads\/2023\/09\/vetorvix1024_1.jpg 1024w, https:\/\/jornalfatosenoticias.com.br\/wp-content\/uploads\/2023\/09\/vetorvix1024_1-300x80.jpg 300w, https:\/\/jornalfatosenoticias.com.br\/wp-content\/uploads\/2023\/09\/vetorvix1024_1-768x205.jpg 768w\" sizes=\"auto, (max-width: 415px) 100vw, 415px\" \/><\/figure><\/div>\n\n\n\n<p>Eva Bernab\u00e9 falou tamb\u00e9m dos projetos e melhorias que est\u00e3o sendo executados. \u201cDiante da limita\u00e7\u00e3o na estrutura f\u00edsica dos servi\u00e7os de sa\u00fade do munic\u00edpio, a administra\u00e7\u00e3o do prefeito Gil buscou parcerias para investimentos financeiros junto aos governos estadual e federal para complementar a execu\u00e7\u00e3o dos projetos de melhorias das mesmas, como a reforma e amplia\u00e7\u00e3o da Unidade B\u00e1sica de Sa\u00fade de Praia Grande \u2014 em fase de licita\u00e7\u00e3o; constru\u00e7\u00e3o de uma nova Unidade de Sa\u00fade em Fund\u00e3o Sede \u2014 em fase de assinatura de contrato para execu\u00e7\u00e3o do servi\u00e7o; constru\u00e7\u00e3o de uma nova Unidade de Sa\u00fade em Timbu\u00ed, tamb\u00e9m em fase de procedimento licitat\u00f3rio para viabilizar o servi\u00e7o, ou seja, a estimativa do custo das obras a serem realizadas \u00e9 de aproximadamente R$ 6 milh\u00f5es\u201d.<\/p>\n\n\n\n<div class=\"wp-block-image\"><figure class=\"aligncenter size-large is-resized\"><img loading=\"lazy\" decoding=\"async\" src=\"https:\/\/jornalfatosenoticias.com.br\/wp-content\/uploads\/2023\/03\/nova-logo-Marquetti.jpg\" alt=\"\" class=\"wp-image-40207\" width=\"306\" height=\"205\" srcset=\"https:\/\/jornalfatosenoticias.com.br\/wp-content\/uploads\/2023\/03\/nova-logo-Marquetti.jpg 643w, https:\/\/jornalfatosenoticias.com.br\/wp-content\/uploads\/2023\/03\/nova-logo-Marquetti-300x202.jpg 300w\" sizes=\"auto, (max-width: 306px) 100vw, 306px\" \/><\/figure><\/div>\n\n\n\n<p>A secret\u00e1ria faz quest\u00e3o de destacar os esfor\u00e7os da atual gest\u00e3o em reorganizar toda a estrutura do munic\u00edpio para atuar de forma coesa e satisfat\u00f3ria para todos.<\/p>\n\n\n\n<blockquote class=\"wp-block-quote is-layout-flow wp-block-quote-is-layout-flow\"><p><span class=\"has-inline-color has-luminous-vivid-orange-color\">Estamos e vamos continuar trabalhando s\u00e9rio e com muita responsabilidade. N\u00e3o posso deixar de destacar o empenho do prefeito Gil nesses quase tr\u00eas \u00faltimos de anos de governo. Reorganizar leva tempo, as coisas n\u00e3o acontecem de uma hora para outra, muito j\u00e1 foi feito e temos muito a fazer. O objetivo dessa gest\u00e3o \u00e9 continuar trabalhando com foco na melhoria da qualidade da assist\u00eancia e do cuidado de forma acolhedora\u201d, concluiu Eva Bernab\u00e9.<\/span><\/p><\/blockquote>\n\n\n\n<div class=\"wp-block-image\"><figure class=\"aligncenter size-large is-resized\"><img loading=\"lazy\" decoding=\"async\" src=\"https:\/\/jornalfatosenoticias.com.br\/wp-content\/uploads\/2023\/08\/LOGO-BLU-COMERCIAL-PRETO-1024x600.jpg\" alt=\"\" class=\"wp-image-44053\" width=\"378\" height=\"220\"\/><\/figure><\/div>\n","protected":false},"excerpt":{"rendered":"<p>Fund\u00e3o se encontra num processo de evolu\u00e7\u00e3o e se fortalecendo diariamente para que todos os mun\u00edcipes tenham acesso \u00e0s a\u00e7\u00f5es e servi\u00e7os de sa\u00fade A sa\u00fade p\u00fablica no Brasil sempre foi um desafio e como a preven\u00e7\u00e3o nunca foi muito o foco dos representantes p\u00fablicos, o saneamento ainda n\u00e3o \u00e9 uma realidade para milh\u00f5es de [&hellip;]<\/p>\n","protected":false},"author":3,"featured_media":45388,"comment_status":"open","ping_status":"open","sticky":false,"template":"","format":"standard","meta":{"footnotes":""},"categories":[11],"tags":[21386,560,74],"class_list":["post-45385","post","type-post","status-publish","format-standard","has-post-thumbnail","hentry","category-saude","tag-eva-do-carmo-bernabe","tag-fundao","tag-saude"],"yoast_head":"<!-- This site is optimized with the Yoast SEO plugin v26.5 - https:\/\/yoast.com\/wordpress\/plugins\/seo\/ -->\n<title>Gest\u00e3o t\u00e9cnica na sa\u00fade de Fund\u00e3o - Jornal Fatos e Not\u00edcias<\/title>\n<meta name=\"robots\" content=\"index, follow, max-snippet:-1, max-image-preview:large, max-video-preview:-1\" \/>\n<link rel=\"canonical\" href=\"https:\/\/jornalfatosenoticias.com.br\/index.php\/2023\/09\/21\/gestao-tecnica-na-saude-de-fundao\/\" \/>\n<meta property=\"og:locale\" content=\"pt_BR\" \/>\n<meta property=\"og:type\" content=\"article\" \/>\n<meta property=\"og:title\" content=\"Gest\u00e3o t\u00e9cnica na sa\u00fade de Fund\u00e3o - Jornal Fatos e Not\u00edcias\" \/>\n<meta property=\"og:description\" content=\"Fund\u00e3o se encontra num processo de evolu\u00e7\u00e3o e se fortalecendo diariamente para que todos os mun\u00edcipes tenham acesso \u00e0s a\u00e7\u00f5es e servi\u00e7os de sa\u00fade A sa\u00fade p\u00fablica no Brasil sempre foi um desafio e como a preven\u00e7\u00e3o nunca foi muito o foco dos representantes p\u00fablicos, o saneamento ainda n\u00e3o \u00e9 uma realidade para milh\u00f5es de [&hellip;]\" \/>\n<meta property=\"og:url\" content=\"https:\/\/jornalfatosenoticias.com.br\/index.php\/2023\/09\/21\/gestao-tecnica-na-saude-de-fundao\/\" \/>\n<meta property=\"og:site_name\" content=\"Jornal Fatos e Not\u00edcias\" \/>\n<meta property=\"article:published_time\" content=\"2023-09-21T17:56:16+00:00\" \/>\n<meta property=\"article:modified_time\" content=\"2023-09-22T13:56:00+00:00\" \/>\n<meta property=\"og:image\" content=\"https:\/\/jornalfatosenoticias.com.br\/wp-content\/uploads\/2023\/09\/DSC_1026.jpg\" \/>\n\t<meta property=\"og:image:width\" content=\"1000\" \/>\n\t<meta property=\"og:image:height\" content=\"634\" \/>\n\t<meta property=\"og:image:type\" content=\"image\/jpeg\" \/>\n<meta name=\"author\" content=\"Haroldo Filho\" \/>\n<meta name=\"twitter:card\" content=\"summary_large_image\" \/>\n<meta name=\"twitter:label1\" content=\"Escrito por\" \/>\n\t<meta name=\"twitter:data1\" content=\"Haroldo Filho\" \/>\n\t<meta name=\"twitter:label2\" content=\"Est. tempo de leitura\" \/>\n\t<meta name=\"twitter:data2\" content=\"5 minutos\" \/>\n<script type=\"application\/ld+json\" class=\"yoast-schema-graph\">{\"@context\":\"https:\/\/schema.org\",\"@graph\":[{\"@type\":\"Article\",\"@id\":\"https:\/\/jornalfatosenoticias.com.br\/index.php\/2023\/09\/21\/gestao-tecnica-na-saude-de-fundao\/#article\",\"isPartOf\":{\"@id\":\"https:\/\/jornalfatosenoticias.com.br\/index.php\/2023\/09\/21\/gestao-tecnica-na-saude-de-fundao\/\"},\"author\":{\"name\":\"Haroldo Filho\",\"@id\":\"https:\/\/jornalfatosenoticias.com.br\/#\/schema\/person\/05c46cc25b42a5c27e004fb0fa6b4965\"},\"headline\":\"Gest\u00e3o t\u00e9cnica na sa\u00fade de Fund\u00e3o\",\"datePublished\":\"2023-09-21T17:56:16+00:00\",\"dateModified\":\"2023-09-22T13:56:00+00:00\",\"mainEntityOfPage\":{\"@id\":\"https:\/\/jornalfatosenoticias.com.br\/index.php\/2023\/09\/21\/gestao-tecnica-na-saude-de-fundao\/\"},\"wordCount\":955,\"commentCount\":0,\"publisher\":{\"@id\":\"https:\/\/jornalfatosenoticias.com.br\/#organization\"},\"image\":{\"@id\":\"https:\/\/jornalfatosenoticias.com.br\/index.php\/2023\/09\/21\/gestao-tecnica-na-saude-de-fundao\/#primaryimage\"},\"thumbnailUrl\":\"https:\/\/jornalfatosenoticias.com.br\/wp-content\/uploads\/2023\/09\/DSC_1026.jpg\",\"keywords\":[\"Eva do Carmo Bernab\u00e9\",\"Fund\u00e3o\",\"sa\u00fade\"],\"articleSection\":[\"Sa\u00fade\"],\"inLanguage\":\"pt-BR\",\"potentialAction\":[{\"@type\":\"CommentAction\",\"name\":\"Comment\",\"target\":[\"https:\/\/jornalfatosenoticias.com.br\/index.php\/2023\/09\/21\/gestao-tecnica-na-saude-de-fundao\/#respond\"]}]},{\"@type\":\"WebPage\",\"@id\":\"https:\/\/jornalfatosenoticias.com.br\/index.php\/2023\/09\/21\/gestao-tecnica-na-saude-de-fundao\/\",\"url\":\"https:\/\/jornalfatosenoticias.com.br\/index.php\/2023\/09\/21\/gestao-tecnica-na-saude-de-fundao\/\",\"name\":\"Gest\u00e3o t\u00e9cnica na sa\u00fade de Fund\u00e3o - Jornal Fatos e Not\u00edcias\",\"isPartOf\":{\"@id\":\"https:\/\/jornalfatosenoticias.com.br\/#website\"},\"primaryImageOfPage\":{\"@id\":\"https:\/\/jornalfatosenoticias.com.br\/index.php\/2023\/09\/21\/gestao-tecnica-na-saude-de-fundao\/#primaryimage\"},\"image\":{\"@id\":\"https:\/\/jornalfatosenoticias.com.br\/index.php\/2023\/09\/21\/gestao-tecnica-na-saude-de-fundao\/#primaryimage\"},\"thumbnailUrl\":\"https:\/\/jornalfatosenoticias.com.br\/wp-content\/uploads\/2023\/09\/DSC_1026.jpg\",\"datePublished\":\"2023-09-21T17:56:16+00:00\",\"dateModified\":\"2023-09-22T13:56:00+00:00\",\"breadcrumb\":{\"@id\":\"https:\/\/jornalfatosenoticias.com.br\/index.php\/2023\/09\/21\/gestao-tecnica-na-saude-de-fundao\/#breadcrumb\"},\"inLanguage\":\"pt-BR\",\"potentialAction\":[{\"@type\":\"ReadAction\",\"target\":[\"https:\/\/jornalfatosenoticias.com.br\/index.php\/2023\/09\/21\/gestao-tecnica-na-saude-de-fundao\/\"]}]},{\"@type\":\"ImageObject\",\"inLanguage\":\"pt-BR\",\"@id\":\"https:\/\/jornalfatosenoticias.com.br\/index.php\/2023\/09\/21\/gestao-tecnica-na-saude-de-fundao\/#primaryimage\",\"url\":\"https:\/\/jornalfatosenoticias.com.br\/wp-content\/uploads\/2023\/09\/DSC_1026.jpg\",\"contentUrl\":\"https:\/\/jornalfatosenoticias.com.br\/wp-content\/uploads\/2023\/09\/DSC_1026.jpg\",\"width\":1000,\"height\":634},{\"@type\":\"BreadcrumbList\",\"@id\":\"https:\/\/jornalfatosenoticias.com.br\/index.php\/2023\/09\/21\/gestao-tecnica-na-saude-de-fundao\/#breadcrumb\",\"itemListElement\":[{\"@type\":\"ListItem\",\"position\":1,\"name\":\"In\u00edcio\",\"item\":\"https:\/\/jornalfatosenoticias.com.br\/\"},{\"@type\":\"ListItem\",\"position\":2,\"name\":\"Gest\u00e3o t\u00e9cnica na sa\u00fade de Fund\u00e3o\"}]},{\"@type\":\"WebSite\",\"@id\":\"https:\/\/jornalfatosenoticias.com.br\/#website\",\"url\":\"https:\/\/jornalfatosenoticias.com.br\/\",\"name\":\"Jornal Fatos e Not\u00edcias\",\"description\":\"Not\u00edcias em geral\",\"publisher\":{\"@id\":\"https:\/\/jornalfatosenoticias.com.br\/#organization\"},\"potentialAction\":[{\"@type\":\"SearchAction\",\"target\":{\"@type\":\"EntryPoint\",\"urlTemplate\":\"https:\/\/jornalfatosenoticias.com.br\/?s={search_term_string}\"},\"query-input\":{\"@type\":\"PropertyValueSpecification\",\"valueRequired\":true,\"valueName\":\"search_term_string\"}}],\"inLanguage\":\"pt-BR\"},{\"@type\":\"Organization\",\"@id\":\"https:\/\/jornalfatosenoticias.com.br\/#organization\",\"name\":\"Jornal Fatos e Not\u00edcias\",\"url\":\"https:\/\/jornalfatosenoticias.com.br\/\",\"logo\":{\"@type\":\"ImageObject\",\"inLanguage\":\"pt-BR\",\"@id\":\"https:\/\/jornalfatosenoticias.com.br\/#\/schema\/logo\/image\/\",\"url\":\"https:\/\/jornalfatosenoticias.com.br\/wp-content\/uploads\/2020\/02\/logo120.png\",\"contentUrl\":\"https:\/\/jornalfatosenoticias.com.br\/wp-content\/uploads\/2020\/02\/logo120.png\",\"width\":1227,\"height\":120,\"caption\":\"Jornal Fatos e Not\u00edcias\"},\"image\":{\"@id\":\"https:\/\/jornalfatosenoticias.com.br\/#\/schema\/logo\/image\/\"}},{\"@type\":\"Person\",\"@id\":\"https:\/\/jornalfatosenoticias.com.br\/#\/schema\/person\/05c46cc25b42a5c27e004fb0fa6b4965\",\"name\":\"Haroldo Filho\",\"image\":{\"@type\":\"ImageObject\",\"inLanguage\":\"pt-BR\",\"@id\":\"https:\/\/jornalfatosenoticias.com.br\/#\/schema\/person\/image\/\",\"url\":\"https:\/\/jornalfatosenoticias.com.br\/wp-content\/uploads\/2025\/08\/WhatsApp-Image-2025-08-18-at-15.30.28-150x150.jpeg\",\"contentUrl\":\"https:\/\/jornalfatosenoticias.com.br\/wp-content\/uploads\/2025\/08\/WhatsApp-Image-2025-08-18-at-15.30.28-150x150.jpeg\",\"caption\":\"Haroldo Filho\"},\"description\":\"Jornalista \u2013 DRT: 0003818\/ES Coordenador-geral da ONG Educar para Crescer\",\"url\":\"https:\/\/jornalfatosenoticias.com.br\/index.php\/author\/haroldo\/\"}]}<\/script>\n<!-- \/ Yoast SEO plugin. -->","yoast_head_json":{"title":"Gest\u00e3o t\u00e9cnica na sa\u00fade de Fund\u00e3o - Jornal Fatos e Not\u00edcias","robots":{"index":"index","follow":"follow","max-snippet":"max-snippet:-1","max-image-preview":"max-image-preview:large","max-video-preview":"max-video-preview:-1"},"canonical":"https:\/\/jornalfatosenoticias.com.br\/index.php\/2023\/09\/21\/gestao-tecnica-na-saude-de-fundao\/","og_locale":"pt_BR","og_type":"article","og_title":"Gest\u00e3o t\u00e9cnica na sa\u00fade de Fund\u00e3o - Jornal Fatos e Not\u00edcias","og_description":"Fund\u00e3o se encontra num processo de evolu\u00e7\u00e3o e se fortalecendo diariamente para que todos os mun\u00edcipes tenham acesso \u00e0s a\u00e7\u00f5es e servi\u00e7os de sa\u00fade A sa\u00fade p\u00fablica no Brasil sempre foi um desafio e como a preven\u00e7\u00e3o nunca foi muito o foco dos representantes p\u00fablicos, o saneamento ainda n\u00e3o \u00e9 uma realidade para milh\u00f5es de [&hellip;]","og_url":"https:\/\/jornalfatosenoticias.com.br\/index.php\/2023\/09\/21\/gestao-tecnica-na-saude-de-fundao\/","og_site_name":"Jornal Fatos e Not\u00edcias","article_published_time":"2023-09-21T17:56:16+00:00","article_modified_time":"2023-09-22T13:56:00+00:00","og_image":[{"width":1000,"height":634,"url":"https:\/\/jornalfatosenoticias.com.br\/wp-content\/uploads\/2023\/09\/DSC_1026.jpg","type":"image\/jpeg"}],"author":"Haroldo Filho","twitter_card":"summary_large_image","twitter_misc":{"Escrito por":"Haroldo Filho","Est. tempo de leitura":"5 minutos"},"schema":{"@context":"https:\/\/schema.org","@graph":[{"@type":"Article","@id":"https:\/\/jornalfatosenoticias.com.br\/index.php\/2023\/09\/21\/gestao-tecnica-na-saude-de-fundao\/#article","isPartOf":{"@id":"https:\/\/jornalfatosenoticias.com.br\/index.php\/2023\/09\/21\/gestao-tecnica-na-saude-de-fundao\/"},"author":{"name":"Haroldo Filho","@id":"https:\/\/jornalfatosenoticias.com.br\/#\/schema\/person\/05c46cc25b42a5c27e004fb0fa6b4965"},"headline":"Gest\u00e3o t\u00e9cnica na sa\u00fade de Fund\u00e3o","datePublished":"2023-09-21T17:56:16+00:00","dateModified":"2023-09-22T13:56:00+00:00","mainEntityOfPage":{"@id":"https:\/\/jornalfatosenoticias.com.br\/index.php\/2023\/09\/21\/gestao-tecnica-na-saude-de-fundao\/"},"wordCount":955,"commentCount":0,"publisher":{"@id":"https:\/\/jornalfatosenoticias.com.br\/#organization"},"image":{"@id":"https:\/\/jornalfatosenoticias.com.br\/index.php\/2023\/09\/21\/gestao-tecnica-na-saude-de-fundao\/#primaryimage"},"thumbnailUrl":"https:\/\/jornalfatosenoticias.com.br\/wp-content\/uploads\/2023\/09\/DSC_1026.jpg","keywords":["Eva do Carmo Bernab\u00e9","Fund\u00e3o","sa\u00fade"],"articleSection":["Sa\u00fade"],"inLanguage":"pt-BR","potentialAction":[{"@type":"CommentAction","name":"Comment","target":["https:\/\/jornalfatosenoticias.com.br\/index.php\/2023\/09\/21\/gestao-tecnica-na-saude-de-fundao\/#respond"]}]},{"@type":"WebPage","@id":"https:\/\/jornalfatosenoticias.com.br\/index.php\/2023\/09\/21\/gestao-tecnica-na-saude-de-fundao\/","url":"https:\/\/jornalfatosenoticias.com.br\/index.php\/2023\/09\/21\/gestao-tecnica-na-saude-de-fundao\/","name":"Gest\u00e3o t\u00e9cnica na sa\u00fade de Fund\u00e3o - Jornal Fatos e Not\u00edcias","isPartOf":{"@id":"https:\/\/jornalfatosenoticias.com.br\/#website"},"primaryImageOfPage":{"@id":"https:\/\/jornalfatosenoticias.com.br\/index.php\/2023\/09\/21\/gestao-tecnica-na-saude-de-fundao\/#primaryimage"},"image":{"@id":"https:\/\/jornalfatosenoticias.com.br\/index.php\/2023\/09\/21\/gestao-tecnica-na-saude-de-fundao\/#primaryimage"},"thumbnailUrl":"https:\/\/jornalfatosenoticias.com.br\/wp-content\/uploads\/2023\/09\/DSC_1026.jpg","datePublished":"2023-09-21T17:56:16+00:00","dateModified":"2023-09-22T13:56:00+00:00","breadcrumb":{"@id":"https:\/\/jornalfatosenoticias.com.br\/index.php\/2023\/09\/21\/gestao-tecnica-na-saude-de-fundao\/#breadcrumb"},"inLanguage":"pt-BR","potentialAction":[{"@type":"ReadAction","target":["https:\/\/jornalfatosenoticias.com.br\/index.php\/2023\/09\/21\/gestao-tecnica-na-saude-de-fundao\/"]}]},{"@type":"ImageObject","inLanguage":"pt-BR","@id":"https:\/\/jornalfatosenoticias.com.br\/index.php\/2023\/09\/21\/gestao-tecnica-na-saude-de-fundao\/#primaryimage","url":"https:\/\/jornalfatosenoticias.com.br\/wp-content\/uploads\/2023\/09\/DSC_1026.jpg","contentUrl":"https:\/\/jornalfatosenoticias.com.br\/wp-content\/uploads\/2023\/09\/DSC_1026.jpg","width":1000,"height":634},{"@type":"BreadcrumbList","@id":"https:\/\/jornalfatosenoticias.com.br\/index.php\/2023\/09\/21\/gestao-tecnica-na-saude-de-fundao\/#breadcrumb","itemListElement":[{"@type":"ListItem","position":1,"name":"In\u00edcio","item":"https:\/\/jornalfatosenoticias.com.br\/"},{"@type":"ListItem","position":2,"name":"Gest\u00e3o t\u00e9cnica na sa\u00fade de Fund\u00e3o"}]},{"@type":"WebSite","@id":"https:\/\/jornalfatosenoticias.com.br\/#website","url":"https:\/\/jornalfatosenoticias.com.br\/","name":"Jornal Fatos e Not\u00edcias","description":"Not\u00edcias em geral","publisher":{"@id":"https:\/\/jornalfatosenoticias.com.br\/#organization"},"potentialAction":[{"@type":"SearchAction","target":{"@type":"EntryPoint","urlTemplate":"https:\/\/jornalfatosenoticias.com.br\/?s={search_term_string}"},"query-input":{"@type":"PropertyValueSpecification","valueRequired":true,"valueName":"search_term_string"}}],"inLanguage":"pt-BR"},{"@type":"Organization","@id":"https:\/\/jornalfatosenoticias.com.br\/#organization","name":"Jornal Fatos e Not\u00edcias","url":"https:\/\/jornalfatosenoticias.com.br\/","logo":{"@type":"ImageObject","inLanguage":"pt-BR","@id":"https:\/\/jornalfatosenoticias.com.br\/#\/schema\/logo\/image\/","url":"https:\/\/jornalfatosenoticias.com.br\/wp-content\/uploads\/2020\/02\/logo120.png","contentUrl":"https:\/\/jornalfatosenoticias.com.br\/wp-content\/uploads\/2020\/02\/logo120.png","width":1227,"height":120,"caption":"Jornal Fatos e Not\u00edcias"},"image":{"@id":"https:\/\/jornalfatosenoticias.com.br\/#\/schema\/logo\/image\/"}},{"@type":"Person","@id":"https:\/\/jornalfatosenoticias.com.br\/#\/schema\/person\/05c46cc25b42a5c27e004fb0fa6b4965","name":"Haroldo Filho","image":{"@type":"ImageObject","inLanguage":"pt-BR","@id":"https:\/\/jornalfatosenoticias.com.br\/#\/schema\/person\/image\/","url":"https:\/\/jornalfatosenoticias.com.br\/wp-content\/uploads\/2025\/08\/WhatsApp-Image-2025-08-18-at-15.30.28-150x150.jpeg","contentUrl":"https:\/\/jornalfatosenoticias.com.br\/wp-content\/uploads\/2025\/08\/WhatsApp-Image-2025-08-18-at-15.30.28-150x150.jpeg","caption":"Haroldo Filho"},"description":"Jornalista \u2013 DRT: 0003818\/ES Coordenador-geral da ONG Educar para Crescer","url":"https:\/\/jornalfatosenoticias.com.br\/index.php\/author\/haroldo\/"}]}},"cc_featured_image_caption":{"caption_text":"(Foto: Haroldo Filho\/F&N)","source_text":"","source_url":""},"jetpack_featured_media_url":"https:\/\/jornalfatosenoticias.com.br\/wp-content\/uploads\/2023\/09\/DSC_1026.jpg","_links":{"self":[{"href":"https:\/\/jornalfatosenoticias.com.br\/index.php\/wp-json\/wp\/v2\/posts\/45385","targetHints":{"allow":["GET"]}}],"collection":[{"href":"https:\/\/jornalfatosenoticias.com.br\/index.php\/wp-json\/wp\/v2\/posts"}],"about":[{"href":"https:\/\/jornalfatosenoticias.com.br\/index.php\/wp-json\/wp\/v2\/types\/post"}],"author":[{"embeddable":true,"href":"https:\/\/jornalfatosenoticias.com.br\/index.php\/wp-json\/wp\/v2\/users\/3"}],"replies":[{"embeddable":true,"href":"https:\/\/jornalfatosenoticias.com.br\/index.php\/wp-json\/wp\/v2\/comments?post=45385"}],"version-history":[{"count":0,"href":"https:\/\/jornalfatosenoticias.com.br\/index.php\/wp-json\/wp\/v2\/posts\/45385\/revisions"}],"wp:featuredmedia":[{"embeddable":true,"href":"https:\/\/jornalfatosenoticias.com.br\/index.php\/wp-json\/wp\/v2\/media\/45388"}],"wp:attachment":[{"href":"https:\/\/jornalfatosenoticias.com.br\/index.php\/wp-json\/wp\/v2\/media?parent=45385"}],"wp:term":[{"taxonomy":"category","embeddable":true,"href":"https:\/\/jornalfatosenoticias.com.br\/index.php\/wp-json\/wp\/v2\/categories?post=45385"},{"taxonomy":"post_tag","embeddable":true,"href":"https:\/\/jornalfatosenoticias.com.br\/index.php\/wp-json\/wp\/v2\/tags?post=45385"}],"curies":[{"name":"wp","href":"https:\/\/api.w.org\/{rel}","templated":true}]}}