{"id":45419,"date":"2023-09-22T14:00:40","date_gmt":"2023-09-22T17:00:40","guid":{"rendered":"https:\/\/jornalfatosenoticias.com.br\/?p=45419"},"modified":"2023-09-22T14:00:45","modified_gmt":"2023-09-22T17:00:45","slug":"graos-de-polen-do-fundo-de-lagoa-revelam-a-historia-recente-da-caatinga","status":"publish","type":"post","link":"https:\/\/jornalfatosenoticias.com.br\/index.php\/2023\/09\/22\/graos-de-polen-do-fundo-de-lagoa-revelam-a-historia-recente-da-caatinga\/","title":{"rendered":"Gr\u00e3os de p\u00f3len do fundo de lagoa revelam a hist\u00f3ria recente da Caatinga"},"content":{"rendered":"\n<p><em><span class=\"has-inline-color has-black-color\">Por <strong>Sarah Schmidt\/<a href=\"https:\/\/gizmodo.uol.com.br\/author\/revista-pesquisa-fapesp\/\">Revista Pesquisa Fapesp<\/a><\/strong><\/span><\/em><\/p>\n\n\n\n<div class=\"wp-block-image\"><figure class=\"aligncenter size-large is-resized\"><img loading=\"lazy\" decoding=\"async\" src=\"https:\/\/jornalfatosenoticias.com.br\/wp-content\/uploads\/2023\/09\/vetorvix1024_1.jpg\" alt=\"\" class=\"wp-image-44868\" width=\"389\" height=\"103\" srcset=\"https:\/\/jornalfatosenoticias.com.br\/wp-content\/uploads\/2023\/09\/vetorvix1024_1.jpg 1024w, https:\/\/jornalfatosenoticias.com.br\/wp-content\/uploads\/2023\/09\/vetorvix1024_1-300x80.jpg 300w, https:\/\/jornalfatosenoticias.com.br\/wp-content\/uploads\/2023\/09\/vetorvix1024_1-768x205.jpg 768w\" sizes=\"auto, (max-width: 389px) 100vw, 389px\" \/><\/figure><\/div>\n\n\n\n<p>Sedimentos e gr\u00e3os de p\u00f3len retirados de uma profundidade de at\u00e9 1,7 metro abaixo do fundo de uma lagoa tempor\u00e1ria do munic\u00edpio de S\u00e3o Jo\u00e3o do Cariri, centro-sul da Para\u00edba, ajudaram a elucidar a hist\u00f3ria mais recente da Caatinga, a paisagem predominante do sert\u00e3o nordestino.<br>Esp\u00e9cies nativas da vegeta\u00e7\u00e3o adaptada \u00e0 seca que se v\u00ea hoje na regi\u00e3o, como as \u00e1rvores dos g\u00eaneros <em>Licania,<\/em> \u00e0 qual pertence o oiti, e <em>Anacardium,<\/em> do cajueiro, estavam em camadas de sedimentos com idade entre 4,9 mil e 2,2 mil anos. Essa constata\u00e7\u00e3o levou pesquisadores de Minas Gerais, Para\u00edba, Pernambuco e S\u00e3o Paulo a conclu\u00edrem que a paisagem atual da Caatinga se estabeleceu h\u00e1 cinco mil anos.<\/p>\n\n\n\n<div class=\"wp-block-image\"><figure class=\"aligncenter size-large is-resized\"><img loading=\"lazy\" decoding=\"async\" src=\"https:\/\/jornalfatosenoticias.com.br\/wp-content\/uploads\/2022\/02\/Precisao-Contabilidade-1024x724.jpg\" alt=\"\" class=\"wp-image-28088\" width=\"388\" height=\"274\"\/><\/figure><\/div>\n\n\n\n<blockquote class=\"wp-block-quote is-layout-flow wp-block-quote-is-layout-flow\"><p><span class=\"has-inline-color has-luminous-vivid-orange-color\">Quando terminou a \u00faltima glacia\u00e7\u00e3o, por volta de 12 mil anos, o clima ficou menos \u00famido na regi\u00e3o Nordeste do Brasil, mas foi depois, a partir dos cinco mil anos, que a Caatinga come\u00e7ou a tomar a forma que conhecemos\u201d, diz o ge\u00f3grafo Jos\u00e9 Jo\u00e3o Lelis Leal de Souza, da Universidade Federal de Vi\u00e7osa (UFV), principal autor do artigo publicado em julho na revista <a href=\"http:\/\/www.mercator.ufc.br\/mercator\/article\/view\/Pdf.en\" target=\"_blank\" rel=\"noreferrer noopener\"><em>Mercator<\/em><\/a>.<\/span><\/p><\/blockquote>\n\n\n\n<div class=\"wp-block-image\"><figure class=\"aligncenter size-large is-resized\"><img loading=\"lazy\" decoding=\"async\" src=\"https:\/\/jornalfatosenoticias.com.br\/wp-content\/uploads\/2023\/07\/lacremoda.jpg\" alt=\"\" class=\"wp-image-43706\" width=\"345\" height=\"193\" srcset=\"https:\/\/jornalfatosenoticias.com.br\/wp-content\/uploads\/2023\/07\/lacremoda.jpg 1024w, https:\/\/jornalfatosenoticias.com.br\/wp-content\/uploads\/2023\/07\/lacremoda-300x168.jpg 300w, https:\/\/jornalfatosenoticias.com.br\/wp-content\/uploads\/2023\/07\/lacremoda-768x431.jpg 768w\" sizes=\"auto, (max-width: 345px) 100vw, 345px\" \/><\/figure><\/div>\n\n\n\n<p>Por volta de 2,1 mil anos, a concentra\u00e7\u00e3o de esporos de ervas aqu\u00e1ticas, pterid\u00f3fitas (plantas vasculares e sem sementes, como as samambaias) e algas sugere oscila\u00e7\u00f5es entre um clima semi\u00e1rido mais \u00famido e mais seco, associadas aos fen\u00f4menos El Ni\u00f1o e La Ni\u00f1a. Por volta de 1,6 mil anos, o clima assentou, com longos per\u00edodos de seca e chuvas fortes ocasionais.<\/p>\n\n\n\n<div class=\"wp-block-image\"><figure class=\"aligncenter size-large is-resized\"><img loading=\"lazy\" decoding=\"async\" src=\"https:\/\/jornalfatosenoticias.com.br\/wp-content\/uploads\/2022\/10\/Arte-jornal-Zucchi-600x600_Prancheta-1-1024x1024.jpg\" alt=\"\" class=\"wp-image-34782\" width=\"318\" height=\"318\" srcset=\"https:\/\/jornalfatosenoticias.com.br\/wp-content\/uploads\/2022\/10\/Arte-jornal-Zucchi-600x600_Prancheta-1-1024x1024.jpg 1024w, https:\/\/jornalfatosenoticias.com.br\/wp-content\/uploads\/2022\/10\/Arte-jornal-Zucchi-600x600_Prancheta-1-300x300.jpg 300w, https:\/\/jornalfatosenoticias.com.br\/wp-content\/uploads\/2022\/10\/Arte-jornal-Zucchi-600x600_Prancheta-1-150x150.jpg 150w, https:\/\/jornalfatosenoticias.com.br\/wp-content\/uploads\/2022\/10\/Arte-jornal-Zucchi-600x600_Prancheta-1-768x768.jpg 768w, https:\/\/jornalfatosenoticias.com.br\/wp-content\/uploads\/2022\/10\/Arte-jornal-Zucchi-600x600_Prancheta-1.jpg 1250w\" sizes=\"auto, (max-width: 318px) 100vw, 318px\" \/><\/figure><\/div>\n\n\n\n<p>Antes da vegeta\u00e7\u00e3o atual, que o escritor alagoano Graciliano Ramos (1892-1953) descreveu como avermelhada, rala e de galhos pelados no livro <em><span class=\"has-inline-color has-black-color\">Vidas Secas,<\/span><\/em> o sert\u00e3o deve ter sido ocupado por uma floresta semelhante \u00e0 Amaz\u00f4nia e \u00e0 Mata Atl\u00e2ntica, com esp\u00e9cies pouco resistentes \u00e0 seca extrema, que desapareceram com o clima seco.<\/p>\n\n\n\n<div class=\"wp-block-image\"><figure class=\"aligncenter size-large\"><img loading=\"lazy\" decoding=\"async\" width=\"800\" height=\"842\" src=\"https:\/\/jornalfatosenoticias.com.br\/wp-content\/uploads\/2023\/09\/caatinga-fapesp-2.jpg\" alt=\"\" class=\"wp-image-45420\" srcset=\"https:\/\/jornalfatosenoticias.com.br\/wp-content\/uploads\/2023\/09\/caatinga-fapesp-2.jpg 800w, https:\/\/jornalfatosenoticias.com.br\/wp-content\/uploads\/2023\/09\/caatinga-fapesp-2-285x300.jpg 285w, https:\/\/jornalfatosenoticias.com.br\/wp-content\/uploads\/2023\/09\/caatinga-fapesp-2-768x808.jpg 768w\" sizes=\"auto, (max-width: 800px) 100vw, 800px\" \/><figcaption><em><span class=\"has-inline-color has-black-color\">Agregados do solo, com part\u00edculas minerais e org\u00e2nicas. A atividade biol\u00f3gica gera os poros que facilitam o crescimento das ra\u00edzes, a infiltra\u00e7\u00e3o da \u00e1gua e a troca de gases com a atmosfera (Foto: UFV)<\/span><\/em><\/figcaption><\/figure><\/div>\n\n\n\n<blockquote class=\"wp-block-quote is-layout-flow wp-block-quote-is-layout-flow\"><p><span class=\"has-inline-color has-luminous-vivid-orange-color\">Estamos trabalhando com um registro de 17 mil anos atr\u00e1s e vemos um arranjo flor\u00edstico muito diferente do atual, num momento muito \u00famido e mais frio com esp\u00e9cies hoje restritas a regi\u00f5es montanhosas\u201d, comenta o palin\u00f3logo (especialista em p\u00f3lens) Paulo Eduardo de Oliveira, da USP, coautor do estudo. Segundo ele, altera\u00e7\u00f5es na composi\u00e7\u00e3o flor\u00edstica ocorreram v\u00e1rias vezes.<\/span><\/p><\/blockquote>\n\n\n\n<div class=\"wp-block-image\"><figure class=\"aligncenter size-large is-resized\"><img loading=\"lazy\" decoding=\"async\" src=\"https:\/\/jornalfatosenoticias.com.br\/wp-content\/uploads\/2020\/02\/LOGO-BLU-COMERCIAL-PRETO-1024x600.jpg\" alt=\"\" class=\"wp-image-44089\" width=\"325\" height=\"190\"\/><\/figure><\/div>\n\n\n\n<p>Algumas linhagens de plantas das florestas secas da Caatinga s\u00e3o muito antigas e come\u00e7aram sua trajet\u00f3ria evolutiva h\u00e1 aproximadamente 34 milh\u00f5es de anos, na transi\u00e7\u00e3o dos per\u00edodo Eoceno para Oligoceno. <br>O bi\u00f3logo Moabe Fernandes, em est\u00e1gio de p\u00f3s-doutorado da Universidade de Exeter, no Reino Unido, e pesquisadores das universidades Federal da Bahia (UFBA) e estadual de Feira de Santana (UEFS) chegaram a essas idades examinando fragmentos de DNA e a distribui\u00e7\u00e3o geogr\u00e1fica de 95 esp\u00e9cies de plantas end\u00eamicas da Caatinga, como detalhado em um artigo de fevereiro de 2022 na <a href=\"https:\/\/www.frontiersin.org\/articles\/10.3389\/fevo.2022.723286\/full\" target=\"_blank\" rel=\"noreferrer noopener\"><em>Frontiers in Ecology and Evolution<\/em><\/a><em>.<\/em><br>De acordo com esse estudo, a maioria das linhagens t\u00edpicas da Caatinga deve ter aparecido entre 16 milh\u00f5es e cinco milh\u00f5es de anos atr\u00e1s.<\/p>\n\n\n\n<div class=\"wp-block-image\"><figure class=\"aligncenter size-large is-resized\"><img loading=\"lazy\" decoding=\"async\" src=\"https:\/\/jornalfatosenoticias.com.br\/wp-content\/uploads\/2020\/02\/casa-do-torresmo_portal.jpg\" alt=\"\" class=\"wp-image-34472\" width=\"279\" height=\"279\" srcset=\"https:\/\/jornalfatosenoticias.com.br\/wp-content\/uploads\/2020\/02\/casa-do-torresmo_portal.jpg 300w, https:\/\/jornalfatosenoticias.com.br\/wp-content\/uploads\/2020\/02\/casa-do-torresmo_portal-150x150.jpg 150w\" sizes=\"auto, (max-width: 279px) 100vw, 279px\" \/><\/figure><\/div>\n\n\n\n<blockquote class=\"wp-block-quote is-layout-flow wp-block-quote-is-layout-flow\"><p><span class=\"has-inline-color has-luminous-vivid-orange-color\">A diversifica\u00e7\u00e3o coincide com fases de forma\u00e7\u00e3o dos ambientes \u00e1ridos no planeta, que provavelmente impulsionou o desenvolvimento de esp\u00e9cies adaptadas \u00e0 seca e \u00e0s chuvas irregulares na Caatinga e em outras regi\u00f5es de florestas secas na Am\u00e9rica tropical\u201d, comenta Fernandes.<\/span><\/p><\/blockquote>\n\n\n\n<div class=\"wp-block-image\"><figure class=\"aligncenter size-large is-resized\"><img loading=\"lazy\" decoding=\"async\" src=\"https:\/\/jornalfatosenoticias.com.br\/wp-content\/uploads\/2023\/03\/nova-logo-Marquetti.jpg\" alt=\"\" class=\"wp-image-40207\" width=\"337\" height=\"226\" srcset=\"https:\/\/jornalfatosenoticias.com.br\/wp-content\/uploads\/2023\/03\/nova-logo-Marquetti.jpg 643w, https:\/\/jornalfatosenoticias.com.br\/wp-content\/uploads\/2023\/03\/nova-logo-Marquetti-300x202.jpg 300w\" sizes=\"auto, (max-width: 337px) 100vw, 337px\" \/><\/figure><\/div>\n\n\n\n<p>A paisagem mudou gradualmente em resposta \u00e0s mudan\u00e7as clim\u00e1ticas. As esp\u00e9cies mais resistentes \u00e0 seca continuaram se reproduzindo e evoluindo entre cinco milh\u00f5es e 11 mil anos atr\u00e1s, no per\u00edodo geol\u00f3gico conhecido como Pleistoceno.<\/p>\n\n\n\n<blockquote class=\"wp-block-quote is-layout-flow wp-block-quote-is-layout-flow\"><p><span class=\"has-inline-color has-luminous-vivid-orange-color\">As mudan\u00e7as na vegeta\u00e7\u00e3o desse per\u00edodo facilitaram a troca de linhagens e contribu\u00edram para a diversidade atual da Caatinga\u201d, observa Fernandes.<\/span><\/p><\/blockquote>\n\n\n\n<div class=\"wp-block-image\"><figure class=\"aligncenter size-large\"><img decoding=\"async\" src=\"https:\/\/jornalfatosenoticias.com.br\/wp-content\/uploads\/2020\/02\/barao-das-carnes-300x164-1.jpg\" alt=\"\" class=\"wp-image-34339\"\/><\/figure><\/div>\n\n\n\n<p>Segundo o pesquisador, as descobertas de per\u00edodos de maior umidade e seus grupos vegetais espec\u00edficos confirmam outros estudos sobre oscila\u00e7\u00f5es clim\u00e1ticas e mostram como os ecossistemas podem se modificar.<\/p>\n\n\n\n<div class=\"wp-block-image\"><figure class=\"aligncenter size-large\"><img loading=\"lazy\" decoding=\"async\" width=\"1000\" height=\"582\" src=\"https:\/\/jornalfatosenoticias.com.br\/wp-content\/uploads\/2023\/09\/caatinga-fapesp-3.jpg\" alt=\"\" class=\"wp-image-45421\" srcset=\"https:\/\/jornalfatosenoticias.com.br\/wp-content\/uploads\/2023\/09\/caatinga-fapesp-3.jpg 1000w, https:\/\/jornalfatosenoticias.com.br\/wp-content\/uploads\/2023\/09\/caatinga-fapesp-3-300x175.jpg 300w, https:\/\/jornalfatosenoticias.com.br\/wp-content\/uploads\/2023\/09\/caatinga-fapesp-3-768x447.jpg 768w\" sizes=\"auto, (max-width: 1000px) 100vw, 1000px\" \/><figcaption><em><span class=\"has-inline-color has-black-color\">Alto do planalto da Borborema, na Para\u00edba, com solos at\u00edpicos do semi\u00e1rido brasileiro, que abrigam esp\u00e9cies indicativas de antigos corredores ecol\u00f3gicos entre a Amaz\u00f4nia e a Mata Atl\u00e2ntica (Foto: UFV)<\/span><\/em><\/figcaption><\/figure><\/div>\n\n\n\n<p><strong><span class=\"has-inline-color has-black-color\">Inc\u00eandios e eros\u00e3o<br><\/span><\/strong>A a\u00e7\u00e3o humana parece ter contribu\u00eddo para as mudan\u00e7as. Micropart\u00edculas de madeira carbonizada dispersas nos sedimentos da lagoa da Para\u00edba indicaram poss\u00edveis inc\u00eandios, enquanto vest\u00edgios de plantas comest\u00edveis, como as dos g\u00eaneros <em>Caryocar,<\/em> ao qual pertence o pequizeiro, Dioscorea, do inhame, e <em>Passiflora,<\/em> do maracuj\u00e1, sugerem a ocupa\u00e7\u00e3o humana na regi\u00e3o durante o chamado Holoceno m\u00e9dio, entre nove mil e seis mil anos atr\u00e1s.<\/p>\n\n\n\n<div class=\"wp-block-image\"><figure class=\"aligncenter size-large is-resized\"><img loading=\"lazy\" decoding=\"async\" src=\"https:\/\/jornalfatosenoticias.com.br\/wp-content\/uploads\/2022\/10\/RC_800x750_page-0001.jpg\" alt=\"\" class=\"wp-image-35338\" width=\"302\" height=\"283\" srcset=\"https:\/\/jornalfatosenoticias.com.br\/wp-content\/uploads\/2022\/10\/RC_800x750_page-0001.jpg 400w, https:\/\/jornalfatosenoticias.com.br\/wp-content\/uploads\/2022\/10\/RC_800x750_page-0001-300x281.jpg 300w\" sizes=\"auto, (max-width: 302px) 100vw, 302px\" \/><\/figure><\/div>\n\n\n\n<p>A eros\u00e3o ajuda a empobrecer o solo, alertou Lelis, com seu grupo, em um artigo de julho de 2023 publicado na <em>Revista Brasileira de Geomorfologia<\/em> que detalha os resultados. No ano anterior, ao percorrer a regi\u00e3o de S\u00e3o Jo\u00e3o do Cariri com sua equipe, ele identificou tr\u00eas grandes processos erosivos \u2014 ou <a href=\"https:\/\/revistapesquisa.fapesp.br\/falhas-de-planejamento-urbano-chuvas-fortes-e-solo-fragil-agravam-vocorocas-pelo-pais\/\" target=\"_blank\" rel=\"noreferrer noopener\">vo\u00e7orocas<\/a> \u2014 com profundidades de um metro (m) a 2m, duas delas com r\u00e1pida expans\u00e3o.<\/p>\n\n\n\n<div class=\"wp-block-image\"><figure class=\"aligncenter size-large is-resized\"><img loading=\"lazy\" decoding=\"async\" src=\"https:\/\/jornalfatosenoticias.com.br\/wp-content\/uploads\/2020\/02\/logo-Rapuzel-1024x571.jpg\" alt=\"\" class=\"wp-image-42808\" width=\"365\" height=\"203\" srcset=\"https:\/\/jornalfatosenoticias.com.br\/wp-content\/uploads\/2020\/02\/logo-Rapuzel-1024x571.jpg 1024w, https:\/\/jornalfatosenoticias.com.br\/wp-content\/uploads\/2020\/02\/logo-Rapuzel-300x167.jpg 300w, https:\/\/jornalfatosenoticias.com.br\/wp-content\/uploads\/2020\/02\/logo-Rapuzel-768x428.jpg 768w, https:\/\/jornalfatosenoticias.com.br\/wp-content\/uploads\/2020\/02\/logo-Rapuzel-1536x856.jpg 1536w, https:\/\/jornalfatosenoticias.com.br\/wp-content\/uploads\/2020\/02\/logo-Rapuzel.jpg 1600w\" sizes=\"auto, (max-width: 365px) 100vw, 365px\" \/><\/figure><\/div>\n\n\n\n<p>De acordo com os pesquisadores, as crateras em crescimento cont\u00ednuo resultam principalmente das chuvas intensas concentradas no primeiro semestre, principalmente em mar\u00e7o e abril; a porosidade do solo raso, que facilita a forma\u00e7\u00e3o de t\u00faneis subterr\u00e2neos por onde a \u00e1gua come\u00e7a a erodir o terreno; e da falta de cobertura vegetal, agravada pelo desmatamento para a extra\u00e7\u00e3o da madeira ou a abertura de \u00e1reas agr\u00edcolas, desde que a regi\u00e3o come\u00e7ou a ser ocupada no s\u00e9culo XVII.<\/p>\n\n\n\n<div class=\"wp-block-image\"><figure class=\"aligncenter size-large is-resized\"><img loading=\"lazy\" decoding=\"async\" src=\"https:\/\/jornalfatosenoticias.com.br\/wp-content\/uploads\/2023\/08\/Steel.jpeg\" alt=\"\" class=\"wp-image-44634\" width=\"336\" height=\"273\" srcset=\"https:\/\/jornalfatosenoticias.com.br\/wp-content\/uploads\/2023\/08\/Steel.jpeg 800w, https:\/\/jornalfatosenoticias.com.br\/wp-content\/uploads\/2023\/08\/Steel-300x244.jpeg 300w, https:\/\/jornalfatosenoticias.com.br\/wp-content\/uploads\/2023\/08\/Steel-768x624.jpeg 768w\" sizes=\"auto, (max-width: 336px) 100vw, 336px\" \/><\/figure><\/div>\n\n\n\n<blockquote class=\"wp-block-quote is-layout-flow wp-block-quote-is-layout-flow\"><p><span class=\"has-inline-color has-luminous-vivid-orange-color\">O uso do solo na Caatinga, do jeito como \u00e9 feito hoje, reduz a quantidade de nutrientes e de \u00e1gua e acelera a eros\u00e3o, perdendo aos poucos a capacidade de sustentar a vida\u201d, observa Lelis.<\/span><\/p><\/blockquote>\n\n\n\n<div class=\"wp-block-image\"><figure class=\"aligncenter size-large is-resized\"><img loading=\"lazy\" decoding=\"async\" src=\"https:\/\/jornalfatosenoticias.com.br\/wp-content\/uploads\/2023\/08\/BKR-1024x1021.jpg\" alt=\"\" class=\"wp-image-44494\" width=\"304\" height=\"303\" srcset=\"https:\/\/jornalfatosenoticias.com.br\/wp-content\/uploads\/2023\/08\/BKR-1024x1021.jpg 1024w, https:\/\/jornalfatosenoticias.com.br\/wp-content\/uploads\/2023\/08\/BKR-300x300.jpg 300w, https:\/\/jornalfatosenoticias.com.br\/wp-content\/uploads\/2023\/08\/BKR-150x150.jpg 150w, https:\/\/jornalfatosenoticias.com.br\/wp-content\/uploads\/2023\/08\/BKR-768x766.jpg 768w, https:\/\/jornalfatosenoticias.com.br\/wp-content\/uploads\/2023\/08\/BKR.jpg 1080w\" sizes=\"auto, (max-width: 304px) 100vw, 304px\" \/><\/figure><\/div>\n\n\n\n<p><strong><span class=\"has-inline-color has-black-color\">Projeto<br><\/span><\/strong>Intera\u00e7\u00f5es entre corredores flor\u00edsticos e a megafauna pleistoc\u00eanica\/holoc\u00eanica na Caatinga do estado de Pernambuco, Brasil (<a href=\"https:\/\/bv.fapesp.br\/pt\/bolsas\/158726\/interacoes-entre-corredores-floristicos-e-a-megafauna-pleistocenicaholocenica-na-caatinga-do-estado\/?q=2015\/01782-8\" target=\"_blank\" rel=\"noreferrer noopener\">n\u00ba 15\/01782-8<\/a>);\u00a0<strong>Modalidade<\/strong>\u00a0Bolsa de Doutorado;\u00a0<strong>Pesquisador respons\u00e1vel<\/strong>\u00a0Paulo Eduardo de Oliveira (USP);\u00a0<strong>Bolsista<\/strong>\u00a0Vanda Brito de Medeiros;\u00a0<strong>Investimento\u00a0<\/strong>R$ 199.486,80.<\/p>\n\n\n\n<p><strong><em>Fonte: <a href=\"https:\/\/gizmodo.uol.com.br\/graos-de-polen-do-fundo-de-lagoa-revelam-a-historia-recente-da-caatinga\/\">GizModo<\/a><\/em><\/strong><\/p>\n","protected":false},"excerpt":{"rendered":"<p>Por Sarah Schmidt\/Revista Pesquisa Fapesp Sedimentos e gr\u00e3os de p\u00f3len retirados de uma profundidade de at\u00e9 1,7 metro abaixo do fundo de uma lagoa tempor\u00e1ria do munic\u00edpio de S\u00e3o Jo\u00e3o do Cariri, centro-sul da Para\u00edba, ajudaram a elucidar a hist\u00f3ria mais recente da Caatinga, a paisagem predominante do sert\u00e3o nordestino.Esp\u00e9cies nativas da vegeta\u00e7\u00e3o adaptada \u00e0 [&hellip;]<\/p>\n","protected":false},"author":2,"featured_media":45422,"comment_status":"open","ping_status":"open","sticky":false,"template":"","format":"standard","meta":{"footnotes":""},"categories":[5],"tags":[256,897,113,195,945,360],"class_list":["post-45419","post","type-post","status-publish","format-standard","has-post-thumbnail","hentry","category-geral","tag-caatinga","tag-ecologia","tag-fapesp","tag-geologia","tag-meio-ambiente","tag-mudancas-climaticas"],"yoast_head":"<!-- This site is optimized with the Yoast SEO plugin v26.5 - https:\/\/yoast.com\/wordpress\/plugins\/seo\/ -->\n<title>Gr\u00e3os de p\u00f3len do fundo de lagoa revelam a hist\u00f3ria recente da Caatinga - Jornal Fatos e Not\u00edcias<\/title>\n<meta name=\"robots\" content=\"index, follow, max-snippet:-1, max-image-preview:large, max-video-preview:-1\" \/>\n<link rel=\"canonical\" href=\"https:\/\/jornalfatosenoticias.com.br\/index.php\/2023\/09\/22\/graos-de-polen-do-fundo-de-lagoa-revelam-a-historia-recente-da-caatinga\/\" \/>\n<meta property=\"og:locale\" content=\"pt_BR\" \/>\n<meta property=\"og:type\" content=\"article\" \/>\n<meta property=\"og:title\" content=\"Gr\u00e3os de p\u00f3len do fundo de lagoa revelam a hist\u00f3ria recente da Caatinga - Jornal Fatos e Not\u00edcias\" \/>\n<meta property=\"og:description\" content=\"Por Sarah Schmidt\/Revista Pesquisa Fapesp Sedimentos e gr\u00e3os de p\u00f3len retirados de uma profundidade de at\u00e9 1,7 metro abaixo do fundo de uma lagoa tempor\u00e1ria do munic\u00edpio de S\u00e3o Jo\u00e3o do Cariri, centro-sul da Para\u00edba, ajudaram a elucidar a hist\u00f3ria mais recente da Caatinga, a paisagem predominante do sert\u00e3o nordestino.Esp\u00e9cies nativas da vegeta\u00e7\u00e3o adaptada \u00e0 [&hellip;]\" \/>\n<meta property=\"og:url\" content=\"https:\/\/jornalfatosenoticias.com.br\/index.php\/2023\/09\/22\/graos-de-polen-do-fundo-de-lagoa-revelam-a-historia-recente-da-caatinga\/\" \/>\n<meta property=\"og:site_name\" content=\"Jornal Fatos e Not\u00edcias\" \/>\n<meta property=\"article:published_time\" content=\"2023-09-22T17:00:40+00:00\" \/>\n<meta property=\"article:modified_time\" content=\"2023-09-22T17:00:45+00:00\" \/>\n<meta property=\"og:image\" content=\"https:\/\/jornalfatosenoticias.com.br\/wp-content\/uploads\/2023\/09\/graos-de-polen-caatinga.jpg\" \/>\n\t<meta property=\"og:image:width\" content=\"1000\" \/>\n\t<meta property=\"og:image:height\" content=\"670\" \/>\n\t<meta property=\"og:image:type\" content=\"image\/jpeg\" \/>\n<meta name=\"author\" content=\"Luzimara Fernandes\" \/>\n<meta name=\"twitter:card\" content=\"summary_large_image\" \/>\n<meta name=\"twitter:label1\" content=\"Escrito por\" \/>\n\t<meta name=\"twitter:data1\" content=\"Luzimara Fernandes\" \/>\n\t<meta name=\"twitter:label2\" content=\"Est. tempo de leitura\" \/>\n\t<meta name=\"twitter:data2\" content=\"5 minutos\" \/>\n<script type=\"application\/ld+json\" class=\"yoast-schema-graph\">{\"@context\":\"https:\/\/schema.org\",\"@graph\":[{\"@type\":\"Article\",\"@id\":\"https:\/\/jornalfatosenoticias.com.br\/index.php\/2023\/09\/22\/graos-de-polen-do-fundo-de-lagoa-revelam-a-historia-recente-da-caatinga\/#article\",\"isPartOf\":{\"@id\":\"https:\/\/jornalfatosenoticias.com.br\/index.php\/2023\/09\/22\/graos-de-polen-do-fundo-de-lagoa-revelam-a-historia-recente-da-caatinga\/\"},\"author\":{\"name\":\"Luzimara Fernandes\",\"@id\":\"https:\/\/jornalfatosenoticias.com.br\/#\/schema\/person\/d63837fa13ac8666eb9e74e0985d6f81\"},\"headline\":\"Gr\u00e3os de p\u00f3len do fundo de lagoa revelam a hist\u00f3ria recente da Caatinga\",\"datePublished\":\"2023-09-22T17:00:40+00:00\",\"dateModified\":\"2023-09-22T17:00:45+00:00\",\"mainEntityOfPage\":{\"@id\":\"https:\/\/jornalfatosenoticias.com.br\/index.php\/2023\/09\/22\/graos-de-polen-do-fundo-de-lagoa-revelam-a-historia-recente-da-caatinga\/\"},\"wordCount\":1075,\"commentCount\":0,\"publisher\":{\"@id\":\"https:\/\/jornalfatosenoticias.com.br\/#organization\"},\"image\":{\"@id\":\"https:\/\/jornalfatosenoticias.com.br\/index.php\/2023\/09\/22\/graos-de-polen-do-fundo-de-lagoa-revelam-a-historia-recente-da-caatinga\/#primaryimage\"},\"thumbnailUrl\":\"https:\/\/jornalfatosenoticias.com.br\/wp-content\/uploads\/2023\/09\/graos-de-polen-caatinga.jpg\",\"keywords\":[\"caatinga\",\"ecologia\",\"fapesp\",\"geologia\",\"meio ambiente\",\"mudan\u00e7as clim\u00e1ticas\"],\"articleSection\":[\"Geral\"],\"inLanguage\":\"pt-BR\",\"potentialAction\":[{\"@type\":\"CommentAction\",\"name\":\"Comment\",\"target\":[\"https:\/\/jornalfatosenoticias.com.br\/index.php\/2023\/09\/22\/graos-de-polen-do-fundo-de-lagoa-revelam-a-historia-recente-da-caatinga\/#respond\"]}]},{\"@type\":\"WebPage\",\"@id\":\"https:\/\/jornalfatosenoticias.com.br\/index.php\/2023\/09\/22\/graos-de-polen-do-fundo-de-lagoa-revelam-a-historia-recente-da-caatinga\/\",\"url\":\"https:\/\/jornalfatosenoticias.com.br\/index.php\/2023\/09\/22\/graos-de-polen-do-fundo-de-lagoa-revelam-a-historia-recente-da-caatinga\/\",\"name\":\"Gr\u00e3os de p\u00f3len do fundo de lagoa revelam a hist\u00f3ria recente da Caatinga - Jornal Fatos e Not\u00edcias\",\"isPartOf\":{\"@id\":\"https:\/\/jornalfatosenoticias.com.br\/#website\"},\"primaryImageOfPage\":{\"@id\":\"https:\/\/jornalfatosenoticias.com.br\/index.php\/2023\/09\/22\/graos-de-polen-do-fundo-de-lagoa-revelam-a-historia-recente-da-caatinga\/#primaryimage\"},\"image\":{\"@id\":\"https:\/\/jornalfatosenoticias.com.br\/index.php\/2023\/09\/22\/graos-de-polen-do-fundo-de-lagoa-revelam-a-historia-recente-da-caatinga\/#primaryimage\"},\"thumbnailUrl\":\"https:\/\/jornalfatosenoticias.com.br\/wp-content\/uploads\/2023\/09\/graos-de-polen-caatinga.jpg\",\"datePublished\":\"2023-09-22T17:00:40+00:00\",\"dateModified\":\"2023-09-22T17:00:45+00:00\",\"breadcrumb\":{\"@id\":\"https:\/\/jornalfatosenoticias.com.br\/index.php\/2023\/09\/22\/graos-de-polen-do-fundo-de-lagoa-revelam-a-historia-recente-da-caatinga\/#breadcrumb\"},\"inLanguage\":\"pt-BR\",\"potentialAction\":[{\"@type\":\"ReadAction\",\"target\":[\"https:\/\/jornalfatosenoticias.com.br\/index.php\/2023\/09\/22\/graos-de-polen-do-fundo-de-lagoa-revelam-a-historia-recente-da-caatinga\/\"]}]},{\"@type\":\"ImageObject\",\"inLanguage\":\"pt-BR\",\"@id\":\"https:\/\/jornalfatosenoticias.com.br\/index.php\/2023\/09\/22\/graos-de-polen-do-fundo-de-lagoa-revelam-a-historia-recente-da-caatinga\/#primaryimage\",\"url\":\"https:\/\/jornalfatosenoticias.com.br\/wp-content\/uploads\/2023\/09\/graos-de-polen-caatinga.jpg\",\"contentUrl\":\"https:\/\/jornalfatosenoticias.com.br\/wp-content\/uploads\/2023\/09\/graos-de-polen-caatinga.jpg\",\"width\":1000,\"height\":670},{\"@type\":\"BreadcrumbList\",\"@id\":\"https:\/\/jornalfatosenoticias.com.br\/index.php\/2023\/09\/22\/graos-de-polen-do-fundo-de-lagoa-revelam-a-historia-recente-da-caatinga\/#breadcrumb\",\"itemListElement\":[{\"@type\":\"ListItem\",\"position\":1,\"name\":\"In\u00edcio\",\"item\":\"https:\/\/jornalfatosenoticias.com.br\/\"},{\"@type\":\"ListItem\",\"position\":2,\"name\":\"Gr\u00e3os de p\u00f3len do fundo de lagoa revelam a hist\u00f3ria recente da Caatinga\"}]},{\"@type\":\"WebSite\",\"@id\":\"https:\/\/jornalfatosenoticias.com.br\/#website\",\"url\":\"https:\/\/jornalfatosenoticias.com.br\/\",\"name\":\"Jornal Fatos e Not\u00edcias\",\"description\":\"Not\u00edcias em geral\",\"publisher\":{\"@id\":\"https:\/\/jornalfatosenoticias.com.br\/#organization\"},\"potentialAction\":[{\"@type\":\"SearchAction\",\"target\":{\"@type\":\"EntryPoint\",\"urlTemplate\":\"https:\/\/jornalfatosenoticias.com.br\/?s={search_term_string}\"},\"query-input\":{\"@type\":\"PropertyValueSpecification\",\"valueRequired\":true,\"valueName\":\"search_term_string\"}}],\"inLanguage\":\"pt-BR\"},{\"@type\":\"Organization\",\"@id\":\"https:\/\/jornalfatosenoticias.com.br\/#organization\",\"name\":\"Jornal Fatos e Not\u00edcias\",\"url\":\"https:\/\/jornalfatosenoticias.com.br\/\",\"logo\":{\"@type\":\"ImageObject\",\"inLanguage\":\"pt-BR\",\"@id\":\"https:\/\/jornalfatosenoticias.com.br\/#\/schema\/logo\/image\/\",\"url\":\"https:\/\/jornalfatosenoticias.com.br\/wp-content\/uploads\/2020\/02\/logo120.png\",\"contentUrl\":\"https:\/\/jornalfatosenoticias.com.br\/wp-content\/uploads\/2020\/02\/logo120.png\",\"width\":1227,\"height\":120,\"caption\":\"Jornal Fatos e Not\u00edcias\"},\"image\":{\"@id\":\"https:\/\/jornalfatosenoticias.com.br\/#\/schema\/logo\/image\/\"}},{\"@type\":\"Person\",\"@id\":\"https:\/\/jornalfatosenoticias.com.br\/#\/schema\/person\/d63837fa13ac8666eb9e74e0985d6f81\",\"name\":\"Luzimara Fernandes\",\"image\":{\"@type\":\"ImageObject\",\"inLanguage\":\"pt-BR\",\"@id\":\"https:\/\/jornalfatosenoticias.com.br\/#\/schema\/person\/image\/\",\"url\":\"https:\/\/jornalfatosenoticias.com.br\/wp-content\/uploads\/2025\/05\/EU_portal.jpg\",\"contentUrl\":\"https:\/\/jornalfatosenoticias.com.br\/wp-content\/uploads\/2025\/05\/EU_portal.jpg\",\"caption\":\"Luzimara Fernandes\"},\"description\":\"Jornalista MTB 2358-ES\",\"sameAs\":[\"https:\/\/jornalfatosenoticias.com.br\"],\"url\":\"https:\/\/jornalfatosenoticias.com.br\/index.php\/author\/luzimara\/\"}]}<\/script>\n<!-- \/ Yoast SEO plugin. -->","yoast_head_json":{"title":"Gr\u00e3os de p\u00f3len do fundo de lagoa revelam a hist\u00f3ria recente da Caatinga - Jornal Fatos e Not\u00edcias","robots":{"index":"index","follow":"follow","max-snippet":"max-snippet:-1","max-image-preview":"max-image-preview:large","max-video-preview":"max-video-preview:-1"},"canonical":"https:\/\/jornalfatosenoticias.com.br\/index.php\/2023\/09\/22\/graos-de-polen-do-fundo-de-lagoa-revelam-a-historia-recente-da-caatinga\/","og_locale":"pt_BR","og_type":"article","og_title":"Gr\u00e3os de p\u00f3len do fundo de lagoa revelam a hist\u00f3ria recente da Caatinga - Jornal Fatos e Not\u00edcias","og_description":"Por Sarah Schmidt\/Revista Pesquisa Fapesp Sedimentos e gr\u00e3os de p\u00f3len retirados de uma profundidade de at\u00e9 1,7 metro abaixo do fundo de uma lagoa tempor\u00e1ria do munic\u00edpio de S\u00e3o Jo\u00e3o do Cariri, centro-sul da Para\u00edba, ajudaram a elucidar a hist\u00f3ria mais recente da Caatinga, a paisagem predominante do sert\u00e3o nordestino.Esp\u00e9cies nativas da vegeta\u00e7\u00e3o adaptada \u00e0 [&hellip;]","og_url":"https:\/\/jornalfatosenoticias.com.br\/index.php\/2023\/09\/22\/graos-de-polen-do-fundo-de-lagoa-revelam-a-historia-recente-da-caatinga\/","og_site_name":"Jornal Fatos e Not\u00edcias","article_published_time":"2023-09-22T17:00:40+00:00","article_modified_time":"2023-09-22T17:00:45+00:00","og_image":[{"width":1000,"height":670,"url":"https:\/\/jornalfatosenoticias.com.br\/wp-content\/uploads\/2023\/09\/graos-de-polen-caatinga.jpg","type":"image\/jpeg"}],"author":"Luzimara Fernandes","twitter_card":"summary_large_image","twitter_misc":{"Escrito por":"Luzimara Fernandes","Est. tempo de leitura":"5 minutos"},"schema":{"@context":"https:\/\/schema.org","@graph":[{"@type":"Article","@id":"https:\/\/jornalfatosenoticias.com.br\/index.php\/2023\/09\/22\/graos-de-polen-do-fundo-de-lagoa-revelam-a-historia-recente-da-caatinga\/#article","isPartOf":{"@id":"https:\/\/jornalfatosenoticias.com.br\/index.php\/2023\/09\/22\/graos-de-polen-do-fundo-de-lagoa-revelam-a-historia-recente-da-caatinga\/"},"author":{"name":"Luzimara Fernandes","@id":"https:\/\/jornalfatosenoticias.com.br\/#\/schema\/person\/d63837fa13ac8666eb9e74e0985d6f81"},"headline":"Gr\u00e3os de p\u00f3len do fundo de lagoa revelam a hist\u00f3ria recente da Caatinga","datePublished":"2023-09-22T17:00:40+00:00","dateModified":"2023-09-22T17:00:45+00:00","mainEntityOfPage":{"@id":"https:\/\/jornalfatosenoticias.com.br\/index.php\/2023\/09\/22\/graos-de-polen-do-fundo-de-lagoa-revelam-a-historia-recente-da-caatinga\/"},"wordCount":1075,"commentCount":0,"publisher":{"@id":"https:\/\/jornalfatosenoticias.com.br\/#organization"},"image":{"@id":"https:\/\/jornalfatosenoticias.com.br\/index.php\/2023\/09\/22\/graos-de-polen-do-fundo-de-lagoa-revelam-a-historia-recente-da-caatinga\/#primaryimage"},"thumbnailUrl":"https:\/\/jornalfatosenoticias.com.br\/wp-content\/uploads\/2023\/09\/graos-de-polen-caatinga.jpg","keywords":["caatinga","ecologia","fapesp","geologia","meio ambiente","mudan\u00e7as clim\u00e1ticas"],"articleSection":["Geral"],"inLanguage":"pt-BR","potentialAction":[{"@type":"CommentAction","name":"Comment","target":["https:\/\/jornalfatosenoticias.com.br\/index.php\/2023\/09\/22\/graos-de-polen-do-fundo-de-lagoa-revelam-a-historia-recente-da-caatinga\/#respond"]}]},{"@type":"WebPage","@id":"https:\/\/jornalfatosenoticias.com.br\/index.php\/2023\/09\/22\/graos-de-polen-do-fundo-de-lagoa-revelam-a-historia-recente-da-caatinga\/","url":"https:\/\/jornalfatosenoticias.com.br\/index.php\/2023\/09\/22\/graos-de-polen-do-fundo-de-lagoa-revelam-a-historia-recente-da-caatinga\/","name":"Gr\u00e3os de p\u00f3len do fundo de lagoa revelam a hist\u00f3ria recente da Caatinga - Jornal Fatos e Not\u00edcias","isPartOf":{"@id":"https:\/\/jornalfatosenoticias.com.br\/#website"},"primaryImageOfPage":{"@id":"https:\/\/jornalfatosenoticias.com.br\/index.php\/2023\/09\/22\/graos-de-polen-do-fundo-de-lagoa-revelam-a-historia-recente-da-caatinga\/#primaryimage"},"image":{"@id":"https:\/\/jornalfatosenoticias.com.br\/index.php\/2023\/09\/22\/graos-de-polen-do-fundo-de-lagoa-revelam-a-historia-recente-da-caatinga\/#primaryimage"},"thumbnailUrl":"https:\/\/jornalfatosenoticias.com.br\/wp-content\/uploads\/2023\/09\/graos-de-polen-caatinga.jpg","datePublished":"2023-09-22T17:00:40+00:00","dateModified":"2023-09-22T17:00:45+00:00","breadcrumb":{"@id":"https:\/\/jornalfatosenoticias.com.br\/index.php\/2023\/09\/22\/graos-de-polen-do-fundo-de-lagoa-revelam-a-historia-recente-da-caatinga\/#breadcrumb"},"inLanguage":"pt-BR","potentialAction":[{"@type":"ReadAction","target":["https:\/\/jornalfatosenoticias.com.br\/index.php\/2023\/09\/22\/graos-de-polen-do-fundo-de-lagoa-revelam-a-historia-recente-da-caatinga\/"]}]},{"@type":"ImageObject","inLanguage":"pt-BR","@id":"https:\/\/jornalfatosenoticias.com.br\/index.php\/2023\/09\/22\/graos-de-polen-do-fundo-de-lagoa-revelam-a-historia-recente-da-caatinga\/#primaryimage","url":"https:\/\/jornalfatosenoticias.com.br\/wp-content\/uploads\/2023\/09\/graos-de-polen-caatinga.jpg","contentUrl":"https:\/\/jornalfatosenoticias.com.br\/wp-content\/uploads\/2023\/09\/graos-de-polen-caatinga.jpg","width":1000,"height":670},{"@type":"BreadcrumbList","@id":"https:\/\/jornalfatosenoticias.com.br\/index.php\/2023\/09\/22\/graos-de-polen-do-fundo-de-lagoa-revelam-a-historia-recente-da-caatinga\/#breadcrumb","itemListElement":[{"@type":"ListItem","position":1,"name":"In\u00edcio","item":"https:\/\/jornalfatosenoticias.com.br\/"},{"@type":"ListItem","position":2,"name":"Gr\u00e3os de p\u00f3len do fundo de lagoa revelam a hist\u00f3ria recente da Caatinga"}]},{"@type":"WebSite","@id":"https:\/\/jornalfatosenoticias.com.br\/#website","url":"https:\/\/jornalfatosenoticias.com.br\/","name":"Jornal Fatos e Not\u00edcias","description":"Not\u00edcias em geral","publisher":{"@id":"https:\/\/jornalfatosenoticias.com.br\/#organization"},"potentialAction":[{"@type":"SearchAction","target":{"@type":"EntryPoint","urlTemplate":"https:\/\/jornalfatosenoticias.com.br\/?s={search_term_string}"},"query-input":{"@type":"PropertyValueSpecification","valueRequired":true,"valueName":"search_term_string"}}],"inLanguage":"pt-BR"},{"@type":"Organization","@id":"https:\/\/jornalfatosenoticias.com.br\/#organization","name":"Jornal Fatos e Not\u00edcias","url":"https:\/\/jornalfatosenoticias.com.br\/","logo":{"@type":"ImageObject","inLanguage":"pt-BR","@id":"https:\/\/jornalfatosenoticias.com.br\/#\/schema\/logo\/image\/","url":"https:\/\/jornalfatosenoticias.com.br\/wp-content\/uploads\/2020\/02\/logo120.png","contentUrl":"https:\/\/jornalfatosenoticias.com.br\/wp-content\/uploads\/2020\/02\/logo120.png","width":1227,"height":120,"caption":"Jornal Fatos e Not\u00edcias"},"image":{"@id":"https:\/\/jornalfatosenoticias.com.br\/#\/schema\/logo\/image\/"}},{"@type":"Person","@id":"https:\/\/jornalfatosenoticias.com.br\/#\/schema\/person\/d63837fa13ac8666eb9e74e0985d6f81","name":"Luzimara Fernandes","image":{"@type":"ImageObject","inLanguage":"pt-BR","@id":"https:\/\/jornalfatosenoticias.com.br\/#\/schema\/person\/image\/","url":"https:\/\/jornalfatosenoticias.com.br\/wp-content\/uploads\/2025\/05\/EU_portal.jpg","contentUrl":"https:\/\/jornalfatosenoticias.com.br\/wp-content\/uploads\/2025\/05\/EU_portal.jpg","caption":"Luzimara Fernandes"},"description":"Jornalista MTB 2358-ES","sameAs":["https:\/\/jornalfatosenoticias.com.br"],"url":"https:\/\/jornalfatosenoticias.com.br\/index.php\/author\/luzimara\/"}]}},"cc_featured_image_caption":{"caption_text":"(Foto: UFV) ","source_text":"","source_url":""},"jetpack_featured_media_url":"https:\/\/jornalfatosenoticias.com.br\/wp-content\/uploads\/2023\/09\/graos-de-polen-caatinga.jpg","_links":{"self":[{"href":"https:\/\/jornalfatosenoticias.com.br\/index.php\/wp-json\/wp\/v2\/posts\/45419","targetHints":{"allow":["GET"]}}],"collection":[{"href":"https:\/\/jornalfatosenoticias.com.br\/index.php\/wp-json\/wp\/v2\/posts"}],"about":[{"href":"https:\/\/jornalfatosenoticias.com.br\/index.php\/wp-json\/wp\/v2\/types\/post"}],"author":[{"embeddable":true,"href":"https:\/\/jornalfatosenoticias.com.br\/index.php\/wp-json\/wp\/v2\/users\/2"}],"replies":[{"embeddable":true,"href":"https:\/\/jornalfatosenoticias.com.br\/index.php\/wp-json\/wp\/v2\/comments?post=45419"}],"version-history":[{"count":0,"href":"https:\/\/jornalfatosenoticias.com.br\/index.php\/wp-json\/wp\/v2\/posts\/45419\/revisions"}],"wp:featuredmedia":[{"embeddable":true,"href":"https:\/\/jornalfatosenoticias.com.br\/index.php\/wp-json\/wp\/v2\/media\/45422"}],"wp:attachment":[{"href":"https:\/\/jornalfatosenoticias.com.br\/index.php\/wp-json\/wp\/v2\/media?parent=45419"}],"wp:term":[{"taxonomy":"category","embeddable":true,"href":"https:\/\/jornalfatosenoticias.com.br\/index.php\/wp-json\/wp\/v2\/categories?post=45419"},{"taxonomy":"post_tag","embeddable":true,"href":"https:\/\/jornalfatosenoticias.com.br\/index.php\/wp-json\/wp\/v2\/tags?post=45419"}],"curies":[{"name":"wp","href":"https:\/\/api.w.org\/{rel}","templated":true}]}}