{"id":4543,"date":"2020-05-18T11:58:02","date_gmt":"2020-05-18T14:58:02","guid":{"rendered":"https:\/\/jornalfatosenoticias.com.br\/?p=4543"},"modified":"2020-05-18T11:58:05","modified_gmt":"2020-05-18T14:58:05","slug":"cachorros-tambem-passam-pela-adolescencia-diz-estudo","status":"publish","type":"post","link":"https:\/\/jornalfatosenoticias.com.br\/index.php\/2020\/05\/18\/cachorros-tambem-passam-pela-adolescencia-diz-estudo\/","title":{"rendered":"Cachorros tamb\u00e9m passam pela adolesc\u00eancia, diz estudo"},"content":{"rendered":"\n<h6 class=\"wp-block-heading\"><em>Cientistas brit\u00e2nicos orientam tutores a n\u00e3o se afastarem emocionalmente dos c\u00e3es e nem os punirem por desobedi\u00eancia quando atingirem a puberdade<\/em><\/h6>\n\n\n\n<p>Um estudo realizado pelas Universidades de Newcastle e de Nottingham, na Inglaterra, conseguiu encontrar evid\u00eancias de um comportamento adolescente em cachorros.<br>Em geral, os c\u00e3es passam pela &#8220;puberdade&#8221; aos oito meses de idade. Foi nessa \u00e9poca que os pesquisadores observaram que os animais estavam mais propensos \u00e0 rebeldia, ignorando os comandos dados por seus cuidadores e tornando seu treinamento mais dif\u00edcil. Mas, assim como nos seres humanos, esta \u00e9 apenas uma fase \u2014 e vai passar.<\/p>\n\n\n\n<h4 class=\"wp-block-heading\">Pesquisando c\u00e3es<\/h4>\n\n\n\n<p>Primeiro, a equipe analisou um grupo de 69 c\u00e3es para investigar seu comportamento durante a adolesc\u00eancia. Eles monitoraram a obedi\u00eancia de labradores, golden retrievers e outros c\u00e3es que nasceram de um cruzamento entre essas duas ra\u00e7as. Todos tinham idades de cinco (antes da adolesc\u00eancia) e oito meses (durante a adolesc\u00eancia).<br>Aos observ\u00e1-los, os pesquisadores viram que os cachorros de oito meses desobedeciam o treinador ao dar o comando de &#8220;sentar&#8221;, mas obedeciam a mesma ordem dada por um estranho. O padr\u00e3o se repetiu quando a equipe trabalhou com um grupo maior, composto por 285 labradores, golden retrievers, pastores alem\u00e3es e c\u00e3es do cruzamento entre eles.<br>Os cuidadores relataram aos pesquisadores que os c\u00e3es na adolesc\u00eancia pareciam n\u00e3o aprender totalmente os comandos, em compara\u00e7\u00e3o com a idade de cinco ou 12 meses. Os especialistas tamb\u00e9m viram que as cadelas mais inseguras e apegadas aos treinadores tinham mais probabilidade de atingir a puberdade mais cedo.<br>&#8220;\u00c9 muito importante que os tutores n\u00e3o punam seus c\u00e3es por desobedi\u00eancia ou que se afastem emocionalmente deles neste momento&#8221;, disse Lucy Asher, conferencista s\u00eanior da Universidade de Newcastle e l\u00edder do estudo, em nota. &#8220;Isso provavelmente tornar\u00e1 qualquer problema de comportamento pior, como acontece em adolescentes humanos&#8221;.<\/p>\n\n\n\n<p><strong><em>Fonte: <a href=\"https:\/\/revistagalileu.globo.com\/Ciencia\/Biologia\/noticia\/2020\/05\/cachorros-tambem-passam-pela-adolescencia-diz-estudo.html\">Revista Galileu<\/a><\/em><\/strong><\/p>\n","protected":false},"excerpt":{"rendered":"<p>Cientistas brit\u00e2nicos orientam tutores a n\u00e3o se afastarem emocionalmente dos c\u00e3es e nem os punirem por desobedi\u00eancia quando atingirem a puberdade Um estudo realizado pelas Universidades de Newcastle e de Nottingham, na Inglaterra, conseguiu encontrar evid\u00eancias de um comportamento adolescente em cachorros.Em geral, os c\u00e3es passam pela &#8220;puberdade&#8221; aos oito meses de idade. Foi nessa [&hellip;]<\/p>\n","protected":false},"author":2,"featured_media":4544,"comment_status":"open","ping_status":"open","sticky":false,"template":"","format":"standard","meta":{"footnotes":""},"categories":[2522],"tags":[754,714,2690,2693,2691],"class_list":["post-4543","post","type-post","status-publish","format-standard","has-post-thumbnail","hentry","category-comportamento","tag-caes","tag-estudo","tag-puberdade-de-caes","tag-rebeldia","tag-treinadores"],"yoast_head":"<!-- This site is optimized with the Yoast SEO plugin v26.5 - https:\/\/yoast.com\/wordpress\/plugins\/seo\/ -->\n<title>Cachorros tamb\u00e9m passam pela adolesc\u00eancia, diz estudo - Jornal Fatos e Not\u00edcias<\/title>\n<meta name=\"robots\" content=\"index, follow, max-snippet:-1, max-image-preview:large, max-video-preview:-1\" \/>\n<link rel=\"canonical\" href=\"https:\/\/jornalfatosenoticias.com.br\/index.php\/2020\/05\/18\/cachorros-tambem-passam-pela-adolescencia-diz-estudo\/\" \/>\n<meta property=\"og:locale\" content=\"pt_BR\" \/>\n<meta property=\"og:type\" content=\"article\" \/>\n<meta property=\"og:title\" content=\"Cachorros tamb\u00e9m passam pela adolesc\u00eancia, diz estudo - Jornal Fatos e Not\u00edcias\" \/>\n<meta property=\"og:description\" content=\"Cientistas brit\u00e2nicos orientam tutores a n\u00e3o se afastarem emocionalmente dos c\u00e3es e nem os punirem por desobedi\u00eancia quando atingirem a puberdade Um estudo realizado pelas Universidades de Newcastle e de Nottingham, na Inglaterra, conseguiu encontrar evid\u00eancias de um comportamento adolescente em cachorros.Em geral, os c\u00e3es passam pela &#8220;puberdade&#8221; aos oito meses de idade. Foi nessa [&hellip;]\" \/>\n<meta property=\"og:url\" content=\"https:\/\/jornalfatosenoticias.com.br\/index.php\/2020\/05\/18\/cachorros-tambem-passam-pela-adolescencia-diz-estudo\/\" \/>\n<meta property=\"og:site_name\" content=\"Jornal Fatos e Not\u00edcias\" \/>\n<meta property=\"article:published_time\" content=\"2020-05-18T14:58:02+00:00\" \/>\n<meta property=\"article:modified_time\" content=\"2020-05-18T14:58:05+00:00\" \/>\n<meta property=\"og:image\" content=\"https:\/\/jornalfatosenoticias.com.br\/wp-content\/uploads\/2020\/05\/cachorro-puberdade.jpg\" \/>\n\t<meta property=\"og:image:width\" content=\"1000\" \/>\n\t<meta property=\"og:image:height\" content=\"666\" \/>\n\t<meta property=\"og:image:type\" content=\"image\/jpeg\" \/>\n<meta name=\"author\" content=\"Luzimara Fernandes\" \/>\n<meta name=\"twitter:card\" content=\"summary_large_image\" \/>\n<meta name=\"twitter:label1\" content=\"Escrito por\" \/>\n\t<meta name=\"twitter:data1\" content=\"Luzimara Fernandes\" \/>\n\t<meta name=\"twitter:label2\" content=\"Est. tempo de leitura\" \/>\n\t<meta name=\"twitter:data2\" content=\"2 minutos\" \/>\n<script type=\"application\/ld+json\" class=\"yoast-schema-graph\">{\"@context\":\"https:\/\/schema.org\",\"@graph\":[{\"@type\":\"Article\",\"@id\":\"https:\/\/jornalfatosenoticias.com.br\/index.php\/2020\/05\/18\/cachorros-tambem-passam-pela-adolescencia-diz-estudo\/#article\",\"isPartOf\":{\"@id\":\"https:\/\/jornalfatosenoticias.com.br\/index.php\/2020\/05\/18\/cachorros-tambem-passam-pela-adolescencia-diz-estudo\/\"},\"author\":{\"name\":\"Luzimara Fernandes\",\"@id\":\"https:\/\/jornalfatosenoticias.com.br\/#\/schema\/person\/d63837fa13ac8666eb9e74e0985d6f81\"},\"headline\":\"Cachorros tamb\u00e9m passam pela adolesc\u00eancia, diz estudo\",\"datePublished\":\"2020-05-18T14:58:02+00:00\",\"dateModified\":\"2020-05-18T14:58:05+00:00\",\"mainEntityOfPage\":{\"@id\":\"https:\/\/jornalfatosenoticias.com.br\/index.php\/2020\/05\/18\/cachorros-tambem-passam-pela-adolescencia-diz-estudo\/\"},\"wordCount\":334,\"commentCount\":0,\"publisher\":{\"@id\":\"https:\/\/jornalfatosenoticias.com.br\/#organization\"},\"image\":{\"@id\":\"https:\/\/jornalfatosenoticias.com.br\/index.php\/2020\/05\/18\/cachorros-tambem-passam-pela-adolescencia-diz-estudo\/#primaryimage\"},\"thumbnailUrl\":\"https:\/\/jornalfatosenoticias.com.br\/wp-content\/uploads\/2020\/05\/cachorro-puberdade.jpg\",\"keywords\":[\"c\u00e3es\",\"Estudo\",\"puberdade de c\u00e3es\",\"rebeldia\",\"treinadores\"],\"articleSection\":[\"Comportamento &amp; Equil\u00edbrio\"],\"inLanguage\":\"pt-BR\",\"potentialAction\":[{\"@type\":\"CommentAction\",\"name\":\"Comment\",\"target\":[\"https:\/\/jornalfatosenoticias.com.br\/index.php\/2020\/05\/18\/cachorros-tambem-passam-pela-adolescencia-diz-estudo\/#respond\"]}]},{\"@type\":\"WebPage\",\"@id\":\"https:\/\/jornalfatosenoticias.com.br\/index.php\/2020\/05\/18\/cachorros-tambem-passam-pela-adolescencia-diz-estudo\/\",\"url\":\"https:\/\/jornalfatosenoticias.com.br\/index.php\/2020\/05\/18\/cachorros-tambem-passam-pela-adolescencia-diz-estudo\/\",\"name\":\"Cachorros tamb\u00e9m passam pela adolesc\u00eancia, diz estudo - Jornal Fatos e Not\u00edcias\",\"isPartOf\":{\"@id\":\"https:\/\/jornalfatosenoticias.com.br\/#website\"},\"primaryImageOfPage\":{\"@id\":\"https:\/\/jornalfatosenoticias.com.br\/index.php\/2020\/05\/18\/cachorros-tambem-passam-pela-adolescencia-diz-estudo\/#primaryimage\"},\"image\":{\"@id\":\"https:\/\/jornalfatosenoticias.com.br\/index.php\/2020\/05\/18\/cachorros-tambem-passam-pela-adolescencia-diz-estudo\/#primaryimage\"},\"thumbnailUrl\":\"https:\/\/jornalfatosenoticias.com.br\/wp-content\/uploads\/2020\/05\/cachorro-puberdade.jpg\",\"datePublished\":\"2020-05-18T14:58:02+00:00\",\"dateModified\":\"2020-05-18T14:58:05+00:00\",\"breadcrumb\":{\"@id\":\"https:\/\/jornalfatosenoticias.com.br\/index.php\/2020\/05\/18\/cachorros-tambem-passam-pela-adolescencia-diz-estudo\/#breadcrumb\"},\"inLanguage\":\"pt-BR\",\"potentialAction\":[{\"@type\":\"ReadAction\",\"target\":[\"https:\/\/jornalfatosenoticias.com.br\/index.php\/2020\/05\/18\/cachorros-tambem-passam-pela-adolescencia-diz-estudo\/\"]}]},{\"@type\":\"ImageObject\",\"inLanguage\":\"pt-BR\",\"@id\":\"https:\/\/jornalfatosenoticias.com.br\/index.php\/2020\/05\/18\/cachorros-tambem-passam-pela-adolescencia-diz-estudo\/#primaryimage\",\"url\":\"https:\/\/jornalfatosenoticias.com.br\/wp-content\/uploads\/2020\/05\/cachorro-puberdade.jpg\",\"contentUrl\":\"https:\/\/jornalfatosenoticias.com.br\/wp-content\/uploads\/2020\/05\/cachorro-puberdade.jpg\",\"width\":1000,\"height\":666},{\"@type\":\"BreadcrumbList\",\"@id\":\"https:\/\/jornalfatosenoticias.com.br\/index.php\/2020\/05\/18\/cachorros-tambem-passam-pela-adolescencia-diz-estudo\/#breadcrumb\",\"itemListElement\":[{\"@type\":\"ListItem\",\"position\":1,\"name\":\"In\u00edcio\",\"item\":\"https:\/\/jornalfatosenoticias.com.br\/\"},{\"@type\":\"ListItem\",\"position\":2,\"name\":\"Cachorros tamb\u00e9m passam pela adolesc\u00eancia, diz estudo\"}]},{\"@type\":\"WebSite\",\"@id\":\"https:\/\/jornalfatosenoticias.com.br\/#website\",\"url\":\"https:\/\/jornalfatosenoticias.com.br\/\",\"name\":\"Jornal Fatos e Not\u00edcias\",\"description\":\"Not\u00edcias em geral\",\"publisher\":{\"@id\":\"https:\/\/jornalfatosenoticias.com.br\/#organization\"},\"potentialAction\":[{\"@type\":\"SearchAction\",\"target\":{\"@type\":\"EntryPoint\",\"urlTemplate\":\"https:\/\/jornalfatosenoticias.com.br\/?s={search_term_string}\"},\"query-input\":{\"@type\":\"PropertyValueSpecification\",\"valueRequired\":true,\"valueName\":\"search_term_string\"}}],\"inLanguage\":\"pt-BR\"},{\"@type\":\"Organization\",\"@id\":\"https:\/\/jornalfatosenoticias.com.br\/#organization\",\"name\":\"Jornal Fatos e Not\u00edcias\",\"url\":\"https:\/\/jornalfatosenoticias.com.br\/\",\"logo\":{\"@type\":\"ImageObject\",\"inLanguage\":\"pt-BR\",\"@id\":\"https:\/\/jornalfatosenoticias.com.br\/#\/schema\/logo\/image\/\",\"url\":\"https:\/\/jornalfatosenoticias.com.br\/wp-content\/uploads\/2020\/02\/logo120.png\",\"contentUrl\":\"https:\/\/jornalfatosenoticias.com.br\/wp-content\/uploads\/2020\/02\/logo120.png\",\"width\":1227,\"height\":120,\"caption\":\"Jornal Fatos e Not\u00edcias\"},\"image\":{\"@id\":\"https:\/\/jornalfatosenoticias.com.br\/#\/schema\/logo\/image\/\"}},{\"@type\":\"Person\",\"@id\":\"https:\/\/jornalfatosenoticias.com.br\/#\/schema\/person\/d63837fa13ac8666eb9e74e0985d6f81\",\"name\":\"Luzimara Fernandes\",\"image\":{\"@type\":\"ImageObject\",\"inLanguage\":\"pt-BR\",\"@id\":\"https:\/\/jornalfatosenoticias.com.br\/#\/schema\/person\/image\/\",\"url\":\"https:\/\/jornalfatosenoticias.com.br\/wp-content\/uploads\/2025\/05\/EU_portal.jpg\",\"contentUrl\":\"https:\/\/jornalfatosenoticias.com.br\/wp-content\/uploads\/2025\/05\/EU_portal.jpg\",\"caption\":\"Luzimara Fernandes\"},\"description\":\"Jornalista MTB 2358-ES\",\"sameAs\":[\"https:\/\/jornalfatosenoticias.com.br\"],\"url\":\"https:\/\/jornalfatosenoticias.com.br\/index.php\/author\/luzimara\/\"}]}<\/script>\n<!-- \/ Yoast SEO plugin. -->","yoast_head_json":{"title":"Cachorros tamb\u00e9m passam pela adolesc\u00eancia, diz estudo - Jornal Fatos e Not\u00edcias","robots":{"index":"index","follow":"follow","max-snippet":"max-snippet:-1","max-image-preview":"max-image-preview:large","max-video-preview":"max-video-preview:-1"},"canonical":"https:\/\/jornalfatosenoticias.com.br\/index.php\/2020\/05\/18\/cachorros-tambem-passam-pela-adolescencia-diz-estudo\/","og_locale":"pt_BR","og_type":"article","og_title":"Cachorros tamb\u00e9m passam pela adolesc\u00eancia, diz estudo - Jornal Fatos e Not\u00edcias","og_description":"Cientistas brit\u00e2nicos orientam tutores a n\u00e3o se afastarem emocionalmente dos c\u00e3es e nem os punirem por desobedi\u00eancia quando atingirem a puberdade Um estudo realizado pelas Universidades de Newcastle e de Nottingham, na Inglaterra, conseguiu encontrar evid\u00eancias de um comportamento adolescente em cachorros.Em geral, os c\u00e3es passam pela &#8220;puberdade&#8221; aos oito meses de idade. Foi nessa [&hellip;]","og_url":"https:\/\/jornalfatosenoticias.com.br\/index.php\/2020\/05\/18\/cachorros-tambem-passam-pela-adolescencia-diz-estudo\/","og_site_name":"Jornal Fatos e Not\u00edcias","article_published_time":"2020-05-18T14:58:02+00:00","article_modified_time":"2020-05-18T14:58:05+00:00","og_image":[{"width":1000,"height":666,"url":"https:\/\/jornalfatosenoticias.com.br\/wp-content\/uploads\/2020\/05\/cachorro-puberdade.jpg","type":"image\/jpeg"}],"author":"Luzimara Fernandes","twitter_card":"summary_large_image","twitter_misc":{"Escrito por":"Luzimara Fernandes","Est. tempo de leitura":"2 minutos"},"schema":{"@context":"https:\/\/schema.org","@graph":[{"@type":"Article","@id":"https:\/\/jornalfatosenoticias.com.br\/index.php\/2020\/05\/18\/cachorros-tambem-passam-pela-adolescencia-diz-estudo\/#article","isPartOf":{"@id":"https:\/\/jornalfatosenoticias.com.br\/index.php\/2020\/05\/18\/cachorros-tambem-passam-pela-adolescencia-diz-estudo\/"},"author":{"name":"Luzimara Fernandes","@id":"https:\/\/jornalfatosenoticias.com.br\/#\/schema\/person\/d63837fa13ac8666eb9e74e0985d6f81"},"headline":"Cachorros tamb\u00e9m passam pela adolesc\u00eancia, diz estudo","datePublished":"2020-05-18T14:58:02+00:00","dateModified":"2020-05-18T14:58:05+00:00","mainEntityOfPage":{"@id":"https:\/\/jornalfatosenoticias.com.br\/index.php\/2020\/05\/18\/cachorros-tambem-passam-pela-adolescencia-diz-estudo\/"},"wordCount":334,"commentCount":0,"publisher":{"@id":"https:\/\/jornalfatosenoticias.com.br\/#organization"},"image":{"@id":"https:\/\/jornalfatosenoticias.com.br\/index.php\/2020\/05\/18\/cachorros-tambem-passam-pela-adolescencia-diz-estudo\/#primaryimage"},"thumbnailUrl":"https:\/\/jornalfatosenoticias.com.br\/wp-content\/uploads\/2020\/05\/cachorro-puberdade.jpg","keywords":["c\u00e3es","Estudo","puberdade de c\u00e3es","rebeldia","treinadores"],"articleSection":["Comportamento &amp; Equil\u00edbrio"],"inLanguage":"pt-BR","potentialAction":[{"@type":"CommentAction","name":"Comment","target":["https:\/\/jornalfatosenoticias.com.br\/index.php\/2020\/05\/18\/cachorros-tambem-passam-pela-adolescencia-diz-estudo\/#respond"]}]},{"@type":"WebPage","@id":"https:\/\/jornalfatosenoticias.com.br\/index.php\/2020\/05\/18\/cachorros-tambem-passam-pela-adolescencia-diz-estudo\/","url":"https:\/\/jornalfatosenoticias.com.br\/index.php\/2020\/05\/18\/cachorros-tambem-passam-pela-adolescencia-diz-estudo\/","name":"Cachorros tamb\u00e9m passam pela adolesc\u00eancia, diz estudo - Jornal Fatos e Not\u00edcias","isPartOf":{"@id":"https:\/\/jornalfatosenoticias.com.br\/#website"},"primaryImageOfPage":{"@id":"https:\/\/jornalfatosenoticias.com.br\/index.php\/2020\/05\/18\/cachorros-tambem-passam-pela-adolescencia-diz-estudo\/#primaryimage"},"image":{"@id":"https:\/\/jornalfatosenoticias.com.br\/index.php\/2020\/05\/18\/cachorros-tambem-passam-pela-adolescencia-diz-estudo\/#primaryimage"},"thumbnailUrl":"https:\/\/jornalfatosenoticias.com.br\/wp-content\/uploads\/2020\/05\/cachorro-puberdade.jpg","datePublished":"2020-05-18T14:58:02+00:00","dateModified":"2020-05-18T14:58:05+00:00","breadcrumb":{"@id":"https:\/\/jornalfatosenoticias.com.br\/index.php\/2020\/05\/18\/cachorros-tambem-passam-pela-adolescencia-diz-estudo\/#breadcrumb"},"inLanguage":"pt-BR","potentialAction":[{"@type":"ReadAction","target":["https:\/\/jornalfatosenoticias.com.br\/index.php\/2020\/05\/18\/cachorros-tambem-passam-pela-adolescencia-diz-estudo\/"]}]},{"@type":"ImageObject","inLanguage":"pt-BR","@id":"https:\/\/jornalfatosenoticias.com.br\/index.php\/2020\/05\/18\/cachorros-tambem-passam-pela-adolescencia-diz-estudo\/#primaryimage","url":"https:\/\/jornalfatosenoticias.com.br\/wp-content\/uploads\/2020\/05\/cachorro-puberdade.jpg","contentUrl":"https:\/\/jornalfatosenoticias.com.br\/wp-content\/uploads\/2020\/05\/cachorro-puberdade.jpg","width":1000,"height":666},{"@type":"BreadcrumbList","@id":"https:\/\/jornalfatosenoticias.com.br\/index.php\/2020\/05\/18\/cachorros-tambem-passam-pela-adolescencia-diz-estudo\/#breadcrumb","itemListElement":[{"@type":"ListItem","position":1,"name":"In\u00edcio","item":"https:\/\/jornalfatosenoticias.com.br\/"},{"@type":"ListItem","position":2,"name":"Cachorros tamb\u00e9m passam pela adolesc\u00eancia, diz estudo"}]},{"@type":"WebSite","@id":"https:\/\/jornalfatosenoticias.com.br\/#website","url":"https:\/\/jornalfatosenoticias.com.br\/","name":"Jornal Fatos e Not\u00edcias","description":"Not\u00edcias em geral","publisher":{"@id":"https:\/\/jornalfatosenoticias.com.br\/#organization"},"potentialAction":[{"@type":"SearchAction","target":{"@type":"EntryPoint","urlTemplate":"https:\/\/jornalfatosenoticias.com.br\/?s={search_term_string}"},"query-input":{"@type":"PropertyValueSpecification","valueRequired":true,"valueName":"search_term_string"}}],"inLanguage":"pt-BR"},{"@type":"Organization","@id":"https:\/\/jornalfatosenoticias.com.br\/#organization","name":"Jornal Fatos e Not\u00edcias","url":"https:\/\/jornalfatosenoticias.com.br\/","logo":{"@type":"ImageObject","inLanguage":"pt-BR","@id":"https:\/\/jornalfatosenoticias.com.br\/#\/schema\/logo\/image\/","url":"https:\/\/jornalfatosenoticias.com.br\/wp-content\/uploads\/2020\/02\/logo120.png","contentUrl":"https:\/\/jornalfatosenoticias.com.br\/wp-content\/uploads\/2020\/02\/logo120.png","width":1227,"height":120,"caption":"Jornal Fatos e Not\u00edcias"},"image":{"@id":"https:\/\/jornalfatosenoticias.com.br\/#\/schema\/logo\/image\/"}},{"@type":"Person","@id":"https:\/\/jornalfatosenoticias.com.br\/#\/schema\/person\/d63837fa13ac8666eb9e74e0985d6f81","name":"Luzimara Fernandes","image":{"@type":"ImageObject","inLanguage":"pt-BR","@id":"https:\/\/jornalfatosenoticias.com.br\/#\/schema\/person\/image\/","url":"https:\/\/jornalfatosenoticias.com.br\/wp-content\/uploads\/2025\/05\/EU_portal.jpg","contentUrl":"https:\/\/jornalfatosenoticias.com.br\/wp-content\/uploads\/2025\/05\/EU_portal.jpg","caption":"Luzimara Fernandes"},"description":"Jornalista MTB 2358-ES","sameAs":["https:\/\/jornalfatosenoticias.com.br"],"url":"https:\/\/jornalfatosenoticias.com.br\/index.php\/author\/luzimara\/"}]}},"cc_featured_image_caption":{"caption_text":"Cachorro (Foto: Creative Commons)","source_text":"","source_url":""},"jetpack_featured_media_url":"https:\/\/jornalfatosenoticias.com.br\/wp-content\/uploads\/2020\/05\/cachorro-puberdade.jpg","_links":{"self":[{"href":"https:\/\/jornalfatosenoticias.com.br\/index.php\/wp-json\/wp\/v2\/posts\/4543","targetHints":{"allow":["GET"]}}],"collection":[{"href":"https:\/\/jornalfatosenoticias.com.br\/index.php\/wp-json\/wp\/v2\/posts"}],"about":[{"href":"https:\/\/jornalfatosenoticias.com.br\/index.php\/wp-json\/wp\/v2\/types\/post"}],"author":[{"embeddable":true,"href":"https:\/\/jornalfatosenoticias.com.br\/index.php\/wp-json\/wp\/v2\/users\/2"}],"replies":[{"embeddable":true,"href":"https:\/\/jornalfatosenoticias.com.br\/index.php\/wp-json\/wp\/v2\/comments?post=4543"}],"version-history":[{"count":0,"href":"https:\/\/jornalfatosenoticias.com.br\/index.php\/wp-json\/wp\/v2\/posts\/4543\/revisions"}],"wp:featuredmedia":[{"embeddable":true,"href":"https:\/\/jornalfatosenoticias.com.br\/index.php\/wp-json\/wp\/v2\/media\/4544"}],"wp:attachment":[{"href":"https:\/\/jornalfatosenoticias.com.br\/index.php\/wp-json\/wp\/v2\/media?parent=4543"}],"wp:term":[{"taxonomy":"category","embeddable":true,"href":"https:\/\/jornalfatosenoticias.com.br\/index.php\/wp-json\/wp\/v2\/categories?post=4543"},{"taxonomy":"post_tag","embeddable":true,"href":"https:\/\/jornalfatosenoticias.com.br\/index.php\/wp-json\/wp\/v2\/tags?post=4543"}],"curies":[{"name":"wp","href":"https:\/\/api.w.org\/{rel}","templated":true}]}}