{"id":45433,"date":"2023-09-22T15:36:29","date_gmt":"2023-09-22T18:36:29","guid":{"rendered":"https:\/\/jornalfatosenoticias.com.br\/?p=45433"},"modified":"2023-09-22T15:36:30","modified_gmt":"2023-09-22T18:36:30","slug":"apos-decisao-do-stf-sindicato-cobra-12-de-trabalhadores-e-exige-r-150-de-quem-se-recusa-a-pagar","status":"publish","type":"post","link":"https:\/\/jornalfatosenoticias.com.br\/index.php\/2023\/09\/22\/apos-decisao-do-stf-sindicato-cobra-12-de-trabalhadores-e-exige-r-150-de-quem-se-recusa-a-pagar\/","title":{"rendered":"Ap\u00f3s decis\u00e3o do STF, sindicato cobra 12% de trabalhadores e exige R$ 150 de quem se recusa a pagar"},"content":{"rendered":"\n<p><em><span class=\"has-inline-color has-black-color\">O caso aconteceu em Sorocaba (SP) e vale at\u00e9 para quem n\u00e3o \u00e9 sindicalizado<\/span><\/em><\/p>\n\n\n\n<p><em><span class=\"has-inline-color has-black-color\">Por <strong><a href=\"https:\/\/www.conexaopolitica.com.br\/author\/marcos\/\">Marcos Rocha<\/a><\/strong><\/span><\/em><\/p>\n\n\n\n<div class=\"wp-block-image\"><figure class=\"aligncenter size-large\"><img loading=\"lazy\" decoding=\"async\" width=\"1024\" height=\"109\" src=\"https:\/\/jornalfatosenoticias.com.br\/wp-content\/uploads\/2020\/02\/Propaganda-RC-Radiadores-Jornal_page-0001-1024x109.jpg\" alt=\"\" class=\"wp-image-35278\" srcset=\"https:\/\/jornalfatosenoticias.com.br\/wp-content\/uploads\/2020\/02\/Propaganda-RC-Radiadores-Jornal_page-0001-1024x109.jpg 1024w, https:\/\/jornalfatosenoticias.com.br\/wp-content\/uploads\/2020\/02\/Propaganda-RC-Radiadores-Jornal_page-0001-300x32.jpg 300w, https:\/\/jornalfatosenoticias.com.br\/wp-content\/uploads\/2020\/02\/Propaganda-RC-Radiadores-Jornal_page-0001-768x82.jpg 768w, https:\/\/jornalfatosenoticias.com.br\/wp-content\/uploads\/2020\/02\/Propaganda-RC-Radiadores-Jornal_page-0001.jpg 1220w\" sizes=\"auto, (max-width: 1024px) 100vw, 1024px\" \/><\/figure><\/div>\n\n\n\n<p>O sindicato que representa os trabalhadores aut\u00f4nomos no com\u00e9rcio de Sorocaba, interior de S\u00e3o Paulo, come\u00e7ou a exigir uma taxa de 12% do sal\u00e1rio de todos os profissionais da categoria, independentemente de serem associados ou n\u00e3o. Aqueles que optarem por n\u00e3o participar da conven\u00e7\u00e3o coletiva est\u00e3o sujeitos ao pagamento de uma taxa de R$ 150 ao sindicato, e o prazo para quitar essa multa \u00e9 de at\u00e9 dez dias.<br>O Sindicato dos Empregados de Agentes Aut\u00f4nomos no Com\u00e9rcio (Seaac) alega que possui respaldo legal para cobrar essa \u201ccontribui\u00e7\u00e3o assistencial\u201d de todos os trabalhadores, mesmo daqueles que n\u00e3o s\u00e3o filiados. A justificativa do sindicato se baseia em uma decis\u00e3o recente proferida pelo Supremo Tribunal Federal (STF) em 11 de setembro.<\/p>\n\n\n\n<div class=\"wp-block-image\"><figure class=\"aligncenter size-large\"><img decoding=\"async\" src=\"https:\/\/jornalfatosenoticias.com.br\/wp-content\/uploads\/2020\/02\/logo_esteio.jpg\" alt=\"\" class=\"wp-image-1214\"\/><\/figure><\/div>\n\n\n\n<p>A den\u00fancia sobre essa pr\u00e1tica foi feita pelo vereador Ramiro Ros\u00e1rio (PSDB), de Porto Alegre (RS), que tomou conhecimento dos relatos vindos de S\u00e3o Paulo por meio de seu perfil na internet.<br>O Seaac de Sorocaba afirma que as reclama\u00e7\u00f5es dos trabalhadores sobre a taxa derivam, na realidade, do \u201cdesconhecimento\u201d sobre o trabalho do sindicato e da cren\u00e7a de que os benef\u00edcios trabalhistas, como aumento salarial e vale-refei\u00e7\u00e3o, s\u00e3o concedidos por \u201cmera liberalidade\u201d dos patr\u00f5es.<\/p>\n\n\n\n<div class=\"wp-block-image\"><figure class=\"aligncenter size-large is-resized\"><img loading=\"lazy\" decoding=\"async\" src=\"https:\/\/jornalfatosenoticias.com.br\/wp-content\/uploads\/2023\/08\/VSM-Group.jpeg\" alt=\"\" class=\"wp-image-44364\" width=\"303\" height=\"303\"\/><\/figure><\/div>\n\n\n\n<p>Artur Bordin, presidente do sindicato, justificou a cobran\u00e7a de 12% do sal\u00e1rio dos empregados com base nos \u201cdireitos conquistados pelo sindicato\u201d. Ele destacou que o percentual real n\u00e3o \u00e9 de 12% ao ano, mas sim de aproximadamente 1% ao ano, quando considerados os \u201cbenef\u00edcios\u201d obtidos por meio da \u201cluta sindical\u201d.<\/p>\n\n\n\n<p><strong><em>Fonte: <a href=\"https:\/\/www.conexaopolitica.com.br\/economia\/apos-decisao-do-stf-sindicato-cobra-12-de-trabalhadores-e-exige-r-150-de-quem-se-recusar-a-pagar\/\">Conex\u00e3o Pol\u00edtica<\/a><\/em><\/strong><\/p>\n","protected":false},"excerpt":{"rendered":"<p>O caso aconteceu em Sorocaba (SP) e vale at\u00e9 para quem n\u00e3o \u00e9 sindicalizado Por Marcos Rocha O sindicato que representa os trabalhadores aut\u00f4nomos no com\u00e9rcio de Sorocaba, interior de S\u00e3o Paulo, come\u00e7ou a exigir uma taxa de 12% do sal\u00e1rio de todos os profissionais da categoria, independentemente de serem associados ou n\u00e3o. Aqueles que [&hellip;]<\/p>\n","protected":false},"author":2,"featured_media":45434,"comment_status":"open","ping_status":"open","sticky":false,"template":"","format":"standard","meta":{"footnotes":""},"categories":[9,10],"tags":[21401,21215,21400,20009,2127,285],"class_list":["post-45433","post","type-post","status-publish","format-standard","has-post-thumbnail","hentry","category-economia","category-politica","tag-cobranca-imposto-sindical","tag-contribuicao-sindical","tag-decisao-do-stf","tag-imposto-sindical","tag-sindicato","tag-taxa"],"yoast_head":"<!-- This site is optimized with the Yoast SEO plugin v26.5 - https:\/\/yoast.com\/wordpress\/plugins\/seo\/ -->\n<title>Ap\u00f3s decis\u00e3o do STF, sindicato cobra 12% de trabalhadores e exige R$ 150 de quem se recusa a pagar - Jornal Fatos e Not\u00edcias<\/title>\n<meta name=\"robots\" content=\"index, follow, max-snippet:-1, max-image-preview:large, max-video-preview:-1\" \/>\n<link rel=\"canonical\" href=\"https:\/\/jornalfatosenoticias.com.br\/index.php\/2023\/09\/22\/apos-decisao-do-stf-sindicato-cobra-12-de-trabalhadores-e-exige-r-150-de-quem-se-recusa-a-pagar\/\" \/>\n<meta property=\"og:locale\" content=\"pt_BR\" \/>\n<meta property=\"og:type\" content=\"article\" \/>\n<meta property=\"og:title\" content=\"Ap\u00f3s decis\u00e3o do STF, sindicato cobra 12% de trabalhadores e exige R$ 150 de quem se recusa a pagar - Jornal Fatos e Not\u00edcias\" \/>\n<meta property=\"og:description\" content=\"O caso aconteceu em Sorocaba (SP) e vale at\u00e9 para quem n\u00e3o \u00e9 sindicalizado Por Marcos Rocha O sindicato que representa os trabalhadores aut\u00f4nomos no com\u00e9rcio de Sorocaba, interior de S\u00e3o Paulo, come\u00e7ou a exigir uma taxa de 12% do sal\u00e1rio de todos os profissionais da categoria, independentemente de serem associados ou n\u00e3o. Aqueles que [&hellip;]\" \/>\n<meta property=\"og:url\" content=\"https:\/\/jornalfatosenoticias.com.br\/index.php\/2023\/09\/22\/apos-decisao-do-stf-sindicato-cobra-12-de-trabalhadores-e-exige-r-150-de-quem-se-recusa-a-pagar\/\" \/>\n<meta property=\"og:site_name\" content=\"Jornal Fatos e Not\u00edcias\" \/>\n<meta property=\"article:published_time\" content=\"2023-09-22T18:36:29+00:00\" \/>\n<meta property=\"article:modified_time\" content=\"2023-09-22T18:36:30+00:00\" \/>\n<meta property=\"og:image\" content=\"https:\/\/jornalfatosenoticias.com.br\/wp-content\/uploads\/2023\/09\/sindicato-cobra-trabalhadores.jpg\" \/>\n\t<meta property=\"og:image:width\" content=\"1000\" \/>\n\t<meta property=\"og:image:height\" content=\"665\" \/>\n\t<meta property=\"og:image:type\" content=\"image\/jpeg\" \/>\n<meta name=\"author\" content=\"Luzimara Fernandes\" \/>\n<meta name=\"twitter:card\" content=\"summary_large_image\" \/>\n<meta name=\"twitter:label1\" content=\"Escrito por\" \/>\n\t<meta name=\"twitter:data1\" content=\"Luzimara Fernandes\" \/>\n\t<meta name=\"twitter:label2\" content=\"Est. tempo de leitura\" \/>\n\t<meta name=\"twitter:data2\" content=\"1 minuto\" \/>\n<script type=\"application\/ld+json\" class=\"yoast-schema-graph\">{\"@context\":\"https:\/\/schema.org\",\"@graph\":[{\"@type\":\"Article\",\"@id\":\"https:\/\/jornalfatosenoticias.com.br\/index.php\/2023\/09\/22\/apos-decisao-do-stf-sindicato-cobra-12-de-trabalhadores-e-exige-r-150-de-quem-se-recusa-a-pagar\/#article\",\"isPartOf\":{\"@id\":\"https:\/\/jornalfatosenoticias.com.br\/index.php\/2023\/09\/22\/apos-decisao-do-stf-sindicato-cobra-12-de-trabalhadores-e-exige-r-150-de-quem-se-recusa-a-pagar\/\"},\"author\":{\"name\":\"Luzimara Fernandes\",\"@id\":\"https:\/\/jornalfatosenoticias.com.br\/#\/schema\/person\/d63837fa13ac8666eb9e74e0985d6f81\"},\"headline\":\"Ap\u00f3s decis\u00e3o do STF, sindicato cobra 12% de trabalhadores e exige R$ 150 de quem se recusa a pagar\",\"datePublished\":\"2023-09-22T18:36:29+00:00\",\"dateModified\":\"2023-09-22T18:36:30+00:00\",\"mainEntityOfPage\":{\"@id\":\"https:\/\/jornalfatosenoticias.com.br\/index.php\/2023\/09\/22\/apos-decisao-do-stf-sindicato-cobra-12-de-trabalhadores-e-exige-r-150-de-quem-se-recusa-a-pagar\/\"},\"wordCount\":306,\"commentCount\":0,\"publisher\":{\"@id\":\"https:\/\/jornalfatosenoticias.com.br\/#organization\"},\"image\":{\"@id\":\"https:\/\/jornalfatosenoticias.com.br\/index.php\/2023\/09\/22\/apos-decisao-do-stf-sindicato-cobra-12-de-trabalhadores-e-exige-r-150-de-quem-se-recusa-a-pagar\/#primaryimage\"},\"thumbnailUrl\":\"https:\/\/jornalfatosenoticias.com.br\/wp-content\/uploads\/2023\/09\/sindicato-cobra-trabalhadores.jpg\",\"keywords\":[\"cobran\u00e7a imposto sindical\",\"contribui\u00e7\u00e3o sindical\",\"decis\u00e3o do STF\",\"imposto sindical\",\"sindicato\",\"taxa\"],\"articleSection\":[\"Economia\",\"Pol\u00edtica\"],\"inLanguage\":\"pt-BR\",\"potentialAction\":[{\"@type\":\"CommentAction\",\"name\":\"Comment\",\"target\":[\"https:\/\/jornalfatosenoticias.com.br\/index.php\/2023\/09\/22\/apos-decisao-do-stf-sindicato-cobra-12-de-trabalhadores-e-exige-r-150-de-quem-se-recusa-a-pagar\/#respond\"]}]},{\"@type\":\"WebPage\",\"@id\":\"https:\/\/jornalfatosenoticias.com.br\/index.php\/2023\/09\/22\/apos-decisao-do-stf-sindicato-cobra-12-de-trabalhadores-e-exige-r-150-de-quem-se-recusa-a-pagar\/\",\"url\":\"https:\/\/jornalfatosenoticias.com.br\/index.php\/2023\/09\/22\/apos-decisao-do-stf-sindicato-cobra-12-de-trabalhadores-e-exige-r-150-de-quem-se-recusa-a-pagar\/\",\"name\":\"Ap\u00f3s decis\u00e3o do STF, sindicato cobra 12% de trabalhadores e exige R$ 150 de quem se recusa a pagar - Jornal Fatos e Not\u00edcias\",\"isPartOf\":{\"@id\":\"https:\/\/jornalfatosenoticias.com.br\/#website\"},\"primaryImageOfPage\":{\"@id\":\"https:\/\/jornalfatosenoticias.com.br\/index.php\/2023\/09\/22\/apos-decisao-do-stf-sindicato-cobra-12-de-trabalhadores-e-exige-r-150-de-quem-se-recusa-a-pagar\/#primaryimage\"},\"image\":{\"@id\":\"https:\/\/jornalfatosenoticias.com.br\/index.php\/2023\/09\/22\/apos-decisao-do-stf-sindicato-cobra-12-de-trabalhadores-e-exige-r-150-de-quem-se-recusa-a-pagar\/#primaryimage\"},\"thumbnailUrl\":\"https:\/\/jornalfatosenoticias.com.br\/wp-content\/uploads\/2023\/09\/sindicato-cobra-trabalhadores.jpg\",\"datePublished\":\"2023-09-22T18:36:29+00:00\",\"dateModified\":\"2023-09-22T18:36:30+00:00\",\"breadcrumb\":{\"@id\":\"https:\/\/jornalfatosenoticias.com.br\/index.php\/2023\/09\/22\/apos-decisao-do-stf-sindicato-cobra-12-de-trabalhadores-e-exige-r-150-de-quem-se-recusa-a-pagar\/#breadcrumb\"},\"inLanguage\":\"pt-BR\",\"potentialAction\":[{\"@type\":\"ReadAction\",\"target\":[\"https:\/\/jornalfatosenoticias.com.br\/index.php\/2023\/09\/22\/apos-decisao-do-stf-sindicato-cobra-12-de-trabalhadores-e-exige-r-150-de-quem-se-recusa-a-pagar\/\"]}]},{\"@type\":\"ImageObject\",\"inLanguage\":\"pt-BR\",\"@id\":\"https:\/\/jornalfatosenoticias.com.br\/index.php\/2023\/09\/22\/apos-decisao-do-stf-sindicato-cobra-12-de-trabalhadores-e-exige-r-150-de-quem-se-recusa-a-pagar\/#primaryimage\",\"url\":\"https:\/\/jornalfatosenoticias.com.br\/wp-content\/uploads\/2023\/09\/sindicato-cobra-trabalhadores.jpg\",\"contentUrl\":\"https:\/\/jornalfatosenoticias.com.br\/wp-content\/uploads\/2023\/09\/sindicato-cobra-trabalhadores.jpg\",\"width\":1000,\"height\":665},{\"@type\":\"BreadcrumbList\",\"@id\":\"https:\/\/jornalfatosenoticias.com.br\/index.php\/2023\/09\/22\/apos-decisao-do-stf-sindicato-cobra-12-de-trabalhadores-e-exige-r-150-de-quem-se-recusa-a-pagar\/#breadcrumb\",\"itemListElement\":[{\"@type\":\"ListItem\",\"position\":1,\"name\":\"In\u00edcio\",\"item\":\"https:\/\/jornalfatosenoticias.com.br\/\"},{\"@type\":\"ListItem\",\"position\":2,\"name\":\"Ap\u00f3s decis\u00e3o do STF, sindicato cobra 12% de trabalhadores e exige R$ 150 de quem se recusa a pagar\"}]},{\"@type\":\"WebSite\",\"@id\":\"https:\/\/jornalfatosenoticias.com.br\/#website\",\"url\":\"https:\/\/jornalfatosenoticias.com.br\/\",\"name\":\"Jornal Fatos e Not\u00edcias\",\"description\":\"Not\u00edcias em geral\",\"publisher\":{\"@id\":\"https:\/\/jornalfatosenoticias.com.br\/#organization\"},\"potentialAction\":[{\"@type\":\"SearchAction\",\"target\":{\"@type\":\"EntryPoint\",\"urlTemplate\":\"https:\/\/jornalfatosenoticias.com.br\/?s={search_term_string}\"},\"query-input\":{\"@type\":\"PropertyValueSpecification\",\"valueRequired\":true,\"valueName\":\"search_term_string\"}}],\"inLanguage\":\"pt-BR\"},{\"@type\":\"Organization\",\"@id\":\"https:\/\/jornalfatosenoticias.com.br\/#organization\",\"name\":\"Jornal Fatos e Not\u00edcias\",\"url\":\"https:\/\/jornalfatosenoticias.com.br\/\",\"logo\":{\"@type\":\"ImageObject\",\"inLanguage\":\"pt-BR\",\"@id\":\"https:\/\/jornalfatosenoticias.com.br\/#\/schema\/logo\/image\/\",\"url\":\"https:\/\/jornalfatosenoticias.com.br\/wp-content\/uploads\/2020\/02\/logo120.png\",\"contentUrl\":\"https:\/\/jornalfatosenoticias.com.br\/wp-content\/uploads\/2020\/02\/logo120.png\",\"width\":1227,\"height\":120,\"caption\":\"Jornal Fatos e Not\u00edcias\"},\"image\":{\"@id\":\"https:\/\/jornalfatosenoticias.com.br\/#\/schema\/logo\/image\/\"}},{\"@type\":\"Person\",\"@id\":\"https:\/\/jornalfatosenoticias.com.br\/#\/schema\/person\/d63837fa13ac8666eb9e74e0985d6f81\",\"name\":\"Luzimara Fernandes\",\"image\":{\"@type\":\"ImageObject\",\"inLanguage\":\"pt-BR\",\"@id\":\"https:\/\/jornalfatosenoticias.com.br\/#\/schema\/person\/image\/\",\"url\":\"https:\/\/jornalfatosenoticias.com.br\/wp-content\/uploads\/2025\/05\/EU_portal.jpg\",\"contentUrl\":\"https:\/\/jornalfatosenoticias.com.br\/wp-content\/uploads\/2025\/05\/EU_portal.jpg\",\"caption\":\"Luzimara Fernandes\"},\"description\":\"Jornalista MTB 2358-ES\",\"sameAs\":[\"https:\/\/jornalfatosenoticias.com.br\"],\"url\":\"https:\/\/jornalfatosenoticias.com.br\/index.php\/author\/luzimara\/\"}]}<\/script>\n<!-- \/ Yoast SEO plugin. -->","yoast_head_json":{"title":"Ap\u00f3s decis\u00e3o do STF, sindicato cobra 12% de trabalhadores e exige R$ 150 de quem se recusa a pagar - Jornal Fatos e Not\u00edcias","robots":{"index":"index","follow":"follow","max-snippet":"max-snippet:-1","max-image-preview":"max-image-preview:large","max-video-preview":"max-video-preview:-1"},"canonical":"https:\/\/jornalfatosenoticias.com.br\/index.php\/2023\/09\/22\/apos-decisao-do-stf-sindicato-cobra-12-de-trabalhadores-e-exige-r-150-de-quem-se-recusa-a-pagar\/","og_locale":"pt_BR","og_type":"article","og_title":"Ap\u00f3s decis\u00e3o do STF, sindicato cobra 12% de trabalhadores e exige R$ 150 de quem se recusa a pagar - Jornal Fatos e Not\u00edcias","og_description":"O caso aconteceu em Sorocaba (SP) e vale at\u00e9 para quem n\u00e3o \u00e9 sindicalizado Por Marcos Rocha O sindicato que representa os trabalhadores aut\u00f4nomos no com\u00e9rcio de Sorocaba, interior de S\u00e3o Paulo, come\u00e7ou a exigir uma taxa de 12% do sal\u00e1rio de todos os profissionais da categoria, independentemente de serem associados ou n\u00e3o. Aqueles que [&hellip;]","og_url":"https:\/\/jornalfatosenoticias.com.br\/index.php\/2023\/09\/22\/apos-decisao-do-stf-sindicato-cobra-12-de-trabalhadores-e-exige-r-150-de-quem-se-recusa-a-pagar\/","og_site_name":"Jornal Fatos e Not\u00edcias","article_published_time":"2023-09-22T18:36:29+00:00","article_modified_time":"2023-09-22T18:36:30+00:00","og_image":[{"width":1000,"height":665,"url":"https:\/\/jornalfatosenoticias.com.br\/wp-content\/uploads\/2023\/09\/sindicato-cobra-trabalhadores.jpg","type":"image\/jpeg"}],"author":"Luzimara Fernandes","twitter_card":"summary_large_image","twitter_misc":{"Escrito por":"Luzimara Fernandes","Est. tempo de leitura":"1 minuto"},"schema":{"@context":"https:\/\/schema.org","@graph":[{"@type":"Article","@id":"https:\/\/jornalfatosenoticias.com.br\/index.php\/2023\/09\/22\/apos-decisao-do-stf-sindicato-cobra-12-de-trabalhadores-e-exige-r-150-de-quem-se-recusa-a-pagar\/#article","isPartOf":{"@id":"https:\/\/jornalfatosenoticias.com.br\/index.php\/2023\/09\/22\/apos-decisao-do-stf-sindicato-cobra-12-de-trabalhadores-e-exige-r-150-de-quem-se-recusa-a-pagar\/"},"author":{"name":"Luzimara Fernandes","@id":"https:\/\/jornalfatosenoticias.com.br\/#\/schema\/person\/d63837fa13ac8666eb9e74e0985d6f81"},"headline":"Ap\u00f3s decis\u00e3o do STF, sindicato cobra 12% de trabalhadores e exige R$ 150 de quem se recusa a pagar","datePublished":"2023-09-22T18:36:29+00:00","dateModified":"2023-09-22T18:36:30+00:00","mainEntityOfPage":{"@id":"https:\/\/jornalfatosenoticias.com.br\/index.php\/2023\/09\/22\/apos-decisao-do-stf-sindicato-cobra-12-de-trabalhadores-e-exige-r-150-de-quem-se-recusa-a-pagar\/"},"wordCount":306,"commentCount":0,"publisher":{"@id":"https:\/\/jornalfatosenoticias.com.br\/#organization"},"image":{"@id":"https:\/\/jornalfatosenoticias.com.br\/index.php\/2023\/09\/22\/apos-decisao-do-stf-sindicato-cobra-12-de-trabalhadores-e-exige-r-150-de-quem-se-recusa-a-pagar\/#primaryimage"},"thumbnailUrl":"https:\/\/jornalfatosenoticias.com.br\/wp-content\/uploads\/2023\/09\/sindicato-cobra-trabalhadores.jpg","keywords":["cobran\u00e7a imposto sindical","contribui\u00e7\u00e3o sindical","decis\u00e3o do STF","imposto sindical","sindicato","taxa"],"articleSection":["Economia","Pol\u00edtica"],"inLanguage":"pt-BR","potentialAction":[{"@type":"CommentAction","name":"Comment","target":["https:\/\/jornalfatosenoticias.com.br\/index.php\/2023\/09\/22\/apos-decisao-do-stf-sindicato-cobra-12-de-trabalhadores-e-exige-r-150-de-quem-se-recusa-a-pagar\/#respond"]}]},{"@type":"WebPage","@id":"https:\/\/jornalfatosenoticias.com.br\/index.php\/2023\/09\/22\/apos-decisao-do-stf-sindicato-cobra-12-de-trabalhadores-e-exige-r-150-de-quem-se-recusa-a-pagar\/","url":"https:\/\/jornalfatosenoticias.com.br\/index.php\/2023\/09\/22\/apos-decisao-do-stf-sindicato-cobra-12-de-trabalhadores-e-exige-r-150-de-quem-se-recusa-a-pagar\/","name":"Ap\u00f3s decis\u00e3o do STF, sindicato cobra 12% de trabalhadores e exige R$ 150 de quem se recusa a pagar - Jornal Fatos e Not\u00edcias","isPartOf":{"@id":"https:\/\/jornalfatosenoticias.com.br\/#website"},"primaryImageOfPage":{"@id":"https:\/\/jornalfatosenoticias.com.br\/index.php\/2023\/09\/22\/apos-decisao-do-stf-sindicato-cobra-12-de-trabalhadores-e-exige-r-150-de-quem-se-recusa-a-pagar\/#primaryimage"},"image":{"@id":"https:\/\/jornalfatosenoticias.com.br\/index.php\/2023\/09\/22\/apos-decisao-do-stf-sindicato-cobra-12-de-trabalhadores-e-exige-r-150-de-quem-se-recusa-a-pagar\/#primaryimage"},"thumbnailUrl":"https:\/\/jornalfatosenoticias.com.br\/wp-content\/uploads\/2023\/09\/sindicato-cobra-trabalhadores.jpg","datePublished":"2023-09-22T18:36:29+00:00","dateModified":"2023-09-22T18:36:30+00:00","breadcrumb":{"@id":"https:\/\/jornalfatosenoticias.com.br\/index.php\/2023\/09\/22\/apos-decisao-do-stf-sindicato-cobra-12-de-trabalhadores-e-exige-r-150-de-quem-se-recusa-a-pagar\/#breadcrumb"},"inLanguage":"pt-BR","potentialAction":[{"@type":"ReadAction","target":["https:\/\/jornalfatosenoticias.com.br\/index.php\/2023\/09\/22\/apos-decisao-do-stf-sindicato-cobra-12-de-trabalhadores-e-exige-r-150-de-quem-se-recusa-a-pagar\/"]}]},{"@type":"ImageObject","inLanguage":"pt-BR","@id":"https:\/\/jornalfatosenoticias.com.br\/index.php\/2023\/09\/22\/apos-decisao-do-stf-sindicato-cobra-12-de-trabalhadores-e-exige-r-150-de-quem-se-recusa-a-pagar\/#primaryimage","url":"https:\/\/jornalfatosenoticias.com.br\/wp-content\/uploads\/2023\/09\/sindicato-cobra-trabalhadores.jpg","contentUrl":"https:\/\/jornalfatosenoticias.com.br\/wp-content\/uploads\/2023\/09\/sindicato-cobra-trabalhadores.jpg","width":1000,"height":665},{"@type":"BreadcrumbList","@id":"https:\/\/jornalfatosenoticias.com.br\/index.php\/2023\/09\/22\/apos-decisao-do-stf-sindicato-cobra-12-de-trabalhadores-e-exige-r-150-de-quem-se-recusa-a-pagar\/#breadcrumb","itemListElement":[{"@type":"ListItem","position":1,"name":"In\u00edcio","item":"https:\/\/jornalfatosenoticias.com.br\/"},{"@type":"ListItem","position":2,"name":"Ap\u00f3s decis\u00e3o do STF, sindicato cobra 12% de trabalhadores e exige R$ 150 de quem se recusa a pagar"}]},{"@type":"WebSite","@id":"https:\/\/jornalfatosenoticias.com.br\/#website","url":"https:\/\/jornalfatosenoticias.com.br\/","name":"Jornal Fatos e Not\u00edcias","description":"Not\u00edcias em geral","publisher":{"@id":"https:\/\/jornalfatosenoticias.com.br\/#organization"},"potentialAction":[{"@type":"SearchAction","target":{"@type":"EntryPoint","urlTemplate":"https:\/\/jornalfatosenoticias.com.br\/?s={search_term_string}"},"query-input":{"@type":"PropertyValueSpecification","valueRequired":true,"valueName":"search_term_string"}}],"inLanguage":"pt-BR"},{"@type":"Organization","@id":"https:\/\/jornalfatosenoticias.com.br\/#organization","name":"Jornal Fatos e Not\u00edcias","url":"https:\/\/jornalfatosenoticias.com.br\/","logo":{"@type":"ImageObject","inLanguage":"pt-BR","@id":"https:\/\/jornalfatosenoticias.com.br\/#\/schema\/logo\/image\/","url":"https:\/\/jornalfatosenoticias.com.br\/wp-content\/uploads\/2020\/02\/logo120.png","contentUrl":"https:\/\/jornalfatosenoticias.com.br\/wp-content\/uploads\/2020\/02\/logo120.png","width":1227,"height":120,"caption":"Jornal Fatos e Not\u00edcias"},"image":{"@id":"https:\/\/jornalfatosenoticias.com.br\/#\/schema\/logo\/image\/"}},{"@type":"Person","@id":"https:\/\/jornalfatosenoticias.com.br\/#\/schema\/person\/d63837fa13ac8666eb9e74e0985d6f81","name":"Luzimara Fernandes","image":{"@type":"ImageObject","inLanguage":"pt-BR","@id":"https:\/\/jornalfatosenoticias.com.br\/#\/schema\/person\/image\/","url":"https:\/\/jornalfatosenoticias.com.br\/wp-content\/uploads\/2025\/05\/EU_portal.jpg","contentUrl":"https:\/\/jornalfatosenoticias.com.br\/wp-content\/uploads\/2025\/05\/EU_portal.jpg","caption":"Luzimara Fernandes"},"description":"Jornalista MTB 2358-ES","sameAs":["https:\/\/jornalfatosenoticias.com.br"],"url":"https:\/\/jornalfatosenoticias.com.br\/index.php\/author\/luzimara\/"}]}},"cc_featured_image_caption":{"caption_text":"(Foto: Marcelo Camargo\/Ag\u00eancia Brasil) ","source_text":"","source_url":""},"jetpack_featured_media_url":"https:\/\/jornalfatosenoticias.com.br\/wp-content\/uploads\/2023\/09\/sindicato-cobra-trabalhadores.jpg","_links":{"self":[{"href":"https:\/\/jornalfatosenoticias.com.br\/index.php\/wp-json\/wp\/v2\/posts\/45433","targetHints":{"allow":["GET"]}}],"collection":[{"href":"https:\/\/jornalfatosenoticias.com.br\/index.php\/wp-json\/wp\/v2\/posts"}],"about":[{"href":"https:\/\/jornalfatosenoticias.com.br\/index.php\/wp-json\/wp\/v2\/types\/post"}],"author":[{"embeddable":true,"href":"https:\/\/jornalfatosenoticias.com.br\/index.php\/wp-json\/wp\/v2\/users\/2"}],"replies":[{"embeddable":true,"href":"https:\/\/jornalfatosenoticias.com.br\/index.php\/wp-json\/wp\/v2\/comments?post=45433"}],"version-history":[{"count":0,"href":"https:\/\/jornalfatosenoticias.com.br\/index.php\/wp-json\/wp\/v2\/posts\/45433\/revisions"}],"wp:featuredmedia":[{"embeddable":true,"href":"https:\/\/jornalfatosenoticias.com.br\/index.php\/wp-json\/wp\/v2\/media\/45434"}],"wp:attachment":[{"href":"https:\/\/jornalfatosenoticias.com.br\/index.php\/wp-json\/wp\/v2\/media?parent=45433"}],"wp:term":[{"taxonomy":"category","embeddable":true,"href":"https:\/\/jornalfatosenoticias.com.br\/index.php\/wp-json\/wp\/v2\/categories?post=45433"},{"taxonomy":"post_tag","embeddable":true,"href":"https:\/\/jornalfatosenoticias.com.br\/index.php\/wp-json\/wp\/v2\/tags?post=45433"}],"curies":[{"name":"wp","href":"https:\/\/api.w.org\/{rel}","templated":true}]}}