{"id":45492,"date":"2023-09-26T14:36:46","date_gmt":"2023-09-26T17:36:46","guid":{"rendered":"https:\/\/jornalfatosenoticias.com.br\/?p=45492"},"modified":"2023-09-26T14:44:37","modified_gmt":"2023-09-26T17:44:37","slug":"fafi-marca-presenca-no-podio-do-5-premio-internacional-de-danca-de-sao-paulo","status":"publish","type":"post","link":"https:\/\/jornalfatosenoticias.com.br\/index.php\/2023\/09\/26\/fafi-marca-presenca-no-podio-do-5-premio-internacional-de-danca-de-sao-paulo\/","title":{"rendered":"Fafi marca presen\u00e7a no p\u00f3dio do 5\u00b0 Pr\u00eamio Internacional de Dan\u00e7a de S\u00e3o Paulo"},"content":{"rendered":"\n<p><em><span class=\"has-inline-color has-black-color\">Por <strong>Eduarda Miranda<\/strong><\/span><\/em><\/p>\n\n\n\n<div class=\"wp-block-image\"><figure class=\"aligncenter size-large\"><img loading=\"lazy\" decoding=\"async\" width=\"729\" height=\"90\" src=\"https:\/\/jornalfatosenoticias.com.br\/wp-content\/uploads\/2020\/02\/Logo_Mizu.png\" alt=\"\" class=\"wp-image-1441\" srcset=\"https:\/\/jornalfatosenoticias.com.br\/wp-content\/uploads\/2020\/02\/Logo_Mizu.png 729w, https:\/\/jornalfatosenoticias.com.br\/wp-content\/uploads\/2020\/02\/Logo_Mizu-300x37.png 300w\" sizes=\"auto, (max-width: 729px) 100vw, 729px\" \/><\/figure><\/div>\n\n\n\n<p>Com quase um ano de prepara\u00e7\u00e3o para os espet\u00e1culos, n\u00e3o deu outra. A Fafi dominou o p\u00f3dio do 5\u00b0 Pr\u00eamio Internacional de Dan\u00e7a de S\u00e3o Paulo, com alunas da 4\u00b0, 6\u00b0 e 8\u00b0 s\u00e9ries do Curso B\u00e1sico de Dan\u00e7a e T\u00e9cnico em Dan\u00e7a. O festival aconteceu entre os dias 21 e 24 de setembro, no Teatro S\u00e9rgio Cardoso, em S\u00e3o Paulo. Neste ano, 22 alunas da Escola T\u00e9cnica de Teatro, Dan\u00e7a e M\u00fasica participaram do concurso.<br>O secret\u00e1rio de Cultura de Vit\u00f3ria, Edu Henning, fala com emo\u00e7\u00e3o sobre a participa\u00e7\u00e3o das alunas. <\/p>\n\n\n\n<div class=\"wp-block-image\"><figure class=\"aligncenter size-large is-resized\"><img loading=\"lazy\" decoding=\"async\" src=\"https:\/\/jornalfatosenoticias.com.br\/wp-content\/uploads\/2023\/08\/VSM-Group.jpeg\" alt=\"\" class=\"wp-image-44364\" width=\"281\" height=\"281\"\/><\/figure><\/div>\n\n\n\n<blockquote class=\"wp-block-quote is-layout-flow wp-block-quote-is-layout-flow\"><p><span class=\"has-inline-color has-luminous-vivid-orange-color\">\u00c9 lindo ver o comprometimento que as meninas t\u00eam com a dan\u00e7a. As apresenta\u00e7\u00f5es entregaram tudo o que propuseram e muito mais. Vit\u00f3ria se fez presente, por meio de nossas alunas, que representaram todo o talento que o povo capixaba tem&#8221;, comenta.<\/span><\/p><\/blockquote>\n\n\n\n<div class=\"wp-block-image\"><figure class=\"aligncenter size-large is-resized\"><img loading=\"lazy\" decoding=\"async\" src=\"https:\/\/jornalfatosenoticias.com.br\/wp-content\/uploads\/2023\/08\/BKR-1024x1021.jpg\" alt=\"\" class=\"wp-image-44494\" width=\"286\" height=\"285\" srcset=\"https:\/\/jornalfatosenoticias.com.br\/wp-content\/uploads\/2023\/08\/BKR-1024x1021.jpg 1024w, https:\/\/jornalfatosenoticias.com.br\/wp-content\/uploads\/2023\/08\/BKR-300x300.jpg 300w, https:\/\/jornalfatosenoticias.com.br\/wp-content\/uploads\/2023\/08\/BKR-150x150.jpg 150w, https:\/\/jornalfatosenoticias.com.br\/wp-content\/uploads\/2023\/08\/BKR-768x766.jpg 768w, https:\/\/jornalfatosenoticias.com.br\/wp-content\/uploads\/2023\/08\/BKR.jpg 1080w\" sizes=\"auto, (max-width: 286px) 100vw, 286px\" \/><\/figure><\/div>\n\n\n\n<p>O coordenador de Dan\u00e7a da Fafi, Nerdin Montenegro, fala com felicidade da participa\u00e7\u00e3o das alunas, &#8220;Estamos muito orgulhosos das nossas alunas que participaram do PRIDANSP 2023, foram 12 coreografias apresentadas e premiadas. Ainda temos muito trabalho pela frente e este reconhecimento nos estimula a seguir adiante para continuar ganhando espa\u00e7o no mundo da dan\u00e7a. N\u00e3o posso deixar de agradecer a toda equipe envolvida e aos familiares que sempre acreditaram e nos apoiaram&#8221;.<\/p>\n\n\n\n<div class=\"wp-block-image\"><figure class=\"aligncenter size-large\"><img loading=\"lazy\" decoding=\"async\" width=\"300\" height=\"250\" src=\"https:\/\/jornalfatosenoticias.com.br\/wp-content\/uploads\/2022\/08\/arte-Casarao.jpg\" alt=\"\" class=\"wp-image-33178\"\/><\/figure><\/div>\n\n\n\n<p><strong><em>Fonte: <a href=\"https:\/\/www.vitoria.es.gov.br\/noticia\/fafi-marca-presenca-no-podio-do-5-graus-premio-internacional-de-danca-de-sao-paulo-48783\">PMV<\/a><\/em><\/strong><\/p>\n","protected":false},"excerpt":{"rendered":"<p>Por Eduarda Miranda Com quase um ano de prepara\u00e7\u00e3o para os espet\u00e1culos, n\u00e3o deu outra. A Fafi dominou o p\u00f3dio do 5\u00b0 Pr\u00eamio Internacional de Dan\u00e7a de S\u00e3o Paulo, com alunas da 4\u00b0, 6\u00b0 e 8\u00b0 s\u00e9ries do Curso B\u00e1sico de Dan\u00e7a e T\u00e9cnico em Dan\u00e7a. O festival aconteceu entre os dias 21 e 24 [&hellip;]<\/p>\n","protected":false},"author":2,"featured_media":45493,"comment_status":"open","ping_status":"open","sticky":false,"template":"","format":"standard","meta":{"footnotes":""},"categories":[4],"tags":[21430,4943,4243,103,12194,4311],"class_list":["post-45492","post","type-post","status-publish","format-standard","has-post-thumbnail","hentry","category-cultura","tag-5-premio-internacional-de-danca-de-sao-paulo","tag-danca","tag-fafi","tag-musica","tag-podio","tag-teatro"],"yoast_head":"<!-- This site is optimized with the Yoast SEO plugin v26.5 - https:\/\/yoast.com\/wordpress\/plugins\/seo\/ -->\n<title>Fafi marca presen\u00e7a no p\u00f3dio do 5\u00b0 Pr\u00eamio Internacional de Dan\u00e7a de S\u00e3o Paulo - Jornal Fatos e Not\u00edcias<\/title>\n<meta name=\"robots\" content=\"index, follow, max-snippet:-1, max-image-preview:large, max-video-preview:-1\" \/>\n<link rel=\"canonical\" href=\"https:\/\/jornalfatosenoticias.com.br\/index.php\/2023\/09\/26\/fafi-marca-presenca-no-podio-do-5-premio-internacional-de-danca-de-sao-paulo\/\" \/>\n<meta property=\"og:locale\" content=\"pt_BR\" \/>\n<meta property=\"og:type\" content=\"article\" \/>\n<meta property=\"og:title\" content=\"Fafi marca presen\u00e7a no p\u00f3dio do 5\u00b0 Pr\u00eamio Internacional de Dan\u00e7a de S\u00e3o Paulo - Jornal Fatos e Not\u00edcias\" \/>\n<meta property=\"og:description\" content=\"Por Eduarda Miranda Com quase um ano de prepara\u00e7\u00e3o para os espet\u00e1culos, n\u00e3o deu outra. A Fafi dominou o p\u00f3dio do 5\u00b0 Pr\u00eamio Internacional de Dan\u00e7a de S\u00e3o Paulo, com alunas da 4\u00b0, 6\u00b0 e 8\u00b0 s\u00e9ries do Curso B\u00e1sico de Dan\u00e7a e T\u00e9cnico em Dan\u00e7a. O festival aconteceu entre os dias 21 e 24 [&hellip;]\" \/>\n<meta property=\"og:url\" content=\"https:\/\/jornalfatosenoticias.com.br\/index.php\/2023\/09\/26\/fafi-marca-presenca-no-podio-do-5-premio-internacional-de-danca-de-sao-paulo\/\" \/>\n<meta property=\"og:site_name\" content=\"Jornal Fatos e Not\u00edcias\" \/>\n<meta property=\"article:published_time\" content=\"2023-09-26T17:36:46+00:00\" \/>\n<meta property=\"article:modified_time\" content=\"2023-09-26T17:44:37+00:00\" \/>\n<meta property=\"og:image\" content=\"https:\/\/jornalfatosenoticias.com.br\/wp-content\/uploads\/2023\/09\/FAFI.jpg\" \/>\n\t<meta property=\"og:image:width\" content=\"900\" \/>\n\t<meta property=\"og:image:height\" content=\"617\" \/>\n\t<meta property=\"og:image:type\" content=\"image\/jpeg\" \/>\n<meta name=\"author\" content=\"Luzimara Fernandes\" \/>\n<meta name=\"twitter:card\" content=\"summary_large_image\" \/>\n<meta name=\"twitter:label1\" content=\"Escrito por\" \/>\n\t<meta name=\"twitter:data1\" content=\"Luzimara Fernandes\" \/>\n\t<meta name=\"twitter:label2\" content=\"Est. tempo de leitura\" \/>\n\t<meta name=\"twitter:data2\" content=\"1 minuto\" \/>\n<script type=\"application\/ld+json\" class=\"yoast-schema-graph\">{\"@context\":\"https:\/\/schema.org\",\"@graph\":[{\"@type\":\"Article\",\"@id\":\"https:\/\/jornalfatosenoticias.com.br\/index.php\/2023\/09\/26\/fafi-marca-presenca-no-podio-do-5-premio-internacional-de-danca-de-sao-paulo\/#article\",\"isPartOf\":{\"@id\":\"https:\/\/jornalfatosenoticias.com.br\/index.php\/2023\/09\/26\/fafi-marca-presenca-no-podio-do-5-premio-internacional-de-danca-de-sao-paulo\/\"},\"author\":{\"name\":\"Luzimara Fernandes\",\"@id\":\"https:\/\/jornalfatosenoticias.com.br\/#\/schema\/person\/d63837fa13ac8666eb9e74e0985d6f81\"},\"headline\":\"Fafi marca presen\u00e7a no p\u00f3dio do 5\u00b0 Pr\u00eamio Internacional de Dan\u00e7a de S\u00e3o Paulo\",\"datePublished\":\"2023-09-26T17:36:46+00:00\",\"dateModified\":\"2023-09-26T17:44:37+00:00\",\"mainEntityOfPage\":{\"@id\":\"https:\/\/jornalfatosenoticias.com.br\/index.php\/2023\/09\/26\/fafi-marca-presenca-no-podio-do-5-premio-internacional-de-danca-de-sao-paulo\/\"},\"wordCount\":249,\"commentCount\":0,\"publisher\":{\"@id\":\"https:\/\/jornalfatosenoticias.com.br\/#organization\"},\"image\":{\"@id\":\"https:\/\/jornalfatosenoticias.com.br\/index.php\/2023\/09\/26\/fafi-marca-presenca-no-podio-do-5-premio-internacional-de-danca-de-sao-paulo\/#primaryimage\"},\"thumbnailUrl\":\"https:\/\/jornalfatosenoticias.com.br\/wp-content\/uploads\/2023\/09\/FAFI.jpg\",\"keywords\":[\"5\u00b0 Pr\u00eamio Internacional de Dan\u00e7a de S\u00e3o Paulo\",\"dan\u00e7a\",\"Fafi\",\"m\u00fasica\",\"p\u00f3dio\",\"teatro\"],\"articleSection\":[\"Cultura\"],\"inLanguage\":\"pt-BR\",\"potentialAction\":[{\"@type\":\"CommentAction\",\"name\":\"Comment\",\"target\":[\"https:\/\/jornalfatosenoticias.com.br\/index.php\/2023\/09\/26\/fafi-marca-presenca-no-podio-do-5-premio-internacional-de-danca-de-sao-paulo\/#respond\"]}]},{\"@type\":\"WebPage\",\"@id\":\"https:\/\/jornalfatosenoticias.com.br\/index.php\/2023\/09\/26\/fafi-marca-presenca-no-podio-do-5-premio-internacional-de-danca-de-sao-paulo\/\",\"url\":\"https:\/\/jornalfatosenoticias.com.br\/index.php\/2023\/09\/26\/fafi-marca-presenca-no-podio-do-5-premio-internacional-de-danca-de-sao-paulo\/\",\"name\":\"Fafi marca presen\u00e7a no p\u00f3dio do 5\u00b0 Pr\u00eamio Internacional de Dan\u00e7a de S\u00e3o Paulo - Jornal Fatos e Not\u00edcias\",\"isPartOf\":{\"@id\":\"https:\/\/jornalfatosenoticias.com.br\/#website\"},\"primaryImageOfPage\":{\"@id\":\"https:\/\/jornalfatosenoticias.com.br\/index.php\/2023\/09\/26\/fafi-marca-presenca-no-podio-do-5-premio-internacional-de-danca-de-sao-paulo\/#primaryimage\"},\"image\":{\"@id\":\"https:\/\/jornalfatosenoticias.com.br\/index.php\/2023\/09\/26\/fafi-marca-presenca-no-podio-do-5-premio-internacional-de-danca-de-sao-paulo\/#primaryimage\"},\"thumbnailUrl\":\"https:\/\/jornalfatosenoticias.com.br\/wp-content\/uploads\/2023\/09\/FAFI.jpg\",\"datePublished\":\"2023-09-26T17:36:46+00:00\",\"dateModified\":\"2023-09-26T17:44:37+00:00\",\"breadcrumb\":{\"@id\":\"https:\/\/jornalfatosenoticias.com.br\/index.php\/2023\/09\/26\/fafi-marca-presenca-no-podio-do-5-premio-internacional-de-danca-de-sao-paulo\/#breadcrumb\"},\"inLanguage\":\"pt-BR\",\"potentialAction\":[{\"@type\":\"ReadAction\",\"target\":[\"https:\/\/jornalfatosenoticias.com.br\/index.php\/2023\/09\/26\/fafi-marca-presenca-no-podio-do-5-premio-internacional-de-danca-de-sao-paulo\/\"]}]},{\"@type\":\"ImageObject\",\"inLanguage\":\"pt-BR\",\"@id\":\"https:\/\/jornalfatosenoticias.com.br\/index.php\/2023\/09\/26\/fafi-marca-presenca-no-podio-do-5-premio-internacional-de-danca-de-sao-paulo\/#primaryimage\",\"url\":\"https:\/\/jornalfatosenoticias.com.br\/wp-content\/uploads\/2023\/09\/FAFI.jpg\",\"contentUrl\":\"https:\/\/jornalfatosenoticias.com.br\/wp-content\/uploads\/2023\/09\/FAFI.jpg\",\"width\":900,\"height\":617,\"caption\":\"Alunas da Fafi levam 2\u00b0 e 3\u00b0 lugares no 5\u00b0 Pr\u00eamio Internacional de Dan\u00e7a de S\u00e3o Paulo\"},{\"@type\":\"BreadcrumbList\",\"@id\":\"https:\/\/jornalfatosenoticias.com.br\/index.php\/2023\/09\/26\/fafi-marca-presenca-no-podio-do-5-premio-internacional-de-danca-de-sao-paulo\/#breadcrumb\",\"itemListElement\":[{\"@type\":\"ListItem\",\"position\":1,\"name\":\"In\u00edcio\",\"item\":\"https:\/\/jornalfatosenoticias.com.br\/\"},{\"@type\":\"ListItem\",\"position\":2,\"name\":\"Fafi marca presen\u00e7a no p\u00f3dio do 5\u00b0 Pr\u00eamio Internacional de Dan\u00e7a de S\u00e3o Paulo\"}]},{\"@type\":\"WebSite\",\"@id\":\"https:\/\/jornalfatosenoticias.com.br\/#website\",\"url\":\"https:\/\/jornalfatosenoticias.com.br\/\",\"name\":\"Jornal Fatos e Not\u00edcias\",\"description\":\"Not\u00edcias em geral\",\"publisher\":{\"@id\":\"https:\/\/jornalfatosenoticias.com.br\/#organization\"},\"potentialAction\":[{\"@type\":\"SearchAction\",\"target\":{\"@type\":\"EntryPoint\",\"urlTemplate\":\"https:\/\/jornalfatosenoticias.com.br\/?s={search_term_string}\"},\"query-input\":{\"@type\":\"PropertyValueSpecification\",\"valueRequired\":true,\"valueName\":\"search_term_string\"}}],\"inLanguage\":\"pt-BR\"},{\"@type\":\"Organization\",\"@id\":\"https:\/\/jornalfatosenoticias.com.br\/#organization\",\"name\":\"Jornal Fatos e Not\u00edcias\",\"url\":\"https:\/\/jornalfatosenoticias.com.br\/\",\"logo\":{\"@type\":\"ImageObject\",\"inLanguage\":\"pt-BR\",\"@id\":\"https:\/\/jornalfatosenoticias.com.br\/#\/schema\/logo\/image\/\",\"url\":\"https:\/\/jornalfatosenoticias.com.br\/wp-content\/uploads\/2020\/02\/logo120.png\",\"contentUrl\":\"https:\/\/jornalfatosenoticias.com.br\/wp-content\/uploads\/2020\/02\/logo120.png\",\"width\":1227,\"height\":120,\"caption\":\"Jornal Fatos e Not\u00edcias\"},\"image\":{\"@id\":\"https:\/\/jornalfatosenoticias.com.br\/#\/schema\/logo\/image\/\"}},{\"@type\":\"Person\",\"@id\":\"https:\/\/jornalfatosenoticias.com.br\/#\/schema\/person\/d63837fa13ac8666eb9e74e0985d6f81\",\"name\":\"Luzimara Fernandes\",\"image\":{\"@type\":\"ImageObject\",\"inLanguage\":\"pt-BR\",\"@id\":\"https:\/\/jornalfatosenoticias.com.br\/#\/schema\/person\/image\/\",\"url\":\"https:\/\/jornalfatosenoticias.com.br\/wp-content\/uploads\/2025\/05\/EU_portal.jpg\",\"contentUrl\":\"https:\/\/jornalfatosenoticias.com.br\/wp-content\/uploads\/2025\/05\/EU_portal.jpg\",\"caption\":\"Luzimara Fernandes\"},\"description\":\"Jornalista MTB 2358-ES\",\"sameAs\":[\"https:\/\/jornalfatosenoticias.com.br\"],\"url\":\"https:\/\/jornalfatosenoticias.com.br\/index.php\/author\/luzimara\/\"}]}<\/script>\n<!-- \/ Yoast SEO plugin. -->","yoast_head_json":{"title":"Fafi marca presen\u00e7a no p\u00f3dio do 5\u00b0 Pr\u00eamio Internacional de Dan\u00e7a de S\u00e3o Paulo - Jornal Fatos e Not\u00edcias","robots":{"index":"index","follow":"follow","max-snippet":"max-snippet:-1","max-image-preview":"max-image-preview:large","max-video-preview":"max-video-preview:-1"},"canonical":"https:\/\/jornalfatosenoticias.com.br\/index.php\/2023\/09\/26\/fafi-marca-presenca-no-podio-do-5-premio-internacional-de-danca-de-sao-paulo\/","og_locale":"pt_BR","og_type":"article","og_title":"Fafi marca presen\u00e7a no p\u00f3dio do 5\u00b0 Pr\u00eamio Internacional de Dan\u00e7a de S\u00e3o Paulo - Jornal Fatos e Not\u00edcias","og_description":"Por Eduarda Miranda Com quase um ano de prepara\u00e7\u00e3o para os espet\u00e1culos, n\u00e3o deu outra. A Fafi dominou o p\u00f3dio do 5\u00b0 Pr\u00eamio Internacional de Dan\u00e7a de S\u00e3o Paulo, com alunas da 4\u00b0, 6\u00b0 e 8\u00b0 s\u00e9ries do Curso B\u00e1sico de Dan\u00e7a e T\u00e9cnico em Dan\u00e7a. O festival aconteceu entre os dias 21 e 24 [&hellip;]","og_url":"https:\/\/jornalfatosenoticias.com.br\/index.php\/2023\/09\/26\/fafi-marca-presenca-no-podio-do-5-premio-internacional-de-danca-de-sao-paulo\/","og_site_name":"Jornal Fatos e Not\u00edcias","article_published_time":"2023-09-26T17:36:46+00:00","article_modified_time":"2023-09-26T17:44:37+00:00","og_image":[{"width":900,"height":617,"url":"https:\/\/jornalfatosenoticias.com.br\/wp-content\/uploads\/2023\/09\/FAFI.jpg","type":"image\/jpeg"}],"author":"Luzimara Fernandes","twitter_card":"summary_large_image","twitter_misc":{"Escrito por":"Luzimara Fernandes","Est. tempo de leitura":"1 minuto"},"schema":{"@context":"https:\/\/schema.org","@graph":[{"@type":"Article","@id":"https:\/\/jornalfatosenoticias.com.br\/index.php\/2023\/09\/26\/fafi-marca-presenca-no-podio-do-5-premio-internacional-de-danca-de-sao-paulo\/#article","isPartOf":{"@id":"https:\/\/jornalfatosenoticias.com.br\/index.php\/2023\/09\/26\/fafi-marca-presenca-no-podio-do-5-premio-internacional-de-danca-de-sao-paulo\/"},"author":{"name":"Luzimara Fernandes","@id":"https:\/\/jornalfatosenoticias.com.br\/#\/schema\/person\/d63837fa13ac8666eb9e74e0985d6f81"},"headline":"Fafi marca presen\u00e7a no p\u00f3dio do 5\u00b0 Pr\u00eamio Internacional de Dan\u00e7a de S\u00e3o Paulo","datePublished":"2023-09-26T17:36:46+00:00","dateModified":"2023-09-26T17:44:37+00:00","mainEntityOfPage":{"@id":"https:\/\/jornalfatosenoticias.com.br\/index.php\/2023\/09\/26\/fafi-marca-presenca-no-podio-do-5-premio-internacional-de-danca-de-sao-paulo\/"},"wordCount":249,"commentCount":0,"publisher":{"@id":"https:\/\/jornalfatosenoticias.com.br\/#organization"},"image":{"@id":"https:\/\/jornalfatosenoticias.com.br\/index.php\/2023\/09\/26\/fafi-marca-presenca-no-podio-do-5-premio-internacional-de-danca-de-sao-paulo\/#primaryimage"},"thumbnailUrl":"https:\/\/jornalfatosenoticias.com.br\/wp-content\/uploads\/2023\/09\/FAFI.jpg","keywords":["5\u00b0 Pr\u00eamio Internacional de Dan\u00e7a de S\u00e3o Paulo","dan\u00e7a","Fafi","m\u00fasica","p\u00f3dio","teatro"],"articleSection":["Cultura"],"inLanguage":"pt-BR","potentialAction":[{"@type":"CommentAction","name":"Comment","target":["https:\/\/jornalfatosenoticias.com.br\/index.php\/2023\/09\/26\/fafi-marca-presenca-no-podio-do-5-premio-internacional-de-danca-de-sao-paulo\/#respond"]}]},{"@type":"WebPage","@id":"https:\/\/jornalfatosenoticias.com.br\/index.php\/2023\/09\/26\/fafi-marca-presenca-no-podio-do-5-premio-internacional-de-danca-de-sao-paulo\/","url":"https:\/\/jornalfatosenoticias.com.br\/index.php\/2023\/09\/26\/fafi-marca-presenca-no-podio-do-5-premio-internacional-de-danca-de-sao-paulo\/","name":"Fafi marca presen\u00e7a no p\u00f3dio do 5\u00b0 Pr\u00eamio Internacional de Dan\u00e7a de S\u00e3o Paulo - Jornal Fatos e Not\u00edcias","isPartOf":{"@id":"https:\/\/jornalfatosenoticias.com.br\/#website"},"primaryImageOfPage":{"@id":"https:\/\/jornalfatosenoticias.com.br\/index.php\/2023\/09\/26\/fafi-marca-presenca-no-podio-do-5-premio-internacional-de-danca-de-sao-paulo\/#primaryimage"},"image":{"@id":"https:\/\/jornalfatosenoticias.com.br\/index.php\/2023\/09\/26\/fafi-marca-presenca-no-podio-do-5-premio-internacional-de-danca-de-sao-paulo\/#primaryimage"},"thumbnailUrl":"https:\/\/jornalfatosenoticias.com.br\/wp-content\/uploads\/2023\/09\/FAFI.jpg","datePublished":"2023-09-26T17:36:46+00:00","dateModified":"2023-09-26T17:44:37+00:00","breadcrumb":{"@id":"https:\/\/jornalfatosenoticias.com.br\/index.php\/2023\/09\/26\/fafi-marca-presenca-no-podio-do-5-premio-internacional-de-danca-de-sao-paulo\/#breadcrumb"},"inLanguage":"pt-BR","potentialAction":[{"@type":"ReadAction","target":["https:\/\/jornalfatosenoticias.com.br\/index.php\/2023\/09\/26\/fafi-marca-presenca-no-podio-do-5-premio-internacional-de-danca-de-sao-paulo\/"]}]},{"@type":"ImageObject","inLanguage":"pt-BR","@id":"https:\/\/jornalfatosenoticias.com.br\/index.php\/2023\/09\/26\/fafi-marca-presenca-no-podio-do-5-premio-internacional-de-danca-de-sao-paulo\/#primaryimage","url":"https:\/\/jornalfatosenoticias.com.br\/wp-content\/uploads\/2023\/09\/FAFI.jpg","contentUrl":"https:\/\/jornalfatosenoticias.com.br\/wp-content\/uploads\/2023\/09\/FAFI.jpg","width":900,"height":617,"caption":"Alunas da Fafi levam 2\u00b0 e 3\u00b0 lugares no 5\u00b0 Pr\u00eamio Internacional de Dan\u00e7a de S\u00e3o Paulo"},{"@type":"BreadcrumbList","@id":"https:\/\/jornalfatosenoticias.com.br\/index.php\/2023\/09\/26\/fafi-marca-presenca-no-podio-do-5-premio-internacional-de-danca-de-sao-paulo\/#breadcrumb","itemListElement":[{"@type":"ListItem","position":1,"name":"In\u00edcio","item":"https:\/\/jornalfatosenoticias.com.br\/"},{"@type":"ListItem","position":2,"name":"Fafi marca presen\u00e7a no p\u00f3dio do 5\u00b0 Pr\u00eamio Internacional de Dan\u00e7a de S\u00e3o Paulo"}]},{"@type":"WebSite","@id":"https:\/\/jornalfatosenoticias.com.br\/#website","url":"https:\/\/jornalfatosenoticias.com.br\/","name":"Jornal Fatos e Not\u00edcias","description":"Not\u00edcias em geral","publisher":{"@id":"https:\/\/jornalfatosenoticias.com.br\/#organization"},"potentialAction":[{"@type":"SearchAction","target":{"@type":"EntryPoint","urlTemplate":"https:\/\/jornalfatosenoticias.com.br\/?s={search_term_string}"},"query-input":{"@type":"PropertyValueSpecification","valueRequired":true,"valueName":"search_term_string"}}],"inLanguage":"pt-BR"},{"@type":"Organization","@id":"https:\/\/jornalfatosenoticias.com.br\/#organization","name":"Jornal Fatos e Not\u00edcias","url":"https:\/\/jornalfatosenoticias.com.br\/","logo":{"@type":"ImageObject","inLanguage":"pt-BR","@id":"https:\/\/jornalfatosenoticias.com.br\/#\/schema\/logo\/image\/","url":"https:\/\/jornalfatosenoticias.com.br\/wp-content\/uploads\/2020\/02\/logo120.png","contentUrl":"https:\/\/jornalfatosenoticias.com.br\/wp-content\/uploads\/2020\/02\/logo120.png","width":1227,"height":120,"caption":"Jornal Fatos e Not\u00edcias"},"image":{"@id":"https:\/\/jornalfatosenoticias.com.br\/#\/schema\/logo\/image\/"}},{"@type":"Person","@id":"https:\/\/jornalfatosenoticias.com.br\/#\/schema\/person\/d63837fa13ac8666eb9e74e0985d6f81","name":"Luzimara Fernandes","image":{"@type":"ImageObject","inLanguage":"pt-BR","@id":"https:\/\/jornalfatosenoticias.com.br\/#\/schema\/person\/image\/","url":"https:\/\/jornalfatosenoticias.com.br\/wp-content\/uploads\/2025\/05\/EU_portal.jpg","contentUrl":"https:\/\/jornalfatosenoticias.com.br\/wp-content\/uploads\/2025\/05\/EU_portal.jpg","caption":"Luzimara Fernandes"},"description":"Jornalista MTB 2358-ES","sameAs":["https:\/\/jornalfatosenoticias.com.br"],"url":"https:\/\/jornalfatosenoticias.com.br\/index.php\/author\/luzimara\/"}]}},"cc_featured_image_caption":{"caption_text":"(Foto: Divulga\u00e7\u00e3o Semc)","source_text":"","source_url":""},"jetpack_featured_media_url":"https:\/\/jornalfatosenoticias.com.br\/wp-content\/uploads\/2023\/09\/FAFI.jpg","_links":{"self":[{"href":"https:\/\/jornalfatosenoticias.com.br\/index.php\/wp-json\/wp\/v2\/posts\/45492","targetHints":{"allow":["GET"]}}],"collection":[{"href":"https:\/\/jornalfatosenoticias.com.br\/index.php\/wp-json\/wp\/v2\/posts"}],"about":[{"href":"https:\/\/jornalfatosenoticias.com.br\/index.php\/wp-json\/wp\/v2\/types\/post"}],"author":[{"embeddable":true,"href":"https:\/\/jornalfatosenoticias.com.br\/index.php\/wp-json\/wp\/v2\/users\/2"}],"replies":[{"embeddable":true,"href":"https:\/\/jornalfatosenoticias.com.br\/index.php\/wp-json\/wp\/v2\/comments?post=45492"}],"version-history":[{"count":0,"href":"https:\/\/jornalfatosenoticias.com.br\/index.php\/wp-json\/wp\/v2\/posts\/45492\/revisions"}],"wp:featuredmedia":[{"embeddable":true,"href":"https:\/\/jornalfatosenoticias.com.br\/index.php\/wp-json\/wp\/v2\/media\/45493"}],"wp:attachment":[{"href":"https:\/\/jornalfatosenoticias.com.br\/index.php\/wp-json\/wp\/v2\/media?parent=45492"}],"wp:term":[{"taxonomy":"category","embeddable":true,"href":"https:\/\/jornalfatosenoticias.com.br\/index.php\/wp-json\/wp\/v2\/categories?post=45492"},{"taxonomy":"post_tag","embeddable":true,"href":"https:\/\/jornalfatosenoticias.com.br\/index.php\/wp-json\/wp\/v2\/tags?post=45492"}],"curies":[{"name":"wp","href":"https:\/\/api.w.org\/{rel}","templated":true}]}}