{"id":45497,"date":"2023-09-26T14:51:48","date_gmt":"2023-09-26T17:51:48","guid":{"rendered":"https:\/\/jornalfatosenoticias.com.br\/?p=45497"},"modified":"2023-09-26T14:51:49","modified_gmt":"2023-09-26T17:51:49","slug":"fabrica-de-pedras-do-periodo-do-segundo-templo-e-encontrada-em-jerusalem","status":"publish","type":"post","link":"https:\/\/jornalfatosenoticias.com.br\/index.php\/2023\/09\/26\/fabrica-de-pedras-do-periodo-do-segundo-templo-e-encontrada-em-jerusalem\/","title":{"rendered":"F\u00e1brica de pedras do per\u00edodo do Segundo Templo \u00e9 encontrada em Jerusal\u00e9m"},"content":{"rendered":"\n<p><em><span class=\"has-inline-color has-black-color\">Os arque\u00f3logos do Minist\u00e9rio da Defesa de Israel anunciaram a descoberta dos restos de pedras e de uma loja nos arredores de Jerusal\u00e9m<\/span><\/em><\/p>\n\n\n\n<div class=\"wp-block-image\"><figure class=\"aligncenter size-large is-resized\"><img loading=\"lazy\" decoding=\"async\" src=\"https:\/\/jornalfatosenoticias.com.br\/wp-content\/uploads\/2023\/09\/vetorvix1024_1.jpg\" alt=\"\" class=\"wp-image-44868\" width=\"389\" height=\"103\" srcset=\"https:\/\/jornalfatosenoticias.com.br\/wp-content\/uploads\/2023\/09\/vetorvix1024_1.jpg 1024w, https:\/\/jornalfatosenoticias.com.br\/wp-content\/uploads\/2023\/09\/vetorvix1024_1-300x80.jpg 300w, https:\/\/jornalfatosenoticias.com.br\/wp-content\/uploads\/2023\/09\/vetorvix1024_1-768x205.jpg 768w\" sizes=\"auto, (max-width: 389px) 100vw, 389px\" \/><\/figure><\/div>\n\n\n\n<p>Jerusal\u00e9m, uma cidade que h\u00e1 s\u00e9culos \u00e9 o epicentro de eventos hist\u00f3ricos e religiosos, continua a revelar segredos antigos enterrados sob sua terra sagrada. Recentemente, arque\u00f3logos do Minist\u00e9rio da Defesa de Israel anunciaram uma descoberta not\u00e1vel nos arredores da cidade, revelando os restos de pedras e uma loja que remontam ao per\u00edodo do Segundo Templo. Essa descoberta emocionante oferece uma vis\u00e3o \u00fanica da vida e da cultura da \u00e9poca e acrescenta um novo cap\u00edtulo \u00e0 rica hist\u00f3ria de Jerusal\u00e9m.<br>A descoberta dos restos de pedras e do centro de produ\u00e7\u00e3o lan\u00e7a luz sobre a vida e a economia da \u00e9poca do Segundo Templo. Os arque\u00f3logos acreditam que as pedras eram produzidas naquela loja e posteriormente utilizadas na constru\u00e7\u00e3o e manuten\u00e7\u00e3o do templo e de outras estruturas na cidade. Isso demonstra a import\u00e2ncia do local como um centro de produ\u00e7\u00e3o e distribui\u00e7\u00e3o de materiais vitais para a comunidade.<\/p>\n\n\n\n<div class=\"wp-block-image\"><figure class=\"aligncenter size-large is-resized\"><img loading=\"lazy\" decoding=\"async\" src=\"https:\/\/jornalfatosenoticias.com.br\/wp-content\/uploads\/2023\/08\/Steel.jpeg\" alt=\"\" class=\"wp-image-44634\" width=\"305\" height=\"248\" srcset=\"https:\/\/jornalfatosenoticias.com.br\/wp-content\/uploads\/2023\/08\/Steel.jpeg 800w, https:\/\/jornalfatosenoticias.com.br\/wp-content\/uploads\/2023\/08\/Steel-300x244.jpeg 300w, https:\/\/jornalfatosenoticias.com.br\/wp-content\/uploads\/2023\/08\/Steel-768x624.jpeg 768w\" sizes=\"auto, (max-width: 305px) 100vw, 305px\" \/><\/figure><\/div>\n\n\n\n<p>O jornal <em>The Times of Israel<\/em> <a href=\"https:\/\/www.timesofisrael.com\/archaeologists-find-ancient-stonemasons-workshop-in-jerusalem-outskirts\/\" target=\"_blank\" rel=\"noreferrer noopener\">informou<\/a> que o s\u00edtio onde a descoberta ocorreu era do <a href=\"https:\/\/sputniknewsbr.com.br\/20230920\/restos-de-dinossauro-com-pele-fossilizada-sao-descobertos-nos-eua-fotos-30382254.html\" target=\"_blank\" rel=\"noreferrer noopener\">per\u00edodo do Segundo Templo<\/a>, e que a escava\u00e7\u00e3o revelou um <strong>centro de produ\u00e7\u00e3o completo.<\/strong> A equipe de arque\u00f3logos considerou a <a href=\"https:\/\/sputniknewsbr.com.br\/20230919\/desenterram-no-reino-unido-2-espadas-romanas-de-cavalaria-de-quase-2000-anos-fotos-30387734.html\" target=\"_blank\" rel=\"noreferrer noopener\">descoberta rara e hist\u00f3rica<\/a>, j\u00e1 que o local serviu como centro de produ\u00e7\u00e3o e distribui\u00e7\u00e3o de pedras, sendo parte dos <strong>tesouros e cultura da \u00e1rea.<\/strong> O Segundo Templo judeu foi constru\u00eddo <a href=\"https:\/\/sputniknewsbr.com.br\/20230919\/geladeira-romana-antiga-desenterrada-na-bulgaria-com-vinho-e-ossos-de-animais-ainda-dentro-foto-30383648.html\" target=\"_blank\" rel=\"noreferrer noopener\">no s\u00e9culo VI a.C.<\/a> e destru\u00eddo pelos romanos em 70 d.C.<\/p>\n\n\n\n<div class=\"wp-block-image\"><figure class=\"aligncenter size-large is-resized\"><img loading=\"lazy\" decoding=\"async\" src=\"https:\/\/jornalfatosenoticias.com.br\/wp-content\/uploads\/2020\/02\/CONTROL-CS.jpg\" alt=\"\" class=\"wp-image-44991\" width=\"322\" height=\"386\" srcset=\"https:\/\/jornalfatosenoticias.com.br\/wp-content\/uploads\/2020\/02\/CONTROL-CS.jpg 834w, https:\/\/jornalfatosenoticias.com.br\/wp-content\/uploads\/2020\/02\/CONTROL-CS-250x300.jpg 250w, https:\/\/jornalfatosenoticias.com.br\/wp-content\/uploads\/2020\/02\/CONTROL-CS-768x921.jpg 768w\" sizes=\"auto, (max-width: 322px) 100vw, 322px\" \/><\/figure><\/div>\n\n\n\n<p><strong><em>Fonte: <a href=\"https:\/\/jornaldafronteira.com.br\/escavacoes-revelam-uma-fabrica-da-antiguidade-com-pedras-utilizadas-nas-operacoes-variedades#google_vignette\">Jornal da Fronteira<\/a><\/em><\/strong><\/p>\n","protected":false},"excerpt":{"rendered":"<p>Os arque\u00f3logos do Minist\u00e9rio da Defesa de Israel anunciaram a descoberta dos restos de pedras e de uma loja nos arredores de Jerusal\u00e9m Jerusal\u00e9m, uma cidade que h\u00e1 s\u00e9culos \u00e9 o epicentro de eventos hist\u00f3ricos e religiosos, continua a revelar segredos antigos enterrados sob sua terra sagrada. Recentemente, arque\u00f3logos do Minist\u00e9rio da Defesa de Israel [&hellip;]<\/p>\n","protected":false},"author":2,"featured_media":45498,"comment_status":"open","ping_status":"open","sticky":false,"template":"","format":"standard","meta":{"footnotes":""},"categories":[9808],"tags":[1478,10570,761,15960,162,476],"class_list":["post-45497","post","type-post","status-publish","format-standard","has-post-thumbnail","hentry","category-paleo-arqueologia","tag-arqueologia","tag-arqueologo","tag-arqueologos","tag-autoridade-de-antiguidades-de-israel","tag-israel","tag-sitio-arqueologico"],"yoast_head":"<!-- This site is optimized with the Yoast SEO plugin v26.5 - https:\/\/yoast.com\/wordpress\/plugins\/seo\/ -->\n<title>F\u00e1brica de pedras do per\u00edodo do Segundo Templo \u00e9 encontrada em Jerusal\u00e9m - Jornal Fatos e Not\u00edcias<\/title>\n<meta name=\"robots\" content=\"index, follow, max-snippet:-1, max-image-preview:large, max-video-preview:-1\" \/>\n<link rel=\"canonical\" href=\"https:\/\/jornalfatosenoticias.com.br\/index.php\/2023\/09\/26\/fabrica-de-pedras-do-periodo-do-segundo-templo-e-encontrada-em-jerusalem\/\" \/>\n<meta property=\"og:locale\" content=\"pt_BR\" \/>\n<meta property=\"og:type\" content=\"article\" \/>\n<meta property=\"og:title\" content=\"F\u00e1brica de pedras do per\u00edodo do Segundo Templo \u00e9 encontrada em Jerusal\u00e9m - Jornal Fatos e Not\u00edcias\" \/>\n<meta property=\"og:description\" content=\"Os arque\u00f3logos do Minist\u00e9rio da Defesa de Israel anunciaram a descoberta dos restos de pedras e de uma loja nos arredores de Jerusal\u00e9m Jerusal\u00e9m, uma cidade que h\u00e1 s\u00e9culos \u00e9 o epicentro de eventos hist\u00f3ricos e religiosos, continua a revelar segredos antigos enterrados sob sua terra sagrada. Recentemente, arque\u00f3logos do Minist\u00e9rio da Defesa de Israel [&hellip;]\" \/>\n<meta property=\"og:url\" content=\"https:\/\/jornalfatosenoticias.com.br\/index.php\/2023\/09\/26\/fabrica-de-pedras-do-periodo-do-segundo-templo-e-encontrada-em-jerusalem\/\" \/>\n<meta property=\"og:site_name\" content=\"Jornal Fatos e Not\u00edcias\" \/>\n<meta property=\"article:published_time\" content=\"2023-09-26T17:51:48+00:00\" \/>\n<meta property=\"article:modified_time\" content=\"2023-09-26T17:51:49+00:00\" \/>\n<meta property=\"og:image\" content=\"https:\/\/jornalfatosenoticias.com.br\/wp-content\/uploads\/2023\/09\/Fabrica-de-pedras-do-Segundo-Templo-em-Jerusalem.jpg\" \/>\n\t<meta property=\"og:image:width\" content=\"1000\" \/>\n\t<meta property=\"og:image:height\" content=\"626\" \/>\n\t<meta property=\"og:image:type\" content=\"image\/jpeg\" \/>\n<meta name=\"author\" content=\"Luzimara Fernandes\" \/>\n<meta name=\"twitter:card\" content=\"summary_large_image\" \/>\n<meta name=\"twitter:label1\" content=\"Escrito por\" \/>\n\t<meta name=\"twitter:data1\" content=\"Luzimara Fernandes\" \/>\n\t<meta name=\"twitter:label2\" content=\"Est. tempo de leitura\" \/>\n\t<meta name=\"twitter:data2\" content=\"1 minuto\" \/>\n<script type=\"application\/ld+json\" class=\"yoast-schema-graph\">{\"@context\":\"https:\/\/schema.org\",\"@graph\":[{\"@type\":\"Article\",\"@id\":\"https:\/\/jornalfatosenoticias.com.br\/index.php\/2023\/09\/26\/fabrica-de-pedras-do-periodo-do-segundo-templo-e-encontrada-em-jerusalem\/#article\",\"isPartOf\":{\"@id\":\"https:\/\/jornalfatosenoticias.com.br\/index.php\/2023\/09\/26\/fabrica-de-pedras-do-periodo-do-segundo-templo-e-encontrada-em-jerusalem\/\"},\"author\":{\"name\":\"Luzimara Fernandes\",\"@id\":\"https:\/\/jornalfatosenoticias.com.br\/#\/schema\/person\/d63837fa13ac8666eb9e74e0985d6f81\"},\"headline\":\"F\u00e1brica de pedras do per\u00edodo do Segundo Templo \u00e9 encontrada em Jerusal\u00e9m\",\"datePublished\":\"2023-09-26T17:51:48+00:00\",\"dateModified\":\"2023-09-26T17:51:49+00:00\",\"mainEntityOfPage\":{\"@id\":\"https:\/\/jornalfatosenoticias.com.br\/index.php\/2023\/09\/26\/fabrica-de-pedras-do-periodo-do-segundo-templo-e-encontrada-em-jerusalem\/\"},\"wordCount\":298,\"commentCount\":0,\"publisher\":{\"@id\":\"https:\/\/jornalfatosenoticias.com.br\/#organization\"},\"image\":{\"@id\":\"https:\/\/jornalfatosenoticias.com.br\/index.php\/2023\/09\/26\/fabrica-de-pedras-do-periodo-do-segundo-templo-e-encontrada-em-jerusalem\/#primaryimage\"},\"thumbnailUrl\":\"https:\/\/jornalfatosenoticias.com.br\/wp-content\/uploads\/2023\/09\/Fabrica-de-pedras-do-Segundo-Templo-em-Jerusalem.jpg\",\"keywords\":[\"arqueologia\",\"arque\u00f3logo\",\"arque\u00f3logos\",\"Autoridade de Antiguidades de Israel\",\"Israel\",\"s\u00edtio arqueol\u00f3gico\"],\"articleSection\":[\"Paleo &amp; Arqueologia\"],\"inLanguage\":\"pt-BR\",\"potentialAction\":[{\"@type\":\"CommentAction\",\"name\":\"Comment\",\"target\":[\"https:\/\/jornalfatosenoticias.com.br\/index.php\/2023\/09\/26\/fabrica-de-pedras-do-periodo-do-segundo-templo-e-encontrada-em-jerusalem\/#respond\"]}]},{\"@type\":\"WebPage\",\"@id\":\"https:\/\/jornalfatosenoticias.com.br\/index.php\/2023\/09\/26\/fabrica-de-pedras-do-periodo-do-segundo-templo-e-encontrada-em-jerusalem\/\",\"url\":\"https:\/\/jornalfatosenoticias.com.br\/index.php\/2023\/09\/26\/fabrica-de-pedras-do-periodo-do-segundo-templo-e-encontrada-em-jerusalem\/\",\"name\":\"F\u00e1brica de pedras do per\u00edodo do Segundo Templo \u00e9 encontrada em Jerusal\u00e9m - Jornal Fatos e Not\u00edcias\",\"isPartOf\":{\"@id\":\"https:\/\/jornalfatosenoticias.com.br\/#website\"},\"primaryImageOfPage\":{\"@id\":\"https:\/\/jornalfatosenoticias.com.br\/index.php\/2023\/09\/26\/fabrica-de-pedras-do-periodo-do-segundo-templo-e-encontrada-em-jerusalem\/#primaryimage\"},\"image\":{\"@id\":\"https:\/\/jornalfatosenoticias.com.br\/index.php\/2023\/09\/26\/fabrica-de-pedras-do-periodo-do-segundo-templo-e-encontrada-em-jerusalem\/#primaryimage\"},\"thumbnailUrl\":\"https:\/\/jornalfatosenoticias.com.br\/wp-content\/uploads\/2023\/09\/Fabrica-de-pedras-do-Segundo-Templo-em-Jerusalem.jpg\",\"datePublished\":\"2023-09-26T17:51:48+00:00\",\"dateModified\":\"2023-09-26T17:51:49+00:00\",\"breadcrumb\":{\"@id\":\"https:\/\/jornalfatosenoticias.com.br\/index.php\/2023\/09\/26\/fabrica-de-pedras-do-periodo-do-segundo-templo-e-encontrada-em-jerusalem\/#breadcrumb\"},\"inLanguage\":\"pt-BR\",\"potentialAction\":[{\"@type\":\"ReadAction\",\"target\":[\"https:\/\/jornalfatosenoticias.com.br\/index.php\/2023\/09\/26\/fabrica-de-pedras-do-periodo-do-segundo-templo-e-encontrada-em-jerusalem\/\"]}]},{\"@type\":\"ImageObject\",\"inLanguage\":\"pt-BR\",\"@id\":\"https:\/\/jornalfatosenoticias.com.br\/index.php\/2023\/09\/26\/fabrica-de-pedras-do-periodo-do-segundo-templo-e-encontrada-em-jerusalem\/#primaryimage\",\"url\":\"https:\/\/jornalfatosenoticias.com.br\/wp-content\/uploads\/2023\/09\/Fabrica-de-pedras-do-Segundo-Templo-em-Jerusalem.jpg\",\"contentUrl\":\"https:\/\/jornalfatosenoticias.com.br\/wp-content\/uploads\/2023\/09\/Fabrica-de-pedras-do-Segundo-Templo-em-Jerusalem.jpg\",\"width\":1000,\"height\":626},{\"@type\":\"BreadcrumbList\",\"@id\":\"https:\/\/jornalfatosenoticias.com.br\/index.php\/2023\/09\/26\/fabrica-de-pedras-do-periodo-do-segundo-templo-e-encontrada-em-jerusalem\/#breadcrumb\",\"itemListElement\":[{\"@type\":\"ListItem\",\"position\":1,\"name\":\"In\u00edcio\",\"item\":\"https:\/\/jornalfatosenoticias.com.br\/\"},{\"@type\":\"ListItem\",\"position\":2,\"name\":\"F\u00e1brica de pedras do per\u00edodo do Segundo Templo \u00e9 encontrada em Jerusal\u00e9m\"}]},{\"@type\":\"WebSite\",\"@id\":\"https:\/\/jornalfatosenoticias.com.br\/#website\",\"url\":\"https:\/\/jornalfatosenoticias.com.br\/\",\"name\":\"Jornal Fatos e Not\u00edcias\",\"description\":\"Not\u00edcias em geral\",\"publisher\":{\"@id\":\"https:\/\/jornalfatosenoticias.com.br\/#organization\"},\"potentialAction\":[{\"@type\":\"SearchAction\",\"target\":{\"@type\":\"EntryPoint\",\"urlTemplate\":\"https:\/\/jornalfatosenoticias.com.br\/?s={search_term_string}\"},\"query-input\":{\"@type\":\"PropertyValueSpecification\",\"valueRequired\":true,\"valueName\":\"search_term_string\"}}],\"inLanguage\":\"pt-BR\"},{\"@type\":\"Organization\",\"@id\":\"https:\/\/jornalfatosenoticias.com.br\/#organization\",\"name\":\"Jornal Fatos e Not\u00edcias\",\"url\":\"https:\/\/jornalfatosenoticias.com.br\/\",\"logo\":{\"@type\":\"ImageObject\",\"inLanguage\":\"pt-BR\",\"@id\":\"https:\/\/jornalfatosenoticias.com.br\/#\/schema\/logo\/image\/\",\"url\":\"https:\/\/jornalfatosenoticias.com.br\/wp-content\/uploads\/2020\/02\/logo120.png\",\"contentUrl\":\"https:\/\/jornalfatosenoticias.com.br\/wp-content\/uploads\/2020\/02\/logo120.png\",\"width\":1227,\"height\":120,\"caption\":\"Jornal Fatos e Not\u00edcias\"},\"image\":{\"@id\":\"https:\/\/jornalfatosenoticias.com.br\/#\/schema\/logo\/image\/\"}},{\"@type\":\"Person\",\"@id\":\"https:\/\/jornalfatosenoticias.com.br\/#\/schema\/person\/d63837fa13ac8666eb9e74e0985d6f81\",\"name\":\"Luzimara Fernandes\",\"image\":{\"@type\":\"ImageObject\",\"inLanguage\":\"pt-BR\",\"@id\":\"https:\/\/jornalfatosenoticias.com.br\/#\/schema\/person\/image\/\",\"url\":\"https:\/\/jornalfatosenoticias.com.br\/wp-content\/uploads\/2025\/05\/EU_portal.jpg\",\"contentUrl\":\"https:\/\/jornalfatosenoticias.com.br\/wp-content\/uploads\/2025\/05\/EU_portal.jpg\",\"caption\":\"Luzimara Fernandes\"},\"description\":\"Jornalista MTB 2358-ES\",\"sameAs\":[\"https:\/\/jornalfatosenoticias.com.br\"],\"url\":\"https:\/\/jornalfatosenoticias.com.br\/index.php\/author\/luzimara\/\"}]}<\/script>\n<!-- \/ Yoast SEO plugin. -->","yoast_head_json":{"title":"F\u00e1brica de pedras do per\u00edodo do Segundo Templo \u00e9 encontrada em Jerusal\u00e9m - Jornal Fatos e Not\u00edcias","robots":{"index":"index","follow":"follow","max-snippet":"max-snippet:-1","max-image-preview":"max-image-preview:large","max-video-preview":"max-video-preview:-1"},"canonical":"https:\/\/jornalfatosenoticias.com.br\/index.php\/2023\/09\/26\/fabrica-de-pedras-do-periodo-do-segundo-templo-e-encontrada-em-jerusalem\/","og_locale":"pt_BR","og_type":"article","og_title":"F\u00e1brica de pedras do per\u00edodo do Segundo Templo \u00e9 encontrada em Jerusal\u00e9m - Jornal Fatos e Not\u00edcias","og_description":"Os arque\u00f3logos do Minist\u00e9rio da Defesa de Israel anunciaram a descoberta dos restos de pedras e de uma loja nos arredores de Jerusal\u00e9m Jerusal\u00e9m, uma cidade que h\u00e1 s\u00e9culos \u00e9 o epicentro de eventos hist\u00f3ricos e religiosos, continua a revelar segredos antigos enterrados sob sua terra sagrada. Recentemente, arque\u00f3logos do Minist\u00e9rio da Defesa de Israel [&hellip;]","og_url":"https:\/\/jornalfatosenoticias.com.br\/index.php\/2023\/09\/26\/fabrica-de-pedras-do-periodo-do-segundo-templo-e-encontrada-em-jerusalem\/","og_site_name":"Jornal Fatos e Not\u00edcias","article_published_time":"2023-09-26T17:51:48+00:00","article_modified_time":"2023-09-26T17:51:49+00:00","og_image":[{"width":1000,"height":626,"url":"https:\/\/jornalfatosenoticias.com.br\/wp-content\/uploads\/2023\/09\/Fabrica-de-pedras-do-Segundo-Templo-em-Jerusalem.jpg","type":"image\/jpeg"}],"author":"Luzimara Fernandes","twitter_card":"summary_large_image","twitter_misc":{"Escrito por":"Luzimara Fernandes","Est. tempo de leitura":"1 minuto"},"schema":{"@context":"https:\/\/schema.org","@graph":[{"@type":"Article","@id":"https:\/\/jornalfatosenoticias.com.br\/index.php\/2023\/09\/26\/fabrica-de-pedras-do-periodo-do-segundo-templo-e-encontrada-em-jerusalem\/#article","isPartOf":{"@id":"https:\/\/jornalfatosenoticias.com.br\/index.php\/2023\/09\/26\/fabrica-de-pedras-do-periodo-do-segundo-templo-e-encontrada-em-jerusalem\/"},"author":{"name":"Luzimara Fernandes","@id":"https:\/\/jornalfatosenoticias.com.br\/#\/schema\/person\/d63837fa13ac8666eb9e74e0985d6f81"},"headline":"F\u00e1brica de pedras do per\u00edodo do Segundo Templo \u00e9 encontrada em Jerusal\u00e9m","datePublished":"2023-09-26T17:51:48+00:00","dateModified":"2023-09-26T17:51:49+00:00","mainEntityOfPage":{"@id":"https:\/\/jornalfatosenoticias.com.br\/index.php\/2023\/09\/26\/fabrica-de-pedras-do-periodo-do-segundo-templo-e-encontrada-em-jerusalem\/"},"wordCount":298,"commentCount":0,"publisher":{"@id":"https:\/\/jornalfatosenoticias.com.br\/#organization"},"image":{"@id":"https:\/\/jornalfatosenoticias.com.br\/index.php\/2023\/09\/26\/fabrica-de-pedras-do-periodo-do-segundo-templo-e-encontrada-em-jerusalem\/#primaryimage"},"thumbnailUrl":"https:\/\/jornalfatosenoticias.com.br\/wp-content\/uploads\/2023\/09\/Fabrica-de-pedras-do-Segundo-Templo-em-Jerusalem.jpg","keywords":["arqueologia","arque\u00f3logo","arque\u00f3logos","Autoridade de Antiguidades de Israel","Israel","s\u00edtio arqueol\u00f3gico"],"articleSection":["Paleo &amp; Arqueologia"],"inLanguage":"pt-BR","potentialAction":[{"@type":"CommentAction","name":"Comment","target":["https:\/\/jornalfatosenoticias.com.br\/index.php\/2023\/09\/26\/fabrica-de-pedras-do-periodo-do-segundo-templo-e-encontrada-em-jerusalem\/#respond"]}]},{"@type":"WebPage","@id":"https:\/\/jornalfatosenoticias.com.br\/index.php\/2023\/09\/26\/fabrica-de-pedras-do-periodo-do-segundo-templo-e-encontrada-em-jerusalem\/","url":"https:\/\/jornalfatosenoticias.com.br\/index.php\/2023\/09\/26\/fabrica-de-pedras-do-periodo-do-segundo-templo-e-encontrada-em-jerusalem\/","name":"F\u00e1brica de pedras do per\u00edodo do Segundo Templo \u00e9 encontrada em Jerusal\u00e9m - Jornal Fatos e Not\u00edcias","isPartOf":{"@id":"https:\/\/jornalfatosenoticias.com.br\/#website"},"primaryImageOfPage":{"@id":"https:\/\/jornalfatosenoticias.com.br\/index.php\/2023\/09\/26\/fabrica-de-pedras-do-periodo-do-segundo-templo-e-encontrada-em-jerusalem\/#primaryimage"},"image":{"@id":"https:\/\/jornalfatosenoticias.com.br\/index.php\/2023\/09\/26\/fabrica-de-pedras-do-periodo-do-segundo-templo-e-encontrada-em-jerusalem\/#primaryimage"},"thumbnailUrl":"https:\/\/jornalfatosenoticias.com.br\/wp-content\/uploads\/2023\/09\/Fabrica-de-pedras-do-Segundo-Templo-em-Jerusalem.jpg","datePublished":"2023-09-26T17:51:48+00:00","dateModified":"2023-09-26T17:51:49+00:00","breadcrumb":{"@id":"https:\/\/jornalfatosenoticias.com.br\/index.php\/2023\/09\/26\/fabrica-de-pedras-do-periodo-do-segundo-templo-e-encontrada-em-jerusalem\/#breadcrumb"},"inLanguage":"pt-BR","potentialAction":[{"@type":"ReadAction","target":["https:\/\/jornalfatosenoticias.com.br\/index.php\/2023\/09\/26\/fabrica-de-pedras-do-periodo-do-segundo-templo-e-encontrada-em-jerusalem\/"]}]},{"@type":"ImageObject","inLanguage":"pt-BR","@id":"https:\/\/jornalfatosenoticias.com.br\/index.php\/2023\/09\/26\/fabrica-de-pedras-do-periodo-do-segundo-templo-e-encontrada-em-jerusalem\/#primaryimage","url":"https:\/\/jornalfatosenoticias.com.br\/wp-content\/uploads\/2023\/09\/Fabrica-de-pedras-do-Segundo-Templo-em-Jerusalem.jpg","contentUrl":"https:\/\/jornalfatosenoticias.com.br\/wp-content\/uploads\/2023\/09\/Fabrica-de-pedras-do-Segundo-Templo-em-Jerusalem.jpg","width":1000,"height":626},{"@type":"BreadcrumbList","@id":"https:\/\/jornalfatosenoticias.com.br\/index.php\/2023\/09\/26\/fabrica-de-pedras-do-periodo-do-segundo-templo-e-encontrada-em-jerusalem\/#breadcrumb","itemListElement":[{"@type":"ListItem","position":1,"name":"In\u00edcio","item":"https:\/\/jornalfatosenoticias.com.br\/"},{"@type":"ListItem","position":2,"name":"F\u00e1brica de pedras do per\u00edodo do Segundo Templo \u00e9 encontrada em Jerusal\u00e9m"}]},{"@type":"WebSite","@id":"https:\/\/jornalfatosenoticias.com.br\/#website","url":"https:\/\/jornalfatosenoticias.com.br\/","name":"Jornal Fatos e Not\u00edcias","description":"Not\u00edcias em geral","publisher":{"@id":"https:\/\/jornalfatosenoticias.com.br\/#organization"},"potentialAction":[{"@type":"SearchAction","target":{"@type":"EntryPoint","urlTemplate":"https:\/\/jornalfatosenoticias.com.br\/?s={search_term_string}"},"query-input":{"@type":"PropertyValueSpecification","valueRequired":true,"valueName":"search_term_string"}}],"inLanguage":"pt-BR"},{"@type":"Organization","@id":"https:\/\/jornalfatosenoticias.com.br\/#organization","name":"Jornal Fatos e Not\u00edcias","url":"https:\/\/jornalfatosenoticias.com.br\/","logo":{"@type":"ImageObject","inLanguage":"pt-BR","@id":"https:\/\/jornalfatosenoticias.com.br\/#\/schema\/logo\/image\/","url":"https:\/\/jornalfatosenoticias.com.br\/wp-content\/uploads\/2020\/02\/logo120.png","contentUrl":"https:\/\/jornalfatosenoticias.com.br\/wp-content\/uploads\/2020\/02\/logo120.png","width":1227,"height":120,"caption":"Jornal Fatos e Not\u00edcias"},"image":{"@id":"https:\/\/jornalfatosenoticias.com.br\/#\/schema\/logo\/image\/"}},{"@type":"Person","@id":"https:\/\/jornalfatosenoticias.com.br\/#\/schema\/person\/d63837fa13ac8666eb9e74e0985d6f81","name":"Luzimara Fernandes","image":{"@type":"ImageObject","inLanguage":"pt-BR","@id":"https:\/\/jornalfatosenoticias.com.br\/#\/schema\/person\/image\/","url":"https:\/\/jornalfatosenoticias.com.br\/wp-content\/uploads\/2025\/05\/EU_portal.jpg","contentUrl":"https:\/\/jornalfatosenoticias.com.br\/wp-content\/uploads\/2025\/05\/EU_portal.jpg","caption":"Luzimara Fernandes"},"description":"Jornalista MTB 2358-ES","sameAs":["https:\/\/jornalfatosenoticias.com.br"],"url":"https:\/\/jornalfatosenoticias.com.br\/index.php\/author\/luzimara\/"}]}},"cc_featured_image_caption":{"caption_text":"(Foto: Autoridade de Antiguidades de Israel) ","source_text":"","source_url":""},"jetpack_featured_media_url":"https:\/\/jornalfatosenoticias.com.br\/wp-content\/uploads\/2023\/09\/Fabrica-de-pedras-do-Segundo-Templo-em-Jerusalem.jpg","_links":{"self":[{"href":"https:\/\/jornalfatosenoticias.com.br\/index.php\/wp-json\/wp\/v2\/posts\/45497","targetHints":{"allow":["GET"]}}],"collection":[{"href":"https:\/\/jornalfatosenoticias.com.br\/index.php\/wp-json\/wp\/v2\/posts"}],"about":[{"href":"https:\/\/jornalfatosenoticias.com.br\/index.php\/wp-json\/wp\/v2\/types\/post"}],"author":[{"embeddable":true,"href":"https:\/\/jornalfatosenoticias.com.br\/index.php\/wp-json\/wp\/v2\/users\/2"}],"replies":[{"embeddable":true,"href":"https:\/\/jornalfatosenoticias.com.br\/index.php\/wp-json\/wp\/v2\/comments?post=45497"}],"version-history":[{"count":0,"href":"https:\/\/jornalfatosenoticias.com.br\/index.php\/wp-json\/wp\/v2\/posts\/45497\/revisions"}],"wp:featuredmedia":[{"embeddable":true,"href":"https:\/\/jornalfatosenoticias.com.br\/index.php\/wp-json\/wp\/v2\/media\/45498"}],"wp:attachment":[{"href":"https:\/\/jornalfatosenoticias.com.br\/index.php\/wp-json\/wp\/v2\/media?parent=45497"}],"wp:term":[{"taxonomy":"category","embeddable":true,"href":"https:\/\/jornalfatosenoticias.com.br\/index.php\/wp-json\/wp\/v2\/categories?post=45497"},{"taxonomy":"post_tag","embeddable":true,"href":"https:\/\/jornalfatosenoticias.com.br\/index.php\/wp-json\/wp\/v2\/tags?post=45497"}],"curies":[{"name":"wp","href":"https:\/\/api.w.org\/{rel}","templated":true}]}}