{"id":45500,"date":"2023-09-26T14:57:29","date_gmt":"2023-09-26T17:57:29","guid":{"rendered":"https:\/\/jornalfatosenoticias.com.br\/?p=45500"},"modified":"2023-09-26T14:57:30","modified_gmt":"2023-09-26T17:57:30","slug":"agua-ou-suco-natural-o-que-e-melhor-para-hidratar-as-criancas","status":"publish","type":"post","link":"https:\/\/jornalfatosenoticias.com.br\/index.php\/2023\/09\/26\/agua-ou-suco-natural-o-que-e-melhor-para-hidratar-as-criancas\/","title":{"rendered":"\u00c1gua ou suco natural: o que \u00e9 melhor para hidratar as crian\u00e7as?"},"content":{"rendered":"\n<div class=\"wp-block-image\"><figure class=\"aligncenter size-large\"><img decoding=\"async\" src=\"https:\/\/jornalfatosenoticias.com.br\/wp-content\/uploads\/2020\/02\/barao-das-carnes-300x164-1.jpg\" alt=\"\" class=\"wp-image-34339\"\/><\/figure><\/div>\n\n\n\n<p>O calor refor\u00e7a a import\u00e2ncia de hidratar o corpo. Para isso, vale abusar de sucos, ch\u00e1s e, \u00e9 claro, \u00e1gua. No caso de crian\u00e7as de um a tr\u00eas anos, a recomenda\u00e7\u00e3o \u00e9 consumir cerca de quatro a cinco copos (aproximadamente um litro) de l\u00edquidos por dia. Por outro lado, as de quatro a oito anos geralmente precisam de cinco a sete copos (aproximadamente 1,2 a 1,6 litro) de l\u00edquidos por dia. Isso pode variar dependendo do clima e da atividade f\u00edsica. Mas na hora de se hidratar, qual \u00e9 a melhor op\u00e7\u00e3o: \u00e1gua ou suco natural?<br>Especialistas afirmam que, apesar de sucos naturais contribu\u00edrem com a hidrata\u00e7\u00e3o dos pequenos, a \u00e1gua deve ser a prioridade. Desse modo, pediatras e nutricionistas s\u00e3o un\u00e2nimes: apenas a \u00e1gua tem a fun\u00e7\u00e3o de hidratar. Por isso, os pais devem ofert\u00e1-la nos intervalos das brincadeiras, fracionada ao longo do dia entre as refei\u00e7\u00f5es, e tendo em mente a quantidade recomendada. Para os beb\u00eas menores de seis meses que mamam no peito, toda a \u00e1gua necess\u00e1ria vem da amamenta\u00e7\u00e3o.<\/p>\n\n\n\n<div class=\"wp-block-image\"><figure class=\"aligncenter size-large\"><img loading=\"lazy\" decoding=\"async\" width=\"300\" height=\"250\" src=\"https:\/\/jornalfatosenoticias.com.br\/wp-content\/uploads\/2022\/02\/FERRARI_MAQUINAS-E-FERRAMENTAS2.jpg\" alt=\"\" class=\"wp-image-27860\"\/><\/figure><\/div>\n\n\n\n<p>Outras bebidas, como os sucos, tamb\u00e9m entram nessa conta, mas n\u00e3o devem substituir a \u00e1gua, que precisa sempre ser em maior quantidade. Al\u00e9m disso, na hora de escolher entre a \u00e1gua ou suco natural, \u00e9 importante lembrar que os sucos t\u00eam muito carboidrato. Por isso, o melhor, do ponto de vista nutricional, \u00e9 oferecer a fruta, porque ela tem a fibra tamb\u00e9m.<\/p>\n\n\n\n<div class=\"wp-block-image\"><figure class=\"aligncenter size-large is-resized\"><img loading=\"lazy\" decoding=\"async\" src=\"https:\/\/jornalfatosenoticias.com.br\/wp-content\/uploads\/2023\/08\/ITH.jpeg\" alt=\"\" class=\"wp-image-44638\" width=\"334\" height=\"271\" srcset=\"https:\/\/jornalfatosenoticias.com.br\/wp-content\/uploads\/2023\/08\/ITH.jpeg 800w, https:\/\/jornalfatosenoticias.com.br\/wp-content\/uploads\/2023\/08\/ITH-300x244.jpeg 300w, https:\/\/jornalfatosenoticias.com.br\/wp-content\/uploads\/2023\/08\/ITH-768x624.jpeg 768w\" sizes=\"auto, (max-width: 334px) 100vw, 334px\" \/><\/figure><\/div>\n\n\n\n<p>Crian\u00e7a pode beber \u00e1gua com g\u00e1s? De acordo com pediatras <a href=\"https:\/\/vitat.com.br\/agua-com-gas-para-criancas\/\" target=\"_blank\" rel=\"noreferrer noopener\">entrevistados anteriormente<\/a> pela Vitat, n\u00e3o existe uma contraindica\u00e7\u00e3o em rela\u00e7\u00e3o ao consumo da bebida pelos menores. No entanto, isso n\u00e3o significa que se deve incentivar sua ingest\u00e3o.<\/p>\n\n\n\n<div class=\"wp-block-image\"><figure class=\"aligncenter size-large is-resized\"><img loading=\"lazy\" decoding=\"async\" src=\"https:\/\/jornalfatosenoticias.com.br\/wp-content\/uploads\/2022\/10\/RC_800x750_page-0001.jpg\" alt=\"\" class=\"wp-image-35338\" width=\"345\" height=\"323\" srcset=\"https:\/\/jornalfatosenoticias.com.br\/wp-content\/uploads\/2022\/10\/RC_800x750_page-0001.jpg 400w, https:\/\/jornalfatosenoticias.com.br\/wp-content\/uploads\/2022\/10\/RC_800x750_page-0001-300x281.jpg 300w\" sizes=\"auto, (max-width: 345px) 100vw, 345px\" \/><\/figure><\/div>\n\n\n\n<p>Al\u00e9m disso, n\u00e3o \u00e9 aconselh\u00e1vel oferecer \u00e1gua com g\u00e1s, principalmente, para crian\u00e7as menores de dois anos. Isso porque ela pode favorecer o aparecimento ou agravamento de condi\u00e7\u00f5es como gases e <a href=\"https:\/\/vitat.com.br\/refluxo-alimentos\/\">refluxo<\/a>. Do mesmo modo, oferecer \u00e1gua com g\u00e1s para crian\u00e7as pode ser a porta de entrada para o refrigerante.<br>Por fim, vale apenas lembrar que, de acordo com autoridades de sa\u00fade como a <a href=\"https:\/\/www.aap.org\/\" target=\"_blank\" rel=\"noreferrer noopener\">Academia Americana de Pediatria<\/a>, crian\u00e7as n\u00e3o devem beber sucos at\u00e9 o primeiro ano de vida. Inclusive, depois desse per\u00edodo, deve-se ter cuidado para que ele n\u00e3o seja consumido em excesso pelos menores.<\/p>\n\n\n\n<div class=\"wp-block-image\"><figure class=\"aligncenter size-large\"><img decoding=\"async\" src=\"https:\/\/jornalfatosenoticias.com.br\/wp-content\/uploads\/2020\/02\/logo_esteio.jpg\" alt=\"\" class=\"wp-image-1214\"\/><\/figure><\/div>\n\n\n\n<p><strong><em>Fonte: <a href=\"https:\/\/vitat.com.br\/agua-ou-suco-natural\/\">Vitat<\/a><\/em><\/strong><\/p>\n","protected":false},"excerpt":{"rendered":"<p>O calor refor\u00e7a a import\u00e2ncia de hidratar o corpo. Para isso, vale abusar de sucos, ch\u00e1s e, \u00e9 claro, \u00e1gua. No caso de crian\u00e7as de um a tr\u00eas anos, a recomenda\u00e7\u00e3o \u00e9 consumir cerca de quatro a cinco copos (aproximadamente um litro) de l\u00edquidos por dia. Por outro lado, as de quatro a oito anos [&hellip;]<\/p>\n","protected":false},"author":2,"featured_media":45501,"comment_status":"open","ping_status":"open","sticky":false,"template":"","format":"standard","meta":{"footnotes":""},"categories":[42],"tags":[451,12157,670,2587,21431,13472],"class_list":["post-45500","post","type-post","status-publish","format-standard","has-post-thumbnail","hentry","category-bem-estar","tag-agua","tag-beber-agua","tag-criancas","tag-hidratacao","tag-hidratar-as-criancas","tag-suco-natural"],"yoast_head":"<!-- This site is optimized with the Yoast SEO plugin v26.5 - https:\/\/yoast.com\/wordpress\/plugins\/seo\/ -->\n<title>\u00c1gua ou suco natural: o que \u00e9 melhor para hidratar as crian\u00e7as? - Jornal Fatos e Not\u00edcias<\/title>\n<meta name=\"robots\" content=\"index, follow, max-snippet:-1, max-image-preview:large, max-video-preview:-1\" \/>\n<link rel=\"canonical\" href=\"https:\/\/jornalfatosenoticias.com.br\/index.php\/2023\/09\/26\/agua-ou-suco-natural-o-que-e-melhor-para-hidratar-as-criancas\/\" \/>\n<meta property=\"og:locale\" content=\"pt_BR\" \/>\n<meta property=\"og:type\" content=\"article\" \/>\n<meta property=\"og:title\" content=\"\u00c1gua ou suco natural: o que \u00e9 melhor para hidratar as crian\u00e7as? - Jornal Fatos e Not\u00edcias\" \/>\n<meta property=\"og:description\" content=\"O calor refor\u00e7a a import\u00e2ncia de hidratar o corpo. Para isso, vale abusar de sucos, ch\u00e1s e, \u00e9 claro, \u00e1gua. No caso de crian\u00e7as de um a tr\u00eas anos, a recomenda\u00e7\u00e3o \u00e9 consumir cerca de quatro a cinco copos (aproximadamente um litro) de l\u00edquidos por dia. Por outro lado, as de quatro a oito anos [&hellip;]\" \/>\n<meta property=\"og:url\" content=\"https:\/\/jornalfatosenoticias.com.br\/index.php\/2023\/09\/26\/agua-ou-suco-natural-o-que-e-melhor-para-hidratar-as-criancas\/\" \/>\n<meta property=\"og:site_name\" content=\"Jornal Fatos e Not\u00edcias\" \/>\n<meta property=\"article:published_time\" content=\"2023-09-26T17:57:29+00:00\" \/>\n<meta property=\"article:modified_time\" content=\"2023-09-26T17:57:30+00:00\" \/>\n<meta property=\"og:image\" content=\"https:\/\/jornalfatosenoticias.com.br\/wp-content\/uploads\/2023\/09\/AGUA-OU-SUCO_CRIANCAS.jpg\" \/>\n\t<meta property=\"og:image:width\" content=\"812\" \/>\n\t<meta property=\"og:image:height\" content=\"541\" \/>\n\t<meta property=\"og:image:type\" content=\"image\/jpeg\" \/>\n<meta name=\"author\" content=\"Luzimara Fernandes\" \/>\n<meta name=\"twitter:card\" content=\"summary_large_image\" \/>\n<meta name=\"twitter:label1\" content=\"Escrito por\" \/>\n\t<meta name=\"twitter:data1\" content=\"Luzimara Fernandes\" \/>\n\t<meta name=\"twitter:label2\" content=\"Est. tempo de leitura\" \/>\n\t<meta name=\"twitter:data2\" content=\"2 minutos\" \/>\n<script type=\"application\/ld+json\" class=\"yoast-schema-graph\">{\"@context\":\"https:\/\/schema.org\",\"@graph\":[{\"@type\":\"Article\",\"@id\":\"https:\/\/jornalfatosenoticias.com.br\/index.php\/2023\/09\/26\/agua-ou-suco-natural-o-que-e-melhor-para-hidratar-as-criancas\/#article\",\"isPartOf\":{\"@id\":\"https:\/\/jornalfatosenoticias.com.br\/index.php\/2023\/09\/26\/agua-ou-suco-natural-o-que-e-melhor-para-hidratar-as-criancas\/\"},\"author\":{\"name\":\"Luzimara Fernandes\",\"@id\":\"https:\/\/jornalfatosenoticias.com.br\/#\/schema\/person\/d63837fa13ac8666eb9e74e0985d6f81\"},\"headline\":\"\u00c1gua ou suco natural: o que \u00e9 melhor para hidratar as crian\u00e7as?\",\"datePublished\":\"2023-09-26T17:57:29+00:00\",\"dateModified\":\"2023-09-26T17:57:30+00:00\",\"mainEntityOfPage\":{\"@id\":\"https:\/\/jornalfatosenoticias.com.br\/index.php\/2023\/09\/26\/agua-ou-suco-natural-o-que-e-melhor-para-hidratar-as-criancas\/\"},\"wordCount\":418,\"commentCount\":0,\"publisher\":{\"@id\":\"https:\/\/jornalfatosenoticias.com.br\/#organization\"},\"image\":{\"@id\":\"https:\/\/jornalfatosenoticias.com.br\/index.php\/2023\/09\/26\/agua-ou-suco-natural-o-que-e-melhor-para-hidratar-as-criancas\/#primaryimage\"},\"thumbnailUrl\":\"https:\/\/jornalfatosenoticias.com.br\/wp-content\/uploads\/2023\/09\/AGUA-OU-SUCO_CRIANCAS.jpg\",\"keywords\":[\"\u00e1gua\",\"beber \u00e1gua\",\"crian\u00e7as\",\"hidrata\u00e7\u00e3o\",\"hidratar as crian\u00e7as\",\"suco natural\"],\"articleSection\":[\"Bem-estar\"],\"inLanguage\":\"pt-BR\",\"potentialAction\":[{\"@type\":\"CommentAction\",\"name\":\"Comment\",\"target\":[\"https:\/\/jornalfatosenoticias.com.br\/index.php\/2023\/09\/26\/agua-ou-suco-natural-o-que-e-melhor-para-hidratar-as-criancas\/#respond\"]}]},{\"@type\":\"WebPage\",\"@id\":\"https:\/\/jornalfatosenoticias.com.br\/index.php\/2023\/09\/26\/agua-ou-suco-natural-o-que-e-melhor-para-hidratar-as-criancas\/\",\"url\":\"https:\/\/jornalfatosenoticias.com.br\/index.php\/2023\/09\/26\/agua-ou-suco-natural-o-que-e-melhor-para-hidratar-as-criancas\/\",\"name\":\"\u00c1gua ou suco natural: o que \u00e9 melhor para hidratar as crian\u00e7as? - Jornal Fatos e Not\u00edcias\",\"isPartOf\":{\"@id\":\"https:\/\/jornalfatosenoticias.com.br\/#website\"},\"primaryImageOfPage\":{\"@id\":\"https:\/\/jornalfatosenoticias.com.br\/index.php\/2023\/09\/26\/agua-ou-suco-natural-o-que-e-melhor-para-hidratar-as-criancas\/#primaryimage\"},\"image\":{\"@id\":\"https:\/\/jornalfatosenoticias.com.br\/index.php\/2023\/09\/26\/agua-ou-suco-natural-o-que-e-melhor-para-hidratar-as-criancas\/#primaryimage\"},\"thumbnailUrl\":\"https:\/\/jornalfatosenoticias.com.br\/wp-content\/uploads\/2023\/09\/AGUA-OU-SUCO_CRIANCAS.jpg\",\"datePublished\":\"2023-09-26T17:57:29+00:00\",\"dateModified\":\"2023-09-26T17:57:30+00:00\",\"breadcrumb\":{\"@id\":\"https:\/\/jornalfatosenoticias.com.br\/index.php\/2023\/09\/26\/agua-ou-suco-natural-o-que-e-melhor-para-hidratar-as-criancas\/#breadcrumb\"},\"inLanguage\":\"pt-BR\",\"potentialAction\":[{\"@type\":\"ReadAction\",\"target\":[\"https:\/\/jornalfatosenoticias.com.br\/index.php\/2023\/09\/26\/agua-ou-suco-natural-o-que-e-melhor-para-hidratar-as-criancas\/\"]}]},{\"@type\":\"ImageObject\",\"inLanguage\":\"pt-BR\",\"@id\":\"https:\/\/jornalfatosenoticias.com.br\/index.php\/2023\/09\/26\/agua-ou-suco-natural-o-que-e-melhor-para-hidratar-as-criancas\/#primaryimage\",\"url\":\"https:\/\/jornalfatosenoticias.com.br\/wp-content\/uploads\/2023\/09\/AGUA-OU-SUCO_CRIANCAS.jpg\",\"contentUrl\":\"https:\/\/jornalfatosenoticias.com.br\/wp-content\/uploads\/2023\/09\/AGUA-OU-SUCO_CRIANCAS.jpg\",\"width\":812,\"height\":541,\"caption\":\"Portrait of a happy little boy holding an orange juice in his hands and looking at the camera while sitting in an outdoor coffee shop with his parents\"},{\"@type\":\"BreadcrumbList\",\"@id\":\"https:\/\/jornalfatosenoticias.com.br\/index.php\/2023\/09\/26\/agua-ou-suco-natural-o-que-e-melhor-para-hidratar-as-criancas\/#breadcrumb\",\"itemListElement\":[{\"@type\":\"ListItem\",\"position\":1,\"name\":\"In\u00edcio\",\"item\":\"https:\/\/jornalfatosenoticias.com.br\/\"},{\"@type\":\"ListItem\",\"position\":2,\"name\":\"\u00c1gua ou suco natural: o que \u00e9 melhor para hidratar as crian\u00e7as?\"}]},{\"@type\":\"WebSite\",\"@id\":\"https:\/\/jornalfatosenoticias.com.br\/#website\",\"url\":\"https:\/\/jornalfatosenoticias.com.br\/\",\"name\":\"Jornal Fatos e Not\u00edcias\",\"description\":\"Not\u00edcias em geral\",\"publisher\":{\"@id\":\"https:\/\/jornalfatosenoticias.com.br\/#organization\"},\"potentialAction\":[{\"@type\":\"SearchAction\",\"target\":{\"@type\":\"EntryPoint\",\"urlTemplate\":\"https:\/\/jornalfatosenoticias.com.br\/?s={search_term_string}\"},\"query-input\":{\"@type\":\"PropertyValueSpecification\",\"valueRequired\":true,\"valueName\":\"search_term_string\"}}],\"inLanguage\":\"pt-BR\"},{\"@type\":\"Organization\",\"@id\":\"https:\/\/jornalfatosenoticias.com.br\/#organization\",\"name\":\"Jornal Fatos e Not\u00edcias\",\"url\":\"https:\/\/jornalfatosenoticias.com.br\/\",\"logo\":{\"@type\":\"ImageObject\",\"inLanguage\":\"pt-BR\",\"@id\":\"https:\/\/jornalfatosenoticias.com.br\/#\/schema\/logo\/image\/\",\"url\":\"https:\/\/jornalfatosenoticias.com.br\/wp-content\/uploads\/2020\/02\/logo120.png\",\"contentUrl\":\"https:\/\/jornalfatosenoticias.com.br\/wp-content\/uploads\/2020\/02\/logo120.png\",\"width\":1227,\"height\":120,\"caption\":\"Jornal Fatos e Not\u00edcias\"},\"image\":{\"@id\":\"https:\/\/jornalfatosenoticias.com.br\/#\/schema\/logo\/image\/\"}},{\"@type\":\"Person\",\"@id\":\"https:\/\/jornalfatosenoticias.com.br\/#\/schema\/person\/d63837fa13ac8666eb9e74e0985d6f81\",\"name\":\"Luzimara Fernandes\",\"image\":{\"@type\":\"ImageObject\",\"inLanguage\":\"pt-BR\",\"@id\":\"https:\/\/jornalfatosenoticias.com.br\/#\/schema\/person\/image\/\",\"url\":\"https:\/\/jornalfatosenoticias.com.br\/wp-content\/uploads\/2025\/05\/EU_portal.jpg\",\"contentUrl\":\"https:\/\/jornalfatosenoticias.com.br\/wp-content\/uploads\/2025\/05\/EU_portal.jpg\",\"caption\":\"Luzimara Fernandes\"},\"description\":\"Jornalista MTB 2358-ES\",\"sameAs\":[\"https:\/\/jornalfatosenoticias.com.br\"],\"url\":\"https:\/\/jornalfatosenoticias.com.br\/index.php\/author\/luzimara\/\"}]}<\/script>\n<!-- \/ Yoast SEO plugin. -->","yoast_head_json":{"title":"\u00c1gua ou suco natural: o que \u00e9 melhor para hidratar as crian\u00e7as? - Jornal Fatos e Not\u00edcias","robots":{"index":"index","follow":"follow","max-snippet":"max-snippet:-1","max-image-preview":"max-image-preview:large","max-video-preview":"max-video-preview:-1"},"canonical":"https:\/\/jornalfatosenoticias.com.br\/index.php\/2023\/09\/26\/agua-ou-suco-natural-o-que-e-melhor-para-hidratar-as-criancas\/","og_locale":"pt_BR","og_type":"article","og_title":"\u00c1gua ou suco natural: o que \u00e9 melhor para hidratar as crian\u00e7as? - Jornal Fatos e Not\u00edcias","og_description":"O calor refor\u00e7a a import\u00e2ncia de hidratar o corpo. Para isso, vale abusar de sucos, ch\u00e1s e, \u00e9 claro, \u00e1gua. No caso de crian\u00e7as de um a tr\u00eas anos, a recomenda\u00e7\u00e3o \u00e9 consumir cerca de quatro a cinco copos (aproximadamente um litro) de l\u00edquidos por dia. Por outro lado, as de quatro a oito anos [&hellip;]","og_url":"https:\/\/jornalfatosenoticias.com.br\/index.php\/2023\/09\/26\/agua-ou-suco-natural-o-que-e-melhor-para-hidratar-as-criancas\/","og_site_name":"Jornal Fatos e Not\u00edcias","article_published_time":"2023-09-26T17:57:29+00:00","article_modified_time":"2023-09-26T17:57:30+00:00","og_image":[{"width":812,"height":541,"url":"https:\/\/jornalfatosenoticias.com.br\/wp-content\/uploads\/2023\/09\/AGUA-OU-SUCO_CRIANCAS.jpg","type":"image\/jpeg"}],"author":"Luzimara Fernandes","twitter_card":"summary_large_image","twitter_misc":{"Escrito por":"Luzimara Fernandes","Est. tempo de leitura":"2 minutos"},"schema":{"@context":"https:\/\/schema.org","@graph":[{"@type":"Article","@id":"https:\/\/jornalfatosenoticias.com.br\/index.php\/2023\/09\/26\/agua-ou-suco-natural-o-que-e-melhor-para-hidratar-as-criancas\/#article","isPartOf":{"@id":"https:\/\/jornalfatosenoticias.com.br\/index.php\/2023\/09\/26\/agua-ou-suco-natural-o-que-e-melhor-para-hidratar-as-criancas\/"},"author":{"name":"Luzimara Fernandes","@id":"https:\/\/jornalfatosenoticias.com.br\/#\/schema\/person\/d63837fa13ac8666eb9e74e0985d6f81"},"headline":"\u00c1gua ou suco natural: o que \u00e9 melhor para hidratar as crian\u00e7as?","datePublished":"2023-09-26T17:57:29+00:00","dateModified":"2023-09-26T17:57:30+00:00","mainEntityOfPage":{"@id":"https:\/\/jornalfatosenoticias.com.br\/index.php\/2023\/09\/26\/agua-ou-suco-natural-o-que-e-melhor-para-hidratar-as-criancas\/"},"wordCount":418,"commentCount":0,"publisher":{"@id":"https:\/\/jornalfatosenoticias.com.br\/#organization"},"image":{"@id":"https:\/\/jornalfatosenoticias.com.br\/index.php\/2023\/09\/26\/agua-ou-suco-natural-o-que-e-melhor-para-hidratar-as-criancas\/#primaryimage"},"thumbnailUrl":"https:\/\/jornalfatosenoticias.com.br\/wp-content\/uploads\/2023\/09\/AGUA-OU-SUCO_CRIANCAS.jpg","keywords":["\u00e1gua","beber \u00e1gua","crian\u00e7as","hidrata\u00e7\u00e3o","hidratar as crian\u00e7as","suco natural"],"articleSection":["Bem-estar"],"inLanguage":"pt-BR","potentialAction":[{"@type":"CommentAction","name":"Comment","target":["https:\/\/jornalfatosenoticias.com.br\/index.php\/2023\/09\/26\/agua-ou-suco-natural-o-que-e-melhor-para-hidratar-as-criancas\/#respond"]}]},{"@type":"WebPage","@id":"https:\/\/jornalfatosenoticias.com.br\/index.php\/2023\/09\/26\/agua-ou-suco-natural-o-que-e-melhor-para-hidratar-as-criancas\/","url":"https:\/\/jornalfatosenoticias.com.br\/index.php\/2023\/09\/26\/agua-ou-suco-natural-o-que-e-melhor-para-hidratar-as-criancas\/","name":"\u00c1gua ou suco natural: o que \u00e9 melhor para hidratar as crian\u00e7as? - Jornal Fatos e Not\u00edcias","isPartOf":{"@id":"https:\/\/jornalfatosenoticias.com.br\/#website"},"primaryImageOfPage":{"@id":"https:\/\/jornalfatosenoticias.com.br\/index.php\/2023\/09\/26\/agua-ou-suco-natural-o-que-e-melhor-para-hidratar-as-criancas\/#primaryimage"},"image":{"@id":"https:\/\/jornalfatosenoticias.com.br\/index.php\/2023\/09\/26\/agua-ou-suco-natural-o-que-e-melhor-para-hidratar-as-criancas\/#primaryimage"},"thumbnailUrl":"https:\/\/jornalfatosenoticias.com.br\/wp-content\/uploads\/2023\/09\/AGUA-OU-SUCO_CRIANCAS.jpg","datePublished":"2023-09-26T17:57:29+00:00","dateModified":"2023-09-26T17:57:30+00:00","breadcrumb":{"@id":"https:\/\/jornalfatosenoticias.com.br\/index.php\/2023\/09\/26\/agua-ou-suco-natural-o-que-e-melhor-para-hidratar-as-criancas\/#breadcrumb"},"inLanguage":"pt-BR","potentialAction":[{"@type":"ReadAction","target":["https:\/\/jornalfatosenoticias.com.br\/index.php\/2023\/09\/26\/agua-ou-suco-natural-o-que-e-melhor-para-hidratar-as-criancas\/"]}]},{"@type":"ImageObject","inLanguage":"pt-BR","@id":"https:\/\/jornalfatosenoticias.com.br\/index.php\/2023\/09\/26\/agua-ou-suco-natural-o-que-e-melhor-para-hidratar-as-criancas\/#primaryimage","url":"https:\/\/jornalfatosenoticias.com.br\/wp-content\/uploads\/2023\/09\/AGUA-OU-SUCO_CRIANCAS.jpg","contentUrl":"https:\/\/jornalfatosenoticias.com.br\/wp-content\/uploads\/2023\/09\/AGUA-OU-SUCO_CRIANCAS.jpg","width":812,"height":541,"caption":"Portrait of a happy little boy holding an orange juice in his hands and looking at the camera while sitting in an outdoor coffee shop with his parents"},{"@type":"BreadcrumbList","@id":"https:\/\/jornalfatosenoticias.com.br\/index.php\/2023\/09\/26\/agua-ou-suco-natural-o-que-e-melhor-para-hidratar-as-criancas\/#breadcrumb","itemListElement":[{"@type":"ListItem","position":1,"name":"In\u00edcio","item":"https:\/\/jornalfatosenoticias.com.br\/"},{"@type":"ListItem","position":2,"name":"\u00c1gua ou suco natural: o que \u00e9 melhor para hidratar as crian\u00e7as?"}]},{"@type":"WebSite","@id":"https:\/\/jornalfatosenoticias.com.br\/#website","url":"https:\/\/jornalfatosenoticias.com.br\/","name":"Jornal Fatos e Not\u00edcias","description":"Not\u00edcias em geral","publisher":{"@id":"https:\/\/jornalfatosenoticias.com.br\/#organization"},"potentialAction":[{"@type":"SearchAction","target":{"@type":"EntryPoint","urlTemplate":"https:\/\/jornalfatosenoticias.com.br\/?s={search_term_string}"},"query-input":{"@type":"PropertyValueSpecification","valueRequired":true,"valueName":"search_term_string"}}],"inLanguage":"pt-BR"},{"@type":"Organization","@id":"https:\/\/jornalfatosenoticias.com.br\/#organization","name":"Jornal Fatos e Not\u00edcias","url":"https:\/\/jornalfatosenoticias.com.br\/","logo":{"@type":"ImageObject","inLanguage":"pt-BR","@id":"https:\/\/jornalfatosenoticias.com.br\/#\/schema\/logo\/image\/","url":"https:\/\/jornalfatosenoticias.com.br\/wp-content\/uploads\/2020\/02\/logo120.png","contentUrl":"https:\/\/jornalfatosenoticias.com.br\/wp-content\/uploads\/2020\/02\/logo120.png","width":1227,"height":120,"caption":"Jornal Fatos e Not\u00edcias"},"image":{"@id":"https:\/\/jornalfatosenoticias.com.br\/#\/schema\/logo\/image\/"}},{"@type":"Person","@id":"https:\/\/jornalfatosenoticias.com.br\/#\/schema\/person\/d63837fa13ac8666eb9e74e0985d6f81","name":"Luzimara Fernandes","image":{"@type":"ImageObject","inLanguage":"pt-BR","@id":"https:\/\/jornalfatosenoticias.com.br\/#\/schema\/person\/image\/","url":"https:\/\/jornalfatosenoticias.com.br\/wp-content\/uploads\/2025\/05\/EU_portal.jpg","contentUrl":"https:\/\/jornalfatosenoticias.com.br\/wp-content\/uploads\/2025\/05\/EU_portal.jpg","caption":"Luzimara Fernandes"},"description":"Jornalista MTB 2358-ES","sameAs":["https:\/\/jornalfatosenoticias.com.br"],"url":"https:\/\/jornalfatosenoticias.com.br\/index.php\/author\/luzimara\/"}]}},"cc_featured_image_caption":{"caption_text":"(Foto: iStock) ","source_text":"","source_url":""},"jetpack_featured_media_url":"https:\/\/jornalfatosenoticias.com.br\/wp-content\/uploads\/2023\/09\/AGUA-OU-SUCO_CRIANCAS.jpg","_links":{"self":[{"href":"https:\/\/jornalfatosenoticias.com.br\/index.php\/wp-json\/wp\/v2\/posts\/45500","targetHints":{"allow":["GET"]}}],"collection":[{"href":"https:\/\/jornalfatosenoticias.com.br\/index.php\/wp-json\/wp\/v2\/posts"}],"about":[{"href":"https:\/\/jornalfatosenoticias.com.br\/index.php\/wp-json\/wp\/v2\/types\/post"}],"author":[{"embeddable":true,"href":"https:\/\/jornalfatosenoticias.com.br\/index.php\/wp-json\/wp\/v2\/users\/2"}],"replies":[{"embeddable":true,"href":"https:\/\/jornalfatosenoticias.com.br\/index.php\/wp-json\/wp\/v2\/comments?post=45500"}],"version-history":[{"count":0,"href":"https:\/\/jornalfatosenoticias.com.br\/index.php\/wp-json\/wp\/v2\/posts\/45500\/revisions"}],"wp:featuredmedia":[{"embeddable":true,"href":"https:\/\/jornalfatosenoticias.com.br\/index.php\/wp-json\/wp\/v2\/media\/45501"}],"wp:attachment":[{"href":"https:\/\/jornalfatosenoticias.com.br\/index.php\/wp-json\/wp\/v2\/media?parent=45500"}],"wp:term":[{"taxonomy":"category","embeddable":true,"href":"https:\/\/jornalfatosenoticias.com.br\/index.php\/wp-json\/wp\/v2\/categories?post=45500"},{"taxonomy":"post_tag","embeddable":true,"href":"https:\/\/jornalfatosenoticias.com.br\/index.php\/wp-json\/wp\/v2\/tags?post=45500"}],"curies":[{"name":"wp","href":"https:\/\/api.w.org\/{rel}","templated":true}]}}