{"id":45507,"date":"2023-09-26T15:29:17","date_gmt":"2023-09-26T18:29:17","guid":{"rendered":"https:\/\/jornalfatosenoticias.com.br\/?p=45507"},"modified":"2023-09-26T15:29:18","modified_gmt":"2023-09-26T18:29:18","slug":"forca-aerea-dos-eua-recebe-primeira-aeronave-eletrica-para-testes","status":"publish","type":"post","link":"https:\/\/jornalfatosenoticias.com.br\/index.php\/2023\/09\/26\/forca-aerea-dos-eua-recebe-primeira-aeronave-eletrica-para-testes\/","title":{"rendered":"For\u00e7a A\u00e9rea dos EUA recebe primeira aeronave el\u00e9trica para testes"},"content":{"rendered":"\n<p><em><span class=\"has-inline-color has-black-color\">A aeronave el\u00e9trica foi desenvolvida pela Joby Aviation para servi\u00e7os de t\u00e1xi a\u00e9reo; tecnologia \u00e9 estudada pela Nasa<\/span><\/em><\/p>\n\n\n\n<p><em><span class=\"has-inline-color has-black-color\">Por <strong><a href=\"https:\/\/olhardigital.com.br\/author\/alessandro-lorenzo\/\">Alessandro Di Lorenzo<\/a><\/strong><\/span><\/em><\/p>\n\n\n\n<div class=\"wp-block-image\"><figure class=\"aligncenter size-large is-resized\"><img loading=\"lazy\" decoding=\"async\" src=\"https:\/\/jornalfatosenoticias.com.br\/wp-content\/uploads\/2023\/09\/vetorvix1024_1.jpg\" alt=\"\" class=\"wp-image-44868\" width=\"430\" height=\"114\" srcset=\"https:\/\/jornalfatosenoticias.com.br\/wp-content\/uploads\/2023\/09\/vetorvix1024_1.jpg 1024w, https:\/\/jornalfatosenoticias.com.br\/wp-content\/uploads\/2023\/09\/vetorvix1024_1-300x80.jpg 300w, https:\/\/jornalfatosenoticias.com.br\/wp-content\/uploads\/2023\/09\/vetorvix1024_1-768x205.jpg 768w\" sizes=\"auto, (max-width: 430px) 100vw, 430px\" \/><\/figure><\/div>\n\n\n\n<p>O governo dos Estados Unidos confirmou que a <a href=\"https:\/\/olhardigital.com.br\/tag\/forca-aerea-americana\/\" target=\"_blank\" rel=\"noreferrer noopener\">For\u00e7a \u00c1rea<\/a>\u00a0do pa\u00eds recebeu nesta segunda-feira (25) a sua primeira\u00a0<a href=\"https:\/\/olhardigital.com.br\/tag\/aeronave-eletrica\/\" target=\"_blank\" rel=\"noreferrer noopener\">aeronave el\u00e9trica<\/a>. A tecnologia foi desenvolvida pela\u00a0<a href=\"https:\/\/www.jobyaviation.com\/\" target=\"_blank\" rel=\"noreferrer noopener\">Joby Aviation<\/a>, uma\u00a0<a href=\"https:\/\/olhardigital.com.br\/tag\/startup\/\" target=\"_blank\" rel=\"noreferrer noopener\">startup<\/a>\u00a0de\u00a0<a href=\"https:\/\/olhardigital.com.br\/tag\/taxi-aereo\/\" target=\"_blank\" rel=\"noreferrer noopener\">t\u00e1xi a\u00e9reo<\/a>, e ser\u00e1 testada como meio de transporte de pessoas e de cargas.<br>A aeronave foi entregue na Base da For\u00e7a A\u00e9rea de Edwards, no sul da Calif\u00f3rnia. Segundo a Joby Aviation, a tecnologia \u00e9 substancialmente mais silenciosa do que helic\u00f3pteros ou avi\u00f5es. Al\u00e9m disso, pode transportar um piloto e quatro passageiros e viajar a mais de 320 quil\u00f4metros por hora. A autonomia da aeronave chega a at\u00e9 160 quil\u00f4metros. As informa\u00e7\u00f5es s\u00e3o do jornal <a href=\"https:\/\/www.nytimes.com\/2023\/09\/25\/business\/air-force-joby-electric-air-taxi.html\" target=\"_blank\" rel=\"noreferrer noopener\">New York Times<\/a>.<\/p>\n\n\n\n<div class=\"wp-block-image\"><figure class=\"aligncenter size-large is-resized\"><img loading=\"lazy\" decoding=\"async\" src=\"https:\/\/jornalfatosenoticias.com.br\/wp-content\/uploads\/2022\/10\/RC_800x750_page-0001.jpg\" alt=\"\" class=\"wp-image-35338\" width=\"324\" height=\"304\" srcset=\"https:\/\/jornalfatosenoticias.com.br\/wp-content\/uploads\/2022\/10\/RC_800x750_page-0001.jpg 400w, https:\/\/jornalfatosenoticias.com.br\/wp-content\/uploads\/2022\/10\/RC_800x750_page-0001-300x281.jpg 300w\" sizes=\"auto, (max-width: 324px) 100vw, 324px\" \/><\/figure><\/div>\n\n\n\n<p>A entrega \u00e9 a primeira prevista em um contrato avaliado em US$ 131 milh\u00f5es, cerca de R$ 650 milh\u00f5es, e que d\u00e1 ao governo dos Estados Unidos a op\u00e7\u00e3o de receber at\u00e9 nove aeronaves. A For\u00e7a A\u00e9rea ser\u00e1 respons\u00e1vel por operar o ve\u00edculo, mas a Joby Aviation receber\u00e1 pagamentos fixos e vari\u00e1veis por horas voadas.<\/p>\n\n\n\n<div class=\"wp-block-image\"><figure class=\"aligncenter size-large\"><img loading=\"lazy\" decoding=\"async\" width=\"1000\" height=\"396\" src=\"https:\/\/jornalfatosenoticias.com.br\/wp-content\/uploads\/2023\/09\/Aeronave-eletrica-2.png\" alt=\"\" class=\"wp-image-45508\" srcset=\"https:\/\/jornalfatosenoticias.com.br\/wp-content\/uploads\/2023\/09\/Aeronave-eletrica-2.png 1000w, https:\/\/jornalfatosenoticias.com.br\/wp-content\/uploads\/2023\/09\/Aeronave-eletrica-2-300x119.png 300w, https:\/\/jornalfatosenoticias.com.br\/wp-content\/uploads\/2023\/09\/Aeronave-eletrica-2-768x304.png 768w\" sizes=\"auto, (max-width: 1000px) 100vw, 1000px\" \/><figcaption><em><span class=\"has-inline-color has-black-color\">Aeronave el\u00e9trica passar\u00e1 por estudos da For\u00e7a A\u00e9rea dos EUA e da Nasa (Foto: Divulga\u00e7\u00e3o\/Joby Aviation)<\/span><\/em><\/figcaption><\/figure><\/div>\n\n\n\n<p>Os militares norte-americanos assinaram contratos semelhantes com outras empresas de t\u00e1xi a\u00e9reo. Eles fazem parte de um programa chamado Agility Prime que tem como objetivo apoiar o desenvolvimento de tecnologia do tipo, dando \u00e0 For\u00e7a A\u00e9rea uma vantagem inicial na explora\u00e7\u00e3o de como poderia usar essas aeronaves.<\/p>\n\n\n\n<div class=\"wp-block-image\"><figure class=\"aligncenter size-large is-resized\"><img loading=\"lazy\" decoding=\"async\" src=\"https:\/\/jornalfatosenoticias.com.br\/wp-content\/uploads\/2023\/08\/Steel.jpeg\" alt=\"\" class=\"wp-image-44634\" width=\"345\" height=\"280\" srcset=\"https:\/\/jornalfatosenoticias.com.br\/wp-content\/uploads\/2023\/08\/Steel.jpeg 800w, https:\/\/jornalfatosenoticias.com.br\/wp-content\/uploads\/2023\/08\/Steel-300x244.jpeg 300w, https:\/\/jornalfatosenoticias.com.br\/wp-content\/uploads\/2023\/08\/Steel-768x624.jpeg 768w\" sizes=\"auto, (max-width: 345px) 100vw, 345px\" \/><\/figure><\/div>\n\n\n\n<blockquote class=\"wp-block-quote is-layout-flow wp-block-quote-is-layout-flow\"><p><span class=\"has-inline-color has-luminous-vivid-orange-color\">\u00c9 incrivelmente valioso para n\u00f3s estar conseguindo fazer as primeiras opera\u00e7\u00f5es e construir o m\u00fasculo operacional. A colabora\u00e7\u00e3o ajudar\u00e1 Joby de v\u00e1rias maneiras, incluindo no aprendizado da melhor forma de treinar pilotos e manter e carregar aeronaves em situa\u00e7\u00f5es do mundo real&#8221;, disse Joe Ben Bevirt, presidente-executivo da Joby Aviation.<\/span><\/p><\/blockquote>\n\n\n\n<div class=\"wp-block-image\"><figure class=\"aligncenter size-large is-resized\"><img loading=\"lazy\" decoding=\"async\" src=\"https:\/\/jornalfatosenoticias.com.br\/wp-content\/uploads\/2023\/08\/ITH.jpeg\" alt=\"\" class=\"wp-image-44638\" width=\"330\" height=\"268\" srcset=\"https:\/\/jornalfatosenoticias.com.br\/wp-content\/uploads\/2023\/08\/ITH.jpeg 800w, https:\/\/jornalfatosenoticias.com.br\/wp-content\/uploads\/2023\/08\/ITH-300x244.jpeg 300w, https:\/\/jornalfatosenoticias.com.br\/wp-content\/uploads\/2023\/08\/ITH-768x624.jpeg 768w\" sizes=\"auto, (max-width: 330px) 100vw, 330px\" \/><\/figure><\/div>\n\n\n\n<p>Na Base A\u00e9rea de Edwards, a aeronave ser\u00e1 testada como meio de transporte de carga e pessoas. Al\u00e9m disso, os militares ir\u00e3o estudar como a tecnologia pode ser utilizada realizar evacua\u00e7\u00f5es m\u00e9dicas, por exemplo.<\/p>\n\n\n\n<div class=\"wp-block-image\"><figure class=\"aligncenter size-large is-resized\"><img loading=\"lazy\" decoding=\"async\" src=\"https:\/\/jornalfatosenoticias.com.br\/wp-content\/uploads\/2023\/08\/BKR-1024x1021.jpg\" alt=\"\" class=\"wp-image-44494\" width=\"349\" height=\"348\" srcset=\"https:\/\/jornalfatosenoticias.com.br\/wp-content\/uploads\/2023\/08\/BKR-1024x1021.jpg 1024w, https:\/\/jornalfatosenoticias.com.br\/wp-content\/uploads\/2023\/08\/BKR-300x300.jpg 300w, https:\/\/jornalfatosenoticias.com.br\/wp-content\/uploads\/2023\/08\/BKR-150x150.jpg 150w, https:\/\/jornalfatosenoticias.com.br\/wp-content\/uploads\/2023\/08\/BKR-768x766.jpg 768w, https:\/\/jornalfatosenoticias.com.br\/wp-content\/uploads\/2023\/08\/BKR.jpg 1080w\" sizes=\"auto, (max-width: 349px) 100vw, 349px\" \/><\/figure><\/div>\n\n\n\n<p>A <a href=\"https:\/\/olhardigital.com.br\/tag\/nasa\/\" target=\"_blank\" rel=\"noreferrer noopener\">Nasa<\/a> tamb\u00e9m vai estudar a aeronave com o objetivo de orientar o desenvolvimento do t\u00e1xi a\u00e9reo. A ag\u00eancia espacial norte-americana quer saber como a tecnologia operaria em um ambiente t\u00edpico da cidade, examinando os procedimentos de voo e como ela poderia interagir com o controle de tr\u00e1fego a\u00e9reo e a infraestrutura local.<\/p>\n\n\n\n<div class=\"wp-block-image\"><figure class=\"aligncenter size-large is-resized\"><img loading=\"lazy\" decoding=\"async\" src=\"https:\/\/jornalfatosenoticias.com.br\/wp-content\/uploads\/2022\/02\/FERRARI_MAQUINAS-E-FERRAMENTAS2.jpg\" alt=\"\" class=\"wp-image-27860\" width=\"300\" height=\"250\"\/><\/figure><\/div>\n\n\n\n<p>A Joby e outras empresas de t\u00e1xi a\u00e9reo, incluindo a Archer Aviation e a Beta Technologies, est\u00e3o correndo separadamente para obter que a Administra\u00e7\u00e3o Federal de Avia\u00e7\u00e3o dos Estados Unidos (FAA) certifique suas aeronaves para voos comerciais. As tr\u00eas empresas esperam iniciar o servi\u00e7o comercial j\u00e1 em 2025. A FAA disse que est\u00e1 se preparando para apoiar opera\u00e7\u00f5es robustas de t\u00e1xi a\u00e9reo at\u00e9 2028.<\/p>\n\n\n\n<div class=\"wp-block-image\"><figure class=\"aligncenter size-large is-resized\"><img loading=\"lazy\" decoding=\"async\" src=\"https:\/\/jornalfatosenoticias.com.br\/wp-content\/uploads\/2020\/02\/CONTROL-CS.jpg\" alt=\"\" class=\"wp-image-44991\" width=\"341\" height=\"408\" srcset=\"https:\/\/jornalfatosenoticias.com.br\/wp-content\/uploads\/2020\/02\/CONTROL-CS.jpg 834w, https:\/\/jornalfatosenoticias.com.br\/wp-content\/uploads\/2020\/02\/CONTROL-CS-250x300.jpg 250w, https:\/\/jornalfatosenoticias.com.br\/wp-content\/uploads\/2020\/02\/CONTROL-CS-768x921.jpg 768w\" sizes=\"auto, (max-width: 341px) 100vw, 341px\" \/><\/figure><\/div>\n\n\n\n<p><strong><em>Fonte: <a href=\"https:\/\/olhardigital.com.br\/2023\/09\/25\/carros-e-tecnologia\/forca-aerea-dos-eua-recebe-primeira-aeronave-eletrica-para-testes\/\">Olhar Digital<\/a><\/em><\/strong><\/p>\n","protected":false},"excerpt":{"rendered":"<p>A aeronave el\u00e9trica foi desenvolvida pela Joby Aviation para servi\u00e7os de t\u00e1xi a\u00e9reo; tecnologia \u00e9 estudada pela Nasa Por Alessandro Di Lorenzo O governo dos Estados Unidos confirmou que a For\u00e7a \u00c1rea\u00a0do pa\u00eds recebeu nesta segunda-feira (25) a sua primeira\u00a0aeronave el\u00e9trica. A tecnologia foi desenvolvida pela\u00a0Joby Aviation, uma\u00a0startup\u00a0de\u00a0t\u00e1xi a\u00e9reo, e ser\u00e1 testada como meio de [&hellip;]<\/p>\n","protected":false},"author":2,"featured_media":45509,"comment_status":"open","ping_status":"open","sticky":false,"template":"","format":"standard","meta":{"footnotes":""},"categories":[3],"tags":[2429,16999,21432,10622,16683,164,3364],"class_list":["post-45507","post","type-post","status-publish","format-standard","has-post-thumbnail","hentry","category-tecnologia","tag-aeronave-eletrica","tag-archer-aviation","tag-beta-technologies","tag-forca-aerea-americana","tag-joby-aviation","tag-nasa","tag-taxi-aereo"],"yoast_head":"<!-- This site is optimized with the Yoast SEO plugin v26.5 - https:\/\/yoast.com\/wordpress\/plugins\/seo\/ -->\n<title>For\u00e7a A\u00e9rea dos EUA recebe primeira aeronave el\u00e9trica para testes - Jornal Fatos e Not\u00edcias<\/title>\n<meta name=\"robots\" content=\"index, follow, max-snippet:-1, max-image-preview:large, max-video-preview:-1\" \/>\n<link rel=\"canonical\" href=\"https:\/\/jornalfatosenoticias.com.br\/index.php\/2023\/09\/26\/forca-aerea-dos-eua-recebe-primeira-aeronave-eletrica-para-testes\/\" \/>\n<meta property=\"og:locale\" content=\"pt_BR\" \/>\n<meta property=\"og:type\" content=\"article\" \/>\n<meta property=\"og:title\" content=\"For\u00e7a A\u00e9rea dos EUA recebe primeira aeronave el\u00e9trica para testes - Jornal Fatos e Not\u00edcias\" \/>\n<meta property=\"og:description\" content=\"A aeronave el\u00e9trica foi desenvolvida pela Joby Aviation para servi\u00e7os de t\u00e1xi a\u00e9reo; tecnologia \u00e9 estudada pela Nasa Por Alessandro Di Lorenzo O governo dos Estados Unidos confirmou que a For\u00e7a \u00c1rea\u00a0do pa\u00eds recebeu nesta segunda-feira (25) a sua primeira\u00a0aeronave el\u00e9trica. A tecnologia foi desenvolvida pela\u00a0Joby Aviation, uma\u00a0startup\u00a0de\u00a0t\u00e1xi a\u00e9reo, e ser\u00e1 testada como meio de [&hellip;]\" \/>\n<meta property=\"og:url\" content=\"https:\/\/jornalfatosenoticias.com.br\/index.php\/2023\/09\/26\/forca-aerea-dos-eua-recebe-primeira-aeronave-eletrica-para-testes\/\" \/>\n<meta property=\"og:site_name\" content=\"Jornal Fatos e Not\u00edcias\" \/>\n<meta property=\"article:published_time\" content=\"2023-09-26T18:29:17+00:00\" \/>\n<meta property=\"article:modified_time\" content=\"2023-09-26T18:29:18+00:00\" \/>\n<meta property=\"og:image\" content=\"https:\/\/jornalfatosenoticias.com.br\/wp-content\/uploads\/2023\/09\/Aeronave-eletrica-1.png\" \/>\n\t<meta property=\"og:image:width\" content=\"1000\" \/>\n\t<meta property=\"og:image:height\" content=\"597\" \/>\n\t<meta property=\"og:image:type\" content=\"image\/png\" \/>\n<meta name=\"author\" content=\"Luzimara Fernandes\" \/>\n<meta name=\"twitter:card\" content=\"summary_large_image\" \/>\n<meta name=\"twitter:label1\" content=\"Escrito por\" \/>\n\t<meta name=\"twitter:data1\" content=\"Luzimara Fernandes\" \/>\n\t<meta name=\"twitter:label2\" content=\"Est. tempo de leitura\" \/>\n\t<meta name=\"twitter:data2\" content=\"3 minutos\" \/>\n<script type=\"application\/ld+json\" class=\"yoast-schema-graph\">{\"@context\":\"https:\/\/schema.org\",\"@graph\":[{\"@type\":\"Article\",\"@id\":\"https:\/\/jornalfatosenoticias.com.br\/index.php\/2023\/09\/26\/forca-aerea-dos-eua-recebe-primeira-aeronave-eletrica-para-testes\/#article\",\"isPartOf\":{\"@id\":\"https:\/\/jornalfatosenoticias.com.br\/index.php\/2023\/09\/26\/forca-aerea-dos-eua-recebe-primeira-aeronave-eletrica-para-testes\/\"},\"author\":{\"name\":\"Luzimara Fernandes\",\"@id\":\"https:\/\/jornalfatosenoticias.com.br\/#\/schema\/person\/d63837fa13ac8666eb9e74e0985d6f81\"},\"headline\":\"For\u00e7a A\u00e9rea dos EUA recebe primeira aeronave el\u00e9trica para testes\",\"datePublished\":\"2023-09-26T18:29:17+00:00\",\"dateModified\":\"2023-09-26T18:29:18+00:00\",\"mainEntityOfPage\":{\"@id\":\"https:\/\/jornalfatosenoticias.com.br\/index.php\/2023\/09\/26\/forca-aerea-dos-eua-recebe-primeira-aeronave-eletrica-para-testes\/\"},\"wordCount\":520,\"commentCount\":0,\"publisher\":{\"@id\":\"https:\/\/jornalfatosenoticias.com.br\/#organization\"},\"image\":{\"@id\":\"https:\/\/jornalfatosenoticias.com.br\/index.php\/2023\/09\/26\/forca-aerea-dos-eua-recebe-primeira-aeronave-eletrica-para-testes\/#primaryimage\"},\"thumbnailUrl\":\"https:\/\/jornalfatosenoticias.com.br\/wp-content\/uploads\/2023\/09\/Aeronave-eletrica-1.png\",\"keywords\":[\"aeronave el\u00e9trica\",\"Archer Aviation\",\"Beta Technologies\",\"For\u00e7a A\u00e9rea Americana\",\"Joby Aviation\",\"Nasa\",\"t\u00e1xi a\u00e9reo\"],\"articleSection\":[\"Tecnologia &amp; Inova\u00e7\u00e3o\"],\"inLanguage\":\"pt-BR\",\"potentialAction\":[{\"@type\":\"CommentAction\",\"name\":\"Comment\",\"target\":[\"https:\/\/jornalfatosenoticias.com.br\/index.php\/2023\/09\/26\/forca-aerea-dos-eua-recebe-primeira-aeronave-eletrica-para-testes\/#respond\"]}]},{\"@type\":\"WebPage\",\"@id\":\"https:\/\/jornalfatosenoticias.com.br\/index.php\/2023\/09\/26\/forca-aerea-dos-eua-recebe-primeira-aeronave-eletrica-para-testes\/\",\"url\":\"https:\/\/jornalfatosenoticias.com.br\/index.php\/2023\/09\/26\/forca-aerea-dos-eua-recebe-primeira-aeronave-eletrica-para-testes\/\",\"name\":\"For\u00e7a A\u00e9rea dos EUA recebe primeira aeronave el\u00e9trica para testes - Jornal Fatos e Not\u00edcias\",\"isPartOf\":{\"@id\":\"https:\/\/jornalfatosenoticias.com.br\/#website\"},\"primaryImageOfPage\":{\"@id\":\"https:\/\/jornalfatosenoticias.com.br\/index.php\/2023\/09\/26\/forca-aerea-dos-eua-recebe-primeira-aeronave-eletrica-para-testes\/#primaryimage\"},\"image\":{\"@id\":\"https:\/\/jornalfatosenoticias.com.br\/index.php\/2023\/09\/26\/forca-aerea-dos-eua-recebe-primeira-aeronave-eletrica-para-testes\/#primaryimage\"},\"thumbnailUrl\":\"https:\/\/jornalfatosenoticias.com.br\/wp-content\/uploads\/2023\/09\/Aeronave-eletrica-1.png\",\"datePublished\":\"2023-09-26T18:29:17+00:00\",\"dateModified\":\"2023-09-26T18:29:18+00:00\",\"breadcrumb\":{\"@id\":\"https:\/\/jornalfatosenoticias.com.br\/index.php\/2023\/09\/26\/forca-aerea-dos-eua-recebe-primeira-aeronave-eletrica-para-testes\/#breadcrumb\"},\"inLanguage\":\"pt-BR\",\"potentialAction\":[{\"@type\":\"ReadAction\",\"target\":[\"https:\/\/jornalfatosenoticias.com.br\/index.php\/2023\/09\/26\/forca-aerea-dos-eua-recebe-primeira-aeronave-eletrica-para-testes\/\"]}]},{\"@type\":\"ImageObject\",\"inLanguage\":\"pt-BR\",\"@id\":\"https:\/\/jornalfatosenoticias.com.br\/index.php\/2023\/09\/26\/forca-aerea-dos-eua-recebe-primeira-aeronave-eletrica-para-testes\/#primaryimage\",\"url\":\"https:\/\/jornalfatosenoticias.com.br\/wp-content\/uploads\/2023\/09\/Aeronave-eletrica-1.png\",\"contentUrl\":\"https:\/\/jornalfatosenoticias.com.br\/wp-content\/uploads\/2023\/09\/Aeronave-eletrica-1.png\",\"width\":1000,\"height\":597},{\"@type\":\"BreadcrumbList\",\"@id\":\"https:\/\/jornalfatosenoticias.com.br\/index.php\/2023\/09\/26\/forca-aerea-dos-eua-recebe-primeira-aeronave-eletrica-para-testes\/#breadcrumb\",\"itemListElement\":[{\"@type\":\"ListItem\",\"position\":1,\"name\":\"In\u00edcio\",\"item\":\"https:\/\/jornalfatosenoticias.com.br\/\"},{\"@type\":\"ListItem\",\"position\":2,\"name\":\"For\u00e7a A\u00e9rea dos EUA recebe primeira aeronave el\u00e9trica para testes\"}]},{\"@type\":\"WebSite\",\"@id\":\"https:\/\/jornalfatosenoticias.com.br\/#website\",\"url\":\"https:\/\/jornalfatosenoticias.com.br\/\",\"name\":\"Jornal Fatos e Not\u00edcias\",\"description\":\"Not\u00edcias em geral\",\"publisher\":{\"@id\":\"https:\/\/jornalfatosenoticias.com.br\/#organization\"},\"potentialAction\":[{\"@type\":\"SearchAction\",\"target\":{\"@type\":\"EntryPoint\",\"urlTemplate\":\"https:\/\/jornalfatosenoticias.com.br\/?s={search_term_string}\"},\"query-input\":{\"@type\":\"PropertyValueSpecification\",\"valueRequired\":true,\"valueName\":\"search_term_string\"}}],\"inLanguage\":\"pt-BR\"},{\"@type\":\"Organization\",\"@id\":\"https:\/\/jornalfatosenoticias.com.br\/#organization\",\"name\":\"Jornal Fatos e Not\u00edcias\",\"url\":\"https:\/\/jornalfatosenoticias.com.br\/\",\"logo\":{\"@type\":\"ImageObject\",\"inLanguage\":\"pt-BR\",\"@id\":\"https:\/\/jornalfatosenoticias.com.br\/#\/schema\/logo\/image\/\",\"url\":\"https:\/\/jornalfatosenoticias.com.br\/wp-content\/uploads\/2020\/02\/logo120.png\",\"contentUrl\":\"https:\/\/jornalfatosenoticias.com.br\/wp-content\/uploads\/2020\/02\/logo120.png\",\"width\":1227,\"height\":120,\"caption\":\"Jornal Fatos e Not\u00edcias\"},\"image\":{\"@id\":\"https:\/\/jornalfatosenoticias.com.br\/#\/schema\/logo\/image\/\"}},{\"@type\":\"Person\",\"@id\":\"https:\/\/jornalfatosenoticias.com.br\/#\/schema\/person\/d63837fa13ac8666eb9e74e0985d6f81\",\"name\":\"Luzimara Fernandes\",\"image\":{\"@type\":\"ImageObject\",\"inLanguage\":\"pt-BR\",\"@id\":\"https:\/\/jornalfatosenoticias.com.br\/#\/schema\/person\/image\/\",\"url\":\"https:\/\/jornalfatosenoticias.com.br\/wp-content\/uploads\/2025\/05\/EU_portal.jpg\",\"contentUrl\":\"https:\/\/jornalfatosenoticias.com.br\/wp-content\/uploads\/2025\/05\/EU_portal.jpg\",\"caption\":\"Luzimara Fernandes\"},\"description\":\"Jornalista MTB 2358-ES\",\"sameAs\":[\"https:\/\/jornalfatosenoticias.com.br\"],\"url\":\"https:\/\/jornalfatosenoticias.com.br\/index.php\/author\/luzimara\/\"}]}<\/script>\n<!-- \/ Yoast SEO plugin. -->","yoast_head_json":{"title":"For\u00e7a A\u00e9rea dos EUA recebe primeira aeronave el\u00e9trica para testes - Jornal Fatos e Not\u00edcias","robots":{"index":"index","follow":"follow","max-snippet":"max-snippet:-1","max-image-preview":"max-image-preview:large","max-video-preview":"max-video-preview:-1"},"canonical":"https:\/\/jornalfatosenoticias.com.br\/index.php\/2023\/09\/26\/forca-aerea-dos-eua-recebe-primeira-aeronave-eletrica-para-testes\/","og_locale":"pt_BR","og_type":"article","og_title":"For\u00e7a A\u00e9rea dos EUA recebe primeira aeronave el\u00e9trica para testes - Jornal Fatos e Not\u00edcias","og_description":"A aeronave el\u00e9trica foi desenvolvida pela Joby Aviation para servi\u00e7os de t\u00e1xi a\u00e9reo; tecnologia \u00e9 estudada pela Nasa Por Alessandro Di Lorenzo O governo dos Estados Unidos confirmou que a For\u00e7a \u00c1rea\u00a0do pa\u00eds recebeu nesta segunda-feira (25) a sua primeira\u00a0aeronave el\u00e9trica. A tecnologia foi desenvolvida pela\u00a0Joby Aviation, uma\u00a0startup\u00a0de\u00a0t\u00e1xi a\u00e9reo, e ser\u00e1 testada como meio de [&hellip;]","og_url":"https:\/\/jornalfatosenoticias.com.br\/index.php\/2023\/09\/26\/forca-aerea-dos-eua-recebe-primeira-aeronave-eletrica-para-testes\/","og_site_name":"Jornal Fatos e Not\u00edcias","article_published_time":"2023-09-26T18:29:17+00:00","article_modified_time":"2023-09-26T18:29:18+00:00","og_image":[{"width":1000,"height":597,"url":"https:\/\/jornalfatosenoticias.com.br\/wp-content\/uploads\/2023\/09\/Aeronave-eletrica-1.png","type":"image\/png"}],"author":"Luzimara Fernandes","twitter_card":"summary_large_image","twitter_misc":{"Escrito por":"Luzimara Fernandes","Est. tempo de leitura":"3 minutos"},"schema":{"@context":"https:\/\/schema.org","@graph":[{"@type":"Article","@id":"https:\/\/jornalfatosenoticias.com.br\/index.php\/2023\/09\/26\/forca-aerea-dos-eua-recebe-primeira-aeronave-eletrica-para-testes\/#article","isPartOf":{"@id":"https:\/\/jornalfatosenoticias.com.br\/index.php\/2023\/09\/26\/forca-aerea-dos-eua-recebe-primeira-aeronave-eletrica-para-testes\/"},"author":{"name":"Luzimara Fernandes","@id":"https:\/\/jornalfatosenoticias.com.br\/#\/schema\/person\/d63837fa13ac8666eb9e74e0985d6f81"},"headline":"For\u00e7a A\u00e9rea dos EUA recebe primeira aeronave el\u00e9trica para testes","datePublished":"2023-09-26T18:29:17+00:00","dateModified":"2023-09-26T18:29:18+00:00","mainEntityOfPage":{"@id":"https:\/\/jornalfatosenoticias.com.br\/index.php\/2023\/09\/26\/forca-aerea-dos-eua-recebe-primeira-aeronave-eletrica-para-testes\/"},"wordCount":520,"commentCount":0,"publisher":{"@id":"https:\/\/jornalfatosenoticias.com.br\/#organization"},"image":{"@id":"https:\/\/jornalfatosenoticias.com.br\/index.php\/2023\/09\/26\/forca-aerea-dos-eua-recebe-primeira-aeronave-eletrica-para-testes\/#primaryimage"},"thumbnailUrl":"https:\/\/jornalfatosenoticias.com.br\/wp-content\/uploads\/2023\/09\/Aeronave-eletrica-1.png","keywords":["aeronave el\u00e9trica","Archer Aviation","Beta Technologies","For\u00e7a A\u00e9rea Americana","Joby Aviation","Nasa","t\u00e1xi a\u00e9reo"],"articleSection":["Tecnologia &amp; Inova\u00e7\u00e3o"],"inLanguage":"pt-BR","potentialAction":[{"@type":"CommentAction","name":"Comment","target":["https:\/\/jornalfatosenoticias.com.br\/index.php\/2023\/09\/26\/forca-aerea-dos-eua-recebe-primeira-aeronave-eletrica-para-testes\/#respond"]}]},{"@type":"WebPage","@id":"https:\/\/jornalfatosenoticias.com.br\/index.php\/2023\/09\/26\/forca-aerea-dos-eua-recebe-primeira-aeronave-eletrica-para-testes\/","url":"https:\/\/jornalfatosenoticias.com.br\/index.php\/2023\/09\/26\/forca-aerea-dos-eua-recebe-primeira-aeronave-eletrica-para-testes\/","name":"For\u00e7a A\u00e9rea dos EUA recebe primeira aeronave el\u00e9trica para testes - Jornal Fatos e Not\u00edcias","isPartOf":{"@id":"https:\/\/jornalfatosenoticias.com.br\/#website"},"primaryImageOfPage":{"@id":"https:\/\/jornalfatosenoticias.com.br\/index.php\/2023\/09\/26\/forca-aerea-dos-eua-recebe-primeira-aeronave-eletrica-para-testes\/#primaryimage"},"image":{"@id":"https:\/\/jornalfatosenoticias.com.br\/index.php\/2023\/09\/26\/forca-aerea-dos-eua-recebe-primeira-aeronave-eletrica-para-testes\/#primaryimage"},"thumbnailUrl":"https:\/\/jornalfatosenoticias.com.br\/wp-content\/uploads\/2023\/09\/Aeronave-eletrica-1.png","datePublished":"2023-09-26T18:29:17+00:00","dateModified":"2023-09-26T18:29:18+00:00","breadcrumb":{"@id":"https:\/\/jornalfatosenoticias.com.br\/index.php\/2023\/09\/26\/forca-aerea-dos-eua-recebe-primeira-aeronave-eletrica-para-testes\/#breadcrumb"},"inLanguage":"pt-BR","potentialAction":[{"@type":"ReadAction","target":["https:\/\/jornalfatosenoticias.com.br\/index.php\/2023\/09\/26\/forca-aerea-dos-eua-recebe-primeira-aeronave-eletrica-para-testes\/"]}]},{"@type":"ImageObject","inLanguage":"pt-BR","@id":"https:\/\/jornalfatosenoticias.com.br\/index.php\/2023\/09\/26\/forca-aerea-dos-eua-recebe-primeira-aeronave-eletrica-para-testes\/#primaryimage","url":"https:\/\/jornalfatosenoticias.com.br\/wp-content\/uploads\/2023\/09\/Aeronave-eletrica-1.png","contentUrl":"https:\/\/jornalfatosenoticias.com.br\/wp-content\/uploads\/2023\/09\/Aeronave-eletrica-1.png","width":1000,"height":597},{"@type":"BreadcrumbList","@id":"https:\/\/jornalfatosenoticias.com.br\/index.php\/2023\/09\/26\/forca-aerea-dos-eua-recebe-primeira-aeronave-eletrica-para-testes\/#breadcrumb","itemListElement":[{"@type":"ListItem","position":1,"name":"In\u00edcio","item":"https:\/\/jornalfatosenoticias.com.br\/"},{"@type":"ListItem","position":2,"name":"For\u00e7a A\u00e9rea dos EUA recebe primeira aeronave el\u00e9trica para testes"}]},{"@type":"WebSite","@id":"https:\/\/jornalfatosenoticias.com.br\/#website","url":"https:\/\/jornalfatosenoticias.com.br\/","name":"Jornal Fatos e Not\u00edcias","description":"Not\u00edcias em geral","publisher":{"@id":"https:\/\/jornalfatosenoticias.com.br\/#organization"},"potentialAction":[{"@type":"SearchAction","target":{"@type":"EntryPoint","urlTemplate":"https:\/\/jornalfatosenoticias.com.br\/?s={search_term_string}"},"query-input":{"@type":"PropertyValueSpecification","valueRequired":true,"valueName":"search_term_string"}}],"inLanguage":"pt-BR"},{"@type":"Organization","@id":"https:\/\/jornalfatosenoticias.com.br\/#organization","name":"Jornal Fatos e Not\u00edcias","url":"https:\/\/jornalfatosenoticias.com.br\/","logo":{"@type":"ImageObject","inLanguage":"pt-BR","@id":"https:\/\/jornalfatosenoticias.com.br\/#\/schema\/logo\/image\/","url":"https:\/\/jornalfatosenoticias.com.br\/wp-content\/uploads\/2020\/02\/logo120.png","contentUrl":"https:\/\/jornalfatosenoticias.com.br\/wp-content\/uploads\/2020\/02\/logo120.png","width":1227,"height":120,"caption":"Jornal Fatos e Not\u00edcias"},"image":{"@id":"https:\/\/jornalfatosenoticias.com.br\/#\/schema\/logo\/image\/"}},{"@type":"Person","@id":"https:\/\/jornalfatosenoticias.com.br\/#\/schema\/person\/d63837fa13ac8666eb9e74e0985d6f81","name":"Luzimara Fernandes","image":{"@type":"ImageObject","inLanguage":"pt-BR","@id":"https:\/\/jornalfatosenoticias.com.br\/#\/schema\/person\/image\/","url":"https:\/\/jornalfatosenoticias.com.br\/wp-content\/uploads\/2025\/05\/EU_portal.jpg","contentUrl":"https:\/\/jornalfatosenoticias.com.br\/wp-content\/uploads\/2025\/05\/EU_portal.jpg","caption":"Luzimara Fernandes"},"description":"Jornalista MTB 2358-ES","sameAs":["https:\/\/jornalfatosenoticias.com.br"],"url":"https:\/\/jornalfatosenoticias.com.br\/index.php\/author\/luzimara\/"}]}},"cc_featured_image_caption":{"caption_text":"(Foto: Divulga\u00e7\u00e3o\/Joby Aviation)","source_text":"","source_url":""},"jetpack_featured_media_url":"https:\/\/jornalfatosenoticias.com.br\/wp-content\/uploads\/2023\/09\/Aeronave-eletrica-1.png","_links":{"self":[{"href":"https:\/\/jornalfatosenoticias.com.br\/index.php\/wp-json\/wp\/v2\/posts\/45507","targetHints":{"allow":["GET"]}}],"collection":[{"href":"https:\/\/jornalfatosenoticias.com.br\/index.php\/wp-json\/wp\/v2\/posts"}],"about":[{"href":"https:\/\/jornalfatosenoticias.com.br\/index.php\/wp-json\/wp\/v2\/types\/post"}],"author":[{"embeddable":true,"href":"https:\/\/jornalfatosenoticias.com.br\/index.php\/wp-json\/wp\/v2\/users\/2"}],"replies":[{"embeddable":true,"href":"https:\/\/jornalfatosenoticias.com.br\/index.php\/wp-json\/wp\/v2\/comments?post=45507"}],"version-history":[{"count":0,"href":"https:\/\/jornalfatosenoticias.com.br\/index.php\/wp-json\/wp\/v2\/posts\/45507\/revisions"}],"wp:featuredmedia":[{"embeddable":true,"href":"https:\/\/jornalfatosenoticias.com.br\/index.php\/wp-json\/wp\/v2\/media\/45509"}],"wp:attachment":[{"href":"https:\/\/jornalfatosenoticias.com.br\/index.php\/wp-json\/wp\/v2\/media?parent=45507"}],"wp:term":[{"taxonomy":"category","embeddable":true,"href":"https:\/\/jornalfatosenoticias.com.br\/index.php\/wp-json\/wp\/v2\/categories?post=45507"},{"taxonomy":"post_tag","embeddable":true,"href":"https:\/\/jornalfatosenoticias.com.br\/index.php\/wp-json\/wp\/v2\/tags?post=45507"}],"curies":[{"name":"wp","href":"https:\/\/api.w.org\/{rel}","templated":true}]}}