{"id":45511,"date":"2023-09-26T15:45:04","date_gmt":"2023-09-26T18:45:04","guid":{"rendered":"https:\/\/jornalfatosenoticias.com.br\/?p=45511"},"modified":"2023-09-26T15:45:05","modified_gmt":"2023-09-26T18:45:05","slug":"ministerio-da-saude-fecha-contrato-de-r-2858-milhoes-com-empresa-de-apenas-um-funcionario","status":"publish","type":"post","link":"https:\/\/jornalfatosenoticias.com.br\/index.php\/2023\/09\/26\/ministerio-da-saude-fecha-contrato-de-r-2858-milhoes-com-empresa-de-apenas-um-funcionario\/","title":{"rendered":"Minist\u00e9rio da Sa\u00fade fecha contrato de R$ 285,8 milh\u00f5es com empresa de apenas um funcion\u00e1rio"},"content":{"rendered":"\n<div class=\"wp-block-image\"><figure class=\"aligncenter size-large\"><img loading=\"lazy\" decoding=\"async\" width=\"1024\" height=\"110\" src=\"https:\/\/jornalfatosenoticias.com.br\/wp-content\/uploads\/2022\/10\/Arte-jornal-Zucchi-1120x120_Prancheta-1-1024x110.jpg\" alt=\"\" class=\"wp-image-34772\" srcset=\"https:\/\/jornalfatosenoticias.com.br\/wp-content\/uploads\/2022\/10\/Arte-jornal-Zucchi-1120x120_Prancheta-1-1024x110.jpg 1024w, https:\/\/jornalfatosenoticias.com.br\/wp-content\/uploads\/2022\/10\/Arte-jornal-Zucchi-1120x120_Prancheta-1-300x32.jpg 300w, https:\/\/jornalfatosenoticias.com.br\/wp-content\/uploads\/2022\/10\/Arte-jornal-Zucchi-1120x120_Prancheta-1-768x82.jpg 768w, https:\/\/jornalfatosenoticias.com.br\/wp-content\/uploads\/2022\/10\/Arte-jornal-Zucchi-1120x120_Prancheta-1-1536x165.jpg 1536w, https:\/\/jornalfatosenoticias.com.br\/wp-content\/uploads\/2022\/10\/Arte-jornal-Zucchi-1120x120_Prancheta-1-2048x219.jpg 2048w\" sizes=\"auto, (max-width: 1024px) 100vw, 1024px\" \/><\/figure><\/div>\n\n\n\n<p>O Minist\u00e9rio da Sa\u00fade firmou um contrato, com dispensa de licita\u00e7\u00e3o, de R$ 285,8 milh\u00f5es com uma microempresa com apenas um funcion\u00e1rio registrado at\u00e9 mar\u00e7o. O capital social da empresa \u00e9 de R$ 1,3 milh\u00e3o. O acordo foi assinado em abril e previa o fornecimento de 293,5 mil frascos de imunoglobulina humana.<br>O medicamento \u00e9 produzido a partir do sangue, usado para melhorar a imunidade de pacientes que sofrem de uma s\u00e9rie de doen\u00e7as, como a s\u00edndrome de Guillain-Barr\u00e9. Al\u00e9m do tamanho e da grande quantidade de recursos, a microempresa Auramedi, de Goi\u00e1s, tamb\u00e9m chama aten\u00e7\u00e3o pela companhia que representa no Brasil, a chinesa Nanjing Pharmacare.<\/p>\n\n\n\n<div class=\"wp-block-image\"><figure class=\"aligncenter size-large\"><img loading=\"lazy\" decoding=\"async\" width=\"300\" height=\"300\" src=\"https:\/\/jornalfatosenoticias.com.br\/wp-content\/uploads\/2020\/02\/casa-do-torresmo_portal.jpg\" alt=\"\" class=\"wp-image-34472\" srcset=\"https:\/\/jornalfatosenoticias.com.br\/wp-content\/uploads\/2020\/02\/casa-do-torresmo_portal.jpg 300w, https:\/\/jornalfatosenoticias.com.br\/wp-content\/uploads\/2020\/02\/casa-do-torresmo_portal-150x150.jpg 150w\" sizes=\"auto, (max-width: 300px) 100vw, 300px\" \/><\/figure><\/div>\n\n\n\n<p>O contrato assinado entre o minist\u00e9rio com a asi\u00e1tica tem a Auramedi como representante. A Nanjing tamb\u00e9m \u00e9 representada no Pa\u00eds pela Panamerican Medical Supply, que tem como um dos s\u00f3cios Marcelo Pupkin Pitta, empres\u00e1rio do ramo que j\u00e1 foi preso na Opera\u00e7\u00e3o Vampiro, em 2004, e, novamente, em 2007.<\/p>\n\n\n\n<div class=\"wp-block-image\"><figure class=\"aligncenter size-large\"><img decoding=\"async\" src=\"https:\/\/jornalfatosenoticias.com.br\/wp-content\/uploads\/2020\/02\/barao-das-carnes-300x164-1.jpg\" alt=\"\" class=\"wp-image-34339\"\/><\/figure><\/div>\n\n\n\n<p>Segundo reportagem do portal Metr\u00f3poles, as investiga\u00e7\u00f5es apuraram suspeita de fraude em licita\u00e7\u00e3o no Minist\u00e9rio da Sa\u00fade em compras de medicamentos hemoderivados, incluindo imunoglobulina.<\/p>\n\n\n\n<div class=\"wp-block-image\"><figure class=\"aligncenter size-large\"><img loading=\"lazy\" decoding=\"async\" width=\"300\" height=\"250\" src=\"https:\/\/jornalfatosenoticias.com.br\/wp-content\/uploads\/2020\/02\/Banner-2.png\" alt=\"\" class=\"wp-image-43787\"\/><\/figure><\/div>\n\n\n\n<p><strong><span class=\"has-inline-color has-vivid-red-color\">\u00danico s\u00f3cio<br><\/span><\/strong>A Auramedi e o \u00fanico s\u00f3cio, F\u00e1bio Granieri de Oliveira, s\u00e3o r\u00e9us por improbidade administrativa em uma a\u00e7\u00e3o popular no Tribunal de Justi\u00e7a do Par\u00e1. A den\u00fancia aponta suspeita de fraude em uma contrata\u00e7\u00e3o, tamb\u00e9m com dispensa de licita\u00e7\u00e3o, durante a pandemia da covid-19 no munic\u00edpio de Parauapebas (PA).<\/p>\n\n\n\n<div class=\"wp-block-image\"><figure class=\"aligncenter size-large is-resized\"><img loading=\"lazy\" decoding=\"async\" src=\"https:\/\/jornalfatosenoticias.com.br\/wp-content\/uploads\/2020\/02\/logo-Rapuzel-1024x571.jpg\" alt=\"\" class=\"wp-image-42808\" width=\"366\" height=\"204\" srcset=\"https:\/\/jornalfatosenoticias.com.br\/wp-content\/uploads\/2020\/02\/logo-Rapuzel-1024x571.jpg 1024w, https:\/\/jornalfatosenoticias.com.br\/wp-content\/uploads\/2020\/02\/logo-Rapuzel-300x167.jpg 300w, https:\/\/jornalfatosenoticias.com.br\/wp-content\/uploads\/2020\/02\/logo-Rapuzel-768x428.jpg 768w, https:\/\/jornalfatosenoticias.com.br\/wp-content\/uploads\/2020\/02\/logo-Rapuzel-1536x856.jpg 1536w, https:\/\/jornalfatosenoticias.com.br\/wp-content\/uploads\/2020\/02\/logo-Rapuzel.jpg 1600w\" sizes=\"auto, (max-width: 366px) 100vw, 366px\" \/><\/figure><\/div>\n\n\n\n<p>Mesmo assim, a microempresa n\u00e3o tem restri\u00e7\u00f5es para participar de licita\u00e7\u00f5es ou firmar contratos com o Poder P\u00fablico. De acordo com o processo, Oliveira participou da tomada de pre\u00e7o solicitada pela prefeitura como representante da Auramedi e assinou da mesma forma em uma das outras duas concorrentes.<\/p>\n\n\n\n<div class=\"wp-block-image\"><figure class=\"aligncenter size-large is-resized\"><img loading=\"lazy\" decoding=\"async\" src=\"https:\/\/jornalfatosenoticias.com.br\/wp-content\/uploads\/2023\/08\/VSM-Group.jpeg\" alt=\"\" class=\"wp-image-44364\" width=\"262\" height=\"262\"\/><\/figure><\/div>\n\n\n\n<p><strong><span class=\"has-inline-color has-vivid-red-color\">Microempresa de grandes contratos<br><\/span><\/strong>A empresa foi criada em 2013, mas o empres\u00e1rio passou a ser s\u00f3cio em maio de 2020, per\u00edodo em que a Auramedi saiu de um capital social de R$ 50 mil para R$ 1,3 milh\u00e3o. Tr\u00eas meses antes, a empresa foi dada como pagamento de uma d\u00edvida a outras tr\u00eas pessoas. Oliveira afirma que trabalhou na gigante farmac\u00eautica EMS antes de se tornar o \u00fanico s\u00f3cio da Auramedi.<\/p>\n\n\n\n<div class=\"wp-block-image\"><figure class=\"aligncenter size-large is-resized\"><img loading=\"lazy\" decoding=\"async\" src=\"https:\/\/jornalfatosenoticias.com.br\/wp-content\/uploads\/2023\/03\/nova-logo-Marquetti.jpg\" alt=\"\" class=\"wp-image-40207\" width=\"307\" height=\"206\" srcset=\"https:\/\/jornalfatosenoticias.com.br\/wp-content\/uploads\/2023\/03\/nova-logo-Marquetti.jpg 643w, https:\/\/jornalfatosenoticias.com.br\/wp-content\/uploads\/2023\/03\/nova-logo-Marquetti-300x202.jpg 300w\" sizes=\"auto, (max-width: 307px) 100vw, 307px\" \/><\/figure><\/div>\n\n\n\n<p>Segundo dados do Portal da Transpar\u00eancia, a Auramedi come\u00e7ou a participar de preg\u00f5es de \u00f3rg\u00e3os federais desde outubro de 2022 e recebeu pequenas quantias para fornecer medicamentos, com notas de pagamento de at\u00e9 R$ 6,2 mil. O maior valor recebido pela microempresa at\u00e9 o momento vem do contrato com o Minist\u00e9rio da Sa\u00fade \u2014 R$ 16,5 milh\u00f5es.<\/p>\n\n\n\n<div class=\"wp-block-image\"><figure class=\"aligncenter size-large\"><img loading=\"lazy\" decoding=\"async\" width=\"300\" height=\"250\" src=\"https:\/\/jornalfatosenoticias.com.br\/wp-content\/uploads\/2022\/08\/arte-Casarao.jpg\" alt=\"\" class=\"wp-image-33178\"\/><\/figure><\/div>\n\n\n\n<p>Para conseguir o contrato, a Auramedi pagou R$ 246,6 mil em um seguro de R$ 14,3 milh\u00f5es, o equivalente a 5% do contrato, o que \u00e9 exigido pela lei.<\/p>\n\n\n\n<p><strong><em>Fonte: <a href=\"https:\/\/terrabrasilnoticias.com\/2023\/09\/ministerio-da-saude-fecha-contrato-de-r-2858-milhoes-com-empresa-de-apenas-1-funcionario\">Terra Brasil Not\u00edcias<\/a><\/em><\/strong><\/p>\n","protected":false},"excerpt":{"rendered":"<p>O Minist\u00e9rio da Sa\u00fade firmou um contrato, com dispensa de licita\u00e7\u00e3o, de R$ 285,8 milh\u00f5es com uma microempresa com apenas um funcion\u00e1rio registrado at\u00e9 mar\u00e7o. O capital social da empresa \u00e9 de R$ 1,3 milh\u00e3o. O acordo foi assinado em abril e previa o fornecimento de 293,5 mil frascos de imunoglobulina humana.O medicamento \u00e9 produzido [&hellip;]<\/p>\n","protected":false},"author":2,"featured_media":45512,"comment_status":"open","ping_status":"open","sticky":false,"template":"","format":"standard","meta":{"footnotes":""},"categories":[11],"tags":[21433,10241,447,21296],"class_list":["post-45511","post","type-post","status-publish","format-standard","has-post-thumbnail","hentry","category-saude","tag-contrato-de-milhoes","tag-improbidade-administrativa","tag-ministerio-da-saude","tag-reus"],"yoast_head":"<!-- This site is optimized with the Yoast SEO plugin v26.5 - https:\/\/yoast.com\/wordpress\/plugins\/seo\/ -->\n<title>Minist\u00e9rio da Sa\u00fade fecha contrato de R$ 285,8 milh\u00f5es com empresa de apenas um funcion\u00e1rio - Jornal Fatos e Not\u00edcias<\/title>\n<meta name=\"robots\" content=\"index, follow, max-snippet:-1, max-image-preview:large, max-video-preview:-1\" \/>\n<link rel=\"canonical\" href=\"https:\/\/jornalfatosenoticias.com.br\/index.php\/2023\/09\/26\/ministerio-da-saude-fecha-contrato-de-r-2858-milhoes-com-empresa-de-apenas-um-funcionario\/\" \/>\n<meta property=\"og:locale\" content=\"pt_BR\" \/>\n<meta property=\"og:type\" content=\"article\" \/>\n<meta property=\"og:title\" content=\"Minist\u00e9rio da Sa\u00fade fecha contrato de R$ 285,8 milh\u00f5es com empresa de apenas um funcion\u00e1rio - Jornal Fatos e Not\u00edcias\" \/>\n<meta property=\"og:description\" content=\"O Minist\u00e9rio da Sa\u00fade firmou um contrato, com dispensa de licita\u00e7\u00e3o, de R$ 285,8 milh\u00f5es com uma microempresa com apenas um funcion\u00e1rio registrado at\u00e9 mar\u00e7o. O capital social da empresa \u00e9 de R$ 1,3 milh\u00e3o. O acordo foi assinado em abril e previa o fornecimento de 293,5 mil frascos de imunoglobulina humana.O medicamento \u00e9 produzido [&hellip;]\" \/>\n<meta property=\"og:url\" content=\"https:\/\/jornalfatosenoticias.com.br\/index.php\/2023\/09\/26\/ministerio-da-saude-fecha-contrato-de-r-2858-milhoes-com-empresa-de-apenas-um-funcionario\/\" \/>\n<meta property=\"og:site_name\" content=\"Jornal Fatos e Not\u00edcias\" \/>\n<meta property=\"article:published_time\" content=\"2023-09-26T18:45:04+00:00\" \/>\n<meta property=\"article:modified_time\" content=\"2023-09-26T18:45:05+00:00\" \/>\n<meta property=\"og:image\" content=\"https:\/\/jornalfatosenoticias.com.br\/wp-content\/uploads\/2023\/09\/fachada-ministerio_mcamgo_abr.jpg\" \/>\n\t<meta property=\"og:image:width\" content=\"1000\" \/>\n\t<meta property=\"og:image:height\" content=\"598\" \/>\n\t<meta property=\"og:image:type\" content=\"image\/jpeg\" \/>\n<meta name=\"author\" content=\"Luzimara Fernandes\" \/>\n<meta name=\"twitter:card\" content=\"summary_large_image\" \/>\n<meta name=\"twitter:label1\" content=\"Escrito por\" \/>\n\t<meta name=\"twitter:data1\" content=\"Luzimara Fernandes\" \/>\n\t<meta name=\"twitter:label2\" content=\"Est. tempo de leitura\" \/>\n\t<meta name=\"twitter:data2\" content=\"2 minutos\" \/>\n<script type=\"application\/ld+json\" class=\"yoast-schema-graph\">{\"@context\":\"https:\/\/schema.org\",\"@graph\":[{\"@type\":\"Article\",\"@id\":\"https:\/\/jornalfatosenoticias.com.br\/index.php\/2023\/09\/26\/ministerio-da-saude-fecha-contrato-de-r-2858-milhoes-com-empresa-de-apenas-um-funcionario\/#article\",\"isPartOf\":{\"@id\":\"https:\/\/jornalfatosenoticias.com.br\/index.php\/2023\/09\/26\/ministerio-da-saude-fecha-contrato-de-r-2858-milhoes-com-empresa-de-apenas-um-funcionario\/\"},\"author\":{\"name\":\"Luzimara Fernandes\",\"@id\":\"https:\/\/jornalfatosenoticias.com.br\/#\/schema\/person\/d63837fa13ac8666eb9e74e0985d6f81\"},\"headline\":\"Minist\u00e9rio da Sa\u00fade fecha contrato de R$ 285,8 milh\u00f5es com empresa de apenas um funcion\u00e1rio\",\"datePublished\":\"2023-09-26T18:45:04+00:00\",\"dateModified\":\"2023-09-26T18:45:05+00:00\",\"mainEntityOfPage\":{\"@id\":\"https:\/\/jornalfatosenoticias.com.br\/index.php\/2023\/09\/26\/ministerio-da-saude-fecha-contrato-de-r-2858-milhoes-com-empresa-de-apenas-um-funcionario\/\"},\"wordCount\":499,\"commentCount\":0,\"publisher\":{\"@id\":\"https:\/\/jornalfatosenoticias.com.br\/#organization\"},\"image\":{\"@id\":\"https:\/\/jornalfatosenoticias.com.br\/index.php\/2023\/09\/26\/ministerio-da-saude-fecha-contrato-de-r-2858-milhoes-com-empresa-de-apenas-um-funcionario\/#primaryimage\"},\"thumbnailUrl\":\"https:\/\/jornalfatosenoticias.com.br\/wp-content\/uploads\/2023\/09\/fachada-ministerio_mcamgo_abr.jpg\",\"keywords\":[\"contrato de milh\u00f5es\",\"improbidade administrativa\",\"Minist\u00e9rio da Sa\u00fade\",\"r\u00e9us\"],\"articleSection\":[\"Sa\u00fade\"],\"inLanguage\":\"pt-BR\",\"potentialAction\":[{\"@type\":\"CommentAction\",\"name\":\"Comment\",\"target\":[\"https:\/\/jornalfatosenoticias.com.br\/index.php\/2023\/09\/26\/ministerio-da-saude-fecha-contrato-de-r-2858-milhoes-com-empresa-de-apenas-um-funcionario\/#respond\"]}]},{\"@type\":\"WebPage\",\"@id\":\"https:\/\/jornalfatosenoticias.com.br\/index.php\/2023\/09\/26\/ministerio-da-saude-fecha-contrato-de-r-2858-milhoes-com-empresa-de-apenas-um-funcionario\/\",\"url\":\"https:\/\/jornalfatosenoticias.com.br\/index.php\/2023\/09\/26\/ministerio-da-saude-fecha-contrato-de-r-2858-milhoes-com-empresa-de-apenas-um-funcionario\/\",\"name\":\"Minist\u00e9rio da Sa\u00fade fecha contrato de R$ 285,8 milh\u00f5es com empresa de apenas um funcion\u00e1rio - Jornal Fatos e Not\u00edcias\",\"isPartOf\":{\"@id\":\"https:\/\/jornalfatosenoticias.com.br\/#website\"},\"primaryImageOfPage\":{\"@id\":\"https:\/\/jornalfatosenoticias.com.br\/index.php\/2023\/09\/26\/ministerio-da-saude-fecha-contrato-de-r-2858-milhoes-com-empresa-de-apenas-um-funcionario\/#primaryimage\"},\"image\":{\"@id\":\"https:\/\/jornalfatosenoticias.com.br\/index.php\/2023\/09\/26\/ministerio-da-saude-fecha-contrato-de-r-2858-milhoes-com-empresa-de-apenas-um-funcionario\/#primaryimage\"},\"thumbnailUrl\":\"https:\/\/jornalfatosenoticias.com.br\/wp-content\/uploads\/2023\/09\/fachada-ministerio_mcamgo_abr.jpg\",\"datePublished\":\"2023-09-26T18:45:04+00:00\",\"dateModified\":\"2023-09-26T18:45:05+00:00\",\"breadcrumb\":{\"@id\":\"https:\/\/jornalfatosenoticias.com.br\/index.php\/2023\/09\/26\/ministerio-da-saude-fecha-contrato-de-r-2858-milhoes-com-empresa-de-apenas-um-funcionario\/#breadcrumb\"},\"inLanguage\":\"pt-BR\",\"potentialAction\":[{\"@type\":\"ReadAction\",\"target\":[\"https:\/\/jornalfatosenoticias.com.br\/index.php\/2023\/09\/26\/ministerio-da-saude-fecha-contrato-de-r-2858-milhoes-com-empresa-de-apenas-um-funcionario\/\"]}]},{\"@type\":\"ImageObject\",\"inLanguage\":\"pt-BR\",\"@id\":\"https:\/\/jornalfatosenoticias.com.br\/index.php\/2023\/09\/26\/ministerio-da-saude-fecha-contrato-de-r-2858-milhoes-com-empresa-de-apenas-um-funcionario\/#primaryimage\",\"url\":\"https:\/\/jornalfatosenoticias.com.br\/wp-content\/uploads\/2023\/09\/fachada-ministerio_mcamgo_abr.jpg\",\"contentUrl\":\"https:\/\/jornalfatosenoticias.com.br\/wp-content\/uploads\/2023\/09\/fachada-ministerio_mcamgo_abr.jpg\",\"width\":1000,\"height\":598,\"caption\":\"Bras\u00edlia (DF), 10\/04\/2023 - Fachada do minist\u00e9rio da Sa\u00fade.\"},{\"@type\":\"BreadcrumbList\",\"@id\":\"https:\/\/jornalfatosenoticias.com.br\/index.php\/2023\/09\/26\/ministerio-da-saude-fecha-contrato-de-r-2858-milhoes-com-empresa-de-apenas-um-funcionario\/#breadcrumb\",\"itemListElement\":[{\"@type\":\"ListItem\",\"position\":1,\"name\":\"In\u00edcio\",\"item\":\"https:\/\/jornalfatosenoticias.com.br\/\"},{\"@type\":\"ListItem\",\"position\":2,\"name\":\"Minist\u00e9rio da Sa\u00fade fecha contrato de R$ 285,8 milh\u00f5es com empresa de apenas um funcion\u00e1rio\"}]},{\"@type\":\"WebSite\",\"@id\":\"https:\/\/jornalfatosenoticias.com.br\/#website\",\"url\":\"https:\/\/jornalfatosenoticias.com.br\/\",\"name\":\"Jornal Fatos e Not\u00edcias\",\"description\":\"Not\u00edcias em geral\",\"publisher\":{\"@id\":\"https:\/\/jornalfatosenoticias.com.br\/#organization\"},\"potentialAction\":[{\"@type\":\"SearchAction\",\"target\":{\"@type\":\"EntryPoint\",\"urlTemplate\":\"https:\/\/jornalfatosenoticias.com.br\/?s={search_term_string}\"},\"query-input\":{\"@type\":\"PropertyValueSpecification\",\"valueRequired\":true,\"valueName\":\"search_term_string\"}}],\"inLanguage\":\"pt-BR\"},{\"@type\":\"Organization\",\"@id\":\"https:\/\/jornalfatosenoticias.com.br\/#organization\",\"name\":\"Jornal Fatos e Not\u00edcias\",\"url\":\"https:\/\/jornalfatosenoticias.com.br\/\",\"logo\":{\"@type\":\"ImageObject\",\"inLanguage\":\"pt-BR\",\"@id\":\"https:\/\/jornalfatosenoticias.com.br\/#\/schema\/logo\/image\/\",\"url\":\"https:\/\/jornalfatosenoticias.com.br\/wp-content\/uploads\/2020\/02\/logo120.png\",\"contentUrl\":\"https:\/\/jornalfatosenoticias.com.br\/wp-content\/uploads\/2020\/02\/logo120.png\",\"width\":1227,\"height\":120,\"caption\":\"Jornal Fatos e Not\u00edcias\"},\"image\":{\"@id\":\"https:\/\/jornalfatosenoticias.com.br\/#\/schema\/logo\/image\/\"}},{\"@type\":\"Person\",\"@id\":\"https:\/\/jornalfatosenoticias.com.br\/#\/schema\/person\/d63837fa13ac8666eb9e74e0985d6f81\",\"name\":\"Luzimara Fernandes\",\"image\":{\"@type\":\"ImageObject\",\"inLanguage\":\"pt-BR\",\"@id\":\"https:\/\/jornalfatosenoticias.com.br\/#\/schema\/person\/image\/\",\"url\":\"https:\/\/jornalfatosenoticias.com.br\/wp-content\/uploads\/2025\/05\/EU_portal.jpg\",\"contentUrl\":\"https:\/\/jornalfatosenoticias.com.br\/wp-content\/uploads\/2025\/05\/EU_portal.jpg\",\"caption\":\"Luzimara Fernandes\"},\"description\":\"Jornalista MTB 2358-ES\",\"sameAs\":[\"https:\/\/jornalfatosenoticias.com.br\"],\"url\":\"https:\/\/jornalfatosenoticias.com.br\/index.php\/author\/luzimara\/\"}]}<\/script>\n<!-- \/ Yoast SEO plugin. -->","yoast_head_json":{"title":"Minist\u00e9rio da Sa\u00fade fecha contrato de R$ 285,8 milh\u00f5es com empresa de apenas um funcion\u00e1rio - Jornal Fatos e Not\u00edcias","robots":{"index":"index","follow":"follow","max-snippet":"max-snippet:-1","max-image-preview":"max-image-preview:large","max-video-preview":"max-video-preview:-1"},"canonical":"https:\/\/jornalfatosenoticias.com.br\/index.php\/2023\/09\/26\/ministerio-da-saude-fecha-contrato-de-r-2858-milhoes-com-empresa-de-apenas-um-funcionario\/","og_locale":"pt_BR","og_type":"article","og_title":"Minist\u00e9rio da Sa\u00fade fecha contrato de R$ 285,8 milh\u00f5es com empresa de apenas um funcion\u00e1rio - Jornal Fatos e Not\u00edcias","og_description":"O Minist\u00e9rio da Sa\u00fade firmou um contrato, com dispensa de licita\u00e7\u00e3o, de R$ 285,8 milh\u00f5es com uma microempresa com apenas um funcion\u00e1rio registrado at\u00e9 mar\u00e7o. O capital social da empresa \u00e9 de R$ 1,3 milh\u00e3o. O acordo foi assinado em abril e previa o fornecimento de 293,5 mil frascos de imunoglobulina humana.O medicamento \u00e9 produzido [&hellip;]","og_url":"https:\/\/jornalfatosenoticias.com.br\/index.php\/2023\/09\/26\/ministerio-da-saude-fecha-contrato-de-r-2858-milhoes-com-empresa-de-apenas-um-funcionario\/","og_site_name":"Jornal Fatos e Not\u00edcias","article_published_time":"2023-09-26T18:45:04+00:00","article_modified_time":"2023-09-26T18:45:05+00:00","og_image":[{"width":1000,"height":598,"url":"https:\/\/jornalfatosenoticias.com.br\/wp-content\/uploads\/2023\/09\/fachada-ministerio_mcamgo_abr.jpg","type":"image\/jpeg"}],"author":"Luzimara Fernandes","twitter_card":"summary_large_image","twitter_misc":{"Escrito por":"Luzimara Fernandes","Est. tempo de leitura":"2 minutos"},"schema":{"@context":"https:\/\/schema.org","@graph":[{"@type":"Article","@id":"https:\/\/jornalfatosenoticias.com.br\/index.php\/2023\/09\/26\/ministerio-da-saude-fecha-contrato-de-r-2858-milhoes-com-empresa-de-apenas-um-funcionario\/#article","isPartOf":{"@id":"https:\/\/jornalfatosenoticias.com.br\/index.php\/2023\/09\/26\/ministerio-da-saude-fecha-contrato-de-r-2858-milhoes-com-empresa-de-apenas-um-funcionario\/"},"author":{"name":"Luzimara Fernandes","@id":"https:\/\/jornalfatosenoticias.com.br\/#\/schema\/person\/d63837fa13ac8666eb9e74e0985d6f81"},"headline":"Minist\u00e9rio da Sa\u00fade fecha contrato de R$ 285,8 milh\u00f5es com empresa de apenas um funcion\u00e1rio","datePublished":"2023-09-26T18:45:04+00:00","dateModified":"2023-09-26T18:45:05+00:00","mainEntityOfPage":{"@id":"https:\/\/jornalfatosenoticias.com.br\/index.php\/2023\/09\/26\/ministerio-da-saude-fecha-contrato-de-r-2858-milhoes-com-empresa-de-apenas-um-funcionario\/"},"wordCount":499,"commentCount":0,"publisher":{"@id":"https:\/\/jornalfatosenoticias.com.br\/#organization"},"image":{"@id":"https:\/\/jornalfatosenoticias.com.br\/index.php\/2023\/09\/26\/ministerio-da-saude-fecha-contrato-de-r-2858-milhoes-com-empresa-de-apenas-um-funcionario\/#primaryimage"},"thumbnailUrl":"https:\/\/jornalfatosenoticias.com.br\/wp-content\/uploads\/2023\/09\/fachada-ministerio_mcamgo_abr.jpg","keywords":["contrato de milh\u00f5es","improbidade administrativa","Minist\u00e9rio da Sa\u00fade","r\u00e9us"],"articleSection":["Sa\u00fade"],"inLanguage":"pt-BR","potentialAction":[{"@type":"CommentAction","name":"Comment","target":["https:\/\/jornalfatosenoticias.com.br\/index.php\/2023\/09\/26\/ministerio-da-saude-fecha-contrato-de-r-2858-milhoes-com-empresa-de-apenas-um-funcionario\/#respond"]}]},{"@type":"WebPage","@id":"https:\/\/jornalfatosenoticias.com.br\/index.php\/2023\/09\/26\/ministerio-da-saude-fecha-contrato-de-r-2858-milhoes-com-empresa-de-apenas-um-funcionario\/","url":"https:\/\/jornalfatosenoticias.com.br\/index.php\/2023\/09\/26\/ministerio-da-saude-fecha-contrato-de-r-2858-milhoes-com-empresa-de-apenas-um-funcionario\/","name":"Minist\u00e9rio da Sa\u00fade fecha contrato de R$ 285,8 milh\u00f5es com empresa de apenas um funcion\u00e1rio - Jornal Fatos e Not\u00edcias","isPartOf":{"@id":"https:\/\/jornalfatosenoticias.com.br\/#website"},"primaryImageOfPage":{"@id":"https:\/\/jornalfatosenoticias.com.br\/index.php\/2023\/09\/26\/ministerio-da-saude-fecha-contrato-de-r-2858-milhoes-com-empresa-de-apenas-um-funcionario\/#primaryimage"},"image":{"@id":"https:\/\/jornalfatosenoticias.com.br\/index.php\/2023\/09\/26\/ministerio-da-saude-fecha-contrato-de-r-2858-milhoes-com-empresa-de-apenas-um-funcionario\/#primaryimage"},"thumbnailUrl":"https:\/\/jornalfatosenoticias.com.br\/wp-content\/uploads\/2023\/09\/fachada-ministerio_mcamgo_abr.jpg","datePublished":"2023-09-26T18:45:04+00:00","dateModified":"2023-09-26T18:45:05+00:00","breadcrumb":{"@id":"https:\/\/jornalfatosenoticias.com.br\/index.php\/2023\/09\/26\/ministerio-da-saude-fecha-contrato-de-r-2858-milhoes-com-empresa-de-apenas-um-funcionario\/#breadcrumb"},"inLanguage":"pt-BR","potentialAction":[{"@type":"ReadAction","target":["https:\/\/jornalfatosenoticias.com.br\/index.php\/2023\/09\/26\/ministerio-da-saude-fecha-contrato-de-r-2858-milhoes-com-empresa-de-apenas-um-funcionario\/"]}]},{"@type":"ImageObject","inLanguage":"pt-BR","@id":"https:\/\/jornalfatosenoticias.com.br\/index.php\/2023\/09\/26\/ministerio-da-saude-fecha-contrato-de-r-2858-milhoes-com-empresa-de-apenas-um-funcionario\/#primaryimage","url":"https:\/\/jornalfatosenoticias.com.br\/wp-content\/uploads\/2023\/09\/fachada-ministerio_mcamgo_abr.jpg","contentUrl":"https:\/\/jornalfatosenoticias.com.br\/wp-content\/uploads\/2023\/09\/fachada-ministerio_mcamgo_abr.jpg","width":1000,"height":598,"caption":"Bras\u00edlia (DF), 10\/04\/2023 - Fachada do minist\u00e9rio da Sa\u00fade."},{"@type":"BreadcrumbList","@id":"https:\/\/jornalfatosenoticias.com.br\/index.php\/2023\/09\/26\/ministerio-da-saude-fecha-contrato-de-r-2858-milhoes-com-empresa-de-apenas-um-funcionario\/#breadcrumb","itemListElement":[{"@type":"ListItem","position":1,"name":"In\u00edcio","item":"https:\/\/jornalfatosenoticias.com.br\/"},{"@type":"ListItem","position":2,"name":"Minist\u00e9rio da Sa\u00fade fecha contrato de R$ 285,8 milh\u00f5es com empresa de apenas um funcion\u00e1rio"}]},{"@type":"WebSite","@id":"https:\/\/jornalfatosenoticias.com.br\/#website","url":"https:\/\/jornalfatosenoticias.com.br\/","name":"Jornal Fatos e Not\u00edcias","description":"Not\u00edcias em geral","publisher":{"@id":"https:\/\/jornalfatosenoticias.com.br\/#organization"},"potentialAction":[{"@type":"SearchAction","target":{"@type":"EntryPoint","urlTemplate":"https:\/\/jornalfatosenoticias.com.br\/?s={search_term_string}"},"query-input":{"@type":"PropertyValueSpecification","valueRequired":true,"valueName":"search_term_string"}}],"inLanguage":"pt-BR"},{"@type":"Organization","@id":"https:\/\/jornalfatosenoticias.com.br\/#organization","name":"Jornal Fatos e Not\u00edcias","url":"https:\/\/jornalfatosenoticias.com.br\/","logo":{"@type":"ImageObject","inLanguage":"pt-BR","@id":"https:\/\/jornalfatosenoticias.com.br\/#\/schema\/logo\/image\/","url":"https:\/\/jornalfatosenoticias.com.br\/wp-content\/uploads\/2020\/02\/logo120.png","contentUrl":"https:\/\/jornalfatosenoticias.com.br\/wp-content\/uploads\/2020\/02\/logo120.png","width":1227,"height":120,"caption":"Jornal Fatos e Not\u00edcias"},"image":{"@id":"https:\/\/jornalfatosenoticias.com.br\/#\/schema\/logo\/image\/"}},{"@type":"Person","@id":"https:\/\/jornalfatosenoticias.com.br\/#\/schema\/person\/d63837fa13ac8666eb9e74e0985d6f81","name":"Luzimara Fernandes","image":{"@type":"ImageObject","inLanguage":"pt-BR","@id":"https:\/\/jornalfatosenoticias.com.br\/#\/schema\/person\/image\/","url":"https:\/\/jornalfatosenoticias.com.br\/wp-content\/uploads\/2025\/05\/EU_portal.jpg","contentUrl":"https:\/\/jornalfatosenoticias.com.br\/wp-content\/uploads\/2025\/05\/EU_portal.jpg","caption":"Luzimara Fernandes"},"description":"Jornalista MTB 2358-ES","sameAs":["https:\/\/jornalfatosenoticias.com.br"],"url":"https:\/\/jornalfatosenoticias.com.br\/index.php\/author\/luzimara\/"}]}},"cc_featured_image_caption":{"caption_text":"(Foto: Marcelo Camargo\/Ag\u00eancia Brasil)","source_text":"","source_url":""},"jetpack_featured_media_url":"https:\/\/jornalfatosenoticias.com.br\/wp-content\/uploads\/2023\/09\/fachada-ministerio_mcamgo_abr.jpg","_links":{"self":[{"href":"https:\/\/jornalfatosenoticias.com.br\/index.php\/wp-json\/wp\/v2\/posts\/45511","targetHints":{"allow":["GET"]}}],"collection":[{"href":"https:\/\/jornalfatosenoticias.com.br\/index.php\/wp-json\/wp\/v2\/posts"}],"about":[{"href":"https:\/\/jornalfatosenoticias.com.br\/index.php\/wp-json\/wp\/v2\/types\/post"}],"author":[{"embeddable":true,"href":"https:\/\/jornalfatosenoticias.com.br\/index.php\/wp-json\/wp\/v2\/users\/2"}],"replies":[{"embeddable":true,"href":"https:\/\/jornalfatosenoticias.com.br\/index.php\/wp-json\/wp\/v2\/comments?post=45511"}],"version-history":[{"count":0,"href":"https:\/\/jornalfatosenoticias.com.br\/index.php\/wp-json\/wp\/v2\/posts\/45511\/revisions"}],"wp:featuredmedia":[{"embeddable":true,"href":"https:\/\/jornalfatosenoticias.com.br\/index.php\/wp-json\/wp\/v2\/media\/45512"}],"wp:attachment":[{"href":"https:\/\/jornalfatosenoticias.com.br\/index.php\/wp-json\/wp\/v2\/media?parent=45511"}],"wp:term":[{"taxonomy":"category","embeddable":true,"href":"https:\/\/jornalfatosenoticias.com.br\/index.php\/wp-json\/wp\/v2\/categories?post=45511"},{"taxonomy":"post_tag","embeddable":true,"href":"https:\/\/jornalfatosenoticias.com.br\/index.php\/wp-json\/wp\/v2\/tags?post=45511"}],"curies":[{"name":"wp","href":"https:\/\/api.w.org\/{rel}","templated":true}]}}