{"id":45554,"date":"2023-09-27T10:06:52","date_gmt":"2023-09-27T13:06:52","guid":{"rendered":"https:\/\/jornalfatosenoticias.com.br\/?p=45554"},"modified":"2023-09-27T10:06:53","modified_gmt":"2023-09-27T13:06:53","slug":"feita-sob-medida-para-lula-pec-fura-teto-acelerou-gasto-e-aumentou-divida-do-governo","status":"publish","type":"post","link":"https:\/\/jornalfatosenoticias.com.br\/index.php\/2023\/09\/27\/feita-sob-medida-para-lula-pec-fura-teto-acelerou-gasto-e-aumentou-divida-do-governo\/","title":{"rendered":"Feita sob medida para Lula, PEC fura-teto acelerou gasto e aumentou d\u00edvida do governo"},"content":{"rendered":"\n<p><em><span class=\"has-inline-color has-black-color\">Antes de assumir o cargo, Lula articulou aprova\u00e7\u00e3o da PEC fura-teto, que abriu espa\u00e7o para mais gastos e endividamento<\/span><\/em><\/p>\n\n\n\n<p><em><span class=\"has-inline-color has-black-color\">Por <strong><a href=\"https:\/\/www.gazetadopovo.com.br\/autor\/vandre-kramer\/\">Vandr\u00e9 Kramer<\/a><\/strong><\/span><\/em><\/p>\n\n\n\n<div class=\"wp-block-image\"><figure class=\"aligncenter size-large is-resized\"><img loading=\"lazy\" decoding=\"async\" src=\"https:\/\/jornalfatosenoticias.com.br\/wp-content\/uploads\/2023\/09\/vetorvix1024_1.jpg\" alt=\"\" class=\"wp-image-44868\" width=\"400\" height=\"106\" srcset=\"https:\/\/jornalfatosenoticias.com.br\/wp-content\/uploads\/2023\/09\/vetorvix1024_1.jpg 1024w, https:\/\/jornalfatosenoticias.com.br\/wp-content\/uploads\/2023\/09\/vetorvix1024_1-300x80.jpg 300w, https:\/\/jornalfatosenoticias.com.br\/wp-content\/uploads\/2023\/09\/vetorvix1024_1-768x205.jpg 768w\" sizes=\"auto, (max-width: 400px) 100vw, 400px\" \/><\/figure><\/div>\n\n\n\n<p>Depois de um per\u00edodo de desacelera\u00e7\u00e3o, o ritmo de crescimento dos gastos p\u00fablicos voltou a crescer neste ano. No segundo trimestre, as despesas de consumo da administra\u00e7\u00e3o p\u00fablica (na soma de Uni\u00e3o, estados e munic\u00edpios) aumentaram 2,9% sobre o mesmo per\u00edodo do ano passado, segundo o IBGE. Foi a maior alta nesse tipo de compara\u00e7\u00e3o desde o in\u00edcio de 2022.<br>Com isso, o crescimento dos gastos em 12 meses, que perdia for\u00e7a desde o segundo trimestre do ano passado, voltou a subir, como mostra a tabela a seguir:<\/p>\n\n\n\n<h4 class=\"wp-block-heading\"><span class=\"has-inline-color has-vivid-red-color\">Despesas de consumo da administra\u00e7\u00e3o p\u00fablica (varia\u00e7\u00e3o no acumulado de 12 meses)<\/span><\/h4>\n\n\n\n<figure class=\"wp-block-table\"><table><tbody><tr><td>Trimestre<\/td><td>Varia\u00e7\u00e3o<\/td><\/tr><tr><td>1\u00b0 trim. 2022<br>2\u00b0 trim. 2022<br>3\u00b0 trim. 2022<br>4\u00b0 trim. 2022<br>1\u00b0 trim. 2023<br>2\u00b0 trim. 2023<\/td><td>5,2%<br>3,6%<br>2,5%<br>1,5%<br>0,9%<br>1,4%<\/td><\/tr><\/tbody><\/table><figcaption><em><span class=\"has-inline-color has-black-color\">Fonte: IBGE<\/span><\/em><\/figcaption><\/figure>\n\n\n\n<div class=\"wp-block-image\"><figure class=\"aligncenter size-large is-resized\"><img loading=\"lazy\" decoding=\"async\" src=\"https:\/\/jornalfatosenoticias.com.br\/wp-content\/uploads\/2022\/02\/Precisao-Contabilidade-1024x724.jpg\" alt=\"\" class=\"wp-image-28088\" width=\"337\" height=\"238\"\/><\/figure><\/div>\n\n\n\n<p>O avan\u00e7o das despesas do governo \u00e9 um dos fatores por tr\u00e1s do crescimento do Produto Interno Bruto (PIB) nos \u00faltimos meses. Embora a economia como um todo tenha desacelerado entre o primeiro e o segundo trimestre, com o crescimento do PIB na margem (sobre o trimestre imediatamente anterior) recuando de 1,8% para 0,9%, o gasto p\u00fablico ganhou velocidade, com taxa de expans\u00e3o subindo de 0,4% para 0,7% na mesma compara\u00e7\u00e3o.<\/p>\n\n\n\n<div class=\"wp-block-image\"><figure class=\"aligncenter size-large is-resized\"><img loading=\"lazy\" decoding=\"async\" src=\"https:\/\/jornalfatosenoticias.com.br\/wp-content\/uploads\/2023\/08\/LOGO-BLU-COMERCIAL-PRETO-1024x600.jpg\" alt=\"\" class=\"wp-image-44053\" width=\"334\" height=\"195\"\/><\/figure><\/div>\n\n\n\n<p>Segundo especialistas ouvidos pela <strong>Gazeta do Povo, <\/strong>esse crescimento das despesas do governo pode ser atribu\u00eddo \u00e0 <em><span class=\"has-inline-color has-black-color\">&#8220;PEC fura-teto&#8221;,<\/span><\/em> apresentada ap\u00f3s as elei\u00e7\u00f5es presidenciais e aprovada no fim de 2022 a pedido do governo de Luiz In\u00e1cio Lula da Silva (PT).\u00a0\u201cEla criou incentivos para mais gastos\u201d, afirma o estrategista-chefe da RB Investimentos, Gustavo Cruz.<\/p>\n\n\n\n<div class=\"wp-block-image\"><figure class=\"aligncenter size-large\"><img loading=\"lazy\" decoding=\"async\" width=\"300\" height=\"300\" src=\"https:\/\/jornalfatosenoticias.com.br\/wp-content\/uploads\/2020\/02\/casa-do-torresmo_portal.jpg\" alt=\"\" class=\"wp-image-34472\" srcset=\"https:\/\/jornalfatosenoticias.com.br\/wp-content\/uploads\/2020\/02\/casa-do-torresmo_portal.jpg 300w, https:\/\/jornalfatosenoticias.com.br\/wp-content\/uploads\/2020\/02\/casa-do-torresmo_portal-150x150.jpg 150w\" sizes=\"auto, (max-width: 300px) 100vw, 300px\" \/><\/figure><\/div>\n\n\n\n<p>A emenda constitucional, que petistas e aliados batizaram de &#8220;PEC da Transi\u00e7\u00e3o&#8221;, autorizou despesas adicionais de quase R$ 170 bilh\u00f5es al\u00e9m do teto de gastos, com o compromisso da elabora\u00e7\u00e3o de um novo arcabou\u00e7o fiscal. Ele foi sancionado com vetos por Lula no \u00faltimo dia 31.<br>Entre as despesas autorizadas pela PEC fura-teto est\u00e3o a concess\u00e3o de reajuste real para o sal\u00e1rio m\u00ednimo, que impacta na Previd\u00eancia, e para o Benef\u00edcio de Presta\u00e7\u00e3o Continuada (BPC); aumento no Bolsa Fam\u00edlia e tamb\u00e9m nos gastos em sa\u00fade e educa\u00e7\u00e3o; mais um reajuste linear de 9% para os sal\u00e1rios do funcionalismo p\u00fablico federal.<\/p>\n\n\n\n<div class=\"wp-block-image\"><figure class=\"aligncenter size-large is-resized\"><img loading=\"lazy\" decoding=\"async\" src=\"https:\/\/jornalfatosenoticias.com.br\/wp-content\/uploads\/2022\/10\/RC_800x750_page-0001.jpg\" alt=\"\" class=\"wp-image-35338\" width=\"319\" height=\"299\" srcset=\"https:\/\/jornalfatosenoticias.com.br\/wp-content\/uploads\/2022\/10\/RC_800x750_page-0001.jpg 400w, https:\/\/jornalfatosenoticias.com.br\/wp-content\/uploads\/2022\/10\/RC_800x750_page-0001-300x281.jpg 300w\" sizes=\"auto, (max-width: 319px) 100vw, 319px\" \/><\/figure><\/div>\n\n\n\n<p><span class=\"has-inline-color has-vivid-red-color\"><strong>Aumento do gasto dificulta equil\u00edbrio das contas do governo<br><\/strong><\/span>O economista Rafael Perez, da Suno Research, aponta que h\u00e1 uma tend\u00eancia de aumento nos gastos p\u00fablicos que cria problemas para o fechamento das contas do governo. A expectativa \u00e9 de que, neste ano, haja d\u00e9ficit prim\u00e1rio de 1% do PIB, segundo a mediana das proje\u00e7\u00f5es do mercado. Para 2024, quando a meta definida pelo novo arcabou\u00e7o \u00e9 de resultado zero (nem d\u00e9ficit, nem super\u00e1vit), as expectativas apontam para saldo novamente negativo, de 0,8% do PIB.<\/p>\n\n\n\n<div class=\"wp-block-image\"><figure class=\"aligncenter size-large is-resized\"><img loading=\"lazy\" decoding=\"async\" src=\"https:\/\/jornalfatosenoticias.com.br\/wp-content\/uploads\/2023\/08\/ITH.jpeg\" alt=\"\" class=\"wp-image-44638\" width=\"348\" height=\"283\" srcset=\"https:\/\/jornalfatosenoticias.com.br\/wp-content\/uploads\/2023\/08\/ITH.jpeg 800w, https:\/\/jornalfatosenoticias.com.br\/wp-content\/uploads\/2023\/08\/ITH-300x244.jpeg 300w, https:\/\/jornalfatosenoticias.com.br\/wp-content\/uploads\/2023\/08\/ITH-768x624.jpeg 768w\" sizes=\"auto, (max-width: 348px) 100vw, 348px\" \/><\/figure><\/div>\n\n\n\n<p>Isso significa que os gastos do governo, mesmo sem contar o servi\u00e7o da d\u00edvida p\u00fablica, v\u00e3o superar as receitas tanto em 2023 quanto em 2024. Novos d\u00e9ficits, ainda que um pouco menores, s\u00e3o esperados tamb\u00e9m para 2025, 2026 e 2027.<br>Vale destacar que, nos \u00faltimos dois anos, o setor p\u00fablico consolidado \u2014 que inclui, al\u00e9m do governo federal, as administra\u00e7\u00f5es estaduais e municipais e as empresas estatais \u2014 registrou super\u00e1vit prim\u00e1rio nas contas. Ou seja, arrecadou mais do que gastou. Em 2021, a conta fechou positiva em 0,7% do PIB, segundo o Banco Central. Em 2022, o saldo foi de 1,3% do PIB.<\/p>\n\n\n\n<div class=\"wp-block-image\"><figure class=\"aligncenter size-large is-resized\"><img loading=\"lazy\" decoding=\"async\" src=\"https:\/\/jornalfatosenoticias.com.br\/wp-content\/uploads\/2023\/08\/VSM-Group.jpeg\" alt=\"\" class=\"wp-image-44364\" width=\"308\" height=\"308\"\/><\/figure><\/div>\n\n\n\n<p>O cen\u00e1rio, por\u00e9m, virou em junho deste ano, quando foi registrado o primeiro d\u00e9ficit acumulado em 12 meses desde outubro de 2021. A alta nos gastos contribui para pressionar o endividamento p\u00fablico. Depois de cair do pico de 87,6% do PIB em novembro de 2020, em meio aos gastos com a pandemia, para 72,9% do PIB no fim de 2022, a d\u00edvida voltou a subir neste ano. Em julho, estava em 74,1%, e a expectativa do mercado \u00e9 de que ela continue subindo, chegando a 75,9% do PIB at\u00e9 dezembro, segundo a mediana das proje\u00e7\u00f5es coletadas pelo boletim Focus, do BC.<\/p>\n\n\n\n<div class=\"wp-block-image\"><figure class=\"aligncenter size-large\"><img loading=\"lazy\" decoding=\"async\" width=\"300\" height=\"250\" src=\"https:\/\/jornalfatosenoticias.com.br\/wp-content\/uploads\/2022\/02\/FERRARI_MAQUINAS-E-FERRAMENTAS2.jpg\" alt=\"\" class=\"wp-image-27860\"\/><\/figure><\/div>\n\n\n\n<p><strong><span class=\"has-inline-color has-vivid-red-color\">Foco do governo \u00e9 no aumento da arrecada\u00e7\u00e3o, sem corte de gastos<br><\/span><\/strong>Os problemas tendem a se estender para os pr\u00f3ximos anos, mesmo com a limita\u00e7\u00e3o de crescimento real (acima da infla\u00e7\u00e3o) dos gastos p\u00fablicos federais a 2,5% ao ano, conforme prev\u00ea o arcabou\u00e7o fiscal. As expectativas de mercado sinalizam que uma estabiliza\u00e7\u00e3o no endividamento p\u00fablico somente acontecer\u00e1 por volta de 2031 ou 2032, no patamar de 88% do PIB.<\/p>\n\n\n\n<div class=\"wp-block-image\"><figure class=\"aligncenter size-large\"><img decoding=\"async\" src=\"https:\/\/jornalfatosenoticias.com.br\/wp-content\/uploads\/2020\/02\/logo_esteio.jpg\" alt=\"\" class=\"wp-image-1214\"\/><\/figure><\/div>\n\n\n\n<blockquote class=\"wp-block-quote is-layout-flow wp-block-quote-is-layout-flow\"><p><span class=\"has-inline-color has-luminous-vivid-orange-color\">A entrada em vigor do arcabou\u00e7o fiscal reduziu as chances de explos\u00e3o da d\u00edvida p\u00fablica, contudo, ele \u00e9 muito dependente da arrecada\u00e7\u00e3o\u201d, destaca Perez.<\/span><\/p><\/blockquote>\n\n\n\n<p>A esperan\u00e7a do governo Lula para melhorar o cen\u00e1rio das contas p\u00fablicas n\u00e3o passa por corte nos gastos, mas apenas por aumentos na arrecada\u00e7\u00e3o.<\/p>\n\n\n\n<div class=\"wp-block-image\"><figure class=\"aligncenter size-large\"><img loading=\"lazy\" decoding=\"async\" width=\"300\" height=\"250\" src=\"https:\/\/jornalfatosenoticias.com.br\/wp-content\/uploads\/2022\/08\/arte-Casarao.jpg\" alt=\"\" class=\"wp-image-33178\"\/><\/figure><\/div>\n\n\n\n<blockquote class=\"wp-block-quote is-layout-flow wp-block-quote-is-layout-flow\"><p><span class=\"has-inline-color has-luminous-vivid-orange-color\">Foi uma pr\u00e1tica comum nos outros governos do PT, como os dois mandatos anteriores de Lula e o de Dilma Rousseff\u201d, diz Cruz.<\/span><\/p><\/blockquote>\n\n\n\n<p>Essa estrat\u00e9gia tem obst\u00e1culos. Uma delas \u00e9 de que o Legislativo n\u00e3o se mostra animado a discutir aumentos na carga tribut\u00e1ria. Ela alcan\u00e7ou 33,7% do PIB no ano passado, segundo o Tesouro Nacional, a taxa mais alta da s\u00e9rie hist\u00f3rica iniciada em 2010.<\/p>\n\n\n\n<div class=\"wp-block-image\"><figure class=\"aligncenter size-large is-resized\"><img loading=\"lazy\" decoding=\"async\" src=\"https:\/\/jornalfatosenoticias.com.br\/wp-content\/uploads\/2023\/03\/nova-logo-Marquetti.jpg\" alt=\"\" class=\"wp-image-40207\" width=\"319\" height=\"214\" srcset=\"https:\/\/jornalfatosenoticias.com.br\/wp-content\/uploads\/2023\/03\/nova-logo-Marquetti.jpg 643w, https:\/\/jornalfatosenoticias.com.br\/wp-content\/uploads\/2023\/03\/nova-logo-Marquetti-300x202.jpg 300w\" sizes=\"auto, (max-width: 319px) 100vw, 319px\" \/><\/figure><\/div>\n\n\n\n<p>A consultoria pol\u00edtica Eurasia aponta que duas propostas de arrecada\u00e7\u00e3o adicional t\u00eam mais chances de passar pelo crivo do Legislativo. S\u00e3o as que tratam da tributa\u00e7\u00e3o dos fundos offshore (PL 4173), apresentada em 29 de agosto, e dos fundos fechados (MP 1184), que aguarda a instala\u00e7\u00e3o da comiss\u00e3o mista no Congresso. Mesmo assim, o governo ter\u00e1 de fazer algumas concess\u00f5es.<\/p>\n\n\n\n<div class=\"wp-block-image\"><figure class=\"aligncenter size-large is-resized\"><img loading=\"lazy\" decoding=\"async\" src=\"https:\/\/jornalfatosenoticias.com.br\/wp-content\/uploads\/2023\/08\/BKR-1024x1021.jpg\" alt=\"\" class=\"wp-image-44494\" width=\"322\" height=\"321\" srcset=\"https:\/\/jornalfatosenoticias.com.br\/wp-content\/uploads\/2023\/08\/BKR-1024x1021.jpg 1024w, https:\/\/jornalfatosenoticias.com.br\/wp-content\/uploads\/2023\/08\/BKR-300x300.jpg 300w, https:\/\/jornalfatosenoticias.com.br\/wp-content\/uploads\/2023\/08\/BKR-150x150.jpg 150w, https:\/\/jornalfatosenoticias.com.br\/wp-content\/uploads\/2023\/08\/BKR-768x766.jpg 768w, https:\/\/jornalfatosenoticias.com.br\/wp-content\/uploads\/2023\/08\/BKR.jpg 1080w\" sizes=\"auto, (max-width: 322px) 100vw, 322px\" \/><\/figure><\/div>\n\n\n\n<p>Outra aposta do governo, a extin\u00e7\u00e3o das dedu\u00e7\u00f5es do Imposto de Renda nos Juros sobre Capital Pr\u00f3prio (JCP), corre o risco de ser aprovado s\u00f3 no ano que vem, aponta a consultoria. <\/p>\n\n\n\n<blockquote class=\"wp-block-quote is-layout-flow wp-block-quote-is-layout-flow\"><p><span class=\"has-inline-color has-luminous-vivid-orange-color\">Uma solu\u00e7\u00e3o intermedi\u00e1ria que restrinja a abrang\u00eancia das atuais dedu\u00e7\u00f5es \u00e9 o mais prov\u00e1vel\u201d, destacam os analistas Christopher Garman e Daniela Teles.<\/span><\/p><\/blockquote>\n\n\n\n<div class=\"wp-block-image\"><figure class=\"aligncenter size-large is-resized\"><img loading=\"lazy\" decoding=\"async\" src=\"https:\/\/jornalfatosenoticias.com.br\/wp-content\/uploads\/2023\/07\/lacremoda.jpg\" alt=\"\" class=\"wp-image-43706\" width=\"352\" height=\"197\" srcset=\"https:\/\/jornalfatosenoticias.com.br\/wp-content\/uploads\/2023\/07\/lacremoda.jpg 1024w, https:\/\/jornalfatosenoticias.com.br\/wp-content\/uploads\/2023\/07\/lacremoda-300x168.jpg 300w, https:\/\/jornalfatosenoticias.com.br\/wp-content\/uploads\/2023\/07\/lacremoda-768x431.jpg 768w\" sizes=\"auto, (max-width: 352px) 100vw, 352px\" \/><\/figure><\/div>\n\n\n\n<p><span class=\"has-inline-color has-vivid-red-color\"><strong>Trunfos em 2022, royalties de petr\u00f3leo e infla\u00e7\u00e3o alta j\u00e1 n\u00e3o ajudam governo<br><\/strong><\/span>Dois trunfos que o governo contou em anos anteriores para equilibrar as contas p\u00fablicas e, at\u00e9 mesmo, fech\u00e1-las no azul n\u00e3o est\u00e3o mais dispon\u00edveis, pelo menos, em 2023.<\/p>\n\n\n\n<div class=\"wp-block-image\"><figure class=\"aligncenter size-large is-resized\"><img loading=\"lazy\" decoding=\"async\" src=\"https:\/\/jornalfatosenoticias.com.br\/wp-content\/uploads\/2022\/10\/Arte-jornal-Zucchi-600x600_Prancheta-1-1024x1024.jpg\" alt=\"\" class=\"wp-image-34782\" width=\"335\" height=\"335\" srcset=\"https:\/\/jornalfatosenoticias.com.br\/wp-content\/uploads\/2022\/10\/Arte-jornal-Zucchi-600x600_Prancheta-1-1024x1024.jpg 1024w, https:\/\/jornalfatosenoticias.com.br\/wp-content\/uploads\/2022\/10\/Arte-jornal-Zucchi-600x600_Prancheta-1-300x300.jpg 300w, https:\/\/jornalfatosenoticias.com.br\/wp-content\/uploads\/2022\/10\/Arte-jornal-Zucchi-600x600_Prancheta-1-150x150.jpg 150w, https:\/\/jornalfatosenoticias.com.br\/wp-content\/uploads\/2022\/10\/Arte-jornal-Zucchi-600x600_Prancheta-1-768x768.jpg 768w, https:\/\/jornalfatosenoticias.com.br\/wp-content\/uploads\/2022\/10\/Arte-jornal-Zucchi-600x600_Prancheta-1.jpg 1250w\" sizes=\"auto, (max-width: 335px) 100vw, 335px\" \/><\/figure><\/div>\n\n\n\n<blockquote class=\"wp-block-quote is-layout-flow wp-block-quote-is-layout-flow\"><p><span class=\"has-inline-color has-luminous-vivid-orange-color\">No ano passado fomos beneficiados pelos royalties do petr\u00f3leo e pela infla\u00e7\u00e3o alta, que acabou sendo camarada com o governo\u201d, diz o economista-chefe da Warren Rena, Felipe Salto.<\/span><\/p><\/blockquote>\n\n\n\n<div class=\"wp-block-image\"><figure class=\"aligncenter size-large is-resized\"><img loading=\"lazy\" decoding=\"async\" src=\"https:\/\/jornalfatosenoticias.com.br\/wp-content\/uploads\/2023\/03\/logo-Panper_portal.jpg\" alt=\"\" class=\"wp-image-40208\" width=\"316\" height=\"219\" srcset=\"https:\/\/jornalfatosenoticias.com.br\/wp-content\/uploads\/2023\/03\/logo-Panper_portal.jpg 400w, https:\/\/jornalfatosenoticias.com.br\/wp-content\/uploads\/2023\/03\/logo-Panper_portal-300x208.jpg 300w\" sizes=\"auto, (max-width: 316px) 100vw, 316px\" \/><\/figure><\/div>\n\n\n\n<p>Outro prov\u00e1vel complicador para o governo, no ano que vem, ser\u00e1 o de n\u00e3o contar com um crescimento mais robusto da economia, o que impacta na arrecada\u00e7\u00e3o. Se, para este ano, a mediana das proje\u00e7\u00f5es do Focus sinaliza para crescimento de pr\u00f3ximo de 3% no PIB, as proje\u00e7\u00f5es para 2024 s\u00e3o de uma expans\u00e3o de pouco menos de 1,5%. <\/p>\n\n\n\n<div class=\"wp-block-image\"><figure class=\"aligncenter size-large is-resized\"><img loading=\"lazy\" decoding=\"async\" src=\"https:\/\/jornalfatosenoticias.com.br\/wp-content\/uploads\/2020\/02\/CONTROL-CS.jpg\" alt=\"\" class=\"wp-image-44991\" width=\"330\" height=\"395\" srcset=\"https:\/\/jornalfatosenoticias.com.br\/wp-content\/uploads\/2020\/02\/CONTROL-CS.jpg 834w, https:\/\/jornalfatosenoticias.com.br\/wp-content\/uploads\/2020\/02\/CONTROL-CS-250x300.jpg 250w, https:\/\/jornalfatosenoticias.com.br\/wp-content\/uploads\/2020\/02\/CONTROL-CS-768x921.jpg 768w\" sizes=\"auto, (max-width: 330px) 100vw, 330px\" \/><\/figure><\/div>\n\n\n\n<blockquote class=\"wp-block-quote is-layout-flow wp-block-quote-is-layout-flow\"><p><span class=\"has-inline-color has-luminous-vivid-orange-color\">As receitas n\u00e3o v\u00e3o aumentar no mesmo ritmo [em 2024]\u201d, afirma o economista da Suno Research.<\/span><\/p><\/blockquote>\n\n\n\n<p><strong><em>Fonte: <a href=\"https:\/\/www.gazetadopovo.com.br\/economia\/sob-medida-para-lula-pec-fura-teto-acelerou-gasto-aumentou-divida-governo\/\">Gazeta do Povo<\/a><\/em><\/strong><\/p>\n","protected":false},"excerpt":{"rendered":"<p>Antes de assumir o cargo, Lula articulou aprova\u00e7\u00e3o da PEC fura-teto, que abriu espa\u00e7o para mais gastos e endividamento Por Vandr\u00e9 Kramer Depois de um per\u00edodo de desacelera\u00e7\u00e3o, o ritmo de crescimento dos gastos p\u00fablicos voltou a crescer neste ano. No segundo trimestre, as despesas de consumo da administra\u00e7\u00e3o p\u00fablica (na soma de Uni\u00e3o, estados [&hellip;]<\/p>\n","protected":false},"author":2,"featured_media":45555,"comment_status":"open","ping_status":"open","sticky":false,"template":"","format":"standard","meta":{"footnotes":""},"categories":[9],"tags":[20527,8163,18157,21453,21454,21455],"class_list":["post-45554","post","type-post","status-publish","format-standard","has-post-thumbnail","hentry","category-economia","tag-contas-do-governo","tag-contas-publicas","tag-desgoverno-lula","tag-gastos-do-governo","tag-governo-pt","tag-pec-fura-teto"],"yoast_head":"<!-- This site is optimized with the Yoast SEO plugin v26.5 - https:\/\/yoast.com\/wordpress\/plugins\/seo\/ -->\n<title>Feita sob medida para Lula, PEC fura-teto acelerou gasto e aumentou d\u00edvida do governo - Jornal Fatos e Not\u00edcias<\/title>\n<meta name=\"robots\" content=\"index, follow, max-snippet:-1, max-image-preview:large, max-video-preview:-1\" \/>\n<link rel=\"canonical\" href=\"https:\/\/jornalfatosenoticias.com.br\/index.php\/2023\/09\/27\/feita-sob-medida-para-lula-pec-fura-teto-acelerou-gasto-e-aumentou-divida-do-governo\/\" \/>\n<meta property=\"og:locale\" content=\"pt_BR\" \/>\n<meta property=\"og:type\" content=\"article\" \/>\n<meta property=\"og:title\" content=\"Feita sob medida para Lula, PEC fura-teto acelerou gasto e aumentou d\u00edvida do governo - Jornal Fatos e Not\u00edcias\" \/>\n<meta property=\"og:description\" content=\"Antes de assumir o cargo, Lula articulou aprova\u00e7\u00e3o da PEC fura-teto, que abriu espa\u00e7o para mais gastos e endividamento Por Vandr\u00e9 Kramer Depois de um per\u00edodo de desacelera\u00e7\u00e3o, o ritmo de crescimento dos gastos p\u00fablicos voltou a crescer neste ano. No segundo trimestre, as despesas de consumo da administra\u00e7\u00e3o p\u00fablica (na soma de Uni\u00e3o, estados [&hellip;]\" \/>\n<meta property=\"og:url\" content=\"https:\/\/jornalfatosenoticias.com.br\/index.php\/2023\/09\/27\/feita-sob-medida-para-lula-pec-fura-teto-acelerou-gasto-e-aumentou-divida-do-governo\/\" \/>\n<meta property=\"og:site_name\" content=\"Jornal Fatos e Not\u00edcias\" \/>\n<meta property=\"article:published_time\" content=\"2023-09-27T13:06:52+00:00\" \/>\n<meta property=\"article:modified_time\" content=\"2023-09-27T13:06:53+00:00\" \/>\n<meta property=\"og:image\" content=\"https:\/\/jornalfatosenoticias.com.br\/wp-content\/uploads\/2023\/09\/molusco.jpg\" \/>\n\t<meta property=\"og:image:width\" content=\"960\" \/>\n\t<meta property=\"og:image:height\" content=\"540\" \/>\n\t<meta property=\"og:image:type\" content=\"image\/jpeg\" \/>\n<meta name=\"author\" content=\"Luzimara Fernandes\" \/>\n<meta name=\"twitter:card\" content=\"summary_large_image\" \/>\n<meta name=\"twitter:label1\" content=\"Escrito por\" \/>\n\t<meta name=\"twitter:data1\" content=\"Luzimara Fernandes\" \/>\n\t<meta name=\"twitter:label2\" content=\"Est. tempo de leitura\" \/>\n\t<meta name=\"twitter:data2\" content=\"6 minutos\" \/>\n<script type=\"application\/ld+json\" class=\"yoast-schema-graph\">{\"@context\":\"https:\/\/schema.org\",\"@graph\":[{\"@type\":\"Article\",\"@id\":\"https:\/\/jornalfatosenoticias.com.br\/index.php\/2023\/09\/27\/feita-sob-medida-para-lula-pec-fura-teto-acelerou-gasto-e-aumentou-divida-do-governo\/#article\",\"isPartOf\":{\"@id\":\"https:\/\/jornalfatosenoticias.com.br\/index.php\/2023\/09\/27\/feita-sob-medida-para-lula-pec-fura-teto-acelerou-gasto-e-aumentou-divida-do-governo\/\"},\"author\":{\"name\":\"Luzimara Fernandes\",\"@id\":\"https:\/\/jornalfatosenoticias.com.br\/#\/schema\/person\/d63837fa13ac8666eb9e74e0985d6f81\"},\"headline\":\"Feita sob medida para Lula, PEC fura-teto acelerou gasto e aumentou d\u00edvida do governo\",\"datePublished\":\"2023-09-27T13:06:52+00:00\",\"dateModified\":\"2023-09-27T13:06:53+00:00\",\"mainEntityOfPage\":{\"@id\":\"https:\/\/jornalfatosenoticias.com.br\/index.php\/2023\/09\/27\/feita-sob-medida-para-lula-pec-fura-teto-acelerou-gasto-e-aumentou-divida-do-governo\/\"},\"wordCount\":1183,\"commentCount\":0,\"publisher\":{\"@id\":\"https:\/\/jornalfatosenoticias.com.br\/#organization\"},\"image\":{\"@id\":\"https:\/\/jornalfatosenoticias.com.br\/index.php\/2023\/09\/27\/feita-sob-medida-para-lula-pec-fura-teto-acelerou-gasto-e-aumentou-divida-do-governo\/#primaryimage\"},\"thumbnailUrl\":\"https:\/\/jornalfatosenoticias.com.br\/wp-content\/uploads\/2023\/09\/molusco.jpg\",\"keywords\":[\"contas do governo\",\"contas p\u00fablicas\",\"desgoverno Lula\",\"gastos do governo\",\"governo PT\",\"PEC fura-teto\"],\"articleSection\":[\"Economia\"],\"inLanguage\":\"pt-BR\",\"potentialAction\":[{\"@type\":\"CommentAction\",\"name\":\"Comment\",\"target\":[\"https:\/\/jornalfatosenoticias.com.br\/index.php\/2023\/09\/27\/feita-sob-medida-para-lula-pec-fura-teto-acelerou-gasto-e-aumentou-divida-do-governo\/#respond\"]}]},{\"@type\":\"WebPage\",\"@id\":\"https:\/\/jornalfatosenoticias.com.br\/index.php\/2023\/09\/27\/feita-sob-medida-para-lula-pec-fura-teto-acelerou-gasto-e-aumentou-divida-do-governo\/\",\"url\":\"https:\/\/jornalfatosenoticias.com.br\/index.php\/2023\/09\/27\/feita-sob-medida-para-lula-pec-fura-teto-acelerou-gasto-e-aumentou-divida-do-governo\/\",\"name\":\"Feita sob medida para Lula, PEC fura-teto acelerou gasto e aumentou d\u00edvida do governo - Jornal Fatos e Not\u00edcias\",\"isPartOf\":{\"@id\":\"https:\/\/jornalfatosenoticias.com.br\/#website\"},\"primaryImageOfPage\":{\"@id\":\"https:\/\/jornalfatosenoticias.com.br\/index.php\/2023\/09\/27\/feita-sob-medida-para-lula-pec-fura-teto-acelerou-gasto-e-aumentou-divida-do-governo\/#primaryimage\"},\"image\":{\"@id\":\"https:\/\/jornalfatosenoticias.com.br\/index.php\/2023\/09\/27\/feita-sob-medida-para-lula-pec-fura-teto-acelerou-gasto-e-aumentou-divida-do-governo\/#primaryimage\"},\"thumbnailUrl\":\"https:\/\/jornalfatosenoticias.com.br\/wp-content\/uploads\/2023\/09\/molusco.jpg\",\"datePublished\":\"2023-09-27T13:06:52+00:00\",\"dateModified\":\"2023-09-27T13:06:53+00:00\",\"breadcrumb\":{\"@id\":\"https:\/\/jornalfatosenoticias.com.br\/index.php\/2023\/09\/27\/feita-sob-medida-para-lula-pec-fura-teto-acelerou-gasto-e-aumentou-divida-do-governo\/#breadcrumb\"},\"inLanguage\":\"pt-BR\",\"potentialAction\":[{\"@type\":\"ReadAction\",\"target\":[\"https:\/\/jornalfatosenoticias.com.br\/index.php\/2023\/09\/27\/feita-sob-medida-para-lula-pec-fura-teto-acelerou-gasto-e-aumentou-divida-do-governo\/\"]}]},{\"@type\":\"ImageObject\",\"inLanguage\":\"pt-BR\",\"@id\":\"https:\/\/jornalfatosenoticias.com.br\/index.php\/2023\/09\/27\/feita-sob-medida-para-lula-pec-fura-teto-acelerou-gasto-e-aumentou-divida-do-governo\/#primaryimage\",\"url\":\"https:\/\/jornalfatosenoticias.com.br\/wp-content\/uploads\/2023\/09\/molusco.jpg\",\"contentUrl\":\"https:\/\/jornalfatosenoticias.com.br\/wp-content\/uploads\/2023\/09\/molusco.jpg\",\"width\":960,\"height\":540},{\"@type\":\"BreadcrumbList\",\"@id\":\"https:\/\/jornalfatosenoticias.com.br\/index.php\/2023\/09\/27\/feita-sob-medida-para-lula-pec-fura-teto-acelerou-gasto-e-aumentou-divida-do-governo\/#breadcrumb\",\"itemListElement\":[{\"@type\":\"ListItem\",\"position\":1,\"name\":\"In\u00edcio\",\"item\":\"https:\/\/jornalfatosenoticias.com.br\/\"},{\"@type\":\"ListItem\",\"position\":2,\"name\":\"Feita sob medida para Lula, PEC fura-teto acelerou gasto e aumentou d\u00edvida do governo\"}]},{\"@type\":\"WebSite\",\"@id\":\"https:\/\/jornalfatosenoticias.com.br\/#website\",\"url\":\"https:\/\/jornalfatosenoticias.com.br\/\",\"name\":\"Jornal Fatos e Not\u00edcias\",\"description\":\"Not\u00edcias em geral\",\"publisher\":{\"@id\":\"https:\/\/jornalfatosenoticias.com.br\/#organization\"},\"potentialAction\":[{\"@type\":\"SearchAction\",\"target\":{\"@type\":\"EntryPoint\",\"urlTemplate\":\"https:\/\/jornalfatosenoticias.com.br\/?s={search_term_string}\"},\"query-input\":{\"@type\":\"PropertyValueSpecification\",\"valueRequired\":true,\"valueName\":\"search_term_string\"}}],\"inLanguage\":\"pt-BR\"},{\"@type\":\"Organization\",\"@id\":\"https:\/\/jornalfatosenoticias.com.br\/#organization\",\"name\":\"Jornal Fatos e Not\u00edcias\",\"url\":\"https:\/\/jornalfatosenoticias.com.br\/\",\"logo\":{\"@type\":\"ImageObject\",\"inLanguage\":\"pt-BR\",\"@id\":\"https:\/\/jornalfatosenoticias.com.br\/#\/schema\/logo\/image\/\",\"url\":\"https:\/\/jornalfatosenoticias.com.br\/wp-content\/uploads\/2020\/02\/logo120.png\",\"contentUrl\":\"https:\/\/jornalfatosenoticias.com.br\/wp-content\/uploads\/2020\/02\/logo120.png\",\"width\":1227,\"height\":120,\"caption\":\"Jornal Fatos e Not\u00edcias\"},\"image\":{\"@id\":\"https:\/\/jornalfatosenoticias.com.br\/#\/schema\/logo\/image\/\"}},{\"@type\":\"Person\",\"@id\":\"https:\/\/jornalfatosenoticias.com.br\/#\/schema\/person\/d63837fa13ac8666eb9e74e0985d6f81\",\"name\":\"Luzimara Fernandes\",\"image\":{\"@type\":\"ImageObject\",\"inLanguage\":\"pt-BR\",\"@id\":\"https:\/\/jornalfatosenoticias.com.br\/#\/schema\/person\/image\/\",\"url\":\"https:\/\/jornalfatosenoticias.com.br\/wp-content\/uploads\/2025\/05\/EU_portal.jpg\",\"contentUrl\":\"https:\/\/jornalfatosenoticias.com.br\/wp-content\/uploads\/2025\/05\/EU_portal.jpg\",\"caption\":\"Luzimara Fernandes\"},\"description\":\"Jornalista MTB 2358-ES\",\"sameAs\":[\"https:\/\/jornalfatosenoticias.com.br\"],\"url\":\"https:\/\/jornalfatosenoticias.com.br\/index.php\/author\/luzimara\/\"}]}<\/script>\n<!-- \/ Yoast SEO plugin. -->","yoast_head_json":{"title":"Feita sob medida para Lula, PEC fura-teto acelerou gasto e aumentou d\u00edvida do governo - Jornal Fatos e Not\u00edcias","robots":{"index":"index","follow":"follow","max-snippet":"max-snippet:-1","max-image-preview":"max-image-preview:large","max-video-preview":"max-video-preview:-1"},"canonical":"https:\/\/jornalfatosenoticias.com.br\/index.php\/2023\/09\/27\/feita-sob-medida-para-lula-pec-fura-teto-acelerou-gasto-e-aumentou-divida-do-governo\/","og_locale":"pt_BR","og_type":"article","og_title":"Feita sob medida para Lula, PEC fura-teto acelerou gasto e aumentou d\u00edvida do governo - Jornal Fatos e Not\u00edcias","og_description":"Antes de assumir o cargo, Lula articulou aprova\u00e7\u00e3o da PEC fura-teto, que abriu espa\u00e7o para mais gastos e endividamento Por Vandr\u00e9 Kramer Depois de um per\u00edodo de desacelera\u00e7\u00e3o, o ritmo de crescimento dos gastos p\u00fablicos voltou a crescer neste ano. No segundo trimestre, as despesas de consumo da administra\u00e7\u00e3o p\u00fablica (na soma de Uni\u00e3o, estados [&hellip;]","og_url":"https:\/\/jornalfatosenoticias.com.br\/index.php\/2023\/09\/27\/feita-sob-medida-para-lula-pec-fura-teto-acelerou-gasto-e-aumentou-divida-do-governo\/","og_site_name":"Jornal Fatos e Not\u00edcias","article_published_time":"2023-09-27T13:06:52+00:00","article_modified_time":"2023-09-27T13:06:53+00:00","og_image":[{"width":960,"height":540,"url":"https:\/\/jornalfatosenoticias.com.br\/wp-content\/uploads\/2023\/09\/molusco.jpg","type":"image\/jpeg"}],"author":"Luzimara Fernandes","twitter_card":"summary_large_image","twitter_misc":{"Escrito por":"Luzimara Fernandes","Est. tempo de leitura":"6 minutos"},"schema":{"@context":"https:\/\/schema.org","@graph":[{"@type":"Article","@id":"https:\/\/jornalfatosenoticias.com.br\/index.php\/2023\/09\/27\/feita-sob-medida-para-lula-pec-fura-teto-acelerou-gasto-e-aumentou-divida-do-governo\/#article","isPartOf":{"@id":"https:\/\/jornalfatosenoticias.com.br\/index.php\/2023\/09\/27\/feita-sob-medida-para-lula-pec-fura-teto-acelerou-gasto-e-aumentou-divida-do-governo\/"},"author":{"name":"Luzimara Fernandes","@id":"https:\/\/jornalfatosenoticias.com.br\/#\/schema\/person\/d63837fa13ac8666eb9e74e0985d6f81"},"headline":"Feita sob medida para Lula, PEC fura-teto acelerou gasto e aumentou d\u00edvida do governo","datePublished":"2023-09-27T13:06:52+00:00","dateModified":"2023-09-27T13:06:53+00:00","mainEntityOfPage":{"@id":"https:\/\/jornalfatosenoticias.com.br\/index.php\/2023\/09\/27\/feita-sob-medida-para-lula-pec-fura-teto-acelerou-gasto-e-aumentou-divida-do-governo\/"},"wordCount":1183,"commentCount":0,"publisher":{"@id":"https:\/\/jornalfatosenoticias.com.br\/#organization"},"image":{"@id":"https:\/\/jornalfatosenoticias.com.br\/index.php\/2023\/09\/27\/feita-sob-medida-para-lula-pec-fura-teto-acelerou-gasto-e-aumentou-divida-do-governo\/#primaryimage"},"thumbnailUrl":"https:\/\/jornalfatosenoticias.com.br\/wp-content\/uploads\/2023\/09\/molusco.jpg","keywords":["contas do governo","contas p\u00fablicas","desgoverno Lula","gastos do governo","governo PT","PEC fura-teto"],"articleSection":["Economia"],"inLanguage":"pt-BR","potentialAction":[{"@type":"CommentAction","name":"Comment","target":["https:\/\/jornalfatosenoticias.com.br\/index.php\/2023\/09\/27\/feita-sob-medida-para-lula-pec-fura-teto-acelerou-gasto-e-aumentou-divida-do-governo\/#respond"]}]},{"@type":"WebPage","@id":"https:\/\/jornalfatosenoticias.com.br\/index.php\/2023\/09\/27\/feita-sob-medida-para-lula-pec-fura-teto-acelerou-gasto-e-aumentou-divida-do-governo\/","url":"https:\/\/jornalfatosenoticias.com.br\/index.php\/2023\/09\/27\/feita-sob-medida-para-lula-pec-fura-teto-acelerou-gasto-e-aumentou-divida-do-governo\/","name":"Feita sob medida para Lula, PEC fura-teto acelerou gasto e aumentou d\u00edvida do governo - Jornal Fatos e Not\u00edcias","isPartOf":{"@id":"https:\/\/jornalfatosenoticias.com.br\/#website"},"primaryImageOfPage":{"@id":"https:\/\/jornalfatosenoticias.com.br\/index.php\/2023\/09\/27\/feita-sob-medida-para-lula-pec-fura-teto-acelerou-gasto-e-aumentou-divida-do-governo\/#primaryimage"},"image":{"@id":"https:\/\/jornalfatosenoticias.com.br\/index.php\/2023\/09\/27\/feita-sob-medida-para-lula-pec-fura-teto-acelerou-gasto-e-aumentou-divida-do-governo\/#primaryimage"},"thumbnailUrl":"https:\/\/jornalfatosenoticias.com.br\/wp-content\/uploads\/2023\/09\/molusco.jpg","datePublished":"2023-09-27T13:06:52+00:00","dateModified":"2023-09-27T13:06:53+00:00","breadcrumb":{"@id":"https:\/\/jornalfatosenoticias.com.br\/index.php\/2023\/09\/27\/feita-sob-medida-para-lula-pec-fura-teto-acelerou-gasto-e-aumentou-divida-do-governo\/#breadcrumb"},"inLanguage":"pt-BR","potentialAction":[{"@type":"ReadAction","target":["https:\/\/jornalfatosenoticias.com.br\/index.php\/2023\/09\/27\/feita-sob-medida-para-lula-pec-fura-teto-acelerou-gasto-e-aumentou-divida-do-governo\/"]}]},{"@type":"ImageObject","inLanguage":"pt-BR","@id":"https:\/\/jornalfatosenoticias.com.br\/index.php\/2023\/09\/27\/feita-sob-medida-para-lula-pec-fura-teto-acelerou-gasto-e-aumentou-divida-do-governo\/#primaryimage","url":"https:\/\/jornalfatosenoticias.com.br\/wp-content\/uploads\/2023\/09\/molusco.jpg","contentUrl":"https:\/\/jornalfatosenoticias.com.br\/wp-content\/uploads\/2023\/09\/molusco.jpg","width":960,"height":540},{"@type":"BreadcrumbList","@id":"https:\/\/jornalfatosenoticias.com.br\/index.php\/2023\/09\/27\/feita-sob-medida-para-lula-pec-fura-teto-acelerou-gasto-e-aumentou-divida-do-governo\/#breadcrumb","itemListElement":[{"@type":"ListItem","position":1,"name":"In\u00edcio","item":"https:\/\/jornalfatosenoticias.com.br\/"},{"@type":"ListItem","position":2,"name":"Feita sob medida para Lula, PEC fura-teto acelerou gasto e aumentou d\u00edvida do governo"}]},{"@type":"WebSite","@id":"https:\/\/jornalfatosenoticias.com.br\/#website","url":"https:\/\/jornalfatosenoticias.com.br\/","name":"Jornal Fatos e Not\u00edcias","description":"Not\u00edcias em geral","publisher":{"@id":"https:\/\/jornalfatosenoticias.com.br\/#organization"},"potentialAction":[{"@type":"SearchAction","target":{"@type":"EntryPoint","urlTemplate":"https:\/\/jornalfatosenoticias.com.br\/?s={search_term_string}"},"query-input":{"@type":"PropertyValueSpecification","valueRequired":true,"valueName":"search_term_string"}}],"inLanguage":"pt-BR"},{"@type":"Organization","@id":"https:\/\/jornalfatosenoticias.com.br\/#organization","name":"Jornal Fatos e Not\u00edcias","url":"https:\/\/jornalfatosenoticias.com.br\/","logo":{"@type":"ImageObject","inLanguage":"pt-BR","@id":"https:\/\/jornalfatosenoticias.com.br\/#\/schema\/logo\/image\/","url":"https:\/\/jornalfatosenoticias.com.br\/wp-content\/uploads\/2020\/02\/logo120.png","contentUrl":"https:\/\/jornalfatosenoticias.com.br\/wp-content\/uploads\/2020\/02\/logo120.png","width":1227,"height":120,"caption":"Jornal Fatos e Not\u00edcias"},"image":{"@id":"https:\/\/jornalfatosenoticias.com.br\/#\/schema\/logo\/image\/"}},{"@type":"Person","@id":"https:\/\/jornalfatosenoticias.com.br\/#\/schema\/person\/d63837fa13ac8666eb9e74e0985d6f81","name":"Luzimara Fernandes","image":{"@type":"ImageObject","inLanguage":"pt-BR","@id":"https:\/\/jornalfatosenoticias.com.br\/#\/schema\/person\/image\/","url":"https:\/\/jornalfatosenoticias.com.br\/wp-content\/uploads\/2025\/05\/EU_portal.jpg","contentUrl":"https:\/\/jornalfatosenoticias.com.br\/wp-content\/uploads\/2025\/05\/EU_portal.jpg","caption":"Luzimara Fernandes"},"description":"Jornalista MTB 2358-ES","sameAs":["https:\/\/jornalfatosenoticias.com.br"],"url":"https:\/\/jornalfatosenoticias.com.br\/index.php\/author\/luzimara\/"}]}},"cc_featured_image_caption":{"caption_text":"(Foto: Reprodu\u00e7\u00e3o) ","source_text":"","source_url":""},"jetpack_featured_media_url":"https:\/\/jornalfatosenoticias.com.br\/wp-content\/uploads\/2023\/09\/molusco.jpg","_links":{"self":[{"href":"https:\/\/jornalfatosenoticias.com.br\/index.php\/wp-json\/wp\/v2\/posts\/45554","targetHints":{"allow":["GET"]}}],"collection":[{"href":"https:\/\/jornalfatosenoticias.com.br\/index.php\/wp-json\/wp\/v2\/posts"}],"about":[{"href":"https:\/\/jornalfatosenoticias.com.br\/index.php\/wp-json\/wp\/v2\/types\/post"}],"author":[{"embeddable":true,"href":"https:\/\/jornalfatosenoticias.com.br\/index.php\/wp-json\/wp\/v2\/users\/2"}],"replies":[{"embeddable":true,"href":"https:\/\/jornalfatosenoticias.com.br\/index.php\/wp-json\/wp\/v2\/comments?post=45554"}],"version-history":[{"count":0,"href":"https:\/\/jornalfatosenoticias.com.br\/index.php\/wp-json\/wp\/v2\/posts\/45554\/revisions"}],"wp:featuredmedia":[{"embeddable":true,"href":"https:\/\/jornalfatosenoticias.com.br\/index.php\/wp-json\/wp\/v2\/media\/45555"}],"wp:attachment":[{"href":"https:\/\/jornalfatosenoticias.com.br\/index.php\/wp-json\/wp\/v2\/media?parent=45554"}],"wp:term":[{"taxonomy":"category","embeddable":true,"href":"https:\/\/jornalfatosenoticias.com.br\/index.php\/wp-json\/wp\/v2\/categories?post=45554"},{"taxonomy":"post_tag","embeddable":true,"href":"https:\/\/jornalfatosenoticias.com.br\/index.php\/wp-json\/wp\/v2\/tags?post=45554"}],"curies":[{"name":"wp","href":"https:\/\/api.w.org\/{rel}","templated":true}]}}