{"id":45557,"date":"2023-09-27T10:17:44","date_gmt":"2023-09-27T13:17:44","guid":{"rendered":"https:\/\/jornalfatosenoticias.com.br\/?p=45557"},"modified":"2023-09-27T10:17:45","modified_gmt":"2023-09-27T13:17:45","slug":"tse-exclui-forcas-armadas-da-fiscalizacao-das-urnas-eletronicas","status":"publish","type":"post","link":"https:\/\/jornalfatosenoticias.com.br\/index.php\/2023\/09\/27\/tse-exclui-forcas-armadas-da-fiscalizacao-das-urnas-eletronicas\/","title":{"rendered":"TSE exclui For\u00e7as Armadas da fiscaliza\u00e7\u00e3o das urnas eletr\u00f4nicas"},"content":{"rendered":"\n<p><em><span class=\"has-inline-color has-black-color\">Presidente do TSE, ministro Alexandre de Moraes, prop\u00f4s as mudan\u00e7as<\/span><\/em><\/p>\n\n\n\n<p><em><span class=\"has-inline-color has-black-color\">Por <strong><a href=\"https:\/\/www.gazetadopovo.com.br\/autor\/camila-abrao\/\">Camila Abr\u00e3o<\/a><\/strong><\/span><\/em><\/p>\n\n\n\n<div class=\"wp-block-image\"><figure class=\"aligncenter size-large\"><img loading=\"lazy\" decoding=\"async\" width=\"729\" height=\"90\" src=\"https:\/\/jornalfatosenoticias.com.br\/wp-content\/uploads\/2020\/02\/Logo_Mizu.png\" alt=\"\" class=\"wp-image-1441\" srcset=\"https:\/\/jornalfatosenoticias.com.br\/wp-content\/uploads\/2020\/02\/Logo_Mizu.png 729w, https:\/\/jornalfatosenoticias.com.br\/wp-content\/uploads\/2020\/02\/Logo_Mizu-300x37.png 300w\" sizes=\"auto, (max-width: 729px) 100vw, 729px\" \/><\/figure><\/div>\n\n\n\n<p>O Tribunal Superior Eleitoral (TSE) decidiu, por unanimidade, excluir as For\u00e7as Armadas da lista de entidades que fiscalizam o processo eleitoral brasileiro. A decis\u00e3o foi tomada na sess\u00e3o desta ter\u00e7a-feira (26). O relator da instru\u00e7\u00e3o foi o presidente da Corte, ministro Alexandre de Moraes. Al\u00e9m das For\u00e7as Armadas, o Supremo Tribunal Federal (STF) tamb\u00e9m foi retirado do rol de institui\u00e7\u00f5es autorizadas a acompanhar as fases de auditoria das urnas e dos sistemas eleitorais.<\/p>\n\n\n\n<blockquote class=\"wp-block-quote is-layout-flow wp-block-quote-is-layout-flow\"><p><span class=\"has-inline-color has-luminous-vivid-orange-color\">N\u00e3o se mostrou necess\u00e1rio, razo\u00e1vel e eficiente a participa\u00e7\u00e3o das For\u00e7as Armadas. Demonstrou-se absolutamente incompat\u00edvel com as atribui\u00e7\u00f5es constitucionais, e tamb\u00e9m a participa\u00e7\u00e3o na comiss\u00e3o de transpar\u00eancia eleitoral\u201d, disse Moraes. O ministro defendeu a atua\u00e7\u00e3o log\u00edstica dos militares nas elei\u00e7\u00f5es.<\/span><\/p><\/blockquote>\n\n\n\n<div class=\"wp-block-image\"><figure class=\"aligncenter size-large\"><img loading=\"lazy\" decoding=\"async\" width=\"300\" height=\"250\" src=\"https:\/\/jornalfatosenoticias.com.br\/wp-content\/uploads\/2022\/02\/FERRARI_MAQUINAS-E-FERRAMENTAS2.jpg\" alt=\"\" class=\"wp-image-27860\"\/><\/figure><\/div>\n\n\n\n<blockquote class=\"wp-block-quote is-layout-flow wp-block-quote-is-layout-flow\"><p><span class=\"has-inline-color has-luminous-vivid-orange-color\">O importante, e a\u00ed sim imprescind\u00edvel aux\u00edlio, \u00e9 a constante parceria das For\u00e7as Armadas com a Justi\u00e7a Eleitoral, essa permanecer\u00e1. Permanecer\u00e1 nas atividades que as For\u00e7as Armadas historicamente e tradicionalmente sempre realizaram, numa grande parceria com a Justi\u00e7a Eleitoral, para a seguran\u00e7a dos eleitores dos locais de vota\u00e7\u00e3o, al\u00e9m do imprescind\u00edvel apoio log\u00edstico que as For\u00e7as Armadas d\u00e3o na realiza\u00e7\u00e3o de transporte de urnas\u201d, ressaltou.<\/span><\/p><\/blockquote>\n\n\n\n<div class=\"wp-block-image\"><figure class=\"aligncenter size-large is-resized\"><img loading=\"lazy\" decoding=\"async\" src=\"https:\/\/jornalfatosenoticias.com.br\/wp-content\/uploads\/2023\/08\/Steel.jpeg\" alt=\"\" class=\"wp-image-44634\" width=\"344\" height=\"279\" srcset=\"https:\/\/jornalfatosenoticias.com.br\/wp-content\/uploads\/2023\/08\/Steel.jpeg 800w, https:\/\/jornalfatosenoticias.com.br\/wp-content\/uploads\/2023\/08\/Steel-300x244.jpeg 300w, https:\/\/jornalfatosenoticias.com.br\/wp-content\/uploads\/2023\/08\/Steel-768x624.jpeg 768w\" sizes=\"auto, (max-width: 344px) 100vw, 344px\" \/><\/figure><\/div>\n\n\n\n<p>Em 2021, o TSE ampliou o n\u00famero de entidades que poderiam atuar na fiscaliza\u00e7\u00e3o do sistema eleitoral. No ano passado, o ent\u00e3o ministro da Defesa, Paulo S\u00e9rgio Nogueira, encaminhou \u00e0 Corte eleitoral o relat\u00f3rio de fiscaliza\u00e7\u00e3o do sistema eletr\u00f4nico de vota\u00e7\u00e3o durante um per\u00edodo de tens\u00e3o entre a Justi\u00e7a Eleitoral e os militares.<\/p>\n\n\n\n<div class=\"wp-block-image\"><figure class=\"aligncenter size-large is-resized\"><img loading=\"lazy\" decoding=\"async\" src=\"https:\/\/jornalfatosenoticias.com.br\/wp-content\/uploads\/2020\/02\/logo-Rapuzel-1024x571.jpg\" alt=\"\" class=\"wp-image-42808\" width=\"372\" height=\"207\" srcset=\"https:\/\/jornalfatosenoticias.com.br\/wp-content\/uploads\/2020\/02\/logo-Rapuzel-1024x571.jpg 1024w, https:\/\/jornalfatosenoticias.com.br\/wp-content\/uploads\/2020\/02\/logo-Rapuzel-300x167.jpg 300w, https:\/\/jornalfatosenoticias.com.br\/wp-content\/uploads\/2020\/02\/logo-Rapuzel-768x428.jpg 768w, https:\/\/jornalfatosenoticias.com.br\/wp-content\/uploads\/2020\/02\/logo-Rapuzel-1536x856.jpg 1536w, https:\/\/jornalfatosenoticias.com.br\/wp-content\/uploads\/2020\/02\/logo-Rapuzel.jpg 1600w\" sizes=\"auto, (max-width: 372px) 100vw, 372px\" \/><\/figure><\/div>\n\n\n\n<p>Apesar da decis\u00e3o desta ter\u00e7a, o TSE decidiu manter o Projeto-Piloto com Biometria que utilizou as impress\u00f5es digitais de quase cinco mil eleitores volunt\u00e1rios para habilitar as urnas eletr\u00f4nicas submetidas \u00e0 verifica\u00e7\u00e3o no primeiro e segundo turnos. Realizado pela primeira vez nas elei\u00e7\u00f5es de 2022, o projeto foi uma proposta das For\u00e7as Armadas.<br>As regras aprovadas na sess\u00e3o desta ter\u00e7a ser\u00e3o aplicadas a partir das elei\u00e7\u00f5es do ano que vem.<\/p>\n\n\n\n<div class=\"wp-block-image\"><figure class=\"aligncenter size-large is-resized\"><img loading=\"lazy\" decoding=\"async\" src=\"https:\/\/jornalfatosenoticias.com.br\/wp-content\/uploads\/2022\/10\/RC_800x750_page-0001.jpg\" alt=\"\" class=\"wp-image-35338\" width=\"337\" height=\"316\" srcset=\"https:\/\/jornalfatosenoticias.com.br\/wp-content\/uploads\/2022\/10\/RC_800x750_page-0001.jpg 400w, https:\/\/jornalfatosenoticias.com.br\/wp-content\/uploads\/2022\/10\/RC_800x750_page-0001-300x281.jpg 300w\" sizes=\"auto, (max-width: 337px) 100vw, 337px\" \/><\/figure><\/div>\n\n\n\n<blockquote class=\"wp-block-quote is-layout-flow wp-block-quote-is-layout-flow\"><p><span class=\"has-inline-color has-luminous-vivid-orange-color\">A regulamenta\u00e7\u00e3o, a coordena\u00e7\u00e3o e a implementa\u00e7\u00e3o do Teste Integridade com Biometria ser\u00e3o realizadas de acordo com a viabilidade t\u00e9cnica, log\u00edstica, or\u00e7ament\u00e1ria e financeira da Justi\u00e7a Eleitoral&#8221;, disse o TSE, em nota.<\/span><\/p><\/blockquote>\n\n\n\n<div class=\"wp-block-image\"><figure class=\"aligncenter size-large is-resized\"><img loading=\"lazy\" decoding=\"async\" src=\"https:\/\/jornalfatosenoticias.com.br\/wp-content\/uploads\/2023\/08\/ITH.jpeg\" alt=\"\" class=\"wp-image-44638\" width=\"341\" height=\"277\" srcset=\"https:\/\/jornalfatosenoticias.com.br\/wp-content\/uploads\/2023\/08\/ITH.jpeg 800w, https:\/\/jornalfatosenoticias.com.br\/wp-content\/uploads\/2023\/08\/ITH-300x244.jpeg 300w, https:\/\/jornalfatosenoticias.com.br\/wp-content\/uploads\/2023\/08\/ITH-768x624.jpeg 768w\" sizes=\"auto, (max-width: 341px) 100vw, 341px\" \/><\/figure><\/div>\n\n\n\n<p>As institui\u00e7\u00f5es autorizadas a participar das etapas de fiscaliza\u00e7\u00e3o s\u00e3o: partidos pol\u00edticos, federa\u00e7\u00f5es e coliga\u00e7\u00f5es; Ordem dos Advogados do Brasil; Minist\u00e9rio P\u00fablico; Congresso Nacional; Controladoria-Geral da Uni\u00e3o; Pol\u00edcia Federal; Sociedade Brasileira de Computa\u00e7\u00e3o; Conselho Federal de Engenharia e Agronomia; Conselho Nacional de Justi\u00e7a; Conselho Nacional do Minist\u00e9rio P\u00fablico; Tribunal de Contas da Uni\u00e3o.<\/p>\n\n\n\n<div class=\"wp-block-image\"><figure class=\"aligncenter size-large is-resized\"><img loading=\"lazy\" decoding=\"async\" src=\"https:\/\/jornalfatosenoticias.com.br\/wp-content\/uploads\/2022\/02\/Precisao-Contabilidade-1024x724.jpg\" alt=\"\" class=\"wp-image-28088\" width=\"311\" height=\"220\"\/><\/figure><\/div>\n\n\n\n<p>E tamb\u00e9m: Confedera\u00e7\u00e3o Nacional da Ind\u00fastria, demais integrantes do Sistema Ind\u00fastria e entidades corporativas pertencentes ao Sistema S; entidades privadas brasileiras, sem fins lucrativos, com not\u00f3ria atua\u00e7\u00e3o em fiscaliza\u00e7\u00e3o e transpar\u00eancia da gest\u00e3o p\u00fablica, credenciadas junto ao TSE; e departamentos de tecnologia da informa\u00e7\u00e3o de universidades credenciadas junto ao TSE.<\/p>\n\n\n\n<div class=\"wp-block-image\"><figure class=\"aligncenter size-large\"><img decoding=\"async\" src=\"https:\/\/jornalfatosenoticias.com.br\/wp-content\/uploads\/2020\/02\/barao-das-carnes-300x164-1.jpg\" alt=\"\" class=\"wp-image-34339\"\/><\/figure><\/div>\n\n\n\n<p><strong><em>Fonte: <a href=\"https:\/\/www.gazetadopovo.com.br\/republica\/tse-exclui-forcas-armadas-da-fiscalizacao-das-urnas-eletronicas\/\">Gazeta do Povo<\/a><\/em><\/strong><\/p>\n","protected":false},"excerpt":{"rendered":"<p>Presidente do TSE, ministro Alexandre de Moraes, prop\u00f4s as mudan\u00e7as Por Camila Abr\u00e3o O Tribunal Superior Eleitoral (TSE) decidiu, por unanimidade, excluir as For\u00e7as Armadas da lista de entidades que fiscalizam o processo eleitoral brasileiro. A decis\u00e3o foi tomada na sess\u00e3o desta ter\u00e7a-feira (26). O relator da instru\u00e7\u00e3o foi o presidente da Corte, ministro Alexandre [&hellip;]<\/p>\n","protected":false},"author":2,"featured_media":45558,"comment_status":"open","ping_status":"open","sticky":false,"template":"","format":"standard","meta":{"footnotes":""},"categories":[10],"tags":[13889,21456,5678,1514,16523,16933],"class_list":["post-45557","post","type-post","status-publish","format-standard","has-post-thumbnail","hentry","category-politica","tag-alexandre-de-moraes","tag-fiscalizacao-urnas-eletronicas","tag-forcas-armadas","tag-tse","tag-urnas","tag-urnas-eletronicas"],"yoast_head":"<!-- This site is optimized with the Yoast SEO plugin v26.5 - https:\/\/yoast.com\/wordpress\/plugins\/seo\/ -->\n<title>TSE exclui For\u00e7as Armadas da fiscaliza\u00e7\u00e3o das urnas eletr\u00f4nicas - Jornal Fatos e Not\u00edcias<\/title>\n<meta name=\"robots\" content=\"index, follow, max-snippet:-1, max-image-preview:large, max-video-preview:-1\" \/>\n<link rel=\"canonical\" href=\"https:\/\/jornalfatosenoticias.com.br\/index.php\/2023\/09\/27\/tse-exclui-forcas-armadas-da-fiscalizacao-das-urnas-eletronicas\/\" \/>\n<meta property=\"og:locale\" content=\"pt_BR\" \/>\n<meta property=\"og:type\" content=\"article\" \/>\n<meta property=\"og:title\" content=\"TSE exclui For\u00e7as Armadas da fiscaliza\u00e7\u00e3o das urnas eletr\u00f4nicas - Jornal Fatos e Not\u00edcias\" \/>\n<meta property=\"og:description\" content=\"Presidente do TSE, ministro Alexandre de Moraes, prop\u00f4s as mudan\u00e7as Por Camila Abr\u00e3o O Tribunal Superior Eleitoral (TSE) decidiu, por unanimidade, excluir as For\u00e7as Armadas da lista de entidades que fiscalizam o processo eleitoral brasileiro. A decis\u00e3o foi tomada na sess\u00e3o desta ter\u00e7a-feira (26). O relator da instru\u00e7\u00e3o foi o presidente da Corte, ministro Alexandre [&hellip;]\" \/>\n<meta property=\"og:url\" content=\"https:\/\/jornalfatosenoticias.com.br\/index.php\/2023\/09\/27\/tse-exclui-forcas-armadas-da-fiscalizacao-das-urnas-eletronicas\/\" \/>\n<meta property=\"og:site_name\" content=\"Jornal Fatos e Not\u00edcias\" \/>\n<meta property=\"article:published_time\" content=\"2023-09-27T13:17:44+00:00\" \/>\n<meta property=\"article:modified_time\" content=\"2023-09-27T13:17:45+00:00\" \/>\n<meta property=\"og:image\" content=\"https:\/\/jornalfatosenoticias.com.br\/wp-content\/uploads\/2023\/09\/xandao_cabeca-de-ovo.jpg\" \/>\n\t<meta property=\"og:image:width\" content=\"960\" \/>\n\t<meta property=\"og:image:height\" content=\"540\" \/>\n\t<meta property=\"og:image:type\" content=\"image\/jpeg\" \/>\n<meta name=\"author\" content=\"Luzimara Fernandes\" \/>\n<meta name=\"twitter:card\" content=\"summary_large_image\" \/>\n<meta name=\"twitter:label1\" content=\"Escrito por\" \/>\n\t<meta name=\"twitter:data1\" content=\"Luzimara Fernandes\" \/>\n\t<meta name=\"twitter:label2\" content=\"Est. tempo de leitura\" \/>\n\t<meta name=\"twitter:data2\" content=\"3 minutos\" \/>\n<script type=\"application\/ld+json\" class=\"yoast-schema-graph\">{\"@context\":\"https:\/\/schema.org\",\"@graph\":[{\"@type\":\"Article\",\"@id\":\"https:\/\/jornalfatosenoticias.com.br\/index.php\/2023\/09\/27\/tse-exclui-forcas-armadas-da-fiscalizacao-das-urnas-eletronicas\/#article\",\"isPartOf\":{\"@id\":\"https:\/\/jornalfatosenoticias.com.br\/index.php\/2023\/09\/27\/tse-exclui-forcas-armadas-da-fiscalizacao-das-urnas-eletronicas\/\"},\"author\":{\"name\":\"Luzimara Fernandes\",\"@id\":\"https:\/\/jornalfatosenoticias.com.br\/#\/schema\/person\/d63837fa13ac8666eb9e74e0985d6f81\"},\"headline\":\"TSE exclui For\u00e7as Armadas da fiscaliza\u00e7\u00e3o das urnas eletr\u00f4nicas\",\"datePublished\":\"2023-09-27T13:17:44+00:00\",\"dateModified\":\"2023-09-27T13:17:45+00:00\",\"mainEntityOfPage\":{\"@id\":\"https:\/\/jornalfatosenoticias.com.br\/index.php\/2023\/09\/27\/tse-exclui-forcas-armadas-da-fiscalizacao-das-urnas-eletronicas\/\"},\"wordCount\":557,\"commentCount\":0,\"publisher\":{\"@id\":\"https:\/\/jornalfatosenoticias.com.br\/#organization\"},\"image\":{\"@id\":\"https:\/\/jornalfatosenoticias.com.br\/index.php\/2023\/09\/27\/tse-exclui-forcas-armadas-da-fiscalizacao-das-urnas-eletronicas\/#primaryimage\"},\"thumbnailUrl\":\"https:\/\/jornalfatosenoticias.com.br\/wp-content\/uploads\/2023\/09\/xandao_cabeca-de-ovo.jpg\",\"keywords\":[\"Alexandre de Moraes\",\"fiscaliza\u00e7\u00e3o urnas eletr\u00f4nicas\",\"For\u00e7as Armadas\",\"TSE\",\"urnas\",\"urnas eletr\u00f4nicas\"],\"articleSection\":[\"Pol\u00edtica\"],\"inLanguage\":\"pt-BR\",\"potentialAction\":[{\"@type\":\"CommentAction\",\"name\":\"Comment\",\"target\":[\"https:\/\/jornalfatosenoticias.com.br\/index.php\/2023\/09\/27\/tse-exclui-forcas-armadas-da-fiscalizacao-das-urnas-eletronicas\/#respond\"]}]},{\"@type\":\"WebPage\",\"@id\":\"https:\/\/jornalfatosenoticias.com.br\/index.php\/2023\/09\/27\/tse-exclui-forcas-armadas-da-fiscalizacao-das-urnas-eletronicas\/\",\"url\":\"https:\/\/jornalfatosenoticias.com.br\/index.php\/2023\/09\/27\/tse-exclui-forcas-armadas-da-fiscalizacao-das-urnas-eletronicas\/\",\"name\":\"TSE exclui For\u00e7as Armadas da fiscaliza\u00e7\u00e3o das urnas eletr\u00f4nicas - Jornal Fatos e Not\u00edcias\",\"isPartOf\":{\"@id\":\"https:\/\/jornalfatosenoticias.com.br\/#website\"},\"primaryImageOfPage\":{\"@id\":\"https:\/\/jornalfatosenoticias.com.br\/index.php\/2023\/09\/27\/tse-exclui-forcas-armadas-da-fiscalizacao-das-urnas-eletronicas\/#primaryimage\"},\"image\":{\"@id\":\"https:\/\/jornalfatosenoticias.com.br\/index.php\/2023\/09\/27\/tse-exclui-forcas-armadas-da-fiscalizacao-das-urnas-eletronicas\/#primaryimage\"},\"thumbnailUrl\":\"https:\/\/jornalfatosenoticias.com.br\/wp-content\/uploads\/2023\/09\/xandao_cabeca-de-ovo.jpg\",\"datePublished\":\"2023-09-27T13:17:44+00:00\",\"dateModified\":\"2023-09-27T13:17:45+00:00\",\"breadcrumb\":{\"@id\":\"https:\/\/jornalfatosenoticias.com.br\/index.php\/2023\/09\/27\/tse-exclui-forcas-armadas-da-fiscalizacao-das-urnas-eletronicas\/#breadcrumb\"},\"inLanguage\":\"pt-BR\",\"potentialAction\":[{\"@type\":\"ReadAction\",\"target\":[\"https:\/\/jornalfatosenoticias.com.br\/index.php\/2023\/09\/27\/tse-exclui-forcas-armadas-da-fiscalizacao-das-urnas-eletronicas\/\"]}]},{\"@type\":\"ImageObject\",\"inLanguage\":\"pt-BR\",\"@id\":\"https:\/\/jornalfatosenoticias.com.br\/index.php\/2023\/09\/27\/tse-exclui-forcas-armadas-da-fiscalizacao-das-urnas-eletronicas\/#primaryimage\",\"url\":\"https:\/\/jornalfatosenoticias.com.br\/wp-content\/uploads\/2023\/09\/xandao_cabeca-de-ovo.jpg\",\"contentUrl\":\"https:\/\/jornalfatosenoticias.com.br\/wp-content\/uploads\/2023\/09\/xandao_cabeca-de-ovo.jpg\",\"width\":960,\"height\":540},{\"@type\":\"BreadcrumbList\",\"@id\":\"https:\/\/jornalfatosenoticias.com.br\/index.php\/2023\/09\/27\/tse-exclui-forcas-armadas-da-fiscalizacao-das-urnas-eletronicas\/#breadcrumb\",\"itemListElement\":[{\"@type\":\"ListItem\",\"position\":1,\"name\":\"In\u00edcio\",\"item\":\"https:\/\/jornalfatosenoticias.com.br\/\"},{\"@type\":\"ListItem\",\"position\":2,\"name\":\"TSE exclui For\u00e7as Armadas da fiscaliza\u00e7\u00e3o das urnas eletr\u00f4nicas\"}]},{\"@type\":\"WebSite\",\"@id\":\"https:\/\/jornalfatosenoticias.com.br\/#website\",\"url\":\"https:\/\/jornalfatosenoticias.com.br\/\",\"name\":\"Jornal Fatos e Not\u00edcias\",\"description\":\"Not\u00edcias em geral\",\"publisher\":{\"@id\":\"https:\/\/jornalfatosenoticias.com.br\/#organization\"},\"potentialAction\":[{\"@type\":\"SearchAction\",\"target\":{\"@type\":\"EntryPoint\",\"urlTemplate\":\"https:\/\/jornalfatosenoticias.com.br\/?s={search_term_string}\"},\"query-input\":{\"@type\":\"PropertyValueSpecification\",\"valueRequired\":true,\"valueName\":\"search_term_string\"}}],\"inLanguage\":\"pt-BR\"},{\"@type\":\"Organization\",\"@id\":\"https:\/\/jornalfatosenoticias.com.br\/#organization\",\"name\":\"Jornal Fatos e Not\u00edcias\",\"url\":\"https:\/\/jornalfatosenoticias.com.br\/\",\"logo\":{\"@type\":\"ImageObject\",\"inLanguage\":\"pt-BR\",\"@id\":\"https:\/\/jornalfatosenoticias.com.br\/#\/schema\/logo\/image\/\",\"url\":\"https:\/\/jornalfatosenoticias.com.br\/wp-content\/uploads\/2020\/02\/logo120.png\",\"contentUrl\":\"https:\/\/jornalfatosenoticias.com.br\/wp-content\/uploads\/2020\/02\/logo120.png\",\"width\":1227,\"height\":120,\"caption\":\"Jornal Fatos e Not\u00edcias\"},\"image\":{\"@id\":\"https:\/\/jornalfatosenoticias.com.br\/#\/schema\/logo\/image\/\"}},{\"@type\":\"Person\",\"@id\":\"https:\/\/jornalfatosenoticias.com.br\/#\/schema\/person\/d63837fa13ac8666eb9e74e0985d6f81\",\"name\":\"Luzimara Fernandes\",\"image\":{\"@type\":\"ImageObject\",\"inLanguage\":\"pt-BR\",\"@id\":\"https:\/\/jornalfatosenoticias.com.br\/#\/schema\/person\/image\/\",\"url\":\"https:\/\/jornalfatosenoticias.com.br\/wp-content\/uploads\/2025\/05\/EU_portal.jpg\",\"contentUrl\":\"https:\/\/jornalfatosenoticias.com.br\/wp-content\/uploads\/2025\/05\/EU_portal.jpg\",\"caption\":\"Luzimara Fernandes\"},\"description\":\"Jornalista MTB 2358-ES\",\"sameAs\":[\"https:\/\/jornalfatosenoticias.com.br\"],\"url\":\"https:\/\/jornalfatosenoticias.com.br\/index.php\/author\/luzimara\/\"}]}<\/script>\n<!-- \/ Yoast SEO plugin. -->","yoast_head_json":{"title":"TSE exclui For\u00e7as Armadas da fiscaliza\u00e7\u00e3o das urnas eletr\u00f4nicas - Jornal Fatos e Not\u00edcias","robots":{"index":"index","follow":"follow","max-snippet":"max-snippet:-1","max-image-preview":"max-image-preview:large","max-video-preview":"max-video-preview:-1"},"canonical":"https:\/\/jornalfatosenoticias.com.br\/index.php\/2023\/09\/27\/tse-exclui-forcas-armadas-da-fiscalizacao-das-urnas-eletronicas\/","og_locale":"pt_BR","og_type":"article","og_title":"TSE exclui For\u00e7as Armadas da fiscaliza\u00e7\u00e3o das urnas eletr\u00f4nicas - Jornal Fatos e Not\u00edcias","og_description":"Presidente do TSE, ministro Alexandre de Moraes, prop\u00f4s as mudan\u00e7as Por Camila Abr\u00e3o O Tribunal Superior Eleitoral (TSE) decidiu, por unanimidade, excluir as For\u00e7as Armadas da lista de entidades que fiscalizam o processo eleitoral brasileiro. A decis\u00e3o foi tomada na sess\u00e3o desta ter\u00e7a-feira (26). O relator da instru\u00e7\u00e3o foi o presidente da Corte, ministro Alexandre [&hellip;]","og_url":"https:\/\/jornalfatosenoticias.com.br\/index.php\/2023\/09\/27\/tse-exclui-forcas-armadas-da-fiscalizacao-das-urnas-eletronicas\/","og_site_name":"Jornal Fatos e Not\u00edcias","article_published_time":"2023-09-27T13:17:44+00:00","article_modified_time":"2023-09-27T13:17:45+00:00","og_image":[{"width":960,"height":540,"url":"https:\/\/jornalfatosenoticias.com.br\/wp-content\/uploads\/2023\/09\/xandao_cabeca-de-ovo.jpg","type":"image\/jpeg"}],"author":"Luzimara Fernandes","twitter_card":"summary_large_image","twitter_misc":{"Escrito por":"Luzimara Fernandes","Est. tempo de leitura":"3 minutos"},"schema":{"@context":"https:\/\/schema.org","@graph":[{"@type":"Article","@id":"https:\/\/jornalfatosenoticias.com.br\/index.php\/2023\/09\/27\/tse-exclui-forcas-armadas-da-fiscalizacao-das-urnas-eletronicas\/#article","isPartOf":{"@id":"https:\/\/jornalfatosenoticias.com.br\/index.php\/2023\/09\/27\/tse-exclui-forcas-armadas-da-fiscalizacao-das-urnas-eletronicas\/"},"author":{"name":"Luzimara Fernandes","@id":"https:\/\/jornalfatosenoticias.com.br\/#\/schema\/person\/d63837fa13ac8666eb9e74e0985d6f81"},"headline":"TSE exclui For\u00e7as Armadas da fiscaliza\u00e7\u00e3o das urnas eletr\u00f4nicas","datePublished":"2023-09-27T13:17:44+00:00","dateModified":"2023-09-27T13:17:45+00:00","mainEntityOfPage":{"@id":"https:\/\/jornalfatosenoticias.com.br\/index.php\/2023\/09\/27\/tse-exclui-forcas-armadas-da-fiscalizacao-das-urnas-eletronicas\/"},"wordCount":557,"commentCount":0,"publisher":{"@id":"https:\/\/jornalfatosenoticias.com.br\/#organization"},"image":{"@id":"https:\/\/jornalfatosenoticias.com.br\/index.php\/2023\/09\/27\/tse-exclui-forcas-armadas-da-fiscalizacao-das-urnas-eletronicas\/#primaryimage"},"thumbnailUrl":"https:\/\/jornalfatosenoticias.com.br\/wp-content\/uploads\/2023\/09\/xandao_cabeca-de-ovo.jpg","keywords":["Alexandre de Moraes","fiscaliza\u00e7\u00e3o urnas eletr\u00f4nicas","For\u00e7as Armadas","TSE","urnas","urnas eletr\u00f4nicas"],"articleSection":["Pol\u00edtica"],"inLanguage":"pt-BR","potentialAction":[{"@type":"CommentAction","name":"Comment","target":["https:\/\/jornalfatosenoticias.com.br\/index.php\/2023\/09\/27\/tse-exclui-forcas-armadas-da-fiscalizacao-das-urnas-eletronicas\/#respond"]}]},{"@type":"WebPage","@id":"https:\/\/jornalfatosenoticias.com.br\/index.php\/2023\/09\/27\/tse-exclui-forcas-armadas-da-fiscalizacao-das-urnas-eletronicas\/","url":"https:\/\/jornalfatosenoticias.com.br\/index.php\/2023\/09\/27\/tse-exclui-forcas-armadas-da-fiscalizacao-das-urnas-eletronicas\/","name":"TSE exclui For\u00e7as Armadas da fiscaliza\u00e7\u00e3o das urnas eletr\u00f4nicas - Jornal Fatos e Not\u00edcias","isPartOf":{"@id":"https:\/\/jornalfatosenoticias.com.br\/#website"},"primaryImageOfPage":{"@id":"https:\/\/jornalfatosenoticias.com.br\/index.php\/2023\/09\/27\/tse-exclui-forcas-armadas-da-fiscalizacao-das-urnas-eletronicas\/#primaryimage"},"image":{"@id":"https:\/\/jornalfatosenoticias.com.br\/index.php\/2023\/09\/27\/tse-exclui-forcas-armadas-da-fiscalizacao-das-urnas-eletronicas\/#primaryimage"},"thumbnailUrl":"https:\/\/jornalfatosenoticias.com.br\/wp-content\/uploads\/2023\/09\/xandao_cabeca-de-ovo.jpg","datePublished":"2023-09-27T13:17:44+00:00","dateModified":"2023-09-27T13:17:45+00:00","breadcrumb":{"@id":"https:\/\/jornalfatosenoticias.com.br\/index.php\/2023\/09\/27\/tse-exclui-forcas-armadas-da-fiscalizacao-das-urnas-eletronicas\/#breadcrumb"},"inLanguage":"pt-BR","potentialAction":[{"@type":"ReadAction","target":["https:\/\/jornalfatosenoticias.com.br\/index.php\/2023\/09\/27\/tse-exclui-forcas-armadas-da-fiscalizacao-das-urnas-eletronicas\/"]}]},{"@type":"ImageObject","inLanguage":"pt-BR","@id":"https:\/\/jornalfatosenoticias.com.br\/index.php\/2023\/09\/27\/tse-exclui-forcas-armadas-da-fiscalizacao-das-urnas-eletronicas\/#primaryimage","url":"https:\/\/jornalfatosenoticias.com.br\/wp-content\/uploads\/2023\/09\/xandao_cabeca-de-ovo.jpg","contentUrl":"https:\/\/jornalfatosenoticias.com.br\/wp-content\/uploads\/2023\/09\/xandao_cabeca-de-ovo.jpg","width":960,"height":540},{"@type":"BreadcrumbList","@id":"https:\/\/jornalfatosenoticias.com.br\/index.php\/2023\/09\/27\/tse-exclui-forcas-armadas-da-fiscalizacao-das-urnas-eletronicas\/#breadcrumb","itemListElement":[{"@type":"ListItem","position":1,"name":"In\u00edcio","item":"https:\/\/jornalfatosenoticias.com.br\/"},{"@type":"ListItem","position":2,"name":"TSE exclui For\u00e7as Armadas da fiscaliza\u00e7\u00e3o das urnas eletr\u00f4nicas"}]},{"@type":"WebSite","@id":"https:\/\/jornalfatosenoticias.com.br\/#website","url":"https:\/\/jornalfatosenoticias.com.br\/","name":"Jornal Fatos e Not\u00edcias","description":"Not\u00edcias em geral","publisher":{"@id":"https:\/\/jornalfatosenoticias.com.br\/#organization"},"potentialAction":[{"@type":"SearchAction","target":{"@type":"EntryPoint","urlTemplate":"https:\/\/jornalfatosenoticias.com.br\/?s={search_term_string}"},"query-input":{"@type":"PropertyValueSpecification","valueRequired":true,"valueName":"search_term_string"}}],"inLanguage":"pt-BR"},{"@type":"Organization","@id":"https:\/\/jornalfatosenoticias.com.br\/#organization","name":"Jornal Fatos e Not\u00edcias","url":"https:\/\/jornalfatosenoticias.com.br\/","logo":{"@type":"ImageObject","inLanguage":"pt-BR","@id":"https:\/\/jornalfatosenoticias.com.br\/#\/schema\/logo\/image\/","url":"https:\/\/jornalfatosenoticias.com.br\/wp-content\/uploads\/2020\/02\/logo120.png","contentUrl":"https:\/\/jornalfatosenoticias.com.br\/wp-content\/uploads\/2020\/02\/logo120.png","width":1227,"height":120,"caption":"Jornal Fatos e Not\u00edcias"},"image":{"@id":"https:\/\/jornalfatosenoticias.com.br\/#\/schema\/logo\/image\/"}},{"@type":"Person","@id":"https:\/\/jornalfatosenoticias.com.br\/#\/schema\/person\/d63837fa13ac8666eb9e74e0985d6f81","name":"Luzimara Fernandes","image":{"@type":"ImageObject","inLanguage":"pt-BR","@id":"https:\/\/jornalfatosenoticias.com.br\/#\/schema\/person\/image\/","url":"https:\/\/jornalfatosenoticias.com.br\/wp-content\/uploads\/2025\/05\/EU_portal.jpg","contentUrl":"https:\/\/jornalfatosenoticias.com.br\/wp-content\/uploads\/2025\/05\/EU_portal.jpg","caption":"Luzimara Fernandes"},"description":"Jornalista MTB 2358-ES","sameAs":["https:\/\/jornalfatosenoticias.com.br"],"url":"https:\/\/jornalfatosenoticias.com.br\/index.php\/author\/luzimara\/"}]}},"cc_featured_image_caption":{"caption_text":"(Foto: Alejandro Zambrana\/Secom\/TSE)","source_text":"","source_url":""},"jetpack_featured_media_url":"https:\/\/jornalfatosenoticias.com.br\/wp-content\/uploads\/2023\/09\/xandao_cabeca-de-ovo.jpg","_links":{"self":[{"href":"https:\/\/jornalfatosenoticias.com.br\/index.php\/wp-json\/wp\/v2\/posts\/45557","targetHints":{"allow":["GET"]}}],"collection":[{"href":"https:\/\/jornalfatosenoticias.com.br\/index.php\/wp-json\/wp\/v2\/posts"}],"about":[{"href":"https:\/\/jornalfatosenoticias.com.br\/index.php\/wp-json\/wp\/v2\/types\/post"}],"author":[{"embeddable":true,"href":"https:\/\/jornalfatosenoticias.com.br\/index.php\/wp-json\/wp\/v2\/users\/2"}],"replies":[{"embeddable":true,"href":"https:\/\/jornalfatosenoticias.com.br\/index.php\/wp-json\/wp\/v2\/comments?post=45557"}],"version-history":[{"count":0,"href":"https:\/\/jornalfatosenoticias.com.br\/index.php\/wp-json\/wp\/v2\/posts\/45557\/revisions"}],"wp:featuredmedia":[{"embeddable":true,"href":"https:\/\/jornalfatosenoticias.com.br\/index.php\/wp-json\/wp\/v2\/media\/45558"}],"wp:attachment":[{"href":"https:\/\/jornalfatosenoticias.com.br\/index.php\/wp-json\/wp\/v2\/media?parent=45557"}],"wp:term":[{"taxonomy":"category","embeddable":true,"href":"https:\/\/jornalfatosenoticias.com.br\/index.php\/wp-json\/wp\/v2\/categories?post=45557"},{"taxonomy":"post_tag","embeddable":true,"href":"https:\/\/jornalfatosenoticias.com.br\/index.php\/wp-json\/wp\/v2\/tags?post=45557"}],"curies":[{"name":"wp","href":"https:\/\/api.w.org\/{rel}","templated":true}]}}