{"id":45565,"date":"2023-09-28T12:47:25","date_gmt":"2023-09-28T15:47:25","guid":{"rendered":"https:\/\/jornalfatosenoticias.com.br\/?p=45565"},"modified":"2023-09-28T12:48:18","modified_gmt":"2023-09-28T15:48:18","slug":"uma-conferencia-internacional-sobre-o-uso-do-pseudoconceito-de-alienacao-parental-parte-ii","status":"publish","type":"post","link":"https:\/\/jornalfatosenoticias.com.br\/index.php\/2023\/09\/28\/uma-conferencia-internacional-sobre-o-uso-do-pseudoconceito-de-alienacao-parental-parte-ii\/","title":{"rendered":"Uma Confer\u00eancia Internacional sobre o uso do pseudoconceito de aliena\u00e7\u00e3o parental \u2014 Parte II"},"content":{"rendered":"\n<p><em><span class=\"has-inline-color has-black-color\">A m\u00e3e \u00e9 afastada, \u00e9 violado seu direito natural \u00e0 maternidade, e nunca mais o Estado presta conta da crian\u00e7a entregue ao genitor abusador. A crian\u00e7a n\u00e3o tem nenhum valor, nenhum respeito por ela \u00e9 guardado<\/span><\/em><\/p>\n\n\n\n<div class=\"wp-block-image\"><figure class=\"aligncenter size-large is-resized\"><img loading=\"lazy\" decoding=\"async\" src=\"https:\/\/jornalfatosenoticias.com.br\/wp-content\/uploads\/2023\/09\/vetorvix1024_1.jpg\" alt=\"\" class=\"wp-image-44868\" width=\"392\" height=\"104\" srcset=\"https:\/\/jornalfatosenoticias.com.br\/wp-content\/uploads\/2023\/09\/vetorvix1024_1.jpg 1024w, https:\/\/jornalfatosenoticias.com.br\/wp-content\/uploads\/2023\/09\/vetorvix1024_1-300x80.jpg 300w, https:\/\/jornalfatosenoticias.com.br\/wp-content\/uploads\/2023\/09\/vetorvix1024_1-768x205.jpg 768w\" sizes=\"auto, (max-width: 392px) 100vw, 392px\" \/><\/figure><\/div>\n\n\n\n<p>A excel\u00eancia das apresenta\u00e7\u00f5es dos experts internacionais sobre o tema trouxeram a reflex\u00e3o e recuperaram a capacidade de pensar, s\u00f3 interrompida pela pergunta: por que lutamos para recuperar o \u00f3bvio, para buscar novas resist\u00eancias contra as perversidades estabelecidas legalmente?<br>Foi bem dif\u00edcil me multiplicar para atender \u00e0 participa\u00e7\u00e3o em dois grandes Eventos nos mesmos dias. Excelentes Eventos! Precisos e corajosos. A Universidade de Bras\u00edlia, Cladem e Equality, promoveram o Pensamento trazido pelos FATOS relatados e avaliados por Acad\u00eamicas, Pesquisadoras, Advogados, Ativistas, M\u00e3es. Sim, as m\u00e3es estavam presentes na Voz de algumas que as representavam. Escutar as m\u00e3es \u00e9 sempre doloroso. Muito. \u00c9 impressionante ouvir como a voz de testosterona \u00e9 direta, n\u00e3o necessita de comprova\u00e7\u00e3o, \u00e9 s\u00f3 falar que a m\u00e3e est\u00e1 praticando atos de aliena\u00e7\u00e3o parental que aparece uma celeridade judicial inacredit\u00e1vel.<\/p>\n\n\n\n<div class=\"wp-block-image\"><figure class=\"aligncenter size-large is-resized\"><img loading=\"lazy\" decoding=\"async\" src=\"https:\/\/jornalfatosenoticias.com.br\/wp-content\/uploads\/2023\/08\/BKR-1024x1021.jpg\" alt=\"\" class=\"wp-image-44494\" width=\"327\" height=\"326\" srcset=\"https:\/\/jornalfatosenoticias.com.br\/wp-content\/uploads\/2023\/08\/BKR-1024x1021.jpg 1024w, https:\/\/jornalfatosenoticias.com.br\/wp-content\/uploads\/2023\/08\/BKR-300x300.jpg 300w, https:\/\/jornalfatosenoticias.com.br\/wp-content\/uploads\/2023\/08\/BKR-150x150.jpg 150w, https:\/\/jornalfatosenoticias.com.br\/wp-content\/uploads\/2023\/08\/BKR-768x766.jpg 768w, https:\/\/jornalfatosenoticias.com.br\/wp-content\/uploads\/2023\/08\/BKR.jpg 1080w\" sizes=\"auto, (max-width: 327px) 100vw, 327px\" \/><\/figure><\/div>\n\n\n\n<p>Relatos, com comprova\u00e7\u00e3o de processos onde o mesmo fato, por exemplo, uma mudan\u00e7a de endere\u00e7o da m\u00e3e, alegado pelo genitor como n\u00e3o avisado, causa a perda da Guarda da Crian\u00e7a e multa. Enquanto o pai some com a Crian\u00e7a por meses e, quando encontrado pela m\u00e3e, o juiz inverte a Guarda em favor desse genitor. Processos onde o Laudo da Per\u00edcia Forense afirma os ind\u00edcios de abuso sexual, com vest\u00edgios concretos, e o genitor ganha a Guarda da Crian\u00e7a.<\/p>\n\n\n\n<div class=\"wp-block-image\"><figure class=\"aligncenter size-large\"><img loading=\"lazy\" decoding=\"async\" width=\"1000\" height=\"710\" src=\"https:\/\/jornalfatosenoticias.com.br\/wp-content\/uploads\/2023\/09\/alienacao-parental.jpg\" alt=\"\" class=\"wp-image-45566\" srcset=\"https:\/\/jornalfatosenoticias.com.br\/wp-content\/uploads\/2023\/09\/alienacao-parental.jpg 1000w, https:\/\/jornalfatosenoticias.com.br\/wp-content\/uploads\/2023\/09\/alienacao-parental-300x213.jpg 300w, https:\/\/jornalfatosenoticias.com.br\/wp-content\/uploads\/2023\/09\/alienacao-parental-768x545.jpg 768w\" sizes=\"auto, (max-width: 1000px) 100vw, 1000px\" \/><figcaption><em><span class=\"has-inline-color has-black-color\">Aliena\u00e7\u00e3o parental (Foto: Reprodu\u00e7\u00e3o Internet)<\/span><\/em><\/figcaption><\/figure><\/div>\n\n\n\n<p>E s\u00e3o centenas de processos com viol\u00eancia institucional de g\u00eanero desse tipo. A Viol\u00eancia Vic\u00e1ria, t\u00edtulo do novo livro da Perita Internacional Sonia Vaccaro, est\u00e1 por todo lado. \u00c9 desalentador. O Estado segue a seita dogm\u00e1tica da acusa\u00e7\u00e3o de m\u00e3e alienadora, e entrega a Crian\u00e7a para o genitor que deveria ser investigado sobre a den\u00fancia de abuso sexual intrafamiliar. A m\u00e3e \u00e9 afastada, \u00e9 violado seu Direito Natural \u00e0 Maternidade, e nunca mais o Estado presta conta da Crian\u00e7a entregue ao genitor abusador.<\/p>\n\n\n\n<div class=\"wp-block-image\"><figure class=\"aligncenter size-large is-resized\"><img loading=\"lazy\" decoding=\"async\" src=\"https:\/\/jornalfatosenoticias.com.br\/wp-content\/uploads\/2023\/03\/nova-logo-Marquetti.jpg\" alt=\"\" class=\"wp-image-40207\" width=\"320\" height=\"215\" srcset=\"https:\/\/jornalfatosenoticias.com.br\/wp-content\/uploads\/2023\/03\/nova-logo-Marquetti.jpg 643w, https:\/\/jornalfatosenoticias.com.br\/wp-content\/uploads\/2023\/03\/nova-logo-Marquetti-300x202.jpg 300w\" sizes=\"auto, (max-width: 320px) 100vw, 320px\" \/><\/figure><\/div>\n\n\n\n<p>A Crian\u00e7a n\u00e3o tem nenhum valor, nenhum respeito por ela \u00e9 guardado. Todos os artigos que rezam a Prote\u00e7\u00e3o Integral no Estatuto da Crian\u00e7a e do Adolescente s\u00e3o desconsiderados. Ao genitor abusador \u00e9 conferido total Poder sobre a Crian\u00e7a. \u00c9, efetivamente, reconstitu\u00eddo o P\u00e1trio Poder.<\/p>\n\n\n\n<div class=\"wp-block-image\"><figure class=\"aligncenter size-large is-resized\"><img loading=\"lazy\" decoding=\"async\" src=\"https:\/\/jornalfatosenoticias.com.br\/wp-content\/uploads\/2023\/08\/VSM-Group.jpeg\" alt=\"\" class=\"wp-image-44364\" width=\"273\" height=\"273\"\/><\/figure><\/div>\n\n\n\n<p>Para completar a perversidade, a Crian\u00e7a \u00e9 submetida, compulsoriamente, a uma tortura intitulada Reprograma\u00e7\u00e3o ou, em mais um erro te\u00f3rico, \u201crevincula\u00e7\u00e3o\u201d. Esse termo \u00e9 usado pelos que querem fazer uma maquiagem de seriedade, porquanto v\u00ednculo afetivo \u00e9 um conceito te\u00f3rico que n\u00e3o se aplica \u00e0 t\u00e9cnica malfeita de condicionamento Pavloviano. Seria muito bom que esses profissionais que buscam bols\u00f5es promissores, dedicassem um bom tempo ao estudo em livro.<\/p>\n\n\n\n<div class=\"wp-block-image\"><figure class=\"aligncenter size-large is-resized\"><img loading=\"lazy\" decoding=\"async\" src=\"https:\/\/jornalfatosenoticias.com.br\/wp-content\/uploads\/2020\/02\/logo-Rapuzel-1024x571.jpg\" alt=\"\" class=\"wp-image-42808\" width=\"365\" height=\"203\" srcset=\"https:\/\/jornalfatosenoticias.com.br\/wp-content\/uploads\/2020\/02\/logo-Rapuzel-1024x571.jpg 1024w, https:\/\/jornalfatosenoticias.com.br\/wp-content\/uploads\/2020\/02\/logo-Rapuzel-300x167.jpg 300w, https:\/\/jornalfatosenoticias.com.br\/wp-content\/uploads\/2020\/02\/logo-Rapuzel-768x428.jpg 768w, https:\/\/jornalfatosenoticias.com.br\/wp-content\/uploads\/2020\/02\/logo-Rapuzel-1536x856.jpg 1536w, https:\/\/jornalfatosenoticias.com.br\/wp-content\/uploads\/2020\/02\/logo-Rapuzel.jpg 1600w\" sizes=\"auto, (max-width: 365px) 100vw, 365px\" \/><\/figure><\/div>\n\n\n\n<p>Mas, se a Crian\u00e7a continuar com a M\u00e3e, vai ter que passar por peri\u00f3dica pretensa avalia\u00e7\u00e3o chamada de \u201cestudo psicossocial\u201d, a revitimiza\u00e7\u00e3o em s\u00e9rie. E, se o ju\u00edzo continua com o desejo obcecado de inocentar o genitor, a Reprograma\u00e7\u00e3o compuls\u00f3ria tamb\u00e9m \u00e9 determinada. E a profissional que se presta a praticar esse condicionamento torturante vai repetir, por exemplo, uma frase que cont\u00e9m uma amea\u00e7a e detona suas lembran\u00e7as traum\u00e1ticas, inclusive, reavivando-as, \u201cvoc\u00ea s\u00f3 vai ser feliz quando for morar com seu pai e esquecer essa bobagem\u201d. Reduzindo a dor do trauma a uma bobagem que impede a felicidade, essa profissional, paga pela m\u00e3e, e muito bem paga, m\u00e3e que \u00e9 a culpada dentro do processo, segue apartada dos conhecimentos cient\u00edficos que comp\u00f5em as teorias do desenvolvimento infantil. Al\u00e9m disso, n\u00e3o h\u00e1 possibilidade de obedi\u00eancia ao <strong><span class=\"has-inline-color has-black-color\">C\u00f3digo de \u00c9tica do Psic\u00f3logo.<\/span><\/strong> Como sintonizar os Princ\u00edpios e Valores \u00c9ticos com uma atitude autorit\u00e1ria, invasiva, amea\u00e7adora, desrespeitosa, que causa constrangimento. Nenhum respeito ao ECA.<\/p>\n\n\n\n<div class=\"wp-block-image\"><figure class=\"aligncenter size-large\"><img loading=\"lazy\" decoding=\"async\" width=\"1000\" height=\"633\" src=\"https:\/\/jornalfatosenoticias.com.br\/wp-content\/uploads\/2023\/09\/crianca-mae-abraco-alienacao-parental_iStock.jpg\" alt=\"\" class=\"wp-image-45567\" srcset=\"https:\/\/jornalfatosenoticias.com.br\/wp-content\/uploads\/2023\/09\/crianca-mae-abraco-alienacao-parental_iStock.jpg 1000w, https:\/\/jornalfatosenoticias.com.br\/wp-content\/uploads\/2023\/09\/crianca-mae-abraco-alienacao-parental_iStock-300x190.jpg 300w, https:\/\/jornalfatosenoticias.com.br\/wp-content\/uploads\/2023\/09\/crianca-mae-abraco-alienacao-parental_iStock-768x486.jpg 768w\" sizes=\"auto, (max-width: 1000px) 100vw, 1000px\" \/><figcaption><em><span class=\"has-inline-color has-black-color\">M\u00e3e e filha, abra\u00e7o (Foto: iStock)<\/span><\/em><\/figcaption><\/figure><\/div>\n\n\n\n<p>Mas uma explica\u00e7\u00e3o sem sentido nem fundamento \u00e9 dita e, o que \u00e9 pior, \u00e9 aceita. N\u00e3o se questiona os ferimentos que uma inven\u00e7\u00e3o dessas vai causar na Crian\u00e7a. Ela viveu. Ela relatou. Ela tem as imagens mn\u00eamicas dos atos libidinosos. O que pretende algu\u00e9m enlouquecer uma Crian\u00e7a, tentar convenc\u00ea-la de que o que ela viveu, ela n\u00e3o viveu? O que ela far\u00e1 com todas as sensa\u00e7\u00f5es perceptivas que tem no acervo de sua vidinha? Os toques, os cheiros, os sons que aquele adulto produzia ao tomar posse de seu corpinho indefeso, nada existiu? Ou ainda mais grave, a \u201cReprogramadora\u201d repete sempre que aquilo tudo \u201c\u00e9 normal, s\u00e3o coisas que os homens fazem entre eles\u201d. Ou, que os abusos \u201ceram uma forma de amor do pai, amor\u201d.<\/p>\n\n\n\n<div class=\"wp-block-image\"><figure class=\"aligncenter size-large\"><img loading=\"lazy\" decoding=\"async\" width=\"300\" height=\"250\" src=\"https:\/\/jornalfatosenoticias.com.br\/wp-content\/uploads\/2020\/02\/Banner-2.png\" alt=\"\" class=\"wp-image-43787\"\/><\/figure><\/div>\n\n\n\n<p>As mentiras te\u00f3ricas s\u00e3o abundantes. Uma delas, muito perniciosa \u00e9 a afirma\u00e7\u00e3o que todo pai \u00e9 indispens\u00e1vel para a Crian\u00e7a, n\u00e3o importando se ele \u00e9 um abusador\/estuprador, um agressor, um adicto de coca\u00edna, um alc\u00f3olatra violento, \u201cele pode bater na m\u00e3e, mas \u00e9 um excelente pai\u201d, uma aberra\u00e7\u00e3o que circulou, recentemente. Quando esse genitor mata a Crian\u00e7a, de quem ele seria \u201cum excelente pai\u201d, a autora da frase ser\u00e1 responsabilizada? Ou quando se cumpre a instru\u00e7\u00e3o do m\u00e9dico ped\u00f3filo que inventou o termo aliena\u00e7\u00e3o parental, e a menina fica gr\u00e1vida do pai dela, \u201cele \u00e9 abusador, mas \u00e9 pai, tem direito \u00e0 conviv\u00eancia\u201d, outra afirma\u00e7\u00e3o que se escuta muito de operadores de justi\u00e7a, e a menina e o beb\u00ea morrem no parto, quem \u00e9 responsabilizado?<\/p>\n\n\n\n<div class=\"wp-block-image\"><figure class=\"aligncenter size-large is-resized\"><img loading=\"lazy\" decoding=\"async\" src=\"https:\/\/jornalfatosenoticias.com.br\/wp-content\/uploads\/2023\/08\/LOGO-BLU-COMERCIAL-PRETO-1024x600.jpg\" alt=\"\" class=\"wp-image-44053\" width=\"343\" height=\"200\"\/><\/figure><\/div>\n\n\n\n<p>Por que essas mentiras te\u00f3ricas, escritas nos laudos sentenciais, n\u00e3o despertam uma m\u00ednima desconfian\u00e7a quanto \u00e0 sua fidedignidade cient\u00edfica? Quanto \u00e0 sua confiabilidade cient\u00edfica?<\/p>\n","protected":false},"excerpt":{"rendered":"<p>A m\u00e3e \u00e9 afastada, \u00e9 violado seu direito natural \u00e0 maternidade, e nunca mais o Estado presta conta da crian\u00e7a entregue ao genitor abusador. A crian\u00e7a n\u00e3o tem nenhum valor, nenhum respeito por ela \u00e9 guardado A excel\u00eancia das apresenta\u00e7\u00f5es dos experts internacionais sobre o tema trouxeram a reflex\u00e3o e recuperaram a capacidade de pensar, [&hellip;]<\/p>\n","protected":false},"author":8,"featured_media":45568,"comment_status":"open","ping_status":"open","sticky":false,"template":"","format":"standard","meta":{"footnotes":""},"categories":[2522],"tags":[4298,1317,21459,1345,21458,464],"class_list":["post-45565","post","type-post","status-publish","format-standard","has-post-thumbnail","hentry","category-comportamento","tag-alienacao-parental","tag-crianca","tag-guarda-da-crianca","tag-justica","tag-laudos-periciais","tag-lei"],"yoast_head":"<!-- This site is optimized with the Yoast SEO plugin v26.5 - https:\/\/yoast.com\/wordpress\/plugins\/seo\/ -->\n<title>Uma Confer\u00eancia Internacional sobre o uso do pseudoconceito de aliena\u00e7\u00e3o parental \u2014 Parte II - Jornal Fatos e Not\u00edcias<\/title>\n<meta name=\"robots\" content=\"index, follow, max-snippet:-1, max-image-preview:large, max-video-preview:-1\" \/>\n<link rel=\"canonical\" href=\"https:\/\/jornalfatosenoticias.com.br\/index.php\/2023\/09\/28\/uma-conferencia-internacional-sobre-o-uso-do-pseudoconceito-de-alienacao-parental-parte-ii\/\" \/>\n<meta property=\"og:locale\" content=\"pt_BR\" \/>\n<meta property=\"og:type\" content=\"article\" \/>\n<meta property=\"og:title\" content=\"Uma Confer\u00eancia Internacional sobre o uso do pseudoconceito de aliena\u00e7\u00e3o parental \u2014 Parte II - Jornal Fatos e Not\u00edcias\" \/>\n<meta property=\"og:description\" content=\"A m\u00e3e \u00e9 afastada, \u00e9 violado seu direito natural \u00e0 maternidade, e nunca mais o Estado presta conta da crian\u00e7a entregue ao genitor abusador. A crian\u00e7a n\u00e3o tem nenhum valor, nenhum respeito por ela \u00e9 guardado A excel\u00eancia das apresenta\u00e7\u00f5es dos experts internacionais sobre o tema trouxeram a reflex\u00e3o e recuperaram a capacidade de pensar, [&hellip;]\" \/>\n<meta property=\"og:url\" content=\"https:\/\/jornalfatosenoticias.com.br\/index.php\/2023\/09\/28\/uma-conferencia-internacional-sobre-o-uso-do-pseudoconceito-de-alienacao-parental-parte-ii\/\" \/>\n<meta property=\"og:site_name\" content=\"Jornal Fatos e Not\u00edcias\" \/>\n<meta property=\"article:published_time\" content=\"2023-09-28T15:47:25+00:00\" \/>\n<meta property=\"article:modified_time\" content=\"2023-09-28T15:48:18+00:00\" \/>\n<meta property=\"og:image\" content=\"https:\/\/jornalfatosenoticias.com.br\/wp-content\/uploads\/2023\/09\/alienacao-parental-justica_istock.jpg\" \/>\n\t<meta property=\"og:image:width\" content=\"912\" \/>\n\t<meta property=\"og:image:height\" content=\"608\" \/>\n\t<meta property=\"og:image:type\" content=\"image\/jpeg\" \/>\n<meta name=\"author\" content=\"Ana Maria Iencarelli\" \/>\n<meta name=\"twitter:card\" content=\"summary_large_image\" \/>\n<meta name=\"twitter:label1\" content=\"Escrito por\" \/>\n\t<meta name=\"twitter:data1\" content=\"Ana Maria Iencarelli\" \/>\n\t<meta name=\"twitter:label2\" content=\"Est. tempo de leitura\" \/>\n\t<meta name=\"twitter:data2\" content=\"5 minutos\" \/>\n<script type=\"application\/ld+json\" class=\"yoast-schema-graph\">{\"@context\":\"https:\/\/schema.org\",\"@graph\":[{\"@type\":\"Article\",\"@id\":\"https:\/\/jornalfatosenoticias.com.br\/index.php\/2023\/09\/28\/uma-conferencia-internacional-sobre-o-uso-do-pseudoconceito-de-alienacao-parental-parte-ii\/#article\",\"isPartOf\":{\"@id\":\"https:\/\/jornalfatosenoticias.com.br\/index.php\/2023\/09\/28\/uma-conferencia-internacional-sobre-o-uso-do-pseudoconceito-de-alienacao-parental-parte-ii\/\"},\"author\":{\"name\":\"Ana Maria Iencarelli\",\"@id\":\"https:\/\/jornalfatosenoticias.com.br\/#\/schema\/person\/c33fcf5fb02d729d3fec92c6737a22d1\"},\"headline\":\"Uma Confer\u00eancia Internacional sobre o uso do pseudoconceito de aliena\u00e7\u00e3o parental \u2014 Parte II\",\"datePublished\":\"2023-09-28T15:47:25+00:00\",\"dateModified\":\"2023-09-28T15:48:18+00:00\",\"mainEntityOfPage\":{\"@id\":\"https:\/\/jornalfatosenoticias.com.br\/index.php\/2023\/09\/28\/uma-conferencia-internacional-sobre-o-uso-do-pseudoconceito-de-alienacao-parental-parte-ii\/\"},\"wordCount\":1000,\"commentCount\":0,\"publisher\":{\"@id\":\"https:\/\/jornalfatosenoticias.com.br\/#organization\"},\"image\":{\"@id\":\"https:\/\/jornalfatosenoticias.com.br\/index.php\/2023\/09\/28\/uma-conferencia-internacional-sobre-o-uso-do-pseudoconceito-de-alienacao-parental-parte-ii\/#primaryimage\"},\"thumbnailUrl\":\"https:\/\/jornalfatosenoticias.com.br\/wp-content\/uploads\/2023\/09\/alienacao-parental-justica_istock.jpg\",\"keywords\":[\"aliena\u00e7\u00e3o parental\",\"crian\u00e7a\",\"guarda da crian\u00e7a\",\"justi\u00e7a\",\"laudos periciais\",\"lei\"],\"articleSection\":[\"Comportamento &amp; Equil\u00edbrio\"],\"inLanguage\":\"pt-BR\",\"potentialAction\":[{\"@type\":\"CommentAction\",\"name\":\"Comment\",\"target\":[\"https:\/\/jornalfatosenoticias.com.br\/index.php\/2023\/09\/28\/uma-conferencia-internacional-sobre-o-uso-do-pseudoconceito-de-alienacao-parental-parte-ii\/#respond\"]}]},{\"@type\":\"WebPage\",\"@id\":\"https:\/\/jornalfatosenoticias.com.br\/index.php\/2023\/09\/28\/uma-conferencia-internacional-sobre-o-uso-do-pseudoconceito-de-alienacao-parental-parte-ii\/\",\"url\":\"https:\/\/jornalfatosenoticias.com.br\/index.php\/2023\/09\/28\/uma-conferencia-internacional-sobre-o-uso-do-pseudoconceito-de-alienacao-parental-parte-ii\/\",\"name\":\"Uma Confer\u00eancia Internacional sobre o uso do pseudoconceito de aliena\u00e7\u00e3o parental \u2014 Parte II - Jornal Fatos e Not\u00edcias\",\"isPartOf\":{\"@id\":\"https:\/\/jornalfatosenoticias.com.br\/#website\"},\"primaryImageOfPage\":{\"@id\":\"https:\/\/jornalfatosenoticias.com.br\/index.php\/2023\/09\/28\/uma-conferencia-internacional-sobre-o-uso-do-pseudoconceito-de-alienacao-parental-parte-ii\/#primaryimage\"},\"image\":{\"@id\":\"https:\/\/jornalfatosenoticias.com.br\/index.php\/2023\/09\/28\/uma-conferencia-internacional-sobre-o-uso-do-pseudoconceito-de-alienacao-parental-parte-ii\/#primaryimage\"},\"thumbnailUrl\":\"https:\/\/jornalfatosenoticias.com.br\/wp-content\/uploads\/2023\/09\/alienacao-parental-justica_istock.jpg\",\"datePublished\":\"2023-09-28T15:47:25+00:00\",\"dateModified\":\"2023-09-28T15:48:18+00:00\",\"breadcrumb\":{\"@id\":\"https:\/\/jornalfatosenoticias.com.br\/index.php\/2023\/09\/28\/uma-conferencia-internacional-sobre-o-uso-do-pseudoconceito-de-alienacao-parental-parte-ii\/#breadcrumb\"},\"inLanguage\":\"pt-BR\",\"potentialAction\":[{\"@type\":\"ReadAction\",\"target\":[\"https:\/\/jornalfatosenoticias.com.br\/index.php\/2023\/09\/28\/uma-conferencia-internacional-sobre-o-uso-do-pseudoconceito-de-alienacao-parental-parte-ii\/\"]}]},{\"@type\":\"ImageObject\",\"inLanguage\":\"pt-BR\",\"@id\":\"https:\/\/jornalfatosenoticias.com.br\/index.php\/2023\/09\/28\/uma-conferencia-internacional-sobre-o-uso-do-pseudoconceito-de-alienacao-parental-parte-ii\/#primaryimage\",\"url\":\"https:\/\/jornalfatosenoticias.com.br\/wp-content\/uploads\/2023\/09\/alienacao-parental-justica_istock.jpg\",\"contentUrl\":\"https:\/\/jornalfatosenoticias.com.br\/wp-content\/uploads\/2023\/09\/alienacao-parental-justica_istock.jpg\",\"width\":912,\"height\":608,\"caption\":\"Silhouette symbol. Child custody. Family law proceedings. Divorce mediation, legal separation\"},{\"@type\":\"BreadcrumbList\",\"@id\":\"https:\/\/jornalfatosenoticias.com.br\/index.php\/2023\/09\/28\/uma-conferencia-internacional-sobre-o-uso-do-pseudoconceito-de-alienacao-parental-parte-ii\/#breadcrumb\",\"itemListElement\":[{\"@type\":\"ListItem\",\"position\":1,\"name\":\"In\u00edcio\",\"item\":\"https:\/\/jornalfatosenoticias.com.br\/\"},{\"@type\":\"ListItem\",\"position\":2,\"name\":\"Uma Confer\u00eancia Internacional sobre o uso do pseudoconceito de aliena\u00e7\u00e3o parental \u2014 Parte II\"}]},{\"@type\":\"WebSite\",\"@id\":\"https:\/\/jornalfatosenoticias.com.br\/#website\",\"url\":\"https:\/\/jornalfatosenoticias.com.br\/\",\"name\":\"Jornal Fatos e Not\u00edcias\",\"description\":\"Not\u00edcias em geral\",\"publisher\":{\"@id\":\"https:\/\/jornalfatosenoticias.com.br\/#organization\"},\"potentialAction\":[{\"@type\":\"SearchAction\",\"target\":{\"@type\":\"EntryPoint\",\"urlTemplate\":\"https:\/\/jornalfatosenoticias.com.br\/?s={search_term_string}\"},\"query-input\":{\"@type\":\"PropertyValueSpecification\",\"valueRequired\":true,\"valueName\":\"search_term_string\"}}],\"inLanguage\":\"pt-BR\"},{\"@type\":\"Organization\",\"@id\":\"https:\/\/jornalfatosenoticias.com.br\/#organization\",\"name\":\"Jornal Fatos e Not\u00edcias\",\"url\":\"https:\/\/jornalfatosenoticias.com.br\/\",\"logo\":{\"@type\":\"ImageObject\",\"inLanguage\":\"pt-BR\",\"@id\":\"https:\/\/jornalfatosenoticias.com.br\/#\/schema\/logo\/image\/\",\"url\":\"https:\/\/jornalfatosenoticias.com.br\/wp-content\/uploads\/2020\/02\/logo120.png\",\"contentUrl\":\"https:\/\/jornalfatosenoticias.com.br\/wp-content\/uploads\/2020\/02\/logo120.png\",\"width\":1227,\"height\":120,\"caption\":\"Jornal Fatos e Not\u00edcias\"},\"image\":{\"@id\":\"https:\/\/jornalfatosenoticias.com.br\/#\/schema\/logo\/image\/\"}},{\"@type\":\"Person\",\"@id\":\"https:\/\/jornalfatosenoticias.com.br\/#\/schema\/person\/c33fcf5fb02d729d3fec92c6737a22d1\",\"name\":\"Ana Maria Iencarelli\",\"image\":{\"@type\":\"ImageObject\",\"inLanguage\":\"pt-BR\",\"@id\":\"https:\/\/jornalfatosenoticias.com.br\/#\/schema\/person\/image\/\",\"url\":\"https:\/\/jornalfatosenoticias.com.br\/wp-content\/uploads\/2020\/02\/Ana-Maria-Iencarelli-1-150x150.jpg\",\"contentUrl\":\"https:\/\/jornalfatosenoticias.com.br\/wp-content\/uploads\/2020\/02\/Ana-Maria-Iencarelli-1-150x150.jpg\",\"caption\":\"Ana Maria Iencarelli\"},\"description\":\"Psicanalista Cl\u00ednica, especializada no atendimento a Crian\u00e7as e Adolescentes. Presidente da ONG Vozes de Anjos.\",\"url\":\"https:\/\/jornalfatosenoticias.com.br\/index.php\/author\/anamaria\/\"}]}<\/script>\n<!-- \/ Yoast SEO plugin. -->","yoast_head_json":{"title":"Uma Confer\u00eancia Internacional sobre o uso do pseudoconceito de aliena\u00e7\u00e3o parental \u2014 Parte II - Jornal Fatos e Not\u00edcias","robots":{"index":"index","follow":"follow","max-snippet":"max-snippet:-1","max-image-preview":"max-image-preview:large","max-video-preview":"max-video-preview:-1"},"canonical":"https:\/\/jornalfatosenoticias.com.br\/index.php\/2023\/09\/28\/uma-conferencia-internacional-sobre-o-uso-do-pseudoconceito-de-alienacao-parental-parte-ii\/","og_locale":"pt_BR","og_type":"article","og_title":"Uma Confer\u00eancia Internacional sobre o uso do pseudoconceito de aliena\u00e7\u00e3o parental \u2014 Parte II - Jornal Fatos e Not\u00edcias","og_description":"A m\u00e3e \u00e9 afastada, \u00e9 violado seu direito natural \u00e0 maternidade, e nunca mais o Estado presta conta da crian\u00e7a entregue ao genitor abusador. A crian\u00e7a n\u00e3o tem nenhum valor, nenhum respeito por ela \u00e9 guardado A excel\u00eancia das apresenta\u00e7\u00f5es dos experts internacionais sobre o tema trouxeram a reflex\u00e3o e recuperaram a capacidade de pensar, [&hellip;]","og_url":"https:\/\/jornalfatosenoticias.com.br\/index.php\/2023\/09\/28\/uma-conferencia-internacional-sobre-o-uso-do-pseudoconceito-de-alienacao-parental-parte-ii\/","og_site_name":"Jornal Fatos e Not\u00edcias","article_published_time":"2023-09-28T15:47:25+00:00","article_modified_time":"2023-09-28T15:48:18+00:00","og_image":[{"width":912,"height":608,"url":"https:\/\/jornalfatosenoticias.com.br\/wp-content\/uploads\/2023\/09\/alienacao-parental-justica_istock.jpg","type":"image\/jpeg"}],"author":"Ana Maria Iencarelli","twitter_card":"summary_large_image","twitter_misc":{"Escrito por":"Ana Maria Iencarelli","Est. tempo de leitura":"5 minutos"},"schema":{"@context":"https:\/\/schema.org","@graph":[{"@type":"Article","@id":"https:\/\/jornalfatosenoticias.com.br\/index.php\/2023\/09\/28\/uma-conferencia-internacional-sobre-o-uso-do-pseudoconceito-de-alienacao-parental-parte-ii\/#article","isPartOf":{"@id":"https:\/\/jornalfatosenoticias.com.br\/index.php\/2023\/09\/28\/uma-conferencia-internacional-sobre-o-uso-do-pseudoconceito-de-alienacao-parental-parte-ii\/"},"author":{"name":"Ana Maria Iencarelli","@id":"https:\/\/jornalfatosenoticias.com.br\/#\/schema\/person\/c33fcf5fb02d729d3fec92c6737a22d1"},"headline":"Uma Confer\u00eancia Internacional sobre o uso do pseudoconceito de aliena\u00e7\u00e3o parental \u2014 Parte II","datePublished":"2023-09-28T15:47:25+00:00","dateModified":"2023-09-28T15:48:18+00:00","mainEntityOfPage":{"@id":"https:\/\/jornalfatosenoticias.com.br\/index.php\/2023\/09\/28\/uma-conferencia-internacional-sobre-o-uso-do-pseudoconceito-de-alienacao-parental-parte-ii\/"},"wordCount":1000,"commentCount":0,"publisher":{"@id":"https:\/\/jornalfatosenoticias.com.br\/#organization"},"image":{"@id":"https:\/\/jornalfatosenoticias.com.br\/index.php\/2023\/09\/28\/uma-conferencia-internacional-sobre-o-uso-do-pseudoconceito-de-alienacao-parental-parte-ii\/#primaryimage"},"thumbnailUrl":"https:\/\/jornalfatosenoticias.com.br\/wp-content\/uploads\/2023\/09\/alienacao-parental-justica_istock.jpg","keywords":["aliena\u00e7\u00e3o parental","crian\u00e7a","guarda da crian\u00e7a","justi\u00e7a","laudos periciais","lei"],"articleSection":["Comportamento &amp; Equil\u00edbrio"],"inLanguage":"pt-BR","potentialAction":[{"@type":"CommentAction","name":"Comment","target":["https:\/\/jornalfatosenoticias.com.br\/index.php\/2023\/09\/28\/uma-conferencia-internacional-sobre-o-uso-do-pseudoconceito-de-alienacao-parental-parte-ii\/#respond"]}]},{"@type":"WebPage","@id":"https:\/\/jornalfatosenoticias.com.br\/index.php\/2023\/09\/28\/uma-conferencia-internacional-sobre-o-uso-do-pseudoconceito-de-alienacao-parental-parte-ii\/","url":"https:\/\/jornalfatosenoticias.com.br\/index.php\/2023\/09\/28\/uma-conferencia-internacional-sobre-o-uso-do-pseudoconceito-de-alienacao-parental-parte-ii\/","name":"Uma Confer\u00eancia Internacional sobre o uso do pseudoconceito de aliena\u00e7\u00e3o parental \u2014 Parte II - Jornal Fatos e Not\u00edcias","isPartOf":{"@id":"https:\/\/jornalfatosenoticias.com.br\/#website"},"primaryImageOfPage":{"@id":"https:\/\/jornalfatosenoticias.com.br\/index.php\/2023\/09\/28\/uma-conferencia-internacional-sobre-o-uso-do-pseudoconceito-de-alienacao-parental-parte-ii\/#primaryimage"},"image":{"@id":"https:\/\/jornalfatosenoticias.com.br\/index.php\/2023\/09\/28\/uma-conferencia-internacional-sobre-o-uso-do-pseudoconceito-de-alienacao-parental-parte-ii\/#primaryimage"},"thumbnailUrl":"https:\/\/jornalfatosenoticias.com.br\/wp-content\/uploads\/2023\/09\/alienacao-parental-justica_istock.jpg","datePublished":"2023-09-28T15:47:25+00:00","dateModified":"2023-09-28T15:48:18+00:00","breadcrumb":{"@id":"https:\/\/jornalfatosenoticias.com.br\/index.php\/2023\/09\/28\/uma-conferencia-internacional-sobre-o-uso-do-pseudoconceito-de-alienacao-parental-parte-ii\/#breadcrumb"},"inLanguage":"pt-BR","potentialAction":[{"@type":"ReadAction","target":["https:\/\/jornalfatosenoticias.com.br\/index.php\/2023\/09\/28\/uma-conferencia-internacional-sobre-o-uso-do-pseudoconceito-de-alienacao-parental-parte-ii\/"]}]},{"@type":"ImageObject","inLanguage":"pt-BR","@id":"https:\/\/jornalfatosenoticias.com.br\/index.php\/2023\/09\/28\/uma-conferencia-internacional-sobre-o-uso-do-pseudoconceito-de-alienacao-parental-parte-ii\/#primaryimage","url":"https:\/\/jornalfatosenoticias.com.br\/wp-content\/uploads\/2023\/09\/alienacao-parental-justica_istock.jpg","contentUrl":"https:\/\/jornalfatosenoticias.com.br\/wp-content\/uploads\/2023\/09\/alienacao-parental-justica_istock.jpg","width":912,"height":608,"caption":"Silhouette symbol. Child custody. Family law proceedings. Divorce mediation, legal separation"},{"@type":"BreadcrumbList","@id":"https:\/\/jornalfatosenoticias.com.br\/index.php\/2023\/09\/28\/uma-conferencia-internacional-sobre-o-uso-do-pseudoconceito-de-alienacao-parental-parte-ii\/#breadcrumb","itemListElement":[{"@type":"ListItem","position":1,"name":"In\u00edcio","item":"https:\/\/jornalfatosenoticias.com.br\/"},{"@type":"ListItem","position":2,"name":"Uma Confer\u00eancia Internacional sobre o uso do pseudoconceito de aliena\u00e7\u00e3o parental \u2014 Parte II"}]},{"@type":"WebSite","@id":"https:\/\/jornalfatosenoticias.com.br\/#website","url":"https:\/\/jornalfatosenoticias.com.br\/","name":"Jornal Fatos e Not\u00edcias","description":"Not\u00edcias em geral","publisher":{"@id":"https:\/\/jornalfatosenoticias.com.br\/#organization"},"potentialAction":[{"@type":"SearchAction","target":{"@type":"EntryPoint","urlTemplate":"https:\/\/jornalfatosenoticias.com.br\/?s={search_term_string}"},"query-input":{"@type":"PropertyValueSpecification","valueRequired":true,"valueName":"search_term_string"}}],"inLanguage":"pt-BR"},{"@type":"Organization","@id":"https:\/\/jornalfatosenoticias.com.br\/#organization","name":"Jornal Fatos e Not\u00edcias","url":"https:\/\/jornalfatosenoticias.com.br\/","logo":{"@type":"ImageObject","inLanguage":"pt-BR","@id":"https:\/\/jornalfatosenoticias.com.br\/#\/schema\/logo\/image\/","url":"https:\/\/jornalfatosenoticias.com.br\/wp-content\/uploads\/2020\/02\/logo120.png","contentUrl":"https:\/\/jornalfatosenoticias.com.br\/wp-content\/uploads\/2020\/02\/logo120.png","width":1227,"height":120,"caption":"Jornal Fatos e Not\u00edcias"},"image":{"@id":"https:\/\/jornalfatosenoticias.com.br\/#\/schema\/logo\/image\/"}},{"@type":"Person","@id":"https:\/\/jornalfatosenoticias.com.br\/#\/schema\/person\/c33fcf5fb02d729d3fec92c6737a22d1","name":"Ana Maria Iencarelli","image":{"@type":"ImageObject","inLanguage":"pt-BR","@id":"https:\/\/jornalfatosenoticias.com.br\/#\/schema\/person\/image\/","url":"https:\/\/jornalfatosenoticias.com.br\/wp-content\/uploads\/2020\/02\/Ana-Maria-Iencarelli-1-150x150.jpg","contentUrl":"https:\/\/jornalfatosenoticias.com.br\/wp-content\/uploads\/2020\/02\/Ana-Maria-Iencarelli-1-150x150.jpg","caption":"Ana Maria Iencarelli"},"description":"Psicanalista Cl\u00ednica, especializada no atendimento a Crian\u00e7as e Adolescentes. Presidente da ONG Vozes de Anjos.","url":"https:\/\/jornalfatosenoticias.com.br\/index.php\/author\/anamaria\/"}]}},"cc_featured_image_caption":{"caption_text":"(Foto: iStock)","source_text":"","source_url":""},"jetpack_featured_media_url":"https:\/\/jornalfatosenoticias.com.br\/wp-content\/uploads\/2023\/09\/alienacao-parental-justica_istock.jpg","_links":{"self":[{"href":"https:\/\/jornalfatosenoticias.com.br\/index.php\/wp-json\/wp\/v2\/posts\/45565","targetHints":{"allow":["GET"]}}],"collection":[{"href":"https:\/\/jornalfatosenoticias.com.br\/index.php\/wp-json\/wp\/v2\/posts"}],"about":[{"href":"https:\/\/jornalfatosenoticias.com.br\/index.php\/wp-json\/wp\/v2\/types\/post"}],"author":[{"embeddable":true,"href":"https:\/\/jornalfatosenoticias.com.br\/index.php\/wp-json\/wp\/v2\/users\/8"}],"replies":[{"embeddable":true,"href":"https:\/\/jornalfatosenoticias.com.br\/index.php\/wp-json\/wp\/v2\/comments?post=45565"}],"version-history":[{"count":0,"href":"https:\/\/jornalfatosenoticias.com.br\/index.php\/wp-json\/wp\/v2\/posts\/45565\/revisions"}],"wp:featuredmedia":[{"embeddable":true,"href":"https:\/\/jornalfatosenoticias.com.br\/index.php\/wp-json\/wp\/v2\/media\/45568"}],"wp:attachment":[{"href":"https:\/\/jornalfatosenoticias.com.br\/index.php\/wp-json\/wp\/v2\/media?parent=45565"}],"wp:term":[{"taxonomy":"category","embeddable":true,"href":"https:\/\/jornalfatosenoticias.com.br\/index.php\/wp-json\/wp\/v2\/categories?post=45565"},{"taxonomy":"post_tag","embeddable":true,"href":"https:\/\/jornalfatosenoticias.com.br\/index.php\/wp-json\/wp\/v2\/tags?post=45565"}],"curies":[{"name":"wp","href":"https:\/\/api.w.org\/{rel}","templated":true}]}}