{"id":45611,"date":"2023-09-28T17:14:42","date_gmt":"2023-09-28T20:14:42","guid":{"rendered":"https:\/\/jornalfatosenoticias.com.br\/?p=45611"},"modified":"2023-09-28T17:14:42","modified_gmt":"2023-09-28T20:14:42","slug":"nova-especie-de-borboleta-ja-ameacada-de-extincao-e-descoberta-em-mg","status":"publish","type":"post","link":"https:\/\/jornalfatosenoticias.com.br\/index.php\/2023\/09\/28\/nova-especie-de-borboleta-ja-ameacada-de-extincao-e-descoberta-em-mg\/","title":{"rendered":"Nova esp\u00e9cie de borboleta j\u00e1 amea\u00e7ada de extin\u00e7\u00e3o \u00e9 descoberta em MG"},"content":{"rendered":"\n<p><em><span class=\"has-inline-color has-black-color\">Por <strong><a href=\"https:\/\/gizmodo.uol.com.br\/author\/agencia-bori\/\">Ag\u00eancia Bori<\/a><\/strong><\/span><\/em><\/p>\n\n\n\n<div class=\"wp-block-image\"><figure class=\"aligncenter size-large is-resized\"><img loading=\"lazy\" decoding=\"async\" src=\"https:\/\/jornalfatosenoticias.com.br\/wp-content\/uploads\/2023\/09\/vetorvix1024_1.jpg\" alt=\"\" class=\"wp-image-44868\" width=\"446\" height=\"118\" srcset=\"https:\/\/jornalfatosenoticias.com.br\/wp-content\/uploads\/2023\/09\/vetorvix1024_1.jpg 1024w, https:\/\/jornalfatosenoticias.com.br\/wp-content\/uploads\/2023\/09\/vetorvix1024_1-300x80.jpg 300w, https:\/\/jornalfatosenoticias.com.br\/wp-content\/uploads\/2023\/09\/vetorvix1024_1-768x205.jpg 768w\" sizes=\"auto, (max-width: 446px) 100vw, 446px\" \/><\/figure><\/div>\n\n\n\n<p>Pesquisadores brasileiros descobriram um novo g\u00eanero e esp\u00e9cie de borboleta durante expedi\u00e7\u00f5es realizadas nas montanhas do leste de Minas Gerais, como parte de um projeto que estuda ecossistemas rochosos da Mata Atl\u00e2ntica. A nova esp\u00e9cie, batizada como <em>Agojie rupicola<\/em>, encontra-se amea\u00e7ada de extin\u00e7\u00e3o. O artigo cient\u00edfico descrevendo a borboleta est\u00e1 publicado na <a href=\"https:\/\/www.mapress.com\/zt\/article\/view\/zootaxa.5346.1.5\" target=\"_blank\" rel=\"noreferrer noopener\">revista cient\u00edfica \u201cZootaxa\u201d<\/a>, tendo como autores um grupo de estudiosos do Museu Nacional da Universidade Federal do Rio de Janeiro (UFRJ), do Instituto Nacional da Mata Atl\u00e2ntica (INMA) e da Universidade Federal de S\u00e3o Jo\u00e3o del-Rei (UFSJ).<br>Durante uma dessas expedi\u00e7\u00f5es, uma pequena borboleta de asas castanho-avermelhadas chamou a aten\u00e7\u00e3o do entom\u00f3logo Danilo Cordeiro, do INMA, um dos autores do trabalho. Danilo coletou a borboleta e encaminhou para Thamara Zacca, professora do Departamento de Entomologia do Museu Nacional da UFRJ.<\/p>\n\n\n\n<div class=\"wp-block-image\"><figure class=\"aligncenter size-large\"><img loading=\"lazy\" decoding=\"async\" width=\"300\" height=\"250\" src=\"https:\/\/jornalfatosenoticias.com.br\/wp-content\/uploads\/2022\/02\/FERRARI_MAQUINAS-E-FERRAMENTAS2.jpg\" alt=\"\" class=\"wp-image-27860\"\/><\/figure><\/div>\n\n\n\n<blockquote class=\"wp-block-quote is-layout-flow wp-block-quote-is-layout-flow\"><p><span class=\"has-inline-color has-luminous-vivid-orange-color\">A identifica\u00e7\u00e3o das esp\u00e9cies, \u00e0 primeira vista, pode at\u00e9 parecer algo simples, mas requer muito estudo e pesquisas at\u00e9 a defini\u00e7\u00e3o de um nome\u201d, explica a professora.<\/span><\/p><\/blockquote>\n\n\n\n<div class=\"wp-block-image\"><figure class=\"aligncenter size-large is-resized\"><img loading=\"lazy\" decoding=\"async\" src=\"https:\/\/jornalfatosenoticias.com.br\/wp-content\/uploads\/2023\/08\/Steel.jpeg\" alt=\"\" class=\"wp-image-44634\" width=\"371\" height=\"301\" srcset=\"https:\/\/jornalfatosenoticias.com.br\/wp-content\/uploads\/2023\/08\/Steel.jpeg 800w, https:\/\/jornalfatosenoticias.com.br\/wp-content\/uploads\/2023\/08\/Steel-300x244.jpeg 300w, https:\/\/jornalfatosenoticias.com.br\/wp-content\/uploads\/2023\/08\/Steel-768x624.jpeg 768w\" sizes=\"auto, (max-width: 371px) 100vw, 371px\" \/><\/figure><\/div>\n\n\n\n<p>Ap\u00f3s estudos minuciosos, veio a confirma\u00e7\u00e3o de que era uma esp\u00e9cie ainda desconhecida com caracter\u00edsticas peculiares que justificam a proposi\u00e7\u00e3o de um novo g\u00eanero. Os pesquisadores batizaram a borboleta, ent\u00e3o, como <em>Agojie rupicola,<\/em> homenagem que uniu ci\u00eancia e cultura pop, j\u00e1 que o nome remete \u00e0s guerreiras Agojie do reino de Daom\u00e9, na \u00c1frica Ocidental, cujo papel de lideran\u00e7a foi protagonizado por Viola Davis, no cinema, no filme \u201cA Mulher Rei\u201d. J\u00e1 o nome espec\u00edfico, <em>rupicola,<\/em> faz refer\u00eancia ao habitat onde foi encontrada: os ambientes rochosos da Mata Atl\u00e2ntica.<\/p>\n\n\n\n<div class=\"wp-block-image\"><figure class=\"aligncenter size-large is-resized\"><img loading=\"lazy\" decoding=\"async\" src=\"https:\/\/jornalfatosenoticias.com.br\/wp-content\/uploads\/2023\/07\/lacremoda.jpg\" alt=\"\" class=\"wp-image-43706\" width=\"361\" height=\"202\" srcset=\"https:\/\/jornalfatosenoticias.com.br\/wp-content\/uploads\/2023\/07\/lacremoda.jpg 1024w, https:\/\/jornalfatosenoticias.com.br\/wp-content\/uploads\/2023\/07\/lacremoda-300x168.jpg 300w, https:\/\/jornalfatosenoticias.com.br\/wp-content\/uploads\/2023\/07\/lacremoda-768x431.jpg 768w\" sizes=\"auto, (max-width: 361px) 100vw, 361px\" \/><\/figure><\/div>\n\n\n\n<p>A borboleta ainda ganhou um nome popular, \u201cborboleta-guerreira-das-pedras\u201d, como forma de levar essa descoberta para al\u00e9m da comunidade cient\u00edfica, tornando-a mais facilmente conhecida pela popula\u00e7\u00e3o.<\/p>\n\n\n\n<div class=\"wp-block-image\"><figure class=\"aligncenter size-large is-resized\"><img loading=\"lazy\" decoding=\"async\" src=\"https:\/\/jornalfatosenoticias.com.br\/wp-content\/uploads\/2022\/10\/RC_800x750_page-0001.jpg\" alt=\"\" class=\"wp-image-35338\" width=\"330\" height=\"309\" srcset=\"https:\/\/jornalfatosenoticias.com.br\/wp-content\/uploads\/2022\/10\/RC_800x750_page-0001.jpg 400w, https:\/\/jornalfatosenoticias.com.br\/wp-content\/uploads\/2022\/10\/RC_800x750_page-0001-300x281.jpg 300w\" sizes=\"auto, (max-width: 330px) 100vw, 330px\" \/><\/figure><\/div>\n\n\n\n<blockquote class=\"wp-block-quote is-layout-flow wp-block-quote-is-layout-flow\"><p><span class=\"has-inline-color has-luminous-vivid-orange-color\">Temos que contar a todos sobre a nova borboleta, que acabou de ser descoberta mas j\u00e1 se encontra amea\u00e7ada de extin\u00e7\u00e3o pelo desmatamento, fogo e invas\u00e3o dos seus habitats por gram\u00edneas africanas\u201d, explica Cordeiro.<\/span><\/p><\/blockquote>\n\n\n\n<div class=\"wp-block-image\"><figure class=\"aligncenter size-large is-resized\"><img loading=\"lazy\" decoding=\"async\" src=\"https:\/\/jornalfatosenoticias.com.br\/wp-content\/uploads\/2023\/08\/LOGO-BLU-COMERCIAL-PRETO-1024x600.jpg\" alt=\"\" class=\"wp-image-44053\" width=\"358\" height=\"209\"\/><\/figure><\/div>\n\n\n\n<p>A pesquisa come\u00e7ou a ser desenvolvida a partir do estudo das 250 borboletas e mariposas (insetos da ordem Lepidoptera) que foram doadas pelo INMA ao Museu Nacional\/UFRJ em 2022, para ajudar a reconstruir a cole\u00e7\u00e3o cient\u00edfica do Museu, destru\u00edda por um inc\u00eandio em setembro de 2018. Segundo Zacca, \u201cas cole\u00e7\u00f5es cient\u00edficas s\u00e3o valiosas fontes de conhecimento sobre a biodiversidade.<\/p>\n\n\n\n<div class=\"wp-block-image\"><figure class=\"aligncenter size-large is-resized\"><img loading=\"lazy\" decoding=\"async\" src=\"https:\/\/jornalfatosenoticias.com.br\/wp-content\/uploads\/2023\/08\/ITH.jpeg\" alt=\"\" class=\"wp-image-44638\" width=\"358\" height=\"291\" srcset=\"https:\/\/jornalfatosenoticias.com.br\/wp-content\/uploads\/2023\/08\/ITH.jpeg 800w, https:\/\/jornalfatosenoticias.com.br\/wp-content\/uploads\/2023\/08\/ITH-300x244.jpeg 300w, https:\/\/jornalfatosenoticias.com.br\/wp-content\/uploads\/2023\/08\/ITH-768x624.jpeg 768w\" sizes=\"auto, (max-width: 358px) 100vw, 358px\" \/><\/figure><\/div>\n\n\n\n<p> A cole\u00e7\u00e3o entomol\u00f3gica do Museu Nacional era uma das maiores e mais antigas do Brasil, sendo uma refer\u00eancia nacional e internacional. Reconstruir essa cole\u00e7\u00e3o \u00e9 fundamental para ampliar o nosso conhecimento sobre as esp\u00e9cies brasileiras. Uma vez incorporados \u00e0 cole\u00e7\u00e3o, os esp\u00e9cimes podem ser estudados e identificados por especialistas, como \u00e9 o caso dessa borboleta, gerando subs\u00eddios para diversas descobertas e pesquisas em outras \u00e1reas, como a sa\u00fade e a agricultura\u201d, explica a pesquisadora.<\/p>\n\n\n\n<div class=\"wp-block-image\"><figure class=\"aligncenter size-large is-resized\"><img loading=\"lazy\" decoding=\"async\" src=\"https:\/\/jornalfatosenoticias.com.br\/wp-content\/uploads\/2023\/03\/nova-logo-Marquetti.jpg\" alt=\"\" class=\"wp-image-40207\" width=\"338\" height=\"227\" srcset=\"https:\/\/jornalfatosenoticias.com.br\/wp-content\/uploads\/2023\/03\/nova-logo-Marquetti.jpg 643w, https:\/\/jornalfatosenoticias.com.br\/wp-content\/uploads\/2023\/03\/nova-logo-Marquetti-300x202.jpg 300w\" sizes=\"auto, (max-width: 338px) 100vw, 338px\" \/><\/figure><\/div>\n\n\n\n<p>Para Paulo Minatel Gonella, pesquisador da Universidade de S\u00e3o Jo\u00e3o del-Rei, \u00e9 preciso pensar na preserva\u00e7\u00e3o e conserva\u00e7\u00e3o do local onde a nova esp\u00e9cie foi encontrada, e os pesquisadores t\u00eam feito articula\u00e7\u00f5es para que isso ocorra.<\/p>\n\n\n\n<div class=\"wp-block-image\"><figure class=\"aligncenter size-large is-resized\"><img loading=\"lazy\" decoding=\"async\" src=\"https:\/\/jornalfatosenoticias.com.br\/wp-content\/uploads\/2020\/02\/CONTROL-CS.jpg\" alt=\"\" class=\"wp-image-44991\" width=\"315\" height=\"377\" srcset=\"https:\/\/jornalfatosenoticias.com.br\/wp-content\/uploads\/2020\/02\/CONTROL-CS.jpg 834w, https:\/\/jornalfatosenoticias.com.br\/wp-content\/uploads\/2020\/02\/CONTROL-CS-250x300.jpg 250w, https:\/\/jornalfatosenoticias.com.br\/wp-content\/uploads\/2020\/02\/CONTROL-CS-768x921.jpg 768w\" sizes=\"auto, (max-width: 315px) 100vw, 315px\" \/><\/figure><\/div>\n\n\n\n<blockquote class=\"wp-block-quote is-layout-flow wp-block-quote-is-layout-flow\"><p><span class=\"has-inline-color has-luminous-vivid-orange-color\">Temos conversado com a comunidade, os \u00f3rg\u00e3os ambientais e o poder p\u00fablico local para pensar na melhor estrat\u00e9gia de prote\u00e7\u00e3o das montanhas da regi\u00e3o. Uma proposta de Unidade de Conserva\u00e7\u00e3o est\u00e1 sendo elaborada com o aux\u00edlio do Plano de A\u00e7\u00e3o Territorial Capixaba-Gerais, uma importante ferramenta para pensar coletivamente a\u00e7\u00f5es para proteger esp\u00e9cies amea\u00e7adas de extin\u00e7\u00e3o\u201d, finaliza Gonella.<\/span><\/p><\/blockquote>\n\n\n\n<div class=\"wp-block-image\"><figure class=\"aligncenter size-large\"><img loading=\"lazy\" decoding=\"async\" width=\"300\" height=\"300\" src=\"https:\/\/jornalfatosenoticias.com.br\/wp-content\/uploads\/2020\/02\/casa-do-torresmo_portal.jpg\" alt=\"\" class=\"wp-image-34472\" srcset=\"https:\/\/jornalfatosenoticias.com.br\/wp-content\/uploads\/2020\/02\/casa-do-torresmo_portal.jpg 300w, https:\/\/jornalfatosenoticias.com.br\/wp-content\/uploads\/2020\/02\/casa-do-torresmo_portal-150x150.jpg 150w\" sizes=\"auto, (max-width: 300px) 100vw, 300px\" \/><\/figure><\/div>\n\n\n\n<p><strong><em>Fonte: <a href=\"https:\/\/gizmodo.uol.com.br\/nova-especie-de-borboleta-ja-ameacada-de-extincao-e-descoberta-em-mg\/\">GizModo<\/a><\/em><\/strong><\/p>\n","protected":false},"excerpt":{"rendered":"<p>Por Ag\u00eancia Bori Pesquisadores brasileiros descobriram um novo g\u00eanero e esp\u00e9cie de borboleta durante expedi\u00e7\u00f5es realizadas nas montanhas do leste de Minas Gerais, como parte de um projeto que estuda ecossistemas rochosos da Mata Atl\u00e2ntica. A nova esp\u00e9cie, batizada como Agojie rupicola, encontra-se amea\u00e7ada de extin\u00e7\u00e3o. O artigo cient\u00edfico descrevendo a borboleta est\u00e1 publicado na [&hellip;]<\/p>\n","protected":false},"author":2,"featured_media":45612,"comment_status":"open","ping_status":"open","sticky":false,"template":"","format":"standard","meta":{"footnotes":""},"categories":[8],"tags":[20529,1264,5252,2445,19404,21488,1924],"class_list":["post-45611","post","type-post","status-publish","format-standard","has-post-thumbnail","hentry","category-meio-ambiente","tag-agencia-bori","tag-animais","tag-animais-em-extincao","tag-biologia","tag-borboleta","tag-borboleta-ameacada-de-extincao","tag-minas-gerais"],"yoast_head":"<!-- This site is optimized with the Yoast SEO plugin v26.5 - https:\/\/yoast.com\/wordpress\/plugins\/seo\/ -->\n<title>Nova esp\u00e9cie de borboleta j\u00e1 amea\u00e7ada de extin\u00e7\u00e3o \u00e9 descoberta em MG - Jornal Fatos e Not\u00edcias<\/title>\n<meta name=\"robots\" content=\"index, follow, max-snippet:-1, max-image-preview:large, max-video-preview:-1\" \/>\n<link rel=\"canonical\" href=\"https:\/\/jornalfatosenoticias.com.br\/index.php\/2023\/09\/28\/nova-especie-de-borboleta-ja-ameacada-de-extincao-e-descoberta-em-mg\/\" \/>\n<meta property=\"og:locale\" content=\"pt_BR\" \/>\n<meta property=\"og:type\" content=\"article\" \/>\n<meta property=\"og:title\" content=\"Nova esp\u00e9cie de borboleta j\u00e1 amea\u00e7ada de extin\u00e7\u00e3o \u00e9 descoberta em MG - Jornal Fatos e Not\u00edcias\" \/>\n<meta property=\"og:description\" content=\"Por Ag\u00eancia Bori Pesquisadores brasileiros descobriram um novo g\u00eanero e esp\u00e9cie de borboleta durante expedi\u00e7\u00f5es realizadas nas montanhas do leste de Minas Gerais, como parte de um projeto que estuda ecossistemas rochosos da Mata Atl\u00e2ntica. A nova esp\u00e9cie, batizada como Agojie rupicola, encontra-se amea\u00e7ada de extin\u00e7\u00e3o. O artigo cient\u00edfico descrevendo a borboleta est\u00e1 publicado na [&hellip;]\" \/>\n<meta property=\"og:url\" content=\"https:\/\/jornalfatosenoticias.com.br\/index.php\/2023\/09\/28\/nova-especie-de-borboleta-ja-ameacada-de-extincao-e-descoberta-em-mg\/\" \/>\n<meta property=\"og:site_name\" content=\"Jornal Fatos e Not\u00edcias\" \/>\n<meta property=\"article:published_time\" content=\"2023-09-28T20:14:42+00:00\" \/>\n<meta property=\"og:image\" content=\"https:\/\/jornalfatosenoticias.com.br\/wp-content\/uploads\/2023\/09\/nova-especie-de-borboleta-ja-ameacada-de-extincao-e-descoberta-em-mg.jpg\" \/>\n\t<meta property=\"og:image:width\" content=\"800\" \/>\n\t<meta property=\"og:image:height\" content=\"480\" \/>\n\t<meta property=\"og:image:type\" content=\"image\/jpeg\" \/>\n<meta name=\"author\" content=\"Luzimara Fernandes\" \/>\n<meta name=\"twitter:card\" content=\"summary_large_image\" \/>\n<meta name=\"twitter:label1\" content=\"Escrito por\" \/>\n\t<meta name=\"twitter:data1\" content=\"Luzimara Fernandes\" \/>\n\t<meta name=\"twitter:label2\" content=\"Est. tempo de leitura\" \/>\n\t<meta name=\"twitter:data2\" content=\"3 minutos\" \/>\n<script type=\"application\/ld+json\" class=\"yoast-schema-graph\">{\"@context\":\"https:\/\/schema.org\",\"@graph\":[{\"@type\":\"Article\",\"@id\":\"https:\/\/jornalfatosenoticias.com.br\/index.php\/2023\/09\/28\/nova-especie-de-borboleta-ja-ameacada-de-extincao-e-descoberta-em-mg\/#article\",\"isPartOf\":{\"@id\":\"https:\/\/jornalfatosenoticias.com.br\/index.php\/2023\/09\/28\/nova-especie-de-borboleta-ja-ameacada-de-extincao-e-descoberta-em-mg\/\"},\"author\":{\"name\":\"Luzimara Fernandes\",\"@id\":\"https:\/\/jornalfatosenoticias.com.br\/#\/schema\/person\/d63837fa13ac8666eb9e74e0985d6f81\"},\"headline\":\"Nova esp\u00e9cie de borboleta j\u00e1 amea\u00e7ada de extin\u00e7\u00e3o \u00e9 descoberta em MG\",\"datePublished\":\"2023-09-28T20:14:42+00:00\",\"mainEntityOfPage\":{\"@id\":\"https:\/\/jornalfatosenoticias.com.br\/index.php\/2023\/09\/28\/nova-especie-de-borboleta-ja-ameacada-de-extincao-e-descoberta-em-mg\/\"},\"wordCount\":619,\"commentCount\":0,\"publisher\":{\"@id\":\"https:\/\/jornalfatosenoticias.com.br\/#organization\"},\"image\":{\"@id\":\"https:\/\/jornalfatosenoticias.com.br\/index.php\/2023\/09\/28\/nova-especie-de-borboleta-ja-ameacada-de-extincao-e-descoberta-em-mg\/#primaryimage\"},\"thumbnailUrl\":\"https:\/\/jornalfatosenoticias.com.br\/wp-content\/uploads\/2023\/09\/nova-especie-de-borboleta-ja-ameacada-de-extincao-e-descoberta-em-mg.jpg\",\"keywords\":[\"Ag\u00eancia Bori\",\"animais\",\"animais em extin\u00e7\u00e3o\",\"biologia\",\"borboleta\",\"borboleta amea\u00e7ada de extin\u00e7\u00e3o\",\"Minas Gerais\"],\"articleSection\":[\"Meio ambiente\"],\"inLanguage\":\"pt-BR\",\"potentialAction\":[{\"@type\":\"CommentAction\",\"name\":\"Comment\",\"target\":[\"https:\/\/jornalfatosenoticias.com.br\/index.php\/2023\/09\/28\/nova-especie-de-borboleta-ja-ameacada-de-extincao-e-descoberta-em-mg\/#respond\"]}]},{\"@type\":\"WebPage\",\"@id\":\"https:\/\/jornalfatosenoticias.com.br\/index.php\/2023\/09\/28\/nova-especie-de-borboleta-ja-ameacada-de-extincao-e-descoberta-em-mg\/\",\"url\":\"https:\/\/jornalfatosenoticias.com.br\/index.php\/2023\/09\/28\/nova-especie-de-borboleta-ja-ameacada-de-extincao-e-descoberta-em-mg\/\",\"name\":\"Nova esp\u00e9cie de borboleta j\u00e1 amea\u00e7ada de extin\u00e7\u00e3o \u00e9 descoberta em MG - Jornal Fatos e Not\u00edcias\",\"isPartOf\":{\"@id\":\"https:\/\/jornalfatosenoticias.com.br\/#website\"},\"primaryImageOfPage\":{\"@id\":\"https:\/\/jornalfatosenoticias.com.br\/index.php\/2023\/09\/28\/nova-especie-de-borboleta-ja-ameacada-de-extincao-e-descoberta-em-mg\/#primaryimage\"},\"image\":{\"@id\":\"https:\/\/jornalfatosenoticias.com.br\/index.php\/2023\/09\/28\/nova-especie-de-borboleta-ja-ameacada-de-extincao-e-descoberta-em-mg\/#primaryimage\"},\"thumbnailUrl\":\"https:\/\/jornalfatosenoticias.com.br\/wp-content\/uploads\/2023\/09\/nova-especie-de-borboleta-ja-ameacada-de-extincao-e-descoberta-em-mg.jpg\",\"datePublished\":\"2023-09-28T20:14:42+00:00\",\"breadcrumb\":{\"@id\":\"https:\/\/jornalfatosenoticias.com.br\/index.php\/2023\/09\/28\/nova-especie-de-borboleta-ja-ameacada-de-extincao-e-descoberta-em-mg\/#breadcrumb\"},\"inLanguage\":\"pt-BR\",\"potentialAction\":[{\"@type\":\"ReadAction\",\"target\":[\"https:\/\/jornalfatosenoticias.com.br\/index.php\/2023\/09\/28\/nova-especie-de-borboleta-ja-ameacada-de-extincao-e-descoberta-em-mg\/\"]}]},{\"@type\":\"ImageObject\",\"inLanguage\":\"pt-BR\",\"@id\":\"https:\/\/jornalfatosenoticias.com.br\/index.php\/2023\/09\/28\/nova-especie-de-borboleta-ja-ameacada-de-extincao-e-descoberta-em-mg\/#primaryimage\",\"url\":\"https:\/\/jornalfatosenoticias.com.br\/wp-content\/uploads\/2023\/09\/nova-especie-de-borboleta-ja-ameacada-de-extincao-e-descoberta-em-mg.jpg\",\"contentUrl\":\"https:\/\/jornalfatosenoticias.com.br\/wp-content\/uploads\/2023\/09\/nova-especie-de-borboleta-ja-ameacada-de-extincao-e-descoberta-em-mg.jpg\",\"width\":800,\"height\":480},{\"@type\":\"BreadcrumbList\",\"@id\":\"https:\/\/jornalfatosenoticias.com.br\/index.php\/2023\/09\/28\/nova-especie-de-borboleta-ja-ameacada-de-extincao-e-descoberta-em-mg\/#breadcrumb\",\"itemListElement\":[{\"@type\":\"ListItem\",\"position\":1,\"name\":\"In\u00edcio\",\"item\":\"https:\/\/jornalfatosenoticias.com.br\/\"},{\"@type\":\"ListItem\",\"position\":2,\"name\":\"Nova esp\u00e9cie de borboleta j\u00e1 amea\u00e7ada de extin\u00e7\u00e3o \u00e9 descoberta em MG\"}]},{\"@type\":\"WebSite\",\"@id\":\"https:\/\/jornalfatosenoticias.com.br\/#website\",\"url\":\"https:\/\/jornalfatosenoticias.com.br\/\",\"name\":\"Jornal Fatos e Not\u00edcias\",\"description\":\"Not\u00edcias em geral\",\"publisher\":{\"@id\":\"https:\/\/jornalfatosenoticias.com.br\/#organization\"},\"potentialAction\":[{\"@type\":\"SearchAction\",\"target\":{\"@type\":\"EntryPoint\",\"urlTemplate\":\"https:\/\/jornalfatosenoticias.com.br\/?s={search_term_string}\"},\"query-input\":{\"@type\":\"PropertyValueSpecification\",\"valueRequired\":true,\"valueName\":\"search_term_string\"}}],\"inLanguage\":\"pt-BR\"},{\"@type\":\"Organization\",\"@id\":\"https:\/\/jornalfatosenoticias.com.br\/#organization\",\"name\":\"Jornal Fatos e Not\u00edcias\",\"url\":\"https:\/\/jornalfatosenoticias.com.br\/\",\"logo\":{\"@type\":\"ImageObject\",\"inLanguage\":\"pt-BR\",\"@id\":\"https:\/\/jornalfatosenoticias.com.br\/#\/schema\/logo\/image\/\",\"url\":\"https:\/\/jornalfatosenoticias.com.br\/wp-content\/uploads\/2020\/02\/logo120.png\",\"contentUrl\":\"https:\/\/jornalfatosenoticias.com.br\/wp-content\/uploads\/2020\/02\/logo120.png\",\"width\":1227,\"height\":120,\"caption\":\"Jornal Fatos e Not\u00edcias\"},\"image\":{\"@id\":\"https:\/\/jornalfatosenoticias.com.br\/#\/schema\/logo\/image\/\"}},{\"@type\":\"Person\",\"@id\":\"https:\/\/jornalfatosenoticias.com.br\/#\/schema\/person\/d63837fa13ac8666eb9e74e0985d6f81\",\"name\":\"Luzimara Fernandes\",\"image\":{\"@type\":\"ImageObject\",\"inLanguage\":\"pt-BR\",\"@id\":\"https:\/\/jornalfatosenoticias.com.br\/#\/schema\/person\/image\/\",\"url\":\"https:\/\/jornalfatosenoticias.com.br\/wp-content\/uploads\/2025\/05\/EU_portal.jpg\",\"contentUrl\":\"https:\/\/jornalfatosenoticias.com.br\/wp-content\/uploads\/2025\/05\/EU_portal.jpg\",\"caption\":\"Luzimara Fernandes\"},\"description\":\"Jornalista MTB 2358-ES\",\"sameAs\":[\"https:\/\/jornalfatosenoticias.com.br\"],\"url\":\"https:\/\/jornalfatosenoticias.com.br\/index.php\/author\/luzimara\/\"}]}<\/script>\n<!-- \/ Yoast SEO plugin. -->","yoast_head_json":{"title":"Nova esp\u00e9cie de borboleta j\u00e1 amea\u00e7ada de extin\u00e7\u00e3o \u00e9 descoberta em MG - Jornal Fatos e Not\u00edcias","robots":{"index":"index","follow":"follow","max-snippet":"max-snippet:-1","max-image-preview":"max-image-preview:large","max-video-preview":"max-video-preview:-1"},"canonical":"https:\/\/jornalfatosenoticias.com.br\/index.php\/2023\/09\/28\/nova-especie-de-borboleta-ja-ameacada-de-extincao-e-descoberta-em-mg\/","og_locale":"pt_BR","og_type":"article","og_title":"Nova esp\u00e9cie de borboleta j\u00e1 amea\u00e7ada de extin\u00e7\u00e3o \u00e9 descoberta em MG - Jornal Fatos e Not\u00edcias","og_description":"Por Ag\u00eancia Bori Pesquisadores brasileiros descobriram um novo g\u00eanero e esp\u00e9cie de borboleta durante expedi\u00e7\u00f5es realizadas nas montanhas do leste de Minas Gerais, como parte de um projeto que estuda ecossistemas rochosos da Mata Atl\u00e2ntica. A nova esp\u00e9cie, batizada como Agojie rupicola, encontra-se amea\u00e7ada de extin\u00e7\u00e3o. O artigo cient\u00edfico descrevendo a borboleta est\u00e1 publicado na [&hellip;]","og_url":"https:\/\/jornalfatosenoticias.com.br\/index.php\/2023\/09\/28\/nova-especie-de-borboleta-ja-ameacada-de-extincao-e-descoberta-em-mg\/","og_site_name":"Jornal Fatos e Not\u00edcias","article_published_time":"2023-09-28T20:14:42+00:00","og_image":[{"width":800,"height":480,"url":"https:\/\/jornalfatosenoticias.com.br\/wp-content\/uploads\/2023\/09\/nova-especie-de-borboleta-ja-ameacada-de-extincao-e-descoberta-em-mg.jpg","type":"image\/jpeg"}],"author":"Luzimara Fernandes","twitter_card":"summary_large_image","twitter_misc":{"Escrito por":"Luzimara Fernandes","Est. tempo de leitura":"3 minutos"},"schema":{"@context":"https:\/\/schema.org","@graph":[{"@type":"Article","@id":"https:\/\/jornalfatosenoticias.com.br\/index.php\/2023\/09\/28\/nova-especie-de-borboleta-ja-ameacada-de-extincao-e-descoberta-em-mg\/#article","isPartOf":{"@id":"https:\/\/jornalfatosenoticias.com.br\/index.php\/2023\/09\/28\/nova-especie-de-borboleta-ja-ameacada-de-extincao-e-descoberta-em-mg\/"},"author":{"name":"Luzimara Fernandes","@id":"https:\/\/jornalfatosenoticias.com.br\/#\/schema\/person\/d63837fa13ac8666eb9e74e0985d6f81"},"headline":"Nova esp\u00e9cie de borboleta j\u00e1 amea\u00e7ada de extin\u00e7\u00e3o \u00e9 descoberta em MG","datePublished":"2023-09-28T20:14:42+00:00","mainEntityOfPage":{"@id":"https:\/\/jornalfatosenoticias.com.br\/index.php\/2023\/09\/28\/nova-especie-de-borboleta-ja-ameacada-de-extincao-e-descoberta-em-mg\/"},"wordCount":619,"commentCount":0,"publisher":{"@id":"https:\/\/jornalfatosenoticias.com.br\/#organization"},"image":{"@id":"https:\/\/jornalfatosenoticias.com.br\/index.php\/2023\/09\/28\/nova-especie-de-borboleta-ja-ameacada-de-extincao-e-descoberta-em-mg\/#primaryimage"},"thumbnailUrl":"https:\/\/jornalfatosenoticias.com.br\/wp-content\/uploads\/2023\/09\/nova-especie-de-borboleta-ja-ameacada-de-extincao-e-descoberta-em-mg.jpg","keywords":["Ag\u00eancia Bori","animais","animais em extin\u00e7\u00e3o","biologia","borboleta","borboleta amea\u00e7ada de extin\u00e7\u00e3o","Minas Gerais"],"articleSection":["Meio ambiente"],"inLanguage":"pt-BR","potentialAction":[{"@type":"CommentAction","name":"Comment","target":["https:\/\/jornalfatosenoticias.com.br\/index.php\/2023\/09\/28\/nova-especie-de-borboleta-ja-ameacada-de-extincao-e-descoberta-em-mg\/#respond"]}]},{"@type":"WebPage","@id":"https:\/\/jornalfatosenoticias.com.br\/index.php\/2023\/09\/28\/nova-especie-de-borboleta-ja-ameacada-de-extincao-e-descoberta-em-mg\/","url":"https:\/\/jornalfatosenoticias.com.br\/index.php\/2023\/09\/28\/nova-especie-de-borboleta-ja-ameacada-de-extincao-e-descoberta-em-mg\/","name":"Nova esp\u00e9cie de borboleta j\u00e1 amea\u00e7ada de extin\u00e7\u00e3o \u00e9 descoberta em MG - Jornal Fatos e Not\u00edcias","isPartOf":{"@id":"https:\/\/jornalfatosenoticias.com.br\/#website"},"primaryImageOfPage":{"@id":"https:\/\/jornalfatosenoticias.com.br\/index.php\/2023\/09\/28\/nova-especie-de-borboleta-ja-ameacada-de-extincao-e-descoberta-em-mg\/#primaryimage"},"image":{"@id":"https:\/\/jornalfatosenoticias.com.br\/index.php\/2023\/09\/28\/nova-especie-de-borboleta-ja-ameacada-de-extincao-e-descoberta-em-mg\/#primaryimage"},"thumbnailUrl":"https:\/\/jornalfatosenoticias.com.br\/wp-content\/uploads\/2023\/09\/nova-especie-de-borboleta-ja-ameacada-de-extincao-e-descoberta-em-mg.jpg","datePublished":"2023-09-28T20:14:42+00:00","breadcrumb":{"@id":"https:\/\/jornalfatosenoticias.com.br\/index.php\/2023\/09\/28\/nova-especie-de-borboleta-ja-ameacada-de-extincao-e-descoberta-em-mg\/#breadcrumb"},"inLanguage":"pt-BR","potentialAction":[{"@type":"ReadAction","target":["https:\/\/jornalfatosenoticias.com.br\/index.php\/2023\/09\/28\/nova-especie-de-borboleta-ja-ameacada-de-extincao-e-descoberta-em-mg\/"]}]},{"@type":"ImageObject","inLanguage":"pt-BR","@id":"https:\/\/jornalfatosenoticias.com.br\/index.php\/2023\/09\/28\/nova-especie-de-borboleta-ja-ameacada-de-extincao-e-descoberta-em-mg\/#primaryimage","url":"https:\/\/jornalfatosenoticias.com.br\/wp-content\/uploads\/2023\/09\/nova-especie-de-borboleta-ja-ameacada-de-extincao-e-descoberta-em-mg.jpg","contentUrl":"https:\/\/jornalfatosenoticias.com.br\/wp-content\/uploads\/2023\/09\/nova-especie-de-borboleta-ja-ameacada-de-extincao-e-descoberta-em-mg.jpg","width":800,"height":480},{"@type":"BreadcrumbList","@id":"https:\/\/jornalfatosenoticias.com.br\/index.php\/2023\/09\/28\/nova-especie-de-borboleta-ja-ameacada-de-extincao-e-descoberta-em-mg\/#breadcrumb","itemListElement":[{"@type":"ListItem","position":1,"name":"In\u00edcio","item":"https:\/\/jornalfatosenoticias.com.br\/"},{"@type":"ListItem","position":2,"name":"Nova esp\u00e9cie de borboleta j\u00e1 amea\u00e7ada de extin\u00e7\u00e3o \u00e9 descoberta em MG"}]},{"@type":"WebSite","@id":"https:\/\/jornalfatosenoticias.com.br\/#website","url":"https:\/\/jornalfatosenoticias.com.br\/","name":"Jornal Fatos e Not\u00edcias","description":"Not\u00edcias em geral","publisher":{"@id":"https:\/\/jornalfatosenoticias.com.br\/#organization"},"potentialAction":[{"@type":"SearchAction","target":{"@type":"EntryPoint","urlTemplate":"https:\/\/jornalfatosenoticias.com.br\/?s={search_term_string}"},"query-input":{"@type":"PropertyValueSpecification","valueRequired":true,"valueName":"search_term_string"}}],"inLanguage":"pt-BR"},{"@type":"Organization","@id":"https:\/\/jornalfatosenoticias.com.br\/#organization","name":"Jornal Fatos e Not\u00edcias","url":"https:\/\/jornalfatosenoticias.com.br\/","logo":{"@type":"ImageObject","inLanguage":"pt-BR","@id":"https:\/\/jornalfatosenoticias.com.br\/#\/schema\/logo\/image\/","url":"https:\/\/jornalfatosenoticias.com.br\/wp-content\/uploads\/2020\/02\/logo120.png","contentUrl":"https:\/\/jornalfatosenoticias.com.br\/wp-content\/uploads\/2020\/02\/logo120.png","width":1227,"height":120,"caption":"Jornal Fatos e Not\u00edcias"},"image":{"@id":"https:\/\/jornalfatosenoticias.com.br\/#\/schema\/logo\/image\/"}},{"@type":"Person","@id":"https:\/\/jornalfatosenoticias.com.br\/#\/schema\/person\/d63837fa13ac8666eb9e74e0985d6f81","name":"Luzimara Fernandes","image":{"@type":"ImageObject","inLanguage":"pt-BR","@id":"https:\/\/jornalfatosenoticias.com.br\/#\/schema\/person\/image\/","url":"https:\/\/jornalfatosenoticias.com.br\/wp-content\/uploads\/2025\/05\/EU_portal.jpg","contentUrl":"https:\/\/jornalfatosenoticias.com.br\/wp-content\/uploads\/2025\/05\/EU_portal.jpg","caption":"Luzimara Fernandes"},"description":"Jornalista MTB 2358-ES","sameAs":["https:\/\/jornalfatosenoticias.com.br"],"url":"https:\/\/jornalfatosenoticias.com.br\/index.php\/author\/luzimara\/"}]}},"cc_featured_image_caption":{"caption_text":"(Foto: Acervo Museu UFRJ)","source_text":"","source_url":""},"jetpack_featured_media_url":"https:\/\/jornalfatosenoticias.com.br\/wp-content\/uploads\/2023\/09\/nova-especie-de-borboleta-ja-ameacada-de-extincao-e-descoberta-em-mg.jpg","_links":{"self":[{"href":"https:\/\/jornalfatosenoticias.com.br\/index.php\/wp-json\/wp\/v2\/posts\/45611","targetHints":{"allow":["GET"]}}],"collection":[{"href":"https:\/\/jornalfatosenoticias.com.br\/index.php\/wp-json\/wp\/v2\/posts"}],"about":[{"href":"https:\/\/jornalfatosenoticias.com.br\/index.php\/wp-json\/wp\/v2\/types\/post"}],"author":[{"embeddable":true,"href":"https:\/\/jornalfatosenoticias.com.br\/index.php\/wp-json\/wp\/v2\/users\/2"}],"replies":[{"embeddable":true,"href":"https:\/\/jornalfatosenoticias.com.br\/index.php\/wp-json\/wp\/v2\/comments?post=45611"}],"version-history":[{"count":0,"href":"https:\/\/jornalfatosenoticias.com.br\/index.php\/wp-json\/wp\/v2\/posts\/45611\/revisions"}],"wp:featuredmedia":[{"embeddable":true,"href":"https:\/\/jornalfatosenoticias.com.br\/index.php\/wp-json\/wp\/v2\/media\/45612"}],"wp:attachment":[{"href":"https:\/\/jornalfatosenoticias.com.br\/index.php\/wp-json\/wp\/v2\/media?parent=45611"}],"wp:term":[{"taxonomy":"category","embeddable":true,"href":"https:\/\/jornalfatosenoticias.com.br\/index.php\/wp-json\/wp\/v2\/categories?post=45611"},{"taxonomy":"post_tag","embeddable":true,"href":"https:\/\/jornalfatosenoticias.com.br\/index.php\/wp-json\/wp\/v2\/tags?post=45611"}],"curies":[{"name":"wp","href":"https:\/\/api.w.org\/{rel}","templated":true}]}}