{"id":45617,"date":"2023-09-29T08:49:49","date_gmt":"2023-09-29T11:49:49","guid":{"rendered":"https:\/\/jornalfatosenoticias.com.br\/?p=45617"},"modified":"2023-09-29T08:49:50","modified_gmt":"2023-09-29T11:49:50","slug":"curiosidade-por-que-o-arco-iris-nao-tem-preto-marrom-e-cinza","status":"publish","type":"post","link":"https:\/\/jornalfatosenoticias.com.br\/index.php\/2023\/09\/29\/curiosidade-por-que-o-arco-iris-nao-tem-preto-marrom-e-cinza\/","title":{"rendered":"Curiosidade \u2014 Por que o arco-\u00edris n\u00e3o tem preto, marrom e cinza?"},"content":{"rendered":"\n<p><em><span class=\"has-inline-color has-black-color\">Todos sabem que o arco-\u00edris \u00e9 composto por sete cores. Mas por que algumas cores n\u00e3o s\u00e3o vistas nele? E t\u00eam umas que nunca far\u00e3o parte<\/span><\/em><\/p>\n\n\n\n<p><em><span class=\"has-inline-color has-black-color\">Por <strong><a href=\"https:\/\/zonacuriosa.com\/author\/romulosilva\/\"><strong>R\u00f4mulo Silva<\/strong><\/a><\/strong><\/span><\/em><\/p>\n\n\n\n<div class=\"wp-block-image\"><figure class=\"aligncenter size-large\"><img decoding=\"async\" src=\"https:\/\/jornalfatosenoticias.com.br\/wp-content\/uploads\/2020\/02\/barao-das-carnes-300x164-1.jpg\" alt=\"\" class=\"wp-image-34339\"\/><\/figure><\/div>\n\n\n\n<p>O arco-\u00edris est\u00e1 entre os fen\u00f4menos mais fascinantes que ocorrem na natureza. N\u00e3o importa a sua idade, \u00e9 dif\u00edcil olhar para isso e n\u00e3o sentir aquela sensa\u00e7\u00e3o de admira\u00e7\u00e3o por tamanha variedade de cores no c\u00e9u. Entretanto, se voc\u00ea prestar aten\u00e7\u00e3o, ver\u00e1 que um arco-\u00edris n\u00e3o possui cores como o marrom e o cinza. Mas por qu\u00ea? Neste artigo, voc\u00ea vai descobrir que algumas paletas s\u00e3o formadas por misturas de cores que n\u00e3o est\u00e3o pr\u00f3ximas umas das outras no espectro do arco-\u00edris.<br>Pouca gente parece perceber, mas a luz viaja em ondas. Cada uma das cores do arco-\u00edris tem o que chamamos de \u201ccomprimento de onda\u201d diferente. Na pr\u00e1tica, isso significa que a dist\u00e2ncia entre os topos da onda \u00e9 um comprimento diferente para cada cor. As cores, do violeta (com o comprimento de onda mais curto) ao vermelho (com o mais longo), s\u00e3o chamadas de \u201c<a href=\"https:\/\/mundoeducacao.uol.com.br\/fisica\/luz-visivel.htm\" target=\"_blank\" rel=\"noreferrer noopener\">espectro vis\u00edvel<\/a>\u201d.<\/p>\n\n\n\n<div class=\"wp-block-image\"><figure class=\"aligncenter size-large\"><img decoding=\"async\" src=\"https:\/\/jornalfatosenoticias.com.br\/wp-content\/uploads\/2020\/02\/logo_esteio.jpg\" alt=\"\" class=\"wp-image-1214\"\/><\/figure><\/div>\n\n\n\n<p>As gotas de chuva, por sua vez, se parecem mais com pequenas bolas do que com as formas de l\u00e1grima que costumamos desenhar. Por conta disso, quando a luz atinge uma dessas pequenas bolas de \u00e1gua, ela pode mudar de dire\u00e7\u00e3o. Chamamos isso de \u201crefra\u00e7\u00e3o\u201d.<br>Cada um dos diferentes comprimentos de onda \u00e9 refratado por uma quantidade ligeiramente diferente. Se a luz atinge a gota de chuva no \u00e2ngulo certo, a refra\u00e7\u00e3o separa os comprimentos de onda em suas diferentes cores. Como muita luz \u00e9 refratada por muitas gotas de chuva, vemos essas cores como um arco-\u00edris no c\u00e9u.<\/p>\n\n\n\n<div class=\"wp-block-image\"><figure class=\"aligncenter size-large is-resized\"><img loading=\"lazy\" decoding=\"async\" src=\"https:\/\/jornalfatosenoticias.com.br\/wp-content\/uploads\/2023\/08\/VSM-Group.jpeg\" alt=\"\" class=\"wp-image-44364\" width=\"284\" height=\"284\"\/><\/figure><\/div>\n\n\n\n<p>Quando aprendemos sobre o arco-\u00edris, somos ensinados que existem sete cores: vermelho, laranja, amarelo, verde, azul, anil e violeta. No entanto, esse tipo de afirma\u00e7\u00e3o \u00e9 t\u00e3o simplista que n\u00e3o conta a hist\u00f3ria toda.<br>A verdade \u00e9 que as diferentes cores se misturam de tal forma que \u00e9 dif\u00edcil dizer exatamente onde uma cor termina e outra come\u00e7a. Na pr\u00e1tica, h\u00e1 sempre outras cores entre elas, como o turquesa entre o azul e o verde. O azul e o verde est\u00e3o pr\u00f3ximos um do outro no espectro de cores, e \u00e9 por isso que podemos ver o turquesa onde eles se misturam. Algumas cores, no entanto, s\u00e3o formadas por misturas de cores que n\u00e3o est\u00e3o pr\u00f3ximas umas das outras no espectro, como o marrom.<\/p>\n\n\n\n<div class=\"wp-block-image\"><figure class=\"aligncenter size-large is-resized\"><img loading=\"lazy\" decoding=\"async\" src=\"https:\/\/jornalfatosenoticias.com.br\/wp-content\/uploads\/2022\/02\/Precisao-Contabilidade-1024x724.jpg\" alt=\"\" class=\"wp-image-28088\" width=\"344\" height=\"243\"\/><\/figure><\/div>\n\n\n\n<p>O marrom, por exemplo, \u00e9 uma mistura de vermelho e verde. Entretanto, as faixas vermelhas e verdes no arco-\u00edris n\u00e3o est\u00e3o pr\u00f3ximas umas das outras, ent\u00e3o n\u00e3o as vemos se misturando para formar o marrom. O mesmo \u00e9 o caso de muitas outras cores que s\u00e3o misturas; ou seja, se as faixas de cores no arco-\u00edris n\u00e3o se sobrep\u00f5em, elas n\u00e3o podem se misturar.<\/p>\n\n\n\n<div class=\"wp-block-image\"><figure class=\"aligncenter size-large\"><img loading=\"lazy\" decoding=\"async\" width=\"300\" height=\"250\" src=\"https:\/\/jornalfatosenoticias.com.br\/wp-content\/uploads\/2022\/02\/FERRARI_MAQUINAS-E-FERRAMENTAS2.jpg\" alt=\"\" class=\"wp-image-27860\"\/><\/figure><\/div>\n\n\n\n<p>Ainda assim, existem duas cores que nunca ver\u00edamos em um arco-\u00edris por outros motivos: s\u00e3o elas o preto e o branco. Como explica o <a href=\"https:\/\/theconversation.com\/curious-kids-why-doesnt-the-rainbow-have-black-brown-and-grey-in-it-195470\" target=\"_blank\" rel=\"noreferrer noopener\">The Conversation<\/a>, o preto \u00e9 a aus\u00eancia de cor, ou seja, \u00e9 o que vemos quando n\u00e3o h\u00e1 luz alguma. Por outro lado, o branco \u00e9 uma combina\u00e7\u00e3o de todas as cores juntas. Quando a luz \u00e9 refratada pelas gotas de chuva, ela separa a luz branca no espectro vis\u00edvel, o que significa que ela \u201cdeixa de ser branca\u201d.<\/p>\n\n\n\n<div class=\"wp-block-image\"><figure class=\"aligncenter size-large is-resized\"><img loading=\"lazy\" decoding=\"async\" src=\"https:\/\/jornalfatosenoticias.com.br\/wp-content\/uploads\/2020\/02\/CONTROL-CS.jpg\" alt=\"\" class=\"wp-image-44991\" width=\"305\" height=\"365\" srcset=\"https:\/\/jornalfatosenoticias.com.br\/wp-content\/uploads\/2020\/02\/CONTROL-CS.jpg 834w, https:\/\/jornalfatosenoticias.com.br\/wp-content\/uploads\/2020\/02\/CONTROL-CS-250x300.jpg 250w, https:\/\/jornalfatosenoticias.com.br\/wp-content\/uploads\/2020\/02\/CONTROL-CS-768x921.jpg 768w\" sizes=\"auto, (max-width: 305px) 100vw, 305px\" \/><\/figure><\/div>\n\n\n\n<p>Por \u00faltimo, o cinza \u00e9 uma mistura de preto e branco e, como nunca podemos ver preto e branco em um arco-\u00edris, tamb\u00e9m n\u00e3o podemos ver as cores resultantes da mistura deles. Dito isto, da pr\u00f3xima vez que vir um arco-\u00edris, observe quantas cores consegue identificar nele e as cores que n\u00e3o consegue ver.<\/p>\n\n\n\n<div class=\"wp-block-image\"><figure class=\"aligncenter size-large is-resized\"><img loading=\"lazy\" decoding=\"async\" src=\"https:\/\/jornalfatosenoticias.com.br\/wp-content\/uploads\/2023\/08\/LOGO-BLU-COMERCIAL-PRETO-1024x600.jpg\" alt=\"\" class=\"wp-image-44053\" width=\"321\" height=\"187\"\/><\/figure><\/div>\n\n\n\n<p><strong><em>Fonte: <a href=\"https:\/\/zonacuriosa.com\/por-que-o-arco-iris-nao-tem-preto-marrom-e-cinza\/\">Zona Curiosa<\/a><\/em><\/strong><\/p>\n","protected":false},"excerpt":{"rendered":"<p>Todos sabem que o arco-\u00edris \u00e9 composto por sete cores. Mas por que algumas cores n\u00e3o s\u00e3o vistas nele? E t\u00eam umas que nunca far\u00e3o parte Por R\u00f4mulo Silva O arco-\u00edris est\u00e1 entre os fen\u00f4menos mais fascinantes que ocorrem na natureza. N\u00e3o importa a sua idade, \u00e9 dif\u00edcil olhar para isso e n\u00e3o sentir aquela [&hellip;]<\/p>\n","protected":false},"author":2,"featured_media":45618,"comment_status":"open","ping_status":"open","sticky":false,"template":"","format":"standard","meta":{"footnotes":""},"categories":[5],"tags":[3857,2195,20292,6284,21492],"class_list":["post-45617","post","type-post","status-publish","format-standard","has-post-thumbnail","hentry","category-geral","tag-arco-iris","tag-cores","tag-cores-do-arco-iris","tag-curiosidade","tag-espectro-de-cores"],"yoast_head":"<!-- This site is optimized with the Yoast SEO plugin v26.5 - https:\/\/yoast.com\/wordpress\/plugins\/seo\/ -->\n<title>Curiosidade \u2014 Por que o arco-\u00edris n\u00e3o tem preto, marrom e cinza? - Jornal Fatos e Not\u00edcias<\/title>\n<meta name=\"robots\" content=\"index, follow, max-snippet:-1, max-image-preview:large, max-video-preview:-1\" \/>\n<link rel=\"canonical\" href=\"https:\/\/jornalfatosenoticias.com.br\/index.php\/2023\/09\/29\/curiosidade-por-que-o-arco-iris-nao-tem-preto-marrom-e-cinza\/\" \/>\n<meta property=\"og:locale\" content=\"pt_BR\" \/>\n<meta property=\"og:type\" content=\"article\" \/>\n<meta property=\"og:title\" content=\"Curiosidade \u2014 Por que o arco-\u00edris n\u00e3o tem preto, marrom e cinza? - Jornal Fatos e Not\u00edcias\" \/>\n<meta property=\"og:description\" content=\"Todos sabem que o arco-\u00edris \u00e9 composto por sete cores. Mas por que algumas cores n\u00e3o s\u00e3o vistas nele? E t\u00eam umas que nunca far\u00e3o parte Por R\u00f4mulo Silva O arco-\u00edris est\u00e1 entre os fen\u00f4menos mais fascinantes que ocorrem na natureza. N\u00e3o importa a sua idade, \u00e9 dif\u00edcil olhar para isso e n\u00e3o sentir aquela [&hellip;]\" \/>\n<meta property=\"og:url\" content=\"https:\/\/jornalfatosenoticias.com.br\/index.php\/2023\/09\/29\/curiosidade-por-que-o-arco-iris-nao-tem-preto-marrom-e-cinza\/\" \/>\n<meta property=\"og:site_name\" content=\"Jornal Fatos e Not\u00edcias\" \/>\n<meta property=\"article:published_time\" content=\"2023-09-29T11:49:49+00:00\" \/>\n<meta property=\"article:modified_time\" content=\"2023-09-29T11:49:50+00:00\" \/>\n<meta property=\"og:image\" content=\"https:\/\/jornalfatosenoticias.com.br\/wp-content\/uploads\/2023\/09\/ARCO-IRIS.jpg\" \/>\n\t<meta property=\"og:image:width\" content=\"712\" \/>\n\t<meta property=\"og:image:height\" content=\"473\" \/>\n\t<meta property=\"og:image:type\" content=\"image\/jpeg\" \/>\n<meta name=\"author\" content=\"Luzimara Fernandes\" \/>\n<meta name=\"twitter:card\" content=\"summary_large_image\" \/>\n<meta name=\"twitter:label1\" content=\"Escrito por\" \/>\n\t<meta name=\"twitter:data1\" content=\"Luzimara Fernandes\" \/>\n\t<meta name=\"twitter:label2\" content=\"Est. tempo de leitura\" \/>\n\t<meta name=\"twitter:data2\" content=\"3 minutos\" \/>\n<script type=\"application\/ld+json\" class=\"yoast-schema-graph\">{\"@context\":\"https:\/\/schema.org\",\"@graph\":[{\"@type\":\"Article\",\"@id\":\"https:\/\/jornalfatosenoticias.com.br\/index.php\/2023\/09\/29\/curiosidade-por-que-o-arco-iris-nao-tem-preto-marrom-e-cinza\/#article\",\"isPartOf\":{\"@id\":\"https:\/\/jornalfatosenoticias.com.br\/index.php\/2023\/09\/29\/curiosidade-por-que-o-arco-iris-nao-tem-preto-marrom-e-cinza\/\"},\"author\":{\"name\":\"Luzimara Fernandes\",\"@id\":\"https:\/\/jornalfatosenoticias.com.br\/#\/schema\/person\/d63837fa13ac8666eb9e74e0985d6f81\"},\"headline\":\"Curiosidade \u2014 Por que o arco-\u00edris n\u00e3o tem preto, marrom e cinza?\",\"datePublished\":\"2023-09-29T11:49:49+00:00\",\"dateModified\":\"2023-09-29T11:49:50+00:00\",\"mainEntityOfPage\":{\"@id\":\"https:\/\/jornalfatosenoticias.com.br\/index.php\/2023\/09\/29\/curiosidade-por-que-o-arco-iris-nao-tem-preto-marrom-e-cinza\/\"},\"wordCount\":672,\"commentCount\":0,\"publisher\":{\"@id\":\"https:\/\/jornalfatosenoticias.com.br\/#organization\"},\"image\":{\"@id\":\"https:\/\/jornalfatosenoticias.com.br\/index.php\/2023\/09\/29\/curiosidade-por-que-o-arco-iris-nao-tem-preto-marrom-e-cinza\/#primaryimage\"},\"thumbnailUrl\":\"https:\/\/jornalfatosenoticias.com.br\/wp-content\/uploads\/2023\/09\/ARCO-IRIS.jpg\",\"keywords\":[\"arco-\u00edris\",\"cores\",\"cores do arco-\u00edris\",\"curiosidade\",\"espectro de cores\"],\"articleSection\":[\"Geral\"],\"inLanguage\":\"pt-BR\",\"potentialAction\":[{\"@type\":\"CommentAction\",\"name\":\"Comment\",\"target\":[\"https:\/\/jornalfatosenoticias.com.br\/index.php\/2023\/09\/29\/curiosidade-por-que-o-arco-iris-nao-tem-preto-marrom-e-cinza\/#respond\"]}]},{\"@type\":\"WebPage\",\"@id\":\"https:\/\/jornalfatosenoticias.com.br\/index.php\/2023\/09\/29\/curiosidade-por-que-o-arco-iris-nao-tem-preto-marrom-e-cinza\/\",\"url\":\"https:\/\/jornalfatosenoticias.com.br\/index.php\/2023\/09\/29\/curiosidade-por-que-o-arco-iris-nao-tem-preto-marrom-e-cinza\/\",\"name\":\"Curiosidade \u2014 Por que o arco-\u00edris n\u00e3o tem preto, marrom e cinza? - Jornal Fatos e Not\u00edcias\",\"isPartOf\":{\"@id\":\"https:\/\/jornalfatosenoticias.com.br\/#website\"},\"primaryImageOfPage\":{\"@id\":\"https:\/\/jornalfatosenoticias.com.br\/index.php\/2023\/09\/29\/curiosidade-por-que-o-arco-iris-nao-tem-preto-marrom-e-cinza\/#primaryimage\"},\"image\":{\"@id\":\"https:\/\/jornalfatosenoticias.com.br\/index.php\/2023\/09\/29\/curiosidade-por-que-o-arco-iris-nao-tem-preto-marrom-e-cinza\/#primaryimage\"},\"thumbnailUrl\":\"https:\/\/jornalfatosenoticias.com.br\/wp-content\/uploads\/2023\/09\/ARCO-IRIS.jpg\",\"datePublished\":\"2023-09-29T11:49:49+00:00\",\"dateModified\":\"2023-09-29T11:49:50+00:00\",\"breadcrumb\":{\"@id\":\"https:\/\/jornalfatosenoticias.com.br\/index.php\/2023\/09\/29\/curiosidade-por-que-o-arco-iris-nao-tem-preto-marrom-e-cinza\/#breadcrumb\"},\"inLanguage\":\"pt-BR\",\"potentialAction\":[{\"@type\":\"ReadAction\",\"target\":[\"https:\/\/jornalfatosenoticias.com.br\/index.php\/2023\/09\/29\/curiosidade-por-que-o-arco-iris-nao-tem-preto-marrom-e-cinza\/\"]}]},{\"@type\":\"ImageObject\",\"inLanguage\":\"pt-BR\",\"@id\":\"https:\/\/jornalfatosenoticias.com.br\/index.php\/2023\/09\/29\/curiosidade-por-que-o-arco-iris-nao-tem-preto-marrom-e-cinza\/#primaryimage\",\"url\":\"https:\/\/jornalfatosenoticias.com.br\/wp-content\/uploads\/2023\/09\/ARCO-IRIS.jpg\",\"contentUrl\":\"https:\/\/jornalfatosenoticias.com.br\/wp-content\/uploads\/2023\/09\/ARCO-IRIS.jpg\",\"width\":712,\"height\":473,\"caption\":\"Beautiful evening cloud of the sunset with a rainbow and sunshine after rain\"},{\"@type\":\"BreadcrumbList\",\"@id\":\"https:\/\/jornalfatosenoticias.com.br\/index.php\/2023\/09\/29\/curiosidade-por-que-o-arco-iris-nao-tem-preto-marrom-e-cinza\/#breadcrumb\",\"itemListElement\":[{\"@type\":\"ListItem\",\"position\":1,\"name\":\"In\u00edcio\",\"item\":\"https:\/\/jornalfatosenoticias.com.br\/\"},{\"@type\":\"ListItem\",\"position\":2,\"name\":\"Curiosidade \u2014 Por que o arco-\u00edris n\u00e3o tem preto, marrom e cinza?\"}]},{\"@type\":\"WebSite\",\"@id\":\"https:\/\/jornalfatosenoticias.com.br\/#website\",\"url\":\"https:\/\/jornalfatosenoticias.com.br\/\",\"name\":\"Jornal Fatos e Not\u00edcias\",\"description\":\"Not\u00edcias em geral\",\"publisher\":{\"@id\":\"https:\/\/jornalfatosenoticias.com.br\/#organization\"},\"potentialAction\":[{\"@type\":\"SearchAction\",\"target\":{\"@type\":\"EntryPoint\",\"urlTemplate\":\"https:\/\/jornalfatosenoticias.com.br\/?s={search_term_string}\"},\"query-input\":{\"@type\":\"PropertyValueSpecification\",\"valueRequired\":true,\"valueName\":\"search_term_string\"}}],\"inLanguage\":\"pt-BR\"},{\"@type\":\"Organization\",\"@id\":\"https:\/\/jornalfatosenoticias.com.br\/#organization\",\"name\":\"Jornal Fatos e Not\u00edcias\",\"url\":\"https:\/\/jornalfatosenoticias.com.br\/\",\"logo\":{\"@type\":\"ImageObject\",\"inLanguage\":\"pt-BR\",\"@id\":\"https:\/\/jornalfatosenoticias.com.br\/#\/schema\/logo\/image\/\",\"url\":\"https:\/\/jornalfatosenoticias.com.br\/wp-content\/uploads\/2020\/02\/logo120.png\",\"contentUrl\":\"https:\/\/jornalfatosenoticias.com.br\/wp-content\/uploads\/2020\/02\/logo120.png\",\"width\":1227,\"height\":120,\"caption\":\"Jornal Fatos e Not\u00edcias\"},\"image\":{\"@id\":\"https:\/\/jornalfatosenoticias.com.br\/#\/schema\/logo\/image\/\"}},{\"@type\":\"Person\",\"@id\":\"https:\/\/jornalfatosenoticias.com.br\/#\/schema\/person\/d63837fa13ac8666eb9e74e0985d6f81\",\"name\":\"Luzimara Fernandes\",\"image\":{\"@type\":\"ImageObject\",\"inLanguage\":\"pt-BR\",\"@id\":\"https:\/\/jornalfatosenoticias.com.br\/#\/schema\/person\/image\/\",\"url\":\"https:\/\/jornalfatosenoticias.com.br\/wp-content\/uploads\/2025\/05\/EU_portal.jpg\",\"contentUrl\":\"https:\/\/jornalfatosenoticias.com.br\/wp-content\/uploads\/2025\/05\/EU_portal.jpg\",\"caption\":\"Luzimara Fernandes\"},\"description\":\"Jornalista MTB 2358-ES\",\"sameAs\":[\"https:\/\/jornalfatosenoticias.com.br\"],\"url\":\"https:\/\/jornalfatosenoticias.com.br\/index.php\/author\/luzimara\/\"}]}<\/script>\n<!-- \/ Yoast SEO plugin. -->","yoast_head_json":{"title":"Curiosidade \u2014 Por que o arco-\u00edris n\u00e3o tem preto, marrom e cinza? - Jornal Fatos e Not\u00edcias","robots":{"index":"index","follow":"follow","max-snippet":"max-snippet:-1","max-image-preview":"max-image-preview:large","max-video-preview":"max-video-preview:-1"},"canonical":"https:\/\/jornalfatosenoticias.com.br\/index.php\/2023\/09\/29\/curiosidade-por-que-o-arco-iris-nao-tem-preto-marrom-e-cinza\/","og_locale":"pt_BR","og_type":"article","og_title":"Curiosidade \u2014 Por que o arco-\u00edris n\u00e3o tem preto, marrom e cinza? - Jornal Fatos e Not\u00edcias","og_description":"Todos sabem que o arco-\u00edris \u00e9 composto por sete cores. Mas por que algumas cores n\u00e3o s\u00e3o vistas nele? E t\u00eam umas que nunca far\u00e3o parte Por R\u00f4mulo Silva O arco-\u00edris est\u00e1 entre os fen\u00f4menos mais fascinantes que ocorrem na natureza. N\u00e3o importa a sua idade, \u00e9 dif\u00edcil olhar para isso e n\u00e3o sentir aquela [&hellip;]","og_url":"https:\/\/jornalfatosenoticias.com.br\/index.php\/2023\/09\/29\/curiosidade-por-que-o-arco-iris-nao-tem-preto-marrom-e-cinza\/","og_site_name":"Jornal Fatos e Not\u00edcias","article_published_time":"2023-09-29T11:49:49+00:00","article_modified_time":"2023-09-29T11:49:50+00:00","og_image":[{"width":712,"height":473,"url":"https:\/\/jornalfatosenoticias.com.br\/wp-content\/uploads\/2023\/09\/ARCO-IRIS.jpg","type":"image\/jpeg"}],"author":"Luzimara Fernandes","twitter_card":"summary_large_image","twitter_misc":{"Escrito por":"Luzimara Fernandes","Est. tempo de leitura":"3 minutos"},"schema":{"@context":"https:\/\/schema.org","@graph":[{"@type":"Article","@id":"https:\/\/jornalfatosenoticias.com.br\/index.php\/2023\/09\/29\/curiosidade-por-que-o-arco-iris-nao-tem-preto-marrom-e-cinza\/#article","isPartOf":{"@id":"https:\/\/jornalfatosenoticias.com.br\/index.php\/2023\/09\/29\/curiosidade-por-que-o-arco-iris-nao-tem-preto-marrom-e-cinza\/"},"author":{"name":"Luzimara Fernandes","@id":"https:\/\/jornalfatosenoticias.com.br\/#\/schema\/person\/d63837fa13ac8666eb9e74e0985d6f81"},"headline":"Curiosidade \u2014 Por que o arco-\u00edris n\u00e3o tem preto, marrom e cinza?","datePublished":"2023-09-29T11:49:49+00:00","dateModified":"2023-09-29T11:49:50+00:00","mainEntityOfPage":{"@id":"https:\/\/jornalfatosenoticias.com.br\/index.php\/2023\/09\/29\/curiosidade-por-que-o-arco-iris-nao-tem-preto-marrom-e-cinza\/"},"wordCount":672,"commentCount":0,"publisher":{"@id":"https:\/\/jornalfatosenoticias.com.br\/#organization"},"image":{"@id":"https:\/\/jornalfatosenoticias.com.br\/index.php\/2023\/09\/29\/curiosidade-por-que-o-arco-iris-nao-tem-preto-marrom-e-cinza\/#primaryimage"},"thumbnailUrl":"https:\/\/jornalfatosenoticias.com.br\/wp-content\/uploads\/2023\/09\/ARCO-IRIS.jpg","keywords":["arco-\u00edris","cores","cores do arco-\u00edris","curiosidade","espectro de cores"],"articleSection":["Geral"],"inLanguage":"pt-BR","potentialAction":[{"@type":"CommentAction","name":"Comment","target":["https:\/\/jornalfatosenoticias.com.br\/index.php\/2023\/09\/29\/curiosidade-por-que-o-arco-iris-nao-tem-preto-marrom-e-cinza\/#respond"]}]},{"@type":"WebPage","@id":"https:\/\/jornalfatosenoticias.com.br\/index.php\/2023\/09\/29\/curiosidade-por-que-o-arco-iris-nao-tem-preto-marrom-e-cinza\/","url":"https:\/\/jornalfatosenoticias.com.br\/index.php\/2023\/09\/29\/curiosidade-por-que-o-arco-iris-nao-tem-preto-marrom-e-cinza\/","name":"Curiosidade \u2014 Por que o arco-\u00edris n\u00e3o tem preto, marrom e cinza? - Jornal Fatos e Not\u00edcias","isPartOf":{"@id":"https:\/\/jornalfatosenoticias.com.br\/#website"},"primaryImageOfPage":{"@id":"https:\/\/jornalfatosenoticias.com.br\/index.php\/2023\/09\/29\/curiosidade-por-que-o-arco-iris-nao-tem-preto-marrom-e-cinza\/#primaryimage"},"image":{"@id":"https:\/\/jornalfatosenoticias.com.br\/index.php\/2023\/09\/29\/curiosidade-por-que-o-arco-iris-nao-tem-preto-marrom-e-cinza\/#primaryimage"},"thumbnailUrl":"https:\/\/jornalfatosenoticias.com.br\/wp-content\/uploads\/2023\/09\/ARCO-IRIS.jpg","datePublished":"2023-09-29T11:49:49+00:00","dateModified":"2023-09-29T11:49:50+00:00","breadcrumb":{"@id":"https:\/\/jornalfatosenoticias.com.br\/index.php\/2023\/09\/29\/curiosidade-por-que-o-arco-iris-nao-tem-preto-marrom-e-cinza\/#breadcrumb"},"inLanguage":"pt-BR","potentialAction":[{"@type":"ReadAction","target":["https:\/\/jornalfatosenoticias.com.br\/index.php\/2023\/09\/29\/curiosidade-por-que-o-arco-iris-nao-tem-preto-marrom-e-cinza\/"]}]},{"@type":"ImageObject","inLanguage":"pt-BR","@id":"https:\/\/jornalfatosenoticias.com.br\/index.php\/2023\/09\/29\/curiosidade-por-que-o-arco-iris-nao-tem-preto-marrom-e-cinza\/#primaryimage","url":"https:\/\/jornalfatosenoticias.com.br\/wp-content\/uploads\/2023\/09\/ARCO-IRIS.jpg","contentUrl":"https:\/\/jornalfatosenoticias.com.br\/wp-content\/uploads\/2023\/09\/ARCO-IRIS.jpg","width":712,"height":473,"caption":"Beautiful evening cloud of the sunset with a rainbow and sunshine after rain"},{"@type":"BreadcrumbList","@id":"https:\/\/jornalfatosenoticias.com.br\/index.php\/2023\/09\/29\/curiosidade-por-que-o-arco-iris-nao-tem-preto-marrom-e-cinza\/#breadcrumb","itemListElement":[{"@type":"ListItem","position":1,"name":"In\u00edcio","item":"https:\/\/jornalfatosenoticias.com.br\/"},{"@type":"ListItem","position":2,"name":"Curiosidade \u2014 Por que o arco-\u00edris n\u00e3o tem preto, marrom e cinza?"}]},{"@type":"WebSite","@id":"https:\/\/jornalfatosenoticias.com.br\/#website","url":"https:\/\/jornalfatosenoticias.com.br\/","name":"Jornal Fatos e Not\u00edcias","description":"Not\u00edcias em geral","publisher":{"@id":"https:\/\/jornalfatosenoticias.com.br\/#organization"},"potentialAction":[{"@type":"SearchAction","target":{"@type":"EntryPoint","urlTemplate":"https:\/\/jornalfatosenoticias.com.br\/?s={search_term_string}"},"query-input":{"@type":"PropertyValueSpecification","valueRequired":true,"valueName":"search_term_string"}}],"inLanguage":"pt-BR"},{"@type":"Organization","@id":"https:\/\/jornalfatosenoticias.com.br\/#organization","name":"Jornal Fatos e Not\u00edcias","url":"https:\/\/jornalfatosenoticias.com.br\/","logo":{"@type":"ImageObject","inLanguage":"pt-BR","@id":"https:\/\/jornalfatosenoticias.com.br\/#\/schema\/logo\/image\/","url":"https:\/\/jornalfatosenoticias.com.br\/wp-content\/uploads\/2020\/02\/logo120.png","contentUrl":"https:\/\/jornalfatosenoticias.com.br\/wp-content\/uploads\/2020\/02\/logo120.png","width":1227,"height":120,"caption":"Jornal Fatos e Not\u00edcias"},"image":{"@id":"https:\/\/jornalfatosenoticias.com.br\/#\/schema\/logo\/image\/"}},{"@type":"Person","@id":"https:\/\/jornalfatosenoticias.com.br\/#\/schema\/person\/d63837fa13ac8666eb9e74e0985d6f81","name":"Luzimara Fernandes","image":{"@type":"ImageObject","inLanguage":"pt-BR","@id":"https:\/\/jornalfatosenoticias.com.br\/#\/schema\/person\/image\/","url":"https:\/\/jornalfatosenoticias.com.br\/wp-content\/uploads\/2025\/05\/EU_portal.jpg","contentUrl":"https:\/\/jornalfatosenoticias.com.br\/wp-content\/uploads\/2025\/05\/EU_portal.jpg","caption":"Luzimara Fernandes"},"description":"Jornalista MTB 2358-ES","sameAs":["https:\/\/jornalfatosenoticias.com.br"],"url":"https:\/\/jornalfatosenoticias.com.br\/index.php\/author\/luzimara\/"}]}},"cc_featured_image_caption":{"caption_text":"(Foto: iStock) ","source_text":"","source_url":""},"jetpack_featured_media_url":"https:\/\/jornalfatosenoticias.com.br\/wp-content\/uploads\/2023\/09\/ARCO-IRIS.jpg","_links":{"self":[{"href":"https:\/\/jornalfatosenoticias.com.br\/index.php\/wp-json\/wp\/v2\/posts\/45617","targetHints":{"allow":["GET"]}}],"collection":[{"href":"https:\/\/jornalfatosenoticias.com.br\/index.php\/wp-json\/wp\/v2\/posts"}],"about":[{"href":"https:\/\/jornalfatosenoticias.com.br\/index.php\/wp-json\/wp\/v2\/types\/post"}],"author":[{"embeddable":true,"href":"https:\/\/jornalfatosenoticias.com.br\/index.php\/wp-json\/wp\/v2\/users\/2"}],"replies":[{"embeddable":true,"href":"https:\/\/jornalfatosenoticias.com.br\/index.php\/wp-json\/wp\/v2\/comments?post=45617"}],"version-history":[{"count":0,"href":"https:\/\/jornalfatosenoticias.com.br\/index.php\/wp-json\/wp\/v2\/posts\/45617\/revisions"}],"wp:featuredmedia":[{"embeddable":true,"href":"https:\/\/jornalfatosenoticias.com.br\/index.php\/wp-json\/wp\/v2\/media\/45618"}],"wp:attachment":[{"href":"https:\/\/jornalfatosenoticias.com.br\/index.php\/wp-json\/wp\/v2\/media?parent=45617"}],"wp:term":[{"taxonomy":"category","embeddable":true,"href":"https:\/\/jornalfatosenoticias.com.br\/index.php\/wp-json\/wp\/v2\/categories?post=45617"},{"taxonomy":"post_tag","embeddable":true,"href":"https:\/\/jornalfatosenoticias.com.br\/index.php\/wp-json\/wp\/v2\/tags?post=45617"}],"curies":[{"name":"wp","href":"https:\/\/api.w.org\/{rel}","templated":true}]}}