{"id":45620,"date":"2023-09-29T08:57:24","date_gmt":"2023-09-29T11:57:24","guid":{"rendered":"https:\/\/jornalfatosenoticias.com.br\/?p=45620"},"modified":"2023-09-29T08:57:27","modified_gmt":"2023-09-29T11:57:27","slug":"usuarios-de-vape-tem-mais-chance-de-desenvolver-estresse-cronico","status":"publish","type":"post","link":"https:\/\/jornalfatosenoticias.com.br\/index.php\/2023\/09\/29\/usuarios-de-vape-tem-mais-chance-de-desenvolver-estresse-cronico\/","title":{"rendered":"Usu\u00e1rios de vape t\u00eam mais chance de desenvolver estresse cr\u00f4nico"},"content":{"rendered":"\n<p><em><span class=\"has-inline-color has-black-color\">Por <strong><a href=\"https:\/\/vitat.com.br\/author\/fernanda\/\">Fernanda Lima<\/a><\/strong><\/span><\/em><\/p>\n\n\n\n<div class=\"wp-block-image\"><figure class=\"aligncenter size-large\"><img loading=\"lazy\" decoding=\"async\" width=\"1024\" height=\"110\" src=\"https:\/\/jornalfatosenoticias.com.br\/wp-content\/uploads\/2022\/10\/Arte-jornal-Zucchi-1120x120_Prancheta-1-1024x110.jpg\" alt=\"\" class=\"wp-image-34772\" srcset=\"https:\/\/jornalfatosenoticias.com.br\/wp-content\/uploads\/2022\/10\/Arte-jornal-Zucchi-1120x120_Prancheta-1-1024x110.jpg 1024w, https:\/\/jornalfatosenoticias.com.br\/wp-content\/uploads\/2022\/10\/Arte-jornal-Zucchi-1120x120_Prancheta-1-300x32.jpg 300w, https:\/\/jornalfatosenoticias.com.br\/wp-content\/uploads\/2022\/10\/Arte-jornal-Zucchi-1120x120_Prancheta-1-768x82.jpg 768w, https:\/\/jornalfatosenoticias.com.br\/wp-content\/uploads\/2022\/10\/Arte-jornal-Zucchi-1120x120_Prancheta-1-1536x165.jpg 1536w, https:\/\/jornalfatosenoticias.com.br\/wp-content\/uploads\/2022\/10\/Arte-jornal-Zucchi-1120x120_Prancheta-1-2048x219.jpg 2048w\" sizes=\"auto, (max-width: 1024px) 100vw, 1024px\" \/><\/figure><\/div>\n\n\n\n<p>Usu\u00e1rios jovens de vape, tamb\u00e9m chamados de cigarros eletr\u00f4nicos, t\u00eam duas vezes mais chances de desenvolverem <a href=\"https:\/\/vitat.com.br\/estresse\/\">estresse<\/a> cr\u00f4nico do que pessoas da mesma faixa et\u00e1ria que n\u00e3o utilizam o aparelho. As informa\u00e7\u00f5es s\u00e3o de pesquisadores do Hospital para Crian\u00e7as Doentes (SickKids) de Toronto, no Canad\u00e1.<br>A descoberta foi apresentada pela pesquisadora Teresa To, no <a href=\"https:\/\/www.ersnet.org\/congress-and-events\/congress\/\" target=\"_blank\" rel=\"noreferrer noopener\">Congresso Internacional da Sociedade Respirat\u00f3ria Europeia<\/a> (ERS, na sigla em ingl\u00eas). O evento ocorreu em Mil\u00e3o, na It\u00e1lia, entre os dias 9 e 13 de setembro. Entenda mais sobre o estudo.<\/p>\n\n\n\n<div class=\"wp-block-image\"><figure class=\"aligncenter size-large is-resized\"><img loading=\"lazy\" decoding=\"async\" src=\"https:\/\/jornalfatosenoticias.com.br\/wp-content\/uploads\/2023\/03\/nova-logo-Marquetti.jpg\" alt=\"\" class=\"wp-image-40207\" width=\"322\" height=\"216\" srcset=\"https:\/\/jornalfatosenoticias.com.br\/wp-content\/uploads\/2023\/03\/nova-logo-Marquetti.jpg 643w, https:\/\/jornalfatosenoticias.com.br\/wp-content\/uploads\/2023\/03\/nova-logo-Marquetti-300x202.jpg 300w\" sizes=\"auto, (max-width: 322px) 100vw, 322px\" \/><\/figure><\/div>\n\n\n\n<p>Primeiramente, os pesquisadores avaliaram os dados de 905 jovens, com idades entre 15 e 30 anos, residentes do Canad\u00e1. Desses, 115 (12,7%) afirmaram usar ou j\u00e1 ter usado cigarros eletr\u00f4nicos em algum momento da vida. Al\u00e9m disso, a pesquisa tamb\u00e9m levou em considera\u00e7\u00e3o fatores conhecidos pela rela\u00e7\u00e3o com o estresse. Por exemplo, o consumo de bebidas alco\u00f3licas, renda insuficiente e problemas de sa\u00fade, bem como asma e diabetes.<\/p>\n\n\n\n<div class=\"wp-block-image\"><figure class=\"aligncenter size-large is-resized\"><img loading=\"lazy\" decoding=\"async\" src=\"https:\/\/jornalfatosenoticias.com.br\/wp-content\/uploads\/2023\/08\/Steel.jpeg\" alt=\"\" class=\"wp-image-44634\" width=\"330\" height=\"268\" srcset=\"https:\/\/jornalfatosenoticias.com.br\/wp-content\/uploads\/2023\/08\/Steel.jpeg 800w, https:\/\/jornalfatosenoticias.com.br\/wp-content\/uploads\/2023\/08\/Steel-300x244.jpeg 300w, https:\/\/jornalfatosenoticias.com.br\/wp-content\/uploads\/2023\/08\/Steel-768x624.jpeg 768w\" sizes=\"auto, (max-width: 330px) 100vw, 330px\" \/><\/figure><\/div>\n\n\n\n<p>Embora os usu\u00e1rios de vape praticassem mais exerc\u00edcio f\u00edsico, eles apresentavam mais queixas relacionadas a estresse cr\u00f4nico, um problema que pode levar a dist\u00farbios como <a href=\"https:\/\/vitat.com.br\/ansiedade\/\">ansiedade<\/a> e depress\u00e3o. Teresa To ressalta, por\u00e9m, que n\u00e3o est\u00e1 claro se o uso do vape fez com que os jovens desenvolvessem estresse cr\u00f4nico ou se eles come\u00e7aram a usar o cigarro eletr\u00f4nico como uma fuga \u00e0 carga mental.<\/p>\n\n\n\n<div class=\"wp-block-image\"><figure class=\"aligncenter size-large\"><img loading=\"lazy\" decoding=\"async\" width=\"300\" height=\"300\" src=\"https:\/\/jornalfatosenoticias.com.br\/wp-content\/uploads\/2020\/02\/casa-do-torresmo_portal.jpg\" alt=\"\" class=\"wp-image-34472\" srcset=\"https:\/\/jornalfatosenoticias.com.br\/wp-content\/uploads\/2020\/02\/casa-do-torresmo_portal.jpg 300w, https:\/\/jornalfatosenoticias.com.br\/wp-content\/uploads\/2020\/02\/casa-do-torresmo_portal-150x150.jpg 150w\" sizes=\"auto, (max-width: 300px) 100vw, 300px\" \/><\/figure><\/div>\n\n\n\n<blockquote class=\"wp-block-quote is-layout-flow wp-block-quote-is-layout-flow\"><p><span class=\"has-inline-color has-luminous-vivid-orange-color\">\u00c9 importante que os jovens que sofrem de estresse cr\u00f4nico recebam apoio desde o in\u00edcio para os ajudar a evitar o recurso a mecanismos de sobreviv\u00eancia pouco saud\u00e1veis, como vaporizar ou fumar. Isso porque o estresse e a ansiedade podem desencadear o desejo de fumar, tornando mais dif\u00edcil para o usu\u00e1rio parar de fumar\u201d, reconhece a pesquisadora.<\/span><\/p><\/blockquote>\n\n\n\n<div class=\"wp-block-image\"><figure class=\"aligncenter size-large is-resized\"><img loading=\"lazy\" decoding=\"async\" src=\"https:\/\/jornalfatosenoticias.com.br\/wp-content\/uploads\/2023\/08\/ITH.jpeg\" alt=\"\" class=\"wp-image-44638\" width=\"311\" height=\"253\" srcset=\"https:\/\/jornalfatosenoticias.com.br\/wp-content\/uploads\/2023\/08\/ITH.jpeg 800w, https:\/\/jornalfatosenoticias.com.br\/wp-content\/uploads\/2023\/08\/ITH-300x244.jpeg 300w, https:\/\/jornalfatosenoticias.com.br\/wp-content\/uploads\/2023\/08\/ITH-768x624.jpeg 768w\" sizes=\"auto, (max-width: 311px) 100vw, 311px\" \/><\/figure><\/div>\n\n\n\n<p>De acordo com um estudo anterior, tamb\u00e9m existem evid\u00eancias de que o uso do vape aumenta a predisposi\u00e7\u00e3o do usu\u00e1rio a sofrer ataques de asma. <\/p>\n\n\n\n<blockquote class=\"wp-block-quote is-layout-flow wp-block-quote-is-layout-flow\"><p><span class=\"has-inline-color has-luminous-vivid-orange-color\">Pesquisas est\u00e3o come\u00e7ando a mostrar que usar vapes afeta a sa\u00fade f\u00edsica e mental dos jovens. Neste novo estudo, focamos na rela\u00e7\u00e3o entre o uso de vapes, sa\u00fade mental e qualidade de vida dos jovens\u201d, explicou a autora, em comunicado \u00e0 imprensa.<\/span><\/p><\/blockquote>\n\n\n\n<div class=\"wp-block-image\"><figure class=\"aligncenter size-large is-resized\"><img loading=\"lazy\" decoding=\"async\" src=\"https:\/\/jornalfatosenoticias.com.br\/wp-content\/uploads\/2023\/07\/lacremoda.jpg\" alt=\"\" class=\"wp-image-43706\" width=\"326\" height=\"182\" srcset=\"https:\/\/jornalfatosenoticias.com.br\/wp-content\/uploads\/2023\/07\/lacremoda.jpg 1024w, https:\/\/jornalfatosenoticias.com.br\/wp-content\/uploads\/2023\/07\/lacremoda-300x168.jpg 300w, https:\/\/jornalfatosenoticias.com.br\/wp-content\/uploads\/2023\/07\/lacremoda-768x431.jpg 768w\" sizes=\"auto, (max-width: 326px) 100vw, 326px\" \/><\/figure><\/div>\n\n\n\n<p><strong><em>Fonte: <a href=\"https:\/\/vitat.com.br\/usuarios-de-vape\/\">Vitat<\/a><\/em><\/strong><\/p>\n","protected":false},"excerpt":{"rendered":"<p>Por Fernanda Lima Usu\u00e1rios jovens de vape, tamb\u00e9m chamados de cigarros eletr\u00f4nicos, t\u00eam duas vezes mais chances de desenvolverem estresse cr\u00f4nico do que pessoas da mesma faixa et\u00e1ria que n\u00e3o utilizam o aparelho. As informa\u00e7\u00f5es s\u00e3o de pesquisadores do Hospital para Crian\u00e7as Doentes (SickKids) de Toronto, no Canad\u00e1.A descoberta foi apresentada pela pesquisadora Teresa To, [&hellip;]<\/p>\n","protected":false},"author":2,"featured_media":45621,"comment_status":"open","ping_status":"open","sticky":false,"template":"","format":"standard","meta":{"footnotes":""},"categories":[11],"tags":[385,7793,15861,386,2280,21493,74,21494],"class_list":["post-45620","post","type-post","status-publish","format-standard","has-post-thumbnail","hentry","category-saude","tag-bem-estar","tag-cigarro","tag-cigarro-eletronico","tag-equilibrio","tag-estresse","tag-estresse-cronico","tag-saude","tag-vape"],"yoast_head":"<!-- This site is optimized with the Yoast SEO plugin v26.5 - https:\/\/yoast.com\/wordpress\/plugins\/seo\/ -->\n<title>Usu\u00e1rios de vape t\u00eam mais chance de desenvolver estresse cr\u00f4nico - Jornal Fatos e Not\u00edcias<\/title>\n<meta name=\"robots\" content=\"index, follow, max-snippet:-1, max-image-preview:large, max-video-preview:-1\" \/>\n<link rel=\"canonical\" href=\"https:\/\/jornalfatosenoticias.com.br\/index.php\/2023\/09\/29\/usuarios-de-vape-tem-mais-chance-de-desenvolver-estresse-cronico\/\" \/>\n<meta property=\"og:locale\" content=\"pt_BR\" \/>\n<meta property=\"og:type\" content=\"article\" \/>\n<meta property=\"og:title\" content=\"Usu\u00e1rios de vape t\u00eam mais chance de desenvolver estresse cr\u00f4nico - Jornal Fatos e Not\u00edcias\" \/>\n<meta property=\"og:description\" content=\"Por Fernanda Lima Usu\u00e1rios jovens de vape, tamb\u00e9m chamados de cigarros eletr\u00f4nicos, t\u00eam duas vezes mais chances de desenvolverem estresse cr\u00f4nico do que pessoas da mesma faixa et\u00e1ria que n\u00e3o utilizam o aparelho. As informa\u00e7\u00f5es s\u00e3o de pesquisadores do Hospital para Crian\u00e7as Doentes (SickKids) de Toronto, no Canad\u00e1.A descoberta foi apresentada pela pesquisadora Teresa To, [&hellip;]\" \/>\n<meta property=\"og:url\" content=\"https:\/\/jornalfatosenoticias.com.br\/index.php\/2023\/09\/29\/usuarios-de-vape-tem-mais-chance-de-desenvolver-estresse-cronico\/\" \/>\n<meta property=\"og:site_name\" content=\"Jornal Fatos e Not\u00edcias\" \/>\n<meta property=\"article:published_time\" content=\"2023-09-29T11:57:24+00:00\" \/>\n<meta property=\"article:modified_time\" content=\"2023-09-29T11:57:27+00:00\" \/>\n<meta property=\"og:image\" content=\"https:\/\/jornalfatosenoticias.com.br\/wp-content\/uploads\/2023\/09\/vape.jpg\" \/>\n\t<meta property=\"og:image:width\" content=\"812\" \/>\n\t<meta property=\"og:image:height\" content=\"541\" \/>\n\t<meta property=\"og:image:type\" content=\"image\/jpeg\" \/>\n<meta name=\"author\" content=\"Luzimara Fernandes\" \/>\n<meta name=\"twitter:card\" content=\"summary_large_image\" \/>\n<meta name=\"twitter:label1\" content=\"Escrito por\" \/>\n\t<meta name=\"twitter:data1\" content=\"Luzimara Fernandes\" \/>\n\t<meta name=\"twitter:label2\" content=\"Est. tempo de leitura\" \/>\n\t<meta name=\"twitter:data2\" content=\"2 minutos\" \/>\n<script type=\"application\/ld+json\" class=\"yoast-schema-graph\">{\"@context\":\"https:\/\/schema.org\",\"@graph\":[{\"@type\":\"Article\",\"@id\":\"https:\/\/jornalfatosenoticias.com.br\/index.php\/2023\/09\/29\/usuarios-de-vape-tem-mais-chance-de-desenvolver-estresse-cronico\/#article\",\"isPartOf\":{\"@id\":\"https:\/\/jornalfatosenoticias.com.br\/index.php\/2023\/09\/29\/usuarios-de-vape-tem-mais-chance-de-desenvolver-estresse-cronico\/\"},\"author\":{\"name\":\"Luzimara Fernandes\",\"@id\":\"https:\/\/jornalfatosenoticias.com.br\/#\/schema\/person\/d63837fa13ac8666eb9e74e0985d6f81\"},\"headline\":\"Usu\u00e1rios de vape t\u00eam mais chance de desenvolver estresse cr\u00f4nico\",\"datePublished\":\"2023-09-29T11:57:24+00:00\",\"dateModified\":\"2023-09-29T11:57:27+00:00\",\"mainEntityOfPage\":{\"@id\":\"https:\/\/jornalfatosenoticias.com.br\/index.php\/2023\/09\/29\/usuarios-de-vape-tem-mais-chance-de-desenvolver-estresse-cronico\/\"},\"wordCount\":397,\"commentCount\":0,\"publisher\":{\"@id\":\"https:\/\/jornalfatosenoticias.com.br\/#organization\"},\"image\":{\"@id\":\"https:\/\/jornalfatosenoticias.com.br\/index.php\/2023\/09\/29\/usuarios-de-vape-tem-mais-chance-de-desenvolver-estresse-cronico\/#primaryimage\"},\"thumbnailUrl\":\"https:\/\/jornalfatosenoticias.com.br\/wp-content\/uploads\/2023\/09\/vape.jpg\",\"keywords\":[\"bem-estar\",\"cigarro\",\"cigarro eletr\u00f4nico\",\"equil\u00edbrio\",\"estresse\",\"estresse cr\u00f4nico\",\"sa\u00fade\",\"vape\"],\"articleSection\":[\"Sa\u00fade\"],\"inLanguage\":\"pt-BR\",\"potentialAction\":[{\"@type\":\"CommentAction\",\"name\":\"Comment\",\"target\":[\"https:\/\/jornalfatosenoticias.com.br\/index.php\/2023\/09\/29\/usuarios-de-vape-tem-mais-chance-de-desenvolver-estresse-cronico\/#respond\"]}]},{\"@type\":\"WebPage\",\"@id\":\"https:\/\/jornalfatosenoticias.com.br\/index.php\/2023\/09\/29\/usuarios-de-vape-tem-mais-chance-de-desenvolver-estresse-cronico\/\",\"url\":\"https:\/\/jornalfatosenoticias.com.br\/index.php\/2023\/09\/29\/usuarios-de-vape-tem-mais-chance-de-desenvolver-estresse-cronico\/\",\"name\":\"Usu\u00e1rios de vape t\u00eam mais chance de desenvolver estresse cr\u00f4nico - Jornal Fatos e Not\u00edcias\",\"isPartOf\":{\"@id\":\"https:\/\/jornalfatosenoticias.com.br\/#website\"},\"primaryImageOfPage\":{\"@id\":\"https:\/\/jornalfatosenoticias.com.br\/index.php\/2023\/09\/29\/usuarios-de-vape-tem-mais-chance-de-desenvolver-estresse-cronico\/#primaryimage\"},\"image\":{\"@id\":\"https:\/\/jornalfatosenoticias.com.br\/index.php\/2023\/09\/29\/usuarios-de-vape-tem-mais-chance-de-desenvolver-estresse-cronico\/#primaryimage\"},\"thumbnailUrl\":\"https:\/\/jornalfatosenoticias.com.br\/wp-content\/uploads\/2023\/09\/vape.jpg\",\"datePublished\":\"2023-09-29T11:57:24+00:00\",\"dateModified\":\"2023-09-29T11:57:27+00:00\",\"breadcrumb\":{\"@id\":\"https:\/\/jornalfatosenoticias.com.br\/index.php\/2023\/09\/29\/usuarios-de-vape-tem-mais-chance-de-desenvolver-estresse-cronico\/#breadcrumb\"},\"inLanguage\":\"pt-BR\",\"potentialAction\":[{\"@type\":\"ReadAction\",\"target\":[\"https:\/\/jornalfatosenoticias.com.br\/index.php\/2023\/09\/29\/usuarios-de-vape-tem-mais-chance-de-desenvolver-estresse-cronico\/\"]}]},{\"@type\":\"ImageObject\",\"inLanguage\":\"pt-BR\",\"@id\":\"https:\/\/jornalfatosenoticias.com.br\/index.php\/2023\/09\/29\/usuarios-de-vape-tem-mais-chance-de-desenvolver-estresse-cronico\/#primaryimage\",\"url\":\"https:\/\/jornalfatosenoticias.com.br\/wp-content\/uploads\/2023\/09\/vape.jpg\",\"contentUrl\":\"https:\/\/jornalfatosenoticias.com.br\/wp-content\/uploads\/2023\/09\/vape.jpg\",\"width\":812,\"height\":541,\"caption\":\"Vaping flavored e-liquid from an electronic cigarette\"},{\"@type\":\"BreadcrumbList\",\"@id\":\"https:\/\/jornalfatosenoticias.com.br\/index.php\/2023\/09\/29\/usuarios-de-vape-tem-mais-chance-de-desenvolver-estresse-cronico\/#breadcrumb\",\"itemListElement\":[{\"@type\":\"ListItem\",\"position\":1,\"name\":\"In\u00edcio\",\"item\":\"https:\/\/jornalfatosenoticias.com.br\/\"},{\"@type\":\"ListItem\",\"position\":2,\"name\":\"Usu\u00e1rios de vape t\u00eam mais chance de desenvolver estresse cr\u00f4nico\"}]},{\"@type\":\"WebSite\",\"@id\":\"https:\/\/jornalfatosenoticias.com.br\/#website\",\"url\":\"https:\/\/jornalfatosenoticias.com.br\/\",\"name\":\"Jornal Fatos e Not\u00edcias\",\"description\":\"Not\u00edcias em geral\",\"publisher\":{\"@id\":\"https:\/\/jornalfatosenoticias.com.br\/#organization\"},\"potentialAction\":[{\"@type\":\"SearchAction\",\"target\":{\"@type\":\"EntryPoint\",\"urlTemplate\":\"https:\/\/jornalfatosenoticias.com.br\/?s={search_term_string}\"},\"query-input\":{\"@type\":\"PropertyValueSpecification\",\"valueRequired\":true,\"valueName\":\"search_term_string\"}}],\"inLanguage\":\"pt-BR\"},{\"@type\":\"Organization\",\"@id\":\"https:\/\/jornalfatosenoticias.com.br\/#organization\",\"name\":\"Jornal Fatos e Not\u00edcias\",\"url\":\"https:\/\/jornalfatosenoticias.com.br\/\",\"logo\":{\"@type\":\"ImageObject\",\"inLanguage\":\"pt-BR\",\"@id\":\"https:\/\/jornalfatosenoticias.com.br\/#\/schema\/logo\/image\/\",\"url\":\"https:\/\/jornalfatosenoticias.com.br\/wp-content\/uploads\/2020\/02\/logo120.png\",\"contentUrl\":\"https:\/\/jornalfatosenoticias.com.br\/wp-content\/uploads\/2020\/02\/logo120.png\",\"width\":1227,\"height\":120,\"caption\":\"Jornal Fatos e Not\u00edcias\"},\"image\":{\"@id\":\"https:\/\/jornalfatosenoticias.com.br\/#\/schema\/logo\/image\/\"}},{\"@type\":\"Person\",\"@id\":\"https:\/\/jornalfatosenoticias.com.br\/#\/schema\/person\/d63837fa13ac8666eb9e74e0985d6f81\",\"name\":\"Luzimara Fernandes\",\"image\":{\"@type\":\"ImageObject\",\"inLanguage\":\"pt-BR\",\"@id\":\"https:\/\/jornalfatosenoticias.com.br\/#\/schema\/person\/image\/\",\"url\":\"https:\/\/jornalfatosenoticias.com.br\/wp-content\/uploads\/2025\/05\/EU_portal.jpg\",\"contentUrl\":\"https:\/\/jornalfatosenoticias.com.br\/wp-content\/uploads\/2025\/05\/EU_portal.jpg\",\"caption\":\"Luzimara Fernandes\"},\"description\":\"Jornalista MTB 2358-ES\",\"sameAs\":[\"https:\/\/jornalfatosenoticias.com.br\"],\"url\":\"https:\/\/jornalfatosenoticias.com.br\/index.php\/author\/luzimara\/\"}]}<\/script>\n<!-- \/ Yoast SEO plugin. -->","yoast_head_json":{"title":"Usu\u00e1rios de vape t\u00eam mais chance de desenvolver estresse cr\u00f4nico - Jornal Fatos e Not\u00edcias","robots":{"index":"index","follow":"follow","max-snippet":"max-snippet:-1","max-image-preview":"max-image-preview:large","max-video-preview":"max-video-preview:-1"},"canonical":"https:\/\/jornalfatosenoticias.com.br\/index.php\/2023\/09\/29\/usuarios-de-vape-tem-mais-chance-de-desenvolver-estresse-cronico\/","og_locale":"pt_BR","og_type":"article","og_title":"Usu\u00e1rios de vape t\u00eam mais chance de desenvolver estresse cr\u00f4nico - Jornal Fatos e Not\u00edcias","og_description":"Por Fernanda Lima Usu\u00e1rios jovens de vape, tamb\u00e9m chamados de cigarros eletr\u00f4nicos, t\u00eam duas vezes mais chances de desenvolverem estresse cr\u00f4nico do que pessoas da mesma faixa et\u00e1ria que n\u00e3o utilizam o aparelho. As informa\u00e7\u00f5es s\u00e3o de pesquisadores do Hospital para Crian\u00e7as Doentes (SickKids) de Toronto, no Canad\u00e1.A descoberta foi apresentada pela pesquisadora Teresa To, [&hellip;]","og_url":"https:\/\/jornalfatosenoticias.com.br\/index.php\/2023\/09\/29\/usuarios-de-vape-tem-mais-chance-de-desenvolver-estresse-cronico\/","og_site_name":"Jornal Fatos e Not\u00edcias","article_published_time":"2023-09-29T11:57:24+00:00","article_modified_time":"2023-09-29T11:57:27+00:00","og_image":[{"width":812,"height":541,"url":"https:\/\/jornalfatosenoticias.com.br\/wp-content\/uploads\/2023\/09\/vape.jpg","type":"image\/jpeg"}],"author":"Luzimara Fernandes","twitter_card":"summary_large_image","twitter_misc":{"Escrito por":"Luzimara Fernandes","Est. tempo de leitura":"2 minutos"},"schema":{"@context":"https:\/\/schema.org","@graph":[{"@type":"Article","@id":"https:\/\/jornalfatosenoticias.com.br\/index.php\/2023\/09\/29\/usuarios-de-vape-tem-mais-chance-de-desenvolver-estresse-cronico\/#article","isPartOf":{"@id":"https:\/\/jornalfatosenoticias.com.br\/index.php\/2023\/09\/29\/usuarios-de-vape-tem-mais-chance-de-desenvolver-estresse-cronico\/"},"author":{"name":"Luzimara Fernandes","@id":"https:\/\/jornalfatosenoticias.com.br\/#\/schema\/person\/d63837fa13ac8666eb9e74e0985d6f81"},"headline":"Usu\u00e1rios de vape t\u00eam mais chance de desenvolver estresse cr\u00f4nico","datePublished":"2023-09-29T11:57:24+00:00","dateModified":"2023-09-29T11:57:27+00:00","mainEntityOfPage":{"@id":"https:\/\/jornalfatosenoticias.com.br\/index.php\/2023\/09\/29\/usuarios-de-vape-tem-mais-chance-de-desenvolver-estresse-cronico\/"},"wordCount":397,"commentCount":0,"publisher":{"@id":"https:\/\/jornalfatosenoticias.com.br\/#organization"},"image":{"@id":"https:\/\/jornalfatosenoticias.com.br\/index.php\/2023\/09\/29\/usuarios-de-vape-tem-mais-chance-de-desenvolver-estresse-cronico\/#primaryimage"},"thumbnailUrl":"https:\/\/jornalfatosenoticias.com.br\/wp-content\/uploads\/2023\/09\/vape.jpg","keywords":["bem-estar","cigarro","cigarro eletr\u00f4nico","equil\u00edbrio","estresse","estresse cr\u00f4nico","sa\u00fade","vape"],"articleSection":["Sa\u00fade"],"inLanguage":"pt-BR","potentialAction":[{"@type":"CommentAction","name":"Comment","target":["https:\/\/jornalfatosenoticias.com.br\/index.php\/2023\/09\/29\/usuarios-de-vape-tem-mais-chance-de-desenvolver-estresse-cronico\/#respond"]}]},{"@type":"WebPage","@id":"https:\/\/jornalfatosenoticias.com.br\/index.php\/2023\/09\/29\/usuarios-de-vape-tem-mais-chance-de-desenvolver-estresse-cronico\/","url":"https:\/\/jornalfatosenoticias.com.br\/index.php\/2023\/09\/29\/usuarios-de-vape-tem-mais-chance-de-desenvolver-estresse-cronico\/","name":"Usu\u00e1rios de vape t\u00eam mais chance de desenvolver estresse cr\u00f4nico - Jornal Fatos e Not\u00edcias","isPartOf":{"@id":"https:\/\/jornalfatosenoticias.com.br\/#website"},"primaryImageOfPage":{"@id":"https:\/\/jornalfatosenoticias.com.br\/index.php\/2023\/09\/29\/usuarios-de-vape-tem-mais-chance-de-desenvolver-estresse-cronico\/#primaryimage"},"image":{"@id":"https:\/\/jornalfatosenoticias.com.br\/index.php\/2023\/09\/29\/usuarios-de-vape-tem-mais-chance-de-desenvolver-estresse-cronico\/#primaryimage"},"thumbnailUrl":"https:\/\/jornalfatosenoticias.com.br\/wp-content\/uploads\/2023\/09\/vape.jpg","datePublished":"2023-09-29T11:57:24+00:00","dateModified":"2023-09-29T11:57:27+00:00","breadcrumb":{"@id":"https:\/\/jornalfatosenoticias.com.br\/index.php\/2023\/09\/29\/usuarios-de-vape-tem-mais-chance-de-desenvolver-estresse-cronico\/#breadcrumb"},"inLanguage":"pt-BR","potentialAction":[{"@type":"ReadAction","target":["https:\/\/jornalfatosenoticias.com.br\/index.php\/2023\/09\/29\/usuarios-de-vape-tem-mais-chance-de-desenvolver-estresse-cronico\/"]}]},{"@type":"ImageObject","inLanguage":"pt-BR","@id":"https:\/\/jornalfatosenoticias.com.br\/index.php\/2023\/09\/29\/usuarios-de-vape-tem-mais-chance-de-desenvolver-estresse-cronico\/#primaryimage","url":"https:\/\/jornalfatosenoticias.com.br\/wp-content\/uploads\/2023\/09\/vape.jpg","contentUrl":"https:\/\/jornalfatosenoticias.com.br\/wp-content\/uploads\/2023\/09\/vape.jpg","width":812,"height":541,"caption":"Vaping flavored e-liquid from an electronic cigarette"},{"@type":"BreadcrumbList","@id":"https:\/\/jornalfatosenoticias.com.br\/index.php\/2023\/09\/29\/usuarios-de-vape-tem-mais-chance-de-desenvolver-estresse-cronico\/#breadcrumb","itemListElement":[{"@type":"ListItem","position":1,"name":"In\u00edcio","item":"https:\/\/jornalfatosenoticias.com.br\/"},{"@type":"ListItem","position":2,"name":"Usu\u00e1rios de vape t\u00eam mais chance de desenvolver estresse cr\u00f4nico"}]},{"@type":"WebSite","@id":"https:\/\/jornalfatosenoticias.com.br\/#website","url":"https:\/\/jornalfatosenoticias.com.br\/","name":"Jornal Fatos e Not\u00edcias","description":"Not\u00edcias em geral","publisher":{"@id":"https:\/\/jornalfatosenoticias.com.br\/#organization"},"potentialAction":[{"@type":"SearchAction","target":{"@type":"EntryPoint","urlTemplate":"https:\/\/jornalfatosenoticias.com.br\/?s={search_term_string}"},"query-input":{"@type":"PropertyValueSpecification","valueRequired":true,"valueName":"search_term_string"}}],"inLanguage":"pt-BR"},{"@type":"Organization","@id":"https:\/\/jornalfatosenoticias.com.br\/#organization","name":"Jornal Fatos e Not\u00edcias","url":"https:\/\/jornalfatosenoticias.com.br\/","logo":{"@type":"ImageObject","inLanguage":"pt-BR","@id":"https:\/\/jornalfatosenoticias.com.br\/#\/schema\/logo\/image\/","url":"https:\/\/jornalfatosenoticias.com.br\/wp-content\/uploads\/2020\/02\/logo120.png","contentUrl":"https:\/\/jornalfatosenoticias.com.br\/wp-content\/uploads\/2020\/02\/logo120.png","width":1227,"height":120,"caption":"Jornal Fatos e Not\u00edcias"},"image":{"@id":"https:\/\/jornalfatosenoticias.com.br\/#\/schema\/logo\/image\/"}},{"@type":"Person","@id":"https:\/\/jornalfatosenoticias.com.br\/#\/schema\/person\/d63837fa13ac8666eb9e74e0985d6f81","name":"Luzimara Fernandes","image":{"@type":"ImageObject","inLanguage":"pt-BR","@id":"https:\/\/jornalfatosenoticias.com.br\/#\/schema\/person\/image\/","url":"https:\/\/jornalfatosenoticias.com.br\/wp-content\/uploads\/2025\/05\/EU_portal.jpg","contentUrl":"https:\/\/jornalfatosenoticias.com.br\/wp-content\/uploads\/2025\/05\/EU_portal.jpg","caption":"Luzimara Fernandes"},"description":"Jornalista MTB 2358-ES","sameAs":["https:\/\/jornalfatosenoticias.com.br"],"url":"https:\/\/jornalfatosenoticias.com.br\/index.php\/author\/luzimara\/"}]}},"cc_featured_image_caption":{"caption_text":"(Foto: iStock) ","source_text":"","source_url":""},"jetpack_featured_media_url":"https:\/\/jornalfatosenoticias.com.br\/wp-content\/uploads\/2023\/09\/vape.jpg","_links":{"self":[{"href":"https:\/\/jornalfatosenoticias.com.br\/index.php\/wp-json\/wp\/v2\/posts\/45620","targetHints":{"allow":["GET"]}}],"collection":[{"href":"https:\/\/jornalfatosenoticias.com.br\/index.php\/wp-json\/wp\/v2\/posts"}],"about":[{"href":"https:\/\/jornalfatosenoticias.com.br\/index.php\/wp-json\/wp\/v2\/types\/post"}],"author":[{"embeddable":true,"href":"https:\/\/jornalfatosenoticias.com.br\/index.php\/wp-json\/wp\/v2\/users\/2"}],"replies":[{"embeddable":true,"href":"https:\/\/jornalfatosenoticias.com.br\/index.php\/wp-json\/wp\/v2\/comments?post=45620"}],"version-history":[{"count":0,"href":"https:\/\/jornalfatosenoticias.com.br\/index.php\/wp-json\/wp\/v2\/posts\/45620\/revisions"}],"wp:featuredmedia":[{"embeddable":true,"href":"https:\/\/jornalfatosenoticias.com.br\/index.php\/wp-json\/wp\/v2\/media\/45621"}],"wp:attachment":[{"href":"https:\/\/jornalfatosenoticias.com.br\/index.php\/wp-json\/wp\/v2\/media?parent=45620"}],"wp:term":[{"taxonomy":"category","embeddable":true,"href":"https:\/\/jornalfatosenoticias.com.br\/index.php\/wp-json\/wp\/v2\/categories?post=45620"},{"taxonomy":"post_tag","embeddable":true,"href":"https:\/\/jornalfatosenoticias.com.br\/index.php\/wp-json\/wp\/v2\/tags?post=45620"}],"curies":[{"name":"wp","href":"https:\/\/api.w.org\/{rel}","templated":true}]}}