{"id":45645,"date":"2023-09-29T11:28:09","date_gmt":"2023-09-29T14:28:09","guid":{"rendered":"https:\/\/jornalfatosenoticias.com.br\/?p=45645"},"modified":"2023-09-29T11:28:10","modified_gmt":"2023-09-29T14:28:10","slug":"gastos-subestimados-e-pautas-bombas-indicam-que-rombo-nas-contas-pode-ser-ainda-maior","status":"publish","type":"post","link":"https:\/\/jornalfatosenoticias.com.br\/index.php\/2023\/09\/29\/gastos-subestimados-e-pautas-bombas-indicam-que-rombo-nas-contas-pode-ser-ainda-maior\/","title":{"rendered":"Gastos subestimados e pautas-bombas indicam que rombo nas contas pode ser ainda maior"},"content":{"rendered":"\n<p><em><span class=\"has-inline-color has-black-color\">Por <strong><a href=\"https:\/\/www.gazetadopovo.com.br\/autor\/celio-yano\/\">C\u00e9lio Yano<\/a><\/strong><\/span><\/em><\/p>\n\n\n\n<div class=\"wp-block-image\"><figure class=\"aligncenter size-large\"><img loading=\"lazy\" decoding=\"async\" width=\"1024\" height=\"110\" src=\"https:\/\/jornalfatosenoticias.com.br\/wp-content\/uploads\/2022\/10\/Arte-jornal-Zucchi-1120x120_Prancheta-1-1024x110.jpg\" alt=\"\" class=\"wp-image-34772\" srcset=\"https:\/\/jornalfatosenoticias.com.br\/wp-content\/uploads\/2022\/10\/Arte-jornal-Zucchi-1120x120_Prancheta-1-1024x110.jpg 1024w, https:\/\/jornalfatosenoticias.com.br\/wp-content\/uploads\/2022\/10\/Arte-jornal-Zucchi-1120x120_Prancheta-1-300x32.jpg 300w, https:\/\/jornalfatosenoticias.com.br\/wp-content\/uploads\/2022\/10\/Arte-jornal-Zucchi-1120x120_Prancheta-1-768x82.jpg 768w, https:\/\/jornalfatosenoticias.com.br\/wp-content\/uploads\/2022\/10\/Arte-jornal-Zucchi-1120x120_Prancheta-1-1536x165.jpg 1536w, https:\/\/jornalfatosenoticias.com.br\/wp-content\/uploads\/2022\/10\/Arte-jornal-Zucchi-1120x120_Prancheta-1-2048x219.jpg 2048w\" sizes=\"auto, (max-width: 1024px) 100vw, 1024px\" \/><\/figure><\/div>\n\n\n\n<p>O desafio do governo de Luiz In\u00e1cio Lula da Silva (PT) de equilibrar as contas p\u00fablicas em 2024 pode ser ainda maior do que \u201capenas\u201d arranjar R$ 168 bilh\u00f5es a mais em arrecada\u00e7\u00e3o. Segundo analistas, o total de gastos projetado no Projeto de Lei Or\u00e7ament\u00e1ria Anual (PLOA) do ano que vem estaria subestimado em mais de R$ 20 bilh\u00f5es.<br>A diferen\u00e7a poderia levar ao descumprimento da meta de zerar o d\u00e9ficit prim\u00e1rio mesmo com o aumento de receitas visado pelo ministro da Fazenda, Fernando Haddad. O quadro ainda pode ser agravado caso o Congresso aprove uma s\u00e9rie de medidas em tramita\u00e7\u00e3o que preveem forte redu\u00e7\u00e3o de arrecada\u00e7\u00e3o ou eleva\u00e7\u00e3o de despesas \u2014 as chamadas &#8220;pautas-bombas&#8221;.<\/p>\n\n\n\n<div class=\"wp-block-image\"><figure class=\"aligncenter size-large\"><img decoding=\"async\" src=\"https:\/\/jornalfatosenoticias.com.br\/wp-content\/uploads\/2020\/02\/barao-das-carnes-300x164-1.jpg\" alt=\"\" class=\"wp-image-34339\"\/><\/figure><\/div>\n\n\n\n<p>A principal subestima\u00e7\u00e3o estaria nas despesas com a Previd\u00eancia, projetadas em R$ 913,9 bilh\u00f5es na pe\u00e7a or\u00e7ament\u00e1ria apresentada no fim de agosto pelo governo. A Institui\u00e7\u00e3o Fiscal Independente (IFI), vinculada ao Senado, calcula que o gasto, na verdade, deve ficar em R$ 932,4 bilh\u00f5es, uma diferen\u00e7a de R$ 18,5 bilh\u00f5es.<br>Para Gabriel Leal de Barros, economista-chefe da Ryo Asset e especialista em contas p\u00fablicas, o governo estaria prevendo um gasto de cerca de R$ 14 bilh\u00f5es a menos nessa rubrica. <\/p>\n\n\n\n<div class=\"wp-block-image\"><figure class=\"aligncenter size-large\"><img loading=\"lazy\" decoding=\"async\" width=\"300\" height=\"300\" src=\"https:\/\/jornalfatosenoticias.com.br\/wp-content\/uploads\/2020\/02\/casa-do-torresmo_portal.jpg\" alt=\"\" class=\"wp-image-34472\" srcset=\"https:\/\/jornalfatosenoticias.com.br\/wp-content\/uploads\/2020\/02\/casa-do-torresmo_portal.jpg 300w, https:\/\/jornalfatosenoticias.com.br\/wp-content\/uploads\/2020\/02\/casa-do-torresmo_portal-150x150.jpg 150w\" sizes=\"auto, (max-width: 300px) 100vw, 300px\" \/><\/figure><\/div>\n\n\n\n<blockquote class=\"wp-block-quote is-layout-flow wp-block-quote-is-layout-flow\"><p><span class=\"has-inline-color has-luminous-vivid-orange-color\">A diferen\u00e7a \u00e9 principalmente por conta da zeragem da fila do Instituto Nacional do Seguro Social [INSS] que o governo diz que vai fazer\u201d, explica. \u201cAinda que n\u00e3o zere a fila, vemos um crescimento muito forte no n\u00famero de benefici\u00e1rios, ent\u00e3o \u00e9 uma vari\u00e1vel que preocupa\u201d, diz.<\/span><\/p><\/blockquote>\n\n\n\n<div class=\"wp-block-image\"><figure class=\"aligncenter size-large is-resized\"><img loading=\"lazy\" decoding=\"async\" src=\"https:\/\/jornalfatosenoticias.com.br\/wp-content\/uploads\/2020\/02\/logo-Rapuzel-1024x571.jpg\" alt=\"\" class=\"wp-image-42808\" width=\"368\" height=\"205\" srcset=\"https:\/\/jornalfatosenoticias.com.br\/wp-content\/uploads\/2020\/02\/logo-Rapuzel-1024x571.jpg 1024w, https:\/\/jornalfatosenoticias.com.br\/wp-content\/uploads\/2020\/02\/logo-Rapuzel-300x167.jpg 300w, https:\/\/jornalfatosenoticias.com.br\/wp-content\/uploads\/2020\/02\/logo-Rapuzel-768x428.jpg 768w, https:\/\/jornalfatosenoticias.com.br\/wp-content\/uploads\/2020\/02\/logo-Rapuzel-1536x856.jpg 1536w, https:\/\/jornalfatosenoticias.com.br\/wp-content\/uploads\/2020\/02\/logo-Rapuzel.jpg 1600w\" sizes=\"auto, (max-width: 368px) 100vw, 368px\" \/><\/figure><\/div>\n\n\n\n<p>Nos c\u00e1lculos do economista, haveria subestima\u00e7\u00e3o ainda em despesas com folha de pagamento, Benef\u00edcio de Presta\u00e7\u00e3o Continuada (BPC) e Bolsa Fam\u00edlia.<\/p>\n\n\n\n<blockquote class=\"wp-block-quote is-layout-flow wp-block-quote-is-layout-flow\"><p><span class=\"has-inline-color has-luminous-vivid-orange-color\">Por baixo, s\u00e3o quase R$ 20 bilh\u00f5es de despesas subestimadas, em um contexto em que a receita est\u00e1 superestimada\u201d, afirma.<\/span><\/p><\/blockquote>\n\n\n\n<div class=\"wp-block-image\"><figure class=\"aligncenter size-large\"><img decoding=\"async\" src=\"https:\/\/jornalfatosenoticias.com.br\/wp-content\/uploads\/2020\/02\/logo_esteio.jpg\" alt=\"\" class=\"wp-image-1214\"\/><\/figure><\/div>\n\n\n\n<p>Para Barros, os R$ 168 bilh\u00f5es que o governo prev\u00ea arrecadar a mais em 2024 dificilmente ser\u00e3o alcan\u00e7ados, principalmente em raz\u00e3o do que a Fazenda prev\u00ea obter com a retomada do voto de qualidade no Conselho Administrativo de Recursos Fiscais (Carf) \u2014 em torno de R$ 54,7 bilh\u00f5es.<\/p>\n\n\n\n<blockquote class=\"wp-block-quote is-layout-flow wp-block-quote-is-layout-flow\"><p><span class=\"has-inline-color has-luminous-vivid-orange-color\">A Petrobras \u00e9 a empresa que mais tem lit\u00edgio no Carf, mas para ter esse acordo, os diretores precisam concordar com a desist\u00eancia dessas a\u00e7\u00f5es em disputa\u201d, explica. \u201cS\u00f3 que, sem um amparo jur\u00eddico, eles podem ser responsabilizados na pessoa f\u00edsica, ent\u00e3o \u00e9 muito dif\u00edcil eles tomarem esse risco\u201d, diz.<\/span><\/p><\/blockquote>\n\n\n\n<div class=\"wp-block-image\"><figure class=\"aligncenter size-large is-resized\"><img loading=\"lazy\" decoding=\"async\" src=\"https:\/\/jornalfatosenoticias.com.br\/wp-content\/uploads\/2023\/03\/nova-logo-Marquetti.jpg\" alt=\"\" class=\"wp-image-40207\" width=\"325\" height=\"218\" srcset=\"https:\/\/jornalfatosenoticias.com.br\/wp-content\/uploads\/2023\/03\/nova-logo-Marquetti.jpg 643w, https:\/\/jornalfatosenoticias.com.br\/wp-content\/uploads\/2023\/03\/nova-logo-Marquetti-300x202.jpg 300w\" sizes=\"auto, (max-width: 325px) 100vw, 325px\" \/><\/figure><\/div>\n\n\n\n<p>A medida provis\u00f3ria (MP) que regulamenta a isen\u00e7\u00e3o tribut\u00e1ria para cr\u00e9ditos fiscais vindos de subven\u00e7\u00e3o para investimentos tamb\u00e9m deve ser desidratada no Congresso, avalia o economista. O texto regulamenta uma decis\u00e3o do Superior Tribunal de Justi\u00e7a (STJ), segundo a qual cr\u00e9ditos fiscais devem ser inclu\u00eddos na base de c\u00e1lculo do IRPJ e da CSLL.<\/p>\n\n\n\n<div class=\"wp-block-image\"><figure class=\"aligncenter size-large\"><img loading=\"lazy\" decoding=\"async\" width=\"300\" height=\"250\" src=\"https:\/\/jornalfatosenoticias.com.br\/wp-content\/uploads\/2022\/08\/arte-Casarao.jpg\" alt=\"\" class=\"wp-image-33178\"\/><\/figure><\/div>\n\n\n\n<p>O Minist\u00e9rio da Fazenda calcula que a medida teria o potencial de gerar mais R$ 35 bilh\u00f5es de arrecada\u00e7\u00e3o no pr\u00f3ximo ano, mas h\u00e1 resist\u00eancia entre parlamentares que consideram a mudan\u00e7a prejudicial principalmente para empresas do Nordeste e criticam o fato de n\u00e3o haver um prazo para transi\u00e7\u00e3o.<br>O economista Tiago Sbardelotto, da XP Investimentos, estima que as despesas com Previd\u00eancia devem ficar pr\u00f3ximas de R$ 937 bilh\u00f5es em 2024, R$ 23,1 bilh\u00f5es acima do calculado pelo governo. \u201cA previs\u00e3o no Or\u00e7amento est\u00e1 abaixo at\u00e9 do crescimento com o aumento do sal\u00e1rio m\u00ednimo\u201d, diz.<\/p>\n\n\n\n<div class=\"wp-block-image\"><figure class=\"aligncenter size-large is-resized\"><img loading=\"lazy\" decoding=\"async\" src=\"https:\/\/jornalfatosenoticias.com.br\/wp-content\/uploads\/2023\/07\/lacremoda.jpg\" alt=\"\" class=\"wp-image-43706\" width=\"347\" height=\"194\" srcset=\"https:\/\/jornalfatosenoticias.com.br\/wp-content\/uploads\/2023\/07\/lacremoda.jpg 1024w, https:\/\/jornalfatosenoticias.com.br\/wp-content\/uploads\/2023\/07\/lacremoda-300x168.jpg 300w, https:\/\/jornalfatosenoticias.com.br\/wp-content\/uploads\/2023\/07\/lacremoda-768x431.jpg 768w\" sizes=\"auto, (max-width: 347px) 100vw, 347px\" \/><\/figure><\/div>\n\n\n\n<p>Segundo ele, o gasto com o Bolsa Fam\u00edlia tamb\u00e9m estaria subestimado, em cerca de R$ 10,5 bilh\u00f5es. \u201cA pe\u00e7a or\u00e7ament\u00e1ria traz R$ 169,5 bilh\u00f5es, mas o benef\u00edcio anualizado estaria mais perto de R$ 180 bilh\u00f5es\u201d, afirma. \u201cMas nesse caso \u00e9 menos preocupante, porque o governo consegue ter algum controle sobre essa despesa na medida em que pode retirar fam\u00edlias do quadro de benefici\u00e1rios\u201d, ressalta.<\/p>\n\n\n\n<div class=\"wp-block-image\"><figure class=\"aligncenter size-large is-resized\"><img loading=\"lazy\" decoding=\"async\" src=\"https:\/\/jornalfatosenoticias.com.br\/wp-content\/uploads\/2022\/10\/RC_800x750_page-0001.jpg\" alt=\"\" class=\"wp-image-35338\" width=\"295\" height=\"277\" srcset=\"https:\/\/jornalfatosenoticias.com.br\/wp-content\/uploads\/2022\/10\/RC_800x750_page-0001.jpg 400w, https:\/\/jornalfatosenoticias.com.br\/wp-content\/uploads\/2022\/10\/RC_800x750_page-0001-300x281.jpg 300w\" sizes=\"auto, (max-width: 295px) 100vw, 295px\" \/><\/figure><\/div>\n\n\n\n<blockquote class=\"wp-block-quote is-layout-flow wp-block-quote-is-layout-flow\"><p><span class=\"has-inline-color has-luminous-vivid-orange-color\">Este ano vimos o governo fazer uma revis\u00e3o nos cadastros, verificar fraudes e excluir fam\u00edlias, de modo que hoje h\u00e1 um conjunto menor de benefici\u00e1rios do que havia no in\u00edcio do ano. \u00c9 poss\u00edvel fazer esse ajuste, ent\u00e3o a preocupa\u00e7\u00e3o \u00e9 menor. No caso da Previd\u00eancia, n\u00e3o tem como\u201d, aponta Sbardelotto.<\/span><\/p><\/blockquote>\n\n\n\n<h3 class=\"wp-block-heading\"><span class=\"has-inline-color has-vivid-red-color\">Governo quer cortar R$ 12,5 bilh\u00f5es em gastos com Previd\u00eancia<\/span><\/h3>\n\n\n\n<div class=\"wp-block-image\"><figure class=\"aligncenter size-large is-resized\"><img loading=\"lazy\" decoding=\"async\" src=\"https:\/\/jornalfatosenoticias.com.br\/wp-content\/uploads\/2023\/09\/vetorvix1024_1.jpg\" alt=\"\" class=\"wp-image-44868\" width=\"453\" height=\"120\" srcset=\"https:\/\/jornalfatosenoticias.com.br\/wp-content\/uploads\/2023\/09\/vetorvix1024_1.jpg 1024w, https:\/\/jornalfatosenoticias.com.br\/wp-content\/uploads\/2023\/09\/vetorvix1024_1-300x80.jpg 300w, https:\/\/jornalfatosenoticias.com.br\/wp-content\/uploads\/2023\/09\/vetorvix1024_1-768x205.jpg 768w\" sizes=\"auto, (max-width: 453px) 100vw, 453px\" \/><\/figure><\/div>\n\n\n\n<p>O governo calculou a despesa previdenci\u00e1ria de 2024 levando em conta uma redu\u00e7\u00e3o de R$ 12,5 bilh\u00f5es com cortes de gastos, segundo notas t\u00e9cnicas internas obtidas pelo jornal \u201c<a href=\"https:\/\/valor.globo.com\/brasil\/noticia\/2023\/09\/15\/governo-preve-economizar-r-125-bi-com-acoes-do-inss.ghtml\">Valor Econ\u00f4mico<\/a>\u201d por meio da Lei de Acesso \u00e0 Informa\u00e7\u00e3o (LAI).<\/p>\n\n\n\n<div class=\"wp-block-image\"><figure class=\"aligncenter size-large is-resized\"><img loading=\"lazy\" decoding=\"async\" src=\"https:\/\/jornalfatosenoticias.com.br\/wp-content\/uploads\/2023\/08\/LOGO-BLU-COMERCIAL-PRETO-1024x600.jpg\" alt=\"\" class=\"wp-image-44053\" width=\"315\" height=\"184\"\/><\/figure><\/div>\n\n\n\n<p>De acordo com a publica\u00e7\u00e3o, a economia viria principalmente de tr\u00eas a\u00e7\u00f5es. A primeira seria a automa\u00e7\u00e3o de processos de recupera\u00e7\u00e3o de valores depositados ap\u00f3s o \u00f3bito do segurado. A segunda, a otimiza\u00e7\u00e3o do processo de estorno de valores n\u00e3o recebidos pelos benefici\u00e1rios e que s\u00e3o devolvidos pelos agentes pagadores. A terceira e principal medida seria o fortalecimento das a\u00e7\u00f5es de preven\u00e7\u00e3o de irregularidades.<\/p>\n\n\n\n<div class=\"wp-block-image\"><figure class=\"aligncenter size-large is-resized\"><img loading=\"lazy\" decoding=\"async\" src=\"https:\/\/jornalfatosenoticias.com.br\/wp-content\/uploads\/2023\/08\/VSM-Group.jpeg\" alt=\"\" class=\"wp-image-44364\" width=\"302\" height=\"302\"\/><\/figure><\/div>\n\n\n\n<blockquote class=\"wp-block-quote is-layout-flow wp-block-quote-is-layout-flow\"><p><span class=\"has-inline-color has-luminous-vivid-orange-color\">Eu acho que \u00e9 um n\u00famero incerto para compor a pe\u00e7a or\u00e7ament\u00e1ria. Poderia ser sido feito como no Bolsa Fam\u00edlia deste ano, em que na dota\u00e7\u00e3o inicial da LOA [Lei Or\u00e7ament\u00e1ria Anual] n\u00e3o constava os efeitos da revis\u00e3o cadastral\u201d, disse a economista Vilma Pinto, diretora da IFI, ao jornal.<\/span><\/p><\/blockquote>\n\n\n\n<h3 class=\"wp-block-heading\"><span class=\"has-inline-color has-vivid-red-color\">Pautas-bombas podem deixar cumprimento da meta fiscal ainda mais distante<\/span><\/h3>\n\n\n\n<div class=\"wp-block-image\"><figure class=\"aligncenter size-large is-resized\"><img loading=\"lazy\" decoding=\"async\" src=\"https:\/\/jornalfatosenoticias.com.br\/wp-content\/uploads\/2023\/08\/ITH.jpeg\" alt=\"\" class=\"wp-image-44638\" width=\"356\" height=\"289\" srcset=\"https:\/\/jornalfatosenoticias.com.br\/wp-content\/uploads\/2023\/08\/ITH.jpeg 800w, https:\/\/jornalfatosenoticias.com.br\/wp-content\/uploads\/2023\/08\/ITH-300x244.jpeg 300w, https:\/\/jornalfatosenoticias.com.br\/wp-content\/uploads\/2023\/08\/ITH-768x624.jpeg 768w\" sizes=\"auto, (max-width: 356px) 100vw, 356px\" \/><\/figure><\/div>\n\n\n\n<p>N\u00e3o bastassem as despesas subestimadas, as chances de se cumprir o objetivo estabelecido no novo arcabou\u00e7o fiscal podem ficar ainda mais distantes caso o Congresso aprove uma ou mais pautas-bomba j\u00e1 em tramita\u00e7\u00e3o.<br>Uma delas \u00e9 a proposta de emenda \u00e0 Constitui\u00e7\u00e3o (PEC) aprovada no Senado que, caso passe tamb\u00e9m na C\u00e2mara, <a href=\"https:\/\/www.gazetadopovo.com.br\/economia\/lider-do-governo-cria-problema-para-haddad-e-mais-uma-conta-para-o-contribuinte\/?ref=link-interno-materia\">pode incorporar \u00e0 folha de pagamento do governo federal at\u00e9 50 mil servidores p\u00fablicos<\/a> que eram contratados dos antigos territ\u00f3rios federais de Rond\u00f4nia, Amap\u00e1 e Roraima, transformados em estados nos anos 1980. O custo adicional, nesse caso, chegaria a R$ 6,3 bilh\u00f5es para a Uni\u00e3o.<\/p>\n\n\n\n<div class=\"wp-block-image\"><figure class=\"aligncenter size-large is-resized\"><img loading=\"lazy\" decoding=\"async\" src=\"https:\/\/jornalfatosenoticias.com.br\/wp-content\/uploads\/2023\/08\/BKR-1024x1021.jpg\" alt=\"\" class=\"wp-image-44494\" width=\"344\" height=\"343\" srcset=\"https:\/\/jornalfatosenoticias.com.br\/wp-content\/uploads\/2023\/08\/BKR-1024x1021.jpg 1024w, https:\/\/jornalfatosenoticias.com.br\/wp-content\/uploads\/2023\/08\/BKR-300x300.jpg 300w, https:\/\/jornalfatosenoticias.com.br\/wp-content\/uploads\/2023\/08\/BKR-150x150.jpg 150w, https:\/\/jornalfatosenoticias.com.br\/wp-content\/uploads\/2023\/08\/BKR-768x766.jpg 768w, https:\/\/jornalfatosenoticias.com.br\/wp-content\/uploads\/2023\/08\/BKR.jpg 1080w\" sizes=\"auto, (max-width: 344px) 100vw, 344px\" \/><\/figure><\/div>\n\n\n\n<p>O projeto de lei (PL) 334\/2023, que estende a desonera\u00e7\u00e3o da folha de pagamento para 17 setores e ainda estende o benef\u00edcio a prefeituras, impactaria negativamente as contas do governo federal em aproximadamente R$ 19,5 bilh\u00f5es, segundo c\u00e1lculos de Gabriel Leal de Barros, da Ryo Asset.<br>H\u00e1 ainda um projeto de lei complementar (PLP 136\/2023), que prev\u00ea a recomposi\u00e7\u00e3o de perdas de governos estaduais e prefeituras em raz\u00e3o do corte no ICMS sobre combust\u00edveis feito em 2022 pelo ex-presidente Jair Bolsonaro (PL), al\u00e9m de transfer\u00eancias adicionais aos fundos de participa\u00e7\u00e3o dos estados (FPE) e dos munic\u00edpios (FPM) para a compensa\u00e7\u00e3o de perdas de 2023 em rela\u00e7\u00e3o a 2022.<\/p>\n\n\n\n<div class=\"wp-block-image\"><figure class=\"aligncenter size-large is-resized\"><img loading=\"lazy\" decoding=\"async\" src=\"https:\/\/jornalfatosenoticias.com.br\/wp-content\/uploads\/2023\/03\/logo-Panper_portal.jpg\" alt=\"\" class=\"wp-image-40208\" width=\"327\" height=\"227\" srcset=\"https:\/\/jornalfatosenoticias.com.br\/wp-content\/uploads\/2023\/03\/logo-Panper_portal.jpg 400w, https:\/\/jornalfatosenoticias.com.br\/wp-content\/uploads\/2023\/03\/logo-Panper_portal-300x208.jpg 300w\" sizes=\"auto, (max-width: 327px) 100vw, 327px\" \/><\/figure><\/div>\n\n\n\n<p>O PLP foi enviado pelo pr\u00f3prio Executivo ap\u00f3s acordo entre o Minist\u00e9rio da Fazenda e os governos estaduais, homologado em junho pelo Supremo Tribunal Federal (STF). Por enquanto, prev\u00ea-se um repasse de R$ 2,3 bilh\u00f5es para munic\u00edpios e de R$ 1,6 bilh\u00e3o para estados em raz\u00e3o da queda no terceiro trimestre deste ano em rela\u00e7\u00e3o ao montante verificado no ano passado. Pode haver novas transfer\u00eancias, no entanto, caso haja perdas tamb\u00e9m no quarto trimestre.<\/p>\n\n\n\n<div class=\"wp-block-image\"><figure class=\"aligncenter size-large is-resized\"><img loading=\"lazy\" decoding=\"async\" src=\"https:\/\/jornalfatosenoticias.com.br\/wp-content\/uploads\/2023\/08\/Steel.jpeg\" alt=\"\" class=\"wp-image-44634\" width=\"352\" height=\"286\" srcset=\"https:\/\/jornalfatosenoticias.com.br\/wp-content\/uploads\/2023\/08\/Steel.jpeg 800w, https:\/\/jornalfatosenoticias.com.br\/wp-content\/uploads\/2023\/08\/Steel-300x244.jpeg 300w, https:\/\/jornalfatosenoticias.com.br\/wp-content\/uploads\/2023\/08\/Steel-768x624.jpeg 768w\" sizes=\"auto, (max-width: 352px) 100vw, 352px\" \/><\/figure><\/div>\n\n\n\n<p>Outra pauta-bomba \u00e9 a PEC 15\/2021, que cria uma esp\u00e9cie de Refis para d\u00edvidas previdenci\u00e1rias municipais, com desconto de 60% em multas, 80% em juros e 50% em honor\u00e1rios, al\u00e9m de permitir o parcelamento por 20 anos. Barros calcula que se um ter\u00e7o do estoque de d\u00edvidas municipais, estimado em R$ 200 bilh\u00f5es pela Confedera\u00e7\u00e3o Nacional dos Munic\u00edpios (CNM), for efetivamente pago, j\u00e1 que h\u00e1 chances de perd\u00e3o integral de juros, multa e mora, a perda fiscal para a Uni\u00e3o ser\u00e1 de R$ 133 bilh\u00f5es em duas d\u00e9cadas, ou R$ 6,7 bilh\u00f5es por ano.<\/p>\n\n\n\n<div class=\"wp-block-image\"><figure class=\"aligncenter size-large\"><img loading=\"lazy\" decoding=\"async\" width=\"300\" height=\"250\" src=\"https:\/\/jornalfatosenoticias.com.br\/wp-content\/uploads\/2022\/02\/FERRARI_MAQUINAS-E-FERRAMENTAS2.jpg\" alt=\"\" class=\"wp-image-27860\"\/><\/figure><\/div>\n\n\n\n<p><strong><em>Fonte: <a href=\"https:\/\/www.gazetadopovo.com.br\/economia\/gastos-subestimados-e-pautas-bomba-indicam-que-rombo-nas-contas-pode-ser-ainda-maior\/\">Gazeta do Povo<\/a><\/em><\/strong><\/p>\n","protected":false},"excerpt":{"rendered":"<p>Por C\u00e9lio Yano O desafio do governo de Luiz In\u00e1cio Lula da Silva (PT) de equilibrar as contas p\u00fablicas em 2024 pode ser ainda maior do que \u201capenas\u201d arranjar R$ 168 bilh\u00f5es a mais em arrecada\u00e7\u00e3o. Segundo analistas, o total de gastos projetado no Projeto de Lei Or\u00e7ament\u00e1ria Anual (PLOA) do ano que vem estaria [&hellip;]<\/p>\n","protected":false},"author":2,"featured_media":45646,"comment_status":"open","ping_status":"open","sticky":false,"template":"","format":"standard","meta":{"footnotes":""},"categories":[9],"tags":[8163,18157,21506,18559,21507,19481,18849],"class_list":["post-45645","post","type-post","status-publish","format-standard","has-post-thumbnail","hentry","category-economia","tag-contas-publicas","tag-desgoverno-lula","tag-financas-publicas","tag-governo-petista","tag-pautas-bombas","tag-rombo","tag-rombo-nas-contas-publicas"],"yoast_head":"<!-- This site is optimized with the Yoast SEO plugin v26.5 - https:\/\/yoast.com\/wordpress\/plugins\/seo\/ -->\n<title>Gastos subestimados e pautas-bombas indicam que rombo nas contas pode ser ainda maior - Jornal Fatos e Not\u00edcias<\/title>\n<meta name=\"robots\" content=\"index, follow, max-snippet:-1, max-image-preview:large, max-video-preview:-1\" \/>\n<link rel=\"canonical\" href=\"https:\/\/jornalfatosenoticias.com.br\/index.php\/2023\/09\/29\/gastos-subestimados-e-pautas-bombas-indicam-que-rombo-nas-contas-pode-ser-ainda-maior\/\" \/>\n<meta property=\"og:locale\" content=\"pt_BR\" \/>\n<meta property=\"og:type\" content=\"article\" \/>\n<meta property=\"og:title\" content=\"Gastos subestimados e pautas-bombas indicam que rombo nas contas pode ser ainda maior - Jornal Fatos e Not\u00edcias\" \/>\n<meta property=\"og:description\" content=\"Por C\u00e9lio Yano O desafio do governo de Luiz In\u00e1cio Lula da Silva (PT) de equilibrar as contas p\u00fablicas em 2024 pode ser ainda maior do que \u201capenas\u201d arranjar R$ 168 bilh\u00f5es a mais em arrecada\u00e7\u00e3o. Segundo analistas, o total de gastos projetado no Projeto de Lei Or\u00e7ament\u00e1ria Anual (PLOA) do ano que vem estaria [&hellip;]\" \/>\n<meta property=\"og:url\" content=\"https:\/\/jornalfatosenoticias.com.br\/index.php\/2023\/09\/29\/gastos-subestimados-e-pautas-bombas-indicam-que-rombo-nas-contas-pode-ser-ainda-maior\/\" \/>\n<meta property=\"og:site_name\" content=\"Jornal Fatos e Not\u00edcias\" \/>\n<meta property=\"article:published_time\" content=\"2023-09-29T14:28:09+00:00\" \/>\n<meta property=\"article:modified_time\" content=\"2023-09-29T14:28:10+00:00\" \/>\n<meta property=\"og:image\" content=\"https:\/\/jornalfatosenoticias.com.br\/wp-content\/uploads\/2023\/09\/simone-tebet-fernando-haddad-lula-fiascos.jpg\" \/>\n\t<meta property=\"og:image:width\" content=\"960\" \/>\n\t<meta property=\"og:image:height\" content=\"540\" \/>\n\t<meta property=\"og:image:type\" content=\"image\/jpeg\" \/>\n<meta name=\"author\" content=\"Luzimara Fernandes\" \/>\n<meta name=\"twitter:card\" content=\"summary_large_image\" \/>\n<meta name=\"twitter:label1\" content=\"Escrito por\" \/>\n\t<meta name=\"twitter:data1\" content=\"Luzimara Fernandes\" \/>\n\t<meta name=\"twitter:label2\" content=\"Est. tempo de leitura\" \/>\n\t<meta name=\"twitter:data2\" content=\"7 minutos\" \/>\n<script type=\"application\/ld+json\" class=\"yoast-schema-graph\">{\"@context\":\"https:\/\/schema.org\",\"@graph\":[{\"@type\":\"Article\",\"@id\":\"https:\/\/jornalfatosenoticias.com.br\/index.php\/2023\/09\/29\/gastos-subestimados-e-pautas-bombas-indicam-que-rombo-nas-contas-pode-ser-ainda-maior\/#article\",\"isPartOf\":{\"@id\":\"https:\/\/jornalfatosenoticias.com.br\/index.php\/2023\/09\/29\/gastos-subestimados-e-pautas-bombas-indicam-que-rombo-nas-contas-pode-ser-ainda-maior\/\"},\"author\":{\"name\":\"Luzimara Fernandes\",\"@id\":\"https:\/\/jornalfatosenoticias.com.br\/#\/schema\/person\/d63837fa13ac8666eb9e74e0985d6f81\"},\"headline\":\"Gastos subestimados e pautas-bombas indicam que rombo nas contas pode ser ainda maior\",\"datePublished\":\"2023-09-29T14:28:09+00:00\",\"dateModified\":\"2023-09-29T14:28:10+00:00\",\"mainEntityOfPage\":{\"@id\":\"https:\/\/jornalfatosenoticias.com.br\/index.php\/2023\/09\/29\/gastos-subestimados-e-pautas-bombas-indicam-que-rombo-nas-contas-pode-ser-ainda-maior\/\"},\"wordCount\":1333,\"commentCount\":0,\"publisher\":{\"@id\":\"https:\/\/jornalfatosenoticias.com.br\/#organization\"},\"image\":{\"@id\":\"https:\/\/jornalfatosenoticias.com.br\/index.php\/2023\/09\/29\/gastos-subestimados-e-pautas-bombas-indicam-que-rombo-nas-contas-pode-ser-ainda-maior\/#primaryimage\"},\"thumbnailUrl\":\"https:\/\/jornalfatosenoticias.com.br\/wp-content\/uploads\/2023\/09\/simone-tebet-fernando-haddad-lula-fiascos.jpg\",\"keywords\":[\"contas p\u00fablicas\",\"desgoverno Lula\",\"finan\u00e7as p\u00fablicas\",\"governo petista\",\"pautas-bombas\",\"rombo\",\"rombo nas contas p\u00fablicas\"],\"articleSection\":[\"Economia\"],\"inLanguage\":\"pt-BR\",\"potentialAction\":[{\"@type\":\"CommentAction\",\"name\":\"Comment\",\"target\":[\"https:\/\/jornalfatosenoticias.com.br\/index.php\/2023\/09\/29\/gastos-subestimados-e-pautas-bombas-indicam-que-rombo-nas-contas-pode-ser-ainda-maior\/#respond\"]}]},{\"@type\":\"WebPage\",\"@id\":\"https:\/\/jornalfatosenoticias.com.br\/index.php\/2023\/09\/29\/gastos-subestimados-e-pautas-bombas-indicam-que-rombo-nas-contas-pode-ser-ainda-maior\/\",\"url\":\"https:\/\/jornalfatosenoticias.com.br\/index.php\/2023\/09\/29\/gastos-subestimados-e-pautas-bombas-indicam-que-rombo-nas-contas-pode-ser-ainda-maior\/\",\"name\":\"Gastos subestimados e pautas-bombas indicam que rombo nas contas pode ser ainda maior - Jornal Fatos e Not\u00edcias\",\"isPartOf\":{\"@id\":\"https:\/\/jornalfatosenoticias.com.br\/#website\"},\"primaryImageOfPage\":{\"@id\":\"https:\/\/jornalfatosenoticias.com.br\/index.php\/2023\/09\/29\/gastos-subestimados-e-pautas-bombas-indicam-que-rombo-nas-contas-pode-ser-ainda-maior\/#primaryimage\"},\"image\":{\"@id\":\"https:\/\/jornalfatosenoticias.com.br\/index.php\/2023\/09\/29\/gastos-subestimados-e-pautas-bombas-indicam-que-rombo-nas-contas-pode-ser-ainda-maior\/#primaryimage\"},\"thumbnailUrl\":\"https:\/\/jornalfatosenoticias.com.br\/wp-content\/uploads\/2023\/09\/simone-tebet-fernando-haddad-lula-fiascos.jpg\",\"datePublished\":\"2023-09-29T14:28:09+00:00\",\"dateModified\":\"2023-09-29T14:28:10+00:00\",\"breadcrumb\":{\"@id\":\"https:\/\/jornalfatosenoticias.com.br\/index.php\/2023\/09\/29\/gastos-subestimados-e-pautas-bombas-indicam-que-rombo-nas-contas-pode-ser-ainda-maior\/#breadcrumb\"},\"inLanguage\":\"pt-BR\",\"potentialAction\":[{\"@type\":\"ReadAction\",\"target\":[\"https:\/\/jornalfatosenoticias.com.br\/index.php\/2023\/09\/29\/gastos-subestimados-e-pautas-bombas-indicam-que-rombo-nas-contas-pode-ser-ainda-maior\/\"]}]},{\"@type\":\"ImageObject\",\"inLanguage\":\"pt-BR\",\"@id\":\"https:\/\/jornalfatosenoticias.com.br\/index.php\/2023\/09\/29\/gastos-subestimados-e-pautas-bombas-indicam-que-rombo-nas-contas-pode-ser-ainda-maior\/#primaryimage\",\"url\":\"https:\/\/jornalfatosenoticias.com.br\/wp-content\/uploads\/2023\/09\/simone-tebet-fernando-haddad-lula-fiascos.jpg\",\"contentUrl\":\"https:\/\/jornalfatosenoticias.com.br\/wp-content\/uploads\/2023\/09\/simone-tebet-fernando-haddad-lula-fiascos.jpg\",\"width\":960,\"height\":540},{\"@type\":\"BreadcrumbList\",\"@id\":\"https:\/\/jornalfatosenoticias.com.br\/index.php\/2023\/09\/29\/gastos-subestimados-e-pautas-bombas-indicam-que-rombo-nas-contas-pode-ser-ainda-maior\/#breadcrumb\",\"itemListElement\":[{\"@type\":\"ListItem\",\"position\":1,\"name\":\"In\u00edcio\",\"item\":\"https:\/\/jornalfatosenoticias.com.br\/\"},{\"@type\":\"ListItem\",\"position\":2,\"name\":\"Gastos subestimados e pautas-bombas indicam que rombo nas contas pode ser ainda maior\"}]},{\"@type\":\"WebSite\",\"@id\":\"https:\/\/jornalfatosenoticias.com.br\/#website\",\"url\":\"https:\/\/jornalfatosenoticias.com.br\/\",\"name\":\"Jornal Fatos e Not\u00edcias\",\"description\":\"Not\u00edcias em geral\",\"publisher\":{\"@id\":\"https:\/\/jornalfatosenoticias.com.br\/#organization\"},\"potentialAction\":[{\"@type\":\"SearchAction\",\"target\":{\"@type\":\"EntryPoint\",\"urlTemplate\":\"https:\/\/jornalfatosenoticias.com.br\/?s={search_term_string}\"},\"query-input\":{\"@type\":\"PropertyValueSpecification\",\"valueRequired\":true,\"valueName\":\"search_term_string\"}}],\"inLanguage\":\"pt-BR\"},{\"@type\":\"Organization\",\"@id\":\"https:\/\/jornalfatosenoticias.com.br\/#organization\",\"name\":\"Jornal Fatos e Not\u00edcias\",\"url\":\"https:\/\/jornalfatosenoticias.com.br\/\",\"logo\":{\"@type\":\"ImageObject\",\"inLanguage\":\"pt-BR\",\"@id\":\"https:\/\/jornalfatosenoticias.com.br\/#\/schema\/logo\/image\/\",\"url\":\"https:\/\/jornalfatosenoticias.com.br\/wp-content\/uploads\/2020\/02\/logo120.png\",\"contentUrl\":\"https:\/\/jornalfatosenoticias.com.br\/wp-content\/uploads\/2020\/02\/logo120.png\",\"width\":1227,\"height\":120,\"caption\":\"Jornal Fatos e Not\u00edcias\"},\"image\":{\"@id\":\"https:\/\/jornalfatosenoticias.com.br\/#\/schema\/logo\/image\/\"}},{\"@type\":\"Person\",\"@id\":\"https:\/\/jornalfatosenoticias.com.br\/#\/schema\/person\/d63837fa13ac8666eb9e74e0985d6f81\",\"name\":\"Luzimara Fernandes\",\"image\":{\"@type\":\"ImageObject\",\"inLanguage\":\"pt-BR\",\"@id\":\"https:\/\/jornalfatosenoticias.com.br\/#\/schema\/person\/image\/\",\"url\":\"https:\/\/jornalfatosenoticias.com.br\/wp-content\/uploads\/2025\/05\/EU_portal.jpg\",\"contentUrl\":\"https:\/\/jornalfatosenoticias.com.br\/wp-content\/uploads\/2025\/05\/EU_portal.jpg\",\"caption\":\"Luzimara Fernandes\"},\"description\":\"Jornalista MTB 2358-ES\",\"sameAs\":[\"https:\/\/jornalfatosenoticias.com.br\"],\"url\":\"https:\/\/jornalfatosenoticias.com.br\/index.php\/author\/luzimara\/\"}]}<\/script>\n<!-- \/ Yoast SEO plugin. -->","yoast_head_json":{"title":"Gastos subestimados e pautas-bombas indicam que rombo nas contas pode ser ainda maior - Jornal Fatos e Not\u00edcias","robots":{"index":"index","follow":"follow","max-snippet":"max-snippet:-1","max-image-preview":"max-image-preview:large","max-video-preview":"max-video-preview:-1"},"canonical":"https:\/\/jornalfatosenoticias.com.br\/index.php\/2023\/09\/29\/gastos-subestimados-e-pautas-bombas-indicam-que-rombo-nas-contas-pode-ser-ainda-maior\/","og_locale":"pt_BR","og_type":"article","og_title":"Gastos subestimados e pautas-bombas indicam que rombo nas contas pode ser ainda maior - Jornal Fatos e Not\u00edcias","og_description":"Por C\u00e9lio Yano O desafio do governo de Luiz In\u00e1cio Lula da Silva (PT) de equilibrar as contas p\u00fablicas em 2024 pode ser ainda maior do que \u201capenas\u201d arranjar R$ 168 bilh\u00f5es a mais em arrecada\u00e7\u00e3o. Segundo analistas, o total de gastos projetado no Projeto de Lei Or\u00e7ament\u00e1ria Anual (PLOA) do ano que vem estaria [&hellip;]","og_url":"https:\/\/jornalfatosenoticias.com.br\/index.php\/2023\/09\/29\/gastos-subestimados-e-pautas-bombas-indicam-que-rombo-nas-contas-pode-ser-ainda-maior\/","og_site_name":"Jornal Fatos e Not\u00edcias","article_published_time":"2023-09-29T14:28:09+00:00","article_modified_time":"2023-09-29T14:28:10+00:00","og_image":[{"width":960,"height":540,"url":"https:\/\/jornalfatosenoticias.com.br\/wp-content\/uploads\/2023\/09\/simone-tebet-fernando-haddad-lula-fiascos.jpg","type":"image\/jpeg"}],"author":"Luzimara Fernandes","twitter_card":"summary_large_image","twitter_misc":{"Escrito por":"Luzimara Fernandes","Est. tempo de leitura":"7 minutos"},"schema":{"@context":"https:\/\/schema.org","@graph":[{"@type":"Article","@id":"https:\/\/jornalfatosenoticias.com.br\/index.php\/2023\/09\/29\/gastos-subestimados-e-pautas-bombas-indicam-que-rombo-nas-contas-pode-ser-ainda-maior\/#article","isPartOf":{"@id":"https:\/\/jornalfatosenoticias.com.br\/index.php\/2023\/09\/29\/gastos-subestimados-e-pautas-bombas-indicam-que-rombo-nas-contas-pode-ser-ainda-maior\/"},"author":{"name":"Luzimara Fernandes","@id":"https:\/\/jornalfatosenoticias.com.br\/#\/schema\/person\/d63837fa13ac8666eb9e74e0985d6f81"},"headline":"Gastos subestimados e pautas-bombas indicam que rombo nas contas pode ser ainda maior","datePublished":"2023-09-29T14:28:09+00:00","dateModified":"2023-09-29T14:28:10+00:00","mainEntityOfPage":{"@id":"https:\/\/jornalfatosenoticias.com.br\/index.php\/2023\/09\/29\/gastos-subestimados-e-pautas-bombas-indicam-que-rombo-nas-contas-pode-ser-ainda-maior\/"},"wordCount":1333,"commentCount":0,"publisher":{"@id":"https:\/\/jornalfatosenoticias.com.br\/#organization"},"image":{"@id":"https:\/\/jornalfatosenoticias.com.br\/index.php\/2023\/09\/29\/gastos-subestimados-e-pautas-bombas-indicam-que-rombo-nas-contas-pode-ser-ainda-maior\/#primaryimage"},"thumbnailUrl":"https:\/\/jornalfatosenoticias.com.br\/wp-content\/uploads\/2023\/09\/simone-tebet-fernando-haddad-lula-fiascos.jpg","keywords":["contas p\u00fablicas","desgoverno Lula","finan\u00e7as p\u00fablicas","governo petista","pautas-bombas","rombo","rombo nas contas p\u00fablicas"],"articleSection":["Economia"],"inLanguage":"pt-BR","potentialAction":[{"@type":"CommentAction","name":"Comment","target":["https:\/\/jornalfatosenoticias.com.br\/index.php\/2023\/09\/29\/gastos-subestimados-e-pautas-bombas-indicam-que-rombo-nas-contas-pode-ser-ainda-maior\/#respond"]}]},{"@type":"WebPage","@id":"https:\/\/jornalfatosenoticias.com.br\/index.php\/2023\/09\/29\/gastos-subestimados-e-pautas-bombas-indicam-que-rombo-nas-contas-pode-ser-ainda-maior\/","url":"https:\/\/jornalfatosenoticias.com.br\/index.php\/2023\/09\/29\/gastos-subestimados-e-pautas-bombas-indicam-que-rombo-nas-contas-pode-ser-ainda-maior\/","name":"Gastos subestimados e pautas-bombas indicam que rombo nas contas pode ser ainda maior - Jornal Fatos e Not\u00edcias","isPartOf":{"@id":"https:\/\/jornalfatosenoticias.com.br\/#website"},"primaryImageOfPage":{"@id":"https:\/\/jornalfatosenoticias.com.br\/index.php\/2023\/09\/29\/gastos-subestimados-e-pautas-bombas-indicam-que-rombo-nas-contas-pode-ser-ainda-maior\/#primaryimage"},"image":{"@id":"https:\/\/jornalfatosenoticias.com.br\/index.php\/2023\/09\/29\/gastos-subestimados-e-pautas-bombas-indicam-que-rombo-nas-contas-pode-ser-ainda-maior\/#primaryimage"},"thumbnailUrl":"https:\/\/jornalfatosenoticias.com.br\/wp-content\/uploads\/2023\/09\/simone-tebet-fernando-haddad-lula-fiascos.jpg","datePublished":"2023-09-29T14:28:09+00:00","dateModified":"2023-09-29T14:28:10+00:00","breadcrumb":{"@id":"https:\/\/jornalfatosenoticias.com.br\/index.php\/2023\/09\/29\/gastos-subestimados-e-pautas-bombas-indicam-que-rombo-nas-contas-pode-ser-ainda-maior\/#breadcrumb"},"inLanguage":"pt-BR","potentialAction":[{"@type":"ReadAction","target":["https:\/\/jornalfatosenoticias.com.br\/index.php\/2023\/09\/29\/gastos-subestimados-e-pautas-bombas-indicam-que-rombo-nas-contas-pode-ser-ainda-maior\/"]}]},{"@type":"ImageObject","inLanguage":"pt-BR","@id":"https:\/\/jornalfatosenoticias.com.br\/index.php\/2023\/09\/29\/gastos-subestimados-e-pautas-bombas-indicam-que-rombo-nas-contas-pode-ser-ainda-maior\/#primaryimage","url":"https:\/\/jornalfatosenoticias.com.br\/wp-content\/uploads\/2023\/09\/simone-tebet-fernando-haddad-lula-fiascos.jpg","contentUrl":"https:\/\/jornalfatosenoticias.com.br\/wp-content\/uploads\/2023\/09\/simone-tebet-fernando-haddad-lula-fiascos.jpg","width":960,"height":540},{"@type":"BreadcrumbList","@id":"https:\/\/jornalfatosenoticias.com.br\/index.php\/2023\/09\/29\/gastos-subestimados-e-pautas-bombas-indicam-que-rombo-nas-contas-pode-ser-ainda-maior\/#breadcrumb","itemListElement":[{"@type":"ListItem","position":1,"name":"In\u00edcio","item":"https:\/\/jornalfatosenoticias.com.br\/"},{"@type":"ListItem","position":2,"name":"Gastos subestimados e pautas-bombas indicam que rombo nas contas pode ser ainda maior"}]},{"@type":"WebSite","@id":"https:\/\/jornalfatosenoticias.com.br\/#website","url":"https:\/\/jornalfatosenoticias.com.br\/","name":"Jornal Fatos e Not\u00edcias","description":"Not\u00edcias em geral","publisher":{"@id":"https:\/\/jornalfatosenoticias.com.br\/#organization"},"potentialAction":[{"@type":"SearchAction","target":{"@type":"EntryPoint","urlTemplate":"https:\/\/jornalfatosenoticias.com.br\/?s={search_term_string}"},"query-input":{"@type":"PropertyValueSpecification","valueRequired":true,"valueName":"search_term_string"}}],"inLanguage":"pt-BR"},{"@type":"Organization","@id":"https:\/\/jornalfatosenoticias.com.br\/#organization","name":"Jornal Fatos e Not\u00edcias","url":"https:\/\/jornalfatosenoticias.com.br\/","logo":{"@type":"ImageObject","inLanguage":"pt-BR","@id":"https:\/\/jornalfatosenoticias.com.br\/#\/schema\/logo\/image\/","url":"https:\/\/jornalfatosenoticias.com.br\/wp-content\/uploads\/2020\/02\/logo120.png","contentUrl":"https:\/\/jornalfatosenoticias.com.br\/wp-content\/uploads\/2020\/02\/logo120.png","width":1227,"height":120,"caption":"Jornal Fatos e Not\u00edcias"},"image":{"@id":"https:\/\/jornalfatosenoticias.com.br\/#\/schema\/logo\/image\/"}},{"@type":"Person","@id":"https:\/\/jornalfatosenoticias.com.br\/#\/schema\/person\/d63837fa13ac8666eb9e74e0985d6f81","name":"Luzimara Fernandes","image":{"@type":"ImageObject","inLanguage":"pt-BR","@id":"https:\/\/jornalfatosenoticias.com.br\/#\/schema\/person\/image\/","url":"https:\/\/jornalfatosenoticias.com.br\/wp-content\/uploads\/2025\/05\/EU_portal.jpg","contentUrl":"https:\/\/jornalfatosenoticias.com.br\/wp-content\/uploads\/2025\/05\/EU_portal.jpg","caption":"Luzimara Fernandes"},"description":"Jornalista MTB 2358-ES","sameAs":["https:\/\/jornalfatosenoticias.com.br"],"url":"https:\/\/jornalfatosenoticias.com.br\/index.php\/author\/luzimara\/"}]}},"cc_featured_image_caption":{"caption_text":"(Foto: Ricardo Stuckert\/PR)","source_text":"","source_url":""},"jetpack_featured_media_url":"https:\/\/jornalfatosenoticias.com.br\/wp-content\/uploads\/2023\/09\/simone-tebet-fernando-haddad-lula-fiascos.jpg","_links":{"self":[{"href":"https:\/\/jornalfatosenoticias.com.br\/index.php\/wp-json\/wp\/v2\/posts\/45645","targetHints":{"allow":["GET"]}}],"collection":[{"href":"https:\/\/jornalfatosenoticias.com.br\/index.php\/wp-json\/wp\/v2\/posts"}],"about":[{"href":"https:\/\/jornalfatosenoticias.com.br\/index.php\/wp-json\/wp\/v2\/types\/post"}],"author":[{"embeddable":true,"href":"https:\/\/jornalfatosenoticias.com.br\/index.php\/wp-json\/wp\/v2\/users\/2"}],"replies":[{"embeddable":true,"href":"https:\/\/jornalfatosenoticias.com.br\/index.php\/wp-json\/wp\/v2\/comments?post=45645"}],"version-history":[{"count":0,"href":"https:\/\/jornalfatosenoticias.com.br\/index.php\/wp-json\/wp\/v2\/posts\/45645\/revisions"}],"wp:featuredmedia":[{"embeddable":true,"href":"https:\/\/jornalfatosenoticias.com.br\/index.php\/wp-json\/wp\/v2\/media\/45646"}],"wp:attachment":[{"href":"https:\/\/jornalfatosenoticias.com.br\/index.php\/wp-json\/wp\/v2\/media?parent=45645"}],"wp:term":[{"taxonomy":"category","embeddable":true,"href":"https:\/\/jornalfatosenoticias.com.br\/index.php\/wp-json\/wp\/v2\/categories?post=45645"},{"taxonomy":"post_tag","embeddable":true,"href":"https:\/\/jornalfatosenoticias.com.br\/index.php\/wp-json\/wp\/v2\/tags?post=45645"}],"curies":[{"name":"wp","href":"https:\/\/api.w.org\/{rel}","templated":true}]}}