{"id":45692,"date":"2023-10-02T15:25:04","date_gmt":"2023-10-02T18:25:04","guid":{"rendered":"https:\/\/jornalfatosenoticias.com.br\/?p=45692"},"modified":"2023-10-02T15:25:04","modified_gmt":"2023-10-02T18:25:04","slug":"atuacao-de-janja-no-governo-e-insignificante-aponta-pesquisa","status":"publish","type":"post","link":"https:\/\/jornalfatosenoticias.com.br\/index.php\/2023\/10\/02\/atuacao-de-janja-no-governo-e-insignificante-aponta-pesquisa\/","title":{"rendered":"Atua\u00e7\u00e3o de Janja no governo \u00e9 insignificante, aponta pesquisa"},"content":{"rendered":"\n<p><em><span class=\"has-inline-color has-black-color\">Pesquisa revela que 41% dos eleitores brasileiros consideram a atua\u00e7\u00e3o de Janja como insignificante para o Pa\u00eds<\/span><\/em><\/p>\n\n\n\n<p><em><span class=\"has-inline-color has-black-color\">Por <strong><a href=\"https:\/\/www.gazetadopovo.com.br\/autor\/guilherme-grandi\/\">Guilherme Grandi<\/a><\/strong><\/span><\/em><\/p>\n\n\n\n<div class=\"wp-block-image\"><figure class=\"aligncenter size-large\"><img loading=\"lazy\" decoding=\"async\" width=\"1024\" height=\"100\" src=\"https:\/\/jornalfatosenoticias.com.br\/wp-content\/uploads\/2020\/02\/banner_ferramentas-1024x100.jpg\" alt=\"\" class=\"wp-image-1258\" srcset=\"https:\/\/jornalfatosenoticias.com.br\/wp-content\/uploads\/2020\/02\/banner_ferramentas-1024x100.jpg 1024w, https:\/\/jornalfatosenoticias.com.br\/wp-content\/uploads\/2020\/02\/banner_ferramentas-300x29.jpg 300w, https:\/\/jornalfatosenoticias.com.br\/wp-content\/uploads\/2020\/02\/banner_ferramentas-768x75.jpg 768w, https:\/\/jornalfatosenoticias.com.br\/wp-content\/uploads\/2020\/02\/banner_ferramentas.jpg 1227w\" sizes=\"auto, (max-width: 1024px) 100vw, 1024px\" \/><\/figure><\/div>\n\n\n\n<p>Janja Lula da Silva, que tem se destacado no governo por influenciar decis\u00f5es de Luiz In\u00e1cio Lula da Silva (PT) e ser colocada \u00e0 frente de miss\u00f5es oficiais \u2014 como a recente visita com ministros ao Rio Grande do Sul \u2014 tem uma atua\u00e7\u00e3o vista como insignificante pelos eleitores brasileiros.<br>Pesquisa do <em><strong>PoderData<\/strong><\/em> divulgada nesta segunda (2) aponta que a participa\u00e7\u00e3o de Janja no governo n\u00e3o afeta o Brasil para 39% dos eleitores que elegeram Lula no ano passado e 45% dos que votaram em Jair Bolsonaro (PL) \u2014 que tem a ex-primeira-dama Michelle \u201cbem conhecida\u201d por 53% dos brasileiros.<br>Em uma apura\u00e7\u00e3o geral, 74% dos eleitores afirmam conhecer a mulher de Lula, e 41% consideram que a atua\u00e7\u00e3o dela n\u00e3o afeta o Brasil \u2014 28% consideram ruim para o Pa\u00eds, 22% boa e 9% n\u00e3o souberam opinar. A pesquisa foi realizada entre os dias 24 e 26 de setembro com 2,5 mil pessoas em 212 munic\u00edpios dos 26 estados e do Distrito Federal. A margem de erro \u00e9 de 2 pontos porcentuais, com confian\u00e7a de 95%.<\/p>\n\n\n\n<div class=\"wp-block-image\"><figure class=\"aligncenter size-large\"><img loading=\"lazy\" decoding=\"async\" width=\"300\" height=\"250\" src=\"https:\/\/jornalfatosenoticias.com.br\/wp-content\/uploads\/2022\/08\/arte-Casarao.jpg\" alt=\"\" class=\"wp-image-33178\"\/><\/figure><\/div>\n\n\n\n<p>A pesquisa demonstrou que a avalia\u00e7\u00e3o de Janja varia pouco por recorte demogr\u00e1fico, com diferen\u00e7as dentro da margem de erro. Mesmo entre as mulheres, as taxas s\u00e3o semelhantes ao eleitorado geral \u2014 38% dizem conhec\u00ea-la bem, 38% ouviram falar e 24% n\u00e3o a conhecem (entre os homens, a avalia\u00e7\u00e3o \u00e9 de 34%, 37% e 29%, respectivamente).<\/p>\n\n\n\n<div class=\"wp-block-image\"><figure class=\"aligncenter size-large\"><img decoding=\"async\" src=\"https:\/\/jornalfatosenoticias.com.br\/wp-content\/uploads\/2020\/02\/barao-das-carnes-300x164-1.jpg\" alt=\"\" class=\"wp-image-34339\"\/><\/figure><\/div>\n\n\n\n<p>Janja \u00e9 conhecida por 74% dos eleitores, com 36% afirmando &#8220;conhecer bem&#8221; e 38% &#8220;ter ouvido falar&#8221; dela. Apenas 26% dos entrevistados disseram n\u00e3o conhecer a esposa de Lula. A popularidade de Janja cresceu desde setembro de 2022, quando o <strong><em>PoderData<\/em><\/strong> fez a mesma pergunta pela primeira vez, aumentando 11 pontos percentuais em rela\u00e7\u00e3o ao ano anterior.<\/p>\n\n\n\n<div class=\"wp-block-image\"><figure class=\"aligncenter size-large is-resized\"><img loading=\"lazy\" decoding=\"async\" src=\"https:\/\/jornalfatosenoticias.com.br\/wp-content\/uploads\/2020\/02\/CONTROL-CS.jpg\" alt=\"\" class=\"wp-image-44991\" width=\"337\" height=\"404\" srcset=\"https:\/\/jornalfatosenoticias.com.br\/wp-content\/uploads\/2020\/02\/CONTROL-CS.jpg 834w, https:\/\/jornalfatosenoticias.com.br\/wp-content\/uploads\/2020\/02\/CONTROL-CS-250x300.jpg 250w, https:\/\/jornalfatosenoticias.com.br\/wp-content\/uploads\/2020\/02\/CONTROL-CS-768x921.jpg 768w\" sizes=\"auto, (max-width: 337px) 100vw, 337px\" \/><\/figure><\/div>\n\n\n\n<p>O destaque vai para o fato de que, com apenas nove meses no Planalto, a mulher do petista tem uma taxa de conhecimento superior \u00e0 que Michelle Bolsonaro tinha em setembro de 2022, ap\u00f3s quase quatro anos de governo do marido. Na \u00e9poca, apenas 53% dos eleitores afirmavam conhec\u00ea-la, evidenciando o impacto da atua\u00e7\u00e3o de Janja.<\/p>\n\n\n\n<div class=\"wp-block-image\"><figure class=\"aligncenter size-large\"><img decoding=\"async\" src=\"https:\/\/jornalfatosenoticias.com.br\/wp-content\/uploads\/2020\/02\/logo_esteio.jpg\" alt=\"\" class=\"wp-image-1214\"\/><\/figure><\/div>\n\n\n\n<p>A pesquisa <strong><em>PoderData<\/em><\/strong> ressalta a crescente influ\u00eancia de Janja, que desempenha um papel significativo na pol\u00edtica do Pa\u00eds desde o in\u00edcio do governo Lula 3. A atua\u00e7\u00e3o de Janja nas decis\u00f5es de Lula vem se mostrando fortes a ponto de ditar os rumos de pautas controversas no Planalto, e a presen\u00e7a dela pode ser ainda mais crucial enquanto o marido se recupera da cirurgia no Pal\u00e1cio da Alvorada, permitindo que ela participe de eventos p\u00fablicos para represent\u00e1-lo.<\/p>\n\n\n\n<div class=\"wp-block-image\"><figure class=\"aligncenter size-large is-resized\"><img loading=\"lazy\" decoding=\"async\" src=\"https:\/\/jornalfatosenoticias.com.br\/wp-content\/uploads\/2023\/08\/VSM-Group.jpeg\" alt=\"\" class=\"wp-image-44364\" width=\"331\" height=\"331\"\/><\/figure><\/div>\n\n\n\n<p>No entanto, a pesquisa mostra que a maioria dos brasileiros parece indiferente \u00e0 atua\u00e7\u00e3o de Janja, sugerindo uma sensa\u00e7\u00e3o geral de neutralidade em rela\u00e7\u00e3o \u00e0 ela.<\/p>\n\n\n\n<p><strong><em>Fonte: <a href=\"https:\/\/www.gazetadopovo.com.br\/republica\/janja-governo-lula-atuacao-insignificante-pesquisa\/\">Gazeta do Povo<\/a><\/em><\/strong><\/p>\n","protected":false},"excerpt":{"rendered":"<p>Pesquisa revela que 41% dos eleitores brasileiros consideram a atua\u00e7\u00e3o de Janja como insignificante para o Pa\u00eds Por Guilherme Grandi Janja Lula da Silva, que tem se destacado no governo por influenciar decis\u00f5es de Luiz In\u00e1cio Lula da Silva (PT) e ser colocada \u00e0 frente de miss\u00f5es oficiais \u2014 como a recente visita com ministros [&hellip;]<\/p>\n","protected":false},"author":2,"featured_media":45693,"comment_status":"open","ping_status":"open","sticky":false,"template":"","format":"standard","meta":{"footnotes":""},"categories":[10],"tags":[21090,21523,18997,7580,115],"class_list":["post-45692","post","type-post","status-publish","format-standard","has-post-thumbnail","hentry","category-politica","tag-desgoverno-petista","tag-insignificante","tag-janja","tag-lula","tag-pesquisa"],"yoast_head":"<!-- This site is optimized with the Yoast SEO plugin v26.5 - https:\/\/yoast.com\/wordpress\/plugins\/seo\/ -->\n<title>Atua\u00e7\u00e3o de Janja no governo \u00e9 insignificante, aponta pesquisa - Jornal Fatos e Not\u00edcias<\/title>\n<meta name=\"robots\" content=\"index, follow, max-snippet:-1, max-image-preview:large, max-video-preview:-1\" \/>\n<link rel=\"canonical\" href=\"https:\/\/jornalfatosenoticias.com.br\/index.php\/2023\/10\/02\/atuacao-de-janja-no-governo-e-insignificante-aponta-pesquisa\/\" \/>\n<meta property=\"og:locale\" content=\"pt_BR\" \/>\n<meta property=\"og:type\" content=\"article\" \/>\n<meta property=\"og:title\" content=\"Atua\u00e7\u00e3o de Janja no governo \u00e9 insignificante, aponta pesquisa - Jornal Fatos e Not\u00edcias\" \/>\n<meta property=\"og:description\" content=\"Pesquisa revela que 41% dos eleitores brasileiros consideram a atua\u00e7\u00e3o de Janja como insignificante para o Pa\u00eds Por Guilherme Grandi Janja Lula da Silva, que tem se destacado no governo por influenciar decis\u00f5es de Luiz In\u00e1cio Lula da Silva (PT) e ser colocada \u00e0 frente de miss\u00f5es oficiais \u2014 como a recente visita com ministros [&hellip;]\" \/>\n<meta property=\"og:url\" content=\"https:\/\/jornalfatosenoticias.com.br\/index.php\/2023\/10\/02\/atuacao-de-janja-no-governo-e-insignificante-aponta-pesquisa\/\" \/>\n<meta property=\"og:site_name\" content=\"Jornal Fatos e Not\u00edcias\" \/>\n<meta property=\"article:published_time\" content=\"2023-10-02T18:25:04+00:00\" \/>\n<meta property=\"og:image\" content=\"https:\/\/jornalfatosenoticias.com.br\/wp-content\/uploads\/2023\/10\/esbanja-lulamolusco.jpg\" \/>\n\t<meta property=\"og:image:width\" content=\"960\" \/>\n\t<meta property=\"og:image:height\" content=\"540\" \/>\n\t<meta property=\"og:image:type\" content=\"image\/jpeg\" \/>\n<meta name=\"author\" content=\"Luzimara Fernandes\" \/>\n<meta name=\"twitter:card\" content=\"summary_large_image\" \/>\n<meta name=\"twitter:label1\" content=\"Escrito por\" \/>\n\t<meta name=\"twitter:data1\" content=\"Luzimara Fernandes\" \/>\n\t<meta name=\"twitter:label2\" content=\"Est. tempo de leitura\" \/>\n\t<meta name=\"twitter:data2\" content=\"2 minutos\" \/>\n<script type=\"application\/ld+json\" class=\"yoast-schema-graph\">{\"@context\":\"https:\/\/schema.org\",\"@graph\":[{\"@type\":\"Article\",\"@id\":\"https:\/\/jornalfatosenoticias.com.br\/index.php\/2023\/10\/02\/atuacao-de-janja-no-governo-e-insignificante-aponta-pesquisa\/#article\",\"isPartOf\":{\"@id\":\"https:\/\/jornalfatosenoticias.com.br\/index.php\/2023\/10\/02\/atuacao-de-janja-no-governo-e-insignificante-aponta-pesquisa\/\"},\"author\":{\"name\":\"Luzimara Fernandes\",\"@id\":\"https:\/\/jornalfatosenoticias.com.br\/#\/schema\/person\/d63837fa13ac8666eb9e74e0985d6f81\"},\"headline\":\"Atua\u00e7\u00e3o de Janja no governo \u00e9 insignificante, aponta pesquisa\",\"datePublished\":\"2023-10-02T18:25:04+00:00\",\"mainEntityOfPage\":{\"@id\":\"https:\/\/jornalfatosenoticias.com.br\/index.php\/2023\/10\/02\/atuacao-de-janja-no-governo-e-insignificante-aponta-pesquisa\/\"},\"wordCount\":478,\"commentCount\":0,\"publisher\":{\"@id\":\"https:\/\/jornalfatosenoticias.com.br\/#organization\"},\"image\":{\"@id\":\"https:\/\/jornalfatosenoticias.com.br\/index.php\/2023\/10\/02\/atuacao-de-janja-no-governo-e-insignificante-aponta-pesquisa\/#primaryimage\"},\"thumbnailUrl\":\"https:\/\/jornalfatosenoticias.com.br\/wp-content\/uploads\/2023\/10\/esbanja-lulamolusco.jpg\",\"keywords\":[\"desgoverno petista\",\"insignificante\",\"Janja\",\"Lula\",\"pesquisa\"],\"articleSection\":[\"Pol\u00edtica\"],\"inLanguage\":\"pt-BR\",\"potentialAction\":[{\"@type\":\"CommentAction\",\"name\":\"Comment\",\"target\":[\"https:\/\/jornalfatosenoticias.com.br\/index.php\/2023\/10\/02\/atuacao-de-janja-no-governo-e-insignificante-aponta-pesquisa\/#respond\"]}]},{\"@type\":\"WebPage\",\"@id\":\"https:\/\/jornalfatosenoticias.com.br\/index.php\/2023\/10\/02\/atuacao-de-janja-no-governo-e-insignificante-aponta-pesquisa\/\",\"url\":\"https:\/\/jornalfatosenoticias.com.br\/index.php\/2023\/10\/02\/atuacao-de-janja-no-governo-e-insignificante-aponta-pesquisa\/\",\"name\":\"Atua\u00e7\u00e3o de Janja no governo \u00e9 insignificante, aponta pesquisa - Jornal Fatos e Not\u00edcias\",\"isPartOf\":{\"@id\":\"https:\/\/jornalfatosenoticias.com.br\/#website\"},\"primaryImageOfPage\":{\"@id\":\"https:\/\/jornalfatosenoticias.com.br\/index.php\/2023\/10\/02\/atuacao-de-janja-no-governo-e-insignificante-aponta-pesquisa\/#primaryimage\"},\"image\":{\"@id\":\"https:\/\/jornalfatosenoticias.com.br\/index.php\/2023\/10\/02\/atuacao-de-janja-no-governo-e-insignificante-aponta-pesquisa\/#primaryimage\"},\"thumbnailUrl\":\"https:\/\/jornalfatosenoticias.com.br\/wp-content\/uploads\/2023\/10\/esbanja-lulamolusco.jpg\",\"datePublished\":\"2023-10-02T18:25:04+00:00\",\"breadcrumb\":{\"@id\":\"https:\/\/jornalfatosenoticias.com.br\/index.php\/2023\/10\/02\/atuacao-de-janja-no-governo-e-insignificante-aponta-pesquisa\/#breadcrumb\"},\"inLanguage\":\"pt-BR\",\"potentialAction\":[{\"@type\":\"ReadAction\",\"target\":[\"https:\/\/jornalfatosenoticias.com.br\/index.php\/2023\/10\/02\/atuacao-de-janja-no-governo-e-insignificante-aponta-pesquisa\/\"]}]},{\"@type\":\"ImageObject\",\"inLanguage\":\"pt-BR\",\"@id\":\"https:\/\/jornalfatosenoticias.com.br\/index.php\/2023\/10\/02\/atuacao-de-janja-no-governo-e-insignificante-aponta-pesquisa\/#primaryimage\",\"url\":\"https:\/\/jornalfatosenoticias.com.br\/wp-content\/uploads\/2023\/10\/esbanja-lulamolusco.jpg\",\"contentUrl\":\"https:\/\/jornalfatosenoticias.com.br\/wp-content\/uploads\/2023\/10\/esbanja-lulamolusco.jpg\",\"width\":960,\"height\":540},{\"@type\":\"BreadcrumbList\",\"@id\":\"https:\/\/jornalfatosenoticias.com.br\/index.php\/2023\/10\/02\/atuacao-de-janja-no-governo-e-insignificante-aponta-pesquisa\/#breadcrumb\",\"itemListElement\":[{\"@type\":\"ListItem\",\"position\":1,\"name\":\"In\u00edcio\",\"item\":\"https:\/\/jornalfatosenoticias.com.br\/\"},{\"@type\":\"ListItem\",\"position\":2,\"name\":\"Atua\u00e7\u00e3o de Janja no governo \u00e9 insignificante, aponta pesquisa\"}]},{\"@type\":\"WebSite\",\"@id\":\"https:\/\/jornalfatosenoticias.com.br\/#website\",\"url\":\"https:\/\/jornalfatosenoticias.com.br\/\",\"name\":\"Jornal Fatos e Not\u00edcias\",\"description\":\"Not\u00edcias em geral\",\"publisher\":{\"@id\":\"https:\/\/jornalfatosenoticias.com.br\/#organization\"},\"potentialAction\":[{\"@type\":\"SearchAction\",\"target\":{\"@type\":\"EntryPoint\",\"urlTemplate\":\"https:\/\/jornalfatosenoticias.com.br\/?s={search_term_string}\"},\"query-input\":{\"@type\":\"PropertyValueSpecification\",\"valueRequired\":true,\"valueName\":\"search_term_string\"}}],\"inLanguage\":\"pt-BR\"},{\"@type\":\"Organization\",\"@id\":\"https:\/\/jornalfatosenoticias.com.br\/#organization\",\"name\":\"Jornal Fatos e Not\u00edcias\",\"url\":\"https:\/\/jornalfatosenoticias.com.br\/\",\"logo\":{\"@type\":\"ImageObject\",\"inLanguage\":\"pt-BR\",\"@id\":\"https:\/\/jornalfatosenoticias.com.br\/#\/schema\/logo\/image\/\",\"url\":\"https:\/\/jornalfatosenoticias.com.br\/wp-content\/uploads\/2020\/02\/logo120.png\",\"contentUrl\":\"https:\/\/jornalfatosenoticias.com.br\/wp-content\/uploads\/2020\/02\/logo120.png\",\"width\":1227,\"height\":120,\"caption\":\"Jornal Fatos e Not\u00edcias\"},\"image\":{\"@id\":\"https:\/\/jornalfatosenoticias.com.br\/#\/schema\/logo\/image\/\"}},{\"@type\":\"Person\",\"@id\":\"https:\/\/jornalfatosenoticias.com.br\/#\/schema\/person\/d63837fa13ac8666eb9e74e0985d6f81\",\"name\":\"Luzimara Fernandes\",\"image\":{\"@type\":\"ImageObject\",\"inLanguage\":\"pt-BR\",\"@id\":\"https:\/\/jornalfatosenoticias.com.br\/#\/schema\/person\/image\/\",\"url\":\"https:\/\/jornalfatosenoticias.com.br\/wp-content\/uploads\/2025\/05\/EU_portal.jpg\",\"contentUrl\":\"https:\/\/jornalfatosenoticias.com.br\/wp-content\/uploads\/2025\/05\/EU_portal.jpg\",\"caption\":\"Luzimara Fernandes\"},\"description\":\"Jornalista MTB 2358-ES\",\"sameAs\":[\"https:\/\/jornalfatosenoticias.com.br\"],\"url\":\"https:\/\/jornalfatosenoticias.com.br\/index.php\/author\/luzimara\/\"}]}<\/script>\n<!-- \/ Yoast SEO plugin. -->","yoast_head_json":{"title":"Atua\u00e7\u00e3o de Janja no governo \u00e9 insignificante, aponta pesquisa - Jornal Fatos e Not\u00edcias","robots":{"index":"index","follow":"follow","max-snippet":"max-snippet:-1","max-image-preview":"max-image-preview:large","max-video-preview":"max-video-preview:-1"},"canonical":"https:\/\/jornalfatosenoticias.com.br\/index.php\/2023\/10\/02\/atuacao-de-janja-no-governo-e-insignificante-aponta-pesquisa\/","og_locale":"pt_BR","og_type":"article","og_title":"Atua\u00e7\u00e3o de Janja no governo \u00e9 insignificante, aponta pesquisa - Jornal Fatos e Not\u00edcias","og_description":"Pesquisa revela que 41% dos eleitores brasileiros consideram a atua\u00e7\u00e3o de Janja como insignificante para o Pa\u00eds Por Guilherme Grandi Janja Lula da Silva, que tem se destacado no governo por influenciar decis\u00f5es de Luiz In\u00e1cio Lula da Silva (PT) e ser colocada \u00e0 frente de miss\u00f5es oficiais \u2014 como a recente visita com ministros [&hellip;]","og_url":"https:\/\/jornalfatosenoticias.com.br\/index.php\/2023\/10\/02\/atuacao-de-janja-no-governo-e-insignificante-aponta-pesquisa\/","og_site_name":"Jornal Fatos e Not\u00edcias","article_published_time":"2023-10-02T18:25:04+00:00","og_image":[{"width":960,"height":540,"url":"https:\/\/jornalfatosenoticias.com.br\/wp-content\/uploads\/2023\/10\/esbanja-lulamolusco.jpg","type":"image\/jpeg"}],"author":"Luzimara Fernandes","twitter_card":"summary_large_image","twitter_misc":{"Escrito por":"Luzimara Fernandes","Est. tempo de leitura":"2 minutos"},"schema":{"@context":"https:\/\/schema.org","@graph":[{"@type":"Article","@id":"https:\/\/jornalfatosenoticias.com.br\/index.php\/2023\/10\/02\/atuacao-de-janja-no-governo-e-insignificante-aponta-pesquisa\/#article","isPartOf":{"@id":"https:\/\/jornalfatosenoticias.com.br\/index.php\/2023\/10\/02\/atuacao-de-janja-no-governo-e-insignificante-aponta-pesquisa\/"},"author":{"name":"Luzimara Fernandes","@id":"https:\/\/jornalfatosenoticias.com.br\/#\/schema\/person\/d63837fa13ac8666eb9e74e0985d6f81"},"headline":"Atua\u00e7\u00e3o de Janja no governo \u00e9 insignificante, aponta pesquisa","datePublished":"2023-10-02T18:25:04+00:00","mainEntityOfPage":{"@id":"https:\/\/jornalfatosenoticias.com.br\/index.php\/2023\/10\/02\/atuacao-de-janja-no-governo-e-insignificante-aponta-pesquisa\/"},"wordCount":478,"commentCount":0,"publisher":{"@id":"https:\/\/jornalfatosenoticias.com.br\/#organization"},"image":{"@id":"https:\/\/jornalfatosenoticias.com.br\/index.php\/2023\/10\/02\/atuacao-de-janja-no-governo-e-insignificante-aponta-pesquisa\/#primaryimage"},"thumbnailUrl":"https:\/\/jornalfatosenoticias.com.br\/wp-content\/uploads\/2023\/10\/esbanja-lulamolusco.jpg","keywords":["desgoverno petista","insignificante","Janja","Lula","pesquisa"],"articleSection":["Pol\u00edtica"],"inLanguage":"pt-BR","potentialAction":[{"@type":"CommentAction","name":"Comment","target":["https:\/\/jornalfatosenoticias.com.br\/index.php\/2023\/10\/02\/atuacao-de-janja-no-governo-e-insignificante-aponta-pesquisa\/#respond"]}]},{"@type":"WebPage","@id":"https:\/\/jornalfatosenoticias.com.br\/index.php\/2023\/10\/02\/atuacao-de-janja-no-governo-e-insignificante-aponta-pesquisa\/","url":"https:\/\/jornalfatosenoticias.com.br\/index.php\/2023\/10\/02\/atuacao-de-janja-no-governo-e-insignificante-aponta-pesquisa\/","name":"Atua\u00e7\u00e3o de Janja no governo \u00e9 insignificante, aponta pesquisa - Jornal Fatos e Not\u00edcias","isPartOf":{"@id":"https:\/\/jornalfatosenoticias.com.br\/#website"},"primaryImageOfPage":{"@id":"https:\/\/jornalfatosenoticias.com.br\/index.php\/2023\/10\/02\/atuacao-de-janja-no-governo-e-insignificante-aponta-pesquisa\/#primaryimage"},"image":{"@id":"https:\/\/jornalfatosenoticias.com.br\/index.php\/2023\/10\/02\/atuacao-de-janja-no-governo-e-insignificante-aponta-pesquisa\/#primaryimage"},"thumbnailUrl":"https:\/\/jornalfatosenoticias.com.br\/wp-content\/uploads\/2023\/10\/esbanja-lulamolusco.jpg","datePublished":"2023-10-02T18:25:04+00:00","breadcrumb":{"@id":"https:\/\/jornalfatosenoticias.com.br\/index.php\/2023\/10\/02\/atuacao-de-janja-no-governo-e-insignificante-aponta-pesquisa\/#breadcrumb"},"inLanguage":"pt-BR","potentialAction":[{"@type":"ReadAction","target":["https:\/\/jornalfatosenoticias.com.br\/index.php\/2023\/10\/02\/atuacao-de-janja-no-governo-e-insignificante-aponta-pesquisa\/"]}]},{"@type":"ImageObject","inLanguage":"pt-BR","@id":"https:\/\/jornalfatosenoticias.com.br\/index.php\/2023\/10\/02\/atuacao-de-janja-no-governo-e-insignificante-aponta-pesquisa\/#primaryimage","url":"https:\/\/jornalfatosenoticias.com.br\/wp-content\/uploads\/2023\/10\/esbanja-lulamolusco.jpg","contentUrl":"https:\/\/jornalfatosenoticias.com.br\/wp-content\/uploads\/2023\/10\/esbanja-lulamolusco.jpg","width":960,"height":540},{"@type":"BreadcrumbList","@id":"https:\/\/jornalfatosenoticias.com.br\/index.php\/2023\/10\/02\/atuacao-de-janja-no-governo-e-insignificante-aponta-pesquisa\/#breadcrumb","itemListElement":[{"@type":"ListItem","position":1,"name":"In\u00edcio","item":"https:\/\/jornalfatosenoticias.com.br\/"},{"@type":"ListItem","position":2,"name":"Atua\u00e7\u00e3o de Janja no governo \u00e9 insignificante, aponta pesquisa"}]},{"@type":"WebSite","@id":"https:\/\/jornalfatosenoticias.com.br\/#website","url":"https:\/\/jornalfatosenoticias.com.br\/","name":"Jornal Fatos e Not\u00edcias","description":"Not\u00edcias em geral","publisher":{"@id":"https:\/\/jornalfatosenoticias.com.br\/#organization"},"potentialAction":[{"@type":"SearchAction","target":{"@type":"EntryPoint","urlTemplate":"https:\/\/jornalfatosenoticias.com.br\/?s={search_term_string}"},"query-input":{"@type":"PropertyValueSpecification","valueRequired":true,"valueName":"search_term_string"}}],"inLanguage":"pt-BR"},{"@type":"Organization","@id":"https:\/\/jornalfatosenoticias.com.br\/#organization","name":"Jornal Fatos e Not\u00edcias","url":"https:\/\/jornalfatosenoticias.com.br\/","logo":{"@type":"ImageObject","inLanguage":"pt-BR","@id":"https:\/\/jornalfatosenoticias.com.br\/#\/schema\/logo\/image\/","url":"https:\/\/jornalfatosenoticias.com.br\/wp-content\/uploads\/2020\/02\/logo120.png","contentUrl":"https:\/\/jornalfatosenoticias.com.br\/wp-content\/uploads\/2020\/02\/logo120.png","width":1227,"height":120,"caption":"Jornal Fatos e Not\u00edcias"},"image":{"@id":"https:\/\/jornalfatosenoticias.com.br\/#\/schema\/logo\/image\/"}},{"@type":"Person","@id":"https:\/\/jornalfatosenoticias.com.br\/#\/schema\/person\/d63837fa13ac8666eb9e74e0985d6f81","name":"Luzimara Fernandes","image":{"@type":"ImageObject","inLanguage":"pt-BR","@id":"https:\/\/jornalfatosenoticias.com.br\/#\/schema\/person\/image\/","url":"https:\/\/jornalfatosenoticias.com.br\/wp-content\/uploads\/2025\/05\/EU_portal.jpg","contentUrl":"https:\/\/jornalfatosenoticias.com.br\/wp-content\/uploads\/2025\/05\/EU_portal.jpg","caption":"Luzimara Fernandes"},"description":"Jornalista MTB 2358-ES","sameAs":["https:\/\/jornalfatosenoticias.com.br"],"url":"https:\/\/jornalfatosenoticias.com.br\/index.php\/author\/luzimara\/"}]}},"cc_featured_image_caption":{"caption_text":"(Foto: Ricardo Stuckert)","source_text":"","source_url":""},"jetpack_featured_media_url":"https:\/\/jornalfatosenoticias.com.br\/wp-content\/uploads\/2023\/10\/esbanja-lulamolusco.jpg","_links":{"self":[{"href":"https:\/\/jornalfatosenoticias.com.br\/index.php\/wp-json\/wp\/v2\/posts\/45692","targetHints":{"allow":["GET"]}}],"collection":[{"href":"https:\/\/jornalfatosenoticias.com.br\/index.php\/wp-json\/wp\/v2\/posts"}],"about":[{"href":"https:\/\/jornalfatosenoticias.com.br\/index.php\/wp-json\/wp\/v2\/types\/post"}],"author":[{"embeddable":true,"href":"https:\/\/jornalfatosenoticias.com.br\/index.php\/wp-json\/wp\/v2\/users\/2"}],"replies":[{"embeddable":true,"href":"https:\/\/jornalfatosenoticias.com.br\/index.php\/wp-json\/wp\/v2\/comments?post=45692"}],"version-history":[{"count":0,"href":"https:\/\/jornalfatosenoticias.com.br\/index.php\/wp-json\/wp\/v2\/posts\/45692\/revisions"}],"wp:featuredmedia":[{"embeddable":true,"href":"https:\/\/jornalfatosenoticias.com.br\/index.php\/wp-json\/wp\/v2\/media\/45693"}],"wp:attachment":[{"href":"https:\/\/jornalfatosenoticias.com.br\/index.php\/wp-json\/wp\/v2\/media?parent=45692"}],"wp:term":[{"taxonomy":"category","embeddable":true,"href":"https:\/\/jornalfatosenoticias.com.br\/index.php\/wp-json\/wp\/v2\/categories?post=45692"},{"taxonomy":"post_tag","embeddable":true,"href":"https:\/\/jornalfatosenoticias.com.br\/index.php\/wp-json\/wp\/v2\/tags?post=45692"}],"curies":[{"name":"wp","href":"https:\/\/api.w.org\/{rel}","templated":true}]}}